{"id":45258,"date":"2026-04-19T05:50:47","date_gmt":"2026-04-19T03:50:47","guid":{"rendered":"https:\/\/mueblesdetena.es\/somier-o-canape-que-ocupa-menos\/"},"modified":"2026-04-19T09:16:15","modified_gmt":"2026-04-19T07:16:15","slug":"somier-o-canape-que-ocupa-menos","status":"publish","type":"post","link":"https:\/\/mueblesdetena.es\/ca\/somier-o-canape-que-ocupa-menos\/","title":{"rendered":"Somier o canap\u00e9: \u00bfqu\u00e9 ocupa menos?"},"content":{"rendered":"<p>Cuando el dormitorio va justo de metros, la pregunta no es solo est\u00e9tica ni de precio. La duda real es esta: somier o canap\u00e9 qu\u00e9 ocupa menos y cu\u00e1l te ayuda de verdad a ganar espacio sin complicarte el d\u00eda a d\u00eda. La respuesta corta es que, a simple vista, un somier suele verse m\u00e1s ligero, pero un canap\u00e9 aprovecha mucho mejor el volumen disponible bajo la cama.<\/p>\n<p>Esa diferencia entre \u201cocupar\u201d y \u201caprovechar\u201d es la clave. En muchos pisos de Badalona, Barcelona y otras zonas urbanas, no sobra ni un rinc\u00f3n. Por eso conviene mirar m\u00e1s all\u00e1 del tama\u00f1o visual del mueble y pensar en c\u00f3mo afecta a la circulaci\u00f3n, al orden y al almacenamiento del dormitorio.<\/p>\n<div id=\"ez-toc-container\" class=\"ez-toc-v2_0_85 counter-hierarchy ez-toc-counter ez-toc-grey ez-toc-container-direction\">\n<div class=\"ez-toc-title-container\">\n<p class=\"ez-toc-title\" style=\"cursor:inherit\">Table of Contents<\/p>\n<span class=\"ez-toc-title-toggle\"><a href=\"#\" class=\"ez-toc-pull-right ez-toc-btn ez-toc-btn-xs ez-toc-btn-default ez-toc-toggle\" aria-label=\"Toggle Table of Content\"><span class=\"ez-toc-js-icon-con\"><span class=\"\"><span class=\"eztoc-hide\" style=\"display:none;\">Toggle<\/span><span class=\"ez-toc-icon-toggle-span\"><svg style=\"fill: #999;color:#999\" xmlns=\"http:\/\/www.w3.org\/2000\/svg\" class=\"list-377408\" width=\"20px\" height=\"20px\" viewbox=\"0 0 24 24\" fill=\"none\"><path d=\"M6 6H4v2h2V6zm14 0H8v2h12V6zM4 11h2v2H4v-2zm16 0H8v2h12v-2zM4 16h2v2H4v-2zm16 0H8v2h12v-2z\" fill=\"currentColor\"><\/path><\/svg><svg style=\"fill: #999;color:#999\" class=\"arrow-unsorted-368013\" xmlns=\"http:\/\/www.w3.org\/2000\/svg\" width=\"10px\" height=\"10px\" viewbox=\"0 0 24 24\" version=\"1.2\" baseprofile=\"tiny\"><path d=\"M18.2 9.3l-6.2-6.3-6.2 6.3c-.2.2-.3.4-.3.7s.1.5.3.7c.2.2.4.3.7.3h11c.3 0 .5-.1.7-.3.2-.2.3-.5.3-.7s-.1-.5-.3-.7zM5.8 14.7l6.2 6.3 6.2-6.3c.2-.2.3-.5.3-.7s-.1-.5-.3-.7c-.2-.2-.4-.3-.7-.3h-11c-.3 0-.5.1-.7.3-.2.2-.3.5-.3.7s.1.5.3.7z\"\/><\/svg><\/span><\/span><\/span><\/a><\/span><\/div>\n<nav><ul class='ez-toc-list ez-toc-list-level-1' ><li class='ez-toc-page-1 ez-toc-heading-level-2'><a class=\"ez-toc-link ez-toc-heading-1\" href=\"https:\/\/mueblesdetena.es\/ca\/somier-o-canape-que-ocupa-menos\/#Somier_o_canape_que_ocupa_menos_de_verdad\" >Somier o canap\u00e9: qu\u00e9 ocupa menos de verdad<\/a><\/li><li class='ez-toc-page-1 ez-toc-heading-level-2'><a class=\"ez-toc-link ez-toc-heading-2\" href=\"https:\/\/mueblesdetena.es\/ca\/somier-o-canape-que-ocupa-menos\/#La_diferencia_entre_espacio_visual_y_espacio_util\" >La diferencia entre espacio visual y espacio \u00fatil<\/a><\/li><li class='ez-toc-page-1 ez-toc-heading-level-2'><a class=\"ez-toc-link ez-toc-heading-3\" href=\"https:\/\/mueblesdetena.es\/ca\/somier-o-canape-que-ocupa-menos\/#Cuando_un_somier_ocupa_menos_en_la_practica\" >Cu\u00e1ndo un somier ocupa menos en la pr\u00e1ctica<\/a><\/li><li class='ez-toc-page-1 ez-toc-heading-level-2'><a class=\"ez-toc-link ez-toc-heading-4\" href=\"https:\/\/mueblesdetena.es\/ca\/somier-o-canape-que-ocupa-menos\/#Cuando_un_canape_ocupa_menos_aunque_parezca_mas_grande\" >Cu\u00e1ndo un canap\u00e9 ocupa menos aunque parezca m\u00e1s grande<\/a><\/li><li class='ez-toc-page-1 ez-toc-heading-level-2'><a class=\"ez-toc-link ez-toc-heading-5\" href=\"https:\/\/mueblesdetena.es\/ca\/somier-o-canape-que-ocupa-menos\/#Altura_apertura_y_distribucion_del_dormitorio\" >Altura, apertura y distribuci\u00f3n del dormitorio<\/a><\/li><li class='ez-toc-page-1 ez-toc-heading-level-2'><a class=\"ez-toc-link ez-toc-heading-6\" href=\"https:\/\/mueblesdetena.es\/ca\/somier-o-canape-que-ocupa-menos\/#Precio_mantenimiento_y_sensacion_de_compra_acertada\" >Precio, mantenimiento y sensaci\u00f3n de compra acertada<\/a><\/li><li class='ez-toc-page-1 ez-toc-heading-level-2'><a class=\"ez-toc-link ez-toc-heading-7\" href=\"https:\/\/mueblesdetena.es\/ca\/somier-o-canape-que-ocupa-menos\/#Entonces_%C2%BFque_elegir_si_tienes_poco_espacio\" >Entonces, \u00bfqu\u00e9 elegir si tienes poco espacio?<\/a><\/li><li class='ez-toc-page-1 ez-toc-heading-level-2'><a class=\"ez-toc-link ez-toc-heading-8\" href=\"https:\/\/mueblesdetena.es\/ca\/somier-o-canape-que-ocupa-menos\/#La_decision_mas_inteligente_no_siempre_es_la_mas_ligera\" >La decisi\u00f3n m\u00e1s inteligente no siempre es la m\u00e1s ligera<\/a><\/li><\/ul><\/nav><\/div>\n<h2><span class=\"ez-toc-section\" id=\"Somier_o_canape_que_ocupa_menos_de_verdad\"><\/span>Somier o canap\u00e9: qu\u00e9 ocupa menos de verdad<img decoding=\"async\" class=\"alignnone size-medium wp-image-45265\" src=\"https:\/\/mueblesdetena.es\/wp-content\/uploads\/2026\/04\/canape-o-somier-en-badalona-300x165.webp\" alt=\"\" width=\"300\" height=\"165\" \/><span class=\"ez-toc-section-end\"><\/span><\/h2>\n<p>Si hablamos solo del espacio en planta, tanto el somier como el canap\u00e9 suelen ocupar pr\u00e1cticamente lo mismo. Los dos parten de la medida del colch\u00f3n: 90, 135, 150 o 160, por ejemplo. Es decir, una cama de 150&#215;190 va a necesitar una superficie muy parecida con un somier que con un canap\u00e9.<\/p>\n<p>La diferencia aparece en otros dos puntos: el volumen visual y el espacio \u00fatil. El somier, al tener una estructura m\u00e1s abierta y patas visibles, da sensaci\u00f3n de ligereza. Esto puede hacer que una habitaci\u00f3n peque\u00f1a parezca menos cargada. Adem\u00e1s, deja libre la parte inferior, algo que facilita la limpieza y puede servir para guardar cajas sueltas, aunque de forma menos ordenada.<\/p>\n<p>El canap\u00e9, en cambio, ocupa m\u00e1s volumen visual porque cierra toda la base hasta el suelo. Parece m\u00e1s grande, s\u00ed, pero a cambio convierte un espacio muerto en almacenaje real. Si lo que buscas es reducir muebles auxiliares, el canap\u00e9 suele ganar claramente. Muchas veces permite prescindir de una c\u00f3moda extra o de <a href=\"https:\/\/mueblesdetena.es\/ca\/armario-2-puertas-correderas-slc\/\">parte del armario<\/a>.<\/p>\n<h2><span class=\"ez-toc-section\" id=\"La_diferencia_entre_espacio_visual_y_espacio_util\"><\/span>La diferencia entre espacio visual y espacio \u00fatil<span class=\"ez-toc-section-end\"><\/span><\/h2>\n<p>Aqu\u00ed es donde muchas compras se deciden bien o mal. Un somier puede parecer que ocupa menos porque deja ver el suelo y aligera la habitaci\u00f3n. Esa sensaci\u00f3n funciona, sobre todo en dormitorios muy peque\u00f1os o con poca luz. Si valoras una est\u00e9tica m\u00e1s despejada, puede ser una opci\u00f3n acertada.<\/p>\n<p>Pero una casa no se vive solo con sensaci\u00f3n visual. Se vive con mantas, ropa de otra temporada, maletas, cojines, ropa de cama y objetos que siempre acaban buscando sitio. Ah\u00ed el canap\u00e9 compensa con creces el volumen que aparenta ocupar. En lugar de a\u00f1adir un arc\u00f3n, cajas o muebles de apoyo, concentras el almacenaje en la propia cama.<\/p>\n<p>En otras palabras, el somier puede ocupar menos a la vista. El canap\u00e9 suele ocupar menos en el conjunto de la habitaci\u00f3n, porque evita que necesites otros muebles.<\/p>\n<h2><span class=\"ez-toc-section\" id=\"Cuando_un_somier_ocupa_menos_en_la_practica\"><\/span>Cu\u00e1ndo un somier ocupa menos en la pr\u00e1ctica<span class=\"ez-toc-section-end\"><\/span><\/h2>\n<p>Hay casos en los que el somier encaja mejor y no solo por precio. En habitaciones donde ya existe un armario amplio o un vestidor, el almacenaje extra del canap\u00e9 quiz\u00e1 no sea necesario. Si el dormitorio est\u00e1 bien resuelto y solo necesitas una base funcional, el somier cumple perfectamente.<\/p>\n<p>Tambi\u00e9n puede interesar en <a href=\"https:\/\/mueblesdetena.es\/ca\/dormitorio-juvenil-sort36-2\/\">camas juveniles<\/a>, habitaciones de uso espor\u00e1dico o viviendas donde se prioriza la ventilaci\u00f3n del colch\u00f3n por encima de todo. Al tener una estructura m\u00e1s abierta, el somier favorece la aireaci\u00f3n, algo que algunos clientes valoran mucho en zonas h\u00famedas o en colchones que necesitan buena transpiraci\u00f3n.<\/p>\n<p>Otro punto a favor es la accesibilidad visual y de limpieza. Pasar la aspiradora por debajo es m\u00e1s sencillo y, si eres de los que prefieren ver el suelo libre, la habitaci\u00f3n resulta menos pesada. Eso s\u00ed, si acabas guardando cajas desordenadas debajo, esa ventaja se pierde bastante r\u00e1pido.<\/p>\n<h2><span class=\"ez-toc-section\" id=\"Cuando_un_canape_ocupa_menos_aunque_parezca_mas_grande\"><\/span>Cu\u00e1ndo un canap\u00e9 ocupa menos aunque parezca m\u00e1s grande<span class=\"ez-toc-section-end\"><\/span><\/h2>\n<p>El canap\u00e9 tiene sentido cuando cada metro cuenta y el almacenaje del dormitorio se queda corto. En una primera vivienda, en un piso compartido o en una habitaci\u00f3n matrimonial con armario justo, puede marcar una diferencia clara. Lo que ocupa en volumen lo recuperas en funcionalidad.<\/p>\n<p>Pensemos en un dormitorio peque\u00f1o con una cama de matrimonio, dos mesitas y un armario de puertas batientes. Si eliges somier, probablemente necesites una c\u00f3moda, cajas o soluciones adicionales para guardar textiles y ropa. Si eliges canap\u00e9, ese almacenaje queda integrado y liberas otras zonas de la habitaci\u00f3n.<\/p>\n<p>Por eso, al plantearse somier o canap\u00e9 qu\u00e9 ocupa menos, la respuesta m\u00e1s \u00fatil no es \u201cel m\u00e1s peque\u00f1o\u201d, sino \u201cel que evita saturar el resto del cuarto\u201d. En muchos hogares, ese papel lo cumple mejor el <a href=\"https:\/\/mueblesdetena.es\/ca\/canape-filipo-con-arcon\/\">canap\u00e9 abatible<\/a>.<\/p>\n<h2><span class=\"ez-toc-section\" id=\"Altura_apertura_y_distribucion_del_dormitorio\"><\/span>Altura, apertura y distribuci\u00f3n del dormitorio<span class=\"ez-toc-section-end\"><\/span><\/h2>\n<p>No todo depende del almacenamiento. Tambi\u00e9n importa c\u00f3mo se mueve uno alrededor de la cama. El canap\u00e9 suele ser algo m\u00e1s alto que un somier, y eso cambia la presencia del mueble. En habitaciones muy compactas puede influir visualmente, aunque a muchas personas esa altura extra les resulta c\u00f3moda para entrar y salir de la cama.<\/p>\n<p>Lo que s\u00ed conviene revisar es el sistema de apertura. Un canap\u00e9 abatible necesita espacio superior para levantar la tapa con comodidad. Si hay techos bajos, muebles muy pr\u00f3ximos o una distribuci\u00f3n complicada, merece la pena medir bien antes de decidir. En cambio, el somier no tiene esa exigencia y resulta m\u00e1s simple en el uso diario.<\/p>\n<p>Tambi\u00e9n hay que pensar en qui\u00e9n va a utilizarlo. Para una persona mayor o para quien busca m\u00e1xima sencillez, un somier puede ser m\u00e1s directo. Para una pareja que necesita optimizar al m\u00e1ximo el dormitorio principal, el canap\u00e9 suele ofrecer un mejor equilibrio entre descanso y orden.<\/p>\n<h2><span class=\"ez-toc-section\" id=\"Precio_mantenimiento_y_sensacion_de_compra_acertada\"><\/span>Precio, mantenimiento y sensaci\u00f3n de compra acertada<span class=\"ez-toc-section-end\"><\/span><\/h2>\n<p>El somier suele tener un precio de entrada m\u00e1s econ\u00f3mico. Eso lo convierte en una alternativa atractiva cuando el presupuesto manda o cuando se trata de una estancia secundaria. Si lo acompa\u00f1as de una buena estructura de cama y un colch\u00f3n adecuado, puede dar muy buen resultado.<\/p>\n<p>El canap\u00e9, por lo general, supone una inversi\u00f3n algo mayor. Pero no conviene mirarlo solo como base de descanso. Tambi\u00e9n hace la funci\u00f3n de almacenaje, y ese detalle cambia bastante la comparaci\u00f3n. Si gracias al canap\u00e9 evitas comprar otro mueble, el coste total del dormitorio puede equilibrarse o incluso salir mejor.<\/p>\n<p>En mantenimiento, ambos son soluciones pr\u00e1cticas. El somier facilita la limpieza inferior. El canap\u00e9 evita acumulaci\u00f3n visible de polvo y mantiene todo m\u00e1s recogido. No hay uno universalmente mejor: depende de si priorizas acceso f\u00e1cil al suelo o un espacio cerrado y ordenado.<\/p>\n<h2><span class=\"ez-toc-section\" id=\"Entonces_%C2%BFque_elegir_si_tienes_poco_espacio\"><\/span>Entonces, \u00bfqu\u00e9 elegir si tienes poco espacio?<span class=\"ez-toc-section-end\"><\/span><\/h2>\n<p>Si tu objetivo es que la habitaci\u00f3n parezca m\u00e1s despejada, el somier puede ocupar menos visualmente. Si tu objetivo es ganar capacidad real sin a\u00f1adir muebles, el canap\u00e9 ocupa menos en t\u00e9rminos funcionales. Esa es la diferencia que m\u00e1s conviene tener clara antes de comprar.<\/p>\n<p>Para dormitorios juveniles, cuartos de invitados o habitaciones donde ya sobra almacenaje, un somier puede ser suficiente y pr\u00e1ctico. Para dormitorios de matrimonio, pisos urbanos o viviendas donde cuesta guardar ropa de cama, maletas o textiles, el canap\u00e9 suele ser la soluci\u00f3n m\u00e1s rentable en uso diario.<\/p>\n<p>En tienda, esta es una de las consultas m\u00e1s habituales, porque muchas personas parten de una idea equivocada: que un mueble grande siempre ocupa m\u00e1s. En realidad, a veces el mueble adecuado es el que te evita tres problemas a la vez: falta de orden, falta de almacenamiento y sensaci\u00f3n de dormitorio saturado.<\/p>\n<h2><span class=\"ez-toc-section\" id=\"La_decision_mas_inteligente_no_siempre_es_la_mas_ligera\"><\/span>La decisi\u00f3n m\u00e1s inteligente no siempre es la m\u00e1s ligera<span class=\"ez-toc-section-end\"><\/span><\/h2>\n<p>Elegir entre somier y canap\u00e9 no va solo de medidas. Va de c\u00f3mo quieres vivir el dormitorio. Si necesitas una base sencilla, aireada y econ\u00f3mica, el somier responde bien. Si buscas aprovechar cada cent\u00edmetro y mantener la habitaci\u00f3n m\u00e1s recogida, el canap\u00e9 suele darte m\u00e1s por el mismo espacio de suelo.<\/p>\n<p>En Muebles Detena trabajamos mucho este tipo de soluciones porque sabemos que en una vivienda real cada metro cuenta, y m\u00e1s cuando el dormitorio tiene que servir para descansar y para guardar media casa. Si dudas entre una opci\u00f3n u otra, lo m\u00e1s \u00fatil es comparar medidas, altura, apertura y, sobre todo, lo que te ahorras en otros muebles.<\/p>\n<p>A veces la mejor compra no es la que menos se ve, sino la que m\u00e1s te resuelve desde el primer d\u00eda.<\/p>","protected":false},"excerpt":{"rendered":"<p>\u00bfSomier o canap\u00e9, qu\u00e9 ocupa menos? Comparamos altura, almacenaje, limpieza y uso real para elegir la base de cama m\u00e1s pr\u00e1ctica en casa.<\/p>","protected":false},"author":267,"featured_media":45259,"comment_status":"closed","ping_status":"closed","sticky":false,"template":"","format":"standard","meta":{"site-sidebar-layout":"default","site-content-layout":"","ast-site-content-layout":"default","site-content-style":"default","site-sidebar-style":"default","ast-global-header-display":"","ast-banner-title-visibility":"","ast-main-header-display":"","ast-hfb-above-header-display":"","ast-hfb-below-header-display":"","ast-hfb-mobile-header-display":"","site-post-title":"","ast-breadcrumbs-content":"","ast-featured-img":"","footer-sml-layout":"","ast-disable-related-posts":"","theme-transparent-header-meta":"","adv-header-id-meta":"","stick-header-meta":"","header-above-stick-meta":"","header-main-stick-meta":"","header-below-stick-meta":"","astra-migrate-meta-layouts":"set","ast-page-background-enabled":"default","ast-page-background-meta":{"desktop":{"background-color":"var(--ast-global-color-4)","background-image":"","background-repeat":"repeat","background-position":"center center","background-size":"auto","background-attachment":"scroll","background-type":"","background-media":"","overlay-type":"","overlay-color":"","overlay-opacity":"","overlay-gradient":""},"tablet":{"background-color":"","background-image":"","background-repeat":"repeat","background-position":"center center","background-size":"auto","background-attachment":"scroll","background-type":"","background-media":"","overlay-type":"","overlay-color":"","overlay-opacity":"","overlay-gradient":""},"mobile":{"background-color":"","background-image":"","background-repeat":"repeat","background-position":"center center","background-size":"auto","background-attachment":"scroll","background-type":"","background-media":"","overlay-type":"","overlay-color":"","overlay-opacity":"","overlay-gradient":""}},"ast-content-background-meta":{"desktop":{"background-color":"var(--ast-global-color-5)","background-image":"","background-repeat":"repeat","background-position":"center center","background-size":"auto","background-attachment":"scroll","background-type":"","background-media":"","overlay-type":"","overlay-color":"","overlay-opacity":"","overlay-gradient":""},"tablet":{"background-color":"var(--ast-global-color-5)","background-image":"","background-repeat":"repeat","background-position":"center center","background-size":"auto","background-attachment":"scroll","background-type":"","background-media":"","overlay-type":"","overlay-color":"","overlay-opacity":"","overlay-gradient":""},"mobile":{"background-color":"var(--ast-global-color-5)","background-image":"","background-repeat":"repeat","background-position":"center center","background-size":"auto","background-attachment":"scroll","background-type":"","background-media":"","overlay-type":"","overlay-color":"","overlay-opacity":"","overlay-gradient":""}},"_joinchat":[],"footnotes":""},"categories":[1],"tags":[],"class_list":["post-45258","post","type-post","status-publish","format-standard","has-post-thumbnail","hentry","category-sin-categoria"],"_links":{"self":[{"href":"https:\/\/mueblesdetena.es\/ca\/wp-json\/wp\/v2\/posts\/45258","targetHints":{"allow":["GET"]}}],"collection":[{"href":"https:\/\/mueblesdetena.es\/ca\/wp-json\/wp\/v2\/posts"}],"about":[{"href":"https:\/\/mueblesdetena.es\/ca\/wp-json\/wp\/v2\/types\/post"}],"author":[{"embeddable":true,"href":"https:\/\/mueblesdetena.es\/ca\/wp-json\/wp\/v2\/users\/267"}],"replies":[{"embeddable":true,"href":"https:\/\/mueblesdetena.es\/ca\/wp-json\/wp\/v2\/comments?post=45258"}],"version-history":[{"count":1,"href":"https:\/\/mueblesdetena.es\/ca\/wp-json\/wp\/v2\/posts\/45258\/revisions"}],"predecessor-version":[{"id":45266,"href":"https:\/\/mueblesdetena.es\/ca\/wp-json\/wp\/v2\/posts\/45258\/revisions\/45266"}],"wp:featuredmedia":[{"embeddable":true,"href":"https:\/\/mueblesdetena.es\/ca\/wp-json\/wp\/v2\/media\/45259"}],"wp:attachment":[{"href":"https:\/\/mueblesdetena.es\/ca\/wp-json\/wp\/v2\/media?parent=45258"}],"wp:term":[{"taxonomy":"category","embeddable":true,"href":"https:\/\/mueblesdetena.es\/ca\/wp-json\/wp\/v2\/categories?post=45258"},{"taxonomy":"post_tag","embeddable":true,"href":"https:\/\/mueblesdetena.es\/ca\/wp-json\/wp\/v2\/tags?post=45258"}],"curies":[{"name":"wp","href":"https:\/\/api.w.org\/{rel}","templated":true}]}}