{"id":46108,"date":"2026-05-29T04:33:22","date_gmt":"2026-05-29T02:33:22","guid":{"rendered":"https:\/\/mueblesdetena.es\/camas-compactas-juveniles-ganar-espacio\/"},"modified":"2026-05-29T21:41:13","modified_gmt":"2026-05-29T19:41:13","slug":"camas-compactas-juveniles-ganar-espacio","status":"publish","type":"post","link":"https:\/\/mueblesdetena.es\/ca\/camas-compactas-juveniles-ganar-espacio\/","title":{"rendered":"Camas compactas juveniles para ganar espacio"},"content":{"rendered":"<p>Las <strong>camas compactas juveniles<\/strong> son una de las soluciones m\u00e1s pr\u00e1cticas cuando un dormitorio necesita m\u00e1s orden, m\u00e1s almacenaje y m\u00e1s espacio libre. En habitaciones peque\u00f1as, compartidas o con zona de estudio, una buena composici\u00f3n compacta puede resolver varias necesidades a la vez: descanso, guardado, segunda cama y una distribuci\u00f3n m\u00e1s c\u00f3moda.<\/p>\n<p>La clave no est\u00e1 solo en elegir una cama bonita. Conviene mirar medidas, apertura de cajones, edad del usuario, uso diario y capacidad real de almacenaje. En una vivienda de Badalona, Barcelona o alrededores, donde muchas habitaciones juveniles no son grandes, acertar con la distribuci\u00f3n marca una diferencia enorme en el d\u00eda a d\u00eda.<\/p>\n<div id=\"ez-toc-container\" class=\"ez-toc-v2_0_85 counter-hierarchy ez-toc-counter ez-toc-grey ez-toc-container-direction\">\n<div class=\"ez-toc-title-container\">\n<p class=\"ez-toc-title\" style=\"cursor:inherit\">Table of Contents<\/p>\n<span class=\"ez-toc-title-toggle\"><a href=\"#\" class=\"ez-toc-pull-right ez-toc-btn ez-toc-btn-xs ez-toc-btn-default ez-toc-toggle\" aria-label=\"Toggle Table of Content\"><span class=\"ez-toc-js-icon-con\"><span class=\"\"><span class=\"eztoc-hide\" style=\"display:none;\">Toggle<\/span><span class=\"ez-toc-icon-toggle-span\"><svg style=\"fill: #999;color:#999\" xmlns=\"http:\/\/www.w3.org\/2000\/svg\" class=\"list-377408\" width=\"20px\" height=\"20px\" viewbox=\"0 0 24 24\" fill=\"none\"><path d=\"M6 6H4v2h2V6zm14 0H8v2h12V6zM4 11h2v2H4v-2zm16 0H8v2h12v-2zM4 16h2v2H4v-2zm16 0H8v2h12v-2z\" fill=\"currentColor\"><\/path><\/svg><svg style=\"fill: #999;color:#999\" class=\"arrow-unsorted-368013\" xmlns=\"http:\/\/www.w3.org\/2000\/svg\" width=\"10px\" height=\"10px\" viewbox=\"0 0 24 24\" version=\"1.2\" baseprofile=\"tiny\"><path d=\"M18.2 9.3l-6.2-6.3-6.2 6.3c-.2.2-.3.4-.3.7s.1.5.3.7c.2.2.4.3.7.3h11c.3 0 .5-.1.7-.3.2-.2.3-.5.3-.7s-.1-.5-.3-.7zM5.8 14.7l6.2 6.3 6.2-6.3c.2-.2.3-.5.3-.7s-.1-.5-.3-.7c-.2-.2-.4-.3-.7-.3h-11c-.3 0-.5.1-.7.3-.2.2-.3.5-.3.7s.1.5.3.7z\"\/><\/svg><\/span><\/span><\/span><\/a><\/span><\/div>\n<nav><ul class='ez-toc-list ez-toc-list-level-1' ><li class='ez-toc-page-1 ez-toc-heading-level-2'><a class=\"ez-toc-link ez-toc-heading-1\" href=\"https:\/\/mueblesdetena.es\/ca\/camas-compactas-juveniles-ganar-espacio\/#Resumen_rapido_antes_de_elegir\" >Resumen r\u00e1pido antes de elegir<\/a><\/li><li class='ez-toc-page-1 ez-toc-heading-level-2'><a class=\"ez-toc-link ez-toc-heading-2\" href=\"https:\/\/mueblesdetena.es\/ca\/camas-compactas-juveniles-ganar-espacio\/#Por_que_funcionan_tan_bien_las_camas_compactas_juveniles\" >Por qu\u00e9 funcionan tan bien las camas compactas juveniles<\/a><\/li><li class='ez-toc-page-1 ez-toc-heading-level-2'><a class=\"ez-toc-link ez-toc-heading-3\" href=\"https:\/\/mueblesdetena.es\/ca\/camas-compactas-juveniles-ganar-espacio\/#Que_puede_incluir_una_cama_compacta_juvenil\" >Qu\u00e9 puede incluir una cama compacta juvenil<\/a><\/li><li class='ez-toc-page-1 ez-toc-heading-level-2'><a class=\"ez-toc-link ez-toc-heading-4\" href=\"https:\/\/mueblesdetena.es\/ca\/camas-compactas-juveniles-ganar-espacio\/#Camas_compactas_para_habitaciones_compartidas\" >Camas compactas para habitaciones compartidas<\/a><\/li><li class='ez-toc-page-1 ez-toc-heading-level-2'><a class=\"ez-toc-link ez-toc-heading-5\" href=\"https:\/\/mueblesdetena.es\/ca\/camas-compactas-juveniles-ganar-espacio\/#Que_medir_antes_de_comprar\" >Qu\u00e9 medir antes de comprar<\/a><\/li><li class='ez-toc-page-1 ez-toc-heading-level-2'><a class=\"ez-toc-link ez-toc-heading-6\" href=\"https:\/\/mueblesdetena.es\/ca\/camas-compactas-juveniles-ganar-espacio\/#Almacenaje_orden_y_sensacion_de_amplitud\" >Almacenaje, orden y sensaci\u00f3n de amplitud<\/a><\/li><li class='ez-toc-page-1 ez-toc-heading-level-2'><a class=\"ez-toc-link ez-toc-heading-7\" href=\"https:\/\/mueblesdetena.es\/ca\/camas-compactas-juveniles-ganar-espacio\/#Cama_compacta_cama_nido_litera_o_cama_tren\" >Cama compacta, cama nido, litera o cama tren<\/a><\/li><li class='ez-toc-page-1 ez-toc-heading-level-2'><a class=\"ez-toc-link ez-toc-heading-8\" href=\"https:\/\/mueblesdetena.es\/ca\/camas-compactas-juveniles-ganar-espacio\/#Diseno_juvenil_sin_perder_funcionalidad\" >Dise\u00f1o juvenil sin perder funcionalidad<\/a><\/li><li class='ez-toc-page-1 ez-toc-heading-level-2'><a class=\"ez-toc-link ez-toc-heading-9\" href=\"https:\/\/mueblesdetena.es\/ca\/camas-compactas-juveniles-ganar-espacio\/#Asesoramiento_en_Badalona_y_Barcelona\" >Assessorament a Badalona i Barcelona<\/a><\/li><li class='ez-toc-page-1 ez-toc-heading-level-2'><a class=\"ez-toc-link ez-toc-heading-10\" href=\"https:\/\/mueblesdetena.es\/ca\/camas-compactas-juveniles-ganar-espacio\/#Preguntas_frecuentes\" >Preguntas frecuentes<\/a><ul class='ez-toc-list-level-3' ><li class='ez-toc-heading-level-3'><a class=\"ez-toc-link ez-toc-heading-11\" href=\"https:\/\/mueblesdetena.es\/ca\/camas-compactas-juveniles-ganar-espacio\/#%C2%BFQue_es_una_cama_compacta_juvenil\" >\u00bfQu\u00e9 es una cama compacta juvenil?<\/a><\/li><li class='ez-toc-page-1 ez-toc-heading-level-3'><a class=\"ez-toc-link ez-toc-heading-12\" href=\"https:\/\/mueblesdetena.es\/ca\/camas-compactas-juveniles-ganar-espacio\/#%C2%BFQue_diferencia_hay_entre_una_cama_compacta_y_una_cama_nido\" >\u00bfQu\u00e9 diferencia hay entre una cama compacta y una cama nido?<\/a><\/li><li class='ez-toc-page-1 ez-toc-heading-level-3'><a class=\"ez-toc-link ez-toc-heading-13\" href=\"https:\/\/mueblesdetena.es\/ca\/camas-compactas-juveniles-ganar-espacio\/#%C2%BFSon_recomendables_para_habitaciones_pequenas\" >\u00bfSon recomendables para habitaciones peque\u00f1as?<\/a><\/li><li class='ez-toc-page-1 ez-toc-heading-level-3'><a class=\"ez-toc-link ez-toc-heading-14\" href=\"https:\/\/mueblesdetena.es\/ca\/camas-compactas-juveniles-ganar-espacio\/#%C2%BFPuedo_combinar_una_cama_compacta_con_armario_o_escritorio\" >\u00bfPuedo combinar una cama compacta con armario o escritorio?<\/a><\/li><li class='ez-toc-page-1 ez-toc-heading-level-3'><a class=\"ez-toc-link ez-toc-heading-15\" href=\"https:\/\/mueblesdetena.es\/ca\/camas-compactas-juveniles-ganar-espacio\/#%C2%BFAtendeis_en_Badalona_y_Barcelona\" >\u00bfAtend\u00e9is en Badalona y Barcelona?<\/a><\/li><\/ul><\/li><\/ul><\/nav><\/div>\n<h2><span class=\"ez-toc-section\" id=\"Resumen_rapido_antes_de_elegir\"><\/span>Resumen r\u00e1pido antes de elegir<span class=\"ez-toc-section-end\"><\/span><\/h2>\n<ul>\n<li>Si falta almacenaje, prioriza cajones profundos o m\u00f3dulos integrados.<\/li>\n<li>Si duermen dos personas, valora una cama compacta con cama inferior o una litera seg\u00fan el uso diario.<\/li>\n<li>Si la habitaci\u00f3n tambi\u00e9n sirve para estudiar, deja una zona libre c\u00f3moda para silla, escritorio y paso.<\/li>\n<li>Si el dormitorio es estrecho, mide la apertura de cajones, cama nido, puertas y armarios.<\/li>\n<li>Si quieres una soluci\u00f3n duradera, elige herrajes resistentes y acabados f\u00e1ciles de mantener.<\/li>\n<\/ul>\n<h2><span class=\"ez-toc-section\" id=\"Por_que_funcionan_tan_bien_las_camas_compactas_juveniles\"><\/span>Por qu\u00e9 funcionan tan bien las camas compactas juveniles<span class=\"ez-toc-section-end\"><\/span><\/h2>\n<p>Una cama juvenil tradicional resuelve una necesidad: dormir. Una cama compacta resuelve varias. Puede incluir cajones, cama extra\u00edble, contenedores, estanter\u00edas, m\u00f3dulos altos o incluso una zona de estudio combinada. Esa integraci\u00f3n evita llenar el dormitorio con muebles sueltos que ocupan m\u00e1s y complican el paso.<\/p>\n<p>Esto se nota especialmente en dormitorios estrechos o habitaciones compartidas. Al concentrar funciones en una sola composici\u00f3n, queda m\u00e1s espacio \u00fatil en el centro del cuarto. Parece un detalle peque\u00f1o, pero cambia mucho la rutina: se limpia mejor, se abren los cajones con m\u00e1s comodidad y la habitaci\u00f3n se ve menos saturada.<\/p>\n<p>Adem\u00e1s, los ni\u00f1os y adolescentes acumulan cada vez m\u00e1s ropa, libros, mochilas y objetos personales. Una compacta bien elegida aguanta mejor ese cambio porque ofrece m\u00e1s capacidad de guardado y una distribuci\u00f3n pensada para varios a\u00f1os.<\/p>\n<h2><span class=\"ez-toc-section\" id=\"Que_puede_incluir_una_cama_compacta_juvenil\"><\/span>Qu\u00e9 puede incluir una cama compacta juvenil<span class=\"ez-toc-section-end\"><\/span><\/h2>\n<p>No todas las camas compactas son iguales. Algunas est\u00e1n pensadas para una sola persona y otras para dormir dos. Unas priorizan cajones grandes y otras a\u00f1aden cama inferior, estantes, armarios puente o m\u00f3dulos laterales. Elegir bien depende de c\u00f3mo se usa realmente la habitaci\u00f3n.<\/p>\n<p>Lo m\u00e1s habitual es encontrar una cama superior fija con cajones inferiores o una segunda cama extra\u00edble. Esta opci\u00f3n funciona muy bien si se necesita cama para invitados, para hermanos que comparten dormitorio o para una segunda plaza de uso ocasional sin perder espacio durante el d\u00eda.<\/p>\n<p>Tambi\u00e9n hay composiciones que se combinan con escritorios, estanter\u00edas o armarios. Si buscas una soluci\u00f3n m\u00e1s completa, puedes revisar nuestras opciones de <a href=\"https:\/\/mueblesdetena.es\/ca\/muebles-juveniles\/\">muebles juveniles<\/a> o comparar directamente modelos de <a href=\"https:\/\/mueblesdetena.es\/ca\/camas-compactas\/\">camas compactas<\/a>.<\/p>\n<h2><span class=\"ez-toc-section\" id=\"Camas_compactas_para_habitaciones_compartidas\"><\/span>Camas compactas para habitaciones compartidas<span class=\"ez-toc-section-end\"><\/span><\/h2>\n<p>Cuando dos ni\u00f1os o adolescentes comparten habitaci\u00f3n, cada cent\u00edmetro importa. Una compacta con cama principal y cama inferior extra\u00edble permite tener dos plazas de descanso sin instalar una litera, algo que muchas familias prefieren por comodidad, est\u00e9tica o facilidad de acceso.<\/p>\n<p>La ventaja frente a colocar dos camas normales es clara: durante el d\u00eda solo queda visible una estructura, y eso libera superficie. Si adem\u00e1s se incorporan cajones, el dormitorio gana almacenaje sin a\u00f1adir c\u00f3modas o muebles auxiliares que quitan paso.<\/p>\n<p>Aun as\u00ed, no siempre la cama extra\u00edble es la mejor opci\u00f3n. Si los dos usuarios van a dormir a diario y tienen horarios distintos, puede ser m\u00e1s c\u00f3modo estudiar otras alternativas como <a href=\"https:\/\/mueblesdetena.es\/ca\/literas\/\">literas<\/a> o <a href=\"https:\/\/mueblesdetena.es\/ca\/camas-tren\/\">camas tren<\/a>. Lo importante es elegir seg\u00fan el uso real, no solo por la foto.<\/p>\n<h2><span class=\"ez-toc-section\" id=\"Que_medir_antes_de_comprar\"><\/span>Qu\u00e9 medir antes de comprar<span class=\"ez-toc-section-end\"><\/span><\/h2>\n<p>Antes de elegir color o acabado, hay que medir bien. Apunta el ancho, el largo, la altura \u00fatil y la posici\u00f3n de ventanas, radiadores, enchufes, puertas y armarios. Despu\u00e9s revisa el espacio de apertura de cajones, cama inferior y m\u00f3dulos abatibles si los hay.<\/p>\n<p>Un mueble puede encajar en plano y resultar inc\u00f3modo si bloquea el paso o roza con una puerta. Por eso conviene dejar margen suficiente para moverse, abrir almacenaje y hacer la cama sin dificultad.<\/p>\n<p>Si la habitaci\u00f3n es complicada, una soluci\u00f3n a medida o una composici\u00f3n adaptada puede ahorrar problemas. En Muebles Detena podemos ayudarte a valorar medidas y distribuci\u00f3n antes de tomar una decisi\u00f3n.<\/p>\n<h2><span class=\"ez-toc-section\" id=\"Almacenaje_orden_y_sensacion_de_amplitud\"><\/span>Almacenaje, orden y sensaci\u00f3n de amplitud<span class=\"ez-toc-section-end\"><\/span><\/h2>\n<p>Muchas familias buscan camas compactas por falta de espacio, pero el problema real suele ser el desorden. Cuando la ropa, los libros y los textiles no tienen sitio, la habitaci\u00f3n parece m\u00e1s peque\u00f1a de lo que es. Por eso una compacta con buen almacenaje mejora tanto la sensaci\u00f3n de amplitud.<\/p>\n<p>Los cajones inferiores son \u00fatiles para ropa de otra temporada, s\u00e1banas, mantas, juguetes o material escolar. Si se combina con un buen <a href=\"https:\/\/mueblesdetena.es\/ca\/armarios\/\">armario<\/a>, el dormitorio gana capacidad sin llenarse de muebles dispersos.<\/p>\n<p>Eso s\u00ed, m\u00e1s almacenaje no siempre significa mejor soluci\u00f3n. Un caj\u00f3n dif\u00edcil de abrir o una zona alta inaccesible acaba us\u00e1ndose poco. Lo pr\u00e1ctico es que cada m\u00f3dulo se pueda usar de forma natural en la rutina diaria.<\/p>\n<h2><span class=\"ez-toc-section\" id=\"Cama_compacta_cama_nido_litera_o_cama_tren\"><\/span>Cama compacta, cama nido, litera o cama tren<span class=\"ez-toc-section-end\"><\/span><\/h2>\n<p>Si dudas entre varias soluciones, piensa en el uso principal. Las <a href=\"https:\/\/mueblesdetena.es\/ca\/camas-nido\/\">camas nido<\/a> son muy pr\u00e1cticas para invitados o segundas camas ocasionales. Las camas compactas aportan m\u00e1s almacenaje y una composici\u00f3n m\u00e1s completa. Las literas aprovechan muy bien la altura, y las camas tren combinan descanso y m\u00f3dulos de guardado en una estructura m\u00e1s grande.<\/p>\n<p>Para un dormitorio peque\u00f1o con una sola persona, una compacta con cajones puede ser suficiente. Para dos usuarios diarios, quiz\u00e1 convenga una litera o cama tren. Para una habitaci\u00f3n de invitados o uso ocasional, una cama nido puede ser m\u00e1s sencilla y econ\u00f3mica.<\/p>\n<h2><span class=\"ez-toc-section\" id=\"Diseno_juvenil_sin_perder_funcionalidad\"><\/span>Dise\u00f1o juvenil sin perder funcionalidad<span class=\"ez-toc-section-end\"><\/span><\/h2>\n<p>En dormitorios juveniles el aspecto importa. Los hijos crecen y quieren una habitaci\u00f3n actual, agradable y con personalidad. Hoy existen acabados neutros, maderas claras, tonos suaves y combinaciones de color que permiten crear espacios juveniles sin recargar.<\/p>\n<p>Aun as\u00ed, conviene no elegir solo por est\u00e9tica. Un acabado bonito no compensa una mala distribuci\u00f3n. Si el escritorio queda peque\u00f1o, si la cama inferior es inc\u00f3moda de sacar o si el mueble resta luz natural, el uso diario lo va a notar enseguida.<\/p>\n<p>La mejor elecci\u00f3n es la que equilibra dise\u00f1o, resistencia y practicidad. Una composici\u00f3n debe gustar, pero tambi\u00e9n facilitar descanso, orden, estudio y circulaci\u00f3n.<\/p>\n<h2><span class=\"ez-toc-section\" id=\"Asesoramiento_en_Badalona_y_Barcelona\"><\/span>Assessorament a Badalona i Barcelona<span class=\"ez-toc-section-end\"><\/span><\/h2>\n<p>Las camas compactas juveniles suelen requerir m\u00e1s planificaci\u00f3n que una cama convencional. Hay que valorar medidas, almacenaje, n\u00famero de usuarios, colores, apertura y presupuesto. Por eso el asesoramiento ayuda mucho a evitar errores.<\/p>\n<p>En Muebles Detena trabajamos dormitorios juveniles para clientes de <strong>Badalona, Barcelona y alrededores<\/strong>. Podemos orientarte sobre opciones, combinaciones y medidas para que la habitaci\u00f3n quede c\u00f3moda hoy y siga funcionando dentro de unos a\u00f1os.<\/p>\n<p>Si quieres ver alternativas concretas, puedes empezar por la categor\u00eda de <a href=\"https:\/\/mueblesdetena.es\/ca\/camas-compactas\/\">camas compactas juveniles<\/a> o revisar este ejemplo de <a href=\"https:\/\/mueblesdetena.es\/ca\/dormitorio-juvenil-one19\/\">dormitorio juvenil<\/a>.<\/p>\n<h2><span class=\"ez-toc-section\" id=\"Preguntas_frecuentes\"><\/span>Preguntas frecuentes<span class=\"ez-toc-section-end\"><\/span><\/h2>\n<div class=\"rank-math-faq-block\">\n<div class=\"rank-math-faq-item\">\n<h3 class=\"rank-math-question\"><span class=\"ez-toc-section\" id=\"%C2%BFQue_es_una_cama_compacta_juvenil\"><\/span>\u00bfQu\u00e9 es una cama compacta juvenil?<span class=\"ez-toc-section-end\"><\/span><\/h3>\n<div class=\"rank-math-answer\">\n<p>Es una composici\u00f3n que integra la cama con almacenaje, cajones, cama extra\u00edble u otros m\u00f3dulos para aprovechar mejor el espacio del dormitorio juvenil.<\/p>\n<\/div>\n<\/div>\n<div class=\"rank-math-faq-item\">\n<h3 class=\"rank-math-question\"><span class=\"ez-toc-section\" id=\"%C2%BFQue_diferencia_hay_entre_una_cama_compacta_y_una_cama_nido\"><\/span>\u00bfQu\u00e9 diferencia hay entre una cama compacta y una cama nido?<span class=\"ez-toc-section-end\"><\/span><\/h3>\n<div class=\"rank-math-answer\">\n<p>La cama nido suele incluir una segunda cama extra\u00edble. La cama compacta puede incluir cama nido, pero normalmente a\u00f1ade m\u00e1s almacenaje, cajones o m\u00f3dulos integrados.<\/p>\n<\/div>\n<\/div>\n<div class=\"rank-math-faq-item\">\n<h3 class=\"rank-math-question\"><span class=\"ez-toc-section\" id=\"%C2%BFSon_recomendables_para_habitaciones_pequenas\"><\/span>\u00bfSon recomendables para habitaciones peque\u00f1as?<span class=\"ez-toc-section-end\"><\/span><\/h3>\n<div class=\"rank-math-answer\">\n<p>S\u00ed, siempre que se mida bien la apertura de cajones, cama inferior y puertas. En dormitorios peque\u00f1os suelen ayudar a ganar orden y espacio libre.<\/p>\n<\/div>\n<\/div>\n<div class=\"rank-math-faq-item\">\n<h3 class=\"rank-math-question\"><span class=\"ez-toc-section\" id=\"%C2%BFPuedo_combinar_una_cama_compacta_con_armario_o_escritorio\"><\/span>\u00bfPuedo combinar una cama compacta con armario o escritorio?<span class=\"ez-toc-section-end\"><\/span><\/h3>\n<div class=\"rank-math-answer\">\n<p>S\u00ed. Muchas composiciones juveniles se pueden completar con armarios, escritorios, estanter\u00edas o m\u00f3dulos puente para crear una habitaci\u00f3n m\u00e1s completa.<\/p>\n<\/div>\n<\/div>\n<div class=\"rank-math-faq-item\">\n<h3 class=\"rank-math-question\"><span class=\"ez-toc-section\" id=\"%C2%BFAtendeis_en_Badalona_y_Barcelona\"><\/span>\u00bfAtend\u00e9is en Badalona y Barcelona?<span class=\"ez-toc-section-end\"><\/span><\/h3>\n<div class=\"rank-math-answer\">\n<p>S\u00ed, en Muebles Detena podemos asesorarte en Badalona, Barcelona y alrededores para elegir la cama compacta juvenil que mejor encaje en tu espacio.<\/p>\n<\/div>\n<\/div>\n<\/div>","protected":false},"excerpt":{"rendered":"<p>Gu\u00eda pr\u00e1ctica para elegir camas compactas juveniles con almacenaje, cama nido o zona de estudio. Ideas para dormitorios peque\u00f1os en Badalona y Barcelona.<\/p>","protected":false},"author":0,"featured_media":46109,"comment_status":"closed","ping_status":"","sticky":false,"template":"","format":"standard","meta":{"site-sidebar-layout":"default","site-content-layout":"","ast-site-content-layout":"default","site-content-style":"default","site-sidebar-style":"default","ast-global-header-display":"","ast-banner-title-visibility":"","ast-main-header-display":"","ast-hfb-above-header-display":"","ast-hfb-below-header-display":"","ast-hfb-mobile-header-display":"","site-post-title":"","ast-breadcrumbs-content":"","ast-featured-img":"","footer-sml-layout":"","ast-disable-related-posts":"","theme-transparent-header-meta":"","adv-header-id-meta":"","stick-header-meta":"","header-above-stick-meta":"","header-main-stick-meta":"","header-below-stick-meta":"","astra-migrate-meta-layouts":"default","ast-page-background-enabled":"default","ast-page-background-meta":{"desktop":{"background-color":"var(--ast-global-color-4)","background-image":"","background-repeat":"repeat","background-position":"center center","background-size":"auto","background-attachment":"scroll","background-type":"","background-media":"","overlay-type":"","overlay-color":"","overlay-opacity":"","overlay-gradient":""},"tablet":{"background-color":"","background-image":"","background-repeat":"repeat","background-position":"center center","background-size":"auto","background-attachment":"scroll","background-type":"","background-media":"","overlay-type":"","overlay-color":"","overlay-opacity":"","overlay-gradient":""},"mobile":{"background-color":"","background-image":"","background-repeat":"repeat","background-position":"center center","background-size":"auto","background-attachment":"scroll","background-type":"","background-media":"","overlay-type":"","overlay-color":"","overlay-opacity":"","overlay-gradient":""}},"ast-content-background-meta":{"desktop":{"background-color":"var(--ast-global-color-5)","background-image":"","background-repeat":"repeat","background-position":"center center","background-size":"auto","background-attachment":"scroll","background-type":"","background-media":"","overlay-type":"","overlay-color":"","overlay-opacity":"","overlay-gradient":""},"tablet":{"background-color":"var(--ast-global-color-5)","background-image":"","background-repeat":"repeat","background-position":"center center","background-size":"auto","background-attachment":"scroll","background-type":"","background-media":"","overlay-type":"","overlay-color":"","overlay-opacity":"","overlay-gradient":""},"mobile":{"background-color":"var(--ast-global-color-5)","background-image":"","background-repeat":"repeat","background-position":"center center","background-size":"auto","background-attachment":"scroll","background-type":"","background-media":"","overlay-type":"","overlay-color":"","overlay-opacity":"","overlay-gradient":""}},"_joinchat":[],"footnotes":""},"categories":[939],"tags":[945,946,940,943,941,942,944],"class_list":["post-46108","post","type-post","status-publish","format-standard","has-post-thumbnail","hentry","category-dormitorios-juveniles","tag-badalona","tag-barcelona","tag-camas-compactas-juveniles","tag-camas-con-almacenaje","tag-dormitorios-juveniles","tag-habitaciones-pequenas","tag-muebles-juveniles"],"_links":{"self":[{"href":"https:\/\/mueblesdetena.es\/ca\/wp-json\/wp\/v2\/posts\/46108","targetHints":{"allow":["GET"]}}],"collection":[{"href":"https:\/\/mueblesdetena.es\/ca\/wp-json\/wp\/v2\/posts"}],"about":[{"href":"https:\/\/mueblesdetena.es\/ca\/wp-json\/wp\/v2\/types\/post"}],"replies":[{"embeddable":true,"href":"https:\/\/mueblesdetena.es\/ca\/wp-json\/wp\/v2\/comments?post=46108"}],"version-history":[{"count":1,"href":"https:\/\/mueblesdetena.es\/ca\/wp-json\/wp\/v2\/posts\/46108\/revisions"}],"predecessor-version":[{"id":46206,"href":"https:\/\/mueblesdetena.es\/ca\/wp-json\/wp\/v2\/posts\/46108\/revisions\/46206"}],"wp:featuredmedia":[{"embeddable":true,"href":"https:\/\/mueblesdetena.es\/ca\/wp-json\/wp\/v2\/media\/46109"}],"wp:attachment":[{"href":"https:\/\/mueblesdetena.es\/ca\/wp-json\/wp\/v2\/media?parent=46108"}],"wp:term":[{"taxonomy":"category","embeddable":true,"href":"https:\/\/mueblesdetena.es\/ca\/wp-json\/wp\/v2\/categories?post=46108"},{"taxonomy":"post_tag","embeddable":true,"href":"https:\/\/mueblesdetena.es\/ca\/wp-json\/wp\/v2\/tags?post=46108"}],"curies":[{"name":"wp","href":"https:\/\/api.w.org\/{rel}","templated":true}]}}