{"id":10409,"date":"2020-03-11T08:17:33","date_gmt":"2020-03-11T08:17:33","guid":{"rendered":"https:\/\/mueblesdetena.es\/?p=10409"},"modified":"2020-03-11T08:17:33","modified_gmt":"2020-03-11T08:17:33","slug":"camas-abatibles-de-matrimonio-un-exito-en-las-nuevas-tendencias","status":"publish","type":"post","link":"https:\/\/mueblesdetena.es\/ru_ru\/camas-abatibles-de-matrimonio-un-exito-en-las-nuevas-tendencias\/","title":{"rendered":"Camas abatibles de matrimonio un \u00e9xito en las nuevas tendencias \ud83e\udd29"},"content":{"rendered":"<p style=\"text-align: center;\">Desde hace pocos a\u00f1os la tendencia\u00a0 de <strong>ventas de las camas abatibles de matrimonio<\/strong> ha experimentado un aumento del 80%, siendo realmente un aumento muy espectacular.<\/p>\n<p style=\"text-align: center;\">Gracias a este significativo aumento en la demanda de este tipo de camas son muchos los fabricantes que han pasado de tener en sus programas de fabricaci\u00f3n unos pocos modelos a ofrecernos a d\u00eda de hoy todo tipo de versiones ya sea en medidas,colores,extras&#8230;.etc,puedes encontrar<a href=\"https:\/\/mueblesdetena.es\/ru_ru\/cama-abatible-con-sofa\/\"> camas abatibles con luces led<\/a>,escritorio incorporado,altillo para aumentar la capacidad de almacenaje,<strong>conexiones usb<\/strong>,y hasta algunas con sof\u00e1 incorporado.<\/p>\n<p style=\"text-align: center;\">Otro de los resultados del \u00e9xito de este tipo de mueble es los <strong>dise\u00f1os cada vez mas din\u00e1micos,atractivos y modernos<\/strong>.<\/p>\n<p style=\"text-align: center;\">En consecuencia de todo ello el aumento de la demanda y la mayor oferta han dado el resultado de una <strong>bajada en los precios<\/strong> y todo ello con un aumento en la calidad de los acabados y herraje muy significativo.<\/p>\n<div id=\"ez-toc-container\" class=\"ez-toc-v2_0_85 counter-hierarchy ez-toc-counter ez-toc-grey ez-toc-container-direction\">\n<div class=\"ez-toc-title-container\">\n<p class=\"ez-toc-title\" style=\"cursor:inherit\">Table of Contents<\/p>\n<span class=\"ez-toc-title-toggle\"><a href=\"#\" class=\"ez-toc-pull-right ez-toc-btn ez-toc-btn-xs ez-toc-btn-default ez-toc-toggle\" aria-label=\"Toggle Table of Content\"><span class=\"ez-toc-js-icon-con\"><span class=\"\"><span class=\"eztoc-hide\" style=\"display:none;\">Toggle<\/span><span class=\"ez-toc-icon-toggle-span\"><svg style=\"fill: #999;color:#999\" xmlns=\"http:\/\/www.w3.org\/2000\/svg\" class=\"list-377408\" width=\"20px\" height=\"20px\" viewbox=\"0 0 24 24\" fill=\"none\"><path d=\"M6 6H4v2h2V6zm14 0H8v2h12V6zM4 11h2v2H4v-2zm16 0H8v2h12v-2zM4 16h2v2H4v-2zm16 0H8v2h12v-2z\" fill=\"currentColor\"><\/path><\/svg><svg style=\"fill: #999;color:#999\" class=\"arrow-unsorted-368013\" xmlns=\"http:\/\/www.w3.org\/2000\/svg\" width=\"10px\" height=\"10px\" viewbox=\"0 0 24 24\" version=\"1.2\" baseprofile=\"tiny\"><path d=\"M18.2 9.3l-6.2-6.3-6.2 6.3c-.2.2-.3.4-.3.7s.1.5.3.7c.2.2.4.3.7.3h11c.3 0 .5-.1.7-.3.2-.2.3-.5.3-.7s-.1-.5-.3-.7zM5.8 14.7l6.2 6.3 6.2-6.3c.2-.2.3-.5.3-.7s-.1-.5-.3-.7c-.2-.2-.4-.3-.7-.3h-11c-.3 0-.5.1-.7.3-.2.2-.3.5-.3.7s.1.5.3.7z\"\/><\/svg><\/span><\/span><\/span><\/a><\/span><\/div>\n<nav><ul class='ez-toc-list ez-toc-list-level-1' ><li class='ez-toc-page-1 ez-toc-heading-level-2'><a class=\"ez-toc-link ez-toc-heading-1\" href=\"https:\/\/mueblesdetena.es\/ru_ru\/camas-abatibles-de-matrimonio-un-exito-en-las-nuevas-tendencias\/#%C2%BFPor_que_elegir_una_cama_abatible\" >\u00bfPor que elegir una cama abatible?<\/a><\/li><li class='ez-toc-page-1 ez-toc-heading-level-2'><a class=\"ez-toc-link ez-toc-heading-2\" href=\"https:\/\/mueblesdetena.es\/ru_ru\/camas-abatibles-de-matrimonio-un-exito-en-las-nuevas-tendencias\/#La_mejor_eleccion\" >La mejor elecci\u00f3n<\/a><\/li><li class='ez-toc-page-1 ez-toc-heading-level-2'><a class=\"ez-toc-link ez-toc-heading-3\" href=\"https:\/\/mueblesdetena.es\/ru_ru\/camas-abatibles-de-matrimonio-un-exito-en-las-nuevas-tendencias\/#El_dia_a_dia_en_un_loft\" >El d\u00eda a d\u00eda en un loft<\/a><\/li><li class='ez-toc-page-1 ez-toc-heading-level-2'><a class=\"ez-toc-link ez-toc-heading-4\" href=\"https:\/\/mueblesdetena.es\/ru_ru\/camas-abatibles-de-matrimonio-un-exito-en-las-nuevas-tendencias\/#Sello_Muebles_de_Tena\" >Sello: Muebles de Tena<\/a><\/li><\/ul><\/nav><\/div>\n<h2 style=\"text-align: center;\"><span class=\"ez-toc-section\" id=\"%C2%BFPor_que_elegir_una_cama_abatible\"><\/span>\u00bfPor que elegir una cama abatible?<span class=\"ez-toc-section-end\"><\/span><\/h2>\n<figure id=\"attachment_10411\" aria-describedby=\"caption-attachment-10411\" style=\"width: 623px\" class=\"wp-caption aligncenter\"><a href=\"https:\/\/mueblesdetena.es\/ru_ru\/cama-abatible-matrimonio-blue\/\"><img fetchpriority=\"high\" decoding=\"async\" class=\"wp-image-10411 size-full\" title=\"Porqu\u00e9 elegir una cama abatible\" src=\"https:\/\/mueblesdetena.es\/wp-content\/uploads\/2020\/03\/cama-abatible-con-altillo-1.jpg\" alt=\"Porqu\u00e9 elegir una cama abatible\" width=\"623\" height=\"583\" \/><\/a><figcaption id=\"caption-attachment-10411\" class=\"wp-caption-text\">Porqu\u00e9 elegir una cama abatible<\/figcaption><\/figure>\n<p style=\"text-align: center;\">Las respuestas pueden ser varias ya que<strong> cada persona tiene sus propias necesidades o intereses<\/strong>,un motivo muy claro es el de querer tener una cama abatible de matrimonio y al mismo tiempo tener un espacio totalmente despejado,que lo notaremos mucho mas si los metros con los que tenemos en nuestra vivienda no son demasiados,tambi\u00e9n es muy frecuente elegir esta cama para segundas habitaciones (como cama auxiliar y\u00a0 de invitados).<\/p>\n<p style=\"text-align: center;\">En estos casos no se quiere ver una cama ocupando una habitaci\u00f3n de poco uso y se prefiere <strong>la opci\u00f3n de la cama abatible<\/strong> ya que al estar plegada no nos quita nada de espacio y visualmente es de mayor atractivo para todo el conjunto de la habitaci\u00f3n y estancia.<\/p>\n<p style=\"text-align: center;\">Hay personas que eligen esta opci\u00f3n porque les permite poder limpiar mucho mejor evitando como en las camas\u00a0 convencionales no plegables, la acumulaci\u00f3n de polvo debajo de ellas .<\/p>\n<h2 style=\"text-align: center;\"><span class=\"ez-toc-section\" id=\"La_mejor_eleccion\"><\/span>La mejor elecci\u00f3n<span class=\"ez-toc-section-end\"><\/span><\/h2>\n<figure id=\"attachment_10412\" aria-describedby=\"caption-attachment-10412\" style=\"width: 1200px\" class=\"wp-caption aligncenter\"><a href=\"https:\/\/mueblesdetena.es\/ru_ru\/cama-abatible-con-escritorio\/\"><img decoding=\"async\" class=\"wp-image-10412 size-full\" title=\"Cama abatible de Matrimonio\" src=\"https:\/\/mueblesdetena.es\/wp-content\/uploads\/2020\/03\/cama-abatible-de-matrimonio.jpg\" alt=\"Cama abatible de Matrimonio\" width=\"1200\" height=\"890\" \/><\/a><figcaption id=\"caption-attachment-10412\" class=\"wp-caption-text\">Cama abatible de Matrimonio<\/figcaption><\/figure>\n<p style=\"text-align: center;\">La<strong> elecci\u00f3n de una cama abatible de matrimonio<\/strong> nos indica que esta elecci\u00f3n cada d\u00eda mas no es una moda pasajera y es una <strong>alternativa muy consolidada<\/strong>.<\/p>\n<p style=\"text-align: center;\">La elecci\u00f3n de nuestra cama abatible en posici\u00f3n horizontal o vertical depender\u00e1 en gran medida <strong>del espacio que tengamos disponible<\/strong>,este tipo de camas han de ir siempre fijadas a la pared con una instalacion realizada por personal cualificado,en el caso de paredes de pladur disponemos de anclajes especiales para su instalaci\u00f3n asegurando su seguridad al 100%.<\/p>\n<p style=\"text-align: center;\">Respecto a las medidas las podemos encontrar para colch\u00f3n de 120.de 135,de 150 y de 160 cms.<\/p>\n<h2 style=\"text-align: center;\"><span class=\"ez-toc-section\" id=\"El_dia_a_dia_en_un_loft\"><\/span>El d\u00eda a d\u00eda en un <em>loft<\/em><span class=\"ez-toc-section-end\"><\/span><\/h2>\n<figure id=\"attachment_10413\" aria-describedby=\"caption-attachment-10413\" style=\"width: 794px\" class=\"wp-caption aligncenter\"><a href=\"https:\/\/mueblesdetena.es\/ru_ru\/composicion-con-cama-abatible-frm-2\/\"><img decoding=\"async\" class=\"wp-image-10413 size-full\" title=\"Vivir en un Loft\" src=\"https:\/\/mueblesdetena.es\/wp-content\/uploads\/2020\/03\/01-77.jpg\" alt=\"Vivir en un Loft\" width=\"794\" height=\"626\" \/><\/a><figcaption id=\"caption-attachment-10413\" class=\"wp-caption-text\">Vivir en un Loft<\/figcaption><\/figure>\n<p style=\"text-align: center;\">Para<strong> ambientes tipo <em>loft<\/em> o apartamentos con pocas estancias<\/strong> o escasos metros la opci\u00f3n de una cama abatible con sof\u00e1 incorporado o con escritorio nos da un plus de utilidad extra maximizando su espacio con doble funcionalidad.<\/p>\n<p style=\"text-align: center;\">Hay otros casos que <strong>por necesidad se ha de colocar en estancias de comedor<\/strong> ,es este caso disponemos de <a href=\"https:\/\/mueblesdetena.es\/ru_ru\/comedores\/\">ambientes de sal\u00f3n<\/a> donde la cama abatible queda plenamente integrada con el resto del mobiliario pasando totalmente desapercibida y con la gran prestaci\u00f3n que nos ofrecer\u00e1 en esta ambiente.<\/p>\n<h2 style=\"text-align: center;\"><span class=\"ez-toc-section\" id=\"Sello_Muebles_de_Tena\"><\/span>Sello: Muebles de Tena<span class=\"ez-toc-section-end\"><\/span><\/h2>\n<figure id=\"attachment_10414\" aria-describedby=\"caption-attachment-10414\" style=\"width: 655px\" class=\"wp-caption aligncenter\"><a href=\"https:\/\/mueblesdetena.es\/ru_ru\/cama-abatible-matrimonio-con-escritorio\/\"><img loading=\"lazy\" decoding=\"async\" class=\"wp-image-10414 size-full\" title=\"Cama Abatible especialidad de Muebles de Tena\" src=\"https:\/\/mueblesdetena.es\/wp-content\/uploads\/2020\/03\/cama-abatible-glicerio-chaves-f415-b.jpg\" alt=\"Cama Abatible especialidad de Muebles de Tena\" width=\"655\" height=\"634\" \/><\/a><figcaption id=\"caption-attachment-10414\" class=\"wp-caption-text\">Cama Abatible especialidad de Muebles de Tena<\/figcaption><\/figure>\n<p style=\"text-align: center;\">La cama abatible <strong>es nuestra especialidad y disponemos de una web muy dedicada a ella<\/strong>, donde podr\u00e1s ver,comparar y disfrutar de unos precios muy ajustados, en multitud de modelos,medidas y colores, ya sea de estructura de madera o si quieres ajustar a\u00fan mas tu presupuesto la opci\u00f3n de estructura met\u00e1lica puede ser tu alternativa.<\/p>\n<p style=\"text-align: center;\">Si tienes cualquier duda, <a href=\"tel:+34934600454\">ll\u00e1manos y te informaremos<\/a> de todas las posibilidades para maximizar tu espacio.<\/p>","protected":false},"excerpt":{"rendered":"<p>Desde hace pocos a\u00f1os la tendencia\u00a0 de ventas de las camas abatibles de matrimonio ha experimentado un aumento del 80%, siendo realmente un aumento muy espectacular. Gracias a este significativo aumento en la demanda de este tipo de camas son muchos los fabricantes que han pasado de tener en sus programas de fabricaci\u00f3n unos pocos [&hellip;]<\/p>\n","protected":false},"author":1,"featured_media":0,"comment_status":"closed","ping_status":"closed","sticky":false,"template":"","format":"standard","meta":{"site-sidebar-layout":"default","site-content-layout":"","ast-site-content-layout":"default","site-content-style":"default","site-sidebar-style":"default","ast-global-header-display":"","ast-banner-title-visibility":"","ast-main-header-display":"","ast-hfb-above-header-display":"","ast-hfb-below-header-display":"","ast-hfb-mobile-header-display":"","site-post-title":"","ast-breadcrumbs-content":"","ast-featured-img":"","footer-sml-layout":"","ast-disable-related-posts":"","theme-transparent-header-meta":"","adv-header-id-meta":"","stick-header-meta":"","header-above-stick-meta":"","header-main-stick-meta":"","header-below-stick-meta":"","astra-migrate-meta-layouts":"default","ast-page-background-enabled":"default","ast-page-background-meta":{"desktop":{"background-color":"var(--ast-global-color-4)","background-image":"","background-repeat":"repeat","background-position":"center center","background-size":"auto","background-attachment":"scroll","background-type":"","background-media":"","overlay-type":"","overlay-color":"","overlay-opacity":"","overlay-gradient":""},"tablet":{"background-color":"","background-image":"","background-repeat":"repeat","background-position":"center center","background-size":"auto","background-attachment":"scroll","background-type":"","background-media":"","overlay-type":"","overlay-color":"","overlay-opacity":"","overlay-gradient":""},"mobile":{"background-color":"","background-image":"","background-repeat":"repeat","background-position":"center center","background-size":"auto","background-attachment":"scroll","background-type":"","background-media":"","overlay-type":"","overlay-color":"","overlay-opacity":"","overlay-gradient":""}},"ast-content-background-meta":{"desktop":{"background-color":"var(--ast-global-color-5)","background-image":"","background-repeat":"repeat","background-position":"center center","background-size":"auto","background-attachment":"scroll","background-type":"","background-media":"","overlay-type":"","overlay-color":"","overlay-opacity":"","overlay-gradient":""},"tablet":{"background-color":"var(--ast-global-color-5)","background-image":"","background-repeat":"repeat","background-position":"center center","background-size":"auto","background-attachment":"scroll","background-type":"","background-media":"","overlay-type":"","overlay-color":"","overlay-opacity":"","overlay-gradient":""},"mobile":{"background-color":"var(--ast-global-color-5)","background-image":"","background-repeat":"repeat","background-position":"center center","background-size":"auto","background-attachment":"scroll","background-type":"","background-media":"","overlay-type":"","overlay-color":"","overlay-opacity":"","overlay-gradient":""}},"_joinchat":[],"footnotes":""},"categories":[1],"tags":[114,115,117,118,119,120,121,122],"class_list":["post-10409","post","type-post","status-publish","format-standard","hentry","category-sin-categoria","tag-abatible-en-comedor","tag-camas-abatbiles-metalica","tag-camas-abatibles","tag-camas-abatibles-juveniles","tag-camas-abatibles-madera","tag-camas-abatibles-matrimonio","tag-espacio-pequenos","tag-piso-loft"],"_links":{"self":[{"href":"https:\/\/mueblesdetena.es\/ru_ru\/wp-json\/wp\/v2\/posts\/10409","targetHints":{"allow":["GET"]}}],"collection":[{"href":"https:\/\/mueblesdetena.es\/ru_ru\/wp-json\/wp\/v2\/posts"}],"about":[{"href":"https:\/\/mueblesdetena.es\/ru_ru\/wp-json\/wp\/v2\/types\/post"}],"author":[{"embeddable":true,"href":"https:\/\/mueblesdetena.es\/ru_ru\/wp-json\/wp\/v2\/users\/1"}],"replies":[{"embeddable":true,"href":"https:\/\/mueblesdetena.es\/ru_ru\/wp-json\/wp\/v2\/comments?post=10409"}],"version-history":[{"count":0,"href":"https:\/\/mueblesdetena.es\/ru_ru\/wp-json\/wp\/v2\/posts\/10409\/revisions"}],"wp:attachment":[{"href":"https:\/\/mueblesdetena.es\/ru_ru\/wp-json\/wp\/v2\/media?parent=10409"}],"wp:term":[{"taxonomy":"category","embeddable":true,"href":"https:\/\/mueblesdetena.es\/ru_ru\/wp-json\/wp\/v2\/categories?post=10409"},{"taxonomy":"post_tag","embeddable":true,"href":"https:\/\/mueblesdetena.es\/ru_ru\/wp-json\/wp\/v2\/tags?post=10409"}],"curies":[{"name":"wp","href":"https:\/\/api.w.org\/{rel}","templated":true}]}}