{"id":11197,"date":"2020-08-31T09:23:00","date_gmt":"2020-08-31T09:23:00","guid":{"rendered":"https:\/\/mueblesdetena.es\/?p=11197"},"modified":"2020-08-31T09:23:00","modified_gmt":"2020-08-31T09:23:00","slug":"que-el-covid-no-te-pare-renueva-tu-casa-adaptala","status":"publish","type":"post","link":"https:\/\/mueblesdetena.es\/ru_ru\/que-el-covid-no-te-pare-renueva-tu-casa-adaptala\/","title":{"rendered":"\u00a1Que el COVID no te pare! Renueva tu casa y ad\u00e1ptala \ud83e\udd47"},"content":{"rendered":"<div id=\"ez-toc-container\" class=\"ez-toc-v2_0_85 counter-hierarchy ez-toc-counter ez-toc-grey ez-toc-container-direction\">\n<div class=\"ez-toc-title-container\">\n<p class=\"ez-toc-title\" style=\"cursor:inherit\">Table of Contents<\/p>\n<span class=\"ez-toc-title-toggle\"><a href=\"#\" class=\"ez-toc-pull-right ez-toc-btn ez-toc-btn-xs ez-toc-btn-default ez-toc-toggle\" aria-label=\"Toggle Table of Content\"><span class=\"ez-toc-js-icon-con\"><span class=\"\"><span class=\"eztoc-hide\" style=\"display:none;\">Toggle<\/span><span class=\"ez-toc-icon-toggle-span\"><svg style=\"fill: #999;color:#999\" xmlns=\"http:\/\/www.w3.org\/2000\/svg\" class=\"list-377408\" width=\"20px\" height=\"20px\" viewbox=\"0 0 24 24\" fill=\"none\"><path d=\"M6 6H4v2h2V6zm14 0H8v2h12V6zM4 11h2v2H4v-2zm16 0H8v2h12v-2zM4 16h2v2H4v-2zm16 0H8v2h12v-2z\" fill=\"currentColor\"><\/path><\/svg><svg style=\"fill: #999;color:#999\" class=\"arrow-unsorted-368013\" xmlns=\"http:\/\/www.w3.org\/2000\/svg\" width=\"10px\" height=\"10px\" viewbox=\"0 0 24 24\" version=\"1.2\" baseprofile=\"tiny\"><path d=\"M18.2 9.3l-6.2-6.3-6.2 6.3c-.2.2-.3.4-.3.7s.1.5.3.7c.2.2.4.3.7.3h11c.3 0 .5-.1.7-.3.2-.2.3-.5.3-.7s-.1-.5-.3-.7zM5.8 14.7l6.2 6.3 6.2-6.3c.2-.2.3-.5.3-.7s-.1-.5-.3-.7c-.2-.2-.4-.3-.7-.3h-11c-.3 0-.5.1-.7.3-.2.2-.3.5-.3.7s.1.5.3.7z\"\/><\/svg><\/span><\/span><\/span><\/a><\/span><\/div>\n<nav><ul class='ez-toc-list ez-toc-list-level-1' ><li class='ez-toc-page-1 ez-toc-heading-level-2'><a class=\"ez-toc-link ez-toc-heading-1\" href=\"https:\/\/mueblesdetena.es\/ru_ru\/que-el-covid-no-te-pare-renueva-tu-casa-adaptala\/#Empezamos_nuevo_curso\" >Empezamos nuevo curso<\/a><\/li><li class='ez-toc-page-1 ez-toc-heading-level-2'><a class=\"ez-toc-link ez-toc-heading-2\" href=\"https:\/\/mueblesdetena.es\/ru_ru\/que-el-covid-no-te-pare-renueva-tu-casa-adaptala\/#COMPOSICIONES_JUVENILES_NO_APTO_PARA_ABURRIDOS\" >COMPOSICIONES JUVENILES: NO APTO PARA ABURRIDOS<\/a><\/li><li class='ez-toc-page-1 ez-toc-heading-level-2'><a class=\"ez-toc-link ez-toc-heading-3\" href=\"https:\/\/mueblesdetena.es\/ru_ru\/que-el-covid-no-te-pare-renueva-tu-casa-adaptala\/#CAMAS_ALTAS_SUENOS_ALTOS\" >CAMAS ALTAS, SUE\u00d1OS ALTOS<\/a><\/li><li class='ez-toc-page-1 ez-toc-heading-level-2'><a class=\"ez-toc-link ez-toc-heading-4\" href=\"https:\/\/mueblesdetena.es\/ru_ru\/que-el-covid-no-te-pare-renueva-tu-casa-adaptala\/#DOBLE_COMPANIA_DOBLE_CREATIVIDAD\" >DOBLE COMPA\u00d1\u00cdA, DOBLE CREATIVIDAD<\/a><\/li><\/ul><\/nav><\/div>\n<h2 style=\"text-align: center;\"><span class=\"ez-toc-section\" id=\"Empezamos_nuevo_curso\"><\/span>Empezamos nuevo curso<span class=\"ez-toc-section-end\"><\/span><\/h2>\n<figure id=\"attachment_10906\" aria-describedby=\"caption-attachment-10906\" style=\"width: 960px\" class=\"wp-caption aligncenter\"><a href=\"https:\/\/mueblesdetena.es\/ru_ru\/dormitorio-juvenil-hn130\/\"><img fetchpriority=\"high\" decoding=\"async\" class=\"wp-image-10906 size-full\" title=\"Comienza el nuevo a\u00f1o\" src=\"https:\/\/mueblesdetena.es\/wp-content\/uploads\/2020\/04\/HN130.jpg\" alt=\"Comienza el nuevo a\u00f1o\" width=\"960\" height=\"600\" \/><\/a><figcaption id=\"caption-attachment-10906\" class=\"wp-caption-text\"><em>Comienza el nuevo a\u00f1o<\/em><\/figcaption><\/figure>\n<p style=\"text-align: center;\">En \u00e9ste \u00faltimo a\u00f1o hemos sufrido muchos cambios y vaivenes as\u00ed como una situaci\u00f3n ins\u00f3lita: quedarnos en casa.<\/p>\n<p style=\"text-align: center;\">Para ello, nada mejor que <a href=\"https:\/\/mueblesdetena.es\/ru_ru\/\">renovar tu casa<\/a> y adaptarla a las <strong>nuevas necesidades<\/strong> y usos que vas a tener que darles durante \u00e9ste a\u00f1o.<\/p>\n<p style=\"text-align: center;\">Dado la <strong>incertidumbre con le nuevo a\u00f1o escolar<\/strong>, nada mejor que mejorar las <a href=\"https:\/\/mueblesdetena.es\/ru_ru\/muebles-juveniles-composiciones-con-estilo\/\">habitaciones juveniles <\/a>para ir calentando motores y poder anticiparte a las nuevas maneras de hacer la vuelta al cole.<\/p>\n<p style=\"text-align: center;\">Te vamos a dar unos consejos muy importantes para que los mas \u00abpeques\u00bb y los no tan peques de la casa puedan pasar un nuevo a\u00f1o en las mejores condiciones y en tu casa. \u00bfEmpezamos?<\/p>\n<h2 style=\"text-align: center;\"><span class=\"ez-toc-section\" id=\"COMPOSICIONES_JUVENILES_NO_APTO_PARA_ABURRIDOS\"><\/span>COMPOSICIONES JUVENILES: NO APTO PARA ABURRIDOS<span class=\"ez-toc-section-end\"><\/span><\/h2>\n<figure id=\"attachment_3494\" aria-describedby=\"caption-attachment-3494\" style=\"width: 1200px\" class=\"wp-caption aligncenter\"><a href=\"https:\/\/mueblesdetena.es\/ru_ru\/cama-alta-con-escritorio-f206\/\"><img decoding=\"async\" class=\"wp-image-3494 size-full\" title=\"Composiciones Juveniles no aburridas\" src=\"https:\/\/mueblesdetena.es\/wp-content\/uploads\/2018\/06\/cama-alta-f206.jpg\" alt=\"Composiciones Juveniles no aburridas\" width=\"1200\" height=\"885\" \/><\/a><figcaption id=\"caption-attachment-3494\" class=\"wp-caption-text\">Composiciones Juveniles no aburridas<\/figcaption><\/figure>\n<p style=\"text-align: center;\">Si buscas algo diferente para tus hijos pero que a la vez les aporte la motivaci\u00f3n y la creatividad para potenciar sus sue\u00f1os, nada mejor que \u00e9sta composici\u00f3n minimalista y pr\u00e1ctica: <a href=\"https:\/\/mueblesdetena.es\/ru_ru\/cama-alta-con-escritorio-f206\/\">Cama Alta con escritorio<\/a>.<\/p>\n<p style=\"text-align: center;\">Con su <strong>escritorio inferior<\/strong> podr\u00e1s aprovechar al m\u00e1ximo el<strong> espacio de su estancia<\/strong> y a la vez darle privacidad, as\u00ed como un dise\u00f1o \u00abclean\u00bb que favorecer\u00e1 y ayudar\u00e1 en los momentos de mayor estr\u00e9s cuando est\u00e9n en modo <em>online <\/em>desde tu hogar.<\/p>\n<p style=\"text-align: center;\">Facilitarles confort, creatividad y concentraci\u00f3n nunca fue tan f\u00e1cil.<\/p>\n<h2 style=\"text-align: center;\"><span class=\"ez-toc-section\" id=\"CAMAS_ALTAS_SUENOS_ALTOS\"><\/span>CAMAS ALTAS, SUE\u00d1OS ALTOS<span class=\"ez-toc-section-end\"><\/span><\/h2>\n<figure id=\"attachment_7415\" aria-describedby=\"caption-attachment-7415\" style=\"width: 916px\" class=\"wp-caption aligncenter\"><a href=\"https:\/\/mueblesdetena.es\/ru_ru\/cama-alta-block-314-rmb\/\"><img decoding=\"async\" class=\"wp-image-7415 size-full\" title=\"Los sue\u00f1os son posibles\" src=\"https:\/\/mueblesdetena.es\/wp-content\/uploads\/2019\/02\/cama-alta-rimobel-h314.jpg\" alt=\"Los sue\u00f1os son posibles\" width=\"916\" height=\"531\" \/><\/a><figcaption id=\"caption-attachment-7415\" class=\"wp-caption-text\">Los sue\u00f1os son posibles<\/figcaption><\/figure>\n<p style=\"text-align: center;\">Con \u00e9sta <a href=\"https:\/\/mueblesdetena.es\/ru_ru\/cama-alta-block-314-rmb\/\">cama alta y su composici\u00f3n de escritorio y armarios<\/a>, tendr\u00e1s garantizado todo el bienestar, salud, confort, practicidad y motivaci\u00f3n que tus hij@s van a necesitar en un nuevo a\u00f1o, lleno de incertidumbres a nivel escolar.<\/p>\n<p style=\"text-align: center;\">Con \u00e9sta<strong> composici\u00f3n, podr\u00e1s almacenar y establecer un orden en su habitaci\u00f3n<\/strong> haci\u00e9ndoles participes del mismo por su versatilidad a la hora de guardar todo lo que necesitan.<\/p>\n<p style=\"text-align: center;\">Si quieres proporcionarles la mejor estancia en momentos cambiantes, nada mejor que potenciar sus sue\u00f1os y hazlo con&#8230;\u00a1Altura \ud83d\ude0d!<\/p>\n<h2 style=\"text-align: center;\"><span class=\"ez-toc-section\" id=\"DOBLE_COMPANIA_DOBLE_CREATIVIDAD\"><\/span>DOBLE COMPA\u00d1\u00cdA, DOBLE CREATIVIDAD<span class=\"ez-toc-section-end\"><\/span><\/h2>\n<figure id=\"attachment_6488\" aria-describedby=\"caption-attachment-6488\" style=\"width: 986px\" class=\"wp-caption aligncenter\"><a href=\"https:\/\/mueblesdetena.es\/ru_ru\/litera-tren-con-escritorio-extensible-frm\/\"><img loading=\"lazy\" decoding=\"async\" class=\"wp-image-6488 size-full\" title=\"Si en tu casa hay doble creatividad\" src=\"https:\/\/mueblesdetena.es\/wp-content\/uploads\/2018\/10\/GLICERIO-CHAVES-JUVENIL-DESCONOCIDO.jpg\" alt=\"Si en tu casa hay doble creatividad\" width=\"986\" height=\"614\" \/><\/a><figcaption id=\"caption-attachment-6488\" class=\"wp-caption-text\">Si en tu casa hay doble creatividad<\/figcaption><\/figure>\n<p style=\"text-align: center;\">Por supuesto en <strong>Muebles de Tena<\/strong>, nunca nos olvidamos de las familias numerosas y m\u00e1s en tiempos inciertos. Si quieres una composici\u00f3n que estimule a tus hijos por igual, no tienes espacio pero quieres ofrecerles toda las comodidades que necesitan, \u00e9sta composici\u00f3n es la tuya: <a href=\"https:\/\/mueblesdetena.es\/ru_ru\/litera-tren-con-escritorio-extensible-frm\/\">Cama tren con escritorio extensible<\/a>.<\/p>\n<p style=\"text-align: center;\">\u00c9ste tipo de composiciones en familias numerosas son <strong>ideales por la cantidad de espacio que reducen<\/strong> y la capacidad de almacenaje que poseen.<\/p>\n<p style=\"text-align: center;\">\u00a1No dejes pasar tu oportunidad de ofrecerles lo mejor!\ud83d\udc69\ud83d\udc66<\/p>\n<p style=\"text-align: center;\">En Muebles de Tena siempre estamos a la vanguardia de la decoraci\u00f3n y las necesidades de nuestros clientes.<\/p>\n<p style=\"text-align: center;\">Si tienes cualquier duda, contacta con nosotros por <a href=\"\/ru_ru\/detenaxp@yahoo.es\/\">email<\/a> o en nuestro Tel\u00e9fono: 93 460 04 54 o WHATSAPP 615 570 307<\/p>\n<p style=\"text-align: center;\">","protected":false},"excerpt":{"rendered":"<p>Empezamos nuevo curso En \u00e9ste \u00faltimo a\u00f1o hemos sufrido muchos cambios y vaivenes as\u00ed como una situaci\u00f3n ins\u00f3lita: quedarnos en casa. Para ello, nada mejor que renovar tu casa y adaptarla a las nuevas necesidades y usos que vas a tener que darles durante \u00e9ste a\u00f1o. Dado la incertidumbre con le nuevo a\u00f1o escolar, nada [&hellip;]<\/p>\n","protected":false},"author":1,"featured_media":0,"comment_status":"closed","ping_status":"closed","sticky":false,"template":"","format":"standard","meta":{"site-sidebar-layout":"default","site-content-layout":"","ast-site-content-layout":"default","site-content-style":"default","site-sidebar-style":"default","ast-global-header-display":"","ast-banner-title-visibility":"","ast-main-header-display":"","ast-hfb-above-header-display":"","ast-hfb-below-header-display":"","ast-hfb-mobile-header-display":"","site-post-title":"","ast-breadcrumbs-content":"","ast-featured-img":"","footer-sml-layout":"","ast-disable-related-posts":"","theme-transparent-header-meta":"","adv-header-id-meta":"","stick-header-meta":"","header-above-stick-meta":"","header-main-stick-meta":"","header-below-stick-meta":"","astra-migrate-meta-layouts":"default","ast-page-background-enabled":"default","ast-page-background-meta":{"desktop":{"background-color":"var(--ast-global-color-4)","background-image":"","background-repeat":"repeat","background-position":"center center","background-size":"auto","background-attachment":"scroll","background-type":"","background-media":"","overlay-type":"","overlay-color":"","overlay-opacity":"","overlay-gradient":""},"tablet":{"background-color":"","background-image":"","background-repeat":"repeat","background-position":"center center","background-size":"auto","background-attachment":"scroll","background-type":"","background-media":"","overlay-type":"","overlay-color":"","overlay-opacity":"","overlay-gradient":""},"mobile":{"background-color":"","background-image":"","background-repeat":"repeat","background-position":"center center","background-size":"auto","background-attachment":"scroll","background-type":"","background-media":"","overlay-type":"","overlay-color":"","overlay-opacity":"","overlay-gradient":""}},"ast-content-background-meta":{"desktop":{"background-color":"var(--ast-global-color-5)","background-image":"","background-repeat":"repeat","background-position":"center center","background-size":"auto","background-attachment":"scroll","background-type":"","background-media":"","overlay-type":"","overlay-color":"","overlay-opacity":"","overlay-gradient":""},"tablet":{"background-color":"var(--ast-global-color-5)","background-image":"","background-repeat":"repeat","background-position":"center center","background-size":"auto","background-attachment":"scroll","background-type":"","background-media":"","overlay-type":"","overlay-color":"","overlay-opacity":"","overlay-gradient":""},"mobile":{"background-color":"var(--ast-global-color-5)","background-image":"","background-repeat":"repeat","background-position":"center center","background-size":"auto","background-attachment":"scroll","background-type":"","background-media":"","overlay-type":"","overlay-color":"","overlay-opacity":"","overlay-gradient":""}},"_joinchat":[],"footnotes":""},"categories":[1],"tags":[129,92,130,131,132],"class_list":["post-11197","post","type-post","status-publish","format-standard","hentry","category-sin-categoria","tag-camas-juveniles","tag-composiciones-juveniles","tag-minimalista","tag-muebles-ros","tag-renueva-tu-espacio"],"_links":{"self":[{"href":"https:\/\/mueblesdetena.es\/ru_ru\/wp-json\/wp\/v2\/posts\/11197","targetHints":{"allow":["GET"]}}],"collection":[{"href":"https:\/\/mueblesdetena.es\/ru_ru\/wp-json\/wp\/v2\/posts"}],"about":[{"href":"https:\/\/mueblesdetena.es\/ru_ru\/wp-json\/wp\/v2\/types\/post"}],"author":[{"embeddable":true,"href":"https:\/\/mueblesdetena.es\/ru_ru\/wp-json\/wp\/v2\/users\/1"}],"replies":[{"embeddable":true,"href":"https:\/\/mueblesdetena.es\/ru_ru\/wp-json\/wp\/v2\/comments?post=11197"}],"version-history":[{"count":0,"href":"https:\/\/mueblesdetena.es\/ru_ru\/wp-json\/wp\/v2\/posts\/11197\/revisions"}],"wp:attachment":[{"href":"https:\/\/mueblesdetena.es\/ru_ru\/wp-json\/wp\/v2\/media?parent=11197"}],"wp:term":[{"taxonomy":"category","embeddable":true,"href":"https:\/\/mueblesdetena.es\/ru_ru\/wp-json\/wp\/v2\/categories?post=11197"},{"taxonomy":"post_tag","embeddable":true,"href":"https:\/\/mueblesdetena.es\/ru_ru\/wp-json\/wp\/v2\/tags?post=11197"}],"curies":[{"name":"wp","href":"https:\/\/api.w.org\/{rel}","templated":true}]}}