{"id":11209,"date":"2020-09-14T11:00:56","date_gmt":"2020-09-14T11:00:56","guid":{"rendered":"https:\/\/mueblesdetena.es\/?p=11209"},"modified":"2020-09-14T11:00:56","modified_gmt":"2020-09-14T11:00:56","slug":"aprovecha-espacio-camas-abatibles","status":"publish","type":"post","link":"https:\/\/mueblesdetena.es\/ru_ru\/aprovecha-espacio-camas-abatibles\/","title":{"rendered":"Aprovecha todo tu espacio con camas abatibles de matrimonio \ud83d\udc4c"},"content":{"rendered":"<div id=\"ez-toc-container\" class=\"ez-toc-v2_0_85 counter-hierarchy ez-toc-counter ez-toc-grey ez-toc-container-direction\">\n<div class=\"ez-toc-title-container\">\n<p class=\"ez-toc-title\" style=\"cursor:inherit\">Table of Contents<\/p>\n<span class=\"ez-toc-title-toggle\"><a href=\"#\" class=\"ez-toc-pull-right ez-toc-btn ez-toc-btn-xs ez-toc-btn-default ez-toc-toggle\" aria-label=\"Toggle Table of Content\"><span class=\"ez-toc-js-icon-con\"><span class=\"\"><span class=\"eztoc-hide\" style=\"display:none;\">Toggle<\/span><span class=\"ez-toc-icon-toggle-span\"><svg style=\"fill: #999;color:#999\" xmlns=\"http:\/\/www.w3.org\/2000\/svg\" class=\"list-377408\" width=\"20px\" height=\"20px\" viewbox=\"0 0 24 24\" fill=\"none\"><path d=\"M6 6H4v2h2V6zm14 0H8v2h12V6zM4 11h2v2H4v-2zm16 0H8v2h12v-2zM4 16h2v2H4v-2zm16 0H8v2h12v-2z\" fill=\"currentColor\"><\/path><\/svg><svg style=\"fill: #999;color:#999\" class=\"arrow-unsorted-368013\" xmlns=\"http:\/\/www.w3.org\/2000\/svg\" width=\"10px\" height=\"10px\" viewbox=\"0 0 24 24\" version=\"1.2\" baseprofile=\"tiny\"><path d=\"M18.2 9.3l-6.2-6.3-6.2 6.3c-.2.2-.3.4-.3.7s.1.5.3.7c.2.2.4.3.7.3h11c.3 0 .5-.1.7-.3.2-.2.3-.5.3-.7s-.1-.5-.3-.7zM5.8 14.7l6.2 6.3 6.2-6.3c.2-.2.3-.5.3-.7s-.1-.5-.3-.7c-.2-.2-.4-.3-.7-.3h-11c-.3 0-.5.1-.7.3-.2.2-.3.5-.3.7s.1.5.3.7z\"\/><\/svg><\/span><\/span><\/span><\/a><\/span><\/div>\n<nav><ul class='ez-toc-list ez-toc-list-level-1' ><li class='ez-toc-page-1 ez-toc-heading-level-2'><a class=\"ez-toc-link ez-toc-heading-1\" href=\"https:\/\/mueblesdetena.es\/ru_ru\/aprovecha-espacio-camas-abatibles\/#Camas_abatibles_de_matrimonio\" >Camas abatibles de matrimonio<\/a><\/li><li class='ez-toc-page-1 ez-toc-heading-level-2'><a class=\"ez-toc-link ez-toc-heading-2\" href=\"https:\/\/mueblesdetena.es\/ru_ru\/aprovecha-espacio-camas-abatibles\/#Calidez_y_madera\" >Calidez y madera<\/a><\/li><li class='ez-toc-page-1 ez-toc-heading-level-2'><a class=\"ez-toc-link ez-toc-heading-3\" href=\"https:\/\/mueblesdetena.es\/ru_ru\/aprovecha-espacio-camas-abatibles\/#Muebles_con_Soul\" >Muebles con Soul<\/a><\/li><li class='ez-toc-page-1 ez-toc-heading-level-2'><a class=\"ez-toc-link ez-toc-heading-4\" href=\"https:\/\/mueblesdetena.es\/ru_ru\/aprovecha-espacio-camas-abatibles\/#Decoracion_y_experiencia\" >Decoraci\u00f3n y experiencia<\/a><\/li><\/ul><\/nav><\/div>\n<h2 style=\"text-align: center;\"><span class=\"ez-toc-section\" id=\"Camas_abatibles_de_matrimonio\"><\/span>Camas abatibles de matrimonio<span class=\"ez-toc-section-end\"><\/span><\/h2>\n<figure id=\"attachment_7051\" aria-describedby=\"caption-attachment-7051\" style=\"width: 843px\" class=\"wp-caption aligncenter\"><a href=\"https:\/\/mueblesdetena.es\/ru_ru\/cama-abatible-matrimonio-rmb414\/\"><img fetchpriority=\"high\" decoding=\"async\" class=\"wp-image-7051 size-full\" title=\"Reinventa tu dormitorio de matrimonio\" src=\"https:\/\/mueblesdetena.es\/wp-content\/uploads\/2019\/01\/abatible-rimobel-h414.jpg\" alt=\"Reinventa tu dormitorio de matrimonio\" width=\"843\" height=\"619\" \/><\/a><figcaption id=\"caption-attachment-7051\" class=\"wp-caption-text\">Reinventa tu dormitorio de matrimonio<\/figcaption><\/figure>\n<p>Muchas veces, pensamos que para <a href=\"https:\/\/mueblesdetena.es\/ru_ru\/dormitorios-matrimonio\/\">decorar nuestra habitaci\u00f3n de matrimonio<\/a>, \u00e9sta ha de ser convencional, pero \u00a1nada m\u00e1s lejos de la realidad!<\/p>\n<p>Si tenemos un espacio reducido pero al que queremos sacar el m\u00e1ximo, podemos tener <strong>nuestra cama de matrimonio <\/strong>perfecta, siendo plegable y as\u00ed poder aprovechar el almacenaje que tiene estos, para poder a\u00f1adir un escritorio, librer\u00eda y otros accesorios necesarios para el d\u00eda a d\u00eda.<\/p>\n<h2 style=\"text-align: center;\"><span class=\"ez-toc-section\" id=\"Calidez_y_madera\"><\/span>Calidez y madera<span class=\"ez-toc-section-end\"><\/span><\/h2>\n<figure id=\"attachment_10142\" aria-describedby=\"caption-attachment-10142\" style=\"width: 1200px\" class=\"wp-caption aligncenter\"><a href=\"https:\/\/mueblesdetena.es\/ru_ru\/dormitorio-de-matrimonio-jordan222\/\"><img decoding=\"async\" class=\"wp-image-10142 size-full\" title=\"Dormitorio en madera\" src=\"https:\/\/mueblesdetena.es\/wp-content\/uploads\/2020\/01\/dormitorio-de-matrimonio-economico.jpg\" alt=\"Dormitorio en madera\" width=\"1200\" height=\"600\" \/><\/a><figcaption id=\"caption-attachment-10142\" class=\"wp-caption-text\">Dormitorio en madera<\/figcaption><\/figure>\n<p>Si tienes un espacio amplio, puedes optar por una <a href=\"https:\/\/mueblesdetena.es\/ru_ru\/dormitorio-de-matrimonio-jordan222\/\">composici\u00f3n en madera<\/a>, para aumentar el espacio y tener almacenaje adecuado para ti.<\/p>\n<p>\u00c9sta composici\u00f3n har\u00e1 las delicias de los amantes de lo rustico y el <strong>minimalismo<\/strong> m\u00e1s n\u00f3rdico. Muebles en tonos claros y con un toque de madera que podr\u00e1s personalizar el gusto.<\/p>\n<h2 style=\"text-align: center;\"><span class=\"ez-toc-section\" id=\"Muebles_con_Soul\"><\/span>Muebles con Soul<span class=\"ez-toc-section-end\"><\/span><\/h2>\n<figure id=\"attachment_6870\" aria-describedby=\"caption-attachment-6870\" style=\"width: 1238px\" class=\"wp-caption aligncenter\"><a href=\"https:\/\/mueblesdetena.es\/ru_ru\/dormitorio-matrimonio-048-soul-blanco-marmol\/\"><img decoding=\"async\" class=\"wp-image-6870 size-full\" title=\"Muebles con Soul\" src=\"https:\/\/mueblesdetena.es\/wp-content\/uploads\/2018\/12\/NewUrban19-48.jpg\" alt=\"Muebles con Soul\" width=\"1238\" height=\"620\" \/><\/a><figcaption id=\"caption-attachment-6870\" class=\"wp-caption-text\">Muebles con Soul<\/figcaption><\/figure>\n<p>Para los apasionados del <em>soul<\/em>, traemos un <a href=\"https:\/\/mueblesdetena.es\/ru_ru\/dormitorio-matrimonio-048-soul-blanco-marmol\/\">dise\u00f1o para dormitorio de matrimonio<\/a> ideal para almas solitarias y con un gusto principal por el blanco y el m\u00e1rmol.<\/p>\n<p>\u00c9ste tipo de dise\u00f1os hacen que se <strong>ampl\u00ede el espacio<\/strong> y consigamos un estilo <em>zen<\/em> y tranquilizador para poder conseguir un sue\u00f1o reparador y relajante.<\/p>\n<h2 style=\"text-align: center;\"><span class=\"ez-toc-section\" id=\"Decoracion_y_experiencia\"><\/span>Decoraci\u00f3n y experiencia<span class=\"ez-toc-section-end\"><\/span><\/h2>\n<p>Si quieres cambiar tu estilo y ser asesorado por expertos en decoraci\u00f3n, <a href=\"https:\/\/mueblesdetena.es\/ru_ru\/contacto\/\">no dudes en contactar con los expertos<\/a> de Muebles de Tena: te ayudaremos en todo lo necesario para poder disfrutar de tu espacio de la mejor manera.<\/p>\n<p>&nbsp;<\/p>","protected":false},"excerpt":{"rendered":"<p>Camas abatibles de matrimonio Muchas veces, pensamos que para decorar nuestra habitaci\u00f3n de matrimonio, \u00e9sta ha de ser convencional, pero \u00a1nada m\u00e1s lejos de la realidad! Si tenemos un espacio reducido pero al que queremos sacar el m\u00e1ximo, podemos tener nuestra cama de matrimonio perfecta, siendo plegable y as\u00ed poder aprovechar el almacenaje que tiene [&hellip;]<\/p>\n","protected":false},"author":1,"featured_media":0,"comment_status":"closed","ping_status":"closed","sticky":false,"template":"","format":"standard","meta":{"site-sidebar-layout":"default","site-content-layout":"","ast-site-content-layout":"default","site-content-style":"default","site-sidebar-style":"default","ast-global-header-display":"","ast-banner-title-visibility":"","ast-main-header-display":"","ast-hfb-above-header-display":"","ast-hfb-below-header-display":"","ast-hfb-mobile-header-display":"","site-post-title":"","ast-breadcrumbs-content":"","ast-featured-img":"","footer-sml-layout":"","ast-disable-related-posts":"","theme-transparent-header-meta":"","adv-header-id-meta":"","stick-header-meta":"","header-above-stick-meta":"","header-main-stick-meta":"","header-below-stick-meta":"","astra-migrate-meta-layouts":"default","ast-page-background-enabled":"default","ast-page-background-meta":{"desktop":{"background-color":"var(--ast-global-color-4)","background-image":"","background-repeat":"repeat","background-position":"center center","background-size":"auto","background-attachment":"scroll","background-type":"","background-media":"","overlay-type":"","overlay-color":"","overlay-opacity":"","overlay-gradient":""},"tablet":{"background-color":"","background-image":"","background-repeat":"repeat","background-position":"center center","background-size":"auto","background-attachment":"scroll","background-type":"","background-media":"","overlay-type":"","overlay-color":"","overlay-opacity":"","overlay-gradient":""},"mobile":{"background-color":"","background-image":"","background-repeat":"repeat","background-position":"center center","background-size":"auto","background-attachment":"scroll","background-type":"","background-media":"","overlay-type":"","overlay-color":"","overlay-opacity":"","overlay-gradient":""}},"ast-content-background-meta":{"desktop":{"background-color":"var(--ast-global-color-5)","background-image":"","background-repeat":"repeat","background-position":"center center","background-size":"auto","background-attachment":"scroll","background-type":"","background-media":"","overlay-type":"","overlay-color":"","overlay-opacity":"","overlay-gradient":""},"tablet":{"background-color":"var(--ast-global-color-5)","background-image":"","background-repeat":"repeat","background-position":"center center","background-size":"auto","background-attachment":"scroll","background-type":"","background-media":"","overlay-type":"","overlay-color":"","overlay-opacity":"","overlay-gradient":""},"mobile":{"background-color":"var(--ast-global-color-5)","background-image":"","background-repeat":"repeat","background-position":"center center","background-size":"auto","background-attachment":"scroll","background-type":"","background-media":"","overlay-type":"","overlay-color":"","overlay-opacity":"","overlay-gradient":""}},"_joinchat":[],"footnotes":""},"categories":[1],"tags":[133,134,135,137],"class_list":["post-11209","post","type-post","status-publish","format-standard","hentry","category-sin-categoria","tag-decoracion","tag-espacio","tag-minimalismo","tag-muebles-de-matrimonio"],"_links":{"self":[{"href":"https:\/\/mueblesdetena.es\/ru_ru\/wp-json\/wp\/v2\/posts\/11209","targetHints":{"allow":["GET"]}}],"collection":[{"href":"https:\/\/mueblesdetena.es\/ru_ru\/wp-json\/wp\/v2\/posts"}],"about":[{"href":"https:\/\/mueblesdetena.es\/ru_ru\/wp-json\/wp\/v2\/types\/post"}],"author":[{"embeddable":true,"href":"https:\/\/mueblesdetena.es\/ru_ru\/wp-json\/wp\/v2\/users\/1"}],"replies":[{"embeddable":true,"href":"https:\/\/mueblesdetena.es\/ru_ru\/wp-json\/wp\/v2\/comments?post=11209"}],"version-history":[{"count":0,"href":"https:\/\/mueblesdetena.es\/ru_ru\/wp-json\/wp\/v2\/posts\/11209\/revisions"}],"wp:attachment":[{"href":"https:\/\/mueblesdetena.es\/ru_ru\/wp-json\/wp\/v2\/media?parent=11209"}],"wp:term":[{"taxonomy":"category","embeddable":true,"href":"https:\/\/mueblesdetena.es\/ru_ru\/wp-json\/wp\/v2\/categories?post=11209"},{"taxonomy":"post_tag","embeddable":true,"href":"https:\/\/mueblesdetena.es\/ru_ru\/wp-json\/wp\/v2\/tags?post=11209"}],"curies":[{"name":"wp","href":"https:\/\/api.w.org\/{rel}","templated":true}]}}