{"id":11516,"date":"2020-12-14T16:10:53","date_gmt":"2020-12-14T16:10:53","guid":{"rendered":"https:\/\/mueblesdetena.es\/?p=11516"},"modified":"2020-12-14T16:10:53","modified_gmt":"2020-12-14T16:10:53","slug":"tendencias-dormitorio-ano-siguiente","status":"publish","type":"post","link":"https:\/\/mueblesdetena.es\/ru_ru\/tendencias-dormitorio-ano-siguiente\/","title":{"rendered":"Tendencias de dormitorio de este a\u00f1o y el siguiente \ud83d\ude0a"},"content":{"rendered":"<p style=\"text-align: center;\">\u00bfTe has preguntado alguna vez c\u00f3mo ser\u00eda tu dormitorio perfecto? <strong>\u00a1Eso quiere decir que necesitas nuevos <em>tips<\/em> para aprovechar tu dormitorio al m\u00e1ximo!<\/strong> Nosotros, Muebles de Tena, te los ofrecemos, aqu\u00ed y ahora.<\/p>\n<div id=\"ez-toc-container\" class=\"ez-toc-v2_0_85 counter-hierarchy ez-toc-counter ez-toc-grey ez-toc-container-direction\">\n<div class=\"ez-toc-title-container\">\n<p class=\"ez-toc-title\" style=\"cursor:inherit\">Table of Contents<\/p>\n<span class=\"ez-toc-title-toggle\"><a href=\"#\" class=\"ez-toc-pull-right ez-toc-btn ez-toc-btn-xs ez-toc-btn-default ez-toc-toggle\" aria-label=\"Toggle Table of Content\"><span class=\"ez-toc-js-icon-con\"><span class=\"\"><span class=\"eztoc-hide\" style=\"display:none;\">Toggle<\/span><span class=\"ez-toc-icon-toggle-span\"><svg style=\"fill: #999;color:#999\" xmlns=\"http:\/\/www.w3.org\/2000\/svg\" class=\"list-377408\" width=\"20px\" height=\"20px\" viewbox=\"0 0 24 24\" fill=\"none\"><path d=\"M6 6H4v2h2V6zm14 0H8v2h12V6zM4 11h2v2H4v-2zm16 0H8v2h12v-2zM4 16h2v2H4v-2zm16 0H8v2h12v-2z\" fill=\"currentColor\"><\/path><\/svg><svg style=\"fill: #999;color:#999\" class=\"arrow-unsorted-368013\" xmlns=\"http:\/\/www.w3.org\/2000\/svg\" width=\"10px\" height=\"10px\" viewbox=\"0 0 24 24\" version=\"1.2\" baseprofile=\"tiny\"><path d=\"M18.2 9.3l-6.2-6.3-6.2 6.3c-.2.2-.3.4-.3.7s.1.5.3.7c.2.2.4.3.7.3h11c.3 0 .5-.1.7-.3.2-.2.3-.5.3-.7s-.1-.5-.3-.7zM5.8 14.7l6.2 6.3 6.2-6.3c.2-.2.3-.5.3-.7s-.1-.5-.3-.7c-.2-.2-.4-.3-.7-.3h-11c-.3 0-.5.1-.7.3-.2.2-.3.5-.3.7s.1.5.3.7z\"\/><\/svg><\/span><\/span><\/span><\/a><\/span><\/div>\n<nav><ul class='ez-toc-list ez-toc-list-level-1' ><li class='ez-toc-page-1 ez-toc-heading-level-2'><a class=\"ez-toc-link ez-toc-heading-1\" href=\"https:\/\/mueblesdetena.es\/ru_ru\/tendencias-dormitorio-ano-siguiente\/#Nuevas_tendencias_desde_arriba\" >Nuevas tendencias desde arriba<\/a><\/li><li class='ez-toc-page-1 ez-toc-heading-level-2'><a class=\"ez-toc-link ez-toc-heading-2\" href=\"https:\/\/mueblesdetena.es\/ru_ru\/tendencias-dormitorio-ano-siguiente\/#Chic_y_clasico_una_combinacion_perfecta\" >Chic y cl\u00e1sico, una combinaci\u00f3n perfecta<\/a><\/li><li class='ez-toc-page-1 ez-toc-heading-level-2'><a class=\"ez-toc-link ez-toc-heading-3\" href=\"https:\/\/mueblesdetena.es\/ru_ru\/tendencias-dormitorio-ano-siguiente\/#Opuesto_y_compatible\" >Opuesto y compatible<\/a><\/li><li class='ez-toc-page-1 ez-toc-heading-level-2'><a class=\"ez-toc-link ez-toc-heading-4\" href=\"https:\/\/mueblesdetena.es\/ru_ru\/tendencias-dormitorio-ano-siguiente\/#Colores_sencillos_yo_llamativos\" >Colores sencillos y\/o llamativos<\/a><\/li><li class='ez-toc-page-1 ez-toc-heading-level-2'><a class=\"ez-toc-link ez-toc-heading-5\" href=\"https:\/\/mueblesdetena.es\/ru_ru\/tendencias-dormitorio-ano-siguiente\/#Complementos_iluminados\" >Complementos iluminados<\/a><\/li><li class='ez-toc-page-1 ez-toc-heading-level-2'><a class=\"ez-toc-link ez-toc-heading-6\" href=\"https:\/\/mueblesdetena.es\/ru_ru\/tendencias-dormitorio-ano-siguiente\/#%C2%A1Contacta_si_necesitas_ayuda\" >\u00a1Contacta si necesitas ayuda!<\/a><\/li><\/ul><\/nav><\/div>\n<h2 style=\"text-align: center;\"><span class=\"ez-toc-section\" id=\"Nuevas_tendencias_desde_arriba\"><\/span>Nuevas tendencias desde arriba<span class=\"ez-toc-section-end\"><\/span><\/h2>\n<figure id=\"attachment_11519\" aria-describedby=\"caption-attachment-11519\" style=\"width: 800px\" class=\"wp-caption aligncenter\"><a href=\"https:\/\/mueblesdetena.es\/ru_ru\/descanso\/\"><img fetchpriority=\"high\" decoding=\"async\" class=\"wp-image-11519 size-full\" src=\"https:\/\/mueblesdetena.es\/wp-content\/uploads\/2020\/11\/Dormitorio-Techo.jpg\" alt=\"Un techo sencillo pero cambiado\" width=\"800\" height=\"1086\" \/><\/a><figcaption id=\"caption-attachment-11519\" class=\"wp-caption-text\">Un techo sencillo pero cambiado<\/figcaption><\/figure>\n<p style=\"text-align: center;\">El techo de nuestro dormitorio <strong>tambi\u00e9n es una tendencia nueva<\/strong>. Existen varios dise\u00f1os que ese peque\u00f1o lugar casi nunca visto puede complementar, y mucho, adem\u00e1s.<\/p>\n<p style=\"text-align: center;\">Un dise\u00f1o de cuadros, un ventilador sencillito o una l\u00e1mpara de techo son los perfectos candidatos para una buena adici\u00f3n <strong>que te hace prestar atenci\u00f3n a ello en el momento que entras<\/strong>, haci\u00e9ndolo atractivo.<\/p>\n<p style=\"text-align: center;\">\u00a1No lo dudes! Muchos estilos que mencionaremos en este post se pueden utilizar <a href=\"https:\/\/mueblesdetena.es\/ru_ru\/descanso\/\">tanto para el techo como para el dormitorio<\/a> en s\u00ed, por lo tanto, <strong>\u00a1s\u00e9 lo m\u00e1s creativo que puedas con tu techo!<\/strong><\/p>\n<h2 style=\"text-align: center;\"><span class=\"ez-toc-section\" id=\"Chic_y_clasico_una_combinacion_perfecta\"><\/span><em>Chic<\/em> y cl\u00e1sico, una combinaci\u00f3n perfecta<span class=\"ez-toc-section-end\"><\/span><\/h2>\n<figure id=\"attachment_11518\" aria-describedby=\"caption-attachment-11518\" style=\"width: 640px\" class=\"wp-caption aligncenter\"><img decoding=\"async\" class=\"size-full wp-image-11518\" src=\"https:\/\/mueblesdetena.es\/wp-content\/uploads\/2020\/11\/Dormitorio-Escandinavo.jpg\" alt=\"Un estilo chic escandinavo\" width=\"640\" height=\"960\" \/><figcaption id=\"caption-attachment-11518\" class=\"wp-caption-text\">Un estilo <em>chic<\/em> escandinavo<\/figcaption><\/figure>\n<p style=\"text-align: center;\"><strong>Tonos de gris, t\u00edpico estilo escandinavo, sensaciones de nostalgia, glamour\u2026<\/strong> Si te suenan todos estos factores, sabr\u00e1s que estamos hablando de un dormitorio de estilo cl\u00e1sico y elegante.<\/p>\n<p style=\"text-align: center;\">Se caracterizan por combinaciones sencillas de colores c\u00e1lidos t\u00edpicos del estilo escandinavo con accesorios cl\u00e1sicos, por ejemplo. Esta combinaci\u00f3n transmite mucha personalidad y orden, transformando as\u00ed el lugar a uno muy agradable para la vista.<\/p>\n<p style=\"text-align: center;\">Una <a href=\"https:\/\/mueblesdetena.es\/ru_ru\/8274\/\">cama abatible con estanter\u00eda de colores grises<\/a> ser\u00eda muy buena idea con este estilo.<\/p>\n<h2 style=\"text-align: center;\"><span class=\"ez-toc-section\" id=\"Opuesto_y_compatible\"><\/span>Opuesto y compatible<span class=\"ez-toc-section-end\"><\/span><\/h2>\n<figure id=\"attachment_11520\" aria-describedby=\"caption-attachment-11520\" style=\"width: 750px\" class=\"wp-caption aligncenter\"><a href=\"https:\/\/mueblesdetena.es\/ru_ru\/composiciones-juveniles\/\"><img decoding=\"async\" class=\"size-full wp-image-11520\" src=\"https:\/\/mueblesdetena.es\/wp-content\/uploads\/2020\/11\/Dormitorio-Industrial.jpg\" alt=\"Opuesto a la sencillez pero pr\u00e1ctico\" width=\"750\" height=\"931\" \/><\/a><figcaption id=\"caption-attachment-11520\" class=\"wp-caption-text\">Opuesto a la sencillez y pr\u00e1ctico<\/figcaption><\/figure>\n<p style=\"text-align: center;\">Esta combinaci\u00f3n se basa en estilos que son <strong>totalmente opuestos a su tem\u00e1tica<\/strong> y se combinan para hacer un dormitorio \u00fanico y de car\u00e1cter propio.<\/p>\n<p style=\"text-align: center;\">Entre ellos podemos ver habitaciones de <strong>estilo r\u00fastico con accesorios actuales<\/strong> o habitaciones elegantes con accesorios un poco peculiares u ordinarios.<\/p>\n<p style=\"text-align: center;\">Estilos industriales sin estructuras de metal, pero con elementos caracter\u00edsticos <strong>que aportan belleza<\/strong> como en el vintage es otro ejemplo perfecto.<\/p>\n<p style=\"text-align: center;\"><strong>\u00a1Aprovecha tu imaginaci\u00f3n y combina como quieras!<\/strong><\/p>\n<h2 style=\"text-align: center;\"><span class=\"ez-toc-section\" id=\"Colores_sencillos_yo_llamativos\"><\/span>Colores sencillos y\/o llamativos<span class=\"ez-toc-section-end\"><\/span><\/h2>\n<figure id=\"attachment_11522\" aria-describedby=\"caption-attachment-11522\" style=\"width: 511px\" class=\"wp-caption aligncenter\"><a href=\"https:\/\/mueblesdetena.es\/ru_ru\/dormitorios-matrimonio\/\"><img loading=\"lazy\" decoding=\"async\" class=\"size-full wp-image-11522\" src=\"https:\/\/mueblesdetena.es\/wp-content\/uploads\/2020\/11\/Dormitorio-Sencillo.jpg\" alt=\"Sencillez como tendencia de dormitorio\" width=\"511\" height=\"640\" \/><\/a><figcaption id=\"caption-attachment-11522\" class=\"wp-caption-text\">Sencillez como tendencia de dormitorio<\/figcaption><\/figure>\n<p>&nbsp;<\/p>\n<p style=\"text-align: center;\">Una de las tendencias de dormitorio de este a\u00f1o es utilizar un <strong>color sencillo<\/strong> como color principal, as\u00ed se logran composiciones llamativas y din\u00e1micas.<\/p>\n<p style=\"text-align: center;\">Esto no quiere decir que \u00fanicamente tengas que utilizar un solo color, aporta tu car\u00e1cter con mezclas innovadoras y que te inspiren mucho. <strong>\u00a1No tengas miedo y prueba!<\/strong><\/p>\n<h2 style=\"text-align: center;\"><span class=\"ez-toc-section\" id=\"Complementos_iluminados\"><\/span>Complementos iluminados<span class=\"ez-toc-section-end\"><\/span><\/h2>\n<figure id=\"attachment_10512\" aria-describedby=\"caption-attachment-10512\" style=\"width: 1024px\" class=\"wp-caption aligncenter\"><a href=\"https:\/\/mueblesdetena.es\/ru_ru\/cabezal-tapizado-a-lma\/\"><img loading=\"lazy\" decoding=\"async\" class=\"wp-image-10512 size-large\" src=\"https:\/\/mueblesdetena.es\/wp-content\/uploads\/2020\/03\/cabezal-tapizado-alma-1024x640.jpg\" alt=\"Un tapizal como buen complemento\" width=\"1024\" height=\"640\" \/><\/a><figcaption id=\"caption-attachment-10512\" class=\"wp-caption-text\">Un tapizal como buen complemento<\/figcaption><\/figure>\n<p style=\"text-align: center;\">Aplicar <strong>toques de distintos estilos<\/strong> a cualquier complemento del dormitorio ayuda mucho. Puedes probar a cambiar el embellecedor de la puerta por uno de textura m\u00e1s vintage o a\u00f1adir <a href=\"https:\/\/mueblesdetena.es\/ru_ru\/outlet\/\">complementos de varios estilos a la vez<\/a>.<\/p>\n<p style=\"text-align: center;\">Aparte de los complementos, <strong>una buena iluminaci\u00f3n<\/strong> es algo muy interesante para la habitaci\u00f3n. Se suele caracterizar por aportar mucha tranquilidad y paz y, si quieres fomentar la espiritualidad, una vela zen es perfecto para esa ocasi\u00f3n.<\/p>\n<h2 style=\"text-align: center;\"><span class=\"ez-toc-section\" id=\"%C2%A1Contacta_si_necesitas_ayuda\"><\/span>\u00a1Contacta si necesitas ayuda!<span class=\"ez-toc-section-end\"><\/span><\/h2>\n<p style=\"text-align: center;\">Decorar no es un trabajo f\u00e1cil, lo sabemos. Por ello, si necesitas ayuda para fomentar tu imaginaci\u00f3n y estilo, <strong>no dudes en contactar con nosotros, Muebles de Tena.<\/strong><\/p>","protected":false},"excerpt":{"rendered":"<p>\u00bfTe has preguntado alguna vez c\u00f3mo ser\u00eda tu dormitorio perfecto? \u00a1Eso quiere decir que necesitas nuevos tips para aprovechar tu dormitorio al m\u00e1ximo! Nosotros, Muebles de Tena, te los ofrecemos, aqu\u00ed y ahora. Nuevas tendencias desde arriba El techo de nuestro dormitorio tambi\u00e9n es una tendencia nueva. Existen varios dise\u00f1os que ese peque\u00f1o lugar casi [&hellip;]<\/p>\n","protected":false},"author":1,"featured_media":0,"comment_status":"closed","ping_status":"closed","sticky":false,"template":"","format":"standard","meta":{"site-sidebar-layout":"default","site-content-layout":"","ast-site-content-layout":"default","site-content-style":"default","site-sidebar-style":"default","ast-global-header-display":"","ast-banner-title-visibility":"","ast-main-header-display":"","ast-hfb-above-header-display":"","ast-hfb-below-header-display":"","ast-hfb-mobile-header-display":"","site-post-title":"","ast-breadcrumbs-content":"","ast-featured-img":"","footer-sml-layout":"","ast-disable-related-posts":"","theme-transparent-header-meta":"","adv-header-id-meta":"","stick-header-meta":"","header-above-stick-meta":"","header-main-stick-meta":"","header-below-stick-meta":"","astra-migrate-meta-layouts":"default","ast-page-background-enabled":"default","ast-page-background-meta":{"desktop":{"background-color":"var(--ast-global-color-4)","background-image":"","background-repeat":"repeat","background-position":"center center","background-size":"auto","background-attachment":"scroll","background-type":"","background-media":"","overlay-type":"","overlay-color":"","overlay-opacity":"","overlay-gradient":""},"tablet":{"background-color":"","background-image":"","background-repeat":"repeat","background-position":"center center","background-size":"auto","background-attachment":"scroll","background-type":"","background-media":"","overlay-type":"","overlay-color":"","overlay-opacity":"","overlay-gradient":""},"mobile":{"background-color":"","background-image":"","background-repeat":"repeat","background-position":"center center","background-size":"auto","background-attachment":"scroll","background-type":"","background-media":"","overlay-type":"","overlay-color":"","overlay-opacity":"","overlay-gradient":""}},"ast-content-background-meta":{"desktop":{"background-color":"var(--ast-global-color-5)","background-image":"","background-repeat":"repeat","background-position":"center center","background-size":"auto","background-attachment":"scroll","background-type":"","background-media":"","overlay-type":"","overlay-color":"","overlay-opacity":"","overlay-gradient":""},"tablet":{"background-color":"var(--ast-global-color-5)","background-image":"","background-repeat":"repeat","background-position":"center center","background-size":"auto","background-attachment":"scroll","background-type":"","background-media":"","overlay-type":"","overlay-color":"","overlay-opacity":"","overlay-gradient":""},"mobile":{"background-color":"var(--ast-global-color-5)","background-image":"","background-repeat":"repeat","background-position":"center center","background-size":"auto","background-attachment":"scroll","background-type":"","background-media":"","overlay-type":"","overlay-color":"","overlay-opacity":"","overlay-gradient":""}},"_joinchat":[],"footnotes":""},"categories":[1],"tags":[115,117,123,118,119,129,109,92,88,133,110,93,135,130,113,96,127],"class_list":["post-11516","post","type-post","status-publish","format-standard","hentry","category-sin-categoria","tag-camas-abatbiles-metalica","tag-camas-abatibles","tag-camas-abatibles-auxiliares","tag-camas-abatibles-juveniles","tag-camas-abatibles-madera","tag-camas-juveniles","tag-cambiar-look-habitacion-juvenil","tag-composiciones-juveniles","tag-consejos","tag-decoracion","tag-decoracion-juvenil","tag-habitaciones-juveniles","tag-minimalismo","tag-minimalista","tag-mobiliario-juvenil","tag-muebles","tag-muebles-decorativos-auxiliares"],"_links":{"self":[{"href":"https:\/\/mueblesdetena.es\/ru_ru\/wp-json\/wp\/v2\/posts\/11516","targetHints":{"allow":["GET"]}}],"collection":[{"href":"https:\/\/mueblesdetena.es\/ru_ru\/wp-json\/wp\/v2\/posts"}],"about":[{"href":"https:\/\/mueblesdetena.es\/ru_ru\/wp-json\/wp\/v2\/types\/post"}],"author":[{"embeddable":true,"href":"https:\/\/mueblesdetena.es\/ru_ru\/wp-json\/wp\/v2\/users\/1"}],"replies":[{"embeddable":true,"href":"https:\/\/mueblesdetena.es\/ru_ru\/wp-json\/wp\/v2\/comments?post=11516"}],"version-history":[{"count":0,"href":"https:\/\/mueblesdetena.es\/ru_ru\/wp-json\/wp\/v2\/posts\/11516\/revisions"}],"wp:attachment":[{"href":"https:\/\/mueblesdetena.es\/ru_ru\/wp-json\/wp\/v2\/media?parent=11516"}],"wp:term":[{"taxonomy":"category","embeddable":true,"href":"https:\/\/mueblesdetena.es\/ru_ru\/wp-json\/wp\/v2\/categories?post=11516"},{"taxonomy":"post_tag","embeddable":true,"href":"https:\/\/mueblesdetena.es\/ru_ru\/wp-json\/wp\/v2\/tags?post=11516"}],"curies":[{"name":"wp","href":"https:\/\/api.w.org\/{rel}","templated":true}]}}