{"id":11648,"date":"2020-12-14T16:27:29","date_gmt":"2020-12-14T16:27:29","guid":{"rendered":"https:\/\/mueblesdetena.es\/?p=11648"},"modified":"2020-12-14T16:27:29","modified_gmt":"2020-12-14T16:27:29","slug":"continua-teletrabajo-a-gusto-con-estas-tendencias","status":"publish","type":"post","link":"https:\/\/mueblesdetena.es\/ru_ru\/continua-teletrabajo-a-gusto-con-estas-tendencias\/","title":{"rendered":"\u00a1Continua el teletrabajo a gusto con estas tendencias!"},"content":{"rendered":"<p style=\"text-align: center;\">En casa, continuamos el teletrabajo por el COVID, pero a pesar de todo, <strong>\u00a1las tendencias no paran de aparecer!<\/strong> Por lo tanto, hoy, nosotros, Muebles de Tena, os mostraremos nuevas tendencias relacionadas al teletrabajo de este a\u00f1o 2020.<\/p>\n<div id=\"ez-toc-container\" class=\"ez-toc-v2_0_85 counter-hierarchy ez-toc-counter ez-toc-grey ez-toc-container-direction\">\n<div class=\"ez-toc-title-container\">\n<p class=\"ez-toc-title\" style=\"cursor:inherit\">Table of Contents<\/p>\n<span class=\"ez-toc-title-toggle\"><a href=\"#\" class=\"ez-toc-pull-right ez-toc-btn ez-toc-btn-xs ez-toc-btn-default ez-toc-toggle\" aria-label=\"Toggle Table of Content\"><span class=\"ez-toc-js-icon-con\"><span class=\"\"><span class=\"eztoc-hide\" style=\"display:none;\">Toggle<\/span><span class=\"ez-toc-icon-toggle-span\"><svg style=\"fill: #999;color:#999\" xmlns=\"http:\/\/www.w3.org\/2000\/svg\" class=\"list-377408\" width=\"20px\" height=\"20px\" viewbox=\"0 0 24 24\" fill=\"none\"><path d=\"M6 6H4v2h2V6zm14 0H8v2h12V6zM4 11h2v2H4v-2zm16 0H8v2h12v-2zM4 16h2v2H4v-2zm16 0H8v2h12v-2z\" fill=\"currentColor\"><\/path><\/svg><svg style=\"fill: #999;color:#999\" class=\"arrow-unsorted-368013\" xmlns=\"http:\/\/www.w3.org\/2000\/svg\" width=\"10px\" height=\"10px\" viewbox=\"0 0 24 24\" version=\"1.2\" baseprofile=\"tiny\"><path d=\"M18.2 9.3l-6.2-6.3-6.2 6.3c-.2.2-.3.4-.3.7s.1.5.3.7c.2.2.4.3.7.3h11c.3 0 .5-.1.7-.3.2-.2.3-.5.3-.7s-.1-.5-.3-.7zM5.8 14.7l6.2 6.3 6.2-6.3c.2-.2.3-.5.3-.7s-.1-.5-.3-.7c-.2-.2-.4-.3-.7-.3h-11c-.3 0-.5.1-.7.3-.2.2-.3.5-.3.7s.1.5.3.7z\"\/><\/svg><\/span><\/span><\/span><\/a><\/span><\/div>\n<nav><ul class='ez-toc-list ez-toc-list-level-1' ><li class='ez-toc-page-1 ez-toc-heading-level-2'><a class=\"ez-toc-link ez-toc-heading-1\" href=\"https:\/\/mueblesdetena.es\/ru_ru\/continua-teletrabajo-a-gusto-con-estas-tendencias\/#Planta_de_accesorios_en_tu_espacio\" >Planta de accesorios en tu espacio<\/a><\/li><li class='ez-toc-page-1 ez-toc-heading-level-2'><a class=\"ez-toc-link ez-toc-heading-2\" href=\"https:\/\/mueblesdetena.es\/ru_ru\/continua-teletrabajo-a-gusto-con-estas-tendencias\/#Lugares_distintos_mayor_eficiencia\" >Lugares distintos, mayor eficiencia<\/a><\/li><li class='ez-toc-page-1 ez-toc-heading-level-2'><a class=\"ez-toc-link ez-toc-heading-3\" href=\"https:\/\/mueblesdetena.es\/ru_ru\/continua-teletrabajo-a-gusto-con-estas-tendencias\/#Colores_relajantes_la_ultima_tendencia_de_teletrabajo\" >Colores relajantes: la \u00faltima tendencia de teletrabajo<\/a><\/li><li class='ez-toc-page-1 ez-toc-heading-level-2'><a class=\"ez-toc-link ez-toc-heading-4\" href=\"https:\/\/mueblesdetena.es\/ru_ru\/continua-teletrabajo-a-gusto-con-estas-tendencias\/#Teletrabajo_estilo_Passivhaus\" >Teletrabajo estilo Passivhaus<\/a><\/li><li class='ez-toc-page-1 ez-toc-heading-level-2'><a class=\"ez-toc-link ez-toc-heading-5\" href=\"https:\/\/mueblesdetena.es\/ru_ru\/continua-teletrabajo-a-gusto-con-estas-tendencias\/#%C2%A1Contacta_con_nosotros\" >\u00a1Contacta con nosotros!<\/a><\/li><\/ul><\/nav><\/div>\n<h2 style=\"text-align: center;\"><span class=\"ez-toc-section\" id=\"Planta_de_accesorios_en_tu_espacio\"><\/span><strong>Planta de accesorios en tu espacio<\/strong><span class=\"ez-toc-section-end\"><\/span><\/h2>\n<figure id=\"attachment_11656\" aria-describedby=\"caption-attachment-11656\" style=\"width: 564px\" class=\"wp-caption aligncenter\"><a href=\"https:\/\/mueblesdetena.es\/ru_ru\/mesas\/\"><img fetchpriority=\"high\" decoding=\"async\" class=\"size-full wp-image-11656\" src=\"https:\/\/mueblesdetena.es\/wp-content\/uploads\/2020\/12\/TTeletrabajo-Accesorios.jpg\" alt=\"Accesorios en tus estantes para no sentirte vac\u00edo.\" width=\"564\" height=\"845\" \/><\/a><figcaption id=\"caption-attachment-11656\" class=\"wp-caption-text\">Accesorios en tus estantes para no sentirte vac\u00edo.<\/figcaption><\/figure>\n<p style=\"text-align: center;\">\u00bfCrees que tu entorno de trabajo se siente vac\u00edo? Puede que lo que ocurra sea que falten accesorios en tu zona.<\/p>\n<p style=\"text-align: center;\">Una de las tendencias de teletrabajo actuales es <strong>colocar accesorios naturales<\/strong> como son las plantas o, en caso de no ser natural, alguna l\u00e1mpara que d\u00e9 m\u00e1s luz en tu entorno.<\/p>\n<p style=\"text-align: center;\">La luz aporta concentraci\u00f3n, eso hace que no te sientas vac\u00edo a la hora de teletrabajar, aunque el d\u00eda te vaya regular. En caso de que quieras lanzarte y sacar toda tu imaginaci\u00f3n, puedes colocar papel pintado de cualquier paisaje, d\u00e1ndote as\u00ed una distracci\u00f3n positiva.<\/p>\n<h2 style=\"text-align: center;\"><span class=\"ez-toc-section\" id=\"Lugares_distintos_mayor_eficiencia\"><\/span><strong>Lugares distintos, mayor eficiencia<\/strong><span class=\"ez-toc-section-end\"><\/span><\/h2>\n<figure id=\"attachment_11657\" aria-describedby=\"caption-attachment-11657\" style=\"width: 472px\" class=\"wp-caption aligncenter\"><a href=\"https:\/\/mueblesdetena.es\/ru_ru\/sillas-escritorio-oficina\/\"><img decoding=\"async\" class=\"size-full wp-image-11657\" src=\"https:\/\/mueblesdetena.es\/wp-content\/uploads\/2020\/12\/TTeletrabajo-Lugar-Distinto.jpg\" alt=\"Tu terraza es tambien un lugar perfecto.\" width=\"472\" height=\"604\" \/><\/a><figcaption id=\"caption-attachment-11657\" class=\"wp-caption-text\">Tu terraza es tambien un lugar perfecto.<\/figcaption><\/figure>\n<p style=\"text-align: center;\">\u00bfHas pensado alguna vez en colocar tu zona de teletrabajo <strong>en otro sitio que no sea una habitaci\u00f3n o un despacho<\/strong>? \u00a1Suelen salir buenos resultados de ello!<\/p>\n<p style=\"text-align: center;\"><a href=\"https:\/\/mueblesdetena.es\/ru_ru\/comedores\/\">Desde el sal\u00f3n hasta la propia cocina<\/a>, tu zona de trabajo puede ser <strong>adaptable<\/strong> a muchas situaciones, como, por ejemplo, si creas una oficina en la cocina, podr\u00e1s tener tu caf\u00e9 listo en cualquier momento.<\/p>\n<p style=\"text-align: center;\"><strong>\u00a1No te cortes! Cualquier lugar de tu casa es un buen lugar para trabajar.<\/strong><\/p>\n<p style=\"text-align: center;\">Utiliza comodidades como escritorios o camas abatibles para organizarte mejor en tu habitaci\u00f3n o en la zona en la que est\u00e9s.<\/p>\n<h2 style=\"text-align: center;\"><span class=\"ez-toc-section\" id=\"Colores_relajantes_la_ultima_tendencia_de_teletrabajo\"><\/span><strong>Colores relajantes: la \u00faltima tendencia de teletrabajo<\/strong><span class=\"ez-toc-section-end\"><\/span><\/h2>\n<figure id=\"attachment_11658\" aria-describedby=\"caption-attachment-11658\" style=\"width: 600px\" class=\"wp-caption aligncenter\"><a href=\"https:\/\/mueblesdetena.es\/ru_ru\/descanso\/\"><img decoding=\"async\" class=\"size-full wp-image-11658\" src=\"https:\/\/mueblesdetena.es\/wp-content\/uploads\/2020\/12\/TTeletrabajo-Colores-Relajantes.jpg\" alt=\"Una zona peque\u00f1a y muy tranquila.\" width=\"600\" height=\"900\" \/><\/a><figcaption id=\"caption-attachment-11658\" class=\"wp-caption-text\">Una zona peque\u00f1a y muy tranquila.<\/figcaption><\/figure>\n<p style=\"text-align: center;\">Si necesitas estar m\u00e1s tranquil@ al teletrabajar, tener cerca un color que te d\u00e9 tranquilidad aporta mucho a ello.<\/p>\n<p style=\"text-align: center;\"><strong>\u00a1En tu pared hay infinidad de posibilidades!<\/strong> Los colores llamativos de tonos muy radicales son candidatos de los que <strong>no<\/strong> se deber\u00edan utilizar para estar relajado en el entorno. En Tena, recomendamos colores de tonos pastel que sean claros.<\/p>\n<p style=\"text-align: center;\">Este tipo de colores dan mucho de s\u00ed. Con tonos m\u00e1s apagados puedes conseguir <strong>formalidad y elegancia<\/strong>, el marr\u00f3n, el beige o el gris son recomendaciones perfectas. \u00a1Aseg\u00farate de que haya suficiente luz natural para que tus colores complementen bien!<\/p>\n<h2 style=\"text-align: center;\"><span class=\"ez-toc-section\" id=\"Teletrabajo_estilo_Passivhaus\"><\/span><strong>Teletrabajo estilo Passivhaus<\/strong><span class=\"ez-toc-section-end\"><\/span><\/h2>\n<figure id=\"attachment_11659\" aria-describedby=\"caption-attachment-11659\" style=\"width: 736px\" class=\"wp-caption aligncenter\"><a href=\"https:\/\/mueblesdetena.es\/ru_ru\/estanterias\/\"><img loading=\"lazy\" decoding=\"async\" class=\"size-full wp-image-11659\" src=\"https:\/\/mueblesdetena.es\/wp-content\/uploads\/2020\/12\/TTeletrabajo-Passivhaus.jpg\" alt=\"Ventanas bien posicionadas para una buena ventilaci\u00f3n.\" width=\"736\" height=\"1104\" \/><\/a><figcaption id=\"caption-attachment-11659\" class=\"wp-caption-text\">Ventanas bien posicionadas para una buena ventilaci\u00f3n.<\/figcaption><\/figure>\n<p style=\"text-align: center;\">\u00bfNunca has o\u00eddo hablar del est\u00e1ndar Passivhaus? Consiste en combinar el mejor rendimiento de energ\u00eda de tu vivienda con tu comodidad en ella, foment\u00e1ndola todav\u00eda m\u00e1s.<\/p>\n<p style=\"text-align: center;\">Muebles de Tena recomienda al 100% aplicar este est\u00e1ndar en tu zona de trabajo. <strong>Mejora tu salud, ahorras dinero<\/strong>, se genera mucho menos ruido y sobre todo puedes manejar tanto la iluminaci\u00f3n como la calefacci\u00f3n.<\/p>\n<p style=\"text-align: center;\">Seguramente te preguntar\u00e1s c\u00f3mo se consiguen todas estas ventajas. Estas ventajas est\u00e1n, por lo general, basadas en 5 principios que se utilizan en la construcci\u00f3n de tu vivienda, si no las cumple todas, no hay ning\u00fan problema.<\/p>\n<p style=\"text-align: center;\">Por ejemplo,<strong> la posici\u00f3n de tu zona es crucial<\/strong>, tus ventanas har\u00e1n todo el trabajo de ventilarla y as\u00ed sentirte c\u00f3modo en ella, igualmente, utilizar ventiladores y luces de bajo consumo tambi\u00e9n son un ejemplo de una buena zona de trabajo Passivhaus, <strong>\u00a1no te sientas limitad@!<\/strong><\/p>\n<h2 style=\"text-align: center;\"><span class=\"ez-toc-section\" id=\"%C2%A1Contacta_con_nosotros\"><\/span>\u00a1Contacta con nosotros!<span class=\"ez-toc-section-end\"><\/span><\/h2>\n<p style=\"text-align: center;\">Decorar no es el trabajo m\u00e1s sencillo del mundo, por lo tanto, <a href=\"https:\/\/mueblesdetena.es\/ru_ru\/contacto\/\">Muebles de Tena puede ofrecerte ayuda<\/a> en cualquier duda que tengas. <strong>\u00a1No dudes en contactarnos!<\/strong><\/p>","protected":false},"excerpt":{"rendered":"<p>En casa, continuamos el teletrabajo por el COVID, pero a pesar de todo, \u00a1las tendencias no paran de aparecer! Por lo tanto, hoy, nosotros, Muebles de Tena, os mostraremos nuevas tendencias relacionadas al teletrabajo de este a\u00f1o 2020. Planta de accesorios en tu espacio \u00bfCrees que tu entorno de trabajo se siente vac\u00edo? Puede que [&hellip;]<\/p>\n","protected":false},"author":1,"featured_media":0,"comment_status":"closed","ping_status":"closed","sticky":false,"template":"","format":"standard","meta":{"site-sidebar-layout":"default","site-content-layout":"","ast-site-content-layout":"default","site-content-style":"default","site-sidebar-style":"default","ast-global-header-display":"","ast-banner-title-visibility":"","ast-main-header-display":"","ast-hfb-above-header-display":"","ast-hfb-below-header-display":"","ast-hfb-mobile-header-display":"","site-post-title":"","ast-breadcrumbs-content":"","ast-featured-img":"","footer-sml-layout":"","ast-disable-related-posts":"","theme-transparent-header-meta":"","adv-header-id-meta":"","stick-header-meta":"","header-above-stick-meta":"","header-main-stick-meta":"","header-below-stick-meta":"","astra-migrate-meta-layouts":"default","ast-page-background-enabled":"default","ast-page-background-meta":{"desktop":{"background-color":"var(--ast-global-color-4)","background-image":"","background-repeat":"repeat","background-position":"center center","background-size":"auto","background-attachment":"scroll","background-type":"","background-media":"","overlay-type":"","overlay-color":"","overlay-opacity":"","overlay-gradient":""},"tablet":{"background-color":"","background-image":"","background-repeat":"repeat","background-position":"center center","background-size":"auto","background-attachment":"scroll","background-type":"","background-media":"","overlay-type":"","overlay-color":"","overlay-opacity":"","overlay-gradient":""},"mobile":{"background-color":"","background-image":"","background-repeat":"repeat","background-position":"center center","background-size":"auto","background-attachment":"scroll","background-type":"","background-media":"","overlay-type":"","overlay-color":"","overlay-opacity":"","overlay-gradient":""}},"ast-content-background-meta":{"desktop":{"background-color":"var(--ast-global-color-5)","background-image":"","background-repeat":"repeat","background-position":"center center","background-size":"auto","background-attachment":"scroll","background-type":"","background-media":"","overlay-type":"","overlay-color":"","overlay-opacity":"","overlay-gradient":""},"tablet":{"background-color":"var(--ast-global-color-5)","background-image":"","background-repeat":"repeat","background-position":"center center","background-size":"auto","background-attachment":"scroll","background-type":"","background-media":"","overlay-type":"","overlay-color":"","overlay-opacity":"","overlay-gradient":""},"mobile":{"background-color":"var(--ast-global-color-5)","background-image":"","background-repeat":"repeat","background-position":"center center","background-size":"auto","background-attachment":"scroll","background-type":"","background-media":"","overlay-type":"","overlay-color":"","overlay-opacity":"","overlay-gradient":""}},"_joinchat":[],"footnotes":""},"categories":[1],"tags":[90,88,133,134,121,135,130,96,127,140,132,128],"class_list":["post-11648","post","type-post","status-publish","format-standard","hentry","category-sin-categoria","tag-composiciones-con-estilo","tag-consejos","tag-decoracion","tag-espacio","tag-espacio-pequenos","tag-minimalismo","tag-minimalista","tag-muebles","tag-muebles-decorativos-auxiliares","tag-muebles-oficinas","tag-renueva-tu-espacio","tag-teletrabajo"],"_links":{"self":[{"href":"https:\/\/mueblesdetena.es\/ru_ru\/wp-json\/wp\/v2\/posts\/11648","targetHints":{"allow":["GET"]}}],"collection":[{"href":"https:\/\/mueblesdetena.es\/ru_ru\/wp-json\/wp\/v2\/posts"}],"about":[{"href":"https:\/\/mueblesdetena.es\/ru_ru\/wp-json\/wp\/v2\/types\/post"}],"author":[{"embeddable":true,"href":"https:\/\/mueblesdetena.es\/ru_ru\/wp-json\/wp\/v2\/users\/1"}],"replies":[{"embeddable":true,"href":"https:\/\/mueblesdetena.es\/ru_ru\/wp-json\/wp\/v2\/comments?post=11648"}],"version-history":[{"count":0,"href":"https:\/\/mueblesdetena.es\/ru_ru\/wp-json\/wp\/v2\/posts\/11648\/revisions"}],"wp:attachment":[{"href":"https:\/\/mueblesdetena.es\/ru_ru\/wp-json\/wp\/v2\/media?parent=11648"}],"wp:term":[{"taxonomy":"category","embeddable":true,"href":"https:\/\/mueblesdetena.es\/ru_ru\/wp-json\/wp\/v2\/categories?post=11648"},{"taxonomy":"post_tag","embeddable":true,"href":"https:\/\/mueblesdetena.es\/ru_ru\/wp-json\/wp\/v2\/tags?post=11648"}],"curies":[{"name":"wp","href":"https:\/\/api.w.org\/{rel}","templated":true}]}}