{"id":12315,"date":"2021-02-09T16:30:50","date_gmt":"2021-02-09T16:30:50","guid":{"rendered":"https:\/\/mueblesdetena.es\/?p=12315"},"modified":"2021-02-09T16:30:50","modified_gmt":"2021-02-09T16:30:50","slug":"tranquilidad-ideal-con-tus-muebles-de-salon-%f0%9f%98%8c","status":"publish","type":"post","link":"https:\/\/mueblesdetena.es\/ru_ru\/tranquilidad-ideal-con-tus-muebles-de-salon-%f0%9f%98%8c\/","title":{"rendered":"\u00bfTranquilidad ideal? \u00a1Con tus muebles de sal\u00f3n! \ud83d\ude0c"},"content":{"rendered":"<p style=\"text-align: center;\">Imag\u00ednate que existe un lugar en el que puedes sentarte y olvidarte del estr\u00e9s del d\u00eda a d\u00eda o pasarlo bien con la familia. Exacto, ese es tu sal\u00f3n, y los muebles de sal\u00f3n que escojas reflejar\u00e1n lo que deseas de \u00e9l.<\/p>\n<p style=\"text-align: center;\">Volvemos con tendencias del primer trimestre del a\u00f1o para tus muebles de sal\u00f3n, perfectos para tranquilizarse en estos tiempos complicados.<\/p>\n<p style=\"text-align: center;\">Podr\u00e1s decantarte por estilos m\u00e1s modernos o antiguos, <strong>\u00a1pero lo m\u00e1s importante es que des todo por tu parte! <\/strong>Con el interiorismo, quedarse encerrado no es una opci\u00f3n, tu imaginaci\u00f3n es una puerta abierta hacia tu estilo.<\/p>\n<div id=\"ez-toc-container\" class=\"ez-toc-v2_0_85 counter-hierarchy ez-toc-counter ez-toc-grey ez-toc-container-direction\">\n<div class=\"ez-toc-title-container\">\n<p class=\"ez-toc-title\" style=\"cursor:inherit\">Table of Contents<\/p>\n<span class=\"ez-toc-title-toggle\"><a href=\"#\" class=\"ez-toc-pull-right ez-toc-btn ez-toc-btn-xs ez-toc-btn-default ez-toc-toggle\" aria-label=\"Toggle Table of Content\"><span class=\"ez-toc-js-icon-con\"><span class=\"\"><span class=\"eztoc-hide\" style=\"display:none;\">Toggle<\/span><span class=\"ez-toc-icon-toggle-span\"><svg style=\"fill: #999;color:#999\" xmlns=\"http:\/\/www.w3.org\/2000\/svg\" class=\"list-377408\" width=\"20px\" height=\"20px\" viewbox=\"0 0 24 24\" fill=\"none\"><path d=\"M6 6H4v2h2V6zm14 0H8v2h12V6zM4 11h2v2H4v-2zm16 0H8v2h12v-2zM4 16h2v2H4v-2zm16 0H8v2h12v-2z\" fill=\"currentColor\"><\/path><\/svg><svg style=\"fill: #999;color:#999\" class=\"arrow-unsorted-368013\" xmlns=\"http:\/\/www.w3.org\/2000\/svg\" width=\"10px\" height=\"10px\" viewbox=\"0 0 24 24\" version=\"1.2\" baseprofile=\"tiny\"><path d=\"M18.2 9.3l-6.2-6.3-6.2 6.3c-.2.2-.3.4-.3.7s.1.5.3.7c.2.2.4.3.7.3h11c.3 0 .5-.1.7-.3.2-.2.3-.5.3-.7s-.1-.5-.3-.7zM5.8 14.7l6.2 6.3 6.2-6.3c.2-.2.3-.5.3-.7s-.1-.5-.3-.7c-.2-.2-.4-.3-.7-.3h-11c-.3 0-.5.1-.7.3-.2.2-.3.5-.3.7s.1.5.3.7z\"\/><\/svg><\/span><\/span><\/span><\/a><\/span><\/div>\n<nav><ul class='ez-toc-list ez-toc-list-level-1' ><li class='ez-toc-page-1 ez-toc-heading-level-2'><a class=\"ez-toc-link ez-toc-heading-1\" href=\"https:\/\/mueblesdetena.es\/ru_ru\/tranquilidad-ideal-con-tus-muebles-de-salon-%f0%9f%98%8c\/#Texturas_y_estilos_tranquils_en_tendencia\" >Texturas y estilos tranquil@s en tendencia<\/a><\/li><li class='ez-toc-page-1 ez-toc-heading-level-2'><a class=\"ez-toc-link ez-toc-heading-2\" href=\"https:\/\/mueblesdetena.es\/ru_ru\/tranquilidad-ideal-con-tus-muebles-de-salon-%f0%9f%98%8c\/#Modernidad_metalica_y_no_metalica\" >Modernidad met\u00e1lica y no met\u00e1lica<\/a><\/li><li class='ez-toc-page-1 ez-toc-heading-level-2'><a class=\"ez-toc-link ez-toc-heading-3\" href=\"https:\/\/mueblesdetena.es\/ru_ru\/tranquilidad-ideal-con-tus-muebles-de-salon-%f0%9f%98%8c\/#Tapicerias_claras_para_la_vista\" >Tapicer\u00edas claras para la vista<\/a><\/li><li class='ez-toc-page-1 ez-toc-heading-level-2'><a class=\"ez-toc-link ez-toc-heading-4\" href=\"https:\/\/mueblesdetena.es\/ru_ru\/tranquilidad-ideal-con-tus-muebles-de-salon-%f0%9f%98%8c\/#%C2%BFNecesitas_contactar\" >\u00bfNecesitas contactar?<\/a><\/li><\/ul><\/nav><\/div>\n<h2 style=\"text-align: center;\"><span class=\"ez-toc-section\" id=\"Texturas_y_estilos_tranquils_en_tendencia\"><\/span><strong>Texturas y estilos tranquil@s en tendencia<\/strong><span class=\"ez-toc-section-end\"><\/span><\/h2>\n<figure id=\"attachment_12320\" aria-describedby=\"caption-attachment-12320\" style=\"width: 774px\" class=\"wp-caption aligncenter\"><a href=\"https:\/\/mueblesdetena.es\/ru_ru\/sofas\/\"><img fetchpriority=\"high\" decoding=\"async\" class=\"wp-image-12320 size-full\" src=\"https:\/\/mueblesdetena.es\/wp-content\/uploads\/2021\/02\/Muebles-de-Salon-Estilos-Tranquilos.jpg\" alt=\"Las velas del techo y el color proporcionan una gran tranquilidad.\" width=\"774\" height=\"1032\" \/><\/a><figcaption id=\"caption-attachment-12320\" class=\"wp-caption-text\">Las velas del techo y el color proporcionan una gran tranquilidad.<\/figcaption><\/figure>\n<p style=\"text-align: center;\">Adaptados para que te sientas bien y que llamen la atenci\u00f3n, los muebles de sal\u00f3n han conseguido una evoluci\u00f3n favorable gracias al uso de <strong>colores y texturas que aportan paz<\/strong>, con un poco de espiritualidad.<\/p>\n<p style=\"text-align: center;\">Inspir\u00e1ndote en el minimalismo y el estilo boho <em>chic<\/em>, por ejemplo, puedes encontrar un estilo <strong>\u00fanico en ti<\/strong>. Sabiendo que el minimalismo se basa en todo lo simple y m\u00ednimo, los colores simples tanto para las paredes como los muebles son perfectos para aquello que buscas.<\/p>\n<p style=\"text-align: center;\">El boho <em>chic<\/em> puede ser de car\u00e1cter m\u00e1s cargado para algunos, pero nosotros aseguramos que fomenta lo ex\u00f3tico y natural, a la vez que aporta calidez a tu d\u00eda.<\/p>\n<h2 style=\"text-align: center;\"><span class=\"ez-toc-section\" id=\"Modernidad_metalica_y_no_metalica\"><\/span><strong>Modernidad met\u00e1lica y no met\u00e1lica<\/strong><span class=\"ez-toc-section-end\"><\/span><\/h2>\n<figure id=\"attachment_12321\" aria-describedby=\"caption-attachment-12321\" style=\"width: 1554px\" class=\"wp-caption aligncenter\"><a href=\"https:\/\/mueblesdetena.es\/ru_ru\/descanso\/\"><img decoding=\"async\" class=\"wp-image-12321 size-full\" src=\"https:\/\/mueblesdetena.es\/wp-content\/uploads\/2021\/02\/Muebles-de-Salon-Vintage.jpg\" alt=\"Vintage muy vintage. La iluminaci\u00f3n le da ese toque que necesita.\" width=\"1554\" height=\"1036\" \/><\/a><figcaption id=\"caption-attachment-12321\" class=\"wp-caption-text\"><em>Vintage<\/em> muy <em>vintage<\/em>. La iluminaci\u00f3n le da ese toque que necesita.<\/figcaption><\/figure>\n<p style=\"text-align: center;\">Este a\u00f1o, las texturas y colores met\u00e1licos brillan con intensidad aportando <strong>romanticismo cl\u00e1sico<\/strong> a tu sal\u00f3n. Combinar colores simples con estilos met\u00e1licos es una idea muy buena si lo que buscas es que reluzca visualmente.<\/p>\n<p style=\"text-align: center;\">Si no te gusta tanto brillante en el sal\u00f3n, prueba un estilo m\u00e1s sencillo como <a href=\"https:\/\/mueblesdetena.es\/ru_ru\/eres-de-estilos-tradicionales-el-vintage-es-para-ti\/\">el <em>vintage<\/em><\/a>.<\/p>\n<p style=\"text-align: center;\"><strong>\u00a1Decora con tu imaginaci\u00f3n volviendo al pasado!<\/strong><\/p>\n<p style=\"text-align: center;\">A\u00f1\u00e1dele historia al lugar decor\u00e1ndolo con muebles de sal\u00f3n antiguos. Aportar\u00e1 <strong>exclusividad y calidad<\/strong>, ya que son muebles fabricados en parte por artesanos en poca cantidad.<\/p>\n<p style=\"text-align: center;\">Sof\u00e1s y aparadores artesanos nos vienen a la cabeza cuando hablamos de este estilo, por lo tanto,<strong> \u00bfpor qu\u00e9 no probarlos?<\/strong><\/p>\n<h2 style=\"text-align: center;\"><span class=\"ez-toc-section\" id=\"Tapicerias_claras_para_la_vista\"><\/span><strong>Tapicer\u00edas claras para la vista<\/strong><span class=\"ez-toc-section-end\"><\/span><\/h2>\n<figure id=\"attachment_12323\" aria-describedby=\"caption-attachment-12323\" style=\"width: 891px\" class=\"wp-caption aligncenter\"><a href=\"https:\/\/mueblesdetena.es\/ru_ru\/sofa-cama-extensible-say\/\"><img decoding=\"async\" class=\"wp-image-12323 size-full\" src=\"https:\/\/mueblesdetena.es\/wp-content\/uploads\/2021\/02\/Muebles-de-Salon-Tapicerias.jpg\" alt=\"Estampados en el sill\u00f3n que podr\u00edan pasar por un estilo vintage.\" width=\"891\" height=\"1336\" \/><\/a><figcaption id=\"caption-attachment-12323\" class=\"wp-caption-text\">Estampados en el sill\u00f3n que podr\u00edan pasar por un estilo <em>vintage<\/em>.<\/figcaption><\/figure>\n<p style=\"text-align: center;\">Si te gusta jugar con los tonos de color en tus muebles, ser\u00e1 trabajo sencillo. Si no, actualmente se llevan los tonos claros simples. Un color gris\u00e1ceo en una tela lisa que contraste con el color de las paredes es una idea que no puedes desaprovechar.<\/p>\n<p style=\"text-align: center;\">La tendencia actualmente est\u00e1 en utilizar tonos de cualquier tipo, de <strong>colores simples y\/o con estampados<\/strong>. Ya que son tendencia, aprovecha y mezcla los estampados con varios muebles. Una buena mezcla de estampados puede quedar muy bonita y llamativa.<\/p>\n<p style=\"text-align: center;\">Utiliza estampados con dibujos de flores, por ejemplo, rayas y cuadros si no lo quieres tan natural o saca tu imaginaci\u00f3n a lucir e inv\u00e9ntate uno <strong>\u00fanico y de personalidad propia.<\/strong><\/p>\n<h2 style=\"text-align: center;\"><span class=\"ez-toc-section\" id=\"%C2%BFNecesitas_contactar\"><\/span><strong>\u00bfNecesitas contactar?<\/strong><span class=\"ez-toc-section-end\"><\/span><\/h2>\n<p style=\"text-align: center;\">Si te resulta muy complicado decorar y\/o te encuentras estancado, <a href=\"https:\/\/mueblesdetena.es\/ru_ru\/contacto\/\">contacta con Muebles de Tena<\/a> y nuestros especialistas te ayudar\u00e1n con cualquier duda. <strong>\u00a1No lo dudes y pregunta!<\/strong><\/p>","protected":false},"excerpt":{"rendered":"<p>Imag\u00ednate que existe un lugar en el que puedes sentarte y olvidarte del estr\u00e9s del d\u00eda a d\u00eda o pasarlo bien con la familia. Exacto, ese es tu sal\u00f3n, y los muebles de sal\u00f3n que escojas reflejar\u00e1n lo que deseas de \u00e9l. Volvemos con tendencias del primer trimestre del a\u00f1o para tus muebles de sal\u00f3n, [&hellip;]<\/p>\n","protected":false},"author":1,"featured_media":0,"comment_status":"closed","ping_status":"closed","sticky":false,"template":"","format":"standard","meta":{"site-sidebar-layout":"default","site-content-layout":"","ast-site-content-layout":"default","site-content-style":"default","site-sidebar-style":"default","ast-global-header-display":"","ast-banner-title-visibility":"","ast-main-header-display":"","ast-hfb-above-header-display":"","ast-hfb-below-header-display":"","ast-hfb-mobile-header-display":"","site-post-title":"","ast-breadcrumbs-content":"","ast-featured-img":"","footer-sml-layout":"","ast-disable-related-posts":"","theme-transparent-header-meta":"","adv-header-id-meta":"","stick-header-meta":"","header-above-stick-meta":"","header-main-stick-meta":"","header-below-stick-meta":"","astra-migrate-meta-layouts":"default","ast-page-background-enabled":"default","ast-page-background-meta":{"desktop":{"background-color":"var(--ast-global-color-4)","background-image":"","background-repeat":"repeat","background-position":"center center","background-size":"auto","background-attachment":"scroll","background-type":"","background-media":"","overlay-type":"","overlay-color":"","overlay-opacity":"","overlay-gradient":""},"tablet":{"background-color":"","background-image":"","background-repeat":"repeat","background-position":"center center","background-size":"auto","background-attachment":"scroll","background-type":"","background-media":"","overlay-type":"","overlay-color":"","overlay-opacity":"","overlay-gradient":""},"mobile":{"background-color":"","background-image":"","background-repeat":"repeat","background-position":"center center","background-size":"auto","background-attachment":"scroll","background-type":"","background-media":"","overlay-type":"","overlay-color":"","overlay-opacity":"","overlay-gradient":""}},"ast-content-background-meta":{"desktop":{"background-color":"var(--ast-global-color-5)","background-image":"","background-repeat":"repeat","background-position":"center center","background-size":"auto","background-attachment":"scroll","background-type":"","background-media":"","overlay-type":"","overlay-color":"","overlay-opacity":"","overlay-gradient":""},"tablet":{"background-color":"var(--ast-global-color-5)","background-image":"","background-repeat":"repeat","background-position":"center center","background-size":"auto","background-attachment":"scroll","background-type":"","background-media":"","overlay-type":"","overlay-color":"","overlay-opacity":"","overlay-gradient":""},"mobile":{"background-color":"var(--ast-global-color-5)","background-image":"","background-repeat":"repeat","background-position":"center center","background-size":"auto","background-attachment":"scroll","background-type":"","background-media":"","overlay-type":"","overlay-color":"","overlay-opacity":"","overlay-gradient":""}},"_joinchat":[],"footnotes":""},"categories":[1],"tags":[88,133,110,134,121,138,113,96,127,132],"class_list":["post-12315","post","type-post","status-publish","format-standard","hentry","category-sin-categoria","tag-consejos","tag-decoracion","tag-decoracion-juvenil","tag-espacio","tag-espacio-pequenos","tag-mesas","tag-mobiliario-juvenil","tag-muebles","tag-muebles-decorativos-auxiliares","tag-renueva-tu-espacio"],"_links":{"self":[{"href":"https:\/\/mueblesdetena.es\/ru_ru\/wp-json\/wp\/v2\/posts\/12315","targetHints":{"allow":["GET"]}}],"collection":[{"href":"https:\/\/mueblesdetena.es\/ru_ru\/wp-json\/wp\/v2\/posts"}],"about":[{"href":"https:\/\/mueblesdetena.es\/ru_ru\/wp-json\/wp\/v2\/types\/post"}],"author":[{"embeddable":true,"href":"https:\/\/mueblesdetena.es\/ru_ru\/wp-json\/wp\/v2\/users\/1"}],"replies":[{"embeddable":true,"href":"https:\/\/mueblesdetena.es\/ru_ru\/wp-json\/wp\/v2\/comments?post=12315"}],"version-history":[{"count":0,"href":"https:\/\/mueblesdetena.es\/ru_ru\/wp-json\/wp\/v2\/posts\/12315\/revisions"}],"wp:attachment":[{"href":"https:\/\/mueblesdetena.es\/ru_ru\/wp-json\/wp\/v2\/media?parent=12315"}],"wp:term":[{"taxonomy":"category","embeddable":true,"href":"https:\/\/mueblesdetena.es\/ru_ru\/wp-json\/wp\/v2\/categories?post=12315"},{"taxonomy":"post_tag","embeddable":true,"href":"https:\/\/mueblesdetena.es\/ru_ru\/wp-json\/wp\/v2\/tags?post=12315"}],"curies":[{"name":"wp","href":"https:\/\/api.w.org\/{rel}","templated":true}]}}