{"id":12385,"date":"2021-02-25T14:43:44","date_gmt":"2021-02-25T14:43:44","guid":{"rendered":"https:\/\/mueblesdetena.es\/?p=12385"},"modified":"2021-02-25T14:43:44","modified_gmt":"2021-02-25T14:43:44","slug":"preparad-vuestras-salidas-tendencias-muebles-jardin-exterior","status":"publish","type":"post","link":"https:\/\/mueblesdetena.es\/ru_ru\/preparad-vuestras-salidas-tendencias-muebles-jardin-exterior\/","title":{"rendered":"Preparad vuestras salidas: Tendencias de muebles de jard\u00edn y exterior"},"content":{"rendered":"<p style=\"text-align: center;\">Cada vez estamos m\u00e1s cerca de la tranquilidad tanto en casa como en la calle en la pandemia actual, por lo tanto, en Muebles de Tena ofrecemos las \u00faltimas tendencias sobre muebles de jard\u00edn y exterior de este a\u00f1o.<\/p>\n<figure id=\"attachment_12388\" aria-describedby=\"caption-attachment-12388\" style=\"width: 1505px\" class=\"wp-caption aligncenter\"><img fetchpriority=\"high\" decoding=\"async\" class=\"size-full wp-image-12388\" src=\"https:\/\/mueblesdetena.es\/wp-content\/uploads\/2021\/02\/Post-Muebles-de-Jardin-Estilosos.jpg\" alt=\"Varios estilos vistos en este lugar. Esto es un ejemplo de como quedar\u00eda combinar varios estilos.\" width=\"1505\" height=\"1000\" \/><figcaption id=\"caption-attachment-12388\" class=\"wp-caption-text\">Varios estilos en este lugar. Esto es un ejemplo de como quedar\u00eda combinar estilos.<\/figcaption><\/figure>\n<div id=\"ez-toc-container\" class=\"ez-toc-v2_0_85 counter-hierarchy ez-toc-counter ez-toc-grey ez-toc-container-direction\">\n<div class=\"ez-toc-title-container\">\n<p class=\"ez-toc-title\" style=\"cursor:inherit\">Table of Contents<\/p>\n<span class=\"ez-toc-title-toggle\"><a href=\"#\" class=\"ez-toc-pull-right ez-toc-btn ez-toc-btn-xs ez-toc-btn-default ez-toc-toggle\" aria-label=\"Toggle Table of Content\"><span class=\"ez-toc-js-icon-con\"><span class=\"\"><span class=\"eztoc-hide\" style=\"display:none;\">Toggle<\/span><span class=\"ez-toc-icon-toggle-span\"><svg style=\"fill: #999;color:#999\" xmlns=\"http:\/\/www.w3.org\/2000\/svg\" class=\"list-377408\" width=\"20px\" height=\"20px\" viewbox=\"0 0 24 24\" fill=\"none\"><path d=\"M6 6H4v2h2V6zm14 0H8v2h12V6zM4 11h2v2H4v-2zm16 0H8v2h12v-2zM4 16h2v2H4v-2zm16 0H8v2h12v-2z\" fill=\"currentColor\"><\/path><\/svg><svg style=\"fill: #999;color:#999\" class=\"arrow-unsorted-368013\" xmlns=\"http:\/\/www.w3.org\/2000\/svg\" width=\"10px\" height=\"10px\" viewbox=\"0 0 24 24\" version=\"1.2\" baseprofile=\"tiny\"><path d=\"M18.2 9.3l-6.2-6.3-6.2 6.3c-.2.2-.3.4-.3.7s.1.5.3.7c.2.2.4.3.7.3h11c.3 0 .5-.1.7-.3.2-.2.3-.5.3-.7s-.1-.5-.3-.7zM5.8 14.7l6.2 6.3 6.2-6.3c.2-.2.3-.5.3-.7s-.1-.5-.3-.7c-.2-.2-.4-.3-.7-.3h-11c-.3 0-.5.1-.7.3-.2.2-.3.5-.3.7s.1.5.3.7z\"\/><\/svg><\/span><\/span><\/span><\/a><\/span><\/div>\n<nav><ul class='ez-toc-list ez-toc-list-level-1' ><li class='ez-toc-page-1 ez-toc-heading-level-2'><a class=\"ez-toc-link ez-toc-heading-1\" href=\"https:\/\/mueblesdetena.es\/ru_ru\/preparad-vuestras-salidas-tendencias-muebles-jardin-exterior\/#Estilosos_y_versatiles\" >Estilosos y vers\u00e1tiles<\/a><\/li><li class='ez-toc-page-1 ez-toc-heading-level-2'><a class=\"ez-toc-link ez-toc-heading-2\" href=\"https:\/\/mueblesdetena.es\/ru_ru\/preparad-vuestras-salidas-tendencias-muebles-jardin-exterior\/#Exterior_trenzado_de_distintas_combinaciones\" >Exterior trenzado de distintas combinaciones<\/a><\/li><li class='ez-toc-page-1 ez-toc-heading-level-2'><a class=\"ez-toc-link ez-toc-heading-3\" href=\"https:\/\/mueblesdetena.es\/ru_ru\/preparad-vuestras-salidas-tendencias-muebles-jardin-exterior\/#Iluminacion_destacable\" >Iluminaci\u00f3n destacable<\/a><\/li><li class='ez-toc-page-1 ez-toc-heading-level-2'><a class=\"ez-toc-link ez-toc-heading-4\" href=\"https:\/\/mueblesdetena.es\/ru_ru\/preparad-vuestras-salidas-tendencias-muebles-jardin-exterior\/#Colores_que_acompanan_a_lo_natural\" >Colores que acompa\u00f1an a lo natural<\/a><\/li><li class='ez-toc-page-1 ez-toc-heading-level-2'><a class=\"ez-toc-link ez-toc-heading-5\" href=\"https:\/\/mueblesdetena.es\/ru_ru\/preparad-vuestras-salidas-tendencias-muebles-jardin-exterior\/#%C2%BFContactamos\" >\u00bfContactamos?<\/a><\/li><\/ul><\/nav><\/div>\n<h2 style=\"text-align: center;\"><span class=\"ez-toc-section\" id=\"Estilosos_y_versatiles\"><\/span><strong>Estilosos y vers\u00e1tiles<\/strong><span class=\"ez-toc-section-end\"><\/span><\/h2>\n<p style=\"text-align: center;\">\u00bfA qu\u00e9 nos referimos con vers\u00e1tiles? Nos referimos a la cantidad de estilos combinados y adaptables que puedes utilizar en tus muebles de jard\u00edn, que, gracias a ello, seguir\u00e1n siendo tendencia en a\u00f1os futuros, manteni\u00e9ndote siempre en lo \u00faltimo de la moda.<\/p>\n<p style=\"text-align: center;\">Recordamos siempre que combinar es esencial en la decoraci\u00f3n. Sabiendo esto, incorporar el <a href=\"https:\/\/mueblesdetena.es\/ru_ru\/eres-de-estilos-tradicionales-el-vintage-es-para-ti\/\">estilo vintage<\/a> con el moderno es posible y uno mediterr\u00e1neo con uno industrial es posible tambi\u00e9n.<\/p>\n<p style=\"text-align: center;\"><strong>\u00a1Las posibilidades son infinitas!<\/strong><\/p>\n<figure id=\"attachment_12389\" aria-describedby=\"caption-attachment-12389\" style=\"width: 1734px\" class=\"wp-caption aligncenter\"><a href=\"https:\/\/mueblesdetena.es\/ru_ru\/descanso\/\"><img decoding=\"async\" class=\"size-full wp-image-12389\" src=\"https:\/\/mueblesdetena.es\/wp-content\/uploads\/2021\/02\/Post-Muebles-de-Jardin-Trenzados.jpg\" alt=\"De un estilo r\u00fastico, este balc\u00f3n da un buen atractivo visual perfecto para tus muebles de exterior.\" width=\"1734\" height=\"1150\" \/><\/a><figcaption id=\"caption-attachment-12389\" class=\"wp-caption-text\">De un estilo r\u00fastico, este balc\u00f3n da un buen atractivo visual perfecto para tus muebles de exterior.<\/figcaption><\/figure>\n<h2 style=\"text-align: center;\"><span class=\"ez-toc-section\" id=\"Exterior_trenzado_de_distintas_combinaciones\"><\/span><strong>Exterior trenzado de distintas combinaciones<\/strong><span class=\"ez-toc-section-end\"><\/span><\/h2>\n<p style=\"text-align: center;\">Los materiales trenzados son de un estilo r\u00fastico y de car\u00e1cter natural, aportando as\u00ed resistencia y decoraci\u00f3n art\u00edstica.<\/p>\n<p style=\"text-align: center;\">Actualmente muchos de estos materiales son sint\u00e9ticos con resistencia a los rayos del sol fuertes y al agua, favoreciendo un estilo m\u00e1s moderno, pero si eres m\u00e1s tradicional, las fibras naturales son tu elecci\u00f3n perfecta.<\/p>\n<p style=\"text-align: center;\">Estas fibras aportan confort y son de buen ver. <strong>\u00a1Aprovecha y coloca algunas para una bonita relajaci\u00f3n al aire libre!<\/strong><\/p>\n<figure id=\"attachment_12390\" aria-describedby=\"caption-attachment-12390\" style=\"width: 1249px\" class=\"wp-caption aligncenter\"><a href=\"https:\/\/mueblesdetena.es\/ru_ru\/muebles-juveniles\/\"><img decoding=\"async\" class=\"size-full wp-image-12390\" src=\"https:\/\/mueblesdetena.es\/wp-content\/uploads\/2021\/02\/Post-Muebles-de-Jardin-Iluminacion.jpg\" alt=\"Como se ve en la imagen, la l\u00e1mpara blanca aporta un car\u00e1cter \u00fanico a la zona de confort.\" width=\"1249\" height=\"1250\" \/><\/a><figcaption id=\"caption-attachment-12390\" class=\"wp-caption-text\">Como se ve en la imagen, la l\u00e1mpara blanca aporta un car\u00e1cter \u00fanico a la zona de confort.<\/figcaption><\/figure>\n<h2 style=\"text-align: center;\"><span class=\"ez-toc-section\" id=\"Iluminacion_destacable\"><\/span><strong>Iluminaci\u00f3n destacable<\/strong><span class=\"ez-toc-section-end\"><\/span><\/h2>\n<p style=\"text-align: center;\">La iluminaci\u00f3n, a pesar de ser al exterior y est\u00e9n los rayos de sol por la ma\u00f1ana, es un factor muy importante a la hora de pensar qu\u00e9 colocar a fuera.<\/p>\n<p style=\"text-align: center;\">Aunque no se use por la ma\u00f1ana, una l\u00e1mpara de un car\u00e1cter personal puede quedar muy bien tanto fuera de casa como dentro de casa.<\/p>\n<p style=\"text-align: center;\">La tendencia de utilizar muebles que solemos usar dentro de casa como muebles exteriores sigue expandi\u00e9ndose de forma destacable, por lo tanto, no desaproveches esta oportunidad y <strong>\u00a1saca todos los muebles fuera!<\/strong><\/p>\n<p style=\"text-align: center;\">Seg\u00fan que colores aportan a la iluminaci\u00f3n tambi\u00e9n, en este caso, los colores pastel son claros y muy visuales. Normalmente son usados en <a href=\"https:\/\/mueblesdetena.es\/ru_ru\/mesas\/\">muebles de jard\u00edn muy amplios<\/a>, por lo cual, son adaptables.<\/p>\n<figure id=\"attachment_12391\" aria-describedby=\"caption-attachment-12391\" style=\"width: 964px\" class=\"wp-caption aligncenter\"><img loading=\"lazy\" decoding=\"async\" class=\"size-full wp-image-12391\" src=\"https:\/\/mueblesdetena.es\/wp-content\/uploads\/2021\/02\/Post-Muebles-de-Jardin-Colores-Naturales.jpg\" alt=\"Una estancia agradable al aire libre con colores naturales.\" width=\"964\" height=\"1350\" \/><figcaption id=\"caption-attachment-12391\" class=\"wp-caption-text\">Una estancia agradable al aire libre con colores naturales.<\/figcaption><\/figure>\n<h2 style=\"text-align: center;\"><span class=\"ez-toc-section\" id=\"Colores_que_acompanan_a_lo_natural\"><\/span><strong>Colores que acompa\u00f1an a lo natural<\/strong><span class=\"ez-toc-section-end\"><\/span><\/h2>\n<p style=\"text-align: center;\">Colores naturales son sobre todo los que <strong>contrastan con la naturaleza<\/strong>, por ejemplo, algunos tonos marrones o, uno bastante popular, el beige.<\/p>\n<p style=\"text-align: center;\">Estos son perfectos para tus muebles de exterior ya que dan una textura muy natural y recuerdan mucho a la paz de fuera.<\/p>\n<p style=\"text-align: center;\">Esta paz se puede conseguir tambi\u00e9n con complementos normalmente utilizados en el exterior, como las guirnaldas de luz. Este complemento en particular siempre tiene un aspecto muy espont\u00e1neo, entonces, sabiendo esto, puede salir un estilo muy tradicional de estos.<\/p>\n<h2 style=\"text-align: center;\"><span class=\"ez-toc-section\" id=\"%C2%BFContactamos\"><\/span><strong>\u00bfContactamos?<\/strong><span class=\"ez-toc-section-end\"><\/span><\/h2>\n<p style=\"text-align: center;\">Nuestros especialistas en Muebles de Tena <a href=\"https:\/\/mueblesdetena.es\/ru_ru\/contacto\/\">pueden ayudarte<\/a> con cualquier duda que tengas. Sabemos que decorar no es un <em>hobby<\/em> o trabajo f\u00e1cil, por lo tanto, <strong>\u00a1no dudes en llamarnos!<\/strong><\/p>","protected":false},"excerpt":{"rendered":"<p>Cada vez estamos m\u00e1s cerca de la tranquilidad tanto en casa como en la calle en la pandemia actual, por lo tanto, en Muebles de Tena ofrecemos las \u00faltimas tendencias sobre muebles de jard\u00edn y exterior de este a\u00f1o. Estilosos y vers\u00e1tiles \u00bfA qu\u00e9 nos referimos con vers\u00e1tiles? Nos referimos a la cantidad de estilos [&hellip;]<\/p>\n","protected":false},"author":1,"featured_media":0,"comment_status":"closed","ping_status":"closed","sticky":false,"template":"","format":"standard","meta":{"site-sidebar-layout":"default","site-content-layout":"","ast-site-content-layout":"default","site-content-style":"default","site-sidebar-style":"default","ast-global-header-display":"","ast-banner-title-visibility":"","ast-main-header-display":"","ast-hfb-above-header-display":"","ast-hfb-below-header-display":"","ast-hfb-mobile-header-display":"","site-post-title":"","ast-breadcrumbs-content":"","ast-featured-img":"","footer-sml-layout":"","ast-disable-related-posts":"","theme-transparent-header-meta":"","adv-header-id-meta":"","stick-header-meta":"","header-above-stick-meta":"","header-main-stick-meta":"","header-below-stick-meta":"","astra-migrate-meta-layouts":"default","ast-page-background-enabled":"default","ast-page-background-meta":{"desktop":{"background-color":"var(--ast-global-color-4)","background-image":"","background-repeat":"repeat","background-position":"center center","background-size":"auto","background-attachment":"scroll","background-type":"","background-media":"","overlay-type":"","overlay-color":"","overlay-opacity":"","overlay-gradient":""},"tablet":{"background-color":"","background-image":"","background-repeat":"repeat","background-position":"center center","background-size":"auto","background-attachment":"scroll","background-type":"","background-media":"","overlay-type":"","overlay-color":"","overlay-opacity":"","overlay-gradient":""},"mobile":{"background-color":"","background-image":"","background-repeat":"repeat","background-position":"center center","background-size":"auto","background-attachment":"scroll","background-type":"","background-media":"","overlay-type":"","overlay-color":"","overlay-opacity":"","overlay-gradient":""}},"ast-content-background-meta":{"desktop":{"background-color":"var(--ast-global-color-5)","background-image":"","background-repeat":"repeat","background-position":"center center","background-size":"auto","background-attachment":"scroll","background-type":"","background-media":"","overlay-type":"","overlay-color":"","overlay-opacity":"","overlay-gradient":""},"tablet":{"background-color":"var(--ast-global-color-5)","background-image":"","background-repeat":"repeat","background-position":"center center","background-size":"auto","background-attachment":"scroll","background-type":"","background-media":"","overlay-type":"","overlay-color":"","overlay-opacity":"","overlay-gradient":""},"mobile":{"background-color":"var(--ast-global-color-5)","background-image":"","background-repeat":"repeat","background-position":"center center","background-size":"auto","background-attachment":"scroll","background-type":"","background-media":"","overlay-type":"","overlay-color":"","overlay-opacity":"","overlay-gradient":""}},"_joinchat":[],"footnotes":""},"categories":[1],"tags":[148,149,150],"class_list":["post-12385","post","type-post","status-publish","format-standard","hentry","category-sin-categoria","tag-exterior","tag-jardin","tag-tendencias"],"_links":{"self":[{"href":"https:\/\/mueblesdetena.es\/ru_ru\/wp-json\/wp\/v2\/posts\/12385","targetHints":{"allow":["GET"]}}],"collection":[{"href":"https:\/\/mueblesdetena.es\/ru_ru\/wp-json\/wp\/v2\/posts"}],"about":[{"href":"https:\/\/mueblesdetena.es\/ru_ru\/wp-json\/wp\/v2\/types\/post"}],"author":[{"embeddable":true,"href":"https:\/\/mueblesdetena.es\/ru_ru\/wp-json\/wp\/v2\/users\/1"}],"replies":[{"embeddable":true,"href":"https:\/\/mueblesdetena.es\/ru_ru\/wp-json\/wp\/v2\/comments?post=12385"}],"version-history":[{"count":0,"href":"https:\/\/mueblesdetena.es\/ru_ru\/wp-json\/wp\/v2\/posts\/12385\/revisions"}],"wp:attachment":[{"href":"https:\/\/mueblesdetena.es\/ru_ru\/wp-json\/wp\/v2\/media?parent=12385"}],"wp:term":[{"taxonomy":"category","embeddable":true,"href":"https:\/\/mueblesdetena.es\/ru_ru\/wp-json\/wp\/v2\/categories?post=12385"},{"taxonomy":"post_tag","embeddable":true,"href":"https:\/\/mueblesdetena.es\/ru_ru\/wp-json\/wp\/v2\/tags?post=12385"}],"curies":[{"name":"wp","href":"https:\/\/api.w.org\/{rel}","templated":true}]}}