{"id":12989,"date":"2021-06-14T15:36:47","date_gmt":"2021-06-14T15:36:47","guid":{"rendered":"https:\/\/mueblesdetena.es\/?p=12989"},"modified":"2021-06-14T15:36:47","modified_gmt":"2021-06-14T15:36:47","slug":"terraza-personal-vistas-amplias","status":"publish","type":"post","link":"https:\/\/mueblesdetena.es\/ru_ru\/terraza-personal-vistas-amplias\/","title":{"rendered":"Terraza personal, vistas amplias"},"content":{"rendered":"<p style=\"text-align: center;\">Este a\u00f1o, entre las tendencias de verano, est\u00e1n <strong>las terrazas de diversos estilos<\/strong>, que tienen sobre todo naturalidad. Nosotros, Muebles de Tena, estamos dispuestos a ofrecerte lo \u00faltimo en <em>tips<\/em> de decoraci\u00f3n de tu terraza.<\/p>\n<p style=\"text-align: center;\">Solemos pensar que esta zona es como un oasis. Es ese peque\u00f1o o grande lugar en el que puedes disfrutar gran parte del d\u00eda haciendo barbacoa, hablando con la familia, invitar amig@s y\/o pareja o incluso <strong>disfrutar de un buen descanso<\/strong> en soledad. Tener esa compa\u00f1\u00eda familiar, de amigos o contigo mismo te ayuda a pensar en ideas para cualquier lugar de la casa. Este post te ayudar\u00e1 a innovar tu terraza con lo \u00faltimo en tendencias.<\/p>\n<div id=\"ez-toc-container\" class=\"ez-toc-v2_0_85 counter-hierarchy ez-toc-counter ez-toc-grey ez-toc-container-direction\">\n<div class=\"ez-toc-title-container\">\n<p class=\"ez-toc-title\" style=\"cursor:inherit\">Table of Contents<\/p>\n<span class=\"ez-toc-title-toggle\"><a href=\"#\" class=\"ez-toc-pull-right ez-toc-btn ez-toc-btn-xs ez-toc-btn-default ez-toc-toggle\" aria-label=\"Toggle Table of Content\"><span class=\"ez-toc-js-icon-con\"><span class=\"\"><span class=\"eztoc-hide\" style=\"display:none;\">Toggle<\/span><span class=\"ez-toc-icon-toggle-span\"><svg style=\"fill: #999;color:#999\" xmlns=\"http:\/\/www.w3.org\/2000\/svg\" class=\"list-377408\" width=\"20px\" height=\"20px\" viewbox=\"0 0 24 24\" fill=\"none\"><path d=\"M6 6H4v2h2V6zm14 0H8v2h12V6zM4 11h2v2H4v-2zm16 0H8v2h12v-2zM4 16h2v2H4v-2zm16 0H8v2h12v-2z\" fill=\"currentColor\"><\/path><\/svg><svg style=\"fill: #999;color:#999\" class=\"arrow-unsorted-368013\" xmlns=\"http:\/\/www.w3.org\/2000\/svg\" width=\"10px\" height=\"10px\" viewbox=\"0 0 24 24\" version=\"1.2\" baseprofile=\"tiny\"><path d=\"M18.2 9.3l-6.2-6.3-6.2 6.3c-.2.2-.3.4-.3.7s.1.5.3.7c.2.2.4.3.7.3h11c.3 0 .5-.1.7-.3.2-.2.3-.5.3-.7s-.1-.5-.3-.7zM5.8 14.7l6.2 6.3 6.2-6.3c.2-.2.3-.5.3-.7s-.1-.5-.3-.7c-.2-.2-.4-.3-.7-.3h-11c-.3 0-.5.1-.7.3-.2.2-.3.5-.3.7s.1.5.3.7z\"\/><\/svg><\/span><\/span><\/span><\/a><\/span><\/div>\n<nav><ul class='ez-toc-list ez-toc-list-level-1' ><li class='ez-toc-page-1 ez-toc-heading-level-2'><a class=\"ez-toc-link ez-toc-heading-1\" href=\"https:\/\/mueblesdetena.es\/ru_ru\/terraza-personal-vistas-amplias\/#Salon_pequeno_solucion_facil\" >Sal\u00f3n peque\u00f1o, soluci\u00f3n f\u00e1cil<\/a><\/li><li class='ez-toc-page-1 ez-toc-heading-level-2'><a class=\"ez-toc-link ez-toc-heading-2\" href=\"https:\/\/mueblesdetena.es\/ru_ru\/terraza-personal-vistas-amplias\/#Aprovechar_espacio_es_vital\" >Aprovechar espacio es vital<\/a><\/li><li class='ez-toc-page-1 ez-toc-heading-level-2'><a class=\"ez-toc-link ez-toc-heading-3\" href=\"https:\/\/mueblesdetena.es\/ru_ru\/terraza-personal-vistas-amplias\/#Terraza_al_aire_libre_cocina_al_aire_libre_o_%C2%BFtal_vez_salon_al_aire_libre\" >Terraza al aire libre, cocina al aire libre, o, \u00bftal vez sal\u00f3n al aire libre?<\/a><\/li><li class='ez-toc-page-1 ez-toc-heading-level-2'><a class=\"ez-toc-link ez-toc-heading-4\" href=\"https:\/\/mueblesdetena.es\/ru_ru\/terraza-personal-vistas-amplias\/#Almacenaje_y_espacio_en_la_terraza_grandes_amigos\" >Almacenaje y espacio en la terraza, grandes amigos<\/a><\/li><li class='ez-toc-page-1 ez-toc-heading-level-2'><a class=\"ez-toc-link ez-toc-heading-5\" href=\"https:\/\/mueblesdetena.es\/ru_ru\/terraza-personal-vistas-amplias\/#%C2%BFDudas_tienes_ideas_y_no_sabes_como_continuar\" >\u00bfDudas, tienes ideas y no sabes como continuar?<\/a><\/li><\/ul><\/nav><\/div>\n<h2 style=\"text-align: center;\"><span class=\"ez-toc-section\" id=\"Salon_pequeno_solucion_facil\"><\/span><strong>Sal\u00f3n peque\u00f1o, soluci\u00f3n f\u00e1cil<\/strong><span class=\"ez-toc-section-end\"><\/span><\/h2>\n<figure id=\"attachment_12991\" aria-describedby=\"caption-attachment-12991\" style=\"width: 1000px\" class=\"wp-caption aligncenter\"><img fetchpriority=\"high\" decoding=\"async\" class=\"size-full wp-image-12991\" src=\"https:\/\/mueblesdetena.es\/wp-content\/uploads\/2021\/06\/terrazas-salon.jpg\" alt=\"En esta imagen vemos un buen ejemplo de una terraza que, al lado del sal\u00f3n, complementa muy bien como extensi\u00f3n, con decoraciones personales como las plantas y un exterior precioso.\" width=\"1000\" height=\"1250\" \/><figcaption id=\"caption-attachment-12991\" class=\"wp-caption-text\">En esta imagen vemos un buen ejemplo de una terraza que, al lado del sal\u00f3n, complementa muy bien como extensi\u00f3n, con decoraciones personales como las plantas y un exterior precioso.<\/figcaption><\/figure>\n<p style=\"text-align: center;\">Una buena forma de aprovechar tu terraza es utiliz\u00e1ndola para <strong>ampliar tu <a href=\"https:\/\/mueblesdetena.es\/ru_ru\/tranquilidad-ideal-con-tus-muebles-de-salon-%f0%9f%98%8c\/\">sal\u00f3n<\/a><\/strong>. Esto es especialmente recomendable si tanto el sal\u00f3n como la terraza son peque\u00f1os, consiguiendo as\u00ed un estilo m\u00e1s moderno de <strong>tendencia actual<\/strong>.<\/p>\n<p style=\"text-align: center;\">Ahora, \u00bfcu\u00e1les ser\u00edan los muebles ideales para colocar en una ampliaci\u00f3n del sal\u00f3n? \u00a1La respuesta es sencilla! Pod\u00e9is probar a colocar <strong>muebles plegables<\/strong> para poder hacerlo tambi\u00e9n un <a href=\"https:\/\/mueblesdetena.es\/ru_ru\/comedores\/\">comedor<\/a> o un lugar para pasar el rato.<\/p>\n<h2 style=\"text-align: center;\"><span class=\"ez-toc-section\" id=\"Aprovechar_espacio_es_vital\"><\/span><strong>Aprovechar espacio es vital<\/strong><span class=\"ez-toc-section-end\"><\/span><\/h2>\n<figure id=\"attachment_12992\" aria-describedby=\"caption-attachment-12992\" style=\"width: 1866px\" class=\"wp-caption aligncenter\"><img decoding=\"async\" class=\"size-full wp-image-12992\" src=\"https:\/\/mueblesdetena.es\/wp-content\/uploads\/2021\/06\/terrazas-espacio.jpg\" alt=\"Con el espacio aprovechado, como se ve en esta imagen, hay m\u00e1s lugar donde sentarse y m\u00e1s tranquilidad.lidad\" width=\"1866\" height=\"1050\" \/><figcaption id=\"caption-attachment-12992\" class=\"wp-caption-text\">Con el espacio aprovechado, como se ve en esta imagen, hay m\u00e1s lugar donde sentarse y m\u00e1s tranquilidad.<\/figcaption><\/figure>\n<p style=\"text-align: center;\">No es necesario que tu terraza se utilice \u00fanicamente para ampliar el sal\u00f3n. Hay much\u00edsimas formas de utilizarla para un buen fin. Nosotros, para las terrazas m\u00e1s peque\u00f1as, recomendamos <strong>aprovechar las paredes<\/strong> y utilizar la famosa distribuci\u00f3n en L (u otra). Colocar <strong>sof\u00e1s<\/strong> o <strong><a href=\"https:\/\/mueblesdetena.es\/ru_ru\/mesas\/\">mesas<\/a><\/strong> con esta distribuci\u00f3n es muy f\u00e1cil y recomendado.<\/p>\n<p style=\"text-align: center;\">Todo esto lo puedes aplicar a cualquier tipo de terraza, en una m\u00e1s grande, incluso ahorrar espacio con distribuciones especiales es perfecto. Otro consejo que podemos daros para aprovecharlo al m\u00e1ximo es utilizar <a href=\"https:\/\/mueblesdetena.es\/ru_ru\/los-muebles-auxiliares-que-necesitas-en-tu-casa\/\">muebles auxiliares<\/a> de poca altura. \u00bfA qu\u00e9 nos referimos con auxiliares? A aquellos muebles que son <strong>f\u00e1ciles de mover<\/strong>, dando lugar as\u00ed a una gran versatilidad en el lugar.<\/p>\n<h2 style=\"text-align: center;\"><span class=\"ez-toc-section\" id=\"Terraza_al_aire_libre_cocina_al_aire_libre_o_%C2%BFtal_vez_salon_al_aire_libre\"><\/span><strong>Terraza al aire libre, cocina al aire libre, o, \u00bftal vez sal\u00f3n al aire libre?<\/strong><span class=\"ez-toc-section-end\"><\/span><\/h2>\n<figure id=\"attachment_12993\" aria-describedby=\"caption-attachment-12993\" style=\"width: 1509px\" class=\"wp-caption aligncenter\"><img decoding=\"async\" class=\"size-full wp-image-12993\" src=\"https:\/\/mueblesdetena.es\/wp-content\/uploads\/2021\/06\/terrazas-cocina-comedor.jpg\" alt=\"Un ejemplo de cocina-comedor en la terraza. Con una terraza m\u00e1s peque\u00f1a, podr\u00eda ser posible pero costar\u00eda m\u00e1s, por lo que, en ese caso, no es 100% recomendable.\" width=\"1509\" height=\"1000\" \/><figcaption id=\"caption-attachment-12993\" class=\"wp-caption-text\">Un ejemplo de cocina-comedor en la terraza. Con una terraza m\u00e1s peque\u00f1a, podr\u00eda ser posible pero costar\u00eda m\u00e1s, por lo que, en ese caso, no es 100% recomendable.<\/figcaption><\/figure>\n<p style=\"text-align: center;\">Dependiendo que tan grande sea tu terraza, puedes aprovecharla para construir otra zona de la casa all\u00ed. Una <strong>cocina con comedor<\/strong> parece una idea tentadora, \u00bfno? Disfrutar la comida con la familia y\/o amigos puede hacerse realidad all\u00ed mismo, por ello, el consejo anterior es vital. Aunque sea grande tu terraza, decorarla como una cocina utiliza bastante espacio, aunque normalmente hay de sobra, por lo que nos podemos tranquilizar.<\/p>\n<p style=\"text-align: center;\">Tambi\u00e9n pod\u00e9is construir un sal\u00f3n precioso para que el aire libre complemente vuestra diversi\u00f3n y grandes momentos. <strong>Utiliza<\/strong>, en todos los casos, <strong>accesorios sabiamente<\/strong>. Los <a href=\"https:\/\/mueblesdetena.es\/ru_ru\/preparad-vuestras-salidas-tendencias-muebles-jardin-exterior\/\">muebles de exterior<\/a> son un buen consejo que aplicar aqu\u00ed, porque con ellos, <strong>la naturaleza se fomenta mucho<\/strong>, y eso es actualmente tendencia. En Tena, siempre apostamos por lo verde, al igual que el estilo r\u00fastico.<\/p>\n<h2 style=\"text-align: center;\"><span class=\"ez-toc-section\" id=\"Almacenaje_y_espacio_en_la_terraza_grandes_amigos\"><\/span><strong>Almacenaje y espacio en la terraza, grandes amigos<\/strong><span class=\"ez-toc-section-end\"><\/span><\/h2>\n<figure id=\"attachment_12994\" aria-describedby=\"caption-attachment-12994\" style=\"width: 1000px\" class=\"wp-caption aligncenter\"><img loading=\"lazy\" decoding=\"async\" class=\"size-full wp-image-12994\" src=\"https:\/\/mueblesdetena.es\/wp-content\/uploads\/2021\/06\/terrazas-estantes.jpg\" alt=\"En los estantes que se pueden ver al fondo en esta imagen, se pueden colocar macetas, como se puede apreciar ah\u00ed. Esta idea podr\u00eda innovar tu terraza much\u00edsimo.\" width=\"1000\" height=\"1000\" \/><figcaption id=\"caption-attachment-12994\" class=\"wp-caption-text\">En los estantes que se pueden ver al fondo en esta imagen, se pueden colocar macetas, como se puede apreciar ah\u00ed. Esta idea podr\u00eda innovar tu terraza much\u00edsimo.<\/figcaption><\/figure>\n<p style=\"text-align: center;\">El almacenaje ayuda m\u00e1s que el doble a la hora de <strong>ahorrar espacio<\/strong>. Dependiendo para qu\u00e9 quieras utilizar la terraza, <a href=\"https:\/\/mueblesdetena.es\/ru_ru\/estanterias\/\">una <strong>estanter\u00eda<\/strong><\/a> o un <strong>armario<\/strong> ser\u00e1n esenciales para almacenar tus cosas, aunque para la terraza, optar\u00edamos m\u00e1s por la estanter\u00eda.<\/p>\n<p style=\"text-align: center;\"><strong>La pared ser\u00e1 de gran ayuda para esta misi\u00f3n<\/strong>. Redesc\u00fabrelas colocando, como mencionamos antes, distribuciones variadas, tuyas propias y cualquier mueble que ayude con la distribuci\u00f3n del lugar.<\/p>\n<h2 style=\"text-align: center;\"><span class=\"ez-toc-section\" id=\"%C2%BFDudas_tienes_ideas_y_no_sabes_como_continuar\"><\/span>\u00bfDudas, tienes ideas y no sabes como continuar?<span class=\"ez-toc-section-end\"><\/span><\/h2>\n<p style=\"text-align: center;\">Muebles de Tena est\u00e1 siempre dispuest@ a ayudaros a decorar con vuestras ideas y pasi\u00f3n. Sabiendo esto, si ten\u00e9is dudas o quer\u00e9is expandir vuestras ideas y pasi\u00f3n, pod\u00e9is <a href=\"https:\/\/mueblesdetena.es\/ru_ru\/contacto\/\">contactar con nosotros<\/a>. <strong>\u00a1No lo dudes y ll\u00e1manos si lo necesitas!<\/strong><\/p>","protected":false},"excerpt":{"rendered":"<p>Este a\u00f1o, entre las tendencias de verano, est\u00e1n las terrazas de diversos estilos, que tienen sobre todo naturalidad. Nosotros, Muebles de Tena, estamos dispuestos a ofrecerte lo \u00faltimo en tips de decoraci\u00f3n de tu terraza. Solemos pensar que esta zona es como un oasis. Es ese peque\u00f1o o grande lugar en el que puedes disfrutar [&hellip;]<\/p>\n","protected":false},"author":1,"featured_media":0,"comment_status":"closed","ping_status":"closed","sticky":false,"template":"","format":"standard","meta":{"site-sidebar-layout":"default","site-content-layout":"","ast-site-content-layout":"default","site-content-style":"default","site-sidebar-style":"default","ast-global-header-display":"","ast-banner-title-visibility":"","ast-main-header-display":"","ast-hfb-above-header-display":"","ast-hfb-below-header-display":"","ast-hfb-mobile-header-display":"","site-post-title":"","ast-breadcrumbs-content":"","ast-featured-img":"","footer-sml-layout":"","ast-disable-related-posts":"","theme-transparent-header-meta":"","adv-header-id-meta":"","stick-header-meta":"","header-above-stick-meta":"","header-main-stick-meta":"","header-below-stick-meta":"","astra-migrate-meta-layouts":"default","ast-page-background-enabled":"default","ast-page-background-meta":{"desktop":{"background-color":"var(--ast-global-color-4)","background-image":"","background-repeat":"repeat","background-position":"center center","background-size":"auto","background-attachment":"scroll","background-type":"","background-media":"","overlay-type":"","overlay-color":"","overlay-opacity":"","overlay-gradient":""},"tablet":{"background-color":"","background-image":"","background-repeat":"repeat","background-position":"center center","background-size":"auto","background-attachment":"scroll","background-type":"","background-media":"","overlay-type":"","overlay-color":"","overlay-opacity":"","overlay-gradient":""},"mobile":{"background-color":"","background-image":"","background-repeat":"repeat","background-position":"center center","background-size":"auto","background-attachment":"scroll","background-type":"","background-media":"","overlay-type":"","overlay-color":"","overlay-opacity":"","overlay-gradient":""}},"ast-content-background-meta":{"desktop":{"background-color":"var(--ast-global-color-5)","background-image":"","background-repeat":"repeat","background-position":"center center","background-size":"auto","background-attachment":"scroll","background-type":"","background-media":"","overlay-type":"","overlay-color":"","overlay-opacity":"","overlay-gradient":""},"tablet":{"background-color":"var(--ast-global-color-5)","background-image":"","background-repeat":"repeat","background-position":"center center","background-size":"auto","background-attachment":"scroll","background-type":"","background-media":"","overlay-type":"","overlay-color":"","overlay-opacity":"","overlay-gradient":""},"mobile":{"background-color":"var(--ast-global-color-5)","background-image":"","background-repeat":"repeat","background-position":"center center","background-size":"auto","background-attachment":"scroll","background-type":"","background-media":"","overlay-type":"","overlay-color":"","overlay-opacity":"","overlay-gradient":""}},"_joinchat":[],"footnotes":""},"categories":[1],"tags":[133,151,153],"class_list":["post-12989","post","type-post","status-publish","format-standard","hentry","category-sin-categoria","tag-decoracion","tag-terraza","tag-vistas"],"_links":{"self":[{"href":"https:\/\/mueblesdetena.es\/ru_ru\/wp-json\/wp\/v2\/posts\/12989","targetHints":{"allow":["GET"]}}],"collection":[{"href":"https:\/\/mueblesdetena.es\/ru_ru\/wp-json\/wp\/v2\/posts"}],"about":[{"href":"https:\/\/mueblesdetena.es\/ru_ru\/wp-json\/wp\/v2\/types\/post"}],"author":[{"embeddable":true,"href":"https:\/\/mueblesdetena.es\/ru_ru\/wp-json\/wp\/v2\/users\/1"}],"replies":[{"embeddable":true,"href":"https:\/\/mueblesdetena.es\/ru_ru\/wp-json\/wp\/v2\/comments?post=12989"}],"version-history":[{"count":0,"href":"https:\/\/mueblesdetena.es\/ru_ru\/wp-json\/wp\/v2\/posts\/12989\/revisions"}],"wp:attachment":[{"href":"https:\/\/mueblesdetena.es\/ru_ru\/wp-json\/wp\/v2\/media?parent=12989"}],"wp:term":[{"taxonomy":"category","embeddable":true,"href":"https:\/\/mueblesdetena.es\/ru_ru\/wp-json\/wp\/v2\/categories?post=12989"},{"taxonomy":"post_tag","embeddable":true,"href":"https:\/\/mueblesdetena.es\/ru_ru\/wp-json\/wp\/v2\/tags?post=12989"}],"curies":[{"name":"wp","href":"https:\/\/api.w.org\/{rel}","templated":true}]}}