{"id":13918,"date":"2021-10-01T09:22:36","date_gmt":"2021-10-01T09:22:36","guid":{"rendered":"https:\/\/mueblesdetena.es\/?p=13918"},"modified":"2021-10-01T09:22:36","modified_gmt":"2021-10-01T09:22:36","slug":"otono-2021-apostando-por-lo-calido","status":"publish","type":"post","link":"https:\/\/mueblesdetena.es\/ru_ru\/otono-2021-apostando-por-lo-calido\/","title":{"rendered":"Oto\u00f1o en 2021: Apostando por lo c\u00e1lido"},"content":{"rendered":"<p style=\"text-align: center;\">Cada oto\u00f1o empezamos igual. Un d\u00eda te levantas y de repente hace frio, mucho frio, ese del que te preguntas \u201c\u00bfY el calor que hac\u00eda ayer, d\u00f3nde est\u00e1?\u201d. Est\u00e1s un rato reflexion\u00e1ndolo, tal vez sacando hasta alguna teor\u00eda conspiratoria sin querer. Mir\u00e1ndolo de otra forma, es gracioso pensar que esto ocurre bastante, y de esto el interiorismo toma nota.<\/p>\n<p style=\"text-align: center;\">Cuando llega el oto\u00f1o, las tendencias se centran en <strong>la parte c\u00e1lida<\/strong>, hacer que tu casa se sienta as\u00ed y dejar la parte fr\u00eda de lado. Se hace sobre todo por recordar. Recordar tus vacaciones de verano, en las que el frio no estaba presente y pasabas unos d\u00edas llenos de tranquilidad y paz.<\/p>\n<p style=\"text-align: center;\">En este post presentaremos lo m\u00e1s c\u00e1lido del interiorismo de casa para acostumbrarnos antes al frio, con un estilo m\u00e1s personal.<\/p>\n<figure id=\"attachment_13920\" aria-describedby=\"caption-attachment-13920\" style=\"width: 1020px\" class=\"wp-caption aligncenter\"><a href=\"https:\/\/mueblesdetena.es\/ru_ru\/comedores\/\"><img fetchpriority=\"high\" decoding=\"async\" class=\"wp-image-13920 size-full\" src=\"https:\/\/mueblesdetena.es\/wp-content\/uploads\/2021\/10\/otono-2021-colores-calidos.webp\" alt=\"Colores c\u00e1lidos en el sill\u00f3n, con una l\u00e1mpara dorada para complementar.\" width=\"1020\" height=\"900\" \/><\/a><figcaption id=\"caption-attachment-13920\" class=\"wp-caption-text\">Vemos como el color c\u00e1lido del sill\u00f3n encaja con las paredes y el suelo. Tambi\u00e9n la l\u00e1mpara dorada ayuda a darle un toque iluminado.<\/figcaption><\/figure>\n<div id=\"ez-toc-container\" class=\"ez-toc-v2_0_85 counter-hierarchy ez-toc-counter ez-toc-grey ez-toc-container-direction\">\n<div class=\"ez-toc-title-container\">\n<p class=\"ez-toc-title\" style=\"cursor:inherit\">Table of Contents<\/p>\n<span class=\"ez-toc-title-toggle\"><a href=\"#\" class=\"ez-toc-pull-right ez-toc-btn ez-toc-btn-xs ez-toc-btn-default ez-toc-toggle\" aria-label=\"Toggle Table of Content\"><span class=\"ez-toc-js-icon-con\"><span class=\"\"><span class=\"eztoc-hide\" style=\"display:none;\">Toggle<\/span><span class=\"ez-toc-icon-toggle-span\"><svg style=\"fill: #999;color:#999\" xmlns=\"http:\/\/www.w3.org\/2000\/svg\" class=\"list-377408\" width=\"20px\" height=\"20px\" viewbox=\"0 0 24 24\" fill=\"none\"><path d=\"M6 6H4v2h2V6zm14 0H8v2h12V6zM4 11h2v2H4v-2zm16 0H8v2h12v-2zM4 16h2v2H4v-2zm16 0H8v2h12v-2z\" fill=\"currentColor\"><\/path><\/svg><svg style=\"fill: #999;color:#999\" class=\"arrow-unsorted-368013\" xmlns=\"http:\/\/www.w3.org\/2000\/svg\" width=\"10px\" height=\"10px\" viewbox=\"0 0 24 24\" version=\"1.2\" baseprofile=\"tiny\"><path d=\"M18.2 9.3l-6.2-6.3-6.2 6.3c-.2.2-.3.4-.3.7s.1.5.3.7c.2.2.4.3.7.3h11c.3 0 .5-.1.7-.3.2-.2.3-.5.3-.7s-.1-.5-.3-.7zM5.8 14.7l6.2 6.3 6.2-6.3c.2-.2.3-.5.3-.7s-.1-.5-.3-.7c-.2-.2-.4-.3-.7-.3h-11c-.3 0-.5.1-.7.3-.2.2-.3.5-.3.7s.1.5.3.7z\"\/><\/svg><\/span><\/span><\/span><\/a><\/span><\/div>\n<nav><ul class='ez-toc-list ez-toc-list-level-1' ><li class='ez-toc-page-1 ez-toc-heading-level-2'><a class=\"ez-toc-link ez-toc-heading-1\" href=\"https:\/\/mueblesdetena.es\/ru_ru\/otono-2021-apostando-por-lo-calido\/#Comenzamos_por_los_colores_calidos\" >Comenzamos por los colores c\u00e1lidos<\/a><\/li><li class='ez-toc-page-1 ez-toc-heading-level-2'><a class=\"ez-toc-link ez-toc-heading-2\" href=\"https:\/\/mueblesdetena.es\/ru_ru\/otono-2021-apostando-por-lo-calido\/#Para_los_neutros_la_madera_es_tu_cetro\" >Para los neutros, la madera es tu cetro<\/a><\/li><li class='ez-toc-page-1 ez-toc-heading-level-2'><a class=\"ez-toc-link ez-toc-heading-3\" href=\"https:\/\/mueblesdetena.es\/ru_ru\/otono-2021-apostando-por-lo-calido\/#Acabamos_algo_mas_natural_para_este_otono\" >Acabamos algo m\u00e1s natural para este oto\u00f1o<\/a><\/li><\/ul><\/nav><\/div>\n<h2 style=\"text-align: center;\"><span class=\"ez-toc-section\" id=\"Comenzamos_por_los_colores_calidos\"><\/span><strong>Comenzamos por los colores c\u00e1lidos<\/strong><span class=\"ez-toc-section-end\"><\/span><\/h2>\n<p style=\"text-align: center;\">Para comenzar a pensar en una buena f\u00f3rmula para decorar tu casa de forma c\u00e1lida, es importante <strong>pensar en los colores<\/strong>. Retomamos la psicolog\u00eda de colores, <strong>\u00bfqu\u00e9 aportan los colores c\u00e1lidos a tu casa?<\/strong><\/p>\n<p style=\"text-align: center;\">Seg\u00fan qu\u00e9 colores c\u00e1lidos, los vemos <strong>potentes<\/strong>, relacionados con el fuego, expandi\u00e9ndose r\u00e1pido hacia la <strong>cercan\u00eda, alegr\u00eda, vitalidad\u2026 \u00a1entusiasmo tambi\u00e9n!<\/strong> Aunque pasarse con ellos pueden transmitir sensaciones de peligro e inseguridad. Obviamente tu casa no va a ser un lugar peligroso para familia o invitados, pero seguramente no quieres ver a nadie comentar como ese rojo salt\u00f3n y saturado les transmite una inseguridad que no saben explicar.<\/p>\n<p style=\"text-align: center;\">Para evitar esto, damos paso a una <strong>menor saturaci\u00f3n<\/strong> en los colores c\u00e1lidos, <strong>colores neutros<\/strong> como el blanco, negro o gris y pensar en qu\u00e9 <strong>material<\/strong> aplicamos el color.<\/p>\n<p style=\"text-align: center;\">En tejidos decorativos, el rojo representa <strong>pasiones<\/strong>, y la potencia de estas pasiones depende de la potencia del mismo rojo en \u00e9l. La <strong>energ\u00eda y el calor<\/strong> la transmiten el naranja, y el amarillo m\u00e1s de lo mismo, pero con <strong>mayor vida<\/strong>. Estos dos colores en exceso es como si el sol te diera en la cara bruscamente. Recomendamos usarlos para esa energ\u00eda y vida, pero no para quemarnos de ella.<\/p>\n<p style=\"text-align: center;\">Algo que diferencia el amarillo de los otros colores c\u00e1lidos es su <strong>inmensa popularidad<\/strong>. Es atrevido, estimula entendimiento e inteligencia y en ciertas ocasiones se relaciona a la riqueza. Por eso, no descartamos utilizar el dorado para alg\u00fan accesorio atrevido.<\/p>\n<figure id=\"attachment_13921\" aria-describedby=\"caption-attachment-13921\" style=\"width: 900px\" class=\"wp-caption aligncenter\"><img decoding=\"async\" class=\"size-full wp-image-13921\" src=\"https:\/\/mueblesdetena.es\/wp-content\/uploads\/2021\/10\/otono-2021-madera.webp\" alt=\"Tonos oscuros pero con madera oto\u00f1al.\" width=\"900\" height=\"1200\" \/><figcaption id=\"caption-attachment-13921\" class=\"wp-caption-text\">A pesar de que la madera lo haga un lugar medianamente oscuro, el dise\u00f1o del suelo y la iluminaci\u00f3n del exterior lo hace un entorno muy de oto\u00f1o.<\/figcaption><\/figure>\n<h2 style=\"text-align: center;\"><span class=\"ez-toc-section\" id=\"Para_los_neutros_la_madera_es_tu_cetro\"><\/span><strong>Para los neutros, la madera es tu cetro<\/strong><span class=\"ez-toc-section-end\"><\/span><\/h2>\n<p style=\"text-align: center;\">La madera consigue, con sus tonos verdosos, combinarse con tus otros colores de una forma que <strong>la hace clave en oto\u00f1o<\/strong> y en cualquier estaci\u00f3n.<\/p>\n<p style=\"text-align: center;\">Como en la mayor parte de las casas, el suelo es de madera. Es obvio, pero lo que importa es <strong>el tono de esa madera<\/strong>. Dependiendo cu\u00e1l tengas, al poner algo de madera en tu casa, convendr\u00e1 buscar un tono m\u00e1s <strong><a href=\"https:\/\/mueblesdetena.es\/ru_ru\/cama-nido-a-medida-up-forze\/\">oscuro<\/a> o <a href=\"https:\/\/mueblesdetena.es\/ru_ru\/cama-abatible-formas-414\/\">iluminado<\/a><\/strong>.<\/p>\n<p style=\"text-align: center;\">Igualmente, dejando el color a un lado, el estilo en el que m\u00e1s se usa la madera es <strong>r\u00fastico o tradicional<\/strong>. En oto\u00f1o, debido al gran uso de este material, estos estilos est\u00e1n en auge, por lo que optar por ellos no ser\u00eda mala idea.<\/p>\n<p style=\"text-align: center;\">Para las paredes igual. Un armario de madera que combine con el tono del suelo es una opci\u00f3n interesante. Descubre las grandes posibilidades que tienes con cualquier pared de tu casa, seguro que la madera encaja bien ah\u00ed.<\/p>\n<figure id=\"attachment_13922\" aria-describedby=\"caption-attachment-13922\" style=\"width: 800px\" class=\"wp-caption aligncenter\"><img decoding=\"async\" class=\"size-full wp-image-13922\" src=\"https:\/\/mueblesdetena.es\/wp-content\/uploads\/2021\/10\/otono-2021-natural.webp\" alt=\"Muy ingl\u00e9s y de oto\u00f1o.\" width=\"800\" height=\"1067\" \/><figcaption id=\"caption-attachment-13922\" class=\"wp-caption-text\">Este tipo de decoraci\u00f3n nos hace pensar que es de estilo ingl\u00e9s, pero para el oto\u00f1o, estas velas y plantas llevan la mesa a un entorno m\u00e1s natural, combinando con otro estilo.<\/figcaption><\/figure>\n<h2 style=\"text-align: center;\"><span class=\"ez-toc-section\" id=\"Acabamos_algo_mas_natural_para_este_otono\"><\/span><strong>Acabamos algo m\u00e1s natural para este oto\u00f1o<\/strong><span class=\"ez-toc-section-end\"><\/span><\/h2>\n<p style=\"text-align: center;\">Usar madera ya es natural de por s\u00ed, pero, ahora, centr\u00e9monos en lo m\u00e1s natural. Este oto\u00f1o lo m\u00e1s natural sigue en auge. Tejidos naturales, plantas, fibras naturales. Esto \u00faltimo nos puede hacer recordar <a href=\"https:\/\/mueblesdetena.es\/ru_ru\/preparad-vuestras-salidas-tendencias-muebles-jardin-exterior\/\">los muebles de exterior<\/a>. Aunque dependiendo el d\u00eda no vayamos a salir mucho, las fibras naturales dan paso a un estilo que vuelve a subir, <strong>el japandi<\/strong>.<\/p>\n<p style=\"text-align: center;\">El japandi es una <strong>mezcla de estilos escandinavos con el zen japon\u00e9s<\/strong>, en la que usa el llamado <strong>wabi-sabi<\/strong>, una filosof\u00eda parte del zen japon\u00e9s que utiliza una <strong>imperfecci\u00f3n bella y natural<\/strong>. Entre materiales simples y fibras naturales en varios tipos de mueble, el japandi consigue emplear esta imperfecci\u00f3n de forma que el lugar se sienta acogedor.<\/p>\n<p style=\"text-align: center;\">Podr\u00edamos decir que este estilo es como el aceite y el agua cuando lo comparas con un <a href=\"https:\/\/mueblesdetena.es\/ru_ru\/eres-de-estilos-tradicionales-el-vintage-es-para-ti\/\">estilo m\u00e1s cl\u00e1sico y tradicional<\/a>.<\/p>\n<p style=\"text-align: center;\">Un color neutro tambi\u00e9n se une a este estilo, el beige. Utiliza tu nuevo conocimiento sobre la combinaci\u00f3n de colores c\u00e1lidos y neutros para encajar este color a tu gusto, si quieres.<\/p>\n<p style=\"text-align: center;\">Este oto\u00f1o esperamos que vuestras casas luzcan como siempre o incluso mejor. Para cualquier duda, pod\u00e9is contactar con nosotros, <a href=\"https:\/\/mueblesdetena.es\/ru_ru\/contacto\/\">Muebles de Tena<\/a>, y os resolveremos todas las dudas que teng\u00e1is.<\/p>","protected":false},"excerpt":{"rendered":"<p>Cada oto\u00f1o empezamos igual. Un d\u00eda te levantas y de repente hace frio, mucho frio, ese del que te preguntas \u201c\u00bfY el calor que hac\u00eda ayer, d\u00f3nde est\u00e1?\u201d. Est\u00e1s un rato reflexion\u00e1ndolo, tal vez sacando hasta alguna teor\u00eda conspiratoria sin querer. Mir\u00e1ndolo de otra forma, es gracioso pensar que esto ocurre bastante, y de esto [&hellip;]<\/p>\n","protected":false},"author":1,"featured_media":0,"comment_status":"closed","ping_status":"closed","sticky":false,"template":"","format":"standard","meta":{"site-sidebar-layout":"default","site-content-layout":"","ast-site-content-layout":"default","site-content-style":"default","site-sidebar-style":"default","ast-global-header-display":"","ast-banner-title-visibility":"","ast-main-header-display":"","ast-hfb-above-header-display":"","ast-hfb-below-header-display":"","ast-hfb-mobile-header-display":"","site-post-title":"","ast-breadcrumbs-content":"","ast-featured-img":"","footer-sml-layout":"","ast-disable-related-posts":"","theme-transparent-header-meta":"","adv-header-id-meta":"","stick-header-meta":"","header-above-stick-meta":"","header-main-stick-meta":"","header-below-stick-meta":"","astra-migrate-meta-layouts":"default","ast-page-background-enabled":"default","ast-page-background-meta":{"desktop":{"background-color":"var(--ast-global-color-4)","background-image":"","background-repeat":"repeat","background-position":"center center","background-size":"auto","background-attachment":"scroll","background-type":"","background-media":"","overlay-type":"","overlay-color":"","overlay-opacity":"","overlay-gradient":""},"tablet":{"background-color":"","background-image":"","background-repeat":"repeat","background-position":"center center","background-size":"auto","background-attachment":"scroll","background-type":"","background-media":"","overlay-type":"","overlay-color":"","overlay-opacity":"","overlay-gradient":""},"mobile":{"background-color":"","background-image":"","background-repeat":"repeat","background-position":"center center","background-size":"auto","background-attachment":"scroll","background-type":"","background-media":"","overlay-type":"","overlay-color":"","overlay-opacity":"","overlay-gradient":""}},"ast-content-background-meta":{"desktop":{"background-color":"var(--ast-global-color-5)","background-image":"","background-repeat":"repeat","background-position":"center center","background-size":"auto","background-attachment":"scroll","background-type":"","background-media":"","overlay-type":"","overlay-color":"","overlay-opacity":"","overlay-gradient":""},"tablet":{"background-color":"var(--ast-global-color-5)","background-image":"","background-repeat":"repeat","background-position":"center center","background-size":"auto","background-attachment":"scroll","background-type":"","background-media":"","overlay-type":"","overlay-color":"","overlay-opacity":"","overlay-gradient":""},"mobile":{"background-color":"var(--ast-global-color-5)","background-image":"","background-repeat":"repeat","background-position":"center center","background-size":"auto","background-attachment":"scroll","background-type":"","background-media":"","overlay-type":"","overlay-color":"","overlay-opacity":"","overlay-gradient":""}},"_joinchat":[],"footnotes":""},"categories":[1],"tags":[105,90,92,88,133,110,134,121,93,135,130,96,127,155,132,150],"class_list":["post-13918","post","type-post","status-publish","format-standard","hentry","category-sin-categoria","tag-armarios","tag-composiciones-con-estilo","tag-composiciones-juveniles","tag-consejos","tag-decoracion","tag-decoracion-juvenil","tag-espacio","tag-espacio-pequenos","tag-habitaciones-juveniles","tag-minimalismo","tag-minimalista","tag-muebles","tag-muebles-decorativos-auxiliares","tag-otono","tag-renueva-tu-espacio","tag-tendencias"],"_links":{"self":[{"href":"https:\/\/mueblesdetena.es\/ru_ru\/wp-json\/wp\/v2\/posts\/13918","targetHints":{"allow":["GET"]}}],"collection":[{"href":"https:\/\/mueblesdetena.es\/ru_ru\/wp-json\/wp\/v2\/posts"}],"about":[{"href":"https:\/\/mueblesdetena.es\/ru_ru\/wp-json\/wp\/v2\/types\/post"}],"author":[{"embeddable":true,"href":"https:\/\/mueblesdetena.es\/ru_ru\/wp-json\/wp\/v2\/users\/1"}],"replies":[{"embeddable":true,"href":"https:\/\/mueblesdetena.es\/ru_ru\/wp-json\/wp\/v2\/comments?post=13918"}],"version-history":[{"count":0,"href":"https:\/\/mueblesdetena.es\/ru_ru\/wp-json\/wp\/v2\/posts\/13918\/revisions"}],"wp:attachment":[{"href":"https:\/\/mueblesdetena.es\/ru_ru\/wp-json\/wp\/v2\/media?parent=13918"}],"wp:term":[{"taxonomy":"category","embeddable":true,"href":"https:\/\/mueblesdetena.es\/ru_ru\/wp-json\/wp\/v2\/categories?post=13918"},{"taxonomy":"post_tag","embeddable":true,"href":"https:\/\/mueblesdetena.es\/ru_ru\/wp-json\/wp\/v2\/tags?post=13918"}],"curies":[{"name":"wp","href":"https:\/\/api.w.org\/{rel}","templated":true}]}}