{"id":14200,"date":"2021-11-10T12:09:21","date_gmt":"2021-11-10T12:09:21","guid":{"rendered":"https:\/\/mueblesdetena.es\/?p=14200"},"modified":"2021-11-10T12:09:21","modified_gmt":"2021-11-10T12:09:21","slug":"cocina-renovada-otono","status":"publish","type":"post","link":"https:\/\/mueblesdetena.es\/ru_ru\/cocina-renovada-otono\/","title":{"rendered":"\u00bfCocina renovada para el oto\u00f1o?"},"content":{"rendered":"<p style=\"text-align: center;\">Llevamos ya un tiempo en noviembre y al oto\u00f1o le queda menos para persistir y que llegue el invierno con las fiestas. Mientras algunos piensan ya en renovar sus casas para estas fiestas, podemos optar por continuar con decoraciones de oto\u00f1o o, combinar.<\/p>\n<p style=\"text-align: center;\">Podr\u00edamos combinar decoraciones navide\u00f1as con oto\u00f1ales, sin causar caos, pero una cosa est\u00e1 clara. Las tendencias de decoraci\u00f3n cambian constantemente, y mientras a muchos nos encantar\u00eda seguirlas casi siempre, a la larga una reforma es bastante cara, al igual que no disponemos del mayor tiempo posible para ello.<\/p>\n<p style=\"text-align: center;\">En este post, por parte de <a href=\"https:\/\/mueblesdetena.es\/ru_ru\/blog\/\">los consejos de Muebles de Tena<\/a>, hablaremos de tendencias que m\u00e1s que para el oto\u00f1o, van para casi toda la vida.<\/p>\n<figure id=\"attachment_14203\" aria-describedby=\"caption-attachment-14203\" style=\"width: 750px\" class=\"wp-caption aligncenter\"><a href=\"https:\/\/mueblesdetena.es\/ru_ru\/otono-2021-apostando-por-lo-calido\/\"><img fetchpriority=\"high\" decoding=\"async\" class=\"size-full wp-image-14203\" src=\"https:\/\/mueblesdetena.es\/wp-content\/uploads\/2021\/11\/Cocinas2021-Tecnologia.webp\" alt=\"Tecnolog\u00eda junto con plantas en la cocina.\" width=\"750\" height=\"1000\" \/><\/a><figcaption id=\"caption-attachment-14203\" class=\"wp-caption-text\">Vemos en este estilo de cocina que hay hasta una televisi\u00f3n colgada, junto con una ventana que da al exterior dejando pasar luz y algunas plantas. Esto ser\u00eda un ejemplo perfecto de tecnolog\u00eda y naturaleza en una cocina.<\/figcaption><\/figure>\n<div id=\"ez-toc-container\" class=\"ez-toc-v2_0_85 counter-hierarchy ez-toc-counter ez-toc-grey ez-toc-container-direction\">\n<div class=\"ez-toc-title-container\">\n<p class=\"ez-toc-title\" style=\"cursor:inherit\">Table of Contents<\/p>\n<span class=\"ez-toc-title-toggle\"><a href=\"#\" class=\"ez-toc-pull-right ez-toc-btn ez-toc-btn-xs ez-toc-btn-default ez-toc-toggle\" aria-label=\"Toggle Table of Content\"><span class=\"ez-toc-js-icon-con\"><span class=\"\"><span class=\"eztoc-hide\" style=\"display:none;\">Toggle<\/span><span class=\"ez-toc-icon-toggle-span\"><svg style=\"fill: #999;color:#999\" xmlns=\"http:\/\/www.w3.org\/2000\/svg\" class=\"list-377408\" width=\"20px\" height=\"20px\" viewbox=\"0 0 24 24\" fill=\"none\"><path d=\"M6 6H4v2h2V6zm14 0H8v2h12V6zM4 11h2v2H4v-2zm16 0H8v2h12v-2zM4 16h2v2H4v-2zm16 0H8v2h12v-2z\" fill=\"currentColor\"><\/path><\/svg><svg style=\"fill: #999;color:#999\" class=\"arrow-unsorted-368013\" xmlns=\"http:\/\/www.w3.org\/2000\/svg\" width=\"10px\" height=\"10px\" viewbox=\"0 0 24 24\" version=\"1.2\" baseprofile=\"tiny\"><path d=\"M18.2 9.3l-6.2-6.3-6.2 6.3c-.2.2-.3.4-.3.7s.1.5.3.7c.2.2.4.3.7.3h11c.3 0 .5-.1.7-.3.2-.2.3-.5.3-.7s-.1-.5-.3-.7zM5.8 14.7l6.2 6.3 6.2-6.3c.2-.2.3-.5.3-.7s-.1-.5-.3-.7c-.2-.2-.4-.3-.7-.3h-11c-.3 0-.5.1-.7.3-.2.2-.3.5-.3.7s.1.5.3.7z\"\/><\/svg><\/span><\/span><\/span><\/a><\/span><\/div>\n<nav><ul class='ez-toc-list ez-toc-list-level-1' ><li class='ez-toc-page-1 ez-toc-heading-level-2'><a class=\"ez-toc-link ez-toc-heading-1\" href=\"https:\/\/mueblesdetena.es\/ru_ru\/cocina-renovada-otono\/#Tecnologia_y_lo_natural_en_tu_cocina\" >Tecnolog\u00eda y lo natural en tu cocina<\/a><\/li><li class='ez-toc-page-1 ez-toc-heading-level-2'><a class=\"ez-toc-link ez-toc-heading-2\" href=\"https:\/\/mueblesdetena.es\/ru_ru\/cocina-renovada-otono\/#Materiales_y_decoracion_duradera\" >Materiales y decoraci\u00f3n duradera<\/a><\/li><\/ul><\/nav><\/div>\n<h2 style=\"text-align: center;\"><span class=\"ez-toc-section\" id=\"Tecnologia_y_lo_natural_en_tu_cocina\"><\/span><strong>Tecnolog\u00eda y lo natural en tu cocina<\/strong><span class=\"ez-toc-section-end\"><\/span><\/h2>\n<p style=\"text-align: center;\">Habl\u00e1bamos de combinar, pero aqu\u00ed vamos a lo grande. La tecnolog\u00eda es un opuesto a lo natural, porque es totalmente artificial, pero \u00bfy si te dijera que combinado con lo natural en tu casa va fenomenal?<\/p>\n<p style=\"text-align: center;\">Esto al paso del tiempo se nota cada vez m\u00e1s y m\u00e1s. Cada vez hacemos tareas m\u00e1s complejas que nos quitan mucho tiempo, y la tecnolog\u00eda reduce ese tiempo dr\u00e1sticamente simplificando esas tareas en pocas acciones, produciendo mayores resultados. Sabiendo que esto es conveniente, \u00bfpor qu\u00e9 no iba a ser bonita en tu casa?<\/p>\n<p style=\"text-align: center;\">En la cocina, los dise\u00f1os de las vitrocer\u00e1micas, campanas extractoras, grifos y neveras, por ejemplo, van cambiando constantemente para ofrecer variedad de estilos, sobre todo para que encajen con lo que nos gusta. Igualmente, es cierto que el uso de la tecnolog\u00eda se atribuye mucho m\u00e1s al estilo industrial. No creemos que vayas a ver una campana extractora en un estilo r\u00fastico o cl\u00e1sico.<\/p>\n<p style=\"text-align: center;\">Entonces, d\u00f3nde entra lo natural aqu\u00ed? \u00a1Muy sencillo! Con <strong>los colores<\/strong>, <strong>los accesorios<\/strong> y <strong><a href=\"https:\/\/mueblesdetena.es\/ru_ru\/mesas\/\">la madera<\/a><\/strong>. Ya mencionamos la importancia de la madera en oto\u00f1o. Sabiendo como encaja la madera en nuestras casas, reconocemos que es un material vers\u00e1til para todas las estaciones del a\u00f1o, haci\u00e9ndola perfecta para reformas econ\u00f3micas y duraderas.<\/p>\n<p style=\"text-align: center;\">Por parte de los colores, los naturales evocan sensaciones muy agradables, relacionadas con una mayor vitalidad, m\u00e1s potencia y m\u00e1s entusiasmo. Aprovecha esto para ver tu cocina como un lugar positivo en el que comer o hacer la comida no se haga un trabajo pesado.<\/p>\n<p style=\"text-align: center;\">Finalmente, con los accesorios, una vitrocer\u00e1mica con una planta estilosa al lado no suele quedar mal, por ejemplo. Si eres muy de tener plantas y hojas naturales en casa, a tu cocina con tecnolog\u00eda le encantar\u00e1 tener esta naturaleza. <strong>Las plantas ornamentales<\/strong>, sobre todo, aportan purificaci\u00f3n al aire y reducen el estr\u00e9s.<\/p>\n<figure id=\"attachment_14204\" aria-describedby=\"caption-attachment-14204\" style=\"width: 1445px\" class=\"wp-caption aligncenter\"><a href=\"https:\/\/mueblesdetena.es\/ru_ru\/comedores\/\"><img decoding=\"async\" class=\"size-full wp-image-14204\" src=\"https:\/\/mueblesdetena.es\/wp-content\/uploads\/2021\/11\/Cocinas2021-Cuarzo.webp\" alt=\"Cuarzo utilizado en la cocina.\" width=\"1445\" height=\"1000\" \/><\/a><figcaption id=\"caption-attachment-14204\" class=\"wp-caption-text\">Vemos como el cuarzo destaca en esta cocina, combinando con colores muy oscuros.<\/figcaption><\/figure>\n<h2 style=\"text-align: center;\"><span class=\"ez-toc-section\" id=\"Materiales_y_decoracion_duradera\"><\/span><strong>Materiales y decoraci\u00f3n duradera<\/strong><span class=\"ez-toc-section-end\"><\/span><\/h2>\n<p style=\"text-align: center;\">Es muy recomendable que los materiales utilizados para la decoraci\u00f3n sean duraderos y sirvan para hacer de tu casa un entorno sostenible. Un ejemplo de esto son los muebles de cuarzo. El cuarzo es un material muy bonito, normalmente visto de color blanco con patrones grises, que aparte de ser duradero, es de una muy buena calidad. As\u00ed, destacar\u00e1 en donde vayas a poner la grifer\u00eda, por ejemplo.<\/p>\n<p style=\"text-align: center;\"><a href=\"https:\/\/mueblesdetena.es\/ru_ru\/preparad-vuestras-salidas-tendencias-muebles-jardin-exterior\/\">Las fibras naturales<\/a> tambi\u00e9n ayudan al ser otro material sostenible. Si quieres colocar una mesa para comer en la cocina, considera utilizarlas ya que aportan mucha naturalidad en casa.<\/p>\n<p style=\"text-align: center;\">Queda menos para que acabe el oto\u00f1o, y despu\u00e9s de hacer este post relacionado m\u00e1s con todas las estaciones del a\u00f1o, seguramente tengas dudas al respecto. Los especialistas en Muebles de Tena resolver\u00e1n todas vuestras dudas <a href=\"https:\/\/mueblesdetena.es\/ru_ru\/contacto\/\">al contactar con nosotros<\/a>.<\/p>","protected":false},"excerpt":{"rendered":"<p>Llevamos ya un tiempo en noviembre y al oto\u00f1o le queda menos para persistir y que llegue el invierno con las fiestas. Mientras algunos piensan ya en renovar sus casas para estas fiestas, podemos optar por continuar con decoraciones de oto\u00f1o o, combinar. Podr\u00edamos combinar decoraciones navide\u00f1as con oto\u00f1ales, sin causar caos, pero una cosa [&hellip;]<\/p>\n","protected":false},"author":1,"featured_media":0,"comment_status":"closed","ping_status":"closed","sticky":false,"template":"","format":"standard","meta":{"site-sidebar-layout":"default","site-content-layout":"","ast-site-content-layout":"default","site-content-style":"default","site-sidebar-style":"default","ast-global-header-display":"","ast-banner-title-visibility":"","ast-main-header-display":"","ast-hfb-above-header-display":"","ast-hfb-below-header-display":"","ast-hfb-mobile-header-display":"","site-post-title":"","ast-breadcrumbs-content":"","ast-featured-img":"","footer-sml-layout":"","ast-disable-related-posts":"","theme-transparent-header-meta":"","adv-header-id-meta":"","stick-header-meta":"","header-above-stick-meta":"","header-main-stick-meta":"","header-below-stick-meta":"","astra-migrate-meta-layouts":"default","ast-page-background-enabled":"default","ast-page-background-meta":{"desktop":{"background-color":"var(--ast-global-color-4)","background-image":"","background-repeat":"repeat","background-position":"center center","background-size":"auto","background-attachment":"scroll","background-type":"","background-media":"","overlay-type":"","overlay-color":"","overlay-opacity":"","overlay-gradient":""},"tablet":{"background-color":"","background-image":"","background-repeat":"repeat","background-position":"center center","background-size":"auto","background-attachment":"scroll","background-type":"","background-media":"","overlay-type":"","overlay-color":"","overlay-opacity":"","overlay-gradient":""},"mobile":{"background-color":"","background-image":"","background-repeat":"repeat","background-position":"center center","background-size":"auto","background-attachment":"scroll","background-type":"","background-media":"","overlay-type":"","overlay-color":"","overlay-opacity":"","overlay-gradient":""}},"ast-content-background-meta":{"desktop":{"background-color":"var(--ast-global-color-5)","background-image":"","background-repeat":"repeat","background-position":"center center","background-size":"auto","background-attachment":"scroll","background-type":"","background-media":"","overlay-type":"","overlay-color":"","overlay-opacity":"","overlay-gradient":""},"tablet":{"background-color":"var(--ast-global-color-5)","background-image":"","background-repeat":"repeat","background-position":"center center","background-size":"auto","background-attachment":"scroll","background-type":"","background-media":"","overlay-type":"","overlay-color":"","overlay-opacity":"","overlay-gradient":""},"mobile":{"background-color":"var(--ast-global-color-5)","background-image":"","background-repeat":"repeat","background-position":"center center","background-size":"auto","background-attachment":"scroll","background-type":"","background-media":"","overlay-type":"","overlay-color":"","overlay-opacity":"","overlay-gradient":""}},"_joinchat":[],"footnotes":""},"categories":[1],"tags":[157,88,133,134,121,135,130,96,127,132,150],"class_list":["post-14200","post","type-post","status-publish","format-standard","hentry","category-sin-categoria","tag-cocina","tag-consejos","tag-decoracion","tag-espacio","tag-espacio-pequenos","tag-minimalismo","tag-minimalista","tag-muebles","tag-muebles-decorativos-auxiliares","tag-renueva-tu-espacio","tag-tendencias"],"_links":{"self":[{"href":"https:\/\/mueblesdetena.es\/ru_ru\/wp-json\/wp\/v2\/posts\/14200","targetHints":{"allow":["GET"]}}],"collection":[{"href":"https:\/\/mueblesdetena.es\/ru_ru\/wp-json\/wp\/v2\/posts"}],"about":[{"href":"https:\/\/mueblesdetena.es\/ru_ru\/wp-json\/wp\/v2\/types\/post"}],"author":[{"embeddable":true,"href":"https:\/\/mueblesdetena.es\/ru_ru\/wp-json\/wp\/v2\/users\/1"}],"replies":[{"embeddable":true,"href":"https:\/\/mueblesdetena.es\/ru_ru\/wp-json\/wp\/v2\/comments?post=14200"}],"version-history":[{"count":0,"href":"https:\/\/mueblesdetena.es\/ru_ru\/wp-json\/wp\/v2\/posts\/14200\/revisions"}],"wp:attachment":[{"href":"https:\/\/mueblesdetena.es\/ru_ru\/wp-json\/wp\/v2\/media?parent=14200"}],"wp:term":[{"taxonomy":"category","embeddable":true,"href":"https:\/\/mueblesdetena.es\/ru_ru\/wp-json\/wp\/v2\/categories?post=14200"},{"taxonomy":"post_tag","embeddable":true,"href":"https:\/\/mueblesdetena.es\/ru_ru\/wp-json\/wp\/v2\/tags?post=14200"}],"curies":[{"name":"wp","href":"https:\/\/api.w.org\/{rel}","templated":true}]}}