{"id":14430,"date":"2021-12-28T08:57:18","date_gmt":"2021-12-28T08:57:18","guid":{"rendered":"https:\/\/mueblesdetena.es\/?p=14430"},"modified":"2021-12-28T08:57:18","modified_gmt":"2021-12-28T08:57:18","slug":"ahora-le-toca-a-tu-salon","status":"publish","type":"post","link":"https:\/\/mueblesdetena.es\/ru_ru\/ahora-le-toca-a-tu-salon\/","title":{"rendered":"Ahora, \u00a1le toca a tu sal\u00f3n!"},"content":{"rendered":"<p style=\"text-align: center;\">Probablemente ya hayas tenido alguna idea para decorar el sal\u00f3n estas navidades, y seguro que estas ideas tendr\u00e1n algo en com\u00fan: se respira tranquilidad.<\/p>\n<p style=\"text-align: center;\">Al haber estado durante mucho tiempo en un ambiente intranquilo, debido a la pandemia y todos los cambios constantes d\u00eda a d\u00eda, seguramente queramos reflejar a\u00fan m\u00e1s nuestras ganas de estar tranquilos en casa. \u00bfQu\u00e9 mejor lugar que el sal\u00f3n para esto?<\/p>\n<p style=\"text-align: center;\">Ya que seguramente has tenido la iniciativa de decorar de esta forma, nosotros desde Muebles de Tena te ayudamos a inspirarte con nuevas ideas ya de cara a Nochevieja y las fiestas de Reyes Magos.<\/p>\n<figure id=\"attachment_14440\" aria-describedby=\"caption-attachment-14440\" style=\"width: 1060px\" class=\"wp-caption aligncenter\"><a href=\"https:\/\/mueblesdetena.es\/ru_ru\/descanso\/\"><img fetchpriority=\"high\" decoding=\"async\" class=\"size-full wp-image-14440\" src=\"https:\/\/mueblesdetena.es\/wp-content\/uploads\/2021\/12\/salones-2021-paz.jpg\" alt=\"Paz abundante en este sal\u00f3n con una mesita en el centro.\" width=\"1060\" height=\"800\" \/><\/a><figcaption id=\"caption-attachment-14440\" class=\"wp-caption-text\">En esta imagen apreciamos la paz que se puede sentir en este peque\u00f1o sal\u00f3n.<\/figcaption><\/figure>\n<div id=\"ez-toc-container\" class=\"ez-toc-v2_0_85 counter-hierarchy ez-toc-counter ez-toc-grey ez-toc-container-direction\">\n<div class=\"ez-toc-title-container\">\n<p class=\"ez-toc-title\" style=\"cursor:inherit\">Table of Contents<\/p>\n<span class=\"ez-toc-title-toggle\"><a href=\"#\" class=\"ez-toc-pull-right ez-toc-btn ez-toc-btn-xs ez-toc-btn-default ez-toc-toggle\" aria-label=\"Toggle Table of Content\"><span class=\"ez-toc-js-icon-con\"><span class=\"\"><span class=\"eztoc-hide\" style=\"display:none;\">Toggle<\/span><span class=\"ez-toc-icon-toggle-span\"><svg style=\"fill: #999;color:#999\" xmlns=\"http:\/\/www.w3.org\/2000\/svg\" class=\"list-377408\" width=\"20px\" height=\"20px\" viewbox=\"0 0 24 24\" fill=\"none\"><path d=\"M6 6H4v2h2V6zm14 0H8v2h12V6zM4 11h2v2H4v-2zm16 0H8v2h12v-2zM4 16h2v2H4v-2zm16 0H8v2h12v-2z\" fill=\"currentColor\"><\/path><\/svg><svg style=\"fill: #999;color:#999\" class=\"arrow-unsorted-368013\" xmlns=\"http:\/\/www.w3.org\/2000\/svg\" width=\"10px\" height=\"10px\" viewbox=\"0 0 24 24\" version=\"1.2\" baseprofile=\"tiny\"><path d=\"M18.2 9.3l-6.2-6.3-6.2 6.3c-.2.2-.3.4-.3.7s.1.5.3.7c.2.2.4.3.7.3h11c.3 0 .5-.1.7-.3.2-.2.3-.5.3-.7s-.1-.5-.3-.7zM5.8 14.7l6.2 6.3 6.2-6.3c.2-.2.3-.5.3-.7s-.1-.5-.3-.7c-.2-.2-.4-.3-.7-.3h-11c-.3 0-.5.1-.7.3-.2.2-.3.5-.3.7s.1.5.3.7z\"\/><\/svg><\/span><\/span><\/span><\/a><\/span><\/div>\n<nav><ul class='ez-toc-list ez-toc-list-level-1' ><li class='ez-toc-page-1 ez-toc-heading-level-2'><a class=\"ez-toc-link ez-toc-heading-1\" href=\"https:\/\/mueblesdetena.es\/ru_ru\/ahora-le-toca-a-tu-salon\/#Tendencias_de_paz\" >Tendencias de paz<\/a><\/li><li class='ez-toc-page-1 ez-toc-heading-level-2'><a class=\"ez-toc-link ez-toc-heading-2\" href=\"https:\/\/mueblesdetena.es\/ru_ru\/ahora-le-toca-a-tu-salon\/#Comencemos_con_lo_importante_tener_en_cuenta_el_tamano_del_salon\" >Comencemos con lo importante, tener en cuenta el tama\u00f1o del sal\u00f3n<\/a><\/li><li class='ez-toc-page-1 ez-toc-heading-level-2'><a class=\"ez-toc-link ez-toc-heading-3\" href=\"https:\/\/mueblesdetena.es\/ru_ru\/ahora-le-toca-a-tu-salon\/#Iluminacion_acogedora\" >Iluminaci\u00f3n acogedora<\/a><\/li><\/ul><\/nav><\/div>\n<h2 style=\"text-align: center;\"><span class=\"ez-toc-section\" id=\"Tendencias_de_paz\"><\/span>Tendencias de paz<span class=\"ez-toc-section-end\"><\/span><\/h2>\n<p style=\"text-align: center;\">Hablamos de <a href=\"https:\/\/mueblesdetena.es\/ru_ru\/tranquilidad-ideal-con-tus-muebles-de-salon-%f0%9f%98%8c\/\">paz en el sal\u00f3n<\/a>, pero al decorar seguramente nos preguntemos c\u00f3mo es eso posible. \u201c\u00bfC\u00f3mo puede ser que mi sal\u00f3n pueda pasar de tranquilo a intranquilo, \u00bfqu\u00e9 lo hace evocar paz?\u201d. Estamos seguros de que \u00e9stas son preguntas comunes al leer esta secci\u00f3n.<\/p>\n<p style=\"text-align: center;\">El estado de tranquilidad en nosotros, el ser humano, es estar calmado. Psic\u00f3logos pueden describirlo como un equilibrio interior que, cuando se alcanza, los problemas se ven como algo aparte y son m\u00e1s f\u00e1ciles de resolver. Una forma de conseguirlo es viendo una imagen o varias. Por ejemplo, una imagen de un paisaje de una isla o una monta\u00f1a nos puede hacer olvidar el estr\u00e9s, cualquier remordimiento y ansiedad.<\/p>\n<p style=\"text-align: center;\">\u201c\u00bfQu\u00e9 tiene que ver mi sal\u00f3n con esto?\u201d, te preguntar\u00e1s. \u00a1Muy sencillo! Puedes transformar tu sal\u00f3n en aquello que te proporcione m\u00e1s paz. Si esa imagen que te da placidez tiene mucha naturaleza, sabes que no puedes colocar un \u00e1rbol grande en tu sal\u00f3n a menos que seas muy creativo, pero <a href=\"https:\/\/mueblesdetena.es\/ru_ru\/otono-2021-apostando-por-lo-calido\/\">las macetas<\/a> entrar\u00e1n en juego.<\/p>\n<p style=\"text-align: center;\">Aunque pases por tiempos dif\u00edciles, te motivamos a que el sal\u00f3n forme parte de tu paz interior. Visualiza qu\u00e9 es lo que te parece un entorno tranquilo y trasl\u00e1dalo all\u00ed.<\/p>\n<figure id=\"attachment_14444\" aria-describedby=\"caption-attachment-14444\" style=\"width: 800px\" class=\"wp-caption aligncenter\"><a href=\"https:\/\/mueblesdetena.es\/ru_ru\/mesas\/\"><img decoding=\"async\" class=\"size-full wp-image-14444\" src=\"https:\/\/mueblesdetena.es\/wp-content\/uploads\/2021\/12\/salones-2021-tamanosalon.jpg\" alt=\"Sal\u00f3n grande con el espacio aprovechado.\" width=\"800\" height=\"1066\" \/><\/a><figcaption id=\"caption-attachment-14444\" class=\"wp-caption-text\">Podemos ver un sal\u00f3n mediano-grande en el que se aprovecha el espacio con dos sof\u00e1s mirando de frente, una decoraci\u00f3n sencilla en el medio y al lado de los sof\u00e1s, una mesa relajante para hablar.<\/figcaption><\/figure>\n<h2 style=\"text-align: center;\"><span class=\"ez-toc-section\" id=\"Comencemos_con_lo_importante_tener_en_cuenta_el_tamano_del_salon\"><\/span>Comencemos con lo importante, tener en cuenta el tama\u00f1o del sal\u00f3n<span class=\"ez-toc-section-end\"><\/span><\/h2>\n<p style=\"text-align: center;\">Los que hayan decorado el sal\u00f3n por Navidad o actualmente tengan la intenci\u00f3n de hacerlo, habr\u00e9is visto que, al igual que con cada zona de la casa, hay que tener en cuenta cuanto mide, \u00bfverdad?<\/p>\n<p style=\"text-align: center;\">El caso del sal\u00f3n siempre es algo especial, ya que siempre se puede aprovechar de distintas formas, y es donde normalmente hay m\u00e1s <a href=\"https:\/\/mueblesdetena.es\/ru_ru\/outlet\/\">decoraci\u00f3n concentrada<\/a>. Si quieres mantener la idea del sal\u00f3n tranquilo, tenemos ciertas ideas, como colocar muebles en lugares donde ocupen mucho espacio o en zonas en las que directamente dejen muy poco espacio para pasar. Suele quedar elegante y acogedor.<\/p>\n<p style=\"text-align: center;\">Para los salones peque\u00f1os, esta idea tambi\u00e9n se aplica, y, adem\u00e1s, si es suficientemente grande, puedes aprovechar el poco espacio del que dispones para colocar m\u00e1s de un <a href=\"https:\/\/mueblesdetena.es\/ru_ru\/sofas\/\">sof\u00e1<\/a> (o <a href=\"https:\/\/mueblesdetena.es\/ru_ru\/sofas-cama\/\">sof\u00e1 cama<\/a>), pero de forma que se aproveche el espacio, por ejemplo, en forma de L o uno frente al otro.<\/p>\n<p style=\"text-align: center;\">Combina estas ideas con cualquier estilo que te venga en mente y haz pruebas con croquis o fotos editadas para ver c\u00f3mo puede quedar. Recomendamos utilizar el minimalista para aportar mayor sensaci\u00f3n de tranquilidad.<\/p>\n<figure id=\"attachment_14445\" aria-describedby=\"caption-attachment-14445\" style=\"width: 800px\" class=\"wp-caption aligncenter\"><a href=\"https:\/\/mueblesdetena.es\/ru_ru\/sillas\/\"><img decoding=\"async\" class=\"size-full wp-image-14445\" src=\"https:\/\/mueblesdetena.es\/wp-content\/uploads\/2021\/12\/salones-2021-iluminacion.jpg\" alt=\"Iluminaci\u00f3n acogedora donde nos sentimos vistos de una buena forma.\" width=\"800\" height=\"1200\" \/><\/a><figcaption id=\"caption-attachment-14445\" class=\"wp-caption-text\">Vemos como un sill\u00f3n con una l\u00e1mpara detr\u00e1s junto con la iluminaci\u00f3n del sal\u00f3n puede hacerlo m\u00e1s acogedor a\u00fan.<\/figcaption><\/figure>\n<h2 style=\"text-align: center;\"><span class=\"ez-toc-section\" id=\"Iluminacion_acogedora\"><\/span>Iluminaci\u00f3n acogedora<span class=\"ez-toc-section-end\"><\/span><\/h2>\n<p style=\"text-align: center;\">Cuando decoramos para los festivos de invierno, lo menos que queremos es una iluminaci\u00f3n fr\u00eda e inc\u00f3moda. Coloca l\u00e1mparas o luces que cuelgan del techo con <strong>luces LED<\/strong>, de las llamadas 2.700 K. A \u00e9stas se les puede llamar tambi\u00e9n <strong>luz blanca<\/strong>, perfectas para una estancia c\u00e1lida en el sal\u00f3n.<\/p>\n<p style=\"text-align: center;\">Aprovecha la distribuci\u00f3n de tu sal\u00f3n para encontrar los lugares perfectos para colocar las luces. Si ves suficiente las luces que tienes en el techo, pero no son de un color c\u00e1lido como a ti te gustar\u00eda, no hace falta que compres l\u00e1mparas aparte, saca tu manitas interior e intenta cambiar la luz por ti mism@.<\/p>\n<p style=\"text-align: center;\">Consigue un final y un principio de a\u00f1o con serenidad y reposo con estas ideas. Si quieres expandir m\u00e1s conocimiento sobre ello, puedes <a href=\"https:\/\/mueblesdetena.es\/ru_ru\/contacto\/\">contactar con nuestros especialistas<\/a>. Resolveremos las dudas lo antes posible. \u00a1Feliz Navidad y a\u00f1o nuevo por parte de Muebles de Tena!<\/p>","protected":false},"excerpt":{"rendered":"<p>Probablemente ya hayas tenido alguna idea para decorar el sal\u00f3n estas navidades, y seguro que estas ideas tendr\u00e1n algo en com\u00fan: se respira tranquilidad. Al haber estado durante mucho tiempo en un ambiente intranquilo, debido a la pandemia y todos los cambios constantes d\u00eda a d\u00eda, seguramente queramos reflejar a\u00fan m\u00e1s nuestras ganas de estar [&hellip;]<\/p>\n","protected":false},"author":1,"featured_media":0,"comment_status":"closed","ping_status":"closed","sticky":false,"template":"","format":"standard","meta":{"site-sidebar-layout":"default","site-content-layout":"","ast-site-content-layout":"default","site-content-style":"default","site-sidebar-style":"default","ast-global-header-display":"","ast-banner-title-visibility":"","ast-main-header-display":"","ast-hfb-above-header-display":"","ast-hfb-below-header-display":"","ast-hfb-mobile-header-display":"","site-post-title":"","ast-breadcrumbs-content":"","ast-featured-img":"","footer-sml-layout":"","ast-disable-related-posts":"","theme-transparent-header-meta":"","adv-header-id-meta":"","stick-header-meta":"","header-above-stick-meta":"","header-main-stick-meta":"","header-below-stick-meta":"","astra-migrate-meta-layouts":"default","ast-page-background-enabled":"default","ast-page-background-meta":{"desktop":{"background-color":"var(--ast-global-color-4)","background-image":"","background-repeat":"repeat","background-position":"center center","background-size":"auto","background-attachment":"scroll","background-type":"","background-media":"","overlay-type":"","overlay-color":"","overlay-opacity":"","overlay-gradient":""},"tablet":{"background-color":"","background-image":"","background-repeat":"repeat","background-position":"center center","background-size":"auto","background-attachment":"scroll","background-type":"","background-media":"","overlay-type":"","overlay-color":"","overlay-opacity":"","overlay-gradient":""},"mobile":{"background-color":"","background-image":"","background-repeat":"repeat","background-position":"center center","background-size":"auto","background-attachment":"scroll","background-type":"","background-media":"","overlay-type":"","overlay-color":"","overlay-opacity":"","overlay-gradient":""}},"ast-content-background-meta":{"desktop":{"background-color":"var(--ast-global-color-5)","background-image":"","background-repeat":"repeat","background-position":"center center","background-size":"auto","background-attachment":"scroll","background-type":"","background-media":"","overlay-type":"","overlay-color":"","overlay-opacity":"","overlay-gradient":""},"tablet":{"background-color":"var(--ast-global-color-5)","background-image":"","background-repeat":"repeat","background-position":"center center","background-size":"auto","background-attachment":"scroll","background-type":"","background-media":"","overlay-type":"","overlay-color":"","overlay-opacity":"","overlay-gradient":""},"mobile":{"background-color":"var(--ast-global-color-5)","background-image":"","background-repeat":"repeat","background-position":"center center","background-size":"auto","background-attachment":"scroll","background-type":"","background-media":"","overlay-type":"","overlay-color":"","overlay-opacity":"","overlay-gradient":""}},"_joinchat":[],"footnotes":""},"categories":[1],"tags":[105,88,133,110,134,121,138,135,130,113,96,127,132,150],"class_list":["post-14430","post","type-post","status-publish","format-standard","hentry","category-sin-categoria","tag-armarios","tag-consejos","tag-decoracion","tag-decoracion-juvenil","tag-espacio","tag-espacio-pequenos","tag-mesas","tag-minimalismo","tag-minimalista","tag-mobiliario-juvenil","tag-muebles","tag-muebles-decorativos-auxiliares","tag-renueva-tu-espacio","tag-tendencias"],"_links":{"self":[{"href":"https:\/\/mueblesdetena.es\/ru_ru\/wp-json\/wp\/v2\/posts\/14430","targetHints":{"allow":["GET"]}}],"collection":[{"href":"https:\/\/mueblesdetena.es\/ru_ru\/wp-json\/wp\/v2\/posts"}],"about":[{"href":"https:\/\/mueblesdetena.es\/ru_ru\/wp-json\/wp\/v2\/types\/post"}],"author":[{"embeddable":true,"href":"https:\/\/mueblesdetena.es\/ru_ru\/wp-json\/wp\/v2\/users\/1"}],"replies":[{"embeddable":true,"href":"https:\/\/mueblesdetena.es\/ru_ru\/wp-json\/wp\/v2\/comments?post=14430"}],"version-history":[{"count":0,"href":"https:\/\/mueblesdetena.es\/ru_ru\/wp-json\/wp\/v2\/posts\/14430\/revisions"}],"wp:attachment":[{"href":"https:\/\/mueblesdetena.es\/ru_ru\/wp-json\/wp\/v2\/media?parent=14430"}],"wp:term":[{"taxonomy":"category","embeddable":true,"href":"https:\/\/mueblesdetena.es\/ru_ru\/wp-json\/wp\/v2\/categories?post=14430"},{"taxonomy":"post_tag","embeddable":true,"href":"https:\/\/mueblesdetena.es\/ru_ru\/wp-json\/wp\/v2\/tags?post=14430"}],"curies":[{"name":"wp","href":"https:\/\/api.w.org\/{rel}","templated":true}]}}