{"id":15174,"date":"2022-04-22T10:32:40","date_gmt":"2022-04-22T10:32:40","guid":{"rendered":"https:\/\/mueblesdetena.es\/?p=15174"},"modified":"2022-04-22T10:32:40","modified_gmt":"2022-04-22T10:32:40","slug":"camas-abatibles-como-aprovechar-tu-espacio-con-estilo","status":"publish","type":"post","link":"https:\/\/mueblesdetena.es\/ru_ru\/camas-abatibles-como-aprovechar-tu-espacio-con-estilo\/","title":{"rendered":"Camas Abatibles: como aprovechar tu espacio con estilo \u2b50"},"content":{"rendered":"<div id=\"ez-toc-container\" class=\"ez-toc-v2_0_85 counter-hierarchy ez-toc-counter ez-toc-grey ez-toc-container-direction\">\n<div class=\"ez-toc-title-container\">\n<p class=\"ez-toc-title\" style=\"cursor:inherit\">Table of Contents<\/p>\n<span class=\"ez-toc-title-toggle\"><a href=\"#\" class=\"ez-toc-pull-right ez-toc-btn ez-toc-btn-xs ez-toc-btn-default ez-toc-toggle\" aria-label=\"Toggle Table of Content\"><span class=\"ez-toc-js-icon-con\"><span class=\"\"><span class=\"eztoc-hide\" style=\"display:none;\">Toggle<\/span><span class=\"ez-toc-icon-toggle-span\"><svg style=\"fill: #999;color:#999\" xmlns=\"http:\/\/www.w3.org\/2000\/svg\" class=\"list-377408\" width=\"20px\" height=\"20px\" viewbox=\"0 0 24 24\" fill=\"none\"><path d=\"M6 6H4v2h2V6zm14 0H8v2h12V6zM4 11h2v2H4v-2zm16 0H8v2h12v-2zM4 16h2v2H4v-2zm16 0H8v2h12v-2z\" fill=\"currentColor\"><\/path><\/svg><svg style=\"fill: #999;color:#999\" class=\"arrow-unsorted-368013\" xmlns=\"http:\/\/www.w3.org\/2000\/svg\" width=\"10px\" height=\"10px\" viewbox=\"0 0 24 24\" version=\"1.2\" baseprofile=\"tiny\"><path d=\"M18.2 9.3l-6.2-6.3-6.2 6.3c-.2.2-.3.4-.3.7s.1.5.3.7c.2.2.4.3.7.3h11c.3 0 .5-.1.7-.3.2-.2.3-.5.3-.7s-.1-.5-.3-.7zM5.8 14.7l6.2 6.3 6.2-6.3c.2-.2.3-.5.3-.7s-.1-.5-.3-.7c-.2-.2-.4-.3-.7-.3h-11c-.3 0-.5.1-.7.3-.2.2-.3.5-.3.7s.1.5.3.7z\"\/><\/svg><\/span><\/span><\/span><\/a><\/span><\/div>\n<nav><ul class='ez-toc-list ez-toc-list-level-1' ><li class='ez-toc-page-1 ez-toc-heading-level-2'><a class=\"ez-toc-link ez-toc-heading-1\" href=\"https:\/\/mueblesdetena.es\/ru_ru\/camas-abatibles-como-aprovechar-tu-espacio-con-estilo\/#%C2%BFQue_son_las_camas_abatibles\" >\u00bfQu\u00e9 son las camas abatibles?<\/a><\/li><li class='ez-toc-page-1 ez-toc-heading-level-2'><a class=\"ez-toc-link ez-toc-heading-2\" href=\"https:\/\/mueblesdetena.es\/ru_ru\/camas-abatibles-como-aprovechar-tu-espacio-con-estilo\/#Espacio_diseno_almacenaje_y_descanso_todo_en_un_mismo_sitio\" >Espacio, dise\u00f1o, almacenaje y descanso: todo en un mismo sitio.<\/a><\/li><li class='ez-toc-page-1 ez-toc-heading-level-2'><a class=\"ez-toc-link ez-toc-heading-3\" href=\"https:\/\/mueblesdetena.es\/ru_ru\/camas-abatibles-como-aprovechar-tu-espacio-con-estilo\/#%C2%A1Todo_el_color_y_el_espacio_es_para_ells\" >\u00a1Todo el color y el espacio es para ell@s!<\/a><\/li><li class='ez-toc-page-1 ez-toc-heading-level-2'><a class=\"ez-toc-link ez-toc-heading-4\" href=\"https:\/\/mueblesdetena.es\/ru_ru\/camas-abatibles-como-aprovechar-tu-espacio-con-estilo\/#Madera_y_minimalista_el_must_que_no_puede_faltar\" >Madera y minimalista el must que no puede faltar<\/a><\/li><\/ul><\/nav><\/div>\n<h2 style=\"text-align: center;\"><span class=\"ez-toc-section\" id=\"%C2%BFQue_son_las_camas_abatibles\"><\/span>\u00bfQu\u00e9 son las camas abatibles?<span class=\"ez-toc-section-end\"><\/span><\/h2>\n<p style=\"text-align: center;\">Con las <a href=\"https:\/\/mueblesdetena.es\/ru_ru\/camas-abatibles\/\">camas abatibles<\/a> puedes aprovechar tu espacio con estilo y dise\u00f1o \u00fanicos.<\/p>\n<p style=\"text-align: center;\">Estas camas est\u00e1n sobre el suelo cuando se encuentran preparadas para su uso, pero que durante el d\u00eda y para hacer el lugar mucho m\u00e1s amplio y pr\u00e1ctico, se encuentran plegadas, levantadas y guardadas para dejar espacio para la imaginaci\u00f3n.<\/p>\n<p style=\"text-align: center;\">Suelen llevar mecanismo manuales o autom\u00e1ticos para poder realizar la acci\u00f3n de <strong>desplegar la cama<\/strong>, seg\u00fan las preferencias de cada uno y tienen una versatilidad para cualquier miembro de la familia o para aquellos invitados imprevistos: <a href=\"https:\/\/mueblesdetena.es\/ru_ru\/dormitorios-matrimonio\/\">camas abatibles de matrimonio<\/a> o <a href=\"https:\/\/mueblesdetena.es\/ru_ru\/muebles-juveniles\/\">camas juveniles abatible<\/a>s de todos los tama\u00f1os y dise\u00f1os.<\/p>\n<p style=\"text-align: center;\">Si nunca has o\u00eddo hablar de ellas y de sus m\u00faltiples ventajas, este consejo no te dejar\u00e1 indiferente y te ayudar\u00e1 a maximizar las posibilidades de tu<a href=\"https:\/\/mueblesdetena.es\/ru_ru\/\"> hogar<\/a>. \u00bfQuieres aprovechar el espacio en estilo?<\/p>\n<h2 style=\"text-align: center;\"><span class=\"ez-toc-section\" id=\"Espacio_diseno_almacenaje_y_descanso_todo_en_un_mismo_sitio\"><\/span>Espacio, dise\u00f1o, almacenaje y descanso: todo en un mismo sitio.<span class=\"ez-toc-section-end\"><\/span><\/h2>\n<p style=\"text-align: center;\">Si est\u00e1s buscando una cama funcional, con capacidad de almacenaje y una<a href=\"https:\/\/mueblesdetena.es\/ru_ru\/cunas-convertibles-una-solucion-que-se-adapta-contigo\/\"> estructura minimalista<\/a> con estilo n\u00f3rdico, nada mejor que este modelo de cama abatible para matrimonios de todo tipo, donde podr\u00e1 combinar tus ganas de descansar con un amplio espacio que podr\u00e1s aprovechar para dar rienda suelta a tus ideas.<\/p>\n<figure id=\"attachment_2441\" aria-describedby=\"caption-attachment-2441\" style=\"width: 807px\" class=\"wp-caption aligncenter\"><a href=\"https:\/\/mueblesdetena.es\/ru_ru\/cama-abatible-armario-rimobel\/\"><img fetchpriority=\"high\" decoding=\"async\" class=\"wp-image-2441 size-full\" title=\"Cama abatible de matrimonio con armarios superiores para almacenar y descansar\" src=\"https:\/\/mueblesdetena.es\/wp-content\/uploads\/2018\/06\/01-70.jpg\" alt=\"Camas abatible con armarios superiores\" width=\"807\" height=\"639\" \/><\/a><figcaption id=\"caption-attachment-2441\" class=\"wp-caption-text\">Camas abatible con armarios superiores en Muebles de Tena.<\/figcaption><\/figure>\n<p style=\"text-align: center;\">Esta <a href=\"https:\/\/mueblesdetena.es\/ru_ru\/matrimonio-estructura-metalica\/\">cama abatible de matrimonio con armario superior<\/a> de Muebles de Tena, es ideal para las parejas m\u00e1s exigentes y que quieren un dise\u00f1o minimalista, c\u00f3modo, confortable y con las mejores prestaciones para su hogar.<\/p>\n<p style=\"text-align: center;\">El armario tiene puertas correderas superiores y facilita el acceso para el d\u00eda a d\u00eda, as\u00ed como diferentes alturas y colores que podr\u00e1s combinar para que se adapte a tu hogar.<\/p>\n<h2 style=\"text-align: center;\"><span class=\"ez-toc-section\" id=\"%C2%A1Todo_el_color_y_el_espacio_es_para_ells\"><\/span>\u00a1Todo el color y el espacio es para ell@s!<span class=\"ez-toc-section-end\"><\/span><\/h2>\n<p style=\"text-align: center;\">Los ni\u00f1os y los adolescentes son la clave de cada hogar y familia: pero tambi\u00e9n necesitan su espacio para poder expandirse, crear, experimentar y sentir que tienen su<a href=\"https:\/\/mueblesdetena.es\/ru_ru\/sillon-relax-torino\/\"> zona de relax<\/a> para poder disfrutar de sus<em> hobbies<\/em>.<\/p>\n<p style=\"text-align: center;\">Por ello queremos ofrecerte este completo dise\u00f1o que engloba tanto lo que ellos desean como lo que tu esperas de un mueble completo y con un dise\u00f1o din\u00e1mico, colorido y que encaja perfectamente en cualquier tipo de hogar.<\/p>\n<figure id=\"attachment_2458\" aria-describedby=\"caption-attachment-2458\" style=\"width: 855px\" class=\"wp-caption aligncenter\"><a href=\"https:\/\/mueblesdetena.es\/ru_ru\/cama-abatible-con-armario-superior\/\"><img decoding=\"async\" class=\"wp-image-2458 size-full\" title=\"Descubre una nueva manera de motivar a tus hijos con esta cama abatible juvenil con escritorio\" src=\"https:\/\/mueblesdetena.es\/wp-content\/uploads\/2018\/06\/cama-abatible-rimobel-amarillo-shakira.jpg\" alt=\"Cama abatible con zona de armarios superiores\" width=\"855\" height=\"629\" \/><\/a><figcaption id=\"caption-attachment-2458\" class=\"wp-caption-text\">Cama abatible juvenil con armarios y escritorio.<\/figcaption><\/figure>\n<p style=\"text-align: center;\">Aparte de la practicidad de tener una <strong>cama plegable<\/strong>, este modelo de cama abatible juvenil dispone de escritorio y hueco para <a href=\"https:\/\/mueblesdetena.es\/ru_ru\/estanterias\/\">estanter\u00edas<\/a> donde podr\u00e1s usarla para almacenar los libros y todos los enseres del d\u00eda a d\u00eda de tu familia.<\/p>\n<p style=\"text-align: center;\">Es un espacio que podr\u00e9is disfrutar todos y potenciar la creatividad y el desarrollo de los peque\u00f1os y adolescentes de la casa.<\/p>\n<h2 style=\"text-align: center;\"><span class=\"ez-toc-section\" id=\"Madera_y_minimalista_el_must_que_no_puede_faltar\"><\/span>Madera y minimalista el <em>must <\/em>que no puede faltar<span class=\"ez-toc-section-end\"><\/span><\/h2>\n<p style=\"text-align: center;\">Si eres de l@s exigentes, de l@s que quieren aunar lo<a href=\"https:\/\/mueblesdetena.es\/ru_ru\/tendencias-dormitorio-ano-siguiente\/\"> industrial con lo natural<\/a>, este es tu sitio.<\/p>\n<p style=\"text-align: center;\">Esta composici\u00f3n de cama abatible realizado en madera y con un <a href=\"https:\/\/mueblesdetena.es\/ru_ru\/cama-con-cabezal-y-cajones-singular\/\">cabezal tapizado en polipiel<\/a>, le dar\u00e1 un aspecto industrial y n\u00f3rdico a tu cama abatible.<\/p>\n<figure id=\"attachment_15080\" aria-describedby=\"caption-attachment-15080\" style=\"width: 793px\" class=\"wp-caption aligncenter\"><a href=\"https:\/\/mueblesdetena.es\/ru_ru\/cama-abatible-con-escritorio-lvm\/\"><img decoding=\"async\" class=\"wp-image-15080 size-full\" title=\"Cama abatible con escritorio y cabezal adaptado a tus necesidades.\" src=\"https:\/\/mueblesdetena.es\/wp-content\/uploads\/2022\/04\/cama-abatible-livemar.jpg\" alt=\"Cama abatible con escritorio y cabezal\" width=\"793\" height=\"617\" \/><\/a><figcaption id=\"caption-attachment-15080\" class=\"wp-caption-text\">Cama abatible con estilo industrial y minimalista con cabezal y escritorio.<\/figcaption><\/figure>\n<p style=\"text-align: center;\">Descubre las delicias de poder disponer de un dise\u00f1o y calidad excepcional, con una <strong>composici\u00f3n din\u00e1mica<\/strong> que te ayuda en tu d\u00eda a d\u00eda e incluso si eres de l@s que teletrabaja, \u00a1no tendr\u00e1s problemas a la hora de levantarte e ir a trabajar!.<\/p>\n<p style=\"text-align: center;\">Dise\u00f1ado y concebido para todo tipo de personas pero con ese toque rustico que tanto nos gusta y con las necesidades de todo urbanita que se precie: disponer de<strong> escritorio para el ordenador.<\/strong><\/p>\n<p style=\"text-align: center;\">Ya lo sabes: no tienes excusa para hacer de tu rinc\u00f3n un espacio confortable y multifuncional con capacidades de alto <em>standing\u00a0<\/em> y dise\u00f1os reveladores, evocadores y pr\u00e1cticos. P\u00e1sate por nuestra secci\u00f3n de<a href=\"https:\/\/mueblesdetena.es\/ru_ru\/camas-abatibles\/\"> camas abatibles<\/a> y selecciona el mueble que mejor se adapta a tus necesidades.\u00a0En <a href=\"https:\/\/mueblesdetena.es\/ru_ru\/contacto\/\">Muebles de Tena<\/a> valoramos tu opini\u00f3n y te aconsejamos cu\u00e1les son los mejores muebles para aprovechar y vestir al m\u00e1ximo tu casa. Aprovecha nuestra experiencia para vestir tu hogar con personalidad, dise\u00f1o y calidad.<\/p>","protected":false},"excerpt":{"rendered":"<p>\u00bfQu\u00e9 son las camas abatibles? Con las camas abatibles puedes aprovechar tu espacio con estilo y dise\u00f1o \u00fanicos. Estas camas est\u00e1n sobre el suelo cuando se encuentran preparadas para su uso, pero que durante el d\u00eda y para hacer el lugar mucho m\u00e1s amplio y pr\u00e1ctico, se encuentran plegadas, levantadas y guardadas para dejar espacio [&hellip;]<\/p>\n","protected":false},"author":1,"featured_media":0,"comment_status":"closed","ping_status":"closed","sticky":false,"template":"","format":"standard","meta":{"site-sidebar-layout":"default","site-content-layout":"","ast-site-content-layout":"default","site-content-style":"default","site-sidebar-style":"default","ast-global-header-display":"","ast-banner-title-visibility":"","ast-main-header-display":"","ast-hfb-above-header-display":"","ast-hfb-below-header-display":"","ast-hfb-mobile-header-display":"","site-post-title":"","ast-breadcrumbs-content":"","ast-featured-img":"","footer-sml-layout":"","ast-disable-related-posts":"","theme-transparent-header-meta":"","adv-header-id-meta":"","stick-header-meta":"","header-above-stick-meta":"","header-main-stick-meta":"","header-below-stick-meta":"","astra-migrate-meta-layouts":"default","ast-page-background-enabled":"default","ast-page-background-meta":{"desktop":{"background-color":"var(--ast-global-color-4)","background-image":"","background-repeat":"repeat","background-position":"center center","background-size":"auto","background-attachment":"scroll","background-type":"","background-media":"","overlay-type":"","overlay-color":"","overlay-opacity":"","overlay-gradient":""},"tablet":{"background-color":"","background-image":"","background-repeat":"repeat","background-position":"center center","background-size":"auto","background-attachment":"scroll","background-type":"","background-media":"","overlay-type":"","overlay-color":"","overlay-opacity":"","overlay-gradient":""},"mobile":{"background-color":"","background-image":"","background-repeat":"repeat","background-position":"center center","background-size":"auto","background-attachment":"scroll","background-type":"","background-media":"","overlay-type":"","overlay-color":"","overlay-opacity":"","overlay-gradient":""}},"ast-content-background-meta":{"desktop":{"background-color":"var(--ast-global-color-5)","background-image":"","background-repeat":"repeat","background-position":"center center","background-size":"auto","background-attachment":"scroll","background-type":"","background-media":"","overlay-type":"","overlay-color":"","overlay-opacity":"","overlay-gradient":""},"tablet":{"background-color":"var(--ast-global-color-5)","background-image":"","background-repeat":"repeat","background-position":"center center","background-size":"auto","background-attachment":"scroll","background-type":"","background-media":"","overlay-type":"","overlay-color":"","overlay-opacity":"","overlay-gradient":""},"mobile":{"background-color":"var(--ast-global-color-5)","background-image":"","background-repeat":"repeat","background-position":"center center","background-size":"auto","background-attachment":"scroll","background-type":"","background-media":"","overlay-type":"","overlay-color":"","overlay-opacity":"","overlay-gradient":""}},"_joinchat":[],"footnotes":""},"categories":[1],"tags":[117,123,118,119,120,158,159,160],"class_list":["post-15174","post","type-post","status-publish","format-standard","hentry","category-sin-categoria","tag-camas-abatibles","tag-camas-abatibles-auxiliares","tag-camas-abatibles-juveniles","tag-camas-abatibles-madera","tag-camas-abatibles-matrimonio","tag-diseno-camas-abatibles","tag-diseno-muebles","tag-falta-de-espacio"],"_links":{"self":[{"href":"https:\/\/mueblesdetena.es\/ru_ru\/wp-json\/wp\/v2\/posts\/15174","targetHints":{"allow":["GET"]}}],"collection":[{"href":"https:\/\/mueblesdetena.es\/ru_ru\/wp-json\/wp\/v2\/posts"}],"about":[{"href":"https:\/\/mueblesdetena.es\/ru_ru\/wp-json\/wp\/v2\/types\/post"}],"author":[{"embeddable":true,"href":"https:\/\/mueblesdetena.es\/ru_ru\/wp-json\/wp\/v2\/users\/1"}],"replies":[{"embeddable":true,"href":"https:\/\/mueblesdetena.es\/ru_ru\/wp-json\/wp\/v2\/comments?post=15174"}],"version-history":[{"count":0,"href":"https:\/\/mueblesdetena.es\/ru_ru\/wp-json\/wp\/v2\/posts\/15174\/revisions"}],"wp:attachment":[{"href":"https:\/\/mueblesdetena.es\/ru_ru\/wp-json\/wp\/v2\/media?parent=15174"}],"wp:term":[{"taxonomy":"category","embeddable":true,"href":"https:\/\/mueblesdetena.es\/ru_ru\/wp-json\/wp\/v2\/categories?post=15174"},{"taxonomy":"post_tag","embeddable":true,"href":"https:\/\/mueblesdetena.es\/ru_ru\/wp-json\/wp\/v2\/tags?post=15174"}],"curies":[{"name":"wp","href":"https:\/\/api.w.org\/{rel}","templated":true}]}}