{"id":15395,"date":"2022-05-16T10:17:52","date_gmt":"2022-05-16T10:17:52","guid":{"rendered":"https:\/\/mueblesdetena.es\/?p=15395"},"modified":"2022-05-16T10:17:52","modified_gmt":"2022-05-16T10:17:52","slug":"habitaciones-juveniles-espaciosas-ahora","status":"publish","type":"post","link":"https:\/\/mueblesdetena.es\/ru_ru\/habitaciones-juveniles-espaciosas-ahora\/","title":{"rendered":"Habitaciones juveniles espaciosas ahora"},"content":{"rendered":"<p style=\"text-align: center;\">A\u00fan no es verano, lo sabemos, pero a veces lo parece con el tiempo que hace. Al igual que el mundo de la decoraci\u00f3n, nosotros tambi\u00e9n tenemos claro esto, y para las habitaciones juveniles espaciosas es esencial poder dormir c\u00f3mod@, da igual el tiempo que haga.<\/p>\n<p style=\"text-align: center;\">Si tu habitaci\u00f3n no es tan espaciosa como crees que deber\u00eda ser, imag\u00ednala como un cuadro de arte minimalista: sencillez, pero con lo necesario. Puede que haya alg\u00fan mueble que no encaje con lo que t\u00fa quieres.<\/p>\n<p style=\"text-align: center;\">Siendo calor lo que toca ahora, tocar\u00e1 ir m\u00e1s ligeros. Estilos como <a href=\"https:\/\/mueblesdetena.es\/ru_ru\/tranquilidad-ideal-con-tus-muebles-de-salon-%f0%9f%98%8c\/\">el minimalismo y algunos cl\u00e1sicos<\/a> continuar\u00e1n triunfando, a la vez que evolucionan. Veamos algunas de estas ideas.<\/p>\n<figure id=\"attachment_15397\" aria-describedby=\"caption-attachment-15397\" style=\"width: 1920px\" class=\"wp-caption aligncenter\"><img fetchpriority=\"high\" decoding=\"async\" class=\"size-full wp-image-15397\" src=\"https:\/\/mueblesdetena.es\/wp-content\/uploads\/2022\/05\/Habitaciones-Juveniles-2022-Tonalidades.webp\" alt=\"Habitaci\u00f3n con tonalidades claras.\" width=\"1920\" height=\"1280\" \/><figcaption id=\"caption-attachment-15397\" class=\"wp-caption-text\">Muy juvenil puede que no sea, pero es un ejemplo perfecto del uso de tonalidades claras contrastando con todo el entorno.<\/figcaption><\/figure>\n<div id=\"ez-toc-container\" class=\"ez-toc-v2_0_85 counter-hierarchy ez-toc-counter ez-toc-grey ez-toc-container-direction\">\n<div class=\"ez-toc-title-container\">\n<p class=\"ez-toc-title\" style=\"cursor:inherit\">Table of Contents<\/p>\n<span class=\"ez-toc-title-toggle\"><a href=\"#\" class=\"ez-toc-pull-right ez-toc-btn ez-toc-btn-xs ez-toc-btn-default ez-toc-toggle\" aria-label=\"Toggle Table of Content\"><span class=\"ez-toc-js-icon-con\"><span class=\"\"><span class=\"eztoc-hide\" style=\"display:none;\">Toggle<\/span><span class=\"ez-toc-icon-toggle-span\"><svg style=\"fill: #999;color:#999\" xmlns=\"http:\/\/www.w3.org\/2000\/svg\" class=\"list-377408\" width=\"20px\" height=\"20px\" viewbox=\"0 0 24 24\" fill=\"none\"><path d=\"M6 6H4v2h2V6zm14 0H8v2h12V6zM4 11h2v2H4v-2zm16 0H8v2h12v-2zM4 16h2v2H4v-2zm16 0H8v2h12v-2z\" fill=\"currentColor\"><\/path><\/svg><svg style=\"fill: #999;color:#999\" class=\"arrow-unsorted-368013\" xmlns=\"http:\/\/www.w3.org\/2000\/svg\" width=\"10px\" height=\"10px\" viewbox=\"0 0 24 24\" version=\"1.2\" baseprofile=\"tiny\"><path d=\"M18.2 9.3l-6.2-6.3-6.2 6.3c-.2.2-.3.4-.3.7s.1.5.3.7c.2.2.4.3.7.3h11c.3 0 .5-.1.7-.3.2-.2.3-.5.3-.7s-.1-.5-.3-.7zM5.8 14.7l6.2 6.3 6.2-6.3c.2-.2.3-.5.3-.7s-.1-.5-.3-.7c-.2-.2-.4-.3-.7-.3h-11c-.3 0-.5.1-.7.3-.2.2-.3.5-.3.7s.1.5.3.7z\"\/><\/svg><\/span><\/span><\/span><\/a><\/span><\/div>\n<nav><ul class='ez-toc-list ez-toc-list-level-1' ><li class='ez-toc-page-1 ez-toc-heading-level-2'><a class=\"ez-toc-link ez-toc-heading-1\" href=\"https:\/\/mueblesdetena.es\/ru_ru\/habitaciones-juveniles-espaciosas-ahora\/#Tonalidades_y_combinaciones\" >Tonalidades y combinaciones<\/a><\/li><li class='ez-toc-page-1 ez-toc-heading-level-2'><a class=\"ez-toc-link ez-toc-heading-2\" href=\"https:\/\/mueblesdetena.es\/ru_ru\/habitaciones-juveniles-espaciosas-ahora\/#Esencial_para_el_minimalismo\" >Esencial para el minimalismo<\/a><\/li><\/ul><\/nav><\/div>\n<h2 style=\"text-align: center;\"><span class=\"ez-toc-section\" id=\"Tonalidades_y_combinaciones\"><\/span>Tonalidades y combinaciones<span class=\"ez-toc-section-end\"><\/span><\/h2>\n<p style=\"text-align: center;\">Algunas tonalidades vienen mejor dependiendo de la estaci\u00f3n, pero es importante pensar en que puedes combinarlo con el exterior, es decir, con la iluminaci\u00f3n exterior.<\/p>\n<p style=\"text-align: center;\">Ya sea teniendo en mente tener una l\u00e1mpara en la mesita de noche o en la luz natural del sol al empezar un nuevo d\u00eda, puedes utilizar cualquier color que creas que vaya a hacer una buena combinaci\u00f3n. Por ejemplo, azules o verdes de tonalidades m\u00e1s oscuras.<\/p>\n<p style=\"text-align: center;\">Piensa tambi\u00e9n en los patrones de algunos materiales o accesorios que puedes colocar. \u00c9stos tienen un color y un estilo m\u00e1s caracter\u00edsticos y notables. En la pared del cabecero de la cama, por ejemplo, puede haber uno.<\/p>\n<p style=\"text-align: center;\">En las <a href=\"https:\/\/mueblesdetena.es\/ru_ru\/camas-altas-block\/\">camas altas block<\/a> tambi\u00e9n se nota bastante. Teniendo un <a href=\"https:\/\/mueblesdetena.es\/ru_ru\/armarios\/\">armario<\/a> abajo, unas escaleritas de mano y, normalmente, una <a href=\"https:\/\/mueblesdetena.es\/ru_ru\/otros\/\">zona para colocar un escritorio<\/a>, todo eso tiene colores y patrones distintos dependiendo el material. Aprovecha esto para hacer la habitaci\u00f3n perfecta.<\/p>\n<figure id=\"attachment_15398\" aria-describedby=\"caption-attachment-15398\" style=\"width: 1920px\" class=\"wp-caption aligncenter\"><a href=\"https:\/\/mueblesdetena.es\/ru_ru\/composiciones-juveniles\/\"><img decoding=\"async\" class=\"wp-image-15398 size-full\" src=\"https:\/\/mueblesdetena.es\/wp-content\/uploads\/2022\/05\/Habitaciones-Juveniles-2022-Minimalismo.webp\" alt=\"Habitaciones juveniles espaciosas, sencillas y minimalistas.\" width=\"1920\" height=\"1280\" \/><\/a><figcaption id=\"caption-attachment-15398\" class=\"wp-caption-text\">Directo al grano, cama blanca, paredes blancas, una mesita de noche con una plantita y el lavabo al lado con un estilo similar.<\/figcaption><\/figure>\n<h2 style=\"text-align: center;\"><span class=\"ez-toc-section\" id=\"Esencial_para_el_minimalismo\"><\/span>Esencial para el minimalismo<span class=\"ez-toc-section-end\"><\/span><\/h2>\n<p style=\"text-align: center;\">Este estilo est\u00e1 siempre dominante, y por razones muy entendibles. Al fomentar el orden, la tranquilidad que da y, por ello, lo agradable que se siente hace de este estilo uno de los m\u00e1s <em>trending<\/em> y atemporales del momento.<\/p>\n<p style=\"text-align: center;\">Una de las mejores formas de hacer que predomine este estilo en la habitaci\u00f3n de tus hij@s es usando <a href=\"https:\/\/mueblesdetena.es\/ru_ru\/camas-abatibles\/\">camas abatibles<\/a> o <a href=\"https:\/\/mueblesdetena.es\/ru_ru\/camas-compactas\/\">camas compactas<\/a>.<\/p>\n<p style=\"text-align: center;\">Las camas abatibles, al ocultarse cuando no las utilizan, dejan un espacio enorme que puedes aprovechar o dejar vac\u00edo para una mejor vista. En caso de que no quieras colocar ning\u00fan mueble cerca de la cama abatible, una <a href=\"https:\/\/mueblesdetena.es\/ru_ru\/tendencias-dormitorio-ano-siguiente\/\">alfombra de patrones<\/a> con el color que quieras aporta mucho tambi\u00e9n.<\/p>\n<p style=\"text-align: center;\">Otra de ellas es utilizando, en caso de que su habitaci\u00f3n de al exterior, cortinas de un textil que amortig\u00fce ruidos o vibraciones, como los transparentes. \u00c9stos tienen fibras que ayudan a que el sonido <strong>no<\/strong> pase.<\/p>\n<p style=\"text-align: center;\">Este estilo podemos aplicarlo a los accesorios y adornos que pongamos. No queremos agobiar con demasiada decoraci\u00f3n de m\u00e1s en la habitaci\u00f3n, por ello es importante seguir el principio del orden. Pon lo que sientas que deba ir, no lo que pienses que deba ir, porque a veces nos pasamos sin querer.<\/p>\n<p style=\"text-align: center;\">Esperamos que todos estos consejos os sirvan para hacer una habitaci\u00f3n juvenil completa para vuestr@s hij@s. Para cualquier consulta, puedes <a href=\"https:\/\/mueblesdetena.es\/ru_ru\/contacto\/\">contactar con nosotros<\/a>, Muebles de Tena, para ayudaros a fomentar vuestra creatividad.<\/p>","protected":false},"excerpt":{"rendered":"<p>A\u00fan no es verano, lo sabemos, pero a veces lo parece con el tiempo que hace. Al igual que el mundo de la decoraci\u00f3n, nosotros tambi\u00e9n tenemos claro esto, y para las habitaciones juveniles espaciosas es esencial poder dormir c\u00f3mod@, da igual el tiempo que haga. Si tu habitaci\u00f3n no es tan espaciosa como crees [&hellip;]<\/p>\n","protected":false},"author":1,"featured_media":0,"comment_status":"closed","ping_status":"closed","sticky":false,"template":"","format":"standard","meta":{"site-sidebar-layout":"default","site-content-layout":"","ast-site-content-layout":"default","site-content-style":"default","site-sidebar-style":"default","ast-global-header-display":"","ast-banner-title-visibility":"","ast-main-header-display":"","ast-hfb-above-header-display":"","ast-hfb-below-header-display":"","ast-hfb-mobile-header-display":"","site-post-title":"","ast-breadcrumbs-content":"","ast-featured-img":"","footer-sml-layout":"","ast-disable-related-posts":"","theme-transparent-header-meta":"","adv-header-id-meta":"","stick-header-meta":"","header-above-stick-meta":"","header-main-stick-meta":"","header-below-stick-meta":"","astra-migrate-meta-layouts":"default","ast-page-background-enabled":"default","ast-page-background-meta":{"desktop":{"background-color":"var(--ast-global-color-4)","background-image":"","background-repeat":"repeat","background-position":"center center","background-size":"auto","background-attachment":"scroll","background-type":"","background-media":"","overlay-type":"","overlay-color":"","overlay-opacity":"","overlay-gradient":""},"tablet":{"background-color":"","background-image":"","background-repeat":"repeat","background-position":"center center","background-size":"auto","background-attachment":"scroll","background-type":"","background-media":"","overlay-type":"","overlay-color":"","overlay-opacity":"","overlay-gradient":""},"mobile":{"background-color":"","background-image":"","background-repeat":"repeat","background-position":"center center","background-size":"auto","background-attachment":"scroll","background-type":"","background-media":"","overlay-type":"","overlay-color":"","overlay-opacity":"","overlay-gradient":""}},"ast-content-background-meta":{"desktop":{"background-color":"var(--ast-global-color-5)","background-image":"","background-repeat":"repeat","background-position":"center center","background-size":"auto","background-attachment":"scroll","background-type":"","background-media":"","overlay-type":"","overlay-color":"","overlay-opacity":"","overlay-gradient":""},"tablet":{"background-color":"var(--ast-global-color-5)","background-image":"","background-repeat":"repeat","background-position":"center center","background-size":"auto","background-attachment":"scroll","background-type":"","background-media":"","overlay-type":"","overlay-color":"","overlay-opacity":"","overlay-gradient":""},"mobile":{"background-color":"var(--ast-global-color-5)","background-image":"","background-repeat":"repeat","background-position":"center center","background-size":"auto","background-attachment":"scroll","background-type":"","background-media":"","overlay-type":"","overlay-color":"","overlay-opacity":"","overlay-gradient":""}},"_joinchat":[],"footnotes":""},"categories":[1],"tags":[117,118,119,129,109,90,92,88,133,110,134,121,93,135,130,96,132,150],"class_list":["post-15395","post","type-post","status-publish","format-standard","hentry","category-sin-categoria","tag-camas-abatibles","tag-camas-abatibles-juveniles","tag-camas-abatibles-madera","tag-camas-juveniles","tag-cambiar-look-habitacion-juvenil","tag-composiciones-con-estilo","tag-composiciones-juveniles","tag-consejos","tag-decoracion","tag-decoracion-juvenil","tag-espacio","tag-espacio-pequenos","tag-habitaciones-juveniles","tag-minimalismo","tag-minimalista","tag-muebles","tag-renueva-tu-espacio","tag-tendencias"],"_links":{"self":[{"href":"https:\/\/mueblesdetena.es\/ru_ru\/wp-json\/wp\/v2\/posts\/15395","targetHints":{"allow":["GET"]}}],"collection":[{"href":"https:\/\/mueblesdetena.es\/ru_ru\/wp-json\/wp\/v2\/posts"}],"about":[{"href":"https:\/\/mueblesdetena.es\/ru_ru\/wp-json\/wp\/v2\/types\/post"}],"author":[{"embeddable":true,"href":"https:\/\/mueblesdetena.es\/ru_ru\/wp-json\/wp\/v2\/users\/1"}],"replies":[{"embeddable":true,"href":"https:\/\/mueblesdetena.es\/ru_ru\/wp-json\/wp\/v2\/comments?post=15395"}],"version-history":[{"count":0,"href":"https:\/\/mueblesdetena.es\/ru_ru\/wp-json\/wp\/v2\/posts\/15395\/revisions"}],"wp:attachment":[{"href":"https:\/\/mueblesdetena.es\/ru_ru\/wp-json\/wp\/v2\/media?parent=15395"}],"wp:term":[{"taxonomy":"category","embeddable":true,"href":"https:\/\/mueblesdetena.es\/ru_ru\/wp-json\/wp\/v2\/categories?post=15395"},{"taxonomy":"post_tag","embeddable":true,"href":"https:\/\/mueblesdetena.es\/ru_ru\/wp-json\/wp\/v2\/tags?post=15395"}],"curies":[{"name":"wp","href":"https:\/\/api.w.org\/{rel}","templated":true}]}}