{"id":15615,"date":"2022-06-08T09:49:53","date_gmt":"2022-06-08T09:49:53","guid":{"rendered":"https:\/\/mueblesdetena.es\/?p=15615"},"modified":"2022-06-08T09:49:53","modified_gmt":"2022-06-08T09:49:53","slug":"sofas-cama-comodidad-y-espacio-en-uno","status":"publish","type":"post","link":"https:\/\/mueblesdetena.es\/ru_ru\/sofas-cama-comodidad-y-espacio-en-uno\/","title":{"rendered":"Sof\u00e1s cama: Comodidad y espacio en uno"},"content":{"rendered":"<p style=\"text-align: center;\">Ahora que se acerca el verano, nuestra comodidad va a ser m\u00e1s <em>top<\/em> que nunca. M\u00e1s que preocuparnos en buscar tendencias constantemente, queremos estar c\u00f3modos y descansar del trabajo cuanto antes. Justo en el momento en que llega el d\u00eda de tus vacaciones, no querr\u00e1s pensar en nada m\u00e1s que en descansar. El sof\u00e1 es un lugar perfecto para esto, pero la cama tambi\u00e9n, entonces, \u00bfpor qu\u00e9 no combinar estas dos maravillas de muebles? Es m\u00e1s, si te gusta que los muebles de tu casa sean compactos, lo que necesitas es buscar los magn\u00edficos <a href=\"https:\/\/mueblesdetena.es\/ru_ru\/sofas-cama\/\">sof\u00e1s cama<\/a>.<\/p>\n<p style=\"text-align: center;\">Con ellos, cuando te canses, podr\u00e1s dormir un buen rato tranquilamente.<\/p>\n<figure id=\"attachment_15618\" aria-describedby=\"caption-attachment-15618\" style=\"width: 1100px\" class=\"wp-caption aligncenter\"><a href=\"https:\/\/mueblesdetena.es\/ru_ru\/camas-compactas\/\"><img fetchpriority=\"high\" decoding=\"async\" class=\"size-full wp-image-15618\" src=\"https:\/\/mueblesdetena.es\/wp-content\/uploads\/2022\/06\/sofas-cama-2022-ejemplo.webp\" alt=\"Cama que parece un sof\u00e1\" width=\"1100\" height=\"1467\" \/><\/a><figcaption id=\"caption-attachment-15618\" class=\"wp-caption-text\">De la cantidad de cojines que tiene, esta cama podr\u00eda hacerse pasar por un <a href=\"https:\/\/mueblesdetena.es\/ru_ru\/sofas\/\">sof\u00e1<\/a>. Los sof\u00e1s cama son m\u00e1s compactos que esto.<\/figcaption><\/figure>\n<div id=\"ez-toc-container\" class=\"ez-toc-v2_0_85 counter-hierarchy ez-toc-counter ez-toc-grey ez-toc-container-direction\">\n<div class=\"ez-toc-title-container\">\n<p class=\"ez-toc-title\" style=\"cursor:inherit\">Table of Contents<\/p>\n<span class=\"ez-toc-title-toggle\"><a href=\"#\" class=\"ez-toc-pull-right ez-toc-btn ez-toc-btn-xs ez-toc-btn-default ez-toc-toggle\" aria-label=\"Toggle Table of Content\"><span class=\"ez-toc-js-icon-con\"><span class=\"\"><span class=\"eztoc-hide\" style=\"display:none;\">Toggle<\/span><span class=\"ez-toc-icon-toggle-span\"><svg style=\"fill: #999;color:#999\" xmlns=\"http:\/\/www.w3.org\/2000\/svg\" class=\"list-377408\" width=\"20px\" height=\"20px\" viewbox=\"0 0 24 24\" fill=\"none\"><path d=\"M6 6H4v2h2V6zm14 0H8v2h12V6zM4 11h2v2H4v-2zm16 0H8v2h12v-2zM4 16h2v2H4v-2zm16 0H8v2h12v-2z\" fill=\"currentColor\"><\/path><\/svg><svg style=\"fill: #999;color:#999\" class=\"arrow-unsorted-368013\" xmlns=\"http:\/\/www.w3.org\/2000\/svg\" width=\"10px\" height=\"10px\" viewbox=\"0 0 24 24\" version=\"1.2\" baseprofile=\"tiny\"><path d=\"M18.2 9.3l-6.2-6.3-6.2 6.3c-.2.2-.3.4-.3.7s.1.5.3.7c.2.2.4.3.7.3h11c.3 0 .5-.1.7-.3.2-.2.3-.5.3-.7s-.1-.5-.3-.7zM5.8 14.7l6.2 6.3 6.2-6.3c.2-.2.3-.5.3-.7s-.1-.5-.3-.7c-.2-.2-.4-.3-.7-.3h-11c-.3 0-.5.1-.7.3-.2.2-.3.5-.3.7s.1.5.3.7z\"\/><\/svg><\/span><\/span><\/span><\/a><\/span><\/div>\n<nav><ul class='ez-toc-list ez-toc-list-level-1' ><li class='ez-toc-page-1 ez-toc-heading-level-2'><a class=\"ez-toc-link ez-toc-heading-1\" href=\"https:\/\/mueblesdetena.es\/ru_ru\/sofas-cama-comodidad-y-espacio-en-uno\/#Sofas_cama_Mas_compacto_imposible\" >Sof\u00e1s cama: M\u00e1s compacto imposible<\/a><\/li><li class='ez-toc-page-1 ez-toc-heading-level-2'><a class=\"ez-toc-link ez-toc-heading-2\" href=\"https:\/\/mueblesdetena.es\/ru_ru\/sofas-cama-comodidad-y-espacio-en-uno\/#Distintos_tipos_de_apertura\" >Distintos tipos de apertura<\/a><\/li><\/ul><\/nav><\/div>\n<h2 style=\"text-align: center;\"><span class=\"ez-toc-section\" id=\"Sofas_cama_Mas_compacto_imposible\"><\/span>Sof\u00e1s cama: M\u00e1s compacto imposible<span class=\"ez-toc-section-end\"><\/span><\/h2>\n<p style=\"text-align: center;\">Un sof\u00e1 cama consiste en una combinaci\u00f3n muy simple: un sof\u00e1 y una cama en un solo mueble. Al principio puede hasta resultar inconveniente dicho as\u00ed, pero realmente no lo es, aporta mucho m\u00e1s de lo que puedes llegar a pensar.<\/p>\n<p style=\"text-align: center;\">Ya que existen sof\u00e1s de muchos tipos, los sof\u00e1s cama tambi\u00e9n combinan los tipos de sof\u00e1 con los de cama. Podemos ver <a href=\"https:\/\/mueblesdetena.es\/ru_ru\/sofas-con-chaise-longue\/\">sof\u00e1s cama en forma de L<\/a> como cualquier sof\u00e1 de este estilo, \u00fanicamente aporta la ventaja de poder poner tu colch\u00f3n en \u00e9l. Este que hemos mencionado es bastante recomendable para zonas amplias.<\/p>\n<p style=\"text-align: center;\">Existen dos tipos notables de sof\u00e1s cama: el que se abre hacia delante y el que se abre accion\u00e1ndolo desde el respaldo. Esto determinar\u00e1 cu\u00e1nto espacio necesitar\u00e1s a la hora de escoger uno, ya que el segundo requiere moverlo para poder abrirlo. Si a pesar de esto tienes espacio, no lo dudes mucho, es muy c\u00f3modo que tu sof\u00e1 cama se abra as\u00ed de f\u00e1cil.<\/p>\n<figure id=\"attachment_15620\" aria-describedby=\"caption-attachment-15620\" style=\"width: 1920px\" class=\"wp-caption aligncenter\"><a href=\"https:\/\/mueblesdetena.es\/ru_ru\/sofas-sin-chaise-longue\/\"><img decoding=\"async\" class=\"wp-image-15620 size-full\" src=\"https:\/\/mueblesdetena.es\/wp-content\/uploads\/2022\/06\/sofas-cama-2022-hotel.webp\" alt=\"Sof\u00e1s cama de hotel\" width=\"1920\" height=\"1280\" \/><\/a><figcaption id=\"caption-attachment-15620\" class=\"wp-caption-text\">Tambi\u00e9n t\u00edpico de hoteles.<\/figcaption><\/figure>\n<h2 style=\"text-align: center;\"><span class=\"ez-toc-section\" id=\"Distintos_tipos_de_apertura\"><\/span>Distintos tipos de apertura<span class=\"ez-toc-section-end\"><\/span><\/h2>\n<p style=\"text-align: center;\">Cada sof\u00e1 cama viene con su especialidad, pero como has podido ver antes, se pueden abrir de distintas formas. Una a destacar es la de apertura deslizante, muy c\u00f3moda para sacar la cama sin problemas.<\/p>\n<p style=\"text-align: center;\">En algunos casos es habitual ver sof\u00e1s cama en los que la cama est\u00e9 dentro del sof\u00e1, a \u00e9stos se les llama de apertura italiana. Pero, volviendo a los de apertura deslizante, \u00e9stos transforman la cama en una <a href=\"https:\/\/mueblesdetena.es\/ru_ru\/camas-nido\/\">cama nido<\/a>, dejando as\u00ed m\u00e1s espacio a\u00fan en la zona.<\/p>\n<p style=\"text-align: center;\">Existe otro tipo, llamado tipo libro, que consiste en empujar el respaldo hasta que quede totalmente plano. \u00c9ste es muy ventajoso por su forma muy sencilla y r\u00e1pida de montar la cama, un aspecto muy importante a destacar.<\/p>\n<p style=\"text-align: center;\">A pesar de todas las ventajas que tienen, necesitan un peque\u00f1o cuidado y ciertos principios para tener en cuenta. La tela se desgastar\u00e1 m\u00e1s r\u00e1pidamente porque no s\u00f3lo te sentar\u00e1s en el sof\u00e1, sino tambi\u00e9n dormir\u00e1s en \u00e9l c\u00f3modamente. Depende de qu\u00e9 apertura de sof\u00e1 cama escojas, deber\u00e1s tener en cuenta el grosor y el <a href=\"https:\/\/mueblesdetena.es\/ru_ru\/colchones-toppers\/\">tipo de colch\u00f3n<\/a>. El grosor deber\u00e1 ser el mismo que el del sof\u00e1 y el tipo de colch\u00f3n lo m\u00e1s c\u00f3modo posible para ti.<\/p>\n<p style=\"text-align: center;\">Finalizamos este post dese\u00e1ndoos suerte y muchas ganas para este verano, ya muy distinto al del a\u00f1o pasado. Si ten\u00e9is dudas respecto a decorar con sof\u00e1s cama, no dud\u00e9is en <a href=\"https:\/\/mueblesdetena.es\/ru_ru\/contacto\/\">contactar con nosotros<\/a>, Muebles de Tena, para resolverlas todas.<\/p>","protected":false},"excerpt":{"rendered":"<p>Ahora que se acerca el verano, nuestra comodidad va a ser m\u00e1s top que nunca. M\u00e1s que preocuparnos en buscar tendencias constantemente, queremos estar c\u00f3modos y descansar del trabajo cuanto antes. Justo en el momento en que llega el d\u00eda de tus vacaciones, no querr\u00e1s pensar en nada m\u00e1s que en descansar. El sof\u00e1 es [&hellip;]<\/p>\n","protected":false},"author":1,"featured_media":0,"comment_status":"closed","ping_status":"closed","sticky":false,"template":"","format":"standard","meta":{"site-sidebar-layout":"default","site-content-layout":"","ast-site-content-layout":"default","site-content-style":"default","site-sidebar-style":"default","ast-global-header-display":"","ast-banner-title-visibility":"","ast-main-header-display":"","ast-hfb-above-header-display":"","ast-hfb-below-header-display":"","ast-hfb-mobile-header-display":"","site-post-title":"","ast-breadcrumbs-content":"","ast-featured-img":"","footer-sml-layout":"","ast-disable-related-posts":"","theme-transparent-header-meta":"","adv-header-id-meta":"","stick-header-meta":"","header-above-stick-meta":"","header-main-stick-meta":"","header-below-stick-meta":"","astra-migrate-meta-layouts":"default","ast-page-background-enabled":"default","ast-page-background-meta":{"desktop":{"background-color":"var(--ast-global-color-4)","background-image":"","background-repeat":"repeat","background-position":"center center","background-size":"auto","background-attachment":"scroll","background-type":"","background-media":"","overlay-type":"","overlay-color":"","overlay-opacity":"","overlay-gradient":""},"tablet":{"background-color":"","background-image":"","background-repeat":"repeat","background-position":"center center","background-size":"auto","background-attachment":"scroll","background-type":"","background-media":"","overlay-type":"","overlay-color":"","overlay-opacity":"","overlay-gradient":""},"mobile":{"background-color":"","background-image":"","background-repeat":"repeat","background-position":"center center","background-size":"auto","background-attachment":"scroll","background-type":"","background-media":"","overlay-type":"","overlay-color":"","overlay-opacity":"","overlay-gradient":""}},"ast-content-background-meta":{"desktop":{"background-color":"var(--ast-global-color-5)","background-image":"","background-repeat":"repeat","background-position":"center center","background-size":"auto","background-attachment":"scroll","background-type":"","background-media":"","overlay-type":"","overlay-color":"","overlay-opacity":"","overlay-gradient":""},"tablet":{"background-color":"var(--ast-global-color-5)","background-image":"","background-repeat":"repeat","background-position":"center center","background-size":"auto","background-attachment":"scroll","background-type":"","background-media":"","overlay-type":"","overlay-color":"","overlay-opacity":"","overlay-gradient":""},"mobile":{"background-color":"var(--ast-global-color-5)","background-image":"","background-repeat":"repeat","background-position":"center center","background-size":"auto","background-attachment":"scroll","background-type":"","background-media":"","overlay-type":"","overlay-color":"","overlay-opacity":"","overlay-gradient":""}},"_joinchat":[],"footnotes":""},"categories":[1],"tags":[161,95,90,88,133,134,121,135,130,96,127,132,97,163,150],"class_list":["post-15615","post","type-post","status-publish","format-standard","hentry","category-sin-categoria","tag-camas","tag-chaise-longue","tag-composiciones-con-estilo","tag-consejos","tag-decoracion","tag-espacio","tag-espacio-pequenos","tag-minimalismo","tag-minimalista","tag-muebles","tag-muebles-decorativos-auxiliares","tag-renueva-tu-espacio","tag-sofas","tag-sofas-cama","tag-tendencias"],"_links":{"self":[{"href":"https:\/\/mueblesdetena.es\/ru_ru\/wp-json\/wp\/v2\/posts\/15615","targetHints":{"allow":["GET"]}}],"collection":[{"href":"https:\/\/mueblesdetena.es\/ru_ru\/wp-json\/wp\/v2\/posts"}],"about":[{"href":"https:\/\/mueblesdetena.es\/ru_ru\/wp-json\/wp\/v2\/types\/post"}],"author":[{"embeddable":true,"href":"https:\/\/mueblesdetena.es\/ru_ru\/wp-json\/wp\/v2\/users\/1"}],"replies":[{"embeddable":true,"href":"https:\/\/mueblesdetena.es\/ru_ru\/wp-json\/wp\/v2\/comments?post=15615"}],"version-history":[{"count":0,"href":"https:\/\/mueblesdetena.es\/ru_ru\/wp-json\/wp\/v2\/posts\/15615\/revisions"}],"wp:attachment":[{"href":"https:\/\/mueblesdetena.es\/ru_ru\/wp-json\/wp\/v2\/media?parent=15615"}],"wp:term":[{"taxonomy":"category","embeddable":true,"href":"https:\/\/mueblesdetena.es\/ru_ru\/wp-json\/wp\/v2\/categories?post=15615"},{"taxonomy":"post_tag","embeddable":true,"href":"https:\/\/mueblesdetena.es\/ru_ru\/wp-json\/wp\/v2\/tags?post=15615"}],"curies":[{"name":"wp","href":"https:\/\/api.w.org\/{rel}","templated":true}]}}