{"id":16292,"date":"2022-11-04T10:32:27","date_gmt":"2022-11-04T10:32:27","guid":{"rendered":"https:\/\/mueblesdetena.es\/?p=16292"},"modified":"2026-06-13T18:17:10","modified_gmt":"2026-06-13T16:17:10","slug":"armarios-a-medida-descubre-un-mundo-de-posibilidades","status":"publish","type":"post","link":"https:\/\/mueblesdetena.es\/ru_ru\/armarios-a-medida-descubre-un-mundo-de-posibilidades\/","title":{"rendered":"Armarios a medida: descubre un mundo de posibilidades \ud83d\ude0f"},"content":{"rendered":"<div id=\"ez-toc-container\" class=\"ez-toc-v2_0_85 counter-hierarchy ez-toc-counter ez-toc-grey ez-toc-container-direction\">\n<div class=\"ez-toc-title-container\">\n<p class=\"ez-toc-title\" style=\"cursor:inherit\">Table of Contents<\/p>\n<span class=\"ez-toc-title-toggle\"><a href=\"#\" class=\"ez-toc-pull-right ez-toc-btn ez-toc-btn-xs ez-toc-btn-default ez-toc-toggle\" aria-label=\"Toggle Table of Content\"><span class=\"ez-toc-js-icon-con\"><span class=\"\"><span class=\"eztoc-hide\" style=\"display:none;\">Toggle<\/span><span class=\"ez-toc-icon-toggle-span\"><svg style=\"fill: #999;color:#999\" xmlns=\"http:\/\/www.w3.org\/2000\/svg\" class=\"list-377408\" width=\"20px\" height=\"20px\" viewbox=\"0 0 24 24\" fill=\"none\"><path d=\"M6 6H4v2h2V6zm14 0H8v2h12V6zM4 11h2v2H4v-2zm16 0H8v2h12v-2zM4 16h2v2H4v-2zm16 0H8v2h12v-2z\" fill=\"currentColor\"><\/path><\/svg><svg style=\"fill: #999;color:#999\" class=\"arrow-unsorted-368013\" xmlns=\"http:\/\/www.w3.org\/2000\/svg\" width=\"10px\" height=\"10px\" viewbox=\"0 0 24 24\" version=\"1.2\" baseprofile=\"tiny\"><path d=\"M18.2 9.3l-6.2-6.3-6.2 6.3c-.2.2-.3.4-.3.7s.1.5.3.7c.2.2.4.3.7.3h11c.3 0 .5-.1.7-.3.2-.2.3-.5.3-.7s-.1-.5-.3-.7zM5.8 14.7l6.2 6.3 6.2-6.3c.2-.2.3-.5.3-.7s-.1-.5-.3-.7c-.2-.2-.4-.3-.7-.3h-11c-.3 0-.5.1-.7.3-.2.2-.3.5-.3.7s.1.5.3.7z\"\/><\/svg><\/span><\/span><\/span><\/a><\/span><\/div>\n<nav><ul class='ez-toc-list ez-toc-list-level-1' ><li class='ez-toc-page-1 ez-toc-heading-level-2'><a class=\"ez-toc-link ez-toc-heading-1\" href=\"https:\/\/mueblesdetena.es\/ru_ru\/armarios-a-medida-descubre-un-mundo-de-posibilidades\/#Aprovecha_tu_espacio_con_los_armarios_a_medida\" >Aprovecha tu espacio con los armarios a medida<\/a><\/li><li class='ez-toc-page-1 ez-toc-heading-level-2'><a class=\"ez-toc-link ez-toc-heading-2\" href=\"https:\/\/mueblesdetena.es\/ru_ru\/armarios-a-medida-descubre-un-mundo-de-posibilidades\/#%C2%A1El_espacio_ya_no_es_un_problema\" >\u00a1El espacio ya no es un problema!<\/a><\/li><li class='ez-toc-page-1 ez-toc-heading-level-2'><a class=\"ez-toc-link ez-toc-heading-3\" href=\"https:\/\/mueblesdetena.es\/ru_ru\/armarios-a-medida-descubre-un-mundo-de-posibilidades\/#%C2%A1Bienvenido_almacenaje\" >\u00a1Bienvenido almacenaje!<\/a><\/li><li class='ez-toc-page-1 ez-toc-heading-level-2'><a class=\"ez-toc-link ez-toc-heading-4\" href=\"https:\/\/mueblesdetena.es\/ru_ru\/armarios-a-medida-descubre-un-mundo-de-posibilidades\/#Personalidad_y_caracter\" >Personalidad y car\u00e1cter<\/a><\/li><li class='ez-toc-page-1 ez-toc-heading-level-2'><a class=\"ez-toc-link ez-toc-heading-5\" href=\"https:\/\/mueblesdetena.es\/ru_ru\/armarios-a-medida-descubre-un-mundo-de-posibilidades\/#Calidad_en_tus_armarios_a_medida\" >Calidad en tus armarios a medida<\/a><\/li><\/ul><\/nav><\/div>\n<h2 style=\"text-align: center;\"><span class=\"ez-toc-section\" id=\"Aprovecha_tu_espacio_con_los_armarios_a_medida\"><\/span>Aprovecha tu espacio con los armarios a medida<span class=\"ez-toc-section-end\"><\/span><\/h2>\n<p style=\"text-align: center;\">Los <a href=\"https:\/\/mueblesdetena.es\/ru_ru\/armarios-a-medida\/\">armarios a medida<\/a> son la opci\u00f3n ideal para almacenar y aprovechar el espacio disponible en tu hogar sin tener que sacrificar esquinas ni dinero. Hoy te vamos a hablar de los detalles a tener en cuenta con un armario a medida.<\/p>\n<figure id=\"attachment_15341\" aria-describedby=\"caption-attachment-15341\" style=\"width: 625px\" class=\"wp-caption aligncenter\"><a href=\"https:\/\/mueblesdetena.es\/ru_ru\/armario-2-puertas-correderas-slc\/\"><img fetchpriority=\"high\" decoding=\"async\" class=\"wp-image-15341 size-full\" title=\"Descubre tus posibilidades\" src=\"https:\/\/mueblesdetena.es\/wp-content\/uploads\/2022\/05\/pensamiento.jpg\" alt=\"Espacios adaptados a tu casa\" width=\"625\" height=\"569\" \/><\/a><figcaption id=\"caption-attachment-15341\" class=\"wp-caption-text\"><em>Armarios a medida en Muebles de Tena<\/em><\/figcaption><\/figure>\n<h2 style=\"text-align: center;\"><span class=\"ez-toc-section\" id=\"%C2%A1El_espacio_ya_no_es_un_problema\"><\/span>\u00a1El espacio ya no es un problema!<span class=\"ez-toc-section-end\"><\/span><\/h2>\n<p style=\"text-align: center;\">El espacio siempre es algo a pensar cuando estamos intentando comprar el armario adecuado. Pero con los armarios a medida, podr\u00e1s aprovechar todo el espacio disponible y no tendr\u00e1s quebraderos de cabeza a la hora de establecer tu almacenamiento \u00f3ptimo y con toda la garant\u00eda y calidad.<\/p>\n<p style=\"text-align: center;\">No es lo mismo comprar un armario con unas medidas determinadas y prefabricadas que tendr\u00e1s que habituar a tu d\u00eda a d\u00eda, que si optas por un <a href=\"https:\/\/mueblesdetena.es\/ru_ru\/aprovecha-espacio-camas-abatibles\/\">mueble personalizado<\/a> a tus necesidades y\u00a0 \u00a0tu hogar.<\/p>\n<figure id=\"attachment_14386\" aria-describedby=\"caption-attachment-14386\" style=\"width: 696px\" class=\"wp-caption aligncenter\"><a href=\"https:\/\/mueblesdetena.es\/ru_ru\/armario2-puertas-correderas-monday\/\"><img decoding=\"async\" class=\"wp-image-14386 size-full\" title=\"En muebles Tena te ayudamos a encontrar el mejor armarios a medida\" src=\"https:\/\/mueblesdetena.es\/wp-content\/uploads\/2021\/12\/12-2.jpg\" alt=\"El espacio no ser\u00e1 un problema\" width=\"696\" height=\"696\" \/><\/a><figcaption id=\"caption-attachment-14386\" class=\"wp-caption-text\"><em>Los armarios a medida se adaptan a cualquier espacio<\/em><\/figcaption><\/figure>\n<h2 style=\"text-align: center;\"><span class=\"ez-toc-section\" id=\"%C2%A1Bienvenido_almacenaje\"><\/span>\u00a1Bienvenido almacenaje!<span class=\"ez-toc-section-end\"><\/span><\/h2>\n<p style=\"text-align: center;\">El almacenaje es parte de nuestro hogar y no tener espacio no es excusa para poder aprovechar las ventajas de cualquier tipo de casa o piso. Gracias a los armarios a medidas podr\u00e1s destacar espacios ocultos que pensabas que no podr\u00edan servir para aprovecharlo y disponer de \u00e9l como un nuevo concepto de almacenaje.<\/p>\n<p style=\"text-align: center;\">\u00a1Lo mejor de personalizar tus muebles es poder adaptarlos a tus espacios!<\/p>\n<p style=\"text-align: center;\">En Muebles de Tena observamos las caracter\u00edsticas de tu espacio para adaptar tus necesidades a nuestros muebles a medida.\u00a0Las nuevas \u00abminicasas\u00bb es un claro ejemplo de que los espacios no importan, solo como estructures tu almacenaje y como estableces los muebles en tu espacio.<\/p>\n<figure id=\"attachment_9406\" aria-describedby=\"caption-attachment-9406\" style=\"width: 725px\" class=\"wp-caption aligncenter\"><a href=\"https:\/\/mueblesdetena.es\/ru_ru\/armario-6-puertas-con-espejo-infinity-bsc\/\"><img decoding=\"async\" class=\"wp-image-9406 size-full\" title=\"Los armarios a medida personalizan tu almacenaje\" src=\"https:\/\/mueblesdetena.es\/wp-content\/uploads\/2019\/09\/armario-bsc27.jpg\" alt=\"El almacenaje es mu y importante en un armario\" width=\"725\" height=\"564\" \/><\/a><figcaption id=\"caption-attachment-9406\" class=\"wp-caption-text\"><em>El almacenaje es esencial en un armario a medida<\/em><\/figcaption><\/figure>\n<h2 style=\"text-align: center;\"><span class=\"ez-toc-section\" id=\"Personalidad_y_caracter\"><\/span>Personalidad y car\u00e1cter<span class=\"ez-toc-section-end\"><\/span><\/h2>\n<p style=\"text-align: center;\">Otro punto a favor de los muebles personalizados y a medida es que podr\u00e1s hacer alarde de una car\u00e1cter y personalidad propios al hacer que tus muebles se adapten a tu espacio y conseguir que no sea una decoraci\u00f3n \u00abpre-fabricada\u00bb sino que tenga tu personalidad, car\u00e1cter y gusto.<\/p>\n<p style=\"text-align: center;\">Lo m\u00e1s importante de las estancias es que est\u00e9s a gusto en ellas ya que es tu espacio vital y necesitas sentirte a gusto y en sinton\u00eda con todos y cada uno de los objetos que te rodean.<\/p>\n<h2 style=\"text-align: center;\"><span class=\"ez-toc-section\" id=\"Calidad_en_tus_armarios_a_medida\"><\/span>Calidad en tus armarios a medida<span class=\"ez-toc-section-end\"><\/span><\/h2>\n<p style=\"text-align: center;\">El punto m\u00e1s importante es que al disponer de la personalizaci\u00f3n y el detalle de un armario realizado a medida, es que la calidad ser\u00e1 mucho mas superior que a otros muebles pre-fabricados en masa. Gracias a este tipo de muebles podr\u00e1s disponer de materiales realizados de manera artesanal y con un cari\u00f1o especial dado que no lo fabrican en serie.<\/p>\n<p style=\"text-align: center;\">Este rasgo tambi\u00e9n va unido a la personalidad que llenar\u00e1 tu hogar a la vez que podr\u00e1s aprovechar de todo el espacio disponible.<\/p>\n<blockquote>\n<p style=\"text-align: center;\"><strong><em>Los muebles han de adaptarse a tu hogar, no al rev\u00e9s<\/em><\/strong><\/p>\n<\/blockquote>\n<p style=\"text-align: center;\">En Muebles de Tena estaremos encantados de ayudarte y asesorarte con m\u00e1s de nuestros 15 a\u00f1os de experiencias en el sector del mueble.<\/p>\n<figure id=\"attachment_12659\" aria-describedby=\"caption-attachment-12659\" style=\"width: 833px\" class=\"wp-caption aligncenter\"><a href=\"https:\/\/mueblesdetena.es\/ru_ru\/armario-3-puertas-correderas-slc-plus\/\"><img loading=\"lazy\" decoding=\"async\" class=\"wp-image-12659 size-full\" title=\"Muebles de Tena te asegura calidad en tus muebles.\" src=\"https:\/\/mueblesdetena.es\/wp-content\/uploads\/2021\/05\/armario-de-3-puertas-correderas.jpg\" alt=\"Calidad en tus muebles\" width=\"833\" height=\"579\" \/><\/a><figcaption id=\"caption-attachment-12659\" class=\"wp-caption-text\"><em>Calidad en tus armarios a medida<\/em><\/figcaption><\/figure>","protected":false},"excerpt":{"rendered":"<p>Aprovecha tu espacio con los armarios a medida Los armarios a medida son la opci\u00f3n ideal para almacenar y aprovechar el espacio disponible en tu hogar sin tener que sacrificar esquinas ni dinero. Hoy te vamos a hablar de los detalles a tener en cuenta con un armario a medida. \u00a1El espacio ya no es [&hellip;]<\/p>\n","protected":false},"author":1,"featured_media":0,"comment_status":"closed","ping_status":"closed","sticky":false,"template":"","format":"standard","meta":{"site-sidebar-layout":"default","site-content-layout":"","ast-site-content-layout":"default","site-content-style":"default","site-sidebar-style":"default","ast-global-header-display":"","ast-banner-title-visibility":"","ast-main-header-display":"","ast-hfb-above-header-display":"","ast-hfb-below-header-display":"","ast-hfb-mobile-header-display":"","site-post-title":"","ast-breadcrumbs-content":"","ast-featured-img":"","footer-sml-layout":"","ast-disable-related-posts":"","theme-transparent-header-meta":"","adv-header-id-meta":"","stick-header-meta":"","header-above-stick-meta":"","header-main-stick-meta":"","header-below-stick-meta":"","astra-migrate-meta-layouts":"default","ast-page-background-enabled":"default","ast-page-background-meta":{"desktop":{"background-color":"var(--ast-global-color-4)","background-image":"","background-repeat":"repeat","background-position":"center center","background-size":"auto","background-attachment":"scroll","background-type":"","background-media":"","overlay-type":"","overlay-color":"","overlay-opacity":"","overlay-gradient":""},"tablet":{"background-color":"","background-image":"","background-repeat":"repeat","background-position":"center center","background-size":"auto","background-attachment":"scroll","background-type":"","background-media":"","overlay-type":"","overlay-color":"","overlay-opacity":"","overlay-gradient":""},"mobile":{"background-color":"","background-image":"","background-repeat":"repeat","background-position":"center center","background-size":"auto","background-attachment":"scroll","background-type":"","background-media":"","overlay-type":"","overlay-color":"","overlay-opacity":"","overlay-gradient":""}},"ast-content-background-meta":{"desktop":{"background-color":"var(--ast-global-color-5)","background-image":"","background-repeat":"repeat","background-position":"center center","background-size":"auto","background-attachment":"scroll","background-type":"","background-media":"","overlay-type":"","overlay-color":"","overlay-opacity":"","overlay-gradient":""},"tablet":{"background-color":"var(--ast-global-color-5)","background-image":"","background-repeat":"repeat","background-position":"center center","background-size":"auto","background-attachment":"scroll","background-type":"","background-media":"","overlay-type":"","overlay-color":"","overlay-opacity":"","overlay-gradient":""},"mobile":{"background-color":"var(--ast-global-color-5)","background-image":"","background-repeat":"repeat","background-position":"center center","background-size":"auto","background-attachment":"scroll","background-type":"","background-media":"","overlay-type":"","overlay-color":"","overlay-opacity":"","overlay-gradient":""}},"_joinchat":[],"footnotes":""},"categories":[1],"tags":[105,174,175,176],"class_list":["post-16292","post","type-post","status-publish","format-standard","hentry","category-sin-categoria","tag-armarios","tag-armarios-a-medida","tag-armarios-con-personalidad","tag-armarios-muebles-de-tena"],"_links":{"self":[{"href":"https:\/\/mueblesdetena.es\/ru_ru\/wp-json\/wp\/v2\/posts\/16292","targetHints":{"allow":["GET"]}}],"collection":[{"href":"https:\/\/mueblesdetena.es\/ru_ru\/wp-json\/wp\/v2\/posts"}],"about":[{"href":"https:\/\/mueblesdetena.es\/ru_ru\/wp-json\/wp\/v2\/types\/post"}],"author":[{"embeddable":true,"href":"https:\/\/mueblesdetena.es\/ru_ru\/wp-json\/wp\/v2\/users\/1"}],"replies":[{"embeddable":true,"href":"https:\/\/mueblesdetena.es\/ru_ru\/wp-json\/wp\/v2\/comments?post=16292"}],"version-history":[{"count":1,"href":"https:\/\/mueblesdetena.es\/ru_ru\/wp-json\/wp\/v2\/posts\/16292\/revisions"}],"predecessor-version":[{"id":46806,"href":"https:\/\/mueblesdetena.es\/ru_ru\/wp-json\/wp\/v2\/posts\/16292\/revisions\/46806"}],"wp:attachment":[{"href":"https:\/\/mueblesdetena.es\/ru_ru\/wp-json\/wp\/v2\/media?parent=16292"}],"wp:term":[{"taxonomy":"category","embeddable":true,"href":"https:\/\/mueblesdetena.es\/ru_ru\/wp-json\/wp\/v2\/categories?post=16292"},{"taxonomy":"post_tag","embeddable":true,"href":"https:\/\/mueblesdetena.es\/ru_ru\/wp-json\/wp\/v2\/tags?post=16292"}],"curies":[{"name":"wp","href":"https:\/\/api.w.org\/{rel}","templated":true}]}}