{"id":16503,"date":"2022-12-16T08:19:08","date_gmt":"2022-12-16T08:19:08","guid":{"rendered":"https:\/\/mueblesdetena.es\/?p=16503"},"modified":"2022-12-16T08:19:08","modified_gmt":"2022-12-16T08:19:08","slug":"salon-comedor-para-navidad","status":"publish","type":"post","link":"https:\/\/mueblesdetena.es\/ru_ru\/salon-comedor-para-navidad\/","title":{"rendered":"Sal\u00f3n y comedor para Navidad \ud83c\udf85"},"content":{"rendered":"<p style=\"text-align: center;\">Se acerca la Navidad y como cada a\u00f1o, el sal\u00f3n pega un cambiazo. Cada vez que avanza el tiempo, aparecen formas m\u00e1s \u00fanicas de decorar el sal\u00f3n, y aqu\u00ed es donde las encontrar\u00e1s. El <a href=\"https:\/\/mueblesdetena.es\/ru_ru\/comedores\/\">comedor<\/a> no se quedar\u00e1 atr\u00e1s, por lo que pensamos mejor en colocar una mesa de centro y decorarla al estilo navide\u00f1o.<\/p>\n<p style=\"text-align: center;\">Entre manos de pintura, iluminaci\u00f3n y acabados que destacan, veamos algunas de las formas de decorar el sal\u00f3n a tu gusto.<\/p>\n<figure id=\"attachment_16513\" aria-describedby=\"caption-attachment-16513\" style=\"width: 1100px\" class=\"wp-caption aligncenter\"><a href=\"https:\/\/mueblesdetena.es\/ru_ru\/descanso\/\"><img fetchpriority=\"high\" decoding=\"async\" class=\"wp-image-16513 size-full\" src=\"https:\/\/mueblesdetena.es\/wp-content\/uploads\/2022\/12\/mesas-salones-lavado-imagen_comp.webp\" alt=\"Decoraci\u00f3n navide\u00f1a espaciosa.\" width=\"1100\" height=\"1100\" \/><\/a><figcaption id=\"caption-attachment-16513\" class=\"wp-caption-text\">En la decoraci\u00f3n del sal\u00f3n espacioso de esta casa podemos ver que el color de la pared es simple pero contrasta visualmente con los patrones de la alfombra y los colores de los muebles.<\/figcaption><\/figure>\n<div id=\"ez-toc-container\" class=\"ez-toc-v2_0_85 counter-hierarchy ez-toc-counter ez-toc-grey ez-toc-container-direction\">\n<div class=\"ez-toc-title-container\">\n<p class=\"ez-toc-title\" style=\"cursor:inherit\">Table of Contents<\/p>\n<span class=\"ez-toc-title-toggle\"><a href=\"#\" class=\"ez-toc-pull-right ez-toc-btn ez-toc-btn-xs ez-toc-btn-default ez-toc-toggle\" aria-label=\"Toggle Table of Content\"><span class=\"ez-toc-js-icon-con\"><span class=\"\"><span class=\"eztoc-hide\" style=\"display:none;\">Toggle<\/span><span class=\"ez-toc-icon-toggle-span\"><svg style=\"fill: #999;color:#999\" xmlns=\"http:\/\/www.w3.org\/2000\/svg\" class=\"list-377408\" width=\"20px\" height=\"20px\" viewbox=\"0 0 24 24\" fill=\"none\"><path d=\"M6 6H4v2h2V6zm14 0H8v2h12V6zM4 11h2v2H4v-2zm16 0H8v2h12v-2zM4 16h2v2H4v-2zm16 0H8v2h12v-2z\" fill=\"currentColor\"><\/path><\/svg><svg style=\"fill: #999;color:#999\" class=\"arrow-unsorted-368013\" xmlns=\"http:\/\/www.w3.org\/2000\/svg\" width=\"10px\" height=\"10px\" viewbox=\"0 0 24 24\" version=\"1.2\" baseprofile=\"tiny\"><path d=\"M18.2 9.3l-6.2-6.3-6.2 6.3c-.2.2-.3.4-.3.7s.1.5.3.7c.2.2.4.3.7.3h11c.3 0 .5-.1.7-.3.2-.2.3-.5.3-.7s-.1-.5-.3-.7zM5.8 14.7l6.2 6.3 6.2-6.3c.2-.2.3-.5.3-.7s-.1-.5-.3-.7c-.2-.2-.4-.3-.7-.3h-11c-.3 0-.5.1-.7.3-.2.2-.3.5-.3.7s.1.5.3.7z\"\/><\/svg><\/span><\/span><\/span><\/a><\/span><\/div>\n<nav><ul class='ez-toc-list ez-toc-list-level-1' ><li class='ez-toc-page-1 ez-toc-heading-level-2'><a class=\"ez-toc-link ez-toc-heading-1\" href=\"https:\/\/mueblesdetena.es\/ru_ru\/salon-comedor-para-navidad\/#Acabados_y_lavado_de_imagen\" >Acabados y lavado de imagen<\/a><\/li><li class='ez-toc-page-1 ez-toc-heading-level-2'><a class=\"ez-toc-link ez-toc-heading-2\" href=\"https:\/\/mueblesdetena.es\/ru_ru\/salon-comedor-para-navidad\/#Colores_y_accesorios_para_el_salon\" >Colores y accesorios para el sal\u00f3n<\/a><\/li><\/ul><\/nav><\/div>\n<h2 style=\"text-align: center;\"><span class=\"ez-toc-section\" id=\"Acabados_y_lavado_de_imagen\"><\/span>Acabados y lavado de imagen<span class=\"ez-toc-section-end\"><\/span><\/h2>\n<p style=\"text-align: center;\">Palabras muy generales, pero con detalles muy espec\u00edficos. Las paredes de algunas zonas de casa se suelen pintar de colores distintos, pero las tendencias actuales dicen lo contrario. Una buena forma de aplicar colores en casa es la uniformidad en las paredes, es decir, un mismo color en todas.<\/p>\n<p style=\"text-align: center;\">Esto consigue crear uni\u00f3n y continuidad a tu casa, y, dependiendo del color, aportar\u00e1 mucha tranquilidad. Este lavado de cara a las paredes de casa es adem\u00e1s bastante econ\u00f3mico, ya que no tendr\u00e1s que comprar varios colores en pintura para hacerlo.<\/p>\n<p style=\"text-align: center;\">A\u00f1adirle complementos a la pared como un cuadro, un marco con una foto grande, un espejo o accesorios en una mesa cerca son una buena forma de avivarla a\u00fan m\u00e1s.<\/p>\n<p style=\"text-align: center;\">Los muebles cerca de la pared ayudan a que luzca, pero no con todos. Con un <a href=\"https:\/\/mueblesdetena.es\/ru_ru\/sofas\/\">sof\u00e1<\/a> por ejemplo, no es muy notable, ya que el sof\u00e1 suele ser el centro de atenci\u00f3n, sobre todo si es un <a href=\"https:\/\/mueblesdetena.es\/ru_ru\/sofas-cama\/\">sof\u00e1 cama<\/a>.<\/p>\n<p style=\"text-align: center;\">En cambio, una mesa o una <a href=\"https:\/\/mueblesdetena.es\/ru_ru\/sillas-comedor\/\">silla en el comedor<\/a> s\u00ed. No suelen ser el centro de atenci\u00f3n, son unos buenos complementos para los colores, y en contraste con la pared relucen. Por ello aconsejamos los accesorios en las mesas, porque ayudar\u00e1n a un mejor atractivo visual.<\/p>\n<figure id=\"attachment_16515\" aria-describedby=\"caption-attachment-16515\" style=\"width: 1200px\" class=\"wp-caption aligncenter\"><img decoding=\"async\" class=\"wp-image-16515 size-full\" src=\"https:\/\/mueblesdetena.es\/wp-content\/uploads\/2022\/12\/mesas-salones-colores-accesorios_comp.webp\" alt=\"Sal\u00f3n navide\u00f1o habitual.\" width=\"1200\" height=\"800\" \/><figcaption id=\"caption-attachment-16515\" class=\"wp-caption-text\">En este sal\u00f3n de estilo r\u00fastico se ve c\u00f3mo se ha aprovechado la decoraci\u00f3n habitual navide\u00f1a.<\/figcaption><\/figure>\n<h2 style=\"text-align: center;\"><span class=\"ez-toc-section\" id=\"Colores_y_accesorios_para_el_salon\"><\/span>Colores y accesorios para el sal\u00f3n<span class=\"ez-toc-section-end\"><\/span><\/h2>\n<p style=\"text-align: center;\">El mejor ejemplo para explicar esta tendencia es con los cojines del sof\u00e1. La tapicer\u00eda del sof\u00e1 puede ser clara u oscura, pero el color de los cojines no encaja, o no los ves tan bonitos como antes. Los colores juegan un gran papel, y por ello es importante que contrasten en cualquier lugar.<\/p>\n<p style=\"text-align: center;\">Tomemos como ejemplo la decoraci\u00f3n de Navidad para la <a href=\"https:\/\/mueblesdetena.es\/ru_ru\/mesas\/\">mesa del comedor<\/a>, un mueble con muchos colores para celebrar la fiesta. Colores vivos, vibrantes, rojos fuertes, verdes claros, presentes en cada decoraci\u00f3n. A pesar de lo brillantes que puedan ser, no se hacen pesados a los ojos.<\/p>\n<p style=\"text-align: center;\">Por este motivo tener en cuenta los colores es muy importante. Es algo que surge inconscientemente en nosotros, pero saber que opciones hay tambi\u00e9n es muy importante. Viendo tu entorno y el de otros, podr\u00e1s saber que la combinaci\u00f3n de colores claros y oscuros no es nada mala, pero s\u00ed que un gran volumen de colores claros ayuda mucho al ambiente, igual que cuando decoras el <a href=\"https:\/\/mueblesdetena.es\/ru_ru\/composiciones-juveniles\/\">dormitorio<\/a>, por ejemplo.<\/p>\n<p style=\"text-align: center;\">\u0412 <a href=\"https:\/\/mueblesdetena.es\/ru_ru\/\">Muebles de Tena<\/a> sabemos que la decoraci\u00f3n navide\u00f1a, a\u00fan siendo muy bonita y f\u00e1cil de conseguir, es algo dif\u00edcil de colocar de forma atractiva. <a href=\"https:\/\/mueblesdetena.es\/ru_ru\/contacto\/\">Contacta con nosotros<\/a> y te ayudaremos con ello.<\/p>","protected":false},"excerpt":{"rendered":"<p>Se acerca la Navidad y como cada a\u00f1o, el sal\u00f3n pega un cambiazo. Cada vez que avanza el tiempo, aparecen formas m\u00e1s \u00fanicas de decorar el sal\u00f3n, y aqu\u00ed es donde las encontrar\u00e1s. El comedor no se quedar\u00e1 atr\u00e1s, por lo que pensamos mejor en colocar una mesa de centro y decorarla al estilo navide\u00f1o. [&hellip;]<\/p>\n","protected":false},"author":1,"featured_media":0,"comment_status":"closed","ping_status":"closed","sticky":false,"template":"","format":"standard","meta":{"site-sidebar-layout":"default","site-content-layout":"","ast-site-content-layout":"default","site-content-style":"default","site-sidebar-style":"default","ast-global-header-display":"","ast-banner-title-visibility":"","ast-main-header-display":"","ast-hfb-above-header-display":"","ast-hfb-below-header-display":"","ast-hfb-mobile-header-display":"","site-post-title":"","ast-breadcrumbs-content":"","ast-featured-img":"","footer-sml-layout":"","ast-disable-related-posts":"","theme-transparent-header-meta":"","adv-header-id-meta":"","stick-header-meta":"","header-above-stick-meta":"","header-main-stick-meta":"","header-below-stick-meta":"","astra-migrate-meta-layouts":"default","ast-page-background-enabled":"default","ast-page-background-meta":{"desktop":{"background-color":"var(--ast-global-color-4)","background-image":"","background-repeat":"repeat","background-position":"center center","background-size":"auto","background-attachment":"scroll","background-type":"","background-media":"","overlay-type":"","overlay-color":"","overlay-opacity":"","overlay-gradient":""},"tablet":{"background-color":"","background-image":"","background-repeat":"repeat","background-position":"center center","background-size":"auto","background-attachment":"scroll","background-type":"","background-media":"","overlay-type":"","overlay-color":"","overlay-opacity":"","overlay-gradient":""},"mobile":{"background-color":"","background-image":"","background-repeat":"repeat","background-position":"center center","background-size":"auto","background-attachment":"scroll","background-type":"","background-media":"","overlay-type":"","overlay-color":"","overlay-opacity":"","overlay-gradient":""}},"ast-content-background-meta":{"desktop":{"background-color":"var(--ast-global-color-5)","background-image":"","background-repeat":"repeat","background-position":"center center","background-size":"auto","background-attachment":"scroll","background-type":"","background-media":"","overlay-type":"","overlay-color":"","overlay-opacity":"","overlay-gradient":""},"tablet":{"background-color":"var(--ast-global-color-5)","background-image":"","background-repeat":"repeat","background-position":"center center","background-size":"auto","background-attachment":"scroll","background-type":"","background-media":"","overlay-type":"","overlay-color":"","overlay-opacity":"","overlay-gradient":""},"mobile":{"background-color":"var(--ast-global-color-5)","background-image":"","background-repeat":"repeat","background-position":"center center","background-size":"auto","background-attachment":"scroll","background-type":"","background-media":"","overlay-type":"","overlay-color":"","overlay-opacity":"","overlay-gradient":""}},"_joinchat":[],"footnotes":""},"categories":[1],"tags":[88,133,134,135,130,113,96,127,178,132,150],"class_list":["post-16503","post","type-post","status-publish","format-standard","hentry","category-sin-categoria","tag-consejos","tag-decoracion","tag-espacio","tag-minimalismo","tag-minimalista","tag-mobiliario-juvenil","tag-muebles","tag-muebles-decorativos-auxiliares","tag-navidad","tag-renueva-tu-espacio","tag-tendencias"],"_links":{"self":[{"href":"https:\/\/mueblesdetena.es\/ru_ru\/wp-json\/wp\/v2\/posts\/16503","targetHints":{"allow":["GET"]}}],"collection":[{"href":"https:\/\/mueblesdetena.es\/ru_ru\/wp-json\/wp\/v2\/posts"}],"about":[{"href":"https:\/\/mueblesdetena.es\/ru_ru\/wp-json\/wp\/v2\/types\/post"}],"author":[{"embeddable":true,"href":"https:\/\/mueblesdetena.es\/ru_ru\/wp-json\/wp\/v2\/users\/1"}],"replies":[{"embeddable":true,"href":"https:\/\/mueblesdetena.es\/ru_ru\/wp-json\/wp\/v2\/comments?post=16503"}],"version-history":[{"count":0,"href":"https:\/\/mueblesdetena.es\/ru_ru\/wp-json\/wp\/v2\/posts\/16503\/revisions"}],"wp:attachment":[{"href":"https:\/\/mueblesdetena.es\/ru_ru\/wp-json\/wp\/v2\/media?parent=16503"}],"wp:term":[{"taxonomy":"category","embeddable":true,"href":"https:\/\/mueblesdetena.es\/ru_ru\/wp-json\/wp\/v2\/categories?post=16503"},{"taxonomy":"post_tag","embeddable":true,"href":"https:\/\/mueblesdetena.es\/ru_ru\/wp-json\/wp\/v2\/tags?post=16503"}],"curies":[{"name":"wp","href":"https:\/\/api.w.org\/{rel}","templated":true}]}}