{"id":29639,"date":"2024-04-04T09:58:28","date_gmt":"2024-04-04T07:58:28","guid":{"rendered":"https:\/\/mueblesdetena.es\/?p=29639"},"modified":"2024-04-10T09:51:59","modified_gmt":"2024-04-10T07:51:59","slug":"decorar-un-dormitorio-juvenil","status":"publish","type":"post","link":"https:\/\/mueblesdetena.es\/ru_ru\/decorar-un-dormitorio-juvenil\/","title":{"rendered":"Gu\u00eda para organizar y decorar un dormitorio juvenil"},"content":{"rendered":"\n<p class=\"has-medium-font-size wp-block-paragraph\">El dormitorio juvenil es m\u00e1s que solo un lugar para dormir; es un espacio personal donde los adolescentes pueden expresar su individualidad, relajarse, estudiar y socializar. Organizar y decorar este ambiente de manera efectiva es clave para crear un entorno acogedor y funcional que refleje la personalidad \u00fanica del adolescente. Desde maximizar el espacio de almacenamiento hasta fomentar la creatividad y la expresi\u00f3n personal, existen numerosos consejos que pueden ayudar a crear un dormitorio juvenil que sea tanto pr\u00e1ctico como est\u00e9ticamente atractivo. En este post, exploraremos algunas ideas y sugerencias \u00fatiles para organizar y decorar un dormitorio juvenil de manera creativa y funcional.<\/p>\n\n\n\n<div id=\"ez-toc-container\" class=\"ez-toc-v2_0_85 counter-hierarchy ez-toc-counter ez-toc-grey ez-toc-container-direction\">\n<div class=\"ez-toc-title-container\">\n<p class=\"ez-toc-title\" style=\"cursor:inherit\">Table of Contents<\/p>\n<span class=\"ez-toc-title-toggle\"><a href=\"#\" class=\"ez-toc-pull-right ez-toc-btn ez-toc-btn-xs ez-toc-btn-default ez-toc-toggle\" aria-label=\"Toggle Table of Content\"><span class=\"ez-toc-js-icon-con\"><span class=\"\"><span class=\"eztoc-hide\" style=\"display:none;\">Toggle<\/span><span class=\"ez-toc-icon-toggle-span\"><svg style=\"fill: #999;color:#999\" xmlns=\"http:\/\/www.w3.org\/2000\/svg\" class=\"list-377408\" width=\"20px\" height=\"20px\" viewBox=\"0 0 24 24\" fill=\"none\"><path d=\"M6 6H4v2h2V6zm14 0H8v2h12V6zM4 11h2v2H4v-2zm16 0H8v2h12v-2zM4 16h2v2H4v-2zm16 0H8v2h12v-2z\" fill=\"currentColor\"><\/path><\/svg><svg style=\"fill: #999;color:#999\" class=\"arrow-unsorted-368013\" xmlns=\"http:\/\/www.w3.org\/2000\/svg\" width=\"10px\" height=\"10px\" viewBox=\"0 0 24 24\" version=\"1.2\" baseProfile=\"tiny\"><path d=\"M18.2 9.3l-6.2-6.3-6.2 6.3c-.2.2-.3.4-.3.7s.1.5.3.7c.2.2.4.3.7.3h11c.3 0 .5-.1.7-.3.2-.2.3-.5.3-.7s-.1-.5-.3-.7zM5.8 14.7l6.2 6.3 6.2-6.3c.2-.2.3-.5.3-.7s-.1-.5-.3-.7c-.2-.2-.4-.3-.7-.3h-11c-.3 0-.5.1-.7.3-.2.2-.3.5-.3.7s.1.5.3.7z\"\/><\/svg><\/span><\/span><\/span><\/a><\/span><\/div>\n<nav><ul class='ez-toc-list ez-toc-list-level-1 ' ><li class='ez-toc-page-1 ez-toc-heading-level-2'><a class=\"ez-toc-link ez-toc-heading-1\" href=\"https:\/\/mueblesdetena.es\/ru_ru\/decorar-un-dormitorio-juvenil\/#Conoce_los_gustos_y_necesidades_del_adolescente\" >Conoce los gustos y necesidades del adolescente<\/a><\/li><li class='ez-toc-page-1 ez-toc-heading-level-2'><a class=\"ez-toc-link ez-toc-heading-2\" href=\"https:\/\/mueblesdetena.es\/ru_ru\/decorar-un-dormitorio-juvenil\/#Maximiza_el_espacio_de_almacenamiento_al_decorar_un_dormitorio_juvenil\" >Maximiza el espacio de almacenamiento al decorar un dormitorio juvenil<\/a><\/li><li class='ez-toc-page-1 ez-toc-heading-level-2'><a class=\"ez-toc-link ez-toc-heading-3\" href=\"https:\/\/mueblesdetena.es\/ru_ru\/decorar-un-dormitorio-juvenil\/#Crea_zonas_multifuncionales\" >Crea zonas multifuncionales<\/a><\/li><li class='ez-toc-page-1 ez-toc-heading-level-2'><a class=\"ez-toc-link ez-toc-heading-4\" href=\"https:\/\/mueblesdetena.es\/ru_ru\/decorar-un-dormitorio-juvenil\/#Elige_muebles_versatiles_y_funcionales\" >Elige muebles vers\u00e1tiles y funcionales<\/a><\/li><li class='ez-toc-page-1 ez-toc-heading-level-2'><a class=\"ez-toc-link ez-toc-heading-5\" href=\"https:\/\/mueblesdetena.es\/ru_ru\/decorar-un-dormitorio-juvenil\/#Composiciones_juveniles_que_te_pueden_inspirar\" >Composiciones juveniles que te pueden inspirar<\/a><\/li><li class='ez-toc-page-1 ez-toc-heading-level-2'><a class=\"ez-toc-link ez-toc-heading-6\" href=\"https:\/\/mueblesdetena.es\/ru_ru\/decorar-un-dormitorio-juvenil\/#Fomenta_la_creatividad_y_la_expresion_personal\" >Fomenta la creatividad y la expresi\u00f3n personal<\/a><\/li><li class='ez-toc-page-1 ez-toc-heading-level-2'><a class=\"ez-toc-link ez-toc-heading-7\" href=\"https:\/\/mueblesdetena.es\/ru_ru\/decorar-un-dormitorio-juvenil\/#Prioriza_la_iluminacion_adecuada\" >Prioriza la iluminaci\u00f3n adecuada<\/a><\/li><li class='ez-toc-page-1 ez-toc-heading-level-2'><a class=\"ez-toc-link ez-toc-heading-8\" href=\"https:\/\/mueblesdetena.es\/ru_ru\/decorar-un-dormitorio-juvenil\/#Espacio_adecuado_para_mantener_el_orden\" >Espacio adecuado para mantener el orden<\/a><\/li><\/ul><\/nav><\/div>\n<h2 class=\"wp-block-heading\" id=\"conoce-los-gustos-y-necesidades-del-adolescente\"><span class=\"ez-toc-section\" id=\"Conoce_los_gustos_y_necesidades_del_adolescente\"><\/span>Conoce los gustos y necesidades del adolescente<span class=\"ez-toc-section-end\"><\/span><\/h2>\n\n\n\n<p class=\"has-medium-font-size wp-block-paragraph\">Antes de comenzar cualquier proyecto para decorar un dormitorio juvenil, es fundamental comprender los gustos, intereses y necesidades del adolescente que ocupar\u00e1 el espacio. Cada adolescente tiene su propia personalidad y estilo \u00fanico, por lo que es importante involucrarlo en el proceso de toma de decisiones.<\/p>\n\n\n\n<p class=\"has-medium-font-size wp-block-paragraph\"><strong>1. Di\u00e1logo abierto:<\/strong> Mant\u00e9n una conversaci\u00f3n abierta y honesta con el adolescente para conocer sus preferencias en cuanto a colores, estilos y temas de decoraci\u00f3n. Preg\u00fantales qu\u00e9 les gusta y qu\u00e9 no les gusta, y aseg\u00farate de tener en cuenta sus opiniones al tomar decisiones sobre el dise\u00f1o del dormitorio.<\/p>\n\n\n\n<p class=\"has-medium-font-size wp-block-paragraph\"><strong>2. Intereses y pasiones:<\/strong> Ten en cuenta los intereses y pasiones del adolescente al decorar su dormitorio. \u00bfTienen alg\u00fan hobby o actividad favorita? \u00bfHay alg\u00fan tema en particular que les apasione? Incorporar elementos decorativos relacionados con sus intereses puede ayudar a crear un espacio que refleje su personalidad y les haga sentirse c\u00f3modos y felices.<\/p>\n\n\n\n<p class=\"has-medium-font-size wp-block-paragraph\"><strong>3. Espacio para la individualidad:<\/strong> Reconoce la necesidad de los adolescentes de tener un espacio propio donde puedan expresarse libremente y mostrar su individualidad. Perm\u00edteles personalizar su dormitorio con elementos decorativos que reflejen su estilo personal, como p\u00f3sters, fotograf\u00edas, obras de arte o art\u00edculos coleccionables.<\/p>\n\n\n\n<p class=\"has-medium-font-size wp-block-paragraph\"><strong>4. \u00c1reas espec\u00edficas:<\/strong> Considera las actividades que el adolescente realiza en su dormitorio y crea \u00e1reas espec\u00edficas para cada una de ellas. Por ejemplo, si pasan mucho tiempo estudiando, aseg\u00farate de proporcionar un espacio de estudio c\u00f3modo y bien iluminado. Si les gusta leer, crea un rinc\u00f3n de lectura acogedor con una c\u00f3moda silla y una l\u00e1mpara de lectura.<\/p>\n\n\n\n<p class=\"has-medium-font-size wp-block-paragraph\"><strong>5. Privacidad y autonom\u00eda:<\/strong> Respeta la privacidad y autonom\u00eda del adolescente al dise\u00f1ar su dormitorio. Proporciona \u00e1reas de almacenamiento personal donde puedan guardar sus pertenencias de manera ordenada y accesible, y aseg\u00farate de que tengan espacio suficiente para moverse y sentirse c\u00f3modos en su propio espacio.<\/p>\n\n\n\n<p class=\"has-medium-font-size wp-block-paragraph\">Al conocer los gustos y necesidades del adolescente, podr\u00e1s crear un dormitorio que no solo sea funcional y pr\u00e1ctico, sino tambi\u00e9n un reflejo aut\u00e9ntico de su personalidad y estilo de vida.<\/p>\n\n\n\n<figure class=\"wp-block-image alignfull size-full\"><img fetchpriority=\"high\" decoding=\"async\" width=\"895\" height=\"608\" src=\"https:\/\/mueblesdetena.es\/wp-content\/uploads\/2024\/03\/dormitorio-juvenil-ort-43.jpg\" alt=\"\" class=\"wp-image-29222\" srcset=\"https:\/\/mueblesdetena.es\/wp-content\/uploads\/2024\/03\/dormitorio-juvenil-ort-43.jpg 895w, https:\/\/mueblesdetena.es\/wp-content\/uploads\/2024\/03\/dormitorio-juvenil-ort-43-300x204.jpg 300w, https:\/\/mueblesdetena.es\/wp-content\/uploads\/2024\/03\/dormitorio-juvenil-ort-43-768x522.jpg 768w, https:\/\/mueblesdetena.es\/wp-content\/uploads\/2024\/03\/dormitorio-juvenil-ort-43-600x408.jpg 600w\" sizes=\"(max-width: 895px) 100vw, 895px\" \/><\/figure>\n\n\n\n<div style=\"height:100px\" aria-hidden=\"true\" class=\"wp-block-spacer\"><\/div>\n\n\n\n<h2 class=\"wp-block-heading\" id=\"maximiza-el-espacio-de-almacenamiento-al-decorar-un-dormitorio-juvenil\"><span class=\"ez-toc-section\" id=\"Maximiza_el_espacio_de_almacenamiento_al_decorar_un_dormitorio_juvenil\"><\/span>Maximiza el espacio de almacenamiento al decorar un dormitorio juvenil<span class=\"ez-toc-section-end\"><\/span><\/h2>\n\n\n\n<p class=\"has-medium-font-size wp-block-paragraph\">En toda habitaci\u00f3n, pero sobretodo en espacios peque\u00f1os, es fundamental optimizar cada cent\u00edmetro cuadrado disponible para proporcionar suficiente espacio de almacenamiento. Aqu\u00ed hay algunas estrategias para maximizar el espacio de almacenamiento en un dormitorio juvenil:<\/p>\n\n\n\n<p class=\"has-medium-font-size wp-block-paragraph\"><strong>1. Camas con almacenamiento integrado:<\/strong> Considera invertir en camas que cuenten con cajones o compartimentos de almacenamiento integrados en su dise\u00f1o. Estas camas ofrecen una soluci\u00f3n pr\u00e1ctica para guardar ropa de cama, ropa fuera de temporada, juguetes u otros objetos sin ocupar espacio adicional en la habitaci\u00f3n.<\/p>\n\n\n\n<p class=\"has-medium-font-size wp-block-paragraph\"><strong>2. Estanter\u00edas flotantes:<\/strong> Las estanter\u00edas flotantes son una excelente manera de aprovechar el espacio vertical en un dormitorio juvenil. Instala estanter\u00edas flotantes en las paredes para exhibir libros, accesorios decorativos y otros objetos personales, liberando espacio en el suelo para otras actividades.<\/p>\n\n\n\n<p class=\"has-medium-font-size wp-block-paragraph\"><strong>3. Armarios modulares:<\/strong> Los armarios modulares ofrecen una soluci\u00f3n flexible y personalizable para el almacenamiento de ropa y accesorios. Configura el interior del armario de acuerdo a las necesidades del adolescente, con compartimentos para colgar ropa, estantes ajustables y cajones extra\u00edbles.<\/p>\n\n\n\n<p class=\"has-medium-font-size wp-block-paragraph\"><strong>4. Organizadores de pared:<\/strong> Utiliza organizadores de pared, como rejillas met\u00e1licas, tableros perforados o sistemas de almacenamiento modular, para mantener ordenados y accesibles peque\u00f1os objetos como joyas, material escolar o art\u00edculos de tocador.<\/p>\n\n\n\n<p class=\"has-medium-font-size wp-block-paragraph\"><strong>5. Ba\u00fales y cofres:<\/strong> Los ba\u00fales y cofres son una opci\u00f3n pr\u00e1ctica para almacenar elementos grandes o voluminosos, como ropa de cama adicional, juguetes o art\u00edculos deportivos. Coloca un ba\u00fal al pie de la cama o en un rinc\u00f3n de la habitaci\u00f3n para agregar almacenamiento adicional de manera discreta.<\/p>\n\n\n\n<p class=\"has-medium-font-size wp-block-paragraph\">Al maximizar el espacio de almacenamiento en el dormitorio juvenil, se puede crear un ambiente ordenado y funcional que facilite el acceso a los objetos personales y promueva un estilo de vida organizado.<\/p>\n\n\n\n<figure class=\"wp-block-image alignfull size-full\"><img decoding=\"async\" width=\"808\" height=\"553\" src=\"https:\/\/mueblesdetena.es\/wp-content\/uploads\/2024\/03\/dormitorio-juvenil-c107-rimobel.jpg\" alt=\"\" class=\"wp-image-29018\" srcset=\"https:\/\/mueblesdetena.es\/wp-content\/uploads\/2024\/03\/dormitorio-juvenil-c107-rimobel.jpg 808w, https:\/\/mueblesdetena.es\/wp-content\/uploads\/2024\/03\/dormitorio-juvenil-c107-rimobel-300x205.jpg 300w, https:\/\/mueblesdetena.es\/wp-content\/uploads\/2024\/03\/dormitorio-juvenil-c107-rimobel-768x526.jpg 768w, https:\/\/mueblesdetena.es\/wp-content\/uploads\/2024\/03\/dormitorio-juvenil-c107-rimobel-600x411.jpg 600w\" sizes=\"(max-width: 808px) 100vw, 808px\" \/><\/figure>\n\n\n\n<div style=\"height:100px\" aria-hidden=\"true\" class=\"wp-block-spacer\"><\/div>\n\n\n\n<h2 class=\"wp-block-heading\" id=\"crea-zonas-multifuncionales\"><span class=\"ez-toc-section\" id=\"Crea_zonas_multifuncionales\"><\/span>Crea zonas multifuncionales<span class=\"ez-toc-section-end\"><\/span><\/h2>\n\n\n\n<p class=\"has-medium-font-size wp-block-paragraph\">Los dormitorios juveniles suelen ser espacios vers\u00e1tiles que sirven para una variedad de prop\u00f3sitos, desde dormir hasta estudiar y pasar tiempo con amigos. Para aprovechar al m\u00e1ximo el espacio disponible y hacer que el dormitorio sea m\u00e1s funcional, es importante crear zonas multifuncionales que se adapten a las diversas actividades de los adolescentes. Aqu\u00ed te presentamos algunas ideas para dise\u00f1ar zonas multifuncionales en un dormitorio juvenil:<\/p>\n\n\n\n<p class=\"has-medium-font-size wp-block-paragraph\"><strong>1. \u00c1rea de estudio:<\/strong> Designa un \u00e1rea espec\u00edfica del dormitorio para estudiar y hacer tareas escolares. Esto puede incluir un escritorio con una silla c\u00f3moda, estanter\u00edas para libros y material de estudio, y una buena iluminaci\u00f3n para facilitar la concentraci\u00f3n.<\/p>\n\n\n\n<p class=\"has-medium-font-size wp-block-paragraph\"><strong>2. Zona de descanso:<\/strong> La cama es el centro del dormitorio y sirve como zona de descanso principal. Aseg\u00farate de que la cama sea c\u00f3moda y est\u00e9 equipada con ropa de cama suave y acogedora para garantizar un buen descanso. Adem\u00e1s, puedes a\u00f1adir almohadas extra o cojines decorativos para crear un ambiente m\u00e1s acogedor.<\/p>\n\n\n\n<p class=\"has-medium-font-size wp-block-paragraph\"><strong>3. Espacio de almacenamiento:<\/strong> Integra soluciones de almacenamiento en todas las zonas del dormitorio para mantener el espacio ordenado y organizado. Utiliza estanter\u00edas, cajones debajo de la cama, armarios modulares y organizadores de pared para guardar ropa, libros, juguetes y otros objetos personales.<\/p>\n\n\n\n<p class=\"has-medium-font-size wp-block-paragraph\"><strong>4. \u00c1rea de ocio:<\/strong> Dedica un rinc\u00f3n del dormitorio para actividades de ocio y entretenimiento, como ver televisi\u00f3n, jugar a videojuegos o relajarse con amigos. Coloca un sof\u00e1 c\u00f3modo o cojines en el suelo, una peque\u00f1a mesa auxiliar para colocar bebidas o aperitivos, y una pantalla de televisi\u00f3n o un proyector para disfrutar de pel\u00edculas o juegos.<\/p>\n\n\n\n<p class=\"has-medium-font-size wp-block-paragraph\"><strong>5. Rinc\u00f3n creativo:<\/strong> Fomenta la creatividad del adolescente creando un espacio dedicado a actividades art\u00edsticas y creativas, como dibujar, pintar o hacer manualidades. Proporciona una mesa de trabajo con suministros art\u00edsticos, almacenamiento para materiales y una buena iluminaci\u00f3n para inspirar la creatividad.<\/p>\n\n\n\n<p class=\"has-medium-font-size wp-block-paragraph\">Al crear zonas multifuncionales en el dormitorio juvenil, se puede optimizar el espacio disponible y proporcionar un entorno vers\u00e1til que se adapte a las necesidades y actividades cambiantes de los adolescentes.<\/p>\n\n\n\n<figure class=\"wp-block-image alignfull size-full\"><img decoding=\"async\" width=\"665\" height=\"595\" src=\"https:\/\/mueblesdetena.es\/wp-content\/uploads\/2024\/02\/dormitorio-puente-juvenil.jpg\" alt=\"\" class=\"wp-image-21257\"\/><\/figure>\n\n\n\n<div style=\"height:100px\" aria-hidden=\"true\" class=\"wp-block-spacer\"><\/div>\n\n\n\n<h2 class=\"wp-block-heading\" id=\"elige-muebles-versatiles-y-funcionales\"><span class=\"ez-toc-section\" id=\"Elige_muebles_versatiles_y_funcionales\"><\/span>Elige muebles vers\u00e1tiles y funcionales<span class=\"ez-toc-section-end\"><\/span><\/h2>\n\n\n\n<p class=\"has-medium-font-size wp-block-paragraph\">La elecci\u00f3n de muebles adecuados es esencial para optimizar el espacio y garantizar su funcionalidad. Opta por muebles que sean vers\u00e1tiles y puedan adaptarse a las diferentes necesidades y actividades de los adolescentes. Aqu\u00ed tienes algunas ideas para elegir muebles vers\u00e1tiles y funcionales para un dormitorio juvenil:<\/p>\n\n\n\n<p class=\"has-medium-font-size wp-block-paragraph\"><strong>1. Cama nido:<\/strong> Una cama nido es una excelente opci\u00f3n para maximizar el espacio en un dormitorio juvenil. Este tipo de cama cuenta con una cama principal y una cama adicional que se puede sacar debajo cuando sea necesario, proporcionando espacio adicional para dormir sin ocupar espacio extra en la habitaci\u00f3n durante el d\u00eda.<\/p>\n\n\n\n<p class=\"has-medium-font-size wp-block-paragraph\"><strong>2. Escritorio extensible:<\/strong> Para crear un \u00e1rea de estudio funcional en el dormitorio, considera un escritorio extensible que se pueda ajustar seg\u00fan las necesidades del adolescente. Un escritorio extensible ofrece flexibilidad para trabajar, estudiar y realizar otras actividades, y se puede plegar cuando no se est\u00e9 utilizando para ahorrar espacio.<\/p>\n\n\n\n<p class=\"has-medium-font-size wp-block-paragraph\"><strong>3. Muebles modulares:<\/strong> Los muebles modulares son una soluci\u00f3n vers\u00e1til para el almacenamiento en un dormitorio juvenil. Estos muebles se pueden adaptar y reconfigurar seg\u00fan las necesidades del adolescente, permitiendo crear diferentes combinaciones para optimizar el espacio disponible y mantener el dormitorio ordenado y organizado.<\/p>\n\n\n\n<p class=\"has-medium-font-size wp-block-paragraph\"><strong>4. Sof\u00e1 cama:<\/strong> Un sof\u00e1 cama es una opci\u00f3n pr\u00e1ctica para crear un \u00e1rea de descanso adicional en el dormitorio que tambi\u00e9n pueda utilizarse como espacio de estar durante el d\u00eda. Cuando no se est\u00e9 utilizando como cama, el sof\u00e1 cama se puede plegar y convertir en un c\u00f3modo sof\u00e1 para sentarse y relajarse.<\/p>\n\n\n\n<p class=\"has-medium-font-size wp-block-paragraph\"><strong>5. Muebles con almacenamiento integrado:<\/strong> Busca muebles que cuenten con almacenamiento integrado, como camas con cajones, mesitas de noche con estantes o armarios con estantes ajustables. Estos muebles ofrecen espacio adicional para guardar ropa, libros, juguetes y otros objetos personales sin ocupar espacio extra en la habitaci\u00f3n.<\/p>\n\n\n\n<p class=\"has-medium-font-size wp-block-paragraph\">Al elegir muebles vers\u00e1tiles y funcionales para un dormitorio juvenil, se puede crear un espacio que se adapte a las necesidades cambiantes de los adolescentes y les brinde comodidad y funcionalidad en su vida diaria.<\/p>\n\n\n\n<figure class=\"wp-block-image alignfull size-full\"><img loading=\"lazy\" decoding=\"async\" width=\"1169\" height=\"634\" src=\"https:\/\/mueblesdetena.es\/wp-content\/uploads\/2024\/02\/dormitorio-juvenil-win-1.jpg\" alt=\"\" class=\"wp-image-21202\"\/><\/figure>\n\n\n\n<div style=\"height:100px\" aria-hidden=\"true\" class=\"wp-block-spacer\"><\/div>\n\n\n\n<h2 class=\"wp-block-heading\" id=\"composiciones-juveniles-que-te-pueden-inspirar\"><span class=\"ez-toc-section\" id=\"Composiciones_juveniles_que_te_pueden_inspirar\"><\/span>Composiciones juveniles que te pueden inspirar<span class=\"ez-toc-section-end\"><\/span><\/h2>\n\n\n\n<p class=\"has-medium-font-size wp-block-paragraph\">Algunas de nuestras composiciones favoritas son:<\/p>\n\n\n<div data-block-name=\"woocommerce\/product-category\" data-categories=\"[285]\" data-rows=\"2\" class=\"wc-block-grid wp-block-product-category wp-block-woocommerce-product-category wc-block-product-category has-3-columns has-multiple-rows\"><ul class=\"wc-block-grid__products\"><li class=\"wc-block-grid__product\">\n\t\t\t\t<a href=\"https:\/\/mueblesdetena.es\/ru_ru\/dormitorio-puente-juvenil-colors\/\" class=\"wc-block-grid__product-link\">\n\t\t\t\t\t<div class=\"wc-block-grid__product-onsale\">\n\t\t\t<span aria-hidden=\"true\">\u0420\u0430\u0441\u043f\u0440\u043e\u0434\u0430\u0436\u0430<\/span>\n\t\t\t<span class=\"screen-reader-text\">\u041f\u0440\u043e\u0434\u0430\u0432\u0430\u0435\u043c\u044b\u0439 \u0442\u043e\u0432\u0430\u0440<\/span>\n\t\t<\/div>\n\t\t\t\t\t<div class=\"wc-block-grid__product-image\"><img loading=\"lazy\" decoding=\"async\" width=\"300\" height=\"300\" src=\"https:\/\/mueblesdetena.es\/wp-content\/uploads\/2026\/08\/dormitorio-puente-juvenil-300x300.jpg\" class=\"attachment-woocommerce_thumbnail size-woocommerce_thumbnail\" alt=\"Dormitorio puente juvenil Colors\" srcset=\"https:\/\/mueblesdetena.es\/wp-content\/uploads\/2026\/08\/dormitorio-puente-juvenil-300x300.jpg 300w, https:\/\/mueblesdetena.es\/wp-content\/uploads\/2026\/08\/dormitorio-puente-juvenil-150x150.jpg 150w, https:\/\/mueblesdetena.es\/wp-content\/uploads\/2026\/08\/dormitorio-puente-juvenil-100x100.jpg 100w\" sizes=\"(max-width: 300px) 100vw, 300px\" \/><\/div>\n\t\t\t\t\t<div class=\"wc-block-grid__product-title\">Dormitorio puente juvenil Colors<\/div>\n\t\t\t\t<\/a>\n\t\t\t\t<div class=\"wc-block-grid__product-price price\"><del aria-hidden=\"true\"><span class=\"woocommerce-Price-amount amount\">1.659,00&nbsp;<span class=\"woocommerce-Price-currencySymbol\">&euro;<\/span><\/span><\/del> <span class=\"screen-reader-text\">\u041f\u0435\u0440\u0432\u043e\u043d\u0430\u0447\u0430\u043b\u044c\u043d\u0430\u044f \u0446\u0435\u043d\u0430 \u0441\u043e\u0441\u0442\u0430\u0432\u043b\u044f\u043b\u0430 1.659,00&nbsp;&euro;.<\/span><ins aria-hidden=\"true\"><span class=\"woocommerce-Price-amount amount\">1.459,00&nbsp;<span class=\"woocommerce-Price-currencySymbol\">&euro;<\/span><\/span><\/ins><span class=\"screen-reader-text\">\u0422\u0435\u043a\u0443\u0449\u0430\u044f \u0446\u0435\u043d\u0430: 1.459,00&nbsp;&euro;.<\/span><\/div>\n\t\t\t\t\n\t\t\t\t<div class=\"wp-block-button wc-block-grid__product-add-to-cart\"><a href=\"\/ru_ru\/wp-json\/wp\/v2\/posts\/29639?add-to-cart=48272\" aria-label=\"\u0414\u043e\u0431\u0430\u0432\u0438\u0442\u044c \u0432 \u043a\u043e\u0440\u0437\u0438\u043d\u0443 &laquo;Dormitorio puente juvenil Colors&raquo;\" data-quantity=\"1\" data-product_id=\"48272\" data-product_sku=\"\" data-price=\"1459\" rel=\"nofollow\" class=\"wp-block-button__link  add_to_cart_button ajax_add_to_cart\">\u0412 \u043a\u043e\u0440\u0437\u0438\u043d\u0443<\/a><\/div>\n\t\t\t<\/li><li class=\"wc-block-grid__product\">\n\t\t\t\t<a href=\"https:\/\/mueblesdetena.es\/ru_ru\/litera-juvenil-cama-matrimonio-canape-nura\/\" class=\"wc-block-grid__product-link\">\n\t\t\t\t\t<div class=\"wc-block-grid__product-onsale\">\n\t\t\t<span aria-hidden=\"true\">\u0420\u0430\u0441\u043f\u0440\u043e\u0434\u0430\u0436\u0430<\/span>\n\t\t\t<span class=\"screen-reader-text\">\u041f\u0440\u043e\u0434\u0430\u0432\u0430\u0435\u043c\u044b\u0439 \u0442\u043e\u0432\u0430\u0440<\/span>\n\t\t<\/div>\n\t\t\t\t\t<div class=\"wc-block-grid__product-image\"><img loading=\"lazy\" decoding=\"async\" width=\"300\" height=\"300\" src=\"https:\/\/mueblesdetena.es\/wp-content\/uploads\/2026\/08\/Pedro_badal_quiero_la_composicin_de_la_primera_imagen_con_los_colores_de_la_59513de2-630c-4f73-8a60-a9b24a3e53cb-300x300.png\" class=\"attachment-woocommerce_thumbnail size-woocommerce_thumbnail\" alt=\"Litera juvenil Nura amarilla con cama de matrimonio\" srcset=\"https:\/\/mueblesdetena.es\/wp-content\/uploads\/2026\/08\/Pedro_badal_quiero_la_composicin_de_la_primera_imagen_con_los_colores_de_la_59513de2-630c-4f73-8a60-a9b24a3e53cb-300x300.png 300w, https:\/\/mueblesdetena.es\/wp-content\/uploads\/2026\/08\/Pedro_badal_quiero_la_composicin_de_la_primera_imagen_con_los_colores_de_la_59513de2-630c-4f73-8a60-a9b24a3e53cb-150x150.png 150w, https:\/\/mueblesdetena.es\/wp-content\/uploads\/2026\/08\/Pedro_badal_quiero_la_composicin_de_la_primera_imagen_con_los_colores_de_la_59513de2-630c-4f73-8a60-a9b24a3e53cb-100x100.png 100w\" sizes=\"(max-width: 300px) 100vw, 300px\" \/><\/div>\n\t\t\t\t\t<div class=\"wc-block-grid__product-title\">Litera juvenil Nura con cama de matrimonio y canap\u00e9<\/div>\n\t\t\t\t<\/a>\n\t\t\t\t<div class=\"wc-block-grid__product-price price\"><del aria-hidden=\"true\"><span class=\"woocommerce-Price-amount amount\">2.369,00&nbsp;<span class=\"woocommerce-Price-currencySymbol\">&euro;<\/span><\/span><\/del> <span class=\"screen-reader-text\">\u041f\u0435\u0440\u0432\u043e\u043d\u0430\u0447\u0430\u043b\u044c\u043d\u0430\u044f \u0446\u0435\u043d\u0430 \u0441\u043e\u0441\u0442\u0430\u0432\u043b\u044f\u043b\u0430 2.369,00&nbsp;&euro;.<\/span><ins aria-hidden=\"true\"><span class=\"woocommerce-Price-amount amount\">2.169,00&nbsp;<span class=\"woocommerce-Price-currencySymbol\">&euro;<\/span><\/span><\/ins><span class=\"screen-reader-text\">\u0422\u0435\u043a\u0443\u0449\u0430\u044f \u0446\u0435\u043d\u0430: 2.169,00&nbsp;&euro;.<\/span><\/div>\n\t\t\t\t\n\t\t\t\t<div class=\"wp-block-button wc-block-grid__product-add-to-cart\"><a href=\"\/ru_ru\/wp-json\/wp\/v2\/posts\/29639?add-to-cart=48194\" aria-label=\"\u0414\u043e\u0431\u0430\u0432\u0438\u0442\u044c \u0432 \u043a\u043e\u0440\u0437\u0438\u043d\u0443 &laquo;Litera juvenil Nura con cama de matrimonio y canap\u00e9&raquo;\" data-quantity=\"1\" data-product_id=\"48194\" data-product_sku=\"\" data-price=\"2169\" rel=\"nofollow\" class=\"wp-block-button__link  add_to_cart_button ajax_add_to_cart\">\u0412 \u043a\u043e\u0440\u0437\u0438\u043d\u0443<\/a><\/div>\n\t\t\t<\/li><li class=\"wc-block-grid__product\">\n\t\t\t\t<a href=\"https:\/\/mueblesdetena.es\/ru_ru\/litera-juvenil-con-canape-matrimonio-ros\/\" class=\"wc-block-grid__product-link\">\n\t\t\t\t\t<div class=\"wc-block-grid__product-onsale\">\n\t\t\t<span aria-hidden=\"true\">\u0420\u0430\u0441\u043f\u0440\u043e\u0434\u0430\u0436\u0430<\/span>\n\t\t\t<span class=\"screen-reader-text\">\u041f\u0440\u043e\u0434\u0430\u0432\u0430\u0435\u043c\u044b\u0439 \u0442\u043e\u0432\u0430\u0440<\/span>\n\t\t<\/div>\n\t\t\t\t\t<div class=\"wc-block-grid__product-image\"><img loading=\"lazy\" decoding=\"async\" width=\"300\" height=\"300\" src=\"https:\/\/mueblesdetena.es\/wp-content\/uploads\/2026\/07\/fb-300x300.jpg\" class=\"attachment-woocommerce_thumbnail size-woocommerce_thumbnail\" alt=\"Litera juvenil con canap\u00e9 Ros en dormitorio juvenil\" srcset=\"https:\/\/mueblesdetena.es\/wp-content\/uploads\/2026\/07\/fb-300x300.jpg 300w, https:\/\/mueblesdetena.es\/wp-content\/uploads\/2026\/07\/fb-150x150.jpg 150w, https:\/\/mueblesdetena.es\/wp-content\/uploads\/2026\/07\/fb-100x100.jpg 100w\" sizes=\"(max-width: 300px) 100vw, 300px\" \/><\/div>\n\t\t\t\t\t<div class=\"wc-block-grid__product-title\">Litera juvenil con canap\u00e9 de matrimonio inferior Ros<\/div>\n\t\t\t\t<\/a>\n\t\t\t\t<div class=\"wc-block-grid__product-price price\"><del aria-hidden=\"true\"><span class=\"woocommerce-Price-amount amount\">1.759,00&nbsp;<span class=\"woocommerce-Price-currencySymbol\">&euro;<\/span><\/span><\/del> <span class=\"screen-reader-text\">\u041f\u0435\u0440\u0432\u043e\u043d\u0430\u0447\u0430\u043b\u044c\u043d\u0430\u044f \u0446\u0435\u043d\u0430 \u0441\u043e\u0441\u0442\u0430\u0432\u043b\u044f\u043b\u0430 1.759,00&nbsp;&euro;.<\/span><ins aria-hidden=\"true\"><span class=\"woocommerce-Price-amount amount\">1.359,00&nbsp;<span class=\"woocommerce-Price-currencySymbol\">&euro;<\/span><\/span><\/ins><span class=\"screen-reader-text\">\u0422\u0435\u043a\u0443\u0449\u0430\u044f \u0446\u0435\u043d\u0430: 1.359,00&nbsp;&euro;.<\/span><\/div>\n\t\t\t\t\n\t\t\t\t<div class=\"wp-block-button wc-block-grid__product-add-to-cart\"><a href=\"\/ru_ru\/wp-json\/wp\/v2\/posts\/29639?add-to-cart=48040\" aria-label=\"\u0414\u043e\u0431\u0430\u0432\u0438\u0442\u044c \u0432 \u043a\u043e\u0440\u0437\u0438\u043d\u0443 &laquo;Litera juvenil con canap\u00e9 de matrimonio inferior Ros&raquo;\" data-quantity=\"1\" data-product_id=\"48040\" data-product_sku=\"LITERA-JUVENIL-ROS-CANAPE-135\" data-price=\"1359\" rel=\"nofollow\" class=\"wp-block-button__link  add_to_cart_button ajax_add_to_cart\">\u0412 \u043a\u043e\u0440\u0437\u0438\u043d\u0443<\/a><\/div>\n\t\t\t<\/li><li class=\"wc-block-grid__product\">\n\t\t\t\t<a href=\"https:\/\/mueblesdetena.es\/ru_ru\/dormitorio-puente-juvenil-advance\/\" class=\"wc-block-grid__product-link\">\n\t\t\t\t\t<div class=\"wc-block-grid__product-onsale\">\n\t\t\t<span aria-hidden=\"true\">\u0420\u0430\u0441\u043f\u0440\u043e\u0434\u0430\u0436\u0430<\/span>\n\t\t\t<span class=\"screen-reader-text\">\u041f\u0440\u043e\u0434\u0430\u0432\u0430\u0435\u043c\u044b\u0439 \u0442\u043e\u0432\u0430\u0440<\/span>\n\t\t<\/div>\n\t\t\t\t\t<div class=\"wc-block-grid__product-image\"><img loading=\"lazy\" decoding=\"async\" width=\"300\" height=\"300\" src=\"https:\/\/mueblesdetena.es\/wp-content\/uploads\/2026\/07\/a2-300x300.jpg\" class=\"attachment-woocommerce_thumbnail size-woocommerce_thumbnail\" alt=\"Dormitorio puente juvenil Advance con altillo, cama y armario\" srcset=\"https:\/\/mueblesdetena.es\/wp-content\/uploads\/2026\/07\/a2-300x300.jpg 300w, https:\/\/mueblesdetena.es\/wp-content\/uploads\/2026\/07\/a2-150x150.jpg 150w, https:\/\/mueblesdetena.es\/wp-content\/uploads\/2026\/07\/a2-100x100.jpg 100w\" sizes=\"(max-width: 300px) 100vw, 300px\" \/><\/div>\n\t\t\t\t\t<div class=\"wc-block-grid__product-title\">Dormitorio puente juvenil Advance con cama y armarios<\/div>\n\t\t\t\t<\/a>\n\t\t\t\t<div class=\"wc-block-grid__product-price price\"><del aria-hidden=\"true\"><span class=\"woocommerce-Price-amount amount\">1.889,00&nbsp;<span class=\"woocommerce-Price-currencySymbol\">&euro;<\/span><\/span><\/del> <span class=\"screen-reader-text\">\u041f\u0435\u0440\u0432\u043e\u043d\u0430\u0447\u0430\u043b\u044c\u043d\u0430\u044f \u0446\u0435\u043d\u0430 \u0441\u043e\u0441\u0442\u0430\u0432\u043b\u044f\u043b\u0430 1.889,00&nbsp;&euro;.<\/span><ins aria-hidden=\"true\"><span class=\"woocommerce-Price-amount amount\">1.589,00&nbsp;<span class=\"woocommerce-Price-currencySymbol\">&euro;<\/span><\/span><\/ins><span class=\"screen-reader-text\">\u0422\u0435\u043a\u0443\u0449\u0430\u044f \u0446\u0435\u043d\u0430: 1.589,00&nbsp;&euro;.<\/span><\/div>\n\t\t\t\t\n\t\t\t\t<div class=\"wp-block-button wc-block-grid__product-add-to-cart\"><a href=\"\/ru_ru\/wp-json\/wp\/v2\/posts\/29639?add-to-cart=47968\" aria-label=\"\u0414\u043e\u0431\u0430\u0432\u0438\u0442\u044c \u0432 \u043a\u043e\u0440\u0437\u0438\u043d\u0443 &laquo;Dormitorio puente juvenil Advance con cama y armarios&raquo;\" data-quantity=\"1\" data-product_id=\"47968\" data-product_sku=\"\" data-price=\"1589\" rel=\"nofollow\" class=\"wp-block-button__link  add_to_cart_button ajax_add_to_cart\">\u0412 \u043a\u043e\u0440\u0437\u0438\u043d\u0443<\/a><\/div>\n\t\t\t<\/li><li class=\"wc-block-grid__product\">\n\t\t\t\t<a href=\"https:\/\/mueblesdetena.es\/ru_ru\/armario-juvenil-con-escritorio-abatible-y-4-cajones-orts\/\" class=\"wc-block-grid__product-link\">\n\t\t\t\t\t<div class=\"wc-block-grid__product-onsale\">\n\t\t\t<span aria-hidden=\"true\">\u0420\u0430\u0441\u043f\u0440\u043e\u0434\u0430\u0436\u0430<\/span>\n\t\t\t<span class=\"screen-reader-text\">\u041f\u0440\u043e\u0434\u0430\u0432\u0430\u0435\u043c\u044b\u0439 \u0442\u043e\u0432\u0430\u0440<\/span>\n\t\t<\/div>\n\t\t\t\t\t<div class=\"wc-block-grid__product-image\"><img loading=\"lazy\" decoding=\"async\" width=\"300\" height=\"300\" src=\"https:\/\/mueblesdetena.es\/wp-content\/uploads\/2026\/03\/composicion-de-mueble-juvenil-en-barcelona-300x300.jpg\" class=\"attachment-woocommerce_thumbnail size-woocommerce_thumbnail\" alt=\"Armario juvenil con escritorio abatible y 4 cajones Orts en Muebles Detena Badalona\" srcset=\"https:\/\/mueblesdetena.es\/wp-content\/uploads\/2026\/03\/composicion-de-mueble-juvenil-en-barcelona-300x300.jpg 300w, https:\/\/mueblesdetena.es\/wp-content\/uploads\/2026\/03\/composicion-de-mueble-juvenil-en-barcelona-150x150.jpg 150w, https:\/\/mueblesdetena.es\/wp-content\/uploads\/2026\/03\/composicion-de-mueble-juvenil-en-barcelona-100x100.jpg 100w\" sizes=\"(max-width: 300px) 100vw, 300px\" \/><\/div>\n\t\t\t\t\t<div class=\"wc-block-grid__product-title\">Armario juvenil con escritorio abatible y 4 cajones Orts.index<\/div>\n\t\t\t\t<\/a>\n\t\t\t\t<div class=\"wc-block-grid__product-price price\"><del aria-hidden=\"true\"><span class=\"woocommerce-Price-amount amount\">1.310,00&nbsp;<span class=\"woocommerce-Price-currencySymbol\">&euro;<\/span><\/span><\/del> <span class=\"screen-reader-text\">\u041f\u0435\u0440\u0432\u043e\u043d\u0430\u0447\u0430\u043b\u044c\u043d\u0430\u044f \u0446\u0435\u043d\u0430 \u0441\u043e\u0441\u0442\u0430\u0432\u043b\u044f\u043b\u0430 1.310,00&nbsp;&euro;.<\/span><ins aria-hidden=\"true\"><span class=\"woocommerce-Price-amount amount\">1.110,00&nbsp;<span class=\"woocommerce-Price-currencySymbol\">&euro;<\/span><\/span><\/ins><span class=\"screen-reader-text\">\u0422\u0435\u043a\u0443\u0449\u0430\u044f \u0446\u0435\u043d\u0430: 1.110,00&nbsp;&euro;.<\/span><\/div>\n\t\t\t\t\n\t\t\t\t<div class=\"wp-block-button wc-block-grid__product-add-to-cart\"><a href=\"\/ru_ru\/wp-json\/wp\/v2\/posts\/29639?add-to-cart=44519\" aria-label=\"\u0414\u043e\u0431\u0430\u0432\u0438\u0442\u044c \u0432 \u043a\u043e\u0440\u0437\u0438\u043d\u0443 &laquo;Armario juvenil con escritorio abatible y 4 cajones Orts.index&raquo;\" data-quantity=\"1\" data-product_id=\"44519\" data-product_sku=\"\" data-price=\"1110\" rel=\"nofollow\" class=\"wp-block-button__link  add_to_cart_button ajax_add_to_cart\">\u0412 \u043a\u043e\u0440\u0437\u0438\u043d\u0443<\/a><\/div>\n\t\t\t<\/li><li class=\"wc-block-grid__product\">\n\t\t\t\t<a href=\"https:\/\/mueblesdetena.es\/ru_ru\/litera-con-cama-extraible\/\" class=\"wc-block-grid__product-link\">\n\t\t\t\t\t<div class=\"wc-block-grid__product-onsale\">\n\t\t\t<span aria-hidden=\"true\">\u0420\u0430\u0441\u043f\u0440\u043e\u0434\u0430\u0436\u0430<\/span>\n\t\t\t<span class=\"screen-reader-text\">\u041f\u0440\u043e\u0434\u0430\u0432\u0430\u0435\u043c\u044b\u0439 \u0442\u043e\u0432\u0430\u0440<\/span>\n\t\t<\/div>\n\t\t\t\t\t<div class=\"wc-block-grid__product-image\"><img loading=\"lazy\" decoding=\"async\" width=\"300\" height=\"300\" src=\"https:\/\/mueblesdetena.es\/wp-content\/uploads\/2026\/02\/llitera-de-rimobel-300x300.jpg\" class=\"attachment-woocommerce_thumbnail size-woocommerce_thumbnail\" alt=\"llitera de rimobel\" srcset=\"https:\/\/mueblesdetena.es\/wp-content\/uploads\/2026\/02\/llitera-de-rimobel-300x300.jpg 300w, https:\/\/mueblesdetena.es\/wp-content\/uploads\/2026\/02\/llitera-de-rimobel-150x150.jpg 150w, https:\/\/mueblesdetena.es\/wp-content\/uploads\/2026\/02\/llitera-de-rimobel-100x100.jpg 100w\" sizes=\"(max-width: 300px) 100vw, 300px\" \/><\/div>\n\t\t\t\t\t<div class=\"wc-block-grid__product-title\">LITERA CON CAMA EXTRAIBLE.<\/div>\n\t\t\t\t<\/a>\n\t\t\t\t<div class=\"wc-block-grid__product-price price\"><del aria-hidden=\"true\"><span class=\"woocommerce-Price-amount amount\">1.209,00&nbsp;<span class=\"woocommerce-Price-currencySymbol\">&euro;<\/span><\/span><\/del> <span class=\"screen-reader-text\">\u041f\u0435\u0440\u0432\u043e\u043d\u0430\u0447\u0430\u043b\u044c\u043d\u0430\u044f \u0446\u0435\u043d\u0430 \u0441\u043e\u0441\u0442\u0430\u0432\u043b\u044f\u043b\u0430 1.209,00&nbsp;&euro;.<\/span><ins aria-hidden=\"true\"><span class=\"woocommerce-Price-amount amount\">949,00&nbsp;<span class=\"woocommerce-Price-currencySymbol\">&euro;<\/span><\/span><\/ins><span class=\"screen-reader-text\">\u0422\u0435\u043a\u0443\u0449\u0430\u044f \u0446\u0435\u043d\u0430: 949,00&nbsp;&euro;.<\/span><\/div>\n\t\t\t\t\n\t\t\t\t<div class=\"wp-block-button wc-block-grid__product-add-to-cart\"><a href=\"\/ru_ru\/wp-json\/wp\/v2\/posts\/29639?add-to-cart=44021\" aria-label=\"\u0414\u043e\u0431\u0430\u0432\u0438\u0442\u044c \u0432 \u043a\u043e\u0440\u0437\u0438\u043d\u0443 &laquo;LITERA CON CAMA EXTRAIBLE.&raquo;\" data-quantity=\"1\" data-product_id=\"44021\" data-product_sku=\"\" data-price=\"949\" rel=\"nofollow\" class=\"wp-block-button__link  add_to_cart_button ajax_add_to_cart\">\u0412 \u043a\u043e\u0440\u0437\u0438\u043d\u0443<\/a><\/div>\n\t\t\t<\/li><\/ul><\/div>\n\n\n<div class=\"wp-block-buttons is-content-justification-center is-layout-flex wp-container-core-buttons-is-layout-3e41869c wp-block-buttons-is-layout-flex\">\n<div class=\"wp-block-button\"><a class=\"wp-block-button__link wp-element-button\" href=\"https:\/\/mueblesdetena.es\/composiciones-juveniles\/\">VER TODO<\/a><\/div>\n<\/div>\n\n\n\n<div style=\"height:100px\" aria-hidden=\"true\" class=\"wp-block-spacer\"><\/div>\n\n\n\n<h2 class=\"wp-block-heading\" id=\"fomenta-la-creatividad-y-la-expresion-personal\"><span class=\"ez-toc-section\" id=\"Fomenta_la_creatividad_y_la_expresion_personal\"><\/span>Fomenta la creatividad y la expresi\u00f3n personal<span class=\"ez-toc-section-end\"><\/span><\/h2>\n\n\n\n<p class=\"has-medium-font-size wp-block-paragraph\">El dormitorio juvenil es m\u00e1s que solo un lugar para dormir; es un espacio donde los adolescentes pueden expresar su creatividad y personalidad \u00fanica. Fomentar la creatividad y la expresi\u00f3n personal en el dise\u00f1o y la decoraci\u00f3n del dormitorio es esencial para crear un ambiente que refleje los intereses y pasiones del adolescente. Aqu\u00ed hay algunas formas de inspirar la creatividad y la expresi\u00f3n personal en un dormitorio juvenil:<\/p>\n\n\n\n<p class=\"has-medium-font-size wp-block-paragraph\"><strong>1. Permitir la personalizaci\u00f3n:<\/strong> Anime al adolescente a personalizar su dormitorio con elementos decorativos que reflejen su estilo y personalidad. Esto puede incluir p\u00f3sters de sus bandas favoritas, fotograf\u00edas de amigos y familiares, obras de arte que hayan creado ellos mismos o art\u00edculos de colecci\u00f3n que les apasionen.<\/p>\n\n\n\n<p class=\"has-medium-font-size wp-block-paragraph\"><strong>2. Espacio para la creatividad:<\/strong> Dedica un \u00e1rea del dormitorio a actividades creativas, como dibujo, pintura, manualidades o escritura. Proporciona materiales art\u00edsticos, como papel, l\u00e1pices de colores, pinturas y pinceles, y crea un espacio inspirador donde el adolescente pueda explorar y desarrollar su creatividad.<\/p>\n\n\n\n<p class=\"has-medium-font-size wp-block-paragraph\"><strong>3. Paredes como lienzo:<\/strong> Utiliza las paredes del dormitorio como un lienzo en blanco para exhibir la creatividad del adolescente. Instala paneles de corcho o pizarras en las paredes donde puedan mostrar sus dibujos, mensajes inspiradores o ideas creativas. Esto les permite expresarse libremente y cambiar la decoraci\u00f3n seg\u00fan sus preferencias.<\/p>\n\n\n\n<p class=\"has-medium-font-size wp-block-paragraph\"><strong>4. Inspiraci\u00f3n en la naturaleza:<\/strong> Incorpora elementos naturales en la decoraci\u00f3n del dormitorio para inspirar la creatividad y fomentar un sentido de conexi\u00f3n con la naturaleza. Esto puede incluir plantas de interior, paisajes naturales en obras de arte o textiles con estampados inspirados en la naturaleza.<\/p>\n\n\n\n<p class=\"has-medium-font-size wp-block-paragraph\"><strong>5. Espacio para la m\u00fasica:<\/strong> Si el adolescente es un amante de la m\u00fasica, crea un espacio dedicado para escuchar m\u00fasica, tocar un instrumento o practicar sus habilidades musicales. Instala un sistema de sonido de calidad, coloca instrumentos musicales en exhibici\u00f3n y proporciona un lugar c\u00f3modo para sentarse y disfrutar de la m\u00fasica.<\/p>\n\n\n\n<p class=\"has-medium-font-size wp-block-paragraph\">Fomentar la creatividad y la expresi\u00f3n personal en el dormitorio juvenil es fundamental para crear un espacio que sea verdaderamente \u00fanico y refleje la personalidad del adolescente.<\/p>\n\n\n\n<figure class=\"wp-block-image alignfull size-full\"><img loading=\"lazy\" decoding=\"async\" width=\"823\" height=\"551\" src=\"https:\/\/mueblesdetena.es\/wp-content\/uploads\/2024\/02\/dormitorio-puente-juvenil-explora32-1.jpg\" alt=\"\" class=\"wp-image-21267\"\/><\/figure>\n\n\n\n<div style=\"height:100px\" aria-hidden=\"true\" class=\"wp-block-spacer\"><\/div>\n\n\n\n<h2 class=\"wp-block-heading\" id=\"prioriza-la-iluminacion-adecuada\"><span class=\"ez-toc-section\" id=\"Prioriza_la_iluminacion_adecuada\"><\/span>Prioriza la iluminaci\u00f3n adecuada<span class=\"ez-toc-section-end\"><\/span><\/h2>\n\n\n\n<p class=\"has-medium-font-size wp-block-paragraph\">La iluminaci\u00f3n juega un papel crucial en la creaci\u00f3n de un ambiente acogedor y funcional en el dormitorio juvenil. Es importante priorizar la iluminaci\u00f3n adecuada para garantizar que el espacio sea c\u00f3modo y propicio para una variedad de actividades, desde estudiar hasta relajarse. Aqu\u00ed tienes algunas sugerencias para priorizar la iluminaci\u00f3n en el dormitorio juvenil:<\/p>\n\n\n\n<p class=\"has-medium-font-size wp-block-paragraph\"><strong>1. Luz natural:<\/strong> Aprovecha al m\u00e1ximo la luz natural siempre que sea posible. Coloca las \u00e1reas de estudio y trabajo cerca de ventanas para aprovechar la luz del d\u00eda y proporcionar un ambiente luminoso y estimulante durante el estudio.<\/p>\n\n\n\n<p class=\"has-medium-font-size wp-block-paragraph\"><strong>2. Iluminaci\u00f3n ambiental:<\/strong> Instala una iluminaci\u00f3n ambiental suave y difusa en el dormitorio para crear un ambiente acogedor y relajante. Las l\u00e1mparas de techo con regulador de intensidad o las luces empotradas con diferentes opciones de iluminaci\u00f3n pueden ayudar a ajustar la atm\u00f3sfera seg\u00fan las preferencias del adolescente.<\/p>\n\n\n\n<p class=\"has-medium-font-size wp-block-paragraph\"><strong>3. Luz de tarea:<\/strong> Aseg\u00farate de contar con una iluminaci\u00f3n adecuada para las actividades espec\u00edficas que se realizan en el dormitorio, como estudiar, leer o trabajar en proyectos creativos. Coloca l\u00e1mparas de escritorio o luces de lectura junto a las \u00e1reas de estudio para proporcionar una iluminaci\u00f3n focalizada y sin sombras.<\/p>\n\n\n\n<p class=\"has-medium-font-size wp-block-paragraph\"><strong>4. Iluminaci\u00f3n decorativa:<\/strong> Utiliza la iluminaci\u00f3n decorativa para agregar un toque de estilo y personalidad al dormitorio juvenil. Esto puede incluir luces LED de colores, guirnaldas luminosas, l\u00e1mparas de pie decorativas o luces de pared con dise\u00f1os interesantes que complementen la decoraci\u00f3n del espacio.<\/p>\n\n\n\n<p class=\"has-medium-font-size wp-block-paragraph\"><strong>5. Luz de noche:<\/strong> Proporciona una fuente de luz suave y tenue para usar durante la noche, especialmente para los adolescentes que pueden sentirse inc\u00f3modos con la oscuridad total. Una l\u00e1mpara de noche con luz c\u00e1lida o una luz nocturna discreta pueden ayudar a crear un ambiente tranquilo y reconfortante para dormir.<\/p>\n\n\n\n<p class=\"has-medium-font-size wp-block-paragraph\">Al priorizar la iluminaci\u00f3n adecuada en el dormitorio juvenil, se puede crear un espacio que sea funcional, acogedor y est\u00e9ticamente agradable para el adolescente.<\/p>\n\n\n\n<figure class=\"wp-block-image alignfull size-full\"><img loading=\"lazy\" decoding=\"async\" width=\"982\" height=\"617\" src=\"https:\/\/mueblesdetena.es\/wp-content\/uploads\/2024\/02\/COMPOSICION-LIDER-JUVENIL-206.jpg\" alt=\"\" class=\"wp-image-21278\"\/><\/figure>\n\n\n\n<div style=\"height:100px\" aria-hidden=\"true\" class=\"wp-block-spacer\"><\/div>\n\n\n\n<h2 class=\"wp-block-heading\" id=\"espacio-adecuado-para-mantener-el-orden\"><span class=\"ez-toc-section\" id=\"Espacio_adecuado_para_mantener_el_orden\"><\/span>Espacio adecuado para mantener el orden<span class=\"ez-toc-section-end\"><\/span><\/h2>\n\n\n\n<p class=\"has-medium-font-size wp-block-paragraph\">Mantener el orden en el dormitorio juvenil es fundamental para crear un ambiente acogedor y funcional. Proporcionar un espacio adecuado para organizar y almacenar objetos personales ayudar\u00e1 al adolescente a mantener su habitaci\u00f3n ordenada y libre de desorden. Aqu\u00ed hay algunas sugerencias para crear un espacio que fomente el orden en el dormitorio juvenil:<\/p>\n\n\n\n<p class=\"has-medium-font-size wp-block-paragraph\"><strong>1. Soluciones de almacenamiento accesibles:<\/strong> Utiliza soluciones de almacenamiento accesibles y f\u00e1ciles de usar, como estanter\u00edas abiertas, cajas de almacenamiento transparentes y organizadores de cajones, para mantener los objetos personales ordenados y al alcance.<\/p>\n\n\n\n<p class=\"has-medium-font-size wp-block-paragraph\"><strong>2. Zonas designadas:<\/strong> Designa zonas espec\u00edficas del dormitorio para diferentes categor\u00edas de objetos, como ropa, libros, material escolar y accesorios. Esto ayudar\u00e1 al adolescente a saber d\u00f3nde guardar cada cosa y facilitar\u00e1 mantener el orden en el espacio.<\/p>\n\n\n\n<p class=\"has-medium-font-size wp-block-paragraph\"><strong>3. Eliminaci\u00f3n regular:<\/strong> Promueve la eliminaci\u00f3n regular de objetos innecesarios y el desorden acumulado. Ayuda al adolescente a revisar peri\u00f3dicamente sus pertenencias y a deshacerse de lo que ya no necesite o utilice, liberando espacio para nuevas cosas y manteniendo el dormitorio ordenado.<\/p>\n\n\n\n<p class=\"has-medium-font-size wp-block-paragraph\"><strong>4. Almacenamiento vertical:<\/strong> Utiliza el espacio vertical en el dormitorio para maximizar el almacenamiento. Instala estanter\u00edas flotantes en las paredes, coloca organizadores de pared o utiliza armarios altos para aprovechar al m\u00e1ximo el espacio disponible en la habitaci\u00f3n.<\/p>\n\n\n\n<p class=\"has-medium-font-size wp-block-paragraph\"><strong>5. Mant\u00e9n superficies libres:<\/strong> Fomenta el h\u00e1bito de mantener las superficies de trabajo, escritorios y mesitas de noche libres de desorden y objetos innecesarios. Esto ayudar\u00e1 a crear un ambiente ordenado y propicio para realizar actividades como estudiar, trabajar y relajarse.<\/p>\n\n\n\n<p class=\"has-medium-font-size wp-block-paragraph\">Proporcionar un espacio adecuado para mantener el orden en el dormitorio juvenil es esencial para ayudar al adolescente a desarrollar h\u00e1bitos de organizaci\u00f3n y mantener su habitaci\u00f3n limpia y ordenada.<\/p>\n\n\n\n<figure class=\"wp-block-image alignfull size-full\"><img loading=\"lazy\" decoding=\"async\" width=\"697\" height=\"554\" src=\"https:\/\/mueblesdetena.es\/wp-content\/uploads\/2024\/02\/dormitorio-juvenil-2-1.jpg\" alt=\"\" class=\"wp-image-21120\"\/><\/figure>\n\n\n\n<div style=\"height:100px\" aria-hidden=\"true\" class=\"wp-block-spacer\"><\/div>\n\n\n\n<p class=\"has-medium-font-size wp-block-paragraph\">Al decorar un dormitorio juvenil debemos tener en cuenta que es un espacio que va m\u00e1s all\u00e1 de ser solo un lugar para dormir; es un refugio personal donde los adolescentes pueden expresar su individualidad, relajarse y desarrollarse. Organizar y decorar este espacio de manera efectiva es esencial para crear un ambiente acogedor y funcional que refleje la personalidad \u00fanica del adolescente y satisfaga sus necesidades en constante cambio.<\/p>\n\n\n\n<p class=\"has-medium-font-size wp-block-paragraph\">Al seguir los consejos proporcionados en este post, desde conocer los gustos y necesidades del adolescente hasta priorizar la iluminaci\u00f3n adecuada y crear zonas multifuncionales, se puede dise\u00f1ar un dormitorio juvenil que sea tanto pr\u00e1ctico como est\u00e9ticamente atractivo. Maximizar el espacio de almacenamiento, fomentar la creatividad y mantener el orden son aspectos clave para garantizar un ambiente c\u00f3modo y funcional en el dormitorio juvenil.<\/p>\n\n\n\n<p class=\"has-medium-font-size wp-block-paragraph\">En \u00faltima instancia, el objetivo es crear un espacio que no solo satisfaga las necesidades pr\u00e1cticas del adolescente, como estudiar y dormir, sino que tambi\u00e9n sea un reflejo aut\u00e9ntico de su personalidad, intereses y pasiones. Con un enfoque cuidadoso en el dise\u00f1o y la decoraci\u00f3n, el dormitorio juvenil puede convertirse en un lugar donde el adolescente se sienta inspirado, c\u00f3modo y feliz, un refugio personal donde puedan crecer, aprender y so\u00f1ar.<\/p>\n","protected":false},"excerpt":{"rendered":"<p>El dormitorio juvenil es m\u00e1s que solo un lugar para dormir; es un espacio personal donde los adolescentes pueden expresar su individualidad, relajarse, estudiar y socializar. Organizar y decorar este ambiente de manera efectiva es clave para crear un entorno acogedor y funcional que refleje la personalidad \u00fanica del adolescente. Desde maximizar el espacio de [&hellip;]<\/p>\n","protected":false},"author":267,"featured_media":20554,"comment_status":"open","ping_status":"open","sticky":false,"template":"","format":"standard","meta":{"site-sidebar-layout":"default","site-content-layout":"","ast-site-content-layout":"default","site-content-style":"default","site-sidebar-style":"default","ast-global-header-display":"","ast-banner-title-visibility":"","ast-main-header-display":"","ast-hfb-above-header-display":"","ast-hfb-below-header-display":"","ast-hfb-mobile-header-display":"","site-post-title":"","ast-breadcrumbs-content":"","ast-featured-img":"","footer-sml-layout":"","ast-disable-related-posts":"","theme-transparent-header-meta":"","adv-header-id-meta":"","stick-header-meta":"","header-above-stick-meta":"","header-main-stick-meta":"","header-below-stick-meta":"","astra-migrate-meta-layouts":"set","ast-page-background-enabled":"default","ast-page-background-meta":{"desktop":{"background-color":"var(--ast-global-color-4)","background-image":"","background-repeat":"repeat","background-position":"center center","background-size":"auto","background-attachment":"scroll","background-type":"","background-media":"","overlay-type":"","overlay-color":"","overlay-opacity":"","overlay-gradient":""},"tablet":{"background-color":"","background-image":"","background-repeat":"repeat","background-position":"center center","background-size":"auto","background-attachment":"scroll","background-type":"","background-media":"","overlay-type":"","overlay-color":"","overlay-opacity":"","overlay-gradient":""},"mobile":{"background-color":"","background-image":"","background-repeat":"repeat","background-position":"center center","background-size":"auto","background-attachment":"scroll","background-type":"","background-media":"","overlay-type":"","overlay-color":"","overlay-opacity":"","overlay-gradient":""}},"ast-content-background-meta":{"desktop":{"background-color":"var(--ast-global-color-5)","background-image":"","background-repeat":"repeat","background-position":"center center","background-size":"auto","background-attachment":"scroll","background-type":"","background-media":"","overlay-type":"","overlay-color":"","overlay-opacity":"","overlay-gradient":""},"tablet":{"background-color":"var(--ast-global-color-5)","background-image":"","background-repeat":"repeat","background-position":"center center","background-size":"auto","background-attachment":"scroll","background-type":"","background-media":"","overlay-type":"","overlay-color":"","overlay-opacity":"","overlay-gradient":""},"mobile":{"background-color":"var(--ast-global-color-5)","background-image":"","background-repeat":"repeat","background-position":"center center","background-size":"auto","background-attachment":"scroll","background-type":"","background-media":"","overlay-type":"","overlay-color":"","overlay-opacity":"","overlay-gradient":""}},"_joinchat":[],"footnotes":""},"categories":[1],"tags":[],"class_list":["post-29639","post","type-post","status-publish","format-standard","has-post-thumbnail","hentry","category-sin-categoria"],"_links":{"self":[{"href":"https:\/\/mueblesdetena.es\/ru_ru\/wp-json\/wp\/v2\/posts\/29639","targetHints":{"allow":["GET"]}}],"collection":[{"href":"https:\/\/mueblesdetena.es\/ru_ru\/wp-json\/wp\/v2\/posts"}],"about":[{"href":"https:\/\/mueblesdetena.es\/ru_ru\/wp-json\/wp\/v2\/types\/post"}],"author":[{"embeddable":true,"href":"https:\/\/mueblesdetena.es\/ru_ru\/wp-json\/wp\/v2\/users\/267"}],"replies":[{"embeddable":true,"href":"https:\/\/mueblesdetena.es\/ru_ru\/wp-json\/wp\/v2\/comments?post=29639"}],"version-history":[{"count":5,"href":"https:\/\/mueblesdetena.es\/ru_ru\/wp-json\/wp\/v2\/posts\/29639\/revisions"}],"predecessor-version":[{"id":29809,"href":"https:\/\/mueblesdetena.es\/ru_ru\/wp-json\/wp\/v2\/posts\/29639\/revisions\/29809"}],"wp:featuredmedia":[{"embeddable":true,"href":"https:\/\/mueblesdetena.es\/ru_ru\/wp-json\/wp\/v2\/media\/20554"}],"wp:attachment":[{"href":"https:\/\/mueblesdetena.es\/ru_ru\/wp-json\/wp\/v2\/media?parent=29639"}],"wp:term":[{"taxonomy":"category","embeddable":true,"href":"https:\/\/mueblesdetena.es\/ru_ru\/wp-json\/wp\/v2\/categories?post=29639"},{"taxonomy":"post_tag","embeddable":true,"href":"https:\/\/mueblesdetena.es\/ru_ru\/wp-json\/wp\/v2\/tags?post=29639"}],"curies":[{"name":"wp","href":"https:\/\/api.w.org\/{rel}","templated":true}]}}