{"id":29988,"date":"2024-04-23T11:16:09","date_gmt":"2024-04-23T09:16:09","guid":{"rendered":"https:\/\/mueblesdetena.es\/?p=29988"},"modified":"2024-04-23T11:16:11","modified_gmt":"2024-04-23T09:16:11","slug":"comprar-camsa-compactas","status":"publish","type":"post","link":"https:\/\/mueblesdetena.es\/ru_ru\/comprar-camsa-compactas\/","title":{"rendered":"Maximizando espacio: Gu\u00eda esencial para comprar camas compactas sin equivocarse"},"content":{"rendered":"\n<p class=\"has-medium-font-size wp-block-paragraph\">En la b\u00fasqueda de mobiliario que prometa funcionalidad sin comprometer el estilo, las camas compactas se presentan como la soluci\u00f3n inteligente para quienes desean hacer m\u00e1s con menos. A la hora de comprar camas compactas, la selecci\u00f3n es tan diversa como las necesidades de cada persona, desde familias que buscan maximizar el dormitorio de los ni\u00f1os hasta profesionales que necesitan rentabilizar el espacio en apartamentos urbanos.<\/p>\n\n\n\n<p class=\"has-medium-font-size wp-block-paragraph\">Esta gu\u00eda esencial est\u00e1 dise\u00f1ada para acompa\u00f1arte en el proceso de comprar camas compactas, asegur\u00e1ndote de tomar una decisi\u00f3n acertada que equilibre calidad, est\u00e9tica y practicidad. Descubre c\u00f3mo elegir la cama compacta ideal, ya sea una con cajones para almacenamiento extra, con un escritorio incorporado para estudiar, o una cama nido que se transforma m\u00e1gicamente para recibir invitados.<\/p>\n\n\n\n<p class=\"has-medium-font-size wp-block-paragraph\">Con el enfoque adecuado, comprar una cama compacta puede ser una decisi\u00f3n de la que no te arrepentir\u00e1s. Te invitamos a seguir leyendo para conocer los consejos expertos y asegurarte de que cada cent\u00edmetro de tu habitaci\u00f3n se utilice de la mejor manera posible.<\/p>\n\n\n\n<div id=\"ez-toc-container\" class=\"ez-toc-v2_0_85 counter-hierarchy ez-toc-counter ez-toc-grey ez-toc-container-direction\">\n<div class=\"ez-toc-title-container\">\n<p class=\"ez-toc-title\" style=\"cursor:inherit\">Table of Contents<\/p>\n<span class=\"ez-toc-title-toggle\"><a href=\"#\" class=\"ez-toc-pull-right ez-toc-btn ez-toc-btn-xs ez-toc-btn-default ez-toc-toggle\" aria-label=\"Toggle Table of Content\"><span class=\"ez-toc-js-icon-con\"><span class=\"\"><span class=\"eztoc-hide\" style=\"display:none;\">Toggle<\/span><span class=\"ez-toc-icon-toggle-span\"><svg style=\"fill: #999;color:#999\" xmlns=\"http:\/\/www.w3.org\/2000\/svg\" class=\"list-377408\" width=\"20px\" height=\"20px\" viewBox=\"0 0 24 24\" fill=\"none\"><path d=\"M6 6H4v2h2V6zm14 0H8v2h12V6zM4 11h2v2H4v-2zm16 0H8v2h12v-2zM4 16h2v2H4v-2zm16 0H8v2h12v-2z\" fill=\"currentColor\"><\/path><\/svg><svg style=\"fill: #999;color:#999\" class=\"arrow-unsorted-368013\" xmlns=\"http:\/\/www.w3.org\/2000\/svg\" width=\"10px\" height=\"10px\" viewBox=\"0 0 24 24\" version=\"1.2\" baseProfile=\"tiny\"><path d=\"M18.2 9.3l-6.2-6.3-6.2 6.3c-.2.2-.3.4-.3.7s.1.5.3.7c.2.2.4.3.7.3h11c.3 0 .5-.1.7-.3.2-.2.3-.5.3-.7s-.1-.5-.3-.7zM5.8 14.7l6.2 6.3 6.2-6.3c.2-.2.3-.5.3-.7s-.1-.5-.3-.7c-.2-.2-.4-.3-.7-.3h-11c-.3 0-.5.1-.7.3-.2.2-.3.5-.3.7s.1.5.3.7z\"\/><\/svg><\/span><\/span><\/span><\/a><\/span><\/div>\n<nav><ul class='ez-toc-list ez-toc-list-level-1 ' ><li class='ez-toc-page-1 ez-toc-heading-level-2'><a class=\"ez-toc-link ez-toc-heading-1\" href=\"https:\/\/mueblesdetena.es\/ru_ru\/comprar-camsa-compactas\/#%C2%BFQue_es_una_cama_compacta\" >\u00bfQu\u00e9 es una cama compacta?<\/a><\/li><li class='ez-toc-page-1 ez-toc-heading-level-2'><a class=\"ez-toc-link ez-toc-heading-2\" href=\"https:\/\/mueblesdetena.es\/ru_ru\/comprar-camsa-compactas\/#Ventajas_de_comprar_camas_compactas\" >Ventajas de comprar camas compactas<\/a><\/li><li class='ez-toc-page-1 ez-toc-heading-level-2'><a class=\"ez-toc-link ez-toc-heading-3\" href=\"https:\/\/mueblesdetena.es\/ru_ru\/comprar-camsa-compactas\/#Como_elegir_la_cama_compacta_adecuada\" >C\u00f3mo elegir la cama compacta adecuada<\/a><\/li><li class='ez-toc-page-1 ez-toc-heading-level-2'><a class=\"ez-toc-link ez-toc-heading-4\" href=\"https:\/\/mueblesdetena.es\/ru_ru\/comprar-camsa-compactas\/#Lo_mas_vendido\" >Lo m\u00e1s vendido<\/a><\/li><li class='ez-toc-page-1 ez-toc-heading-level-2'><a class=\"ez-toc-link ez-toc-heading-5\" href=\"https:\/\/mueblesdetena.es\/ru_ru\/comprar-camsa-compactas\/#Ideas_creativas_para_decorar_con_camas_compactas\" >Ideas creativas para decorar con camas compactas<\/a><\/li><li class='ez-toc-page-1 ez-toc-heading-level-2'><a class=\"ez-toc-link ez-toc-heading-6\" href=\"https:\/\/mueblesdetena.es\/ru_ru\/comprar-camsa-compactas\/#Cuidado_y_mantenimiento_de_las_camas_compactas\" >Cuidado y mantenimiento de las camas compactas<\/a><\/li><li class='ez-toc-page-1 ez-toc-heading-level-2'><a class=\"ez-toc-link ez-toc-heading-7\" href=\"https:\/\/mueblesdetena.es\/ru_ru\/comprar-camsa-compactas\/#FAQs\" >FAQs<\/a><ul class='ez-toc-list-level-3' ><li class='ez-toc-heading-level-3'><a class=\"ez-toc-link ez-toc-heading-8\" href=\"https:\/\/mueblesdetena.es\/ru_ru\/comprar-camsa-compactas\/#%C2%BFLas_camas_compactas_son_adecuadas_solo_para_ninos\" >\u00bfLas camas compactas son adecuadas solo para ni\u00f1os?<\/a><\/li><li class='ez-toc-page-1 ez-toc-heading-level-3'><a class=\"ez-toc-link ez-toc-heading-9\" href=\"https:\/\/mueblesdetena.es\/ru_ru\/comprar-camsa-compactas\/#%C2%BFComo_puedo_asegurarme_de_que_la_cama_compacta_encaje_en_mi_espacio\" >\u00bfC\u00f3mo puedo asegurarme de que la cama compacta encaje en mi espacio?<\/a><\/li><li class='ez-toc-page-1 ez-toc-heading-level-3'><a class=\"ez-toc-link ez-toc-heading-10\" href=\"https:\/\/mueblesdetena.es\/ru_ru\/comprar-camsa-compactas\/#%C2%BFQue_tipo_de_colchon_necesito_para_una_cama_compacta\" >\u00bfQu\u00e9 tipo de colch\u00f3n necesito para una cama compacta?<\/a><\/li><li class='ez-toc-page-1 ez-toc-heading-level-3'><a class=\"ez-toc-link ez-toc-heading-11\" href=\"https:\/\/mueblesdetena.es\/ru_ru\/comprar-camsa-compactas\/#%C2%BFSe_pueden_personalizar_las_camas_compactas\" >\u00bfSe pueden personalizar las camas compactas?<\/a><\/li><li class='ez-toc-page-1 ez-toc-heading-level-3'><a class=\"ez-toc-link ez-toc-heading-12\" href=\"https:\/\/mueblesdetena.es\/ru_ru\/comprar-camsa-compactas\/#%C2%BFLas_camas_compactas_requieren_montaje\" >\u00bfLas camas compactas requieren montaje?<\/a><\/li><li class='ez-toc-page-1 ez-toc-heading-level-3'><a class=\"ez-toc-link ez-toc-heading-13\" href=\"https:\/\/mueblesdetena.es\/ru_ru\/comprar-camsa-compactas\/#%C2%BFComo_maximizo_la_durabilidad_de_mi_cama_compacta\" >\u00bfC\u00f3mo maximizo la durabilidad de mi cama compacta?<\/a><\/li><li class='ez-toc-page-1 ez-toc-heading-level-3'><a class=\"ez-toc-link ez-toc-heading-14\" href=\"https:\/\/mueblesdetena.es\/ru_ru\/comprar-camsa-compactas\/#%C2%BFSon_seguras_las_camas_compactas\" >\u00bfSon seguras las camas compactas?<\/a><\/li><\/ul><\/li><\/ul><\/nav><\/div>\n<h2 class=\"wp-block-heading\"><span class=\"ez-toc-section\" id=\"%C2%BFQue_es_una_cama_compacta\"><\/span>\u00bfQu\u00e9 es una cama compacta?<span class=\"ez-toc-section-end\"><\/span><\/h2>\n\n\n\n<p class=\"has-medium-font-size wp-block-paragraph\">Una cama compacta es mucho m\u00e1s que un simple mueble para descansar; es una pieza ingeniosa dise\u00f1ada para espacios donde cada cent\u00edmetro es precioso. Estas camas se caracterizan por su multifuncionalidad, ofreciendo no solo un lugar para dormir sino tambi\u00e9n soluciones integradas de almacenamiento y, a menudo, camas adicionales. Al comprar camas compactas, te encontrar\u00e1s con una variedad de dise\u00f1os inteligentes que pueden incluir cajones espaciosos, estantes ocultos y, en algunos casos, una cama nido o un escritorio retr\u00e1ctil.<\/p>\n\n\n\n<p class=\"has-medium-font-size wp-block-paragraph\">La popularidad de las camas compactas reside en su habilidad para transformar un espacio. Son ideales para dormitorios juveniles, donde el juego, el estudio y el descanso deben coexistir armoniosamente. Tambi\u00e9n son una opci\u00f3n excelente para cuartos de hu\u00e9spedes o estudios, donde se requiere flexibilidad y adaptabilidad. Algunos modelos van a\u00fan m\u00e1s all\u00e1, como las camas compactas con escritorio incorporado, que permiten pasar de una sesi\u00f3n de estudio a una de descanso con un simple gesto.<\/p>\n\n\n\n<p class=\"has-medium-font-size wp-block-paragraph\">Las caracter\u00edsticas de una cama compacta var\u00edan seg\u00fan el modelo y el fabricante. Por ejemplo, una cama compacta de IKEA puede ofrecer un dise\u00f1o minimalista y moderno, mientras que una cama compacta con cajones de madera maciza puede ser m\u00e1s tradicional y robusta. Las opciones de color tambi\u00e9n son variadas; una cama compacta blanca puede aportar luminosidad y sensaci\u00f3n de amplitud, mientras que los tonos de madera natural o colores m\u00e1s oscuros pueden a\u00f1adir calidez y sofisticaci\u00f3n.<\/p>\n\n\n\n<p class=\"has-medium-font-size wp-block-paragraph\">En esencia, comprar una cama compacta es decidirse por una soluci\u00f3n de mobiliario que ahorra espacio sin sacrificar la funcionalidad o el estilo. Sea cual sea tu elecci\u00f3n, estas camas son una inversi\u00f3n inteligente que aprovecha al m\u00e1ximo las \u00e1reas de descanso y aporta un valor a\u00f1adido significativo a cualquier habitaci\u00f3n.<\/p>\n\n\n\n<figure class=\"wp-block-image alignfull size-large\"><img fetchpriority=\"high\" decoding=\"async\" width=\"1024\" height=\"586\" src=\"https:\/\/mueblesdetena.es\/wp-content\/uploads\/2024\/04\/cama-compacta-1024x586.jpg\" alt=\"\" class=\"wp-image-29885\" srcset=\"https:\/\/mueblesdetena.es\/wp-content\/uploads\/2024\/04\/cama-compacta-1024x586.jpg 1024w, https:\/\/mueblesdetena.es\/wp-content\/uploads\/2024\/04\/cama-compacta-300x172.jpg 300w, https:\/\/mueblesdetena.es\/wp-content\/uploads\/2024\/04\/cama-compacta-768x440.jpg 768w, https:\/\/mueblesdetena.es\/wp-content\/uploads\/2024\/04\/cama-compacta-600x343.jpg 600w, https:\/\/mueblesdetena.es\/wp-content\/uploads\/2024\/04\/cama-compacta.jpg 1111w\" sizes=\"(max-width: 1024px) 100vw, 1024px\" \/><\/figure>\n\n\n\n<div style=\"height:100px\" aria-hidden=\"true\" class=\"wp-block-spacer\"><\/div>\n\n\n\n<h2 class=\"wp-block-heading\"><span class=\"ez-toc-section\" id=\"Ventajas_de_comprar_camas_compactas\"><\/span>Ventajas de comprar camas compactas<span class=\"ez-toc-section-end\"><\/span><\/h2>\n\n\n\n<p class=\"has-medium-font-size wp-block-paragraph\">Las camas compactas son una elecci\u00f3n inteligente por muchas razones, m\u00e1s all\u00e1 de su capacidad para ahorrar espacio. Estas son algunas de las ventajas clave que ofrecen, haci\u00e9ndolas una opci\u00f3n popular para quienes buscan comprar camas compactas:<\/p>\n\n\n\n<ol class=\"wp-block-list\">\n<li class=\"has-medium-font-size\"><strong>Optimizaci\u00f3n del espacio<\/strong>: El dise\u00f1o inteligente de las camas compactas permite un uso m\u00e1s eficiente del espacio, especialmente en habitaciones peque\u00f1as o compartidas. Con almacenamiento integrado, eliminan la necesidad de otros muebles que ocupar\u00edan valioso espacio.<\/li>\n\n\n\n<li class=\"has-medium-font-size\"><strong>Versatilidad<\/strong>: Las camas compactas son vers\u00e1tiles y suelen ser modulares, lo que significa que pueden adaptarse a diversas edades y necesidades. Con componentes como cajones, escritorios y camas nido, se ajustan f\u00e1cilmente a diferentes etapas de la vida y usos del dormitorio.<\/li>\n\n\n\n<li class=\"has-medium-font-size\"><strong>Orden y organizaci\u00f3n<\/strong>: Con m\u00faltiples compartimentos de almacenamiento, las camas compactas ayudan a mantener el orden en el dormitorio. Los cajones son ideales para guardar ropa de cama, juguetes y ropa, mientras que los estantes y nichos sirven para libros y objetos decorativos.<\/li>\n\n\n\n<li class=\"has-medium-font-size\"><strong>Est\u00e9tica<\/strong>: Lejos de ser meramente funcionales, las camas compactas vienen en una gama de estilos que pueden mejorar la est\u00e9tica de un dormitorio. Desde modelos elegantes y modernos hasta opciones m\u00e1s cl\u00e1sicas y robustas, hay una cama compacta para complementar cualquier esquema de decoraci\u00f3n.<\/li>\n\n\n\n<li class=\"has-medium-font-size\"><strong>Durabilidad y calidad<\/strong>: A menudo, al comprar camas compactas, se encuentra que est\u00e1n fabricadas para resistir el uso diario. Muchas marcas se centran en la durabilidad, utilizando materiales de alta calidad que garantizan que la cama permanezca en buenas condiciones a lo largo de los a\u00f1os.<\/li>\n\n\n\n<li class=\"has-medium-font-size\"><strong>Facilidad de limpieza<\/strong>: Al tener un dise\u00f1o m\u00e1s consolidado y menos mobiliario separado, las camas compactas facilitan la limpieza del espacio. Esto es especialmente valioso en dormitorios juveniles o infantiles, donde la facilidad de mantenimiento es una gran ventaja.<\/li>\n\n\n\n<li class=\"has-medium-font-size\"><strong>Coste-Efectividad<\/strong>: Considerando que integran varias piezas de mobiliario en una, las camas compactas pueden resultar m\u00e1s econ\u00f3micas que comprar muebles individuales. Este ahorro puede ser significativo, especialmente para quienes est\u00e1n amueblando un dormitorio desde cero.<\/li>\n\n\n\n<li class=\"has-medium-font-size\"><strong>Soluci\u00f3n a largo plazo<\/strong>: Las camas compactas no son solo para espacios peque\u00f1os o soluciones temporales; muchas familias las encuentran valiosas incluso cuando disponen de m\u00e1s espacio. Su dise\u00f1o atemporal y capacidad de adaptaci\u00f3n las convierten en una inversi\u00f3n a largo plazo.<\/li>\n<\/ol>\n\n\n\n<p class=\"has-medium-font-size wp-block-paragraph\">Al considerar estas ventajas, comprar una cama compacta se convierte en una decisi\u00f3n l\u00f3gica para quien busca mejorar un dormitorio. Son la encarnaci\u00f3n de la eficiencia, donde cada componente est\u00e1 pensado para brindar la mayor funcionalidad sin renunciar al dise\u00f1o o la comodidad.<\/p>\n\n\n\n<figure class=\"wp-block-image alignfull size-full\"><img decoding=\"async\" width=\"1133\" height=\"585\" src=\"https:\/\/mueblesdetena.es\/wp-content\/uploads\/2024\/02\/cama-compacta-de-8-cajones.jpg\" alt=\"\" class=\"wp-image-21783\"\/><\/figure>\n\n\n\n<div style=\"height:100px\" aria-hidden=\"true\" class=\"wp-block-spacer\"><\/div>\n\n\n\n<h2 class=\"wp-block-heading\"><span class=\"ez-toc-section\" id=\"Como_elegir_la_cama_compacta_adecuada\"><\/span>C\u00f3mo elegir la cama compacta adecuada<span class=\"ez-toc-section-end\"><\/span><\/h2>\n\n\n\n<p class=\"has-medium-font-size wp-block-paragraph\">Elegir la cama compacta adecuada es una decisi\u00f3n importante, ya que debe satisfacer tus necesidades actuales y futuras, adem\u00e1s de adaptarse al espacio y al estilo de tu hogar. Al comprar camas compactas, considera los siguientes factores para asegurarte de que tu elecci\u00f3n sea acertada:<\/p>\n\n\n\n<ol class=\"wp-block-list\">\n<li class=\"has-medium-font-size\"><strong>Eval\u00faa tus necesidades<\/strong>: Antes de decidir, piensa en qui\u00e9n usar\u00e1 la cama y para qu\u00e9 prop\u00f3sito. Una cama compacta juvenil con un \u00e1rea de estudio puede ser perfecta para un adolescente, mientras que una cama nido compacta puede ser m\u00e1s adecuada para una habitaci\u00f3n de invitados.<\/li>\n\n\n\n<li class=\"has-medium-font-size\"><strong>Mide tu espacio<\/strong>: Toma medidas precisas de la habitaci\u00f3n donde ir\u00e1 la cama. Ten en cuenta no solo el espacio para la cama, sino tambi\u00e9n para los cajones y otros elementos desplegables, as\u00ed como el flujo de tr\u00e1fico alrededor de la cama.<\/li>\n\n\n\n<li class=\"has-medium-font-size\"><strong>Elige el almacenamiento adecuado<\/strong>: Determina cu\u00e1nto almacenamiento necesitas. Las camas compactas con cajones son ideales para ropa y ropa de cama, mientras que las que tienen estanter\u00edas son perfectas para libros y decoraciones.<\/li>\n\n\n\n<li class=\"has-medium-font-size\"><strong>Considera la flexibilidad y adaptabilidad<\/strong>: Busca camas que ofrezcan adaptabilidad. Algunas camas compactas vienen con caracter\u00edsticas modulares que permiten cambiar la configuraci\u00f3n seg\u00fan cambien tus necesidades.<\/li>\n\n\n\n<li class=\"has-medium-font-size\"><strong>F\u00edjate en la calidad de construcci\u00f3n<\/strong>: La durabilidad es clave. Materiales como la madera maciza o el metal pueden ofrecer una mayor resistencia y longevidad en comparaci\u00f3n con materiales m\u00e1s baratos.<\/li>\n\n\n\n<li class=\"has-medium-font-size\"><strong>Estilo y dise\u00f1o<\/strong>: La cama debe complementar la decoraci\u00f3n existente de la habitaci\u00f3n. Si buscas algo moderno, las l\u00edneas limpias y los acabados lacados pueden ser la elecci\u00f3n perfecta. Para una est\u00e9tica m\u00e1s tradicional, busca camas con detalles en madera.<\/li>\n\n\n\n<li class=\"has-medium-font-size\"><strong>Seguridad<\/strong>: Si la cama es para un ni\u00f1o, la seguridad es primordial. Aseg\u00farate de que los cajones tengan paradas, que no haya esquinas afiladas y que la cama cumpla con los est\u00e1ndares de seguridad aplicables.<\/li>\n\n\n\n<li class=\"has-medium-font-size\"><strong>Presupuesto<\/strong>: Define cu\u00e1nto est\u00e1s dispuesto a gastar. Las camas compactas var\u00edan en precio, y establecer un presupuesto te ayudar\u00e1 a reducir las opciones. Recuerda que el precio muchas veces refleja la calidad y las caracter\u00edsticas adicionales.<\/li>\n\n\n\n<li class=\"has-medium-font-size\"><strong>Lee opiniones y comentarios<\/strong>: Verifica las rese\u00f1as de otros compradores para conocer la experiencia de uso y la satisfacci\u00f3n a largo plazo. Esto puede ofrecerte una visi\u00f3n m\u00e1s clara de la calidad y funcionalidad de la cama.<\/li>\n\n\n\n<li class=\"has-medium-font-size\"><strong>Garant\u00edas y pol\u00edtica de devoluciones<\/strong>: Investiga la garant\u00eda y las pol\u00edticas de devoluci\u00f3n del fabricante o la tienda. Es esencial contar con la opci\u00f3n de devolver o reemplazar la cama si no cumple con tus expectativas.<\/li>\n<\/ol>\n\n\n\n<p class=\"has-medium-font-size wp-block-paragraph\">Al comprar camas compactas, estos consejos te ayudar\u00e1n a tomar una decisi\u00f3n informada que resulte en una compra de la que no te arrepentir\u00e1s. La cama compacta adecuada no solo maximizar\u00e1 el espacio y proporcionar\u00e1 almacenamiento necesario, sino que tambi\u00e9n servir\u00e1 como una inversi\u00f3n duradera en el bienestar y la organizaci\u00f3n de tu hogar.<\/p>\n\n\n\n<div style=\"height:100px\" aria-hidden=\"true\" class=\"wp-block-spacer\"><\/div>\n\n\n\n<h2 class=\"wp-block-heading\"><span class=\"ez-toc-section\" id=\"Lo_mas_vendido\"><\/span>Lo m\u00e1s vendido<span class=\"ez-toc-section-end\"><\/span><\/h2>\n\n\n<div data-block-name=\"woocommerce\/product-category\" data-categories=\"[274]\" data-rows=\"2\" class=\"wc-block-grid wp-block-product-category wp-block-woocommerce-product-category wc-block-product-category has-3-columns has-multiple-rows\"><ul class=\"wc-block-grid__products\"><li class=\"wc-block-grid__product\">\n\t\t\t\t<a href=\"https:\/\/mueblesdetena.es\/ru_ru\/cama-compacta-de-cajones-rmb-191cms\/\" class=\"wc-block-grid__product-link\">\n\t\t\t\t\t<div class=\"wc-block-grid__product-onsale\">\n\t\t\t<span aria-hidden=\"true\">\u0420\u0430\u0441\u043f\u0440\u043e\u0434\u0430\u0436\u0430<\/span>\n\t\t\t<span class=\"screen-reader-text\">\u041f\u0440\u043e\u0434\u0430\u0432\u0430\u0435\u043c\u044b\u0439 \u0442\u043e\u0432\u0430\u0440<\/span>\n\t\t<\/div>\n\t\t\t\t\t<div class=\"wc-block-grid__product-image\"><img decoding=\"async\" width=\"300\" height=\"300\" src=\"https:\/\/mueblesdetena.es\/wp-content\/uploads\/2026\/02\/cama-con-cajones-en-badalona-300x300.jpg\" class=\"attachment-woocommerce_thumbnail size-woocommerce_thumbnail\" alt=\"CAMA COMPACTA DE CAJONES RMB 191cms.\" srcset=\"https:\/\/mueblesdetena.es\/wp-content\/uploads\/2026\/02\/cama-con-cajones-en-badalona-300x300.jpg 300w, https:\/\/mueblesdetena.es\/wp-content\/uploads\/2026\/02\/cama-con-cajones-en-badalona-150x150.jpg 150w, https:\/\/mueblesdetena.es\/wp-content\/uploads\/2026\/02\/cama-con-cajones-en-badalona-100x100.jpg 100w\" sizes=\"(max-width: 300px) 100vw, 300px\" \/><\/div>\n\t\t\t\t\t<div class=\"wc-block-grid__product-title\">CAMA COMPACTA DE CAJONES RMB 191cms.<\/div>\n\t\t\t\t<\/a>\n\t\t\t\t<div class=\"wc-block-grid__product-price price\"><del aria-hidden=\"true\"><span class=\"woocommerce-Price-amount amount\">809,00&nbsp;<span class=\"woocommerce-Price-currencySymbol\">&euro;<\/span><\/span><\/del> <span class=\"screen-reader-text\">\u041f\u0435\u0440\u0432\u043e\u043d\u0430\u0447\u0430\u043b\u044c\u043d\u0430\u044f \u0446\u0435\u043d\u0430 \u0441\u043e\u0441\u0442\u0430\u0432\u043b\u044f\u043b\u0430 809,00&nbsp;&euro;.<\/span><ins aria-hidden=\"true\"><span class=\"woocommerce-Price-amount amount\">609,00&nbsp;<span class=\"woocommerce-Price-currencySymbol\">&euro;<\/span><\/span><\/ins><span class=\"screen-reader-text\">\u0422\u0435\u043a\u0443\u0449\u0430\u044f \u0446\u0435\u043d\u0430: 609,00&nbsp;&euro;.<\/span><\/div>\n\t\t\t\t\n\t\t\t\t<div class=\"wp-block-button wc-block-grid__product-add-to-cart\"><a href=\"\/ru_ru\/wp-json\/wp\/v2\/posts\/29988?add-to-cart=43905\" aria-label=\"\u0414\u043e\u0431\u0430\u0432\u0438\u0442\u044c \u0432 \u043a\u043e\u0440\u0437\u0438\u043d\u0443 &laquo;CAMA COMPACTA DE CAJONES RMB 191cms.&raquo;\" data-quantity=\"1\" data-product_id=\"43905\" data-product_sku=\"\" data-price=\"609\" rel=\"nofollow\" class=\"wp-block-button__link  add_to_cart_button ajax_add_to_cart\">\u0412 \u043a\u043e\u0440\u0437\u0438\u043d\u0443<\/a><\/div>\n\t\t\t<\/li><li class=\"wc-block-grid__product\">\n\t\t\t\t<a href=\"https:\/\/mueblesdetena.es\/ru_ru\/cama-juvenil-con-estanteria-ros\/\" class=\"wc-block-grid__product-link\">\n\t\t\t\t\t<div class=\"wc-block-grid__product-onsale\">\n\t\t\t<span aria-hidden=\"true\">\u0420\u0430\u0441\u043f\u0440\u043e\u0434\u0430\u0436\u0430<\/span>\n\t\t\t<span class=\"screen-reader-text\">\u041f\u0440\u043e\u0434\u0430\u0432\u0430\u0435\u043c\u044b\u0439 \u0442\u043e\u0432\u0430\u0440<\/span>\n\t\t<\/div>\n\t\t\t\t\t<div class=\"wc-block-grid__product-image\"><img loading=\"lazy\" decoding=\"async\" width=\"300\" height=\"300\" src=\"https:\/\/mueblesdetena.es\/wp-content\/uploads\/2026\/01\/CAMA-ROS2-300x300.jpg\" class=\"attachment-woocommerce_thumbnail size-woocommerce_thumbnail\" alt=\"Cama juvenil con estanteria @Ros.\" srcset=\"https:\/\/mueblesdetena.es\/wp-content\/uploads\/2026\/01\/CAMA-ROS2-300x300.jpg 300w, https:\/\/mueblesdetena.es\/wp-content\/uploads\/2026\/01\/CAMA-ROS2-150x150.jpg 150w, https:\/\/mueblesdetena.es\/wp-content\/uploads\/2026\/01\/CAMA-ROS2-100x100.jpg 100w\" sizes=\"(max-width: 300px) 100vw, 300px\" \/><\/div>\n\t\t\t\t\t<div class=\"wc-block-grid__product-title\">Cama juvenil con estanteria @Ros.<\/div>\n\t\t\t\t<\/a>\n\t\t\t\t<div class=\"wc-block-grid__product-price price\"><del aria-hidden=\"true\"><span class=\"woocommerce-Price-amount amount\">749,00&nbsp;<span class=\"woocommerce-Price-currencySymbol\">&euro;<\/span><\/span><\/del> <span class=\"screen-reader-text\">\u041f\u0435\u0440\u0432\u043e\u043d\u0430\u0447\u0430\u043b\u044c\u043d\u0430\u044f \u0446\u0435\u043d\u0430 \u0441\u043e\u0441\u0442\u0430\u0432\u043b\u044f\u043b\u0430 749,00&nbsp;&euro;.<\/span><ins aria-hidden=\"true\"><span class=\"woocommerce-Price-amount amount\">549,00&nbsp;<span class=\"woocommerce-Price-currencySymbol\">&euro;<\/span><\/span><\/ins><span class=\"screen-reader-text\">\u0422\u0435\u043a\u0443\u0449\u0430\u044f \u0446\u0435\u043d\u0430: 549,00&nbsp;&euro;.<\/span><\/div>\n\t\t\t\t\n\t\t\t\t<div class=\"wp-block-button wc-block-grid__product-add-to-cart\"><a href=\"\/ru_ru\/wp-json\/wp\/v2\/posts\/29988?add-to-cart=43460\" aria-label=\"\u0414\u043e\u0431\u0430\u0432\u0438\u0442\u044c \u0432 \u043a\u043e\u0440\u0437\u0438\u043d\u0443 &laquo;Cama juvenil con estanteria @Ros.&raquo;\" data-quantity=\"1\" data-product_id=\"43460\" data-product_sku=\"\" data-price=\"549\" rel=\"nofollow\" class=\"wp-block-button__link  add_to_cart_button ajax_add_to_cart\">\u0412 \u043a\u043e\u0440\u0437\u0438\u043d\u0443<\/a><\/div>\n\t\t\t<\/li><li class=\"wc-block-grid__product\">\n\t\t\t\t<a href=\"https:\/\/mueblesdetena.es\/ru_ru\/cama-compacta-win-05\/\" class=\"wc-block-grid__product-link\">\n\t\t\t\t\t<div class=\"wc-block-grid__product-onsale\">\n\t\t\t<span aria-hidden=\"true\">\u0420\u0430\u0441\u043f\u0440\u043e\u0434\u0430\u0436\u0430<\/span>\n\t\t\t<span class=\"screen-reader-text\">\u041f\u0440\u043e\u0434\u0430\u0432\u0430\u0435\u043c\u044b\u0439 \u0442\u043e\u0432\u0430\u0440<\/span>\n\t\t<\/div>\n\t\t\t\t\t<div class=\"wc-block-grid__product-image\"><img loading=\"lazy\" decoding=\"async\" width=\"300\" height=\"300\" src=\"https:\/\/mueblesdetena.es\/wp-content\/uploads\/2024\/08\/cama-compacta-juvenil-con-cajones-300x300.jpg\" class=\"attachment-woocommerce_thumbnail size-woocommerce_thumbnail\" alt=\"CAMA DOBLE CON CAJONES W05.\" srcset=\"https:\/\/mueblesdetena.es\/wp-content\/uploads\/2024\/08\/cama-compacta-juvenil-con-cajones-300x300.jpg 300w, https:\/\/mueblesdetena.es\/wp-content\/uploads\/2024\/08\/cama-compacta-juvenil-con-cajones-150x150.jpg 150w, https:\/\/mueblesdetena.es\/wp-content\/uploads\/2024\/08\/cama-compacta-juvenil-con-cajones-100x100.jpg 100w\" sizes=\"(max-width: 300px) 100vw, 300px\" \/><\/div>\n\t\t\t\t\t<div class=\"wc-block-grid__product-title\">CAMA DOBLE CON CAJONES W05.<\/div>\n\t\t\t\t<\/a>\n\t\t\t\t<div class=\"wc-block-grid__product-price price\"><del aria-hidden=\"true\"><span class=\"woocommerce-Price-amount amount\">699,00&nbsp;<span class=\"woocommerce-Price-currencySymbol\">&euro;<\/span><\/span><\/del> <span class=\"screen-reader-text\">\u041f\u0435\u0440\u0432\u043e\u043d\u0430\u0447\u0430\u043b\u044c\u043d\u0430\u044f \u0446\u0435\u043d\u0430 \u0441\u043e\u0441\u0442\u0430\u0432\u043b\u044f\u043b\u0430 699,00&nbsp;&euro;.<\/span><ins aria-hidden=\"true\"><span class=\"woocommerce-Price-amount amount\">509,00&nbsp;<span class=\"woocommerce-Price-currencySymbol\">&euro;<\/span><\/span><\/ins><span class=\"screen-reader-text\">\u0422\u0435\u043a\u0443\u0449\u0430\u044f \u0446\u0435\u043d\u0430: 509,00&nbsp;&euro;.<\/span><\/div>\n\t\t\t\t\n\t\t\t\t<div class=\"wp-block-button wc-block-grid__product-add-to-cart\"><a href=\"\/ru_ru\/wp-json\/wp\/v2\/posts\/29988?add-to-cart=31801\" aria-label=\"\u0414\u043e\u0431\u0430\u0432\u0438\u0442\u044c \u0432 \u043a\u043e\u0440\u0437\u0438\u043d\u0443 &laquo;CAMA DOBLE CON CAJONES W05.&raquo;\" data-quantity=\"1\" data-product_id=\"31801\" data-product_sku=\"\" data-price=\"509\" rel=\"nofollow\" class=\"wp-block-button__link  add_to_cart_button ajax_add_to_cart\">\u0412 \u043a\u043e\u0440\u0437\u0438\u043d\u0443<\/a><\/div>\n\t\t\t<\/li><li class=\"wc-block-grid__product\">\n\t\t\t\t<a href=\"https:\/\/mueblesdetena.es\/ru_ru\/cama-compacta-win11\/\" class=\"wc-block-grid__product-link\">\n\t\t\t\t\t<div class=\"wc-block-grid__product-onsale\">\n\t\t\t<span aria-hidden=\"true\">\u0420\u0430\u0441\u043f\u0440\u043e\u0434\u0430\u0436\u0430<\/span>\n\t\t\t<span class=\"screen-reader-text\">\u041f\u0440\u043e\u0434\u0430\u0432\u0430\u0435\u043c\u044b\u0439 \u0442\u043e\u0432\u0430\u0440<\/span>\n\t\t<\/div>\n\t\t\t\t\t<div class=\"wc-block-grid__product-image\"><img loading=\"lazy\" decoding=\"async\" width=\"300\" height=\"300\" src=\"https:\/\/mueblesdetena.es\/wp-content\/uploads\/2024\/02\/cama-compacta-win-11-300x300.jpg\" class=\"attachment-woocommerce_thumbnail size-woocommerce_thumbnail\" alt=\"CAMA COMPACTA WIN11\" \/><\/div>\n\t\t\t\t\t<div class=\"wc-block-grid__product-title\">CAMA COMPACTA WIN11<\/div>\n\t\t\t\t<\/a>\n\t\t\t\t<div class=\"wc-block-grid__product-price price\"><del aria-hidden=\"true\"><span class=\"woocommerce-Price-amount amount\">609,00&nbsp;<span class=\"woocommerce-Price-currencySymbol\">&euro;<\/span><\/span><\/del> <span class=\"screen-reader-text\">\u041f\u0435\u0440\u0432\u043e\u043d\u0430\u0447\u0430\u043b\u044c\u043d\u0430\u044f \u0446\u0435\u043d\u0430 \u0441\u043e\u0441\u0442\u0430\u0432\u043b\u044f\u043b\u0430 609,00&nbsp;&euro;.<\/span><ins aria-hidden=\"true\"><span class=\"woocommerce-Price-amount amount\">509,00&nbsp;<span class=\"woocommerce-Price-currencySymbol\">&euro;<\/span><\/span><\/ins><span class=\"screen-reader-text\">\u0422\u0435\u043a\u0443\u0449\u0430\u044f \u0446\u0435\u043d\u0430: 509,00&nbsp;&euro;.<\/span><\/div>\n\t\t\t\t\n\t\t\t\t<div class=\"wp-block-button wc-block-grid__product-add-to-cart\"><a href=\"\/ru_ru\/wp-json\/wp\/v2\/posts\/29988?add-to-cart=21260\" aria-label=\"\u0414\u043e\u0431\u0430\u0432\u0438\u0442\u044c \u0432 \u043a\u043e\u0440\u0437\u0438\u043d\u0443 &laquo;CAMA COMPACTA WIN11&raquo;\" data-quantity=\"1\" data-product_id=\"21260\" data-product_sku=\"\" data-price=\"509\" rel=\"nofollow\" class=\"wp-block-button__link  add_to_cart_button ajax_add_to_cart\">\u0412 \u043a\u043e\u0440\u0437\u0438\u043d\u0443<\/a><\/div>\n\t\t\t<\/li><li class=\"wc-block-grid__product\">\n\t\t\t\t<a href=\"https:\/\/mueblesdetena.es\/ru_ru\/cama-compacta-juvenil-laforma\/\" class=\"wc-block-grid__product-link\">\n\t\t\t\t\t<div class=\"wc-block-grid__product-onsale\">\n\t\t\t<span aria-hidden=\"true\">\u0420\u0430\u0441\u043f\u0440\u043e\u0434\u0430\u0436\u0430<\/span>\n\t\t\t<span class=\"screen-reader-text\">\u041f\u0440\u043e\u0434\u0430\u0432\u0430\u0435\u043c\u044b\u0439 \u0442\u043e\u0432\u0430\u0440<\/span>\n\t\t<\/div>\n\t\t\t\t\t<div class=\"wc-block-grid__product-image\"><img loading=\"lazy\" decoding=\"async\" width=\"300\" height=\"300\" src=\"https:\/\/mueblesdetena.es\/wp-content\/uploads\/2022\/12\/cama-juvenil-con-cajones-300x300.png\" class=\"attachment-woocommerce_thumbnail size-woocommerce_thumbnail\" alt=\"DOBLE CAMA COMPACTA JUVENIL CON CAJONES\" srcset=\"https:\/\/mueblesdetena.es\/wp-content\/uploads\/2022\/12\/cama-juvenil-con-cajones-300x300.png 300w, https:\/\/mueblesdetena.es\/wp-content\/uploads\/2022\/12\/cama-juvenil-con-cajones-150x150.png 150w, https:\/\/mueblesdetena.es\/wp-content\/uploads\/2022\/12\/cama-juvenil-con-cajones-100x100.png 100w\" sizes=\"(max-width: 300px) 100vw, 300px\" \/><\/div>\n\t\t\t\t\t<div class=\"wc-block-grid__product-title\">DOBLE CAMA COMPACTA JUVENIL CON CAJONES<\/div>\n\t\t\t\t<\/a>\n\t\t\t\t<div class=\"wc-block-grid__product-price price\"><del aria-hidden=\"true\"><span class=\"woocommerce-Price-amount amount\">1.029,00&nbsp;<span class=\"woocommerce-Price-currencySymbol\">&euro;<\/span><\/span><\/del> <span class=\"screen-reader-text\">\u041f\u0435\u0440\u0432\u043e\u043d\u0430\u0447\u0430\u043b\u044c\u043d\u0430\u044f \u0446\u0435\u043d\u0430 \u0441\u043e\u0441\u0442\u0430\u0432\u043b\u044f\u043b\u0430 1.029,00&nbsp;&euro;.<\/span><ins aria-hidden=\"true\"><span class=\"woocommerce-Price-amount amount\">829,00&nbsp;<span class=\"woocommerce-Price-currencySymbol\">&euro;<\/span><\/span><\/ins><span class=\"screen-reader-text\">\u0422\u0435\u043a\u0443\u0449\u0430\u044f \u0446\u0435\u043d\u0430: 829,00&nbsp;&euro;.<\/span><\/div>\n\t\t\t\t\n\t\t\t\t<div class=\"wp-block-button wc-block-grid__product-add-to-cart\"><a href=\"\/ru_ru\/wp-json\/wp\/v2\/posts\/29988?add-to-cart=16412\" aria-label=\"\u0414\u043e\u0431\u0430\u0432\u0438\u0442\u044c \u0432 \u043a\u043e\u0440\u0437\u0438\u043d\u0443 &laquo;DOBLE CAMA COMPACTA JUVENIL CON CAJONES&raquo;\" data-quantity=\"1\" data-product_id=\"16412\" data-product_sku=\"\" data-price=\"829\" rel=\"nofollow\" class=\"wp-block-button__link  add_to_cart_button ajax_add_to_cart\">\u0412 \u043a\u043e\u0440\u0437\u0438\u043d\u0443<\/a><\/div>\n\t\t\t<\/li><li class=\"wc-block-grid__product\">\n\t\t\t\t<a href=\"https:\/\/mueblesdetena.es\/ru_ru\/conjunto-de-camas-en-l-sort\/\" class=\"wc-block-grid__product-link\">\n\t\t\t\t\t<div class=\"wc-block-grid__product-onsale\">\n\t\t\t<span aria-hidden=\"true\">\u0420\u0430\u0441\u043f\u0440\u043e\u0434\u0430\u0436\u0430<\/span>\n\t\t\t<span class=\"screen-reader-text\">\u041f\u0440\u043e\u0434\u0430\u0432\u0430\u0435\u043c\u044b\u0439 \u0442\u043e\u0432\u0430\u0440<\/span>\n\t\t<\/div>\n\t\t\t\t\t<div class=\"wc-block-grid__product-image\"><img loading=\"lazy\" decoding=\"async\" width=\"300\" height=\"300\" src=\"https:\/\/mueblesdetena.es\/wp-content\/uploads\/2024\/02\/cama-compactas-en-L-300x300.jpg\" class=\"attachment-woocommerce_thumbnail size-woocommerce_thumbnail\" alt=\"CONJUNTO DE CAMAS EN L SORT en Muebles Detena Badalona\" \/><\/div>\n\t\t\t\t\t<div class=\"wc-block-grid__product-title\">CONJUNTO DE CAMAS EN L SORT<\/div>\n\t\t\t\t<\/a>\n\t\t\t\t<div class=\"wc-block-grid__product-price price\"><del aria-hidden=\"true\"><span class=\"woocommerce-Price-amount amount\">1.009,00&nbsp;<span class=\"woocommerce-Price-currencySymbol\">&euro;<\/span><\/span><\/del> <span class=\"screen-reader-text\">\u041f\u0435\u0440\u0432\u043e\u043d\u0430\u0447\u0430\u043b\u044c\u043d\u0430\u044f \u0446\u0435\u043d\u0430 \u0441\u043e\u0441\u0442\u0430\u0432\u043b\u044f\u043b\u0430 1.009,00&nbsp;&euro;.<\/span><ins aria-hidden=\"true\"><span class=\"woocommerce-Price-amount amount\">869,00&nbsp;<span class=\"woocommerce-Price-currencySymbol\">&euro;<\/span><\/span><\/ins><span class=\"screen-reader-text\">\u0422\u0435\u043a\u0443\u0449\u0430\u044f \u0446\u0435\u043d\u0430: 869,00&nbsp;&euro;.<\/span><\/div>\n\t\t\t\t\n\t\t\t\t<div class=\"wp-block-button wc-block-grid__product-add-to-cart\"><a href=\"\/ru_ru\/wp-json\/wp\/v2\/posts\/29988?add-to-cart=15408\" aria-label=\"\u0414\u043e\u0431\u0430\u0432\u0438\u0442\u044c \u0432 \u043a\u043e\u0440\u0437\u0438\u043d\u0443 &laquo;CONJUNTO DE CAMAS EN L SORT&raquo;\" data-quantity=\"1\" data-product_id=\"15408\" data-product_sku=\"\" data-price=\"869\" rel=\"nofollow\" class=\"wp-block-button__link  add_to_cart_button ajax_add_to_cart\">\u0412 \u043a\u043e\u0440\u0437\u0438\u043d\u0443<\/a><\/div>\n\t\t\t<\/li><\/ul><\/div>\n\n\n<div class=\"wp-block-buttons is-content-justification-center is-layout-flex wp-container-core-buttons-is-layout-3e41869c wp-block-buttons-is-layout-flex\">\n<div class=\"wp-block-button\"><a class=\"wp-block-button__link wp-element-button\" href=\"https:\/\/mueblesdetena.es\/camas-compactas\/\">VER TODO<\/a><\/div>\n<\/div>\n\n\n\n<div style=\"height:100px\" aria-hidden=\"true\" class=\"wp-block-spacer\"><\/div>\n\n\n\n<h2 class=\"wp-block-heading\"><span class=\"ez-toc-section\" id=\"Ideas_creativas_para_decorar_con_camas_compactas\"><\/span>Ideas creativas para decorar con camas compactas<span class=\"ez-toc-section-end\"><\/span><\/h2>\n\n\n\n<p class=\"has-medium-font-size wp-block-paragraph\">Las camas compactas no solo son funcionales, sino que tambi\u00e9n pueden ser el punto focal de un dise\u00f1o interior bien pensado. Aqu\u00ed tienes algunas ideas creativas para decorar con camas compactas y maximizar su potencial est\u00e9tico y pr\u00e1ctico:<\/p>\n\n\n\n<ol class=\"wp-block-list\">\n<li class=\"has-medium-font-size\"><strong>Paletas de colores armoniosas<\/strong>: Elige ropa de cama y accesorios que complementen los tonos de la cama compacta. Una cama compacta blanca ofrece un lienzo en blanco para colores brillantes o pastel, mientras que una de madera natural invita a tonos tierra y texturas org\u00e1nicas.<\/li>\n\n\n\n<li class=\"has-medium-font-size\"><strong>Tematizaci\u00f3n<\/strong>: Crea un tema consistente en la habitaci\u00f3n que haga que la cama compacta se integre de manera fluida. Por ejemplo, un tema n\u00e1utico con azules y blancos o un ambiente de selva con verdes y estampados animales.<\/li>\n\n\n\n<li class=\"has-medium-font-size\"><strong>Iluminaci\u00f3n estrat\u00e9gica<\/strong>: Aprovecha la iluminaci\u00f3n para resaltar la cama compacta. Coloca luces de lectura o tiras de LED bajo las estanter\u00edas para a\u00f1adir un efecto c\u00e1lido y acogedor, lo cual es particularmente \u00fatil en camas compactas con escritorios.<\/li>\n\n\n\n<li class=\"has-medium-font-size\"><strong>Juego de texturas<\/strong>: Utiliza diferentes texturas en cojines, mantas y alfombras para a\u00f1adir profundidad y riqueza visual al espacio alrededor de la cama compacta. Esto puede hacer que la habitaci\u00f3n se sienta m\u00e1s lujosa y personalizada.<\/li>\n\n\n\n<li class=\"has-medium-font-size\"><strong>Murales y arte en pared<\/strong>: Decora la pared sobre la cama compacta con murales, calcoman\u00edas o arte que haga que el espacio sea vibrante y din\u00e1mico. Es una manera excelente de reflejar la personalidad sin ocupar espacio adicional.<\/li>\n\n\n\n<li class=\"has-medium-font-size\"><strong>Elementos multifuncionales<\/strong>: Incluye accesorios decorativos que tambi\u00e9n sean pr\u00e1cticos, como cajas bonitas para almacenamiento adicional o un tablero de anuncios para notas y recuerdos.<\/li>\n\n\n\n<li class=\"has-medium-font-size\"><strong>Espejos para ampliar el espacio<\/strong>: Coloca espejos para dar una sensaci\u00f3n de amplitud en la habitaci\u00f3n. Esto es especialmente efectivo en dormitorios peque\u00f1os donde las camas compactas son una soluci\u00f3n de espacio.<\/li>\n\n\n\n<li class=\"has-medium-font-size\"><strong>Cortinas y separadores<\/strong>: Si la cama compacta tiene una cama nido, utiliza cortinas o separadores decorativos para proporcionar privacidad cuando se usa como cama de invitados.<\/li>\n\n\n\n<li class=\"has-medium-font-size\"><strong>Espacios tem\u00e1ticos<\/strong>: Para las camas compactas juveniles, considera crear un rinc\u00f3n tem\u00e1tico alrededor de la cama con posters, estantes para coleccionables o un \u00e1rea para hobbies y manualidades.<\/li>\n\n\n\n<li class=\"has-medium-font-size\"><strong>Cestas y contenedores decorativos<\/strong>: Escoge cestas de almacenamiento que complementen la decoraci\u00f3n para los cajones abiertos, ofreciendo as\u00ed un almacenamiento que es tanto decorativo como pr\u00e1ctico.<\/li>\n<\/ol>\n\n\n\n<p class=\"has-medium-font-size wp-block-paragraph\">Decorar alrededor de tu cama compacta es una oportunidad para expresar creatividad y estilo. Con estas ideas, puedes crear un ambiente que no solo sea eficiente en el uso del espacio, sino tambi\u00e9n encantador y acogedor. Recuerda que al comprar camas compactas, est\u00e1s invirtiendo en un mueble que es el n\u00facleo de la habitaci\u00f3n, por lo que merece ser realzado y celebrado con una decoraci\u00f3n a su altura.<\/p>\n\n\n\n<figure class=\"wp-block-image alignfull size-full\"><img loading=\"lazy\" decoding=\"async\" width=\"870\" height=\"586\" src=\"https:\/\/mueblesdetena.es\/wp-content\/uploads\/2021\/03\/cama-compacta-low-cost-1.jpg\" alt=\"\" class=\"wp-image-27900\" srcset=\"https:\/\/mueblesdetena.es\/wp-content\/uploads\/2021\/03\/cama-compacta-low-cost-1.jpg 870w, https:\/\/mueblesdetena.es\/wp-content\/uploads\/2021\/03\/cama-compacta-low-cost-1-300x202.jpg 300w, https:\/\/mueblesdetena.es\/wp-content\/uploads\/2021\/03\/cama-compacta-low-cost-1-768x517.jpg 768w, https:\/\/mueblesdetena.es\/wp-content\/uploads\/2021\/03\/cama-compacta-low-cost-1-600x404.jpg 600w\" sizes=\"(max-width: 870px) 100vw, 870px\" \/><\/figure>\n\n\n\n<div style=\"height:100px\" aria-hidden=\"true\" class=\"wp-block-spacer\"><\/div>\n\n\n\n<h2 class=\"wp-block-heading\"><span class=\"ez-toc-section\" id=\"Cuidado_y_mantenimiento_de_las_camas_compactas\"><\/span>Cuidado y mantenimiento de las camas compactas<span class=\"ez-toc-section-end\"><\/span><\/h2>\n\n\n\n<p class=\"has-medium-font-size wp-block-paragraph\">El cuidado adecuado de tu cama compacta es esencial para mantenerla en \u00f3ptimas condiciones a lo largo del tiempo. Aqu\u00ed te dejamos algunos consejos breves y pr\u00e1cticos:<\/p>\n\n\n\n<ol class=\"wp-block-list\">\n<li class=\"has-medium-font-size\"><strong>Limpieza regular<\/strong>: Pasa un pa\u00f1o suave o usa el aspirador con un accesorio para tapicer\u00eda para eliminar el polvo y la suciedad superficial. Para las manchas, utiliza limpiadores espec\u00edficos para el tipo de material de tu cama.<\/li>\n\n\n\n<li class=\"has-medium-font-size\"><strong>Revisi\u00f3n de mecanismos<\/strong>: Si tu cama tiene componentes desplegables o m\u00f3viles, aseg\u00farate de revisar y ajustar los mecanismos regularmente para evitar que se aflojen con el uso.<\/li>\n\n\n\n<li class=\"has-medium-font-size\"><strong>Evita la humedad<\/strong>: Protege la cama de la humedad excesiva, que puede da\u00f1ar la madera y otros materiales. En climas h\u00famedos, considera usar deshumidificadores para mantener seco el ambiente.<\/li>\n\n\n\n<li class=\"has-medium-font-size\"><strong>Protecci\u00f3n contra da\u00f1os<\/strong>: Utiliza protectores de colch\u00f3n y evita saltar sobre la cama para proteger la estructura y el colch\u00f3n de da\u00f1os innecesarios.<\/li>\n\n\n\n<li class=\"has-medium-font-size\"><strong>Instrucciones del fabricante<\/strong>: Sigue las instrucciones de cuidado proporcionadas por el fabricante, ya que cada material puede requerir cuidados espec\u00edficos.<\/li>\n<\/ol>\n\n\n\n<p class=\"has-medium-font-size wp-block-paragraph\">Con un mantenimiento regular y cuidadoso, tu cama compacta seguir\u00e1 siendo tan funcional y atractiva como el d\u00eda que la compraste.<\/p>\n\n\n\n<figure class=\"wp-block-image alignfull size-full\"><img loading=\"lazy\" decoding=\"async\" width=\"982\" height=\"617\" src=\"https:\/\/mueblesdetena.es\/wp-content\/uploads\/2024\/02\/COMPOSICION-LIDER-JUVENIL-206.jpg\" alt=\"\" class=\"wp-image-21278\"\/><\/figure>\n\n\n\n<div style=\"height:100px\" aria-hidden=\"true\" class=\"wp-block-spacer\"><\/div>\n\n\n\n<h2 class=\"wp-block-heading\"><span class=\"ez-toc-section\" id=\"FAQs\"><\/span>FAQs<span class=\"ez-toc-section-end\"><\/span><\/h2>\n\n\n<div id=\"rank-math-faq\" class=\"rank-math-block\">\n<div class=\"rank-math-list \">\n<div id=\"faq-question-1713863348788\" class=\"rank-math-list-item\">\n<h3 class=\"rank-math-question \"><span class=\"ez-toc-section\" id=\"%C2%BFLas_camas_compactas_son_adecuadas_solo_para_ninos\"><\/span><strong>\u00bfLas camas compactas son adecuadas solo para ni\u00f1os?<\/strong> <span class=\"ez-toc-section-end\"><\/span><\/h3>\n<div class=\"rank-math-answer \">\n\n<p>No, las camas compactas son vers\u00e1tiles y adecuadas para personas de todas las edades. Hay dise\u00f1os disponibles que son perfectos para dormitorios juveniles, de invitados, o incluso para el dormitorio principal si el espacio es limitado.<\/p>\n\n<\/div>\n<\/div>\n<div id=\"faq-question-1713863365682\" class=\"rank-math-list-item\">\n<h3 class=\"rank-math-question \"><span class=\"ez-toc-section\" id=\"%C2%BFComo_puedo_asegurarme_de_que_la_cama_compacta_encaje_en_mi_espacio\"><\/span><strong>\u00bfC\u00f3mo puedo asegurarme de que la cama compacta encaje en mi espacio?<\/strong><span class=\"ez-toc-section-end\"><\/span><\/h3>\n<div class=\"rank-math-answer \">\n\n<p>Es fundamental medir tu espacio antes de comprar una cama compacta. Aseg\u00farate de considerar no solo el \u00e1rea de la cama, sino tambi\u00e9n el espacio adicional que se necesitar\u00e1 para cajones y otros componentes extensibles.<\/p>\n\n<\/div>\n<\/div>\n<div id=\"faq-question-1713863368490\" class=\"rank-math-list-item\">\n<h3 class=\"rank-math-question \"><span class=\"ez-toc-section\" id=\"%C2%BFQue_tipo_de_colchon_necesito_para_una_cama_compacta\"><\/span><strong>\u00bfQu\u00e9 tipo de colch\u00f3n necesito para una cama compacta?<\/strong><span class=\"ez-toc-section-end\"><\/span><\/h3>\n<div class=\"rank-math-answer \">\n\n<p>La mayor\u00eda de las camas compactas se adaptan a colchones est\u00e1ndar, pero siempre verifica las especificaciones del fabricante. Si la cama tiene una cama nido o cajones debajo, es posible que necesites un colch\u00f3n de menor altura para que se ajuste correctamente.<\/p>\n\n<\/div>\n<\/div>\n<div id=\"faq-question-1713863369699\" class=\"rank-math-list-item\">\n<h3 class=\"rank-math-question \"><span class=\"ez-toc-section\" id=\"%C2%BFSe_pueden_personalizar_las_camas_compactas\"><\/span><strong>\u00bfSe pueden personalizar las camas compactas?<\/strong><span class=\"ez-toc-section-end\"><\/span><\/h3>\n<div class=\"rank-math-answer \">\n\n<p>Dependiendo del fabricante, algunas camas compactas pueden personalizarse en t\u00e9rminos de color, configuraci\u00f3n de almacenamiento y tama\u00f1o. Consulta con el vendedor o el fabricante para ver las opciones disponibles.<\/p>\n\n<\/div>\n<\/div>\n<div id=\"faq-question-1713863370745\" class=\"rank-math-list-item\">\n<h3 class=\"rank-math-question \"><span class=\"ez-toc-section\" id=\"%C2%BFLas_camas_compactas_requieren_montaje\"><\/span><strong>\u00bfLas camas compactas requieren montaje?<\/strong><span class=\"ez-toc-section-end\"><\/span><\/h3>\n<div class=\"rank-math-answer \">\n\n<p>S\u00ed, en la mayor\u00eda de los casos, las camas compactas requieren alg\u00fan grado de montaje. Puedes optar por servicios de montaje profesionales o seguir las instrucciones para hacerlo t\u00fa mismo.<\/p>\n\n<\/div>\n<\/div>\n<div id=\"faq-question-1713863371586\" class=\"rank-math-list-item\">\n<h3 class=\"rank-math-question \"><span class=\"ez-toc-section\" id=\"%C2%BFComo_maximizo_la_durabilidad_de_mi_cama_compacta\"><\/span><strong>\u00bfC\u00f3mo maximizo la durabilidad de mi cama compacta?<\/strong><span class=\"ez-toc-section-end\"><\/span><\/h3>\n<div class=\"rank-math-answer \">\n\n<p>Para maximizar la durabilidad, evita la exposici\u00f3n directa a la luz solar, limpia derrames de inmediato, y sigue las pautas de mantenimiento y cuidado proporcionadas por el fabricante.<\/p>\n\n<\/div>\n<\/div>\n<div id=\"faq-question-1713863372928\" class=\"rank-math-list-item\">\n<h3 class=\"rank-math-question \"><span class=\"ez-toc-section\" id=\"%C2%BFSon_seguras_las_camas_compactas\"><\/span><strong>\u00bfSon seguras las camas compactas?<\/strong><span class=\"ez-toc-section-end\"><\/span><\/h3>\n<div class=\"rank-math-answer \">\n\n<p>Las camas compactas dise\u00f1adas por fabricantes de renombre cumplen con estrictas normas de seguridad. Siempre verifica que la cama tenga bordes redondeados, mecanismos seguros para componentes m\u00f3viles y materiales no t\u00f3xicos.<\/p>\n\n<\/div>\n<\/div>\n<\/div>\n<\/div>\n\n\n<div style=\"height:100px\" aria-hidden=\"true\" class=\"wp-block-spacer\"><\/div>\n\n\n\n<p class=\"has-medium-font-size wp-block-paragraph\">En la odisea de amueblar espacios con restricciones de tama\u00f1o, las camas compactas se erigen como los titanes del ahorro de espacio y la versatilidad. Hemos navegado a trav\u00e9s de lo que las hace tan especiales, desde su dise\u00f1o inteligente hasta las infinitas posibilidades de decoraci\u00f3n y personalizaci\u00f3n. Comprar una cama compacta no es solo una decisi\u00f3n pr\u00e1ctica, es un paso hacia un hogar m\u00e1s organizado y funcional, donde cada elemento tiene su lugar y prop\u00f3sito.<\/p>\n\n\n\n<p class=\"has-medium-font-size wp-block-paragraph\">Recuerda que el cuidado y mantenimiento son tan cruciales como la elecci\u00f3n inicial; con el trato adecuado, tu cama compacta ser\u00e1 un compa\u00f1ero duradero en tu hogar. Y aunque las preguntas puedan surgir en el camino, las respuestas suelen estar a un simple vistazo de manual o consulta al fabricante de distancia.<\/p>\n\n\n\n<p class=\"has-medium-font-size wp-block-paragraph\">Invitamos a los buscadores de eficiencia, a los amantes del dise\u00f1o y a todos los que desean sacar el m\u00e1ximo partido a sus espacios a considerar una cama compacta como una soluci\u00f3n elegante y pr\u00e1ctica. Con todas las opciones disponibles, hay una cama compacta esperando convertirse en la pieza central de tu habitaci\u00f3n, brindando confort, estilo y orden.<\/p>\n\n\n\n<p class=\"wp-block-paragraph\"><\/p>\n","protected":false},"excerpt":{"rendered":"<p>En la b\u00fasqueda de mobiliario que prometa funcionalidad sin comprometer el estilo, las camas compactas se presentan como la soluci\u00f3n inteligente para quienes desean hacer m\u00e1s con menos. A la hora de comprar camas compactas, la selecci\u00f3n es tan diversa como las necesidades de cada persona, desde familias que buscan maximizar el dormitorio de los [&hellip;]<\/p>\n","protected":false},"author":267,"featured_media":27413,"comment_status":"open","ping_status":"open","sticky":false,"template":"","format":"standard","meta":{"site-sidebar-layout":"default","site-content-layout":"","ast-site-content-layout":"default","site-content-style":"default","site-sidebar-style":"default","ast-global-header-display":"","ast-banner-title-visibility":"","ast-main-header-display":"","ast-hfb-above-header-display":"","ast-hfb-below-header-display":"","ast-hfb-mobile-header-display":"","site-post-title":"","ast-breadcrumbs-content":"","ast-featured-img":"","footer-sml-layout":"","ast-disable-related-posts":"","theme-transparent-header-meta":"","adv-header-id-meta":"","stick-header-meta":"","header-above-stick-meta":"","header-main-stick-meta":"","header-below-stick-meta":"","astra-migrate-meta-layouts":"set","ast-page-background-enabled":"default","ast-page-background-meta":{"desktop":{"background-color":"var(--ast-global-color-4)","background-image":"","background-repeat":"repeat","background-position":"center center","background-size":"auto","background-attachment":"scroll","background-type":"","background-media":"","overlay-type":"","overlay-color":"","overlay-opacity":"","overlay-gradient":""},"tablet":{"background-color":"","background-image":"","background-repeat":"repeat","background-position":"center center","background-size":"auto","background-attachment":"scroll","background-type":"","background-media":"","overlay-type":"","overlay-color":"","overlay-opacity":"","overlay-gradient":""},"mobile":{"background-color":"","background-image":"","background-repeat":"repeat","background-position":"center center","background-size":"auto","background-attachment":"scroll","background-type":"","background-media":"","overlay-type":"","overlay-color":"","overlay-opacity":"","overlay-gradient":""}},"ast-content-background-meta":{"desktop":{"background-color":"var(--ast-global-color-5)","background-image":"","background-repeat":"repeat","background-position":"center center","background-size":"auto","background-attachment":"scroll","background-type":"","background-media":"","overlay-type":"","overlay-color":"","overlay-opacity":"","overlay-gradient":""},"tablet":{"background-color":"var(--ast-global-color-5)","background-image":"","background-repeat":"repeat","background-position":"center center","background-size":"auto","background-attachment":"scroll","background-type":"","background-media":"","overlay-type":"","overlay-color":"","overlay-opacity":"","overlay-gradient":""},"mobile":{"background-color":"var(--ast-global-color-5)","background-image":"","background-repeat":"repeat","background-position":"center center","background-size":"auto","background-attachment":"scroll","background-type":"","background-media":"","overlay-type":"","overlay-color":"","overlay-opacity":"","overlay-gradient":""}},"_joinchat":[],"footnotes":""},"categories":[1],"tags":[],"class_list":["post-29988","post","type-post","status-publish","format-standard","has-post-thumbnail","hentry","category-sin-categoria"],"_links":{"self":[{"href":"https:\/\/mueblesdetena.es\/ru_ru\/wp-json\/wp\/v2\/posts\/29988","targetHints":{"allow":["GET"]}}],"collection":[{"href":"https:\/\/mueblesdetena.es\/ru_ru\/wp-json\/wp\/v2\/posts"}],"about":[{"href":"https:\/\/mueblesdetena.es\/ru_ru\/wp-json\/wp\/v2\/types\/post"}],"author":[{"embeddable":true,"href":"https:\/\/mueblesdetena.es\/ru_ru\/wp-json\/wp\/v2\/users\/267"}],"replies":[{"embeddable":true,"href":"https:\/\/mueblesdetena.es\/ru_ru\/wp-json\/wp\/v2\/comments?post=29988"}],"version-history":[{"count":3,"href":"https:\/\/mueblesdetena.es\/ru_ru\/wp-json\/wp\/v2\/posts\/29988\/revisions"}],"predecessor-version":[{"id":29991,"href":"https:\/\/mueblesdetena.es\/ru_ru\/wp-json\/wp\/v2\/posts\/29988\/revisions\/29991"}],"wp:featuredmedia":[{"embeddable":true,"href":"https:\/\/mueblesdetena.es\/ru_ru\/wp-json\/wp\/v2\/media\/27413"}],"wp:attachment":[{"href":"https:\/\/mueblesdetena.es\/ru_ru\/wp-json\/wp\/v2\/media?parent=29988"}],"wp:term":[{"taxonomy":"category","embeddable":true,"href":"https:\/\/mueblesdetena.es\/ru_ru\/wp-json\/wp\/v2\/categories?post=29988"},{"taxonomy":"post_tag","embeddable":true,"href":"https:\/\/mueblesdetena.es\/ru_ru\/wp-json\/wp\/v2\/tags?post=29988"}],"curies":[{"name":"wp","href":"https:\/\/api.w.org\/{rel}","templated":true}]}}