{"id":31232,"date":"2024-07-04T09:04:52","date_gmt":"2024-07-04T07:04:52","guid":{"rendered":"https:\/\/mueblesdetena.es\/?p=31232"},"modified":"2024-07-09T17:15:02","modified_gmt":"2024-07-09T15:15:02","slug":"decoracion-de-temporada","status":"publish","type":"post","link":"https:\/\/mueblesdetena.es\/ru_ru\/decoracion-de-temporada\/","title":{"rendered":"Decoraci\u00f3n de temporada: cambiando ambientes con peque\u00f1os detalles"},"content":{"rendered":"<p class=\"has-medium-font-size wp-block-paragraph\">La decoraci\u00f3n de temporada es una forma maravillosa de transformar nuestros espacios, adapt\u00e1ndolos a las caracter\u00edsticas y sensaciones de cada estaci\u00f3n del a\u00f1o. Con peque\u00f1os detalles y algunos cambios estrat\u00e9gicos, podemos renovar el ambiente de nuestro hogar, haci\u00e9ndolo m\u00e1s acogedor, vibrante y a la moda. Ya sea primavera, verano, oto\u00f1o o invierno, cada temporada trae consigo una paleta de colores, texturas y elementos decorativos \u00fanicos que podemos aprovechar para revitalizar nuestro entorno. En este post, exploraremos c\u00f3mo podemos lograrlo de manera sencilla y efectiva, creando espacios que reflejen el esp\u00edritu de cada estaci\u00f3n. \u00a1Prep\u00e1rate para inspirarte y darle un nuevo aire a tu hogar con la magia de la decoraci\u00f3n de temporada!<\/p>\n\n\n\n<div id=\"ez-toc-container\" class=\"ez-toc-v2_0_85 counter-hierarchy ez-toc-counter ez-toc-grey ez-toc-container-direction\">\n<div class=\"ez-toc-title-container\">\n<p class=\"ez-toc-title\" style=\"cursor:inherit\">Table of Contents<\/p>\n<span class=\"ez-toc-title-toggle\"><a href=\"#\" class=\"ez-toc-pull-right ez-toc-btn ez-toc-btn-xs ez-toc-btn-default ez-toc-toggle\" aria-label=\"Toggle Table of Content\"><span class=\"ez-toc-js-icon-con\"><span class=\"\"><span class=\"eztoc-hide\" style=\"display:none;\">Toggle<\/span><span class=\"ez-toc-icon-toggle-span\"><svg style=\"fill: #999;color:#999\" xmlns=\"http:\/\/www.w3.org\/2000\/svg\" class=\"list-377408\" width=\"20px\" height=\"20px\" viewbox=\"0 0 24 24\" fill=\"none\"><path d=\"M6 6H4v2h2V6zm14 0H8v2h12V6zM4 11h2v2H4v-2zm16 0H8v2h12v-2zM4 16h2v2H4v-2zm16 0H8v2h12v-2z\" fill=\"currentColor\"><\/path><\/svg><svg style=\"fill: #999;color:#999\" class=\"arrow-unsorted-368013\" xmlns=\"http:\/\/www.w3.org\/2000\/svg\" width=\"10px\" height=\"10px\" viewbox=\"0 0 24 24\" version=\"1.2\" baseprofile=\"tiny\"><path d=\"M18.2 9.3l-6.2-6.3-6.2 6.3c-.2.2-.3.4-.3.7s.1.5.3.7c.2.2.4.3.7.3h11c.3 0 .5-.1.7-.3.2-.2.3-.5.3-.7s-.1-.5-.3-.7zM5.8 14.7l6.2 6.3 6.2-6.3c.2-.2.3-.5.3-.7s-.1-.5-.3-.7c-.2-.2-.4-.3-.7-.3h-11c-.3 0-.5.1-.7.3-.2.2-.3.5-.3.7s.1.5.3.7z\"\/><\/svg><\/span><\/span><\/span><\/a><\/span><\/div>\n<nav><ul class='ez-toc-list ez-toc-list-level-1' ><li class='ez-toc-page-1 ez-toc-heading-level-2'><a class=\"ez-toc-link ez-toc-heading-1\" href=\"https:\/\/mueblesdetena.es\/ru_ru\/decoracion-de-temporada\/#Primavera_renacimiento_y_frescura\" >Primavera: renacimiento y frescura<\/a><ul class='ez-toc-list-level-3' ><li class='ez-toc-heading-level-3'><a class=\"ez-toc-link ez-toc-heading-2\" href=\"https:\/\/mueblesdetena.es\/ru_ru\/decoracion-de-temporada\/#Colores_y_textiles\" >Colores y textiles<\/a><\/li><li class='ez-toc-page-1 ez-toc-heading-level-3'><a class=\"ez-toc-link ez-toc-heading-3\" href=\"https:\/\/mueblesdetena.es\/ru_ru\/decoracion-de-temporada\/#Plantas_y_flores\" >Plantas y flores<\/a><\/li><li class='ez-toc-page-1 ez-toc-heading-level-3'><a class=\"ez-toc-link ez-toc-heading-4\" href=\"https:\/\/mueblesdetena.es\/ru_ru\/decoracion-de-temporada\/#Accesorios_y_detalles\" >Accesorios y detalles<\/a><\/li><li class='ez-toc-page-1 ez-toc-heading-level-3'><a class=\"ez-toc-link ez-toc-heading-5\" href=\"https:\/\/mueblesdetena.es\/ru_ru\/decoracion-de-temporada\/#Crear_un_ambiente_primaveral\" >Crear un ambiente primaveral<\/a><\/li><\/ul><\/li><li class='ez-toc-page-1 ez-toc-heading-level-2'><a class=\"ez-toc-link ez-toc-heading-6\" href=\"https:\/\/mueblesdetena.es\/ru_ru\/decoracion-de-temporada\/#Verano_vitalidad_y_frescura\" >Verano: vitalidad y frescura<\/a><ul class='ez-toc-list-level-3' ><li class='ez-toc-heading-level-3'><a class=\"ez-toc-link ez-toc-heading-7\" href=\"https:\/\/mueblesdetena.es\/ru_ru\/decoracion-de-temporada\/#Colores_y_textiles-2\" >Colores y textiles<\/a><\/li><li class='ez-toc-page-1 ez-toc-heading-level-3'><a class=\"ez-toc-link ez-toc-heading-8\" href=\"https:\/\/mueblesdetena.es\/ru_ru\/decoracion-de-temporada\/#Elementos_naturales\" >Elementos naturales<\/a><\/li><li class='ez-toc-page-1 ez-toc-heading-level-3'><a class=\"ez-toc-link ez-toc-heading-9\" href=\"https:\/\/mueblesdetena.es\/ru_ru\/decoracion-de-temporada\/#Iluminacion_y_ventilacion\" >Iluminaci\u00f3n y ventilaci\u00f3n<\/a><\/li><li class='ez-toc-page-1 ez-toc-heading-level-3'><a class=\"ez-toc-link ez-toc-heading-10\" href=\"https:\/\/mueblesdetena.es\/ru_ru\/decoracion-de-temporada\/#Accesorios_y_detalles-2\" >Accesorios y detalles<\/a><\/li><li class='ez-toc-page-1 ez-toc-heading-level-3'><a class=\"ez-toc-link ez-toc-heading-11\" href=\"https:\/\/mueblesdetena.es\/ru_ru\/decoracion-de-temporada\/#Crear_un_ambiente_veraniego\" >Crear un ambiente veraniego<\/a><\/li><\/ul><\/li><li class='ez-toc-page-1 ez-toc-heading-level-2'><a class=\"ez-toc-link ez-toc-heading-12\" href=\"https:\/\/mueblesdetena.es\/ru_ru\/decoracion-de-temporada\/#Otono_calidez_y_confort\" >Oto\u00f1o: calidez y confort<\/a><ul class='ez-toc-list-level-3' ><li class='ez-toc-heading-level-3'><a class=\"ez-toc-link ez-toc-heading-13\" href=\"https:\/\/mueblesdetena.es\/ru_ru\/decoracion-de-temporada\/#Colores_y_textiles-3\" >Colores y textiles<\/a><\/li><li class='ez-toc-page-1 ez-toc-heading-level-3'><a class=\"ez-toc-link ez-toc-heading-14\" href=\"https:\/\/mueblesdetena.es\/ru_ru\/decoracion-de-temporada\/#Decoracion_tematica\" >Decoraci\u00f3n tem\u00e1tica<\/a><\/li><li class='ez-toc-page-1 ez-toc-heading-level-3'><a class=\"ez-toc-link ez-toc-heading-15\" href=\"https:\/\/mueblesdetena.es\/ru_ru\/decoracion-de-temporada\/#Muebles_y_disposicion\" >Muebles y disposici\u00f3n<\/a><\/li><li class='ez-toc-page-1 ez-toc-heading-level-3'><a class=\"ez-toc-link ez-toc-heading-16\" href=\"https:\/\/mueblesdetena.es\/ru_ru\/decoracion-de-temporada\/#Iluminacion_y_ambiente\" >Iluminaci\u00f3n y ambiente<\/a><\/li><li class='ez-toc-page-1 ez-toc-heading-level-3'><a class=\"ez-toc-link ez-toc-heading-17\" href=\"https:\/\/mueblesdetena.es\/ru_ru\/decoracion-de-temporada\/#Accesorios_y_detalles-3\" >Accesorios y detalles<\/a><\/li><li class='ez-toc-page-1 ez-toc-heading-level-3'><a class=\"ez-toc-link ez-toc-heading-18\" href=\"https:\/\/mueblesdetena.es\/ru_ru\/decoracion-de-temporada\/#Crear_un_ambiente_otonal\" >Crear un ambiente oto\u00f1al<\/a><\/li><\/ul><\/li><li class='ez-toc-page-1 ez-toc-heading-level-2'><a class=\"ez-toc-link ez-toc-heading-19\" href=\"https:\/\/mueblesdetena.es\/ru_ru\/decoracion-de-temporada\/#Invierno_elegancia_y_abrigo\" >Invierno: elegancia y abrigo<\/a><ul class='ez-toc-list-level-3' ><li class='ez-toc-heading-level-3'><a class=\"ez-toc-link ez-toc-heading-20\" href=\"https:\/\/mueblesdetena.es\/ru_ru\/decoracion-de-temporada\/#Colores_y_textiles-4\" >Colores y textiles<\/a><\/li><li class='ez-toc-page-1 ez-toc-heading-level-3'><a class=\"ez-toc-link ez-toc-heading-21\" href=\"https:\/\/mueblesdetena.es\/ru_ru\/decoracion-de-temporada\/#Decoracion_festiva\" >Decoraci\u00f3n festiva<\/a><\/li><li class='ez-toc-page-1 ez-toc-heading-level-3'><a class=\"ez-toc-link ez-toc-heading-22\" href=\"https:\/\/mueblesdetena.es\/ru_ru\/decoracion-de-temporada\/#Ambientes_acogedores\" >Ambientes acogedores<\/a><\/li><li class='ez-toc-page-1 ez-toc-heading-level-3'><a class=\"ez-toc-link ez-toc-heading-23\" href=\"https:\/\/mueblesdetena.es\/ru_ru\/decoracion-de-temporada\/#Iluminacion_y_ambiente-2\" >Iluminaci\u00f3n y ambiente<\/a><\/li><li class='ez-toc-page-1 ez-toc-heading-level-3'><a class=\"ez-toc-link ez-toc-heading-24\" href=\"https:\/\/mueblesdetena.es\/ru_ru\/decoracion-de-temporada\/#Accesorios_y_detalles-4\" >Accesorios y detalles<\/a><\/li><li class='ez-toc-page-1 ez-toc-heading-level-3'><a class=\"ez-toc-link ez-toc-heading-25\" href=\"https:\/\/mueblesdetena.es\/ru_ru\/decoracion-de-temporada\/#Crear_un_ambiente_invernal\" >Crear un ambiente invernal<\/a><\/li><\/ul><\/li><\/ul><\/nav><\/div>\n<h2 class=\"wp-block-heading\"><span class=\"ez-toc-section\" id=\"Primavera_renacimiento_y_frescura\"><\/span>Primavera: renacimiento y frescura<span class=\"ez-toc-section-end\"><\/span><\/h2>\n\n\n\n<h3 class=\"wp-block-heading\"><span class=\"ez-toc-section\" id=\"Colores_y_textiles\"><\/span>Colores y textiles<span class=\"ez-toc-section-end\"><\/span><\/h3>\n\n\n\n<p class=\"has-medium-font-size wp-block-paragraph\">La primavera es la estaci\u00f3n del renacimiento y la frescura, un momento perfecto para renovar nuestro hogar con colores vibrantes y textiles ligeros. Los tonos pasteles como el rosa, el verde menta y el azul cielo aportan una sensaci\u00f3n de frescura y vitalidad. Comb\u00ednalos con colores m\u00e1s vivos como el amarillo y el coral para a\u00f1adir un toque de energ\u00eda a tus espacios. Opta por textiles ligeros como el lino y el algod\u00f3n, que no solo aportan ligereza visual sino tambi\u00e9n comodidad y frescura.<\/p>\n\n\n\n<h3 class=\"wp-block-heading\"><span class=\"ez-toc-section\" id=\"Plantas_y_flores\"><\/span>Plantas y flores<span class=\"ez-toc-section-end\"><\/span><\/h3>\n\n\n\n<p class=\"has-medium-font-size wp-block-paragraph\">Nada dice m\u00e1s \u00abprimavera\u00bb que las plantas y las flores frescas. A\u00f1adir vegetaci\u00f3n a tu hogar es una manera sencilla y efectiva de dar vida a cualquier espacio. Plantas como los helechos, las suculentas y las hierbas arom\u00e1ticas no solo son hermosas sino tambi\u00e9n f\u00e1ciles de cuidar. Para un toque de color y aroma, incorpora flores de temporada como los tulipanes, las margaritas y los narcisos. Col\u00f3calas en jarrones decorativos o en cestas de mimbre para un look m\u00e1s natural y desenfadado.<\/p>\n\n\n\n<h3 class=\"wp-block-heading\"><span class=\"ez-toc-section\" id=\"Accesorios_y_detalles\"><\/span>Accesorios y detalles<span class=\"ez-toc-section-end\"><\/span><\/h3>\n\n\n\n<p class=\"has-medium-font-size wp-block-paragraph\">Los peque\u00f1os detalles pueden marcar una gran diferencia en la decoraci\u00f3n de temporada. En primavera, los cojines con motivos florales o estampados alegres pueden transformar un sof\u00e1 o una cama. Las alfombras ligeras con patrones geom\u00e9tricos o florales tambi\u00e9n pueden aportar ese toque primaveral que buscas. No olvides los peque\u00f1os accesorios como velas arom\u00e1ticas con fragancias frescas, marcos de fotos con colores vivos y figuras decorativas que representen la naturaleza. Cada uno de estos elementos contribuye a crear un ambiente armonioso y lleno de frescura.<\/p>\n\n\n\n<h3 class=\"wp-block-heading\"><span class=\"ez-toc-section\" id=\"Crear_un_ambiente_primaveral\"><\/span>Crear un ambiente primaveral<span class=\"ez-toc-section-end\"><\/span><\/h3>\n\n\n\n<p class=\"has-medium-font-size wp-block-paragraph\">Para lograr un ambiente primaveral completo, es importante combinar todos estos elementos de manera armoniosa. Piensa en c\u00f3mo los colores, las texturas y los accesorios pueden trabajar juntos para crear una sensaci\u00f3n de renovaci\u00f3n y vitalidad. Recuerda que la primavera es una \u00e9poca de luz y aire fresco, as\u00ed que aprovecha al m\u00e1ximo la luz natural, abriendo ventanas y usando cortinas ligeras. Con estos sencillos cambios, tu hogar se llenar\u00e1 de la alegr\u00eda y el renacimiento que trae consigo la primavera.<\/p>\n\n\n\n<figure class=\"wp-block-image alignfull size-large\"><img fetchpriority=\"high\" decoding=\"async\" width=\"1024\" height=\"575\" src=\"https:\/\/mueblesdetena.es\/wp-content\/uploads\/2024\/07\/decoracion-primavera-1024x575.jpg\" alt=\"\" class=\"wp-image-31233\" srcset=\"https:\/\/mueblesdetena.es\/wp-content\/uploads\/2024\/07\/decoracion-primavera-1024x575.jpg 1024w, https:\/\/mueblesdetena.es\/wp-content\/uploads\/2024\/07\/decoracion-primavera-300x168.jpg 300w, https:\/\/mueblesdetena.es\/wp-content\/uploads\/2024\/07\/decoracion-primavera-768x431.jpg 768w, https:\/\/mueblesdetena.es\/wp-content\/uploads\/2024\/07\/decoracion-primavera-600x337.jpg 600w, https:\/\/mueblesdetena.es\/wp-content\/uploads\/2024\/07\/decoracion-primavera.jpg 1368w\" sizes=\"(max-width: 1024px) 100vw, 1024px\" \/><\/figure>\n\n\n\n<div style=\"height:100px\" aria-hidden=\"true\" class=\"wp-block-spacer\"><\/div>\n\n\n\n<h2 class=\"wp-block-heading\"><span class=\"ez-toc-section\" id=\"Verano_vitalidad_y_frescura\"><\/span>Verano: vitalidad y frescura<span class=\"ez-toc-section-end\"><\/span><\/h2>\n\n\n\n<h3 class=\"wp-block-heading\"><span class=\"ez-toc-section\" id=\"Colores_y_textiles-2\"><\/span>Colores y textiles<span class=\"ez-toc-section-end\"><\/span><\/h3>\n\n\n\n<p class=\"has-medium-font-size wp-block-paragraph\">El verano es sin\u00f3nimo de vitalidad y frescura, y esto se refleja en los colores y textiles que elegimos para nuestra decoraci\u00f3n. Los tonos brillantes y frescos como el azul turquesa, el verde esmeralda y el blanco puro son perfectos para esta temporada. Estos colores evocan im\u00e1genes de playas, cielos despejados y d\u00edas soleados. Opta por textiles frescos como el algod\u00f3n y la seda, que son ideales para mantener los espacios frescos y c\u00f3modos. Los estampados tropicales y n\u00e1uticos tambi\u00e9n son una excelente opci\u00f3n para a\u00f1adir un toque veraniego a tu hogar.<\/p>\n\n\n\n<h3 class=\"wp-block-heading\"><span class=\"ez-toc-section\" id=\"Elementos_naturales\"><\/span>Elementos naturales<span class=\"ez-toc-section-end\"><\/span><\/h3>\n\n\n\n<p class=\"has-medium-font-size wp-block-paragraph\">Incorporar elementos naturales en la decoraci\u00f3n de verano, ya sea en tu <a href=\"https:\/\/mueblesdetena.es\/ru_ru\/dormitorio-de-verano\/\">dormitorio veraniego<\/a> o en tu sal\u00f3n, puede traer la frescura del exterior al interior de tu hogar. Decorar con conchas, piedras y madera flotante puede evocar la sensaci\u00f3n de estar en la playa. Las cestas de mimbre, los jarrones de cer\u00e1mica y los accesorios de bamb\u00fa tambi\u00e9n a\u00f1aden un toque natural y veraniego. Si tienes un espacio exterior, como un balc\u00f3n o una terraza, considera integrar muebles de exterior como sillas de mimbre, hamacas o mesas de madera para crear un ambiente acogedor y relajante.<\/p>\n\n\n\n<h3 class=\"wp-block-heading\"><span class=\"ez-toc-section\" id=\"Iluminacion_y_ventilacion\"><\/span>Iluminaci\u00f3n y ventilaci\u00f3n<span class=\"ez-toc-section-end\"><\/span><\/h3>\n\n\n\n<p class=\"has-medium-font-size wp-block-paragraph\">La iluminaci\u00f3n y la ventilaci\u00f3n son cruciales durante el verano. Aprovecha al m\u00e1ximo la luz natural abriendo las ventanas y usando cortinas ligeras que permitan la entrada de luz pero mantengan la privacidad. Las l\u00e1mparas de tonos claros y materiales naturales como el rat\u00e1n o el bamb\u00fa pueden complementar el ambiente fresco del verano. Adem\u00e1s, el uso de ventiladores de techo o port\u00e1tiles puede ayudar a mantener el aire en movimiento y reducir la sensaci\u00f3n de calor en los d\u00edas m\u00e1s calurosos.<\/p>\n\n\n\n<h3 class=\"wp-block-heading\"><span class=\"ez-toc-section\" id=\"Accesorios_y_detalles-2\"><\/span>Accesorios y detalles<span class=\"ez-toc-section-end\"><\/span><\/h3>\n\n\n\n<p class=\"has-medium-font-size wp-block-paragraph\">Los detalles son fundamentales para capturar la esencia del verano en tu decoraci\u00f3n. Cojines y alfombras con estampados tropicales o n\u00e1uticos pueden dar un toque divertido y fresco a cualquier espacio. Las velas arom\u00e1ticas con fragancias c\u00edtricas o florales pueden llenar tu hogar con el aroma del verano. No olvides los peque\u00f1os detalles como marcos de fotos con im\u00e1genes de tus vacaciones, jarrones con flores frescas o plantas en macetas decorativas. Estos elementos no solo embellecen el espacio, sino que tambi\u00e9n evocan recuerdos felices y relajantes del verano.<\/p>\n\n\n\n<h3 class=\"wp-block-heading\"><span class=\"ez-toc-section\" id=\"Crear_un_ambiente_veraniego\"><\/span>Crear un ambiente veraniego<span class=\"ez-toc-section-end\"><\/span><\/h3>\n\n\n\n<p class=\"has-medium-font-size wp-block-paragraph\">Para crear un ambiente veraniego completo, es esencial combinar estos elementos de manera armoniosa. Considera c\u00f3mo los colores, las texturas y los accesorios pueden trabajar juntos para reflejar la vitalidad y la frescura del verano. Mant\u00e9n los espacios abiertos y aireados, permitiendo que la luz natural y el aire fresco fluyan libremente. Con estos sencillos cambios, tu hogar se convertir\u00e1 en un refugio veraniego lleno de energ\u00eda y serenidad.<\/p>\n\n\n\n<figure class=\"wp-block-image alignfull size-large\"><img decoding=\"async\" width=\"1024\" height=\"575\" src=\"https:\/\/mueblesdetena.es\/wp-content\/uploads\/2024\/07\/decoracion-verano-1024x575.jpg\" alt=\"\" class=\"wp-image-31234\" srcset=\"https:\/\/mueblesdetena.es\/wp-content\/uploads\/2024\/07\/decoracion-verano-1024x575.jpg 1024w, https:\/\/mueblesdetena.es\/wp-content\/uploads\/2024\/07\/decoracion-verano-300x168.jpg 300w, https:\/\/mueblesdetena.es\/wp-content\/uploads\/2024\/07\/decoracion-verano-768x431.jpg 768w, https:\/\/mueblesdetena.es\/wp-content\/uploads\/2024\/07\/decoracion-verano-600x337.jpg 600w, https:\/\/mueblesdetena.es\/wp-content\/uploads\/2024\/07\/decoracion-verano.jpg 1368w\" sizes=\"(max-width: 1024px) 100vw, 1024px\" \/><\/figure>\n\n\n\n<div style=\"height:100px\" aria-hidden=\"true\" class=\"wp-block-spacer\"><\/div>\n\n\n\n<h2 class=\"wp-block-heading\"><span class=\"ez-toc-section\" id=\"Otono_calidez_y_confort\"><\/span>Oto\u00f1o: calidez y confort<span class=\"ez-toc-section-end\"><\/span><\/h2>\n\n\n\n<h3 class=\"wp-block-heading\"><span class=\"ez-toc-section\" id=\"Colores_y_textiles-3\"><\/span>Colores y textiles<span class=\"ez-toc-section-end\"><\/span><\/h3>\n\n\n\n<p class=\"has-medium-font-size wp-block-paragraph\">El oto\u00f1o es la estaci\u00f3n perfecta para abrazar la calidez y el confort en la decoraci\u00f3n de tu hogar. Los tonos c\u00e1lidos como el naranja, rojo, marr\u00f3n y amarillo dorado son ideales para esta temporada. Estos colores evocan la belleza de las hojas ca\u00eddas y los atardeceres oto\u00f1ales. Opta por textiles acogedores como la lana, el terciopelo y el tweed. Mantas gruesas, cojines de felpa y cortinas pesadas pueden transformar cualquier espacio en un refugio c\u00e1lido y acogedor.<\/p>\n\n\n\n<h3 class=\"wp-block-heading\"><span class=\"ez-toc-section\" id=\"Decoracion_tematica\"><\/span>Decoraci\u00f3n tem\u00e1tica<span class=\"ez-toc-section-end\"><\/span><\/h3>\n\n\n\n<p class=\"has-medium-font-size wp-block-paragraph\">Incorporar elementos naturales y tem\u00e1ticos del oto\u00f1o puede a\u00f1adir un toque especial a tu decoraci\u00f3n. Utiliza hojas secas, pi\u00f1as, calabazas y ramas para crear arreglos decorativos en jarrones, centros de mesa o guirnaldas. Los colores tierra y los materiales naturales como la madera y el mimbre son perfectos para a\u00f1adir un toque r\u00fastico y acogedor. Las velas y las luces c\u00e1lidas tambi\u00e9n pueden contribuir a crear un ambiente \u00edntimo y relajante.<\/p>\n\n\n\n<h3 class=\"wp-block-heading\"><span class=\"ez-toc-section\" id=\"Muebles_y_disposicion\"><\/span>Muebles y disposici\u00f3n<span class=\"ez-toc-section-end\"><\/span><\/h3>\n\n\n\n<p class=\"has-medium-font-size wp-block-paragraph\">La disposici\u00f3n de los muebles en oto\u00f1o debe centrarse en crear espacios acogedores y funcionales. Reorganiza tus muebles para fomentar la conversaci\u00f3n y el confort. Coloca los sof\u00e1s y sillones cerca de chimeneas, si tienes una, o agrupa los asientos alrededor de una mesa de caf\u00e9 para crear un espacio central acogedor. A\u00f1ade mantas y cojines en abundancia para invitar al descanso y la relajaci\u00f3n. Las alfombras gruesas tambi\u00e9n pueden a\u00f1adir calidez y suavidad a cualquier habitaci\u00f3n.<\/p>\n\n\n\n<h3 class=\"wp-block-heading\"><span class=\"ez-toc-section\" id=\"Iluminacion_y_ambiente\"><\/span>Iluminaci\u00f3n y ambiente<span class=\"ez-toc-section-end\"><\/span><\/h3>\n\n\n\n<p class=\"has-medium-font-size wp-block-paragraph\">La iluminaci\u00f3n juega un papel crucial en la creaci\u00f3n de un ambiente oto\u00f1al acogedor. Opta por luces suaves y c\u00e1lidas para imitar la luz natural del oto\u00f1o. Las l\u00e1mparas de mesa con pantallas de tonos c\u00e1lidos, las guirnaldas de luces y las velas pueden a\u00f1adir un brillo acogedor y crear un ambiente \u00edntimo. No olvides incluir l\u00e1mparas de pie en los rincones de lectura y espacios de descanso para proporcionar una iluminaci\u00f3n adecuada y funcional.<\/p>\n\n\n\n<h3 class=\"wp-block-heading\"><span class=\"ez-toc-section\" id=\"Accesorios_y_detalles-3\"><\/span>Accesorios y detalles<span class=\"ez-toc-section-end\"><\/span><\/h3>\n\n\n\n<p class=\"has-medium-font-size wp-block-paragraph\">Los peque\u00f1os detalles pueden marcar una gran diferencia en la decoraci\u00f3n oto\u00f1al. A\u00f1ade cojines y mantas con estampados oto\u00f1ales, como cuadros escoceses o motivos de hojas. Los jarrones con ramas secas, las cestas de mimbre con pi\u00f1as y las bandejas de madera con velas arom\u00e1ticas pueden dar un toque especial a cualquier espacio. No olvides incluir elementos que reflejen tu estilo personal y hagan que tu hogar se sienta verdaderamente tuyo.<\/p>\n\n\n\n<h3 class=\"wp-block-heading\"><span class=\"ez-toc-section\" id=\"Crear_un_ambiente_otonal\"><\/span>Crear un ambiente oto\u00f1al<span class=\"ez-toc-section-end\"><\/span><\/h3>\n\n\n\n<p class=\"has-medium-font-size wp-block-paragraph\">Para crear un ambiente oto\u00f1al completo, combina todos estos elementos de manera armoniosa. Piensa en c\u00f3mo los colores, las texturas y los accesorios pueden trabajar juntos para crear una sensaci\u00f3n de calidez y confort. Aprovecha al m\u00e1ximo la luz natural durante el d\u00eda y utiliza iluminaci\u00f3n suave y c\u00e1lida por la noche. Con estos sencillos cambios, tu hogar se convertir\u00e1 en un refugio acogedor y confortable, perfecto para disfrutar de las tardes oto\u00f1ales.<\/p>\n\n\n\n<p class=\"has-medium-font-size wp-block-paragraph\">Con estos consejos, podr\u00e1s transformar tu hogar en un espacio c\u00e1lido y acogedor que refleje la esencia del oto\u00f1o, invitando a disfrutar de momentos de relajaci\u00f3n y confort.<\/p>\n\n\n\n<figure class=\"wp-block-image alignfull size-large\"><img decoding=\"async\" width=\"1024\" height=\"575\" src=\"https:\/\/mueblesdetena.es\/wp-content\/uploads\/2024\/07\/decoracion-otono-1024x575.jpg\" alt=\"\" class=\"wp-image-31236\" srcset=\"https:\/\/mueblesdetena.es\/wp-content\/uploads\/2024\/07\/decoracion-otono-1024x575.jpg 1024w, https:\/\/mueblesdetena.es\/wp-content\/uploads\/2024\/07\/decoracion-otono-300x168.jpg 300w, https:\/\/mueblesdetena.es\/wp-content\/uploads\/2024\/07\/decoracion-otono-768x431.jpg 768w, https:\/\/mueblesdetena.es\/wp-content\/uploads\/2024\/07\/decoracion-otono-600x337.jpg 600w, https:\/\/mueblesdetena.es\/wp-content\/uploads\/2024\/07\/decoracion-otono.jpg 1368w\" sizes=\"(max-width: 1024px) 100vw, 1024px\" \/><\/figure>\n\n\n\n<div style=\"height:100px\" aria-hidden=\"true\" class=\"wp-block-spacer\"><\/div>\n\n\n\n<h2 class=\"wp-block-heading\"><span class=\"ez-toc-section\" id=\"Invierno_elegancia_y_abrigo\"><\/span>Invierno: elegancia y abrigo<span class=\"ez-toc-section-end\"><\/span><\/h2>\n\n\n\n<h3 class=\"wp-block-heading\"><span class=\"ez-toc-section\" id=\"Colores_y_textiles-4\"><\/span>Colores y textiles<span class=\"ez-toc-section-end\"><\/span><\/h3>\n\n\n\n<p class=\"has-medium-font-size wp-block-paragraph\">El invierno es la estaci\u00f3n ideal para envolver tu hogar en una atm\u00f3sfera de elegancia y abrigo. Los colores fr\u00edos como el azul marino, el gris y el blanco combinados con tonos c\u00e1lidos como el rojo profundo y el burdeos crean un contraste sofisticado y acogedor. Los textiles juegan un papel crucial en esta temporada: opta por materiales gruesos y lujosos como la lana, el cachemir y el terciopelo. Estas texturas no solo a\u00f1aden calor sino tambi\u00e9n un toque de lujo a cualquier habitaci\u00f3n.<\/p>\n\n\n\n<h3 class=\"wp-block-heading\"><span class=\"ez-toc-section\" id=\"Decoracion_festiva\"><\/span>Decoraci\u00f3n festiva<span class=\"ez-toc-section-end\"><\/span><\/h3>\n\n\n\n<p class=\"has-medium-font-size wp-block-paragraph\">La decoraci\u00f3n festiva es esencial en invierno, especialmente durante la temporada navide\u00f1a. Los elementos brillantes y met\u00e1licos como el oro, la plata y el cobre pueden a\u00f1adir un toque de elegancia a tu hogar. Adorna tu espacio con guirnaldas, luces brillantes y adornos navide\u00f1os. Un \u00e1rbol de Navidad bellamente decorado se convierte en el centro de atenci\u00f3n, mientras que las coronas y los centros de mesa festivos completan la decoraci\u00f3n tem\u00e1tica. No olvides las velas, que no solo proporcionan iluminaci\u00f3n c\u00e1lida sino tambi\u00e9n una sensaci\u00f3n de confort y celebraci\u00f3n.<\/p>\n\n\n\n<h3 class=\"wp-block-heading\"><span class=\"ez-toc-section\" id=\"Ambientes_acogedores\"><\/span>Ambientes acogedores<span class=\"ez-toc-section-end\"><\/span><\/h3>\n\n\n\n<p class=\"has-medium-font-size wp-block-paragraph\">Crear ambientes acogedores es fundamental en invierno. Los rincones de lectura con una l\u00e1mpara de pie y una manta mullida invitan a relajarse con un buen libro. Coloca mantas y cojines de texturas suaves y c\u00e1lidas en sof\u00e1s y sillas para a\u00f1adir un toque extra de confort. Las alfombras gruesas no solo mantienen el calor, sino que tambi\u00e9n proporcionan una base suave y c\u00f3moda para caminar. Los muebles tapizados en tejidos acogedores pueden transformar cualquier espacio en un refugio de invierno.<\/p>\n\n\n\n<h3 class=\"wp-block-heading\"><span class=\"ez-toc-section\" id=\"Iluminacion_y_ambiente-2\"><\/span>Iluminaci\u00f3n y ambiente<span class=\"ez-toc-section-end\"><\/span><\/h3>\n\n\n\n<p class=\"has-medium-font-size wp-block-paragraph\">La iluminaci\u00f3n es clave para establecer un ambiente invernal elegante y acogedor. Utiliza luces suaves y c\u00e1lidas para crear un ambiente \u00edntimo. Las l\u00e1mparas de mesa con pantallas de tonos c\u00e1lidos, las velas y las luces de cadena pueden a\u00f1adir un brillo acogedor. Las l\u00e1mparas de pie en los rincones y las luces empotradas con reguladores de intensidad permiten ajustar la iluminaci\u00f3n seg\u00fan el momento del d\u00eda y la actividad. La iluminaci\u00f3n indirecta, como las luces detr\u00e1s de los muebles o en las estanter\u00edas, tambi\u00e9n puede a\u00f1adir una sensaci\u00f3n de profundidad y calidez.<\/p>\n\n\n\n<h3 class=\"wp-block-heading\"><span class=\"ez-toc-section\" id=\"Accesorios_y_detalles-4\"><\/span>Accesorios y detalles<span class=\"ez-toc-section-end\"><\/span><\/h3>\n\n\n\n<p class=\"has-medium-font-size wp-block-paragraph\">Los accesorios y los detalles marcan una gran diferencia en la decoraci\u00f3n invernal. Cojines de terciopelo, mantas de lana y fundas de almohada de piel sint\u00e9tica pueden aportar un toque de lujo y confort. Los jarrones con ramas de pino, las cestas de mimbre llenas de pi\u00f1as y las bandejas con velas arom\u00e1ticas contribuyen a la atm\u00f3sfera invernal. Los espejos con marcos decorativos pueden ayudar a reflejar la luz y hacer que los espacios se sientan m\u00e1s grandes y luminosos. No olvides los peque\u00f1os detalles que reflejan tu estilo personal y hacen que tu hogar sea \u00fanico.<\/p>\n\n\n\n<h3 class=\"wp-block-heading\"><span class=\"ez-toc-section\" id=\"Crear_un_ambiente_invernal\"><\/span>Crear un ambiente invernal<span class=\"ez-toc-section-end\"><\/span><\/h3>\n\n\n\n<p class=\"has-medium-font-size wp-block-paragraph\">Para crear un ambiente invernal completo, es importante combinar todos estos elementos de manera armoniosa. Considera c\u00f3mo los colores, las texturas y los accesorios pueden trabajar juntos para crear una sensaci\u00f3n de elegancia y abrigo. Aprovecha al m\u00e1ximo la luz natural durante el d\u00eda y utiliza iluminaci\u00f3n suave y c\u00e1lida por la noche. Con estos sencillos cambios, tu hogar se convertir\u00e1 en un refugio elegante y confortable, perfecto para disfrutar de las noches invernales y las festividades de la temporada.<\/p>\n\n\n\n<p class=\"has-medium-font-size wp-block-paragraph\">Con estos consejos, podr\u00e1s transformar tu hogar en un espacio lleno de elegancia y abrigo, donde cada rinc\u00f3n invita a la relajaci\u00f3n y al disfrute del invierno.<\/p>\n\n\n\n<figure class=\"wp-block-image alignfull size-large\"><img loading=\"lazy\" decoding=\"async\" width=\"1024\" height=\"604\" src=\"https:\/\/mueblesdetena.es\/wp-content\/uploads\/2024\/07\/decoracion-invierno-1024x604.jpg\" alt=\"\" class=\"wp-image-31237\" srcset=\"https:\/\/mueblesdetena.es\/wp-content\/uploads\/2024\/07\/decoracion-invierno-1024x604.jpg 1024w, https:\/\/mueblesdetena.es\/wp-content\/uploads\/2024\/07\/decoracion-invierno-300x177.jpg 300w, https:\/\/mueblesdetena.es\/wp-content\/uploads\/2024\/07\/decoracion-invierno-768x453.jpg 768w, https:\/\/mueblesdetena.es\/wp-content\/uploads\/2024\/07\/decoracion-invierno-600x354.jpg 600w, https:\/\/mueblesdetena.es\/wp-content\/uploads\/2024\/07\/decoracion-invierno.jpg 1280w\" sizes=\"(max-width: 1024px) 100vw, 1024px\" \/><\/figure>\n\n\n\n<div style=\"height:100px\" aria-hidden=\"true\" class=\"wp-block-spacer\"><\/div>\n\n\n\n<p class=\"has-medium-font-size wp-block-paragraph\">La decoraci\u00f3n de temporada es una herramienta poderosa para transformar nuestros espacios y adaptarlos a las caracter\u00edsticas \u00fanicas de cada estaci\u00f3n del a\u00f1o. Desde la frescura y vitalidad de la primavera y el verano, hasta la calidez y confort del oto\u00f1o y el invierno, cada temporada nos ofrece la oportunidad de renovar nuestro hogar y hacerlo m\u00e1s acogedor y atractivo.<\/p>\n\n\n\n<p class=\"has-medium-font-size wp-block-paragraph\">Adoptar colores, textiles, y elementos decorativos espec\u00edficos para cada estaci\u00f3n no solo embellece nuestro entorno, sino que tambi\u00e9n influye en nuestro estado de \u00e1nimo y bienestar. Peque\u00f1os detalles como cojines, mantas, plantas, y accesorios pueden marcar una gran diferencia, creando ambientes armoniosos y llenos de vida.<\/p>\n\n\n\n<p class=\"has-medium-font-size wp-block-paragraph\">En Muebles de Tena, comprendemos la importancia de la decoraci\u00f3n de temporada y estamos aqu\u00ed para ayudarte a encontrar los muebles y accesorios perfectos para cada estaci\u00f3n. Nuestro objetivo es inspirarte a transformar tu hogar de manera sencilla y efectiva, reflejando la esencia de cada temporada y haciendo de tu espacio un lugar donde siempre te sientas bienvenido y confortable.<\/p>\n\n\n\n<p class=\"has-medium-font-size wp-block-paragraph\">Te invitamos a explorar nuestra colecci\u00f3n y a descubrir c\u00f3mo puedes renovar tu hogar con la magia de la decoraci\u00f3n de temporada. No olvides suscribirte a nuestro blog para recibir m\u00e1s consejos y trucos de decoraci\u00f3n, y estar al tanto de las \u00faltimas tendencias. \u00a1Transforma tu hogar y disfruta de cada estaci\u00f3n al m\u00e1ximo!<\/p>","protected":false},"excerpt":{"rendered":"<p>La decoraci\u00f3n de temporada es una forma maravillosa de transformar nuestros espacios, adapt\u00e1ndolos a las caracter\u00edsticas y sensaciones de cada estaci\u00f3n del a\u00f1o. Con peque\u00f1os detalles y algunos cambios estrat\u00e9gicos, podemos renovar el ambiente de nuestro hogar, haci\u00e9ndolo m\u00e1s acogedor, vibrante y a la moda. Ya sea primavera, verano, oto\u00f1o o invierno, cada temporada trae [&hellip;]<\/p>\n","protected":false},"author":267,"featured_media":31235,"comment_status":"open","ping_status":"open","sticky":false,"template":"","format":"standard","meta":{"site-sidebar-layout":"default","site-content-layout":"","ast-site-content-layout":"default","site-content-style":"default","site-sidebar-style":"default","ast-global-header-display":"","ast-banner-title-visibility":"","ast-main-header-display":"","ast-hfb-above-header-display":"","ast-hfb-below-header-display":"","ast-hfb-mobile-header-display":"","site-post-title":"","ast-breadcrumbs-content":"","ast-featured-img":"","footer-sml-layout":"","ast-disable-related-posts":"","theme-transparent-header-meta":"","adv-header-id-meta":"","stick-header-meta":"","header-above-stick-meta":"","header-main-stick-meta":"","header-below-stick-meta":"","astra-migrate-meta-layouts":"set","ast-page-background-enabled":"default","ast-page-background-meta":{"desktop":{"background-color":"var(--ast-global-color-4)","background-image":"","background-repeat":"repeat","background-position":"center center","background-size":"auto","background-attachment":"scroll","background-type":"","background-media":"","overlay-type":"","overlay-color":"","overlay-opacity":"","overlay-gradient":""},"tablet":{"background-color":"","background-image":"","background-repeat":"repeat","background-position":"center center","background-size":"auto","background-attachment":"scroll","background-type":"","background-media":"","overlay-type":"","overlay-color":"","overlay-opacity":"","overlay-gradient":""},"mobile":{"background-color":"","background-image":"","background-repeat":"repeat","background-position":"center center","background-size":"auto","background-attachment":"scroll","background-type":"","background-media":"","overlay-type":"","overlay-color":"","overlay-opacity":"","overlay-gradient":""}},"ast-content-background-meta":{"desktop":{"background-color":"var(--ast-global-color-5)","background-image":"","background-repeat":"repeat","background-position":"center center","background-size":"auto","background-attachment":"scroll","background-type":"","background-media":"","overlay-type":"","overlay-color":"","overlay-opacity":"","overlay-gradient":""},"tablet":{"background-color":"var(--ast-global-color-5)","background-image":"","background-repeat":"repeat","background-position":"center center","background-size":"auto","background-attachment":"scroll","background-type":"","background-media":"","overlay-type":"","overlay-color":"","overlay-opacity":"","overlay-gradient":""},"mobile":{"background-color":"var(--ast-global-color-5)","background-image":"","background-repeat":"repeat","background-position":"center center","background-size":"auto","background-attachment":"scroll","background-type":"","background-media":"","overlay-type":"","overlay-color":"","overlay-opacity":"","overlay-gradient":""}},"_joinchat":[],"footnotes":""},"categories":[1],"tags":[],"class_list":["post-31232","post","type-post","status-publish","format-standard","has-post-thumbnail","hentry","category-sin-categoria"],"_links":{"self":[{"href":"https:\/\/mueblesdetena.es\/ru_ru\/wp-json\/wp\/v2\/posts\/31232","targetHints":{"allow":["GET"]}}],"collection":[{"href":"https:\/\/mueblesdetena.es\/ru_ru\/wp-json\/wp\/v2\/posts"}],"about":[{"href":"https:\/\/mueblesdetena.es\/ru_ru\/wp-json\/wp\/v2\/types\/post"}],"author":[{"embeddable":true,"href":"https:\/\/mueblesdetena.es\/ru_ru\/wp-json\/wp\/v2\/users\/267"}],"replies":[{"embeddable":true,"href":"https:\/\/mueblesdetena.es\/ru_ru\/wp-json\/wp\/v2\/comments?post=31232"}],"version-history":[{"count":3,"href":"https:\/\/mueblesdetena.es\/ru_ru\/wp-json\/wp\/v2\/posts\/31232\/revisions"}],"predecessor-version":[{"id":31302,"href":"https:\/\/mueblesdetena.es\/ru_ru\/wp-json\/wp\/v2\/posts\/31232\/revisions\/31302"}],"wp:featuredmedia":[{"embeddable":true,"href":"https:\/\/mueblesdetena.es\/ru_ru\/wp-json\/wp\/v2\/media\/31235"}],"wp:attachment":[{"href":"https:\/\/mueblesdetena.es\/ru_ru\/wp-json\/wp\/v2\/media?parent=31232"}],"wp:term":[{"taxonomy":"category","embeddable":true,"href":"https:\/\/mueblesdetena.es\/ru_ru\/wp-json\/wp\/v2\/categories?post=31232"},{"taxonomy":"post_tag","embeddable":true,"href":"https:\/\/mueblesdetena.es\/ru_ru\/wp-json\/wp\/v2\/tags?post=31232"}],"curies":[{"name":"wp","href":"https:\/\/api.w.org\/{rel}","templated":true}]}}