{"id":31568,"date":"2024-07-18T09:49:48","date_gmt":"2024-07-18T07:49:48","guid":{"rendered":"https:\/\/mueblesdetena.es\/?p=31568"},"modified":"2024-07-18T09:50:54","modified_gmt":"2024-07-18T07:50:54","slug":"guia-cunas-convertibles","status":"publish","type":"post","link":"https:\/\/mueblesdetena.es\/ru_ru\/guia-cunas-convertibles\/","title":{"rendered":"Gu\u00eda completa sobre cunas convertibles: La mejor opci\u00f3n para el crecimiento de tu beb\u00e9"},"content":{"rendered":"\n<p class=\"has-medium-font-size wp-block-paragraph\">Elegir la cuna adecuada para tu beb\u00e9 es una de las decisiones m\u00e1s importantes que tomar\u00e1s. Una opci\u00f3n que cada vez gana m\u00e1s popularidad entre los padres modernos es la cuna convertible. Este tipo de cuna no solo ofrece un lugar seguro y c\u00f3modo para que tu beb\u00e9 duerma, sino que tambi\u00e9n se adapta al crecimiento del ni\u00f1o, transform\u00e1ndose en diferentes tipos de camas a medida que crece.<\/p>\n\n\n\n<p class=\"has-medium-font-size wp-block-paragraph\">Esto no solo proporciona comodidad y seguridad a lo largo de los a\u00f1os, sino que tambi\u00e9n representa una inversi\u00f3n inteligente y econ\u00f3mica. En esta gu\u00eda completa, exploraremos todo lo que necesitas saber sobre las cunas convertibles, desde sus beneficios y tipos hasta consejos para elegir la mejor opci\u00f3n para tu hogar.<\/p>\n\n\n\n<p class=\"has-medium-font-size wp-block-paragraph\">Acomp\u00e1\u00f1anos en este recorrido y descubre por qu\u00e9 una cuna convertible podr\u00eda ser la elecci\u00f3n perfecta para tu beb\u00e9.<\/p>\n\n\n\n<div id=\"ez-toc-container\" class=\"ez-toc-v2_0_85 counter-hierarchy ez-toc-counter ez-toc-grey ez-toc-container-direction\">\n<div class=\"ez-toc-title-container\">\n<p class=\"ez-toc-title\" style=\"cursor:inherit\">Table of Contents<\/p>\n<span class=\"ez-toc-title-toggle\"><a href=\"#\" class=\"ez-toc-pull-right ez-toc-btn ez-toc-btn-xs ez-toc-btn-default ez-toc-toggle\" aria-label=\"Toggle Table of Content\"><span class=\"ez-toc-js-icon-con\"><span class=\"\"><span class=\"eztoc-hide\" style=\"display:none;\">Toggle<\/span><span class=\"ez-toc-icon-toggle-span\"><svg style=\"fill: #999;color:#999\" xmlns=\"http:\/\/www.w3.org\/2000\/svg\" class=\"list-377408\" width=\"20px\" height=\"20px\" viewBox=\"0 0 24 24\" fill=\"none\"><path d=\"M6 6H4v2h2V6zm14 0H8v2h12V6zM4 11h2v2H4v-2zm16 0H8v2h12v-2zM4 16h2v2H4v-2zm16 0H8v2h12v-2z\" fill=\"currentColor\"><\/path><\/svg><svg style=\"fill: #999;color:#999\" class=\"arrow-unsorted-368013\" xmlns=\"http:\/\/www.w3.org\/2000\/svg\" width=\"10px\" height=\"10px\" viewBox=\"0 0 24 24\" version=\"1.2\" baseProfile=\"tiny\"><path d=\"M18.2 9.3l-6.2-6.3-6.2 6.3c-.2.2-.3.4-.3.7s.1.5.3.7c.2.2.4.3.7.3h11c.3 0 .5-.1.7-.3.2-.2.3-.5.3-.7s-.1-.5-.3-.7zM5.8 14.7l6.2 6.3 6.2-6.3c.2-.2.3-.5.3-.7s-.1-.5-.3-.7c-.2-.2-.4-.3-.7-.3h-11c-.3 0-.5.1-.7.3-.2.2-.3.5-.3.7s.1.5.3.7z\"\/><\/svg><\/span><\/span><\/span><\/a><\/span><\/div>\n<nav><ul class='ez-toc-list ez-toc-list-level-1 ' ><li class='ez-toc-page-1 ez-toc-heading-level-2'><a class=\"ez-toc-link ez-toc-heading-1\" href=\"https:\/\/mueblesdetena.es\/ru_ru\/guia-cunas-convertibles\/#%C2%BFQue_es_una_cuna_convertible\" >\u00bfQu\u00e9 es una cuna convertible?<\/a><ul class='ez-toc-list-level-3' ><li class='ez-toc-heading-level-3'><a class=\"ez-toc-link ez-toc-heading-2\" href=\"https:\/\/mueblesdetena.es\/ru_ru\/guia-cunas-convertibles\/#Definicion_de_cuna_convertible\" >Definici\u00f3n de cuna convertible<\/a><\/li><li class='ez-toc-page-1 ez-toc-heading-level-3'><a class=\"ez-toc-link ez-toc-heading-3\" href=\"https:\/\/mueblesdetena.es\/ru_ru\/guia-cunas-convertibles\/#Ventajas_de_elegir_una_cuna_convertible\" >Ventajas de elegir una cuna convertible<\/a><\/li><li class='ez-toc-page-1 ez-toc-heading-level-3'><a class=\"ez-toc-link ez-toc-heading-4\" href=\"https:\/\/mueblesdetena.es\/ru_ru\/guia-cunas-convertibles\/#Diferencias_entre_una_cuna_tradicional_y_una_cuna_convertible\" >Diferencias entre una cuna tradicional y una cuna convertible<\/a><\/li><li class='ez-toc-page-1 ez-toc-heading-level-3'><a class=\"ez-toc-link ez-toc-heading-5\" href=\"https:\/\/mueblesdetena.es\/ru_ru\/guia-cunas-convertibles\/#Antes\" >Antes<\/a><\/li><li class='ez-toc-page-1 ez-toc-heading-level-3'><a class=\"ez-toc-link ez-toc-heading-6\" href=\"https:\/\/mueblesdetena.es\/ru_ru\/guia-cunas-convertibles\/#Despues\" >Despu\u00e9s<\/a><\/li><\/ul><\/li><li class='ez-toc-page-1 ez-toc-heading-level-2'><a class=\"ez-toc-link ez-toc-heading-7\" href=\"https:\/\/mueblesdetena.es\/ru_ru\/guia-cunas-convertibles\/#Beneficios_de_una_cuna_convertible\" >Beneficios de una cuna convertible<\/a><ul class='ez-toc-list-level-3' ><li class='ez-toc-heading-level-3'><a class=\"ez-toc-link ez-toc-heading-8\" href=\"https:\/\/mueblesdetena.es\/ru_ru\/guia-cunas-convertibles\/#Durabilidad_y_longevidad\" >Durabilidad y longevidad<\/a><\/li><li class='ez-toc-page-1 ez-toc-heading-level-3'><a class=\"ez-toc-link ez-toc-heading-9\" href=\"https:\/\/mueblesdetena.es\/ru_ru\/guia-cunas-convertibles\/#Ahorro_economico_a_largo_plazo\" >Ahorro econ\u00f3mico a largo plazo<\/a><\/li><li class='ez-toc-page-1 ez-toc-heading-level-3'><a class=\"ez-toc-link ez-toc-heading-10\" href=\"https:\/\/mueblesdetena.es\/ru_ru\/guia-cunas-convertibles\/#Versatilidad_y_adaptabilidad\" >Versatilidad y adaptabilidad<\/a><\/li><\/ul><\/li><li class='ez-toc-page-1 ez-toc-heading-level-2'><a class=\"ez-toc-link ez-toc-heading-11\" href=\"https:\/\/mueblesdetena.es\/ru_ru\/guia-cunas-convertibles\/#Tipos_de_cunas_convertibles\" >Tipos de cunas convertibles<\/a><ul class='ez-toc-list-level-3' ><li class='ez-toc-heading-level-3'><a class=\"ez-toc-link ez-toc-heading-12\" href=\"https:\/\/mueblesdetena.es\/ru_ru\/guia-cunas-convertibles\/#Cunas_2_en_1\" >Cunas 2 en 1<\/a><\/li><li class='ez-toc-page-1 ez-toc-heading-level-3'><a class=\"ez-toc-link ez-toc-heading-13\" href=\"https:\/\/mueblesdetena.es\/ru_ru\/guia-cunas-convertibles\/#Cunas_3_en_1\" >Cunas 3 en 1<\/a><\/li><li class='ez-toc-page-1 ez-toc-heading-level-3'><a class=\"ez-toc-link ez-toc-heading-14\" href=\"https:\/\/mueblesdetena.es\/ru_ru\/guia-cunas-convertibles\/#Cunas_4_en_1\" >Cunas 4 en 1<\/a><\/li><\/ul><\/li><li class='ez-toc-page-1 ez-toc-heading-level-2'><a class=\"ez-toc-link ez-toc-heading-15\" href=\"https:\/\/mueblesdetena.es\/ru_ru\/guia-cunas-convertibles\/#%C2%BFComo_elegir_la_mejor_cuna_convertible\" >\u00bfC\u00f3mo elegir la mejor cuna convertible?<\/a><ul class='ez-toc-list-level-3' ><li class='ez-toc-heading-level-3'><a class=\"ez-toc-link ez-toc-heading-16\" href=\"https:\/\/mueblesdetena.es\/ru_ru\/guia-cunas-convertibles\/#Material_y_fabricacion\" >Material y fabricaci\u00f3n<\/a><\/li><li class='ez-toc-page-1 ez-toc-heading-level-3'><a class=\"ez-toc-link ez-toc-heading-17\" href=\"https:\/\/mueblesdetena.es\/ru_ru\/guia-cunas-convertibles\/#Seguridad\" >Seguridad<\/a><\/li><li class='ez-toc-page-1 ez-toc-heading-level-3'><a class=\"ez-toc-link ez-toc-heading-18\" href=\"https:\/\/mueblesdetena.es\/ru_ru\/guia-cunas-convertibles\/#Estilo_y_diseno\" >Estilo y dise\u00f1o<\/a><\/li><li class='ez-toc-page-1 ez-toc-heading-level-3'><a class=\"ez-toc-link ez-toc-heading-19\" href=\"https:\/\/mueblesdetena.es\/ru_ru\/guia-cunas-convertibles\/#Precio_y_valor\" >Precio y valor<\/a><\/li><li class='ez-toc-page-1 ez-toc-heading-level-3'><a class=\"ez-toc-link ez-toc-heading-20\" href=\"https:\/\/mueblesdetena.es\/ru_ru\/guia-cunas-convertibles\/#Consideraciones_adicionales\" >Consideraciones adicionales<\/a><\/li><\/ul><\/li><li class='ez-toc-page-1 ez-toc-heading-level-2'><a class=\"ez-toc-link ez-toc-heading-21\" href=\"https:\/\/mueblesdetena.es\/ru_ru\/guia-cunas-convertibles\/#Nuestras_cunas_convertibles_favoritas\" >Nuestras cunas convertibles favoritas<\/a><\/li><li class='ez-toc-page-1 ez-toc-heading-level-2'><a class=\"ez-toc-link ez-toc-heading-22\" href=\"https:\/\/mueblesdetena.es\/ru_ru\/guia-cunas-convertibles\/#Consejos_para_el_montaje_y_mantenimiento_de_una_cuna_convertible\" >Consejos para el montaje y mantenimiento de una cuna convertible<\/a><ul class='ez-toc-list-level-3' ><li class='ez-toc-heading-level-3'><a class=\"ez-toc-link ez-toc-heading-23\" href=\"https:\/\/mueblesdetena.es\/ru_ru\/guia-cunas-convertibles\/#Guia_de_montaje_paso_a_paso\" >Gu\u00eda de montaje paso a paso<\/a><\/li><li class='ez-toc-page-1 ez-toc-heading-level-3'><a class=\"ez-toc-link ez-toc-heading-24\" href=\"https:\/\/mueblesdetena.es\/ru_ru\/guia-cunas-convertibles\/#Consejos_de_mantenimiento\" >Consejos de mantenimiento<\/a><\/li><li class='ez-toc-page-1 ez-toc-heading-level-3'><a class=\"ez-toc-link ez-toc-heading-25\" href=\"https:\/\/mueblesdetena.es\/ru_ru\/guia-cunas-convertibles\/#Preguntas_frecuentes\" >Preguntas frecuentes<\/a><\/li><\/ul><\/li><li class='ez-toc-page-1 ez-toc-heading-level-2'><a class=\"ez-toc-link ez-toc-heading-26\" href=\"https:\/\/mueblesdetena.es\/ru_ru\/guia-cunas-convertibles\/#Cunas_convertibles_vs_otras_cunas\" >Cunas convertibles vs otras cunas<\/a><ul class='ez-toc-list-level-3' ><li class='ez-toc-heading-level-3'><a class=\"ez-toc-link ez-toc-heading-27\" href=\"https:\/\/mueblesdetena.es\/ru_ru\/guia-cunas-convertibles\/#Cunas_convertibles\" >Cunas convertibles<\/a><\/li><li class='ez-toc-page-1 ez-toc-heading-level-3'><a class=\"ez-toc-link ez-toc-heading-28\" href=\"https:\/\/mueblesdetena.es\/ru_ru\/guia-cunas-convertibles\/#Cunas_tradicionales\" >Cunas tradicionales<\/a><\/li><li class='ez-toc-page-1 ez-toc-heading-level-3'><a class=\"ez-toc-link ez-toc-heading-29\" href=\"https:\/\/mueblesdetena.es\/ru_ru\/guia-cunas-convertibles\/#Cunas_portatiles\" >Cunas port\u00e1tiles<\/a><\/li><li class='ez-toc-page-1 ez-toc-heading-level-3'><a class=\"ez-toc-link ez-toc-heading-30\" href=\"https:\/\/mueblesdetena.es\/ru_ru\/guia-cunas-convertibles\/#Minicunas\" >Minicunas<\/a><\/li><li class='ez-toc-page-1 ez-toc-heading-level-3'><a class=\"ez-toc-link ez-toc-heading-31\" href=\"https:\/\/mueblesdetena.es\/ru_ru\/guia-cunas-convertibles\/#Comparativa_general\" >Comparativa general<\/a><\/li><\/ul><\/li><\/ul><\/nav><\/div>\n<h2 class=\"wp-block-heading\"><span class=\"ez-toc-section\" id=\"%C2%BFQue_es_una_cuna_convertible\"><\/span>\u00bfQu\u00e9 es una cuna convertible?<span class=\"ez-toc-section-end\"><\/span><\/h2>\n\n\n\n<p class=\"has-medium-font-size wp-block-paragraph\">Una cuna convertible es un tipo de cuna dise\u00f1ada para evolucionar junto con el crecimiento de tu hijo. A diferencia de las cunas tradicionales, que solo se utilizan durante los primeros a\u00f1os de vida del beb\u00e9, las cunas convertibles est\u00e1n dise\u00f1adas para transformarse en diferentes tipos de camas, extendiendo su uso por muchos a\u00f1os.<\/p>\n\n\n\n<h3 class=\"wp-block-heading\"><span class=\"ez-toc-section\" id=\"Definicion_de_cuna_convertible\"><\/span>Definici\u00f3n de cuna convertible<span class=\"ez-toc-section-end\"><\/span><\/h3>\n\n\n\n<p class=\"has-medium-font-size wp-block-paragraph\">Una cuna convertible comienza como una cuna est\u00e1ndar para reci\u00e9n nacidos, pero tiene la capacidad de convertirse en una cama para ni\u00f1os peque\u00f1os, una cama de d\u00eda e incluso, en algunos modelos, en una cama de tama\u00f1o completo. Esta versatilidad se logra mediante el uso de kits de conversi\u00f3n y piezas adicionales que permiten modificar la estructura original de la cuna.<\/p>\n\n\n\n<h3 class=\"wp-block-heading\"><span class=\"ez-toc-section\" id=\"Ventajas_de_elegir_una_cuna_convertible\"><\/span>Ventajas de elegir una cuna convertible<span class=\"ez-toc-section-end\"><\/span><\/h3>\n\n\n\n<ul class=\"wp-block-list\">\n<li class=\"has-medium-font-size\"><strong>Durabilidad<\/strong>: Las cunas convertibles est\u00e1n construidas para durar, fabricadas con materiales robustos que pueden soportar varios a\u00f1os de uso.<\/li>\n\n\n\n<li class=\"has-medium-font-size\"><strong>Ahorro econ\u00f3mico<\/strong>: Aunque pueden tener un coste inicial m\u00e1s alto, a largo plazo representan un ahorro significativo, ya que no necesitas comprar nuevas camas a medida que tu hijo crece.<\/li>\n\n\n\n<li class=\"has-medium-font-size\"><strong>Practicidad<\/strong>: Al poder adaptarse a diferentes etapas de crecimiento, las cunas convertibles simplifican el proceso de transici\u00f3n de una cuna a una cama.<\/li>\n<\/ul>\n\n\n\n<h3 class=\"wp-block-heading\"><span class=\"ez-toc-section\" id=\"Diferencias_entre_una_cuna_tradicional_y_una_cuna_convertible\"><\/span>Diferencias entre una cuna tradicional y una cuna convertible<span class=\"ez-toc-section-end\"><\/span><\/h3>\n\n\n\n<ul class=\"wp-block-list\">\n<li class=\"has-medium-font-size\"><strong>Uso prolongado<\/strong>: Una cuna tradicional generalmente se utiliza solo durante los primeros 2-3 a\u00f1os de vida del ni\u00f1o. En cambio, una cuna convertible puede usarse desde el nacimiento hasta la adolescencia.<\/li>\n\n\n\n<li class=\"has-medium-font-size\"><strong>Flexibilidad<\/strong>: Las cunas convertibles ofrecen m\u00faltiples configuraciones, mientras que las cunas tradicionales tienen un solo prop\u00f3sito.<\/li>\n\n\n\n<li class=\"has-medium-font-size\"><strong>Inversi\u00f3n a largo plazo<\/strong>: La inversi\u00f3n en una cuna convertible puede ser m\u00e1s rentable a largo plazo debido a su capacidad de transformaci\u00f3n.<\/li>\n<\/ul>\n\n\n\n<p class=\"has-medium-font-size wp-block-paragraph\">Una cuna convertible es una opci\u00f3n pr\u00e1ctica y econ\u00f3mica que se adapta al crecimiento de tu hijo, proporcionando un lugar seguro y c\u00f3modo para dormir durante muchos a\u00f1os.<\/p>\n\n\n\n<h3 class=\"wp-block-heading\"><span class=\"ez-toc-section\" id=\"Antes\"><\/span>Antes<span class=\"ez-toc-section-end\"><\/span><\/h3>\n\n\n\n<figure class=\"wp-block-image alignfull size-full\"><img fetchpriority=\"high\" decoding=\"async\" width=\"870\" height=\"615\" src=\"https:\/\/mueblesdetena.es\/wp-content\/uploads\/2024\/02\/cuna-convertible-lider-268.jpg\" alt=\"\" class=\"wp-image-21274\"\/><\/figure>\n\n\n\n<h3 class=\"wp-block-heading\"><span class=\"ez-toc-section\" id=\"Despues\"><\/span>Despu\u00e9s<span class=\"ez-toc-section-end\"><\/span><\/h3>\n\n\n\n<figure class=\"wp-block-image alignfull size-full\"><img decoding=\"async\" width=\"920\" height=\"612\" src=\"https:\/\/mueblesdetena.es\/wp-content\/uploads\/2024\/02\/cuna-convertible-lider2.jpg\" alt=\"\" class=\"wp-image-21275\"\/><\/figure>\n\n\n\n<div style=\"height:100px\" aria-hidden=\"true\" class=\"wp-block-spacer\"><\/div>\n\n\n\n<h2 class=\"wp-block-heading\"><span class=\"ez-toc-section\" id=\"Beneficios_de_una_cuna_convertible\"><\/span>Beneficios de una cuna convertible<span class=\"ez-toc-section-end\"><\/span><\/h2>\n\n\n\n<p class=\"has-medium-font-size wp-block-paragraph\">Optar por una cuna convertible ofrece numerosos beneficios tanto para los padres como para los beb\u00e9s. A continuaci\u00f3n, exploramos algunas de las principales ventajas que hacen de las cunas convertibles una elecci\u00f3n popular.<\/p>\n\n\n\n<h3 class=\"wp-block-heading\"><span class=\"ez-toc-section\" id=\"Durabilidad_y_longevidad\"><\/span>Durabilidad y longevidad<span class=\"ez-toc-section-end\"><\/span><\/h3>\n\n\n\n<p class=\"has-medium-font-size wp-block-paragraph\">Una de las principales ventajas de una cuna convertible es su durabilidad. Est\u00e1n dise\u00f1adas para acompa\u00f1ar el crecimiento del ni\u00f1o, lo que significa que una sola cuna puede ser utilizada desde el nacimiento hasta la adolescencia. Al poder transformarse en diferentes tipos de camas, se evita la necesidad de comprar nuevas camas a medida que el ni\u00f1o crece, lo que representa un ahorro significativo a largo plazo.<\/p>\n\n\n\n<h3 class=\"wp-block-heading\"><span class=\"ez-toc-section\" id=\"Ahorro_economico_a_largo_plazo\"><\/span>Ahorro econ\u00f3mico a largo plazo<span class=\"ez-toc-section-end\"><\/span><\/h3>\n\n\n\n<p class=\"has-medium-font-size wp-block-paragraph\">Aunque el precio inicial de una cuna convertible puede ser m\u00e1s alto que el de una cuna tradicional, la inversi\u00f3n se amortiza r\u00e1pidamente. Al no tener que comprar una cama nueva para cada etapa del crecimiento de tu hijo, se reduce considerablemente el gasto en mobiliario. Este ahorro econ\u00f3mico es especialmente valioso para las familias que buscan maximizar su presupuesto sin sacrificar calidad ni seguridad.<\/p>\n\n\n\n<h3 class=\"wp-block-heading\"><span class=\"ez-toc-section\" id=\"Versatilidad_y_adaptabilidad\"><\/span>Versatilidad y adaptabilidad<span class=\"ez-toc-section-end\"><\/span><\/h3>\n\n\n\n<p class=\"has-medium-font-size wp-block-paragraph\">Las cunas convertibles son extremadamente vers\u00e1tiles y adaptables. Pueden transformarse de una cuna para beb\u00e9 a una cama para ni\u00f1os peque\u00f1os, y eventualmente a una cama de tama\u00f1o completo, dependiendo del modelo. Esta flexibilidad permite que la cuna se adapte a las necesidades cambiantes del ni\u00f1o, ofreciendo siempre un espacio adecuado y seguro para dormir. Adem\u00e1s, muchas cunas convertibles incluyen caracter\u00edsticas adicionales, como compartimentos de almacenamiento o la posibilidad de convertirse en un escritorio, a\u00f1adiendo a\u00fan m\u00e1s funcionalidad.<\/p>\n\n\n\n<p class=\"has-medium-font-size wp-block-paragraph\">En resumen, los beneficios de una cuna convertible incluyen su durabilidad, ahorro econ\u00f3mico y versatilidad, lo que la convierte en una opci\u00f3n pr\u00e1ctica y rentable para cualquier familia. Estas cunas est\u00e1n dise\u00f1adas para crecer con tu hijo, proporcionando un lugar seguro y c\u00f3modo para dormir durante muchos a\u00f1os.<\/p>\n\n\n\n<figure class=\"wp-block-image alignfull size-full\"><img decoding=\"async\" width=\"932\" height=\"625\" src=\"https:\/\/mueblesdetena.es\/wp-content\/uploads\/2024\/02\/cuna-convertible-lider270.jpg\" alt=\"\" class=\"wp-image-21055\"\/><\/figure>\n\n\n\n<div style=\"height:100px\" aria-hidden=\"true\" class=\"wp-block-spacer\"><\/div>\n\n\n\n<h2 class=\"wp-block-heading\"><span class=\"ez-toc-section\" id=\"Tipos_de_cunas_convertibles\"><\/span>Tipos de cunas convertibles<span class=\"ez-toc-section-end\"><\/span><\/h2>\n\n\n\n<p class=\"has-medium-font-size wp-block-paragraph\">Las cunas convertibles vienen en una variedad de estilos y configuraciones, cada una dise\u00f1ada para adaptarse a las diferentes etapas del crecimiento de un ni\u00f1o. A continuaci\u00f3n, describimos los tipos m\u00e1s comunes de cunas convertibles y sus caracter\u00edsticas principales.<\/p>\n\n\n\n<h3 class=\"wp-block-heading\"><span class=\"ez-toc-section\" id=\"Cunas_2_en_1\"><\/span>Cunas 2 en 1<span class=\"ez-toc-section-end\"><\/span><\/h3>\n\n\n\n<p class=\"has-medium-font-size wp-block-paragraph\">Las cunas 2 en 1 son las m\u00e1s b\u00e1sicas dentro de las cunas convertibles. Estas cunas pueden transformarse de una cuna para beb\u00e9 a una cama para ni\u00f1os peque\u00f1os. Generalmente, solo requieren la eliminaci\u00f3n de un lateral de la cuna y la adici\u00f3n de una barandilla de seguridad para convertirla en una cama m\u00e1s accesible y adecuada para un ni\u00f1o peque\u00f1o.<\/p>\n\n\n\n<h3 class=\"wp-block-heading\"><span class=\"ez-toc-section\" id=\"Cunas_3_en_1\"><\/span>Cunas 3 en 1<span class=\"ez-toc-section-end\"><\/span><\/h3>\n\n\n\n<p class=\"has-medium-font-size wp-block-paragraph\">Las cunas 3 en 1 ofrecen un nivel adicional de versatilidad. Pueden convertirse de una cuna para beb\u00e9 a una cama para ni\u00f1os peque\u00f1os y, posteriormente, a una cama de d\u00eda. Esta configuraci\u00f3n es ideal para los padres que buscan una opci\u00f3n que pueda servir tambi\u00e9n como un lugar c\u00f3modo para sentarse y relajarse durante el d\u00eda. La conversi\u00f3n a una cama de d\u00eda generalmente implica la eliminaci\u00f3n de uno de los lados m\u00e1s largos de la cuna y, a veces, la adici\u00f3n de un colch\u00f3n m\u00e1s grande.<\/p>\n\n\n\n<h3 class=\"wp-block-heading\"><span class=\"ez-toc-section\" id=\"Cunas_4_en_1\"><\/span>Cunas 4 en 1<span class=\"ez-toc-section-end\"><\/span><\/h3>\n\n\n\n<p class=\"has-medium-font-size wp-block-paragraph\">Las cunas 4 en 1 son las m\u00e1s completas y vers\u00e1tiles. Pueden transformarse de una cuna para beb\u00e9 a una cama para ni\u00f1os peque\u00f1os, una cama de d\u00eda y finalmente una cama de tama\u00f1o completo. Este tipo de cuna ofrece la mayor durabilidad y longevidad, ya que puede usarse durante toda la infancia y adolescencia del ni\u00f1o. La conversi\u00f3n a una cama de tama\u00f1o completo generalmente requiere un kit de conversi\u00f3n adicional que incluye rieles y un colch\u00f3n m\u00e1s grande.<\/p>\n\n\n\n<p class=\"has-medium-font-size wp-block-paragraph\">En resumen, los tipos de cunas convertibles incluyen cunas 2 en 1, 3 en 1 y 4 en 1, cada una con diferentes niveles de adaptabilidad y funcionalidad. Elegir el tipo adecuado depende de tus necesidades espec\u00edficas y de cu\u00e1nto tiempo deseas que la cuna sea \u00fatil para tu hijo. Cada opci\u00f3n ofrece beneficios \u00fanicos que pueden hacer que la inversi\u00f3n valga la pena a largo plazo.<\/p>\n\n\n\n<figure class=\"wp-block-image alignfull size-full\"><img decoding=\"async\" src=\"https:\/\/mueblesdetena.es\/wp-content\/uploads\/2019\/02\/cuna-71-cmpo.jpg\" alt=\"\" class=\"wp-image-25459\"\/><\/figure>\n\n\n\n<div style=\"height:100px\" aria-hidden=\"true\" class=\"wp-block-spacer\"><\/div>\n\n\n\n<h2 class=\"wp-block-heading\"><span class=\"ez-toc-section\" id=\"%C2%BFComo_elegir_la_mejor_cuna_convertible\"><\/span>\u00bfC\u00f3mo elegir la mejor cuna convertible?<span class=\"ez-toc-section-end\"><\/span><\/h2>\n\n\n\n<p class=\"has-medium-font-size wp-block-paragraph\">Elegir la mejor cuna convertible para tu beb\u00e9 puede ser una tarea desafiante debido a la variedad de opciones disponibles. Aqu\u00ed hay algunos factores clave que debes considerar para tomar una decisi\u00f3n informada.<\/p>\n\n\n\n<h3 class=\"wp-block-heading\"><span class=\"ez-toc-section\" id=\"Material_y_fabricacion\"><\/span>Material y fabricaci\u00f3n<span class=\"ez-toc-section-end\"><\/span><\/h3>\n\n\n\n<p class=\"has-medium-font-size wp-block-paragraph\">La calidad del material y la construcci\u00f3n de la cuna son cruciales para garantizar su durabilidad y seguridad. Busca cunas hechas de maderas s\u00f3lidas como el roble, el arce o la caoba, que son conocidas por su resistencia y longevidad. Aseg\u00farate de que la cuna est\u00e9 bien construida, con juntas fuertes y un acabado suave para evitar astillas o bordes afilados.<\/p>\n\n\n\n<h3 class=\"wp-block-heading\"><span class=\"ez-toc-section\" id=\"Seguridad\"><\/span>Seguridad<span class=\"ez-toc-section-end\"><\/span><\/h3>\n\n\n\n<p class=\"has-medium-font-size wp-block-paragraph\">La seguridad es la principal prioridad al elegir una cuna convertible. Verifica que la cuna cumpla con los <a href=\"https:\/\/estilosdevidasaludable.sanidad.gob.es\/seguridad\/pdf\/GuiaSeguridad_ProductosInfantiles.pdf\" target=\"_blank\" rel=\"noreferrer noopener\">est\u00e1ndares de seguridad b\u00e1sicos<\/a> (y si puede ser un poco m\u00e1s, mejor). Busca caracter\u00edsticas de seguridad como barandillas ajustables, colchones firmes y un dise\u00f1o estable. Evita cunas con partes m\u00f3viles o elementos decorativos que puedan representar un riesgo de asfixia.<\/p>\n\n\n\n<h3 class=\"wp-block-heading\"><span class=\"ez-toc-section\" id=\"Estilo_y_diseno\"><\/span>Estilo y dise\u00f1o<span class=\"ez-toc-section-end\"><\/span><\/h3>\n\n\n\n<p class=\"has-medium-font-size wp-block-paragraph\">El estilo y el dise\u00f1o de la cuna convertible deben complementar la decoraci\u00f3n de la habitaci\u00f3n del beb\u00e9 y adaptarse a tus gustos personales. Hay una amplia gama de estilos disponibles, desde dise\u00f1os modernos y minimalistas hasta opciones cl\u00e1sicas y tradicionales. Considera tambi\u00e9n la versatilidad del dise\u00f1o, asegur\u00e1ndote de que la cuna se ver\u00e1 bien a medida que se convierte en diferentes tipos de camas.<\/p>\n\n\n\n<h3 class=\"wp-block-heading\"><span class=\"ez-toc-section\" id=\"Precio_y_valor\"><\/span>Precio y valor<span class=\"ez-toc-section-end\"><\/span><\/h3>\n\n\n\n<p class=\"has-medium-font-size wp-block-paragraph\">Aunque las cunas convertibles pueden tener un precio m\u00e1s alto que las cunas tradicionales, es importante considerar el valor a largo plazo. Eval\u00faa el coste de la cuna en comparaci\u00f3n con su durabilidad y las etapas de conversi\u00f3n que ofrece. Una cuna que pueda transformarse en una cama de tama\u00f1o completo puede representar un ahorro significativo a largo plazo, ya que elimina la necesidad de comprar camas adicionales.<\/p>\n\n\n\n<h3 class=\"wp-block-heading\"><span class=\"ez-toc-section\" id=\"Consideraciones_adicionales\"><\/span>Consideraciones adicionales<span class=\"ez-toc-section-end\"><\/span><\/h3>\n\n\n\n<ul class=\"wp-block-list\">\n<li class=\"has-medium-font-size\"><strong>Espacio disponible<\/strong>: Aseg\u00farate de que la cuna convertible se ajuste bien al espacio disponible en la habitaci\u00f3n del beb\u00e9.<\/li>\n\n\n\n<li class=\"has-medium-font-size\"><strong>Opiniones y rese\u00f1as<\/strong>: Investiga las opiniones y rese\u00f1as de otros padres para obtener informaci\u00f3n sobre la experiencia de uso de la cuna que est\u00e1s considerando.<\/li>\n\n\n\n<li class=\"has-medium-font-size\"><strong>Facilidad de conversi\u00f3n<\/strong>: Verifica que el proceso de conversi\u00f3n de la cuna sea sencillo y no requiera herramientas complicadas.<\/li>\n<\/ul>\n\n\n\n<p class=\"has-medium-font-size wp-block-paragraph\">En resumen, al elegir la mejor cuna convertible, es importante considerar factores como el material y la construcci\u00f3n, la seguridad, el estilo y dise\u00f1o, y el precio y valor. Tomarse el tiempo para evaluar estas caracter\u00edsticas te ayudar\u00e1 a encontrar una cuna que sea segura, duradera y adecuada para las necesidades de tu hijo a medida que crece.<\/p>\n\n\n\n<figure class=\"wp-block-image alignfull size-large\"><img loading=\"lazy\" decoding=\"async\" width=\"1024\" height=\"551\" src=\"https:\/\/mueblesdetena.es\/wp-content\/uploads\/2019\/04\/cuna-convertible-1024x551.jpg\" alt=\"\" class=\"wp-image-25989\" srcset=\"https:\/\/mueblesdetena.es\/wp-content\/uploads\/2019\/04\/cuna-convertible-1024x551.jpg 1024w, https:\/\/mueblesdetena.es\/wp-content\/uploads\/2019\/04\/cuna-convertible-300x162.jpg 300w, https:\/\/mueblesdetena.es\/wp-content\/uploads\/2019\/04\/cuna-convertible-768x413.jpg 768w, https:\/\/mueblesdetena.es\/wp-content\/uploads\/2019\/04\/cuna-convertible-600x323.jpg 600w, https:\/\/mueblesdetena.es\/wp-content\/uploads\/2019\/04\/cuna-convertible.jpg 1120w\" sizes=\"(max-width: 1024px) 100vw, 1024px\" \/><\/figure>\n\n\n\n<div style=\"height:100px\" aria-hidden=\"true\" class=\"wp-block-spacer\"><\/div>\n\n\n\n<h2 class=\"wp-block-heading\"><span class=\"ez-toc-section\" id=\"Nuestras_cunas_convertibles_favoritas\"><\/span>Nuestras cunas convertibles favoritas<span class=\"ez-toc-section-end\"><\/span><\/h2>\n\n\n\n<p class=\"has-medium-font-size wp-block-paragraph\">Elegir la cuna convertible ideal puede ser una tarea compleja debido a la gran variedad de opciones disponibles en el mercado. Para ayudarte en esta decisi\u00f3n tan importante, hemos investigado y seleccionado algunas de nuestras cunas convertibles favoritas bas\u00e1ndonos en su calidad, caracter\u00edsticas y valor general.<\/p>\n\n\n\n<p class=\"has-medium-font-size wp-block-paragraph\">A continuaci\u00f3n, te presentamos una selecci\u00f3n de cunas convertibles que destacan por su dise\u00f1o, funcionalidad y seguridad. Estas opciones est\u00e1n pensadas para adaptarse a las necesidades de tu beb\u00e9 a medida que crece, ofreci\u00e9ndote una inversi\u00f3n a largo plazo que vale la pena considerar. Para m\u00e1s informaci\u00f3n sobre estas y otras opciones, <a href=\"https:\/\/mueblesdetena.es\/cunas\/\">visita nuestra colecci\u00f3n de cunas<\/a>.<\/p>\n\n\n<div data-block-name=\"woocommerce\/product-category\" data-categories=\"[295]\" class=\"wc-block-grid wp-block-product-category wp-block-woocommerce-product-category wc-block-product-category has-3-columns has-multiple-rows\"><ul class=\"wc-block-grid__products\"><li class=\"wc-block-grid__product\">\n\t\t\t\t<a href=\"https:\/\/mueblesdetena.es\/ru_ru\/cuna-soft-140\/\" class=\"wc-block-grid__product-link\">\n\t\t\t\t\t<div class=\"wc-block-grid__product-onsale\">\n\t\t\t<span aria-hidden=\"true\">\u0420\u0430\u0441\u043f\u0440\u043e\u0434\u0430\u0436\u0430<\/span>\n\t\t\t<span class=\"screen-reader-text\">\u041f\u0440\u043e\u0434\u0430\u0432\u0430\u0435\u043c\u044b\u0439 \u0442\u043e\u0432\u0430\u0440<\/span>\n\t\t<\/div>\n\t\t\t\t\t<div class=\"wc-block-grid__product-image\"><img loading=\"lazy\" decoding=\"async\" width=\"300\" height=\"300\" src=\"https:\/\/mueblesdetena.es\/wp-content\/uploads\/2025\/07\/Captura-de-pantalla_2-7-2025_182611_macambients.com_-300x300.jpeg\" class=\"attachment-woocommerce_thumbnail size-woocommerce_thumbnail\" alt=\"Cuna Soft 140 - vista principal\" srcset=\"https:\/\/mueblesdetena.es\/wp-content\/uploads\/2025\/07\/Captura-de-pantalla_2-7-2025_182611_macambients.com_-300x300.jpeg 300w, https:\/\/mueblesdetena.es\/wp-content\/uploads\/2025\/07\/Captura-de-pantalla_2-7-2025_182611_macambients.com_-150x150.jpeg 150w, https:\/\/mueblesdetena.es\/wp-content\/uploads\/2025\/07\/Captura-de-pantalla_2-7-2025_182611_macambients.com_-100x100.jpeg 100w\" sizes=\"(max-width: 300px) 100vw, 300px\" \/><\/div>\n\t\t\t\t\t<div class=\"wc-block-grid__product-title\">Cuna Soft 140<\/div>\n\t\t\t\t<\/a>\n\t\t\t\t<div class=\"wc-block-grid__product-price price\"><del aria-hidden=\"true\"><span class=\"woocommerce-Price-amount amount\">649,00&nbsp;<span class=\"woocommerce-Price-currencySymbol\">&euro;<\/span><\/span><\/del> <span class=\"screen-reader-text\">\u041f\u0435\u0440\u0432\u043e\u043d\u0430\u0447\u0430\u043b\u044c\u043d\u0430\u044f \u0446\u0435\u043d\u0430 \u0441\u043e\u0441\u0442\u0430\u0432\u043b\u044f\u043b\u0430 649,00&nbsp;&euro;.<\/span><ins aria-hidden=\"true\"><span class=\"woocommerce-Price-amount amount\">449,00&nbsp;<span class=\"woocommerce-Price-currencySymbol\">&euro;<\/span><\/span><\/ins><span class=\"screen-reader-text\">\u0422\u0435\u043a\u0443\u0449\u0430\u044f \u0446\u0435\u043d\u0430: 449,00&nbsp;&euro;.<\/span><\/div>\n\t\t\t\t\n\t\t\t\t<div class=\"wp-block-button wc-block-grid__product-add-to-cart\"><a href=\"\/ru_ru\/wp-json\/wp\/v2\/posts\/31568?add-to-cart=39265\" aria-label=\"\u0414\u043e\u0431\u0430\u0432\u0438\u0442\u044c \u0432 \u043a\u043e\u0440\u0437\u0438\u043d\u0443 &laquo;Cuna Soft 140&raquo;\" data-quantity=\"1\" data-product_id=\"39265\" data-product_sku=\"\" data-price=\"449\" rel=\"nofollow\" class=\"wp-block-button__link  add_to_cart_button ajax_add_to_cart\">\u0412 \u043a\u043e\u0440\u0437\u0438\u043d\u0443<\/a><\/div>\n\t\t\t<\/li><li class=\"wc-block-grid__product\">\n\t\t\t\t<a href=\"https:\/\/mueblesdetena.es\/ru_ru\/cuna-soft-120\/\" class=\"wc-block-grid__product-link\">\n\t\t\t\t\t<div class=\"wc-block-grid__product-onsale\">\n\t\t\t<span aria-hidden=\"true\">\u0420\u0430\u0441\u043f\u0440\u043e\u0434\u0430\u0436\u0430<\/span>\n\t\t\t<span class=\"screen-reader-text\">\u041f\u0440\u043e\u0434\u0430\u0432\u0430\u0435\u043c\u044b\u0439 \u0442\u043e\u0432\u0430\u0440<\/span>\n\t\t<\/div>\n\t\t\t\t\t<div class=\"wc-block-grid__product-image\"><img loading=\"lazy\" decoding=\"async\" width=\"300\" height=\"300\" src=\"https:\/\/mueblesdetena.es\/wp-content\/uploads\/2025\/06\/Captura-de-pantalla_30-6-2025_185224_macambients.com_-300x300.jpeg\" class=\"attachment-woocommerce_thumbnail size-woocommerce_thumbnail\" alt=\"Cuna Soft 120 - vista principal\" srcset=\"https:\/\/mueblesdetena.es\/wp-content\/uploads\/2025\/06\/Captura-de-pantalla_30-6-2025_185224_macambients.com_-300x300.jpeg 300w, https:\/\/mueblesdetena.es\/wp-content\/uploads\/2025\/06\/Captura-de-pantalla_30-6-2025_185224_macambients.com_-150x150.jpeg 150w, https:\/\/mueblesdetena.es\/wp-content\/uploads\/2025\/06\/Captura-de-pantalla_30-6-2025_185224_macambients.com_-100x100.jpeg 100w\" sizes=\"(max-width: 300px) 100vw, 300px\" \/><\/div>\n\t\t\t\t\t<div class=\"wc-block-grid__product-title\">Cuna Soft 120<\/div>\n\t\t\t\t<\/a>\n\t\t\t\t<div class=\"wc-block-grid__product-price price\"><del aria-hidden=\"true\"><span class=\"woocommerce-Price-amount amount\">549,00&nbsp;<span class=\"woocommerce-Price-currencySymbol\">&euro;<\/span><\/span><\/del> <span class=\"screen-reader-text\">\u041f\u0435\u0440\u0432\u043e\u043d\u0430\u0447\u0430\u043b\u044c\u043d\u0430\u044f \u0446\u0435\u043d\u0430 \u0441\u043e\u0441\u0442\u0430\u0432\u043b\u044f\u043b\u0430 549,00&nbsp;&euro;.<\/span><ins aria-hidden=\"true\"><span class=\"woocommerce-Price-amount amount\">349,00&nbsp;<span class=\"woocommerce-Price-currencySymbol\">&euro;<\/span><\/span><\/ins><span class=\"screen-reader-text\">\u0422\u0435\u043a\u0443\u0449\u0430\u044f \u0446\u0435\u043d\u0430: 349,00&nbsp;&euro;.<\/span><\/div>\n\t\t\t\t\n\t\t\t\t<div class=\"wp-block-button wc-block-grid__product-add-to-cart\"><a href=\"\/ru_ru\/wp-json\/wp\/v2\/posts\/31568?add-to-cart=39227\" aria-label=\"\u0414\u043e\u0431\u0430\u0432\u0438\u0442\u044c \u0432 \u043a\u043e\u0440\u0437\u0438\u043d\u0443 &laquo;Cuna Soft 120&raquo;\" data-quantity=\"1\" data-product_id=\"39227\" data-product_sku=\"\" data-price=\"349\" rel=\"nofollow\" class=\"wp-block-button__link  add_to_cart_button ajax_add_to_cart\">\u0412 \u043a\u043e\u0440\u0437\u0438\u043d\u0443<\/a><\/div>\n\t\t\t<\/li><li class=\"wc-block-grid__product\">\n\t\t\t\t<a href=\"https:\/\/mueblesdetena.es\/ru_ru\/cuna-con-patas-metalicas-artic\/\" class=\"wc-block-grid__product-link\">\n\t\t\t\t\t<div class=\"wc-block-grid__product-onsale\">\n\t\t\t<span aria-hidden=\"true\">\u0420\u0430\u0441\u043f\u0440\u043e\u0434\u0430\u0436\u0430<\/span>\n\t\t\t<span class=\"screen-reader-text\">\u041f\u0440\u043e\u0434\u0430\u0432\u0430\u0435\u043c\u044b\u0439 \u0442\u043e\u0432\u0430\u0440<\/span>\n\t\t<\/div>\n\t\t\t\t\t<div class=\"wc-block-grid__product-image\"><img loading=\"lazy\" decoding=\"async\" width=\"300\" height=\"300\" src=\"https:\/\/mueblesdetena.es\/wp-content\/uploads\/2025\/06\/Captura-de-pantalla_17-6-2025_185726_mobel6000.com_-300x300.jpeg\" class=\"attachment-woocommerce_thumbnail size-woocommerce_thumbnail\" alt=\"Cuna Con Patas Met\u00e1licas ARTIC - vista principal\" srcset=\"https:\/\/mueblesdetena.es\/wp-content\/uploads\/2025\/06\/Captura-de-pantalla_17-6-2025_185726_mobel6000.com_-300x300.jpeg 300w, https:\/\/mueblesdetena.es\/wp-content\/uploads\/2025\/06\/Captura-de-pantalla_17-6-2025_185726_mobel6000.com_-150x150.jpeg 150w, https:\/\/mueblesdetena.es\/wp-content\/uploads\/2025\/06\/Captura-de-pantalla_17-6-2025_185726_mobel6000.com_-100x100.jpeg 100w\" sizes=\"(max-width: 300px) 100vw, 300px\" \/><\/div>\n\t\t\t\t\t<div class=\"wc-block-grid__product-title\">Cuna Con Patas Met\u00e1licas ARTIC<\/div>\n\t\t\t\t<\/a>\n\t\t\t\t<div class=\"wc-block-grid__product-price price\"><del aria-hidden=\"true\"><span class=\"woocommerce-Price-amount amount\">699,00&nbsp;<span class=\"woocommerce-Price-currencySymbol\">&euro;<\/span><\/span><\/del> <span class=\"screen-reader-text\">\u041f\u0435\u0440\u0432\u043e\u043d\u0430\u0447\u0430\u043b\u044c\u043d\u0430\u044f \u0446\u0435\u043d\u0430 \u0441\u043e\u0441\u0442\u0430\u0432\u043b\u044f\u043b\u0430 699,00&nbsp;&euro;.<\/span><ins aria-hidden=\"true\"><span class=\"woocommerce-Price-amount amount\">499,00&nbsp;<span class=\"woocommerce-Price-currencySymbol\">&euro;<\/span><\/span><\/ins><span class=\"screen-reader-text\">\u0422\u0435\u043a\u0443\u0449\u0430\u044f \u0446\u0435\u043d\u0430: 499,00&nbsp;&euro;.<\/span><\/div>\n\t\t\t\t\n\t\t\t\t<div class=\"wp-block-button wc-block-grid__product-add-to-cart\"><a href=\"\/ru_ru\/wp-json\/wp\/v2\/posts\/31568?add-to-cart=39007\" aria-label=\"\u0414\u043e\u0431\u0430\u0432\u0438\u0442\u044c \u0432 \u043a\u043e\u0440\u0437\u0438\u043d\u0443 &laquo;Cuna Con Patas Met\u00e1licas ARTIC&raquo;\" data-quantity=\"1\" data-product_id=\"39007\" data-product_sku=\"\" data-price=\"499\" rel=\"nofollow\" class=\"wp-block-button__link  add_to_cart_button ajax_add_to_cart\">\u0412 \u043a\u043e\u0440\u0437\u0438\u043d\u0443<\/a><\/div>\n\t\t\t<\/li><li class=\"wc-block-grid__product\">\n\t\t\t\t<a href=\"https:\/\/mueblesdetena.es\/ru_ru\/cuna-elemental-140\/\" class=\"wc-block-grid__product-link\">\n\t\t\t\t\t<div class=\"wc-block-grid__product-onsale\">\n\t\t\t<span aria-hidden=\"true\">\u0420\u0430\u0441\u043f\u0440\u043e\u0434\u0430\u0436\u0430<\/span>\n\t\t\t<span class=\"screen-reader-text\">\u041f\u0440\u043e\u0434\u0430\u0432\u0430\u0435\u043c\u044b\u0439 \u0442\u043e\u0432\u0430\u0440<\/span>\n\t\t<\/div>\n\t\t\t\t\t<div class=\"wc-block-grid__product-image\"><img loading=\"lazy\" decoding=\"async\" width=\"300\" height=\"300\" src=\"https:\/\/mueblesdetena.es\/wp-content\/uploads\/2025\/06\/Captura-de-pantalla_13-6-2025_173235_mobel6000.com_-300x300.jpeg\" class=\"attachment-woocommerce_thumbnail size-woocommerce_thumbnail\" alt=\"Cuna convertible Elemental 140 - vista principal\" srcset=\"https:\/\/mueblesdetena.es\/wp-content\/uploads\/2025\/06\/Captura-de-pantalla_13-6-2025_173235_mobel6000.com_-300x300.jpeg 300w, https:\/\/mueblesdetena.es\/wp-content\/uploads\/2025\/06\/Captura-de-pantalla_13-6-2025_173235_mobel6000.com_-150x150.jpeg 150w, https:\/\/mueblesdetena.es\/wp-content\/uploads\/2025\/06\/Captura-de-pantalla_13-6-2025_173235_mobel6000.com_-100x100.jpeg 100w\" sizes=\"(max-width: 300px) 100vw, 300px\" \/><\/div>\n\t\t\t\t\t<div class=\"wc-block-grid__product-title\">Cuna convertible Elemental 140<\/div>\n\t\t\t\t<\/a>\n\t\t\t\t<div class=\"wc-block-grid__product-price price\"><del aria-hidden=\"true\"><span class=\"woocommerce-Price-amount amount\">729,00&nbsp;<span class=\"woocommerce-Price-currencySymbol\">&euro;<\/span><\/span><\/del> <span class=\"screen-reader-text\">\u041f\u0435\u0440\u0432\u043e\u043d\u0430\u0447\u0430\u043b\u044c\u043d\u0430\u044f \u0446\u0435\u043d\u0430 \u0441\u043e\u0441\u0442\u0430\u0432\u043b\u044f\u043b\u0430 729,00&nbsp;&euro;.<\/span><ins aria-hidden=\"true\"><span class=\"woocommerce-Price-amount amount\">529,00&nbsp;<span class=\"woocommerce-Price-currencySymbol\">&euro;<\/span><\/span><\/ins><span class=\"screen-reader-text\">\u0422\u0435\u043a\u0443\u0449\u0430\u044f \u0446\u0435\u043d\u0430: 529,00&nbsp;&euro;.<\/span><\/div>\n\t\t\t\t\n\t\t\t\t<div class=\"wp-block-button wc-block-grid__product-add-to-cart\"><a href=\"\/ru_ru\/wp-json\/wp\/v2\/posts\/31568?add-to-cart=38929\" aria-label=\"\u0414\u043e\u0431\u0430\u0432\u0438\u0442\u044c \u0432 \u043a\u043e\u0440\u0437\u0438\u043d\u0443 &laquo;Cuna convertible Elemental 140&raquo;\" data-quantity=\"1\" data-product_id=\"38929\" data-product_sku=\"\" data-price=\"529\" rel=\"nofollow\" class=\"wp-block-button__link  add_to_cart_button ajax_add_to_cart\">\u0412 \u043a\u043e\u0440\u0437\u0438\u043d\u0443<\/a><\/div>\n\t\t\t<\/li><li class=\"wc-block-grid__product\">\n\t\t\t\t<a href=\"https:\/\/mueblesdetena.es\/ru_ru\/cuna-con-cajon\/\" class=\"wc-block-grid__product-link\">\n\t\t\t\t\t<div class=\"wc-block-grid__product-onsale\">\n\t\t\t<span aria-hidden=\"true\">\u0420\u0430\u0441\u043f\u0440\u043e\u0434\u0430\u0436\u0430<\/span>\n\t\t\t<span class=\"screen-reader-text\">\u041f\u0440\u043e\u0434\u0430\u0432\u0430\u0435\u043c\u044b\u0439 \u0442\u043e\u0432\u0430\u0440<\/span>\n\t\t<\/div>\n\t\t\t\t\t<div class=\"wc-block-grid__product-image\"><img loading=\"lazy\" decoding=\"async\" width=\"300\" height=\"300\" src=\"https:\/\/mueblesdetena.es\/wp-content\/uploads\/2025\/06\/cuna-luxor-palacio-del-bebe-300x300.jpg\" class=\"attachment-woocommerce_thumbnail size-woocommerce_thumbnail\" alt=\"Cuna con caj\u00f3n Luxi - vista principal\" srcset=\"https:\/\/mueblesdetena.es\/wp-content\/uploads\/2025\/06\/cuna-luxor-palacio-del-bebe-300x300.jpg 300w, https:\/\/mueblesdetena.es\/wp-content\/uploads\/2025\/06\/cuna-luxor-palacio-del-bebe-150x150.jpg 150w, https:\/\/mueblesdetena.es\/wp-content\/uploads\/2025\/06\/cuna-luxor-palacio-del-bebe-100x100.jpg 100w\" sizes=\"(max-width: 300px) 100vw, 300px\" \/><\/div>\n\t\t\t\t\t<div class=\"wc-block-grid__product-title\">Cuna con caj\u00f3n Luxi<\/div>\n\t\t\t\t<\/a>\n\t\t\t\t<div class=\"wc-block-grid__product-price price\"><del aria-hidden=\"true\"><span class=\"woocommerce-Price-amount amount\">679,00&nbsp;<span class=\"woocommerce-Price-currencySymbol\">&euro;<\/span><\/span><\/del> <span class=\"screen-reader-text\">\u041f\u0435\u0440\u0432\u043e\u043d\u0430\u0447\u0430\u043b\u044c\u043d\u0430\u044f \u0446\u0435\u043d\u0430 \u0441\u043e\u0441\u0442\u0430\u0432\u043b\u044f\u043b\u0430 679,00&nbsp;&euro;.<\/span><ins aria-hidden=\"true\"><span class=\"woocommerce-Price-amount amount\">479,00&nbsp;<span class=\"woocommerce-Price-currencySymbol\">&euro;<\/span><\/span><\/ins><span class=\"screen-reader-text\">\u0422\u0435\u043a\u0443\u0449\u0430\u044f \u0446\u0435\u043d\u0430: 479,00&nbsp;&euro;.<\/span><\/div>\n\t\t\t\t\n\t\t\t\t<div class=\"wp-block-button wc-block-grid__product-add-to-cart\"><a href=\"\/ru_ru\/wp-json\/wp\/v2\/posts\/31568?add-to-cart=38761\" aria-label=\"\u0414\u043e\u0431\u0430\u0432\u0438\u0442\u044c \u0432 \u043a\u043e\u0440\u0437\u0438\u043d\u0443 &laquo;Cuna con caj\u00f3n Luxi&raquo;\" data-quantity=\"1\" data-product_id=\"38761\" data-product_sku=\"\" data-price=\"479\" rel=\"nofollow\" class=\"wp-block-button__link  add_to_cart_button ajax_add_to_cart\">\u0412 \u043a\u043e\u0440\u0437\u0438\u043d\u0443<\/a><\/div>\n\t\t\t<\/li><li class=\"wc-block-grid__product\">\n\t\t\t\t<a href=\"https:\/\/mueblesdetena.es\/ru_ru\/cuna-convertible-mod-312\/\" class=\"wc-block-grid__product-link\">\n\t\t\t\t\t<div class=\"wc-block-grid__product-onsale\">\n\t\t\t<span aria-hidden=\"true\">\u0420\u0430\u0441\u043f\u0440\u043e\u0434\u0430\u0436\u0430<\/span>\n\t\t\t<span class=\"screen-reader-text\">\u041f\u0440\u043e\u0434\u0430\u0432\u0430\u0435\u043c\u044b\u0439 \u0442\u043e\u0432\u0430\u0440<\/span>\n\t\t<\/div>\n\t\t\t\t\t<div class=\"wc-block-grid__product-image\"><img loading=\"lazy\" decoding=\"async\" width=\"300\" height=\"300\" src=\"https:\/\/mueblesdetena.es\/wp-content\/uploads\/2024\/02\/cuna-convertible-badalona-300x300.jpg\" class=\"attachment-woocommerce_thumbnail size-woocommerce_thumbnail\" alt=\"CUNA CONVERTIBLE FRM312 - vista principal\" \/><\/div>\n\t\t\t\t\t<div class=\"wc-block-grid__product-title\">CUNA CONVERTIBLE FRM312<\/div>\n\t\t\t\t<\/a>\n\t\t\t\t<div class=\"wc-block-grid__product-price price\"><del aria-hidden=\"true\"><span class=\"woocommerce-Price-amount amount\">859,00&nbsp;<span class=\"woocommerce-Price-currencySymbol\">&euro;<\/span><\/span><\/del> <span class=\"screen-reader-text\">\u041f\u0435\u0440\u0432\u043e\u043d\u0430\u0447\u0430\u043b\u044c\u043d\u0430\u044f \u0446\u0435\u043d\u0430 \u0441\u043e\u0441\u0442\u0430\u0432\u043b\u044f\u043b\u0430 859,00&nbsp;&euro;.<\/span><ins aria-hidden=\"true\"><span class=\"woocommerce-Price-amount amount\">659,00&nbsp;<span class=\"woocommerce-Price-currencySymbol\">&euro;<\/span><\/span><\/ins><span class=\"screen-reader-text\">\u0422\u0435\u043a\u0443\u0449\u0430\u044f \u0446\u0435\u043d\u0430: 659,00&nbsp;&euro;.<\/span><\/div>\n\t\t\t\t\n\t\t\t\t<div class=\"wp-block-button wc-block-grid__product-add-to-cart\"><a href=\"\/ru_ru\/wp-json\/wp\/v2\/posts\/31568?add-to-cart=16552\" aria-label=\"\u0414\u043e\u0431\u0430\u0432\u0438\u0442\u044c \u0432 \u043a\u043e\u0440\u0437\u0438\u043d\u0443 &laquo;CUNA CONVERTIBLE FRM312&raquo;\" data-quantity=\"1\" data-product_id=\"16552\" data-product_sku=\"\" data-price=\"659\" rel=\"nofollow\" class=\"wp-block-button__link  add_to_cart_button ajax_add_to_cart\">\u0412 \u043a\u043e\u0440\u0437\u0438\u043d\u0443<\/a><\/div>\n\t\t\t<\/li><li class=\"wc-block-grid__product\">\n\t\t\t\t<a href=\"https:\/\/mueblesdetena.es\/ru_ru\/cuna-convertible\/\" class=\"wc-block-grid__product-link\">\n\t\t\t\t\t<div class=\"wc-block-grid__product-onsale\">\n\t\t\t<span aria-hidden=\"true\">\u0420\u0430\u0441\u043f\u0440\u043e\u0434\u0430\u0436\u0430<\/span>\n\t\t\t<span class=\"screen-reader-text\">\u041f\u0440\u043e\u0434\u0430\u0432\u0430\u0435\u043c\u044b\u0439 \u0442\u043e\u0432\u0430\u0440<\/span>\n\t\t<\/div>\n\t\t\t\t\t<div class=\"wc-block-grid__product-image\"><img loading=\"lazy\" decoding=\"async\" width=\"300\" height=\"300\" src=\"https:\/\/mueblesdetena.es\/wp-content\/uploads\/2026\/05\/cuna-convertible-lider-60x120-badalona-300x300.jpg\" class=\"attachment-woocommerce_thumbnail size-woocommerce_thumbnail\" alt=\"Cuna convertible Lider 60x120 en Badalona\" srcset=\"https:\/\/mueblesdetena.es\/wp-content\/uploads\/2026\/05\/cuna-convertible-lider-60x120-badalona-300x300.jpg 300w, https:\/\/mueblesdetena.es\/wp-content\/uploads\/2026\/05\/cuna-convertible-lider-60x120-badalona-150x150.jpg 150w, https:\/\/mueblesdetena.es\/wp-content\/uploads\/2026\/05\/cuna-convertible-lider-60x120-badalona-100x100.jpg 100w\" sizes=\"(max-width: 300px) 100vw, 300px\" \/><\/div>\n\t\t\t\t\t<div class=\"wc-block-grid__product-title\">Cuna convertible L\u00edder 60&#215;120<\/div>\n\t\t\t\t<\/a>\n\t\t\t\t<div class=\"wc-block-grid__product-price price\"><del aria-hidden=\"true\"><span class=\"woocommerce-Price-amount amount\">599,00&nbsp;<span class=\"woocommerce-Price-currencySymbol\">&euro;<\/span><\/span><\/del> <span class=\"screen-reader-text\">\u041f\u0435\u0440\u0432\u043e\u043d\u0430\u0447\u0430\u043b\u044c\u043d\u0430\u044f \u0446\u0435\u043d\u0430 \u0441\u043e\u0441\u0442\u0430\u0432\u043b\u044f\u043b\u0430 599,00&nbsp;&euro;.<\/span><ins aria-hidden=\"true\"><span class=\"woocommerce-Price-amount amount\">499,00&nbsp;<span class=\"woocommerce-Price-currencySymbol\">&euro;<\/span><\/span><\/ins><span class=\"screen-reader-text\">\u0422\u0435\u043a\u0443\u0449\u0430\u044f \u0446\u0435\u043d\u0430: 499,00&nbsp;&euro;.<\/span><\/div>\n\t\t\t\t\n\t\t\t\t<div class=\"wp-block-button wc-block-grid__product-add-to-cart\"><a href=\"\/ru_ru\/wp-json\/wp\/v2\/posts\/31568?add-to-cart=8121\" aria-label=\"\u0414\u043e\u0431\u0430\u0432\u0438\u0442\u044c \u0432 \u043a\u043e\u0440\u0437\u0438\u043d\u0443 &laquo;Cuna convertible L\u00edder 60x120&raquo;\" data-quantity=\"1\" data-product_id=\"8121\" data-product_sku=\"\" data-price=\"499\" rel=\"nofollow\" class=\"wp-block-button__link  add_to_cart_button ajax_add_to_cart\">\u0412 \u043a\u043e\u0440\u0437\u0438\u043d\u0443<\/a><\/div>\n\t\t\t<\/li><\/ul><\/div>\n\n\n<div style=\"height:100px\" aria-hidden=\"true\" class=\"wp-block-spacer\"><\/div>\n\n\n\n<h2 class=\"wp-block-heading\"><span class=\"ez-toc-section\" id=\"Consejos_para_el_montaje_y_mantenimiento_de_una_cuna_convertible\"><\/span>Consejos para el montaje y mantenimiento de una cuna convertible<span class=\"ez-toc-section-end\"><\/span><\/h2>\n\n\n\n<p class=\"has-medium-font-size wp-block-paragraph\">Montar y mantener una cuna convertible de manera adecuada es crucial para garantizar la seguridad y comodidad de tu beb\u00e9. Aqu\u00ed te ofrecemos algunos consejos pr\u00e1cticos para facilitar este proceso y prolongar la vida \u00fatil de la cuna.<\/p>\n\n\n\n<h3 class=\"wp-block-heading\"><span class=\"ez-toc-section\" id=\"Guia_de_montaje_paso_a_paso\"><\/span>Gu\u00eda de montaje paso a paso<span class=\"ez-toc-section-end\"><\/span><\/h3>\n\n\n\n<ol class=\"wp-block-list\">\n<li class=\"has-medium-font-size\"><strong>Lee las instrucciones detenidamente<\/strong>: Antes de comenzar, aseg\u00farate de leer y comprender todas las instrucciones del fabricante. Esto te ayudar\u00e1 a evitar errores y garantizar\u00e1 un montaje seguro.<\/li>\n\n\n\n<li class=\"has-medium-font-size\"><strong>Organiza las piezas y herramientas<\/strong>: Desempaqueta todas las piezas y organiza las herramientas necesarias. Verifica que no falte ninguna pieza antes de comenzar el montaje.<\/li>\n\n\n\n<li class=\"has-medium-font-size\"><strong>Sigue un orden l\u00f3gico<\/strong>: Monta la cuna siguiendo el orden indicado en el manual. Generalmente, se comienza por el armaz\u00f3n principal y luego se a\u00f1aden los laterales y el somier.<\/li>\n\n\n\n<li class=\"has-medium-font-size\"><strong>Ajusta los tornillos correctamente<\/strong>: Aseg\u00farate de apretar todos los tornillos y pernos de manera segura, pero sin excederte para evitar da\u00f1ar la madera o los componentes.<\/li>\n\n\n\n<li class=\"has-medium-font-size\"><strong>Revisa la estabilidad<\/strong>: Una vez montada, verifica que la cuna est\u00e9 nivelada y estable. Si la cuna tiene ruedas, aseg\u00farate de bloquearlas para evitar movimientos accidentales.<\/li>\n<\/ol>\n\n\n\n<h3 class=\"wp-block-heading\"><span class=\"ez-toc-section\" id=\"Consejos_de_mantenimiento\"><\/span>Consejos de mantenimiento<span class=\"ez-toc-section-end\"><\/span><\/h3>\n\n\n\n<ol class=\"wp-block-list\">\n<li class=\"has-medium-font-size\"><strong>Limpieza regular<\/strong>: Limpia la cuna regularmente con un pa\u00f1o h\u00famedo y un detergente suave. Evita el uso de productos qu\u00edmicos agresivos que puedan da\u00f1ar el acabado de la madera.<\/li>\n\n\n\n<li class=\"has-medium-font-size\"><strong>Revisi\u00f3n peri\u00f3dica de seguridad<\/strong>: Revisa peri\u00f3dicamente la cuna para asegurarte de que todos los tornillos y pernos est\u00e9n bien ajustados. Con el tiempo, algunos componentes pueden aflojarse y necesitan ser reajustados.<\/li>\n\n\n\n<li class=\"has-medium-font-size\"><strong>Protege la madera<\/strong>: Utiliza protectores de bordes y esquinas para evitar da\u00f1os en la madera. Esto es especialmente \u00fatil cuando la cuna se convierte en una cama para ni\u00f1os peque\u00f1os.<\/li>\n\n\n\n<li class=\"has-medium-font-size\"><strong>Cambia el colch\u00f3n seg\u00fan sea necesario<\/strong>: Aseg\u00farate de que el colch\u00f3n est\u00e9 en buenas condiciones y sea adecuado para cada etapa de crecimiento. Un colch\u00f3n desgastado o inadecuado puede afectar la comodidad y la seguridad del ni\u00f1o.<\/li>\n\n\n\n<li class=\"has-medium-font-size\"><strong>Sigue las instrucciones del fabricante<\/strong>: Para cualquier cambio o ajuste, sigue siempre las instrucciones del fabricante. Esto incluye la conversi\u00f3n de la cuna a diferentes configuraciones.<\/li>\n<\/ol>\n\n\n\n<h3 class=\"wp-block-heading\"><span class=\"ez-toc-section\" id=\"Preguntas_frecuentes\"><\/span>Preguntas frecuentes<span class=\"ez-toc-section-end\"><\/span><\/h3>\n\n\n\n<ul class=\"wp-block-list\">\n<li class=\"has-medium-font-size\"><strong>\u00bfCada cu\u00e1nto tiempo debo revisar la cuna?<\/strong>: Se recomienda revisar la cuna al menos una vez al mes para asegurarte de que todos los componentes est\u00e9n en buen estado y bien ajustados.<\/li>\n\n\n\n<li class=\"has-medium-font-size\"><strong>\u00bfPuedo montar la cuna solo?<\/strong>: Aunque es posible, es recomendable contar con la ayuda de otra persona para garantizar un montaje m\u00e1s r\u00e1pido y seguro.<\/li>\n\n\n\n<li class=\"has-medium-font-size\"><strong>\u00bfQu\u00e9 hago si pierdo una pieza del montaje?<\/strong>: Contacta al fabricante para obtener piezas de repuesto originales. No intentes sustituirlas con piezas no compatibles.<\/li>\n<\/ul>\n\n\n\n<p class=\"has-medium-font-size wp-block-paragraph\">En resumen, seguir estos consejos de montaje y mantenimiento te ayudar\u00e1 a garantizar que la cuna convertible de tu beb\u00e9 sea segura, c\u00f3moda y duradera. Un montaje cuidadoso y un mantenimiento regular son esenciales para aprovechar al m\u00e1ximo la versatilidad y funcionalidad de tu cuna convertible.<\/p>\n\n\n\n<figure class=\"wp-block-image alignfull size-full\"><img loading=\"lazy\" decoding=\"async\" width=\"476\" height=\"317\" src=\"https:\/\/mueblesdetena.es\/wp-content\/uploads\/2019\/01\/cuna-convertible-arasanz-2.jpg\" alt=\"\" class=\"wp-image-25232\" srcset=\"https:\/\/mueblesdetena.es\/wp-content\/uploads\/2019\/01\/cuna-convertible-arasanz-2.jpg 476w, https:\/\/mueblesdetena.es\/wp-content\/uploads\/2019\/01\/cuna-convertible-arasanz-2-300x200.jpg 300w\" sizes=\"(max-width: 476px) 100vw, 476px\" \/><\/figure>\n\n\n\n<div style=\"height:100px\" aria-hidden=\"true\" class=\"wp-block-spacer\"><\/div>\n\n\n\n<h2 class=\"wp-block-heading\"><span class=\"ez-toc-section\" id=\"Cunas_convertibles_vs_otras_cunas\"><\/span>Cunas convertibles vs otras cunas<span class=\"ez-toc-section-end\"><\/span><\/h2>\n\n\n\n<p class=\"has-medium-font-size wp-block-paragraph\">Al elegir una cuna para tu beb\u00e9, es fundamental entender las diferencias entre las cunas convertibles y otros tipos de cunas disponibles en el mercado. A continuaci\u00f3n, comparamos las cunas convertibles con las cunas tradicionales, las cunas port\u00e1tiles y las minicunas para ayudarte a tomar una decisi\u00f3n informada.<\/p>\n\n\n\n<h3 class=\"wp-block-heading\"><span class=\"ez-toc-section\" id=\"Cunas_convertibles\"><\/span>Cunas convertibles<span class=\"ez-toc-section-end\"><\/span><\/h3>\n\n\n\n<h4 class=\"wp-block-heading\"><strong>Ventajas<\/strong>:<\/h4>\n\n\n\n<ul class=\"wp-block-list\">\n<li class=\"has-medium-font-size\"><strong>Durabilidad y longevidad<\/strong>: Dise\u00f1adas para crecer con tu hijo, desde reci\u00e9n nacido hasta la adolescencia.<\/li>\n\n\n\n<li class=\"has-medium-font-size\"><strong>Ahorro econ\u00f3mico<\/strong>: Aunque el precio es mayor, a largo plazo resulta m\u00e1s econ\u00f3mico al no necesitar comprar camas adicionales.<\/li>\n\n\n\n<li class=\"has-medium-font-size\"><strong>Versatilidad<\/strong>: Se transforman en diferentes tipos de camas, adapt\u00e1ndose a las necesidades cambiantes del ni\u00f1o.<\/li>\n<\/ul>\n\n\n\n<h4 class=\"wp-block-heading\"><strong>Desventajas<\/strong>:<\/h4>\n\n\n\n<ul class=\"wp-block-list\">\n<li class=\"has-medium-font-size\"><strong>Precio<\/strong>: M\u00e1s caras que las cunas tradicionales o port\u00e1tiles.<\/li>\n\n\n\n<li class=\"has-medium-font-size\"><strong>Espacio<\/strong>: Generalmente ocupan m\u00e1s espacio y pueden no ser ideales para habitaciones peque\u00f1as.<\/li>\n<\/ul>\n\n\n\n<h3 class=\"wp-block-heading\"><span class=\"ez-toc-section\" id=\"Cunas_tradicionales\"><\/span>Cunas tradicionales<span class=\"ez-toc-section-end\"><\/span><\/h3>\n\n\n\n<h4 class=\"wp-block-heading\"><strong>Ventajas<\/strong>:<\/h4>\n\n\n\n<ul class=\"wp-block-list\">\n<li class=\"has-medium-font-size\"><strong>Precio<\/strong>: M\u00e1s asequibles que las cunas convertibles.<\/li>\n\n\n\n<li class=\"has-medium-font-size\"><strong>Variedad<\/strong>: Amplia gama de estilos y dise\u00f1os disponibles.<\/li>\n\n\n\n<li class=\"has-medium-font-size\"><strong>Simplicidad<\/strong>: Sin necesidad de conversiones o kits adicionales.<\/li>\n<\/ul>\n\n\n\n<h4 class=\"wp-block-heading\"><strong>Desventajas<\/strong>:<\/h4>\n\n\n\n<ul class=\"wp-block-list\">\n<li class=\"has-medium-font-size\"><strong>Vida \u00fatil limitada<\/strong>: Solo se utilizan durante los primeros 2-3 a\u00f1os del ni\u00f1o.<\/li>\n\n\n\n<li class=\"has-medium-font-size\"><strong>Reemplazo necesario<\/strong>: Una vez que el ni\u00f1o supera la cuna, es necesario comprar una cama nueva.<\/li>\n<\/ul>\n\n\n\n<h3 class=\"wp-block-heading\"><span class=\"ez-toc-section\" id=\"Cunas_portatiles\"><\/span>Cunas port\u00e1tiles<span class=\"ez-toc-section-end\"><\/span><\/h3>\n\n\n\n<h4 class=\"wp-block-heading\"><strong>Ventajas<\/strong>:<\/h4>\n\n\n\n<ul class=\"wp-block-list\">\n<li class=\"has-medium-font-size\"><strong>Movilidad<\/strong>: F\u00e1cil de mover de una habitaci\u00f3n a otra o incluso de llevar de viaje.<\/li>\n\n\n\n<li class=\"has-medium-font-size\"><strong>Ahorro de espacio<\/strong>: Compactas y perfectas para espacios peque\u00f1os o apartamentos.<\/li>\n\n\n\n<li class=\"has-medium-font-size\"><strong>Precio<\/strong>: Generalmente m\u00e1s econ\u00f3micas que las cunas convertibles y tradicionales.<\/li>\n<\/ul>\n\n\n\n<h4 class=\"wp-block-heading\"><strong>Desventajas<\/strong>:<\/h4>\n\n\n\n<ul class=\"wp-block-list\">\n<li class=\"has-medium-font-size\"><strong>Durabilidad<\/strong>: Menos duraderas y robustas que las cunas convertibles.<\/li>\n\n\n\n<li class=\"has-medium-font-size\"><strong>Uso limitado<\/strong>: Ideales solo para los primeros meses de vida del beb\u00e9.<\/li>\n<\/ul>\n\n\n\n<h3 class=\"wp-block-heading\"><span class=\"ez-toc-section\" id=\"Minicunas\"><\/span>Minicunas<span class=\"ez-toc-section-end\"><\/span><\/h3>\n\n\n\n<h4 class=\"wp-block-heading\"><strong>Ventajas<\/strong>:<\/h4>\n\n\n\n<ul class=\"wp-block-list\">\n<li class=\"has-medium-font-size\"><strong>Tama\u00f1o<\/strong>: M\u00e1s peque\u00f1as y adecuadas para espacios reducidos.<\/li>\n\n\n\n<li class=\"has-medium-font-size\"><strong>Movilidad<\/strong>: F\u00e1ciles de trasladar dentro de la casa.<\/li>\n\n\n\n<li class=\"has-medium-font-size\"><strong>Precio<\/strong>: M\u00e1s asequibles y pr\u00e1cticas para los primeros meses del beb\u00e9.<\/li>\n<\/ul>\n\n\n\n<h4 class=\"wp-block-heading\"><strong>Desventajas<\/strong>:<\/h4>\n\n\n\n<ul class=\"wp-block-list\">\n<li class=\"has-medium-font-size\"><strong>Vida \u00fatil muy corta<\/strong>: El beb\u00e9 puede superarlas r\u00e1pidamente, generalmente en los primeros 6 meses.<\/li>\n\n\n\n<li class=\"has-medium-font-size\"><strong>Reemplazo necesario<\/strong>: Al igual que las cunas tradicionales, necesitar\u00e1s una cama nueva una vez que el beb\u00e9 crezca.<\/li>\n<\/ul>\n\n\n\n<h3 class=\"wp-block-heading\"><span class=\"ez-toc-section\" id=\"Comparativa_general\"><\/span>Comparativa general<span class=\"ez-toc-section-end\"><\/span><\/h3>\n\n\n\n<ol class=\"wp-block-list\">\n<li class=\"has-medium-font-size\"><strong>Durabilidad<\/strong>:\n<ul class=\"wp-block-list\">\n<li>Cunas convertibles: Alta, se usan durante muchos a\u00f1os.<\/li>\n\n\n\n<li>Cunas tradicionales: Media, se usan durante los primeros a\u00f1os.<\/li>\n\n\n\n<li>Cunas port\u00e1tiles: Baja, uso limitado a los primeros meses.<\/li>\n\n\n\n<li>Minicunas: Muy baja, solo para los primeros meses.<\/li>\n<\/ul>\n<\/li>\n\n\n\n<li class=\"has-medium-font-size\"><strong>Versatilidad<\/strong>:\n<ul class=\"wp-block-list\">\n<li>Cunas convertibles: Alta, se adaptan a diferentes etapas del crecimiento.<\/li>\n\n\n\n<li>Cunas tradicionales: Baja, no ofrecen conversi\u00f3n.<\/li>\n\n\n\n<li>Cunas port\u00e1tiles: Media, pero limitada a la movilidad.<\/li>\n\n\n\n<li>Minicunas: Baja, solo para los primeros meses.<\/li>\n<\/ul>\n<\/li>\n\n\n\n<li class=\"has-medium-font-size\"><strong>Precio<\/strong>:\n<ul class=\"wp-block-list\">\n<li>Cunas convertibles: Alto coste inicial, ahorro a largo plazo.<\/li>\n\n\n\n<li>Cunas tradicionales: Bajo coste inicial, m\u00e1s gastos a largo plazo.<\/li>\n\n\n\n<li>Cunas port\u00e1tiles: Bajo coste inicial, pero menor durabilidad.<\/li>\n\n\n\n<li>Minicunas: Bajo coste inicial, muy corta vida \u00fatil.<\/li>\n<\/ul>\n<\/li>\n<\/ol>\n\n\n\n<p class=\"has-medium-font-size wp-block-paragraph\">Cada tipo de cuna tiene sus propias ventajas y desventajas. Las cunas convertibles destacan por su durabilidad y versatilidad, haciendo de ellas una inversi\u00f3n a largo plazo. Las cunas tradicionales y port\u00e1tiles son opciones m\u00e1s econ\u00f3micas y adecuadas para per\u00edodos m\u00e1s cortos, mientras que las minicunas son ideales para los primeros meses del beb\u00e9 pero requieren una r\u00e1pida transici\u00f3n a una cuna m\u00e1s grande. Eval\u00faa tus necesidades y circunstancias personales para elegir la cuna que mejor se adapte a tu familia.<\/p>\n\n\n\n<figure class=\"wp-block-image alignfull size-full\"><img loading=\"lazy\" decoding=\"async\" width=\"936\" height=\"615\" src=\"https:\/\/mueblesdetena.es\/wp-content\/uploads\/2021\/02\/CUNA-CONVERTIBLE.jpg\" alt=\"\" class=\"wp-image-27845\" srcset=\"https:\/\/mueblesdetena.es\/wp-content\/uploads\/2021\/02\/CUNA-CONVERTIBLE.jpg 936w, https:\/\/mueblesdetena.es\/wp-content\/uploads\/2021\/02\/CUNA-CONVERTIBLE-300x197.jpg 300w, https:\/\/mueblesdetena.es\/wp-content\/uploads\/2021\/02\/CUNA-CONVERTIBLE-768x505.jpg 768w, https:\/\/mueblesdetena.es\/wp-content\/uploads\/2021\/02\/CUNA-CONVERTIBLE-600x394.jpg 600w\" sizes=\"(max-width: 936px) 100vw, 936px\" \/><\/figure>\n\n\n\n<div style=\"height:100px\" aria-hidden=\"true\" class=\"wp-block-spacer\"><\/div>\n\n\n\n<p class=\"has-medium-font-size wp-block-paragraph\">Elegir la cuna adecuada para tu beb\u00e9 es una decisi\u00f3n crucial que impactar\u00e1 tanto la comodidad del ni\u00f1o como la econom\u00eda familiar a largo plazo. Cada tipo de cuna tiene sus propias ventajas y desventajas, y entender estas diferencias es fundamental para tomar la mejor decisi\u00f3n.<\/p>\n\n\n\n<p class=\"has-medium-font-size wp-block-paragraph\">Las cunas convertibles son una excelente inversi\u00f3n a largo plazo debido a su durabilidad y versatilidad, ya que se adaptan al crecimiento del ni\u00f1o y pueden ser utilizadas durante muchos a\u00f1os. Aunque su precio es m\u00e1s alto y requieren m\u00e1s espacio, a largo plazo resultan m\u00e1s econ\u00f3micas y pr\u00e1cticas.<\/p>\n\n\n\n<p class=\"has-medium-font-size wp-block-paragraph\">Por otro lado, las cunas tradicionales ofrecen una opci\u00f3n m\u00e1s asequible inicialmente y vienen en una amplia variedad de estilos. Sin embargo, su vida \u00fatil es limitada y eventualmente necesitar\u00e1s invertir en una nueva cama.<\/p>\n\n\n\n<p class=\"has-medium-font-size wp-block-paragraph\">Las cunas port\u00e1tiles y las minicunas son ideales para espacios peque\u00f1os y ofrecen una soluci\u00f3n econ\u00f3mica y pr\u00e1ctica para los primeros meses del beb\u00e9. Sin embargo, su uso es temporal y necesitar\u00e1s cambiar a una cuna m\u00e1s grande o una cama cuando el beb\u00e9 crezca.<\/p>\n\n\n\n<p class=\"has-medium-font-size wp-block-paragraph\">La elecci\u00f3n de la cuna depender\u00e1 de tus necesidades espec\u00edficas, el espacio disponible y tu presupuesto. Al evaluar cuidadosamente las caracter\u00edsticas de cada tipo de cuna, podr\u00e1s elegir la opci\u00f3n que mejor se adapte a las necesidades de tu beb\u00e9 y tu familia. No importa qu\u00e9 tipo elijas, lo m\u00e1s importante es que proporcione un entorno seguro y c\u00f3modo para tu peque\u00f1o.<\/p>\n","protected":false},"excerpt":{"rendered":"<p>Elegir la cuna adecuada para tu beb\u00e9 es una de las decisiones m\u00e1s importantes que tomar\u00e1s. Una opci\u00f3n que cada vez gana m\u00e1s popularidad entre los padres modernos es la cuna convertible. Este tipo de cuna no solo ofrece un lugar seguro y c\u00f3modo para que tu beb\u00e9 duerma, sino que tambi\u00e9n se adapta al [&hellip;]<\/p>\n","protected":false},"author":267,"featured_media":18212,"comment_status":"open","ping_status":"open","sticky":false,"template":"","format":"standard","meta":{"site-sidebar-layout":"default","site-content-layout":"","ast-site-content-layout":"default","site-content-style":"default","site-sidebar-style":"default","ast-global-header-display":"","ast-banner-title-visibility":"","ast-main-header-display":"","ast-hfb-above-header-display":"","ast-hfb-below-header-display":"","ast-hfb-mobile-header-display":"","site-post-title":"","ast-breadcrumbs-content":"","ast-featured-img":"","footer-sml-layout":"","ast-disable-related-posts":"","theme-transparent-header-meta":"","adv-header-id-meta":"","stick-header-meta":"","header-above-stick-meta":"","header-main-stick-meta":"","header-below-stick-meta":"","astra-migrate-meta-layouts":"set","ast-page-background-enabled":"default","ast-page-background-meta":{"desktop":{"background-color":"var(--ast-global-color-4)","background-image":"","background-repeat":"repeat","background-position":"center center","background-size":"auto","background-attachment":"scroll","background-type":"","background-media":"","overlay-type":"","overlay-color":"","overlay-opacity":"","overlay-gradient":""},"tablet":{"background-color":"","background-image":"","background-repeat":"repeat","background-position":"center center","background-size":"auto","background-attachment":"scroll","background-type":"","background-media":"","overlay-type":"","overlay-color":"","overlay-opacity":"","overlay-gradient":""},"mobile":{"background-color":"","background-image":"","background-repeat":"repeat","background-position":"center center","background-size":"auto","background-attachment":"scroll","background-type":"","background-media":"","overlay-type":"","overlay-color":"","overlay-opacity":"","overlay-gradient":""}},"ast-content-background-meta":{"desktop":{"background-color":"var(--ast-global-color-5)","background-image":"","background-repeat":"repeat","background-position":"center center","background-size":"auto","background-attachment":"scroll","background-type":"","background-media":"","overlay-type":"","overlay-color":"","overlay-opacity":"","overlay-gradient":""},"tablet":{"background-color":"var(--ast-global-color-5)","background-image":"","background-repeat":"repeat","background-position":"center center","background-size":"auto","background-attachment":"scroll","background-type":"","background-media":"","overlay-type":"","overlay-color":"","overlay-opacity":"","overlay-gradient":""},"mobile":{"background-color":"var(--ast-global-color-5)","background-image":"","background-repeat":"repeat","background-position":"center center","background-size":"auto","background-attachment":"scroll","background-type":"","background-media":"","overlay-type":"","overlay-color":"","overlay-opacity":"","overlay-gradient":""}},"_joinchat":[],"footnotes":""},"categories":[1],"tags":[],"class_list":["post-31568","post","type-post","status-publish","format-standard","has-post-thumbnail","hentry","category-sin-categoria"],"_links":{"self":[{"href":"https:\/\/mueblesdetena.es\/ru_ru\/wp-json\/wp\/v2\/posts\/31568","targetHints":{"allow":["GET"]}}],"collection":[{"href":"https:\/\/mueblesdetena.es\/ru_ru\/wp-json\/wp\/v2\/posts"}],"about":[{"href":"https:\/\/mueblesdetena.es\/ru_ru\/wp-json\/wp\/v2\/types\/post"}],"author":[{"embeddable":true,"href":"https:\/\/mueblesdetena.es\/ru_ru\/wp-json\/wp\/v2\/users\/267"}],"replies":[{"embeddable":true,"href":"https:\/\/mueblesdetena.es\/ru_ru\/wp-json\/wp\/v2\/comments?post=31568"}],"version-history":[{"count":3,"href":"https:\/\/mueblesdetena.es\/ru_ru\/wp-json\/wp\/v2\/posts\/31568\/revisions"}],"predecessor-version":[{"id":31573,"href":"https:\/\/mueblesdetena.es\/ru_ru\/wp-json\/wp\/v2\/posts\/31568\/revisions\/31573"}],"wp:attachment":[{"href":"https:\/\/mueblesdetena.es\/ru_ru\/wp-json\/wp\/v2\/media?parent=31568"}],"wp:term":[{"taxonomy":"category","embeddable":true,"href":"https:\/\/mueblesdetena.es\/ru_ru\/wp-json\/wp\/v2\/categories?post=31568"},{"taxonomy":"post_tag","embeddable":true,"href":"https:\/\/mueblesdetena.es\/ru_ru\/wp-json\/wp\/v2\/tags?post=31568"}],"curies":[{"name":"wp","href":"https:\/\/api.w.org\/{rel}","templated":true}]}}