{"id":31751,"date":"2024-08-01T11:04:41","date_gmt":"2024-08-01T09:04:41","guid":{"rendered":"https:\/\/mueblesdetena.es\/?p=31751"},"modified":"2024-08-01T11:04:48","modified_gmt":"2024-08-01T09:04:48","slug":"renovar-salon","status":"publish","type":"post","link":"https:\/\/mueblesdetena.es\/ru_ru\/renovar-salon\/","title":{"rendered":"Renovar sal\u00f3n: ideas y consejos para un espacio con estilo"},"content":{"rendered":"<p class=\"has-medium-font-size wp-block-paragraph\">Renovar el sal\u00f3n es una excelente manera de revitalizar tu hogar, aportando frescura y modernidad a uno de los espacios m\u00e1s importantes. Un sal\u00f3n bien dise\u00f1ado no solo mejora la est\u00e9tica, sino que tambi\u00e9n aumenta la comodidad y funcionalidad del lugar donde pasas tiempo con familiares y amigos. En este art\u00edculo, te proporcionaremos ideas y consejos pr\u00e1cticos para transformar tu sal\u00f3n en un espacio estiloso y acogedor, desde la planificaci\u00f3n inicial hasta la selecci\u00f3n de muebles y decoraci\u00f3n, asegurando que cada detalle contribuya a crear el ambiente perfecto.<\/p>\n\n\n\n<div id=\"ez-toc-container\" class=\"ez-toc-v2_0_85 counter-hierarchy ez-toc-counter ez-toc-grey ez-toc-container-direction\">\n<div class=\"ez-toc-title-container\">\n<p class=\"ez-toc-title\" style=\"cursor:inherit\">Table of Contents<\/p>\n<span class=\"ez-toc-title-toggle\"><a href=\"#\" class=\"ez-toc-pull-right ez-toc-btn ez-toc-btn-xs ez-toc-btn-default ez-toc-toggle\" aria-label=\"Toggle Table of Content\"><span class=\"ez-toc-js-icon-con\"><span class=\"\"><span class=\"eztoc-hide\" style=\"display:none;\">Toggle<\/span><span class=\"ez-toc-icon-toggle-span\"><svg style=\"fill: #999;color:#999\" xmlns=\"http:\/\/www.w3.org\/2000\/svg\" class=\"list-377408\" width=\"20px\" height=\"20px\" viewbox=\"0 0 24 24\" fill=\"none\"><path d=\"M6 6H4v2h2V6zm14 0H8v2h12V6zM4 11h2v2H4v-2zm16 0H8v2h12v-2zM4 16h2v2H4v-2zm16 0H8v2h12v-2z\" fill=\"currentColor\"><\/path><\/svg><svg style=\"fill: #999;color:#999\" class=\"arrow-unsorted-368013\" xmlns=\"http:\/\/www.w3.org\/2000\/svg\" width=\"10px\" height=\"10px\" viewbox=\"0 0 24 24\" version=\"1.2\" baseprofile=\"tiny\"><path d=\"M18.2 9.3l-6.2-6.3-6.2 6.3c-.2.2-.3.4-.3.7s.1.5.3.7c.2.2.4.3.7.3h11c.3 0 .5-.1.7-.3.2-.2.3-.5.3-.7s-.1-.5-.3-.7zM5.8 14.7l6.2 6.3 6.2-6.3c.2-.2.3-.5.3-.7s-.1-.5-.3-.7c-.2-.2-.4-.3-.7-.3h-11c-.3 0-.5.1-.7.3-.2.2-.3.5-.3.7s.1.5.3.7z\"\/><\/svg><\/span><\/span><\/span><\/a><\/span><\/div>\n<nav><ul class='ez-toc-list ez-toc-list-level-1' ><li class='ez-toc-page-1 ez-toc-heading-level-2'><a class=\"ez-toc-link ez-toc-heading-1\" href=\"https:\/\/mueblesdetena.es\/ru_ru\/renovar-salon\/#Planificacion_de_la_renovacion\" >Planificaci\u00f3n de la renovaci\u00f3n<\/a><\/li><li class='ez-toc-page-1 ez-toc-heading-level-2'><a class=\"ez-toc-link ez-toc-heading-2\" href=\"https:\/\/mueblesdetena.es\/ru_ru\/renovar-salon\/#Seleccion_de_colores_y_estilos_para_renovar_salon\" >Selecci\u00f3n de colores y estilos para renovar sal\u00f3n<\/a><\/li><li class='ez-toc-page-1 ez-toc-heading-level-2'><a class=\"ez-toc-link ez-toc-heading-3\" href=\"https:\/\/mueblesdetena.es\/ru_ru\/renovar-salon\/#Mobiliario_esencial_para_el_salon\" >Mobiliario esencial para el sal\u00f3n<\/a><ul class='ez-toc-list-level-3' ><li class='ez-toc-heading-level-3'><a class=\"ez-toc-link ez-toc-heading-4\" href=\"https:\/\/mueblesdetena.es\/ru_ru\/renovar-salon\/#Consejos_para_la_seleccion_de_mobiliario\" >Consejos para la selecci\u00f3n de mobiliario<\/a><\/li><\/ul><\/li><li class='ez-toc-page-1 ez-toc-heading-level-2'><a class=\"ez-toc-link ez-toc-heading-5\" href=\"https:\/\/mueblesdetena.es\/ru_ru\/renovar-salon\/#Accesorios_y_decoracion\" >Accesorios y decoraci\u00f3n<\/a><ul class='ez-toc-list-level-3' ><li class='ez-toc-heading-level-3'><a class=\"ez-toc-link ez-toc-heading-6\" href=\"https:\/\/mueblesdetena.es\/ru_ru\/renovar-salon\/#Consejos_para_combinar_accesorios_y_decoracion\" >Consejos para combinar accesorios y decoraci\u00f3n<\/a><\/li><\/ul><\/li><li class='ez-toc-page-1 ez-toc-heading-level-2'><a class=\"ez-toc-link ez-toc-heading-7\" href=\"https:\/\/mueblesdetena.es\/ru_ru\/renovar-salon\/#Crear_zonas_funcionales\" >Crear zonas funcionales<\/a><ul class='ez-toc-list-level-3' ><li class='ez-toc-heading-level-3'><a class=\"ez-toc-link ez-toc-heading-8\" href=\"https:\/\/mueblesdetena.es\/ru_ru\/renovar-salon\/#Consejos_para_la_creacion_de_zonas_funcionales\" >Consejos para la creaci\u00f3n de zonas funcionales<\/a><\/li><\/ul><\/li><li class='ez-toc-page-1 ez-toc-heading-level-2'><a class=\"ez-toc-link ez-toc-heading-9\" href=\"https:\/\/mueblesdetena.es\/ru_ru\/renovar-salon\/#Consejos_practicos_para_mantener_el_salon_ordenado\" >Consejos pr\u00e1cticos para mantener el sal\u00f3n ordenado<\/a><\/li><\/ul><\/nav><\/div>\n<h2 class=\"wp-block-heading\"><span class=\"ez-toc-section\" id=\"Planificacion_de_la_renovacion\"><\/span>Planificaci\u00f3n de la renovaci\u00f3n<span class=\"ez-toc-section-end\"><\/span><\/h2>\n\n\n\n<p class=\"has-medium-font-size wp-block-paragraph\">Antes de comenzar con la renovaci\u00f3n de tu sal\u00f3n, es fundamental planificar cada detalle para asegurar un resultado armonioso y funcional. Aqu\u00ed te ofrecemos algunos pasos clave para una planificaci\u00f3n efectiva:<\/p>\n\n\n\n<ol class=\"wp-block-list\">\n<li class=\"has-medium-font-size\"><strong>Evaluar el espacio disponible<\/strong>:\n<ul class=\"wp-block-list\">\n<li>Toma medidas precisas de la habitaci\u00f3n.<\/li>\n\n\n\n<li>Identifica las \u00e1reas que necesitan m\u00e1s atenci\u00f3n o cambios.<\/li>\n<\/ul>\n<\/li>\n\n\n\n<li class=\"has-medium-font-size\"><strong>Definir un presupuesto<\/strong>:\n<ul class=\"wp-block-list\">\n<li>Establece cu\u00e1nto est\u00e1s dispuesto a gastar.<\/li>\n\n\n\n<li>Asigna fondos para diferentes categor\u00edas como muebles, decoraci\u00f3n y posibles reparaciones.<\/li>\n<\/ul>\n<\/li>\n\n\n\n<li class=\"has-medium-font-size\"><strong>Identificar necesidades y prioridades<\/strong>:\n<ul class=\"wp-block-list\">\n<li>Determina las funciones principales del sal\u00f3n (entretenimiento, relajaci\u00f3n, etc.).<\/li>\n\n\n\n<li>Prioriza elementos esenciales como sof\u00e1s, mesas de centro y almacenamiento.<\/li>\n<\/ul>\n<\/li>\n\n\n\n<li class=\"has-medium-font-size\"><strong>Inspiraci\u00f3n y dise\u00f1o<\/strong>:\n<ul class=\"wp-block-list\">\n<li>Investiga tendencias actuales y estilos que te gusten.<\/li>\n\n\n\n<li>Recopila ideas de revistas, sitios web y redes sociales para visualizar el resultado deseado.<\/li>\n<\/ul>\n<\/li>\n\n\n\n<li class=\"has-medium-font-size\"><strong>Crear un plano o boceto<\/strong>:\n<ul class=\"wp-block-list\">\n<li>Dise\u00f1a un plano del sal\u00f3n con la disposici\u00f3n de los muebles.<\/li>\n\n\n\n<li>Considera la circulaci\u00f3n y la funcionalidad de cada \u00e1rea.<\/li>\n<\/ul>\n<\/li>\n\n\n\n<li class=\"has-medium-font-size\"><strong>Planificar el tiempo<\/strong>:\n<ul class=\"wp-block-list\">\n<li>Establece un cronograma para las diferentes etapas de la renovaci\u00f3n.<\/li>\n\n\n\n<li>Aseg\u00farate de tener tiempo suficiente para compras, entregas e instalaci\u00f3n.<\/li>\n<\/ul>\n<\/li>\n<\/ol>\n\n\n\n<p class=\"has-medium-font-size wp-block-paragraph\">Siguiendo estos pasos, estar\u00e1s mejor preparado para transformar tu sal\u00f3n de manera eficiente y efectiva, logrando un espacio que refleje tu estilo y satisfaga tus necesidades.<\/p>\n\n\n\n<figure class=\"wp-block-image alignfull size-full\"><img fetchpriority=\"high\" decoding=\"async\" width=\"1280\" height=\"853\" src=\"https:\/\/mueblesdetena.es\/wp-content\/uploads\/2024\/08\/salon-renovado.jpg\" alt=\"\" class=\"wp-image-31760\" srcset=\"https:\/\/mueblesdetena.es\/wp-content\/uploads\/2024\/08\/salon-renovado.jpg 1280w, https:\/\/mueblesdetena.es\/wp-content\/uploads\/2024\/08\/salon-renovado-300x200.jpg 300w, https:\/\/mueblesdetena.es\/wp-content\/uploads\/2024\/08\/salon-renovado-1024x682.jpg 1024w, https:\/\/mueblesdetena.es\/wp-content\/uploads\/2024\/08\/salon-renovado-768x512.jpg 768w, https:\/\/mueblesdetena.es\/wp-content\/uploads\/2024\/08\/salon-renovado-600x400.jpg 600w\" sizes=\"(max-width: 1280px) 100vw, 1280px\" \/><\/figure>\n\n\n\n<div style=\"height:100px\" aria-hidden=\"true\" class=\"wp-block-spacer\"><\/div>\n\n\n\n<h2 class=\"wp-block-heading\"><span class=\"ez-toc-section\" id=\"Seleccion_de_colores_y_estilos_para_renovar_salon\"><\/span>Selecci\u00f3n de colores y estilos para renovar sal\u00f3n<span class=\"ez-toc-section-end\"><\/span><\/h2>\n\n\n\n<p class=\"has-medium-font-size wp-block-paragraph\">La elecci\u00f3n de colores y estilos es fundamental para crear un sal\u00f3n que refleje tu personalidad y se sienta acogedor. Aqu\u00ed tienes algunos consejos para hacer una selecci\u00f3n acertada:<\/p>\n\n\n\n<p class=\"has-medium-font-size wp-block-paragraph\"><strong>1. Tendencias actuales en colores para salones<\/strong>:<\/p>\n\n\n\n<ul class=\"wp-block-list\">\n<li class=\"has-medium-font-size\"><strong>Tonos neutros<\/strong>: Blancos, grises y beige son ideales para una base atemporal y vers\u00e1til.<\/li>\n\n\n\n<li class=\"has-medium-font-size\"><strong>Colores vivos y acentos<\/strong>: Utiliza colores como azul marino, verde esmeralda o terracota para a\u00f1adir car\u00e1cter y dinamismo.<\/li>\n<\/ul>\n\n\n\n<p class=\"has-medium-font-size wp-block-paragraph\"><strong>2. C\u00f3mo elegir una paleta de colores<\/strong>:<\/p>\n\n\n\n<ul class=\"wp-block-list\">\n<li class=\"has-medium-font-size\"><strong>Monocrom\u00e1tico<\/strong>: Usa variaciones de un solo color para un look elegante y cohesivo.<\/li>\n\n\n\n<li class=\"has-medium-font-size\"><strong>Complementario<\/strong>: Combina colores opuestos en el c\u00edrculo crom\u00e1tico para un contraste vibrante.<\/li>\n\n\n\n<li class=\"has-medium-font-size\"><strong>An\u00e1logo<\/strong>: Selecciona colores adyacentes en el c\u00edrculo crom\u00e1tico para un efecto armonioso.<\/li>\n<\/ul>\n\n\n\n<p class=\"has-medium-font-size wp-block-paragraph\"><strong>3. Diferentes estilos de decoraci\u00f3n<\/strong>:<\/p>\n\n\n\n<ul class=\"wp-block-list\">\n<li class=\"has-medium-font-size\"><strong>Moderno<\/strong>: L\u00edneas limpias, colores neutros y muebles funcionales.<\/li>\n\n\n\n<li class=\"has-medium-font-size\"><strong>Cl\u00e1sico<\/strong>: Muebles elegantes, detalles ornamentales y una paleta de colores rica.<\/li>\n\n\n\n<li class=\"has-medium-font-size\"><strong>Bohemio<\/strong>: Mezcla de patrones, colores vivos y una abundancia de textiles y decoraciones.<\/li>\n\n\n\n<li class=\"has-medium-font-size\"><strong>Minimalista<\/strong>: Estilo limpio y despejado con un enfoque en la funcionalidad y la simplicidad.<\/li>\n<\/ul>\n\n\n\n<p class=\"has-medium-font-size wp-block-paragraph\"><strong>4. Combina colores y estilos<\/strong>:<\/p>\n\n\n\n<ul class=\"wp-block-list\">\n<li class=\"has-medium-font-size\"><strong>Equilibrio<\/strong>: Mant\u00e9n un equilibrio entre los colores principales y los acentos para evitar sobrecargar el espacio.<\/li>\n\n\n\n<li class=\"has-medium-font-size\"><strong>Texturas y materiales<\/strong>: Incorpora diferentes texturas como madera, metal y telas para a\u00f1adir profundidad e inter\u00e9s visual.<\/li>\n<\/ul>\n\n\n\n<p class=\"has-medium-font-size wp-block-paragraph\">Al seleccionar colores y estilos, es importante considerar el tama\u00f1o de la habitaci\u00f3n, la cantidad de luz natural y tus preferencias personales. Una combinaci\u00f3n bien pensada puede transformar tu sal\u00f3n en un espacio acogedor y estiloso que invite a la relajaci\u00f3n y al disfrute.<\/p>\n\n\n\n<figure class=\"wp-block-image alignfull size-large\"><img decoding=\"async\" width=\"1024\" height=\"682\" src=\"https:\/\/mueblesdetena.es\/wp-content\/uploads\/2024\/08\/salon-1024x682.jpg\" alt=\"\" class=\"wp-image-31755\" srcset=\"https:\/\/mueblesdetena.es\/wp-content\/uploads\/2024\/08\/salon-1024x682.jpg 1024w, https:\/\/mueblesdetena.es\/wp-content\/uploads\/2024\/08\/salon-300x200.jpg 300w, https:\/\/mueblesdetena.es\/wp-content\/uploads\/2024\/08\/salon-768x512.jpg 768w, https:\/\/mueblesdetena.es\/wp-content\/uploads\/2024\/08\/salon-600x400.jpg 600w, https:\/\/mueblesdetena.es\/wp-content\/uploads\/2024\/08\/salon.jpg 1280w\" sizes=\"(max-width: 1024px) 100vw, 1024px\" \/><\/figure>\n\n\n\n<div style=\"height:100px\" aria-hidden=\"true\" class=\"wp-block-spacer\"><\/div>\n\n\n\n<h2 class=\"wp-block-heading\"><span class=\"ez-toc-section\" id=\"Mobiliario_esencial_para_el_salon\"><\/span>Mobiliario esencial para el sal\u00f3n<span class=\"ez-toc-section-end\"><\/span><\/h2>\n\n\n\n<p class=\"has-medium-font-size wp-block-paragraph\">El mobiliario adecuado es clave para crear un sal\u00f3n que sea funcional, c\u00f3modo y est\u00e9ticamente agradable. A continuaci\u00f3n, te presentamos los muebles esenciales que no pueden faltar en tu sal\u00f3n:<\/p>\n\n\n\n<p class=\"has-medium-font-size wp-block-paragraph\"><strong>1. Sof\u00e1s y sillones<\/strong>:<\/p>\n\n\n\n<ul class=\"wp-block-list\">\n<li class=\"has-medium-font-size\"><strong>Elecci\u00f3n de materiales<\/strong>: Los sof\u00e1s de cuero son duraderos y f\u00e1ciles de limpiar, mientras que los de tela ofrecen una mayor variedad de colores y texturas.<\/li>\n\n\n\n<li class=\"has-medium-font-size\"><strong>Tama\u00f1os y configuraciones<\/strong>: Desde sof\u00e1s de dos plazas hasta seccionales, elige en funci\u00f3n del tama\u00f1o de tu sala y las necesidades de tu familia.<\/li>\n\n\n\n<li class=\"has-medium-font-size\"><strong>Comodidad y estilo<\/strong>: Aseg\u00farate de que el sof\u00e1 no solo se vea bien, sino que tambi\u00e9n sea c\u00f3modo para el uso diario.<\/li>\n<\/ul>\n\n\n\n<p class=\"has-medium-font-size wp-block-paragraph\"><strong>2. Mesas de centro<\/strong>:<\/p>\n\n\n\n<ul class=\"wp-block-list\">\n<li class=\"has-medium-font-size\"><strong>Funcionalidad<\/strong>: Las mesas de centro pueden servir para almacenar libros, revistas o controles remotos. Considera opciones con almacenamiento adicional.<\/li>\n\n\n\n<li class=\"has-medium-font-size\"><strong>Dise\u00f1o y materiales<\/strong>: Desde madera hasta vidrio y metal, selecciona una mesa que complemente el estilo de tu sal\u00f3n.<\/li>\n<\/ul>\n\n\n\n<p class=\"has-medium-font-size wp-block-paragraph\"><strong>3. Muebles de almacenamiento<\/strong>:<\/p>\n\n\n\n<ul class=\"wp-block-list\">\n<li class=\"has-medium-font-size\"><strong>Estanter\u00edas<\/strong>: Ideales para exhibir libros, decoraciones y objetos personales. Las estanter\u00edas abiertas pueden hacer que la habitaci\u00f3n se sienta m\u00e1s espaciosa.<\/li>\n\n\n\n<li class=\"has-medium-font-size\"><strong>Aparadores y consolas<\/strong>: Ofrecen espacio de almacenamiento cerrado para mantener el orden y la limpieza.<\/li>\n\n\n\n<li class=\"has-medium-font-size\"><strong>Muebles TV<\/strong>: Dise\u00f1ados para sostener la televisi\u00f3n y almacenar equipos multimedia, deben combinar funcionalidad con estilo.<\/li>\n<\/ul>\n\n\n\n<p class=\"has-medium-font-size wp-block-paragraph\"><strong>4. Sillas y taburetes adicionales<\/strong>:<\/p>\n\n\n\n<ul class=\"wp-block-list\">\n<li class=\"has-medium-font-size\"><strong>Asientos adicionales<\/strong>: Los sillones individuales o las sillas decorativas pueden proporcionar asientos adicionales sin ocupar mucho espacio.<\/li>\n\n\n\n<li class=\"has-medium-font-size\"><strong>Taburetes<\/strong>: \u00datiles para espacios informales o para complementar una barra de cocina abierta al sal\u00f3n.<\/li>\n<\/ul>\n\n\n\n<p class=\"has-medium-font-size wp-block-paragraph\"><strong>5. Mesas auxiliares<\/strong>:<\/p>\n\n\n\n<ul class=\"wp-block-list\">\n<li class=\"has-medium-font-size\"><strong>Practicidad<\/strong>: Colocadas junto a los sof\u00e1s o sillones, son perfectas para sostener l\u00e1mparas, bebidas y otros objetos peque\u00f1os.<\/li>\n\n\n\n<li class=\"has-medium-font-size\"><strong>Dise\u00f1o<\/strong>: Pueden ser una excelente manera de a\u00f1adir un toque de estilo o color a la decoraci\u00f3n de tu sal\u00f3n.<\/li>\n<\/ul>\n\n\n\n<p class=\"has-medium-font-size wp-block-paragraph\"><strong>6. Alfombras<\/strong>:<\/p>\n\n\n\n<ul class=\"wp-block-list\">\n<li class=\"has-medium-font-size\"><strong>Delimitaci\u00f3n de espacios<\/strong>: Las alfombras pueden ayudar a definir las \u00e1reas de asientos y a\u00f1adir calidez al espacio.<\/li>\n\n\n\n<li class=\"has-medium-font-size\"><strong>Materiales y tama\u00f1os<\/strong>: Selecciona una alfombra que se ajuste al tama\u00f1o de tu sal\u00f3n y que est\u00e9 hecha de un material adecuado para el uso previsto.<\/li>\n<\/ul>\n\n\n\n<p class=\"has-medium-font-size wp-block-paragraph\"><strong>7. Iluminaci\u00f3n<\/strong>:<\/p>\n\n\n\n<ul class=\"wp-block-list has-medium-font-size\">\n<li><strong>L\u00e1mparas de pie y de mesa<\/strong>: A\u00f1aden luz ambiental y son ideales para la lectura.<\/li>\n\n\n\n<li><strong>L\u00e1mparas colgantes<\/strong>: Pueden ser el punto focal del sal\u00f3n, proporcionando luz general y estilo.<\/li>\n<\/ul>\n\n\n\n<h3 class=\"wp-block-heading\"><span class=\"ez-toc-section\" id=\"Consejos_para_la_seleccion_de_mobiliario\"><\/span>Consejos para la selecci\u00f3n de mobiliario<span class=\"ez-toc-section-end\"><\/span><\/h3>\n\n\n\n<ul class=\"wp-block-list\">\n<li class=\"has-medium-font-size\"><strong>Proporciones adecuadas<\/strong>: Aseg\u00farate de que el tama\u00f1o de los muebles est\u00e9 en proporci\u00f3n con el tama\u00f1o de la habitaci\u00f3n.<\/li>\n\n\n\n<li class=\"has-medium-font-size\"><strong>Combinar estilos<\/strong>: No tengas miedo de mezclar diferentes estilos y materiales para a\u00f1adir inter\u00e9s visual.<\/li>\n\n\n\n<li class=\"has-medium-font-size\"><strong>Priorizar la comodidad<\/strong>: M\u00e1s all\u00e1 de la est\u00e9tica, es fundamental que los muebles sean c\u00f3modos y funcionales para el uso diario.<\/li>\n<\/ul>\n\n\n\n<p class=\"has-medium-font-size wp-block-paragraph\">Seleccionando los muebles adecuados, puedes crear un sal\u00f3n que sea acogedor, pr\u00e1ctico y refleje tu estilo personal, convirti\u00e9ndolo en el coraz\u00f3n de tu hogar.<\/p>\n\n\n\n<figure class=\"wp-block-image alignfull size-large\"><img decoding=\"async\" width=\"1024\" height=\"640\" src=\"https:\/\/mueblesdetena.es\/wp-content\/uploads\/2024\/08\/salon-lujo-1024x640.jpg\" alt=\"\" class=\"wp-image-31756\" srcset=\"https:\/\/mueblesdetena.es\/wp-content\/uploads\/2024\/08\/salon-lujo-1024x640.jpg 1024w, https:\/\/mueblesdetena.es\/wp-content\/uploads\/2024\/08\/salon-lujo-300x188.jpg 300w, https:\/\/mueblesdetena.es\/wp-content\/uploads\/2024\/08\/salon-lujo-768x480.jpg 768w, https:\/\/mueblesdetena.es\/wp-content\/uploads\/2024\/08\/salon-lujo-600x375.jpg 600w, https:\/\/mueblesdetena.es\/wp-content\/uploads\/2024\/08\/salon-lujo.jpg 1280w\" sizes=\"(max-width: 1024px) 100vw, 1024px\" \/><\/figure>\n\n\n\n<div style=\"height:100px\" aria-hidden=\"true\" class=\"wp-block-spacer\"><\/div>\n\n\n\n<h2 class=\"wp-block-heading\"><span class=\"ez-toc-section\" id=\"Accesorios_y_decoracion\"><\/span>Accesorios y decoraci\u00f3n<span class=\"ez-toc-section-end\"><\/span><\/h2>\n\n\n\n<p class=\"has-medium-font-size wp-block-paragraph\">Los accesorios y elementos decorativos son fundamentales para darle personalidad y calidez a tu sal\u00f3n. Aqu\u00ed tienes algunos consejos sobre c\u00f3mo elegir y combinar estos elementos:<\/p>\n\n\n\n<p class=\"has-medium-font-size wp-block-paragraph\"><strong>1. Cojines y textiles<\/strong>:<\/p>\n\n\n\n<ul class=\"wp-block-list\">\n<li class=\"has-medium-font-size\"><strong>Combinaci\u00f3n de colores y patrones<\/strong>: Mezcla diferentes colores y patrones para a\u00f1adir inter\u00e9s visual. Cojines, mantas y cortinas pueden ser una excelente manera de introducir nuevas texturas y tonos.<\/li>\n\n\n\n<li class=\"has-medium-font-size\"><strong>Materiales<\/strong>: Opta por materiales de calidad como algod\u00f3n, lana o lino para mayor durabilidad y comodidad.<\/li>\n<\/ul>\n\n\n\n<p class=\"has-medium-font-size wp-block-paragraph\"><strong>2. Iluminaci\u00f3n<\/strong>:<\/p>\n\n\n\n<ul class=\"wp-block-list\">\n<li class=\"has-medium-font-size\"><strong>L\u00e1mparas de mesa y de pie<\/strong>: Utiliza l\u00e1mparas de mesa para crear un ambiente acogedor y l\u00e1mparas de pie para iluminar \u00e1reas espec\u00edficas.<\/li>\n\n\n\n<li class=\"has-medium-font-size\"><strong>Luz ambiental y focal<\/strong>: Aseg\u00farate de tener una mezcla de luces ambientales (l\u00e1mparas de techo) y luces focales (l\u00e1mparas de lectura o de acento).<\/li>\n<\/ul>\n\n\n\n<p class=\"has-medium-font-size wp-block-paragraph\"><strong>3. Arte y decoraciones de pared<\/strong>:<\/p>\n\n\n\n<ul class=\"wp-block-list\">\n<li class=\"has-medium-font-size\"><strong>Cuadros y fotograf\u00edas<\/strong>: Selecciona obras de arte o fotograf\u00edas que reflejen tu estilo personal. Puedes crear una galer\u00eda en la pared con diferentes marcos y tama\u00f1os.<\/li>\n\n\n\n<li class=\"has-medium-font-size\"><strong>Espejos<\/strong>: Los espejos pueden hacer que el espacio parezca m\u00e1s grande y a\u00f1adir luz reflejada.<\/li>\n<\/ul>\n\n\n\n<p class=\"has-medium-font-size wp-block-paragraph\"><strong>4. Plantas y flores<\/strong>:<\/p>\n\n\n\n<ul class=\"wp-block-list\">\n<li class=\"has-medium-font-size\"><strong>Plantas de interior<\/strong>: A\u00f1aden vida y color al sal\u00f3n. Opta por plantas que se adapten bien al ambiente interior y que sean f\u00e1ciles de mantener.<\/li>\n\n\n\n<li class=\"has-medium-font-size\"><strong>Flores frescas<\/strong>: Coloca flores frescas en jarrones para a\u00f1adir un toque de frescura y elegancia.<\/li>\n<\/ul>\n\n\n\n<p class=\"has-medium-font-size wp-block-paragraph\"><strong>5. Alfombras<\/strong>:<\/p>\n\n\n\n<ul class=\"wp-block-list\">\n<li class=\"has-medium-font-size\"><strong>Definici\u00f3n de \u00e1reas<\/strong>: Utiliza alfombras para delimitar zonas espec\u00edficas, como el \u00e1rea de estar o de comedor. Aseg\u00farate de que la alfombra sea lo suficientemente grande para acomodar todos los muebles principales.<\/li>\n\n\n\n<li class=\"has-medium-font-size\"><strong>Textura y color<\/strong>: Elige alfombras que complementen el color y la textura de los muebles y otros textiles del sal\u00f3n.<\/li>\n<\/ul>\n\n\n\n<p class=\"has-medium-font-size wp-block-paragraph\"><strong>6. Objetos decorativos<\/strong>:<\/p>\n\n\n\n<ul class=\"wp-block-list\">\n<li class=\"has-medium-font-size\"><strong>Figuras y esculturas<\/strong>: Coloca peque\u00f1as figuras o esculturas en mesas auxiliares o estanter\u00edas para a\u00f1adir un toque art\u00edstico.<\/li>\n\n\n\n<li class=\"has-medium-font-size\"><strong>Libros y revistas<\/strong>: Los libros y revistas pueden ser elementos decorativos cuando se colocan estrat\u00e9gicamente en mesas de centro o estanter\u00edas.<\/li>\n<\/ul>\n\n\n\n<p class=\"has-medium-font-size wp-block-paragraph\"><strong>7. Accesorios funcionales<\/strong>:<\/p>\n\n\n\n<ul class=\"wp-block-list\">\n<li class=\"has-medium-font-size\"><strong>Relojes de pared<\/strong>: Adem\u00e1s de ser pr\u00e1cticos, los relojes pueden ser una pieza decorativa significativa.<\/li>\n\n\n\n<li class=\"has-medium-font-size\"><strong>Cestas y cajas de almacenamiento<\/strong>: Utiliza cestas decorativas o cajas bonitas para mantener el orden y a la vez decorar.<\/li>\n<\/ul>\n\n\n\n<h3 class=\"wp-block-heading\"><span class=\"ez-toc-section\" id=\"Consejos_para_combinar_accesorios_y_decoracion\"><\/span>Consejos para combinar accesorios y decoraci\u00f3n<span class=\"ez-toc-section-end\"><\/span><\/h3>\n\n\n\n<ul class=\"wp-block-list\">\n<li class=\"has-medium-font-size\"><strong>Coherencia en el estilo<\/strong>: Aseg\u00farate de que todos los elementos decorativos sigan una tem\u00e1tica o estilo coherente para mantener la armon\u00eda en el dise\u00f1o.<\/li>\n\n\n\n<li class=\"has-medium-font-size\"><strong>Jugar con las proporciones<\/strong>: Mezcla elementos de diferentes tama\u00f1os y alturas para crear un inter\u00e9s visual din\u00e1mico.<\/li>\n\n\n\n<li class=\"has-medium-font-size\"><strong>Rotaci\u00f3n estacional<\/strong>: Considera cambiar algunos accesorios y decoraciones seg\u00fan la estaci\u00f3n del a\u00f1o para mantener el sal\u00f3n fresco y actualizado.<\/li>\n<\/ul>\n\n\n\n<p class=\"has-medium-font-size wp-block-paragraph\">Con la elecci\u00f3n adecuada de accesorios y elementos decorativos, tu sal\u00f3n se convertir\u00e1 en un espacio \u00fanico que refleje tu estilo personal y ofrezca un ambiente acogedor para ti y tus invitados.<\/p>\n\n\n\n<figure class=\"wp-block-image aligncenter size-large\"><img loading=\"lazy\" decoding=\"async\" width=\"768\" height=\"1024\" src=\"https:\/\/mueblesdetena.es\/wp-content\/uploads\/2024\/08\/salon-hippie-768x1024.jpg\" alt=\"\" class=\"wp-image-31757\" srcset=\"https:\/\/mueblesdetena.es\/wp-content\/uploads\/2024\/08\/salon-hippie-768x1024.jpg 768w, https:\/\/mueblesdetena.es\/wp-content\/uploads\/2024\/08\/salon-hippie-225x300.jpg 225w, https:\/\/mueblesdetena.es\/wp-content\/uploads\/2024\/08\/salon-hippie-600x800.jpg 600w, https:\/\/mueblesdetena.es\/wp-content\/uploads\/2024\/08\/salon-hippie.jpg 960w\" sizes=\"(max-width: 768px) 100vw, 768px\" \/><\/figure>\n\n\n\n<div style=\"height:100px\" aria-hidden=\"true\" class=\"wp-block-spacer\"><\/div>\n\n\n\n<h2 class=\"wp-block-heading\"><span class=\"ez-toc-section\" id=\"Crear_zonas_funcionales\"><\/span>Crear zonas funcionales<span class=\"ez-toc-section-end\"><\/span><\/h2>\n\n\n\n<p class=\"has-medium-font-size wp-block-paragraph\">Para aprovechar al m\u00e1ximo tu sal\u00f3n, es importante crear distintas zonas funcionales que se adapten a las actividades diarias de tu hogar. Aqu\u00ed tienes algunas ideas para definir estas \u00e1reas:<\/p>\n\n\n\n<p class=\"has-medium-font-size wp-block-paragraph\"><strong>1. Espacios de relajaci\u00f3n<\/strong>:<\/p>\n\n\n\n<ul class=\"wp-block-list\">\n<li class=\"has-medium-font-size\"><strong>Organizaci\u00f3n de asientos<\/strong>: Coloca sof\u00e1s y sillones en forma de U o L alrededor de una mesa de centro para fomentar la conversaci\u00f3n y el descanso.<\/li>\n\n\n\n<li class=\"has-medium-font-size\"><strong>A\u00f1adir confort<\/strong>: Utiliza cojines y mantas para crear un ambiente acogedor y relajante.<\/li>\n<\/ul>\n\n\n\n<p class=\"has-medium-font-size wp-block-paragraph\"><strong>2. Zonas de entretenimiento<\/strong>:<\/p>\n\n\n\n<ul class=\"wp-block-list\">\n<li class=\"has-medium-font-size\"><strong>Ubicaci\u00f3n del televisor<\/strong>: Aseg\u00farate de que el televisor est\u00e9 a la altura adecuada y que los asientos est\u00e9n dispuestos de manera que todos tengan una buena vista.<\/li>\n\n\n\n<li class=\"has-medium-font-size\"><strong>Sistemas de sonido<\/strong>: Coloca altavoces estrat\u00e9gicamente para una experiencia de sonido envolvente.<\/li>\n<\/ul>\n\n\n\n<p class=\"has-medium-font-size wp-block-paragraph\"><strong>3. \u00c1reas de lectura o trabajo<\/strong>:<\/p>\n\n\n\n<ul class=\"wp-block-list\">\n<li class=\"has-medium-font-size\"><strong>Rinc\u00f3n de lectura<\/strong>: Crea un espacio acogedor con una silla c\u00f3moda, una l\u00e1mpara de lectura y una estanter\u00eda para tus libros favoritos.<\/li>\n\n\n\n<li class=\"has-medium-font-size\"><strong>Espacio de trabajo<\/strong>: Integra un escritorio y una silla ergon\u00f3mica, ideal para trabajar desde casa o para que los ni\u00f1os hagan sus tareas.<\/li>\n<\/ul>\n\n\n\n<p class=\"has-medium-font-size wp-block-paragraph\"><strong>4. Zona de comedor<\/strong>:<\/p>\n\n\n\n<ul class=\"wp-block-list\">\n<li class=\"has-medium-font-size\"><strong>Mesa de comedor<\/strong>: Si tu sal\u00f3n es lo suficientemente grande, considera a\u00f1adir una mesa de comedor con sillas. Esto puede ser \u00fatil para cenas informales o reuniones familiares.<\/li>\n\n\n\n<li class=\"has-medium-font-size\"><strong>Almacenamiento cercano<\/strong>: Utiliza aparadores o estanter\u00edas cercanas para almacenar vajilla y utensilios, facilitando el acceso durante las comidas.<\/li>\n<\/ul>\n\n\n\n<p class=\"has-medium-font-size wp-block-paragraph\"><strong>5. Espacios multifuncionales<\/strong>:<\/p>\n\n\n\n<ul class=\"wp-block-list\">\n<li class=\"has-medium-font-size\"><strong>Muebles vers\u00e1tiles<\/strong>: Usa muebles que puedan servir para m\u00faltiples prop\u00f3sitos, como mesas plegables o sof\u00e1s cama, para adaptar el espacio seg\u00fan las necesidades.<\/li>\n\n\n\n<li class=\"has-medium-font-size\"><strong>Divisiones flexibles<\/strong>: Utiliza biombos o estanter\u00edas abiertas para dividir el espacio sin cerrar completamente las \u00e1reas.<\/li>\n<\/ul>\n\n\n\n<h3 class=\"wp-block-heading\"><span class=\"ez-toc-section\" id=\"Consejos_para_la_creacion_de_zonas_funcionales\"><\/span>Consejos para la creaci\u00f3n de zonas funcionales<span class=\"ez-toc-section-end\"><\/span><\/h3>\n\n\n\n<ul class=\"wp-block-list\">\n<li class=\"has-medium-font-size\"><strong>Circulaci\u00f3n adecuada<\/strong>: Aseg\u00farate de que haya suficiente espacio para moverse c\u00f3modamente entre las distintas zonas.<\/li>\n\n\n\n<li class=\"has-medium-font-size\"><strong>Cohesi\u00f3n en el dise\u00f1o<\/strong>: Mant\u00e9n una paleta de colores y estilo coherente para que las diferentes \u00e1reas se integren armoniosamente.<\/li>\n\n\n\n<li class=\"has-medium-font-size\"><strong>Iluminaci\u00f3n<\/strong>: Usa una combinaci\u00f3n de luces generales, focales y ambientales para definir y realzar cada zona funcional.<\/li>\n<\/ul>\n\n\n\n<p class=\"has-medium-font-size wp-block-paragraph\">Al organizar tu sal\u00f3n en distintas zonas funcionales, puedes crear un espacio que no solo sea est\u00e9ticamente agradable, sino tambi\u00e9n extremadamente pr\u00e1ctico y adaptable a las diversas actividades de tu vida diaria.<\/p>\n\n\n\n<figure class=\"wp-block-image alignfull size-large\"><img loading=\"lazy\" decoding=\"async\" width=\"1024\" height=\"678\" src=\"https:\/\/mueblesdetena.es\/wp-content\/uploads\/2024\/08\/nuevo-salon-1024x678.jpg\" alt=\"\" class=\"wp-image-31759\" srcset=\"https:\/\/mueblesdetena.es\/wp-content\/uploads\/2024\/08\/nuevo-salon-1024x678.jpg 1024w, https:\/\/mueblesdetena.es\/wp-content\/uploads\/2024\/08\/nuevo-salon-300x199.jpg 300w, https:\/\/mueblesdetena.es\/wp-content\/uploads\/2024\/08\/nuevo-salon-768x508.jpg 768w, https:\/\/mueblesdetena.es\/wp-content\/uploads\/2024\/08\/nuevo-salon-600x397.jpg 600w, https:\/\/mueblesdetena.es\/wp-content\/uploads\/2024\/08\/nuevo-salon.jpg 1280w\" sizes=\"(max-width: 1024px) 100vw, 1024px\" \/><\/figure>\n\n\n\n<div style=\"height:100px\" aria-hidden=\"true\" class=\"wp-block-spacer\"><\/div>\n\n\n\n<h2 class=\"wp-block-heading\"><span class=\"ez-toc-section\" id=\"Consejos_practicos_para_mantener_el_salon_ordenado\"><\/span>Consejos pr\u00e1cticos para mantener el sal\u00f3n ordenado<span class=\"ez-toc-section-end\"><\/span><\/h2>\n\n\n\n<p class=\"has-medium-font-size wp-block-paragraph\">Mantener el sal\u00f3n ordenado puede parecer un desaf\u00edo, pero con algunos consejos pr\u00e1cticos y soluciones de almacenamiento inteligente, puedes mantener este espacio siempre en perfecto estado.<\/p>\n\n\n\n<p class=\"has-medium-font-size wp-block-paragraph\"><strong>1. Soluciones de almacenamiento inteligente<\/strong>:<\/p>\n\n\n\n<ul class=\"wp-block-list\">\n<li class=\"has-medium-font-size\"><strong>Muebles con almacenamiento<\/strong>: Elige mesas de centro con compartimentos, sof\u00e1s con espacio debajo y estanter\u00edas abiertas para mantener los objetos organizados y a mano.<\/li>\n\n\n\n<li class=\"has-medium-font-size\"><strong>Cestas y cajas<\/strong>: Utiliza cestas decorativas y cajas para almacenar mantas, juguetes y otros objetos peque\u00f1os.<\/li>\n<\/ul>\n\n\n\n<p class=\"has-medium-font-size wp-block-paragraph\"><strong>2. Rutinas de limpieza y mantenimiento<\/strong>:<\/p>\n\n\n\n<ul class=\"wp-block-list\">\n<li class=\"has-medium-font-size\"><strong>Limpieza diaria<\/strong>: Dedica unos minutos cada d\u00eda a recoger y limpiar superficies. Esto evitar\u00e1 que el desorden se acumule.<\/li>\n\n\n\n<li class=\"has-medium-font-size\"><strong>Mantenimiento semanal<\/strong>: Realiza una limpieza m\u00e1s profunda una vez a la semana, incluyendo aspirar alfombras, limpiar ventanas y reorganizar estanter\u00edas.<\/li>\n<\/ul>\n\n\n\n<p class=\"has-medium-font-size wp-block-paragraph\"><strong>3. C\u00f3mo adaptar el sal\u00f3n a cambios estacionales<\/strong>:<\/p>\n\n\n\n<ul class=\"wp-block-list\">\n<li class=\"has-medium-font-size\"><strong>Rotaci\u00f3n de decoraciones<\/strong>: Cambia los accesorios y decoraciones seg\u00fan la temporada. Guarda las decoraciones fuera de temporada en cajas etiquetadas.<\/li>\n\n\n\n<li class=\"has-medium-font-size\"><strong>Ajustes de mobiliario<\/strong>: Reorganiza los muebles para adaptarlos a las necesidades estacionales, como crear m\u00e1s espacio en invierno para actividades interiores o abrir el espacio en verano para una sensaci\u00f3n m\u00e1s aireada.<\/li>\n<\/ul>\n\n\n\n<p class=\"has-medium-font-size wp-block-paragraph\"><strong>4. Simplificar y reducir el desorden<\/strong>:<\/p>\n\n\n\n<ul class=\"wp-block-list\">\n<li class=\"has-medium-font-size\"><strong>Despeja superficies<\/strong>: Mant\u00e9n mesas y estanter\u00edas libres de objetos innecesarios. Menos es m\u00e1s cuando se trata de decoraci\u00f3n y funcionalidad.<\/li>\n\n\n\n<li class=\"has-medium-font-size\"><strong>Revisa regularmente<\/strong>: Eval\u00faa peri\u00f3dicamente los objetos en tu sal\u00f3n y deshazte de lo que ya no necesitas. Dona, vende o recicla elementos que ya no usas.<\/li>\n<\/ul>\n\n\n\n<figure class=\"wp-block-image aligncenter size-large\"><img loading=\"lazy\" decoding=\"async\" width=\"683\" height=\"1024\" src=\"https:\/\/mueblesdetena.es\/wp-content\/uploads\/2024\/08\/salon-blanco-683x1024.jpg\" alt=\"\" class=\"wp-image-31758\" srcset=\"https:\/\/mueblesdetena.es\/wp-content\/uploads\/2024\/08\/salon-blanco-683x1024.jpg 683w, https:\/\/mueblesdetena.es\/wp-content\/uploads\/2024\/08\/salon-blanco-200x300.jpg 200w, https:\/\/mueblesdetena.es\/wp-content\/uploads\/2024\/08\/salon-blanco-768x1151.jpg 768w, https:\/\/mueblesdetena.es\/wp-content\/uploads\/2024\/08\/salon-blanco-600x899.jpg 600w, https:\/\/mueblesdetena.es\/wp-content\/uploads\/2024\/08\/salon-blanco.jpg 854w\" sizes=\"(max-width: 683px) 100vw, 683px\" \/><\/figure>\n\n\n\n<div style=\"height:100px\" aria-hidden=\"true\" class=\"wp-block-spacer\"><\/div>\n\n\n\n<p class=\"has-medium-font-size wp-block-paragraph\">Renovar tu sal\u00f3n puede ser una experiencia gratificante que transforma uno de los espacios m\u00e1s importantes de tu hogar en un lugar m\u00e1s funcional, c\u00f3modo y est\u00e9ticamente atractivo. Al planificar cuidadosamente la renovaci\u00f3n, seleccionar los colores y estilos adecuados, elegir el mobiliario esencial, y a\u00f1adir accesorios y decoraciones con intenci\u00f3n, puedes crear un sal\u00f3n que refleje tu personalidad y estilo de vida. Adem\u00e1s, al crear zonas funcionales y mantener el orden con soluciones pr\u00e1cticas de almacenamiento, asegurar\u00e1s que tu sal\u00f3n siga siendo un espacio acogedor y organizado. Explora las opciones disponibles en Muebles de Tena para inspirarte y encontrar todo lo que necesitas para renovar tu sal\u00f3n con estilo.<\/p>","protected":false},"excerpt":{"rendered":"<p>Renovar el sal\u00f3n es una excelente manera de revitalizar tu hogar, aportando frescura y modernidad a uno de los espacios m\u00e1s importantes. Un sal\u00f3n bien dise\u00f1ado no solo mejora la est\u00e9tica, sino que tambi\u00e9n aumenta la comodidad y funcionalidad del lugar donde pasas tiempo con familiares y amigos. En este art\u00edculo, te proporcionaremos ideas y [&hellip;]<\/p>\n","protected":false},"author":267,"featured_media":31761,"comment_status":"open","ping_status":"open","sticky":false,"template":"","format":"standard","meta":{"site-sidebar-layout":"default","site-content-layout":"","ast-site-content-layout":"default","site-content-style":"default","site-sidebar-style":"default","ast-global-header-display":"","ast-banner-title-visibility":"","ast-main-header-display":"","ast-hfb-above-header-display":"","ast-hfb-below-header-display":"","ast-hfb-mobile-header-display":"","site-post-title":"","ast-breadcrumbs-content":"","ast-featured-img":"","footer-sml-layout":"","ast-disable-related-posts":"","theme-transparent-header-meta":"","adv-header-id-meta":"","stick-header-meta":"","header-above-stick-meta":"","header-main-stick-meta":"","header-below-stick-meta":"","astra-migrate-meta-layouts":"set","ast-page-background-enabled":"default","ast-page-background-meta":{"desktop":{"background-color":"var(--ast-global-color-4)","background-image":"","background-repeat":"repeat","background-position":"center center","background-size":"auto","background-attachment":"scroll","background-type":"","background-media":"","overlay-type":"","overlay-color":"","overlay-opacity":"","overlay-gradient":""},"tablet":{"background-color":"","background-image":"","background-repeat":"repeat","background-position":"center center","background-size":"auto","background-attachment":"scroll","background-type":"","background-media":"","overlay-type":"","overlay-color":"","overlay-opacity":"","overlay-gradient":""},"mobile":{"background-color":"","background-image":"","background-repeat":"repeat","background-position":"center center","background-size":"auto","background-attachment":"scroll","background-type":"","background-media":"","overlay-type":"","overlay-color":"","overlay-opacity":"","overlay-gradient":""}},"ast-content-background-meta":{"desktop":{"background-color":"var(--ast-global-color-5)","background-image":"","background-repeat":"repeat","background-position":"center center","background-size":"auto","background-attachment":"scroll","background-type":"","background-media":"","overlay-type":"","overlay-color":"","overlay-opacity":"","overlay-gradient":""},"tablet":{"background-color":"var(--ast-global-color-5)","background-image":"","background-repeat":"repeat","background-position":"center center","background-size":"auto","background-attachment":"scroll","background-type":"","background-media":"","overlay-type":"","overlay-color":"","overlay-opacity":"","overlay-gradient":""},"mobile":{"background-color":"var(--ast-global-color-5)","background-image":"","background-repeat":"repeat","background-position":"center center","background-size":"auto","background-attachment":"scroll","background-type":"","background-media":"","overlay-type":"","overlay-color":"","overlay-opacity":"","overlay-gradient":""}},"_joinchat":[],"footnotes":""},"categories":[1],"tags":[],"class_list":["post-31751","post","type-post","status-publish","format-standard","has-post-thumbnail","hentry","category-sin-categoria"],"_links":{"self":[{"href":"https:\/\/mueblesdetena.es\/ru_ru\/wp-json\/wp\/v2\/posts\/31751","targetHints":{"allow":["GET"]}}],"collection":[{"href":"https:\/\/mueblesdetena.es\/ru_ru\/wp-json\/wp\/v2\/posts"}],"about":[{"href":"https:\/\/mueblesdetena.es\/ru_ru\/wp-json\/wp\/v2\/types\/post"}],"author":[{"embeddable":true,"href":"https:\/\/mueblesdetena.es\/ru_ru\/wp-json\/wp\/v2\/users\/267"}],"replies":[{"embeddable":true,"href":"https:\/\/mueblesdetena.es\/ru_ru\/wp-json\/wp\/v2\/comments?post=31751"}],"version-history":[{"count":2,"href":"https:\/\/mueblesdetena.es\/ru_ru\/wp-json\/wp\/v2\/posts\/31751\/revisions"}],"predecessor-version":[{"id":31762,"href":"https:\/\/mueblesdetena.es\/ru_ru\/wp-json\/wp\/v2\/posts\/31751\/revisions\/31762"}],"wp:featuredmedia":[{"embeddable":true,"href":"https:\/\/mueblesdetena.es\/ru_ru\/wp-json\/wp\/v2\/media\/31761"}],"wp:attachment":[{"href":"https:\/\/mueblesdetena.es\/ru_ru\/wp-json\/wp\/v2\/media?parent=31751"}],"wp:term":[{"taxonomy":"category","embeddable":true,"href":"https:\/\/mueblesdetena.es\/ru_ru\/wp-json\/wp\/v2\/categories?post=31751"},{"taxonomy":"post_tag","embeddable":true,"href":"https:\/\/mueblesdetena.es\/ru_ru\/wp-json\/wp\/v2\/tags?post=31751"}],"curies":[{"name":"wp","href":"https:\/\/api.w.org\/{rel}","templated":true}]}}