{"id":31888,"date":"2024-08-15T18:42:55","date_gmt":"2024-08-15T16:42:55","guid":{"rendered":"https:\/\/mueblesdetena.es\/?p=31888"},"modified":"2024-08-07T19:17:30","modified_gmt":"2024-08-07T17:17:30","slug":"salon-tranquilo-y-acogedor","status":"publish","type":"post","link":"https:\/\/mueblesdetena.es\/ru_ru\/salon-tranquilo-y-acogedor\/","title":{"rendered":"Consejos para crear un sal\u00f3n tranquilo y acogedor"},"content":{"rendered":"<p class=\"has-medium-font-size wp-block-paragraph\">Crear un sal\u00f3n tranquilo y acogedor es esencial para disfrutar de un espacio de relajaci\u00f3n y bienestar en el hogar. Un sal\u00f3n tranquilo no solo mejora nuestro estado de \u00e1nimo, sino que tambi\u00e9n proporciona un refugio del estr\u00e9s diario. En este art\u00edculo, exploraremos varios consejos pr\u00e1cticos para transformar tu sal\u00f3n en un oasis de calma y confort. Desde la elecci\u00f3n de colores hasta la organizaci\u00f3n del espacio, te guiaremos en cada paso para que puedas dise\u00f1ar un sal\u00f3n que invite al descanso y la serenidad.<\/p>\n\n\n\n<div id=\"ez-toc-container\" class=\"ez-toc-v2_0_85 counter-hierarchy ez-toc-counter ez-toc-grey ez-toc-container-direction\">\n<div class=\"ez-toc-title-container\">\n<p class=\"ez-toc-title\" style=\"cursor:inherit\">Table of Contents<\/p>\n<span class=\"ez-toc-title-toggle\"><a href=\"#\" class=\"ez-toc-pull-right ez-toc-btn ez-toc-btn-xs ez-toc-btn-default ez-toc-toggle\" aria-label=\"Toggle Table of Content\"><span class=\"ez-toc-js-icon-con\"><span class=\"\"><span class=\"eztoc-hide\" style=\"display:none;\">Toggle<\/span><span class=\"ez-toc-icon-toggle-span\"><svg style=\"fill: #999;color:#999\" xmlns=\"http:\/\/www.w3.org\/2000\/svg\" class=\"list-377408\" width=\"20px\" height=\"20px\" viewbox=\"0 0 24 24\" fill=\"none\"><path d=\"M6 6H4v2h2V6zm14 0H8v2h12V6zM4 11h2v2H4v-2zm16 0H8v2h12v-2zM4 16h2v2H4v-2zm16 0H8v2h12v-2z\" fill=\"currentColor\"><\/path><\/svg><svg style=\"fill: #999;color:#999\" class=\"arrow-unsorted-368013\" xmlns=\"http:\/\/www.w3.org\/2000\/svg\" width=\"10px\" height=\"10px\" viewbox=\"0 0 24 24\" version=\"1.2\" baseprofile=\"tiny\"><path d=\"M18.2 9.3l-6.2-6.3-6.2 6.3c-.2.2-.3.4-.3.7s.1.5.3.7c.2.2.4.3.7.3h11c.3 0 .5-.1.7-.3.2-.2.3-.5.3-.7s-.1-.5-.3-.7zM5.8 14.7l6.2 6.3 6.2-6.3c.2-.2.3-.5.3-.7s-.1-.5-.3-.7c-.2-.2-.4-.3-.7-.3h-11c-.3 0-.5.1-.7.3-.2.2-.3.5-.3.7s.1.5.3.7z\"\/><\/svg><\/span><\/span><\/span><\/a><\/span><\/div>\n<nav><ul class='ez-toc-list ez-toc-list-level-1' ><li class='ez-toc-page-1 ez-toc-heading-level-2'><a class=\"ez-toc-link ez-toc-heading-1\" href=\"https:\/\/mueblesdetena.es\/ru_ru\/salon-tranquilo-y-acogedor\/#Eleccion_de_colores\" >Elecci\u00f3n de colores<\/a><ul class='ez-toc-list-level-3' ><li class='ez-toc-heading-level-3'><a class=\"ez-toc-link ez-toc-heading-2\" href=\"https:\/\/mueblesdetena.es\/ru_ru\/salon-tranquilo-y-acogedor\/#Colores_suaves_y_neutros\" >Colores suaves y neutros<\/a><\/li><li class='ez-toc-page-1 ez-toc-heading-level-3'><a class=\"ez-toc-link ez-toc-heading-3\" href=\"https:\/\/mueblesdetena.es\/ru_ru\/salon-tranquilo-y-acogedor\/#Combinaciones_de_colores\" >Combinaciones de colores<\/a><\/li><\/ul><\/li><li class='ez-toc-page-1 ez-toc-heading-level-2'><a class=\"ez-toc-link ez-toc-heading-4\" href=\"https:\/\/mueblesdetena.es\/ru_ru\/salon-tranquilo-y-acogedor\/#Mobiliario_adecuado\" >Mobiliario adecuado<\/a><ul class='ez-toc-list-level-3' ><li class='ez-toc-heading-level-3'><a class=\"ez-toc-link ez-toc-heading-5\" href=\"https:\/\/mueblesdetena.es\/ru_ru\/salon-tranquilo-y-acogedor\/#Muebles_comodos_y_funcionales\" >Muebles c\u00f3modos y funcionales<\/a><\/li><li class='ez-toc-page-1 ez-toc-heading-level-3'><a class=\"ez-toc-link ez-toc-heading-6\" href=\"https:\/\/mueblesdetena.es\/ru_ru\/salon-tranquilo-y-acogedor\/#Disposicion_del_mobiliario\" >Disposici\u00f3n del mobiliario<\/a><\/li><li class='ez-toc-page-1 ez-toc-heading-level-3'><a class=\"ez-toc-link ez-toc-heading-7\" href=\"https:\/\/mueblesdetena.es\/ru_ru\/salon-tranquilo-y-acogedor\/#Mesas_y_superficies\" >Mesas y superficies<\/a><\/li><li class='ez-toc-page-1 ez-toc-heading-level-3'><a class=\"ez-toc-link ez-toc-heading-8\" href=\"https:\/\/mueblesdetena.es\/ru_ru\/salon-tranquilo-y-acogedor\/#Materiales_naturales\" >Materiales naturales<\/a><\/li><\/ul><\/li><li class='ez-toc-page-1 ez-toc-heading-level-2'><a class=\"ez-toc-link ez-toc-heading-9\" href=\"https:\/\/mueblesdetena.es\/ru_ru\/salon-tranquilo-y-acogedor\/#Iluminacion\" >Iluminaci\u00f3n<\/a><ul class='ez-toc-list-level-3' ><li class='ez-toc-heading-level-3'><a class=\"ez-toc-link ez-toc-heading-10\" href=\"https:\/\/mueblesdetena.es\/ru_ru\/salon-tranquilo-y-acogedor\/#Luz_natural\" >Luz natural<\/a><\/li><li class='ez-toc-page-1 ez-toc-heading-level-3'><a class=\"ez-toc-link ez-toc-heading-11\" href=\"https:\/\/mueblesdetena.es\/ru_ru\/salon-tranquilo-y-acogedor\/#Iluminacion_suave\" >Iluminaci\u00f3n suave<\/a><\/li><li class='ez-toc-page-1 ez-toc-heading-level-3'><a class=\"ez-toc-link ez-toc-heading-12\" href=\"https:\/\/mueblesdetena.es\/ru_ru\/salon-tranquilo-y-acogedor\/#Velas_y_luces_decorativas\" >Velas y luces decorativas<\/a><\/li><\/ul><\/li><li class='ez-toc-page-1 ez-toc-heading-level-2'><a class=\"ez-toc-link ez-toc-heading-13\" href=\"https:\/\/mueblesdetena.es\/ru_ru\/salon-tranquilo-y-acogedor\/#Elementos_naturales\" >Elementos naturales<\/a><ul class='ez-toc-list-level-3' ><li class='ez-toc-heading-level-3'><a class=\"ez-toc-link ez-toc-heading-14\" href=\"https:\/\/mueblesdetena.es\/ru_ru\/salon-tranquilo-y-acogedor\/#Plantas_de_interior\" >Plantas de interior<\/a><\/li><li class='ez-toc-page-1 ez-toc-heading-level-3'><a class=\"ez-toc-link ez-toc-heading-15\" href=\"https:\/\/mueblesdetena.es\/ru_ru\/salon-tranquilo-y-acogedor\/#Materiales_naturales-2\" >Materiales naturales<\/a><\/li><li class='ez-toc-page-1 ez-toc-heading-level-3'><a class=\"ez-toc-link ez-toc-heading-16\" href=\"https:\/\/mueblesdetena.es\/ru_ru\/salon-tranquilo-y-acogedor\/#Decoracion_con_elementos_naturales\" >Decoraci\u00f3n con elementos naturales<\/a><\/li><li class='ez-toc-page-1 ez-toc-heading-level-3'><a class=\"ez-toc-link ez-toc-heading-17\" href=\"https:\/\/mueblesdetena.es\/ru_ru\/salon-tranquilo-y-acogedor\/#Beneficios_del_contacto_con_la_naturaleza\" >Beneficios del contacto con la naturaleza<\/a><\/li><\/ul><\/li><li class='ez-toc-page-1 ez-toc-heading-level-2'><a class=\"ez-toc-link ez-toc-heading-18\" href=\"https:\/\/mueblesdetena.es\/ru_ru\/salon-tranquilo-y-acogedor\/#Organizacion_y_orden\" >Organizaci\u00f3n y orden<\/a><ul class='ez-toc-list-level-3' ><li class='ez-toc-heading-level-3'><a class=\"ez-toc-link ez-toc-heading-19\" href=\"https:\/\/mueblesdetena.es\/ru_ru\/salon-tranquilo-y-acogedor\/#Soluciones_de_almacenamiento\" >Soluciones de almacenamiento<\/a><\/li><li class='ez-toc-page-1 ez-toc-heading-level-3'><a class=\"ez-toc-link ez-toc-heading-20\" href=\"https:\/\/mueblesdetena.es\/ru_ru\/salon-tranquilo-y-acogedor\/#Eliminacion_del_desorden\" >Eliminaci\u00f3n del desorden<\/a><\/li><li class='ez-toc-page-1 ez-toc-heading-level-3'><a class=\"ez-toc-link ez-toc-heading-21\" href=\"https:\/\/mueblesdetena.es\/ru_ru\/salon-tranquilo-y-acogedor\/#Organizacion_funcional\" >Organizaci\u00f3n funcional<\/a><\/li><li class='ez-toc-page-1 ez-toc-heading-level-3'><a class=\"ez-toc-link ez-toc-heading-22\" href=\"https:\/\/mueblesdetena.es\/ru_ru\/salon-tranquilo-y-acogedor\/#Muebles_multifuncionales\" >Muebles multifuncionales<\/a><\/li><li class='ez-toc-page-1 ez-toc-heading-level-3'><a class=\"ez-toc-link ez-toc-heading-23\" href=\"https:\/\/mueblesdetena.es\/ru_ru\/salon-tranquilo-y-acogedor\/#Espacios_despejados\" >Espacios despejados<\/a><\/li><\/ul><\/li><li class='ez-toc-page-1 ez-toc-heading-level-2'><a class=\"ez-toc-link ez-toc-heading-24\" href=\"https:\/\/mueblesdetena.es\/ru_ru\/salon-tranquilo-y-acogedor\/#Aromaterapia_y_sonidos\" >Aromaterapia y sonidos<\/a><ul class='ez-toc-list-level-3' ><li class='ez-toc-heading-level-3'><a class=\"ez-toc-link ez-toc-heading-25\" href=\"https:\/\/mueblesdetena.es\/ru_ru\/salon-tranquilo-y-acogedor\/#Difusores_de_aceites_esenciales\" >Difusores de aceites esenciales<\/a><\/li><li class='ez-toc-page-1 ez-toc-heading-level-3'><a class=\"ez-toc-link ez-toc-heading-26\" href=\"https:\/\/mueblesdetena.es\/ru_ru\/salon-tranquilo-y-acogedor\/#Velas_aromaticas\" >Velas arom\u00e1ticas<\/a><\/li><li class='ez-toc-page-1 ez-toc-heading-level-3'><a class=\"ez-toc-link ez-toc-heading-27\" href=\"https:\/\/mueblesdetena.es\/ru_ru\/salon-tranquilo-y-acogedor\/#Incienso\" >Incienso<\/a><\/li><li class='ez-toc-page-1 ez-toc-heading-level-3'><a class=\"ez-toc-link ez-toc-heading-28\" href=\"https:\/\/mueblesdetena.es\/ru_ru\/salon-tranquilo-y-acogedor\/#Musica_ambiental\" >M\u00fasica ambiental<\/a><\/li><li class='ez-toc-page-1 ez-toc-heading-level-3'><a class=\"ez-toc-link ez-toc-heading-29\" href=\"https:\/\/mueblesdetena.es\/ru_ru\/salon-tranquilo-y-acogedor\/#Sonidos_de_la_naturaleza\" >Sonidos de la naturaleza<\/a><\/li><li class='ez-toc-page-1 ez-toc-heading-level-3'><a class=\"ez-toc-link ez-toc-heading-30\" href=\"https:\/\/mueblesdetena.es\/ru_ru\/salon-tranquilo-y-acogedor\/#Silencio\" >Silencio<\/a><\/li><\/ul><\/li><li class='ez-toc-page-1 ez-toc-heading-level-2'><a class=\"ez-toc-link ez-toc-heading-31\" href=\"https:\/\/mueblesdetena.es\/ru_ru\/salon-tranquilo-y-acogedor\/#Tecnologia_y_entretenimiento\" >Tecnolog\u00eda y entretenimiento<\/a><\/li><li class='ez-toc-page-1 ez-toc-heading-level-2'><a class=\"ez-toc-link ez-toc-heading-32\" href=\"https:\/\/mueblesdetena.es\/ru_ru\/salon-tranquilo-y-acogedor\/#Minimizar_la_tecnologia_visible\" >Minimizar la tecnolog\u00eda visible<\/a><ul class='ez-toc-list-level-3' ><li class='ez-toc-heading-level-3'><a class=\"ez-toc-link ez-toc-heading-33\" href=\"https:\/\/mueblesdetena.es\/ru_ru\/salon-tranquilo-y-acogedor\/#Televisores_y_pantallas\" >Televisores y pantallas<\/a><\/li><li class='ez-toc-page-1 ez-toc-heading-level-3'><a class=\"ez-toc-link ez-toc-heading-34\" href=\"https:\/\/mueblesdetena.es\/ru_ru\/salon-tranquilo-y-acogedor\/#Espacios_de_desconexion\" >Espacios de desconexi\u00f3n<\/a><\/li><li class='ez-toc-page-1 ez-toc-heading-level-3'><a class=\"ez-toc-link ez-toc-heading-35\" href=\"https:\/\/mueblesdetena.es\/ru_ru\/salon-tranquilo-y-acogedor\/#Sistemas_de_sonido_integrados\" >Sistemas de sonido integrados<\/a><\/li><li class='ez-toc-page-1 ez-toc-heading-level-3'><a class=\"ez-toc-link ez-toc-heading-36\" href=\"https:\/\/mueblesdetena.es\/ru_ru\/salon-tranquilo-y-acogedor\/#Control_inteligente_del_hogar\" >Control inteligente del hogar<\/a><\/li><li class='ez-toc-page-1 ez-toc-heading-level-3'><a class=\"ez-toc-link ez-toc-heading-37\" href=\"https:\/\/mueblesdetena.es\/ru_ru\/salon-tranquilo-y-acogedor\/#Entretenimiento_relajante\" >Entretenimiento relajante<\/a><\/li><\/ul><\/li><li class='ez-toc-page-1 ez-toc-heading-level-2'><a class=\"ez-toc-link ez-toc-heading-38\" href=\"https:\/\/mueblesdetena.es\/ru_ru\/salon-tranquilo-y-acogedor\/#Personalizacion_y_toques_personales\" >Personalizaci\u00f3n y toques personales<\/a><ul class='ez-toc-list-level-3' ><li class='ez-toc-heading-level-3'><a class=\"ez-toc-link ez-toc-heading-39\" href=\"https:\/\/mueblesdetena.es\/ru_ru\/salon-tranquilo-y-acogedor\/#Arte_y_fotografias\" >Arte y fotograf\u00edas<\/a><\/li><li class='ez-toc-page-1 ez-toc-heading-level-3'><a class=\"ez-toc-link ez-toc-heading-40\" href=\"https:\/\/mueblesdetena.es\/ru_ru\/salon-tranquilo-y-acogedor\/#Elementos_DIY_y_recuerdos\" >Elementos DIY y recuerdos<\/a><\/li><li class='ez-toc-page-1 ez-toc-heading-level-3'><a class=\"ez-toc-link ez-toc-heading-41\" href=\"https:\/\/mueblesdetena.es\/ru_ru\/salon-tranquilo-y-acogedor\/#Textiles_personalizados\" >Textiles personalizados<\/a><\/li><\/ul><\/li><\/ul><\/nav><\/div>\n<h2 class=\"wp-block-heading\"><span class=\"ez-toc-section\" id=\"Eleccion_de_colores\"><\/span>Elecci\u00f3n de colores<span class=\"ez-toc-section-end\"><\/span><\/h2>\n\n\n\n<p class=\"has-medium-font-size wp-block-paragraph\">La elecci\u00f3n de colores es fundamental para crear un sal\u00f3n tranquilo y acogedor. Los colores suaves y neutros son ideales para este prop\u00f3sito, ya que tienen un efecto calmante y ayudan a crear un ambiente sereno.<\/p>\n\n\n\n<h3 class=\"wp-block-heading\"><span class=\"ez-toc-section\" id=\"Colores_suaves_y_neutros\"><\/span>Colores suaves y neutros<span class=\"ez-toc-section-end\"><\/span><\/h3>\n\n\n\n<p class=\"has-medium-font-size wp-block-paragraph\">Optar por tonos como el blanco, beige, gris y pasteles aporta una sensaci\u00f3n de calma y amplitud al espacio. Estos colores reflejan la luz natural, haciendo que el sal\u00f3n se sienta m\u00e1s luminoso y abierto. Adem\u00e1s, son vers\u00e1tiles y se pueden combinar f\u00e1cilmente con otros elementos decorativos.<\/p>\n\n\n\n<h3 class=\"wp-block-heading\"><span class=\"ez-toc-section\" id=\"Combinaciones_de_colores\"><\/span>Combinaciones de colores<span class=\"ez-toc-section-end\"><\/span><\/h3>\n\n\n\n<p class=\"has-medium-font-size wp-block-paragraph\">Crear una paleta de colores armoniosa es clave para un sal\u00f3n acogedor. Combina tonos neutros con acentos de colores suaves como el azul claro, verde menta o lavanda para a\u00f1adir un toque de color sin perder la tranquilidad del ambiente. Estas combinaciones no solo son visualmente agradables, sino que tambi\u00e9n fomentan una sensaci\u00f3n de bienestar y relajaci\u00f3n.<\/p>\n\n\n\n<p class=\"has-medium-font-size wp-block-paragraph\">El uso de colores adecuados puede transformar tu sal\u00f3n en un refugio de tranquilidad y confort, mejorando significativamente la calidad del tiempo que pasas en \u00e9l.<\/p>\n\n\n\n<figure class=\"wp-block-image alignfull size-large\"><img fetchpriority=\"high\" decoding=\"async\" width=\"1024\" height=\"682\" src=\"https:\/\/mueblesdetena.es\/wp-content\/uploads\/2024\/08\/salon-tranquilo-1024x682.jpg\" alt=\"\" class=\"wp-image-31890\" srcset=\"https:\/\/mueblesdetena.es\/wp-content\/uploads\/2024\/08\/salon-tranquilo-1024x682.jpg 1024w, https:\/\/mueblesdetena.es\/wp-content\/uploads\/2024\/08\/salon-tranquilo-300x200.jpg 300w, https:\/\/mueblesdetena.es\/wp-content\/uploads\/2024\/08\/salon-tranquilo-768x512.jpg 768w, https:\/\/mueblesdetena.es\/wp-content\/uploads\/2024\/08\/salon-tranquilo-600x400.jpg 600w, https:\/\/mueblesdetena.es\/wp-content\/uploads\/2024\/08\/salon-tranquilo.jpg 1280w\" sizes=\"(max-width: 1024px) 100vw, 1024px\" \/><\/figure>\n\n\n\n<div style=\"height:100px\" aria-hidden=\"true\" class=\"wp-block-spacer\"><\/div>\n\n\n\n<h2 class=\"wp-block-heading\"><span class=\"ez-toc-section\" id=\"Mobiliario_adecuado\"><\/span>Mobiliario adecuado<span class=\"ez-toc-section-end\"><\/span><\/h2>\n\n\n\n<p class=\"has-medium-font-size wp-block-paragraph\">El mobiliario adecuado es esencial para crear un sal\u00f3n tranquilo y acogedor. La selecci\u00f3n y disposici\u00f3n de los muebles pueden influir significativamente en la atm\u00f3sfera del espacio.<\/p>\n\n\n\n<h3 class=\"wp-block-heading\"><span class=\"ez-toc-section\" id=\"Muebles_comodos_y_funcionales\"><\/span>Muebles c\u00f3modos y funcionales<span class=\"ez-toc-section-end\"><\/span><\/h3>\n\n\n\n<p class=\"has-medium-font-size wp-block-paragraph\">Opta por sof\u00e1s y sillas ergon\u00f3micas que ofrezcan un gran confort. Los muebles tapizados en telas suaves y colores neutros contribuyen a una sensaci\u00f3n de calma. Un sof\u00e1 con chaise longue, por ejemplo, puede proporcionar un lugar perfecto para relajarse y descansar.<\/p>\n\n\n\n<h3 class=\"wp-block-heading\"><span class=\"ez-toc-section\" id=\"Disposicion_del_mobiliario\"><\/span>Disposici\u00f3n del mobiliario<span class=\"ez-toc-section-end\"><\/span><\/h3>\n\n\n\n<p class=\"has-medium-font-size wp-block-paragraph\">Organiza los muebles de manera que promuevan el flujo y la armon\u00eda del espacio. Coloca el sof\u00e1 y las sillas de forma que faciliten la conversaci\u00f3n y la interacci\u00f3n, evitando bloquear ventanas o pasillos. Una disposici\u00f3n sim\u00e9trica a menudo ayuda a crear un ambiente equilibrado y sereno.<\/p>\n\n\n\n<h3 class=\"wp-block-heading\"><span class=\"ez-toc-section\" id=\"Mesas_y_superficies\"><\/span>Mesas y superficies<span class=\"ez-toc-section-end\"><\/span><\/h3>\n\n\n\n<p class=\"has-medium-font-size wp-block-paragraph\">Elige mesas de centro y auxiliares que sean funcionales y est\u00e9ticamente agradables. Las mesas con almacenamiento integrado pueden ayudar a mantener el sal\u00f3n ordenado y libre de desorden.<\/p>\n\n\n\n<h3 class=\"wp-block-heading\"><span class=\"ez-toc-section\" id=\"Materiales_naturales\"><\/span>Materiales naturales<span class=\"ez-toc-section-end\"><\/span><\/h3>\n\n\n\n<p class=\"has-medium-font-size wp-block-paragraph\">Incorpora muebles hechos de materiales naturales como madera, mimbre o bamb\u00fa. Estos materiales no solo aportan calidez y textura al sal\u00f3n, sino que tambi\u00e9n contribuyen a una atm\u00f3sfera relajante y acogedora.<\/p>\n\n\n\n<p class=\"has-medium-font-size wp-block-paragraph\">Seleccionar y organizar el mobiliario adecuadamente puede transformar tu sal\u00f3n en un espacio tranquilo y acogedor, mejorando tanto su funcionalidad como su est\u00e9tica.<\/p>\n\n\n\n<figure class=\"wp-block-image alignfull size-large\"><img decoding=\"async\" width=\"1024\" height=\"768\" src=\"https:\/\/mueblesdetena.es\/wp-content\/uploads\/2024\/08\/salon-acodegor-1024x768.jpg\" alt=\"\" class=\"wp-image-31891\" srcset=\"https:\/\/mueblesdetena.es\/wp-content\/uploads\/2024\/08\/salon-acodegor-1024x768.jpg 1024w, https:\/\/mueblesdetena.es\/wp-content\/uploads\/2024\/08\/salon-acodegor-300x225.jpg 300w, https:\/\/mueblesdetena.es\/wp-content\/uploads\/2024\/08\/salon-acodegor-768x576.jpg 768w, https:\/\/mueblesdetena.es\/wp-content\/uploads\/2024\/08\/salon-acodegor-600x450.jpg 600w, https:\/\/mueblesdetena.es\/wp-content\/uploads\/2024\/08\/salon-acodegor.jpg 1184w\" sizes=\"(max-width: 1024px) 100vw, 1024px\" \/><\/figure>\n\n\n\n<div style=\"height:100px\" aria-hidden=\"true\" class=\"wp-block-spacer\"><\/div>\n\n\n\n<h2 class=\"wp-block-heading\"><span class=\"ez-toc-section\" id=\"Iluminacion\"><\/span>Iluminaci\u00f3n<span class=\"ez-toc-section-end\"><\/span><\/h2>\n\n\n\n<p class=\"has-medium-font-size wp-block-paragraph\">La iluminaci\u00f3n es crucial para crear un sal\u00f3n tranquilo y acogedor. Una buena combinaci\u00f3n de luz natural y artificial puede transformar el ambiente y mejorar la sensaci\u00f3n de bienestar en el espacio.<\/p>\n\n\n\n<h3 class=\"wp-block-heading\"><span class=\"ez-toc-section\" id=\"Luz_natural\"><\/span>Luz natural<span class=\"ez-toc-section-end\"><\/span><\/h3>\n\n\n\n<p class=\"has-medium-font-size wp-block-paragraph\">Aprovechar la luz natural es esencial. Mant\u00e9n las ventanas despejadas y utiliza cortinas ligeras para maximizar la entrada de luz solar. La luz natural no solo ilumina el espacio, sino que tambi\u00e9n mejora el estado de \u00e1nimo y aporta una sensaci\u00f3n de amplitud.<\/p>\n\n\n\n<h3 class=\"wp-block-heading\"><span class=\"ez-toc-section\" id=\"Iluminacion_suave\"><\/span>Iluminaci\u00f3n suave<span class=\"ez-toc-section-end\"><\/span><\/h3>\n\n\n\n<p class=\"has-medium-font-size wp-block-paragraph\">Utiliza l\u00e1mparas de pie y de mesa con bombillas de luz c\u00e1lida para crear un ambiente acogedor y relajante. Las l\u00e1mparas con reguladores de intensidad permiten ajustar la luz seg\u00fan la hora del d\u00eda y la actividad, proporcionando un control adicional sobre el ambiente del sal\u00f3n.<\/p>\n\n\n\n<h3 class=\"wp-block-heading\"><span class=\"ez-toc-section\" id=\"Velas_y_luces_decorativas\"><\/span>Velas y luces decorativas<span class=\"ez-toc-section-end\"><\/span><\/h3>\n\n\n\n<p class=\"has-medium-font-size wp-block-paragraph\">Las velas y las guirnaldas de luces son perfectas para a\u00f1adir un toque de calidez y confort. Las velas arom\u00e1ticas pueden aportar una dimensi\u00f3n adicional de relajaci\u00f3n con fragancias suaves como lavanda o vainilla. Las luces decorativas, como las guirnaldas, pueden colocarse en estanter\u00edas o alrededor de los marcos de las ventanas para crear un ambiente m\u00e1gico y sereno.<\/p>\n\n\n\n<p class=\"has-medium-font-size wp-block-paragraph\">Integrar diferentes fuentes de iluminaci\u00f3n puede hacer que tu sal\u00f3n se sienta m\u00e1s acogedor y tranquilo, proporcionando un espacio ideal para el descanso y la relajaci\u00f3n.<\/p>\n\n\n\n<figure class=\"wp-block-image alignfull size-large\"><img decoding=\"async\" width=\"1024\" height=\"682\" src=\"https:\/\/mueblesdetena.es\/wp-content\/uploads\/2024\/08\/salon-iluminacion-1024x682.jpg\" alt=\"\" class=\"wp-image-31894\" srcset=\"https:\/\/mueblesdetena.es\/wp-content\/uploads\/2024\/08\/salon-iluminacion-1024x682.jpg 1024w, https:\/\/mueblesdetena.es\/wp-content\/uploads\/2024\/08\/salon-iluminacion-300x200.jpg 300w, https:\/\/mueblesdetena.es\/wp-content\/uploads\/2024\/08\/salon-iluminacion-768x512.jpg 768w, https:\/\/mueblesdetena.es\/wp-content\/uploads\/2024\/08\/salon-iluminacion-600x400.jpg 600w, https:\/\/mueblesdetena.es\/wp-content\/uploads\/2024\/08\/salon-iluminacion.jpg 1280w\" sizes=\"(max-width: 1024px) 100vw, 1024px\" \/><\/figure>\n\n\n\n<div style=\"height:100px\" aria-hidden=\"true\" class=\"wp-block-spacer\"><\/div>\n\n\n\n<h2 class=\"wp-block-heading\"><span class=\"ez-toc-section\" id=\"Elementos_naturales\"><\/span>Elementos naturales<span class=\"ez-toc-section-end\"><\/span><\/h2>\n\n\n\n<p class=\"has-medium-font-size wp-block-paragraph\">Integrar elementos naturales en la decoraci\u00f3n de tu sal\u00f3n puede crear un ambiente tranquilo y acogedor, promoviendo una conexi\u00f3n con la naturaleza y mejorando el bienestar general.<\/p>\n\n\n\n<h3 class=\"wp-block-heading\"><span class=\"ez-toc-section\" id=\"Plantas_de_interior\"><\/span>Plantas de interior<span class=\"ez-toc-section-end\"><\/span><\/h3>\n\n\n\n<p class=\"has-medium-font-size wp-block-paragraph\">Las plantas son una excelente manera de traer un toque de naturaleza al interior. Las plantas de interior no solo a\u00f1aden belleza y vida al sal\u00f3n, sino que tambi\u00e9n mejoran la calidad del aire y aportan una sensaci\u00f3n de calma. Algunas plantas ideales para interiores incluyen los helechos, las plantas ara\u00f1a y las suculentas.<\/p>\n\n\n\n<h3 class=\"wp-block-heading\"><span class=\"ez-toc-section\" id=\"Materiales_naturales-2\"><\/span>Materiales naturales<span class=\"ez-toc-section-end\"><\/span><\/h3>\n\n\n\n<p class=\"has-medium-font-size wp-block-paragraph\">Incorporar materiales naturales como la madera, el mimbre, el bamb\u00fa y la piedra en los muebles y accesorios puede a\u00f1adir una textura y calidez \u00fanicas al sal\u00f3n. Los muebles de madera, por ejemplo, aportan una sensaci\u00f3n de estabilidad y confort. Utiliza cestas de mimbre para el almacenamiento y alfombras de fibra natural para completar el look.<\/p>\n\n\n\n<h3 class=\"wp-block-heading\"><span class=\"ez-toc-section\" id=\"Decoracion_con_elementos_naturales\"><\/span>Decoraci\u00f3n con elementos naturales<span class=\"ez-toc-section-end\"><\/span><\/h3>\n\n\n\n<p class=\"has-medium-font-size wp-block-paragraph\">Decorar con objetos naturales como conchas, piedras y ramas puede a\u00f1adir un toque org\u00e1nico y personal al sal\u00f3n. Estos elementos pueden utilizarse en jarrones, colocarse en estantes o integrarse en arreglos decorativos. Las flores frescas tambi\u00e9n son una opci\u00f3n fant\u00e1stica para a\u00f1adir color y fragancia natural al espacio.<\/p>\n\n\n\n<h3 class=\"wp-block-heading\"><span class=\"ez-toc-section\" id=\"Beneficios_del_contacto_con_la_naturaleza\"><\/span>Beneficios del contacto con la naturaleza<span class=\"ez-toc-section-end\"><\/span><\/h3>\n\n\n\n<p class=\"has-medium-font-size wp-block-paragraph\">La presencia de elementos naturales en el hogar puede reducir el estr\u00e9s y aumentar la sensaci\u00f3n de bienestar. Tener plantas y materiales naturales a la vista puede evocar la tranquilidad de la naturaleza, promoviendo un ambiente relajante y acogedor en tu sal\u00f3n.<\/p>\n\n\n\n<p class=\"has-medium-font-size wp-block-paragraph\">Incorporar elementos naturales en la decoraci\u00f3n del sal\u00f3n no solo mejora la est\u00e9tica del espacio, sino que tambi\u00e9n contribuye a crear un ambiente sereno y rejuvenecedor.<\/p>\n\n\n\n<figure class=\"wp-block-image alignfull size-large\"><img loading=\"lazy\" decoding=\"async\" width=\"1024\" height=\"682\" src=\"https:\/\/mueblesdetena.es\/wp-content\/uploads\/2024\/08\/plantas-techo-1024x682.jpg\" alt=\"\" class=\"wp-image-31895\" srcset=\"https:\/\/mueblesdetena.es\/wp-content\/uploads\/2024\/08\/plantas-techo-1024x682.jpg 1024w, https:\/\/mueblesdetena.es\/wp-content\/uploads\/2024\/08\/plantas-techo-300x200.jpg 300w, https:\/\/mueblesdetena.es\/wp-content\/uploads\/2024\/08\/plantas-techo-768x512.jpg 768w, https:\/\/mueblesdetena.es\/wp-content\/uploads\/2024\/08\/plantas-techo-600x400.jpg 600w, https:\/\/mueblesdetena.es\/wp-content\/uploads\/2024\/08\/plantas-techo.jpg 1280w\" sizes=\"(max-width: 1024px) 100vw, 1024px\" \/><\/figure>\n\n\n\n<div style=\"height:100px\" aria-hidden=\"true\" class=\"wp-block-spacer\"><\/div>\n\n\n\n<h2 class=\"wp-block-heading\"><span class=\"ez-toc-section\" id=\"Organizacion_y_orden\"><\/span>Organizaci\u00f3n y orden<span class=\"ez-toc-section-end\"><\/span><\/h2>\n\n\n\n<p class=\"has-medium-font-size wp-block-paragraph\">Mantener un sal\u00f3n organizado y ordenado es fundamental para crear un ambiente tranquilo y acogedor. Un espacio despejado facilita la relajaci\u00f3n y contribuye a una sensaci\u00f3n de bienestar.<\/p>\n\n\n\n<h3 class=\"wp-block-heading\"><span class=\"ez-toc-section\" id=\"Soluciones_de_almacenamiento\"><\/span>Soluciones de almacenamiento<span class=\"ez-toc-section-end\"><\/span><\/h3>\n\n\n\n<p class=\"has-medium-font-size wp-block-paragraph\">Las soluciones de almacenamiento eficaces son clave para mantener el orden. Utiliza estanter\u00edas, cestas y cajas para organizar y guardar objetos. Los muebles con almacenamiento integrado, como mesas de centro con compartimentos o sof\u00e1s con cajones, son perfectos para maximizar el espacio y mantener los art\u00edculos fuera de la vista.<\/p>\n\n\n\n<h3 class=\"wp-block-heading\"><span class=\"ez-toc-section\" id=\"Eliminacion_del_desorden\"><\/span>Eliminaci\u00f3n del desorden<span class=\"ez-toc-section-end\"><\/span><\/h3>\n\n\n\n<p class=\"has-medium-font-size wp-block-paragraph\">El desorden puede ser una fuente de estr\u00e9s visual y mental. Dedica tiempo regularmente a eliminar los objetos innecesarios y a organizar los elementos esenciales. Establecer rutinas de limpieza y orden puede ayudar a mantener el sal\u00f3n siempre en perfecto estado.<\/p>\n\n\n\n<h3 class=\"wp-block-heading\"><span class=\"ez-toc-section\" id=\"Organizacion_funcional\"><\/span>Organizaci\u00f3n funcional<span class=\"ez-toc-section-end\"><\/span><\/h3>\n\n\n\n<p class=\"has-medium-font-size wp-block-paragraph\">Organiza los objetos de manera que sean f\u00e1cilmente accesibles y funcionales. Por ejemplo, coloca los libros en estanter\u00edas a la altura de los ojos, y utiliza cestas para guardar mantas y cojines. Una disposici\u00f3n l\u00f3gica y pr\u00e1ctica de los elementos facilita el mantenimiento del orden.<\/p>\n\n\n\n<h3 class=\"wp-block-heading\"><span class=\"ez-toc-section\" id=\"Muebles_multifuncionales\"><\/span>Muebles multifuncionales<span class=\"ez-toc-section-end\"><\/span><\/h3>\n\n\n\n<p class=\"has-medium-font-size wp-block-paragraph\">Opta por muebles que ofrezcan soluciones de almacenamiento adicionales. Los muebles multifuncionales no solo ahorran espacio, sino que tambi\u00e9n ayudan a mantener el sal\u00f3n organizado. Considera mesas de centro con compartimentos ocultos o bancos con espacio de almacenamiento en su interior.<\/p>\n\n\n\n<h3 class=\"wp-block-heading\"><span class=\"ez-toc-section\" id=\"Espacios_despejados\"><\/span>Espacios despejados<span class=\"ez-toc-section-end\"><\/span><\/h3>\n\n\n\n<p class=\"has-medium-font-size wp-block-paragraph\">Mant\u00e9n las superficies como mesas y estanter\u00edas lo m\u00e1s despejadas posible. Utiliza solo los elementos decorativos necesarios y evita acumular objetos en exceso. Un sal\u00f3n con superficies limpias y despejadas se siente m\u00e1s relajante y acogedor.<\/p>\n\n\n\n<p class=\"has-medium-font-size wp-block-paragraph\">Implementar estrategias de organizaci\u00f3n y orden no solo mejora la est\u00e9tica del sal\u00f3n, sino que tambi\u00e9n contribuye a crear un ambiente m\u00e1s tranquilo y armonioso.<\/p>\n\n\n\n<figure class=\"wp-block-image alignfull size-large\"><img loading=\"lazy\" decoding=\"async\" width=\"1024\" height=\"682\" src=\"https:\/\/mueblesdetena.es\/wp-content\/uploads\/2024\/08\/salon-plantas-1024x682.jpg\" alt=\"\" class=\"wp-image-31896\" srcset=\"https:\/\/mueblesdetena.es\/wp-content\/uploads\/2024\/08\/salon-plantas-1024x682.jpg 1024w, https:\/\/mueblesdetena.es\/wp-content\/uploads\/2024\/08\/salon-plantas-300x200.jpg 300w, https:\/\/mueblesdetena.es\/wp-content\/uploads\/2024\/08\/salon-plantas-768x512.jpg 768w, https:\/\/mueblesdetena.es\/wp-content\/uploads\/2024\/08\/salon-plantas-600x400.jpg 600w, https:\/\/mueblesdetena.es\/wp-content\/uploads\/2024\/08\/salon-plantas.jpg 1280w\" sizes=\"(max-width: 1024px) 100vw, 1024px\" \/><\/figure>\n\n\n\n<div style=\"height:100px\" aria-hidden=\"true\" class=\"wp-block-spacer\"><\/div>\n\n\n\n<h2 class=\"wp-block-heading\"><span class=\"ez-toc-section\" id=\"Aromaterapia_y_sonidos\"><\/span>Aromaterapia y sonidos<span class=\"ez-toc-section-end\"><\/span><\/h2>\n\n\n\n<p class=\"has-medium-font-size wp-block-paragraph\">La aromaterapia y los sonidos suaves pueden transformar tu sal\u00f3n en un espacio a\u00fan m\u00e1s tranquilo y acogedor, promoviendo la relajaci\u00f3n y el bienestar.<\/p>\n\n\n\n<h3 class=\"wp-block-heading\"><span class=\"ez-toc-section\" id=\"Difusores_de_aceites_esenciales\"><\/span>Difusores de aceites esenciales<span class=\"ez-toc-section-end\"><\/span><\/h3>\n\n\n\n<p class=\"has-medium-font-size wp-block-paragraph\">Los difusores de aceites esenciales son una forma eficaz de introducir aromas calmantes en tu sal\u00f3n. Aromas como la lavanda, el eucalipto y la manzanilla son conocidos por sus propiedades relajantes. Coloca un difusor en una ubicaci\u00f3n central para dispersar uniformemente el aroma por todo el sal\u00f3n.<\/p>\n\n\n\n<h3 class=\"wp-block-heading\"><span class=\"ez-toc-section\" id=\"Velas_aromaticas\"><\/span>Velas arom\u00e1ticas<span class=\"ez-toc-section-end\"><\/span><\/h3>\n\n\n\n<p class=\"has-medium-font-size wp-block-paragraph\">Las velas arom\u00e1ticas no solo a\u00f1aden una luz c\u00e1lida y acogedora, sino que tambi\u00e9n liberan fragancias agradables que pueden mejorar el ambiente. Elige velas con esencias naturales y rel\u00e1jate con su luz suave y sus aromas envolventes.<\/p>\n\n\n\n<h3 class=\"wp-block-heading\"><span class=\"ez-toc-section\" id=\"Incienso\"><\/span>Incienso<span class=\"ez-toc-section-end\"><\/span><\/h3>\n\n\n\n<p class=\"has-medium-font-size wp-block-paragraph\">El incienso puede ser otra opci\u00f3n para llenar tu sal\u00f3n con aromas relajantes. Opta por varitas de incienso de alta calidad con fragancias suaves como el s\u00e1ndalo o el jazm\u00edn. Util\u00edzalo con moderaci\u00f3n para evitar que el aroma sea demasiado intenso.<\/p>\n\n\n\n<h3 class=\"wp-block-heading\"><span class=\"ez-toc-section\" id=\"Musica_ambiental\"><\/span>M\u00fasica ambiental<span class=\"ez-toc-section-end\"><\/span><\/h3>\n\n\n\n<p class=\"has-medium-font-size wp-block-paragraph\">La m\u00fasica suave puede ayudar a crear un ambiente tranquilo en tu sal\u00f3n. Elige listas de reproducci\u00f3n de m\u00fasica instrumental, cl\u00e1sica o sonidos de la naturaleza como lluvia, olas del mar o canto de p\u00e1jaros. Coloca altavoces en puntos estrat\u00e9gicos para una distribuci\u00f3n uniforme del sonido.<\/p>\n\n\n\n<h3 class=\"wp-block-heading\"><span class=\"ez-toc-section\" id=\"Sonidos_de_la_naturaleza\"><\/span>Sonidos de la naturaleza<span class=\"ez-toc-section-end\"><\/span><\/h3>\n\n\n\n<p class=\"has-medium-font-size wp-block-paragraph\">Los sonidos de la naturaleza pueden ser muy relajantes y contribuir a un ambiente sereno. Utiliza aplicaciones o dispositivos que reproduzcan sonidos como el agua corriente, el viento o el canto de los p\u00e1jaros. Estos sonidos pueden ayudar a reducir el estr\u00e9s y promover la calma.<\/p>\n\n\n\n<h3 class=\"wp-block-heading\"><span class=\"ez-toc-section\" id=\"Silencio\"><\/span>Silencio<span class=\"ez-toc-section-end\"><\/span><\/h3>\n\n\n\n<p class=\"has-medium-font-size wp-block-paragraph\">A veces, la mejor manera de crear un ambiente tranquilo es disfrutar del silencio. Minimiza los ruidos fuertes y aseg\u00farate de que el sal\u00f3n sea un espacio donde puedas desconectarte del bullicio exterior.<\/p>\n\n\n\n<p class=\"has-medium-font-size wp-block-paragraph\">Incorporar aromaterapia y sonidos suaves en tu sal\u00f3n puede mejorar significativamente la atm\u00f3sfera, ayud\u00e1ndote a crear un espacio verdaderamente relajante y acogedor.<\/p>\n\n\n\n<figure class=\"wp-block-image alignfull size-large\"><img loading=\"lazy\" decoding=\"async\" width=\"1024\" height=\"682\" src=\"https:\/\/mueblesdetena.es\/wp-content\/uploads\/2024\/08\/aromaterapia-1024x682.jpg\" alt=\"\" class=\"wp-image-31897\" srcset=\"https:\/\/mueblesdetena.es\/wp-content\/uploads\/2024\/08\/aromaterapia-1024x682.jpg 1024w, https:\/\/mueblesdetena.es\/wp-content\/uploads\/2024\/08\/aromaterapia-300x200.jpg 300w, https:\/\/mueblesdetena.es\/wp-content\/uploads\/2024\/08\/aromaterapia-768x512.jpg 768w, https:\/\/mueblesdetena.es\/wp-content\/uploads\/2024\/08\/aromaterapia-600x400.jpg 600w, https:\/\/mueblesdetena.es\/wp-content\/uploads\/2024\/08\/aromaterapia.jpg 1280w\" sizes=\"(max-width: 1024px) 100vw, 1024px\" \/><\/figure>\n\n\n\n<div style=\"height:100px\" aria-hidden=\"true\" class=\"wp-block-spacer\"><\/div>\n\n\n\n<h2 class=\"wp-block-heading\"><span class=\"ez-toc-section\" id=\"Tecnologia_y_entretenimiento\"><\/span>Tecnolog\u00eda y entretenimiento<span class=\"ez-toc-section-end\"><\/span><\/h2>\n\n\n\n<p class=\"has-medium-font-size wp-block-paragraph\">La tecnolog\u00eda y el entretenimiento pueden coexistir en un sal\u00f3n tranquilo y acogedor si se manejan adecuadamente. Aqu\u00ed tienes algunos consejos para integrar estos elementos sin sacrificar la calma del espacio.<\/p>\n\n\n\n<h2 class=\"wp-block-heading\"><span class=\"ez-toc-section\" id=\"Minimizar_la_tecnologia_visible\"><\/span>Minimizar la tecnolog\u00eda visible<span class=\"ez-toc-section-end\"><\/span><\/h2>\n\n\n\n<p class=\"has-medium-font-size wp-block-paragraph\">Para mantener un ambiente sereno, reduce la presencia de dispositivos electr\u00f3nicos a la vista. Utiliza muebles con compartimentos ocultos para guardar cables, consolas y otros aparatos cuando no est\u00e9n en uso. Esto ayuda a evitar el desorden visual y mantener una est\u00e9tica limpia y relajante.<\/p>\n\n\n\n<h3 class=\"wp-block-heading\"><span class=\"ez-toc-section\" id=\"Televisores_y_pantallas\"><\/span>Televisores y pantallas<span class=\"ez-toc-section-end\"><\/span><\/h3>\n\n\n\n<p class=\"has-medium-font-size wp-block-paragraph\">Opta por televisores que se puedan ocultar con puertas corredizas o que se integren discretamente en la decoraci\u00f3n. Algunas personas eligen proyectores y pantallas retr\u00e1ctiles, que se pueden guardar cuando no se est\u00e1n utilizando, dejando el espacio despejado y tranquilo.<\/p>\n\n\n\n<h3 class=\"wp-block-heading\"><span class=\"ez-toc-section\" id=\"Espacios_de_desconexion\"><\/span>Espacios de desconexi\u00f3n<span class=\"ez-toc-section-end\"><\/span><\/h3>\n\n\n\n<p class=\"has-medium-font-size wp-block-paragraph\">Dedica una zona del sal\u00f3n libre de tecnolog\u00eda para la desconexi\u00f3n y la relajaci\u00f3n. Un rinc\u00f3n de lectura con una silla c\u00f3moda y una l\u00e1mpara suave, o un \u00e1rea para la meditaci\u00f3n y la pr\u00e1ctica de yoga, puede ser muy beneficioso para crear un equilibrio entre tecnolog\u00eda y tranquilidad.<\/p>\n\n\n\n<h3 class=\"wp-block-heading\"><span class=\"ez-toc-section\" id=\"Sistemas_de_sonido_integrados\"><\/span>Sistemas de sonido integrados<span class=\"ez-toc-section-end\"><\/span><\/h3>\n\n\n\n<p class=\"has-medium-font-size wp-block-paragraph\">Los sistemas de sonido integrados pueden proporcionar una experiencia auditiva de alta calidad sin la necesidad de equipos visibles. Considera instalar altavoces en el techo o las paredes, y utiliza dispositivos con control remoto para ajustar el volumen y la fuente de m\u00fasica f\u00e1cilmente.<\/p>\n\n\n\n<h3 class=\"wp-block-heading\"><span class=\"ez-toc-section\" id=\"Control_inteligente_del_hogar\"><\/span>Control inteligente del hogar<span class=\"ez-toc-section-end\"><\/span><\/h3>\n\n\n\n<p class=\"has-medium-font-size wp-block-paragraph\">Utiliza dispositivos de hogar inteligente para controlar la iluminaci\u00f3n, la temperatura y los sistemas de sonido desde tu smartphone o mediante comandos de voz. Esto no solo a\u00f1ade comodidad, sino que tambi\u00e9n puede contribuir a un ambiente m\u00e1s relajante al facilitar el ajuste de las condiciones del sal\u00f3n.<\/p>\n\n\n\n<h3 class=\"wp-block-heading\"><span class=\"ez-toc-section\" id=\"Entretenimiento_relajante\"><\/span>Entretenimiento relajante<span class=\"ez-toc-section-end\"><\/span><\/h3>\n\n\n\n<p class=\"has-medium-font-size wp-block-paragraph\">Selecciona opciones de entretenimiento que promuevan la calma y la relajaci\u00f3n. Pel\u00edculas con paisajes tranquilos, documentales sobre la naturaleza o listas de reproducci\u00f3n de m\u00fasica relajante pueden ayudar a crear un ambiente sereno.<\/p>\n\n\n\n<p class=\"has-medium-font-size wp-block-paragraph\">Integrar la tecnolog\u00eda y el entretenimiento de manera sutil y equilibrada puede contribuir a un sal\u00f3n que sea a la vez funcional y acogedor, manteniendo el foco en la tranquilidad y el confort del espacio.<\/p>\n\n\n\n<figure class=\"wp-block-image aligncenter size-large\"><img loading=\"lazy\" decoding=\"async\" width=\"819\" height=\"1024\" src=\"https:\/\/mueblesdetena.es\/wp-content\/uploads\/2024\/08\/salon-calmado-819x1024.jpg\" alt=\"\" class=\"wp-image-31898\" srcset=\"https:\/\/mueblesdetena.es\/wp-content\/uploads\/2024\/08\/salon-calmado-819x1024.jpg 819w, https:\/\/mueblesdetena.es\/wp-content\/uploads\/2024\/08\/salon-calmado-240x300.jpg 240w, https:\/\/mueblesdetena.es\/wp-content\/uploads\/2024\/08\/salon-calmado-768x960.jpg 768w, https:\/\/mueblesdetena.es\/wp-content\/uploads\/2024\/08\/salon-calmado-600x750.jpg 600w, https:\/\/mueblesdetena.es\/wp-content\/uploads\/2024\/08\/salon-calmado.jpg 1024w\" sizes=\"(max-width: 819px) 100vw, 819px\" \/><\/figure>\n\n\n\n<div style=\"height:100px\" aria-hidden=\"true\" class=\"wp-block-spacer\"><\/div>\n\n\n\n<h2 class=\"wp-block-heading\"><span class=\"ez-toc-section\" id=\"Personalizacion_y_toques_personales\"><\/span>Personalizaci\u00f3n y toques personales<span class=\"ez-toc-section-end\"><\/span><\/h2>\n\n\n\n<p class=\"has-medium-font-size wp-block-paragraph\">Agregar elementos personales y toques \u00fanicos puede transformar un sal\u00f3n en un espacio verdaderamente acogedor y reflejar tu personalidad.<\/p>\n\n\n\n<h3 class=\"wp-block-heading\"><span class=\"ez-toc-section\" id=\"Arte_y_fotografias\"><\/span>Arte y fotograf\u00edas<span class=\"ez-toc-section-end\"><\/span><\/h3>\n\n\n\n<p class=\"has-medium-font-size wp-block-paragraph\">Decora con obras de arte que te inspiren y fotograf\u00edas familiares que te traigan buenos recuerdos. Estos elementos no solo embellecen el sal\u00f3n, sino que tambi\u00e9n crean un ambiente m\u00e1s personal y significativo.<\/p>\n\n\n\n<h3 class=\"wp-block-heading\"><span class=\"ez-toc-section\" id=\"Elementos_DIY_y_recuerdos\"><\/span>Elementos DIY y recuerdos<span class=\"ez-toc-section-end\"><\/span><\/h3>\n\n\n\n<p class=\"has-medium-font-size wp-block-paragraph\">Incorpora piezas de decoraci\u00f3n hechas a mano o recuerdos de viajes. Estos objetos especiales a\u00f1aden car\u00e1cter y una historia personal al espacio, haci\u00e9ndolo m\u00e1s c\u00e1lido y acogedor.<\/p>\n\n\n\n<h3 class=\"wp-block-heading\"><span class=\"ez-toc-section\" id=\"Textiles_personalizados\"><\/span>Textiles personalizados<span class=\"ez-toc-section-end\"><\/span><\/h3>\n\n\n\n<p class=\"has-medium-font-size wp-block-paragraph\">Utiliza mantas, cojines o tapices que tengan un significado especial o que hayas creado t\u00fa mismo. Estos toques personales pueden a\u00f1adir confort y estilo \u00fanicos a tu sal\u00f3n.<\/p>\n\n\n\n<p class=\"has-medium-font-size wp-block-paragraph\">Personalizar tu sal\u00f3n con elementos que reflejen tus gustos e intereses no solo mejora la est\u00e9tica del espacio, sino que tambi\u00e9n lo convierte en un refugio \u00fanico y acogedor que realmente sientes como tuyo.<\/p>\n\n\n\n<figure class=\"wp-block-image alignfull size-large\"><img loading=\"lazy\" decoding=\"async\" width=\"1024\" height=\"682\" src=\"https:\/\/mueblesdetena.es\/wp-content\/uploads\/2024\/08\/salon-personal-1024x682.jpg\" alt=\"\" class=\"wp-image-31899\" srcset=\"https:\/\/mueblesdetena.es\/wp-content\/uploads\/2024\/08\/salon-personal-1024x682.jpg 1024w, https:\/\/mueblesdetena.es\/wp-content\/uploads\/2024\/08\/salon-personal-300x200.jpg 300w, https:\/\/mueblesdetena.es\/wp-content\/uploads\/2024\/08\/salon-personal-768x512.jpg 768w, https:\/\/mueblesdetena.es\/wp-content\/uploads\/2024\/08\/salon-personal-600x400.jpg 600w, https:\/\/mueblesdetena.es\/wp-content\/uploads\/2024\/08\/salon-personal.jpg 1280w\" sizes=\"(max-width: 1024px) 100vw, 1024px\" \/><\/figure>\n\n\n\n<div style=\"height:100px\" aria-hidden=\"true\" class=\"wp-block-spacer\"><\/div>\n\n\n\n<p class=\"has-medium-font-size wp-block-paragraph\">Crear un sal\u00f3n tranquilo y acogedor es fundamental para disfrutar de un espacio que promueva la relajaci\u00f3n y el bienestar. A trav\u00e9s de la elecci\u00f3n adecuada de colores, mobiliario c\u00f3modo y funcional, iluminaci\u00f3n suave, y la incorporaci\u00f3n de elementos naturales y aromaterapia, puedes transformar tu sal\u00f3n en un refugio de paz. Mantener la organizaci\u00f3n, integrar tecnolog\u00eda de manera sutil, y a\u00f1adir toques personales asegura que el espacio no solo sea funcional, sino tambi\u00e9n refleje tu estilo y personalidad. Con estos consejos, puedes dise\u00f1ar un sal\u00f3n que te brinde tranquilidad y comodidad cada d\u00eda.<\/p>","protected":false},"excerpt":{"rendered":"<p>Crear un sal\u00f3n tranquilo y acogedor es esencial para disfrutar de un espacio de relajaci\u00f3n y bienestar en el hogar. Un sal\u00f3n tranquilo no solo mejora nuestro estado de \u00e1nimo, sino que tambi\u00e9n proporciona un refugio del estr\u00e9s diario. En este art\u00edculo, exploraremos varios consejos pr\u00e1cticos para transformar tu sal\u00f3n en un oasis de calma [&hellip;]<\/p>\n","protected":false},"author":267,"featured_media":31892,"comment_status":"open","ping_status":"open","sticky":false,"template":"","format":"standard","meta":{"site-sidebar-layout":"default","site-content-layout":"","ast-site-content-layout":"default","site-content-style":"default","site-sidebar-style":"default","ast-global-header-display":"","ast-banner-title-visibility":"","ast-main-header-display":"","ast-hfb-above-header-display":"","ast-hfb-below-header-display":"","ast-hfb-mobile-header-display":"","site-post-title":"","ast-breadcrumbs-content":"","ast-featured-img":"","footer-sml-layout":"","ast-disable-related-posts":"","theme-transparent-header-meta":"","adv-header-id-meta":"","stick-header-meta":"","header-above-stick-meta":"","header-main-stick-meta":"","header-below-stick-meta":"","astra-migrate-meta-layouts":"set","ast-page-background-enabled":"default","ast-page-background-meta":{"desktop":{"background-color":"var(--ast-global-color-4)","background-image":"","background-repeat":"repeat","background-position":"center center","background-size":"auto","background-attachment":"scroll","background-type":"","background-media":"","overlay-type":"","overlay-color":"","overlay-opacity":"","overlay-gradient":""},"tablet":{"background-color":"","background-image":"","background-repeat":"repeat","background-position":"center center","background-size":"auto","background-attachment":"scroll","background-type":"","background-media":"","overlay-type":"","overlay-color":"","overlay-opacity":"","overlay-gradient":""},"mobile":{"background-color":"","background-image":"","background-repeat":"repeat","background-position":"center center","background-size":"auto","background-attachment":"scroll","background-type":"","background-media":"","overlay-type":"","overlay-color":"","overlay-opacity":"","overlay-gradient":""}},"ast-content-background-meta":{"desktop":{"background-color":"var(--ast-global-color-5)","background-image":"","background-repeat":"repeat","background-position":"center center","background-size":"auto","background-attachment":"scroll","background-type":"","background-media":"","overlay-type":"","overlay-color":"","overlay-opacity":"","overlay-gradient":""},"tablet":{"background-color":"var(--ast-global-color-5)","background-image":"","background-repeat":"repeat","background-position":"center center","background-size":"auto","background-attachment":"scroll","background-type":"","background-media":"","overlay-type":"","overlay-color":"","overlay-opacity":"","overlay-gradient":""},"mobile":{"background-color":"var(--ast-global-color-5)","background-image":"","background-repeat":"repeat","background-position":"center center","background-size":"auto","background-attachment":"scroll","background-type":"","background-media":"","overlay-type":"","overlay-color":"","overlay-opacity":"","overlay-gradient":""}},"_joinchat":[],"footnotes":""},"categories":[1],"tags":[],"class_list":["post-31888","post","type-post","status-publish","format-standard","has-post-thumbnail","hentry","category-sin-categoria"],"_links":{"self":[{"href":"https:\/\/mueblesdetena.es\/ru_ru\/wp-json\/wp\/v2\/posts\/31888","targetHints":{"allow":["GET"]}}],"collection":[{"href":"https:\/\/mueblesdetena.es\/ru_ru\/wp-json\/wp\/v2\/posts"}],"about":[{"href":"https:\/\/mueblesdetena.es\/ru_ru\/wp-json\/wp\/v2\/types\/post"}],"author":[{"embeddable":true,"href":"https:\/\/mueblesdetena.es\/ru_ru\/wp-json\/wp\/v2\/users\/267"}],"replies":[{"embeddable":true,"href":"https:\/\/mueblesdetena.es\/ru_ru\/wp-json\/wp\/v2\/comments?post=31888"}],"version-history":[{"count":2,"href":"https:\/\/mueblesdetena.es\/ru_ru\/wp-json\/wp\/v2\/posts\/31888\/revisions"}],"predecessor-version":[{"id":31900,"href":"https:\/\/mueblesdetena.es\/ru_ru\/wp-json\/wp\/v2\/posts\/31888\/revisions\/31900"}],"wp:featuredmedia":[{"embeddable":true,"href":"https:\/\/mueblesdetena.es\/ru_ru\/wp-json\/wp\/v2\/media\/31892"}],"wp:attachment":[{"href":"https:\/\/mueblesdetena.es\/ru_ru\/wp-json\/wp\/v2\/media?parent=31888"}],"wp:term":[{"taxonomy":"category","embeddable":true,"href":"https:\/\/mueblesdetena.es\/ru_ru\/wp-json\/wp\/v2\/categories?post=31888"},{"taxonomy":"post_tag","embeddable":true,"href":"https:\/\/mueblesdetena.es\/ru_ru\/wp-json\/wp\/v2\/tags?post=31888"}],"curies":[{"name":"wp","href":"https:\/\/api.w.org\/{rel}","templated":true}]}}