{"id":32225,"date":"2024-09-24T09:58:05","date_gmt":"2024-09-24T07:58:05","guid":{"rendered":"https:\/\/mueblesdetena.es\/?p=32225"},"modified":"2024-09-24T09:58:08","modified_gmt":"2024-09-24T07:58:08","slug":"composiciones-de-comedor-modulares","status":"publish","type":"post","link":"https:\/\/mueblesdetena.es\/ru_ru\/composiciones-de-comedor-modulares\/","title":{"rendered":"C\u00f3mo las composiciones de comedor modulares pueden revolucionar tu hogar"},"content":{"rendered":"\n<p class=\"has-medium-font-size wp-block-paragraph\">En el dise\u00f1o de interiores, la flexibilidad y la capacidad de adaptaci\u00f3n son esenciales para crear espacios que se ajusten a nuestras necesidades cambiantes. Es aqu\u00ed donde las composiciones de comedor modulares han revolucionado la manera en que concebimos esta parte tan importante del hogar. M\u00e1s all\u00e1 de ser una tendencia, los muebles modulares ofrecen una soluci\u00f3n vers\u00e1til y funcional que permite optimizar cualquier espacio, ya sea grande o peque\u00f1o, sin renunciar al estilo.<\/p>\n\n\n\n<p class=\"has-medium-font-size wp-block-paragraph\">Imagina poder reorganizar tu comedor f\u00e1cilmente seg\u00fan el n\u00famero de comensales, eventos especiales o incluso tus gustos est\u00e9ticos. Las composiciones de comedor modulares permiten todo esto y m\u00e1s. Desde mesas extensibles hasta aparadores con m\u00faltiples configuraciones, los m\u00f3dulos pueden ser combinados y adaptados para crear un espacio que refleje tu personalidad y cubra tus necesidades diarias.<\/p>\n\n\n\n<p class=\"has-medium-font-size wp-block-paragraph\">En este art\u00edculo, te contaremos c\u00f3mo las composiciones de comedor modulares pueden transformar tu hogar, haciendo de tu comedor un lugar m\u00e1s din\u00e1mico, funcional y est\u00e9ticamente atractivo. \u00a1Sigue leyendo y descubre c\u00f3mo revolucionar tu espacio con estas soluciones innovadoras!<\/p>\n\n\n\n<div id=\"ez-toc-container\" class=\"ez-toc-v2_0_85 counter-hierarchy ez-toc-counter ez-toc-grey ez-toc-container-direction\">\n<div class=\"ez-toc-title-container\">\n<p class=\"ez-toc-title\" style=\"cursor:inherit\">Table of Contents<\/p>\n<span class=\"ez-toc-title-toggle\"><a href=\"#\" class=\"ez-toc-pull-right ez-toc-btn ez-toc-btn-xs ez-toc-btn-default ez-toc-toggle\" aria-label=\"Toggle Table of Content\"><span class=\"ez-toc-js-icon-con\"><span class=\"\"><span class=\"eztoc-hide\" style=\"display:none;\">Toggle<\/span><span class=\"ez-toc-icon-toggle-span\"><svg style=\"fill: #999;color:#999\" xmlns=\"http:\/\/www.w3.org\/2000\/svg\" class=\"list-377408\" width=\"20px\" height=\"20px\" viewBox=\"0 0 24 24\" fill=\"none\"><path d=\"M6 6H4v2h2V6zm14 0H8v2h12V6zM4 11h2v2H4v-2zm16 0H8v2h12v-2zM4 16h2v2H4v-2zm16 0H8v2h12v-2z\" fill=\"currentColor\"><\/path><\/svg><svg style=\"fill: #999;color:#999\" class=\"arrow-unsorted-368013\" xmlns=\"http:\/\/www.w3.org\/2000\/svg\" width=\"10px\" height=\"10px\" viewBox=\"0 0 24 24\" version=\"1.2\" baseProfile=\"tiny\"><path d=\"M18.2 9.3l-6.2-6.3-6.2 6.3c-.2.2-.3.4-.3.7s.1.5.3.7c.2.2.4.3.7.3h11c.3 0 .5-.1.7-.3.2-.2.3-.5.3-.7s-.1-.5-.3-.7zM5.8 14.7l6.2 6.3 6.2-6.3c.2-.2.3-.5.3-.7s-.1-.5-.3-.7c-.2-.2-.4-.3-.7-.3h-11c-.3 0-.5.1-.7.3-.2.2-.3.5-.3.7s.1.5.3.7z\"\/><\/svg><\/span><\/span><\/span><\/a><\/span><\/div>\n<nav><ul class='ez-toc-list ez-toc-list-level-1 ' ><li class='ez-toc-page-1 ez-toc-heading-level-2'><a class=\"ez-toc-link ez-toc-heading-1\" href=\"https:\/\/mueblesdetena.es\/ru_ru\/composiciones-de-comedor-modulares\/#%C2%BFQue_es_una_composicion_de_comedor_modular\" >\u00bfQu\u00e9 es una composici\u00f3n de comedor modular?<\/a><ul class='ez-toc-list-level-3' ><li class='ez-toc-heading-level-3'><a class=\"ez-toc-link ez-toc-heading-2\" href=\"https:\/\/mueblesdetena.es\/ru_ru\/composiciones-de-comedor-modulares\/#Las_ventajas_de_las_composiciones_de_comedor_modulares\" >Las ventajas de las composiciones de comedor modulares<\/a><\/li><\/ul><\/li><li class='ez-toc-page-1 ez-toc-heading-level-2'><a class=\"ez-toc-link ez-toc-heading-3\" href=\"https:\/\/mueblesdetena.es\/ru_ru\/composiciones-de-comedor-modulares\/#Tipos_de_composiciones_de_comedor_modulares\" >Tipos de composiciones de comedor modulares<\/a><ul class='ez-toc-list-level-3' ><li class='ez-toc-heading-level-3'><a class=\"ez-toc-link ez-toc-heading-4\" href=\"https:\/\/mueblesdetena.es\/ru_ru\/composiciones-de-comedor-modulares\/#Mesas_modulares_extensibles\" >Mesas modulares extensibles<\/a><\/li><li class='ez-toc-page-1 ez-toc-heading-level-3'><a class=\"ez-toc-link ez-toc-heading-5\" href=\"https:\/\/mueblesdetena.es\/ru_ru\/composiciones-de-comedor-modulares\/#Sillas_apilables_o_plegables\" >Sillas apilables o plegables<\/a><\/li><li class='ez-toc-page-1 ez-toc-heading-level-3'><a class=\"ez-toc-link ez-toc-heading-6\" href=\"https:\/\/mueblesdetena.es\/ru_ru\/composiciones-de-comedor-modulares\/#Aparadores_modulares\" >Aparadores modulares<\/a><\/li><li class='ez-toc-page-1 ez-toc-heading-level-3'><a class=\"ez-toc-link ez-toc-heading-7\" href=\"https:\/\/mueblesdetena.es\/ru_ru\/composiciones-de-comedor-modulares\/#Combinaciones_de_mesas_y_bancos\" >Combinaciones de mesas y bancos<\/a><\/li><li class='ez-toc-page-1 ez-toc-heading-level-3'><a class=\"ez-toc-link ez-toc-heading-8\" href=\"https:\/\/mueblesdetena.es\/ru_ru\/composiciones-de-comedor-modulares\/#Modulos_de_almacenamiento_multifuncional\" >M\u00f3dulos de almacenamiento multifuncional<\/a><\/li><li class='ez-toc-page-1 ez-toc-heading-level-3'><a class=\"ez-toc-link ez-toc-heading-9\" href=\"https:\/\/mueblesdetena.es\/ru_ru\/composiciones-de-comedor-modulares\/#Muebles_modulares_con_tecnologia_integrada\" >Muebles modulares con tecnolog\u00eda integrada<\/a><\/li><li class='ez-toc-page-1 ez-toc-heading-level-3'><a class=\"ez-toc-link ez-toc-heading-10\" href=\"https:\/\/mueblesdetena.es\/ru_ru\/composiciones-de-comedor-modulares\/#Composiciones_modulares_para_exteriores\" >Composiciones modulares para exteriores<\/a><\/li><li class='ez-toc-page-1 ez-toc-heading-level-3'><a class=\"ez-toc-link ez-toc-heading-11\" href=\"https:\/\/mueblesdetena.es\/ru_ru\/composiciones-de-comedor-modulares\/#Como_elegir_el_tipo_de_composicion_modular_adecuada\" >C\u00f3mo elegir el tipo de composici\u00f3n modular adecuada<\/a><\/li><\/ul><\/li><li class='ez-toc-page-1 ez-toc-heading-level-2'><a class=\"ez-toc-link ez-toc-heading-12\" href=\"https:\/\/mueblesdetena.es\/ru_ru\/composiciones-de-comedor-modulares\/#Como_personalizar_tu_composicion_modular_de_comedor\" >C\u00f3mo personalizar tu composici\u00f3n modular de comedor<\/a><ul class='ez-toc-list-level-3' ><li class='ez-toc-heading-level-3'><a class=\"ez-toc-link ez-toc-heading-13\" href=\"https:\/\/mueblesdetena.es\/ru_ru\/composiciones-de-comedor-modulares\/#Las_composiciones_modulares_de_comedor_y_la_tecnologia\" >Las composiciones modulares de comedor y la tecnolog\u00eda<\/a><\/li><\/ul><\/li><li class='ez-toc-page-1 ez-toc-heading-level-2'><a class=\"ez-toc-link ez-toc-heading-14\" href=\"https:\/\/mueblesdetena.es\/ru_ru\/composiciones-de-comedor-modulares\/#Composiciones_de_comedor_modulares_segun_el_tamano_de_tu_hogar\" >Composiciones de comedor modulares seg\u00fan el tama\u00f1o de tu hogar<\/a><ul class='ez-toc-list-level-3' ><li class='ez-toc-heading-level-3'><a class=\"ez-toc-link ez-toc-heading-15\" href=\"https:\/\/mueblesdetena.es\/ru_ru\/composiciones-de-comedor-modulares\/#Para_espacios_pequenos\" >Para espacios peque\u00f1os<\/a><\/li><li class='ez-toc-page-1 ez-toc-heading-level-3'><a class=\"ez-toc-link ez-toc-heading-16\" href=\"https:\/\/mueblesdetena.es\/ru_ru\/composiciones-de-comedor-modulares\/#Para_espacios_amplios\" >Para espacios amplios<\/a><\/li><li class='ez-toc-page-1 ez-toc-heading-level-3'><a class=\"ez-toc-link ez-toc-heading-17\" href=\"https:\/\/mueblesdetena.es\/ru_ru\/composiciones-de-comedor-modulares\/#Para_hogares_con_espacios_multifuncionales\" >Para hogares con espacios multifuncionales<\/a><\/li><li class='ez-toc-page-1 ez-toc-heading-level-3'><a class=\"ez-toc-link ez-toc-heading-18\" href=\"https:\/\/mueblesdetena.es\/ru_ru\/composiciones-de-comedor-modulares\/#Para_hogares_en_crecimiento\" >Para hogares en crecimiento<\/a><\/li><\/ul><\/li><li class='ez-toc-page-1 ez-toc-heading-level-2'><a class=\"ez-toc-link ez-toc-heading-19\" href=\"https:\/\/mueblesdetena.es\/ru_ru\/composiciones-de-comedor-modulares\/#Inspiracion_Composiciones_modulares_de_comedor_segun_el_estilo_de_vida\" >Inspiraci\u00f3n: Composiciones modulares de comedor seg\u00fan el estilo de vida<\/a><ul class='ez-toc-list-level-3' ><li class='ez-toc-heading-level-3'><a class=\"ez-toc-link ez-toc-heading-20\" href=\"https:\/\/mueblesdetena.es\/ru_ru\/composiciones-de-comedor-modulares\/#Comedor_familiar\" >Comedor familiar<\/a><\/li><li class='ez-toc-page-1 ez-toc-heading-level-3'><a class=\"ez-toc-link ez-toc-heading-21\" href=\"https:\/\/mueblesdetena.es\/ru_ru\/composiciones-de-comedor-modulares\/#Comedor_para_amantes_del_entretenimiento\" >Comedor para amantes del entretenimiento<\/a><\/li><li class='ez-toc-page-1 ez-toc-heading-level-3'><a class=\"ez-toc-link ez-toc-heading-22\" href=\"https:\/\/mueblesdetena.es\/ru_ru\/composiciones-de-comedor-modulares\/#Comedor_minimalista\" >Comedor minimalista<\/a><\/li><li class='ez-toc-page-1 ez-toc-heading-level-3'><a class=\"ez-toc-link ez-toc-heading-23\" href=\"https:\/\/mueblesdetena.es\/ru_ru\/composiciones-de-comedor-modulares\/#Comedor_para_espacios_multifuncionales\" >Comedor para espacios multifuncionales<\/a><\/li><li class='ez-toc-page-1 ez-toc-heading-level-3'><a class=\"ez-toc-link ez-toc-heading-24\" href=\"https:\/\/mueblesdetena.es\/ru_ru\/composiciones-de-comedor-modulares\/#Comedor_de_diseno_ecologico\" >Comedor de dise\u00f1o ecol\u00f3gico<\/a><\/li><li class='ez-toc-page-1 ez-toc-heading-level-3'><a class=\"ez-toc-link ez-toc-heading-25\" href=\"https:\/\/mueblesdetena.es\/ru_ru\/composiciones-de-comedor-modulares\/#Comedor_multifuncional_para_solteros_o_parejas_jovenes\" >Comedor multifuncional para solteros o parejas j\u00f3venes<\/a><\/li><\/ul><\/li><li class='ez-toc-page-1 ez-toc-heading-level-2'><a class=\"ez-toc-link ez-toc-heading-26\" href=\"https:\/\/mueblesdetena.es\/ru_ru\/composiciones-de-comedor-modulares\/#Como_elegir_la_composicion_modular_perfecta_para_tu_comedor\" >C\u00f3mo elegir la composici\u00f3n modular perfecta para tu comedor<\/a><\/li><li class='ez-toc-page-1 ez-toc-heading-level-2'><a class=\"ez-toc-link ez-toc-heading-27\" href=\"https:\/\/mueblesdetena.es\/ru_ru\/composiciones-de-comedor-modulares\/#Nuestras_composiciones_de_comedor_favoritas\" >Nuestras composiciones de comedor favoritas<\/a><\/li><li class='ez-toc-page-1 ez-toc-heading-level-2'><a class=\"ez-toc-link ez-toc-heading-28\" href=\"https:\/\/mueblesdetena.es\/ru_ru\/composiciones-de-comedor-modulares\/#Futuro_de_las_composiciones_modulares_%C2%BFQue_viene_despues\" >Futuro de las composiciones modulares: \u00bfQu\u00e9 viene despu\u00e9s?<\/a><ul class='ez-toc-list-level-3' ><li class='ez-toc-heading-level-3'><a class=\"ez-toc-link ez-toc-heading-29\" href=\"https:\/\/mueblesdetena.es\/ru_ru\/composiciones-de-comedor-modulares\/#Muebles_modulares_inteligentes\" >Muebles modulares inteligentes<\/a><\/li><li class='ez-toc-page-1 ez-toc-heading-level-3'><a class=\"ez-toc-link ez-toc-heading-30\" href=\"https:\/\/mueblesdetena.es\/ru_ru\/composiciones-de-comedor-modulares\/#Materiales_sostenibles_y_ecologicos\" >Materiales sostenibles y ecol\u00f3gicos<\/a><\/li><li class='ez-toc-page-1 ez-toc-heading-level-3'><a class=\"ez-toc-link ez-toc-heading-31\" href=\"https:\/\/mueblesdetena.es\/ru_ru\/composiciones-de-comedor-modulares\/#Personalizacion_extrema\" >Personalizaci\u00f3n extrema<\/a><\/li><li class='ez-toc-page-1 ez-toc-heading-level-3'><a class=\"ez-toc-link ez-toc-heading-32\" href=\"https:\/\/mueblesdetena.es\/ru_ru\/composiciones-de-comedor-modulares\/#Adaptabilidad_y_multifuncionalidad_mejorada\" >Adaptabilidad y multifuncionalidad mejorada<\/a><\/li><li class='ez-toc-page-1 ez-toc-heading-level-3'><a class=\"ez-toc-link ez-toc-heading-33\" href=\"https:\/\/mueblesdetena.es\/ru_ru\/composiciones-de-comedor-modulares\/#Conexion_con_tendencias_de_vida_flexible\" >Conexi\u00f3n con tendencias de vida flexible<\/a><\/li><\/ul><\/li><\/ul><\/nav><\/div>\n<h2 class=\"wp-block-heading\"><span class=\"ez-toc-section\" id=\"%C2%BFQue_es_una_composicion_de_comedor_modular\"><\/span>\u00bfQu\u00e9 es una composici\u00f3n de comedor modular?<span class=\"ez-toc-section-end\"><\/span><\/h2>\n\n\n\n<p class=\"has-medium-font-size wp-block-paragraph\">Una composici\u00f3n de comedor modular es un conjunto de muebles dise\u00f1ado para adaptarse de manera flexible a diferentes espacios y necesidades. A diferencia de los muebles tradicionales, los m\u00f3dulos se componen de piezas independientes \u2014como mesas, sillas, aparadores y estanter\u00edas\u2014 que pueden combinarse y reorganizarse f\u00e1cilmente para crear diversas configuraciones. Esto permite no solo personalizar el dise\u00f1o y el estilo del comedor, sino tambi\u00e9n ajustarlo a las circunstancias del momento, como aumentar la capacidad para recibir invitados o modificar la distribuci\u00f3n seg\u00fan el espacio disponible.<\/p>\n\n\n\n<p class=\"has-medium-font-size wp-block-paragraph\">La principal ventaja de las composiciones modulares es su capacidad de adaptarse al tiempo: puedes a\u00f1adir nuevos m\u00f3dulos a medida que cambian tus necesidades, lo que las convierte en una opci\u00f3n pr\u00e1ctica, vers\u00e1til y funcional para cualquier hogar.<\/p>\n\n\n\n<figure class=\"wp-block-image alignfull size-full\"><img decoding=\"async\" src=\"https:\/\/mueblesdetena.es\/wp-content\/uploads\/2024\/02\/composicion-comedor-02.jpg\" alt=\"\" class=\"wp-image-20936\"\/><\/figure>\n\n\n\n<div style=\"height:100px\" aria-hidden=\"true\" class=\"wp-block-spacer\"><\/div>\n\n\n\n<h3 class=\"wp-block-heading\"><span class=\"ez-toc-section\" id=\"Las_ventajas_de_las_composiciones_de_comedor_modulares\"><\/span>Las ventajas de las composiciones de comedor modulares<span class=\"ez-toc-section-end\"><\/span><\/h3>\n\n\n\n<p class=\"has-medium-font-size wp-block-paragraph\">Las <strong>composiciones de comedor modulares<\/strong> destacan por ofrecer una serie de ventajas que las convierten en una opci\u00f3n ideal para quienes buscan funcionalidad sin sacrificar estilo. Algunas de las principales ventajas son:<\/p>\n\n\n\n<ol class=\"wp-block-list\">\n<li class=\"has-medium-font-size\"><strong>Flexibilidad y personalizaci\u00f3n<\/strong>: Una de las mayores fortalezas de los muebles modulares es su capacidad de adaptarse a cualquier espacio y necesidad. Puedes reorganizar los m\u00f3dulos, a\u00f1adir o quitar piezas, y ajustar la composici\u00f3n seg\u00fan el tama\u00f1o del comedor o la ocasi\u00f3n. Esta personalizaci\u00f3n garantiza un comedor \u00fanico que refleja tu estilo personal.<\/li>\n\n\n\n<li class=\"has-medium-font-size\"><strong>Ahorro de espacio<\/strong>: Los comedores modulares son ideales para maximizar el uso del espacio, especialmente en hogares peque\u00f1os o multifuncionales. Mesas extensibles, sillas apilables y aparadores compactos son solo algunas de las soluciones que permiten aprovechar cada metro cuadrado de manera eficiente.<\/li>\n\n\n\n<li class=\"has-medium-font-size\"><strong>Adaptabilidad a largo plazo<\/strong>: A medida que cambian tus necesidades, puedes modificar la composici\u00f3n del comedor sin necesidad de comprar un conjunto de muebles completamente nuevo. Esto significa que puedes a\u00f1adir m\u00f3dulos o reconfigurarlos para adaptarse a diferentes situaciones, como ampliaciones familiares o cambios en la decoraci\u00f3n.<\/li>\n\n\n\n<li class=\"has-medium-font-size\"><strong>Estilo y variedad<\/strong>: Las composiciones modulares est\u00e1n disponibles en una amplia gama de materiales, colores y acabados, lo que te permite elegir las piezas que mejor se ajusten a tu estilo decorativo, ya sea moderno, r\u00fastico, minimalista o cl\u00e1sico.<\/li>\n\n\n\n<li class=\"has-medium-font-size\"><strong>Funcionalidad integrada<\/strong>: Muchos m\u00f3dulos incluyen soluciones pr\u00e1cticas, como almacenamiento oculto, sistemas de organizaci\u00f3n o incluso tecnolog\u00eda integrada, lo que a\u00f1ade un nivel adicional de comodidad a tu comedor.<\/li>\n<\/ol>\n\n\n\n<p class=\"has-medium-font-size wp-block-paragraph\">En resumen, las composiciones modulares no solo optimizan el uso del espacio, sino que tambi\u00e9n ofrecen la posibilidad de adaptar el comedor a cualquier cambio, asegurando un ambiente siempre funcional y en sinton\u00eda con las tendencias de dise\u00f1o.<\/p>\n\n\n\n<figure class=\"wp-block-image alignfull size-full\"><img fetchpriority=\"high\" decoding=\"async\" width=\"774\" height=\"610\" src=\"https:\/\/mueblesdetena.es\/wp-content\/uploads\/2024\/02\/composicion-comedor-moon-129-cambrian.jpg\" alt=\"\" class=\"wp-image-18660\"\/><\/figure>\n\n\n\n<div style=\"height:100px\" aria-hidden=\"true\" class=\"wp-block-spacer\"><\/div>\n\n\n\n<h2 class=\"wp-block-heading\"><span class=\"ez-toc-section\" id=\"Tipos_de_composiciones_de_comedor_modulares\"><\/span>Tipos de composiciones de comedor modulares<span class=\"ez-toc-section-end\"><\/span><\/h2>\n\n\n\n<p class=\"has-medium-font-size wp-block-paragraph\">Las composiciones de comedor modulares ofrecen una amplia variedad de soluciones adaptables a cualquier espacio, estilo o necesidad. Gracias a su versatilidad, puedes elegir entre distintos tipos de m\u00f3dulos que no solo aportan funcionalidad, sino que tambi\u00e9n elevan el dise\u00f1o de tu hogar. A continuaci\u00f3n, exploramos algunos de los tipos m\u00e1s populares de composiciones de comedor modulares y c\u00f3mo pueden integrarse en tu hogar:<\/p>\n\n\n\n<h3 class=\"wp-block-heading\"><span class=\"ez-toc-section\" id=\"Mesas_modulares_extensibles\"><\/span><strong>Mesas modulares extensibles<\/strong><span class=\"ez-toc-section-end\"><\/span><\/h3>\n\n\n\n<p class=\"has-medium-font-size wp-block-paragraph\">Las mesas extensibles son el n\u00facleo de muchas composiciones de comedor modulares. Estas mesas ofrecen la posibilidad de ajustar su tama\u00f1o seg\u00fan el n\u00famero de comensales. En un d\u00eda normal, puedes utilizarla en su forma compacta, pero cuando tienes invitados o una ocasi\u00f3n especial, basta con extenderla para acomodar a m\u00e1s personas. Existen opciones que se expanden de manera sencilla y r\u00e1pida, conservando siempre la estabilidad y el dise\u00f1o elegante.<\/p>\n\n\n\n<h3 class=\"wp-block-heading\"><span class=\"ez-toc-section\" id=\"Sillas_apilables_o_plegables\"><\/span><strong>Sillas apilables o plegables<\/strong><span class=\"ez-toc-section-end\"><\/span><\/h3>\n\n\n\n<p class=\"has-medium-font-size wp-block-paragraph\">Las sillas modulares tambi\u00e9n juegan un papel fundamental en este tipo de composiciones. Las sillas apilables o plegables son perfectas para ahorrar espacio en comedores peque\u00f1os o multifuncionales. Cuando no se est\u00e1n usando, puedes guardarlas de manera pr\u00e1ctica sin que ocupen mucho espacio. Adem\u00e1s, suelen estar dise\u00f1adas para ser ligeras, c\u00f3modas y f\u00e1ciles de mover, permitiendo una r\u00e1pida reconfiguraci\u00f3n del comedor cuando sea necesario.<\/p>\n\n\n\n<h3 class=\"wp-block-heading\"><span class=\"ez-toc-section\" id=\"Aparadores_modulares\"><\/span><strong>Aparadores modulares<\/strong><span class=\"ez-toc-section-end\"><\/span><\/h3>\n\n\n\n<p class=\"has-medium-font-size wp-block-paragraph\">Los aparadores son una excelente opci\u00f3n para aquellos que necesitan almacenamiento adicional en el comedor. Los aparadores modulares permiten personalizar el tama\u00f1o y la distribuci\u00f3n del almacenamiento seg\u00fan las necesidades del hogar. Puedes combinar diferentes m\u00f3dulos con cajones, estanter\u00edas abiertas o cerradas, e incluso a\u00f1adir funciones como iluminaci\u00f3n integrada o espacio para almacenar vajilla y cristaler\u00eda. Son ideales para mantener el comedor ordenado, al mismo tiempo que aportan un toque est\u00e9tico.<\/p>\n\n\n\n<h3 class=\"wp-block-heading\"><span class=\"ez-toc-section\" id=\"Combinaciones_de_mesas_y_bancos\"><\/span><strong>Combinaciones de mesas y bancos<\/strong><span class=\"ez-toc-section-end\"><\/span><\/h3>\n\n\n\n<p class=\"has-medium-font-size wp-block-paragraph\">Para los que buscan una opci\u00f3n m\u00e1s informal y vers\u00e1til, las composiciones de comedor modulares que incluyen bancos son una gran elecci\u00f3n. Los bancos pueden deslizarse f\u00e1cilmente debajo de la mesa cuando no se usan, lo que optimiza el espacio. Adem\u00e1s, muchos bancos modulares ofrecen almacenamiento oculto, lo que los convierte en una soluci\u00f3n pr\u00e1ctica y est\u00e9tica. Esta opci\u00f3n es especialmente \u00fatil en comedores familiares o cuando se busca un ambiente m\u00e1s relajado y acogedor.<\/p>\n\n\n\n<h3 class=\"wp-block-heading\"><span class=\"ez-toc-section\" id=\"Modulos_de_almacenamiento_multifuncional\"><\/span><strong>M\u00f3dulos de almacenamiento multifuncional<\/strong><span class=\"ez-toc-section-end\"><\/span><\/h3>\n\n\n\n<p class=\"has-medium-font-size wp-block-paragraph\">Algunos sistemas de comedor modulares incluyen soluciones de almacenamiento multifuncional, como estanter\u00edas modulares que pueden servir tanto para almacenar libros o adornos como para dividir espacios abiertos. Estos m\u00f3dulos pueden servir de transici\u00f3n entre la cocina y el comedor, ofreciendo una funcionalidad doble que optimiza el uso del espacio en comedores integrados en espacios abiertos.<\/p>\n\n\n\n<h3 class=\"wp-block-heading\"><span class=\"ez-toc-section\" id=\"Muebles_modulares_con_tecnologia_integrada\"><\/span><strong>Muebles modulares con tecnolog\u00eda integrada<\/strong><span class=\"ez-toc-section-end\"><\/span><\/h3>\n\n\n\n<p class=\"has-medium-font-size wp-block-paragraph\">Una tendencia emergente en las composiciones de comedor modulares es la incorporaci\u00f3n de tecnolog\u00eda en los propios muebles. Desde mesas con cargadores USB integrados hasta soluciones de iluminaci\u00f3n LED en los aparadores, la tecnolog\u00eda puede a\u00f1adirse a los muebles modulares para hacer tu comedor a\u00fan m\u00e1s funcional. Estos elementos aportan modernidad y comodidad al espacio, permitiendo que el comedor no solo sea un lugar para comer, sino tambi\u00e9n un espacio funcional para otras actividades.<\/p>\n\n\n\n<h3 class=\"wp-block-heading\"><span class=\"ez-toc-section\" id=\"Composiciones_modulares_para_exteriores\"><\/span><strong>Composiciones modulares para exteriores<\/strong><span class=\"ez-toc-section-end\"><\/span><\/h3>\n\n\n\n<p class=\"has-medium-font-size wp-block-paragraph\">Si tu hogar cuenta con un comedor exterior o terraza, tambi\u00e9n puedes optar por composiciones modulares dise\u00f1adas espec\u00edficamente para el exterior. Estos muebles suelen estar hechos de materiales resistentes a la intemperie como aluminio, rat\u00e1n sint\u00e9tico o madera tratada. Las mesas y sillas modulares para exteriores permiten que adaptes el espacio seg\u00fan el clima o las actividades al aire libre, haciendo de tu terraza una extensi\u00f3n flexible del comedor interior.<\/p>\n\n\n\n<figure class=\"wp-block-image alignfull size-large\"><img decoding=\"async\" width=\"1024\" height=\"575\" src=\"https:\/\/mueblesdetena.es\/wp-content\/uploads\/2024\/09\/composicion-de-comedor-1024x575.jpg\" alt=\"\" class=\"wp-image-32226\" srcset=\"https:\/\/mueblesdetena.es\/wp-content\/uploads\/2024\/09\/composicion-de-comedor-1024x575.jpg 1024w, https:\/\/mueblesdetena.es\/wp-content\/uploads\/2024\/09\/composicion-de-comedor-300x168.jpg 300w, https:\/\/mueblesdetena.es\/wp-content\/uploads\/2024\/09\/composicion-de-comedor-768x431.jpg 768w, https:\/\/mueblesdetena.es\/wp-content\/uploads\/2024\/09\/composicion-de-comedor-600x337.jpg 600w, https:\/\/mueblesdetena.es\/wp-content\/uploads\/2024\/09\/composicion-de-comedor.jpg 1368w\" sizes=\"(max-width: 1024px) 100vw, 1024px\" \/><\/figure>\n\n\n\n<div style=\"height:100px\" aria-hidden=\"true\" class=\"wp-block-spacer\"><\/div>\n\n\n\n<h3 class=\"wp-block-heading\"><span class=\"ez-toc-section\" id=\"Como_elegir_el_tipo_de_composicion_modular_adecuada\"><\/span>C\u00f3mo elegir el tipo de composici\u00f3n modular adecuada<span class=\"ez-toc-section-end\"><\/span><\/h3>\n\n\n\n<p class=\"has-medium-font-size wp-block-paragraph\">A la hora de elegir el tipo de composici\u00f3n modular que mejor se adapta a tu comedor, es importante tener en cuenta varios factores:<\/p>\n\n\n\n<ul class=\"wp-block-list\">\n<li class=\"has-medium-font-size\"><strong>El tama\u00f1o de tu espacio<\/strong>: Si cuentas con un comedor amplio, puedes optar por composiciones con aparadores y mesas extensibles grandes. En cambio, en espacios reducidos, las mesas extensibles y las sillas apilables o plegables son m\u00e1s recomendables.<\/li>\n\n\n\n<li class=\"has-medium-font-size\"><strong>Estilo decorativo<\/strong>: Elige m\u00f3dulos que armonicen con el estilo decorativo de tu hogar. Los m\u00f3dulos de l\u00edneas rectas y colores neutros son ideales para ambientes minimalistas, mientras que los de madera y tonos c\u00e1lidos funcionan bien en ambientes r\u00fasticos.<\/li>\n\n\n\n<li class=\"has-medium-font-size\"><strong>Funcionalidad diaria<\/strong>: Piensa en cu\u00e1ntos comensales necesitas acomodar de manera habitual y si es necesario tener soluciones flexibles para ocasiones especiales.<\/li>\n<\/ul>\n\n\n\n<p class=\"has-medium-font-size wp-block-paragraph\">En definitiva, las composiciones de comedor modulares ofrecen una soluci\u00f3n pr\u00e1ctica, vers\u00e1til y est\u00e9ticamente atractiva para cualquier tipo de comedor. La amplia variedad de opciones te permite elegir la combinaci\u00f3n perfecta que se adapta tanto a tus necesidades funcionales como al estilo de tu hogar, garantizando un espacio que puede evolucionar contigo.<\/p>\n\n\n\n<figure class=\"wp-block-image alignfull size-full\"><img decoding=\"async\" width=\"774\" height=\"610\" src=\"https:\/\/mueblesdetena.es\/wp-content\/uploads\/2019\/04\/composicion-comedor-moon-129-cambrian.jpg\" alt=\"\" class=\"wp-image-25981\" srcset=\"https:\/\/mueblesdetena.es\/wp-content\/uploads\/2019\/04\/composicion-comedor-moon-129-cambrian.jpg 774w, https:\/\/mueblesdetena.es\/wp-content\/uploads\/2019\/04\/composicion-comedor-moon-129-cambrian-300x236.jpg 300w, https:\/\/mueblesdetena.es\/wp-content\/uploads\/2019\/04\/composicion-comedor-moon-129-cambrian-768x605.jpg 768w, https:\/\/mueblesdetena.es\/wp-content\/uploads\/2019\/04\/composicion-comedor-moon-129-cambrian-600x473.jpg 600w\" sizes=\"(max-width: 774px) 100vw, 774px\" \/><\/figure>\n\n\n\n<div style=\"height:100px\" aria-hidden=\"true\" class=\"wp-block-spacer\"><\/div>\n\n\n\n<h2 class=\"wp-block-heading\"><span class=\"ez-toc-section\" id=\"Como_personalizar_tu_composicion_modular_de_comedor\"><\/span>C\u00f3mo personalizar tu composici\u00f3n modular de comedor<span class=\"ez-toc-section-end\"><\/span><\/h2>\n\n\n\n<p class=\"has-medium-font-size wp-block-paragraph\">Personalizar una composici\u00f3n modular de comedor es clave para crear un espacio que refleje tu estilo y se ajuste a tus necesidades. Una de las principales ventajas de los muebles modulares es la libertad que ofrecen para combinar diferentes elementos. Puedes empezar eligiendo el tama\u00f1o y el dise\u00f1o de la mesa seg\u00fan el n\u00famero de comensales habituales, y a\u00f1adir m\u00f3dulos como sillas, bancos o aparadores que complementen el espacio.<\/p>\n\n\n\n<p class=\"has-medium-font-size wp-block-paragraph\">Los materiales tambi\u00e9n juegan un papel importante en la personalizaci\u00f3n. Opta por acabados en madera si prefieres un estilo c\u00e1lido y natural, o elige superficies met\u00e1licas o de vidrio para un look m\u00e1s moderno y minimalista. Adem\u00e1s, puedes combinar diferentes colores y texturas para lograr una est\u00e9tica \u00fanica, ya sea mezclando tapizados o seleccionando sillas de diferentes estilos para un comedor ecl\u00e9ctico.<\/p>\n\n\n\n<p class=\"has-medium-font-size wp-block-paragraph\">Por \u00faltimo, no olvides adaptar la composici\u00f3n a tus necesidades funcionales: a\u00f1ade m\u00f3dulos con almacenamiento integrado, mesas extensibles para ocasiones especiales o sillas apilables si el espacio es reducido. Con estas opciones, tu comedor modular se convierte en un espacio din\u00e1mico y completamente personalizable.<\/p>\n\n\n\n<figure class=\"wp-block-image alignfull size-large\"><img loading=\"lazy\" decoding=\"async\" width=\"1024\" height=\"575\" src=\"https:\/\/mueblesdetena.es\/wp-content\/uploads\/2024\/09\/composicion-salon-1024x575.jpg\" alt=\"\" class=\"wp-image-32227\" srcset=\"https:\/\/mueblesdetena.es\/wp-content\/uploads\/2024\/09\/composicion-salon-1024x575.jpg 1024w, https:\/\/mueblesdetena.es\/wp-content\/uploads\/2024\/09\/composicion-salon-300x168.jpg 300w, https:\/\/mueblesdetena.es\/wp-content\/uploads\/2024\/09\/composicion-salon-768x431.jpg 768w, https:\/\/mueblesdetena.es\/wp-content\/uploads\/2024\/09\/composicion-salon-600x337.jpg 600w, https:\/\/mueblesdetena.es\/wp-content\/uploads\/2024\/09\/composicion-salon.jpg 1368w\" sizes=\"(max-width: 1024px) 100vw, 1024px\" \/><\/figure>\n\n\n\n<div style=\"height:100px\" aria-hidden=\"true\" class=\"wp-block-spacer\"><\/div>\n\n\n\n<h3 class=\"wp-block-heading\"><span class=\"ez-toc-section\" id=\"Las_composiciones_modulares_de_comedor_y_la_tecnologia\"><\/span>Las composiciones modulares de comedor y la tecnolog\u00eda<span class=\"ez-toc-section-end\"><\/span><\/h3>\n\n\n\n<p class=\"has-medium-font-size wp-block-paragraph\">La incorporaci\u00f3n de la tecnolog\u00eda en las composiciones modulares de comedor est\u00e1 transformando la funcionalidad y el dise\u00f1o de estos espacios, ofreciendo soluciones m\u00e1s inteligentes y c\u00f3modas para el d\u00eda a d\u00eda. Hoy en d\u00eda, muchos muebles modulares incluyen opciones tecnol\u00f3gicas que hacen m\u00e1s f\u00e1cil el uso de dispositivos electr\u00f3nicos o mejoran la experiencia en el comedor.<\/p>\n\n\n\n<p class=\"has-medium-font-size wp-block-paragraph\">Una de las innovaciones m\u00e1s populares es la integraci\u00f3n de cargadores USB en mesas y aparadores. Estos permiten que los comensales puedan cargar sus tel\u00e9fonos m\u00f3viles o tabletas sin tener que levantarse de la mesa, lo cual es ideal en hogares donde la tecnolog\u00eda es parte de la rutina diaria. Tambi\u00e9n hay opciones de mesas con enchufes integrados, perfectas para hogares donde el comedor tambi\u00e9n sirve como espacio de trabajo.<\/p>\n\n\n\n<p class=\"has-medium-font-size wp-block-paragraph\">Otra tendencia es la incorporaci\u00f3n de iluminaci\u00f3n LED en muebles como aparadores y vitrinas. Estas luces no solo mejoran la visibilidad, sino que tambi\u00e9n crean un ambiente acogedor y moderno en el comedor. Algunas composiciones modulares incluyen incluso luces regulables, que permiten ajustar la intensidad de la luz seg\u00fan el ambiente deseado para una cena \u00edntima o una reuni\u00f3n social.<\/p>\n\n\n\n<p class=\"has-medium-font-size wp-block-paragraph\">Adem\u00e1s, las soluciones de almacenamiento inteligente est\u00e1n comenzando a ser una parte importante de las composiciones modulares de comedor. Por ejemplo, los aparadores y estanter\u00edas pueden incluir sistemas ocultos para organizar cables y dispositivos electr\u00f3nicos, manteniendo el espacio ordenado y sin desorden visual.<\/p>\n\n\n\n<p class=\"has-medium-font-size wp-block-paragraph\">En resumen, la integraci\u00f3n de tecnolog\u00eda en las composiciones de comedor modulares no solo aumenta la funcionalidad, sino que tambi\u00e9n ofrece un toque contempor\u00e1neo que mejora la comodidad y el ambiente de tu comedor. Estos avances permiten que el espacio se adapte a las necesidades tecnol\u00f3gicas de la vida moderna, sin perder de vista el dise\u00f1o y la est\u00e9tica.<\/p>\n\n\n\n<figure class=\"wp-block-image alignfull size-full\"><img loading=\"lazy\" decoding=\"async\" width=\"1104\" height=\"582\" src=\"https:\/\/mueblesdetena.es\/wp-content\/uploads\/2024\/02\/composicion-comedor-19.jpg\" alt=\"\" class=\"wp-image-22003\"\/><\/figure>\n\n\n\n<div style=\"height:100px\" aria-hidden=\"true\" class=\"wp-block-spacer\"><\/div>\n\n\n\n<h2 class=\"wp-block-heading\"><span class=\"ez-toc-section\" id=\"Composiciones_de_comedor_modulares_segun_el_tamano_de_tu_hogar\"><\/span>Composiciones de comedor modulares seg\u00fan el tama\u00f1o de tu hogar<span class=\"ez-toc-section-end\"><\/span><\/h2>\n\n\n\n<p class=\"has-medium-font-size wp-block-paragraph\">Las composiciones de comedor modulares son extremadamente vers\u00e1tiles y se adaptan perfectamente a las necesidades de cada hogar, independientemente de su tama\u00f1o. Ya sea que tengas un espacio peque\u00f1o o amplio, los muebles modulares ofrecen soluciones que optimizan el espacio disponible, permitiendo crear un comedor funcional y est\u00e9ticamente equilibrado. A continuaci\u00f3n, te explicamos c\u00f3mo puedes aprovechar al m\u00e1ximo las composiciones modulares seg\u00fan el tama\u00f1o de tu hogar:<\/p>\n\n\n\n<h3 class=\"wp-block-heading\"><span class=\"ez-toc-section\" id=\"Para_espacios_pequenos\"><\/span><strong>Para espacios peque\u00f1os<\/strong><span class=\"ez-toc-section-end\"><\/span><\/h3>\n\n\n\n<p class=\"has-medium-font-size wp-block-paragraph\">En hogares con comedores reducidos, las composiciones modulares son la soluci\u00f3n ideal para maximizar cada cent\u00edmetro. Las mesas extensibles son fundamentales en estos casos, ya que pueden utilizarse en su tama\u00f1o compacto a diario y extenderse solo cuando sea necesario. Adem\u00e1s, las sillas plegables o apilables permiten ahorrar espacio al guardarlas cuando no se utilizan. Los aparadores compactos y modulares tambi\u00e9n ofrecen almacenamiento sin ocupar mucho espacio, lo que ayuda a mantener el comedor ordenado.<\/p>\n\n\n\n<h3 class=\"wp-block-heading\"><span class=\"ez-toc-section\" id=\"Para_espacios_amplios\"><\/span><strong>Para espacios amplios<\/strong><span class=\"ez-toc-section-end\"><\/span><\/h3>\n\n\n\n<p class=\"has-medium-font-size wp-block-paragraph\">Si dispones de un comedor espacioso, las composiciones modulares te permiten crear zonas bien definidas, como \u00e1reas de comedor formal e informal, o incluso rincones para almacenamiento y exhibici\u00f3n. Las mesas modulares grandes, combinadas con bancos y sillas de diferentes estilos, pueden formar un comedor vers\u00e1til y adaptado para reuniones o cenas familiares. Adem\u00e1s, los aparadores modulares grandes pueden ser utilizados para exhibir vajilla, almacenar utensilios o servir como separadores de ambientes, si el comedor est\u00e1 integrado en un espacio abierto.<\/p>\n\n\n\n<h3 class=\"wp-block-heading\"><span class=\"ez-toc-section\" id=\"Para_hogares_con_espacios_multifuncionales\"><\/span><strong>Para hogares con espacios multifuncionales<\/strong><span class=\"ez-toc-section-end\"><\/span><\/h3>\n\n\n\n<p class=\"has-medium-font-size wp-block-paragraph\">En los hogares donde el comedor cumple con m\u00faltiples funciones, como ser un espacio de trabajo o de ocio, las composiciones modulares ofrecen una flexibilidad \u00fanica. Los muebles multifuncionales, como aparadores que tambi\u00e9n funcionan como escritorios o mesas que se ajustan f\u00e1cilmente para cambiar de funci\u00f3n, son una gran opci\u00f3n. Los m\u00f3dulos de almacenamiento con estanter\u00edas abiertas tambi\u00e9n son \u00fatiles para dividir espacios, creando una separaci\u00f3n sutil entre el comedor y otras \u00e1reas como la sala de estar o la cocina.<\/p>\n\n\n\n<h3 class=\"wp-block-heading\"><span class=\"ez-toc-section\" id=\"Para_hogares_en_crecimiento\"><\/span><strong>Para hogares en crecimiento<\/strong><span class=\"ez-toc-section-end\"><\/span><\/h3>\n\n\n\n<p class=\"has-medium-font-size wp-block-paragraph\">Si tu familia est\u00e1 creciendo o planeas cambios en el futuro, las composiciones modulares son perfectas porque pueden evolucionar con tus necesidades. Puedes empezar con una configuraci\u00f3n b\u00e1sica y, con el tiempo, a\u00f1adir nuevos m\u00f3dulos como sillas, mesas m\u00e1s grandes o aparadores adicionales. De esta manera, el comedor puede expandirse y adaptarse sin necesidad de una renovaci\u00f3n completa del mobiliario.<\/p>\n\n\n\n<p class=\"has-medium-font-size wp-block-paragraph\">En resumen, las composiciones de comedor modulares son una excelente opci\u00f3n para cualquier hogar, permitiendo aprovechar al m\u00e1ximo el espacio disponible y adaptarse a las necesidades de cada familia. Ya sea que tengas un comedor peque\u00f1o o grande, los m\u00f3dulos ofrecen flexibilidad, funcionalidad y estilo, asegurando que tu comedor siempre est\u00e9 alineado con tu estilo de vida.<\/p>\n\n\n\n<figure class=\"wp-block-image alignfull size-full\"><img loading=\"lazy\" decoding=\"async\" width=\"924\" height=\"633\" src=\"https:\/\/mueblesdetena.es\/wp-content\/uploads\/2019\/04\/comedor-paris3.jpg\" alt=\"\" class=\"wp-image-25972\" srcset=\"https:\/\/mueblesdetena.es\/wp-content\/uploads\/2019\/04\/comedor-paris3.jpg 924w, https:\/\/mueblesdetena.es\/wp-content\/uploads\/2019\/04\/comedor-paris3-300x206.jpg 300w, https:\/\/mueblesdetena.es\/wp-content\/uploads\/2019\/04\/comedor-paris3-768x526.jpg 768w, https:\/\/mueblesdetena.es\/wp-content\/uploads\/2019\/04\/comedor-paris3-600x411.jpg 600w\" sizes=\"(max-width: 924px) 100vw, 924px\" \/><\/figure>\n\n\n\n<div style=\"height:100px\" aria-hidden=\"true\" class=\"wp-block-spacer\"><\/div>\n\n\n\n<h2 class=\"wp-block-heading\"><span class=\"ez-toc-section\" id=\"Inspiracion_Composiciones_modulares_de_comedor_segun_el_estilo_de_vida\"><\/span>Inspiraci\u00f3n: Composiciones modulares de comedor seg\u00fan el estilo de vida<span class=\"ez-toc-section-end\"><\/span><\/h2>\n\n\n\n<p class=\"has-medium-font-size wp-block-paragraph\">Cada hogar es \u00fanico, y las composiciones modulares de comedor pueden adaptarse f\u00e1cilmente a diferentes estilos de vida, ofreciendo soluciones personalizadas para que el comedor no solo sea funcional, sino tambi\u00e9n refleje la personalidad y las necesidades de sus habitantes. A continuaci\u00f3n, te mostramos algunas ideas inspiradoras para comedores modulares seg\u00fan el estilo de vida:<\/p>\n\n\n\n<h3 class=\"wp-block-heading\"><span class=\"ez-toc-section\" id=\"Comedor_familiar\"><\/span><strong>Comedor familiar<\/strong><span class=\"ez-toc-section-end\"><\/span><\/h3>\n\n\n\n<p class=\"has-medium-font-size wp-block-paragraph\">Para familias numerosas o con ni\u00f1os, las composiciones modulares ofrecen la versatilidad que necesitas en un entorno din\u00e1mico. Opta por mesas extensibles, que pueden ampliarse para las comidas familiares o plegarse para ahorrar espacio. Los bancos modulares son una excelente opci\u00f3n, ya que pueden acomodar a varios miembros de la familia, son f\u00e1ciles de mover y a menudo vienen con almacenamiento oculto debajo. Adem\u00e1s, los aparadores modulares con compartimentos te permiten organizar la vajilla, utensilios y otros objetos cotidianos de manera eficiente.<\/p>\n\n\n\n<h3 class=\"wp-block-heading\"><span class=\"ez-toc-section\" id=\"Comedor_para_amantes_del_entretenimiento\"><\/span><strong>Comedor para amantes del entretenimiento<\/strong><span class=\"ez-toc-section-end\"><\/span><\/h3>\n\n\n\n<p class=\"has-medium-font-size wp-block-paragraph\">Si te encanta organizar cenas y reuniones sociales, las composiciones de comedor modulares son perfectas para crear un espacio adaptable y elegante. Una mesa extensible te permitir\u00e1 acomodar a m\u00e1s invitados sin problemas, y puedes combinar sillas de diferentes estilos para a\u00f1adir un toque ecl\u00e9ctico y divertido. Los aparadores modulares tambi\u00e9n son ideales para almacenar bebidas, utensilios y vajilla, creando una zona de buffet o bar improvisado para servir a tus invitados durante los eventos.<\/p>\n\n\n\n<h3 class=\"wp-block-heading\"><span class=\"ez-toc-section\" id=\"Comedor_minimalista\"><\/span><strong>Comedor minimalista<\/strong><span class=\"ez-toc-section-end\"><\/span><\/h3>\n\n\n\n<p class=\"has-medium-font-size wp-block-paragraph\">Si prefieres un estilo de vida minimalista, las composiciones modulares tambi\u00e9n se adaptan perfectamente. Opta por l\u00edneas limpias y dise\u00f1os sencillos en los m\u00f3dulos, como mesas con formas geom\u00e9tricas y sillas de materiales ligeros como el metal o la madera. Un aparador modular de estilo minimalista puede servir tanto para almacenamiento como para exhibir algunos objetos decorativos seleccionados cuidadosamente, manteniendo siempre un aspecto ordenado y despejado. La clave es seleccionar solo los m\u00f3dulos necesarios y priorizar la funcionalidad sin sobrecargar el espacio.<\/p>\n\n\n\n<h3 class=\"wp-block-heading\"><span class=\"ez-toc-section\" id=\"Comedor_para_espacios_multifuncionales\"><\/span><strong>Comedor para espacios multifuncionales<\/strong><span class=\"ez-toc-section-end\"><\/span><\/h3>\n\n\n\n<p class=\"has-medium-font-size wp-block-paragraph\">En hogares donde el comedor cumple m\u00e1s de una funci\u00f3n, las composiciones modulares son la mejor opci\u00f3n. Si tu comedor tambi\u00e9n es tu oficina o el lugar donde haces actividades creativas, puedes optar por mesas modulares que se convierten en estaciones de trabajo cuando no se usan para comer. Los aparadores con estantes abiertos pueden servir tanto para almacenar utensilios de cocina como libros o material de oficina. Esta flexibilidad te permite transformar el espacio seg\u00fan la actividad del momento, manteniendo siempre un ambiente organizado.<\/p>\n\n\n\n<h3 class=\"wp-block-heading\"><span class=\"ez-toc-section\" id=\"Comedor_de_diseno_ecologico\"><\/span><strong>Comedor de dise\u00f1o ecol\u00f3gico<\/strong><span class=\"ez-toc-section-end\"><\/span><\/h3>\n\n\n\n<p class=\"has-medium-font-size wp-block-paragraph\">Si tu estilo de vida se enfoca en la sostenibilidad y el respeto por el medio ambiente, las composiciones modulares de comedor pueden alinearse perfectamente con tus valores. Elige muebles modulares hechos con materiales reciclados o sostenibles, como madera certificada o bamb\u00fa. La naturaleza flexible de los muebles modulares tambi\u00e9n es m\u00e1s sostenible, ya que puedes adaptar y a\u00f1adir m\u00f3dulos sin necesidad de reemplazar todo el mobiliario, reduciendo el desperdicio.<\/p>\n\n\n\n<h3 class=\"wp-block-heading\"><span class=\"ez-toc-section\" id=\"Comedor_multifuncional_para_solteros_o_parejas_jovenes\"><\/span><strong>Comedor multifuncional para solteros o parejas j\u00f3venes<\/strong><span class=\"ez-toc-section-end\"><\/span><\/h3>\n\n\n\n<p class=\"has-medium-font-size wp-block-paragraph\">Para solteros o parejas j\u00f3venes que buscan aprovechar al m\u00e1ximo el espacio y la funcionalidad, las composiciones modulares son una soluci\u00f3n ideal. Puedes optar por mesas compactas que se extienden en ocasiones especiales y combinarlas con sillas plegables que se guardan cuando no se necesitan. Un aparador peque\u00f1o modular te servir\u00e1 para almacenar lo esencial, como vajilla o utensilios de cocina, mientras que tambi\u00e9n puedes utilizarlo como superficie adicional para trabajar o exponer objetos decorativos.<\/p>\n\n\n\n<p class=\"has-medium-font-size wp-block-paragraph\">En definitiva, sea cual sea tu estilo de vida, las composiciones modulares de comedor te permiten adaptar el espacio a tus necesidades diarias, manteniendo siempre un dise\u00f1o funcional y est\u00e9tico. Con la flexibilidad que ofrecen los m\u00f3dulos, puedes personalizar tu comedor para que refleje tu personalidad y se ajuste a los cambios y desaf\u00edos de tu d\u00eda a d\u00eda.<\/p>\n\n\n\n<div style=\"height:100px\" aria-hidden=\"true\" class=\"wp-block-spacer\"><\/div>\n\n\n\n<h2 class=\"wp-block-heading\"><span class=\"ez-toc-section\" id=\"Como_elegir_la_composicion_modular_perfecta_para_tu_comedor\"><\/span>C\u00f3mo elegir la composici\u00f3n modular perfecta para tu comedor<span class=\"ez-toc-section-end\"><\/span><\/h2>\n\n\n\n<p class=\"has-medium-font-size wp-block-paragraph\">Elegir la composici\u00f3n modular perfecta para tu comedor requiere tener en cuenta varios factores que garantizar\u00e1n que el espacio sea tanto funcional como est\u00e9ticamente agradable. Aqu\u00ed te dejamos algunos consejos clave:<\/p>\n\n\n\n<ol class=\"wp-block-list\">\n<li class=\"has-medium-font-size\"><strong>Eval\u00faa el espacio disponible<\/strong>: Mide bien el \u00e1rea de tu comedor para asegurarte de que los m\u00f3dulos encajen sin saturar el ambiente. Si tienes un espacio peque\u00f1o, opta por mesas extensibles y sillas apilables o plegables.<\/li>\n\n\n\n<li class=\"has-medium-font-size\"><strong>Define tus necesidades<\/strong>: Piensa en cu\u00e1ntas personas suelen usar el comedor a diario y si necesitas opciones para ampliar el espacio en ocasiones especiales. Considera m\u00f3dulos con almacenamiento integrado si buscas optimizar el orden.<\/li>\n\n\n\n<li class=\"has-medium-font-size\"><strong>Elige un estilo acorde a tu hogar<\/strong>: Aseg\u00farate de que los materiales y colores de los m\u00f3dulos encajen con la decoraci\u00f3n general de tu hogar. Las composiciones modulares vienen en estilos variados, desde modernos hasta r\u00fasticos, lo que facilita encontrar la combinaci\u00f3n perfecta.<\/li>\n\n\n\n<li class=\"has-medium-font-size\"><strong>Prioriza la funcionalidad<\/strong>: Opta por m\u00f3dulos que se adapten a tus h\u00e1bitos y estilo de vida. Mesas multifuncionales, aparadores con compartimentos extra o muebles modulares con tecnolog\u00eda integrada pueden hacer de tu comedor un espacio m\u00e1s pr\u00e1ctico y din\u00e1mico.<\/li>\n<\/ol>\n\n\n\n<p class=\"has-medium-font-size wp-block-paragraph\">Siguiendo estos consejos, podr\u00e1s crear un comedor modular que se ajuste perfectamente a tu espacio y necesidades, combinando estilo, funcionalidad y flexibilidad.<\/p>\n\n\n\n<h2 class=\"wp-block-heading\"><span class=\"ez-toc-section\" id=\"Nuestras_composiciones_de_comedor_favoritas\"><\/span>Nuestras composiciones de comedor favoritas<span class=\"ez-toc-section-end\"><\/span><\/h2>\n\n\n<div data-block-name=\"woocommerce\/product-category\" data-categories=\"[311]\" class=\"wc-block-grid wp-block-product-category wp-block-woocommerce-product-category wc-block-product-category has-3-columns has-multiple-rows\"><ul class=\"wc-block-grid__products\"><li class=\"wc-block-grid__product\">\n\t\t\t\t<a href=\"https:\/\/mueblesdetena.es\/ru_ru\/comedor-duo-n56\/\" class=\"wc-block-grid__product-link\">\n\t\t\t\t\t<div class=\"wc-block-grid__product-onsale\">\n\t\t\t<span aria-hidden=\"true\">\u0420\u0430\u0441\u043f\u0440\u043e\u0434\u0430\u0436\u0430<\/span>\n\t\t\t<span class=\"screen-reader-text\">\u041f\u0440\u043e\u0434\u0430\u0432\u0430\u0435\u043c\u044b\u0439 \u0442\u043e\u0432\u0430\u0440<\/span>\n\t\t<\/div>\n\t\t\t\t\t<div class=\"wc-block-grid__product-image\"><img loading=\"lazy\" decoding=\"async\" width=\"300\" height=\"300\" src=\"https:\/\/mueblesdetena.es\/wp-content\/uploads\/2026\/04\/Captura-de-pantalla_13-4-2026_19856_mueblescarisma.es_-300x300.jpeg\" class=\"attachment-woocommerce_thumbnail size-woocommerce_thumbnail\" alt=\"Comedor Duo N56\" srcset=\"https:\/\/mueblesdetena.es\/wp-content\/uploads\/2026\/04\/Captura-de-pantalla_13-4-2026_19856_mueblescarisma.es_-300x300.jpeg 300w, https:\/\/mueblesdetena.es\/wp-content\/uploads\/2026\/04\/Captura-de-pantalla_13-4-2026_19856_mueblescarisma.es_-150x150.jpeg 150w, https:\/\/mueblesdetena.es\/wp-content\/uploads\/2026\/04\/Captura-de-pantalla_13-4-2026_19856_mueblescarisma.es_-100x100.jpeg 100w\" sizes=\"(max-width: 300px) 100vw, 300px\" \/><\/div>\n\t\t\t\t\t<div class=\"wc-block-grid__product-title\">Comedor Duo N56<\/div>\n\t\t\t\t<\/a>\n\t\t\t\t<div class=\"wc-block-grid__product-price price\"><del aria-hidden=\"true\"><span class=\"woocommerce-Price-amount amount\">1.259,00&nbsp;<span class=\"woocommerce-Price-currencySymbol\">&euro;<\/span><\/span><\/del> <span class=\"screen-reader-text\">\u041f\u0435\u0440\u0432\u043e\u043d\u0430\u0447\u0430\u043b\u044c\u043d\u0430\u044f \u0446\u0435\u043d\u0430 \u0441\u043e\u0441\u0442\u0430\u0432\u043b\u044f\u043b\u0430 1.259,00&nbsp;&euro;.<\/span><ins aria-hidden=\"true\"><span class=\"woocommerce-Price-amount amount\">1.059,00&nbsp;<span class=\"woocommerce-Price-currencySymbol\">&euro;<\/span><\/span><\/ins><span class=\"screen-reader-text\">\u0422\u0435\u043a\u0443\u0449\u0430\u044f \u0446\u0435\u043d\u0430: 1.059,00&nbsp;&euro;.<\/span><\/div>\n\t\t\t\t\n\t\t\t\t<div class=\"wp-block-button wc-block-grid__product-add-to-cart\"><a href=\"\/ru_ru\/wp-json\/wp\/v2\/posts\/32225?add-to-cart=45117\" aria-label=\"\u0414\u043e\u0431\u0430\u0432\u0438\u0442\u044c \u0432 \u043a\u043e\u0440\u0437\u0438\u043d\u0443 &laquo;Comedor Duo N56&raquo;\" data-quantity=\"1\" data-product_id=\"45117\" data-product_sku=\"\" data-price=\"1059\" rel=\"nofollow\" class=\"wp-block-button__link  add_to_cart_button ajax_add_to_cart\">\u0412 \u043a\u043e\u0440\u0437\u0438\u043d\u0443<\/a><\/div>\n\t\t\t<\/li><li class=\"wc-block-grid__product\">\n\t\t\t\t<a href=\"https:\/\/mueblesdetena.es\/ru_ru\/comedor-duo-n52\/\" class=\"wc-block-grid__product-link\">\n\t\t\t\t\t<div class=\"wc-block-grid__product-onsale\">\n\t\t\t<span aria-hidden=\"true\">\u0420\u0430\u0441\u043f\u0440\u043e\u0434\u0430\u0436\u0430<\/span>\n\t\t\t<span class=\"screen-reader-text\">\u041f\u0440\u043e\u0434\u0430\u0432\u0430\u0435\u043c\u044b\u0439 \u0442\u043e\u0432\u0430\u0440<\/span>\n\t\t<\/div>\n\t\t\t\t\t<div class=\"wc-block-grid__product-image\"><img loading=\"lazy\" decoding=\"async\" width=\"300\" height=\"300\" src=\"https:\/\/mueblesdetena.es\/wp-content\/uploads\/2026\/04\/Captura-de-pantalla_13-4-2026_18276_mueblescarisma.es_-300x300.jpeg\" class=\"attachment-woocommerce_thumbnail size-woocommerce_thumbnail\" alt=\"Comedor Duo N52\" srcset=\"https:\/\/mueblesdetena.es\/wp-content\/uploads\/2026\/04\/Captura-de-pantalla_13-4-2026_18276_mueblescarisma.es_-300x300.jpeg 300w, https:\/\/mueblesdetena.es\/wp-content\/uploads\/2026\/04\/Captura-de-pantalla_13-4-2026_18276_mueblescarisma.es_-150x150.jpeg 150w, https:\/\/mueblesdetena.es\/wp-content\/uploads\/2026\/04\/Captura-de-pantalla_13-4-2026_18276_mueblescarisma.es_-100x100.jpeg 100w\" sizes=\"(max-width: 300px) 100vw, 300px\" \/><\/div>\n\t\t\t\t\t<div class=\"wc-block-grid__product-title\">Comedor Duo N52<\/div>\n\t\t\t\t<\/a>\n\t\t\t\t<div class=\"wc-block-grid__product-price price\"><del aria-hidden=\"true\"><span class=\"woocommerce-Price-amount amount\">999,00&nbsp;<span class=\"woocommerce-Price-currencySymbol\">&euro;<\/span><\/span><\/del> <span class=\"screen-reader-text\">\u041f\u0435\u0440\u0432\u043e\u043d\u0430\u0447\u0430\u043b\u044c\u043d\u0430\u044f \u0446\u0435\u043d\u0430 \u0441\u043e\u0441\u0442\u0430\u0432\u043b\u044f\u043b\u0430 999,00&nbsp;&euro;.<\/span><ins aria-hidden=\"true\"><span class=\"woocommerce-Price-amount amount\">809,00&nbsp;<span class=\"woocommerce-Price-currencySymbol\">&euro;<\/span><\/span><\/ins><span class=\"screen-reader-text\">\u0422\u0435\u043a\u0443\u0449\u0430\u044f \u0446\u0435\u043d\u0430: 809,00&nbsp;&euro;.<\/span><\/div>\n\t\t\t\t\n\t\t\t\t<div class=\"wp-block-button wc-block-grid__product-add-to-cart\"><a href=\"\/ru_ru\/wp-json\/wp\/v2\/posts\/32225?add-to-cart=45097\" aria-label=\"\u0414\u043e\u0431\u0430\u0432\u0438\u0442\u044c \u0432 \u043a\u043e\u0440\u0437\u0438\u043d\u0443 &laquo;Comedor Duo N52&raquo;\" data-quantity=\"1\" data-product_id=\"45097\" data-product_sku=\"\" data-price=\"809\" rel=\"nofollow\" class=\"wp-block-button__link  add_to_cart_button ajax_add_to_cart\">\u0412 \u043a\u043e\u0440\u0437\u0438\u043d\u0443<\/a><\/div>\n\t\t\t<\/li><li class=\"wc-block-grid__product\">\n\t\t\t\t<a href=\"https:\/\/mueblesdetena.es\/ru_ru\/comedor-duo-n50\/\" class=\"wc-block-grid__product-link\">\n\t\t\t\t\t<div class=\"wc-block-grid__product-onsale\">\n\t\t\t<span aria-hidden=\"true\">\u0420\u0430\u0441\u043f\u0440\u043e\u0434\u0430\u0436\u0430<\/span>\n\t\t\t<span class=\"screen-reader-text\">\u041f\u0440\u043e\u0434\u0430\u0432\u0430\u0435\u043c\u044b\u0439 \u0442\u043e\u0432\u0430\u0440<\/span>\n\t\t<\/div>\n\t\t\t\t\t<div class=\"wc-block-grid__product-image\"><img loading=\"lazy\" decoding=\"async\" width=\"300\" height=\"300\" src=\"https:\/\/mueblesdetena.es\/wp-content\/uploads\/2026\/03\/Captura-de-pantalla_18-3-2026_125712_mueblescarisma.es_-300x300.jpeg\" class=\"attachment-woocommerce_thumbnail size-woocommerce_thumbnail\" alt=\"Comedor Duo N50.\" srcset=\"https:\/\/mueblesdetena.es\/wp-content\/uploads\/2026\/03\/Captura-de-pantalla_18-3-2026_125712_mueblescarisma.es_-300x300.jpeg 300w, https:\/\/mueblesdetena.es\/wp-content\/uploads\/2026\/03\/Captura-de-pantalla_18-3-2026_125712_mueblescarisma.es_-150x150.jpeg 150w, https:\/\/mueblesdetena.es\/wp-content\/uploads\/2026\/03\/Captura-de-pantalla_18-3-2026_125712_mueblescarisma.es_-100x100.jpeg 100w\" sizes=\"(max-width: 300px) 100vw, 300px\" \/><\/div>\n\t\t\t\t\t<div class=\"wc-block-grid__product-title\">Comedor Duo N50.<\/div>\n\t\t\t\t<\/a>\n\t\t\t\t<div class=\"wc-block-grid__product-price price\"><del aria-hidden=\"true\"><span class=\"woocommerce-Price-amount amount\">809,00&nbsp;<span class=\"woocommerce-Price-currencySymbol\">&euro;<\/span><\/span><\/del> <span class=\"screen-reader-text\">\u041f\u0435\u0440\u0432\u043e\u043d\u0430\u0447\u0430\u043b\u044c\u043d\u0430\u044f \u0446\u0435\u043d\u0430 \u0441\u043e\u0441\u0442\u0430\u0432\u043b\u044f\u043b\u0430 809,00&nbsp;&euro;.<\/span><ins aria-hidden=\"true\"><span class=\"woocommerce-Price-amount amount\">609,00&nbsp;<span class=\"woocommerce-Price-currencySymbol\">&euro;<\/span><\/span><\/ins><span class=\"screen-reader-text\">\u0422\u0435\u043a\u0443\u0449\u0430\u044f \u0446\u0435\u043d\u0430: 609,00&nbsp;&euro;.<\/span><\/div>\n\t\t\t\t\n\t\t\t\t<div class=\"wp-block-button wc-block-grid__product-add-to-cart\"><a href=\"\/ru_ru\/wp-json\/wp\/v2\/posts\/32225?add-to-cart=44716\" aria-label=\"\u0414\u043e\u0431\u0430\u0432\u0438\u0442\u044c \u0432 \u043a\u043e\u0440\u0437\u0438\u043d\u0443 &laquo;Comedor Duo N50.&raquo;\" data-quantity=\"1\" data-product_id=\"44716\" data-product_sku=\"\" data-price=\"609\" rel=\"nofollow\" class=\"wp-block-button__link  add_to_cart_button ajax_add_to_cart\">\u0412 \u043a\u043e\u0440\u0437\u0438\u043d\u0443<\/a><\/div>\n\t\t\t<\/li><li class=\"wc-block-grid__product\">\n\t\t\t\t<a href=\"https:\/\/mueblesdetena.es\/ru_ru\/comedor-duo-n47\/\" class=\"wc-block-grid__product-link\">\n\t\t\t\t\t<div class=\"wc-block-grid__product-onsale\">\n\t\t\t<span aria-hidden=\"true\">\u0420\u0430\u0441\u043f\u0440\u043e\u0434\u0430\u0436\u0430<\/span>\n\t\t\t<span class=\"screen-reader-text\">\u041f\u0440\u043e\u0434\u0430\u0432\u0430\u0435\u043c\u044b\u0439 \u0442\u043e\u0432\u0430\u0440<\/span>\n\t\t<\/div>\n\t\t\t\t\t<div class=\"wc-block-grid__product-image\"><img loading=\"lazy\" decoding=\"async\" width=\"300\" height=\"300\" src=\"https:\/\/mueblesdetena.es\/wp-content\/uploads\/2026\/03\/Captura-de-pantalla_18-3-2026_122124_mueblescarisma.es_-300x300.jpeg\" class=\"attachment-woocommerce_thumbnail size-woocommerce_thumbnail\" alt=\"Comedor Duo N47.\" srcset=\"https:\/\/mueblesdetena.es\/wp-content\/uploads\/2026\/03\/Captura-de-pantalla_18-3-2026_122124_mueblescarisma.es_-300x300.jpeg 300w, https:\/\/mueblesdetena.es\/wp-content\/uploads\/2026\/03\/Captura-de-pantalla_18-3-2026_122124_mueblescarisma.es_-150x150.jpeg 150w, https:\/\/mueblesdetena.es\/wp-content\/uploads\/2026\/03\/Captura-de-pantalla_18-3-2026_122124_mueblescarisma.es_-100x100.jpeg 100w\" sizes=\"(max-width: 300px) 100vw, 300px\" \/><\/div>\n\t\t\t\t\t<div class=\"wc-block-grid__product-title\">Comedor Duo N47.<\/div>\n\t\t\t\t<\/a>\n\t\t\t\t<div class=\"wc-block-grid__product-price price\"><del aria-hidden=\"true\"><span class=\"woocommerce-Price-amount amount\">949,00&nbsp;<span class=\"woocommerce-Price-currencySymbol\">&euro;<\/span><\/span><\/del> <span class=\"screen-reader-text\">\u041f\u0435\u0440\u0432\u043e\u043d\u0430\u0447\u0430\u043b\u044c\u043d\u0430\u044f \u0446\u0435\u043d\u0430 \u0441\u043e\u0441\u0442\u0430\u0432\u043b\u044f\u043b\u0430 949,00&nbsp;&euro;.<\/span><ins aria-hidden=\"true\"><span class=\"woocommerce-Price-amount amount\">749,00&nbsp;<span class=\"woocommerce-Price-currencySymbol\">&euro;<\/span><\/span><\/ins><span class=\"screen-reader-text\">\u0422\u0435\u043a\u0443\u0449\u0430\u044f \u0446\u0435\u043d\u0430: 749,00&nbsp;&euro;.<\/span><\/div>\n\t\t\t\t\n\t\t\t\t<div class=\"wp-block-button wc-block-grid__product-add-to-cart\"><a href=\"\/ru_ru\/wp-json\/wp\/v2\/posts\/32225?add-to-cart=44704\" aria-label=\"\u0414\u043e\u0431\u0430\u0432\u0438\u0442\u044c \u0432 \u043a\u043e\u0440\u0437\u0438\u043d\u0443 &laquo;Comedor Duo N47.&raquo;\" data-quantity=\"1\" data-product_id=\"44704\" data-product_sku=\"\" data-price=\"749\" rel=\"nofollow\" class=\"wp-block-button__link  add_to_cart_button ajax_add_to_cart\">\u0412 \u043a\u043e\u0440\u0437\u0438\u043d\u0443<\/a><\/div>\n\t\t\t<\/li><li class=\"wc-block-grid__product\">\n\t\t\t\t<a href=\"https:\/\/mueblesdetena.es\/ru_ru\/comedor-duo-n38\/\" class=\"wc-block-grid__product-link\">\n\t\t\t\t\t<div class=\"wc-block-grid__product-onsale\">\n\t\t\t<span aria-hidden=\"true\">\u0420\u0430\u0441\u043f\u0440\u043e\u0434\u0430\u0436\u0430<\/span>\n\t\t\t<span class=\"screen-reader-text\">\u041f\u0440\u043e\u0434\u0430\u0432\u0430\u0435\u043c\u044b\u0439 \u0442\u043e\u0432\u0430\u0440<\/span>\n\t\t<\/div>\n\t\t\t\t\t<div class=\"wc-block-grid__product-image\"><img loading=\"lazy\" decoding=\"async\" width=\"300\" height=\"300\" src=\"https:\/\/mueblesdetena.es\/wp-content\/uploads\/2026\/03\/Captura-de-pantalla_4-3-2026_192724_mueblescarisma.es_-300x300.jpeg\" class=\"attachment-woocommerce_thumbnail size-woocommerce_thumbnail\" alt=\"Comedor Duo N38.\" srcset=\"https:\/\/mueblesdetena.es\/wp-content\/uploads\/2026\/03\/Captura-de-pantalla_4-3-2026_192724_mueblescarisma.es_-300x300.jpeg 300w, https:\/\/mueblesdetena.es\/wp-content\/uploads\/2026\/03\/Captura-de-pantalla_4-3-2026_192724_mueblescarisma.es_-150x150.jpeg 150w, https:\/\/mueblesdetena.es\/wp-content\/uploads\/2026\/03\/Captura-de-pantalla_4-3-2026_192724_mueblescarisma.es_-100x100.jpeg 100w\" sizes=\"(max-width: 300px) 100vw, 300px\" \/><\/div>\n\t\t\t\t\t<div class=\"wc-block-grid__product-title\">Comedor Duo N38.<\/div>\n\t\t\t\t<\/a>\n\t\t\t\t<div class=\"wc-block-grid__product-price price\"><del aria-hidden=\"true\"><span class=\"woocommerce-Price-amount amount\">1.309,00&nbsp;<span class=\"woocommerce-Price-currencySymbol\">&euro;<\/span><\/span><\/del> <span class=\"screen-reader-text\">\u041f\u0435\u0440\u0432\u043e\u043d\u0430\u0447\u0430\u043b\u044c\u043d\u0430\u044f \u0446\u0435\u043d\u0430 \u0441\u043e\u0441\u0442\u0430\u0432\u043b\u044f\u043b\u0430 1.309,00&nbsp;&euro;.<\/span><ins aria-hidden=\"true\"><span class=\"woocommerce-Price-amount amount\">1.109,00&nbsp;<span class=\"woocommerce-Price-currencySymbol\">&euro;<\/span><\/span><\/ins><span class=\"screen-reader-text\">\u0422\u0435\u043a\u0443\u0449\u0430\u044f \u0446\u0435\u043d\u0430: 1.109,00&nbsp;&euro;.<\/span><\/div>\n\t\t\t\t\n\t\t\t\t<div class=\"wp-block-button wc-block-grid__product-add-to-cart\"><a href=\"\/ru_ru\/wp-json\/wp\/v2\/posts\/32225?add-to-cart=44482\" aria-label=\"\u0414\u043e\u0431\u0430\u0432\u0438\u0442\u044c \u0432 \u043a\u043e\u0440\u0437\u0438\u043d\u0443 &laquo;Comedor Duo N38.&raquo;\" data-quantity=\"1\" data-product_id=\"44482\" data-product_sku=\"\" data-price=\"1109\" rel=\"nofollow\" class=\"wp-block-button__link  add_to_cart_button ajax_add_to_cart\">\u0412 \u043a\u043e\u0440\u0437\u0438\u043d\u0443<\/a><\/div>\n\t\t\t<\/li><li class=\"wc-block-grid__product\">\n\t\t\t\t<a href=\"https:\/\/mueblesdetena.es\/ru_ru\/comedor-duo-n31\/\" class=\"wc-block-grid__product-link\">\n\t\t\t\t\t<div class=\"wc-block-grid__product-onsale\">\n\t\t\t<span aria-hidden=\"true\">\u0420\u0430\u0441\u043f\u0440\u043e\u0434\u0430\u0436\u0430<\/span>\n\t\t\t<span class=\"screen-reader-text\">\u041f\u0440\u043e\u0434\u0430\u0432\u0430\u0435\u043c\u044b\u0439 \u0442\u043e\u0432\u0430\u0440<\/span>\n\t\t<\/div>\n\t\t\t\t\t<div class=\"wc-block-grid__product-image\"><img loading=\"lazy\" decoding=\"async\" width=\"300\" height=\"300\" src=\"https:\/\/mueblesdetena.es\/wp-content\/uploads\/2026\/03\/Captura-de-pantalla_4-3-2026_19713_mueblescarisma.es_-300x300.jpeg\" class=\"attachment-woocommerce_thumbnail size-woocommerce_thumbnail\" alt=\"Comedor Duo N31.\" srcset=\"https:\/\/mueblesdetena.es\/wp-content\/uploads\/2026\/03\/Captura-de-pantalla_4-3-2026_19713_mueblescarisma.es_-300x300.jpeg 300w, https:\/\/mueblesdetena.es\/wp-content\/uploads\/2026\/03\/Captura-de-pantalla_4-3-2026_19713_mueblescarisma.es_-150x150.jpeg 150w, https:\/\/mueblesdetena.es\/wp-content\/uploads\/2026\/03\/Captura-de-pantalla_4-3-2026_19713_mueblescarisma.es_-100x100.jpeg 100w\" sizes=\"(max-width: 300px) 100vw, 300px\" \/><\/div>\n\t\t\t\t\t<div class=\"wc-block-grid__product-title\">Comedor Duo N31.<\/div>\n\t\t\t\t<\/a>\n\t\t\t\t<div class=\"wc-block-grid__product-price price\"><del aria-hidden=\"true\"><span class=\"woocommerce-Price-amount amount\">1.179,00&nbsp;<span class=\"woocommerce-Price-currencySymbol\">&euro;<\/span><\/span><\/del> <span class=\"screen-reader-text\">\u041f\u0435\u0440\u0432\u043e\u043d\u0430\u0447\u0430\u043b\u044c\u043d\u0430\u044f \u0446\u0435\u043d\u0430 \u0441\u043e\u0441\u0442\u0430\u0432\u043b\u044f\u043b\u0430 1.179,00&nbsp;&euro;.<\/span><ins aria-hidden=\"true\"><span class=\"woocommerce-Price-amount amount\">979,00&nbsp;<span class=\"woocommerce-Price-currencySymbol\">&euro;<\/span><\/span><\/ins><span class=\"screen-reader-text\">\u0422\u0435\u043a\u0443\u0449\u0430\u044f \u0446\u0435\u043d\u0430: 979,00&nbsp;&euro;.<\/span><\/div>\n\t\t\t\t\n\t\t\t\t<div class=\"wp-block-button wc-block-grid__product-add-to-cart\"><a href=\"\/ru_ru\/wp-json\/wp\/v2\/posts\/32225?add-to-cart=44473\" aria-label=\"\u0414\u043e\u0431\u0430\u0432\u0438\u0442\u044c \u0432 \u043a\u043e\u0440\u0437\u0438\u043d\u0443 &laquo;Comedor Duo N31.&raquo;\" data-quantity=\"1\" data-product_id=\"44473\" data-product_sku=\"\" data-price=\"979\" rel=\"nofollow\" class=\"wp-block-button__link  add_to_cart_button ajax_add_to_cart\">\u0412 \u043a\u043e\u0440\u0437\u0438\u043d\u0443<\/a><\/div>\n\t\t\t<\/li><li class=\"wc-block-grid__product\">\n\t\t\t\t<a href=\"https:\/\/mueblesdetena.es\/ru_ru\/comedor-duo-n30\/\" class=\"wc-block-grid__product-link\">\n\t\t\t\t\t<div class=\"wc-block-grid__product-onsale\">\n\t\t\t<span aria-hidden=\"true\">\u0420\u0430\u0441\u043f\u0440\u043e\u0434\u0430\u0436\u0430<\/span>\n\t\t\t<span class=\"screen-reader-text\">\u041f\u0440\u043e\u0434\u0430\u0432\u0430\u0435\u043c\u044b\u0439 \u0442\u043e\u0432\u0430\u0440<\/span>\n\t\t<\/div>\n\t\t\t\t\t<div class=\"wc-block-grid__product-image\"><img loading=\"lazy\" decoding=\"async\" width=\"300\" height=\"300\" src=\"https:\/\/mueblesdetena.es\/wp-content\/uploads\/2026\/03\/Captura-de-pantalla_3-3-2026_19215_mueblescarisma.es_-300x300.jpeg\" class=\"attachment-woocommerce_thumbnail size-woocommerce_thumbnail\" alt=\"Comedor Duo N30.\" srcset=\"https:\/\/mueblesdetena.es\/wp-content\/uploads\/2026\/03\/Captura-de-pantalla_3-3-2026_19215_mueblescarisma.es_-300x300.jpeg 300w, https:\/\/mueblesdetena.es\/wp-content\/uploads\/2026\/03\/Captura-de-pantalla_3-3-2026_19215_mueblescarisma.es_-150x150.jpeg 150w, https:\/\/mueblesdetena.es\/wp-content\/uploads\/2026\/03\/Captura-de-pantalla_3-3-2026_19215_mueblescarisma.es_-100x100.jpeg 100w\" sizes=\"(max-width: 300px) 100vw, 300px\" \/><\/div>\n\t\t\t\t\t<div class=\"wc-block-grid__product-title\">Comedor Duo N30.<\/div>\n\t\t\t\t<\/a>\n\t\t\t\t<div class=\"wc-block-grid__product-price price\"><del aria-hidden=\"true\"><span class=\"woocommerce-Price-amount amount\">1.029,00&nbsp;<span class=\"woocommerce-Price-currencySymbol\">&euro;<\/span><\/span><\/del> <span class=\"screen-reader-text\">\u041f\u0435\u0440\u0432\u043e\u043d\u0430\u0447\u0430\u043b\u044c\u043d\u0430\u044f \u0446\u0435\u043d\u0430 \u0441\u043e\u0441\u0442\u0430\u0432\u043b\u044f\u043b\u0430 1.029,00&nbsp;&euro;.<\/span><ins aria-hidden=\"true\"><span class=\"woocommerce-Price-amount amount\">829,00&nbsp;<span class=\"woocommerce-Price-currencySymbol\">&euro;<\/span><\/span><\/ins><span class=\"screen-reader-text\">\u0422\u0435\u043a\u0443\u0449\u0430\u044f \u0446\u0435\u043d\u0430: 829,00&nbsp;&euro;.<\/span><\/div>\n\t\t\t\t\n\t\t\t\t<div class=\"wp-block-button wc-block-grid__product-add-to-cart\"><a href=\"\/ru_ru\/wp-json\/wp\/v2\/posts\/32225?add-to-cart=44459\" aria-label=\"\u0414\u043e\u0431\u0430\u0432\u0438\u0442\u044c \u0432 \u043a\u043e\u0440\u0437\u0438\u043d\u0443 &laquo;Comedor Duo N30.&raquo;\" data-quantity=\"1\" data-product_id=\"44459\" data-product_sku=\"\" data-price=\"829\" rel=\"nofollow\" class=\"wp-block-button__link  add_to_cart_button ajax_add_to_cart\">\u0412 \u043a\u043e\u0440\u0437\u0438\u043d\u0443<\/a><\/div>\n\t\t\t<\/li><li class=\"wc-block-grid__product\">\n\t\t\t\t<a href=\"https:\/\/mueblesdetena.es\/ru_ru\/comedor-duo-n27\/\" class=\"wc-block-grid__product-link\">\n\t\t\t\t\t<div class=\"wc-block-grid__product-onsale\">\n\t\t\t<span aria-hidden=\"true\">\u0420\u0430\u0441\u043f\u0440\u043e\u0434\u0430\u0436\u0430<\/span>\n\t\t\t<span class=\"screen-reader-text\">\u041f\u0440\u043e\u0434\u0430\u0432\u0430\u0435\u043c\u044b\u0439 \u0442\u043e\u0432\u0430\u0440<\/span>\n\t\t<\/div>\n\t\t\t\t\t<div class=\"wc-block-grid__product-image\"><img loading=\"lazy\" decoding=\"async\" width=\"300\" height=\"300\" src=\"https:\/\/mueblesdetena.es\/wp-content\/uploads\/2026\/03\/Captura-de-pantalla_3-3-2026_185631_mueblescarisma.es_-300x300.jpeg\" class=\"attachment-woocommerce_thumbnail size-woocommerce_thumbnail\" alt=\"Comedor Duo N27.\" srcset=\"https:\/\/mueblesdetena.es\/wp-content\/uploads\/2026\/03\/Captura-de-pantalla_3-3-2026_185631_mueblescarisma.es_-300x300.jpeg 300w, https:\/\/mueblesdetena.es\/wp-content\/uploads\/2026\/03\/Captura-de-pantalla_3-3-2026_185631_mueblescarisma.es_-150x150.jpeg 150w, https:\/\/mueblesdetena.es\/wp-content\/uploads\/2026\/03\/Captura-de-pantalla_3-3-2026_185631_mueblescarisma.es_-100x100.jpeg 100w\" sizes=\"(max-width: 300px) 100vw, 300px\" \/><\/div>\n\t\t\t\t\t<div class=\"wc-block-grid__product-title\">Comedor Duo N27.<\/div>\n\t\t\t\t<\/a>\n\t\t\t\t<div class=\"wc-block-grid__product-price price\"><del aria-hidden=\"true\"><span class=\"woocommerce-Price-amount amount\">849,00&nbsp;<span class=\"woocommerce-Price-currencySymbol\">&euro;<\/span><\/span><\/del> <span class=\"screen-reader-text\">\u041f\u0435\u0440\u0432\u043e\u043d\u0430\u0447\u0430\u043b\u044c\u043d\u0430\u044f \u0446\u0435\u043d\u0430 \u0441\u043e\u0441\u0442\u0430\u0432\u043b\u044f\u043b\u0430 849,00&nbsp;&euro;.<\/span><ins aria-hidden=\"true\"><span class=\"woocommerce-Price-amount amount\">649,00&nbsp;<span class=\"woocommerce-Price-currencySymbol\">&euro;<\/span><\/span><\/ins><span class=\"screen-reader-text\">\u0422\u0435\u043a\u0443\u0449\u0430\u044f \u0446\u0435\u043d\u0430: 649,00&nbsp;&euro;.<\/span><\/div>\n\t\t\t\t\n\t\t\t\t<div class=\"wp-block-button wc-block-grid__product-add-to-cart\"><a href=\"\/ru_ru\/wp-json\/wp\/v2\/posts\/32225?add-to-cart=44444\" aria-label=\"\u0414\u043e\u0431\u0430\u0432\u0438\u0442\u044c \u0432 \u043a\u043e\u0440\u0437\u0438\u043d\u0443 &laquo;Comedor Duo N27.&raquo;\" data-quantity=\"1\" data-product_id=\"44444\" data-product_sku=\"\" data-price=\"649\" rel=\"nofollow\" class=\"wp-block-button__link  add_to_cart_button ajax_add_to_cart\">\u0412 \u043a\u043e\u0440\u0437\u0438\u043d\u0443<\/a><\/div>\n\t\t\t<\/li><li class=\"wc-block-grid__product\">\n\t\t\t\t<a href=\"https:\/\/mueblesdetena.es\/ru_ru\/comedor-duo-n18\/\" class=\"wc-block-grid__product-link\">\n\t\t\t\t\t<div class=\"wc-block-grid__product-onsale\">\n\t\t\t<span aria-hidden=\"true\">\u0420\u0430\u0441\u043f\u0440\u043e\u0434\u0430\u0436\u0430<\/span>\n\t\t\t<span class=\"screen-reader-text\">\u041f\u0440\u043e\u0434\u0430\u0432\u0430\u0435\u043c\u044b\u0439 \u0442\u043e\u0432\u0430\u0440<\/span>\n\t\t<\/div>\n\t\t\t\t\t<div class=\"wc-block-grid__product-image\"><img loading=\"lazy\" decoding=\"async\" width=\"300\" height=\"300\" src=\"https:\/\/mueblesdetena.es\/wp-content\/uploads\/2026\/02\/Captura-de-pantalla_23-2-2026_181131_mueblescarisma.es_-300x300.jpeg\" class=\"attachment-woocommerce_thumbnail size-woocommerce_thumbnail\" alt=\"Comedor Duo N18.\" srcset=\"https:\/\/mueblesdetena.es\/wp-content\/uploads\/2026\/02\/Captura-de-pantalla_23-2-2026_181131_mueblescarisma.es_-300x300.jpeg 300w, https:\/\/mueblesdetena.es\/wp-content\/uploads\/2026\/02\/Captura-de-pantalla_23-2-2026_181131_mueblescarisma.es_-150x150.jpeg 150w, https:\/\/mueblesdetena.es\/wp-content\/uploads\/2026\/02\/Captura-de-pantalla_23-2-2026_181131_mueblescarisma.es_-100x100.jpeg 100w\" sizes=\"(max-width: 300px) 100vw, 300px\" \/><\/div>\n\t\t\t\t\t<div class=\"wc-block-grid__product-title\">Comedor Duo N18.<\/div>\n\t\t\t\t<\/a>\n\t\t\t\t<div class=\"wc-block-grid__product-price price\"><del aria-hidden=\"true\"><span class=\"woocommerce-Price-amount amount\">849,00&nbsp;<span class=\"woocommerce-Price-currencySymbol\">&euro;<\/span><\/span><\/del> <span class=\"screen-reader-text\">\u041f\u0435\u0440\u0432\u043e\u043d\u0430\u0447\u0430\u043b\u044c\u043d\u0430\u044f \u0446\u0435\u043d\u0430 \u0441\u043e\u0441\u0442\u0430\u0432\u043b\u044f\u043b\u0430 849,00&nbsp;&euro;.<\/span><ins aria-hidden=\"true\"><span class=\"woocommerce-Price-amount amount\">649,00&nbsp;<span class=\"woocommerce-Price-currencySymbol\">&euro;<\/span><\/span><\/ins><span class=\"screen-reader-text\">\u0422\u0435\u043a\u0443\u0449\u0430\u044f \u0446\u0435\u043d\u0430: 649,00&nbsp;&euro;.<\/span><\/div>\n\t\t\t\t\n\t\t\t\t<div class=\"wp-block-button wc-block-grid__product-add-to-cart\"><a href=\"\/ru_ru\/wp-json\/wp\/v2\/posts\/32225?add-to-cart=44271\" aria-label=\"\u0414\u043e\u0431\u0430\u0432\u0438\u0442\u044c \u0432 \u043a\u043e\u0440\u0437\u0438\u043d\u0443 &laquo;Comedor Duo N18.&raquo;\" data-quantity=\"1\" data-product_id=\"44271\" data-product_sku=\"\" data-price=\"649\" rel=\"nofollow\" class=\"wp-block-button__link  add_to_cart_button ajax_add_to_cart\">\u0412 \u043a\u043e\u0440\u0437\u0438\u043d\u0443<\/a><\/div>\n\t\t\t<\/li><\/ul><\/div>\n\n\n<div style=\"height:100px\" aria-hidden=\"true\" class=\"wp-block-spacer\"><\/div>\n\n\n\n<h2 class=\"wp-block-heading\"><span class=\"ez-toc-section\" id=\"Futuro_de_las_composiciones_modulares_%C2%BFQue_viene_despues\"><\/span>Futuro de las composiciones modulares: \u00bfQu\u00e9 viene despu\u00e9s?<span class=\"ez-toc-section-end\"><\/span><\/h2>\n\n\n\n<p class=\"has-medium-font-size wp-block-paragraph\">El futuro de las composiciones de comedor modulares est\u00e1 marcado por una evoluci\u00f3n continua hacia la funcionalidad, sostenibilidad y personalizaci\u00f3n. A medida que nuestras necesidades cambian y la tecnolog\u00eda avanza, los muebles modulares est\u00e1n adapt\u00e1ndose para ofrecer soluciones m\u00e1s inteligentes y pr\u00e1cticas. Aqu\u00ed te mostramos algunas tendencias que podr\u00edan definir el futuro de las composiciones modulares:<\/p>\n\n\n\n<h3 class=\"wp-block-heading\"><span class=\"ez-toc-section\" id=\"Muebles_modulares_inteligentes\"><\/span><strong>Muebles modulares inteligentes<\/strong><span class=\"ez-toc-section-end\"><\/span><\/h3>\n\n\n\n<p class=\"has-medium-font-size wp-block-paragraph\">La integraci\u00f3n de la tecnolog\u00eda en los muebles modulares continuar\u00e1 desarroll\u00e1ndose, con la posibilidad de ver mesas y aparadores equipados con <strong>tecnolog\u00eda inteligente<\/strong>, como sistemas de carga inal\u00e1mbrica, controles de iluminaci\u00f3n integrados y superficies interactivas. Estas innovaciones har\u00e1n que los comedores no solo sean funcionales para las comidas, sino tambi\u00e9n para el trabajo y el entretenimiento.<\/p>\n\n\n\n<h3 class=\"wp-block-heading\"><span class=\"ez-toc-section\" id=\"Materiales_sostenibles_y_ecologicos\"><\/span><strong>Materiales sostenibles y ecol\u00f3gicos<\/strong><span class=\"ez-toc-section-end\"><\/span><\/h3>\n\n\n\n<p class=\"has-medium-font-size wp-block-paragraph\">El futuro tambi\u00e9n pasa por una mayor atenci\u00f3n a los materiales sostenibles. Cada vez m\u00e1s, los dise\u00f1adores de muebles est\u00e1n explorando opciones m\u00e1s ecol\u00f3gicas, como el uso de materiales reciclados o madera certificada. Los muebles modulares est\u00e1n alineados con el enfoque de sostenibilidad, ya que su flexibilidad reduce la necesidad de reemplazar piezas completas, minimizando el desperdicio.<\/p>\n\n\n\n<h3 class=\"wp-block-heading\"><span class=\"ez-toc-section\" id=\"Personalizacion_extrema\"><\/span><strong>Personalizaci\u00f3n extrema<\/strong><span class=\"ez-toc-section-end\"><\/span><\/h3>\n\n\n\n<p class=\"has-medium-font-size wp-block-paragraph\">El futuro traer\u00e1 m\u00e1s opciones de personalizaci\u00f3n que nunca, permitiendo a los clientes no solo elegir entre una gama de acabados y colores, sino tambi\u00e9n dise\u00f1ar muebles completamente a medida. Las plataformas digitales permitir\u00e1n visualizar c\u00f3mo los m\u00f3dulos encajan en el espacio y modificarlos seg\u00fan preferencias espec\u00edficas, facilitando una experiencia de compra totalmente personalizada.<\/p>\n\n\n\n<h3 class=\"wp-block-heading\"><span class=\"ez-toc-section\" id=\"Adaptabilidad_y_multifuncionalidad_mejorada\"><\/span><strong>Adaptabilidad y multifuncionalidad mejorada<\/strong><span class=\"ez-toc-section-end\"><\/span><\/h3>\n\n\n\n<p class=\"has-medium-font-size wp-block-paragraph\">La demanda por espacios multifuncionales seguir\u00e1 creciendo, y los muebles modulares responder\u00e1n ofreciendo una mayor adaptabilidad. Veremos m\u00e1s m\u00f3dulos que cumplan varias funciones al mismo tiempo, como mesas que se transforman en escritorios o bancos con almacenamiento oculto, lo que permitir\u00e1 aprovechar cada rinc\u00f3n de forma eficiente.<\/p>\n\n\n\n<h3 class=\"wp-block-heading\"><span class=\"ez-toc-section\" id=\"Conexion_con_tendencias_de_vida_flexible\"><\/span><strong>Conexi\u00f3n con tendencias de vida flexible<\/strong><span class=\"ez-toc-section-end\"><\/span><\/h3>\n\n\n\n<p class=\"has-medium-font-size wp-block-paragraph\">A medida que las personas cambian de vivienda m\u00e1s frecuentemente o adaptan sus hogares para diferentes fases de la vida, las composiciones modulares ser\u00e1n clave para aquellos que buscan una soluci\u00f3n flexible y duradera. El futuro podr\u00eda traer m\u00f3dulos m\u00e1s ligeros y f\u00e1ciles de montar y desmontar, facilitando su transporte y reconfiguraci\u00f3n en nuevos espacios.<\/p>\n\n\n\n<p class=\"has-medium-font-size wp-block-paragraph\">En resumen, el futuro de las composiciones modulares de comedor se centrar\u00e1 en ofrecer soluciones m\u00e1s inteligentes, sostenibles y personalizadas, que se adapten tanto a las necesidades cambiantes de las personas como a un enfoque m\u00e1s consciente del uso de recursos. Los avances tecnol\u00f3gicos y el dise\u00f1o sostenible jugar\u00e1n un papel fundamental en la creaci\u00f3n de comedores cada vez m\u00e1s funcionales y conectados con el estilo de vida moderno.<\/p>\n\n\n\n<figure class=\"wp-block-image alignfull size-full\"><img loading=\"lazy\" decoding=\"async\" width=\"991\" height=\"615\" src=\"https:\/\/mueblesdetena.es\/wp-content\/uploads\/2019\/04\/comedor-yoko-07.jpg\" alt=\"\" class=\"wp-image-25976\" srcset=\"https:\/\/mueblesdetena.es\/wp-content\/uploads\/2019\/04\/comedor-yoko-07.jpg 991w, https:\/\/mueblesdetena.es\/wp-content\/uploads\/2019\/04\/comedor-yoko-07-300x186.jpg 300w, https:\/\/mueblesdetena.es\/wp-content\/uploads\/2019\/04\/comedor-yoko-07-768x477.jpg 768w, https:\/\/mueblesdetena.es\/wp-content\/uploads\/2019\/04\/comedor-yoko-07-600x372.jpg 600w\" sizes=\"(max-width: 991px) 100vw, 991px\" \/><\/figure>\n\n\n\n<div style=\"height:100px\" aria-hidden=\"true\" class=\"wp-block-spacer\"><\/div>\n\n\n\n<p class=\"has-medium-font-size wp-block-paragraph\">Las composiciones de comedor modulares han llegado para revolucionar la manera en que dise\u00f1amos y vivimos nuestros espacios. Su flexibilidad, funcionalidad y capacidad de personalizaci\u00f3n las convierten en una opci\u00f3n ideal para cualquier tipo de hogar, independientemente de su tama\u00f1o o estilo de vida. Ya sea que busques una soluci\u00f3n para un comedor peque\u00f1o, un espacio multifuncional o un comedor amplio y social, los m\u00f3dulos permiten crear configuraciones a medida que se adaptan a tus necesidades y cambian contigo a lo largo del tiempo.<\/p>\n\n\n\n<p class=\"has-medium-font-size wp-block-paragraph\">Adem\u00e1s, la incorporaci\u00f3n de tecnolog\u00eda, la tendencia hacia el uso de materiales sostenibles y la posibilidad de personalizaci\u00f3n extrema hacen que el futuro de las composiciones modulares sea a\u00fan m\u00e1s prometedor. Con estas innovaciones, podr\u00e1s disfrutar de un comedor no solo pr\u00e1ctico y funcional, sino tambi\u00e9n alineado con los \u00faltimos avances y con un enfoque responsable hacia el medio ambiente.<\/p>\n\n\n\n<p class=\"has-medium-font-size wp-block-paragraph\">En <strong><a href=\"https:\/\/mueblesdetena.es\">mueblesdetena.es<\/a><\/strong>, te ofrecemos una amplia gama de composiciones de comedor modulares que se adaptan a todos los estilos y necesidades. Descubre c\u00f3mo estas soluciones pueden transformar tu hogar y revolucionar tu espacio. \u00a1Explora nuestro cat\u00e1logo y encuentra la composici\u00f3n modular perfecta para tu comedor!<\/p>\n","protected":false},"excerpt":{"rendered":"<p>En el dise\u00f1o de interiores, la flexibilidad y la capacidad de adaptaci\u00f3n son esenciales para crear espacios que se ajusten a nuestras necesidades cambiantes. Es aqu\u00ed donde las composiciones de comedor modulares han revolucionado la manera en que concebimos esta parte tan importante del hogar. M\u00e1s all\u00e1 de ser una tendencia, los muebles modulares ofrecen [&hellip;]<\/p>\n","protected":false},"author":267,"featured_media":32229,"comment_status":"open","ping_status":"open","sticky":false,"template":"","format":"standard","meta":{"site-sidebar-layout":"default","site-content-layout":"","ast-site-content-layout":"default","site-content-style":"default","site-sidebar-style":"default","ast-global-header-display":"","ast-banner-title-visibility":"","ast-main-header-display":"","ast-hfb-above-header-display":"","ast-hfb-below-header-display":"","ast-hfb-mobile-header-display":"","site-post-title":"","ast-breadcrumbs-content":"","ast-featured-img":"","footer-sml-layout":"","ast-disable-related-posts":"","theme-transparent-header-meta":"","adv-header-id-meta":"","stick-header-meta":"","header-above-stick-meta":"","header-main-stick-meta":"","header-below-stick-meta":"","astra-migrate-meta-layouts":"set","ast-page-background-enabled":"default","ast-page-background-meta":{"desktop":{"background-color":"var(--ast-global-color-4)","background-image":"","background-repeat":"repeat","background-position":"center center","background-size":"auto","background-attachment":"scroll","background-type":"","background-media":"","overlay-type":"","overlay-color":"","overlay-opacity":"","overlay-gradient":""},"tablet":{"background-color":"","background-image":"","background-repeat":"repeat","background-position":"center center","background-size":"auto","background-attachment":"scroll","background-type":"","background-media":"","overlay-type":"","overlay-color":"","overlay-opacity":"","overlay-gradient":""},"mobile":{"background-color":"","background-image":"","background-repeat":"repeat","background-position":"center center","background-size":"auto","background-attachment":"scroll","background-type":"","background-media":"","overlay-type":"","overlay-color":"","overlay-opacity":"","overlay-gradient":""}},"ast-content-background-meta":{"desktop":{"background-color":"var(--ast-global-color-5)","background-image":"","background-repeat":"repeat","background-position":"center center","background-size":"auto","background-attachment":"scroll","background-type":"","background-media":"","overlay-type":"","overlay-color":"","overlay-opacity":"","overlay-gradient":""},"tablet":{"background-color":"var(--ast-global-color-5)","background-image":"","background-repeat":"repeat","background-position":"center center","background-size":"auto","background-attachment":"scroll","background-type":"","background-media":"","overlay-type":"","overlay-color":"","overlay-opacity":"","overlay-gradient":""},"mobile":{"background-color":"var(--ast-global-color-5)","background-image":"","background-repeat":"repeat","background-position":"center center","background-size":"auto","background-attachment":"scroll","background-type":"","background-media":"","overlay-type":"","overlay-color":"","overlay-opacity":"","overlay-gradient":""}},"_joinchat":[],"footnotes":""},"categories":[1],"tags":[],"class_list":["post-32225","post","type-post","status-publish","format-standard","has-post-thumbnail","hentry","category-sin-categoria"],"_links":{"self":[{"href":"https:\/\/mueblesdetena.es\/ru_ru\/wp-json\/wp\/v2\/posts\/32225","targetHints":{"allow":["GET"]}}],"collection":[{"href":"https:\/\/mueblesdetena.es\/ru_ru\/wp-json\/wp\/v2\/posts"}],"about":[{"href":"https:\/\/mueblesdetena.es\/ru_ru\/wp-json\/wp\/v2\/types\/post"}],"author":[{"embeddable":true,"href":"https:\/\/mueblesdetena.es\/ru_ru\/wp-json\/wp\/v2\/users\/267"}],"replies":[{"embeddable":true,"href":"https:\/\/mueblesdetena.es\/ru_ru\/wp-json\/wp\/v2\/comments?post=32225"}],"version-history":[{"count":2,"href":"https:\/\/mueblesdetena.es\/ru_ru\/wp-json\/wp\/v2\/posts\/32225\/revisions"}],"predecessor-version":[{"id":32230,"href":"https:\/\/mueblesdetena.es\/ru_ru\/wp-json\/wp\/v2\/posts\/32225\/revisions\/32230"}],"wp:featuredmedia":[{"embeddable":true,"href":"https:\/\/mueblesdetena.es\/ru_ru\/wp-json\/wp\/v2\/media\/32229"}],"wp:attachment":[{"href":"https:\/\/mueblesdetena.es\/ru_ru\/wp-json\/wp\/v2\/media?parent=32225"}],"wp:term":[{"taxonomy":"category","embeddable":true,"href":"https:\/\/mueblesdetena.es\/ru_ru\/wp-json\/wp\/v2\/categories?post=32225"},{"taxonomy":"post_tag","embeddable":true,"href":"https:\/\/mueblesdetena.es\/ru_ru\/wp-json\/wp\/v2\/tags?post=32225"}],"curies":[{"name":"wp","href":"https:\/\/api.w.org\/{rel}","templated":true}]}}