{"id":32282,"date":"2024-10-01T16:41:19","date_gmt":"2024-10-01T14:41:19","guid":{"rendered":"https:\/\/mueblesdetena.es\/?p=32282"},"modified":"2024-10-01T16:41:22","modified_gmt":"2024-10-01T14:41:22","slug":"cabecero-para-cama","status":"publish","type":"post","link":"https:\/\/mueblesdetena.es\/ru_ru\/cabecero-para-cama\/","title":{"rendered":"C\u00f3mo elegir el mejor cabecero para cama seg\u00fan tu estilo de decoraci\u00f3n"},"content":{"rendered":"<p class=\"has-medium-font-size wp-block-paragraph\">El cabecero para cama es uno de los elementos m\u00e1s importantes en el dise\u00f1o de un dormitorio, ya que no solo aporta un toque decorativo, sino que tambi\u00e9n puede influir en la comodidad y funcionalidad del espacio. Elegir el cabecero adecuado no siempre es tarea f\u00e1cil: debe complementar el estilo de la habitaci\u00f3n, ser proporcional al tama\u00f1o de la cama y, en muchos casos, ofrecer un plus de confort para actividades cotidianas como leer o ver la televisi\u00f3n. Adem\u00e1s, los cabeceros son una excelente manera de expresar tu personalidad y darle a tu dormitorio ese toque especial que lo hace \u00fanico.<\/p>\n\n\n\n<p class=\"has-medium-font-size wp-block-paragraph\">En este art\u00edculo, te ayudaremos a seleccionar el cabecero perfecto para tu cama seg\u00fan el estilo decorativo que prefieras, adem\u00e1s de ofrecerte consejos pr\u00e1cticos sobre materiales, tama\u00f1os y las \u00faltimas tendencias. As\u00ed que, tanto si buscas un cabecero minimalista y funcional como uno con un dise\u00f1o m\u00e1s llamativo, aqu\u00ed encontrar\u00e1s la inspiraci\u00f3n que necesitas para transformar tu dormitorio.<\/p>\n\n\n\n<ul class=\"wp-block-list has-medium-font-size\">\n<li>Te puede interesar: <a href=\"https:\/\/mueblesdetena.es\/ru_ru\/tipos-de-cabeceras\/\">Tipos de cabeceras y c\u00f3mo afectan el dise\u00f1o del dormitorio<\/a><\/li>\n<\/ul>\n\n\n\n<div id=\"ez-toc-container\" class=\"ez-toc-v2_0_85 counter-hierarchy ez-toc-counter ez-toc-grey ez-toc-container-direction\">\n<div class=\"ez-toc-title-container\">\n<p class=\"ez-toc-title\" style=\"cursor:inherit\">Table of Contents<\/p>\n<span class=\"ez-toc-title-toggle\"><a href=\"#\" class=\"ez-toc-pull-right ez-toc-btn ez-toc-btn-xs ez-toc-btn-default ez-toc-toggle\" aria-label=\"Toggle Table of Content\"><span class=\"ez-toc-js-icon-con\"><span class=\"\"><span class=\"eztoc-hide\" style=\"display:none;\">Toggle<\/span><span class=\"ez-toc-icon-toggle-span\"><svg style=\"fill: #999;color:#999\" xmlns=\"http:\/\/www.w3.org\/2000\/svg\" class=\"list-377408\" width=\"20px\" height=\"20px\" viewbox=\"0 0 24 24\" fill=\"none\"><path d=\"M6 6H4v2h2V6zm14 0H8v2h12V6zM4 11h2v2H4v-2zm16 0H8v2h12v-2zM4 16h2v2H4v-2zm16 0H8v2h12v-2z\" fill=\"currentColor\"><\/path><\/svg><svg style=\"fill: #999;color:#999\" class=\"arrow-unsorted-368013\" xmlns=\"http:\/\/www.w3.org\/2000\/svg\" width=\"10px\" height=\"10px\" viewbox=\"0 0 24 24\" version=\"1.2\" baseprofile=\"tiny\"><path d=\"M18.2 9.3l-6.2-6.3-6.2 6.3c-.2.2-.3.4-.3.7s.1.5.3.7c.2.2.4.3.7.3h11c.3 0 .5-.1.7-.3.2-.2.3-.5.3-.7s-.1-.5-.3-.7zM5.8 14.7l6.2 6.3 6.2-6.3c.2-.2.3-.5.3-.7s-.1-.5-.3-.7c-.2-.2-.4-.3-.7-.3h-11c-.3 0-.5.1-.7.3-.2.2-.3.5-.3.7s.1.5.3.7z\"\/><\/svg><\/span><\/span><\/span><\/a><\/span><\/div>\n<nav><ul class='ez-toc-list ez-toc-list-level-1' ><li class='ez-toc-page-1 ez-toc-heading-level-2'><a class=\"ez-toc-link ez-toc-heading-1\" href=\"https:\/\/mueblesdetena.es\/ru_ru\/cabecero-para-cama\/#Funcionalidad_y_uso_del_cabecero\" >Funcionalidad y uso del cabecero<\/a><ul class='ez-toc-list-level-3' ><li class='ez-toc-heading-level-3'><a class=\"ez-toc-link ez-toc-heading-2\" href=\"https:\/\/mueblesdetena.es\/ru_ru\/cabecero-para-cama\/#1_Comodidad_Un_respaldo_perfecto_para_tus_momentos_de_relax\" >1. Comodidad: Un respaldo perfecto para tus momentos de relax<\/a><\/li><li class='ez-toc-page-1 ez-toc-heading-level-3'><a class=\"ez-toc-link ez-toc-heading-3\" href=\"https:\/\/mueblesdetena.es\/ru_ru\/cabecero-para-cama\/#2_Almacenamiento_Espacio_adicional_para_habitaciones_pequenas\" >2. Almacenamiento: Espacio adicional para habitaciones peque\u00f1as<\/a><\/li><li class='ez-toc-page-1 ez-toc-heading-level-3'><a class=\"ez-toc-link ez-toc-heading-4\" href=\"https:\/\/mueblesdetena.es\/ru_ru\/cabecero-para-cama\/#3_Proteccion_Manten_tus_paredes_impecables\" >3. Protecci\u00f3n: Mant\u00e9n tus paredes impecables<\/a><\/li><\/ul><\/li><li class='ez-toc-page-1 ez-toc-heading-level-2'><a class=\"ez-toc-link ez-toc-heading-5\" href=\"https:\/\/mueblesdetena.es\/ru_ru\/cabecero-para-cama\/#Materiales_posibles_para_un_cabecero_para_cama_ventajas_y_desventajas\" >Materiales posibles para un cabecero para cama: ventajas y desventajas<\/a><ul class='ez-toc-list-level-3' ><li class='ez-toc-heading-level-3'><a class=\"ez-toc-link ez-toc-heading-6\" href=\"https:\/\/mueblesdetena.es\/ru_ru\/cabecero-para-cama\/#1_Cabeceros_de_madera\" >1. Cabeceros de madera<\/a><ul class='ez-toc-list-level-4' ><li class='ez-toc-heading-level-4'><a class=\"ez-toc-link ez-toc-heading-7\" href=\"https:\/\/mueblesdetena.es\/ru_ru\/cabecero-para-cama\/#Ventajas\" >Ventajas:<\/a><\/li><li class='ez-toc-page-1 ez-toc-heading-level-4'><a class=\"ez-toc-link ez-toc-heading-8\" href=\"https:\/\/mueblesdetena.es\/ru_ru\/cabecero-para-cama\/#Desventajas\" >Desventajas:<\/a><\/li><\/ul><\/li><li class='ez-toc-page-1 ez-toc-heading-level-3'><a class=\"ez-toc-link ez-toc-heading-9\" href=\"https:\/\/mueblesdetena.es\/ru_ru\/cabecero-para-cama\/#2_Cabeceros_tapizados\" >2. Cabeceros tapizados<\/a><ul class='ez-toc-list-level-4' ><li class='ez-toc-heading-level-4'><a class=\"ez-toc-link ez-toc-heading-10\" href=\"https:\/\/mueblesdetena.es\/ru_ru\/cabecero-para-cama\/#Ventajas-2\" >Ventajas:<\/a><\/li><li class='ez-toc-page-1 ez-toc-heading-level-4'><a class=\"ez-toc-link ez-toc-heading-11\" href=\"https:\/\/mueblesdetena.es\/ru_ru\/cabecero-para-cama\/#Desventajas-2\" >Desventajas:<\/a><\/li><\/ul><\/li><li class='ez-toc-page-1 ez-toc-heading-level-3'><a class=\"ez-toc-link ez-toc-heading-12\" href=\"https:\/\/mueblesdetena.es\/ru_ru\/cabecero-para-cama\/#3_Cabeceros_de_metal\" >3. Cabeceros de metal<\/a><ul class='ez-toc-list-level-4' ><li class='ez-toc-heading-level-4'><a class=\"ez-toc-link ez-toc-heading-13\" href=\"https:\/\/mueblesdetena.es\/ru_ru\/cabecero-para-cama\/#Ventajas-3\" >Ventajas:<\/a><\/li><li class='ez-toc-page-1 ez-toc-heading-level-4'><a class=\"ez-toc-link ez-toc-heading-14\" href=\"https:\/\/mueblesdetena.es\/ru_ru\/cabecero-para-cama\/#Desventajas-3\" >Desventajas:<\/a><\/li><\/ul><\/li><li class='ez-toc-page-1 ez-toc-heading-level-3'><a class=\"ez-toc-link ez-toc-heading-15\" href=\"https:\/\/mueblesdetena.es\/ru_ru\/cabecero-para-cama\/#4_Cabeceros_de_ratan_o_mimbre\" >4. Cabeceros de rat\u00e1n o mimbre<\/a><ul class='ez-toc-list-level-4' ><li class='ez-toc-heading-level-4'><a class=\"ez-toc-link ez-toc-heading-16\" href=\"https:\/\/mueblesdetena.es\/ru_ru\/cabecero-para-cama\/#Ventajas-4\" >Ventajas:<\/a><\/li><li class='ez-toc-page-1 ez-toc-heading-level-4'><a class=\"ez-toc-link ez-toc-heading-17\" href=\"https:\/\/mueblesdetena.es\/ru_ru\/cabecero-para-cama\/#Desventajas-4\" >Desventajas:<\/a><\/li><\/ul><\/li><\/ul><\/li><li class='ez-toc-page-1 ez-toc-heading-level-2'><a class=\"ez-toc-link ez-toc-heading-18\" href=\"https:\/\/mueblesdetena.es\/ru_ru\/cabecero-para-cama\/#Tamano_del_cabecero_como_elegir_el_adecuado\" >Tama\u00f1o del cabecero: c\u00f3mo elegir el adecuado<\/a><ul class='ez-toc-list-level-3' ><li class='ez-toc-heading-level-3'><a class=\"ez-toc-link ez-toc-heading-19\" href=\"https:\/\/mueblesdetena.es\/ru_ru\/cabecero-para-cama\/#1_Altura_del_cabecero_%C2%BFalto_o_bajo\" >1. Altura del cabecero: \u00bfalto o bajo?<\/a><\/li><li class='ez-toc-page-1 ez-toc-heading-level-3'><a class=\"ez-toc-link ez-toc-heading-20\" href=\"https:\/\/mueblesdetena.es\/ru_ru\/cabecero-para-cama\/#2_Ancho_del_cabecero_proporcional_a_la_cama\" >2. Ancho del cabecero: proporcional a la cama<\/a><\/li><li class='ez-toc-page-1 ez-toc-heading-level-3'><a class=\"ez-toc-link ez-toc-heading-21\" href=\"https:\/\/mueblesdetena.es\/ru_ru\/cabecero-para-cama\/#3_Proporcion_con_la_habitacion\" >3. Proporci\u00f3n con la habitaci\u00f3n<\/a><ul class='ez-toc-list-level-4' ><li class='ez-toc-heading-level-4'><a class=\"ez-toc-link ez-toc-heading-22\" href=\"https:\/\/mueblesdetena.es\/ru_ru\/cabecero-para-cama\/#4_El_grosor_del_cabecero_impacto_en_el_espacio\" >4. El grosor del cabecero: impacto en el espacio<\/a><\/li><\/ul><\/li><\/ul><\/li><li class='ez-toc-page-1 ez-toc-heading-level-2'><a class=\"ez-toc-link ez-toc-heading-23\" href=\"https:\/\/mueblesdetena.es\/ru_ru\/cabecero-para-cama\/#Colores_y_acabados_como_elegir_el_tono_perfecto\" >Colores y acabados: c\u00f3mo elegir el tono perfecto<\/a><ul class='ez-toc-list-level-3' ><li class='ez-toc-heading-level-3'><a class=\"ez-toc-link ez-toc-heading-24\" href=\"https:\/\/mueblesdetena.es\/ru_ru\/cabecero-para-cama\/#1_Colores_neutros_versatilidad_y_elegancia\" >1. Colores neutros: versatilidad y elegancia<\/a><\/li><li class='ez-toc-page-1 ez-toc-heading-level-3'><a class=\"ez-toc-link ez-toc-heading-25\" href=\"https:\/\/mueblesdetena.es\/ru_ru\/cabecero-para-cama\/#2_Colores_oscuros_sofisticacion_y_dramatismo\" >2. Colores oscuros: sofisticaci\u00f3n y dramatismo<\/a><\/li><li class='ez-toc-page-1 ez-toc-heading-level-3'><a class=\"ez-toc-link ez-toc-heading-26\" href=\"https:\/\/mueblesdetena.es\/ru_ru\/cabecero-para-cama\/#3_Colores_vibrantes_un_toque_de_personalidad\" >3. Colores vibrantes: un toque de personalidad<\/a><\/li><li class='ez-toc-page-1 ez-toc-heading-level-3'><a class=\"ez-toc-link ez-toc-heading-27\" href=\"https:\/\/mueblesdetena.es\/ru_ru\/cabecero-para-cama\/#4_Acabados_y_texturas_el_toque_final\" >4. Acabados y texturas: el toque final<\/a><\/li><\/ul><\/li><li class='ez-toc-page-1 ez-toc-heading-level-2'><a class=\"ez-toc-link ez-toc-heading-28\" href=\"https:\/\/mueblesdetena.es\/ru_ru\/cabecero-para-cama\/#Cabeceros_personalizados_una_opcion_unica\" >Cabeceros personalizados: una opci\u00f3n \u00fanica<\/a><ul class='ez-toc-list-level-3' ><li class='ez-toc-heading-level-3'><a class=\"ez-toc-link ez-toc-heading-29\" href=\"https:\/\/mueblesdetena.es\/ru_ru\/cabecero-para-cama\/#1_Hecho_a_medida_disenado_para_encajar_perfectamente\" >1. Hecho a medida: dise\u00f1ado para encajar perfectamente<\/a><\/li><li class='ez-toc-page-1 ez-toc-heading-level-3'><a class=\"ez-toc-link ez-toc-heading-30\" href=\"https:\/\/mueblesdetena.es\/ru_ru\/cabecero-para-cama\/#2_Cabeceros_DIY_creatividad_y_ahorro\" >2. Cabeceros DIY: creatividad y ahorro<\/a><\/li><li class='ez-toc-page-1 ez-toc-heading-level-3'><a class=\"ez-toc-link ez-toc-heading-31\" href=\"https:\/\/mueblesdetena.es\/ru_ru\/cabecero-para-cama\/#3_Cabeceros_modulares_flexibilidad_y_adaptabilidad\" >3. Cabeceros modulares: flexibilidad y adaptabilidad<\/a><\/li><li class='ez-toc-page-1 ez-toc-heading-level-3'><a class=\"ez-toc-link ez-toc-heading-32\" href=\"https:\/\/mueblesdetena.es\/ru_ru\/cabecero-para-cama\/#4_Anadir_detalles_personales_refleja_tu_estilo\" >4. A\u00f1adir detalles personales: refleja tu estilo<\/a><\/li><\/ul><\/li><li class='ez-toc-page-1 ez-toc-heading-level-2'><a class=\"ez-toc-link ez-toc-heading-33\" href=\"https:\/\/mueblesdetena.es\/ru_ru\/cabecero-para-cama\/#Cabeceros_practicos_para_habitaciones_pequenas\" >Cabeceros pr\u00e1cticos para habitaciones peque\u00f1as<\/a><ul class='ez-toc-list-level-3' ><li class='ez-toc-heading-level-3'><a class=\"ez-toc-link ez-toc-heading-34\" href=\"https:\/\/mueblesdetena.es\/ru_ru\/cabecero-para-cama\/#1_Cabeceros_con_almacenamiento_integrado_maximiza_el_espacio\" >1. Cabeceros con almacenamiento integrado: maximiza el espacio<\/a><\/li><li class='ez-toc-page-1 ez-toc-heading-level-3'><a class=\"ez-toc-link ez-toc-heading-35\" href=\"https:\/\/mueblesdetena.es\/ru_ru\/cabecero-para-cama\/#2_Cabeceros_flotantes_ligereza_visual_y_funcional\" >2. Cabeceros flotantes: ligereza visual y funcional<\/a><\/li><li class='ez-toc-page-1 ez-toc-heading-level-3'><a class=\"ez-toc-link ez-toc-heading-36\" href=\"https:\/\/mueblesdetena.es\/ru_ru\/cabecero-para-cama\/#3_Cabeceros_estrechos_simplicidad_que_no_ocupa_espacio\" >3. Cabeceros estrechos: simplicidad que no ocupa espacio<\/a><\/li><li class='ez-toc-page-1 ez-toc-heading-level-3'><a class=\"ez-toc-link ez-toc-heading-37\" href=\"https:\/\/mueblesdetena.es\/ru_ru\/cabecero-para-cama\/#4_Cabeceros_multifuncionales_una_solucion_todo_en_uno\" >4. Cabeceros multifuncionales: una soluci\u00f3n todo en uno<\/a><\/li><li class='ez-toc-page-1 ez-toc-heading-level-3'><a class=\"ez-toc-link ez-toc-heading-38\" href=\"https:\/\/mueblesdetena.es\/ru_ru\/cabecero-para-cama\/#5_Cabeceros_con_ganchos_o_colgadores_aprovechamiento_vertical\" >5. Cabeceros con ganchos o colgadores: aprovechamiento vertical<\/a><\/li><\/ul><\/li><li class='ez-toc-page-1 ez-toc-heading-level-2'><a class=\"ez-toc-link ez-toc-heading-39\" href=\"https:\/\/mueblesdetena.es\/ru_ru\/cabecero-para-cama\/#Estilos_de_cabeceros_para_camas_desde_lo_minimalista_hasta_lo_industrial\" >Estilos de cabeceros para camas: desde lo minimalista hasta lo industrial<\/a><ul class='ez-toc-list-level-3' ><li class='ez-toc-heading-level-3'><a class=\"ez-toc-link ez-toc-heading-40\" href=\"https:\/\/mueblesdetena.es\/ru_ru\/cabecero-para-cama\/#1_Estilo_minimalista_cabeceros_simples_y_elegantes\" >1. Estilo minimalista: cabeceros simples y elegantes<\/a><\/li><li class='ez-toc-page-1 ez-toc-heading-level-3'><a class=\"ez-toc-link ez-toc-heading-41\" href=\"https:\/\/mueblesdetena.es\/ru_ru\/cabecero-para-cama\/#2_Estilo_clasico_cabeceros_con_detalles_ornamentales\" >2. Estilo cl\u00e1sico: cabeceros con detalles ornamentales<\/a><\/li><li class='ez-toc-page-1 ez-toc-heading-level-3'><a class=\"ez-toc-link ez-toc-heading-42\" href=\"https:\/\/mueblesdetena.es\/ru_ru\/cabecero-para-cama\/#3_Estilo_rustico_cabeceros_de_madera_natural\" >3. Estilo r\u00fastico: cabeceros de madera natural<\/a><\/li><li class='ez-toc-page-1 ez-toc-heading-level-3'><a class=\"ez-toc-link ez-toc-heading-43\" href=\"https:\/\/mueblesdetena.es\/ru_ru\/cabecero-para-cama\/#4_Estilo_moderno_cabeceros_geometricos_y_atrevidos\" >4. Estilo moderno: cabeceros geom\u00e9tricos y atrevidos<\/a><\/li><li class='ez-toc-page-1 ez-toc-heading-level-3'><a class=\"ez-toc-link ez-toc-heading-44\" href=\"https:\/\/mueblesdetena.es\/ru_ru\/cabecero-para-cama\/#5_Estilo_bohemio_cabeceros_creativos_y_unicos\" >5. Estilo bohemio: cabeceros creativos y \u00fanicos<\/a><\/li><li class='ez-toc-page-1 ez-toc-heading-level-3'><a class=\"ez-toc-link ez-toc-heading-45\" href=\"https:\/\/mueblesdetena.es\/ru_ru\/cabecero-para-cama\/#6_Estilo_industrial_cabeceros_de_metal_y_acabados_crudos\" >6. Estilo industrial: cabeceros de metal y acabados crudos<\/a><\/li><li class='ez-toc-page-1 ez-toc-heading-level-3'><a class=\"ez-toc-link ez-toc-heading-46\" href=\"https:\/\/mueblesdetena.es\/ru_ru\/cabecero-para-cama\/#7_Estilo_escandinavo_cabeceros_sencillos_y_funcionales\" >7. Estilo escandinavo: cabeceros sencillos y funcionales<\/a><\/li><\/ul><\/li><\/ul><\/nav><\/div>\n<h2 class=\"wp-block-heading\"><span class=\"ez-toc-section\" id=\"Funcionalidad_y_uso_del_cabecero\"><\/span><strong>Funcionalidad y uso del cabecero<\/strong><span class=\"ez-toc-section-end\"><\/span><\/h2>\n\n\n\n<p class=\"has-medium-font-size wp-block-paragraph\">El cabecero no es solo un elemento decorativo; su funcionalidad tambi\u00e9n juega un papel clave en la comodidad y el uso diario del dormitorio. A continuaci\u00f3n, te mostramos algunos de los aspectos funcionales m\u00e1s importantes que debes considerar al elegir un cabecero.<\/p>\n\n\n\n<h3 class=\"wp-block-heading\"><span class=\"ez-toc-section\" id=\"1_Comodidad_Un_respaldo_perfecto_para_tus_momentos_de_relax\"><\/span><strong>1. Comodidad: Un respaldo perfecto para tus momentos de relax<\/strong><span class=\"ez-toc-section-end\"><\/span><\/h3>\n\n\n\n<p class=\"has-medium-font-size wp-block-paragraph\">Si eres de los que disfruta leyendo en la cama o viendo series antes de dormir, un cabecero c\u00f3modo puede marcar la diferencia. Los cabeceros tapizados, por ejemplo, ofrecen un respaldo suave y acolchado que es ideal para esos momentos de relax. Adem\u00e1s, brindan apoyo a la espalda, lo que mejora la postura y evita incomodidades a largo plazo. Los cabeceros con capiton\u00e9 o rellenos gruesos son una excelente opci\u00f3n para quienes buscan combinar estilo y confort.<\/p>\n\n\n\n<h3 class=\"wp-block-heading\"><span class=\"ez-toc-section\" id=\"2_Almacenamiento_Espacio_adicional_para_habitaciones_pequenas\"><\/span><strong>2. Almacenamiento: Espacio adicional para habitaciones peque\u00f1as<\/strong><span class=\"ez-toc-section-end\"><\/span><\/h3>\n\n\n\n<p class=\"has-medium-font-size wp-block-paragraph\">En dormitorios con espacio limitado, los cabeceros con almacenamiento integrado pueden ser una soluci\u00f3n inteligente. Existen dise\u00f1os que incorporan estanter\u00edas o compartimentos donde puedes guardar libros, l\u00e1mparas, despertadores o cualquier objeto personal que quieras tener a mano. Esta opci\u00f3n es especialmente \u00fatil para quienes buscan maximizar el espacio sin renunciar al estilo. Los cabeceros con mesillas de noche integradas tambi\u00e9n son una gran alternativa para ahorrar espacio y mantener el orden.<\/p>\n\n\n\n<h3 class=\"wp-block-heading\"><span class=\"ez-toc-section\" id=\"3_Proteccion_Manten_tus_paredes_impecables\"><\/span><strong>3. Protecci\u00f3n: Mant\u00e9n tus paredes impecables<\/strong><span class=\"ez-toc-section-end\"><\/span><\/h3>\n\n\n\n<p class=\"has-medium-font-size wp-block-paragraph\">El cabecero tambi\u00e9n cumple una funci\u00f3n protectora al evitar que la pared detr\u00e1s de la cama se desgaste o ensucie. Especialmente en habitaciones donde se pasa mucho tiempo, las paredes pueden acabar acumulando marcas o manchas por el contacto constante. Un cabecero, ya sea tapizado o de madera, act\u00faa como una barrera entre la cama y la pared, manteni\u00e9ndola limpia y en buen estado durante m\u00e1s tiempo.<\/p>\n\n\n\n<figure class=\"wp-block-image alignfull size-large\"><img fetchpriority=\"high\" decoding=\"async\" width=\"1024\" height=\"682\" src=\"https:\/\/mueblesdetena.es\/wp-content\/uploads\/2024\/06\/cabecera3-1024x682.jpg\" alt=\"\" class=\"wp-image-30714\" srcset=\"https:\/\/mueblesdetena.es\/wp-content\/uploads\/2024\/06\/cabecera3-1024x682.jpg 1024w, https:\/\/mueblesdetena.es\/wp-content\/uploads\/2024\/06\/cabecera3-300x200.jpg 300w, https:\/\/mueblesdetena.es\/wp-content\/uploads\/2024\/06\/cabecera3-768x512.jpg 768w, https:\/\/mueblesdetena.es\/wp-content\/uploads\/2024\/06\/cabecera3-600x400.jpg 600w, https:\/\/mueblesdetena.es\/wp-content\/uploads\/2024\/06\/cabecera3.jpg 1280w\" sizes=\"(max-width: 1024px) 100vw, 1024px\" \/><\/figure>\n\n\n\n<div style=\"height:100px\" aria-hidden=\"true\" class=\"wp-block-spacer\"><\/div>\n\n\n\n<h2 class=\"wp-block-heading\"><span class=\"ez-toc-section\" id=\"Materiales_posibles_para_un_cabecero_para_cama_ventajas_y_desventajas\"><\/span><strong>Materiales posibles para un cabecero para cama: ventajas y desventajas<\/strong><span class=\"ez-toc-section-end\"><\/span><\/h2>\n\n\n\n<p class=\"has-medium-font-size wp-block-paragraph\">El material del cabecero es un factor fundamental a la hora de elegir el adecuado para tu dormitorio, ya que influye no solo en su est\u00e9tica, sino tambi\u00e9n en su durabilidad, mantenimiento y comodidad. A continuaci\u00f3n, te presentamos los materiales m\u00e1s comunes en cabeceros de cama, junto con sus ventajas y desventajas para que puedas tomar una decisi\u00f3n informada.<\/p>\n\n\n\n<h3 class=\"wp-block-heading\"><span class=\"ez-toc-section\" id=\"1_Cabeceros_de_madera\"><\/span><strong>1. Cabeceros de madera<\/strong><span class=\"ez-toc-section-end\"><\/span><\/h3>\n\n\n\n<h4 class=\"wp-block-heading\"><span class=\"ez-toc-section\" id=\"Ventajas\"><\/span><strong>Ventajas:<\/strong><span class=\"ez-toc-section-end\"><\/span><\/h4>\n\n\n\n<ul class=\"wp-block-list\">\n<li class=\"has-medium-font-size\"><strong>Durabilidad:<\/strong> Los cabeceros de madera son resistentes y duraderos, lo que los convierte en una excelente inversi\u00f3n a largo plazo.<\/li>\n\n\n\n<li class=\"has-medium-font-size\"><strong>Versatilidad:<\/strong> Pueden adaptarse a una gran variedad de estilos, desde r\u00fasticos hasta modernos, dependiendo del tipo de madera y acabado.<\/li>\n\n\n\n<li class=\"has-medium-font-size\"><strong>Est\u00e9tica c\u00e1lida:<\/strong> La madera natural aporta calidez y un toque acogedor a cualquier dormitorio.<\/li>\n<\/ul>\n\n\n\n<h4 class=\"wp-block-heading\"><span class=\"ez-toc-section\" id=\"Desventajas\"><\/span><strong>Desventajas:<\/strong><span class=\"ez-toc-section-end\"><\/span><\/h4>\n\n\n\n<ul class=\"wp-block-list\">\n<li class=\"has-medium-font-size\"><strong>Mantenimiento:<\/strong> Algunos tipos de madera pueden requerir un mantenimiento regular, como pulido o barnizado, para conservar su aspecto.<\/li>\n\n\n\n<li class=\"has-medium-font-size\"><strong>Peso:<\/strong> Los cabeceros de madera suelen ser m\u00e1s pesados, lo que puede dificultar su instalaci\u00f3n.<\/li>\n<\/ul>\n\n\n\n<h3 class=\"wp-block-heading\"><span class=\"ez-toc-section\" id=\"2_Cabeceros_tapizados\"><\/span><strong>2. Cabeceros tapizados<\/strong><span class=\"ez-toc-section-end\"><\/span><\/h3>\n\n\n\n<h4 class=\"wp-block-heading\"><span class=\"ez-toc-section\" id=\"Ventajas-2\"><\/span><strong><strong>Ventajas:<\/strong><\/strong><span class=\"ez-toc-section-end\"><\/span><\/h4>\n\n\n\n<ul class=\"wp-block-list\">\n<li class=\"has-medium-font-size\"><strong>Comodidad:<\/strong> Los cabeceros tapizados ofrecen una superficie acolchada y suave, ideal para apoyarse cuando se est\u00e1 leyendo o viendo televisi\u00f3n.<\/li>\n\n\n\n<li class=\"has-medium-font-size\"><strong>Personalizaci\u00f3n:<\/strong> Est\u00e1n disponibles en una amplia variedad de telas, colores y texturas, lo que facilita encontrar uno que encaje con cualquier estilo decorativo.<\/li>\n\n\n\n<li class=\"has-medium-font-size\"><strong>Elegancia:<\/strong> Los cabeceros tapizados en terciopelo, lino o cuero pueden a\u00f1adir un toque de lujo y sofisticaci\u00f3n al dormitorio.<\/li>\n<\/ul>\n\n\n\n<h4 class=\"wp-block-heading\"><span class=\"ez-toc-section\" id=\"Desventajas-2\"><\/span><strong>Desventajas:<\/strong><span class=\"ez-toc-section-end\"><\/span><\/h4>\n\n\n\n<ul class=\"wp-block-list\">\n<li class=\"has-medium-font-size\"><strong>Mantenimiento:<\/strong> Pueden ser m\u00e1s dif\u00edciles de limpiar, especialmente si est\u00e1n hechos de telas delicadas. Los tapizados en tonos claros pueden mancharse f\u00e1cilmente.<\/li>\n\n\n\n<li class=\"has-medium-font-size\"><strong>Menor durabilidad:<\/strong> Dependiendo del tipo de tejido, algunos cabeceros tapizados pueden desgastarse con el tiempo y requerir m\u00e1s cuidados.<\/li>\n<\/ul>\n\n\n\n<h3 class=\"wp-block-heading\"><span class=\"ez-toc-section\" id=\"3_Cabeceros_de_metal\"><\/span><strong>3. Cabeceros de metal<\/strong><span class=\"ez-toc-section-end\"><\/span><\/h3>\n\n\n\n<h4 class=\"wp-block-heading\"><span class=\"ez-toc-section\" id=\"Ventajas-3\"><\/span><strong>Ventajas:<\/strong><span class=\"ez-toc-section-end\"><\/span><\/h4>\n\n\n\n<ul class=\"wp-block-list\">\n<li class=\"has-medium-font-size\"><strong>Durabilidad:<\/strong> Los cabeceros de metal, como el <a href=\"https:\/\/es.wikipedia.org\/wiki\/Hierro_forjado\" target=\"_blank\" rel=\"noreferrer noopener\">hierro forjado<\/a> o el acero, son extremadamente duraderos y resistentes al paso del tiempo.<\/li>\n\n\n\n<li class=\"has-medium-font-size\"><strong>Est\u00e9tica moderna e industrial:<\/strong> Son ideales para estilos modernos, minimalistas o industriales, gracias a sus l\u00edneas limpias y su aspecto robusto.<\/li>\n\n\n\n<li class=\"has-medium-font-size\"><strong>F\u00e1cil mantenimiento:<\/strong> El metal es f\u00e1cil de limpiar y no requiere mucho mantenimiento para conservar su apariencia original.<\/li>\n<\/ul>\n\n\n\n<h4 class=\"wp-block-heading\"><span class=\"ez-toc-section\" id=\"Desventajas-3\"><\/span><strong>Desventajas:<\/strong><span class=\"ez-toc-section-end\"><\/span><\/h4>\n\n\n\n<ul class=\"wp-block-list\">\n<li class=\"has-medium-font-size\"><strong>Frialdad visual:<\/strong> A diferencia de la madera o los tejidos, el metal puede dar una sensaci\u00f3n m\u00e1s fr\u00eda y dura, lo que no siempre es adecuado para quienes buscan una atm\u00f3sfera acogedora.<\/li>\n\n\n\n<li class=\"has-medium-font-size\"><strong>Incomodidad:<\/strong> Al no ser acolchados, los cabeceros de metal no son los m\u00e1s c\u00f3modos para apoyarse.<\/li>\n<\/ul>\n\n\n\n<h3 class=\"wp-block-heading\"><span class=\"ez-toc-section\" id=\"4_Cabeceros_de_ratan_o_mimbre\"><\/span><strong>4. Cabeceros de rat\u00e1n o mimbre<\/strong><span class=\"ez-toc-section-end\"><\/span><\/h3>\n\n\n\n<h4 class=\"wp-block-heading\"><span class=\"ez-toc-section\" id=\"Ventajas-4\"><\/span><strong>Ventajas:<\/strong><span class=\"ez-toc-section-end\"><\/span><\/h4>\n\n\n\n<ul class=\"wp-block-list\">\n<li class=\"has-medium-font-size\"><strong>Ligereza:<\/strong> Estos cabeceros son ligeros y f\u00e1ciles de mover, lo que facilita su instalaci\u00f3n y reubicaci\u00f3n.<\/li>\n\n\n\n<li class=\"has-medium-font-size\"><strong>Est\u00e9tica natural:<\/strong> El rat\u00e1n y el mimbre aportan un toque bohemio o r\u00fastico al dormitorio, y combinan muy bien con decoraciones naturales o mediterr\u00e1neas.<\/li>\n\n\n\n<li class=\"has-medium-font-size\"><strong>Eco-friendly:<\/strong> Son materiales sostenibles y ecol\u00f3gicos, perfectos para quienes buscan opciones m\u00e1s amigables con el medio ambiente.<\/li>\n<\/ul>\n\n\n\n<h4 class=\"wp-block-heading\"><span class=\"ez-toc-section\" id=\"Desventajas-4\"><\/span><strong>Desventajas:<\/strong><span class=\"ez-toc-section-end\"><\/span><\/h4>\n\n\n\n<ul class=\"wp-block-list\">\n<li class=\"has-medium-font-size\"><strong>Menor durabilidad:<\/strong> Aunque son resistentes, los cabeceros de rat\u00e1n o mimbre pueden ser m\u00e1s propensos a da\u00f1arse con el tiempo, especialmente si no se cuidan adecuadamente.<\/li>\n\n\n\n<li class=\"has-medium-font-size\"><strong>Mantenimiento:<\/strong> Requieren limpieza regular para evitar la acumulaci\u00f3n de polvo entre los tejidos y, en algunos casos, protecci\u00f3n frente a la humedad.<\/li>\n<\/ul>\n\n\n\n<figure class=\"wp-block-image alignfull size-large\"><img decoding=\"async\" width=\"1024\" height=\"635\" src=\"https:\/\/mueblesdetena.es\/wp-content\/uploads\/2024\/06\/tipos-de-cabeceras-1024x635.jpg\" alt=\"Uno de los tipos de cabeceras de madera propuestos.\" class=\"wp-image-30713\" srcset=\"https:\/\/mueblesdetena.es\/wp-content\/uploads\/2024\/06\/tipos-de-cabeceras-1024x635.jpg 1024w, https:\/\/mueblesdetena.es\/wp-content\/uploads\/2024\/06\/tipos-de-cabeceras-300x186.jpg 300w, https:\/\/mueblesdetena.es\/wp-content\/uploads\/2024\/06\/tipos-de-cabeceras-768x476.jpg 768w, https:\/\/mueblesdetena.es\/wp-content\/uploads\/2024\/06\/tipos-de-cabeceras-600x372.jpg 600w, https:\/\/mueblesdetena.es\/wp-content\/uploads\/2024\/06\/tipos-de-cabeceras.jpg 1280w\" sizes=\"(max-width: 1024px) 100vw, 1024px\" \/><\/figure>\n\n\n\n<div style=\"height:100px\" aria-hidden=\"true\" class=\"wp-block-spacer\"><\/div>\n\n\n\n<h2 class=\"wp-block-heading\"><span class=\"ez-toc-section\" id=\"Tamano_del_cabecero_como_elegir_el_adecuado\"><\/span><strong>Tama\u00f1o del cabecero: c\u00f3mo elegir el adecuado<\/strong><span class=\"ez-toc-section-end\"><\/span><\/h2>\n\n\n\n<p class=\"has-medium-font-size wp-block-paragraph\">El tama\u00f1o del cabecero es un aspecto crucial que no solo afecta la est\u00e9tica de tu dormitorio, sino tambi\u00e9n su funcionalidad. Un cabecero demasiado grande o peque\u00f1o puede desequilibrar el dise\u00f1o del espacio, por lo que es importante seleccionar uno que est\u00e9 en armon\u00eda con la cama y las dimensiones de la habitaci\u00f3n. A continuaci\u00f3n, te explicamos c\u00f3mo elegir el tama\u00f1o ideal.<\/p>\n\n\n\n<h3 class=\"wp-block-heading\"><span class=\"ez-toc-section\" id=\"1_Altura_del_cabecero_%C2%BFalto_o_bajo\"><\/span><strong>1. Altura del cabecero: \u00bfalto o bajo?<\/strong><span class=\"ez-toc-section-end\"><\/span><\/h3>\n\n\n\n<p class=\"has-medium-font-size wp-block-paragraph\">La altura del cabecero depende de dos factores principales: el tama\u00f1o del techo y el efecto visual que desees crear en el dormitorio.<\/p>\n\n\n\n<ul class=\"wp-block-list\">\n<li class=\"has-medium-font-size\"><strong>Cabeceros altos:<\/strong> Son perfectos para habitaciones con techos altos, ya que llenan el espacio vertical y aportan un toque de elegancia y dramatismo. Los cabeceros altos tambi\u00e9n son una excelente opci\u00f3n si buscas un punto focal en la habitaci\u00f3n o si tienes una cama king size.<\/li>\n\n\n\n<li class=\"has-medium-font-size\"><strong>Cabeceros bajos:<\/strong> Si tu dormitorio tiene techos bajos o prefieres una est\u00e9tica m\u00e1s discreta y minimalista, un cabecero bajo puede ser la opci\u00f3n ideal. Este tipo de cabecero evita sobrecargar visualmente el espacio y es m\u00e1s f\u00e1cil de combinar con otros elementos decorativos, como cuadros o estanter\u00edas.<\/li>\n<\/ul>\n\n\n\n<h3 class=\"wp-block-heading\"><span class=\"ez-toc-section\" id=\"2_Ancho_del_cabecero_proporcional_a_la_cama\"><\/span><strong>2. Ancho del cabecero: proporcional a la cama<\/strong><span class=\"ez-toc-section-end\"><\/span><\/h3>\n\n\n\n<p class=\"has-medium-font-size wp-block-paragraph\">El ancho del cabecero debe estar en equilibrio con el tama\u00f1o de la cama y la pared donde se sit\u00fae. Existen tres opciones principales:<\/p>\n\n\n\n<ul class=\"wp-block-list\">\n<li class=\"has-medium-font-size\"><strong>Cabecero del mismo ancho que la cama:<\/strong> Esta es la opci\u00f3n m\u00e1s com\u00fan y garantiza que el cabecero se vea equilibrado con el tama\u00f1o de la cama. Es ideal si quieres una apariencia simple y ordenada.<\/li>\n\n\n\n<li class=\"has-medium-font-size\"><strong>Cabecero m\u00e1s ancho que la cama:<\/strong> Un cabecero que sobresale m\u00e1s all\u00e1 del ancho de la cama puede crear un efecto visual impactante. Esta opci\u00f3n es ideal para quienes buscan un dise\u00f1o m\u00e1s audaz y moderno, adem\u00e1s de ayudar a dar la ilusi\u00f3n de una cama m\u00e1s grande.<\/li>\n\n\n\n<li class=\"has-medium-font-size\"><strong>Cabecero m\u00e1s estrecho que la cama:<\/strong> Esta opci\u00f3n es menos habitual, pero puede funcionar en habitaciones peque\u00f1as donde quieres maximizar el espacio. Si eliges un cabecero m\u00e1s estrecho, aseg\u00farate de que no se pierda visualmente en el dise\u00f1o general de la habitaci\u00f3n.<\/li>\n<\/ul>\n\n\n\n<h3 class=\"wp-block-heading\"><span class=\"ez-toc-section\" id=\"3_Proporcion_con_la_habitacion\"><\/span><strong>3. Proporci\u00f3n con la habitaci\u00f3n<\/strong><span class=\"ez-toc-section-end\"><\/span><\/h3>\n\n\n\n<p class=\"has-medium-font-size wp-block-paragraph\">El tama\u00f1o del cabecero no solo debe estar en armon\u00eda con la cama, sino tambi\u00e9n con las dimensiones del dormitorio. Algunos consejos a tener en cuenta:<\/p>\n\n\n\n<ul class=\"wp-block-list\">\n<li class=\"has-medium-font-size\"><strong>Habitaciones grandes:<\/strong> Si tu dormitorio es amplio, puedes optar por un cabecero grande y alto, que llene el espacio y act\u00fae como un elemento decorativo principal. Un cabecero demasiado peque\u00f1o podr\u00eda perderse en la habitaci\u00f3n, afectando el equilibrio visual.<\/li>\n\n\n\n<li class=\"has-medium-font-size\"><strong>Habitaciones peque\u00f1as:<\/strong> En dormitorios peque\u00f1os, es mejor optar por cabeceros m\u00e1s bajos y estrechos para evitar que la cama domine todo el espacio. Adem\u00e1s, considera cabeceros con funciones adicionales, como almacenamiento, para aprovechar al m\u00e1ximo el espacio disponible.<\/li>\n<\/ul>\n\n\n\n<h4 class=\"wp-block-heading\"><span class=\"ez-toc-section\" id=\"4_El_grosor_del_cabecero_impacto_en_el_espacio\"><\/span><strong>4. El grosor del cabecero: impacto en el espacio<\/strong><span class=\"ez-toc-section-end\"><\/span><\/h4>\n\n\n\n<p class=\"has-medium-font-size wp-block-paragraph\">El grosor del cabecero es otro factor a tener en cuenta. Los cabeceros m\u00e1s gruesos, especialmente los tapizados o con estanter\u00edas incorporadas, pueden ocupar m\u00e1s espacio f\u00edsico y visual en la habitaci\u00f3n. Esto puede ser una ventaja si buscas una presencia imponente, pero en dormitorios peque\u00f1os o muy ajustados, un cabecero m\u00e1s delgado puede ser m\u00e1s pr\u00e1ctico y evitar que el espacio se sienta sobrecargado.<\/p>\n\n\n\n<figure class=\"wp-block-image alignfull size-large\"><img decoding=\"async\" width=\"1024\" height=\"681\" src=\"https:\/\/mueblesdetena.es\/wp-content\/uploads\/2024\/10\/cabecero-cama-1024x681.jpg\" alt=\"\" class=\"wp-image-32285\" srcset=\"https:\/\/mueblesdetena.es\/wp-content\/uploads\/2024\/10\/cabecero-cama-1024x681.jpg 1024w, https:\/\/mueblesdetena.es\/wp-content\/uploads\/2024\/10\/cabecero-cama-300x199.jpg 300w, https:\/\/mueblesdetena.es\/wp-content\/uploads\/2024\/10\/cabecero-cama-768x511.jpg 768w, https:\/\/mueblesdetena.es\/wp-content\/uploads\/2024\/10\/cabecero-cama-600x399.jpg 600w, https:\/\/mueblesdetena.es\/wp-content\/uploads\/2024\/10\/cabecero-cama.jpg 1280w\" sizes=\"(max-width: 1024px) 100vw, 1024px\" \/><\/figure>\n\n\n\n<div style=\"height:100px\" aria-hidden=\"true\" class=\"wp-block-spacer\"><\/div>\n\n\n\n<h2 class=\"wp-block-heading\"><span class=\"ez-toc-section\" id=\"Colores_y_acabados_como_elegir_el_tono_perfecto\"><\/span><strong>Colores y acabados: c\u00f3mo elegir el tono perfecto<\/strong><span class=\"ez-toc-section-end\"><\/span><\/h2>\n\n\n\n<p class=\"has-medium-font-size wp-block-paragraph\">El color y el acabado de un cabecero pueden transformar completamente la atm\u00f3sfera de tu dormitorio. Estos elementos no solo a\u00f1aden car\u00e1cter a la cama, sino que tambi\u00e9n tienen un impacto significativo en el ambiente general de la habitaci\u00f3n. Elegir el tono adecuado depende tanto de tu estilo decorativo como de la sensaci\u00f3n que quieras transmitir en tu espacio de descanso. A continuaci\u00f3n, te damos algunas pautas clave para acertar en la elecci\u00f3n del color y acabado de tu cabecero.<\/p>\n\n\n\n<h3 class=\"wp-block-heading\"><span class=\"ez-toc-section\" id=\"1_Colores_neutros_versatilidad_y_elegancia\"><\/span><strong>1. Colores neutros: versatilidad y elegancia<\/strong><span class=\"ez-toc-section-end\"><\/span><\/h3>\n\n\n\n<p class=\"has-medium-font-size wp-block-paragraph\">Los cabeceros en tonos neutros, como el blanco, gris, beige o crema, son una apuesta segura si buscas un dise\u00f1o atemporal que combine con cualquier esquema decorativo. Estos colores tienen varias ventajas:<\/p>\n\n\n\n<ul class=\"wp-block-list\">\n<li class=\"has-medium-font-size\"><strong>Facilidad de combinaci\u00f3n:<\/strong> Los tonos neutros son extremadamente vers\u00e1tiles y se adaptan a cualquier estilo, ya sea moderno, cl\u00e1sico o minimalista. Funcionan como un lienzo en blanco, permitiendo cambiar otros elementos decorativos sin necesidad de cambiar el cabecero.<\/li>\n\n\n\n<li class=\"has-medium-font-size\"><strong>Sensaci\u00f3n de calma:<\/strong> Los colores suaves y neutros transmiten tranquilidad y serenidad, ideales para crear un ambiente relajante en el dormitorio.<\/li>\n<\/ul>\n\n\n\n<p class=\"has-medium-font-size wp-block-paragraph\">Sin embargo, debes tener en cuenta que los tonos muy claros pueden mancharse con facilidad, especialmente si eliges un cabecero tapizado.<\/p>\n\n\n\n<h3 class=\"wp-block-heading\"><span class=\"ez-toc-section\" id=\"2_Colores_oscuros_sofisticacion_y_dramatismo\"><\/span><strong>2. Colores oscuros: sofisticaci\u00f3n y dramatismo<\/strong><span class=\"ez-toc-section-end\"><\/span><\/h3>\n\n\n\n<p class=\"has-medium-font-size wp-block-paragraph\">Si buscas un cabecero que haga una declaraci\u00f3n audaz y sofisticada, los colores oscuros son una excelente opci\u00f3n. Tonos como el azul marino, gris antracita, marr\u00f3n oscuro o negro a\u00f1aden un toque de elegancia y dramatismo al dormitorio. Sus ventajas incluyen:<\/p>\n\n\n\n<ul class=\"wp-block-list\">\n<li class=\"has-medium-font-size\"><strong>Impacto visual:<\/strong> Un cabecero en un tono oscuro se convierte en el punto focal de la habitaci\u00f3n, captando la atenci\u00f3n y a\u00f1adiendo profundidad al espacio.<\/li>\n\n\n\n<li class=\"has-medium-font-size\"><strong>Sensaci\u00f3n acogedora:<\/strong> Los colores oscuros crean una atm\u00f3sfera m\u00e1s \u00edntima y acogedora, perfecta para dormitorios grandes o bien iluminados.<\/li>\n<\/ul>\n\n\n\n<p class=\"has-medium-font-size wp-block-paragraph\">Sin embargo, es importante equilibrar los colores oscuros con otros elementos decorativos m\u00e1s claros para evitar que la habitaci\u00f3n se vea demasiado cargada o peque\u00f1a.<\/p>\n\n\n\n<h3 class=\"wp-block-heading\"><span class=\"ez-toc-section\" id=\"3_Colores_vibrantes_un_toque_de_personalidad\"><\/span><strong>3. Colores vibrantes: un toque de personalidad<\/strong><span class=\"ez-toc-section-end\"><\/span><\/h3>\n\n\n\n<p class=\"has-medium-font-size wp-block-paragraph\">Para los m\u00e1s atrevidos, un cabecero en un color vibrante puede ser la pieza clave para expresar tu personalidad y dinamizar la decoraci\u00f3n del dormitorio. Colores como el verde esmeralda, mostaza, terracota o rosa pueden dar vida al espacio. Ventajas de elegir tonos vibrantes:<\/p>\n\n\n\n<ul class=\"wp-block-list\">\n<li class=\"has-medium-font-size\"><strong>Originalidad:<\/strong> Un cabecero en un color vivo a\u00f1ade un toque \u00fanico y personal al dormitorio, haci\u00e9ndolo destacar entre las opciones m\u00e1s tradicionales.<\/li>\n\n\n\n<li class=\"has-medium-font-size\"><strong>Energ\u00eda positiva:<\/strong> Los colores vivos tienden a aportar alegr\u00eda y energ\u00eda al ambiente, lo que puede ser ideal si deseas una habitaci\u00f3n llena de vida.<\/li>\n<\/ul>\n\n\n\n<p class=\"has-medium-font-size wp-block-paragraph\">Ten en cuenta que los cabeceros en tonos brillantes deben combinarse cuidadosamente con otros elementos del dormitorio para evitar que el espacio se vea demasiado saturado o ca\u00f3tico.<\/p>\n\n\n\n<h3 class=\"wp-block-heading\"><span class=\"ez-toc-section\" id=\"4_Acabados_y_texturas_el_toque_final\"><\/span><strong>4. Acabados y texturas: el toque final<\/strong><span class=\"ez-toc-section-end\"><\/span><\/h3>\n\n\n\n<p class=\"has-medium-font-size wp-block-paragraph\">Adem\u00e1s del color, el acabado del cabecero puede marcar la diferencia en la est\u00e9tica y sensaci\u00f3n de la habitaci\u00f3n. A continuaci\u00f3n, algunos de los acabados m\u00e1s populares:<\/p>\n\n\n\n<ul class=\"wp-block-list\">\n<li class=\"has-medium-font-size\"><strong>Mate:<\/strong> Un cabecero mate ofrece un acabado discreto y sofisticado, ideal para estilos modernos o minimalistas. Es menos propenso a mostrar huellas o manchas.<\/li>\n\n\n\n<li class=\"has-medium-font-size\"><strong>Brillante:<\/strong> Si buscas un cabecero que refleje la luz y a\u00f1ada un toque glamuroso, los acabados brillantes, como los lacados, pueden ser la opci\u00f3n perfecta. Sin embargo, estos acabados requieren m\u00e1s mantenimiento para evitar que se vean las huellas o rayaduras.<\/li>\n\n\n\n<li class=\"has-medium-font-size\"><strong>Texturas:<\/strong> Los cabeceros tapizados con texturas, como el capiton\u00e9 o los tejidos en relieve, aportan un aire lujoso y confortable al dormitorio. Las texturas pueden agregar dimensi\u00f3n y hacer que el cabecero sea m\u00e1s interesante visualmente, adem\u00e1s de incrementar la sensaci\u00f3n de calidez.<\/li>\n<\/ul>\n\n\n\n<figure class=\"wp-block-image alignfull size-full\"><img loading=\"lazy\" decoding=\"async\" width=\"1024\" height=\"1024\" src=\"https:\/\/mueblesdetena.es\/wp-content\/uploads\/2024\/10\/cabecero-colores.jpg\" alt=\"\" class=\"wp-image-32286\" srcset=\"https:\/\/mueblesdetena.es\/wp-content\/uploads\/2024\/10\/cabecero-colores.jpg 1024w, https:\/\/mueblesdetena.es\/wp-content\/uploads\/2024\/10\/cabecero-colores-300x300.jpg 300w, https:\/\/mueblesdetena.es\/wp-content\/uploads\/2024\/10\/cabecero-colores-150x150.jpg 150w, https:\/\/mueblesdetena.es\/wp-content\/uploads\/2024\/10\/cabecero-colores-768x768.jpg 768w, https:\/\/mueblesdetena.es\/wp-content\/uploads\/2024\/10\/cabecero-colores-600x600.jpg 600w, https:\/\/mueblesdetena.es\/wp-content\/uploads\/2024\/10\/cabecero-colores-100x100.jpg 100w\" sizes=\"(max-width: 1024px) 100vw, 1024px\" \/><\/figure>\n\n\n\n<div style=\"height:100px\" aria-hidden=\"true\" class=\"wp-block-spacer\"><\/div>\n\n\n\n<h2 class=\"wp-block-heading\"><span class=\"ez-toc-section\" id=\"Cabeceros_personalizados_una_opcion_unica\"><\/span><strong>Cabeceros personalizados: una opci\u00f3n \u00fanica<\/strong><span class=\"ez-toc-section-end\"><\/span><\/h2>\n\n\n\n<p class=\"has-medium-font-size wp-block-paragraph\">Si buscas que tu dormitorio refleje al m\u00e1ximo tu personalidad y estilo, un cabecero personalizado puede ser la opci\u00f3n perfecta. Los cabeceros hechos a medida o personalizados ofrecen una oportunidad \u00fanica para crear una pieza completamente adaptada a tus gustos y necesidades. A continuaci\u00f3n, te mostramos algunas formas de hacer de tu cabecero una pieza verdaderamente \u00fanica.<\/p>\n\n\n\n<h3 class=\"wp-block-heading\"><span class=\"ez-toc-section\" id=\"1_Hecho_a_medida_disenado_para_encajar_perfectamente\"><\/span><strong>1. Hecho a medida: dise\u00f1ado para encajar perfectamente<\/strong><span class=\"ez-toc-section-end\"><\/span><\/h3>\n\n\n\n<p class=\"has-medium-font-size wp-block-paragraph\">Optar por un cabecero hecho a medida significa que puedes ajustar cada aspecto de su dise\u00f1o a tus preferencias: desde el tama\u00f1o, la forma, los materiales y los colores hasta los detalles m\u00e1s peque\u00f1os. Las ventajas de un cabecero personalizado son claras:<\/p>\n\n\n\n<ul class=\"wp-block-list\">\n<li class=\"has-medium-font-size\"><strong>Encaje perfecto:<\/strong> Asegura que el cabecero se ajuste exactamente a las dimensiones de tu cama y tu habitaci\u00f3n. Esto es especialmente \u00fatil si tienes un espacio poco convencional o si quieres un cabecero que cubra una pared completa.<\/li>\n\n\n\n<li class=\"has-medium-font-size\"><strong>Estilo exclusivo:<\/strong> Un cabecero a medida te permite elegir los materiales y acabados que m\u00e1s te gusten, desde maderas nobles hasta tejidos lujosos, garantizando que la pieza sea \u00fanica en su tipo.<\/li>\n\n\n\n<li class=\"has-medium-font-size\"><strong>Personalizaci\u00f3n total:<\/strong> Puedes a\u00f1adir detalles \u00fanicos, como costuras especiales, bordados, patrones geom\u00e9tricos, o incluso integrar iluminaci\u00f3n LED o enchufes para mayor funcionalidad.<\/li>\n<\/ul>\n\n\n\n<h3 class=\"wp-block-heading\"><span class=\"ez-toc-section\" id=\"2_Cabeceros_DIY_creatividad_y_ahorro\"><\/span><strong>2. Cabeceros DIY: creatividad y ahorro<\/strong><span class=\"ez-toc-section-end\"><\/span><\/h3>\n\n\n\n<p class=\"has-medium-font-size wp-block-paragraph\">Si tienes habilidades manuales o te apasionan los proyectos creativos, un cabecero DIY (hazlo t\u00fa mismo) es una excelente opci\u00f3n para personalizar tu dormitorio sin gastar demasiado. Existen muchas ideas y materiales con los que puedes trabajar para crear un cabecero \u00fanico:<\/p>\n\n\n\n<ul class=\"wp-block-list\">\n<li class=\"has-medium-font-size\"><strong>Madera reciclada:<\/strong> Reutilizar viejas tablas de madera, puertas o ventanas antiguas para crear un cabecero r\u00fastico y con car\u00e1cter propio. Puedes lijar y pintar las piezas para darles un toque m\u00e1s moderno o mantener su apariencia envejecida para un look vintage.<\/li>\n\n\n\n<li class=\"has-medium-font-size\"><strong>Tapices y textiles:<\/strong> Utiliza un tapiz o una pieza de tela decorativa para colgar detr\u00e1s de la cama, simulando un cabecero. Esto no solo a\u00f1ade un toque bohemio y relajado, sino que tambi\u00e9n es f\u00e1cil de cambiar cuando te apetezca renovar el estilo de la habitaci\u00f3n.<\/li>\n\n\n\n<li class=\"has-medium-font-size\"><strong>Paneles de madera o corcho:<\/strong> Instalar paneles modulares de madera o corcho en la pared para crear un cabecero de dise\u00f1o original. Estos materiales tambi\u00e9n pueden servir como superficie para colocar fotos, notas o decoraci\u00f3n adicional.<\/li>\n<\/ul>\n\n\n\n<h3 class=\"wp-block-heading\"><span class=\"ez-toc-section\" id=\"3_Cabeceros_modulares_flexibilidad_y_adaptabilidad\"><\/span><strong>3. Cabeceros modulares: flexibilidad y adaptabilidad<\/strong><span class=\"ez-toc-section-end\"><\/span><\/h3>\n\n\n\n<p class=\"has-medium-font-size wp-block-paragraph\">Los cabeceros modulares son una opci\u00f3n vers\u00e1til y moderna que te permite personalizar la configuraci\u00f3n del cabecero seg\u00fan tus necesidades y el espacio disponible. Puedes a\u00f1adir o quitar m\u00f3dulos f\u00e1cilmente, adaptando el cabecero a cambios en el dise\u00f1o de la habitaci\u00f3n o incluso al tama\u00f1o de la cama.<\/p>\n\n\n\n<ul class=\"wp-block-list\">\n<li class=\"has-medium-font-size\"><strong>Dise\u00f1o adaptable:<\/strong> Estos cabeceros ofrecen la posibilidad de a\u00f1adir estanter\u00edas, compartimentos o mesillas de noche integradas. Adem\u00e1s, suelen permitir combinar diferentes materiales, como madera, tela o metal, para crear un dise\u00f1o \u00fanico y funcional.<\/li>\n\n\n\n<li class=\"has-medium-font-size\"><strong>F\u00e1cil actualizaci\u00f3n:<\/strong> Con un cabecero modular, puedes cambiar su aspecto f\u00e1cilmente a\u00f1adiendo nuevos m\u00f3dulos o cambiando los existentes sin necesidad de sustituir toda la pieza, lo que lo convierte en una opci\u00f3n sostenible y econ\u00f3mica a largo plazo.<\/li>\n<\/ul>\n\n\n\n<h3 class=\"wp-block-heading\"><span class=\"ez-toc-section\" id=\"4_Anadir_detalles_personales_refleja_tu_estilo\"><\/span><strong>4. A\u00f1adir detalles personales: refleja tu estilo<\/strong><span class=\"ez-toc-section-end\"><\/span><\/h3>\n\n\n\n<p class=\"has-medium-font-size wp-block-paragraph\">Otra forma de personalizar tu cabecero es a\u00f1adir detalles \u00fanicos que reflejen tu estilo o aficiones personales. Esto puede ser desde peque\u00f1as decoraciones hasta elementos funcionales que lo hagan m\u00e1s pr\u00e1ctico:<\/p>\n\n\n\n<ul class=\"wp-block-list\">\n<li class=\"has-medium-font-size\"><strong>Iluminaci\u00f3n integrada:<\/strong> Incorpora luces LED detr\u00e1s del cabecero o en los laterales para crear una atm\u00f3sfera relajante y moderna. La iluminaci\u00f3n suave tambi\u00e9n puede funcionar como luz de lectura sin necesidad de instalar l\u00e1mparas adicionales.<\/li>\n\n\n\n<li class=\"has-medium-font-size\"><strong>Estanter\u00edas o nichos personalizados:<\/strong> Integra estanter\u00edas para colocar libros, plantas o elementos decorativos que personalicen a\u00fan m\u00e1s el espacio.<\/li>\n\n\n\n<li class=\"has-medium-font-size\"><strong>Fotograf\u00edas o arte:<\/strong> Un cabecero personalizado puede incluir una estructura que te permita cambiar fotograf\u00edas o piezas de arte con regularidad, a\u00f1adiendo un toque personal y cambiando el ambiente del dormitorio cuando lo desees.<\/li>\n<\/ul>\n\n\n\n<figure class=\"wp-block-image alignfull size-full\"><img loading=\"lazy\" decoding=\"async\" width=\"1024\" height=\"1024\" src=\"https:\/\/mueblesdetena.es\/wp-content\/uploads\/2024\/10\/cabecero-psio.jpg\" alt=\"\" class=\"wp-image-32287\" srcset=\"https:\/\/mueblesdetena.es\/wp-content\/uploads\/2024\/10\/cabecero-psio.jpg 1024w, https:\/\/mueblesdetena.es\/wp-content\/uploads\/2024\/10\/cabecero-psio-300x300.jpg 300w, https:\/\/mueblesdetena.es\/wp-content\/uploads\/2024\/10\/cabecero-psio-150x150.jpg 150w, https:\/\/mueblesdetena.es\/wp-content\/uploads\/2024\/10\/cabecero-psio-768x768.jpg 768w, https:\/\/mueblesdetena.es\/wp-content\/uploads\/2024\/10\/cabecero-psio-600x600.jpg 600w, https:\/\/mueblesdetena.es\/wp-content\/uploads\/2024\/10\/cabecero-psio-100x100.jpg 100w\" sizes=\"(max-width: 1024px) 100vw, 1024px\" \/><\/figure>\n\n\n\n<div style=\"height:100px\" aria-hidden=\"true\" class=\"wp-block-spacer\"><\/div>\n\n\n\n<h2 class=\"wp-block-heading\"><span class=\"ez-toc-section\" id=\"Cabeceros_practicos_para_habitaciones_pequenas\"><\/span><strong>Cabeceros pr\u00e1cticos para habitaciones peque\u00f1as<\/strong><span class=\"ez-toc-section-end\"><\/span><\/h2>\n\n\n\n<p class=\"has-medium-font-size wp-block-paragraph\">En habitaciones peque\u00f1as, aprovechar el espacio al m\u00e1ximo es esencial, y elegir un cabecero que sea tanto est\u00e9tico como funcional puede marcar la diferencia. Un cabecero no solo debe adaptarse al tama\u00f1o reducido del dormitorio, sino tambi\u00e9n ofrecer soluciones pr\u00e1cticas que optimicen el espacio disponible. A continuaci\u00f3n, te mostramos algunas ideas de cabeceros que son perfectos para espacios peque\u00f1os, combinando estilo y funcionalidad.<\/p>\n\n\n\n<h3 class=\"wp-block-heading\"><span class=\"ez-toc-section\" id=\"1_Cabeceros_con_almacenamiento_integrado_maximiza_el_espacio\"><\/span><strong>1. Cabeceros con almacenamiento integrado: maximiza el espacio<\/strong><span class=\"ez-toc-section-end\"><\/span><\/h3>\n\n\n\n<p class=\"has-medium-font-size wp-block-paragraph\">Cuando cada cent\u00edmetro cuenta, los cabeceros con almacenamiento integrado son una opci\u00f3n ideal. Estos cabeceros ofrecen espacio extra para guardar libros, ropa de cama o cualquier otro objeto que desees tener al alcance de la mano, sin necesidad de ocupar m\u00e1s metros cuadrados con muebles adicionales.<\/p>\n\n\n\n<ul class=\"wp-block-list\">\n<li class=\"has-medium-font-size\"><strong>Estanter\u00edas incorporadas:<\/strong> Algunos cabeceros incluyen estanter\u00edas abiertas en los laterales o sobre la parte superior del cabecero, lo que te permite aprovechar el espacio para almacenar libros, objetos decorativos o incluso l\u00e1mparas.<\/li>\n\n\n\n<li class=\"has-medium-font-size\"><strong>Compartimentos ocultos:<\/strong> Otra opci\u00f3n son los cabeceros con cajones o compartimentos ocultos, que te permiten almacenar cosas sin que est\u00e9n a la vista, manteniendo el dormitorio ordenado y despejado.<\/li>\n<\/ul>\n\n\n\n<h3 class=\"wp-block-heading\"><span class=\"ez-toc-section\" id=\"2_Cabeceros_flotantes_ligereza_visual_y_funcional\"><\/span><strong>2. Cabeceros flotantes: ligereza visual y funcional<\/strong><span class=\"ez-toc-section-end\"><\/span><\/h3>\n\n\n\n<p class=\"has-medium-font-size wp-block-paragraph\">Los cabeceros flotantes son una excelente opci\u00f3n para habitaciones peque\u00f1as, ya que no tocan el suelo y dan una sensaci\u00f3n de mayor amplitud al dejar el espacio inferior libre. Al estar fijados directamente a la pared, generan una est\u00e9tica m\u00e1s limpia y ligera, ideal para estilos minimalistas o modernos.<\/p>\n\n\n\n<ul class=\"wp-block-list\">\n<li class=\"has-medium-font-size\"><strong>Ahorro de espacio visual:<\/strong> Al no tener una estructura voluminosa que llegue hasta el suelo, estos cabeceros no sobrecargan el espacio, lo que es fundamental en dormitorios reducidos.<\/li>\n\n\n\n<li class=\"has-medium-font-size\"><strong>Combinaci\u00f3n con muebles flotantes:<\/strong> Si lo deseas, puedes combinar el cabecero flotante con mesillas de noche tambi\u00e9n flotantes, lo que mantendr\u00e1 el suelo despejado y facilitar\u00e1 la limpieza.<\/li>\n<\/ul>\n\n\n\n<h3 class=\"wp-block-heading\"><span class=\"ez-toc-section\" id=\"3_Cabeceros_estrechos_simplicidad_que_no_ocupa_espacio\"><\/span><strong>3. Cabeceros estrechos: simplicidad que no ocupa espacio<\/strong><span class=\"ez-toc-section-end\"><\/span><\/h3>\n\n\n\n<p class=\"has-medium-font-size wp-block-paragraph\">En habitaciones peque\u00f1as, un cabecero voluminoso puede empeque\u00f1ecer a\u00fan m\u00e1s el espacio. Optar por un cabecero delgado y estrecho puede ser la soluci\u00f3n perfecta, ya que ofrece estilo sin ocupar demasiado espacio f\u00edsico.<\/p>\n\n\n\n<ul class=\"wp-block-list\">\n<li class=\"has-medium-font-size\"><strong>Dise\u00f1o compacto:<\/strong> Los cabeceros estrechos suelen estar fabricados en madera o metal con l\u00edneas simples, lo que los hace ideales para habitaciones que buscan un look minimalista pero funcional.<\/li>\n\n\n\n<li class=\"has-medium-font-size\"><strong>Aprovechamiento de la altura:<\/strong> Aunque el cabecero sea estrecho en profundidad, puedes optar por un dise\u00f1o que sea alto, lo que dar\u00e1 un efecto visual interesante sin ocupar espacio horizontal.<\/li>\n<\/ul>\n\n\n\n<h3 class=\"wp-block-heading\"><span class=\"ez-toc-section\" id=\"4_Cabeceros_multifuncionales_una_solucion_todo_en_uno\"><\/span><strong>4. Cabeceros multifuncionales: una soluci\u00f3n todo en uno<\/strong><span class=\"ez-toc-section-end\"><\/span><\/h3>\n\n\n\n<p class=\"has-medium-font-size wp-block-paragraph\">Si el espacio es realmente limitado, un cabecero multifuncional puede cumplir varias tareas a la vez. Estos cabeceros est\u00e1n dise\u00f1ados para combinar funciones, como incluir una mesilla de noche integrada o incluso una zona de trabajo plegable.<\/p>\n\n\n\n<ul class=\"wp-block-list\">\n<li class=\"has-medium-font-size\"><strong>Mesillas de noche integradas:<\/strong> Algunos cabeceros tienen peque\u00f1os estantes o superficies laterales que sustituyen a las mesillas de noche tradicionales, lo que te permite liberar espacio en el suelo y evitar muebles adicionales.<\/li>\n\n\n\n<li class=\"has-medium-font-size\"><strong>Zona de trabajo plegable:<\/strong> En habitaciones extremadamente peque\u00f1as, puedes optar por un cabecero que incluya una mesa plegable, ideal para aquellos que necesitan una peque\u00f1a \u00e1rea de estudio o trabajo en casa sin renunciar al espacio.<\/li>\n<\/ul>\n\n\n\n<h3 class=\"wp-block-heading\"><span class=\"ez-toc-section\" id=\"5_Cabeceros_con_ganchos_o_colgadores_aprovechamiento_vertical\"><\/span><strong>5. Cabeceros con ganchos o colgadores: aprovechamiento vertical<\/strong><span class=\"ez-toc-section-end\"><\/span><\/h3>\n\n\n\n<p class=\"has-medium-font-size wp-block-paragraph\">Si necesitas m\u00e1s espacio para organizar tus pertenencias, un cabecero con ganchos o colgadores integrados puede ser una soluci\u00f3n pr\u00e1ctica. Este tipo de cabecero no solo funciona como respaldo para la cama, sino que tambi\u00e9n te permite colgar bolsas, ropa o accesorios, maximizando el uso del espacio vertical.<\/p>\n\n\n\n<ul class=\"wp-block-list\">\n<li class=\"has-medium-font-size\"><strong>Almacenamiento vertical:<\/strong> Los ganchos o colgadores incorporados en el cabecero pueden ser utilizados para colgar objetos peque\u00f1os, como bufandas, sombreros o bolsos, evitando la necesidad de muebles adicionales.<\/li>\n\n\n\n<li class=\"has-medium-font-size\"><strong>Est\u00e9tica moderna:<\/strong> Adem\u00e1s de su funcionalidad, este tipo de cabecero puede a\u00f1adir un toque moderno e industrial al dormitorio, jugando con el concepto de organizaci\u00f3n visible.<\/li>\n<\/ul>\n\n\n\n<figure class=\"wp-block-image alignfull size-large\"><img loading=\"lazy\" decoding=\"async\" width=\"1024\" height=\"575\" src=\"https:\/\/mueblesdetena.es\/wp-content\/uploads\/2024\/10\/cabecero-de-cama-1024x575.jpg\" alt=\"\" class=\"wp-image-32288\" srcset=\"https:\/\/mueblesdetena.es\/wp-content\/uploads\/2024\/10\/cabecero-de-cama-1024x575.jpg 1024w, https:\/\/mueblesdetena.es\/wp-content\/uploads\/2024\/10\/cabecero-de-cama-300x168.jpg 300w, https:\/\/mueblesdetena.es\/wp-content\/uploads\/2024\/10\/cabecero-de-cama-768x431.jpg 768w, https:\/\/mueblesdetena.es\/wp-content\/uploads\/2024\/10\/cabecero-de-cama-600x337.jpg 600w, https:\/\/mueblesdetena.es\/wp-content\/uploads\/2024\/10\/cabecero-de-cama.jpg 1368w\" sizes=\"(max-width: 1024px) 100vw, 1024px\" \/><\/figure>\n\n\n\n<div style=\"height:100px\" aria-hidden=\"true\" class=\"wp-block-spacer\"><\/div>\n\n\n\n<h2 class=\"wp-block-heading\"><span class=\"ez-toc-section\" id=\"Estilos_de_cabeceros_para_camas_desde_lo_minimalista_hasta_lo_industrial\"><\/span><strong>Estilos de cabeceros para camas: desde lo minimalista hasta lo industrial<\/strong><span class=\"ez-toc-section-end\"><\/span><\/h2>\n\n\n\n<p class=\"has-medium-font-size wp-block-paragraph\">El cabecero es un elemento clave en la decoraci\u00f3n de un dormitorio, y su estilo puede marcar una gran diferencia en la atm\u00f3sfera general del espacio. Dependiendo del estilo decorativo que prefieras, hay una amplia gama de opciones que pueden adaptarse a tus gustos, desde cabeceros simples y elegantes hasta dise\u00f1os m\u00e1s atrevidos o naturales. A continuaci\u00f3n, exploramos algunos de los estilos m\u00e1s populares de cabeceros para que encuentres el que mejor se adapte a tu habitaci\u00f3n.<\/p>\n\n\n\n<h3 class=\"wp-block-heading\"><span class=\"ez-toc-section\" id=\"1_Estilo_minimalista_cabeceros_simples_y_elegantes\"><\/span><strong>1. Estilo minimalista: cabeceros simples y elegantes<\/strong><span class=\"ez-toc-section-end\"><\/span><\/h3>\n\n\n\n<p class=\"has-medium-font-size wp-block-paragraph\">Si te atrae el <a href=\"https:\/\/mueblesdetena.es\/ru_ru\/decoracion-minimalista\/\">estilo minimalista<\/a>, un cabecero de l\u00edneas limpias y sin adornos es la mejor opci\u00f3n. Estos cabeceros suelen estar hechos de materiales como la madera o el tejido en tonos neutros como blanco, gris o beige. La clave del estilo minimalista es la simplicidad, por lo que un cabecero bajo y sin detalles adicionales contribuye a crear un ambiente tranquilo y despejado.<\/p>\n\n\n\n<h3 class=\"wp-block-heading\"><span class=\"ez-toc-section\" id=\"2_Estilo_clasico_cabeceros_con_detalles_ornamentales\"><\/span><strong>2. Estilo cl\u00e1sico: cabeceros con detalles ornamentales<\/strong><span class=\"ez-toc-section-end\"><\/span><\/h3>\n\n\n\n<p class=\"has-medium-font-size wp-block-paragraph\">El estilo cl\u00e1sico se caracteriza por la elegancia y el uso de detalles ornamentales que aportan sofisticaci\u00f3n al dormitorio. Los cabeceros en este estilo suelen estar tallados en madera con acabados refinados o tapizados en telas de lujo, como el terciopelo, con detalles como el capiton\u00e9. Colores como el blanco roto, dorado o tonos oscuros le dan un toque majestuoso al espacio.<\/p>\n\n\n\n<h3 class=\"wp-block-heading\"><span class=\"ez-toc-section\" id=\"3_Estilo_rustico_cabeceros_de_madera_natural\"><\/span><strong>3. Estilo r\u00fastico: cabeceros de madera natural<\/strong><span class=\"ez-toc-section-end\"><\/span><\/h3>\n\n\n\n<p class=\"has-medium-font-size wp-block-paragraph\">Para un ambiente c\u00e1lido y acogedor, el estilo r\u00fastico es ideal. Los cabeceros de este estilo est\u00e1n hechos de madera natural, a menudo reciclada o con acabados envejecidos que resaltan su car\u00e1cter. Los tonos tierra y las vetas visibles de la madera aportan una sensaci\u00f3n de conexi\u00f3n con la naturaleza. Estos cabeceros funcionan muy bien en habitaciones de estilo campestre o r\u00fastico-chic.<\/p>\n\n\n\n<h3 class=\"wp-block-heading\"><span class=\"ez-toc-section\" id=\"4_Estilo_moderno_cabeceros_geometricos_y_atrevidos\"><\/span><strong>4. Estilo moderno: cabeceros geom\u00e9tricos y atrevidos<\/strong><span class=\"ez-toc-section-end\"><\/span><\/h3>\n\n\n\n<p class=\"has-medium-font-size wp-block-paragraph\">Si prefieres un enfoque m\u00e1s contempor\u00e1neo, los cabeceros modernos se destacan por sus l\u00edneas geom\u00e9tricas y atrevidas. Estos dise\u00f1os suelen combinar materiales como el metal y la madera en formas simples pero impactantes. Los cabeceros modernos a menudo utilizan colores contrastantes o acabados met\u00e1licos, que crean un punto focal audaz en el dormitorio, perfecto para aquellos que buscan un estilo vanguardista.<\/p>\n\n\n\n<h3 class=\"wp-block-heading\"><span class=\"ez-toc-section\" id=\"5_Estilo_bohemio_cabeceros_creativos_y_unicos\"><\/span><strong>5. Estilo bohemio: cabeceros creativos y \u00fanicos<\/strong><span class=\"ez-toc-section-end\"><\/span><\/h3>\n\n\n\n<p class=\"has-medium-font-size wp-block-paragraph\">El estilo bohemio es para los esp\u00edritus libres y creativos que disfrutan de mezclar colores, texturas y patrones. Los cabeceros en este estilo pueden estar hechos de materiales naturales como el rat\u00e1n o mimbre, o incluso utilizarse tapices coloridos y telas \u00e9tnicas. El cabecero bohemio es una declaraci\u00f3n de estilo, \u00fanico y lleno de personalidad, que a\u00f1ade un toque relajado y ex\u00f3tico a cualquier dormitorio.<\/p>\n\n\n\n<h3 class=\"wp-block-heading\"><span class=\"ez-toc-section\" id=\"6_Estilo_industrial_cabeceros_de_metal_y_acabados_crudos\"><\/span><strong>6. Estilo industrial: cabeceros de metal y acabados crudos<\/strong><span class=\"ez-toc-section-end\"><\/span><\/h3>\n\n\n\n<p class=\"has-medium-font-size wp-block-paragraph\">El estilo industrial se inspira en las f\u00e1bricas y almacenes, con una est\u00e9tica robusta y funcional. Los cabeceros de metal, ya sean de hierro forjado o acero, son t\u00edpicos de este estilo. Suelen tener acabados desgastados o crudos, como si estuvieran inacabados, lo que refuerza la sensaci\u00f3n de autenticidad. Los colores oscuros y los materiales expuestos hacen que los cabeceros industriales sean perfectos para quienes buscan un look urbano y contempor\u00e1neo.<\/p>\n\n\n\n<h3 class=\"wp-block-heading\"><span class=\"ez-toc-section\" id=\"7_Estilo_escandinavo_cabeceros_sencillos_y_funcionales\"><\/span><strong>7. Estilo escandinavo: cabeceros sencillos y funcionales<\/strong><span class=\"ez-toc-section-end\"><\/span><\/h3>\n\n\n\n<p class=\"has-medium-font-size wp-block-paragraph\">El estilo escandinavo se centra en la funcionalidad y la calidez, con un enfoque en los materiales naturales y los colores claros. Los cabeceros de este estilo suelen ser de madera clara o tapizados en tonos suaves como blanco, gris o beige. La sencillez y el minimalismo son clave, pero sin perder de vista la comodidad y la funcionalidad. Los cabeceros escandinavos aportan luminosidad y una sensaci\u00f3n acogedora al dormitorio, creando espacios tranquilos y organizados.<\/p>\n\n\n\n<figure class=\"wp-block-image alignfull size-large\"><img loading=\"lazy\" decoding=\"async\" width=\"1024\" height=\"768\" src=\"https:\/\/mueblesdetena.es\/wp-content\/uploads\/2024\/10\/cabecero-vintage-1024x768.jpg\" alt=\"\" class=\"wp-image-32284\" srcset=\"https:\/\/mueblesdetena.es\/wp-content\/uploads\/2024\/10\/cabecero-vintage-1024x768.jpg 1024w, https:\/\/mueblesdetena.es\/wp-content\/uploads\/2024\/10\/cabecero-vintage-300x225.jpg 300w, https:\/\/mueblesdetena.es\/wp-content\/uploads\/2024\/10\/cabecero-vintage-768x576.jpg 768w, https:\/\/mueblesdetena.es\/wp-content\/uploads\/2024\/10\/cabecero-vintage-600x450.jpg 600w, https:\/\/mueblesdetena.es\/wp-content\/uploads\/2024\/10\/cabecero-vintage.jpg 1280w\" sizes=\"(max-width: 1024px) 100vw, 1024px\" \/><\/figure>\n\n\n\n<div style=\"height:100px\" aria-hidden=\"true\" class=\"wp-block-spacer\"><\/div>\n\n\n\n<p class=\"has-medium-font-size wp-block-paragraph\">El cabecero es mucho m\u00e1s que un simple complemento de la cama: es un elemento que puede transformar por completo la est\u00e9tica y funcionalidad de tu dormitorio. Desde los estilos minimalistas y elegantes, hasta opciones m\u00e1s atrevidas como el bohemio o el industrial, cada tipo de cabecero aporta una personalidad \u00fanica al espacio. Ya sea que busques algo sencillo y funcional, o una pieza decorativa que se convierta en el centro de atenci\u00f3n, hay una amplia variedad de opciones que se adaptan a cualquier estilo de decoraci\u00f3n.<\/p>\n\n\n\n<p class=\"has-medium-font-size wp-block-paragraph\">Recuerda que, adem\u00e1s del dise\u00f1o, aspectos como el tama\u00f1o, los materiales y la funcionalidad son clave a la hora de elegir el cabecero perfecto. Un cabecero bien elegido no solo embellece tu dormitorio, sino que tambi\u00e9n puede ofrecer soluciones pr\u00e1cticas, como almacenamiento o comodidad adicional. Al final, lo m\u00e1s importante es que el cabecero refleje tu estilo personal y mejore el ambiente de descanso en tu hogar.<\/p>\n\n\n\n<p class=\"has-medium-font-size wp-block-paragraph\">Explora las opciones que ofrecemos en<a href=\"https:\/\/mueblesdetena.es\/ru_ru\/\"> <strong>mueblesdetena.es<\/strong><\/a> y encuentra el cabecero ideal que har\u00e1 de tu dormitorio un espacio \u00fanico y acogedor.<\/p>","protected":false},"excerpt":{"rendered":"<p>El cabecero para cama es uno de los elementos m\u00e1s importantes en el dise\u00f1o de un dormitorio, ya que no solo aporta un toque decorativo, sino que tambi\u00e9n puede influir en la comodidad y funcionalidad del espacio. Elegir el cabecero adecuado no siempre es tarea f\u00e1cil: debe complementar el estilo de la habitaci\u00f3n, ser proporcional [&hellip;]<\/p>\n","protected":false},"author":267,"featured_media":30715,"comment_status":"open","ping_status":"open","sticky":false,"template":"","format":"standard","meta":{"site-sidebar-layout":"default","site-content-layout":"","ast-site-content-layout":"default","site-content-style":"default","site-sidebar-style":"default","ast-global-header-display":"","ast-banner-title-visibility":"","ast-main-header-display":"","ast-hfb-above-header-display":"","ast-hfb-below-header-display":"","ast-hfb-mobile-header-display":"","site-post-title":"","ast-breadcrumbs-content":"","ast-featured-img":"","footer-sml-layout":"","ast-disable-related-posts":"","theme-transparent-header-meta":"","adv-header-id-meta":"","stick-header-meta":"","header-above-stick-meta":"","header-main-stick-meta":"","header-below-stick-meta":"","astra-migrate-meta-layouts":"set","ast-page-background-enabled":"default","ast-page-background-meta":{"desktop":{"background-color":"var(--ast-global-color-4)","background-image":"","background-repeat":"repeat","background-position":"center center","background-size":"auto","background-attachment":"scroll","background-type":"","background-media":"","overlay-type":"","overlay-color":"","overlay-opacity":"","overlay-gradient":""},"tablet":{"background-color":"","background-image":"","background-repeat":"repeat","background-position":"center center","background-size":"auto","background-attachment":"scroll","background-type":"","background-media":"","overlay-type":"","overlay-color":"","overlay-opacity":"","overlay-gradient":""},"mobile":{"background-color":"","background-image":"","background-repeat":"repeat","background-position":"center center","background-size":"auto","background-attachment":"scroll","background-type":"","background-media":"","overlay-type":"","overlay-color":"","overlay-opacity":"","overlay-gradient":""}},"ast-content-background-meta":{"desktop":{"background-color":"var(--ast-global-color-5)","background-image":"","background-repeat":"repeat","background-position":"center center","background-size":"auto","background-attachment":"scroll","background-type":"","background-media":"","overlay-type":"","overlay-color":"","overlay-opacity":"","overlay-gradient":""},"tablet":{"background-color":"var(--ast-global-color-5)","background-image":"","background-repeat":"repeat","background-position":"center center","background-size":"auto","background-attachment":"scroll","background-type":"","background-media":"","overlay-type":"","overlay-color":"","overlay-opacity":"","overlay-gradient":""},"mobile":{"background-color":"var(--ast-global-color-5)","background-image":"","background-repeat":"repeat","background-position":"center center","background-size":"auto","background-attachment":"scroll","background-type":"","background-media":"","overlay-type":"","overlay-color":"","overlay-opacity":"","overlay-gradient":""}},"_joinchat":[],"footnotes":""},"categories":[1],"tags":[],"class_list":["post-32282","post","type-post","status-publish","format-standard","has-post-thumbnail","hentry","category-sin-categoria"],"_links":{"self":[{"href":"https:\/\/mueblesdetena.es\/ru_ru\/wp-json\/wp\/v2\/posts\/32282","targetHints":{"allow":["GET"]}}],"collection":[{"href":"https:\/\/mueblesdetena.es\/ru_ru\/wp-json\/wp\/v2\/posts"}],"about":[{"href":"https:\/\/mueblesdetena.es\/ru_ru\/wp-json\/wp\/v2\/types\/post"}],"author":[{"embeddable":true,"href":"https:\/\/mueblesdetena.es\/ru_ru\/wp-json\/wp\/v2\/users\/267"}],"replies":[{"embeddable":true,"href":"https:\/\/mueblesdetena.es\/ru_ru\/wp-json\/wp\/v2\/comments?post=32282"}],"version-history":[{"count":3,"href":"https:\/\/mueblesdetena.es\/ru_ru\/wp-json\/wp\/v2\/posts\/32282\/revisions"}],"predecessor-version":[{"id":32290,"href":"https:\/\/mueblesdetena.es\/ru_ru\/wp-json\/wp\/v2\/posts\/32282\/revisions\/32290"}],"wp:featuredmedia":[{"embeddable":true,"href":"https:\/\/mueblesdetena.es\/ru_ru\/wp-json\/wp\/v2\/media\/30715"}],"wp:attachment":[{"href":"https:\/\/mueblesdetena.es\/ru_ru\/wp-json\/wp\/v2\/media?parent=32282"}],"wp:term":[{"taxonomy":"category","embeddable":true,"href":"https:\/\/mueblesdetena.es\/ru_ru\/wp-json\/wp\/v2\/categories?post=32282"},{"taxonomy":"post_tag","embeddable":true,"href":"https:\/\/mueblesdetena.es\/ru_ru\/wp-json\/wp\/v2\/tags?post=32282"}],"curies":[{"name":"wp","href":"https:\/\/api.w.org\/{rel}","templated":true}]}}