{"id":32461,"date":"2024-10-22T09:00:00","date_gmt":"2024-10-22T07:00:00","guid":{"rendered":"https:\/\/mueblesdetena.es\/?p=32461"},"modified":"2024-10-22T10:05:15","modified_gmt":"2024-10-22T08:05:15","slug":"maximalismo-muebles","status":"publish","type":"post","link":"https:\/\/mueblesdetena.es\/ru_ru\/maximalismo-muebles\/","title":{"rendered":"Maximalismo aplicado en 5 muebles esenciales tu hogar"},"content":{"rendered":"<p class=\"has-medium-font-size wp-block-paragraph\">El estilo <a href=\"https:\/\/es.wikipedia.org\/wiki\/Maximalismo_(arte)\" target=\"_blank\" rel=\"noreferrer noopener\">maximalista<\/a> ha tomado fuerza en el dise\u00f1o de interiores, destacando por su capacidad para <strong>mezclar colores, patrones y texturas sin limitaciones<\/strong>. Este enfoque <strong>celebra la abundancia y la creatividad<\/strong>, permiti\u00e9ndote personalizar tu hogar con piezas \u00fanicas que reflejan tu personalidad. Si buscas un ambiente vibrante y lleno de car\u00e1cter, el maximalismo es tu estilo ideal.<\/p>\n\n\n\n<p class=\"has-medium-font-size wp-block-paragraph\">Para lograr este tipo de decoraci\u00f3n, los muebles juegan un papel fundamental. En este art\u00edculo, te presentamos <strong>cinco muebles clave que no pueden faltar en un hogar maximalista<\/strong>. Desde sof\u00e1s imponentes hasta estanter\u00edas llenas de historias, te ayudaremos a transformar tu espacio en un verdadero reflejo de esta tendencia.<\/p>\n\n\n\n<p class=\"has-medium-font-size wp-block-paragraph\"><strong>Te puede interesar:<\/strong> <a href=\"https:\/\/mueblesdetena.es\/ru_ru\/combinar-muebles-de-distintos-estilos\/\" target=\"_blank\" rel=\"noreferrer noopener\">C\u00f3mo combinar muebles de distintos estilos en un solo espacio<\/a><\/p>\n\n\n\n<div style=\"height:50px\" aria-hidden=\"true\" class=\"wp-block-spacer\"><\/div>\n\n\n\n<div id=\"ez-toc-container\" class=\"ez-toc-v2_0_85 ez-toc-wrap-center counter-hierarchy ez-toc-counter ez-toc-grey ez-toc-container-direction\">\n<div class=\"ez-toc-title-container\">\n<p class=\"ez-toc-title\" style=\"cursor:inherit\">Tabla de contenidos<\/p>\n<span class=\"ez-toc-title-toggle\"><a href=\"#\" class=\"ez-toc-pull-right ez-toc-btn ez-toc-btn-xs ez-toc-btn-default ez-toc-toggle\" aria-label=\"Toggle Table of Content\"><span class=\"ez-toc-js-icon-con\"><span class=\"\"><span class=\"eztoc-hide\" style=\"display:none;\">Toggle<\/span><span class=\"ez-toc-icon-toggle-span\"><svg style=\"fill: #999;color:#999\" xmlns=\"http:\/\/www.w3.org\/2000\/svg\" class=\"list-377408\" width=\"20px\" height=\"20px\" viewbox=\"0 0 24 24\" fill=\"none\"><path d=\"M6 6H4v2h2V6zm14 0H8v2h12V6zM4 11h2v2H4v-2zm16 0H8v2h12v-2zM4 16h2v2H4v-2zm16 0H8v2h12v-2z\" fill=\"currentColor\"><\/path><\/svg><svg style=\"fill: #999;color:#999\" class=\"arrow-unsorted-368013\" xmlns=\"http:\/\/www.w3.org\/2000\/svg\" width=\"10px\" height=\"10px\" viewbox=\"0 0 24 24\" version=\"1.2\" baseprofile=\"tiny\"><path d=\"M18.2 9.3l-6.2-6.3-6.2 6.3c-.2.2-.3.4-.3.7s.1.5.3.7c.2.2.4.3.7.3h11c.3 0 .5-.1.7-.3.2-.2.3-.5.3-.7s-.1-.5-.3-.7zM5.8 14.7l6.2 6.3 6.2-6.3c.2-.2.3-.5.3-.7s-.1-.5-.3-.7c-.2-.2-.4-.3-.7-.3h-11c-.3 0-.5.1-.7.3-.2.2-.3.5-.3.7s.1.5.3.7z\"\/><\/svg><\/span><\/span><\/span><\/a><\/span><\/div>\n<nav><ul class='ez-toc-list ez-toc-list-level-1' ><li class='ez-toc-page-1 ez-toc-heading-level-2'><a class=\"ez-toc-link ez-toc-heading-1\" href=\"https:\/\/mueblesdetena.es\/ru_ru\/maximalismo-muebles\/#Un_sofa_impactante_La_pieza_central_de_tu_salon\" >Un sof\u00e1 impactante: La pieza central de tu sal\u00f3n<\/a><\/li><li class='ez-toc-page-1 ez-toc-heading-level-2'><a class=\"ez-toc-link ez-toc-heading-2\" href=\"https:\/\/mueblesdetena.es\/ru_ru\/maximalismo-muebles\/#Una_mesa_de_centro_audaz\" >Una mesa de centro audaz<\/a><\/li><li class='ez-toc-page-1 ez-toc-heading-level-2'><a class=\"ez-toc-link ez-toc-heading-3\" href=\"https:\/\/mueblesdetena.es\/ru_ru\/maximalismo-muebles\/#Sillas_de_Diseno_con_Personalidad\" >Sillas de Dise\u00f1o con Personalidad<\/a><\/li><li class='ez-toc-page-1 ez-toc-heading-level-2'><a class=\"ez-toc-link ez-toc-heading-4\" href=\"https:\/\/mueblesdetena.es\/ru_ru\/maximalismo-muebles\/#Estanterias_que_cuentan_historias\" >Estanter\u00edas que cuentan historias<\/a><\/li><li class='ez-toc-page-1 ez-toc-heading-level-2'><a class=\"ez-toc-link ez-toc-heading-5\" href=\"https:\/\/mueblesdetena.es\/ru_ru\/maximalismo-muebles\/#Una_cama_con_un_cabecero_llamativo\" >Una cama con un cabecero llamativo<\/a><\/li><\/ul><\/nav><\/div>\n<h2 class=\"wp-block-heading\"><span class=\"ez-toc-section\" id=\"Un_sofa_impactante_La_pieza_central_de_tu_salon\"><\/span>Un sof\u00e1 impactante: La pieza central de tu sal\u00f3n<span class=\"ez-toc-section-end\"><\/span><\/h2>\n\n\n\n<p class=\"has-medium-font-size wp-block-paragraph\">En el estilo maximalista, el <strong><a href=\"https:\/\/mueblesdetena.es\/ru_ru\/sofas\/\" target=\"_blank\" rel=\"noreferrer noopener\">sof\u00e1<\/a><\/strong> es mucho m\u00e1s que un simple mueble funcional. Se convierte en el centro visual de la estancia, atrayendo todas las miradas. Para lograr un verdadero impacto, elige un sof\u00e1 <strong>grande y llamativo, con tapicer\u00edas en colores intensos o patrones atrevidos<\/strong>. El objetivo es que destaque como el protagonista del espacio.<\/p>\n\n\n\n<p class=\"has-medium-font-size wp-block-paragraph\">Optar por tejidos ricos como el terciopelo o la pana a\u00f1ade una dimensi\u00f3n de lujo al sof\u00e1, mientras que los <strong>estampados florales o geom\u00e9tricos<\/strong> permiten explorar la creatividad del maximalismo. No tengas miedo de combinar colores que contrasten entre s\u00ed, ya que en este estilo la clave es la abundancia y la diversidad visual.<\/p>\n\n\n\n<p class=\"has-medium-font-size wp-block-paragraph\">La forma tambi\u00e9n juega un papel importante. Un sof\u00e1 de dise\u00f1o <strong>con curvas pronunciadas o detalles \u00fanicos<\/strong>, como botones acolchados o brazos decorativos, puede transformar el ambiente por completo. Este tipo de muebles no solo ofrecen comodidad, sino tambi\u00e9n una declaraci\u00f3n audaz de estilo y personalidad.<\/p>\n\n\n\n<p class=\"has-medium-font-size wp-block-paragraph\">Para equilibrar el impacto del sof\u00e1 en un sal\u00f3n maximalista, complementa la pieza con <strong>cojines y mantas de diferentes texturas y colores<\/strong>. Los accesorios deben ser tan vibrantes como el sof\u00e1, a\u00f1adiendo capas de inter\u00e9s visual que refuercen el enfoque maximalista sin sacrificar la comodidad del espacio.<\/p>\n\n\n\n<p class=\"has-medium-font-size wp-block-paragraph\">Finalmente, recuerda que el sof\u00e1 es la base sobre la cual se construye todo el dise\u00f1o maximalista del sal\u00f3n. Al elegir una pieza atrevida y de calidad, establecer\u00e1s el tono para el resto de los muebles y decoraciones, asegurando un resultado final impresionante y acogedor.<\/p>\n\n\n\n<div style=\"height:50px\" aria-hidden=\"true\" class=\"wp-block-spacer\"><\/div>\n\n\n\n<figure class=\"wp-block-image alignfull size-full\"><img fetchpriority=\"high\" decoding=\"async\" width=\"2560\" height=\"1438\" src=\"https:\/\/mueblesdetena.es\/wp-content\/uploads\/2024\/10\/Maximalismo-Sofa-scaled.jpg\" alt=\"muebles maximalismo\" class=\"wp-image-32464\" srcset=\"https:\/\/mueblesdetena.es\/wp-content\/uploads\/2024\/10\/Maximalismo-Sofa-scaled.jpg 2560w, https:\/\/mueblesdetena.es\/wp-content\/uploads\/2024\/10\/Maximalismo-Sofa-300x169.jpg 300w, https:\/\/mueblesdetena.es\/wp-content\/uploads\/2024\/10\/Maximalismo-Sofa-1024x575.jpg 1024w, https:\/\/mueblesdetena.es\/wp-content\/uploads\/2024\/10\/Maximalismo-Sofa-768x431.jpg 768w, https:\/\/mueblesdetena.es\/wp-content\/uploads\/2024\/10\/Maximalismo-Sofa-1536x863.jpg 1536w, https:\/\/mueblesdetena.es\/wp-content\/uploads\/2024\/10\/Maximalismo-Sofa-2048x1151.jpg 2048w, https:\/\/mueblesdetena.es\/wp-content\/uploads\/2024\/10\/Maximalismo-Sofa-600x337.jpg 600w\" sizes=\"(max-width: 2560px) 100vw, 2560px\" \/><\/figure>\n\n\n\n<div style=\"height:53px\" aria-hidden=\"true\" class=\"wp-block-spacer\"><\/div>\n\n\n\n<h2 class=\"wp-block-heading\"><span class=\"ez-toc-section\" id=\"Una_mesa_de_centro_audaz\"><\/span>Una mesa de centro audaz<span class=\"ez-toc-section-end\"><\/span><\/h2>\n\n\n\n<p class=\"has-medium-font-size wp-block-paragraph\">Una <strong><a href=\"https:\/\/mueblesdetena.es\/ru_ru\/mesas\/\" target=\"_blank\" rel=\"noreferrer noopener\">mesa<\/a><\/strong> de centro maximalista no solo es funcional, sino que tambi\u00e9n se convierte en una pieza clave para captar la atenci\u00f3n en cualquier sal\u00f3n. Optar por una mesa <strong>con un dise\u00f1o innovador, materiales de lujo como m\u00e1rmol o metales, o formas geom\u00e9tricas llamativas<\/strong>, puede elevar instant\u00e1neamente la est\u00e9tica de tu espacio.<\/p>\n\n\n\n<p class=\"has-medium-font-size wp-block-paragraph\">El maximalismo se trata de destacar, y una mesa de centro audaz debe reflejar precisamente eso. Busca mesas con acabados \u00fanicos, como <strong>superficies brillantes o detalles artesanales<\/strong>. Los materiales no convencionales como el vidrio tintado o los metales con texturas pueden darle un toque exc\u00e9ntrico y lujoso a tu sala de estar.<\/p>\n\n\n\n<p class=\"has-medium-font-size wp-block-paragraph\">Adem\u00e1s, el tama\u00f1o de la mesa de centro es clave en este estilo. En el maximalismo, no tienes que preocuparte por que los muebles pasen desapercibidos. <strong>Una mesa grande que sirva como el centro de atenci\u00f3n es ideal<\/strong>. No temas elegir algo que sea un poco m\u00e1s grande de lo convencional.<\/p>\n\n\n\n<p class=\"has-medium-font-size wp-block-paragraph\">Las formas geom\u00e9tricas tambi\u00e9n son esenciales en este tipo de mesas. Opta por <strong>mesas redondas, hexagonales o con bases asim\u00e9tricas<\/strong>. Estas formas inusuales aportan dinamismo al espacio, haciendo que incluso los ambientes m\u00e1s simples adquieran un toque de sofisticaci\u00f3n y car\u00e1cter visual.<\/p>\n\n\n\n<p class=\"has-medium-font-size wp-block-paragraph\">Por \u00faltimo, el color es otro elemento crucial. Mesas de centro en <strong>tonos met\u00e1licos, negros profundos o con detalles en dorado o cobre<\/strong> son opciones que resaltan en un entorno maximalista. Estas combinaciones no solo agregan contraste, sino que tambi\u00e9n permiten una mayor versatilidad en la decoraci\u00f3n del entorno.<\/p>\n\n\n\n<div style=\"height:50px\" aria-hidden=\"true\" class=\"wp-block-spacer\"><\/div>\n\n\n\n<figure class=\"wp-block-image alignfull size-full\"><img decoding=\"async\" width=\"2560\" height=\"1438\" src=\"https:\/\/mueblesdetena.es\/wp-content\/uploads\/2024\/10\/Maximalismo-Mesa-scaled.jpg\" alt=\"muebles maximalismo\" class=\"wp-image-32465\" srcset=\"https:\/\/mueblesdetena.es\/wp-content\/uploads\/2024\/10\/Maximalismo-Mesa-scaled.jpg 2560w, https:\/\/mueblesdetena.es\/wp-content\/uploads\/2024\/10\/Maximalismo-Mesa-300x169.jpg 300w, https:\/\/mueblesdetena.es\/wp-content\/uploads\/2024\/10\/Maximalismo-Mesa-1024x575.jpg 1024w, https:\/\/mueblesdetena.es\/wp-content\/uploads\/2024\/10\/Maximalismo-Mesa-768x431.jpg 768w, https:\/\/mueblesdetena.es\/wp-content\/uploads\/2024\/10\/Maximalismo-Mesa-1536x863.jpg 1536w, https:\/\/mueblesdetena.es\/wp-content\/uploads\/2024\/10\/Maximalismo-Mesa-2048x1151.jpg 2048w, https:\/\/mueblesdetena.es\/wp-content\/uploads\/2024\/10\/Maximalismo-Mesa-600x337.jpg 600w\" sizes=\"(max-width: 2560px) 100vw, 2560px\" \/><\/figure>\n\n\n\n<div style=\"height:53px\" aria-hidden=\"true\" class=\"wp-block-spacer\"><\/div>\n\n\n\n<h2 class=\"wp-block-heading\"><span class=\"ez-toc-section\" id=\"Sillas_de_Diseno_con_Personalidad\"><\/span>Sillas de Dise\u00f1o con Personalidad<span class=\"ez-toc-section-end\"><\/span><\/h2>\n\n\n\n<p class=\"has-medium-font-size wp-block-paragraph\">El estilo maximalista permite jugar con diferentes estilos y colores de muebles, y las <strong><a href=\"https:\/\/mueblesdetena.es\/ru_ru\/sillas\/\" target=\"_blank\" rel=\"noreferrer noopener\">sillas<\/a><\/strong> no son la excepci\u00f3n. En este enfoque de dise\u00f1o, las sillas se convierten en piezas protagonistas que a\u00f1aden personalidad y car\u00e1cter a cualquier espacio. Lo interesante del maximalismo es que <strong>no necesitas que todas las sillas combinen entre s\u00ed, lo inesperado es clave<\/strong>.<\/p>\n\n\n\n<p class=\"has-medium-font-size wp-block-paragraph\">Puedes optar por sillas <strong>tapizadas en patrones vibrantes como flores o estampados abstractos<\/strong>. Estas piezas no solo aportan comodidad, sino que tambi\u00e9n se convierten en un elemento visual atractivo dentro del ambiente. <strong>Combina diferentes estilos de sillas<\/strong> alrededor de una mesa de comedor para lograr un contraste din\u00e1mico y original.<\/p>\n\n\n\n<p class=\"has-medium-font-size wp-block-paragraph\">En cuanto a materiales, las sillas de dise\u00f1o maximalista pueden incluir una <strong>mezcla ecl\u00e9ctica de madera, metal y tejidos<\/strong>. La diversidad de materiales ayuda a romper con la monoton\u00eda de un solo estilo y permite que cada silla cuente su propia historia dentro del conjunto decorativo. Atr\u00e9vete a combinar <strong>texturas como cuero, terciopelo y mimbre<\/strong>.<\/p>\n\n\n\n<p class=\"has-medium-font-size wp-block-paragraph\">Adem\u00e1s, las sillas no tienen que limitarse a los colores neutros. El maximalismo abraza los <strong>tonos vibrantes y saturados<\/strong>. Puedes elegir sillas en colores como el azul, verde esmeralda, o incluso un llamativo rojo. Esto no solo realza la energ\u00eda de la habitaci\u00f3n, sino que convierte a las sillas en verdaderas obras de arte.<\/p>\n\n\n\n<div style=\"height:50px\" aria-hidden=\"true\" class=\"wp-block-spacer\"><\/div>\n\n\n\n<figure class=\"wp-block-image alignfull size-full\"><img decoding=\"async\" width=\"2560\" height=\"1438\" src=\"https:\/\/mueblesdetena.es\/wp-content\/uploads\/2024\/10\/Maximalismo-Sillas-scaled.jpg\" alt=\"muebles maximalismo\" class=\"wp-image-32469\" srcset=\"https:\/\/mueblesdetena.es\/wp-content\/uploads\/2024\/10\/Maximalismo-Sillas-scaled.jpg 2560w, https:\/\/mueblesdetena.es\/wp-content\/uploads\/2024\/10\/Maximalismo-Sillas-300x169.jpg 300w, https:\/\/mueblesdetena.es\/wp-content\/uploads\/2024\/10\/Maximalismo-Sillas-1024x575.jpg 1024w, https:\/\/mueblesdetena.es\/wp-content\/uploads\/2024\/10\/Maximalismo-Sillas-768x431.jpg 768w, https:\/\/mueblesdetena.es\/wp-content\/uploads\/2024\/10\/Maximalismo-Sillas-1536x863.jpg 1536w, https:\/\/mueblesdetena.es\/wp-content\/uploads\/2024\/10\/Maximalismo-Sillas-2048x1151.jpg 2048w, https:\/\/mueblesdetena.es\/wp-content\/uploads\/2024\/10\/Maximalismo-Sillas-600x337.jpg 600w\" sizes=\"(max-width: 2560px) 100vw, 2560px\" \/><\/figure>\n\n\n\n<div style=\"height:50px\" aria-hidden=\"true\" class=\"wp-block-spacer\"><\/div>\n\n\n\n<h2 class=\"wp-block-heading\"><span class=\"ez-toc-section\" id=\"Estanterias_que_cuentan_historias\"><\/span>Estanter\u00edas que cuentan historias<span class=\"ez-toc-section-end\"><\/span><\/h2>\n\n\n\n<p class=\"has-medium-font-size wp-block-paragraph\">Las <strong><a href=\"https:\/\/mueblesdetena.es\/ru_ru\/armarios\/\" target=\"_blank\" data-type=\"link\" data-id=\"https:\/\/mueblesdetena.es\/armarios\/\" rel=\"noreferrer noopener\">estanter\u00edas<\/a><\/strong> maximalistas van m\u00e1s all\u00e1 de ser simples muebles de almacenamiento. En el estilo maximalista, estas piezas se convierten en una <strong>plataforma para exhibir tu personalidad a trav\u00e9s de objetos \u00fanicos, libros llamativos y obras de arte<\/strong>. Las estanter\u00edas son una excelente oportunidad para mezclar funcionalidad y dise\u00f1o, aportando car\u00e1cter a cualquier espacio.<\/p>\n\n\n\n<p class=\"has-medium-font-size wp-block-paragraph\">Opta por estanter\u00edas con formas asim\u00e9tricas o con dise\u00f1os poco convencionales, como <strong>estanter\u00edas flotantes o modulares<\/strong>. Los materiales tambi\u00e9n juegan un papel importante; elige <strong>combinaciones de metal, vidrio o madera tallada<\/strong> para crear una pieza que sea tanto visualmente impactante como pr\u00e1ctica. Este enfoque \u00fanico convertir\u00e1 tus estanter\u00edas en un punto focal de la habitaci\u00f3n.<\/p>\n\n\n\n<p class=\"has-medium-font-size wp-block-paragraph\">Adem\u00e1s de los materiales y el dise\u00f1o, lo que coloques en las estanter\u00edas tambi\u00e9n es clave. Utiliza las estanter\u00edas <strong>para exhibir colecciones que te representen, desde esculturas y piezas de cer\u00e1mica hasta libros con portadas coloridas o fotograf\u00edas familiares enmarcadas<\/strong>. El maximalismo celebra la abundancia, as\u00ed que no dudes en llenar el espacio con objetos que cuenten tu historia.<\/p>\n\n\n\n<p class=\"has-medium-font-size wp-block-paragraph\">Para equilibrar el espacio, mezcla distintos tama\u00f1os y estilos de objetos. <strong>Combina elementos altos con piezas m\u00e1s peque\u00f1as, creando as\u00ed una sensaci\u00f3n de dinamismo y profundidad<\/strong>. Recuerda que el maximalismo busca provocar una experiencia visual rica, por lo que la variedad es fundamental para lograr un dise\u00f1o cohesivo pero atrevido.<\/p>\n\n\n\n<p class=\"has-medium-font-size wp-block-paragraph\">Finalmente, las estanter\u00edas maximalistas deben mantenerse organizadas sin perder ese toque ecl\u00e9ctico. Aseg\u00farate de mantener un orden visual, pero permite que cada pieza destaque. Con este enfoque, tus estanter\u00edas no solo contar\u00e1n una historia, sino que ser\u00e1n el alma de tu hogar maximalista.<\/p>\n\n\n\n<div style=\"height:53px\" aria-hidden=\"true\" class=\"wp-block-spacer\"><\/div>\n\n\n\n<figure class=\"wp-block-image alignfull size-full\"><img loading=\"lazy\" decoding=\"async\" width=\"2560\" height=\"1438\" src=\"https:\/\/mueblesdetena.es\/wp-content\/uploads\/2024\/10\/Maximalismo-Estanterias-scaled.jpg\" alt=\"muebles maximalismo\" class=\"wp-image-32471\" srcset=\"https:\/\/mueblesdetena.es\/wp-content\/uploads\/2024\/10\/Maximalismo-Estanterias-scaled.jpg 2560w, https:\/\/mueblesdetena.es\/wp-content\/uploads\/2024\/10\/Maximalismo-Estanterias-300x169.jpg 300w, https:\/\/mueblesdetena.es\/wp-content\/uploads\/2024\/10\/Maximalismo-Estanterias-1024x575.jpg 1024w, https:\/\/mueblesdetena.es\/wp-content\/uploads\/2024\/10\/Maximalismo-Estanterias-768x431.jpg 768w, https:\/\/mueblesdetena.es\/wp-content\/uploads\/2024\/10\/Maximalismo-Estanterias-1536x863.jpg 1536w, https:\/\/mueblesdetena.es\/wp-content\/uploads\/2024\/10\/Maximalismo-Estanterias-2048x1151.jpg 2048w, https:\/\/mueblesdetena.es\/wp-content\/uploads\/2024\/10\/Maximalismo-Estanterias-600x337.jpg 600w\" sizes=\"(max-width: 2560px) 100vw, 2560px\" \/><\/figure>\n\n\n\n<div style=\"height:50px\" aria-hidden=\"true\" class=\"wp-block-spacer\"><\/div>\n\n\n\n<h2 class=\"wp-block-heading\"><span class=\"ez-toc-section\" id=\"Una_cama_con_un_cabecero_llamativo\"><\/span>Una cama con un cabecero llamativo<span class=\"ez-toc-section-end\"><\/span><\/h2>\n\n\n\n<p class=\"has-medium-font-size wp-block-paragraph\">En un<a href=\"https:\/\/mueblesdetena.es\/ru_ru\/dormitorios-matrimonio\/\"> <strong>dormitorio<\/strong><\/a> maximalista, la cama es sin duda la pieza central que debe captar la atenci\u00f3n. Un <strong>cabecero alto y llamativo<\/strong> puede transformar instant\u00e1neamente el espacio, convirtiendo el dormitorio en un lugar de descanso elegante y vibrante. Optar por un <strong>cabecero tapizado en terciopelo o en cuero acolchado<\/strong> a\u00f1ade una sensaci\u00f3n de lujo y confort. Los cabeceros con <strong>dise\u00f1os intrincados<\/strong>, como patrones geom\u00e9tricos o detalles tallados en madera, son ideales para este estilo.<\/p>\n\n\n\n<p class=\"has-medium-font-size wp-block-paragraph\">Estos elementos crean un impacto visual fuerte, haciendo que la cama sea mucho m\u00e1s que un simple lugar para dormir. Los <strong>colores atrevidos, como el esmeralda, azul marino o el burdeos<\/strong>, complementan perfectamente la est\u00e9tica maximalista.Adem\u00e1s, es fundamental jugar con las texturas para lograr un verdadero efecto maximalista. Combinar un cabecero tapizado con cojines y mantas de diferentes tejidos y colores no solo a\u00f1ade profundidad visual, sino tambi\u00e9n confort.<\/p>\n\n\n\n<p class=\"has-medium-font-size wp-block-paragraph\">Estos contrastes entre texturas ayudan a reforzar la riqueza decorativa del espacio sin perder funcionalidad. Un buen cabecero tambi\u00e9n puede servir como punto focal que define el dise\u00f1o del resto de la habitaci\u00f3n. Alrededor de \u00e9l, puedes a\u00f1adir <strong>elementos decorativos como l\u00e1mparas doradas, espejos con marcos barrocos o alfombras coloridas<\/strong> que mantengan el mismo esp\u00edritu maximalista, creando un ambiente armonioso y equilibrado.<\/p>\n\n\n\n<p class=\"has-medium-font-size wp-block-paragraph\"><strong>Te puede interesar:<\/strong> <a href=\"https:\/\/mueblesdetena.es\/ru_ru\/cabecero-para-cama\/\" target=\"_blank\" rel=\"noreferrer noopener\">C\u00f3mo elegir el mejor cabecero para cama seg\u00fan tu estilo de decoraci\u00f3n<\/a><\/p>\n\n\n\n<div style=\"height:50px\" aria-hidden=\"true\" class=\"wp-block-spacer\"><\/div>\n\n\n\n<figure class=\"wp-block-image alignfull size-full\"><img loading=\"lazy\" decoding=\"async\" width=\"2560\" height=\"1438\" src=\"https:\/\/mueblesdetena.es\/wp-content\/uploads\/2024\/10\/Maximalismo-Cama-scaled.jpg\" alt=\"muebles maximalismo\" class=\"wp-image-32474\" srcset=\"https:\/\/mueblesdetena.es\/wp-content\/uploads\/2024\/10\/Maximalismo-Cama-scaled.jpg 2560w, https:\/\/mueblesdetena.es\/wp-content\/uploads\/2024\/10\/Maximalismo-Cama-300x169.jpg 300w, https:\/\/mueblesdetena.es\/wp-content\/uploads\/2024\/10\/Maximalismo-Cama-1024x575.jpg 1024w, https:\/\/mueblesdetena.es\/wp-content\/uploads\/2024\/10\/Maximalismo-Cama-768x431.jpg 768w, https:\/\/mueblesdetena.es\/wp-content\/uploads\/2024\/10\/Maximalismo-Cama-1536x863.jpg 1536w, https:\/\/mueblesdetena.es\/wp-content\/uploads\/2024\/10\/Maximalismo-Cama-2048x1151.jpg 2048w, https:\/\/mueblesdetena.es\/wp-content\/uploads\/2024\/10\/Maximalismo-Cama-600x337.jpg 600w\" sizes=\"(max-width: 2560px) 100vw, 2560px\" \/><\/figure>\n\n\n\n<div style=\"height:50px\" aria-hidden=\"true\" class=\"wp-block-spacer\"><\/div>\n\n\n\n<p class=\"has-medium-font-size wp-block-paragraph\">Adoptar el estilo maximalista en tu hogar puede parecer un reto, pero con las piezas de mobiliario adecuadas, lograr\u00e1s transformar cualquier espacio en un lugar vibrante y lleno de personalidad. El maximalismo <strong>no tiene miedo de experimentar con colores, texturas y formas<\/strong>, lo que lo convierte en una opci\u00f3n ideal para quienes buscan un hogar \u00fanico.<\/p>\n\n\n\n<p class=\"has-medium-font-size wp-block-paragraph\">Cada uno de los cinco muebles clave que hemos presentado en este art\u00edculo, desde un sof\u00e1 llamativo hasta una cama con un cabecero impresionante, desempe\u00f1a un papel crucial para crear un ambiente maximalista cohesivo. Estas piezas te permitir\u00e1n expresar tu creatividad y estilo personal en cada rinc\u00f3n de tu casa.<\/p>\n\n\n\n<p class=\"has-medium-font-size wp-block-paragraph\">Recuerda que <strong>el maximalismo celebra la abundancia y la mezcla de estilos<\/strong>. No se trata de seguir reglas estrictas, sino de crear una atm\u00f3sfera que te inspire y te haga sentir c\u00f3modo en tu propio espacio. Con un enfoque audaz en el dise\u00f1o de interiores, lograr\u00e1s un hogar que realmente refleje tu personalidad.<\/p>\n\n\n\n<p class=\"has-medium-font-size wp-block-paragraph\">\u00bfEst\u00e1s listo para darle a tu hogar el toque maximalista que tanto deseas? Explora nuestra colecci\u00f3n de muebles en <em><strong><a href=\"https:\/\/mueblesdetena.es\/ru_ru\/\" target=\"_blank\" rel=\"noreferrer noopener\">Muebles Detena<\/a><\/strong><\/em> y empieza a dise\u00f1ar un espacio lleno de vida y color. \u00a1Es momento de llevar el maximalismo a tu casa!<\/p>\n\n\n\n<div style=\"height:50px\" aria-hidden=\"true\" class=\"wp-block-spacer\"><\/div>\n\n\n\n<p class=\"wp-block-paragraph\"><\/p>","protected":false},"excerpt":{"rendered":"<p>El estilo maximalista ha tomado fuerza en el dise\u00f1o de interiores, destacando por su capacidad para mezclar colores, patrones y texturas sin limitaciones. Este enfoque celebra la abundancia y la creatividad, permiti\u00e9ndote personalizar tu hogar con piezas \u00fanicas que reflejan tu personalidad. Si buscas un ambiente vibrante y lleno de car\u00e1cter, el maximalismo es tu [&hellip;]<\/p>\n","protected":false},"author":618,"featured_media":32463,"comment_status":"open","ping_status":"open","sticky":false,"template":"","format":"standard","meta":{"site-sidebar-layout":"default","site-content-layout":"","ast-site-content-layout":"default","site-content-style":"default","site-sidebar-style":"default","ast-global-header-display":"","ast-banner-title-visibility":"","ast-main-header-display":"","ast-hfb-above-header-display":"","ast-hfb-below-header-display":"","ast-hfb-mobile-header-display":"","site-post-title":"","ast-breadcrumbs-content":"","ast-featured-img":"","footer-sml-layout":"","ast-disable-related-posts":"","theme-transparent-header-meta":"","adv-header-id-meta":"","stick-header-meta":"","header-above-stick-meta":"","header-main-stick-meta":"","header-below-stick-meta":"","astra-migrate-meta-layouts":"set","ast-page-background-enabled":"default","ast-page-background-meta":{"desktop":{"background-color":"var(--ast-global-color-4)","background-image":"","background-repeat":"repeat","background-position":"center center","background-size":"auto","background-attachment":"scroll","background-type":"","background-media":"","overlay-type":"","overlay-color":"","overlay-opacity":"","overlay-gradient":""},"tablet":{"background-color":"","background-image":"","background-repeat":"repeat","background-position":"center center","background-size":"auto","background-attachment":"scroll","background-type":"","background-media":"","overlay-type":"","overlay-color":"","overlay-opacity":"","overlay-gradient":""},"mobile":{"background-color":"","background-image":"","background-repeat":"repeat","background-position":"center center","background-size":"auto","background-attachment":"scroll","background-type":"","background-media":"","overlay-type":"","overlay-color":"","overlay-opacity":"","overlay-gradient":""}},"ast-content-background-meta":{"desktop":{"background-color":"var(--ast-global-color-5)","background-image":"","background-repeat":"repeat","background-position":"center center","background-size":"auto","background-attachment":"scroll","background-type":"","background-media":"","overlay-type":"","overlay-color":"","overlay-opacity":"","overlay-gradient":""},"tablet":{"background-color":"var(--ast-global-color-5)","background-image":"","background-repeat":"repeat","background-position":"center center","background-size":"auto","background-attachment":"scroll","background-type":"","background-media":"","overlay-type":"","overlay-color":"","overlay-opacity":"","overlay-gradient":""},"mobile":{"background-color":"var(--ast-global-color-5)","background-image":"","background-repeat":"repeat","background-position":"center center","background-size":"auto","background-attachment":"scroll","background-type":"","background-media":"","overlay-type":"","overlay-color":"","overlay-opacity":"","overlay-gradient":""}},"_joinchat":[],"footnotes":""},"categories":[1],"tags":[],"class_list":["post-32461","post","type-post","status-publish","format-standard","has-post-thumbnail","hentry","category-sin-categoria"],"_links":{"self":[{"href":"https:\/\/mueblesdetena.es\/ru_ru\/wp-json\/wp\/v2\/posts\/32461","targetHints":{"allow":["GET"]}}],"collection":[{"href":"https:\/\/mueblesdetena.es\/ru_ru\/wp-json\/wp\/v2\/posts"}],"about":[{"href":"https:\/\/mueblesdetena.es\/ru_ru\/wp-json\/wp\/v2\/types\/post"}],"author":[{"embeddable":true,"href":"https:\/\/mueblesdetena.es\/ru_ru\/wp-json\/wp\/v2\/users\/618"}],"replies":[{"embeddable":true,"href":"https:\/\/mueblesdetena.es\/ru_ru\/wp-json\/wp\/v2\/comments?post=32461"}],"version-history":[{"count":11,"href":"https:\/\/mueblesdetena.es\/ru_ru\/wp-json\/wp\/v2\/posts\/32461\/revisions"}],"predecessor-version":[{"id":32510,"href":"https:\/\/mueblesdetena.es\/ru_ru\/wp-json\/wp\/v2\/posts\/32461\/revisions\/32510"}],"wp:featuredmedia":[{"embeddable":true,"href":"https:\/\/mueblesdetena.es\/ru_ru\/wp-json\/wp\/v2\/media\/32463"}],"wp:attachment":[{"href":"https:\/\/mueblesdetena.es\/ru_ru\/wp-json\/wp\/v2\/media?parent=32461"}],"wp:term":[{"taxonomy":"category","embeddable":true,"href":"https:\/\/mueblesdetena.es\/ru_ru\/wp-json\/wp\/v2\/categories?post=32461"},{"taxonomy":"post_tag","embeddable":true,"href":"https:\/\/mueblesdetena.es\/ru_ru\/wp-json\/wp\/v2\/tags?post=32461"}],"curies":[{"name":"wp","href":"https:\/\/api.w.org\/{rel}","templated":true}]}}