{"id":32673,"date":"2024-11-12T09:00:00","date_gmt":"2024-11-12T08:00:00","guid":{"rendered":"https:\/\/mueblesdetena.es\/?p=32673"},"modified":"2026-03-04T05:48:26","modified_gmt":"2026-03-04T04:48:26","slug":"combinar-muebles-para-decoracion-eclectica","status":"publish","type":"post","link":"https:\/\/mueblesdetena.es\/ru_ru\/combinar-muebles-para-decoracion-eclectica\/","title":{"rendered":"C\u00f3mo combinar muebles para una decoraci\u00f3n ecl\u00e9ctica en casa: 4 consejos \u00fatiles"},"content":{"rendered":"<p class=\"has-medium-font-size wp-block-paragraph\">La decoraci\u00f3n ecl\u00e9ctica es una tendencia que combina lo mejor de varios estilos, <strong>permitiendo integrar piezas modernas y antiguas en un mismo espacio<\/strong>. Esta fusi\u00f3n crea ambientes \u00fanicos y llenos de personalidad, donde cada objeto tiene su historia y aporta car\u00e1cter. Este estilo permite la creatividad sin seguir reglas r\u00edgidas.<\/p>\n\n\n\n<p class=\"has-medium-font-size wp-block-paragraph\">En un hogar con decoraci\u00f3n ecl\u00e9ctica, es posible tener <a href=\"https:\/\/mueblesdetena.es\/ru_ru\/estilo-vintage\/\">muebles vintage<\/a> junto a elementos contempor\u00e1neos, logrando un <strong>equilibrio visual que refleja autenticidad<\/strong>. La clave es encontrar la <strong>armon\u00eda entre los distintos estilos y \u00e9pocas, aprovechando contrastes de formas, texturas y colores<\/strong>. Esta mezcla brinda frescura y dinamismo a cualquier habitaci\u00f3n.<\/p>\n\n\n\n<p class=\"has-medium-font-size wp-block-paragraph\">Si te interesa la <strong>decoraci\u00f3n ecl\u00e9ctica<\/strong>, aprender a combinar muebles de diferentes estilos es esencial para crear un espacio cohesivo. Este estilo permite experimentar y expresar tu identidad sin limitarte a una est\u00e9tica espec\u00edfica, convirtiendo cada rinc\u00f3n en un reflejo de tu gusto personal.<\/p>\n\n\n\n<div style=\"height:50px\" aria-hidden=\"true\" class=\"wp-block-spacer\"><\/div>\n\n\n\n<div id=\"ez-toc-container\" class=\"ez-toc-v2_0_85 counter-hierarchy ez-toc-counter ez-toc-grey ez-toc-container-direction\">\n<div class=\"ez-toc-title-container\">\n<p class=\"ez-toc-title\" style=\"cursor:inherit\">Tabla de contenidos<\/p>\n<span class=\"ez-toc-title-toggle\"><a href=\"#\" class=\"ez-toc-pull-right ez-toc-btn ez-toc-btn-xs ez-toc-btn-default ez-toc-toggle\" aria-label=\"Toggle Table of Content\"><span class=\"ez-toc-js-icon-con\"><span class=\"\"><span class=\"eztoc-hide\" style=\"display:none;\">Toggle<\/span><span class=\"ez-toc-icon-toggle-span\"><svg style=\"fill: #999;color:#999\" xmlns=\"http:\/\/www.w3.org\/2000\/svg\" class=\"list-377408\" width=\"20px\" height=\"20px\" viewbox=\"0 0 24 24\" fill=\"none\"><path d=\"M6 6H4v2h2V6zm14 0H8v2h12V6zM4 11h2v2H4v-2zm16 0H8v2h12v-2zM4 16h2v2H4v-2zm16 0H8v2h12v-2z\" fill=\"currentColor\"><\/path><\/svg><svg style=\"fill: #999;color:#999\" class=\"arrow-unsorted-368013\" xmlns=\"http:\/\/www.w3.org\/2000\/svg\" width=\"10px\" height=\"10px\" viewbox=\"0 0 24 24\" version=\"1.2\" baseprofile=\"tiny\"><path d=\"M18.2 9.3l-6.2-6.3-6.2 6.3c-.2.2-.3.4-.3.7s.1.5.3.7c.2.2.4.3.7.3h11c.3 0 .5-.1.7-.3.2-.2.3-.5.3-.7s-.1-.5-.3-.7zM5.8 14.7l6.2 6.3 6.2-6.3c.2-.2.3-.5.3-.7s-.1-.5-.3-.7c-.2-.2-.4-.3-.7-.3h-11c-.3 0-.5.1-.7.3-.2.2-.3.5-.3.7s.1.5.3.7z\"\/><\/svg><\/span><\/span><\/span><\/a><\/span><\/div>\n<nav><ul class='ez-toc-list ez-toc-list-level-1' ><li class='ez-toc-page-1 ez-toc-heading-level-2'><a class=\"ez-toc-link ez-toc-heading-1\" href=\"https:\/\/mueblesdetena.es\/ru_ru\/combinar-muebles-para-decoracion-eclectica\/#%C2%BFQue_es_el_estilo_eclectico_en_la_decoracion_de_interiores\" >\u00bfQu\u00e9 es el estilo ecl\u00e9ctico en la decoraci\u00f3n de interiores?<\/a><\/li><li class='ez-toc-page-1 ez-toc-heading-level-2'><a class=\"ez-toc-link ez-toc-heading-2\" href=\"https:\/\/mueblesdetena.es\/ru_ru\/combinar-muebles-para-decoracion-eclectica\/#Beneficios_de_combinar_muebles_antiguos_y_modernos\" >Beneficios de combinar muebles antiguos y modernos<\/a><\/li><li class='ez-toc-page-1 ez-toc-heading-level-2'><a class=\"ez-toc-link ez-toc-heading-3\" href=\"https:\/\/mueblesdetena.es\/ru_ru\/combinar-muebles-para-decoracion-eclectica\/#Consejos_para_una_buena_decoracion_eclectica\" >Consejos para una buena decoraci\u00f3n ecl\u00e9ctica<\/a><ul class='ez-toc-list-level-3' ><li class='ez-toc-heading-level-3'><a class=\"ez-toc-link ez-toc-heading-4\" href=\"https:\/\/mueblesdetena.es\/ru_ru\/combinar-muebles-para-decoracion-eclectica\/#1_Juega_con_las_proporciones_y_el_equilibrio_visual\" >1. Juega con las proporciones y el equilibrio visual<\/a><\/li><li class='ez-toc-page-1 ez-toc-heading-level-3'><a class=\"ez-toc-link ez-toc-heading-5\" href=\"https:\/\/mueblesdetena.es\/ru_ru\/combinar-muebles-para-decoracion-eclectica\/#2_Utiliza_una_paleta_de_colores_coherente\" >2. Utiliza una paleta de colores coherente<\/a><\/li><li class='ez-toc-page-1 ez-toc-heading-level-3'><a class=\"ez-toc-link ez-toc-heading-6\" href=\"https:\/\/mueblesdetena.es\/ru_ru\/combinar-muebles-para-decoracion-eclectica\/#3_Incorpora_elementos_de_transicion\" >3. Incorpora elementos de transici\u00f3n<\/a><\/li><li class='ez-toc-page-1 ez-toc-heading-level-3'><a class=\"ez-toc-link ez-toc-heading-7\" href=\"https:\/\/mueblesdetena.es\/ru_ru\/combinar-muebles-para-decoracion-eclectica\/#4_Mobiliario_protagonista_y_piezas_complementarias\" >4. Mobiliario protagonista y piezas complementarias<\/a><\/li><\/ul><\/li><li class='ez-toc-page-1 ez-toc-heading-level-2'><a class=\"ez-toc-link ez-toc-heading-8\" href=\"https:\/\/mueblesdetena.es\/ru_ru\/combinar-muebles-para-decoracion-eclectica\/#Errores_comunes_al_combinar_muebles_antiguos_y_modernos_y_como_evitarlos\" >Errores comunes al combinar muebles antiguos y modernos y c\u00f3mo evitarlos<\/a><\/li><li class='ez-toc-page-1 ez-toc-heading-level-2'><a class=\"ez-toc-link ez-toc-heading-9\" href=\"https:\/\/mueblesdetena.es\/ru_ru\/combinar-muebles-para-decoracion-eclectica\/#Ejemplos_de_estilos_eclecticos_exitosos_en_distintas_estancias\" >Ejemplos de estilos ecl\u00e9cticos exitosos en distintas estancias<\/a><\/li><\/ul><\/nav><\/div>\n<h2 class=\"wp-block-heading\"><span class=\"ez-toc-section\" id=\"%C2%BFQue_es_el_estilo_eclectico_en_la_decoracion_de_interiores\"><\/span>\u00bfQu\u00e9 es el estilo ecl\u00e9ctico en la decoraci\u00f3n de interiores?<span class=\"ez-toc-section-end\"><\/span><\/h2>\n\n\n\n<p class=\"has-medium-font-size wp-block-paragraph\">El estilo de decoraci\u00f3n <a href=\"https:\/\/es.wikipedia.org\/wiki\/Eclecticismo\" target=\"_blank\" rel=\"noopener\">ecl\u00e9ctica<\/a> se caracteriza por <strong>mezclar distintos elementos de \u00e9pocas, estilos y culturas en un mismo espacio<\/strong>, logrando una est\u00e9tica \u00fanica y personalizada. Este enfoque decorativo permite la libertad de elegir piezas de diferentes or\u00edgenes, sin seguir una estructura r\u00edgida, creando ambientes ricos en detalles y contrastes visuales.<\/p>\n\n\n\n<p class=\"has-medium-font-size wp-block-paragraph\">A diferencia de otros estilos, la decoraci\u00f3n ecl\u00e9ctica no se limita a una sola tendencia, sino que adopta lo mejor de cada una, incorporando tanto mobiliario cl\u00e1sico como contempor\u00e1neo en perfecta armon\u00eda. La clave est\u00e1 en combinar piezas cuidadosamente seleccionadas, logrando un equilibrio visual que evite la sobrecarga y mantenga la coherencia.<\/p>\n\n\n\n<p class=\"has-medium-font-size wp-block-paragraph\">Adem\u00e1s, la decoraci\u00f3n ecl\u00e9ctica permite experimentar con colores, texturas y materiales, ofreciendo una gran versatilidad para quienes buscan un espacio original y lleno de personalidad. Este estilo resulta ideal para quienes desean expresar su creatividad y adaptar su hogar a su propio gusto y estilo de vida.<\/p>\n\n\n\n<div style=\"height:50px\" aria-hidden=\"true\" class=\"wp-block-spacer\"><\/div>\n\n\n\n<figure class=\"wp-block-image alignfull size-full\"><img fetchpriority=\"high\" decoding=\"async\" width=\"2560\" height=\"1438\" src=\"https:\/\/mueblesdetena.es\/wp-content\/uploads\/2024\/11\/Eclectico-2-scaled.jpg\" alt=\"decoraci\u00f3n ecl\u00e9ctica\" class=\"wp-image-32675\" srcset=\"https:\/\/mueblesdetena.es\/wp-content\/uploads\/2024\/11\/Eclectico-2-scaled.jpg 2560w, https:\/\/mueblesdetena.es\/wp-content\/uploads\/2024\/11\/Eclectico-2-300x169.jpg 300w, https:\/\/mueblesdetena.es\/wp-content\/uploads\/2024\/11\/Eclectico-2-1024x575.jpg 1024w, https:\/\/mueblesdetena.es\/wp-content\/uploads\/2024\/11\/Eclectico-2-768x431.jpg 768w, https:\/\/mueblesdetena.es\/wp-content\/uploads\/2024\/11\/Eclectico-2-1536x863.jpg 1536w, https:\/\/mueblesdetena.es\/wp-content\/uploads\/2024\/11\/Eclectico-2-2048x1151.jpg 2048w, https:\/\/mueblesdetena.es\/wp-content\/uploads\/2024\/11\/Eclectico-2-600x337.jpg 600w\" sizes=\"(max-width: 2560px) 100vw, 2560px\" \/><\/figure>\n\n\n\n<div style=\"height:50px\" aria-hidden=\"true\" class=\"wp-block-spacer\"><\/div>\n\n\n\n<h2 class=\"wp-block-heading\"><span class=\"ez-toc-section\" id=\"Beneficios_de_combinar_muebles_antiguos_y_modernos\"><\/span>Beneficios de combinar muebles antiguos y modernos<span class=\"ez-toc-section-end\"><\/span><\/h2>\n\n\n\n<p class=\"has-medium-font-size wp-block-paragraph\">La combinaci\u00f3n de muebles antiguos y modernos permite personalizar el espacio, reflejando la personalidad de quienes habitan el hogar. Este estilo ecl\u00e9ctico <strong>permite romper con la uniformidad, aportando un toque \u00fanico y caracter\u00edstico<\/strong> que hace que cada rinc\u00f3n cuente una historia a trav\u00e9s de diferentes \u00e9pocas y estilos.<\/p>\n\n\n\n<p class=\"has-medium-font-size wp-block-paragraph\">Optar por mezclar muebles antiguos y modernos puede resultar tambi\u00e9n m\u00e1s econ\u00f3mico y sostenible. Al reutilizar muebles antiguos, se <strong>reduce el consumo de nuevos recursos<\/strong>, lo que favorece al medio ambiente. Este enfoque es ideal para quienes desean un hogar atractivo sin comprometer sus valores ecol\u00f3gicos ni su presupuesto.<\/p>\n\n\n\n<p class=\"has-medium-font-size wp-block-paragraph\">Adem\u00e1s, el estilo ecl\u00e9ctico <strong>ofrece una libertad creativa que otros estilos m\u00e1s definidos no permiten<\/strong>. La posibilidad de elegir piezas seg\u00fan el gusto personal y no por su \u00e9poca o estilo espec\u00edfico abre un abanico de opciones y da vida a un ambiente \u00fanico y genuino, libre de restricciones.<\/p>\n\n\n\n<p class=\"has-medium-font-size wp-block-paragraph\">Finalmente, combinar estos estilos <strong>crea una atm\u00f3sfera acogedora y din\u00e1mica, que no pierde funcionalidad ni confort<\/strong>. Un espacio con muebles antiguos y modernos equilibra tradici\u00f3n e innovaci\u00f3n, generando una mezcla interesante que resulta visualmente atractiva y siempre sorprendente para quienes visitan el hogar.<\/p>\n\n\n\n<div style=\"height:50px\" aria-hidden=\"true\" class=\"wp-block-spacer\"><\/div>\n\n\n\n<figure class=\"wp-block-image alignfull size-full\"><img decoding=\"async\" width=\"2560\" height=\"1438\" src=\"https:\/\/mueblesdetena.es\/wp-content\/uploads\/2024\/11\/Eclectico-3-scaled.jpg\" alt=\"decoraci\u00f3n ecl\u00e9ctica\" class=\"wp-image-32676\" srcset=\"https:\/\/mueblesdetena.es\/wp-content\/uploads\/2024\/11\/Eclectico-3-scaled.jpg 2560w, https:\/\/mueblesdetena.es\/wp-content\/uploads\/2024\/11\/Eclectico-3-300x169.jpg 300w, https:\/\/mueblesdetena.es\/wp-content\/uploads\/2024\/11\/Eclectico-3-1024x575.jpg 1024w, https:\/\/mueblesdetena.es\/wp-content\/uploads\/2024\/11\/Eclectico-3-768x431.jpg 768w, https:\/\/mueblesdetena.es\/wp-content\/uploads\/2024\/11\/Eclectico-3-1536x863.jpg 1536w, https:\/\/mueblesdetena.es\/wp-content\/uploads\/2024\/11\/Eclectico-3-2048x1151.jpg 2048w, https:\/\/mueblesdetena.es\/wp-content\/uploads\/2024\/11\/Eclectico-3-600x337.jpg 600w\" sizes=\"(max-width: 2560px) 100vw, 2560px\" \/><\/figure>\n\n\n\n<div style=\"height:50px\" aria-hidden=\"true\" class=\"wp-block-spacer\"><\/div>\n\n\n\n<h2 class=\"wp-block-heading\"><span class=\"ez-toc-section\" id=\"Consejos_para_una_buena_decoracion_eclectica\"><\/span>Consejos para una buena decoraci\u00f3n ecl\u00e9ctica<span class=\"ez-toc-section-end\"><\/span><\/h2>\n\n\n\n<h3 class=\"wp-block-heading\"><span class=\"ez-toc-section\" id=\"1_Juega_con_las_proporciones_y_el_equilibrio_visual\"><\/span>1. Juega con las proporciones y el equilibrio visual<span class=\"ez-toc-section-end\"><\/span><\/h3>\n\n\n\n<p class=\"has-medium-font-size wp-block-paragraph\">Para lograr una combinaci\u00f3n armoniosa, es fundamental jugar con las proporciones de los muebles. Si tienes un <a href=\"https:\/\/mueblesdetena.es\/ru_ru\/sofa-cama-con-chaise-longue\/\">sof\u00e1<\/a> antiguo y voluminoso, contrasta con una <a href=\"https:\/\/mueblesdetena.es\/ru_ru\/mesa-de-comedor-arte604%c2%a8\/\">mesa<\/a> de centro moderna y ligera. Mantener el equilibrio visual evita que un estilo domine sobre el otro y crea un espacio cohesionado.<\/p>\n\n\n\n<h3 class=\"wp-block-heading\"><span class=\"ez-toc-section\" id=\"2_Utiliza_una_paleta_de_colores_coherente\"><\/span>2. Utiliza una paleta de colores coherente<span class=\"ez-toc-section-end\"><\/span><\/h3>\n\n\n\n<p class=\"has-medium-font-size wp-block-paragraph\">Elige una paleta de colores que unifique las piezas antiguas y modernas. Tonos neutros como el gris, beige o blanco funcionan bien, permitiendo que cada elemento destaque sin competir. Puedes a\u00f1adir un toque de color en los accesorios para dar personalidad, manteniendo una coherencia visual.<\/p>\n\n\n\n<h3 class=\"wp-block-heading\"><span class=\"ez-toc-section\" id=\"3_Incorpora_elementos_de_transicion\"><\/span>3. Incorpora elementos de transici\u00f3n<span class=\"ez-toc-section-end\"><\/span><\/h3>\n\n\n\n<p class=\"has-medium-font-size wp-block-paragraph\">Para unir estilos, usa piezas de transici\u00f3n como alfombras, cortinas o l\u00e1mparas que conecten visualmente. Estos elementos ayudan a suavizar el contraste entre lo antiguo y lo moderno, logrando una mezcla equilibrada. Adem\u00e1s, brindan textura y profundidad al espacio, haci\u00e9ndolo m\u00e1s acogedor y est\u00e9ticamente atractivo.<\/p>\n\n\n\n<h3 class=\"wp-block-heading\"><span class=\"ez-toc-section\" id=\"4_Mobiliario_protagonista_y_piezas_complementarias\"><\/span>4. <strong>Mobiliario protagonista y piezas complementarias<\/strong><span class=\"ez-toc-section-end\"><\/span><\/h3>\n\n\n\n<p class=\"has-medium-font-size wp-block-paragraph\">Selecciona una pieza principal, como una mesa vintage o un sof\u00e1 contempor\u00e1neo, y permite que sea el foco de la habitaci\u00f3n. Las piezas complementarias deben tener un dise\u00f1o m\u00e1s discreto para no competir visualmente, asegurando que el ambiente mantenga su estilo ecl\u00e9ctico sin sobrecargar el espacio.<\/p>\n\n\n\n<div style=\"height:50px\" aria-hidden=\"true\" class=\"wp-block-spacer\"><\/div>\n\n\n\n<figure class=\"wp-block-image alignfull size-full\"><img decoding=\"async\" width=\"2560\" height=\"1438\" src=\"https:\/\/mueblesdetena.es\/wp-content\/uploads\/2024\/11\/Eclectico-4-scaled.jpg\" alt=\"decoraci\u00f3n ecl\u00e9ctica\" class=\"wp-image-32677\" srcset=\"https:\/\/mueblesdetena.es\/wp-content\/uploads\/2024\/11\/Eclectico-4-scaled.jpg 2560w, https:\/\/mueblesdetena.es\/wp-content\/uploads\/2024\/11\/Eclectico-4-300x169.jpg 300w, https:\/\/mueblesdetena.es\/wp-content\/uploads\/2024\/11\/Eclectico-4-1024x575.jpg 1024w, https:\/\/mueblesdetena.es\/wp-content\/uploads\/2024\/11\/Eclectico-4-768x431.jpg 768w, https:\/\/mueblesdetena.es\/wp-content\/uploads\/2024\/11\/Eclectico-4-1536x863.jpg 1536w, https:\/\/mueblesdetena.es\/wp-content\/uploads\/2024\/11\/Eclectico-4-2048x1151.jpg 2048w, https:\/\/mueblesdetena.es\/wp-content\/uploads\/2024\/11\/Eclectico-4-600x337.jpg 600w\" sizes=\"(max-width: 2560px) 100vw, 2560px\" \/><\/figure>\n\n\n\n<div style=\"height:50px\" aria-hidden=\"true\" class=\"wp-block-spacer\"><\/div>\n\n\n\n<h2 class=\"wp-block-heading\"><span class=\"ez-toc-section\" id=\"Errores_comunes_al_combinar_muebles_antiguos_y_modernos_y_como_evitarlos\"><\/span>Errores comunes al combinar muebles antiguos y modernos y c\u00f3mo evitarlos<span class=\"ez-toc-section-end\"><\/span><\/h2>\n\n\n\n<p class=\"has-medium-font-size wp-block-paragraph\">Uno de los errores m\u00e1s frecuentes al mezclar muebles antiguos y modernos es <strong>sobrecargar el espacio<\/strong>. Cuando se colocan demasiadas piezas en una misma habitaci\u00f3n, el ambiente puede volverse ca\u00f3tico y perder armon\u00eda. <strong>Para evitarlo, elige un par de piezas clave y mantenlas como protagonistas<\/strong>, dejando espacio para que cada una destaque.<\/p>\n\n\n\n<p class=\"has-medium-font-size wp-block-paragraph\">Otro fallo com\u00fan es <strong>no coordinar los colores, lo cual rompe la cohesi\u00f3n visual<\/strong>. Los muebles antiguos y modernos deben compartir una paleta de colores complementaria para integrarse en el espacio. <strong>Usa tonos neutros como base y a\u00f1ade toques de color estrat\u00e9gicamente en algunos elementos<\/strong>, como cojines o alfombras, para unificar estilos.<\/p>\n\n\n\n<p class=\"has-medium-font-size wp-block-paragraph\"><strong>No incorporar elementos de transici\u00f3n puede dificultar la conexi\u00f3n entre los estilos<\/strong>. Los accesorios como cortinas, cuadros o l\u00e1mparas act\u00faan como puntos de enlace visual entre los muebles antiguos y modernos. <strong>Selecciona piezas que contengan detalles de ambos estilos<\/strong> para crear un puente armonioso en la decoraci\u00f3n.<\/p>\n\n\n\n<p class=\"has-medium-font-size wp-block-paragraph\">Finalmente, <strong>usar demasiados estilos decorativos puede desvirtuar el efecto ecl\u00e9ctico<\/strong> y dar un aspecto desorganizado. En lugar de combinar varios estilos, <strong>c\u00e9ntrate en dos que se complementen, como el <a href=\"https:\/\/mueblesdetena.es\/ru_ru\/estilo-vintage\/\">vintage<\/a> y el <a href=\"https:\/\/mueblesdetena.es\/ru_ru\/decoracion-minimalista\/\">minimalismo moderno<\/a><\/strong>. Esto permite destacar cada estilo sin que compitan entre s\u00ed, logrando un espacio equilibrado.<\/p>\n\n\n\n<div style=\"height:50px\" aria-hidden=\"true\" class=\"wp-block-spacer\"><\/div>\n\n\n\n<figure class=\"wp-block-image alignfull size-full\"><img loading=\"lazy\" decoding=\"async\" width=\"2560\" height=\"1438\" src=\"https:\/\/mueblesdetena.es\/wp-content\/uploads\/2024\/11\/Eclectico-5-scaled.jpg\" alt=\"decoraci\u00f3n ecl\u00e9ctica\" class=\"wp-image-32678\" srcset=\"https:\/\/mueblesdetena.es\/wp-content\/uploads\/2024\/11\/Eclectico-5-scaled.jpg 2560w, https:\/\/mueblesdetena.es\/wp-content\/uploads\/2024\/11\/Eclectico-5-300x169.jpg 300w, https:\/\/mueblesdetena.es\/wp-content\/uploads\/2024\/11\/Eclectico-5-1024x575.jpg 1024w, https:\/\/mueblesdetena.es\/wp-content\/uploads\/2024\/11\/Eclectico-5-768x431.jpg 768w, https:\/\/mueblesdetena.es\/wp-content\/uploads\/2024\/11\/Eclectico-5-1536x863.jpg 1536w, https:\/\/mueblesdetena.es\/wp-content\/uploads\/2024\/11\/Eclectico-5-2048x1151.jpg 2048w, https:\/\/mueblesdetena.es\/wp-content\/uploads\/2024\/11\/Eclectico-5-600x337.jpg 600w\" sizes=\"(max-width: 2560px) 100vw, 2560px\" \/><\/figure>\n\n\n\n<div style=\"height:50px\" aria-hidden=\"true\" class=\"wp-block-spacer\"><\/div>\n\n\n\n<h2 class=\"wp-block-heading\"><span class=\"ez-toc-section\" id=\"Ejemplos_de_estilos_eclecticos_exitosos_en_distintas_estancias\"><\/span>Ejemplos de estilos ecl\u00e9cticos exitosos en distintas estancias<span class=\"ez-toc-section-end\"><\/span><\/h2>\n\n\n\n<p class=\"has-medium-font-size wp-block-paragraph\"><strong><a href=\"https:\/\/mueblesdetena.es\/ru_ru\/composicion-comedor\/\">Sal\u00f3n<\/a><\/strong>: En el sal\u00f3n, el estilo ecl\u00e9ctico se puede lograr combinando un sof\u00e1 vintage con l\u00edneas curvas junto a una mesa de centro minimalista en tonos met\u00e1licos. Este contraste aporta personalidad y elegancia sin sobrecargar el espacio. A\u00f1adir cojines de colores vivos puede ayudar a unir los elementos y dar un toque fresco.<\/p>\n\n\n\n<p class=\"has-medium-font-size wp-block-paragraph\"><strong><a href=\"https:\/\/mueblesdetena.es\/ru_ru\/dormitorios-matrimonio\/\">Dormitorio<\/a><\/strong>: Para el dormitorio, una cama moderna de l\u00edneas rectas puede contrastar perfectamente con una c\u00f3moda antigua de madera oscura. Esta combinaci\u00f3n aporta una mezcla de sofisticaci\u00f3n y calidez. Se pueden a\u00f1adir l\u00e1mparas retro en las mesillas de noche para resaltar a\u00fan m\u00e1s el estilo ecl\u00e9ctico sin perder funcionalidad.<\/p>\n\n\n\n<p class=\"has-medium-font-size wp-block-paragraph\"><strong>Cocina<\/strong>: En la cocina, el estilo ecl\u00e9ctico se puede manifestar integrando electrodom\u00e9sticos modernos con muebles antiguos, como una mesa de comedor r\u00fastica. Este tipo de mezcla aporta un toque acogedor y funcional. La iluminaci\u00f3n colgante de estilo industrial puede completar el espacio y a\u00f1adir coherencia al conjunto.<\/p>\n\n\n\n<p class=\"has-medium-font-size wp-block-paragraph\"><strong>Ba\u00f1o<\/strong>: Un ba\u00f1o ecl\u00e9ctico puede lograrse combinando un lavabo moderno con espejos de marco antiguo y detalles en metal. Este contraste transforma el espacio en un lugar \u00fanico y elegante. Incorporar accesorios como jarrones o toallas con patrones vintage a\u00f1ade calidez y hace que el dise\u00f1o sea a\u00fan m\u00e1s interesante y atractivo.<\/p>\n\n\n\n<div style=\"height:50px\" aria-hidden=\"true\" class=\"wp-block-spacer\"><\/div>\n\n\n\n<figure class=\"wp-block-image alignfull size-full\"><img loading=\"lazy\" decoding=\"async\" width=\"2560\" height=\"1438\" src=\"https:\/\/mueblesdetena.es\/wp-content\/uploads\/2024\/11\/Eclectico-6-scaled.jpg\" alt=\"decoraci\u00f3n ecl\u00e9ctica\" class=\"wp-image-32679\" srcset=\"https:\/\/mueblesdetena.es\/wp-content\/uploads\/2024\/11\/Eclectico-6-scaled.jpg 2560w, https:\/\/mueblesdetena.es\/wp-content\/uploads\/2024\/11\/Eclectico-6-300x169.jpg 300w, https:\/\/mueblesdetena.es\/wp-content\/uploads\/2024\/11\/Eclectico-6-1024x575.jpg 1024w, https:\/\/mueblesdetena.es\/wp-content\/uploads\/2024\/11\/Eclectico-6-768x431.jpg 768w, https:\/\/mueblesdetena.es\/wp-content\/uploads\/2024\/11\/Eclectico-6-1536x863.jpg 1536w, https:\/\/mueblesdetena.es\/wp-content\/uploads\/2024\/11\/Eclectico-6-2048x1151.jpg 2048w, https:\/\/mueblesdetena.es\/wp-content\/uploads\/2024\/11\/Eclectico-6-600x337.jpg 600w\" sizes=\"(max-width: 2560px) 100vw, 2560px\" \/><\/figure>\n\n\n\n<div style=\"height:50px\" aria-hidden=\"true\" class=\"wp-block-spacer\"><\/div>\n\n\n\n<p class=\"has-medium-font-size wp-block-paragraph\">Combinar muebles antiguos y modernos en el hogar <strong>permite crear un estilo ecl\u00e9ctico que refleja la personalidad y gustos \u00fanicos<\/strong> de quienes habitan el espacio. Este enfoque decorativo fusiona pasado y presente, logrando un ambiente equilibrado y din\u00e1mico que resulta tanto funcional como est\u00e9ticamente atractivo, ideal para quienes buscan originalidad.<\/p>\n\n\n\n<p class=\"has-medium-font-size wp-block-paragraph\">El estilo ecl\u00e9ctico <strong>ofrece la libertad de mezclar piezas sin seguir reglas estrictas<\/strong>, permitiendo jugar con colores, texturas y proporciones. Incorporar muebles antiguos aporta car\u00e1cter y historia, mientras que los elementos modernos a\u00f1aden frescura y contemporaneidad. Este equilibrio transforma el hogar en un lugar acogedor y sofisticado a la vez.<\/p>\n\n\n\n<p class=\"has-medium-font-size wp-block-paragraph\">Al adoptar esta combinaci\u00f3n, <strong>es clave mantener una coherencia visual<\/strong>, ya sea con una paleta de colores integrada o elementos de transici\u00f3n. As\u00ed, se evita sobrecargar el espacio y se logra una decoraci\u00f3n armoniosa. El estilo ecl\u00e9ctico representa la autenticidad y la creatividad, haciendo de cada espacio algo inolvidable.<\/p>\n\n\n\n<p class=\"wp-block-paragraph\"><\/p>","protected":false},"excerpt":{"rendered":"<p>La decoraci\u00f3n ecl\u00e9ctica es una tendencia que combina lo mejor de varios estilos, permitiendo integrar piezas modernas y antiguas en un mismo espacio. Esta fusi\u00f3n crea ambientes \u00fanicos y llenos de personalidad, donde cada objeto tiene su historia y aporta car\u00e1cter. Este estilo permite la creatividad sin seguir reglas r\u00edgidas. En un hogar con decoraci\u00f3n [&hellip;]<\/p>\n","protected":false},"author":618,"featured_media":32674,"comment_status":"closed","ping_status":"open","sticky":false,"template":"","format":"standard","meta":{"site-sidebar-layout":"default","site-content-layout":"","ast-site-content-layout":"default","site-content-style":"default","site-sidebar-style":"default","ast-global-header-display":"","ast-banner-title-visibility":"","ast-main-header-display":"","ast-hfb-above-header-display":"","ast-hfb-below-header-display":"","ast-hfb-mobile-header-display":"","site-post-title":"","ast-breadcrumbs-content":"","ast-featured-img":"","footer-sml-layout":"","ast-disable-related-posts":"","theme-transparent-header-meta":"","adv-header-id-meta":"","stick-header-meta":"","header-above-stick-meta":"","header-main-stick-meta":"","header-below-stick-meta":"","astra-migrate-meta-layouts":"set","ast-page-background-enabled":"default","ast-page-background-meta":{"desktop":{"background-color":"var(--ast-global-color-4)","background-image":"","background-repeat":"repeat","background-position":"center center","background-size":"auto","background-attachment":"scroll","background-type":"","background-media":"","overlay-type":"","overlay-color":"","overlay-opacity":"","overlay-gradient":""},"tablet":{"background-color":"","background-image":"","background-repeat":"repeat","background-position":"center center","background-size":"auto","background-attachment":"scroll","background-type":"","background-media":"","overlay-type":"","overlay-color":"","overlay-opacity":"","overlay-gradient":""},"mobile":{"background-color":"","background-image":"","background-repeat":"repeat","background-position":"center center","background-size":"auto","background-attachment":"scroll","background-type":"","background-media":"","overlay-type":"","overlay-color":"","overlay-opacity":"","overlay-gradient":""}},"ast-content-background-meta":{"desktop":{"background-color":"var(--ast-global-color-5)","background-image":"","background-repeat":"repeat","background-position":"center center","background-size":"auto","background-attachment":"scroll","background-type":"","background-media":"","overlay-type":"","overlay-color":"","overlay-opacity":"","overlay-gradient":""},"tablet":{"background-color":"var(--ast-global-color-5)","background-image":"","background-repeat":"repeat","background-position":"center center","background-size":"auto","background-attachment":"scroll","background-type":"","background-media":"","overlay-type":"","overlay-color":"","overlay-opacity":"","overlay-gradient":""},"mobile":{"background-color":"var(--ast-global-color-5)","background-image":"","background-repeat":"repeat","background-position":"center center","background-size":"auto","background-attachment":"scroll","background-type":"","background-media":"","overlay-type":"","overlay-color":"","overlay-opacity":"","overlay-gradient":""}},"_joinchat":[],"footnotes":""},"categories":[1],"tags":[],"class_list":["post-32673","post","type-post","status-publish","format-standard","has-post-thumbnail","hentry","category-sin-categoria"],"_links":{"self":[{"href":"https:\/\/mueblesdetena.es\/ru_ru\/wp-json\/wp\/v2\/posts\/32673","targetHints":{"allow":["GET"]}}],"collection":[{"href":"https:\/\/mueblesdetena.es\/ru_ru\/wp-json\/wp\/v2\/posts"}],"about":[{"href":"https:\/\/mueblesdetena.es\/ru_ru\/wp-json\/wp\/v2\/types\/post"}],"author":[{"embeddable":true,"href":"https:\/\/mueblesdetena.es\/ru_ru\/wp-json\/wp\/v2\/users\/618"}],"replies":[{"embeddable":true,"href":"https:\/\/mueblesdetena.es\/ru_ru\/wp-json\/wp\/v2\/comments?post=32673"}],"version-history":[{"count":4,"href":"https:\/\/mueblesdetena.es\/ru_ru\/wp-json\/wp\/v2\/posts\/32673\/revisions"}],"predecessor-version":[{"id":32726,"href":"https:\/\/mueblesdetena.es\/ru_ru\/wp-json\/wp\/v2\/posts\/32673\/revisions\/32726"}],"wp:featuredmedia":[{"embeddable":true,"href":"https:\/\/mueblesdetena.es\/ru_ru\/wp-json\/wp\/v2\/media\/32674"}],"wp:attachment":[{"href":"https:\/\/mueblesdetena.es\/ru_ru\/wp-json\/wp\/v2\/media?parent=32673"}],"wp:term":[{"taxonomy":"category","embeddable":true,"href":"https:\/\/mueblesdetena.es\/ru_ru\/wp-json\/wp\/v2\/categories?post=32673"},{"taxonomy":"post_tag","embeddable":true,"href":"https:\/\/mueblesdetena.es\/ru_ru\/wp-json\/wp\/v2\/tags?post=32673"}],"curies":[{"name":"wp","href":"https:\/\/api.w.org\/{rel}","templated":true}]}}