{"id":32864,"date":"2024-12-03T09:00:00","date_gmt":"2024-12-03T08:00:00","guid":{"rendered":"https:\/\/mueblesdetena.es\/?p=32864"},"modified":"2024-11-26T17:40:06","modified_gmt":"2024-11-26T16:40:06","slug":"elegir-el-sofa-perfecto","status":"publish","type":"post","link":"https:\/\/mueblesdetena.es\/ru_ru\/elegir-el-sofa-perfecto\/","title":{"rendered":"C\u00f3mo elegir el sof\u00e1 perfecto: Gu\u00eda completa para adaptarlo a tu estilo y espacio"},"content":{"rendered":"<p class=\"has-medium-font-size wp-block-paragraph\">Elegir el sof\u00e1 perfecto es una decisi\u00f3n crucial, ya que esta pieza se convierte en el coraz\u00f3n de tu sala. Su dise\u00f1o <strong>no solo debe reflejar tu estilo personal, sino tambi\u00e9n adaptarse a las necesidades pr\u00e1cticas de tu hogar<\/strong>. Un sof\u00e1 c\u00f3modo y bien elegido mejora tanto la est\u00e9tica como la funcionalidad del espacio.<\/p>\n\n\n\n<p class=\"has-medium-font-size wp-block-paragraph\">Antes de comprar un sof\u00e1, es esencial analizar factores clave como el estilo decorativo, el espacio disponible y su uso diario. No todos los sof\u00e1s son iguales, y encontrar el que se ajuste a tus necesidades puede marcar la diferencia entre una inversi\u00f3n acertada y un error costoso. <strong>Esta gu\u00eda te ayudar\u00e1 a tomar la mejor decisi\u00f3n<\/strong>.<\/p>\n\n\n\n<p class=\"has-medium-font-size wp-block-paragraph\">Con un enfoque pr\u00e1ctico y consejos detallados, te mostramos <strong><a href=\"https:\/\/mueblesdetena.es\/ru_ru\/sofas\/\">c\u00f3mo elegir el sof\u00e1 perfecto<\/a> para complementar tu decoraci\u00f3n, maximizar el espacio y garantizar comodidad<\/strong>. Sigue leyendo y descubre c\u00f3mo hacer que tu sala luzca espectacular y funcional.<\/p>\n\n\n\n<div style=\"height:50px\" aria-hidden=\"true\" class=\"wp-block-spacer\"><\/div>\n\n\n\n<div id=\"ez-toc-container\" class=\"ez-toc-v2_0_85 ez-toc-wrap-center counter-hierarchy ez-toc-counter ez-toc-grey ez-toc-container-direction\">\n<div class=\"ez-toc-title-container\">\n<p class=\"ez-toc-title\" style=\"cursor:inherit\">Tabla de contenidos<\/p>\n<span class=\"ez-toc-title-toggle\"><a href=\"#\" class=\"ez-toc-pull-right ez-toc-btn ez-toc-btn-xs ez-toc-btn-default ez-toc-toggle\" aria-label=\"Toggle Table of Content\"><span class=\"ez-toc-js-icon-con\"><span class=\"\"><span class=\"eztoc-hide\" style=\"display:none;\">Toggle<\/span><span class=\"ez-toc-icon-toggle-span\"><svg style=\"fill: #999;color:#999\" xmlns=\"http:\/\/www.w3.org\/2000\/svg\" class=\"list-377408\" width=\"20px\" height=\"20px\" viewbox=\"0 0 24 24\" fill=\"none\"><path d=\"M6 6H4v2h2V6zm14 0H8v2h12V6zM4 11h2v2H4v-2zm16 0H8v2h12v-2zM4 16h2v2H4v-2zm16 0H8v2h12v-2z\" fill=\"currentColor\"><\/path><\/svg><svg style=\"fill: #999;color:#999\" class=\"arrow-unsorted-368013\" xmlns=\"http:\/\/www.w3.org\/2000\/svg\" width=\"10px\" height=\"10px\" viewbox=\"0 0 24 24\" version=\"1.2\" baseprofile=\"tiny\"><path d=\"M18.2 9.3l-6.2-6.3-6.2 6.3c-.2.2-.3.4-.3.7s.1.5.3.7c.2.2.4.3.7.3h11c.3 0 .5-.1.7-.3.2-.2.3-.5.3-.7s-.1-.5-.3-.7zM5.8 14.7l6.2 6.3 6.2-6.3c.2-.2.3-.5.3-.7s-.1-.5-.3-.7c-.2-.2-.4-.3-.7-.3h-11c-.3 0-.5.1-.7.3-.2.2-.3.5-.3.7s.1.5.3.7z\"\/><\/svg><\/span><\/span><\/span><\/a><\/span><\/div>\n<nav><ul class='ez-toc-list ez-toc-list-level-1' ><li class='ez-toc-page-1 ez-toc-heading-level-2'><a class=\"ez-toc-link ez-toc-heading-1\" href=\"https:\/\/mueblesdetena.es\/ru_ru\/elegir-el-sofa-perfecto\/#1_Define_tus_necesidades_y_el_uso_del_sofa\" >1. Define tus necesidades y el uso del sof\u00e1<\/a><\/li><li class='ez-toc-page-1 ez-toc-heading-level-2'><a class=\"ez-toc-link ez-toc-heading-2\" href=\"https:\/\/mueblesdetena.es\/ru_ru\/elegir-el-sofa-perfecto\/#2_Mide_tu_espacio_disponible\" >2. Mide tu espacio disponible<\/a><\/li><li class='ez-toc-page-1 ez-toc-heading-level-2'><a class=\"ez-toc-link ez-toc-heading-3\" href=\"https:\/\/mueblesdetena.es\/ru_ru\/elegir-el-sofa-perfecto\/#3_Elige_el_estilo_que_se_adapte_a_tu_decoracion\" >3. Elige el estilo que se adapte a tu decoraci\u00f3n<\/a><\/li><li class='ez-toc-page-1 ez-toc-heading-level-2'><a class=\"ez-toc-link ez-toc-heading-4\" href=\"https:\/\/mueblesdetena.es\/ru_ru\/elegir-el-sofa-perfecto\/#4_Considera_la_comodidad_y_ergonomia\" >4. Considera la comodidad y ergonom\u00eda<\/a><\/li><li class='ez-toc-page-1 ez-toc-heading-level-2'><a class=\"ez-toc-link ez-toc-heading-5\" href=\"https:\/\/mueblesdetena.es\/ru_ru\/elegir-el-sofa-perfecto\/#5_Tipos_de_sofas_segun_su_funcionalidad\" >5. Tipos de sof\u00e1s seg\u00fan su funcionalidad<\/a><\/li><li class='ez-toc-page-1 ez-toc-heading-level-2'><a class=\"ez-toc-link ez-toc-heading-6\" href=\"https:\/\/mueblesdetena.es\/ru_ru\/elegir-el-sofa-perfecto\/#6_Ajusta_tu_presupuesto\" >6. Ajusta tu presupuesto<\/a><\/li><\/ul><\/nav><\/div>\n<h2 class=\"wp-block-heading\"><span class=\"ez-toc-section\" id=\"1_Define_tus_necesidades_y_el_uso_del_sofa\"><\/span><strong>1. Define tus necesidades y el uso del sof\u00e1<\/strong><span class=\"ez-toc-section-end\"><\/span><\/h2>\n\n\n\n<p class=\"has-medium-font-size wp-block-paragraph\">Antes de elegir el sof\u00e1 perfecto, es importante tener claro c\u00f3mo planeas usarlo en tu hogar. <strong>\u00bfSer\u00e1 una pieza decorativa en una sala de visitas o el lugar principal para reuniones familiares?<\/strong> Identificar si ser\u00e1 usado intensivamente o en ocasiones espec\u00edficas ayudar\u00e1 a determinar el tipo de sof\u00e1 m\u00e1s adecuado.<\/p>\n\n\n\n<p class=\"has-medium-font-size wp-block-paragraph\">Otro factor clave es el <strong>n\u00famero de personas que lo usar\u00e1n regularmente<\/strong>. Para familias numerosas, un sof\u00e1 amplio o modular puede ser la mejor opci\u00f3n, mientras que para parejas o solteros, un modelo compacto podr\u00eda ser suficiente. Considerar el uso diario tambi\u00e9n influir\u00e1 en la elecci\u00f3n de los materiales y acabados.<\/p>\n\n\n\n<p class=\"has-medium-font-size wp-block-paragraph\">Adem\u00e1s, <strong>piensa en las actividades que realizar\u00e1s en el sof\u00e1<\/strong>. Si planeas usarlo para ver televisi\u00f3n durante horas, un <a href=\"https:\/\/mueblesdetena.es\/ru_ru\/sillon-relax-xenia\/\">dise\u00f1o c\u00f3modo con apoyo lumbar<\/a> ser\u00e1 esencial. Para recibir invitados, un sof\u00e1 elegante pero funcional puede ser m\u00e1s apropiado para complementar el espacio.<\/p>\n\n\n\n<p class=\"has-medium-font-size wp-block-paragraph\"><strong>La disposici\u00f3n de tu hogar tambi\u00e9n afecta la elecci\u00f3n<\/strong>. Por ejemplo, un <a href=\"https:\/\/mueblesdetena.es\/ru_ru\/sofa-chaise-longue-rincon-polo-carro%c2%a8\/\">sof\u00e1 en forma de L<\/a> es ideal para delimitar \u00e1reas en espacios abiertos, mientras que un dise\u00f1o lineal funciona mejor en habitaciones estrechas. Adaptar el estilo y tama\u00f1o a tus necesidades garantizar\u00e1 un equilibrio perfecto entre est\u00e9tica y funcionalidad.<\/p>\n\n\n\n<p class=\"has-medium-font-size wp-block-paragraph\">T\u00f3mate el tiempo necesario para evaluar estos aspectos antes de tomar una decisi\u00f3n. Esto no solo har\u00e1 que elegir el sof\u00e1 perfecto sea m\u00e1s sencillo, sino que tambi\u00e9n asegurar\u00e1 que esta inversi\u00f3n sea duradera y acorde a tu estilo de vida.<\/p>\n\n\n\n<p class=\"has-medium-font-size wp-block-paragraph\"><strong>Te puede interesar:<\/strong> <a href=\"https:\/\/mueblesdetena.es\/ru_ru\/sofas-rinconeros\/\">Tips para salones con sof\u00e1s rinconeros<\/a><\/p>\n\n\n\n<div style=\"height:50px\" aria-hidden=\"true\" class=\"wp-block-spacer\"><\/div>\n\n\n\n<figure class=\"wp-block-image alignfull size-full\"><img fetchpriority=\"high\" decoding=\"async\" width=\"2392\" height=\"1344\" src=\"https:\/\/mueblesdetena.es\/wp-content\/uploads\/2024\/11\/Elegir-el-sofa-perfecto-2.jpg\" alt=\"elegir el sof\u00e1 perfecto\" class=\"wp-image-32865\" srcset=\"https:\/\/mueblesdetena.es\/wp-content\/uploads\/2024\/11\/Elegir-el-sofa-perfecto-2.jpg 2392w, https:\/\/mueblesdetena.es\/wp-content\/uploads\/2024\/11\/Elegir-el-sofa-perfecto-2-300x169.jpg 300w, https:\/\/mueblesdetena.es\/wp-content\/uploads\/2024\/11\/Elegir-el-sofa-perfecto-2-1024x575.jpg 1024w, https:\/\/mueblesdetena.es\/wp-content\/uploads\/2024\/11\/Elegir-el-sofa-perfecto-2-768x432.jpg 768w, https:\/\/mueblesdetena.es\/wp-content\/uploads\/2024\/11\/Elegir-el-sofa-perfecto-2-1536x863.jpg 1536w, https:\/\/mueblesdetena.es\/wp-content\/uploads\/2024\/11\/Elegir-el-sofa-perfecto-2-2048x1151.jpg 2048w, https:\/\/mueblesdetena.es\/wp-content\/uploads\/2024\/11\/Elegir-el-sofa-perfecto-2-600x337.jpg 600w\" sizes=\"(max-width: 2392px) 100vw, 2392px\" \/><\/figure>\n\n\n\n<div style=\"height:50px\" aria-hidden=\"true\" class=\"wp-block-spacer\"><\/div>\n\n\n\n<h2 class=\"wp-block-heading\"><span class=\"ez-toc-section\" id=\"2_Mide_tu_espacio_disponible\"><\/span><strong>2. Mide tu espacio disponible<\/strong><span class=\"ez-toc-section-end\"><\/span><\/h2>\n\n\n\n<p class=\"has-medium-font-size wp-block-paragraph\">Antes de elegir el sof\u00e1 perfecto, es esencial medir el espacio donde lo ubicar\u00e1s. <strong>Aseg\u00farate de tomar las dimensiones del largo, ancho y altura del \u00e1rea disponible<\/strong>, incluyendo puertas y pasillos por donde deber\u00e1 pasar el sof\u00e1. Estas medidas evitar\u00e1n contratiempos y garantizar\u00e1n que el mueble se ajuste correctamente.<\/p>\n\n\n\n<p class=\"has-medium-font-size wp-block-paragraph\">Considera tambi\u00e9n el espacio para moverte c\u00f3modamente alrededor del sof\u00e1. <strong>Es importante dejar al menos 60 cm libres entre el sof\u00e1 y otros muebles<\/strong>, como mesas o estanter\u00edas. Esto no solo facilita la circulaci\u00f3n, sino que tambi\u00e9n contribuye a un dise\u00f1o armonioso en tu sala, clave para disfrutar del lugar.<\/p>\n\n\n\n<p class=\"has-medium-font-size wp-block-paragraph\"><strong>Si tienes una habitaci\u00f3n peque\u00f1a<\/strong>, busca opciones compactas como sof\u00e1s de dos plazas o modulares que puedan adaptarse al espacio. <strong>Para habitaciones grandes<\/strong>, los sof\u00e1s en forma de L o en U son ideales para llenar el \u00e1rea y crear una zona acogedora sin saturarla.<\/p>\n\n\n\n<p class=\"has-medium-font-size wp-block-paragraph\"><strong>El equilibrio entre el tama\u00f1o del sof\u00e1 y el espacio disponible es fundamental para mantener la funcionalidad del lugar<\/strong>. Un sof\u00e1 demasiado grande podr\u00eda hacer que el \u00e1rea se vea abarrotada, mientras que uno peque\u00f1o podr\u00eda resultar insuficiente. Ambos extremos pueden afectar la est\u00e9tica y la comodidad.<\/p>\n\n\n\n<p class=\"has-medium-font-size wp-block-paragraph\">Por \u00faltimo, <strong>utiliza herramientas como planos o <a href=\"https:\/\/www.elledecor.com\/es\/diseno\/a43639021\/diseno-decoracion-app-herramientas-software-web-programas-gratis\/\" target=\"_blank\" rel=\"noopener\">aplicaciones de dise\u00f1o<\/a> para visualizar el sof\u00e1 en el espacio antes de comprarlo<\/strong>. Este paso te ayudar\u00e1 a confirmar que est\u00e1s tomando la mejor decisi\u00f3n y a garantizar que est\u00e1s eligiendo el sof\u00e1 perfecto para tu hogar y estilo de vida.<\/p>\n\n\n\n<div style=\"height:50px\" aria-hidden=\"true\" class=\"wp-block-spacer\"><\/div>\n\n\n\n<figure class=\"wp-block-image alignfull size-full\"><img decoding=\"async\" width=\"2392\" height=\"1344\" src=\"https:\/\/mueblesdetena.es\/wp-content\/uploads\/2024\/11\/Elegir-el-sofa-perfecto-3.jpg\" alt=\"elegir el sof\u00e1 perfecto\" class=\"wp-image-32867\" srcset=\"https:\/\/mueblesdetena.es\/wp-content\/uploads\/2024\/11\/Elegir-el-sofa-perfecto-3.jpg 2392w, https:\/\/mueblesdetena.es\/wp-content\/uploads\/2024\/11\/Elegir-el-sofa-perfecto-3-300x169.jpg 300w, https:\/\/mueblesdetena.es\/wp-content\/uploads\/2024\/11\/Elegir-el-sofa-perfecto-3-1024x575.jpg 1024w, https:\/\/mueblesdetena.es\/wp-content\/uploads\/2024\/11\/Elegir-el-sofa-perfecto-3-768x432.jpg 768w, https:\/\/mueblesdetena.es\/wp-content\/uploads\/2024\/11\/Elegir-el-sofa-perfecto-3-1536x863.jpg 1536w, https:\/\/mueblesdetena.es\/wp-content\/uploads\/2024\/11\/Elegir-el-sofa-perfecto-3-2048x1151.jpg 2048w, https:\/\/mueblesdetena.es\/wp-content\/uploads\/2024\/11\/Elegir-el-sofa-perfecto-3-600x337.jpg 600w\" sizes=\"(max-width: 2392px) 100vw, 2392px\" \/><\/figure>\n\n\n\n<div style=\"height:50px\" aria-hidden=\"true\" class=\"wp-block-spacer\"><\/div>\n\n\n\n<h2 class=\"wp-block-heading\"><span class=\"ez-toc-section\" id=\"3_Elige_el_estilo_que_se_adapte_a_tu_decoracion\"><\/span><strong>3. Elige el estilo que se adapte a tu decoraci\u00f3n<\/strong><span class=\"ez-toc-section-end\"><\/span><\/h2>\n\n\n\n<p class=\"has-medium-font-size wp-block-paragraph\">Elegir el sof\u00e1 perfecto no solo se trata de comodidad, sino tambi\u00e9n de encontrar un estilo que complemente la decoraci\u00f3n de tu hogar. Los sof\u00e1s modernos, con l\u00edneas rectas y colores neutros, son ideales para espacios minimalistas. Por otro lado, los sof\u00e1s cl\u00e1sicos con detalles ornamentados y colores c\u00e1lidos encajan bien en ambientes tradicionales.<\/p>\n\n\n\n<p class=\"has-medium-font-size wp-block-paragraph\"><strong>Los colores y materiales juegan un papel fundamental en la est\u00e9tica<\/strong>. Un sof\u00e1 de cuero en tonos oscuros transmite elegancia, mientras que los tapizados en terciopelo a\u00f1aden un toque de lujo. Si prefieres un estilo relajado, opta por telas en colores claros o estampados sutiles, ideales para crear ambientes acogedores y luminosos.<\/p>\n\n\n\n<p class=\"has-medium-font-size wp-block-paragraph\"><strong>La versatilidad es clave para elegir el sof\u00e1 perfecto<\/strong>. Los sof\u00e1s con patas visibles, por ejemplo, no solo son una tendencia actual, sino que tambi\u00e9n dan sensaci\u00f3n de amplitud en espacios peque\u00f1os. Si buscas algo m\u00e1s atrevido, los tonos vibrantes o estampados geom\u00e9tricos pueden ser el foco decorativo de tu sala.<\/p>\n\n\n\n<p class=\"has-medium-font-size wp-block-paragraph\">Es importante que el sof\u00e1 se integre con los elementos decorativos ya existentes. <strong>Coordina colores con las paredes, alfombras y cojines<\/strong> para lograr un ambiente equilibrado. Un <a href=\"https:\/\/mueblesdetena.es\/ru_ru\/sofa-asientos-con-6-cms-viscoelastica%c2%a8\/\">sof\u00e1<\/a> que se adapte al estilo general de tu hogar har\u00e1 que el espacio sea m\u00e1s armonioso y atractivo.<\/p>\n\n\n\n<p class=\"has-medium-font-size wp-block-paragraph\">Finalmente, recuerda que el dise\u00f1o debe ir de la mano con la funcionalidad. <strong>Elegir el sof\u00e1 perfecto implica<\/strong> considerar no solo la est\u00e9tica, sino <strong>tambi\u00e9n la durabilidad del material y su capacidad para resistir el uso diario sin comprometer el estilo<\/strong>.<\/p>\n\n\n\n<div style=\"height:50px\" aria-hidden=\"true\" class=\"wp-block-spacer\"><\/div>\n\n\n\n<figure class=\"wp-block-image alignfull size-full\"><img decoding=\"async\" width=\"2392\" height=\"1344\" src=\"https:\/\/mueblesdetena.es\/wp-content\/uploads\/2024\/11\/Elegir-el-sofa-perfecto-4.jpg\" alt=\"elegir el sof\u00e1 perfecto\" class=\"wp-image-32868\" srcset=\"https:\/\/mueblesdetena.es\/wp-content\/uploads\/2024\/11\/Elegir-el-sofa-perfecto-4.jpg 2392w, https:\/\/mueblesdetena.es\/wp-content\/uploads\/2024\/11\/Elegir-el-sofa-perfecto-4-300x169.jpg 300w, https:\/\/mueblesdetena.es\/wp-content\/uploads\/2024\/11\/Elegir-el-sofa-perfecto-4-1024x575.jpg 1024w, https:\/\/mueblesdetena.es\/wp-content\/uploads\/2024\/11\/Elegir-el-sofa-perfecto-4-768x432.jpg 768w, https:\/\/mueblesdetena.es\/wp-content\/uploads\/2024\/11\/Elegir-el-sofa-perfecto-4-1536x863.jpg 1536w, https:\/\/mueblesdetena.es\/wp-content\/uploads\/2024\/11\/Elegir-el-sofa-perfecto-4-2048x1151.jpg 2048w, https:\/\/mueblesdetena.es\/wp-content\/uploads\/2024\/11\/Elegir-el-sofa-perfecto-4-600x337.jpg 600w\" sizes=\"(max-width: 2392px) 100vw, 2392px\" \/><\/figure>\n\n\n\n<div style=\"height:50px\" aria-hidden=\"true\" class=\"wp-block-spacer\"><\/div>\n\n\n\n<h2 class=\"wp-block-heading\"><span class=\"ez-toc-section\" id=\"4_Considera_la_comodidad_y_ergonomia\"><\/span><strong>4. Considera la comodidad y ergonom\u00eda<\/strong><span class=\"ez-toc-section-end\"><\/span><\/h2>\n\n\n\n<p class=\"has-medium-font-size wp-block-paragraph\">Elegir el sof\u00e1 perfecto no solo depende de su dise\u00f1o o tama\u00f1o, sino tambi\u00e9n de su comodidad. Antes de comprar, <strong>considera aspectos como la profundidad del asiento y la altura del respaldo<\/strong>. Un asiento profundo es ideal para quienes disfrutan de estirarse, mientras que uno menos profundo es mejor para mantener una postura erguida.<\/p>\n\n\n\n<p class=\"has-medium-font-size wp-block-paragraph\">Otro aspecto clave es el soporte lumbar. Un sof\u00e1 ergon\u00f3mico <strong>debe ofrecer un respaldo que se adapte a la curvatura natural de la espalda<\/strong>, evitando molestias tras largos periodos de uso. Si prefieres un sof\u00e1 reclinable, aseg\u00farate de que ofrezca diferentes posiciones para maximizar tu comodidad sin comprometer la salud postural.<\/p>\n\n\n\n<p class=\"has-medium-font-size wp-block-paragraph\">La firmeza del sof\u00e1 tambi\u00e9n juega un papel importante. Elegir el sof\u00e1 perfecto implica probar distintas opciones: <strong>los cojines suaves ofrecen m\u00e1s confort para descansar<\/strong>, mientras que los firmes son mejores para quienes prefieren un soporte m\u00e1s estructurado. Considera tus h\u00e1bitos antes de decidir.<\/p>\n\n\n\n<p class=\"has-medium-font-size wp-block-paragraph\">Cuando pruebes un sof\u00e1, si\u00e9ntate en varias posiciones para evaluar su ergonom\u00eda. <strong>Observa si tus pies tocan el suelo al sentarte y si puedes apoyar c\u00f3modamente la espalda<\/strong>. Un buen sof\u00e1 debe adaptarse a tus necesidades diarias y ofrecer una experiencia placentera en todo momento.<\/p>\n\n\n\n<p class=\"has-medium-font-size wp-block-paragraph\">Finalmente, ten en cuenta los materiales de relleno. <strong>Las espumas de alta densidad ofrecen mayor durabilidad y confort<\/strong>. Al elegir el sof\u00e1 perfecto, prioriza estos detalles para garantizar un equilibrio entre estilo, funcionalidad y comodidad, haciendo de tu compra una inversi\u00f3n inteligente.<\/p>\n\n\n\n<div style=\"height:50px\" aria-hidden=\"true\" class=\"wp-block-spacer\"><\/div>\n\n\n\n<figure class=\"wp-block-image alignfull size-full\"><img loading=\"lazy\" decoding=\"async\" width=\"2392\" height=\"1344\" src=\"https:\/\/mueblesdetena.es\/wp-content\/uploads\/2024\/11\/Elegir-el-sofa-perfecto-5.jpg\" alt=\"elegir el sof\u00e1 perfecto\" class=\"wp-image-32869\" srcset=\"https:\/\/mueblesdetena.es\/wp-content\/uploads\/2024\/11\/Elegir-el-sofa-perfecto-5.jpg 2392w, https:\/\/mueblesdetena.es\/wp-content\/uploads\/2024\/11\/Elegir-el-sofa-perfecto-5-300x169.jpg 300w, https:\/\/mueblesdetena.es\/wp-content\/uploads\/2024\/11\/Elegir-el-sofa-perfecto-5-1024x575.jpg 1024w, https:\/\/mueblesdetena.es\/wp-content\/uploads\/2024\/11\/Elegir-el-sofa-perfecto-5-768x432.jpg 768w, https:\/\/mueblesdetena.es\/wp-content\/uploads\/2024\/11\/Elegir-el-sofa-perfecto-5-1536x863.jpg 1536w, https:\/\/mueblesdetena.es\/wp-content\/uploads\/2024\/11\/Elegir-el-sofa-perfecto-5-2048x1151.jpg 2048w, https:\/\/mueblesdetena.es\/wp-content\/uploads\/2024\/11\/Elegir-el-sofa-perfecto-5-600x337.jpg 600w\" sizes=\"(max-width: 2392px) 100vw, 2392px\" \/><\/figure>\n\n\n\n<div style=\"height:50px\" aria-hidden=\"true\" class=\"wp-block-spacer\"><\/div>\n\n\n\n<h2 class=\"wp-block-heading\"><span class=\"ez-toc-section\" id=\"5_Tipos_de_sofas_segun_su_funcionalidad\"><\/span><strong>5. Tipos de sof\u00e1s seg\u00fan su funcionalidad<\/strong><span class=\"ez-toc-section-end\"><\/span><\/h2>\n\n\n\n<p class=\"has-medium-font-size wp-block-paragraph\">Al elegir el sof\u00e1 perfecto, es fundamental considerar la funcionalidad que mejor se adapte a tu estilo de vida. Los <strong><a href=\"https:\/\/mueblesdetena.es\/ru_ru\/sofas-cama\/\">sof\u00e1s cama<\/a><\/strong>, por ejemplo, son ideales para espacios peque\u00f1os o para quienes reciben visitas con frecuencia. Ofrecen la posibilidad de convertir el sof\u00e1 en una cama c\u00f3moda sin sacrificar espacio ni dise\u00f1o.<\/p>\n\n\n\n<p class=\"has-medium-font-size wp-block-paragraph\">Por otro lado, los sof\u00e1s modulares destacan por su versatilidad. Estas piezas permiten adaptarse a diferentes distribuciones gracias a su dise\u00f1o desmontable. Si buscas flexibilidad para cambiar la configuraci\u00f3n de tu sala, este tipo de sof\u00e1 es una excelente opci\u00f3n que combina estilo y practicidad.<\/p>\n\n\n\n<p class=\"has-medium-font-size wp-block-paragraph\">Los <a href=\"https:\/\/mueblesdetena.es\/ru_ru\/sofa-relax-electrico\/\"><strong>sof\u00e1s reclinables<\/strong><\/a> son la elecci\u00f3n perfecta para quienes priorizan el confort. Dise\u00f1ados para el descanso, cuentan con mecanismos que ajustan la inclinaci\u00f3n del respaldo y del reposapi\u00e9s. Este tipo de sof\u00e1 es ideal para relajarte despu\u00e9s de un largo d\u00eda, manteniendo la ergonom\u00eda necesaria.<\/p>\n\n\n\n<p class=\"has-medium-font-size wp-block-paragraph\">Si tienes ni\u00f1os o mascotas, al elegir el sof\u00e1 perfecto debes <strong>optar por materiales resistentes y f\u00e1ciles de limpiar<\/strong>. Los modelos con telas antimanchas o estructuras robustas est\u00e1n dise\u00f1ados para soportar el uso diario, sin comprometer el estilo ni la durabilidad del mobiliario.<\/p>\n\n\n\n<p class=\"has-medium-font-size wp-block-paragraph\">Finalmente, los <strong><a href=\"https:\/\/mueblesdetena.es\/ru_ru\/sofa-chaise-longue-taura%c2%a8-2\/\">sof\u00e1s compactos y de almacenamiento incorporado<\/a><\/strong> son funcionales y pr\u00e1cticos para espacios reducidos. Algunos modelos incluyen compartimentos ocultos para guardar mantas o cojines, maximizando cada metro cuadrado de tu hogar mientras conservas un dise\u00f1o moderno y organizado. Estas opciones hacen m\u00e1s sencilla la tarea de encontrar el sof\u00e1 ideal.<\/p>\n\n\n\n<div style=\"height:53px\" aria-hidden=\"true\" class=\"wp-block-spacer\"><\/div>\n\n\n\n<figure class=\"wp-block-image alignfull size-full\"><img loading=\"lazy\" decoding=\"async\" width=\"2392\" height=\"1344\" src=\"https:\/\/mueblesdetena.es\/wp-content\/uploads\/2024\/11\/Elegir-el-sofa-perfecto-6.jpg\" alt=\"elegir el sof\u00e1 perfecto\" class=\"wp-image-32870\" srcset=\"https:\/\/mueblesdetena.es\/wp-content\/uploads\/2024\/11\/Elegir-el-sofa-perfecto-6.jpg 2392w, https:\/\/mueblesdetena.es\/wp-content\/uploads\/2024\/11\/Elegir-el-sofa-perfecto-6-300x169.jpg 300w, https:\/\/mueblesdetena.es\/wp-content\/uploads\/2024\/11\/Elegir-el-sofa-perfecto-6-1024x575.jpg 1024w, https:\/\/mueblesdetena.es\/wp-content\/uploads\/2024\/11\/Elegir-el-sofa-perfecto-6-768x432.jpg 768w, https:\/\/mueblesdetena.es\/wp-content\/uploads\/2024\/11\/Elegir-el-sofa-perfecto-6-1536x863.jpg 1536w, https:\/\/mueblesdetena.es\/wp-content\/uploads\/2024\/11\/Elegir-el-sofa-perfecto-6-2048x1151.jpg 2048w, https:\/\/mueblesdetena.es\/wp-content\/uploads\/2024\/11\/Elegir-el-sofa-perfecto-6-600x337.jpg 600w\" sizes=\"(max-width: 2392px) 100vw, 2392px\" \/><\/figure>\n\n\n\n<div style=\"height:50px\" aria-hidden=\"true\" class=\"wp-block-spacer\"><\/div>\n\n\n\n<h2 class=\"wp-block-heading\"><span class=\"ez-toc-section\" id=\"6_Ajusta_tu_presupuesto\"><\/span><strong>6. Ajusta tu presupuesto<\/strong><span class=\"ez-toc-section-end\"><\/span><\/h2>\n\n\n\n<p class=\"has-medium-font-size wp-block-paragraph\">Elegir el sof\u00e1 perfecto requiere un balance entre calidad y precio. Antes de tomar una decisi\u00f3n, <strong>establece un presupuesto realista que considere no solo el costo inicial, sino tambi\u00e9n la durabilidad y el mantenimiento a largo plazo<\/strong>. Invertir en un sof\u00e1 de calidad puede evitar gastos futuros en reparaciones o reemplazos.<\/p>\n\n\n\n<p class=\"has-medium-font-size wp-block-paragraph\">Una forma efectiva de ajustar tu presupuesto es priorizar materiales y acabados. Por ejemplo, <strong>si buscas elegancia y resistencia, el cuero puede ser ideal<\/strong>, aunque m\u00e1s costoso. Alternativamente, opciones como <strong>la microfibra ofrecen un equilibrio entre durabilidad y precio accesible<\/strong>, siendo perfectas para familias o espacios de uso frecuente.<\/p>\n\n\n\n<p class=\"has-medium-font-size wp-block-paragraph\">Explorar diferentes tiendas y fabricantes te permitir\u00e1 comparar precios y calidades. En <a href=\"https:\/\/mueblesdetena.es\/ru_ru\/\">Muebles Detena<\/a>, encontrar\u00e1s una amplia variedad de opciones que se adaptan a todas las necesidades y estilos. Esto te ayudar\u00e1 a elegir el sof\u00e1 perfecto sin comprometer tu econom\u00eda ni la est\u00e9tica de tu hogar.<\/p>\n\n\n\n<p class=\"has-medium-font-size wp-block-paragraph\">Tambi\u00e9n <strong>es importante considerar el costo-beneficio de los sof\u00e1s funcionales<\/strong>, como los modulares o camas. Aunque su precio inicial puede ser mayor, su versatilidad y funcionalidad justifican la inversi\u00f3n, especialmente en espacios peque\u00f1os o multifuncionales. Elegir sabiamente puede optimizar tanto tu presupuesto como el uso del espacio.<\/p>\n\n\n\n<p class=\"has-medium-font-size wp-block-paragraph\">Finalmente, <strong>busca promociones o descuentos que te permitan acceder a productos de calidad a precios competitivos<\/strong>. Con planificaci\u00f3n y an\u00e1lisis, elegir el sof\u00e1 perfecto puede ser una experiencia satisfactoria, garantizando comodidad y estilo sin exceder tu presupuesto. Recuerda, la clave est\u00e1 en invertir de forma inteligente.<\/p>\n\n\n\n<div style=\"height:50px\" aria-hidden=\"true\" class=\"wp-block-spacer\"><\/div>\n\n\n\n<figure class=\"wp-block-image alignfull size-full\"><img loading=\"lazy\" decoding=\"async\" width=\"2392\" height=\"1344\" src=\"https:\/\/mueblesdetena.es\/wp-content\/uploads\/2024\/11\/Elegir-el-sofa-perfecto-7.jpg\" alt=\"elegir el sof\u00e1 perfecto\" class=\"wp-image-32871\" srcset=\"https:\/\/mueblesdetena.es\/wp-content\/uploads\/2024\/11\/Elegir-el-sofa-perfecto-7.jpg 2392w, https:\/\/mueblesdetena.es\/wp-content\/uploads\/2024\/11\/Elegir-el-sofa-perfecto-7-300x169.jpg 300w, https:\/\/mueblesdetena.es\/wp-content\/uploads\/2024\/11\/Elegir-el-sofa-perfecto-7-1024x575.jpg 1024w, https:\/\/mueblesdetena.es\/wp-content\/uploads\/2024\/11\/Elegir-el-sofa-perfecto-7-768x432.jpg 768w, https:\/\/mueblesdetena.es\/wp-content\/uploads\/2024\/11\/Elegir-el-sofa-perfecto-7-1536x863.jpg 1536w, https:\/\/mueblesdetena.es\/wp-content\/uploads\/2024\/11\/Elegir-el-sofa-perfecto-7-2048x1151.jpg 2048w, https:\/\/mueblesdetena.es\/wp-content\/uploads\/2024\/11\/Elegir-el-sofa-perfecto-7-600x337.jpg 600w\" sizes=\"(max-width: 2392px) 100vw, 2392px\" \/><\/figure>\n\n\n\n<div style=\"height:50px\" aria-hidden=\"true\" class=\"wp-block-spacer\"><\/div>\n\n\n\n<p class=\"has-medium-font-size wp-block-paragraph\">Elegir el sof\u00e1 perfecto es una decisi\u00f3n clave para transformar cualquier espacio en un lugar c\u00f3modo y funcional. <strong>Considerar el uso, las dimensiones del lugar y el estilo decorativo es fundamental<\/strong> para garantizar que el sof\u00e1 no solo complemente tu hogar, sino que tambi\u00e9n cumpla con tus necesidades de confort y est\u00e9tica diaria.<\/p>\n\n\n\n<p class=\"has-medium-font-size wp-block-paragraph\">Cada paso, <strong>desde medir el espacio disponible hasta seleccionar los materiales m\u00e1s adecuados<\/strong>, contribuye a tomar una decisi\u00f3n informada. Un sof\u00e1 bien elegido no solo mejora la apariencia de tu sala, sino que tambi\u00e9n se adapta a tu estilo de vida, asegurando una inversi\u00f3n duradera y de calidad.<\/p>\n\n\n\n<p class=\"has-medium-font-size wp-block-paragraph\">\u0412 <a href=\"https:\/\/mueblesdetena.es\/ru_ru\/\">Muebles Detena<\/a>, te ofrecemos opciones dise\u00f1adas para ayudarte a elegir el sof\u00e1 perfecto para tu hogar. Explora nuestra tienda online y descubre modelos que combinan dise\u00f1o, comodidad y funcionalidad, ajustados a todos los estilos y espacios. \u00a1Convierte tu sala en el lugar ideal para compartir y relajarte!<\/p>\n\n\n\n<div style=\"height:50px\" aria-hidden=\"true\" class=\"wp-block-spacer\"><\/div>","protected":false},"excerpt":{"rendered":"<p>Elegir el sof\u00e1 perfecto es una decisi\u00f3n crucial, ya que esta pieza se convierte en el coraz\u00f3n de tu sala. Su dise\u00f1o no solo debe reflejar tu estilo personal, sino tambi\u00e9n adaptarse a las necesidades pr\u00e1cticas de tu hogar. Un sof\u00e1 c\u00f3modo y bien elegido mejora tanto la est\u00e9tica como la funcionalidad del espacio. Antes [&hellip;]<\/p>\n","protected":false},"author":618,"featured_media":32866,"comment_status":"open","ping_status":"open","sticky":false,"template":"","format":"standard","meta":{"site-sidebar-layout":"default","site-content-layout":"","ast-site-content-layout":"default","site-content-style":"default","site-sidebar-style":"default","ast-global-header-display":"","ast-banner-title-visibility":"","ast-main-header-display":"","ast-hfb-above-header-display":"","ast-hfb-below-header-display":"","ast-hfb-mobile-header-display":"","site-post-title":"","ast-breadcrumbs-content":"","ast-featured-img":"","footer-sml-layout":"","ast-disable-related-posts":"","theme-transparent-header-meta":"","adv-header-id-meta":"","stick-header-meta":"","header-above-stick-meta":"","header-main-stick-meta":"","header-below-stick-meta":"","astra-migrate-meta-layouts":"set","ast-page-background-enabled":"default","ast-page-background-meta":{"desktop":{"background-color":"var(--ast-global-color-4)","background-image":"","background-repeat":"repeat","background-position":"center center","background-size":"auto","background-attachment":"scroll","background-type":"","background-media":"","overlay-type":"","overlay-color":"","overlay-opacity":"","overlay-gradient":""},"tablet":{"background-color":"","background-image":"","background-repeat":"repeat","background-position":"center center","background-size":"auto","background-attachment":"scroll","background-type":"","background-media":"","overlay-type":"","overlay-color":"","overlay-opacity":"","overlay-gradient":""},"mobile":{"background-color":"","background-image":"","background-repeat":"repeat","background-position":"center center","background-size":"auto","background-attachment":"scroll","background-type":"","background-media":"","overlay-type":"","overlay-color":"","overlay-opacity":"","overlay-gradient":""}},"ast-content-background-meta":{"desktop":{"background-color":"var(--ast-global-color-5)","background-image":"","background-repeat":"repeat","background-position":"center center","background-size":"auto","background-attachment":"scroll","background-type":"","background-media":"","overlay-type":"","overlay-color":"","overlay-opacity":"","overlay-gradient":""},"tablet":{"background-color":"var(--ast-global-color-5)","background-image":"","background-repeat":"repeat","background-position":"center center","background-size":"auto","background-attachment":"scroll","background-type":"","background-media":"","overlay-type":"","overlay-color":"","overlay-opacity":"","overlay-gradient":""},"mobile":{"background-color":"var(--ast-global-color-5)","background-image":"","background-repeat":"repeat","background-position":"center center","background-size":"auto","background-attachment":"scroll","background-type":"","background-media":"","overlay-type":"","overlay-color":"","overlay-opacity":"","overlay-gradient":""}},"_joinchat":[],"footnotes":""},"categories":[1],"tags":[],"class_list":["post-32864","post","type-post","status-publish","format-standard","has-post-thumbnail","hentry","category-sin-categoria"],"_links":{"self":[{"href":"https:\/\/mueblesdetena.es\/ru_ru\/wp-json\/wp\/v2\/posts\/32864","targetHints":{"allow":["GET"]}}],"collection":[{"href":"https:\/\/mueblesdetena.es\/ru_ru\/wp-json\/wp\/v2\/posts"}],"about":[{"href":"https:\/\/mueblesdetena.es\/ru_ru\/wp-json\/wp\/v2\/types\/post"}],"author":[{"embeddable":true,"href":"https:\/\/mueblesdetena.es\/ru_ru\/wp-json\/wp\/v2\/users\/618"}],"replies":[{"embeddable":true,"href":"https:\/\/mueblesdetena.es\/ru_ru\/wp-json\/wp\/v2\/comments?post=32864"}],"version-history":[{"count":1,"href":"https:\/\/mueblesdetena.es\/ru_ru\/wp-json\/wp\/v2\/posts\/32864\/revisions"}],"predecessor-version":[{"id":32872,"href":"https:\/\/mueblesdetena.es\/ru_ru\/wp-json\/wp\/v2\/posts\/32864\/revisions\/32872"}],"wp:featuredmedia":[{"embeddable":true,"href":"https:\/\/mueblesdetena.es\/ru_ru\/wp-json\/wp\/v2\/media\/32866"}],"wp:attachment":[{"href":"https:\/\/mueblesdetena.es\/ru_ru\/wp-json\/wp\/v2\/media?parent=32864"}],"wp:term":[{"taxonomy":"category","embeddable":true,"href":"https:\/\/mueblesdetena.es\/ru_ru\/wp-json\/wp\/v2\/categories?post=32864"},{"taxonomy":"post_tag","embeddable":true,"href":"https:\/\/mueblesdetena.es\/ru_ru\/wp-json\/wp\/v2\/tags?post=32864"}],"curies":[{"name":"wp","href":"https:\/\/api.w.org\/{rel}","templated":true}]}}