{"id":33227,"date":"2024-12-12T09:00:00","date_gmt":"2024-12-12T08:00:00","guid":{"rendered":"https:\/\/mueblesdetena.es\/?p=33227"},"modified":"2024-12-12T13:39:27","modified_gmt":"2024-12-12T12:39:27","slug":"muebles-para-nomadas","status":"publish","type":"post","link":"https:\/\/mueblesdetena.es\/ru_ru\/muebles-para-nomadas\/","title":{"rendered":"Muebles para n\u00f3madas: 10 ideas de funcionalidad y estilo en movimiento"},"content":{"rendered":"<p class=\"has-medium-font-size wp-block-paragraph\">Vivir en constante movimiento no significa renunciar al estilo ni a la funcionalidad en el hogar. <strong>Para los n\u00f3madas modernos, los espacios deben adaptarse a un estilo de vida din\u00e1mico, donde cada rinc\u00f3n se aprovecha con inteligencia<\/strong>. Aqu\u00ed, los muebles para n\u00f3madas se convierten en aliados indispensables, combinando dise\u00f1o contempor\u00e1neo con practicidad.<\/p>\n\n\n\n<p class=\"has-medium-font-size wp-block-paragraph\">Estos muebles <strong>no solo ofrecen soluciones vers\u00e1tiles para espacios peque\u00f1os, sino que tambi\u00e9n destacan por su est\u00e9tica impecable<\/strong>. Desde sof\u00e1s que se transforman en camas hasta mesas plegables que optimizan cualquier ambiente, las opciones actuales permiten a los n\u00f3madas disfrutar de ambientes acogedores y organizados, sin importar cu\u00e1ntas veces cambien de direcci\u00f3n.<\/p>\n\n\n\n<p class=\"has-medium-font-size wp-block-paragraph\">En este art\u00edculo, exploraremos<strong> 10 ideas excepcionales que demuestran c\u00f3mo los muebles para n\u00f3madas pueden elevar la funcionalidad de cualquier hogar<\/strong>, sin sacrificar el buen gusto. Prep\u00e1rate para inspirarte y descubrir c\u00f3mo transformar tu espacio con piezas que se adaptan a tu ritmo de vida.<\/p>\n\n\n\n<div style=\"height:50px\" aria-hidden=\"true\" class=\"wp-block-spacer\"><\/div>\n\n\n\n<div id=\"ez-toc-container\" class=\"ez-toc-v2_0_85 ez-toc-wrap-center counter-hierarchy ez-toc-counter ez-toc-grey ez-toc-container-direction\">\n<div class=\"ez-toc-title-container\">\n<p class=\"ez-toc-title\" style=\"cursor:inherit\">Tabla de contenidos<\/p>\n<span class=\"ez-toc-title-toggle\"><a href=\"#\" class=\"ez-toc-pull-right ez-toc-btn ez-toc-btn-xs ez-toc-btn-default ez-toc-toggle\" aria-label=\"Toggle Table of Content\"><span class=\"ez-toc-js-icon-con\"><span class=\"\"><span class=\"eztoc-hide\" style=\"display:none;\">Toggle<\/span><span class=\"ez-toc-icon-toggle-span\"><svg style=\"fill: #999;color:#999\" xmlns=\"http:\/\/www.w3.org\/2000\/svg\" class=\"list-377408\" width=\"20px\" height=\"20px\" viewbox=\"0 0 24 24\" fill=\"none\"><path d=\"M6 6H4v2h2V6zm14 0H8v2h12V6zM4 11h2v2H4v-2zm16 0H8v2h12v-2zM4 16h2v2H4v-2zm16 0H8v2h12v-2z\" fill=\"currentColor\"><\/path><\/svg><svg style=\"fill: #999;color:#999\" class=\"arrow-unsorted-368013\" xmlns=\"http:\/\/www.w3.org\/2000\/svg\" width=\"10px\" height=\"10px\" viewbox=\"0 0 24 24\" version=\"1.2\" baseprofile=\"tiny\"><path d=\"M18.2 9.3l-6.2-6.3-6.2 6.3c-.2.2-.3.4-.3.7s.1.5.3.7c.2.2.4.3.7.3h11c.3 0 .5-.1.7-.3.2-.2.3-.5.3-.7s-.1-.5-.3-.7zM5.8 14.7l6.2 6.3 6.2-6.3c.2-.2.3-.5.3-.7s-.1-.5-.3-.7c-.2-.2-.4-.3-.7-.3h-11c-.3 0-.5.1-.7.3-.2.2-.3.5-.3.7s.1.5.3.7z\"\/><\/svg><\/span><\/span><\/span><\/a><\/span><\/div>\n<nav><ul class='ez-toc-list ez-toc-list-level-1' ><li class='ez-toc-page-1 ez-toc-heading-level-2'><a class=\"ez-toc-link ez-toc-heading-1\" href=\"https:\/\/mueblesdetena.es\/ru_ru\/muebles-para-nomadas\/#1_Mesas_plegables_y_portatiles\" >1. Mesas plegables y port\u00e1tiles<\/a><\/li><li class='ez-toc-page-1 ez-toc-heading-level-2'><a class=\"ez-toc-link ez-toc-heading-2\" href=\"https:\/\/mueblesdetena.es\/ru_ru\/muebles-para-nomadas\/#2_Camas_plegables_horizontales\" >2. Camas plegables horizontales<\/a><\/li><li class='ez-toc-page-1 ez-toc-heading-level-2'><a class=\"ez-toc-link ez-toc-heading-3\" href=\"https:\/\/mueblesdetena.es\/ru_ru\/muebles-para-nomadas\/#3_Sillas_ergonomicas_desmontables\" >3. Sillas ergon\u00f3micas desmontables<\/a><\/li><li class='ez-toc-page-1 ez-toc-heading-level-2'><a class=\"ez-toc-link ez-toc-heading-4\" href=\"https:\/\/mueblesdetena.es\/ru_ru\/muebles-para-nomadas\/#4_Sofas_convertibles\" >4. Sof\u00e1s convertibles<\/a><\/li><li class='ez-toc-page-1 ez-toc-heading-level-2'><a class=\"ez-toc-link ez-toc-heading-5\" href=\"https:\/\/mueblesdetena.es\/ru_ru\/muebles-para-nomadas\/#5_Estanterias_modulares\" >5. Estanter\u00edas modulares<\/a><\/li><li class='ez-toc-page-1 ez-toc-heading-level-2'><a class=\"ez-toc-link ez-toc-heading-6\" href=\"https:\/\/mueblesdetena.es\/ru_ru\/muebles-para-nomadas\/#6_Escritorios_compactos_y_plegables\" >6. Escritorios compactos y plegables<\/a><\/li><li class='ez-toc-page-1 ez-toc-heading-level-2'><a class=\"ez-toc-link ez-toc-heading-7\" href=\"https:\/\/mueblesdetena.es\/ru_ru\/muebles-para-nomadas\/#7_Baules_decorativos_multifuncionales\" >7. Ba\u00fales decorativos multifuncionales<\/a><\/li><li class='ez-toc-page-1 ez-toc-heading-level-2'><a class=\"ez-toc-link ez-toc-heading-8\" href=\"https:\/\/mueblesdetena.es\/ru_ru\/muebles-para-nomadas\/#8_Taburetes_apilables\" >8. Taburetes apilables<\/a><\/li><li class='ez-toc-page-1 ez-toc-heading-level-2'><a class=\"ez-toc-link ez-toc-heading-9\" href=\"https:\/\/mueblesdetena.es\/ru_ru\/muebles-para-nomadas\/#9_Armarios_portatiles\" >9. Armarios port\u00e1tiles<\/a><\/li><li class='ez-toc-page-1 ez-toc-heading-level-2'><a class=\"ez-toc-link ez-toc-heading-10\" href=\"https:\/\/mueblesdetena.es\/ru_ru\/muebles-para-nomadas\/#10_Cocinas_compactas_y_moviles\" >10. Cocinas compactas y m\u00f3viles<\/a><\/li><\/ul><\/nav><\/div>\n<h2 class=\"wp-block-heading\"><span class=\"ez-toc-section\" id=\"1_Mesas_plegables_y_portatiles\"><\/span>1. Mesas plegables y port\u00e1tiles<span class=\"ez-toc-section-end\"><\/span><\/h2>\n\n\n\n<p class=\"has-medium-font-size wp-block-paragraph\">En el din\u00e1mico mundo de los muebles para n\u00f3madas, las <a href=\"https:\/\/mueblesdetena.es\/ru_ru\/mesas\/\">mesas plegables y port\u00e1tiles<\/a> se erigen como una soluci\u00f3n indispensable. <strong>Su dise\u00f1o inteligente combina practicidad y estilo, permitiendo adaptarse a cualquier espacio sin sacrificar la est\u00e9tica<\/strong>. Ya sea para trabajar, estudiar o disfrutar de una comida, estas mesas ofrecen versatilidad y comodidad en igual medida.<\/p>\n\n\n\n<p class=\"has-medium-font-size wp-block-paragraph\">Fabricadas con <strong>materiales ligeros pero resistentes, como el bamb\u00fa o el aluminio, estas mesas son f\u00e1ciles de transportar y almacenar<\/strong>. Su capacidad de plegarse en cuesti\u00f3n de segundos facilita la vida de quienes est\u00e1n en constante movimiento. Adem\u00e1s, los acabados modernos y minimalistas las convierten en piezas decorativas que se integran perfectamente en cualquier entorno.<\/p>\n\n\n\n<p class=\"has-medium-font-size wp-block-paragraph\">El dise\u00f1o multifuncional es otro aspecto clave. <strong>Muchas mesas plegables incluyen compartimentos para almacenamiento oculto o superficies extensibles, maximizando su utilidad<\/strong>. Estas caracter\u00edsticas son especialmente valoradas por los n\u00f3madas digitales, quienes necesitan espacios funcionales que puedan desmontarse r\u00e1pidamente y adaptarse a nuevas ubicaciones.<\/p>\n\n\n\n<p class=\"has-medium-font-size wp-block-paragraph\">Adem\u00e1s de su funcionalidad, estas mesas <strong>destacan por su capacidad de transformar espacios peque\u00f1os en \u00e1reas pr\u00e1cticas y acogedoras<\/strong>. Desde un rinc\u00f3n improvisado en un apartamento temporal hasta un \u00e1rea de trabajo en un coworking, las mesas plegables son una muestra de c\u00f3mo los muebles para n\u00f3madas pueden ser ingeniosos y sofisticados.<\/p>\n\n\n\n<p class=\"has-medium-font-size wp-block-paragraph\">Elegir una mesa plegable no solo es una decisi\u00f3n pr\u00e1ctica, sino tambi\u00e9n una declaraci\u00f3n de estilo y compromiso con la flexibilidad. Para quienes valoran el dise\u00f1o y la movilidad, estas mesas representan la perfecta armon\u00eda entre funcionalidad y elegancia, una aut\u00e9ntica joya en el universo de los muebles para n\u00f3madas.<\/p>\n\n\n\n<div style=\"height:50px\" aria-hidden=\"true\" class=\"wp-block-spacer\"><\/div>\n\n\n\n<figure class=\"wp-block-image alignfull size-full\"><img fetchpriority=\"high\" decoding=\"async\" width=\"2560\" height=\"1436\" src=\"https:\/\/mueblesdetena.es\/wp-content\/uploads\/2024\/12\/muebles-nomadas-2-scaled.jpg\" alt=\"muebles para n\u00f3madas\" class=\"wp-image-33240\" srcset=\"https:\/\/mueblesdetena.es\/wp-content\/uploads\/2024\/12\/muebles-nomadas-2-scaled.jpg 2560w, https:\/\/mueblesdetena.es\/wp-content\/uploads\/2024\/12\/muebles-nomadas-2-300x168.jpg 300w, https:\/\/mueblesdetena.es\/wp-content\/uploads\/2024\/12\/muebles-nomadas-2-1024x574.jpg 1024w, https:\/\/mueblesdetena.es\/wp-content\/uploads\/2024\/12\/muebles-nomadas-2-768x431.jpg 768w, https:\/\/mueblesdetena.es\/wp-content\/uploads\/2024\/12\/muebles-nomadas-2-1536x861.jpg 1536w, https:\/\/mueblesdetena.es\/wp-content\/uploads\/2024\/12\/muebles-nomadas-2-2048x1149.jpg 2048w, https:\/\/mueblesdetena.es\/wp-content\/uploads\/2024\/12\/muebles-nomadas-2-600x336.jpg 600w\" sizes=\"(max-width: 2560px) 100vw, 2560px\" \/><\/figure>\n\n\n\n<div style=\"height:50px\" aria-hidden=\"true\" class=\"wp-block-spacer\"><\/div>\n\n\n\n<h2 class=\"wp-block-heading\"><span class=\"ez-toc-section\" id=\"2_Camas_plegables_horizontales\"><\/span>2. Camas plegables horizontales<span class=\"ez-toc-section-end\"><\/span><\/h2>\n\n\n\n<p class=\"has-medium-font-size wp-block-paragraph\">Las camas plegables horizontales se han convertido en una soluci\u00f3n imprescindible dentro del universo de los muebles para n\u00f3madas. <strong>Dise\u00f1adas para aprovechar al m\u00e1ximo los espacios reducidos, estas piezas ofrecen una combinaci\u00f3n de comodidad y est\u00e9tica<\/strong> que transforma cualquier ambiente en un lugar acogedor y funcional, sin comprometer el dise\u00f1o del hogar.<\/p>\n\n\n\n<p class=\"has-medium-font-size wp-block-paragraph\">Este tipo de camas son ideales para quienes buscan maximizar el espacio en habitaciones peque\u00f1as. <strong>Su estructura permite que se plieguen contra la pared cuando no se utilizan, dejando libre el \u00e1rea para otros usos<\/strong>. Los acabados modernos, como madera laminada o lacados brillantes, integran estas camas de manera armoniosa en cualquier estilo decorativo.<\/p>\n\n\n\n<p class=\"has-medium-font-size wp-block-paragraph\"><strong>Una de las grandes ventajas de las camas plegables horizontales es la incorporaci\u00f3n de sistemas hidr\u00e1ulicos o mecanismos de f\u00e1cil uso, que garantizan una manipulaci\u00f3n segura y sin esfuerzo<\/strong>. Esto resulta especialmente \u00fatil para los n\u00f3madas que constantemente redise\u00f1an sus espacios seg\u00fan las necesidades del momento, haciendo que cada metro cuadrado cuente.<\/p>\n\n\n\n<p class=\"has-medium-font-size wp-block-paragraph\">Adem\u00e1s, <strong>muchas de estas camas incluyen opciones de almacenamiento integrado, como estanter\u00edas o compartimentos ocultos en su estructura<\/strong>. Estas caracter\u00edsticas no solo optimizan el espacio, sino que tambi\u00e9n permiten mantener el orden y la organizaci\u00f3n, algo fundamental para quienes viven en constante movimiento.<\/p>\n\n\n\n<p class=\"has-medium-font-size wp-block-paragraph\">En el mercado actual, las camas plegables horizontales est\u00e1n disponibles en una amplia variedad de dise\u00f1os y tama\u00f1os, adapt\u00e1ndose tanto a estudios urbanos como a espacios multifuncionales. Como parte esencial de los muebles para n\u00f3madas, estas piezas redefinen el concepto de comodidad sin sacrificar el estilo ni la practicidad.<\/p>\n\n\n\n<div style=\"height:50px\" aria-hidden=\"true\" class=\"wp-block-spacer\"><\/div>\n\n\n\n<figure class=\"wp-block-image alignfull size-full\"><img decoding=\"async\" width=\"2560\" height=\"1436\" src=\"https:\/\/mueblesdetena.es\/wp-content\/uploads\/2024\/12\/muebles-nomadas-3-scaled.jpg\" alt=\"muebles para n\u00f3madas\" class=\"wp-image-33241\" srcset=\"https:\/\/mueblesdetena.es\/wp-content\/uploads\/2024\/12\/muebles-nomadas-3-scaled.jpg 2560w, https:\/\/mueblesdetena.es\/wp-content\/uploads\/2024\/12\/muebles-nomadas-3-300x168.jpg 300w, https:\/\/mueblesdetena.es\/wp-content\/uploads\/2024\/12\/muebles-nomadas-3-1024x574.jpg 1024w, https:\/\/mueblesdetena.es\/wp-content\/uploads\/2024\/12\/muebles-nomadas-3-768x431.jpg 768w, https:\/\/mueblesdetena.es\/wp-content\/uploads\/2024\/12\/muebles-nomadas-3-1536x861.jpg 1536w, https:\/\/mueblesdetena.es\/wp-content\/uploads\/2024\/12\/muebles-nomadas-3-2048x1149.jpg 2048w, https:\/\/mueblesdetena.es\/wp-content\/uploads\/2024\/12\/muebles-nomadas-3-600x336.jpg 600w\" sizes=\"(max-width: 2560px) 100vw, 2560px\" \/><\/figure>\n\n\n\n<div style=\"height:50px\" aria-hidden=\"true\" class=\"wp-block-spacer\"><\/div>\n\n\n\n<h2 class=\"wp-block-heading\"><span class=\"ez-toc-section\" id=\"3_Sillas_ergonomicas_desmontables\"><\/span>3. Sillas ergon\u00f3micas desmontables<span class=\"ez-toc-section-end\"><\/span><\/h2>\n\n\n\n<p class=\"has-medium-font-size wp-block-paragraph\">Para quienes llevan un estilo de vida m\u00f3vil, las <a href=\"https:\/\/mueblesdetena.es\/ru_ru\/sillas\/\">sillas ergon\u00f3micas desmontables<\/a> son un ejemplo perfecto de funcionalidad y dise\u00f1o. <strong>Estas piezas no solo garantizan el confort necesario para largas jornadas de trabajo o relajaci\u00f3n, sino que tambi\u00e9n se adaptan f\u00e1cilmente a espacios reducidos<\/strong>, ideales para los amantes de los muebles para n\u00f3madas.<\/p>\n\n\n\n<p class=\"has-medium-font-size wp-block-paragraph\"><strong>El dise\u00f1o de estas sillas se centra en la ergonom\u00eda, proporcionando soporte lumbar y ajust\u00e1ndose a la postura correcta del cuerpo<\/strong>. Esto resulta crucial para los n\u00f3madas digitales que trabajan desde diferentes ubicaciones, como apartamentos temporales o espacios compartidos. <strong>Adem\u00e1s, muchas de estas sillas cuentan con materiales resistentes y ligeros, perfectos para su transporte frecuente<\/strong>.<\/p>\n\n\n\n<p class=\"has-medium-font-size wp-block-paragraph\">Otro atractivo de las sillas desmontables es su capacidad para optimizar el almacenamiento. Gracias a sistemas de ensamblaje r\u00e1pido, <strong>estas sillas pueden montarse y desmontarse en cuesti\u00f3n de minutos, permitiendo que sean guardadas f\u00e1cilmente cuando no est\u00e1n en uso<\/strong>. Esto las convierte en una opci\u00f3n imprescindible dentro del cat\u00e1logo de muebles para n\u00f3madas.<\/p>\n\n\n\n<p class=\"has-medium-font-size wp-block-paragraph\">El estilo no queda atr\u00e1s, ya que <strong>estas sillas combinan elegancia con practicidad<\/strong>. Desde acabados en madera hasta dise\u00f1os modernos en metal o pl\u00e1stico reciclado, estas piezas aportan un toque de sofisticaci\u00f3n al hogar de cualquier n\u00f3mada. Su versatilidad les permite integrarse en una variedad de estilos decorativos.<\/p>\n\n\n\n<p class=\"has-medium-font-size wp-block-paragraph\">Finalmente, estas sillas suelen ser muy duraderas, con estructuras dise\u00f1adas para soportar el uso intensivo. Al invertir en una silla ergon\u00f3mica desmontable, no solo se obtiene comodidad, sino tambi\u00e9n un aliado confiable para cualquier aventura. Sin duda, son una soluci\u00f3n imprescindible en el mundo de los muebles para n\u00f3madas.<\/p>\n\n\n\n<div style=\"height:50px\" aria-hidden=\"true\" class=\"wp-block-spacer\"><\/div>\n\n\n\n<figure class=\"wp-block-image alignfull size-full\"><img decoding=\"async\" width=\"2560\" height=\"1436\" src=\"https:\/\/mueblesdetena.es\/wp-content\/uploads\/2024\/12\/muebles-nomadas-4-scaled.jpg\" alt=\"muebles para n\u00f3madas\" class=\"wp-image-33243\" srcset=\"https:\/\/mueblesdetena.es\/wp-content\/uploads\/2024\/12\/muebles-nomadas-4-scaled.jpg 2560w, https:\/\/mueblesdetena.es\/wp-content\/uploads\/2024\/12\/muebles-nomadas-4-300x168.jpg 300w, https:\/\/mueblesdetena.es\/wp-content\/uploads\/2024\/12\/muebles-nomadas-4-1024x574.jpg 1024w, https:\/\/mueblesdetena.es\/wp-content\/uploads\/2024\/12\/muebles-nomadas-4-768x431.jpg 768w, https:\/\/mueblesdetena.es\/wp-content\/uploads\/2024\/12\/muebles-nomadas-4-1536x861.jpg 1536w, https:\/\/mueblesdetena.es\/wp-content\/uploads\/2024\/12\/muebles-nomadas-4-2048x1149.jpg 2048w, https:\/\/mueblesdetena.es\/wp-content\/uploads\/2024\/12\/muebles-nomadas-4-600x336.jpg 600w\" sizes=\"(max-width: 2560px) 100vw, 2560px\" \/><\/figure>\n\n\n\n<div style=\"height:50px\" aria-hidden=\"true\" class=\"wp-block-spacer\"><\/div>\n\n\n\n<h2 class=\"wp-block-heading\"><span class=\"ez-toc-section\" id=\"4_Sofas_convertibles\"><\/span>4. Sof\u00e1s convertibles<span class=\"ez-toc-section-end\"><\/span><\/h2>\n\n\n\n<p class=\"has-medium-font-size wp-block-paragraph\">En el universo de los muebles para n\u00f3madas, los sof\u00e1s convertibles destacan como aut\u00e9nticos h\u00e9roes del dise\u00f1o multifuncional. <strong>Estas piezas combinan est\u00e9tica y utilidad al transformarse de c\u00f3modos asientos en camas pr\u00e1cticas y acogedoras<\/strong>. Perfectos para quienes viven en espacios reducidos o necesitan soluciones vers\u00e1tiles, los sof\u00e1s convertibles son esenciales para un hogar que se adapta constantemente.<\/p>\n\n\n\n<p class=\"has-medium-font-size wp-block-paragraph\">Su dise\u00f1o no solo es pr\u00e1ctico, sino tambi\u00e9n elegante. <strong>Los <a href=\"https:\/\/mueblesdetena.es\/ru_ru\/sofas-cama\/\">sof\u00e1s convertibles<\/a> actuales ofrecen acabados en telas resistentes, texturas suaves y una paleta de colores que se integran f\u00e1cilmente en cualquier estilo decorativo<\/strong>. Desde l\u00edneas modernas hasta formas m\u00e1s cl\u00e1sicas, hay opciones que combinan perfectamente con el esp\u00edritu libre de los n\u00f3madas, sin renunciar a un toque de sofisticaci\u00f3n.<\/p>\n\n\n\n<p class=\"has-medium-font-size wp-block-paragraph\">Una de las grandes ventajas de estos muebles para n\u00f3madas es su facilidad de uso. <strong>Con mecanismos simples pero robustos, transformar el sof\u00e1 en cama se convierte en una tarea r\u00e1pida y sin complicaciones<\/strong>. Esto los hace ideales para quienes reciben visitas ocasionales o necesitan optimizar el espacio en hogares temporales, manteniendo siempre una experiencia de confort.<\/p>\n\n\n\n<p class=\"has-medium-font-size wp-block-paragraph\">Adem\u00e1s, los sof\u00e1s convertibles <strong>pueden incluir <a href=\"https:\/\/mueblesdetena.es\/ru_ru\/sofa-chaise-longue-express-milan%c2%a8-2\/\">espacios de almacenamiento integrados<\/a>, perfectos para guardar ropa de cama o almohadas<\/strong>. Esta caracter\u00edstica los convierte en una soluci\u00f3n completa, ideal para maximizar el uso del espacio en apartamentos peque\u00f1os, estudios o casas m\u00f3viles, donde cada cent\u00edmetro cuenta.<\/p>\n\n\n\n<p class=\"has-medium-font-size wp-block-paragraph\">Por \u00faltimo, <strong>los materiales utilizados en su fabricaci\u00f3n est\u00e1n pensados para durar, algo esencial para quienes cambian de lugar con frecuencia<\/strong>. Elegir un sof\u00e1 convertible no solo significa optar por comodidad y estilo, sino tambi\u00e9n por una inversi\u00f3n inteligente que acompa\u00f1a al usuario en cada etapa de su vida n\u00f3mada.<\/p>\n\n\n\n<div style=\"height:50px\" aria-hidden=\"true\" class=\"wp-block-spacer\"><\/div>\n\n\n\n<figure class=\"wp-block-image alignfull size-full\"><img loading=\"lazy\" decoding=\"async\" width=\"2560\" height=\"1436\" src=\"https:\/\/mueblesdetena.es\/wp-content\/uploads\/2024\/12\/muebles-nomadas-5-scaled.jpg\" alt=\"muebles para n\u00f3madas\" class=\"wp-image-33245\" srcset=\"https:\/\/mueblesdetena.es\/wp-content\/uploads\/2024\/12\/muebles-nomadas-5-scaled.jpg 2560w, https:\/\/mueblesdetena.es\/wp-content\/uploads\/2024\/12\/muebles-nomadas-5-300x168.jpg 300w, https:\/\/mueblesdetena.es\/wp-content\/uploads\/2024\/12\/muebles-nomadas-5-1024x574.jpg 1024w, https:\/\/mueblesdetena.es\/wp-content\/uploads\/2024\/12\/muebles-nomadas-5-768x431.jpg 768w, https:\/\/mueblesdetena.es\/wp-content\/uploads\/2024\/12\/muebles-nomadas-5-1536x861.jpg 1536w, https:\/\/mueblesdetena.es\/wp-content\/uploads\/2024\/12\/muebles-nomadas-5-2048x1149.jpg 2048w, https:\/\/mueblesdetena.es\/wp-content\/uploads\/2024\/12\/muebles-nomadas-5-600x336.jpg 600w\" sizes=\"(max-width: 2560px) 100vw, 2560px\" \/><\/figure>\n\n\n\n<div style=\"height:50px\" aria-hidden=\"true\" class=\"wp-block-spacer\"><\/div>\n\n\n\n<h2 class=\"wp-block-heading\"><span class=\"ez-toc-section\" id=\"5_Estanterias_modulares\"><\/span>5. Estanter\u00edas modulares<span class=\"ez-toc-section-end\"><\/span><\/h2>\n\n\n\n<p class=\"has-medium-font-size wp-block-paragraph\">Las estanter\u00edas modulares son la soluci\u00f3n perfecta para quienes buscan un equilibrio entre funcionalidad y est\u00e9tica en sus espacios. Este tipo de muebles para n\u00f3madas <strong>destaca por su versatilidad, permitiendo adaptarse a diferentes configuraciones y tama\u00f1os de habitaciones<\/strong>. Ya sea que necesites un sistema de almacenamiento compacto o un elemento decorativo, las opciones modulares ofrecen infinitas posibilidades.<\/p>\n\n\n\n<p class=\"has-medium-font-size wp-block-paragraph\">Lo que hace \u00fanicas a estas estanter\u00edas es su capacidad para crecer contigo. <strong>Puedes comenzar con un dise\u00f1o b\u00e1sico y, a medida que cambian tus necesidades, a\u00f1adir m\u00e1s m\u00f3dulos o reconfigurar su estructura<\/strong>. Este enfoque din\u00e1mico las convierte en piezas ideales para quienes cambian de residencia con frecuencia, manteniendo siempre un estilo impecable y ordenado.<\/p>\n\n\n\n<p class=\"has-medium-font-size wp-block-paragraph\">Adem\u00e1s de su funcionalidad, las estanter\u00edas modulares destacan por sus dise\u00f1os innovadores y materiales contempor\u00e1neos. <strong>Desde acabados en madera natural hasta estructuras met\u00e1licas minimalistas, son ideales para complementar cualquier estilo de decoraci\u00f3n<\/strong>. Incorporarlas a tu hogar no solo optimiza el espacio, sino que tambi\u00e9n aporta un toque de sofisticaci\u00f3n y personalidad.<\/p>\n\n\n\n<p class=\"has-medium-font-size wp-block-paragraph\">La movilidad es otro de sus puntos fuertes. <strong>Al ser ligeras y desmontables, estas estanter\u00edas se transportan f\u00e1cilmente, lo que resulta esencial para los n\u00f3madas modernos<\/strong>. Puedes desmontarlas en minutos y reensamblarlas en tu nuevo hogar sin esfuerzo, adapt\u00e1ndose de manera perfecta al nuevo entorno.<\/p>\n\n\n\n<p class=\"has-medium-font-size wp-block-paragraph\">Por \u00faltimo, su funcionalidad no sacrifica el dise\u00f1o. Estas piezas son <strong>ideales para exhibir libros, objetos decorativos o incluso servir como separadores de ambientes<\/strong>. En definitiva, las estanter\u00edas modulares representan la esencia de los muebles para n\u00f3madas: pr\u00e1cticos, elegantes y adaptativos.<\/p>\n\n\n\n<div style=\"height:50px\" aria-hidden=\"true\" class=\"wp-block-spacer\"><\/div>\n\n\n\n<figure class=\"wp-block-image alignfull size-full\"><img loading=\"lazy\" decoding=\"async\" width=\"2560\" height=\"1436\" src=\"https:\/\/mueblesdetena.es\/wp-content\/uploads\/2024\/12\/muebles-nomadas-6-scaled.jpg\" alt=\"muebles para n\u00f3madas\" class=\"wp-image-33246\" srcset=\"https:\/\/mueblesdetena.es\/wp-content\/uploads\/2024\/12\/muebles-nomadas-6-scaled.jpg 2560w, https:\/\/mueblesdetena.es\/wp-content\/uploads\/2024\/12\/muebles-nomadas-6-300x168.jpg 300w, https:\/\/mueblesdetena.es\/wp-content\/uploads\/2024\/12\/muebles-nomadas-6-1024x574.jpg 1024w, https:\/\/mueblesdetena.es\/wp-content\/uploads\/2024\/12\/muebles-nomadas-6-768x431.jpg 768w, https:\/\/mueblesdetena.es\/wp-content\/uploads\/2024\/12\/muebles-nomadas-6-1536x861.jpg 1536w, https:\/\/mueblesdetena.es\/wp-content\/uploads\/2024\/12\/muebles-nomadas-6-2048x1149.jpg 2048w, https:\/\/mueblesdetena.es\/wp-content\/uploads\/2024\/12\/muebles-nomadas-6-600x336.jpg 600w\" sizes=\"(max-width: 2560px) 100vw, 2560px\" \/><\/figure>\n\n\n\n<div style=\"height:50px\" aria-hidden=\"true\" class=\"wp-block-spacer\"><\/div>\n\n\n\n<h2 class=\"wp-block-heading\"><span class=\"ez-toc-section\" id=\"6_Escritorios_compactos_y_plegables\"><\/span>6. Escritorios compactos y plegables<span class=\"ez-toc-section-end\"><\/span><\/h2>\n\n\n\n<p class=\"has-medium-font-size wp-block-paragraph\">Para los n\u00f3madas modernos, el equilibrio entre funcionalidad y dise\u00f1o es esencial, y los <a href=\"https:\/\/mueblesdetena.es\/ru_ru\/composiciones-juveniles\/\">escritorios compactos y plegables<\/a> se presentan como una soluci\u00f3n ideal. Estos muebles, dise\u00f1ados pensando en la versatilidad, <strong>ofrecen un espacio de trabajo eficiente que se adapta a cualquier rinc\u00f3n del hogar, manteniendo un estilo impecable<\/strong>. Perfectos para quienes valoran la movilidad y el orden, son un imprescindible en el mundo de los muebles para n\u00f3madas.<\/p>\n\n\n\n<p class=\"has-medium-font-size wp-block-paragraph\">Una de las principales ventajas de estos escritorios es su capacidad de transformarse con facilidad. <strong>Al estar dise\u00f1ados para plegarse en pocos movimientos, pueden almacenarse detr\u00e1s de una puerta, debajo de una cama o incluso transportarse sin esfuerzo<\/strong>. Esto los convierte en aliados perfectos para quienes cambian de residencia con frecuencia o prefieren espacios despejados.<\/p>\n\n\n\n<p class=\"has-medium-font-size wp-block-paragraph\">Los materiales en los que est\u00e1n fabricados juegan un papel clave en su atractivo. <strong>Madera contrachapada, metal liviano o combinaciones de cristal templado ofrecen opciones para todos los gustos, sin sacrificar la durabilidad<\/strong>. Adem\u00e1s, muchos modelos incluyen acabados minimalistas y tonos neutros que se integran arm\u00f3nicamente en cualquier estilo de decoraci\u00f3n, desde lo moderno hasta lo industrial.<\/p>\n\n\n\n<p class=\"has-medium-font-size wp-block-paragraph\">La funcionalidad no se queda atr\u00e1s, ya que muchos de estos escritorios compactos cuentan con opciones de almacenamiento inteligente. <strong>Estantes incorporados, espacios para cables o incluso superficies ajustables<\/strong> aseguran que, pese a su tama\u00f1o reducido, cumplan con todas las necesidades de un espacio de trabajo eficiente.<\/p>\n\n\n\n<p class=\"has-medium-font-size wp-block-paragraph\">Elegir un escritorio plegable no solo es una decisi\u00f3n pr\u00e1ctica, sino tambi\u00e9n una declaraci\u00f3n de estilo. Dentro del universo de los muebles para n\u00f3madas, representan el equilibrio perfecto entre dise\u00f1o contempor\u00e1neo y adaptabilidad, invitando a disfrutar de un espacio funcional sin comprometer la est\u00e9tica.<\/p>\n\n\n\n<div style=\"height:50px\" aria-hidden=\"true\" class=\"wp-block-spacer\"><\/div>\n\n\n\n<figure class=\"wp-block-image alignfull size-full\"><img loading=\"lazy\" decoding=\"async\" width=\"2560\" height=\"1436\" src=\"https:\/\/mueblesdetena.es\/wp-content\/uploads\/2024\/12\/muebles-nomadas-7-scaled.jpg\" alt=\"muebles para n\u00f3madas\" class=\"wp-image-33247\" srcset=\"https:\/\/mueblesdetena.es\/wp-content\/uploads\/2024\/12\/muebles-nomadas-7-scaled.jpg 2560w, https:\/\/mueblesdetena.es\/wp-content\/uploads\/2024\/12\/muebles-nomadas-7-300x168.jpg 300w, https:\/\/mueblesdetena.es\/wp-content\/uploads\/2024\/12\/muebles-nomadas-7-1024x574.jpg 1024w, https:\/\/mueblesdetena.es\/wp-content\/uploads\/2024\/12\/muebles-nomadas-7-768x431.jpg 768w, https:\/\/mueblesdetena.es\/wp-content\/uploads\/2024\/12\/muebles-nomadas-7-1536x861.jpg 1536w, https:\/\/mueblesdetena.es\/wp-content\/uploads\/2024\/12\/muebles-nomadas-7-2048x1149.jpg 2048w, https:\/\/mueblesdetena.es\/wp-content\/uploads\/2024\/12\/muebles-nomadas-7-600x336.jpg 600w\" sizes=\"(max-width: 2560px) 100vw, 2560px\" \/><\/figure>\n\n\n\n<div style=\"height:50px\" aria-hidden=\"true\" class=\"wp-block-spacer\"><\/div>\n\n\n\n<h2 class=\"wp-block-heading\"><span class=\"ez-toc-section\" id=\"7_Baules_decorativos_multifuncionales\"><\/span>7. Ba\u00fales decorativos multifuncionales<span class=\"ez-toc-section-end\"><\/span><\/h2>\n\n\n\n<p class=\"has-medium-font-size wp-block-paragraph\">Los ba\u00fales decorativos multifuncionales son una opci\u00f3n perfecta dentro de los muebles para n\u00f3madas, <strong>combinando estilo, practicidad y un toque vintage<\/strong> que a\u00f1ade car\u00e1cter a cualquier espacio. Estos vers\u00e1tiles muebles <strong>no solo permiten almacenar ropa, accesorios o utensilios, sino que tambi\u00e9n se integran como elementos decorativos<\/strong>, adapt\u00e1ndose a hogares de distintos tama\u00f1os y estilos.<\/p>\n\n\n\n<p class=\"has-medium-font-size wp-block-paragraph\">Una de sus grandes ventajas es la capacidad de servir como piezas decorativas mientras cumplen funciones pr\u00e1cticas. <strong>Colocados al pie de la cama o en una esquina del sal\u00f3n, los ba\u00fales pueden convertirse en el foco visual de la estancia<\/strong>. Al elegir materiales como madera reciclada o acabados en cuero, aportan una est\u00e9tica c\u00e1lida y personalizada.<\/p>\n\n\n\n<p class=\"has-medium-font-size wp-block-paragraph\">Adem\u00e1s de su funci\u00f3n de almacenamiento, <strong>muchos ba\u00fales decorativos pueden usarse como mesas auxiliares<\/strong>. Esto resulta especialmente \u00fatil en apartamentos peque\u00f1os o espacios compartidos, donde maximizar la funcionalidad de cada mueble es clave. Estos muebles para n\u00f3madas no solo ahorran espacio, sino que tambi\u00e9n aportan un dise\u00f1o original y atractivo.<\/p>\n\n\n\n<p class=\"has-medium-font-size wp-block-paragraph\">Otra caracter\u00edstica destacable es su portabilidad. <strong>Los ba\u00fales decorativos suelen ser ligeros y f\u00e1ciles de mover, una cualidad esencial para quienes cambian de vivienda con frecuencia<\/strong>. Esta flexibilidad permite que estas piezas se integren con facilidad en cualquier nuevo entorno, desde estudios minimalistas hasta casas m\u00e1s amplias.<\/p>\n\n\n\n<p class=\"has-medium-font-size wp-block-paragraph\">Finalmente, los ba\u00fales decorativos multifuncionales <strong>ofrecen infinitas posibilidades de personalizaci\u00f3n<\/strong>. Desde acabados r\u00fasticos hasta dise\u00f1os modernos y minimalistas, estas piezas son ideales para quienes buscan muebles para n\u00f3madas que combinen est\u00e9tica y funcionalidad. Perfectos para quienes aprecian el dise\u00f1o sin renunciar a la practicidad.<\/p>\n\n\n\n<div style=\"height:50px\" aria-hidden=\"true\" class=\"wp-block-spacer\"><\/div>\n\n\n\n<figure class=\"wp-block-image alignfull size-full\"><img loading=\"lazy\" decoding=\"async\" width=\"2560\" height=\"1436\" src=\"https:\/\/mueblesdetena.es\/wp-content\/uploads\/2024\/12\/muebles-nomadas-8-scaled.jpg\" alt=\"muebles para n\u00f3madas\" class=\"wp-image-33257\" srcset=\"https:\/\/mueblesdetena.es\/wp-content\/uploads\/2024\/12\/muebles-nomadas-8-scaled.jpg 2560w, https:\/\/mueblesdetena.es\/wp-content\/uploads\/2024\/12\/muebles-nomadas-8-300x168.jpg 300w, https:\/\/mueblesdetena.es\/wp-content\/uploads\/2024\/12\/muebles-nomadas-8-1024x574.jpg 1024w, https:\/\/mueblesdetena.es\/wp-content\/uploads\/2024\/12\/muebles-nomadas-8-768x431.jpg 768w, https:\/\/mueblesdetena.es\/wp-content\/uploads\/2024\/12\/muebles-nomadas-8-1536x861.jpg 1536w, https:\/\/mueblesdetena.es\/wp-content\/uploads\/2024\/12\/muebles-nomadas-8-2048x1149.jpg 2048w, https:\/\/mueblesdetena.es\/wp-content\/uploads\/2024\/12\/muebles-nomadas-8-600x336.jpg 600w\" sizes=\"(max-width: 2560px) 100vw, 2560px\" \/><\/figure>\n\n\n\n<div style=\"height:50px\" aria-hidden=\"true\" class=\"wp-block-spacer\"><\/div>\n\n\n\n<h2 class=\"wp-block-heading\"><span class=\"ez-toc-section\" id=\"8_Taburetes_apilables\"><\/span>8. Taburetes apilables<span class=\"ez-toc-section-end\"><\/span><\/h2>\n\n\n\n<p class=\"has-medium-font-size wp-block-paragraph\">En el din\u00e1mico mundo de los muebles para n\u00f3madas, los taburetes apilables destacan como una soluci\u00f3n vers\u00e1til y estilizada. Estos peque\u00f1os grandes aliados son <strong>perfectos para aquellos que buscan optimizar espacios reducidos sin comprometer el dise\u00f1o<\/strong>. Disponibles en una amplia gama de materiales, desde pl\u00e1sticos de alta resistencia hasta maderas elegantes, ofrecen una combinaci\u00f3n perfecta de funcionalidad y est\u00e9tica.<\/p>\n\n\n\n<p class=\"has-medium-font-size wp-block-paragraph\"><strong>Uno de los mayores atractivos de los taburetes apilables es su capacidad de almacenamiento eficiente<\/strong>. Cuando no se utilizan, pueden guardarse en una esquina o incluso bajo una mesa, ahorrando un espacio precioso. Este dise\u00f1o inteligente es ideal para hogares temporales, donde cada cent\u00edmetro cuenta y la movilidad es esencial.<\/p>\n\n\n\n<p class=\"has-medium-font-size wp-block-paragraph\">Adem\u00e1s de su practicidad, los taburetes apilables <strong>aportan un toque moderno y juvenil a cualquier ambiente<\/strong>. Ya sea en colores vibrantes para animar un espacio minimalista o en tonos neutros que se integran sutilmente con otros muebles, estos taburetes encarnan el esp\u00edritu adaptable de los muebles para n\u00f3madas.<\/p>\n\n\n\n<p class=\"has-medium-font-size wp-block-paragraph\">Por si fuera poco, <strong>su peso ligero y dise\u00f1o ergon\u00f3mico los convierten en piezas f\u00e1ciles de transportar<\/strong>. Esto es especialmente \u00fatil para aquellos que cambian frecuentemente de residencia, ya que los taburetes pueden desplazarse sin esfuerzo y adaptarse a distintos usos, desde asientos adicionales hasta peque\u00f1as mesas improvisadas.<\/p>\n\n\n\n<p class=\"has-medium-font-size wp-block-paragraph\">Finalmente, los taburetes apilables son una elecci\u00f3n ecol\u00f3gica al estar disponibles en materiales reciclables. Elegir estas piezas no solo optimiza el espacio, sino que tambi\u00e9n refleja un compromiso con un estilo de vida sostenible, esencial en la filosof\u00eda de los muebles para n\u00f3madas.<\/p>\n\n\n\n<div style=\"height:50px\" aria-hidden=\"true\" class=\"wp-block-spacer\"><\/div>\n\n\n\n<figure class=\"wp-block-image alignfull size-large\"><img loading=\"lazy\" decoding=\"async\" width=\"1024\" height=\"574\" src=\"https:\/\/mueblesdetena.es\/wp-content\/uploads\/2024\/12\/muebles-nomadas-9-1-1024x574.jpg\" alt=\"\" class=\"wp-image-33261\" srcset=\"https:\/\/mueblesdetena.es\/wp-content\/uploads\/2024\/12\/muebles-nomadas-9-1-1024x574.jpg 1024w, https:\/\/mueblesdetena.es\/wp-content\/uploads\/2024\/12\/muebles-nomadas-9-1-300x168.jpg 300w, https:\/\/mueblesdetena.es\/wp-content\/uploads\/2024\/12\/muebles-nomadas-9-1-768x431.jpg 768w, https:\/\/mueblesdetena.es\/wp-content\/uploads\/2024\/12\/muebles-nomadas-9-1-1536x861.jpg 1536w, https:\/\/mueblesdetena.es\/wp-content\/uploads\/2024\/12\/muebles-nomadas-9-1-2048x1149.jpg 2048w, https:\/\/mueblesdetena.es\/wp-content\/uploads\/2024\/12\/muebles-nomadas-9-1-600x336.jpg 600w\" sizes=\"(max-width: 1024px) 100vw, 1024px\" \/><\/figure>\n\n\n\n<div style=\"height:50px\" aria-hidden=\"true\" class=\"wp-block-spacer\"><\/div>\n\n\n\n<h2 class=\"wp-block-heading\"><span class=\"ez-toc-section\" id=\"9_Armarios_portatiles\"><\/span>9. Armarios port\u00e1tiles<span class=\"ez-toc-section-end\"><\/span><\/h2>\n\n\n\n<p class=\"has-medium-font-size wp-block-paragraph\">Los <a href=\"https:\/\/mueblesdetena.es\/ru_ru\/armarios\/\">armarios port\u00e1tiles<\/a> son una soluci\u00f3n ingeniosa para los n\u00f3madas modernos que buscan organizar su ropa y accesorios sin renunciar a la practicidad. Estos muebles, <strong>dise\u00f1ados para ser ligeros y f\u00e1ciles de montar, ofrecen un refugio ordenado incluso en los espacios m\u00e1s reducidos<\/strong>, convirti\u00e9ndose en un imprescindible para quienes abrazan un estilo de vida en constante movimiento.<\/p>\n\n\n\n<p class=\"has-medium-font-size wp-block-paragraph\">La versatilidad de los muebles para n\u00f3madas se refleja en la variedad de dise\u00f1os disponibles, <strong>desde armarios de tela con estructuras met\u00e1licas hasta opciones plegables que se guardan con facilidad<\/strong>. Estas piezas no solo destacan por su funcionalidad, sino tambi\u00e9n por su capacidad de adaptarse a diferentes est\u00e9ticas, creando ambientes acogedores en cualquier rinc\u00f3n.<\/p>\n\n\n\n<p class=\"has-medium-font-size wp-block-paragraph\">Algunos modelos <strong>incluyen compartimentos ajustables y bolsillos exteriores, perfectos para maximizar el espacio de almacenamiento sin comprometer la accesibilidad<\/strong>. Gracias a estas caracter\u00edsticas, los armarios port\u00e1tiles permiten tener todo al alcance, desde prendas delicadas hasta calzado, manteniendo un sistema impecable para los n\u00f3madas que buscan orden en su d\u00eda a d\u00eda.<\/p>\n\n\n\n<p class=\"has-medium-font-size wp-block-paragraph\">Otra ventaja de los muebles para n\u00f3madas es la facilidad con la que se pueden transportar. Los armarios port\u00e1tiles <strong>suelen estar hechos de materiales resistentes y livianos que soportan el traj\u00edn de las mudanzas frecuentes<\/strong>. Su dise\u00f1o intuitivo permite montarlos y desmontarlos en minutos, ideal para quienes cambian de lugar con frecuencia.<\/p>\n\n\n\n<p class=\"has-medium-font-size wp-block-paragraph\">Finalmente, estos armarios no solo cumplen una funci\u00f3n pr\u00e1ctica, sino que tambi\u00e9n a\u00f1aden un toque de estilo a los espacios temporales. <strong>Dise\u00f1ados con l\u00edneas modernas y acabados elegantes, se integran perfectamente en cualquier habitaci\u00f3n<\/strong>, demostrando que el estilo y la funcionalidad pueden coexistir en armon\u00eda dentro del mundo de los muebles para n\u00f3madas.<\/p>\n\n\n\n<div style=\"height:50px\" aria-hidden=\"true\" class=\"wp-block-spacer\"><\/div>\n\n\n\n<h2 class=\"wp-block-heading\"><span class=\"ez-toc-section\" id=\"10_Cocinas_compactas_y_moviles\"><\/span>10. Cocinas compactas y m\u00f3viles<span class=\"ez-toc-section-end\"><\/span><\/h2>\n\n\n\n<p class=\"has-medium-font-size wp-block-paragraph\">Las <a href=\"https:\/\/www.granmenaje.com\/placas-y-cocinas-portatiles\" target=\"_blank\" rel=\"noopener\">cocinas compactas y m\u00f3viles<\/a> son una soluci\u00f3n perfecta para los n\u00f3madas que desean disfrutar de una experiencia culinaria completa sin comprometer espacio o funcionalidad. Estos muebles est\u00e1n <strong>dise\u00f1ados para integrar elementos esenciales como fregaderos, hornillos y peque\u00f1os compartimentos de almacenamiento en una unidad compacta<\/strong>, ideal para quienes cambian de residencia con frecuencia o viven en espacios reducidos.<\/p>\n\n\n\n<p class=\"has-medium-font-size wp-block-paragraph\">Una de las grandes ventajas de estas cocinas es su portabilidad. <strong>Con ruedas incorporadas y materiales ligeros, pueden moverse f\u00e1cilmente de una habitaci\u00f3n a otra o incluso entre viviendas<\/strong>. Esta flexibilidad las convierte en una opci\u00f3n atractiva dentro del mundo de los muebles para n\u00f3madas, garantizando comodidad y practicidad sin perder un toque de estilo.<\/p>\n\n\n\n<p class=\"has-medium-font-size wp-block-paragraph\">Adem\u00e1s, estas cocinas suelen ofrecer un dise\u00f1o modular que permite personalizar los componentes seg\u00fan las necesidades espec\u00edficas de cada usuario. Por ejemplo, <strong>algunos modelos incluyen extensiones plegables que ampl\u00edan la superficie de trabajo, mientras que otros cuentan con compartimentos ocultos que optimizan el espacio<\/strong>. Esto las convierte en una pieza funcional y vers\u00e1til, ideal para cualquier estilo de vida n\u00f3mada.<\/p>\n\n\n\n<p class=\"has-medium-font-size wp-block-paragraph\">Los materiales tambi\u00e9n juegan un papel crucial en el dise\u00f1o de estas cocinas. <strong>El uso de acero inoxidable, madera tratada y acabados modernos asegura su durabilidad y resistencia<\/strong>, caracter\u00edsticas indispensables para quienes buscan muebles duraderos y f\u00e1ciles de mantener. Adem\u00e1s, su dise\u00f1o sofisticado las hace encajar perfectamente en cualquier decoraci\u00f3n contempor\u00e1nea.<\/p>\n\n\n\n<p class=\"has-medium-font-size wp-block-paragraph\">Por \u00faltimo, las cocinas compactas y m\u00f3viles representan una fusi\u00f3n perfecta entre dise\u00f1o y funcionalidad. Son m\u00e1s que muebles para n\u00f3madas; son aliados indispensables para quienes desean disfrutar de una experiencia hogare\u00f1a sin importar d\u00f3nde se encuentren. Con su est\u00e9tica moderna y su enfoque pr\u00e1ctico, estas cocinas redefinen el concepto de movilidad en el hogar.<\/p>\n\n\n\n<div style=\"height:50px\" aria-hidden=\"true\" class=\"wp-block-spacer\"><\/div>\n\n\n\n<p class=\"has-medium-font-size wp-block-paragraph\">Los muebles para n\u00f3madas representan una combinaci\u00f3n perfecta de funcionalidad y estilo que se adapta al ritmo de vida moderno. Cada pieza est\u00e1 dise\u00f1ada para optimizar espacios reducidos, ofrecer versatilidad y facilitar el movimiento constante. Desde camas con almacenamiento integrado hasta escritorios compactos, estas soluciones innovadoras demuestran que vivir en movimiento no significa renunciar al confort ni a la est\u00e9tica.<\/p>\n\n\n\n<p class=\"has-medium-font-size wp-block-paragraph\">Incorporar muebles para n\u00f3madas en tu hogar no solo optimiza tu entorno, sino que tambi\u00e9n a\u00f1ade un toque de personalidad y dise\u00f1o \u00fanico. Las estanter\u00edas modulares y los ba\u00fales decorativos, por ejemplo, permiten una flexibilidad infinita, adapt\u00e1ndose a cualquier espacio sin comprometer la funcionalidad. Adem\u00e1s, materiales sostenibles y dise\u00f1os contempor\u00e1neos convierten cada pieza en una declaraci\u00f3n de estilo consciente y pr\u00e1ctico.<\/p>\n\n\n\n<p class=\"has-medium-font-size wp-block-paragraph\">Explorar opciones en muebles para n\u00f3madas es una invitaci\u00f3n a redescubrir c\u00f3mo los espacios pueden transformarse en aliados de un estilo de vida activo y din\u00e1mico. Visita <a href=\"https:\/\/mueblesdetena.es\/ru_ru\/\">Muebles Detena<\/a> para encontrar piezas que har\u00e1n de cada mudanza, cada cambio de lugar, una oportunidad para redefinir tu hogar sin renunciar a la comodidad ni al dise\u00f1o.<\/p>","protected":false},"excerpt":{"rendered":"<p>Vivir en constante movimiento no significa renunciar al estilo ni a la funcionalidad en el hogar. Para los n\u00f3madas modernos, los espacios deben adaptarse a un estilo de vida din\u00e1mico, donde cada rinc\u00f3n se aprovecha con inteligencia. Aqu\u00ed, los muebles para n\u00f3madas se convierten en aliados indispensables, combinando dise\u00f1o contempor\u00e1neo con practicidad. Estos muebles no [&hellip;]<\/p>\n","protected":false},"author":618,"featured_media":33229,"comment_status":"open","ping_status":"open","sticky":false,"template":"","format":"standard","meta":{"site-sidebar-layout":"default","site-content-layout":"","ast-site-content-layout":"default","site-content-style":"default","site-sidebar-style":"default","ast-global-header-display":"","ast-banner-title-visibility":"","ast-main-header-display":"","ast-hfb-above-header-display":"","ast-hfb-below-header-display":"","ast-hfb-mobile-header-display":"","site-post-title":"","ast-breadcrumbs-content":"","ast-featured-img":"","footer-sml-layout":"","ast-disable-related-posts":"","theme-transparent-header-meta":"","adv-header-id-meta":"","stick-header-meta":"","header-above-stick-meta":"","header-main-stick-meta":"","header-below-stick-meta":"","astra-migrate-meta-layouts":"set","ast-page-background-enabled":"default","ast-page-background-meta":{"desktop":{"background-color":"var(--ast-global-color-4)","background-image":"","background-repeat":"repeat","background-position":"center center","background-size":"auto","background-attachment":"scroll","background-type":"","background-media":"","overlay-type":"","overlay-color":"","overlay-opacity":"","overlay-gradient":""},"tablet":{"background-color":"","background-image":"","background-repeat":"repeat","background-position":"center center","background-size":"auto","background-attachment":"scroll","background-type":"","background-media":"","overlay-type":"","overlay-color":"","overlay-opacity":"","overlay-gradient":""},"mobile":{"background-color":"","background-image":"","background-repeat":"repeat","background-position":"center center","background-size":"auto","background-attachment":"scroll","background-type":"","background-media":"","overlay-type":"","overlay-color":"","overlay-opacity":"","overlay-gradient":""}},"ast-content-background-meta":{"desktop":{"background-color":"var(--ast-global-color-5)","background-image":"","background-repeat":"repeat","background-position":"center center","background-size":"auto","background-attachment":"scroll","background-type":"","background-media":"","overlay-type":"","overlay-color":"","overlay-opacity":"","overlay-gradient":""},"tablet":{"background-color":"var(--ast-global-color-5)","background-image":"","background-repeat":"repeat","background-position":"center center","background-size":"auto","background-attachment":"scroll","background-type":"","background-media":"","overlay-type":"","overlay-color":"","overlay-opacity":"","overlay-gradient":""},"mobile":{"background-color":"var(--ast-global-color-5)","background-image":"","background-repeat":"repeat","background-position":"center center","background-size":"auto","background-attachment":"scroll","background-type":"","background-media":"","overlay-type":"","overlay-color":"","overlay-opacity":"","overlay-gradient":""}},"_joinchat":[],"footnotes":""},"categories":[1],"tags":[],"class_list":["post-33227","post","type-post","status-publish","format-standard","has-post-thumbnail","hentry","category-sin-categoria"],"_links":{"self":[{"href":"https:\/\/mueblesdetena.es\/ru_ru\/wp-json\/wp\/v2\/posts\/33227","targetHints":{"allow":["GET"]}}],"collection":[{"href":"https:\/\/mueblesdetena.es\/ru_ru\/wp-json\/wp\/v2\/posts"}],"about":[{"href":"https:\/\/mueblesdetena.es\/ru_ru\/wp-json\/wp\/v2\/types\/post"}],"author":[{"embeddable":true,"href":"https:\/\/mueblesdetena.es\/ru_ru\/wp-json\/wp\/v2\/users\/618"}],"replies":[{"embeddable":true,"href":"https:\/\/mueblesdetena.es\/ru_ru\/wp-json\/wp\/v2\/comments?post=33227"}],"version-history":[{"count":3,"href":"https:\/\/mueblesdetena.es\/ru_ru\/wp-json\/wp\/v2\/posts\/33227\/revisions"}],"predecessor-version":[{"id":33262,"href":"https:\/\/mueblesdetena.es\/ru_ru\/wp-json\/wp\/v2\/posts\/33227\/revisions\/33262"}],"wp:featuredmedia":[{"embeddable":true,"href":"https:\/\/mueblesdetena.es\/ru_ru\/wp-json\/wp\/v2\/media\/33229"}],"wp:attachment":[{"href":"https:\/\/mueblesdetena.es\/ru_ru\/wp-json\/wp\/v2\/media?parent=33227"}],"wp:term":[{"taxonomy":"category","embeddable":true,"href":"https:\/\/mueblesdetena.es\/ru_ru\/wp-json\/wp\/v2\/categories?post=33227"},{"taxonomy":"post_tag","embeddable":true,"href":"https:\/\/mueblesdetena.es\/ru_ru\/wp-json\/wp\/v2\/tags?post=33227"}],"curies":[{"name":"wp","href":"https:\/\/api.w.org\/{rel}","templated":true}]}}