{"id":33395,"date":"2024-12-17T09:00:00","date_gmt":"2024-12-17T08:00:00","guid":{"rendered":"https:\/\/mueblesdetena.es\/?p=33395"},"modified":"2024-12-17T10:47:58","modified_gmt":"2024-12-17T09:47:58","slug":"muebles-mid-century","status":"publish","type":"post","link":"https:\/\/mueblesdetena.es\/ru_ru\/muebles-mid-century\/","title":{"rendered":"10 iconos de los muebles Mid Century que no pueden faltar en tu hogar"},"content":{"rendered":"<p class=\"has-medium-font-size wp-block-paragraph\">El estilo Mid Century ha dejado una huella imborrable en el mundo del dise\u00f1o y la decoraci\u00f3n. Sus <strong>l\u00edneas limpias, materiales naturales y enfoque en la funcionalidad<\/strong> convierten a los muebles Mid Century en piezas atemporales que trascienden tendencias, aportando car\u00e1cter y elegancia a cualquier espacio. No es solo un dise\u00f1o; es una declaraci\u00f3n de estilo.<\/p>\n\n\n\n<p class=\"has-medium-font-size wp-block-paragraph\">Incorporar muebles Mid Century en tu hogar <strong>es una manera de conectar con una \u00e9poca dorada del dise\u00f1o, donde la creatividad y la innovaci\u00f3n se unieron para dar vida a muebles ic\u00f3nicos<\/strong>. Estos dise\u00f1os no solo embellecen el espacio, sino que tambi\u00e9n cuentan historias de dise\u00f1o que siguen siendo relevantes en la actualidad.<\/p>\n\n\n\n<p class=\"has-medium-font-size wp-block-paragraph\">En este art\u00edculo, exploraremos <strong>10 piezas esenciales del dise\u00f1o Mid Century<\/strong> que no solo redefinen el concepto de funcionalidad, sino que tambi\u00e9n elevan la decoraci\u00f3n de tu hogar. Prep\u00e1rate para descubrir verdaderas joyas del dise\u00f1o moderno.<\/p>\n\n\n\n<div style=\"height:50px\" aria-hidden=\"true\" class=\"wp-block-spacer\"><\/div>\n\n\n\n<div id=\"ez-toc-container\" class=\"ez-toc-v2_0_85 ez-toc-wrap-center counter-hierarchy ez-toc-counter ez-toc-grey ez-toc-container-direction\">\n<div class=\"ez-toc-title-container\">\n<p class=\"ez-toc-title\" style=\"cursor:inherit\">Tabla de contenidos<\/p>\n<span class=\"ez-toc-title-toggle\"><a href=\"#\" class=\"ez-toc-pull-right ez-toc-btn ez-toc-btn-xs ez-toc-btn-default ez-toc-toggle\" aria-label=\"Toggle Table of Content\"><span class=\"ez-toc-js-icon-con\"><span class=\"\"><span class=\"eztoc-hide\" style=\"display:none;\">Toggle<\/span><span class=\"ez-toc-icon-toggle-span\"><svg style=\"fill: #999;color:#999\" xmlns=\"http:\/\/www.w3.org\/2000\/svg\" class=\"list-377408\" width=\"20px\" height=\"20px\" viewbox=\"0 0 24 24\" fill=\"none\"><path d=\"M6 6H4v2h2V6zm14 0H8v2h12V6zM4 11h2v2H4v-2zm16 0H8v2h12v-2zM4 16h2v2H4v-2zm16 0H8v2h12v-2z\" fill=\"currentColor\"><\/path><\/svg><svg style=\"fill: #999;color:#999\" class=\"arrow-unsorted-368013\" xmlns=\"http:\/\/www.w3.org\/2000\/svg\" width=\"10px\" height=\"10px\" viewbox=\"0 0 24 24\" version=\"1.2\" baseprofile=\"tiny\"><path d=\"M18.2 9.3l-6.2-6.3-6.2 6.3c-.2.2-.3.4-.3.7s.1.5.3.7c.2.2.4.3.7.3h11c.3 0 .5-.1.7-.3.2-.2.3-.5.3-.7s-.1-.5-.3-.7zM5.8 14.7l6.2 6.3 6.2-6.3c.2-.2.3-.5.3-.7s-.1-.5-.3-.7c-.2-.2-.4-.3-.7-.3h-11c-.3 0-.5.1-.7.3-.2.2-.3.5-.3.7s.1.5.3.7z\"\/><\/svg><\/span><\/span><\/span><\/a><\/span><\/div>\n<nav><ul class='ez-toc-list ez-toc-list-level-1' ><li class='ez-toc-page-1 ez-toc-heading-level-2'><a class=\"ez-toc-link ez-toc-heading-1\" href=\"https:\/\/mueblesdetena.es\/ru_ru\/muebles-mid-century\/#1_La_silla_Eames_Lounge_Un_clasico_de_la_comodidad_y_el_estilo\" >1. La silla Eames Lounge: Un cl\u00e1sico de la comodidad y el estilo<\/a><\/li><li class='ez-toc-page-1 ez-toc-heading-level-2'><a class=\"ez-toc-link ez-toc-heading-2\" href=\"https:\/\/mueblesdetena.es\/ru_ru\/muebles-mid-century\/#2_Mesa_Noguchi_La_union_perfecta_entre_arte_y_funcionalidad\" >2. Mesa Noguchi: La uni\u00f3n perfecta entre arte y funcionalidad<\/a><\/li><li class='ez-toc-page-1 ez-toc-heading-level-2'><a class=\"ez-toc-link ez-toc-heading-3\" href=\"https:\/\/mueblesdetena.es\/ru_ru\/muebles-mid-century\/#3_Silla_Wishbone_Elegancia_artesanal_danesa\" >3. Silla Wishbone: Elegancia artesanal danesa<\/a><\/li><li class='ez-toc-page-1 ez-toc-heading-level-2'><a class=\"ez-toc-link ez-toc-heading-4\" href=\"https:\/\/mueblesdetena.es\/ru_ru\/muebles-mid-century\/#4_Aparador_Nelson_almacenamiento_con_estilo\" >4. Aparador Nelson: almacenamiento con estilo<\/a><\/li><li class='ez-toc-page-1 ez-toc-heading-level-2'><a class=\"ez-toc-link ez-toc-heading-5\" href=\"https:\/\/mueblesdetena.es\/ru_ru\/muebles-mid-century\/#5_Sofa_Chesterfield_El_toque_Mid_Century_en_confort\" >5. Sof\u00e1 Chesterfield: El toque Mid Century en confort<\/a><\/li><li class='ez-toc-page-1 ez-toc-heading-level-2'><a class=\"ez-toc-link ez-toc-heading-6\" href=\"https:\/\/mueblesdetena.es\/ru_ru\/muebles-mid-century\/#6_Lampara_arco_Iluminacion_con_presencia_iconica\" >6. L\u00e1mpara arco: Iluminaci\u00f3n con presencia ic\u00f3nica<\/a><\/li><li class='ez-toc-page-1 ez-toc-heading-level-2'><a class=\"ez-toc-link ez-toc-heading-7\" href=\"https:\/\/mueblesdetena.es\/ru_ru\/muebles-mid-century\/#7_Mesa_Tulip_Minimalismo_sofisticado\" >7. Mesa Tulip: Minimalismo sofisticado<\/a><\/li><li class='ez-toc-page-1 ez-toc-heading-level-2'><a class=\"ez-toc-link ez-toc-heading-8\" href=\"https:\/\/mueblesdetena.es\/ru_ru\/muebles-mid-century\/#8_Sofa_Florence_Knoll_Diseno_estructural_impecable\" >8. Sof\u00e1 Florence Knoll: Dise\u00f1o estructural impecable<\/a><\/li><li class='ez-toc-page-1 ez-toc-heading-level-2'><a class=\"ez-toc-link ez-toc-heading-9\" href=\"https:\/\/mueblesdetena.es\/ru_ru\/muebles-mid-century\/#9_Lampara_Sputnik_El_diseno_futurista_en_iluminacion\" >9. L\u00e1mpara Sputnik: El dise\u00f1o futurista en iluminaci\u00f3n<\/a><\/li><li class='ez-toc-page-1 ez-toc-heading-level-2'><a class=\"ez-toc-link ez-toc-heading-10\" href=\"https:\/\/mueblesdetena.es\/ru_ru\/muebles-mid-century\/#10_Butaca_Egg_Diseno_envolvente_con_caracter_unico\" >10. Butaca Egg: Dise\u00f1o envolvente con car\u00e1cter \u00fanico<\/a><\/li><\/ul><\/nav><\/div>\n<h2 class=\"wp-block-heading\"><span class=\"ez-toc-section\" id=\"1_La_silla_Eames_Lounge_Un_clasico_de_la_comodidad_y_el_estilo\"><\/span>1. La silla Eames Lounge: Un cl\u00e1sico de la comodidad y el estilo<span class=\"ez-toc-section-end\"><\/span><\/h2>\n\n\n\n<p class=\"has-medium-font-size wp-block-paragraph\">La <a href=\"https:\/\/es.wikipedia.org\/wiki\/Sill%C3%B3n_Eames_Lounge\" target=\"_blank\" rel=\"noopener\">silla Eames Lounge<\/a> es una creaci\u00f3n que encapsula el esp\u00edritu de los muebles Mid Century. <strong>Dise\u00f1ada por Charles y Ray Eames en 1956, esta ic\u00f3nica pieza combina elegancia moderna con un confort incomparable<\/strong>, elevando cualquier espacio al nivel de una galer\u00eda de dise\u00f1o.<\/p>\n\n\n\n<p class=\"has-medium-font-size wp-block-paragraph\">Lo que hace \u00fanica a esta <a href=\"https:\/\/mueblesdetena.es\/ru_ru\/sillas-comedor\/\">silla<\/a> es su construcci\u00f3n meticulosa. <strong>Fabricada con contrachapado moldeado y acabados en cuero de alta calidad<\/strong>, la Eames Lounge simboliza la uni\u00f3n perfecta entre funcionalidad y est\u00e9tica. Es un testimonio del dise\u00f1o Mid Century, donde cada detalle, desde las costuras precisas hasta la inclinaci\u00f3n ergon\u00f3mica, est\u00e1 pensado para ofrecer una experiencia envolvente.<\/p>\n\n\n\n<p class=\"has-medium-font-size wp-block-paragraph\">Adem\u00e1s de su dise\u00f1o, su versatilidad destaca como uno de los mayores atractivos. Es <strong>igualmente adecuada para un rinc\u00f3n de lectura, un sal\u00f3n elegante o incluso una oficina con car\u00e1cter<\/strong>. Los muebles Mid Century como esta silla son perfectos para quienes buscan piezas que sean tanto pr\u00e1cticas como una declaraci\u00f3n de estilo.<\/p>\n\n\n\n<p class=\"has-medium-font-size wp-block-paragraph\">No obstante, lo que realmente cautiva de la Eames Lounge es su capacidad para resistir la prueba del tiempo. <strong>D\u00e9cadas despu\u00e9s de su creaci\u00f3n, sigue siendo un s\u00edmbolo de sofisticaci\u00f3n y un referente para los amantes del dise\u00f1o de interiores<\/strong>. Incorporarla a tu hogar es una inversi\u00f3n en arte y comodidad.<\/p>\n\n\n\n<div style=\"height:50px\" aria-hidden=\"true\" class=\"wp-block-spacer\"><\/div>\n\n\n\n<figure class=\"wp-block-image alignfull size-full\"><img fetchpriority=\"high\" decoding=\"async\" width=\"2560\" height=\"1436\" src=\"https:\/\/mueblesdetena.es\/wp-content\/uploads\/2024\/12\/muebles-mid-century-2-scaled.jpg\" alt=\"muebles mid century\" class=\"wp-image-33396\" srcset=\"https:\/\/mueblesdetena.es\/wp-content\/uploads\/2024\/12\/muebles-mid-century-2-scaled.jpg 2560w, https:\/\/mueblesdetena.es\/wp-content\/uploads\/2024\/12\/muebles-mid-century-2-300x168.jpg 300w, https:\/\/mueblesdetena.es\/wp-content\/uploads\/2024\/12\/muebles-mid-century-2-1024x574.jpg 1024w, https:\/\/mueblesdetena.es\/wp-content\/uploads\/2024\/12\/muebles-mid-century-2-768x431.jpg 768w, https:\/\/mueblesdetena.es\/wp-content\/uploads\/2024\/12\/muebles-mid-century-2-1536x861.jpg 1536w, https:\/\/mueblesdetena.es\/wp-content\/uploads\/2024\/12\/muebles-mid-century-2-2048x1149.jpg 2048w, https:\/\/mueblesdetena.es\/wp-content\/uploads\/2024\/12\/muebles-mid-century-2-600x336.jpg 600w\" sizes=\"(max-width: 2560px) 100vw, 2560px\" \/><\/figure>\n\n\n\n<div style=\"height:50px\" aria-hidden=\"true\" class=\"wp-block-spacer\"><\/div>\n\n\n\n<h2 class=\"wp-block-heading\"><span class=\"ez-toc-section\" id=\"2_Mesa_Noguchi_La_union_perfecta_entre_arte_y_funcionalidad\"><\/span>2. Mesa Noguchi: La uni\u00f3n perfecta entre arte y funcionalidad<span class=\"ez-toc-section-end\"><\/span><\/h2>\n\n\n\n<p class=\"has-medium-font-size wp-block-paragraph\">La <a href=\"https:\/\/en.wikipedia.org\/wiki\/Noguchi_table\" target=\"_blank\" rel=\"noopener\">mesa Noguchi<\/a> es una obra maestra que combina arte y funcionalidad, ideal para los amantes de los muebles mid century. <strong>Dise\u00f1ada por Isamu Noguchi en 1947, esta mesa se caracteriza por su ic\u00f3nica base escult\u00f3rica y su sobre de cristal<\/strong>, reflejando la esencia del dise\u00f1o org\u00e1nico.<\/p>\n\n\n\n<p class=\"has-medium-font-size wp-block-paragraph\">La base de la mesa, compuesta por dos piezas de madera que se entrelazan perfectamente, es un claro ejemplo de c\u00f3mo la simplicidad puede transmitir sofisticaci\u00f3n. Su <strong>dise\u00f1o fluido y asim\u00e9trico la convierte en una pieza visualmente atractiva desde cualquier \u00e1ngulo<\/strong>, un detalle muy apreciado en los interiores con influencia mid century.<\/p>\n\n\n\n<p class=\"has-medium-font-size wp-block-paragraph\"><strong>El sobre de cristal templado, adem\u00e1s de aportar ligereza visual, permite admirar la estructura escult\u00f3rica que sostiene la mesa<\/strong>. Este equilibrio entre forma y funci\u00f3n es lo que hace de la Mesa Noguchi una joya atemporal, perfecta para salones, estudios o incluso espacios comerciales que busquen destacar.<\/p>\n\n\n\n<p class=\"has-medium-font-size wp-block-paragraph\">En el contexto de los muebles mid century, esta mesa no solo es funcional, sino tambi\u00e9n un s\u00edmbolo de creatividad y originalidad. Su <strong>capacidad para integrarse en decoraciones modernas y ecl\u00e9cticas<\/strong> la convierte en un elemento imprescindible para quienes buscan piezas vers\u00e1tiles con historia y car\u00e1cter.<\/p>\n\n\n\n<div style=\"height:50px\" aria-hidden=\"true\" class=\"wp-block-spacer\"><\/div>\n\n\n\n<figure class=\"wp-block-image alignfull size-full\"><img decoding=\"async\" width=\"2560\" height=\"1436\" src=\"https:\/\/mueblesdetena.es\/wp-content\/uploads\/2024\/12\/muebles-mid-century-3-scaled.jpg\" alt=\"muebles mid century\" class=\"wp-image-33399\" srcset=\"https:\/\/mueblesdetena.es\/wp-content\/uploads\/2024\/12\/muebles-mid-century-3-scaled.jpg 2560w, https:\/\/mueblesdetena.es\/wp-content\/uploads\/2024\/12\/muebles-mid-century-3-300x168.jpg 300w, https:\/\/mueblesdetena.es\/wp-content\/uploads\/2024\/12\/muebles-mid-century-3-1024x574.jpg 1024w, https:\/\/mueblesdetena.es\/wp-content\/uploads\/2024\/12\/muebles-mid-century-3-768x431.jpg 768w, https:\/\/mueblesdetena.es\/wp-content\/uploads\/2024\/12\/muebles-mid-century-3-1536x861.jpg 1536w, https:\/\/mueblesdetena.es\/wp-content\/uploads\/2024\/12\/muebles-mid-century-3-2048x1149.jpg 2048w, https:\/\/mueblesdetena.es\/wp-content\/uploads\/2024\/12\/muebles-mid-century-3-600x336.jpg 600w\" sizes=\"(max-width: 2560px) 100vw, 2560px\" \/><\/figure>\n\n\n\n<div style=\"height:50px\" aria-hidden=\"true\" class=\"wp-block-spacer\"><\/div>\n\n\n\n<h2 class=\"wp-block-heading\"><span class=\"ez-toc-section\" id=\"3_Silla_Wishbone_Elegancia_artesanal_danesa\"><\/span>3. Silla Wishbone: Elegancia artesanal danesa<span class=\"ez-toc-section-end\"><\/span><\/h2>\n\n\n\n<p class=\"has-medium-font-size wp-block-paragraph\">La silla Wishbone, dise\u00f1ada por Hans J. Wegner en 1949, es un s\u00edmbolo eterno de la sofisticaci\u00f3n en los muebles Mid Century. Su <strong>estructura ligera y minimalista, inspirada en la est\u00e9tica del mobiliario chino<\/strong>, combina una artesan\u00eda exquisita con una funcionalidad impecable, convirti\u00e9ndola en una pieza indispensable para los amantes del dise\u00f1o escandinavo.<\/p>\n\n\n\n<p class=\"has-medium-font-size wp-block-paragraph\">El <strong>respaldo en forma de Y<\/strong>, que le otorga su nombre, es un detalle distintivo que no solo aporta car\u00e1cter, sino tambi\u00e9n un soporte ergon\u00f3mico sorprendentemente c\u00f3modo. <strong>Fabricada tradicionalmente en madera de fresno, roble o nogal<\/strong>, esta silla realza cualquier espacio, desde comedores luminosos hasta rincones de trabajo elegantes, siempre fiel a su esencia funcional y est\u00e9tica.<\/p>\n\n\n\n<p class=\"has-medium-font-size wp-block-paragraph\">El <strong>asiento trenzado, elaborado con cuerda de papel<\/strong>, es un testimonio de la atenci\u00f3n al detalle que caracteriza a los muebles Mid Century. No solo ofrece comodidad, sino que tambi\u00e9n refleja un compromiso con los materiales sostenibles, un concepto adelantado a su tiempo que hoy resuena m\u00e1s que nunca en el dise\u00f1o contempor\u00e1neo.<\/p>\n\n\n\n<p class=\"has-medium-font-size wp-block-paragraph\">Incluir la silla Wishbone en tu decoraci\u00f3n es una declaraci\u00f3n de estilo sin esfuerzo. Su dise\u00f1o atemporal <strong>se adapta a una gama amplia de interiores, desde un comedor cl\u00e1sico hasta un sal\u00f3n moderno<\/strong>, aportando una sensaci\u00f3n de calidez y equilibrio visual que define a los muebles Mid Century.<\/p>\n\n\n\n<div style=\"height:50px\" aria-hidden=\"true\" class=\"wp-block-spacer\"><\/div>\n\n\n\n<figure class=\"wp-block-image alignfull size-full\"><img decoding=\"async\" width=\"2560\" height=\"1436\" src=\"https:\/\/mueblesdetena.es\/wp-content\/uploads\/2024\/12\/muebles-mid-century-4-scaled.jpg\" alt=\"\" class=\"wp-image-33406\" srcset=\"https:\/\/mueblesdetena.es\/wp-content\/uploads\/2024\/12\/muebles-mid-century-4-scaled.jpg 2560w, https:\/\/mueblesdetena.es\/wp-content\/uploads\/2024\/12\/muebles-mid-century-4-300x168.jpg 300w, https:\/\/mueblesdetena.es\/wp-content\/uploads\/2024\/12\/muebles-mid-century-4-1024x574.jpg 1024w, https:\/\/mueblesdetena.es\/wp-content\/uploads\/2024\/12\/muebles-mid-century-4-768x431.jpg 768w, https:\/\/mueblesdetena.es\/wp-content\/uploads\/2024\/12\/muebles-mid-century-4-1536x861.jpg 1536w, https:\/\/mueblesdetena.es\/wp-content\/uploads\/2024\/12\/muebles-mid-century-4-2048x1149.jpg 2048w, https:\/\/mueblesdetena.es\/wp-content\/uploads\/2024\/12\/muebles-mid-century-4-600x336.jpg 600w\" sizes=\"(max-width: 2560px) 100vw, 2560px\" \/><\/figure>\n\n\n\n<div style=\"height:50px\" aria-hidden=\"true\" class=\"wp-block-spacer\"><\/div>\n\n\n\n<h2 class=\"wp-block-heading\"><span class=\"ez-toc-section\" id=\"4_Aparador_Nelson_almacenamiento_con_estilo\"><\/span>4. Aparador Nelson: almacenamiento con estilo<span class=\"ez-toc-section-end\"><\/span><\/h2>\n\n\n\n<p class=\"has-medium-font-size wp-block-paragraph\">En el mundo de los muebles mid century, el aparador Nelson destaca como una pieza que combina funcionalidad y est\u00e9tica con maestr\u00eda. Dise\u00f1ado por George Nelson, este mueble emblem\u00e1tico <strong>redefine el almacenamiento al integrarlo en el coraz\u00f3n de la decoraci\u00f3n del hogar<\/strong>. Sus l\u00edneas limpias y su dise\u00f1o modular lo convierten en un imprescindible para los amantes del dise\u00f1o atemporal.<\/p>\n\n\n\n<p class=\"has-medium-font-size wp-block-paragraph\">Con sus <strong>superficies de madera c\u00e1lida y detalles met\u00e1licos cuidadosamente elaborados<\/strong>, el aparador Nelson a\u00f1ade un toque de sofisticaci\u00f3n discreta a cualquier espacio. Es <strong>perfecto para salones, comedores o incluso oficinas<\/strong> que buscan una pieza que sea tan pr\u00e1ctica como visualmente impactante. Su versatilidad permite que funcione como centro de atenci\u00f3n o como un soporte elegante para otros elementos decorativos.<\/p>\n\n\n\n<p class=\"has-medium-font-size wp-block-paragraph\">Este aparador no solo es una soluci\u00f3n de almacenamiento, sino tambi\u00e9n un reflejo del esp\u00edritu funcionalista del dise\u00f1o Mid Century. <strong>Con compartimentos espaciosos y cajones bien distribuidos<\/strong>, ofrece un espacio ordenado sin sacrificar el estilo. Los <strong>acabados suaves y naturales<\/strong> realzan su car\u00e1cter, aportando calidez y un aire de elegancia relajada a cualquier ambiente.<\/p>\n\n\n\n<p class=\"has-medium-font-size wp-block-paragraph\">La capacidad de personalizaci\u00f3n del aparador Nelson es otro de sus puntos fuertes. <strong>Disponible en una variedad de combinaciones de materiales y colores<\/strong>, se adapta a diferentes estilos decorativos sin perder su esencia Mid Century. Desde maderas oscuras hasta acabados m\u00e1s claros, es una opci\u00f3n que habla tanto de tradici\u00f3n como de modernidad.<\/p>\n\n\n\n<div style=\"height:50px\" aria-hidden=\"true\" class=\"wp-block-spacer\"><\/div>\n\n\n\n<figure class=\"wp-block-image alignfull size-full\"><img loading=\"lazy\" decoding=\"async\" width=\"2560\" height=\"1436\" src=\"https:\/\/mueblesdetena.es\/wp-content\/uploads\/2024\/12\/muebles-mid-century-5-scaled.jpg\" alt=\"muebles mid century\" class=\"wp-image-33415\" srcset=\"https:\/\/mueblesdetena.es\/wp-content\/uploads\/2024\/12\/muebles-mid-century-5-scaled.jpg 2560w, https:\/\/mueblesdetena.es\/wp-content\/uploads\/2024\/12\/muebles-mid-century-5-300x168.jpg 300w, https:\/\/mueblesdetena.es\/wp-content\/uploads\/2024\/12\/muebles-mid-century-5-1024x574.jpg 1024w, https:\/\/mueblesdetena.es\/wp-content\/uploads\/2024\/12\/muebles-mid-century-5-768x431.jpg 768w, https:\/\/mueblesdetena.es\/wp-content\/uploads\/2024\/12\/muebles-mid-century-5-1536x861.jpg 1536w, https:\/\/mueblesdetena.es\/wp-content\/uploads\/2024\/12\/muebles-mid-century-5-2048x1149.jpg 2048w, https:\/\/mueblesdetena.es\/wp-content\/uploads\/2024\/12\/muebles-mid-century-5-600x336.jpg 600w\" sizes=\"(max-width: 2560px) 100vw, 2560px\" \/><\/figure>\n\n\n\n<div style=\"height:50px\" aria-hidden=\"true\" class=\"wp-block-spacer\"><\/div>\n\n\n\n<h2 class=\"wp-block-heading\"><span class=\"ez-toc-section\" id=\"5_Sofa_Chesterfield_El_toque_Mid_Century_en_confort\"><\/span>5. Sof\u00e1 Chesterfield: El toque Mid Century en confort<span class=\"ez-toc-section-end\"><\/span><\/h2>\n\n\n\n<p class=\"has-medium-font-size wp-block-paragraph\">El sof\u00e1 Chesterfield, con su <strong>inconfundible dise\u00f1o de botones capiton\u00e9 y l\u00edneas elegantes<\/strong>, es una pieza que ha sabido evolucionar para adaptarse al universo de los muebles mid century. Su <strong>apariencia robusta y sofisticada<\/strong> lo convierte en un elemento imprescindible para quienes buscan unir tradici\u00f3n y modernidad en un solo espacio.<\/p>\n\n\n\n<p class=\"has-medium-font-size wp-block-paragraph\">Aunque originalmente asociado al estilo cl\u00e1sico ingl\u00e9s, <strong>las versiones contempor\u00e1neas del Chesterfield, con patas m\u00e1s estilizadas y materiales como el cuero envejecido o terciopelos vibrantes, encajan perfectamente en ambientes mid century<\/strong>. Estas adaptaciones respetan su esencia ic\u00f3nica, pero le otorgan una frescura que cautiva tanto a puristas como a quienes buscan innovar en la decoraci\u00f3n.<\/p>\n\n\n\n<p class=\"has-medium-font-size wp-block-paragraph\">El Chesterfield no solo es un sof\u00e1; es un punto focal que transforma cualquier sala de estar. En un entorno de muebles mid century, <strong>su presencia puede equilibrar elementos como mesas Tulip o aparadores Nelson<\/strong>, aportando un contraste textural que eleva la sofisticaci\u00f3n del espacio. Es, sin duda, un maestro del equilibrio visual.<\/p>\n\n\n\n<p class=\"has-medium-font-size wp-block-paragraph\">Adem\u00e1s de su est\u00e9tica atemporal, el Chesterfield ofrece una funcionalidad que pocos muebles pueden igualar. <strong>Su comodidad y durabilidad lo hacen ideal para hogares donde el dise\u00f1o no est\u00e1 re\u00f1ido con el uso diario<\/strong>. Es perfecto para compartir momentos de relajaci\u00f3n con familia o amigos, convirti\u00e9ndose en el coraz\u00f3n del hogar.<\/p>\n\n\n\n<div style=\"height:50px\" aria-hidden=\"true\" class=\"wp-block-spacer\"><\/div>\n\n\n\n<figure class=\"wp-block-image alignfull size-full\"><img loading=\"lazy\" decoding=\"async\" width=\"2560\" height=\"1436\" src=\"https:\/\/mueblesdetena.es\/wp-content\/uploads\/2024\/12\/mueble-mid-century-6-scaled.jpg\" alt=\"muebles mid century\" class=\"wp-image-33418\" srcset=\"https:\/\/mueblesdetena.es\/wp-content\/uploads\/2024\/12\/mueble-mid-century-6-scaled.jpg 2560w, https:\/\/mueblesdetena.es\/wp-content\/uploads\/2024\/12\/mueble-mid-century-6-300x168.jpg 300w, https:\/\/mueblesdetena.es\/wp-content\/uploads\/2024\/12\/mueble-mid-century-6-1024x574.jpg 1024w, https:\/\/mueblesdetena.es\/wp-content\/uploads\/2024\/12\/mueble-mid-century-6-768x431.jpg 768w, https:\/\/mueblesdetena.es\/wp-content\/uploads\/2024\/12\/mueble-mid-century-6-1536x861.jpg 1536w, https:\/\/mueblesdetena.es\/wp-content\/uploads\/2024\/12\/mueble-mid-century-6-2048x1149.jpg 2048w, https:\/\/mueblesdetena.es\/wp-content\/uploads\/2024\/12\/mueble-mid-century-6-600x336.jpg 600w\" sizes=\"(max-width: 2560px) 100vw, 2560px\" \/><\/figure>\n\n\n\n<div style=\"height:50px\" aria-hidden=\"true\" class=\"wp-block-spacer\"><\/div>\n\n\n\n<h2 class=\"wp-block-heading\"><span class=\"ez-toc-section\" id=\"6_Lampara_arco_Iluminacion_con_presencia_iconica\"><\/span>6. L\u00e1mpara arco: Iluminaci\u00f3n con presencia ic\u00f3nica<span class=\"ez-toc-section-end\"><\/span><\/h2>\n\n\n\n<p class=\"has-medium-font-size wp-block-paragraph\">La l\u00e1mpara Arco es un verdadero emblema del dise\u00f1o italiano que encapsula la esencia de los muebles mid century. Dise\u00f1ada en 1962 por los hermanos Castiglioni, esta pieza <strong>combina funcionalidad y sofisticaci\u00f3n con una estructura arqueada que logra iluminar con elegancia cualquier rinc\u00f3n del hogar<\/strong>.<\/p>\n\n\n\n<p class=\"has-medium-font-size wp-block-paragraph\"><strong>El m\u00e1rmol blanco que sostiene su base<\/strong> no solo es un gui\u00f1o a la tradici\u00f3n cl\u00e1sica, sino tambi\u00e9n un testimonio de la solidez y calidad de los muebles mid century. <strong>Este contraste entre lo pesado y lo ligero da a la l\u00e1mpara un car\u00e1cter escult\u00f3rico<\/strong> que transforma el espacio en el que se encuentra en un escenario digno de admiraci\u00f3n.<\/p>\n\n\n\n<p class=\"has-medium-font-size wp-block-paragraph\">Su dise\u00f1o vers\u00e1til la hace ideal para cualquier estancia, desde salones minimalistas hasta comedores m\u00e1s elaborados. La l\u00e1mpara Arco <strong>se integra perfectamente en interiores contempor\u00e1neos<\/strong>, realzando la conexi\u00f3n entre lo moderno y los valores atemporales de los muebles mid century, siempre con un toque de audaz sofisticaci\u00f3n.<\/p>\n\n\n\n<p class=\"has-medium-font-size wp-block-paragraph\"><strong>Uno de sus mayores atributos es su capacidad para proyectar luz sin ocupar espacio central<\/strong>. La estructura arqueada permite colocarla detr\u00e1s de sof\u00e1s o mesas sin comprometer la funcionalidad, una soluci\u00f3n pr\u00e1ctica y est\u00e9tica que sigue siendo relevante d\u00e9cadas despu\u00e9s de su creaci\u00f3n.<\/p>\n\n\n\n<div style=\"height:50px\" aria-hidden=\"true\" class=\"wp-block-spacer\"><\/div>\n\n\n\n<figure class=\"wp-block-image alignfull size-full\"><img loading=\"lazy\" decoding=\"async\" width=\"2560\" height=\"1436\" src=\"https:\/\/mueblesdetena.es\/wp-content\/uploads\/2024\/12\/muebles-mid-century-7-scaled.jpg\" alt=\"muebles mid century\" class=\"wp-image-33419\" srcset=\"https:\/\/mueblesdetena.es\/wp-content\/uploads\/2024\/12\/muebles-mid-century-7-scaled.jpg 2560w, https:\/\/mueblesdetena.es\/wp-content\/uploads\/2024\/12\/muebles-mid-century-7-300x168.jpg 300w, https:\/\/mueblesdetena.es\/wp-content\/uploads\/2024\/12\/muebles-mid-century-7-1024x574.jpg 1024w, https:\/\/mueblesdetena.es\/wp-content\/uploads\/2024\/12\/muebles-mid-century-7-768x431.jpg 768w, https:\/\/mueblesdetena.es\/wp-content\/uploads\/2024\/12\/muebles-mid-century-7-1536x861.jpg 1536w, https:\/\/mueblesdetena.es\/wp-content\/uploads\/2024\/12\/muebles-mid-century-7-2048x1149.jpg 2048w, https:\/\/mueblesdetena.es\/wp-content\/uploads\/2024\/12\/muebles-mid-century-7-600x336.jpg 600w\" sizes=\"(max-width: 2560px) 100vw, 2560px\" \/><\/figure>\n\n\n\n<div style=\"height:50px\" aria-hidden=\"true\" class=\"wp-block-spacer\"><\/div>\n\n\n\n<h2 class=\"wp-block-heading\"><span class=\"ez-toc-section\" id=\"7_Mesa_Tulip_Minimalismo_sofisticado\"><\/span>7. Mesa Tulip: Minimalismo sofisticado<span class=\"ez-toc-section-end\"><\/span><\/h2>\n\n\n\n<p class=\"has-medium-font-size wp-block-paragraph\">La mesa Tulip, dise\u00f1ada por Eero Saarinen en los a\u00f1os 50, es mucho m\u00e1s que un mueble funcional: es una obra de arte que redefine el minimalismo en el hogar. <strong>Su dise\u00f1o fluido y escultural elimina las patas tradicionales, reemplaz\u00e1ndolas por una base \u00fanica y estilizada<\/strong> que encarna la esencia de los muebles mid century.<\/p>\n\n\n\n<p class=\"has-medium-font-size wp-block-paragraph\">Fabricada con materiales que combinan elegancia y durabilidad, la mesa Tulip s<strong>uele lucir un tablero de m\u00e1rmol o madera laminada, montado sobre una base de aluminio moldeado<\/strong>. Este contraste entre texturas resalta la est\u00e9tica caracter\u00edstica de los muebles mid century, que buscan unir funcionalidad y belleza en cada detalle.<\/p>\n\n\n\n<p class=\"has-medium-font-size wp-block-paragraph\">La versatilidad de la mesa Tulip la convierte en <strong>una opci\u00f3n ideal tanto para comedores como para espacios m\u00e1s informales<\/strong>. Su dise\u00f1o atemporal se adapta perfectamente a estilos modernos, industriales o incluso r\u00fasticos, siendo un puente entre \u00e9pocas y tendencias decorativas.<\/p>\n\n\n\n<p class=\"has-medium-font-size wp-block-paragraph\"><strong>El dise\u00f1o monocrom\u00e1tico y la ausencia de patas laterales no solo maximizan la comodidad, sino que tambi\u00e9n crean un espacio visual m\u00e1s limpio y ordenado<\/strong>. Este detalle, t\u00edpico de los muebles mid century, favorece la sensaci\u00f3n de amplitud en habitaciones peque\u00f1as, destacando como una pieza central que transforma el entorno.<\/p>\n\n\n\n<div style=\"height:48px\" aria-hidden=\"true\" class=\"wp-block-spacer\"><\/div>\n\n\n\n<figure class=\"wp-block-image alignfull size-full\"><img loading=\"lazy\" decoding=\"async\" width=\"2560\" height=\"1436\" src=\"https:\/\/mueblesdetena.es\/wp-content\/uploads\/2024\/12\/muebles-mid-century-8-scaled.jpg\" alt=\"muebles mid century\" class=\"wp-image-33427\" srcset=\"https:\/\/mueblesdetena.es\/wp-content\/uploads\/2024\/12\/muebles-mid-century-8-scaled.jpg 2560w, https:\/\/mueblesdetena.es\/wp-content\/uploads\/2024\/12\/muebles-mid-century-8-300x168.jpg 300w, https:\/\/mueblesdetena.es\/wp-content\/uploads\/2024\/12\/muebles-mid-century-8-1024x574.jpg 1024w, https:\/\/mueblesdetena.es\/wp-content\/uploads\/2024\/12\/muebles-mid-century-8-768x431.jpg 768w, https:\/\/mueblesdetena.es\/wp-content\/uploads\/2024\/12\/muebles-mid-century-8-1536x861.jpg 1536w, https:\/\/mueblesdetena.es\/wp-content\/uploads\/2024\/12\/muebles-mid-century-8-2048x1149.jpg 2048w, https:\/\/mueblesdetena.es\/wp-content\/uploads\/2024\/12\/muebles-mid-century-8-600x336.jpg 600w\" sizes=\"(max-width: 2560px) 100vw, 2560px\" \/><\/figure>\n\n\n\n<div style=\"height:50px\" aria-hidden=\"true\" class=\"wp-block-spacer\"><\/div>\n\n\n\n<h2 class=\"wp-block-heading\"><span class=\"ez-toc-section\" id=\"8_Sofa_Florence_Knoll_Diseno_estructural_impecable\"><\/span>8. Sof\u00e1 Florence Knoll: Dise\u00f1o estructural impecable<span class=\"ez-toc-section-end\"><\/span><\/h2>\n\n\n\n<p class=\"has-medium-font-size wp-block-paragraph\">Dise\u00f1ado en 1954 por la visionaria Florence Knoll, esta pieza encapsula la esencia de los muebles Mid Century con su <strong>enfoque en l\u00edneas limpias, proporciones equilibradas y funcionalidad impecable<\/strong>. Su dise\u00f1o refleja la uni\u00f3n perfecta entre est\u00e9tica y utilidad.<\/p>\n\n\n\n<p class=\"has-medium-font-size wp-block-paragraph\">Una de las caracter\u00edsticas m\u00e1s llamativas de este sof\u00e1 es su <strong>estructura minimalista<\/strong>, construida con precisi\u00f3n arquitect\u00f3nica. Cada detalle, <strong>desde los cojines hasta la base met\u00e1lica, sigue un prop\u00f3sito claro: ofrecer confort sin sacrificar el estilo<\/strong>. Es ideal para quienes buscan incorporar muebles Mid Century que a\u00f1adan un toque refinado a espacios modernos sin resultar ostentosos.<\/p>\n\n\n\n<p class=\"has-medium-font-size wp-block-paragraph\">El sof\u00e1 Florence Knoll <strong>est\u00e1 disponible en una amplia gama de tejidos y acabados<\/strong>, lo que permite personalizarlo seg\u00fan las necesidades de cualquier hogar. Su dise\u00f1o vers\u00e1til lo convierte en una <strong>pieza central tanto para salones luminosos como para oficinas sofisticadas<\/strong>. Como ocurre con muchos muebles Mid Century, su atemporalidad asegura que nunca pase de moda.<\/p>\n\n\n\n<p class=\"has-medium-font-size wp-block-paragraph\">Adem\u00e1s, la filosof\u00eda <strong>detr\u00e1s de este dise\u00f1o radica en la idea de que los muebles deben complementar un espacio, no dominarlo<\/strong>. Este equilibrio lo convierte en una opci\u00f3n ideal para quienes valoran la armon\u00eda entre funcionalidad y belleza. Es, sin duda, una joya del dise\u00f1o que no solo es pr\u00e1ctica, sino que tambi\u00e9n aporta historia y prestigio.<\/p>\n\n\n\n<div style=\"height:50px\" aria-hidden=\"true\" class=\"wp-block-spacer\"><\/div>\n\n\n\n<figure class=\"wp-block-image alignfull size-full\"><img loading=\"lazy\" decoding=\"async\" width=\"2560\" height=\"1436\" src=\"https:\/\/mueblesdetena.es\/wp-content\/uploads\/2024\/12\/muebles-mid-century-9-scaled.jpg\" alt=\"muebles mid century\" class=\"wp-image-33430\" srcset=\"https:\/\/mueblesdetena.es\/wp-content\/uploads\/2024\/12\/muebles-mid-century-9-scaled.jpg 2560w, https:\/\/mueblesdetena.es\/wp-content\/uploads\/2024\/12\/muebles-mid-century-9-300x168.jpg 300w, https:\/\/mueblesdetena.es\/wp-content\/uploads\/2024\/12\/muebles-mid-century-9-1024x574.jpg 1024w, https:\/\/mueblesdetena.es\/wp-content\/uploads\/2024\/12\/muebles-mid-century-9-768x431.jpg 768w, https:\/\/mueblesdetena.es\/wp-content\/uploads\/2024\/12\/muebles-mid-century-9-1536x861.jpg 1536w, https:\/\/mueblesdetena.es\/wp-content\/uploads\/2024\/12\/muebles-mid-century-9-2048x1149.jpg 2048w, https:\/\/mueblesdetena.es\/wp-content\/uploads\/2024\/12\/muebles-mid-century-9-600x336.jpg 600w\" sizes=\"(max-width: 2560px) 100vw, 2560px\" \/><\/figure>\n\n\n\n<div style=\"height:50px\" aria-hidden=\"true\" class=\"wp-block-spacer\"><\/div>\n\n\n\n<h2 class=\"wp-block-heading\"><span class=\"ez-toc-section\" id=\"9_Lampara_Sputnik_El_diseno_futurista_en_iluminacion\"><\/span>9. L\u00e1mpara Sputnik: El dise\u00f1o futurista en iluminaci\u00f3n<span class=\"ez-toc-section-end\"><\/span><\/h2>\n\n\n\n<p class=\"has-medium-font-size wp-block-paragraph\">La l\u00e1mpara Sputnik, con su dise\u00f1o inspirado en la era espacial, es una joya del estilo Mid Century que trasciende el tiempo. Su <strong>estructura radial, evocando un sat\u00e9lite en \u00f3rbita, la convierte en una pieza que no solo ilumina, sino que tambi\u00e9n transforma el ambiente<\/strong>. Esta l\u00e1mpara captura a la perfecci\u00f3n el esp\u00edritu visionario de los muebles Mid Century, combinando est\u00e9tica y funcionalidad.<\/p>\n\n\n\n<p class=\"has-medium-font-size wp-block-paragraph\">Ideal para un comedor o una sala de estar, la l\u00e1mpara Sputnik aporta car\u00e1cter a cualquier espacio. Su dise\u00f1o audaz <strong>combina brazos met\u00e1licos y bombillas expuestas<\/strong>, creando un juego de luces din\u00e1mico. Este elemento decorativo no solo complementa los muebles Mid Century, sino que tambi\u00e9n establece un contraste elegante con estilos m\u00e1s contempor\u00e1neos, dando lugar a un dise\u00f1o ecl\u00e9ctico y sofisticado.<\/p>\n\n\n\n<p class=\"has-medium-font-size wp-block-paragraph\">La versatilidad de la l\u00e1mpara Sputnik reside en su capacidad para adaptarse a diferentes ambientes. <strong>Desde un rinc\u00f3n de lectura hasta un gran sal\u00f3n<\/strong>, esta luminaria a\u00f1ade un toque de modernidad retro que resalta la personalidad del espacio. Adem\u00e1s, se integra perfectamente con materiales ic\u00f3nicos del Mid Century, como madera c\u00e1lida y metales dorados o negros mate.<\/p>\n\n\n\n<p class=\"has-medium-font-size wp-block-paragraph\">Cuando elijas una l\u00e1mpara Sputnik, considera el tama\u00f1o y la disposici\u00f3n de la habitaci\u00f3n. <strong>Modelos con brazos extensibles o versiones m\u00e1s compactas permiten personalizar la iluminaci\u00f3n, adapt\u00e1ndose a tus necesidades<\/strong>. Este detalle, junto con su dise\u00f1o \u00fanico, refuerza la conexi\u00f3n con el legado de los muebles Mid Century.<\/p>\n\n\n\n<div style=\"height:50px\" aria-hidden=\"true\" class=\"wp-block-spacer\"><\/div>\n\n\n\n<figure class=\"wp-block-image alignfull size-full\"><img loading=\"lazy\" decoding=\"async\" width=\"2560\" height=\"1436\" src=\"https:\/\/mueblesdetena.es\/wp-content\/uploads\/2024\/12\/muebles-mid-century-10-scaled.jpg\" alt=\"muebles mid century\" class=\"wp-image-33437\" srcset=\"https:\/\/mueblesdetena.es\/wp-content\/uploads\/2024\/12\/muebles-mid-century-10-scaled.jpg 2560w, https:\/\/mueblesdetena.es\/wp-content\/uploads\/2024\/12\/muebles-mid-century-10-300x168.jpg 300w, https:\/\/mueblesdetena.es\/wp-content\/uploads\/2024\/12\/muebles-mid-century-10-1024x574.jpg 1024w, https:\/\/mueblesdetena.es\/wp-content\/uploads\/2024\/12\/muebles-mid-century-10-768x431.jpg 768w, https:\/\/mueblesdetena.es\/wp-content\/uploads\/2024\/12\/muebles-mid-century-10-1536x861.jpg 1536w, https:\/\/mueblesdetena.es\/wp-content\/uploads\/2024\/12\/muebles-mid-century-10-2048x1149.jpg 2048w, https:\/\/mueblesdetena.es\/wp-content\/uploads\/2024\/12\/muebles-mid-century-10-600x336.jpg 600w\" sizes=\"(max-width: 2560px) 100vw, 2560px\" \/><\/figure>\n\n\n\n<div style=\"height:50px\" aria-hidden=\"true\" class=\"wp-block-spacer\"><\/div>\n\n\n\n<h2 class=\"wp-block-heading\"><span class=\"ez-toc-section\" id=\"10_Butaca_Egg_Diseno_envolvente_con_caracter_unico\"><\/span>10. Butaca Egg: Dise\u00f1o envolvente con car\u00e1cter \u00fanico<span class=\"ez-toc-section-end\"><\/span><\/h2>\n\n\n\n<p class=\"has-medium-font-size wp-block-paragraph\"><strong>Dise\u00f1ada por Arne Jacobsen en 1958<\/strong>, esta pieza combina est\u00e9tica y funcionalidad, ofreciendo un refugio personal en cualquier espacio. <strong>Su forma curva y su estructura ergon\u00f3mica la convierten en un cl\u00e1sico atemporal del dise\u00f1o<\/strong>.<\/p>\n\n\n\n<p class=\"has-medium-font-size wp-block-paragraph\">Con su <strong>distintiva silueta de huevo<\/strong>, esta butaca no solo es una declaraci\u00f3n de estilo, sino tambi\u00e9n un asiento que invita al confort. Su dise\u00f1o responde a la b\u00fasqueda de equilibrio entre arte y funcionalidad, una de las principales caracter\u00edsticas de los muebles mid century. <strong>Ubicarla en un rinc\u00f3n de lectura o en una sala amplia garantiza sofisticaci\u00f3n y personalidad<\/strong>.<\/p>\n\n\n\n<p class=\"has-medium-font-size wp-block-paragraph\">La elecci\u00f3n de materiales tambi\u00e9n es crucial para entender el \u00e9xito de la butaca Egg. <strong>Generalmente fabricada en cuero o tejidos de alta calidad<\/strong>, refleja la esencia de los muebles mid century, donde cada detalle est\u00e1 cuidado para maximizar la durabilidad y la belleza. Adem\u00e1s, <strong>su base giratoria a\u00f1ade un toque contempor\u00e1neo que se adapta a estilos modernos<\/strong>.<\/p>\n\n\n\n<p class=\"has-medium-font-size wp-block-paragraph\">Esta pieza encarna la capacidad del dise\u00f1o mid century de adaptarse a diferentes ambientes. Puede ser el protagonista de un sal\u00f3n minimalista o el complemento perfecto en una habitaci\u00f3n de inspiraci\u00f3n vintage. Su versatilidad es parte de lo que la convierte en un \u00edcono del dise\u00f1o.<\/p>\n\n\n\n<div style=\"height:53px\" aria-hidden=\"true\" class=\"wp-block-spacer\"><\/div>\n\n\n\n<figure class=\"wp-block-image alignfull size-full\"><img loading=\"lazy\" decoding=\"async\" width=\"2560\" height=\"1436\" src=\"https:\/\/mueblesdetena.es\/wp-content\/uploads\/2024\/12\/muebles-mid-century-11-scaled.jpg\" alt=\"muebles mid century\" class=\"wp-image-33438\" srcset=\"https:\/\/mueblesdetena.es\/wp-content\/uploads\/2024\/12\/muebles-mid-century-11-scaled.jpg 2560w, https:\/\/mueblesdetena.es\/wp-content\/uploads\/2024\/12\/muebles-mid-century-11-300x168.jpg 300w, https:\/\/mueblesdetena.es\/wp-content\/uploads\/2024\/12\/muebles-mid-century-11-1024x574.jpg 1024w, https:\/\/mueblesdetena.es\/wp-content\/uploads\/2024\/12\/muebles-mid-century-11-768x431.jpg 768w, https:\/\/mueblesdetena.es\/wp-content\/uploads\/2024\/12\/muebles-mid-century-11-1536x861.jpg 1536w, https:\/\/mueblesdetena.es\/wp-content\/uploads\/2024\/12\/muebles-mid-century-11-2048x1149.jpg 2048w, https:\/\/mueblesdetena.es\/wp-content\/uploads\/2024\/12\/muebles-mid-century-11-600x336.jpg 600w\" sizes=\"(max-width: 2560px) 100vw, 2560px\" \/><\/figure>\n\n\n\n<div style=\"height:50px\" aria-hidden=\"true\" class=\"wp-block-spacer\"><\/div>\n\n\n\n<p class=\"has-medium-font-size wp-block-paragraph\">Adoptar los muebles Mid Century en tu hogar no es solo una cuesti\u00f3n de estilo, sino una forma de honrar un legado de dise\u00f1o que ha definido generaciones. Estas piezas, con su mezcla de funcionalidad y belleza, son el <strong>toque perfecto para quienes buscan espacios que combinen modernidad y sofisticaci\u00f3n atemporal<\/strong>.<\/p>\n\n\n\n<p class=\"has-medium-font-size wp-block-paragraph\">Cada uno de los iconos presentados aporta algo \u00fanico, ya sea la comodidad de una butaca Egg o la innovaci\u00f3n de una l\u00e1mpara Arco. <strong>Los muebles Mid Century son vers\u00e1tiles, encajan en cualquier decoraci\u00f3n y nunca pasan de moda<\/strong>, ofreciendo infinitas posibilidades para personalizar cada rinc\u00f3n de tu hogar con car\u00e1cter y elegancia.<\/p>\n\n\n\n<p class=\"has-medium-font-size wp-block-paragraph\">Si lo que deseas es un hogar que respire dise\u00f1o y personalidad, apostar por estos cl\u00e1sicos es una decisi\u00f3n infalible. Los muebles Mid Century no solo transforman tus espacios, sino que los convierten en una declaraci\u00f3n de buen gusto y amor por la historia del dise\u00f1o.<\/p>\n\n\n\n<p class=\"wp-block-paragraph\"><\/p>","protected":false},"excerpt":{"rendered":"<p>El estilo Mid Century ha dejado una huella imborrable en el mundo del dise\u00f1o y la decoraci\u00f3n. Sus l\u00edneas limpias, materiales naturales y enfoque en la funcionalidad convierten a los muebles Mid Century en piezas atemporales que trascienden tendencias, aportando car\u00e1cter y elegancia a cualquier espacio. No es solo un dise\u00f1o; es una declaraci\u00f3n de [&hellip;]<\/p>\n","protected":false},"author":618,"featured_media":33397,"comment_status":"open","ping_status":"open","sticky":false,"template":"","format":"standard","meta":{"site-sidebar-layout":"default","site-content-layout":"","ast-site-content-layout":"default","site-content-style":"default","site-sidebar-style":"default","ast-global-header-display":"","ast-banner-title-visibility":"","ast-main-header-display":"","ast-hfb-above-header-display":"","ast-hfb-below-header-display":"","ast-hfb-mobile-header-display":"","site-post-title":"","ast-breadcrumbs-content":"","ast-featured-img":"","footer-sml-layout":"","ast-disable-related-posts":"","theme-transparent-header-meta":"","adv-header-id-meta":"","stick-header-meta":"","header-above-stick-meta":"","header-main-stick-meta":"","header-below-stick-meta":"","astra-migrate-meta-layouts":"set","ast-page-background-enabled":"default","ast-page-background-meta":{"desktop":{"background-color":"var(--ast-global-color-4)","background-image":"","background-repeat":"repeat","background-position":"center center","background-size":"auto","background-attachment":"scroll","background-type":"","background-media":"","overlay-type":"","overlay-color":"","overlay-opacity":"","overlay-gradient":""},"tablet":{"background-color":"","background-image":"","background-repeat":"repeat","background-position":"center center","background-size":"auto","background-attachment":"scroll","background-type":"","background-media":"","overlay-type":"","overlay-color":"","overlay-opacity":"","overlay-gradient":""},"mobile":{"background-color":"","background-image":"","background-repeat":"repeat","background-position":"center center","background-size":"auto","background-attachment":"scroll","background-type":"","background-media":"","overlay-type":"","overlay-color":"","overlay-opacity":"","overlay-gradient":""}},"ast-content-background-meta":{"desktop":{"background-color":"var(--ast-global-color-5)","background-image":"","background-repeat":"repeat","background-position":"center center","background-size":"auto","background-attachment":"scroll","background-type":"","background-media":"","overlay-type":"","overlay-color":"","overlay-opacity":"","overlay-gradient":""},"tablet":{"background-color":"var(--ast-global-color-5)","background-image":"","background-repeat":"repeat","background-position":"center center","background-size":"auto","background-attachment":"scroll","background-type":"","background-media":"","overlay-type":"","overlay-color":"","overlay-opacity":"","overlay-gradient":""},"mobile":{"background-color":"var(--ast-global-color-5)","background-image":"","background-repeat":"repeat","background-position":"center center","background-size":"auto","background-attachment":"scroll","background-type":"","background-media":"","overlay-type":"","overlay-color":"","overlay-opacity":"","overlay-gradient":""}},"_joinchat":[],"footnotes":""},"categories":[1],"tags":[],"class_list":["post-33395","post","type-post","status-publish","format-standard","has-post-thumbnail","hentry","category-sin-categoria"],"_links":{"self":[{"href":"https:\/\/mueblesdetena.es\/ru_ru\/wp-json\/wp\/v2\/posts\/33395","targetHints":{"allow":["GET"]}}],"collection":[{"href":"https:\/\/mueblesdetena.es\/ru_ru\/wp-json\/wp\/v2\/posts"}],"about":[{"href":"https:\/\/mueblesdetena.es\/ru_ru\/wp-json\/wp\/v2\/types\/post"}],"author":[{"embeddable":true,"href":"https:\/\/mueblesdetena.es\/ru_ru\/wp-json\/wp\/v2\/users\/618"}],"replies":[{"embeddable":true,"href":"https:\/\/mueblesdetena.es\/ru_ru\/wp-json\/wp\/v2\/comments?post=33395"}],"version-history":[{"count":2,"href":"https:\/\/mueblesdetena.es\/ru_ru\/wp-json\/wp\/v2\/posts\/33395\/revisions"}],"predecessor-version":[{"id":33439,"href":"https:\/\/mueblesdetena.es\/ru_ru\/wp-json\/wp\/v2\/posts\/33395\/revisions\/33439"}],"wp:featuredmedia":[{"embeddable":true,"href":"https:\/\/mueblesdetena.es\/ru_ru\/wp-json\/wp\/v2\/media\/33397"}],"wp:attachment":[{"href":"https:\/\/mueblesdetena.es\/ru_ru\/wp-json\/wp\/v2\/media?parent=33395"}],"wp:term":[{"taxonomy":"category","embeddable":true,"href":"https:\/\/mueblesdetena.es\/ru_ru\/wp-json\/wp\/v2\/categories?post=33395"},{"taxonomy":"post_tag","embeddable":true,"href":"https:\/\/mueblesdetena.es\/ru_ru\/wp-json\/wp\/v2\/tags?post=33395"}],"curies":[{"name":"wp","href":"https:\/\/api.w.org\/{rel}","templated":true}]}}