{"id":33463,"date":"2024-12-19T09:00:00","date_gmt":"2024-12-19T08:00:00","guid":{"rendered":"https:\/\/mueblesdetena.es\/?p=33463"},"modified":"2024-12-19T14:14:34","modified_gmt":"2024-12-19T13:14:34","slug":"camas-geriatricas","status":"publish","type":"post","link":"https:\/\/mueblesdetena.es\/ru_ru\/camas-geriatricas\/","title":{"rendered":"Camas geri\u00e1tricas: Gu\u00eda completa para elegir la adecuada en 5 claves"},"content":{"rendered":"<p class=\"has-medium-font-size wp-block-paragraph\">Elegir el mobiliario adecuado para el cuidado de nuestros seres queridos es una decisi\u00f3n que va m\u00e1s all\u00e1 de lo est\u00e9tico. Las camas geri\u00e1tricas se han convertido en <strong>un elemento imprescindible para quienes buscan comodidad y funcionalidad en el cuidado de personas mayores<\/strong>. Estas camas no solo ofrecen soporte ergon\u00f3mico, sino que tambi\u00e9n aportan un toque de modernidad y practicidad al hogar.<\/p>\n\n\n\n<p class=\"has-medium-font-size wp-block-paragraph\">A medida que <strong>avanzamos hacia un estilo de vida m\u00e1s consciente y adaptado a las necesidades de cada etapa de la vida<\/strong>, las camas geri\u00e1tricas destacan como una soluci\u00f3n que combina tecnolog\u00eda y dise\u00f1o. Con opciones que incluyen ajustes el\u00e9ctricos y detalles personalizables, <strong>este tipo de mobiliario se adapta perfectamente tanto a espacios privados como a ambientes profesionales<\/strong>.<\/p>\n\n\n\n<p class=\"has-medium-font-size wp-block-paragraph\">En esta gu\u00eda, exploraremos todo lo que necesitas saber para <strong>elegir la mejor cama geri\u00e1trica para tu hogar<\/strong>. Desde factores clave hasta consejos de mantenimiento, descubrir\u00e1s c\u00f3mo transformar un espacio funcional en un lugar acogedor y lleno de bienestar.<\/p>\n\n\n\n<div style=\"height:50px\" aria-hidden=\"true\" class=\"wp-block-spacer\"><\/div>\n\n\n\n<div id=\"ez-toc-container\" class=\"ez-toc-v2_0_85 ez-toc-wrap-center counter-hierarchy ez-toc-counter ez-toc-grey ez-toc-container-direction\">\n<div class=\"ez-toc-title-container\">\n<p class=\"ez-toc-title\" style=\"cursor:inherit\">Table of Contents<\/p>\n<span class=\"ez-toc-title-toggle\"><a href=\"#\" class=\"ez-toc-pull-right ez-toc-btn ez-toc-btn-xs ez-toc-btn-default ez-toc-toggle\" aria-label=\"Toggle Table of Content\"><span class=\"ez-toc-js-icon-con\"><span class=\"\"><span class=\"eztoc-hide\" style=\"display:none;\">Toggle<\/span><span class=\"ez-toc-icon-toggle-span\"><svg style=\"fill: #999;color:#999\" xmlns=\"http:\/\/www.w3.org\/2000\/svg\" class=\"list-377408\" width=\"20px\" height=\"20px\" viewbox=\"0 0 24 24\" fill=\"none\"><path d=\"M6 6H4v2h2V6zm14 0H8v2h12V6zM4 11h2v2H4v-2zm16 0H8v2h12v-2zM4 16h2v2H4v-2zm16 0H8v2h12v-2z\" fill=\"currentColor\"><\/path><\/svg><svg style=\"fill: #999;color:#999\" class=\"arrow-unsorted-368013\" xmlns=\"http:\/\/www.w3.org\/2000\/svg\" width=\"10px\" height=\"10px\" viewbox=\"0 0 24 24\" version=\"1.2\" baseprofile=\"tiny\"><path d=\"M18.2 9.3l-6.2-6.3-6.2 6.3c-.2.2-.3.4-.3.7s.1.5.3.7c.2.2.4.3.7.3h11c.3 0 .5-.1.7-.3.2-.2.3-.5.3-.7s-.1-.5-.3-.7zM5.8 14.7l6.2 6.3 6.2-6.3c.2-.2.3-.5.3-.7s-.1-.5-.3-.7c-.2-.2-.4-.3-.7-.3h-11c-.3 0-.5.1-.7.3-.2.2-.3.5-.3.7s.1.5.3.7z\"\/><\/svg><\/span><\/span><\/span><\/a><\/span><\/div>\n<nav><ul class='ez-toc-list ez-toc-list-level-1' ><li class='ez-toc-page-1 ez-toc-heading-level-2'><a class=\"ez-toc-link ez-toc-heading-1\" href=\"https:\/\/mueblesdetena.es\/ru_ru\/camas-geriatricas\/#1_%C2%BFQue_es_una_cama_geriatrica\" >1. \u00bfQu\u00e9 es una cama geri\u00e1trica?<\/a><\/li><li class='ez-toc-page-1 ez-toc-heading-level-2'><a class=\"ez-toc-link ez-toc-heading-2\" href=\"https:\/\/mueblesdetena.es\/ru_ru\/camas-geriatricas\/#2_Factores_clave_para_elegir_la_mejor_cama_geriatrica\" >2. Factores clave para elegir la mejor cama geri\u00e1trica<\/a><ul class='ez-toc-list-level-3' ><li class='ez-toc-heading-level-3'><a class=\"ez-toc-link ez-toc-heading-3\" href=\"https:\/\/mueblesdetena.es\/ru_ru\/camas-geriatricas\/#Necesidades_del_usuario\" >Necesidades del usuario<\/a><\/li><li class='ez-toc-page-1 ez-toc-heading-level-3'><a class=\"ez-toc-link ez-toc-heading-4\" href=\"https:\/\/mueblesdetena.es\/ru_ru\/camas-geriatricas\/#Tamano_y_espacio_disponible\" >Tama\u00f1o y espacio disponible<\/a><\/li><li class='ez-toc-page-1 ez-toc-heading-level-3'><a class=\"ez-toc-link ez-toc-heading-5\" href=\"https:\/\/mueblesdetena.es\/ru_ru\/camas-geriatricas\/#Funcionalidades_esenciales\" >Funcionalidades esenciales<\/a><\/li><li class='ez-toc-page-1 ez-toc-heading-level-3'><a class=\"ez-toc-link ez-toc-heading-6\" href=\"https:\/\/mueblesdetena.es\/ru_ru\/camas-geriatricas\/#Estilo_y_diseno\" >Estilo y dise\u00f1o<\/a><\/li><li class='ez-toc-page-1 ez-toc-heading-level-3'><a class=\"ez-toc-link ez-toc-heading-7\" href=\"https:\/\/mueblesdetena.es\/ru_ru\/camas-geriatricas\/#Materiales_y_durabilidad\" >Materiales y durabilidad<\/a><\/li><li class='ez-toc-page-1 ez-toc-heading-level-3'><a class=\"ez-toc-link ez-toc-heading-8\" href=\"https:\/\/mueblesdetena.es\/ru_ru\/camas-geriatricas\/#Facilidad_de_uso\" >Facilidad de uso<\/a><\/li><li class='ez-toc-page-1 ez-toc-heading-level-3'><a class=\"ez-toc-link ez-toc-heading-9\" href=\"https:\/\/mueblesdetena.es\/ru_ru\/camas-geriatricas\/#Presupuesto_y_relacion_calidad-precio\" >Presupuesto y relaci\u00f3n calidad-precio<\/a><\/li><li class='ez-toc-page-1 ez-toc-heading-level-3'><a class=\"ez-toc-link ez-toc-heading-10\" href=\"https:\/\/mueblesdetena.es\/ru_ru\/camas-geriatricas\/#Accesorios_complementarios\" >Accesorios complementarios<\/a><\/li><li class='ez-toc-page-1 ez-toc-heading-level-3'><a class=\"ez-toc-link ez-toc-heading-11\" href=\"https:\/\/mueblesdetena.es\/ru_ru\/camas-geriatricas\/#Garantias_y_soporte_tecnico\" >Garant\u00edas y soporte t\u00e9cnico<\/a><\/li><\/ul><\/li><li class='ez-toc-page-1 ez-toc-heading-level-2'><a class=\"ez-toc-link ez-toc-heading-12\" href=\"https:\/\/mueblesdetena.es\/ru_ru\/camas-geriatricas\/#3_Tipos_de_camas_geriatricas_y_sus_ventajas\" >3. Tipos de camas geri\u00e1tricas y sus ventajas<\/a><ul class='ez-toc-list-level-3' ><li class='ez-toc-heading-level-3'><a class=\"ez-toc-link ez-toc-heading-13\" href=\"https:\/\/mueblesdetena.es\/ru_ru\/camas-geriatricas\/#Camas_Electricas\" >Camas El\u00e9ctricas<\/a><\/li><li class='ez-toc-page-1 ez-toc-heading-level-3'><a class=\"ez-toc-link ez-toc-heading-14\" href=\"https:\/\/mueblesdetena.es\/ru_ru\/camas-geriatricas\/#Camas_manuales\" >Camas manuales<\/a><\/li><li class='ez-toc-page-1 ez-toc-heading-level-3'><a class=\"ez-toc-link ez-toc-heading-15\" href=\"https:\/\/mueblesdetena.es\/ru_ru\/camas-geriatricas\/#Camas_plegables_o_compactas\" >Camas plegables o compactas<\/a><\/li><li class='ez-toc-page-1 ez-toc-heading-level-3'><a class=\"ez-toc-link ez-toc-heading-16\" href=\"https:\/\/mueblesdetena.es\/ru_ru\/camas-geriatricas\/#Camas_con_funcionalidades_avanzadas\" >Camas con funcionalidades avanzadas<\/a><\/li><\/ul><\/li><li class='ez-toc-page-1 ez-toc-heading-level-2'><a class=\"ez-toc-link ez-toc-heading-17\" href=\"https:\/\/mueblesdetena.es\/ru_ru\/camas-geriatricas\/#4_Consejos_para_comprar_una_cama_geriatrica\" >4. Consejos para comprar una cama geri\u00e1trica<\/a><\/li><li class='ez-toc-page-1 ez-toc-heading-level-2'><a class=\"ez-toc-link ez-toc-heading-18\" href=\"https:\/\/mueblesdetena.es\/ru_ru\/camas-geriatricas\/#5_Mantenimiento_y_cuidados_de_una_cama_geriatrica\" >5. Mantenimiento y cuidados de una cama geri\u00e1trica<\/a><\/li><li class='ez-toc-page-1 ez-toc-heading-level-2'><a class=\"ez-toc-link ez-toc-heading-19\" href=\"https:\/\/mueblesdetena.es\/ru_ru\/camas-geriatricas\/#Preguntas_frecuentes_sobre_camas_geriatricas\" >Preguntas frecuentes sobre camas geri\u00e1tricas<\/a><ul class='ez-toc-list-level-3' ><li class='ez-toc-heading-level-3'><a class=\"ez-toc-link ez-toc-heading-20\" href=\"https:\/\/mueblesdetena.es\/ru_ru\/camas-geriatricas\/#%C2%BFCuanto_cuesta_una_cama_geriatrica_de_calidad\" >\u00bfCu\u00e1nto cuesta una cama geri\u00e1trica de calidad?<\/a><\/li><li class='ez-toc-page-1 ez-toc-heading-level-3'><a class=\"ez-toc-link ez-toc-heading-21\" href=\"https:\/\/mueblesdetena.es\/ru_ru\/camas-geriatricas\/#%C2%BFEs_mejor_una_cama_electrica_o_manual\" >\u00bfEs mejor una cama el\u00e9ctrica o manual?<\/a><\/li><li class='ez-toc-page-1 ez-toc-heading-level-3'><a class=\"ez-toc-link ez-toc-heading-22\" href=\"https:\/\/mueblesdetena.es\/ru_ru\/camas-geriatricas\/#%C2%BFQue_tipo_de_colchon_se_recomienda_para_camas_geriatricas\" >\u00bfQu\u00e9 tipo de colch\u00f3n se recomienda para camas geri\u00e1tricas?<\/a><\/li><li class='ez-toc-page-1 ez-toc-heading-level-3'><a class=\"ez-toc-link ez-toc-heading-23\" href=\"https:\/\/mueblesdetena.es\/ru_ru\/camas-geriatricas\/#%C2%BFSe_pueden_alquilar_camas_geriatricas\" >\u00bfSe pueden alquilar camas geri\u00e1tricas?<\/a><\/li><\/ul><\/li><\/ul><\/nav><\/div>\n<h2 class=\"wp-block-heading\"><span class=\"ez-toc-section\" id=\"1_%C2%BFQue_es_una_cama_geriatrica\"><\/span>1. \u00bfQu\u00e9 es una cama geri\u00e1trica?<span class=\"ez-toc-section-end\"><\/span><\/h2>\n\n\n\n<p class=\"has-medium-font-size wp-block-paragraph\">Las <a href=\"https:\/\/mueblesdetena.es\/ru_ru\/camas-geriatricas\/\">camas geri\u00e1tricas<\/a> son mucho m\u00e1s que un simple mueble; <strong>representan una soluci\u00f3n ergon\u00f3mica dise\u00f1ada para brindar confort y seguridad a personas mayores o con movilidad reducida<\/strong>. Estas camas est\u00e1n especialmente adaptadas para facilitar la vida diaria, ofreciendo funciones avanzadas como ajustes en altura, inclinaci\u00f3n del respaldo y soportes laterales, ideales tanto para los usuarios como para sus cuidadores.<\/p>\n\n\n\n<p class=\"has-medium-font-size wp-block-paragraph\"><strong>Una de las principales caracter\u00edsticas que distingue a las camas geri\u00e1tricas de las camas tradicionales es su capacidad para adaptarse a las necesidades f\u00edsicas del usuario<\/strong>. Equipadas con sistemas el\u00e9ctricos o manuales, permiten cambiar la posici\u00f3n del cuerpo sin esfuerzo, lo que reduce el riesgo de lesiones y mejora significativamente la calidad de vida, tanto durante el descanso como en actividades cotidianas.<\/p>\n\n\n\n<p class=\"has-medium-font-size wp-block-paragraph\">Adem\u00e1s de su funcionalidad, las camas geri\u00e1tricas tambi\u00e9n destacan por su dise\u00f1o pensado en la seguridad. <strong>Incorporan elementos como barandillas ajustables que previenen ca\u00eddas y ruedas con freno para garantizar estabilidad<\/strong>. Estas caracter\u00edsticas convierten a estas <a href=\"https:\/\/mueblesdetena.es\/ru_ru\/cama-articulada-geriatrica%c2%a8\/\">camas<\/a> en una pieza indispensable para el cuidado domiciliario, fusionando utilidad con tranquilidad para los familiares.<\/p>\n\n\n\n<p class=\"has-medium-font-size wp-block-paragraph\">Por \u00faltimo, las camas geri\u00e1tricas est\u00e1n <strong>disponibles en una amplia variedad de estilos y materiales, lo que permite integrarlas f\u00e1cilmente en cualquier ambiente del hogar<\/strong>. Desde acabados modernos hasta opciones m\u00e1s cl\u00e1sicas, su versatilidad asegura que la funcionalidad no comprometa el dise\u00f1o, convirti\u00e9ndolas en un elemento pr\u00e1ctico y est\u00e9tico.<\/p>\n\n\n\n<div style=\"height:50px\" aria-hidden=\"true\" class=\"wp-block-spacer\"><\/div>\n\n\n\n<figure class=\"wp-block-image alignfull size-full\"><img fetchpriority=\"high\" decoding=\"async\" width=\"2560\" height=\"1436\" src=\"https:\/\/mueblesdetena.es\/wp-content\/uploads\/2024\/12\/camas-geriatricas-2-scaled.jpg\" alt=\"camas geri\u00e1tricas\" class=\"wp-image-33486\" srcset=\"https:\/\/mueblesdetena.es\/wp-content\/uploads\/2024\/12\/camas-geriatricas-2-scaled.jpg 2560w, https:\/\/mueblesdetena.es\/wp-content\/uploads\/2024\/12\/camas-geriatricas-2-300x168.jpg 300w, https:\/\/mueblesdetena.es\/wp-content\/uploads\/2024\/12\/camas-geriatricas-2-1024x574.jpg 1024w, https:\/\/mueblesdetena.es\/wp-content\/uploads\/2024\/12\/camas-geriatricas-2-768x431.jpg 768w, https:\/\/mueblesdetena.es\/wp-content\/uploads\/2024\/12\/camas-geriatricas-2-1536x861.jpg 1536w, https:\/\/mueblesdetena.es\/wp-content\/uploads\/2024\/12\/camas-geriatricas-2-2048x1149.jpg 2048w, https:\/\/mueblesdetena.es\/wp-content\/uploads\/2024\/12\/camas-geriatricas-2-600x336.jpg 600w\" sizes=\"(max-width: 2560px) 100vw, 2560px\" \/><\/figure>\n\n\n\n<div style=\"height:50px\" aria-hidden=\"true\" class=\"wp-block-spacer\"><\/div>\n\n\n\n<h2 class=\"wp-block-heading\"><span class=\"ez-toc-section\" id=\"2_Factores_clave_para_elegir_la_mejor_cama_geriatrica\"><\/span>2. Factores clave para elegir la mejor cama geri\u00e1trica<span class=\"ez-toc-section-end\"><\/span><\/h2>\n\n\n\n<p class=\"has-medium-font-size wp-block-paragraph\">Elegir una cama geri\u00e1trica adecuada implica considerar diversos aspectos que garantizan comodidad, seguridad y funcionalidad. Estos factores son fundamentales para que el mobiliario no solo cumpla su funci\u00f3n, sino que tambi\u00e9n se integre de forma armoniosa en el entorno del hogar, aportando un toque de elegancia sin renunciar a la practicidad.<\/p>\n\n\n\n<h3 class=\"wp-block-heading\"><span class=\"ez-toc-section\" id=\"Necesidades_del_usuario\"><\/span><strong>Necesidades del usuario<\/strong><span class=\"ez-toc-section-end\"><\/span><\/h3>\n\n\n\n<p class=\"has-medium-font-size wp-block-paragraph\">El primer paso es evaluar las necesidades espec\u00edficas del usuario. Si la persona cuenta con movilidad limitada, las camas geri\u00e1tricas ajustables son ideales para facilitar el cambio de postura y mejorar su confort. En casos m\u00e1s cr\u00edticos, como encamamiento prolongado, optar por opciones con sistemas antiescaras puede marcar una gran diferencia en la calidad de vida.<\/p>\n\n\n\n<h3 class=\"wp-block-heading\"><span class=\"ez-toc-section\" id=\"Tamano_y_espacio_disponible\"><\/span><strong>Tama\u00f1o y espacio disponible<\/strong><span class=\"ez-toc-section-end\"><\/span><\/h3>\n\n\n\n<p class=\"has-medium-font-size wp-block-paragraph\">Las dimensiones de la cama geri\u00e1trica deben adaptarse tanto al usuario como al espacio disponible en el hogar. Los modelos individuales son ideales para habitaciones compactas, mientras que las versiones dobles pueden ser una excelente opci\u00f3n si se busca mayor amplitud. Medir el \u00e1rea y planificar la disposici\u00f3n es clave para mantener la armon\u00eda en el dise\u00f1o interior.<\/p>\n\n\n\n<h3 class=\"wp-block-heading\"><span class=\"ez-toc-section\" id=\"Funcionalidades_esenciales\"><\/span><strong>Funcionalidades esenciales<\/strong><span class=\"ez-toc-section-end\"><\/span><\/h3>\n\n\n\n<p class=\"has-medium-font-size wp-block-paragraph\">Una cama geri\u00e1trica debe ofrecer funcionalidades que faciliten tanto el descanso del usuario como el trabajo del cuidador. Las barandillas ajustables, las ruedas con frenos y los mecanismos de inclinaci\u00f3n para respaldo y piernas son caracter\u00edsticas imprescindibles que aportan seguridad y comodidad en el d\u00eda a d\u00eda.<\/p>\n\n\n\n<h3 class=\"wp-block-heading\"><span class=\"ez-toc-section\" id=\"Estilo_y_diseno\"><\/span><strong>Estilo y dise\u00f1o<\/strong><span class=\"ez-toc-section-end\"><\/span><\/h3>\n\n\n\n<p class=\"has-medium-font-size wp-block-paragraph\">Aunque la funcionalidad es primordial, no hay que descuidar el aspecto est\u00e9tico. Las camas geri\u00e1tricas actuales est\u00e1n dise\u00f1adas para integrarse en cualquier estilo decorativo, desde los m\u00e1s modernos hasta los m\u00e1s cl\u00e1sicos. Optar por acabados en madera o tonos neutros puede convertir este elemento pr\u00e1ctico en una pieza decorativa m\u00e1s del hogar.<\/p>\n\n\n\n<h3 class=\"wp-block-heading\"><span class=\"ez-toc-section\" id=\"Materiales_y_durabilidad\"><\/span><strong>Materiales y durabilidad<\/strong><span class=\"ez-toc-section-end\"><\/span><\/h3>\n\n\n\n<p class=\"has-medium-font-size wp-block-paragraph\">Invertir en una cama geri\u00e1trica de materiales de alta calidad garantiza su durabilidad y resistencia. Estructuras met\u00e1licas con acabados resistentes a la corrosi\u00f3n y colchones fabricados con materiales antial\u00e9rgicos son opciones ideales para un uso prolongado y seguro, asegurando una relaci\u00f3n calidad-precio \u00f3ptima.<\/p>\n\n\n\n<h3 class=\"wp-block-heading\"><span class=\"ez-toc-section\" id=\"Facilidad_de_uso\"><\/span><strong>Facilidad de uso<\/strong><span class=\"ez-toc-section-end\"><\/span><\/h3>\n\n\n\n<p class=\"has-medium-font-size wp-block-paragraph\">Los sistemas el\u00e9ctricos de ajuste son una de las caracter\u00edsticas m\u00e1s valoradas en las camas geri\u00e1tricas. Con solo presionar un bot\u00f3n, es posible regular la posici\u00f3n de la cama, lo que resulta beneficioso tanto para el usuario como para los cuidadores, simplificando las tareas diarias y mejorando la experiencia general.<\/p>\n\n\n\n<h3 class=\"wp-block-heading\"><span class=\"ez-toc-section\" id=\"Presupuesto_y_relacion_calidad-precio\"><\/span><strong>Presupuesto y relaci\u00f3n calidad-precio<\/strong><span class=\"ez-toc-section-end\"><\/span><\/h3>\n\n\n\n<p class=\"has-medium-font-size wp-block-paragraph\">El mercado de camas geri\u00e1tricas ofrece opciones para todos los presupuestos. Analizar detenidamente las caracter\u00edsticas y comparar precios permite encontrar un modelo que ofrezca una excelente relaci\u00f3n calidad-precio sin comprometer la funcionalidad ni el dise\u00f1o.<\/p>\n\n\n\n<h3 class=\"wp-block-heading\"><span class=\"ez-toc-section\" id=\"Accesorios_complementarios\"><\/span><strong>Accesorios complementarios<\/strong><span class=\"ez-toc-section-end\"><\/span><\/h3>\n\n\n\n<p class=\"has-medium-font-size wp-block-paragraph\">Los accesorios, como mesas auxiliares, cabeceros decorativos o protectores de barandillas, pueden a\u00f1adir un plus de funcionalidad y estilo. Estos elementos no solo complementan la cama geri\u00e1trica, sino que tambi\u00e9n contribuyen a crear un entorno acogedor y pr\u00e1ctico para el usuario.<\/p>\n\n\n\n<h3 class=\"wp-block-heading\"><span class=\"ez-toc-section\" id=\"Garantias_y_soporte_tecnico\"><\/span><strong>Garant\u00edas y soporte t\u00e9cnico<\/strong><span class=\"ez-toc-section-end\"><\/span><\/h3>\n\n\n\n<p class=\"has-medium-font-size wp-block-paragraph\">Por \u00faltimo, considerar las garant\u00edas ofrecidas y la disponibilidad de soporte t\u00e9cnico es crucial. Una cama geri\u00e1trica de calidad debe contar con respaldo en caso de fallos mec\u00e1nicos o el\u00e9ctricos, asegurando tranquilidad y satisfacci\u00f3n a largo plazo para sus usuarios y familiares.<\/p>\n\n\n\n<p class=\"has-medium-font-size wp-block-paragraph\">Este enfoque garantiza una elecci\u00f3n informada que combina funcionalidad, confort y estilo, haciendo de las camas geri\u00e1tricas una pieza esencial en el cuidado y bienestar dentro del hogar.<\/p>\n\n\n\n<div style=\"height:50px\" aria-hidden=\"true\" class=\"wp-block-spacer\"><\/div>\n\n\n\n<figure class=\"wp-block-image alignfull size-full\"><img decoding=\"async\" width=\"2368\" height=\"1328\" src=\"https:\/\/mueblesdetena.es\/wp-content\/uploads\/2024\/12\/camas-geriatricas-3.jpg\" alt=\"camas geri\u00e1tricas\" class=\"wp-image-33487\" srcset=\"https:\/\/mueblesdetena.es\/wp-content\/uploads\/2024\/12\/camas-geriatricas-3.jpg 2368w, https:\/\/mueblesdetena.es\/wp-content\/uploads\/2024\/12\/camas-geriatricas-3-300x168.jpg 300w, https:\/\/mueblesdetena.es\/wp-content\/uploads\/2024\/12\/camas-geriatricas-3-1024x574.jpg 1024w, https:\/\/mueblesdetena.es\/wp-content\/uploads\/2024\/12\/camas-geriatricas-3-768x431.jpg 768w, https:\/\/mueblesdetena.es\/wp-content\/uploads\/2024\/12\/camas-geriatricas-3-1536x861.jpg 1536w, https:\/\/mueblesdetena.es\/wp-content\/uploads\/2024\/12\/camas-geriatricas-3-2048x1149.jpg 2048w, https:\/\/mueblesdetena.es\/wp-content\/uploads\/2024\/12\/camas-geriatricas-3-600x336.jpg 600w\" sizes=\"(max-width: 2368px) 100vw, 2368px\" \/><\/figure>\n\n\n\n<div style=\"height:50px\" aria-hidden=\"true\" class=\"wp-block-spacer\"><\/div>\n\n\n\n<h2 class=\"wp-block-heading\"><span class=\"ez-toc-section\" id=\"3_Tipos_de_camas_geriatricas_y_sus_ventajas\"><\/span><strong>3. Tipos de camas geri\u00e1tricas y sus ventajas<\/strong><span class=\"ez-toc-section-end\"><\/span><\/h2>\n\n\n\n<h3 class=\"wp-block-heading\"><span class=\"ez-toc-section\" id=\"Camas_Electricas\"><\/span><strong>Camas El\u00e9ctricas<\/strong><span class=\"ez-toc-section-end\"><\/span><\/h3>\n\n\n\n<p class=\"has-medium-font-size wp-block-paragraph\">Las camas geri\u00e1tricas el\u00e9ctricas son sin\u00f3nimo de comodidad y practicidad. <strong>Equipadas con motores silenciosos y controles intuitivos, permiten ajustar la posici\u00f3n del respaldo, los pies e incluso la altura de la cama <a href=\"https:\/\/mueblesdetena.es\/ru_ru\/cama-geriatrica-expres%c2%a8\/\">con tan solo presionar un bot\u00f3n<\/a><\/strong>. Este nivel de personalizaci\u00f3n es ideal tanto para usuarios como para cuidadores, optimizando el bienestar y la ergonom\u00eda.<\/p>\n\n\n\n<p class=\"has-medium-font-size wp-block-paragraph\">Adem\u00e1s, estas camas <strong>suelen incluir funcionalidades avanzadas como memorias programables o <a href=\"https:\/\/mueblesdetena.es\/ru_ru\/cama-articulada-geriatrica%c2%a8-2\/\">barandillas integradas<\/a><\/strong> para mayor seguridad. Su dise\u00f1o moderno se adapta f\u00e1cilmente a cualquier estilo de decoraci\u00f3n, haciendo que no solo sean pr\u00e1cticas, sino tambi\u00e9n est\u00e9ticamente agradables en el entorno del hogar.<\/p>\n\n\n\n<h3 class=\"wp-block-heading\"><span class=\"ez-toc-section\" id=\"Camas_manuales\"><\/span><strong>Camas manuales<\/strong><span class=\"ez-toc-section-end\"><\/span><\/h3>\n\n\n\n<p class=\"has-medium-font-size wp-block-paragraph\">Para quienes buscan una opci\u00f3n m\u00e1s accesible sin renunciar a la funcionalidad, las camas geri\u00e1tricas manuales son una excelente alternativa. Estas camas <strong>permiten ajustes b\u00e1sicos mediante mecanismos manuales, siendo ideales para necesidades temporales o presupuestos ajustados<\/strong>. A pesar de ser m\u00e1s sencillas, cumplen perfectamente con los requerimientos b\u00e1sicos de confort y seguridad.<\/p>\n\n\n\n<p class=\"has-medium-font-size wp-block-paragraph\"><strong>El dise\u00f1o de estas camas combina robustez y versatilidad<\/strong>, permitiendo que se integren f\u00e1cilmente en espacios m\u00e1s reducidos. Adem\u00e1s, gracias a su construcci\u00f3n simple, requieren menos mantenimiento, convirti\u00e9ndose en una soluci\u00f3n duradera y eficaz para quienes priorizan lo esencial.<\/p>\n\n\n\n<h3 class=\"wp-block-heading\"><span class=\"ez-toc-section\" id=\"Camas_plegables_o_compactas\"><\/span><strong>Camas plegables o compactas<\/strong><span class=\"ez-toc-section-end\"><\/span><\/h3>\n\n\n\n<p class=\"has-medium-font-size wp-block-paragraph\">Las camas geri\u00e1tricas plegables destacan por su capacidad de adaptarse a espacios reducidos. <strong>Su dise\u00f1o funcional permite montarlas y desmontarlas con facilidad, lo que las hace perfectas para hogares con limitaciones de espacio o para quienes necesitan una cama port\u00e1til<\/strong>. A pesar de su tama\u00f1o compacto, ofrecen el confort necesario para el descanso diario.<\/p>\n\n\n\n<p class=\"has-medium-font-size wp-block-paragraph\">Estas camas <strong>no solo son pr\u00e1cticas, sino tambi\u00e9n ligeras y f\u00e1ciles de almacenar cuando no se utilizan<\/strong>. Su est\u00e9tica discreta y su estructura eficiente las convierten en una opci\u00f3n ideal para quienes buscan combinar funcionalidad con dise\u00f1o minimalista en su hogar.<\/p>\n\n\n\n<h3 class=\"wp-block-heading\"><span class=\"ez-toc-section\" id=\"Camas_con_funcionalidades_avanzadas\"><\/span><strong>Camas con funcionalidades avanzadas<\/strong><span class=\"ez-toc-section-end\"><\/span><\/h3>\n\n\n\n<p class=\"has-medium-font-size wp-block-paragraph\">La innovaci\u00f3n ha llegado al dise\u00f1o de camas geri\u00e1tricas, incorporando tecnolog\u00edas que mejoran significativamente la calidad de vida de los usuarios. <strong>Algunas cuentan con sensores de movimiento, sistemas antiescaras integrados o alertas inteligentes<\/strong> que avisan a los cuidadores ante cualquier eventualidad, redefiniendo el concepto de cuidado en casa.<\/p>\n\n\n\n<p class=\"has-medium-font-size wp-block-paragraph\">Adem\u00e1s de ser altamente funcionales, estas camas est\u00e1n dise\u00f1adas para complementar espacios modernos y sofisticados. <strong>Su combinaci\u00f3n de tecnolog\u00eda y estilo las posiciona como la elecci\u00f3n perfecta para quienes buscan comodidad y elegancia en un solo producto,<\/strong> transformando el cuidado diario en una experiencia m\u00e1s llevadera y segura.<\/p>\n\n\n\n<div style=\"height:50px\" aria-hidden=\"true\" class=\"wp-block-spacer\"><\/div>\n\n\n\n<figure class=\"wp-block-image alignfull size-full\"><img decoding=\"async\" width=\"2368\" height=\"1328\" src=\"https:\/\/mueblesdetena.es\/wp-content\/uploads\/2024\/12\/camas-geriatricas-5.jpg\" alt=\"\" class=\"wp-image-33489\" srcset=\"https:\/\/mueblesdetena.es\/wp-content\/uploads\/2024\/12\/camas-geriatricas-5.jpg 2368w, https:\/\/mueblesdetena.es\/wp-content\/uploads\/2024\/12\/camas-geriatricas-5-300x168.jpg 300w, https:\/\/mueblesdetena.es\/wp-content\/uploads\/2024\/12\/camas-geriatricas-5-1024x574.jpg 1024w, https:\/\/mueblesdetena.es\/wp-content\/uploads\/2024\/12\/camas-geriatricas-5-768x431.jpg 768w, https:\/\/mueblesdetena.es\/wp-content\/uploads\/2024\/12\/camas-geriatricas-5-1536x861.jpg 1536w, https:\/\/mueblesdetena.es\/wp-content\/uploads\/2024\/12\/camas-geriatricas-5-2048x1149.jpg 2048w, https:\/\/mueblesdetena.es\/wp-content\/uploads\/2024\/12\/camas-geriatricas-5-600x336.jpg 600w\" sizes=\"(max-width: 2368px) 100vw, 2368px\" \/><\/figure>\n\n\n\n<div style=\"height:50px\" aria-hidden=\"true\" class=\"wp-block-spacer\"><\/div>\n\n\n\n<h2 class=\"wp-block-heading\"><span class=\"ez-toc-section\" id=\"4_Consejos_para_comprar_una_cama_geriatrica\"><\/span>4. Consejos para comprar una cama geri\u00e1trica<span class=\"ez-toc-section-end\"><\/span><\/h2>\n\n\n\n<p class=\"has-medium-font-size wp-block-paragraph\">Elegir una cama geri\u00e1trica puede ser una decisi\u00f3n crucial para el bienestar de tus seres queridos, y <strong>hacerlo en tiendas especializadas asegura que obtengas productos dise\u00f1ados espec\u00edficamente para sus necesidades<\/strong>. Las tiendas f\u00edsicas permiten examinar la calidad y funcionalidad en persona, mientras que las plataformas online ofrecen una amplia variedad con la comodidad de comparar precios y caracter\u00edsticas desde casa.<\/p>\n\n\n\n<p class=\"has-medium-font-size wp-block-paragraph\">Antes de concretar la compra, <strong>verifica las garant\u00edas y las pol\u00edticas de devoluci\u00f3n<\/strong>. Las camas geri\u00e1tricas deben cumplir con altos est\u00e1ndares de seguridad y durabilidad, y contar con una garant\u00eda s\u00f3lida brinda tranquilidad en caso de fallos t\u00e9cnicos. Aseg\u00farate tambi\u00e9n de que el vendedor ofrezca un servicio postventa confiable para posibles reparaciones o ajustes futuros.<\/p>\n\n\n\n<p class=\"has-medium-font-size wp-block-paragraph\"><strong>Leer las opiniones de otros clientes es un paso esencial para hacer una compra informada<\/strong>. Estas rese\u00f1as aportan perspectivas reales sobre la experiencia de uso y pueden alertarte sobre posibles inconvenientes. A menudo, los compradores destacan detalles que podr\u00edan pasarse por alto, como la facilidad de montaje o la calidad de los accesorios incluidos en las camas geri\u00e1tricas.<\/p>\n\n\n\n<p class=\"has-medium-font-size wp-block-paragraph\">Finalmente, presta atenci\u00f3n a las certificaciones de calidad. <strong>Las etiquetas <a href=\"https:\/\/es.wikipedia.org\/wiki\/Marcado_CE\" target=\"_blank\" rel=\"noopener\">CE<\/a> o <a href=\"https:\/\/www.iso.org\/es\/normas\" target=\"_blank\" rel=\"noopener\">ISO<\/a> garantizan que las camas geri\u00e1tricas cumplen con los requisitos de <\/strong>seguridad y fabricaci\u00f3n en Europa. Elegir productos certificados no solo asegura su resistencia, sino tambi\u00e9n la tranquilidad de invertir en lo mejor para el cuidado del hogar.<\/p>\n\n\n\n<div style=\"height:53px\" aria-hidden=\"true\" class=\"wp-block-spacer\"><\/div>\n\n\n\n<figure class=\"wp-block-image alignfull size-full\"><img loading=\"lazy\" decoding=\"async\" width=\"2368\" height=\"1328\" src=\"https:\/\/mueblesdetena.es\/wp-content\/uploads\/2024\/12\/camas-geriatricas-7.jpg\" alt=\"camas geri\u00e1tricas\" class=\"wp-image-33505\" srcset=\"https:\/\/mueblesdetena.es\/wp-content\/uploads\/2024\/12\/camas-geriatricas-7.jpg 2368w, https:\/\/mueblesdetena.es\/wp-content\/uploads\/2024\/12\/camas-geriatricas-7-300x168.jpg 300w, https:\/\/mueblesdetena.es\/wp-content\/uploads\/2024\/12\/camas-geriatricas-7-1024x574.jpg 1024w, https:\/\/mueblesdetena.es\/wp-content\/uploads\/2024\/12\/camas-geriatricas-7-768x431.jpg 768w, https:\/\/mueblesdetena.es\/wp-content\/uploads\/2024\/12\/camas-geriatricas-7-1536x861.jpg 1536w, https:\/\/mueblesdetena.es\/wp-content\/uploads\/2024\/12\/camas-geriatricas-7-2048x1149.jpg 2048w, https:\/\/mueblesdetena.es\/wp-content\/uploads\/2024\/12\/camas-geriatricas-7-600x336.jpg 600w\" sizes=\"(max-width: 2368px) 100vw, 2368px\" \/><\/figure>\n\n\n\n<div style=\"height:50px\" aria-hidden=\"true\" class=\"wp-block-spacer\"><\/div>\n\n\n\n<h2 class=\"wp-block-heading\"><span class=\"ez-toc-section\" id=\"5_Mantenimiento_y_cuidados_de_una_cama_geriatrica\"><\/span>5. Mantenimiento y cuidados de una cama geri\u00e1trica<span class=\"ez-toc-section-end\"><\/span><\/h2>\n\n\n\n<p class=\"has-medium-font-size wp-block-paragraph\">Mantener las camas geri\u00e1tricas en perfecto estado no solo asegura su durabilidad, sino tambi\u00e9n la comodidad y seguridad del usuario. Comienza con una limpieza regular: <strong>utiliza un pa\u00f1o h\u00famedo para retirar el polvo de la estructura y un producto desinfectante suave en el colch\u00f3n, evitando qu\u00edmicos agresivos que puedan da\u00f1ar los materiales<\/strong>. Este sencillo h\u00e1bito no solo mantiene la cama impecable, sino tambi\u00e9n higi\u00e9nica para el d\u00eda a d\u00eda.<\/p>\n\n\n\n<p class=\"has-medium-font-size wp-block-paragraph\"><strong>Es fundamental realizar revisiones peri\u00f3dicas de los componentes el\u00e9ctricos y mec\u00e1nicos, como motores, mandos y barandillas ajustables<\/strong>. Aseg\u00farate de que las conexiones el\u00e9ctricas est\u00e9n en buen estado y que las piezas m\u00f3viles funcionen sin dificultades. Este cuidado preventivo prolonga la vida \u00fatil de las camas geri\u00e1tricas, evitando costosas reparaciones inesperadas y garantizando su pleno funcionamiento.<\/p>\n\n\n\n<p class=\"has-medium-font-size wp-block-paragraph\">Finalmente, protege la cama con fundas espec\u00edficas para colchones y evita sobrecargarla con peso innecesario. Adem\u00e1s, <strong>considera rotar el colch\u00f3n cada cierto tiempo para mantener su forma y evitar el desgaste irregular<\/strong>. Siguiendo estos consejos, las camas geri\u00e1tricas no solo conservar\u00e1n su funcionalidad, sino que tambi\u00e9n continuar\u00e1n ofreciendo confort y bienestar al usuario durante a\u00f1os.<\/p>\n\n\n\n<div style=\"height:50px\" aria-hidden=\"true\" class=\"wp-block-spacer\"><\/div>\n\n\n\n<figure class=\"wp-block-image alignfull size-full\"><img loading=\"lazy\" decoding=\"async\" width=\"2368\" height=\"1328\" src=\"https:\/\/mueblesdetena.es\/wp-content\/uploads\/2024\/12\/camas-geriatricas-8.jpg\" alt=\"camas geri\u00e1tricas\" class=\"wp-image-33507\" srcset=\"https:\/\/mueblesdetena.es\/wp-content\/uploads\/2024\/12\/camas-geriatricas-8.jpg 2368w, https:\/\/mueblesdetena.es\/wp-content\/uploads\/2024\/12\/camas-geriatricas-8-300x168.jpg 300w, https:\/\/mueblesdetena.es\/wp-content\/uploads\/2024\/12\/camas-geriatricas-8-1024x574.jpg 1024w, https:\/\/mueblesdetena.es\/wp-content\/uploads\/2024\/12\/camas-geriatricas-8-768x431.jpg 768w, https:\/\/mueblesdetena.es\/wp-content\/uploads\/2024\/12\/camas-geriatricas-8-1536x861.jpg 1536w, https:\/\/mueblesdetena.es\/wp-content\/uploads\/2024\/12\/camas-geriatricas-8-2048x1149.jpg 2048w, https:\/\/mueblesdetena.es\/wp-content\/uploads\/2024\/12\/camas-geriatricas-8-600x336.jpg 600w\" sizes=\"(max-width: 2368px) 100vw, 2368px\" \/><\/figure>\n\n\n\n<div style=\"height:50px\" aria-hidden=\"true\" class=\"wp-block-spacer\"><\/div>\n\n\n\n<h2 class=\"wp-block-heading\"><span class=\"ez-toc-section\" id=\"Preguntas_frecuentes_sobre_camas_geriatricas\"><\/span>Preguntas frecuentes sobre camas geri\u00e1tricas<span class=\"ez-toc-section-end\"><\/span><\/h2>\n\n\n\n<h3 class=\"wp-block-heading\"><span class=\"ez-toc-section\" id=\"%C2%BFCuanto_cuesta_una_cama_geriatrica_de_calidad\"><\/span>\u00bfCu\u00e1nto cuesta una cama geri\u00e1trica de calidad?<span class=\"ez-toc-section-end\"><\/span><\/h3>\n\n\n\n<p class=\"has-medium-font-size wp-block-paragraph\">El precio de las camas geri\u00e1tricas var\u00eda considerablemente seg\u00fan sus funcionalidades y materiales. <strong>Mientras que los modelos b\u00e1sicos pueden rondar los 500 \u20ac, las opciones m\u00e1s avanzadas, con ajustes el\u00e9ctricos y sistemas antiescaras, pueden superar los 2.000 \u20ac<\/strong>. Es importante evaluar las necesidades espec\u00edficas para garantizar una inversi\u00f3n adecuada y duradera.<\/p>\n\n\n\n<h3 class=\"wp-block-heading\"><span class=\"ez-toc-section\" id=\"%C2%BFEs_mejor_una_cama_electrica_o_manual\"><\/span>\u00bfEs mejor una cama el\u00e9ctrica o manual?<span class=\"ez-toc-section-end\"><\/span><\/h3>\n\n\n\n<p class=\"has-medium-font-size wp-block-paragraph\">La elecci\u00f3n entre camas geri\u00e1tricas el\u00e9ctricas o manuales depende del nivel de dependencia del usuario. <strong>Las camas el\u00e9ctricas ofrecen mayor comodidad y facilidad de ajuste<\/strong>, ideales para personas encamadas o cuidadores. Por otro lado, <strong>las manuales son econ\u00f3micas y pr\u00e1cticas para usos temporales<\/strong>, aunque menos vers\u00e1tiles en t\u00e9rminos de funcionalidad.<\/p>\n\n\n\n<h3 class=\"wp-block-heading\"><span class=\"ez-toc-section\" id=\"%C2%BFQue_tipo_de_colchon_se_recomienda_para_camas_geriatricas\"><\/span>\u00bfQu\u00e9 tipo de colch\u00f3n se recomienda para camas geri\u00e1tricas?<span class=\"ez-toc-section-end\"><\/span><\/h3>\n\n\n\n<p class=\"has-medium-font-size wp-block-paragraph\">El colch\u00f3n ideal para camas geri\u00e1tricas debe priorizar la ergonom\u00eda y la prevenci\u00f3n de escaras. <strong>Los colchones viscoel\u00e1sticos o antiescaras son opciones populares, ya que distribuyen el peso de forma uniforme y minimizan los puntos de presi\u00f3n<\/strong>. Complementar la cama con un buen colch\u00f3n asegura una experiencia confortable y segura para el usuario.<\/p>\n\n\n\n<h3 class=\"wp-block-heading\"><span class=\"ez-toc-section\" id=\"%C2%BFSe_pueden_alquilar_camas_geriatricas\"><\/span>\u00bfSe pueden alquilar camas geri\u00e1tricas?<span class=\"ez-toc-section-end\"><\/span><\/h3>\n\n\n\n<p class=\"has-medium-font-size wp-block-paragraph\"><strong>S\u00ed, el alquiler de camas geri\u00e1tricas es una alternativa pr\u00e1ctica para necesidades temporales, como per\u00edodos de recuperaci\u00f3n tras una cirug\u00eda<\/strong>. Esto permite disfrutar de las ventajas de una cama especializada sin realizar una inversi\u00f3n importante. Es recomendable comparar empresas de alquiler para asegurarse de obtener equipos en \u00f3ptimas condiciones y con el soporte necesario.<\/p>\n\n\n\n<div style=\"height:50px\" aria-hidden=\"true\" class=\"wp-block-spacer\"><\/div>\n\n\n\n<figure class=\"wp-block-image alignfull size-full\"><img loading=\"lazy\" decoding=\"async\" width=\"2368\" height=\"1328\" src=\"https:\/\/mueblesdetena.es\/wp-content\/uploads\/2024\/12\/camas-geriatricas-9.jpg\" alt=\"camas geri\u00e1tricas\" class=\"wp-image-33508\" srcset=\"https:\/\/mueblesdetena.es\/wp-content\/uploads\/2024\/12\/camas-geriatricas-9.jpg 2368w, https:\/\/mueblesdetena.es\/wp-content\/uploads\/2024\/12\/camas-geriatricas-9-300x168.jpg 300w, https:\/\/mueblesdetena.es\/wp-content\/uploads\/2024\/12\/camas-geriatricas-9-1024x574.jpg 1024w, https:\/\/mueblesdetena.es\/wp-content\/uploads\/2024\/12\/camas-geriatricas-9-768x431.jpg 768w, https:\/\/mueblesdetena.es\/wp-content\/uploads\/2024\/12\/camas-geriatricas-9-1536x861.jpg 1536w, https:\/\/mueblesdetena.es\/wp-content\/uploads\/2024\/12\/camas-geriatricas-9-2048x1149.jpg 2048w, https:\/\/mueblesdetena.es\/wp-content\/uploads\/2024\/12\/camas-geriatricas-9-600x336.jpg 600w\" sizes=\"(max-width: 2368px) 100vw, 2368px\" \/><\/figure>\n\n\n\n<div style=\"height:50px\" aria-hidden=\"true\" class=\"wp-block-spacer\"><\/div>\n\n\n\n<p class=\"has-medium-font-size wp-block-paragraph\">Elegir la cama geri\u00e1trica adecuada es una decisi\u00f3n clave para mejorar la calidad de vida de quienes m\u00e1s lo necesitan. Cada detalle, desde la funcionalidad hasta el dise\u00f1o, puede marcar una gran diferencia tanto para el usuario como para sus cuidadores. Invertir tiempo en evaluar opciones asegura un entorno c\u00f3modo, seguro y pr\u00e1ctico en el hogar.<\/p>\n\n\n\n<p class=\"has-medium-font-size wp-block-paragraph\">La diversidad de modelos disponibles en el mercado, desde camas geri\u00e1tricas el\u00e9ctricas con avanzados sistemas de ajuste hasta versiones compactas ideales para espacios reducidos, facilita encontrar la soluci\u00f3n perfecta para cada necesidad. Al considerar aspectos como el espacio, el presupuesto y las funcionalidades, lograr\u00e1s un equilibrio entre estilo y funcionalidad que se adapte perfectamente al entorno familiar.<\/p>\n\n\n\n<p class=\"has-medium-font-size wp-block-paragraph\">Por \u00faltimo, las camas geri\u00e1tricas no solo son una herramienta esencial para el cuidado, sino tambi\u00e9n un elemento que puede integrarse armoniosamente en la decoraci\u00f3n del hogar. Apostar por calidad, dise\u00f1o y versatilidad te permitir\u00e1 disfrutar de un producto duradero y est\u00e9ticamente atractivo.<\/p>\n\n\n\n<p class=\"wp-block-paragraph\"><\/p>","protected":false},"excerpt":{"rendered":"<p>Elegir el mobiliario adecuado para el cuidado de nuestros seres queridos es una decisi\u00f3n que va m\u00e1s all\u00e1 de lo est\u00e9tico. Las camas geri\u00e1tricas se han convertido en un elemento imprescindible para quienes buscan comodidad y funcionalidad en el cuidado de personas mayores. Estas camas no solo ofrecen soporte ergon\u00f3mico, sino que tambi\u00e9n aportan un [&hellip;]<\/p>\n","protected":false},"author":618,"featured_media":33504,"comment_status":"open","ping_status":"open","sticky":false,"template":"","format":"standard","meta":{"site-sidebar-layout":"default","site-content-layout":"","ast-site-content-layout":"default","site-content-style":"default","site-sidebar-style":"default","ast-global-header-display":"","ast-banner-title-visibility":"","ast-main-header-display":"","ast-hfb-above-header-display":"","ast-hfb-below-header-display":"","ast-hfb-mobile-header-display":"","site-post-title":"","ast-breadcrumbs-content":"","ast-featured-img":"","footer-sml-layout":"","ast-disable-related-posts":"","theme-transparent-header-meta":"","adv-header-id-meta":"","stick-header-meta":"","header-above-stick-meta":"","header-main-stick-meta":"","header-below-stick-meta":"","astra-migrate-meta-layouts":"set","ast-page-background-enabled":"default","ast-page-background-meta":{"desktop":{"background-color":"var(--ast-global-color-4)","background-image":"","background-repeat":"repeat","background-position":"center center","background-size":"auto","background-attachment":"scroll","background-type":"","background-media":"","overlay-type":"","overlay-color":"","overlay-opacity":"","overlay-gradient":""},"tablet":{"background-color":"","background-image":"","background-repeat":"repeat","background-position":"center center","background-size":"auto","background-attachment":"scroll","background-type":"","background-media":"","overlay-type":"","overlay-color":"","overlay-opacity":"","overlay-gradient":""},"mobile":{"background-color":"","background-image":"","background-repeat":"repeat","background-position":"center center","background-size":"auto","background-attachment":"scroll","background-type":"","background-media":"","overlay-type":"","overlay-color":"","overlay-opacity":"","overlay-gradient":""}},"ast-content-background-meta":{"desktop":{"background-color":"var(--ast-global-color-5)","background-image":"","background-repeat":"repeat","background-position":"center center","background-size":"auto","background-attachment":"scroll","background-type":"","background-media":"","overlay-type":"","overlay-color":"","overlay-opacity":"","overlay-gradient":""},"tablet":{"background-color":"var(--ast-global-color-5)","background-image":"","background-repeat":"repeat","background-position":"center center","background-size":"auto","background-attachment":"scroll","background-type":"","background-media":"","overlay-type":"","overlay-color":"","overlay-opacity":"","overlay-gradient":""},"mobile":{"background-color":"var(--ast-global-color-5)","background-image":"","background-repeat":"repeat","background-position":"center center","background-size":"auto","background-attachment":"scroll","background-type":"","background-media":"","overlay-type":"","overlay-color":"","overlay-opacity":"","overlay-gradient":""}},"_joinchat":[],"footnotes":""},"categories":[1],"tags":[],"class_list":["post-33463","post","type-post","status-publish","format-standard","has-post-thumbnail","hentry","category-sin-categoria"],"_links":{"self":[{"href":"https:\/\/mueblesdetena.es\/ru_ru\/wp-json\/wp\/v2\/posts\/33463","targetHints":{"allow":["GET"]}}],"collection":[{"href":"https:\/\/mueblesdetena.es\/ru_ru\/wp-json\/wp\/v2\/posts"}],"about":[{"href":"https:\/\/mueblesdetena.es\/ru_ru\/wp-json\/wp\/v2\/types\/post"}],"author":[{"embeddable":true,"href":"https:\/\/mueblesdetena.es\/ru_ru\/wp-json\/wp\/v2\/users\/618"}],"replies":[{"embeddable":true,"href":"https:\/\/mueblesdetena.es\/ru_ru\/wp-json\/wp\/v2\/comments?post=33463"}],"version-history":[{"count":4,"href":"https:\/\/mueblesdetena.es\/ru_ru\/wp-json\/wp\/v2\/posts\/33463\/revisions"}],"predecessor-version":[{"id":33525,"href":"https:\/\/mueblesdetena.es\/ru_ru\/wp-json\/wp\/v2\/posts\/33463\/revisions\/33525"}],"wp:featuredmedia":[{"embeddable":true,"href":"https:\/\/mueblesdetena.es\/ru_ru\/wp-json\/wp\/v2\/media\/33504"}],"wp:attachment":[{"href":"https:\/\/mueblesdetena.es\/ru_ru\/wp-json\/wp\/v2\/media?parent=33463"}],"wp:term":[{"taxonomy":"category","embeddable":true,"href":"https:\/\/mueblesdetena.es\/ru_ru\/wp-json\/wp\/v2\/categories?post=33463"},{"taxonomy":"post_tag","embeddable":true,"href":"https:\/\/mueblesdetena.es\/ru_ru\/wp-json\/wp\/v2\/tags?post=33463"}],"curies":[{"name":"wp","href":"https:\/\/api.w.org\/{rel}","templated":true}]}}