{"id":34787,"date":"2025-01-23T09:00:00","date_gmt":"2025-01-23T08:00:00","guid":{"rendered":"https:\/\/mueblesdetena.es\/?p=34787"},"modified":"2025-01-17T09:09:29","modified_gmt":"2025-01-17T08:09:29","slug":"decorar-y-amueblar-tu-loft","status":"publish","type":"post","link":"https:\/\/mueblesdetena.es\/ru_ru\/decorar-y-amueblar-tu-loft\/","title":{"rendered":"Decorar y amueblar tu loft: 10 soluciones para transformar tu espacio"},"content":{"rendered":"<p class=\"has-medium-font-size wp-block-paragraph\">Un loft es mucho m\u00e1s que un espacio abierto; es un lienzo en blanco donde el dise\u00f1o y la funcionalidad convergen para crear ambientes \u00fanicos. <strong>Estos espacios, caracterizados por techos altos, grandes ventanales y \u00e1reas multifuncionales<\/strong>, exigen creatividad tanto para decorarlos como para amueblarlos, logrando as\u00ed un equilibrio perfecto entre estilo y practicidad.<\/p>\n\n\n\n<p class=\"has-medium-font-size wp-block-paragraph\">Decorando tu loft, tienes la oportunidad de plasmar tu personalidad, aprovechando al m\u00e1ximo cada rinc\u00f3n para crear un hogar funcional y lleno de car\u00e1cter. Desde la elecci\u00f3n de muebles hasta la distribuci\u00f3n de los espacios, amueblar tu loft no solo implica estilo, sino tambi\u00e9n soluciones inteligentes que optimicen el espacio disponible.<\/p>\n\n\n\n<p class=\"has-medium-font-size wp-block-paragraph\">En este art\u00edculo, hemos reunido <strong>10 ideas pr\u00e1cticas y creativas que te guiar\u00e1n paso a paso para transformar tu loft<\/strong> en un lugar \u00fanico. Cada consejo est\u00e1 pensado para inspirarte y ayudarte a tomar decisiones que combinen est\u00e9tica, funcionalidad y confort.<\/p>\n\n\n\n<p class=\"has-medium-font-size wp-block-paragraph\">Si est\u00e1s buscando inspiraci\u00f3n para decorar tu loft o necesitas ideas innovadoras para amueblarlo con piezas vers\u00e1tiles y elegantes, aqu\u00ed encontrar\u00e1s todo lo que necesitas. Prep\u00e1rate para descubrir c\u00f3mo convertir tu loft en un espacio que se adapte a tus necesidades y refleje tu esencia.<\/p>\n\n\n\n<div style=\"height:50px\" aria-hidden=\"true\" class=\"wp-block-spacer\"><\/div>\n\n\n\n<div id=\"ez-toc-container\" class=\"ez-toc-v2_0_85 ez-toc-wrap-center counter-hierarchy ez-toc-counter ez-toc-grey ez-toc-container-direction\">\n<div class=\"ez-toc-title-container\">\n<p class=\"ez-toc-title\" style=\"cursor:inherit\">Tabla de contenidos<\/p>\n<span class=\"ez-toc-title-toggle\"><a href=\"#\" class=\"ez-toc-pull-right ez-toc-btn ez-toc-btn-xs ez-toc-btn-default ez-toc-toggle\" aria-label=\"Toggle Table of Content\"><span class=\"ez-toc-js-icon-con\"><span class=\"\"><span class=\"eztoc-hide\" style=\"display:none;\">Toggle<\/span><span class=\"ez-toc-icon-toggle-span\"><svg style=\"fill: #999;color:#999\" xmlns=\"http:\/\/www.w3.org\/2000\/svg\" class=\"list-377408\" width=\"20px\" height=\"20px\" viewbox=\"0 0 24 24\" fill=\"none\"><path d=\"M6 6H4v2h2V6zm14 0H8v2h12V6zM4 11h2v2H4v-2zm16 0H8v2h12v-2zM4 16h2v2H4v-2zm16 0H8v2h12v-2z\" fill=\"currentColor\"><\/path><\/svg><svg style=\"fill: #999;color:#999\" class=\"arrow-unsorted-368013\" xmlns=\"http:\/\/www.w3.org\/2000\/svg\" width=\"10px\" height=\"10px\" viewbox=\"0 0 24 24\" version=\"1.2\" baseprofile=\"tiny\"><path d=\"M18.2 9.3l-6.2-6.3-6.2 6.3c-.2.2-.3.4-.3.7s.1.5.3.7c.2.2.4.3.7.3h11c.3 0 .5-.1.7-.3.2-.2.3-.5.3-.7s-.1-.5-.3-.7zM5.8 14.7l6.2 6.3 6.2-6.3c.2-.2.3-.5.3-.7s-.1-.5-.3-.7c-.2-.2-.4-.3-.7-.3h-11c-.3 0-.5.1-.7.3-.2.2-.3.5-.3.7s.1.5.3.7z\"\/><\/svg><\/span><\/span><\/span><\/a><\/span><\/div>\n<nav><ul class='ez-toc-list ez-toc-list-level-1' ><li class='ez-toc-page-1 ez-toc-heading-level-2'><a class=\"ez-toc-link ez-toc-heading-1\" href=\"https:\/\/mueblesdetena.es\/ru_ru\/decorar-y-amueblar-tu-loft\/#1_Define_tu_estilo_antes_de_decorar_tu_loft\" >1. Define tu estilo antes de decorar tu loft<\/a><\/li><li class='ez-toc-page-1 ez-toc-heading-level-2'><a class=\"ez-toc-link ez-toc-heading-2\" href=\"https:\/\/mueblesdetena.es\/ru_ru\/decorar-y-amueblar-tu-loft\/#2_Maximiza_el_uso_del_espacio_vertical\" >2. Maximiza el uso del espacio vertical<\/a><\/li><li class='ez-toc-page-1 ez-toc-heading-level-2'><a class=\"ez-toc-link ez-toc-heading-3\" href=\"https:\/\/mueblesdetena.es\/ru_ru\/decorar-y-amueblar-tu-loft\/#3_Utiliza_muebles_multifuncionales\" >3. Utiliza muebles multifuncionales<\/a><\/li><li class='ez-toc-page-1 ez-toc-heading-level-2'><a class=\"ez-toc-link ez-toc-heading-4\" href=\"https:\/\/mueblesdetena.es\/ru_ru\/decorar-y-amueblar-tu-loft\/#4_Divide_el_espacio_con_muebles_funcionales\" >4. Divide el espacio con muebles funcionales<\/a><\/li><li class='ez-toc-page-1 ez-toc-heading-level-2'><a class=\"ez-toc-link ez-toc-heading-5\" href=\"https:\/\/mueblesdetena.es\/ru_ru\/decorar-y-amueblar-tu-loft\/#5_Elige_colores_y_materiales_que_amplien_visualmente_tu_loft\" >5. Elige colores y materiales que ampl\u00eden visualmente tu loft<\/a><\/li><li class='ez-toc-page-1 ez-toc-heading-level-2'><a class=\"ez-toc-link ez-toc-heading-6\" href=\"https:\/\/mueblesdetena.es\/ru_ru\/decorar-y-amueblar-tu-loft\/#6_Dale_protagonismo_a_la_iluminacion\" >6. Dale protagonismo a la iluminaci\u00f3n<\/a><\/li><li class='ez-toc-page-1 ez-toc-heading-level-2'><a class=\"ez-toc-link ez-toc-heading-7\" href=\"https:\/\/mueblesdetena.es\/ru_ru\/decorar-y-amueblar-tu-loft\/#7_Incorpora_muebles_personalizados\" >7. Incorpora muebles personalizados<\/a><\/li><li class='ez-toc-page-1 ez-toc-heading-level-2'><a class=\"ez-toc-link ez-toc-heading-8\" href=\"https:\/\/mueblesdetena.es\/ru_ru\/decorar-y-amueblar-tu-loft\/#8_Integra_arte_y_decoracion_con_personalidad\" >8. Integra arte y decoraci\u00f3n con personalidad<\/a><\/li><li class='ez-toc-page-1 ez-toc-heading-level-2'><a class=\"ez-toc-link ez-toc-heading-9\" href=\"https:\/\/mueblesdetena.es\/ru_ru\/decorar-y-amueblar-tu-loft\/#9_No_descuides_el_area_de_descanso\" >9. No descuides el \u00e1rea de descanso<\/a><\/li><li class='ez-toc-page-1 ez-toc-heading-level-2'><a class=\"ez-toc-link ez-toc-heading-10\" href=\"https:\/\/mueblesdetena.es\/ru_ru\/decorar-y-amueblar-tu-loft\/#10_Crea_un_rincon_verde_en_tu_loft\" >10. Crea un rinc\u00f3n verde en tu loft<\/a><\/li><\/ul><\/nav><\/div>\n<h2 class=\"wp-block-heading\"><span class=\"ez-toc-section\" id=\"1_Define_tu_estilo_antes_de_decorar_tu_loft\"><\/span>1. Define tu estilo antes de decorar tu loft<span class=\"ez-toc-section-end\"><\/span><\/h2>\n\n\n\n<p class=\"has-medium-font-size wp-block-paragraph\">Decorar y amueblar tu loft comienza con una decisi\u00f3n esencial: definir el estilo que quieres reflejar. Este espacio, caracterizado por su dise\u00f1o abierto y contempor\u00e1neo, ofrece infinitas posibilidades. \u00bfPrefieres la calidez n\u00f3rdica del estilo escandinavo, con sus l\u00edneas limpias y tonos claros, o la robustez del dise\u00f1o industrial con metales expuestos y madera envejecida? Cada elecci\u00f3n marcar\u00e1 el car\u00e1cter y la funcionalidad de tu loft.<\/p>\n\n\n\n<p class=\"has-medium-font-size wp-block-paragraph\">Seleccionar un <strong>estilo claro<\/strong> no solo facilitar\u00e1 la tarea de decorar tu loft, sino que tambi\u00e9n garantizar\u00e1 que todos los elementos trabajen en armon\u00eda. Un <strong><a href=\"https:\/\/mueblesdetena.es\/ru_ru\/muebles-de-estilo-moderno\/\">estilo moderno<\/a><\/strong> se beneficia de muebles minimalistas con acabados brillantes, mientras que un <strong><a href=\"https:\/\/mueblesdetena.es\/ru_ru\/estilo-vintage\/\">enfoque vintage<\/a><\/strong> puede incorporar piezas \u00fanicas recuperadas, como una mesa de comedor r\u00fastica o un sill\u00f3n de cuero desgastado. Amueblar tu loft con coherencia estil\u00edstica refuerza su identidad y hace que el espacio cobre vida.<\/p>\n\n\n\n<p class=\"has-medium-font-size wp-block-paragraph\">El <strong><a href=\"https:\/\/mueblesdetena.es\/ru_ru\/estilo-industrial\/\">estilo industrial<\/a><\/strong>, por ejemplo, es ideal para resaltar las caracter\u00edsticas originales de un loft, como techos altos o paredes de ladrillo visto. Muebles met\u00e1licos combinados con madera reciclada a\u00f1aden funcionalidad sin perder autenticidad. Un sof\u00e1 con tapicer\u00eda oscura puede convertirse en el punto focal de la sala de estar, mientras que una mesa de centro de hierro y vidrio aporta ligereza visual.<\/p>\n\n\n\n<p class=\"has-medium-font-size wp-block-paragraph\">Por otro lado, si optas por un <strong><a href=\"https:\/\/mueblesdetena.es\/ru_ru\/estilo-escandinavo\/\">estilo escandinavo<\/a><\/strong>, busca sof\u00e1s en tonos neutros, mesas de madera clara y textiles que aporten calidez. La clave est\u00e1 en mantener la simplicidad, priorizando materiales naturales y detalles cuidadosamente seleccionados. As\u00ed, decorar tu loft ser\u00e1 un proceso fluido y lleno de satisfacci\u00f3n.<\/p>\n\n\n\n<p class=\"has-medium-font-size wp-block-paragraph\">Definir un estilo claro al inicio es un paso imprescindible para garantizar que amueblar tu loft sea una experiencia exitosa y armoniosa. Recuerda que cada elecci\u00f3n debe responder a tus necesidades, gustos y al car\u00e1cter \u00fanico de tu espacio.<\/p>\n\n\n\n<div style=\"height:50px\" aria-hidden=\"true\" class=\"wp-block-spacer\"><\/div>\n\n\n\n<figure class=\"wp-block-image alignfull size-full\"><img fetchpriority=\"high\" decoding=\"async\" width=\"2385\" height=\"1344\" src=\"https:\/\/mueblesdetena.es\/wp-content\/uploads\/2025\/01\/amueblar-tu-loft-2.jpg\" alt=\"decorar tu loft\" class=\"wp-image-34793\" srcset=\"https:\/\/mueblesdetena.es\/wp-content\/uploads\/2025\/01\/amueblar-tu-loft-2.jpg 2385w, https:\/\/mueblesdetena.es\/wp-content\/uploads\/2025\/01\/amueblar-tu-loft-2-300x169.jpg 300w, https:\/\/mueblesdetena.es\/wp-content\/uploads\/2025\/01\/amueblar-tu-loft-2-1024x577.jpg 1024w, https:\/\/mueblesdetena.es\/wp-content\/uploads\/2025\/01\/amueblar-tu-loft-2-768x433.jpg 768w, https:\/\/mueblesdetena.es\/wp-content\/uploads\/2025\/01\/amueblar-tu-loft-2-1536x866.jpg 1536w, https:\/\/mueblesdetena.es\/wp-content\/uploads\/2025\/01\/amueblar-tu-loft-2-2048x1154.jpg 2048w, https:\/\/mueblesdetena.es\/wp-content\/uploads\/2025\/01\/amueblar-tu-loft-2-600x338.jpg 600w\" sizes=\"(max-width: 2385px) 100vw, 2385px\" \/><\/figure>\n\n\n\n<div style=\"height:50px\" aria-hidden=\"true\" class=\"wp-block-spacer\"><\/div>\n\n\n\n<h2 class=\"wp-block-heading\"><span class=\"ez-toc-section\" id=\"2_Maximiza_el_uso_del_espacio_vertical\"><\/span>2. Maximiza el uso del espacio vertical<span class=\"ez-toc-section-end\"><\/span><\/h2>\n\n\n\n<p class=\"has-medium-font-size wp-block-paragraph\">Cuando se trata de amueblar tu loft, los techos altos ofrecen una oportunidad \u00fanica para aprovechar cada cent\u00edmetro disponible. <strong>Una excelente soluci\u00f3n es incorporar estanter\u00edas altas que lleguen hasta el techo<\/strong>, perfectas para almacenar libros, objetos decorativos o incluso accesorios de uso poco frecuente. Este tipo de mobiliario no solo organiza, sino que a\u00f1ade car\u00e1cter al espacio.<\/p>\n\n\n\n<p class=\"has-medium-font-size wp-block-paragraph\">Otra opci\u00f3n inteligente es optar por muebles altos, como <strong>vitrinas estilizadas o armarios verticales<\/strong>, que aprovechen la altura sin invadir las \u00e1reas transitables. Al decorar tu loft, estos elementos no solo maximizan la funcionalidad, sino que tambi\u00e9n realzan la percepci\u00f3n de amplitud y elegancia, especialmente si se eligen dise\u00f1os minimalistas con acabados en tonos claros o madera natural.<\/p>\n\n\n\n<p class=\"has-medium-font-size wp-block-paragraph\">Adem\u00e1s, las paredes no deben ser olvidadas al decorar tu loft. <strong>A\u00f1adir plantas colgantes<\/strong> es una forma sencilla y fresca de integrar un toque verde sin ocupar espacio en el suelo. Estas plantas, <strong>combinadas con cuadros o arte abstracto<\/strong>, crean un ambiente moderno y acogedor, ideal para un estilo de vida en loft. Juega con diferentes alturas para un efecto din\u00e1mico.<\/p>\n\n\n\n<p class=\"has-medium-font-size wp-block-paragraph\">Un ejemplo pr\u00e1ctico de mobiliario vertical eficiente es el <strong>uso de muebles modulares<\/strong> que pueden personalizarse seg\u00fan la altura de tus paredes. Imagina una estanter\u00eda abierta que combine espacio de almacenamiento y exposici\u00f3n, perfecta para mantener tu loft decorado y funcional sin perder su esencia espaciosa.<\/p>\n\n\n\n<p class=\"has-medium-font-size wp-block-paragraph\">Aprovechar el espacio vertical no es solo pr\u00e1ctico, sino tambi\u00e9n una declaraci\u00f3n de dise\u00f1o. Con las soluciones adecuadas, amueblar tu loft puede convertirse en una experiencia transformadora, llevando tu decoraci\u00f3n a nuevos niveles de estilo.<\/p>\n\n\n\n<div style=\"height:50px\" aria-hidden=\"true\" class=\"wp-block-spacer\"><\/div>\n\n\n\n<h2 class=\"wp-block-heading\"><span class=\"ez-toc-section\" id=\"3_Utiliza_muebles_multifuncionales\"><\/span>3. Utiliza muebles multifuncionales<span class=\"ez-toc-section-end\"><\/span><\/h2>\n\n\n\n<p class=\"has-medium-font-size wp-block-paragraph\">Amueblar tu loft de manera eficiente y elegante requiere apostar por muebles multifuncionales. Estas piezas, como los <strong><a href=\"https:\/\/mueblesdetena.es\/ru_ru\/sofas-cama\/\">sof\u00e1s cama<\/a><\/strong> o las <strong><a href=\"https:\/\/mueblesdetena.es\/ru_ru\/mesa-nube-extensible\/\">mesas extensibles<\/a><\/strong>, combinan dise\u00f1o y practicidad, adapt\u00e1ndose a las necesidades cambiantes del d\u00eda a d\u00eda. Perfectos para espacios abiertos, ofrecen soluciones ingeniosas sin comprometer el estilo ni la funcionalidad.<\/p>\n\n\n\n<p class=\"has-medium-font-size wp-block-paragraph\">Un ejemplo clave son <strong>los sof\u00e1s cama, ideales para combinar zona de estar y descanso en un solo mueble<\/strong>. Adem\u00e1s de optimizar el espacio, permiten acomodar invitados de forma sencilla. Este tipo de muebles no solo son pr\u00e1cticos, sino que tambi\u00e9n aportan car\u00e1cter a la hora de decorar tu loft, convirti\u00e9ndose en el centro de atenci\u00f3n del espacio.<\/p>\n\n\n\n<p class=\"has-medium-font-size wp-block-paragraph\">Para quienes buscan aprovechar al m\u00e1ximo los metros disponibles, las <strong>mesas extensibles<\/strong> son imprescindibles. <strong>Pueden funcionar como escritorio durante el d\u00eda y transformarse en un comedor amplio para reuniones o cenas<\/strong>. Estas piezas logran que amueblar tu loft sea una tarea mucho m\u00e1s vers\u00e1til, adapt\u00e1ndose a las din\u00e1micas de un estilo de vida urbano.<\/p>\n\n\n\n<p class=\"has-medium-font-size wp-block-paragraph\">\u0412 <a href=\"https:\/\/mueblesdetena.es\/ru_ru\/\">Muebles Detena<\/a> encontrar\u00e1s opciones excepcionales, como sof\u00e1s cama de l\u00edneas modernas o mesas extensibles con acabados de madera natural. Estas piezas destacan no solo por su dise\u00f1o, sino tambi\u00e9n por su durabilidad y capacidad para integrarse en cualquier estilo decorativo. As\u00ed, decorar tu loft con muebles multifuncionales se convierte en una experiencia creativa y pr\u00e1ctica.<\/p>\n\n\n\n<div style=\"height:48px\" aria-hidden=\"true\" class=\"wp-block-spacer\"><\/div>\n\n\n\n<figure class=\"wp-block-image alignfull size-full\"><img decoding=\"async\" width=\"2368\" height=\"1318\" src=\"https:\/\/mueblesdetena.es\/wp-content\/uploads\/2025\/01\/amueblar-tu-loft-3.jpg\" alt=\"amueblar tu loft\" class=\"wp-image-34794\" srcset=\"https:\/\/mueblesdetena.es\/wp-content\/uploads\/2025\/01\/amueblar-tu-loft-3.jpg 2368w, https:\/\/mueblesdetena.es\/wp-content\/uploads\/2025\/01\/amueblar-tu-loft-3-300x167.jpg 300w, https:\/\/mueblesdetena.es\/wp-content\/uploads\/2025\/01\/amueblar-tu-loft-3-1024x570.jpg 1024w, https:\/\/mueblesdetena.es\/wp-content\/uploads\/2025\/01\/amueblar-tu-loft-3-768x427.jpg 768w, https:\/\/mueblesdetena.es\/wp-content\/uploads\/2025\/01\/amueblar-tu-loft-3-1536x855.jpg 1536w, https:\/\/mueblesdetena.es\/wp-content\/uploads\/2025\/01\/amueblar-tu-loft-3-2048x1140.jpg 2048w, https:\/\/mueblesdetena.es\/wp-content\/uploads\/2025\/01\/amueblar-tu-loft-3-600x334.jpg 600w\" sizes=\"(max-width: 2368px) 100vw, 2368px\" \/><\/figure>\n\n\n\n<div style=\"height:50px\" aria-hidden=\"true\" class=\"wp-block-spacer\"><\/div>\n\n\n\n<h2 class=\"wp-block-heading\"><span class=\"ez-toc-section\" id=\"4_Divide_el_espacio_con_muebles_funcionales\"><\/span>4. Divide el espacio con muebles funcionales<span class=\"ez-toc-section-end\"><\/span><\/h2>\n\n\n\n<p class=\"has-medium-font-size wp-block-paragraph\">En un loft, la sensaci\u00f3n de amplitud es clave, pero definir zonas espec\u00edficas puede aportar funcionalidad y orden. Una opci\u00f3n elegante para amueblar tu loft es utilizar <strong>estanter\u00edas abiertas como divisores<\/strong>. Estas estructuras permiten separar ambientes sin bloquear la luz natural, manteniendo una continuidad visual que potencia la percepci\u00f3n de espacio.<\/p>\n\n\n\n<p class=\"has-medium-font-size wp-block-paragraph\">Los <strong><a href=\"https:\/\/mueblesdetena.es\/ru_ru\/rinconero\/\">sof\u00e1s<\/a><\/strong> tambi\u00e9n pueden convertirse en aliados para dividir el espacio en tu loft. Colocarlos estrat\u00e9gicamente, por ejemplo, <strong>para delimitar el sal\u00f3n del comedor, crea una distribuci\u00f3n intuitiva y est\u00e9tica<\/strong>. Adem\u00e1s, optar por modelos modulares o con respaldo bajo ayuda a preservar la sensaci\u00f3n de apertura, ideal para decorar tu loft sin perder amplitud.<\/p>\n\n\n\n<p class=\"has-medium-font-size wp-block-paragraph\">Para quienes buscan un toque m\u00e1s art\u00edstico, los <strong>biombos estilizados<\/strong> ofrecen una soluci\u00f3n sofisticada y pr\u00e1ctica. <strong>Disponibles en materiales como madera, metal o textiles estampados, a\u00f1aden personalidad mientras delimitan \u00e1reas como la zona de descanso o el rinc\u00f3n de trabajo<\/strong>. Este recurso es perfecto para amueblar tu loft con piezas que combinan estilo y funcionalidad.<\/p>\n\n\n\n<p class=\"has-medium-font-size wp-block-paragraph\">Otra idea es elegir muebles multifuncionales que sirvan como divisores, como <strong>bancos con almacenamiento o consolas bajas<\/strong>. Estas opciones no solo definen \u00e1reas, sino que tambi\u00e9n optimizan el espacio, algo esencial al decorar tu loft. Integrar elementos de dise\u00f1o como acabados met\u00e1licos o colores neutros los har\u00e1 destacar sin recargar el ambiente.<\/p>\n\n\n\n<p class=\"has-medium-font-size wp-block-paragraph\">Recuerda que los divisores deben integrarse en el dise\u00f1o global de tu loft. <strong>Combina materiales y colores de forma coherente para lograr un espacio armonioso<\/strong>. De esta manera, decorar y amueblar tu loft se convierte en un ejercicio de creatividad que resalta el car\u00e1cter \u00fanico de este tipo de vivienda.<\/p>\n\n\n\n<div style=\"height:50px\" aria-hidden=\"true\" class=\"wp-block-spacer\"><\/div>\n\n\n\n<figure class=\"wp-block-image alignfull size-full\"><img decoding=\"async\" width=\"2385\" height=\"1344\" src=\"https:\/\/mueblesdetena.es\/wp-content\/uploads\/2025\/01\/amueblar-tu-loft-4.jpg\" alt=\"amueblar tu loft\" class=\"wp-image-34796\" srcset=\"https:\/\/mueblesdetena.es\/wp-content\/uploads\/2025\/01\/amueblar-tu-loft-4.jpg 2385w, https:\/\/mueblesdetena.es\/wp-content\/uploads\/2025\/01\/amueblar-tu-loft-4-300x169.jpg 300w, https:\/\/mueblesdetena.es\/wp-content\/uploads\/2025\/01\/amueblar-tu-loft-4-1024x577.jpg 1024w, https:\/\/mueblesdetena.es\/wp-content\/uploads\/2025\/01\/amueblar-tu-loft-4-768x433.jpg 768w, https:\/\/mueblesdetena.es\/wp-content\/uploads\/2025\/01\/amueblar-tu-loft-4-1536x866.jpg 1536w, https:\/\/mueblesdetena.es\/wp-content\/uploads\/2025\/01\/amueblar-tu-loft-4-2048x1154.jpg 2048w, https:\/\/mueblesdetena.es\/wp-content\/uploads\/2025\/01\/amueblar-tu-loft-4-600x338.jpg 600w\" sizes=\"(max-width: 2385px) 100vw, 2385px\" \/><\/figure>\n\n\n\n<div style=\"height:50px\" aria-hidden=\"true\" class=\"wp-block-spacer\"><\/div>\n\n\n\n<h2 class=\"wp-block-heading\"><span class=\"ez-toc-section\" id=\"5_Elige_colores_y_materiales_que_amplien_visualmente_tu_loft\"><\/span>5. Elige colores y materiales que ampl\u00eden visualmente tu loft<span class=\"ez-toc-section-end\"><\/span><\/h2>\n\n\n\n<p class=\"has-medium-font-size wp-block-paragraph\">Los <strong>tonos claros<\/strong> son la clave para transformar visualmente un loft, aportando una sensaci\u00f3n de amplitud y luminosidad inigualable. Optar por <strong>paredes blancas, grises suaves o beige permite reflejar mejor la luz, natural o artificial, y crear un ambiente ligero y acogedor<\/strong>. Estas tonalidades act\u00faan como un lienzo neutro que resalta los elementos decorativos y de mobiliario.<\/p>\n\n\n\n<p class=\"has-medium-font-size wp-block-paragraph\">Cuando se trata de \u00abamueblar tu loft\u00bb, los materiales reflectantes son tus aliados. <strong>Incorporar espejos estrat\u00e9gicamente colocados<\/strong> duplica la percepci\u00f3n del espacio, mientras que <strong>superficies de vidrio en mesas o puertas<\/strong> aportan un toque moderno sin sobrecargar el entorno. Un truco infalible: coloca un gran espejo en una pared cercana a una ventana para maximizar la luz natural.<\/p>\n\n\n\n<p class=\"has-medium-font-size wp-block-paragraph\">Integrar colores claros y materiales reflectantes es esencial para mantener una est\u00e9tica unificada al decorar tu loft. <strong>Combina muebles en tonos similares a las paredes con textiles como cortinas o alfombras en gamas pastel<\/strong>. Esto no solo crea armon\u00eda visual, sino que tambi\u00e9n realza la sensaci\u00f3n de continuidad, indispensable en espacios abiertos como los lofts.<\/p>\n\n\n\n<p class=\"has-medium-font-size wp-block-paragraph\">Si buscas ejemplos concretos para amueblar tu loft, apuesta por una <strong>paleta que mezcle blancos rotos con tonos arena y acentos en madera clara<\/strong>. Este esquema crea un ambiente c\u00e1lido sin perder luminosidad. Los <strong>acabados met\u00e1licos o en vidrio ahumado<\/strong> pueden a\u00f1adir un toque sofisticado sin comprometer la sensaci\u00f3n de espacio.<\/p>\n\n\n\n<div style=\"height:50px\" aria-hidden=\"true\" class=\"wp-block-spacer\"><\/div>\n\n\n\n<h2 class=\"wp-block-heading\"><span class=\"ez-toc-section\" id=\"6_Dale_protagonismo_a_la_iluminacion\"><\/span>6. Dale protagonismo a la iluminaci\u00f3n<span class=\"ez-toc-section-end\"><\/span><\/h2>\n\n\n\n<p class=\"has-medium-font-size wp-block-paragraph\">La iluminaci\u00f3n es un elemento clave al amueblar tu loft, ya que define la atm\u00f3sfera y realza cada rinc\u00f3n del espacio. En los lofts, donde predominan los espacios abiertos y los techos altos, <strong>la luz juega un papel esencial para delimitar \u00e1reas y aportar calidez<\/strong>. Una buena iluminaci\u00f3n <strong>puede transformar incluso los lofts m\u00e1s sobrios en lugares llenos de vida y personalidad<\/strong>.<\/p>\n\n\n\n<p class=\"has-medium-font-size wp-block-paragraph\">Adem\u00e1s de ser funcional, la luz tambi\u00e9n se convierte en un componente decorativo fundamental. Las <strong>l\u00e1mparas colgantes<\/strong>, por ejemplo, son <strong>ideales para enfatizar techos altos y crear un punto focal<\/strong> en el \u00e1rea de estar o el comedor. Para decorar tu loft, apuesta por dise\u00f1os modernos de <strong>materiales como el metal o el vidrio, que aportan sofisticaci\u00f3n y estilo<\/strong> a cualquier ambiente.<\/p>\n\n\n\n<p class=\"has-medium-font-size wp-block-paragraph\">Las <strong>luces de ambiente<\/strong> son indispensables para generar espacios acogedores y relajantes. <strong>Combina apliques de pared con l\u00e1mparas de pie para crear zonas \u00edntimas sin perder la sensaci\u00f3n de amplitud<\/strong>. Al amueblar tu loft, <strong>considera a\u00f1adir reguladores de intensidad<\/strong> para ajustar la luz seg\u00fan el momento del d\u00eda o el estado de \u00e1nimo deseado.<\/p>\n\n\n\n<p class=\"has-medium-font-size wp-block-paragraph\">Los focos estrat\u00e9gicos tambi\u00e9n juegan un papel importante al resaltar elementos clave de la decoraci\u00f3n, como obras de arte o estanter\u00edas decorativas. <strong>Optar por luces LED no solo mejora la est\u00e9tica, sino que tambi\u00e9n es una opci\u00f3n eficiente y sostenible<\/strong> al decorar tu loft.<\/p>\n\n\n\n<p class=\"has-medium-font-size wp-block-paragraph\">Para una iluminaci\u00f3n perfecta, elige productos que equilibren dise\u00f1o y funcionalidad, como <strong>l\u00e1mparas inteligentes que se integran con sistemas dom\u00f3ticos<\/strong>. As\u00ed, tu loft no solo ser\u00e1 un reflejo de tu estilo, sino tambi\u00e9n un espacio pr\u00e1ctico y moderno.<\/p>\n\n\n\n<div style=\"height:50px\" aria-hidden=\"true\" class=\"wp-block-spacer\"><\/div>\n\n\n\n<figure class=\"wp-block-image alignfull size-full\"><img loading=\"lazy\" decoding=\"async\" width=\"2385\" height=\"1344\" src=\"https:\/\/mueblesdetena.es\/wp-content\/uploads\/2025\/01\/amueblar-tu-loft-7.jpg\" alt=\"decorar tu loft\" class=\"wp-image-34800\" srcset=\"https:\/\/mueblesdetena.es\/wp-content\/uploads\/2025\/01\/amueblar-tu-loft-7.jpg 2385w, https:\/\/mueblesdetena.es\/wp-content\/uploads\/2025\/01\/amueblar-tu-loft-7-300x169.jpg 300w, https:\/\/mueblesdetena.es\/wp-content\/uploads\/2025\/01\/amueblar-tu-loft-7-1024x577.jpg 1024w, https:\/\/mueblesdetena.es\/wp-content\/uploads\/2025\/01\/amueblar-tu-loft-7-768x433.jpg 768w, https:\/\/mueblesdetena.es\/wp-content\/uploads\/2025\/01\/amueblar-tu-loft-7-1536x866.jpg 1536w, https:\/\/mueblesdetena.es\/wp-content\/uploads\/2025\/01\/amueblar-tu-loft-7-2048x1154.jpg 2048w, https:\/\/mueblesdetena.es\/wp-content\/uploads\/2025\/01\/amueblar-tu-loft-7-600x338.jpg 600w\" sizes=\"(max-width: 2385px) 100vw, 2385px\" \/><\/figure>\n\n\n\n<div style=\"height:50px\" aria-hidden=\"true\" class=\"wp-block-spacer\"><\/div>\n\n\n\n<h2 class=\"wp-block-heading\"><span class=\"ez-toc-section\" id=\"7_Incorpora_muebles_personalizados\"><\/span>7. Incorpora muebles personalizados<span class=\"ez-toc-section-end\"><\/span><\/h2>\n\n\n\n<p class=\"has-medium-font-size wp-block-paragraph\">Optar por muebles personalizados es una decisi\u00f3n estrat\u00e9gica para quienes buscan sacar el m\u00e1ximo partido a un loft. <strong>Estos muebles se dise\u00f1an espec\u00edficamente para ajustarse a las dimensiones y peculiaridades de tu espacio<\/strong>, convirti\u00e9ndose en aliados perfectos para amueblar tu loft sin comprometer su funcionalidad ni su estilo. Cada rinc\u00f3n puede transformarse en una oportunidad decorativa \u00fanica.<\/p>\n\n\n\n<p class=\"has-medium-font-size wp-block-paragraph\">Adem\u00e1s, los muebles a medida <strong>permiten personalizar detalles como materiales, acabados y colores, asegurando que cada pieza encaje a la perfecci\u00f3n en la est\u00e9tica general<\/strong>. Desde mesas de comedor con extensiones ocultas hasta armarios que aprovechan las alturas, estas soluciones no solo mejoran la experiencia de decorar tu loft, sino que tambi\u00e9n optimizan el uso de cada metro cuadrado disponible.<\/p>\n\n\n\n<p class=\"has-medium-font-size wp-block-paragraph\">Un ejemplo cl\u00e1sico es el <strong>sof\u00e1 modular dise\u00f1ado para adaptarse a esquinas o formas irregulares<\/strong>. Este tipo de mueble no solo maximiza el confort en \u00e1reas dif\u00edciles, sino que tambi\u00e9n a\u00f1ade car\u00e1cter al amueblar tu loft. Por otro lado, un <strong><a href=\"https:\/\/mueblesdetena.es\/ru_ru\/composiciones-juveniles\/\">escritorio hecho a medida<\/a><\/strong> puede integrarse perfectamente en un rinc\u00f3n subutilizado, ideal para crear una peque\u00f1a zona de trabajo sin romper la armon\u00eda visual del espacio.<\/p>\n\n\n\n<p class=\"has-medium-font-size wp-block-paragraph\">Este enfoque personalizado no se limita a grandes piezas. Detalles como <strong>estanter\u00edas flotantes<\/strong> ajustadas al mil\u00edmetro o bancos con almacenamiento integrado tambi\u00e9n elevan el dise\u00f1o de interiores. Estas piezas hechas a medida se convierten en soluciones inteligentes que redefinen el acto de decorar tu loft con creatividad y precisi\u00f3n.<\/p>\n\n\n\n<div style=\"height:50px\" aria-hidden=\"true\" class=\"wp-block-spacer\"><\/div>\n\n\n\n<h2 class=\"wp-block-heading\"><span class=\"ez-toc-section\" id=\"8_Integra_arte_y_decoracion_con_personalidad\"><\/span>8. Integra arte y decoraci\u00f3n con personalidad<span class=\"ez-toc-section-end\"><\/span><\/h2>\n\n\n\n<p class=\"has-medium-font-size wp-block-paragraph\">Decorar tu loft con piezas art\u00edsticas \u00fanicas no solo transforma el espacio, sino que tambi\u00e9n permite que refleje tu estilo personal. <strong>Cuadros de gran formato<\/strong>, ideales para destacar en paredes altas, aportan un toque de sofisticaci\u00f3n. Combina <strong>colores neutros en las paredes<\/strong> con obras abstractas para crear un contraste visual elegante y moderno.<\/p>\n\n\n\n<p class=\"has-medium-font-size wp-block-paragraph\">Las <strong>esculturas<\/strong>, por su parte, son elementos perfectos para amueblar tu loft con car\u00e1cter. Opta por piezas de <strong>materiales como metal o madera reciclada que resalten el estilo industrial o contempor\u00e1neo de tu espacio<\/strong>. Colocarlas en lugares estrat\u00e9gicos, como mesas auxiliares o esquinas luminosas, ayuda a mantener el equilibrio visual sin abarrotar el ambiente.<\/p>\n\n\n\n<p class=\"has-medium-font-size wp-block-paragraph\">El arte no solo aporta est\u00e9tica, tambi\u00e9n tiene el poder de contar historias. <strong>Incorporar piezas adquiridas en viajes o mercados locales a\u00f1ade un toque aut\u00e9ntico a la decoraci\u00f3n<\/strong>. Estas elecciones reflejan no solo tus gustos, sino tambi\u00e9n tus vivencias, haciendo de decorar tu loft una experiencia profundamente personal y significativa.<\/p>\n\n\n\n<p class=\"has-medium-font-size wp-block-paragraph\">Para lograr un equilibrio arm\u00f3nico, <strong>evita sobrecargar las paredes y superficies con demasiadas piezas<\/strong>. Escoge unas pocas obras clave y comb\u00ednalas con muebles neutros que permitan que el arte sea el protagonista. As\u00ed, amueblar tu loft se convierte en un ejercicio de sofisticaci\u00f3n y minimalismo que potencia la amplitud del espacio.<\/p>\n\n\n\n<p class=\"has-medium-font-size wp-block-paragraph\">Finalmente, <strong>elige marcos, pedestales y soportes que complementen la est\u00e9tica general del loft<\/strong>. Opta por dise\u00f1os simples que resalten las piezas sin distraer la atenci\u00f3n. Este enfoque asegura que decorar tu loft sea un proceso fluido, lleno de estilo y personalidad.<\/p>\n\n\n\n<div style=\"height:50px\" aria-hidden=\"true\" class=\"wp-block-spacer\"><\/div>\n\n\n\n<figure class=\"wp-block-image alignfull size-full\"><img loading=\"lazy\" decoding=\"async\" width=\"2368\" height=\"1318\" src=\"https:\/\/mueblesdetena.es\/wp-content\/uploads\/2025\/01\/amueblar-tu-loft-6.jpg\" alt=\"amueblar tu loft\" class=\"wp-image-34798\" srcset=\"https:\/\/mueblesdetena.es\/wp-content\/uploads\/2025\/01\/amueblar-tu-loft-6.jpg 2368w, https:\/\/mueblesdetena.es\/wp-content\/uploads\/2025\/01\/amueblar-tu-loft-6-300x167.jpg 300w, https:\/\/mueblesdetena.es\/wp-content\/uploads\/2025\/01\/amueblar-tu-loft-6-1024x570.jpg 1024w, https:\/\/mueblesdetena.es\/wp-content\/uploads\/2025\/01\/amueblar-tu-loft-6-768x427.jpg 768w, https:\/\/mueblesdetena.es\/wp-content\/uploads\/2025\/01\/amueblar-tu-loft-6-1536x855.jpg 1536w, https:\/\/mueblesdetena.es\/wp-content\/uploads\/2025\/01\/amueblar-tu-loft-6-2048x1140.jpg 2048w, https:\/\/mueblesdetena.es\/wp-content\/uploads\/2025\/01\/amueblar-tu-loft-6-600x334.jpg 600w\" sizes=\"(max-width: 2368px) 100vw, 2368px\" \/><\/figure>\n\n\n\n<div style=\"height:50px\" aria-hidden=\"true\" class=\"wp-block-spacer\"><\/div>\n\n\n\n<h2 class=\"wp-block-heading\"><span class=\"ez-toc-section\" id=\"9_No_descuides_el_area_de_descanso\"><\/span>9. No descuides el \u00e1rea de descanso<span class=\"ez-toc-section-end\"><\/span><\/h2>\n\n\n\n<p class=\"has-medium-font-size wp-block-paragraph\">Amueblar tu loft con soluciones innovadoras en el \u00e1rea de descanso no solo optimiza el espacio, sino que tambi\u00e9n aporta una est\u00e9tica cuidada. Las <strong>camas elevadas<\/strong> son una opci\u00f3n excepcional, especialmente en lofts con techos altos. Este dise\u00f1o <strong>permite aprovechar el \u00e1rea inferior como zona de trabajo o almacenaje<\/strong>, maximizando cada metro cuadrado sin comprometer el estilo.<\/p>\n\n\n\n<p class=\"has-medium-font-size wp-block-paragraph\">Otra alternativa pr\u00e1ctica es optar por <strong>sof\u00e1s cama<\/strong> de dise\u00f1o sofisticado. Perfectos para lofts con espacio limitado, estos muebles multifuncionales combinan comodidad y elegancia. Un sof\u00e1 cama bien elegido <strong>puede integrarse armoniosamente con la decoraci\u00f3n general, ofreciendo una soluci\u00f3n vers\u00e1til para invitados o para maximizar el espacio en lofts m\u00e1s peque\u00f1os<\/strong>.<\/p>\n\n\n\n<p class=\"has-medium-font-size wp-block-paragraph\">Si buscas un enfoque m\u00e1s personalizado, las <strong>plataformas elevadas con almacenamiento incorporado<\/strong> son una tendencia en auge. Este tipo de estructura no solo <strong>define claramente el \u00e1rea de descanso, sino que tambi\u00e9n a\u00f1ade un toque arquitect\u00f3nico<\/strong> a la decoraci\u00f3n del loft. Combina esta soluci\u00f3n con textiles c\u00e1lidos y minimalistas para un ambiente acogedor y moderno.<\/p>\n\n\n\n<p class=\"has-medium-font-size wp-block-paragraph\">Entre los productos m\u00e1s populares para amueblar tu loft destacan los <strong>sof\u00e1s cama compactos<\/strong> con dise\u00f1os contempor\u00e1neos, las <strong>camas con almacenamiento oculto<\/strong> y las <strong>plataformas de madera hechas a medida<\/strong>. Estas opciones no solo optimizan el espacio, sino que convierten tu loft en un refugio lleno de estilo y funcionalidad.<\/p>\n\n\n\n<div style=\"height:50px\" aria-hidden=\"true\" class=\"wp-block-spacer\"><\/div>\n\n\n\n<h2 class=\"wp-block-heading\"><span class=\"ez-toc-section\" id=\"10_Crea_un_rincon_verde_en_tu_loft\"><\/span>10. Crea un rinc\u00f3n verde en tu loft<span class=\"ez-toc-section-end\"><\/span><\/h2>\n\n\n\n<p class=\"has-medium-font-size wp-block-paragraph\">A\u00f1adir un rinc\u00f3n verde a tu loft <strong>no solo aporta frescura y vitalidad, sino que tambi\u00e9n mejora la calidad del aire y <a href=\"https:\/\/www.us.es\/actualidad-de-la-us\/tener-plantas-en-casa-mejoro-el-bienestar-psicologico-durante-el-confinamiento\" target=\"_blank\" rel=\"noopener\">promueve una sensaci\u00f3n de bienestar<\/a><\/strong>. Al amueblar tu loft, integrar plantas es una decisi\u00f3n tanto est\u00e9tica como funcional, logrando equilibrar los espacios abiertos con un toque natural que invita a la calma.<\/p>\n\n\n\n<p class=\"has-medium-font-size wp-block-paragraph\">La presencia de plantas en la decoraci\u00f3n del loft tambi\u00e9n <strong>ayuda a suavizar las l\u00edneas modernas y limpias<\/strong>, comunes en este tipo de espacios. Con variedades adecuadas, puedes transformar cualquier rinc\u00f3n desaprovechado en un oasis acogedor. <strong>Desde una estanter\u00eda con plantas colgantes hasta una esquina con una pieza escult\u00f3rica como una monstera<\/strong>, las posibilidades son infinitas.<\/p>\n\n\n\n<p class=\"has-medium-font-size wp-block-paragraph\"><strong>Para espacios interiores con luz limitada, opta por plantas como sansevierias, potos o helechos<\/strong>, que se adaptan f\u00e1cilmente a condiciones de iluminaci\u00f3n reducida. Estas opciones no solo son f\u00e1ciles de mantener, sino que tambi\u00e9n aportan texturas y vol\u00famenes interesantes al decorar tu loft. Si dispones de m\u00e1s luz natural, prueba con ficus lyrata o cactus de gran tama\u00f1o para a\u00f1adir car\u00e1cter.<\/p>\n\n\n\n<p class=\"has-medium-font-size wp-block-paragraph\">Las <strong>macetas decorativas<\/strong> son claves para combinar funcionalidad y estilo en tu rinc\u00f3n verde. Escoge <strong>materiales como cer\u00e1mica esmaltada o fibras naturales<\/strong> para complementar el dise\u00f1o general. Al amueblar tu loft, busca colores neutros o tonos que armonicen con el resto del mobiliario, integrando las plantas como un elemento m\u00e1s del conjunto.<\/p>\n\n\n\n<div style=\"height:50px\" aria-hidden=\"true\" class=\"wp-block-spacer\"><\/div>\n\n\n\n<figure class=\"wp-block-image alignfull size-full\"><img loading=\"lazy\" decoding=\"async\" width=\"2368\" height=\"1318\" src=\"https:\/\/mueblesdetena.es\/wp-content\/uploads\/2025\/01\/amueblar-tu-loft-5.jpg\" alt=\"amueblar tu loft\" class=\"wp-image-34799\" srcset=\"https:\/\/mueblesdetena.es\/wp-content\/uploads\/2025\/01\/amueblar-tu-loft-5.jpg 2368w, https:\/\/mueblesdetena.es\/wp-content\/uploads\/2025\/01\/amueblar-tu-loft-5-300x167.jpg 300w, https:\/\/mueblesdetena.es\/wp-content\/uploads\/2025\/01\/amueblar-tu-loft-5-1024x570.jpg 1024w, https:\/\/mueblesdetena.es\/wp-content\/uploads\/2025\/01\/amueblar-tu-loft-5-768x427.jpg 768w, https:\/\/mueblesdetena.es\/wp-content\/uploads\/2025\/01\/amueblar-tu-loft-5-1536x855.jpg 1536w, https:\/\/mueblesdetena.es\/wp-content\/uploads\/2025\/01\/amueblar-tu-loft-5-2048x1140.jpg 2048w, https:\/\/mueblesdetena.es\/wp-content\/uploads\/2025\/01\/amueblar-tu-loft-5-600x334.jpg 600w\" sizes=\"(max-width: 2368px) 100vw, 2368px\" \/><\/figure>\n\n\n\n<div style=\"height:50px\" aria-hidden=\"true\" class=\"wp-block-spacer\"><\/div>\n\n\n\n<p class=\"has-medium-font-size wp-block-paragraph\">Transformar un loft en un espacio \u00fanico y funcional es un arte que combina creatividad y planificaci\u00f3n. Con las 10 ideas presentadas, decorar tu loft puede convertirse en una experiencia inspiradora, desde la selecci\u00f3n de muebles multifuncionales hasta la incorporaci\u00f3n de elementos personalizados que reflejen tu estilo. Cada detalle contribuye a crear un hogar sofisticado y acogedor.<\/p>\n\n\n\n<p class=\"has-medium-font-size wp-block-paragraph\">La clave para amueblar tu loft con \u00e9xito radica en optimizar cada rinc\u00f3n sin renunciar a la est\u00e9tica. Aprovechar el espacio vertical, elegir colores estrat\u00e9gicos y dividir \u00e1reas con muebles vers\u00e1tiles son pasos fundamentales para lograr un equilibrio perfecto entre dise\u00f1o y practicidad. Planificar cada elecci\u00f3n garantiza un resultado final armonioso y funcional, adaptado a tus necesidades.<\/p>\n\n\n\n<p class=\"has-medium-font-size wp-block-paragraph\">Ahora es tu turno de dar vida a estas ideas. Explora las opciones de mobiliario y decoraci\u00f3n que mejor se adapten a tu loft, y comparte tu transformaci\u00f3n con nosotros. Inspirar y ser inspirado es parte del encanto de decorar tu loft, \u00a1hazlo tuyo y disfr\u00fatalo!<\/p>","protected":false},"excerpt":{"rendered":"<p>Un loft es mucho m\u00e1s que un espacio abierto; es un lienzo en blanco donde el dise\u00f1o y la funcionalidad convergen para crear ambientes \u00fanicos. Estos espacios, caracterizados por techos altos, grandes ventanales y \u00e1reas multifuncionales, exigen creatividad tanto para decorarlos como para amueblarlos, logrando as\u00ed un equilibrio perfecto entre estilo y practicidad. Decorando tu [&hellip;]<\/p>\n","protected":false},"author":618,"featured_media":34792,"comment_status":"open","ping_status":"open","sticky":false,"template":"","format":"standard","meta":{"site-sidebar-layout":"default","site-content-layout":"","ast-site-content-layout":"default","site-content-style":"default","site-sidebar-style":"default","ast-global-header-display":"","ast-banner-title-visibility":"","ast-main-header-display":"","ast-hfb-above-header-display":"","ast-hfb-below-header-display":"","ast-hfb-mobile-header-display":"","site-post-title":"","ast-breadcrumbs-content":"","ast-featured-img":"","footer-sml-layout":"","ast-disable-related-posts":"","theme-transparent-header-meta":"","adv-header-id-meta":"","stick-header-meta":"","header-above-stick-meta":"","header-main-stick-meta":"","header-below-stick-meta":"","astra-migrate-meta-layouts":"set","ast-page-background-enabled":"default","ast-page-background-meta":{"desktop":{"background-color":"var(--ast-global-color-4)","background-image":"","background-repeat":"repeat","background-position":"center center","background-size":"auto","background-attachment":"scroll","background-type":"","background-media":"","overlay-type":"","overlay-color":"","overlay-opacity":"","overlay-gradient":""},"tablet":{"background-color":"","background-image":"","background-repeat":"repeat","background-position":"center center","background-size":"auto","background-attachment":"scroll","background-type":"","background-media":"","overlay-type":"","overlay-color":"","overlay-opacity":"","overlay-gradient":""},"mobile":{"background-color":"","background-image":"","background-repeat":"repeat","background-position":"center center","background-size":"auto","background-attachment":"scroll","background-type":"","background-media":"","overlay-type":"","overlay-color":"","overlay-opacity":"","overlay-gradient":""}},"ast-content-background-meta":{"desktop":{"background-color":"var(--ast-global-color-5)","background-image":"","background-repeat":"repeat","background-position":"center center","background-size":"auto","background-attachment":"scroll","background-type":"","background-media":"","overlay-type":"","overlay-color":"","overlay-opacity":"","overlay-gradient":""},"tablet":{"background-color":"var(--ast-global-color-5)","background-image":"","background-repeat":"repeat","background-position":"center center","background-size":"auto","background-attachment":"scroll","background-type":"","background-media":"","overlay-type":"","overlay-color":"","overlay-opacity":"","overlay-gradient":""},"mobile":{"background-color":"var(--ast-global-color-5)","background-image":"","background-repeat":"repeat","background-position":"center center","background-size":"auto","background-attachment":"scroll","background-type":"","background-media":"","overlay-type":"","overlay-color":"","overlay-opacity":"","overlay-gradient":""}},"_joinchat":[],"footnotes":""},"categories":[1],"tags":[],"class_list":["post-34787","post","type-post","status-publish","format-standard","has-post-thumbnail","hentry","category-sin-categoria"],"_links":{"self":[{"href":"https:\/\/mueblesdetena.es\/ru_ru\/wp-json\/wp\/v2\/posts\/34787","targetHints":{"allow":["GET"]}}],"collection":[{"href":"https:\/\/mueblesdetena.es\/ru_ru\/wp-json\/wp\/v2\/posts"}],"about":[{"href":"https:\/\/mueblesdetena.es\/ru_ru\/wp-json\/wp\/v2\/types\/post"}],"author":[{"embeddable":true,"href":"https:\/\/mueblesdetena.es\/ru_ru\/wp-json\/wp\/v2\/users\/618"}],"replies":[{"embeddable":true,"href":"https:\/\/mueblesdetena.es\/ru_ru\/wp-json\/wp\/v2\/comments?post=34787"}],"version-history":[{"count":5,"href":"https:\/\/mueblesdetena.es\/ru_ru\/wp-json\/wp\/v2\/posts\/34787\/revisions"}],"predecessor-version":[{"id":34802,"href":"https:\/\/mueblesdetena.es\/ru_ru\/wp-json\/wp\/v2\/posts\/34787\/revisions\/34802"}],"wp:featuredmedia":[{"embeddable":true,"href":"https:\/\/mueblesdetena.es\/ru_ru\/wp-json\/wp\/v2\/media\/34792"}],"wp:attachment":[{"href":"https:\/\/mueblesdetena.es\/ru_ru\/wp-json\/wp\/v2\/media?parent=34787"}],"wp:term":[{"taxonomy":"category","embeddable":true,"href":"https:\/\/mueblesdetena.es\/ru_ru\/wp-json\/wp\/v2\/categories?post=34787"},{"taxonomy":"post_tag","embeddable":true,"href":"https:\/\/mueblesdetena.es\/ru_ru\/wp-json\/wp\/v2\/tags?post=34787"}],"curies":[{"name":"wp","href":"https:\/\/api.w.org\/{rel}","templated":true}]}}