{"id":35072,"date":"2025-02-04T09:00:00","date_gmt":"2025-02-04T08:00:00","guid":{"rendered":"https:\/\/mueblesdetena.es\/?p=35072"},"modified":"2025-02-04T10:11:28","modified_gmt":"2025-02-04T09:11:28","slug":"atico-minimalista","status":"publish","type":"post","link":"https:\/\/mueblesdetena.es\/ru_ru\/atico-minimalista\/","title":{"rendered":"\u00c1tico minimalista: 10 ideas de muebles y decoraci\u00f3n para aplicar este estilo con toques de color"},"content":{"rendered":"<p class=\"has-medium-font-size wp-block-paragraph\">El dise\u00f1o <a href=\"https:\/\/es.wikipedia.org\/wiki\/Minimalismo\" target=\"_blank\" rel=\"noopener\">minimalista<\/a> se ha consolidado como una de las tendencias m\u00e1s buscadas en el mundo de la decoraci\u00f3n. Este estilo se basa en la <strong>simplicidad, l\u00edneas limpias y la eliminaci\u00f3n de elementos innecesarios<\/strong>, logrando espacios ordenados y funcionales. En un \u00e1tico, este enfoque resulta ideal, potenciando la sensaci\u00f3n de amplitud y luminosidad incluso en los rincones m\u00e1s peque\u00f1os.<\/p>\n\n\n\n<p class=\"has-medium-font-size wp-block-paragraph\">Los \u00e1ticos, <strong>con su encanto \u00fanico y (en ocasiones) sus techos inclinados, ofrecen un lienzo perfecto para la creatividad en la decoraci\u00f3n<\/strong>. Convertirlos en espacios acogedores y pr\u00e1cticos requiere elegir cuidadosamente los muebles adecuados. La combinaci\u00f3n de funcionalidad y dise\u00f1o se convierte en la clave para sacar el m\u00e1ximo partido a estas \u00e1reas, maximizando cada metro cuadrado.<\/p>\n\n\n\n<p class=\"has-medium-font-size wp-block-paragraph\">A\u00f1adir <strong>toques de color al minimalismo no solo rompe la neutralidad del esquema, sino que tambi\u00e9n aporta personalidad al \u00e1tico<\/strong>. Alfombras, cojines y accesorios vibrantes pueden transformar los muebles simples en piezas llenas de car\u00e1cter, logrando un equilibrio entre serenidad y estilo.<\/p>\n\n\n\n<div style=\"height:50px\" aria-hidden=\"true\" class=\"wp-block-spacer\"><\/div>\n\n\n\n<div id=\"ez-toc-container\" class=\"ez-toc-v2_0_85 ez-toc-wrap-center counter-hierarchy ez-toc-counter ez-toc-grey ez-toc-container-direction\">\n<div class=\"ez-toc-title-container\">\n<p class=\"ez-toc-title\" style=\"cursor:inherit\">Tabla de contenidos<\/p>\n<span class=\"ez-toc-title-toggle\"><a href=\"#\" class=\"ez-toc-pull-right ez-toc-btn ez-toc-btn-xs ez-toc-btn-default ez-toc-toggle\" aria-label=\"Toggle Table of Content\"><span class=\"ez-toc-js-icon-con\"><span class=\"\"><span class=\"eztoc-hide\" style=\"display:none;\">Toggle<\/span><span class=\"ez-toc-icon-toggle-span\"><svg style=\"fill: #999;color:#999\" xmlns=\"http:\/\/www.w3.org\/2000\/svg\" class=\"list-377408\" width=\"20px\" height=\"20px\" viewbox=\"0 0 24 24\" fill=\"none\"><path d=\"M6 6H4v2h2V6zm14 0H8v2h12V6zM4 11h2v2H4v-2zm16 0H8v2h12v-2zM4 16h2v2H4v-2zm16 0H8v2h12v-2z\" fill=\"currentColor\"><\/path><\/svg><svg style=\"fill: #999;color:#999\" class=\"arrow-unsorted-368013\" xmlns=\"http:\/\/www.w3.org\/2000\/svg\" width=\"10px\" height=\"10px\" viewbox=\"0 0 24 24\" version=\"1.2\" baseprofile=\"tiny\"><path d=\"M18.2 9.3l-6.2-6.3-6.2 6.3c-.2.2-.3.4-.3.7s.1.5.3.7c.2.2.4.3.7.3h11c.3 0 .5-.1.7-.3.2-.2.3-.5.3-.7s-.1-.5-.3-.7zM5.8 14.7l6.2 6.3 6.2-6.3c.2-.2.3-.5.3-.7s-.1-.5-.3-.7c-.2-.2-.4-.3-.7-.3h-11c-.3 0-.5.1-.7.3-.2.2-.3.5-.3.7s.1.5.3.7z\"\/><\/svg><\/span><\/span><\/span><\/a><\/span><\/div>\n<nav><ul class='ez-toc-list ez-toc-list-level-1' ><li class='ez-toc-page-1 ez-toc-heading-level-2'><a class=\"ez-toc-link ez-toc-heading-1\" href=\"https:\/\/mueblesdetena.es\/ru_ru\/atico-minimalista\/#1_Aprovecha_la_luz_natural_y_potencia_el_espacio\" >1. Aprovecha la luz natural y potencia el espacio<\/a><\/li><li class='ez-toc-page-1 ez-toc-heading-level-2'><a class=\"ez-toc-link ez-toc-heading-2\" href=\"https:\/\/mueblesdetena.es\/ru_ru\/atico-minimalista\/#2_Muebles_multifuncionales_para_optimizar_espacios\" >2. Muebles multifuncionales para optimizar espacios<\/a><\/li><li class='ez-toc-page-1 ez-toc-heading-level-2'><a class=\"ez-toc-link ez-toc-heading-3\" href=\"https:\/\/mueblesdetena.es\/ru_ru\/atico-minimalista\/#3_Paleta_de_colores_Base_neutra_con_destellos_de_vida\" >3. Paleta de colores: Base neutra con destellos de vida<\/a><\/li><li class='ez-toc-page-1 ez-toc-heading-level-2'><a class=\"ez-toc-link ez-toc-heading-4\" href=\"https:\/\/mueblesdetena.es\/ru_ru\/atico-minimalista\/#4_Almacenamiento_inteligente_que_no_rompa_el_minimalismo\" >4. Almacenamiento inteligente que no rompa el minimalismo<\/a><\/li><li class='ez-toc-page-1 ez-toc-heading-level-2'><a class=\"ez-toc-link ez-toc-heading-5\" href=\"https:\/\/mueblesdetena.es\/ru_ru\/atico-minimalista\/#5_Areas_de_descanso_Simpleza_con_personalidad\" >5. \u00c1reas de descanso: Simpleza con personalidad<\/a><\/li><li class='ez-toc-page-1 ez-toc-heading-level-2'><a class=\"ez-toc-link ez-toc-heading-6\" href=\"https:\/\/mueblesdetena.es\/ru_ru\/atico-minimalista\/#6_Muebles_de_linea_recta_y_materiales_naturales\" >6. Muebles de l\u00ednea recta y materiales naturales<\/a><\/li><li class='ez-toc-page-1 ez-toc-heading-level-2'><a class=\"ez-toc-link ez-toc-heading-7\" href=\"https:\/\/mueblesdetena.es\/ru_ru\/atico-minimalista\/#7_Arte_minimalista_con_pinceladas_de_color\" >7. Arte minimalista con pinceladas de color<\/a><\/li><li class='ez-toc-page-1 ez-toc-heading-level-2'><a class=\"ez-toc-link ez-toc-heading-8\" href=\"https:\/\/mueblesdetena.es\/ru_ru\/atico-minimalista\/#8_Verde_y_vivo_Plantas_como_elemento_decorativo\" >8. Verde y vivo: Plantas como elemento decorativo<\/a><\/li><li class='ez-toc-page-1 ez-toc-heading-level-2'><a class=\"ez-toc-link ez-toc-heading-9\" href=\"https:\/\/mueblesdetena.es\/ru_ru\/atico-minimalista\/#9_Iluminacion_Diseno_sencillo_con_efectos_impactantes\" >9. Iluminaci\u00f3n: Dise\u00f1o sencillo con efectos impactantes<\/a><\/li><li class='ez-toc-page-1 ez-toc-heading-level-2'><a class=\"ez-toc-link ez-toc-heading-10\" href=\"https:\/\/mueblesdetena.es\/ru_ru\/atico-minimalista\/#10_Toques_de_color_Alfombras_textiles_y_detalles\" >10. Toques de color: Alfombras, textiles y detalles<\/a><\/li><\/ul><\/nav><\/div>\n<h2 class=\"wp-block-heading\"><span class=\"ez-toc-section\" id=\"1_Aprovecha_la_luz_natural_y_potencia_el_espacio\"><\/span>1. Aprovecha la luz natural y potencia el espacio<span class=\"ez-toc-section-end\"><\/span><\/h2>\n\n\n\n<p class=\"has-medium-font-size wp-block-paragraph\">La luz natural es un recurso imprescindible en la decoraci\u00f3n de un \u00e1tico minimalista. Las ventanas amplias y los techos inclinados suelen ser caracter\u00edsticas distintivas de estos espacios, por lo que es <strong>crucial maximizar la entrada de luz para realzar su amplitud y calidez<\/strong>. Al dejar que la luz fluya sin interrupciones, se <strong>crea una atm\u00f3sfera di\u00e1fana y serena<\/strong>, esencial en el estilo minimalista.<\/p>\n\n\n\n<p class=\"has-medium-font-size wp-block-paragraph\">Elige muebles ligeros, tanto en dise\u00f1o como en color, para evitar bloquear las fuentes de luz natural. Optar por <strong>estanter\u00edas abiertas, mesas de cristal y sof\u00e1s de l\u00edneas rectas permite mantener un espacio visual despejado<\/strong>. Adem\u00e1s, estos muebles contribuyen a un dise\u00f1o limpio y funcional, en perfecta sinton\u00eda con la filosof\u00eda minimalista.<\/p>\n\n\n\n<p class=\"has-medium-font-size wp-block-paragraph\">Para vestir las ventanas, las cortinas y persianas juegan un papel fundamental. Los <strong>textiles neutros, como el lino o el algod\u00f3n en tonos claros, favorecen la entrada de luz difusa<\/strong>. Sin embargo, los detalles de color, como <strong>cenefas o ribetes en tonos pastel, pueden a\u00f1adir un toque de personalidad sin romper la est\u00e9tica minimalista del \u00e1tico<\/strong>.<\/p>\n\n\n\n<p class=\"has-medium-font-size wp-block-paragraph\">Finalmente, <strong>los espejos estrat\u00e9gicamente colocados pueden amplificar la luz natural y dar mayor sensaci\u00f3n de amplitud<\/strong>. Complementa con muebles reflectantes, como mesas con acabados met\u00e1licos, para optimizar cada rinc\u00f3n del \u00e1tico.<\/p>\n\n\n\n<div style=\"height:25px\" aria-hidden=\"true\" class=\"wp-block-spacer\"><\/div>\n\n\n\n<h2 class=\"wp-block-heading\"><span class=\"ez-toc-section\" id=\"2_Muebles_multifuncionales_para_optimizar_espacios\"><\/span>2. Muebles multifuncionales para optimizar espacios<span class=\"ez-toc-section-end\"><\/span><\/h2>\n\n\n\n<p class=\"has-medium-font-size wp-block-paragraph\">En un \u00e1tico minimalista, los muebles multifuncionales son <strong>aliados imprescindibles para maximizar cada cent\u00edmetro disponible<\/strong> sin renunciar al estilo. <a href=\"https:\/\/mueblesdetena.es\/ru_ru\/sofas-cama\/\"><strong>Sof\u00e1s cama<\/strong><\/a> de dise\u00f1o limpio son una excelente opci\u00f3n, combinando comodidad y funcionalidad. Estos se transforman en <strong>camas c\u00f3modas para invitados mientras mantienen una est\u00e9tica ordenada durante el d\u00eda<\/strong>. Opta por modelos con estructuras ligeras en tonos neutros para integrarlos perfectamente en el espacio.<\/p>\n\n\n\n<p class=\"has-medium-font-size wp-block-paragraph\">A\u00f1adir toques de color a un sof\u00e1 cama es sencillo y efectivo. <strong>Cojines en tonos vibrantes como mostaza o terracota, o mantas en texturas naturales<\/strong>, aportan personalidad sin romper la armon\u00eda del minimalismo. Este detalle, adem\u00e1s, permite cambiar f\u00e1cilmente el estilo seg\u00fan la estaci\u00f3n o las tendencias, renovando el aspecto del \u00e1tico con muy poco esfuerzo.<\/p>\n\n\n\n<p class=\"has-medium-font-size wp-block-paragraph\">Las <a href=\"https:\/\/mueblesdetena.es\/ru_ru\/mesa-rectangular-extensible-pyh-101b\/\"><strong>mesas extensibles<\/strong><\/a> son otro ejemplo clave en la decoraci\u00f3n de un \u00e1tico minimalista. Perfectas para cenas \u00edntimas o reuniones m\u00e1s amplias, su dise\u00f1o compacto y funcional permite adaptarse a diferentes ocasiones. Busca modelos con acabados en <strong>madera clara o cristal para mantener la ligereza visual y evitar la sensaci\u00f3n de saturaci\u00f3n en espacios reducidos<\/strong>.<\/p>\n\n\n\n<p class=\"has-medium-font-size wp-block-paragraph\">Los detalles de color tambi\u00e9n encuentran su lugar en este tipo de muebles. <strong>Una vajilla colorida o un camino de mesa estampado<\/strong> pueden complementar el dise\u00f1o de una mesa extensible, a\u00f1adiendo un toque creativo al conjunto. De esta forma, el \u00e1tico se convierte en un espacio que combina practicidad, estilo y sofisticaci\u00f3n.<\/p>\n\n\n\n<div style=\"height:50px\" aria-hidden=\"true\" class=\"wp-block-spacer\"><\/div>\n\n\n\n<figure class=\"wp-block-image alignfull size-full\"><img fetchpriority=\"high\" decoding=\"async\" width=\"2368\" height=\"1318\" src=\"https:\/\/mueblesdetena.es\/wp-content\/uploads\/2025\/01\/atico-minimalista-2.jpg\" alt=\"\u00e1tico minimalista\" class=\"wp-image-35074\" srcset=\"https:\/\/mueblesdetena.es\/wp-content\/uploads\/2025\/01\/atico-minimalista-2.jpg 2368w, https:\/\/mueblesdetena.es\/wp-content\/uploads\/2025\/01\/atico-minimalista-2-300x167.jpg 300w, https:\/\/mueblesdetena.es\/wp-content\/uploads\/2025\/01\/atico-minimalista-2-1024x570.jpg 1024w, https:\/\/mueblesdetena.es\/wp-content\/uploads\/2025\/01\/atico-minimalista-2-768x427.jpg 768w, https:\/\/mueblesdetena.es\/wp-content\/uploads\/2025\/01\/atico-minimalista-2-1536x855.jpg 1536w, https:\/\/mueblesdetena.es\/wp-content\/uploads\/2025\/01\/atico-minimalista-2-2048x1140.jpg 2048w, https:\/\/mueblesdetena.es\/wp-content\/uploads\/2025\/01\/atico-minimalista-2-600x334.jpg 600w\" sizes=\"(max-width: 2368px) 100vw, 2368px\" \/><\/figure>\n\n\n\n<div style=\"height:50px\" aria-hidden=\"true\" class=\"wp-block-spacer\"><\/div>\n\n\n\n<h2 class=\"wp-block-heading\"><span class=\"ez-toc-section\" id=\"3_Paleta_de_colores_Base_neutra_con_destellos_de_vida\"><\/span>3. Paleta de colores: Base neutra con destellos de vida<span class=\"ez-toc-section-end\"><\/span><\/h2>\n\n\n\n<p class=\"has-medium-font-size wp-block-paragraph\">El \u00e9xito del dise\u00f1o en un \u00e1tico minimalista radica en elegir una paleta de colores que transmita serenidad y amplitud. Tonos como el blanco, el beige y el gris son aliados esenciales para lograr un ambiente luminoso y sofisticado. Estos colores neutros, aplicados en paredes y muebles principales, crean una base elegante y atemporal.<\/p>\n\n\n\n<p class=\"has-medium-font-size wp-block-paragraph\">En un \u00e1tico, estos tonos <strong>no solo amplifican la luz natural, sino que tambi\u00e9n ayudan a destacar los elementos decorativos<\/strong>. La neutralidad permite que el espacio respire, ideal para \u00e1ticos donde el minimalismo se convierte en una necesidad funcional. Una pintura blanca mate o textiles en lino beige aportan una sensaci\u00f3n c\u00e1lida y acogedora.<\/p>\n\n\n\n<p class=\"has-medium-font-size wp-block-paragraph\">Para integrar toques de color sin perder la esencia minimalista, apuesta por accesorios bien seleccionados. <strong>Cojines en tonos mostaza, cuadros abstractos en azul cobalto o alfombras con estampados sutiles son opciones ideales<\/strong>. Estos elementos secundarios aportan personalidad sin abrumar el espacio.<\/p>\n\n\n\n<p class=\"has-medium-font-size wp-block-paragraph\">El mobiliario tambi\u00e9n puede ser clave para a\u00f1adir vida al \u00e1tico. Una <strong>butaca en un vibrante terracota o l\u00e1mparas con acabados dorados<\/strong> crean un equilibrio visual atractivo. Estos detalles permiten explorar combinaciones crom\u00e1ticas frescas y modernas sin renunciar al estilo minimalista caracter\u00edstico.<\/p>\n\n\n\n<div style=\"height:25px\" aria-hidden=\"true\" class=\"wp-block-spacer\"><\/div>\n\n\n\n<h2 class=\"wp-block-heading\"><span class=\"ez-toc-section\" id=\"4_Almacenamiento_inteligente_que_no_rompa_el_minimalismo\"><\/span>4. Almacenamiento inteligente que no rompa el minimalismo<span class=\"ez-toc-section-end\"><\/span><\/h2>\n\n\n\n<p class=\"has-medium-font-size wp-block-paragraph\">Las <strong><a href=\"https:\/\/mueblesdetena.es\/ru_ru\/dormitorios-matrimonio\/\">estanter\u00edas empotradas<\/a><\/strong> son una soluci\u00f3n ideal para los \u00e1ticos minimalistas, donde el espacio reducido requiere ingenio y elegancia. Estas estructuras aprovechan cada rinc\u00f3n, <strong>ofreciendo superficies de almacenamiento sin sacrificar la fluidez visual del dise\u00f1o<\/strong>. Optar por acabados en tonos neutros asegura que se integren perfectamente con los muebles, mientras que detalles sutiles en color a\u00f1aden un toque contempor\u00e1neo.<\/p>\n\n\n\n<p class=\"has-medium-font-size wp-block-paragraph\">Por su parte, los <strong><a href=\"https:\/\/mueblesdetena.es\/ru_ru\/armarios\/\">armarios sin tiradores<\/a><\/strong> son el ep\u00edtome de la funcionalidad est\u00e9tica. <strong>Su dise\u00f1o limpio y sin adornos innecesarios potencia la esencia del minimalismo, al tiempo que mantienen el orden en el espacio<\/strong>. Instalarlos bajo techos inclinados maximiza el \u00e1rea utilizable, convirtiendo cada rinc\u00f3n en un recurso pr\u00e1ctico y estilizado para el \u00e1tico.<\/p>\n\n\n\n<p class=\"has-medium-font-size wp-block-paragraph\">Los <strong>ba\u00fales<\/strong> son otro recurso vers\u00e1til que aporta car\u00e1cter al almacenamiento en un \u00e1tico minimalista. <strong>Adem\u00e1s de ofrecer amplio espacio para guardar objetos, pueden funcionar como mesas auxiliares o asientos<\/strong>. Elegir dise\u00f1os en madera clara o lacados en tonos suaves garantiza su integraci\u00f3n armoniosa con los dem\u00e1s muebles.<\/p>\n\n\n\n<p class=\"has-medium-font-size wp-block-paragraph\">Mantener el orden en un \u00e1tico requiere soluciones de almacenamiento que sean tan est\u00e9ticas como funcionales. <strong>Los sistemas modulares y organizadores ocultos permiten guardar pertenencias sin saturar el ambiente<\/strong>. De esta forma, el dise\u00f1o minimalista se preserva intacto, ofreciendo un entorno ordenado y sofisticado.<\/p>\n\n\n\n<div style=\"height:50px\" aria-hidden=\"true\" class=\"wp-block-spacer\"><\/div>\n\n\n\n<figure class=\"wp-block-image alignfull size-full\"><img decoding=\"async\" width=\"2368\" height=\"1318\" src=\"https:\/\/mueblesdetena.es\/wp-content\/uploads\/2025\/01\/atico-minimalista-3.jpg\" alt=\"\u00e1tico minimalista\" class=\"wp-image-35075\" srcset=\"https:\/\/mueblesdetena.es\/wp-content\/uploads\/2025\/01\/atico-minimalista-3.jpg 2368w, https:\/\/mueblesdetena.es\/wp-content\/uploads\/2025\/01\/atico-minimalista-3-300x167.jpg 300w, https:\/\/mueblesdetena.es\/wp-content\/uploads\/2025\/01\/atico-minimalista-3-1024x570.jpg 1024w, https:\/\/mueblesdetena.es\/wp-content\/uploads\/2025\/01\/atico-minimalista-3-768x427.jpg 768w, https:\/\/mueblesdetena.es\/wp-content\/uploads\/2025\/01\/atico-minimalista-3-1536x855.jpg 1536w, https:\/\/mueblesdetena.es\/wp-content\/uploads\/2025\/01\/atico-minimalista-3-2048x1140.jpg 2048w, https:\/\/mueblesdetena.es\/wp-content\/uploads\/2025\/01\/atico-minimalista-3-600x334.jpg 600w\" sizes=\"(max-width: 2368px) 100vw, 2368px\" \/><\/figure>\n\n\n\n<div style=\"height:50px\" aria-hidden=\"true\" class=\"wp-block-spacer\"><\/div>\n\n\n\n<h2 class=\"wp-block-heading\"><span class=\"ez-toc-section\" id=\"5_Areas_de_descanso_Simpleza_con_personalidad\"><\/span>5. \u00c1reas de descanso: Simpleza con personalidad<span class=\"ez-toc-section-end\"><\/span><\/h2>\n\n\n\n<p class=\"has-medium-font-size wp-block-paragraph\">Transformar un rinc\u00f3n del \u00e1tico en una zona de lectura o relax es una de las formas m\u00e1s efectivas de aprovechar este espacio \u00fanico. <strong>Opta por un sill\u00f3n minimalista de l\u00edneas rectas y tonos neutros<\/strong> que se integre perfectamente con la est\u00e9tica general. Comb\u00ednalo con una <strong>l\u00e1mpara de pie estilizada<\/strong> que brinde una luz c\u00e1lida y acogedora, perfecta para disfrutar de un buen libro o una tarde tranquila.<\/p>\n\n\n\n<p class=\"has-medium-font-size wp-block-paragraph\">Para completar el ambiente, a\u00f1ade una <strong>mesita auxiliar<\/strong> con un dise\u00f1o funcional, <strong>ideal para colocar una taza de t\u00e9 o una vela arom\u00e1tica<\/strong>. Este mueble, aunque discreto, puede convertirse en un detalle con personalidad si optas por materiales naturales como la madera o el m\u00e1rmol. Estas piezas reflejan el equilibrio entre la simplicidad y el car\u00e1cter distintivo que define el estilo minimalista.<\/p>\n\n\n\n<p class=\"has-medium-font-size wp-block-paragraph\">Los <strong>textiles<\/strong> son aliados imprescindibles para aportar confort y estilo en las zonas de descanso de un \u00e1tico minimalista. Incorpora cojines con <strong>patrones geom\u00e9tricos en tonos vibrantes<\/strong> para romper con la monoton\u00eda sin perder la armon\u00eda. Una manta de textura suave, dispuesta sobre el sill\u00f3n, no solo a\u00f1ade calidez sino que tambi\u00e9n enriquece visualmente el espacio.<\/p>\n\n\n\n<p class=\"has-medium-font-size wp-block-paragraph\">Finalmente, una <strong>alfombra con detalles de color<\/strong> enmarcar\u00e1 el \u00e1rea de relax, delimitando el espacio y reforzando la sensaci\u00f3n de confort. <strong>Escoge modelos de dise\u00f1o sobrio pero con peque\u00f1os toques de vitalidad que complementen el conjunto<\/strong>. As\u00ed, cada elemento elegido realzar\u00e1 el encanto del \u00e1tico y consolidar\u00e1 su esencia minimalista con car\u00e1cter.<\/p>\n\n\n\n<div style=\"height:25px\" aria-hidden=\"true\" class=\"wp-block-spacer\"><\/div>\n\n\n\n<h2 class=\"wp-block-heading\"><span class=\"ez-toc-section\" id=\"6_Muebles_de_linea_recta_y_materiales_naturales\"><\/span>6. Muebles de l\u00ednea recta y materiales naturales<span class=\"ez-toc-section-end\"><\/span><\/h2>\n\n\n\n<p class=\"has-medium-font-size wp-block-paragraph\">El dise\u00f1o de muebles de l\u00ednea recta es esencial en un \u00e1tico minimalista, ya que maximiza la funcionalidad sin sobrecargar el espacio. Las <strong>l\u00edneas limpias y geom\u00e9tricas ayudan a crear una sensaci\u00f3n de orden y amplitud<\/strong>, ideal para aprovechar cada rinc\u00f3n de un \u00e1tico reducido. Este estilo evita elementos decorativos innecesarios, logrando un equilibrio perfecto entre simplicidad y elegancia.<\/p>\n\n\n\n<p class=\"has-medium-font-size wp-block-paragraph\">En espacios peque\u00f1os, <strong>los muebles minimalistas de l\u00edneas rectas permiten una circulaci\u00f3n fluida y despejada<\/strong>, esenciales en \u00e1ticos donde cada metro cuenta. Adem\u00e1s, su dise\u00f1o vers\u00e1til se integra f\u00e1cilmente con otros elementos decorativos. Optar por muebles modulares, como <strong>estanter\u00edas o <a href=\"https:\/\/mueblesdetena.es\/ru_ru\/sofas\/\">sof\u00e1s<\/a> en forma rectil\u00ednea, es una soluci\u00f3n ideal para personalizar el espacio y mantener la armon\u00eda visual<\/strong>.<\/p>\n\n\n\n<p class=\"has-medium-font-size wp-block-paragraph\">Los <strong>materiales naturales como la madera clara aportan calidez<\/strong> al \u00e1tico minimalista sin perder su esencia funcional. Este material, combinado con <strong>estructuras met\u00e1licas o superficies de cristal, genera un contraste moderno y sofisticado<\/strong>. Las maderas como el roble o el abedul son opciones atemporales que enriquecen la decoraci\u00f3n sin resultar abrumadoras.<\/p>\n\n\n\n<p class=\"has-medium-font-size wp-block-paragraph\">Por su parte, <strong>el cristal es un aliado clave para transmitir ligereza en espacios reducidos<\/strong>, mientras que los acabados met\u00e1licos en tonos mate a\u00f1aden un toque contempor\u00e1neo. Estos materiales, bien combinados, destacan la pureza del estilo minimalista en muebles dise\u00f1ados para \u00e1ticos \u00fanicos y con car\u00e1cter.<\/p>\n\n\n\n<div style=\"height:50px\" aria-hidden=\"true\" class=\"wp-block-spacer\"><\/div>\n\n\n\n<figure class=\"wp-block-image alignfull size-full\"><img decoding=\"async\" width=\"2368\" height=\"1318\" src=\"https:\/\/mueblesdetena.es\/wp-content\/uploads\/2025\/01\/atico-minimalista-4.jpg\" alt=\"\u00e1tico minimalista\" class=\"wp-image-35076\" srcset=\"https:\/\/mueblesdetena.es\/wp-content\/uploads\/2025\/01\/atico-minimalista-4.jpg 2368w, https:\/\/mueblesdetena.es\/wp-content\/uploads\/2025\/01\/atico-minimalista-4-300x167.jpg 300w, https:\/\/mueblesdetena.es\/wp-content\/uploads\/2025\/01\/atico-minimalista-4-1024x570.jpg 1024w, https:\/\/mueblesdetena.es\/wp-content\/uploads\/2025\/01\/atico-minimalista-4-768x427.jpg 768w, https:\/\/mueblesdetena.es\/wp-content\/uploads\/2025\/01\/atico-minimalista-4-1536x855.jpg 1536w, https:\/\/mueblesdetena.es\/wp-content\/uploads\/2025\/01\/atico-minimalista-4-2048x1140.jpg 2048w, https:\/\/mueblesdetena.es\/wp-content\/uploads\/2025\/01\/atico-minimalista-4-600x334.jpg 600w\" sizes=\"(max-width: 2368px) 100vw, 2368px\" \/><\/figure>\n\n\n\n<div style=\"height:50px\" aria-hidden=\"true\" class=\"wp-block-spacer\"><\/div>\n\n\n\n<h2 class=\"wp-block-heading\"><span class=\"ez-toc-section\" id=\"7_Arte_minimalista_con_pinceladas_de_color\"><\/span>7. Arte minimalista con pinceladas de color<span class=\"ez-toc-section-end\"><\/span><\/h2>\n\n\n\n<p class=\"has-medium-font-size wp-block-paragraph\">El arte es una de las formas m\u00e1s efectivas para a\u00f1adir personalidad a un \u00e1tico minimalista. <strong>Optar por cuadros, esculturas o l\u00e1minas en tonos vibrantes crea un interesante contraste con los muebles de l\u00edneas limpias y tonos neutros<\/strong>. La clave est\u00e1 en seleccionar piezas que respeten la esencia del minimalismo, evitando el exceso de elementos decorativos que puedan saturar el espacio.<\/p>\n\n\n\n<p class=\"has-medium-font-size wp-block-paragraph\"><strong>En paredes inclinadas, las l\u00e1minas enmarcadas o los cuadros ligeros son ideales para resaltar el dise\u00f1o \u00fanico del \u00e1tico sin comprometer la est\u00e9tica<\/strong>. Si prefieres esculturas, elige aquellas de tama\u00f1o mediano que puedan colocarse estrat\u00e9gicamente en repisas o muebles bajos. Estas piezas no solo embellecen el espacio, sino que tambi\u00e9n refuerzan la conexi\u00f3n entre el estilo minimalista y una expresi\u00f3n m\u00e1s personal.<\/p>\n\n\n\n<p class=\"has-medium-font-size wp-block-paragraph\">Para evitar la sobrecarga visual, utiliza una regla b\u00e1sica: menos es m\u00e1s. En un \u00e1tico minimalista, <strong>un cuadro grande puede ser el punto focal de una pared, mientras que un grupo de piezas m\u00e1s peque\u00f1as puede a\u00f1adir dinamismo sin perder equilibrio<\/strong>. Los colores vibrantes, como tonos mostaza, terracota o azul petr\u00f3leo, funcionan de maravilla al contrastar con muebles de dise\u00f1o simple y funcional.<\/p>\n\n\n\n<p class=\"has-medium-font-size wp-block-paragraph\">Las paredes inclinadas de un \u00e1tico requieren soluciones creativas y ligeras. <strong>Considera colgar arte a diferentes alturas para aprovechar mejor los espacios disponibles<\/strong>. Alternativamente, apoya las piezas sobre estanter\u00edas minimalistas o muebles bajos para mantener un dise\u00f1o arm\u00f3nico. Este enfoque no solo a\u00f1ade color al \u00e1tico, sino que tambi\u00e9n mantiene su esencia minimalista intacta, con un toque art\u00edstico \u00fanico.<\/p>\n\n\n\n<div style=\"height:25px\" aria-hidden=\"true\" class=\"wp-block-spacer\"><\/div>\n\n\n\n<h2 class=\"wp-block-heading\"><span class=\"ez-toc-section\" id=\"8_Verde_y_vivo_Plantas_como_elemento_decorativo\"><\/span>8. Verde y vivo: Plantas como elemento decorativo<span class=\"ez-toc-section-end\"><\/span><\/h2>\n\n\n\n<p class=\"has-medium-font-size wp-block-paragraph\">Las plantas son aliadas perfectas para dar vida y frescura a cualquier \u00e1tico minimalista. <strong>Variedades como el potus, la sansevieria y los ficus son ideales gracias a su est\u00e9tica limpia y f\u00e1cil mantenimiento<\/strong>. Estas especies aportan un aire sofisticado sin romper la armon\u00eda visual del espacio, complementando a la perfecci\u00f3n los muebles de l\u00edneas rectas y colores neutros.<\/p>\n\n\n\n<p class=\"has-medium-font-size wp-block-paragraph\">Para quienes buscan un toque diferente, <strong>los cactus y las suculentas<\/strong> en composiciones simples tambi\u00e9n resultan una opci\u00f3n excelente. <strong>Su tama\u00f1o compacto y formas geom\u00e9tricas encajan de maravilla en \u00e1ticos minimalistas<\/strong>. Adem\u00e1s, pueden colocarse en repisas flotantes o mesas auxiliares, convirti\u00e9ndose en un elemento decorativo sutil pero impactante.<\/p>\n\n\n\n<p class=\"has-medium-font-size wp-block-paragraph\">El uso de <strong>macetas en tonos vivos<\/strong> es una estrategia brillante para romper la monocrom\u00eda t\u00edpica del minimalismo. <strong>Colores como el mostaza, terracota o verde bosque pueden aportar dinamismo sin saturar el ambiente<\/strong>. Estas macetas, estrat\u00e9gicamente distribuidas, logran destacar las plantas y a\u00f1adir un toque personalizado a los muebles.<\/p>\n\n\n\n<p class=\"has-medium-font-size wp-block-paragraph\">Adem\u00e1s, optar por <strong>materiales como cer\u00e1mica, mimbre o metal en las macetas ayuda a integrar texturas que enriquecen el dise\u00f1o del \u00e1tico<\/strong>. Al jugar con diferentes alturas y tama\u00f1os, se crea un efecto visual interesante que equilibra la simplicidad caracter\u00edstica del estilo minimalista.<\/p>\n\n\n\n<div style=\"height:50px\" aria-hidden=\"true\" class=\"wp-block-spacer\"><\/div>\n\n\n\n<figure class=\"wp-block-image alignfull size-full\"><img loading=\"lazy\" decoding=\"async\" width=\"2368\" height=\"1318\" src=\"https:\/\/mueblesdetena.es\/wp-content\/uploads\/2025\/01\/atico-minimalista-5.jpg\" alt=\"\u00e1tico minimalista\" class=\"wp-image-35077\" srcset=\"https:\/\/mueblesdetena.es\/wp-content\/uploads\/2025\/01\/atico-minimalista-5.jpg 2368w, https:\/\/mueblesdetena.es\/wp-content\/uploads\/2025\/01\/atico-minimalista-5-300x167.jpg 300w, https:\/\/mueblesdetena.es\/wp-content\/uploads\/2025\/01\/atico-minimalista-5-1024x570.jpg 1024w, https:\/\/mueblesdetena.es\/wp-content\/uploads\/2025\/01\/atico-minimalista-5-768x427.jpg 768w, https:\/\/mueblesdetena.es\/wp-content\/uploads\/2025\/01\/atico-minimalista-5-1536x855.jpg 1536w, https:\/\/mueblesdetena.es\/wp-content\/uploads\/2025\/01\/atico-minimalista-5-2048x1140.jpg 2048w, https:\/\/mueblesdetena.es\/wp-content\/uploads\/2025\/01\/atico-minimalista-5-600x334.jpg 600w\" sizes=\"(max-width: 2368px) 100vw, 2368px\" \/><\/figure>\n\n\n\n<div style=\"height:50px\" aria-hidden=\"true\" class=\"wp-block-spacer\"><\/div>\n\n\n\n<h2 class=\"wp-block-heading\"><span class=\"ez-toc-section\" id=\"9_Iluminacion_Diseno_sencillo_con_efectos_impactantes\"><\/span>9. Iluminaci\u00f3n: Dise\u00f1o sencillo con efectos impactantes<span class=\"ez-toc-section-end\"><\/span><\/h2>\n\n\n\n<p class=\"has-medium-font-size wp-block-paragraph\">En un \u00e1tico minimalista, la iluminaci\u00f3n es clave para resaltar la esencia del espacio y mantener su sofisticaci\u00f3n. Las <strong>l\u00e1mparas de dise\u00f1o simple<\/strong> pero llamativo, como aquellas de l\u00edneas geom\u00e9tricas o acabados met\u00e1licos, aportan personalidad sin romper con la armon\u00eda. Opta por <strong>l\u00e1mparas colgantes<\/strong> sobre la mesa principal o <strong>apliques discretos<\/strong> en las paredes para un toque de estilo atemporal.<\/p>\n\n\n\n<p class=\"has-medium-font-size wp-block-paragraph\"><strong>La selecci\u00f3n de luminarias debe equilibrar funcionalidad y est\u00e9tica<\/strong>, destacando los muebles minimalistas sin saturar el ambiente. Busca modelos que integren materiales naturales, como madera o cristal, para reforzar la calidez. Las <strong>l\u00e1mparas con bombillas expuestas<\/strong> son una tendencia actual que combina a la perfecci\u00f3n con el dise\u00f1o minimalista, especialmente en \u00e1ticos donde la luz natural es limitada.<\/p>\n\n\n\n<p class=\"has-medium-font-size wp-block-paragraph\">Por otro lado, las <strong>luces LED<\/strong> son una soluci\u00f3n <strong>ideal para destacar \u00e1reas espec\u00edficas del \u00e1tico<\/strong>, como estanter\u00edas, cuadros o rincones de lectura. <strong>Este tipo de iluminaci\u00f3n indirecta crea un efecto acogedor y moderno<\/strong>, perfecto para potenciar el estilo minimalista. Los perfiles de LED integrados en los muebles tambi\u00e9n maximizan el espacio, aportando una luz tenue y homog\u00e9nea.<\/p>\n\n\n\n<p class=\"has-medium-font-size wp-block-paragraph\">En un espacio como el \u00e1tico, jugar con la intensidad y el color de las luces LED permite crear ambientes vers\u00e1tiles. <strong>Opta por tonos c\u00e1lidos para zonas de descanso y fr\u00edos para \u00e1reas de trabajo<\/strong>. Los sistemas de regulaci\u00f3n de intensidad, adem\u00e1s, ofrecen control absoluto sobre la atm\u00f3sfera del hogar, realzando cada detalle decorativo con sutileza y elegancia.<\/p>\n\n\n\n<div style=\"height:25px\" aria-hidden=\"true\" class=\"wp-block-spacer\"><\/div>\n\n\n\n<h2 class=\"wp-block-heading\"><span class=\"ez-toc-section\" id=\"10_Toques_de_color_Alfombras_textiles_y_detalles\"><\/span>10. Toques de color: Alfombras, textiles y detalles<span class=\"ez-toc-section-end\"><\/span><\/h2>\n\n\n\n<p class=\"has-medium-font-size wp-block-paragraph\">En un \u00e1tico minimalista, <strong>las alfombras son aliadas perfectas para a\u00f1adir calidez y color sin romper la est\u00e9tica limpia<\/strong>. Opta por dise\u00f1os lisos en tonos vibrantes como azul petr\u00f3leo o mostaza, ideales para contrastar con muebles de l\u00edneas rectas y tonos neutros. Estas piezas no solo delimitan espacios, sino que aportan un toque sofisticado.<\/p>\n\n\n\n<p class=\"has-medium-font-size wp-block-paragraph\">Los <strong>cojines y mantas<\/strong> son recursos vers\u00e1tiles para transformar un espacio de manera sencilla. En un \u00e1tico, donde la luz natural es protagonista, textiles en colores como terracota o verde oliva destacan sobre sof\u00e1s y camas de estilo minimalista. Juega con texturas como el lino o la lana para agregar profundidad sin saturar el ambiente.<\/p>\n\n\n\n<p class=\"has-medium-font-size wp-block-paragraph\">Para complementar la decoraci\u00f3n, peque\u00f1os detalles como <strong>cortinas, tapices o caminos de mesa en tonos vivos<\/strong> pueden marcar la diferencia. En un \u00e1tico minimalista, elegir textiles con patrones geom\u00e9tricos o abstractos a\u00f1ade dinamismo, respetando el equilibrio visual del espacio. La clave est\u00e1 en mantener una coherencia crom\u00e1tica.<\/p>\n\n\n\n<p class=\"has-medium-font-size wp-block-paragraph\">Los <strong>colores tendencia como el coral o el rosa empolvado tambi\u00e9n pueden integrarse sutilmente<\/strong>. \u00dasalos en detalles como cojines o alfombras peque\u00f1as, creando un contraste elegante con muebles en tonos blancos o grises. Estos toques de color revitalizan cualquier \u00e1tico, convirti\u00e9ndolo en un refugio moderno y lleno de estilo.<\/p>\n\n\n\n<div style=\"height:50px\" aria-hidden=\"true\" class=\"wp-block-spacer\"><\/div>\n\n\n\n<figure class=\"wp-block-image alignfull size-full\"><img loading=\"lazy\" decoding=\"async\" width=\"2368\" height=\"1318\" src=\"https:\/\/mueblesdetena.es\/wp-content\/uploads\/2025\/01\/atico-minimalista-6.jpg\" alt=\"\u00e1tico minimalista\" class=\"wp-image-35078\" srcset=\"https:\/\/mueblesdetena.es\/wp-content\/uploads\/2025\/01\/atico-minimalista-6.jpg 2368w, https:\/\/mueblesdetena.es\/wp-content\/uploads\/2025\/01\/atico-minimalista-6-300x167.jpg 300w, https:\/\/mueblesdetena.es\/wp-content\/uploads\/2025\/01\/atico-minimalista-6-1024x570.jpg 1024w, https:\/\/mueblesdetena.es\/wp-content\/uploads\/2025\/01\/atico-minimalista-6-768x427.jpg 768w, https:\/\/mueblesdetena.es\/wp-content\/uploads\/2025\/01\/atico-minimalista-6-1536x855.jpg 1536w, https:\/\/mueblesdetena.es\/wp-content\/uploads\/2025\/01\/atico-minimalista-6-2048x1140.jpg 2048w, https:\/\/mueblesdetena.es\/wp-content\/uploads\/2025\/01\/atico-minimalista-6-600x334.jpg 600w\" sizes=\"(max-width: 2368px) 100vw, 2368px\" \/><\/figure>\n\n\n\n<div style=\"height:50px\" aria-hidden=\"true\" class=\"wp-block-spacer\"><\/div>\n\n\n\n<p class=\"has-medium-font-size wp-block-paragraph\">Un \u00e1tico minimalista es mucho m\u00e1s que un espacio reducido; es un lienzo en blanco donde la simplicidad y el dise\u00f1o funcional pueden converger con toques de color llenos de personalidad. La selecci\u00f3n adecuada de muebles y una decoraci\u00f3n estrat\u00e9gica permiten aprovechar cada rinc\u00f3n mientras se mantiene la elegancia inherente al minimalismo.<\/p>\n\n\n\n<p class=\"has-medium-font-size wp-block-paragraph\">La clave para transformar tu \u00e1tico radica en equilibrar elementos esenciales con detalles vibrantes que aporten calidez y estilo. Muebles multifuncionales, textiles llamativos y accesorios cuidadosamente seleccionados son herramientas perfectas para dar vida a un espacio \u00fanico y acogedor sin perder de vista la est\u00e9tica limpia y ordenada.<\/p>\n\n\n\n<p class=\"has-medium-font-size wp-block-paragraph\">\u00bfListo para dar el salto? Explora <a href=\"https:\/\/mueblesdetena.es\/ru_ru\/\">nuestra exclusiva colecci\u00f3n de muebles<\/a> minimalistas dise\u00f1ados para realzar la belleza y funcionalidad de tu \u00e1tico. Con cada detalle, convi\u00e9rtelo en el refugio perfecto, donde la sencillez se mezcla con un toque de distinci\u00f3n irresistible.<\/p>","protected":false},"excerpt":{"rendered":"<p>El dise\u00f1o minimalista se ha consolidado como una de las tendencias m\u00e1s buscadas en el mundo de la decoraci\u00f3n. Este estilo se basa en la simplicidad, l\u00edneas limpias y la eliminaci\u00f3n de elementos innecesarios, logrando espacios ordenados y funcionales. En un \u00e1tico, este enfoque resulta ideal, potenciando la sensaci\u00f3n de amplitud y luminosidad incluso en [&hellip;]<\/p>\n","protected":false},"author":618,"featured_media":35073,"comment_status":"open","ping_status":"open","sticky":false,"template":"","format":"standard","meta":{"site-sidebar-layout":"default","site-content-layout":"","ast-site-content-layout":"default","site-content-style":"default","site-sidebar-style":"default","ast-global-header-display":"","ast-banner-title-visibility":"","ast-main-header-display":"","ast-hfb-above-header-display":"","ast-hfb-below-header-display":"","ast-hfb-mobile-header-display":"","site-post-title":"","ast-breadcrumbs-content":"","ast-featured-img":"","footer-sml-layout":"","ast-disable-related-posts":"","theme-transparent-header-meta":"","adv-header-id-meta":"","stick-header-meta":"","header-above-stick-meta":"","header-main-stick-meta":"","header-below-stick-meta":"","astra-migrate-meta-layouts":"set","ast-page-background-enabled":"default","ast-page-background-meta":{"desktop":{"background-color":"var(--ast-global-color-4)","background-image":"","background-repeat":"repeat","background-position":"center center","background-size":"auto","background-attachment":"scroll","background-type":"","background-media":"","overlay-type":"","overlay-color":"","overlay-opacity":"","overlay-gradient":""},"tablet":{"background-color":"","background-image":"","background-repeat":"repeat","background-position":"center center","background-size":"auto","background-attachment":"scroll","background-type":"","background-media":"","overlay-type":"","overlay-color":"","overlay-opacity":"","overlay-gradient":""},"mobile":{"background-color":"","background-image":"","background-repeat":"repeat","background-position":"center center","background-size":"auto","background-attachment":"scroll","background-type":"","background-media":"","overlay-type":"","overlay-color":"","overlay-opacity":"","overlay-gradient":""}},"ast-content-background-meta":{"desktop":{"background-color":"var(--ast-global-color-5)","background-image":"","background-repeat":"repeat","background-position":"center center","background-size":"auto","background-attachment":"scroll","background-type":"","background-media":"","overlay-type":"","overlay-color":"","overlay-opacity":"","overlay-gradient":""},"tablet":{"background-color":"var(--ast-global-color-5)","background-image":"","background-repeat":"repeat","background-position":"center center","background-size":"auto","background-attachment":"scroll","background-type":"","background-media":"","overlay-type":"","overlay-color":"","overlay-opacity":"","overlay-gradient":""},"mobile":{"background-color":"var(--ast-global-color-5)","background-image":"","background-repeat":"repeat","background-position":"center center","background-size":"auto","background-attachment":"scroll","background-type":"","background-media":"","overlay-type":"","overlay-color":"","overlay-opacity":"","overlay-gradient":""}},"_joinchat":[],"footnotes":""},"categories":[1],"tags":[],"class_list":["post-35072","post","type-post","status-publish","format-standard","has-post-thumbnail","hentry","category-sin-categoria"],"_links":{"self":[{"href":"https:\/\/mueblesdetena.es\/ru_ru\/wp-json\/wp\/v2\/posts\/35072","targetHints":{"allow":["GET"]}}],"collection":[{"href":"https:\/\/mueblesdetena.es\/ru_ru\/wp-json\/wp\/v2\/posts"}],"about":[{"href":"https:\/\/mueblesdetena.es\/ru_ru\/wp-json\/wp\/v2\/types\/post"}],"author":[{"embeddable":true,"href":"https:\/\/mueblesdetena.es\/ru_ru\/wp-json\/wp\/v2\/users\/618"}],"replies":[{"embeddable":true,"href":"https:\/\/mueblesdetena.es\/ru_ru\/wp-json\/wp\/v2\/comments?post=35072"}],"version-history":[{"count":1,"href":"https:\/\/mueblesdetena.es\/ru_ru\/wp-json\/wp\/v2\/posts\/35072\/revisions"}],"predecessor-version":[{"id":35079,"href":"https:\/\/mueblesdetena.es\/ru_ru\/wp-json\/wp\/v2\/posts\/35072\/revisions\/35079"}],"wp:featuredmedia":[{"embeddable":true,"href":"https:\/\/mueblesdetena.es\/ru_ru\/wp-json\/wp\/v2\/media\/35073"}],"wp:attachment":[{"href":"https:\/\/mueblesdetena.es\/ru_ru\/wp-json\/wp\/v2\/media?parent=35072"}],"wp:term":[{"taxonomy":"category","embeddable":true,"href":"https:\/\/mueblesdetena.es\/ru_ru\/wp-json\/wp\/v2\/categories?post=35072"},{"taxonomy":"post_tag","embeddable":true,"href":"https:\/\/mueblesdetena.es\/ru_ru\/wp-json\/wp\/v2\/tags?post=35072"}],"curies":[{"name":"wp","href":"https:\/\/api.w.org\/{rel}","templated":true}]}}