{"id":35112,"date":"2025-02-06T09:00:00","date_gmt":"2025-02-06T08:00:00","guid":{"rendered":"https:\/\/mueblesdetena.es\/?p=35112"},"modified":"2025-02-04T10:12:02","modified_gmt":"2025-02-04T09:12:02","slug":"estilo-artesanal","status":"publish","type":"post","link":"https:\/\/mueblesdetena.es\/ru_ru\/estilo-artesanal\/","title":{"rendered":"Estilo artesanal: 10 ideas para unir lo moderno ordenado y lo natural hecho a mano en tu hogar"},"content":{"rendered":"<p class=\"has-medium-font-size wp-block-paragraph\">El estilo artesanal moderno es una <strong>fusi\u00f3n equilibrada entre la est\u00e9tica minimalista y la calidez de lo hecho a mano<\/strong>. Se trata de unir muebles de l\u00edneas depuradas con piezas \u00fanicas que resaltan la belleza de lo natural. Esta tendencia busca transmitir personalidad a los espacios sin renunciar a la sofisticaci\u00f3n.<\/p>\n\n\n\n<p class=\"has-medium-font-size wp-block-paragraph\">En los \u00faltimos a\u00f1os, la <strong>b\u00fasqueda de autenticidad en el hogar<\/strong> ha impulsado el auge del estilo artesanal. Materiales como la <strong>madera tallada, la cer\u00e1mica y los tejidos tradicionales<\/strong> conviven con dise\u00f1os contempor\u00e1neos, logrando interiores m\u00e1s acogedores y exclusivos. Esta combinaci\u00f3n se ha convertido en un referente en la decoraci\u00f3n de interiores, conquistando tanto a expertos como a amantes del dise\u00f1o.<\/p>\n\n\n\n<p class=\"has-medium-font-size wp-block-paragraph\">La clave de esta armon\u00eda radica en los contrastes bien ejecutados: <strong>la sobriedad de los muebles modernos se realza con detalles artesanales que aportan textura y car\u00e1cter<\/strong>. Adem\u00e1s de embellecer los espacios, esta tendencia permite personalizar cada rinc\u00f3n, conectando con la tradici\u00f3n y promoviendo un consumo m\u00e1s consciente y sostenible en la decoraci\u00f3n.<\/p>\n\n\n\n<p class=\"has-medium-font-size wp-block-paragraph\">A lo largo de este art\u00edculo, descubrir\u00e1s <strong>10 ideas para aplicar el estilo artesanal en tu hogar<\/strong>, combinando muebles contempor\u00e1neos con elementos hechos a mano. Desde textiles y cer\u00e1micas hasta l\u00e1mparas y objetos decorativos, te mostraremos c\u00f3mo lograr un equilibrio perfecto entre modernidad y calidez artesanal.<\/p>\n\n\n\n<div style=\"height:53px\" aria-hidden=\"true\" class=\"wp-block-spacer\"><\/div>\n\n\n\n<div id=\"ez-toc-container\" class=\"ez-toc-v2_0_85 counter-hierarchy ez-toc-counter ez-toc-grey ez-toc-container-direction\">\n<div class=\"ez-toc-title-container\">\n<p class=\"ez-toc-title\" style=\"cursor:inherit\">Table of Contents<\/p>\n<span class=\"ez-toc-title-toggle\"><a href=\"#\" class=\"ez-toc-pull-right ez-toc-btn ez-toc-btn-xs ez-toc-btn-default ez-toc-toggle\" aria-label=\"Toggle Table of Content\"><span class=\"ez-toc-js-icon-con\"><span class=\"\"><span class=\"eztoc-hide\" style=\"display:none;\">Toggle<\/span><span class=\"ez-toc-icon-toggle-span\"><svg style=\"fill: #999;color:#999\" xmlns=\"http:\/\/www.w3.org\/2000\/svg\" class=\"list-377408\" width=\"20px\" height=\"20px\" viewbox=\"0 0 24 24\" fill=\"none\"><path d=\"M6 6H4v2h2V6zm14 0H8v2h12V6zM4 11h2v2H4v-2zm16 0H8v2h12v-2zM4 16h2v2H4v-2zm16 0H8v2h12v-2z\" fill=\"currentColor\"><\/path><\/svg><svg style=\"fill: #999;color:#999\" class=\"arrow-unsorted-368013\" xmlns=\"http:\/\/www.w3.org\/2000\/svg\" width=\"10px\" height=\"10px\" viewbox=\"0 0 24 24\" version=\"1.2\" baseprofile=\"tiny\"><path d=\"M18.2 9.3l-6.2-6.3-6.2 6.3c-.2.2-.3.4-.3.7s.1.5.3.7c.2.2.4.3.7.3h11c.3 0 .5-.1.7-.3.2-.2.3-.5.3-.7s-.1-.5-.3-.7zM5.8 14.7l6.2 6.3 6.2-6.3c.2-.2.3-.5.3-.7s-.1-.5-.3-.7c-.2-.2-.4-.3-.7-.3h-11c-.3 0-.5.1-.7.3-.2.2-.3.5-.3.7s.1.5.3.7z\"\/><\/svg><\/span><\/span><\/span><\/a><\/span><\/div>\n<nav><ul class='ez-toc-list ez-toc-list-level-1' ><li class='ez-toc-page-1 ez-toc-heading-level-2'><a class=\"ez-toc-link ez-toc-heading-1\" href=\"https:\/\/mueblesdetena.es\/ru_ru\/estilo-artesanal\/#Las_10_ideas_para_implementar_el_estilo_artesanal_en_tus_muebles_y_decoracion\" >Las 10 ideas para implementar el estilo artesanal en tus muebles y decoraci\u00f3n<\/a><ul class='ez-toc-list-level-3' ><li class='ez-toc-heading-level-3'><a class=\"ez-toc-link ez-toc-heading-2\" href=\"https:\/\/mueblesdetena.es\/ru_ru\/estilo-artesanal\/#1_Sofas_de_lineas_rectas_con_cojines_y_mantas_tejidas_a_mano\" >1. Sof\u00e1s de l\u00edneas rectas con cojines y mantas tejidas a mano<\/a><\/li><li class='ez-toc-page-1 ez-toc-heading-level-3'><a class=\"ez-toc-link ez-toc-heading-3\" href=\"https:\/\/mueblesdetena.es\/ru_ru\/estilo-artesanal\/#2_Mesas_de_centro_minimalistas_con_detalles_en_ceramica_artesanal\" >2. Mesas de centro minimalistas con detalles en cer\u00e1mica artesanal<\/a><\/li><li class='ez-toc-page-1 ez-toc-heading-level-3'><a class=\"ez-toc-link ez-toc-heading-4\" href=\"https:\/\/mueblesdetena.es\/ru_ru\/estilo-artesanal\/#3_Estanterias_modernas_con_piezas_de_madera_tallada\" >3. Estanter\u00edas modernas con piezas de madera tallada<\/a><\/li><li class='ez-toc-page-1 ez-toc-heading-level-3'><a class=\"ez-toc-link ez-toc-heading-5\" href=\"https:\/\/mueblesdetena.es\/ru_ru\/estilo-artesanal\/#4_Iluminacion_contemporanea_con_lamparas_de_fibras_naturales\" >4. Iluminaci\u00f3n contempor\u00e1nea con l\u00e1mparas de fibras naturales<\/a><\/li><li class='ez-toc-page-1 ez-toc-heading-level-3'><a class=\"ez-toc-link ez-toc-heading-6\" href=\"https:\/\/mueblesdetena.es\/ru_ru\/estilo-artesanal\/#5_Comedores_con_mesas_modernas_y_sillas_de_tejido_artesanal\" >5. Comedores con mesas modernas y sillas de tejido artesanal<\/a><\/li><li class='ez-toc-page-1 ez-toc-heading-level-3'><a class=\"ez-toc-link ez-toc-heading-7\" href=\"https:\/\/mueblesdetena.es\/ru_ru\/estilo-artesanal\/#6_Muebles_de_bano_minimalistas_con_accesorios_de_barro_o_piedra\" >6. Muebles de ba\u00f1o minimalistas con accesorios de barro o piedra<\/a><\/li><li class='ez-toc-page-1 ez-toc-heading-level-3'><a class=\"ez-toc-link ez-toc-heading-8\" href=\"https:\/\/mueblesdetena.es\/ru_ru\/estilo-artesanal\/#7_Dormitorios_contemporaneos_con_cabeceras_de_madera_artesanal\" >7. Dormitorios contempor\u00e1neos con cabeceras de madera artesanal<\/a><\/li><li class='ez-toc-page-1 ez-toc-heading-level-3'><a class=\"ez-toc-link ez-toc-heading-9\" href=\"https:\/\/mueblesdetena.es\/ru_ru\/estilo-artesanal\/#8_Paredes_lisas_con_arte_hecho_a_mano_en_materiales_naturales\" >8. Paredes lisas con arte hecho a mano en materiales naturales<\/a><\/li><li class='ez-toc-page-1 ez-toc-heading-level-3'><a class=\"ez-toc-link ez-toc-heading-10\" href=\"https:\/\/mueblesdetena.es\/ru_ru\/estilo-artesanal\/#9_Cocinas_modernas_con_vajilla_y_utensilios_artesanales\" >9. Cocinas modernas con vajilla y utensilios artesanales<\/a><\/li><li class='ez-toc-page-1 ez-toc-heading-level-3'><a class=\"ez-toc-link ez-toc-heading-11\" href=\"https:\/\/mueblesdetena.es\/ru_ru\/estilo-artesanal\/#10_Espacios_exteriores_con_muebles_contemporaneos_y_decoracion_artesanal\" >10. Espacios exteriores con muebles contempor\u00e1neos y decoraci\u00f3n artesanal<\/a><\/li><\/ul><\/li><\/ul><\/nav><\/div>\n<h2 class=\"wp-block-heading\"><span class=\"ez-toc-section\" id=\"Las_10_ideas_para_implementar_el_estilo_artesanal_en_tus_muebles_y_decoracion\"><\/span>Las 10 ideas para implementar el estilo artesanal en tus muebles y decoraci\u00f3n<span class=\"ez-toc-section-end\"><\/span><\/h2>\n\n\n\n<div style=\"height:25px\" aria-hidden=\"true\" class=\"wp-block-spacer\"><\/div>\n\n\n\n<h3 class=\"wp-block-heading\"><span class=\"ez-toc-section\" id=\"1_Sofas_de_lineas_rectas_con_cojines_y_mantas_tejidas_a_mano\"><\/span>1. Sof\u00e1s de l\u00edneas rectas con cojines y mantas tejidas a mano<span class=\"ez-toc-section-end\"><\/span><\/h3>\n\n\n\n<ol class=\"wp-block-list\">\n<li><\/li>\n<\/ol>\n\n\n\n<p class=\"has-medium-font-size wp-block-paragraph\">Los <a href=\"https:\/\/mueblesdetena.es\/ru_ru\/sofas\/\">sof\u00e1s<\/a> de l\u00edneas rectas, emblema del dise\u00f1o moderno, encuentran el equilibrio perfecto cuando se combinan con textiles artesanales. Cojines bordados a mano y mantas de punto grueso suavizan la rigidez geom\u00e9trica del mobiliario, creando un ambiente acogedor y elegante. Este contraste realza la belleza de los muebles, aportando textura y un toque de calidez al espacio.<\/p>\n\n\n\n<p class=\"has-medium-font-size wp-block-paragraph\">Para conseguir este efecto, los materiales naturales son clave. El <strong>algod\u00f3n y el lino<\/strong> destacan por su frescura y ligereza, ideales para un look sofisticado y liviano. La <strong>lana<\/strong>, en cambio, aporta volumen y abrigo, perfecta para estaciones fr\u00edas. Estas fibras, trabajadas con t\u00e9cnicas tradicionales, elevan el estilo artesanal sin renunciar a la est\u00e9tica depurada del mobiliario moderno.<\/p>\n\n\n\n<p class=\"has-medium-font-size wp-block-paragraph\">Los <strong>tonos neutros (beige, gris o blanco roto)<\/strong> mantienen la armon\u00eda visual, mientras que los patrones geom\u00e9tricos o \u00e9tnicos a\u00f1aden personalidad sin sobrecargar el conjunto. Incorporar <strong>colores tierra o matices suaves como el azul celeste o el verde oliva<\/strong> refuerza la conexi\u00f3n entre los muebles y la naturaleza, logrando un equilibrio visual sofisticado.<\/p>\n\n\n\n<div style=\"height:25px\" aria-hidden=\"true\" class=\"wp-block-spacer\"><\/div>\n\n\n\n<h3 class=\"wp-block-heading\"><span class=\"ez-toc-section\" id=\"2_Mesas_de_centro_minimalistas_con_detalles_en_ceramica_artesanal\"><\/span>2. Mesas de centro minimalistas con detalles en cer\u00e1mica artesanal<span class=\"ez-toc-section-end\"><\/span><\/h3>\n\n\n\n<p class=\"has-medium-font-size wp-block-paragraph\">Las <a href=\"https:\/\/mueblesdetena.es\/ru_ru\/mesa-redonda-arte600%c2%a8\/\">mesas de centro de l\u00edneas puras y dise\u00f1o minimalista<\/a> encuentran en la cer\u00e1mica artesanal el contrapunto perfecto para a\u00f1adir calidez y autenticidad al espacio. <strong>Jarrones con formas org\u00e1nicas, cuencos esmaltados a mano y peque\u00f1as esculturas en barro<\/strong> se convierten en piezas clave para equilibrar la sobriedad de estos muebles, creando composiciones llenas de personalidad y encanto.<\/p>\n\n\n\n<p class=\"has-medium-font-size wp-block-paragraph\">Cada estilo decorativo dialoga con un tipo de cer\u00e1mica espec\u00edfico. En los <strong>espacios de inspiraci\u00f3n r\u00fastica<\/strong>, los acabados irregulares y los tonos terrosos aportan car\u00e1cter y naturalidad. Para un <strong>aire mediterr\u00e1neo<\/strong>, las cer\u00e1micas vidriadas en azul y blanco evocan frescura y tradici\u00f3n. En un <strong>entorno escandinavo<\/strong>, las piezas en tonos neutros y formas depuradas refuerzan la armon\u00eda y la simplicidad sin perder el toque artesanal.<\/p>\n\n\n\n<p class=\"has-medium-font-size wp-block-paragraph\">El secreto para lograr un look equilibrado est\u00e1 en la combinaci\u00f3n de texturas y colores. <strong>Si la mesa es de madera clara o m\u00e1rmol<\/strong>, las cer\u00e1micas en tonos c\u00e1lidos generan contraste y aportan profundidad. En cambio, <strong>si el mobiliario es oscuro o lacado<\/strong>, optar por piezas en blancos y grises ayuda a suavizar la composici\u00f3n. Jugar con diferentes alturas y vol\u00famenes en la disposici\u00f3n de los objetos a\u00f1ade dinamismo sin restar elegancia, manteniendo la esencia del estilo artesanal.<\/p>\n\n\n\n<div style=\"height:50px\" aria-hidden=\"true\" class=\"wp-block-spacer\"><\/div>\n\n\n\n<figure class=\"wp-block-image alignfull size-full\"><img fetchpriority=\"high\" decoding=\"async\" width=\"2368\" height=\"1318\" src=\"https:\/\/mueblesdetena.es\/wp-content\/uploads\/2025\/02\/estilo-artesano-2.jpg\" alt=\"estilo artesanal\" class=\"wp-image-35132\" srcset=\"https:\/\/mueblesdetena.es\/wp-content\/uploads\/2025\/02\/estilo-artesano-2.jpg 2368w, https:\/\/mueblesdetena.es\/wp-content\/uploads\/2025\/02\/estilo-artesano-2-300x167.jpg 300w, https:\/\/mueblesdetena.es\/wp-content\/uploads\/2025\/02\/estilo-artesano-2-1024x570.jpg 1024w, https:\/\/mueblesdetena.es\/wp-content\/uploads\/2025\/02\/estilo-artesano-2-768x427.jpg 768w, https:\/\/mueblesdetena.es\/wp-content\/uploads\/2025\/02\/estilo-artesano-2-1536x855.jpg 1536w, https:\/\/mueblesdetena.es\/wp-content\/uploads\/2025\/02\/estilo-artesano-2-2048x1140.jpg 2048w, https:\/\/mueblesdetena.es\/wp-content\/uploads\/2025\/02\/estilo-artesano-2-600x334.jpg 600w\" sizes=\"(max-width: 2368px) 100vw, 2368px\" \/><\/figure>\n\n\n\n<div style=\"height:50px\" aria-hidden=\"true\" class=\"wp-block-spacer\"><\/div>\n\n\n\n<h3 class=\"wp-block-heading\"><span class=\"ez-toc-section\" id=\"3_Estanterias_modernas_con_piezas_de_madera_tallada\"><\/span>3. Estanter\u00edas modernas con piezas de madera tallada<span class=\"ez-toc-section-end\"><\/span><\/h3>\n\n\n\n<p class=\"has-medium-font-size wp-block-paragraph\">Las <a href=\"https:\/\/mueblesdetena.es\/ru_ru\/dormitorios-matrimonio\/\">estanter\u00edas modernas<\/a>, con sus l\u00edneas depuradas y su funcionalidad impecable, encuentran en la madera tallada el contrapunto perfecto para a\u00f1adir calidez y autenticidad al espacio. <strong>Marcos con relieves detallados, esculturas de inspiraci\u00f3n natural o cajas de madera envejecida aportan textura y personalidad sin desentonar con la est\u00e9tica ordenada de los muebles actuales<\/strong>. Optar por piezas hechas a mano refuerza el valor del estilo artesanal, conectando la decoraci\u00f3n con la tradici\u00f3n y el trabajo manual.<\/p>\n\n\n\n<p class=\"has-medium-font-size wp-block-paragraph\"><strong>El secreto para integrar estos elementos sin sobrecargar el ambiente es jugar con la simetr\u00eda y la disposici\u00f3n equilibrada<\/strong>. En estanter\u00edas abiertas, alternar libros apilados con piezas talladas genera dinamismo sin perder la armon\u00eda visual. <strong>Es recomendable optar por maderas de tonos neutros o con vetas sutiles para que la textura destaque sin romper la cohesi\u00f3n con los muebles minimalistas<\/strong>. El resultado es un espacio elegante, natural y con una historia que contar.<\/p>\n\n\n\n<p class=\"has-medium-font-size wp-block-paragraph\">Tanto <strong>el estilo boho como el n\u00f3rdico<\/strong> encuentran en la madera tallada un aliado para potenciar su esencia. En un <strong>entorno bohemio<\/strong>, se pueden mezclar piezas con motivos \u00e9tnicos o florales en maderas c\u00e1lidas, mientras que <strong>en un espacio escandinavo<\/strong> las tallas m\u00e1s sutiles y geom\u00e9tricas en roble o fresno encajan a la perfecci\u00f3n. Esta fusi\u00f3n entre lo moderno y lo artesanal permite crear interiores sofisticados con un toque genuino y atemporal.<\/p>\n\n\n\n<div style=\"height:28px\" aria-hidden=\"true\" class=\"wp-block-spacer\"><\/div>\n\n\n\n<h3 class=\"wp-block-heading\"><span class=\"ez-toc-section\" id=\"4_Iluminacion_contemporanea_con_lamparas_de_fibras_naturales\"><\/span>4. Iluminaci\u00f3n contempor\u00e1nea con l\u00e1mparas de fibras naturales<span class=\"ez-toc-section-end\"><\/span><\/h3>\n\n\n\n<p class=\"has-medium-font-size wp-block-paragraph\">La iluminaci\u00f3n juega un papel clave en la creaci\u00f3n de ambientes equilibrados, y las l\u00e1mparas de fibras naturales son perfectas para suavizar la est\u00e9tica moderna sin perder sofisticaci\u00f3n. <strong>Materiales como el rat\u00e1n, el mimbre o el bamb\u00fa aportan textura y calidez, creando un di\u00e1logo arm\u00f3nico entre lo contempor\u00e1neo y lo artesanal<\/strong>. Este tipo de luminarias introduce un toque org\u00e1nico sin desentonar con la limpieza visual de los muebles de l\u00edneas rectas, convirti\u00e9ndose en piezas decorativas que suman car\u00e1cter y autenticidad a cualquier estancia.<\/p>\n\n\n\n<p class=\"has-medium-font-size wp-block-paragraph\">Las opciones son amplias y vers\u00e1tiles: las <strong>l\u00e1mparas colgantes de gran tama\u00f1o<\/strong> se han convertido en protagonistas de salones y comedores, mientras que los <strong>modelos de pie con estructura ligera<\/strong> resultan ideales para rincones de lectura. En mesas auxiliares o aparadores, <strong>las versiones m\u00e1s peque\u00f1as con bases cer\u00e1micas o de madera<\/strong> refuerzan el estilo artesanal y crean focos de inter\u00e9s visual. Estas piezas, adem\u00e1s de iluminar, aportan equilibrio y naturalidad.<\/p>\n\n\n\n<p class=\"has-medium-font-size wp-block-paragraph\">El tipo de luz que se elija marcar\u00e1 la atm\u00f3sfera del espacio. Para resaltar la belleza de las fibras naturales y potenciar la calidez del entorno, lo ideal es optar por <strong>bombillas de luz c\u00e1lida en tonos amarillos o \u00e1mbar<\/strong>. Este efecto acogedor resulta perfecto para complementar muebles modernos en madera clara o lacados en blanco, logrando un espacio que fluye con armon\u00eda y confort visual.<\/p>\n\n\n\n<div style=\"height:50px\" aria-hidden=\"true\" class=\"wp-block-spacer\"><\/div>\n\n\n\n<figure class=\"wp-block-image alignfull size-full\"><img decoding=\"async\" width=\"2368\" height=\"1318\" src=\"https:\/\/mueblesdetena.es\/wp-content\/uploads\/2025\/02\/estilo-artesano-3.jpg\" alt=\"estilo artesanal\" class=\"wp-image-35134\" srcset=\"https:\/\/mueblesdetena.es\/wp-content\/uploads\/2025\/02\/estilo-artesano-3.jpg 2368w, https:\/\/mueblesdetena.es\/wp-content\/uploads\/2025\/02\/estilo-artesano-3-300x167.jpg 300w, https:\/\/mueblesdetena.es\/wp-content\/uploads\/2025\/02\/estilo-artesano-3-1024x570.jpg 1024w, https:\/\/mueblesdetena.es\/wp-content\/uploads\/2025\/02\/estilo-artesano-3-768x427.jpg 768w, https:\/\/mueblesdetena.es\/wp-content\/uploads\/2025\/02\/estilo-artesano-3-1536x855.jpg 1536w, https:\/\/mueblesdetena.es\/wp-content\/uploads\/2025\/02\/estilo-artesano-3-2048x1140.jpg 2048w, https:\/\/mueblesdetena.es\/wp-content\/uploads\/2025\/02\/estilo-artesano-3-600x334.jpg 600w\" sizes=\"(max-width: 2368px) 100vw, 2368px\" \/><\/figure>\n\n\n\n<div style=\"height:50px\" aria-hidden=\"true\" class=\"wp-block-spacer\"><\/div>\n\n\n\n<h3 class=\"wp-block-heading\"><span class=\"ez-toc-section\" id=\"5_Comedores_con_mesas_modernas_y_sillas_de_tejido_artesanal\"><\/span>5. Comedores con mesas modernas y sillas de tejido artesanal<span class=\"ez-toc-section-end\"><\/span><\/h3>\n\n\n\n<p class=\"has-medium-font-size wp-block-paragraph\">Las mesas de comedor de l\u00edneas depuradas encuentran en las sillas de tejido artesanal el complemento perfecto para un equilibrio visual c\u00e1lido y sofisticado. <strong>Modelos con asientos de mimbre trenzado o cuerda natural aportan textura y ligereza, suavizando la rigidez de los muebles modernos<\/strong> sin renunciar a la elegancia. En tonos neutros como beige o blanco roto, estas piezas realzan la pureza de la madera y armonizan con espacios de inspiraci\u00f3n mediterr\u00e1nea o contempor\u00e1nea.<\/p>\n\n\n\n<p class=\"has-medium-font-size wp-block-paragraph\">Para lograr una fusi\u00f3n equilibrada entre lo moderno y lo artesanal, es clave elegir materiales que conversen entre s\u00ed. <strong>Las <a href=\"https:\/\/mueblesdetena.es\/ru_ru\/mesas\/\">mesas<\/a> de madera clara o con acabados mate contrastan con la riqueza t\u00e1ctil de las fibras naturales, mientras que estructuras met\u00e1licas o lacadas en negro crean un interesante juego de opuestos<\/strong>. Unas sillas con tejido en yute o cuerda n\u00e1utica resaltan la belleza atemporal de los muebles sin perder funcionalidad ni confort.<\/p>\n\n\n\n<p class=\"has-medium-font-size wp-block-paragraph\"><strong>Desde los comedores minimalistas con sillas de rat\u00e1n curvado hasta los ambientes r\u00fastico-chic con asientos de enea<\/strong>, este estilo artesanal se adapta a m\u00faltiples est\u00e9ticas. En <strong>espacios de aire n\u00f3rdico<\/strong>, las <a href=\"https:\/\/mueblesdetena.es\/ru_ru\/sillas-comedor\/\">sillas<\/a> tejidas en cuero o fibra natural aportan calidez sin sobrecargar. Para <strong>una versi\u00f3n m\u00e1s bohemia<\/strong>, el contraste entre maderas envejecidas y trenzados artesanales evoca una atm\u00f3sfera relajada y acogedora, ideal para disfrutar largas sobremesas.<\/p>\n\n\n\n<div style=\"height:25px\" aria-hidden=\"true\" class=\"wp-block-spacer\"><\/div>\n\n\n\n<h3 class=\"wp-block-heading\"><span class=\"ez-toc-section\" id=\"6_Muebles_de_bano_minimalistas_con_accesorios_de_barro_o_piedra\"><\/span>6. Muebles de ba\u00f1o minimalistas con accesorios de barro o piedra<span class=\"ez-toc-section-end\"><\/span><\/h3>\n\n\n\n<p class=\"has-medium-font-size wp-block-paragraph\">En los ba\u00f1os de l\u00edneas depuradas, los peque\u00f1os detalles marcan la diferencia. <strong>Incorporar accesorios de barro o piedra, como jaboneras artesanales, porta cepillos de cer\u00e1mica o jarrones r\u00fasticos<\/strong>, a\u00f1ade calidez y personalidad. Estas piezas, con sus texturas irregulares y tonos terrosos, contrastan sutilmente con la est\u00e9tica limpia de los muebles modernos, creando un equilibrio armonioso.<\/p>\n\n\n\n<p class=\"has-medium-font-size wp-block-paragraph\">Los materiales r\u00fasticos evocan la serenidad de los espacios naturales y transforman el ba\u00f1o en un refugio acogedor. Una <strong>vasija de piedra<\/strong> puede convertirse en un elegante punto focal sobre un lavabo de dise\u00f1o, mientras que un <strong>set de dispensadores de cer\u00e1mica esmaltada<\/strong> aporta sofisticaci\u00f3n sin perder el car\u00e1cter artesanal. La clave est\u00e1 en combinar estos elementos con una base neutra y materiales como la madera clara o el microcemento.<\/p>\n\n\n\n<p class=\"has-medium-font-size wp-block-paragraph\">Para potenciar el efecto, la <strong>grifer\u00eda moderna en acabados mate, negro o acero cepillado<\/strong> se convierte en el complemento perfecto. El contraste entre l\u00edneas geom\u00e9tricas y accesorios hechos a mano realza la belleza del conjunto, logrando un estilo artesanal sin renunciar a la elegancia contempor\u00e1nea. Detalles como <strong>espejos con marco de piedra o l\u00e1mparas de barro cocido<\/strong> refuerzan la cohesi\u00f3n del espacio, aportando un aire sofisticado y atemporal.<\/p>\n\n\n\n<div style=\"height:50px\" aria-hidden=\"true\" class=\"wp-block-spacer\"><\/div>\n\n\n\n<figure class=\"wp-block-image alignfull size-full\"><img decoding=\"async\" width=\"2368\" height=\"1318\" src=\"https:\/\/mueblesdetena.es\/wp-content\/uploads\/2025\/02\/estilo-artesano-4.jpg\" alt=\"estilo artesanal\" class=\"wp-image-35137\" srcset=\"https:\/\/mueblesdetena.es\/wp-content\/uploads\/2025\/02\/estilo-artesano-4.jpg 2368w, https:\/\/mueblesdetena.es\/wp-content\/uploads\/2025\/02\/estilo-artesano-4-300x167.jpg 300w, https:\/\/mueblesdetena.es\/wp-content\/uploads\/2025\/02\/estilo-artesano-4-1024x570.jpg 1024w, https:\/\/mueblesdetena.es\/wp-content\/uploads\/2025\/02\/estilo-artesano-4-768x427.jpg 768w, https:\/\/mueblesdetena.es\/wp-content\/uploads\/2025\/02\/estilo-artesano-4-1536x855.jpg 1536w, https:\/\/mueblesdetena.es\/wp-content\/uploads\/2025\/02\/estilo-artesano-4-2048x1140.jpg 2048w, https:\/\/mueblesdetena.es\/wp-content\/uploads\/2025\/02\/estilo-artesano-4-600x334.jpg 600w\" sizes=\"(max-width: 2368px) 100vw, 2368px\" \/><\/figure>\n\n\n\n<div style=\"height:50px\" aria-hidden=\"true\" class=\"wp-block-spacer\"><\/div>\n\n\n\n<h3 class=\"wp-block-heading\"><span class=\"ez-toc-section\" id=\"7_Dormitorios_contemporaneos_con_cabeceras_de_madera_artesanal\"><\/span>7. Dormitorios contempor\u00e1neos con cabeceras de madera artesanal<span class=\"ez-toc-section-end\"><\/span><\/h3>\n\n\n\n<p class=\"has-medium-font-size wp-block-paragraph\">Las cabeceras de madera artesanal se han convertido en el centro de atenci\u00f3n de los dormitorios contempor\u00e1neos, aportando calidez y car\u00e1cter sin renunciar a la elegancia. <strong>Talladas a mano con intrincados motivos o ensambladas con piezas de distintas tonalidades<\/strong>, evocan el saber hacer de los artesanos y se integran con facilidad en espacios modernos. Su presencia otorga un <strong>sutil contraste entre la pureza de las l\u00edneas rectas y la riqueza visual de las texturas naturales<\/strong>, elevando la sofisticaci\u00f3n del ambiente sin sobrecargarlo.<\/p>\n\n\n\n<p class=\"has-medium-font-size wp-block-paragraph\">Para potenciar el equilibrio entre lo moderno y lo artesanal, la <strong>ropa de cama en tonos neutros es la mejor aliada<\/strong>. Blancos rotos, arenas o grises suaves aportan ligereza visual, permitiendo que la cabecera cobre protagonismo sin restar armon\u00eda al conjunto. <strong>Combinarla con muebles de dise\u00f1o depurado, en maderas claras o lacados en tonos mate<\/strong>, refuerza la est\u00e9tica contempor\u00e1nea sin perder la esencia acogedora del estilo artesanal.<\/p>\n\n\n\n<p class=\"has-medium-font-size wp-block-paragraph\">Si se busca una alternativa ligera y vers\u00e1til, <strong>las cabeceras de mimbre o rat\u00e1n son una excelente opci\u00f3n<\/strong>. Sus fibras entrelazadas aportan textura sin recargar el espacio, funcionando a la perfecci\u00f3n con textiles de lino o algod\u00f3n lavado. Este tipo de muebles <strong>encaja especialmente bien en dormitorios con una inspiraci\u00f3n mediterr\u00e1nea o n\u00f3rdica<\/strong>, donde la combinaci\u00f3n de materiales naturales y l\u00edneas sencillas crea una atm\u00f3sfera fresca y relajada.<\/p>\n\n\n\n<div style=\"height:25px\" aria-hidden=\"true\" class=\"wp-block-spacer\"><\/div>\n\n\n\n<h3 class=\"wp-block-heading\"><span class=\"ez-toc-section\" id=\"8_Paredes_lisas_con_arte_hecho_a_mano_en_materiales_naturales\"><\/span>8. Paredes lisas con arte hecho a mano en materiales naturales<span class=\"ez-toc-section-end\"><\/span><\/h3>\n\n\n\n<p class=\"has-medium-font-size wp-block-paragraph\">Las paredes lisas se transforman en lienzos perfectos para incorporar piezas de arte hecho a mano en materiales naturales. Los <strong>tapices de fibras como el algod\u00f3n o la lana<\/strong> aportan calidez y textura, mientras que el <strong>macram\u00e9<\/strong> se convierte en un elemento visual elegante y ligero. Para quienes buscan un aire m\u00e1s sofisticado, las <strong>pinturas sobre madera o cer\u00e1mica<\/strong> introducen un toque artesanal sin renunciar a la modernidad de los muebles de l\u00edneas rectas.<\/p>\n\n\n\n<p class=\"has-medium-font-size wp-block-paragraph\"><strong>Elegir el tama\u00f1o y la disposici\u00f3n adecuada es clave para lograr un equilibrio visual<\/strong>. En espacios amplios, un <strong>tapiz de gran formato<\/strong> puede convertirse en el punto focal de la estancia, mientras que en rincones m\u00e1s reducidos, <strong>una composici\u00f3n de piezas m\u00e1s peque\u00f1as aporta dinamismo sin recargar<\/strong>. Lo ideal es mantener una distancia proporcionada entre los elementos decorativos y los muebles, asegurando una integraci\u00f3n armoniosa con el estilo artesanal del ambiente.<\/p>\n\n\n\n<p class=\"has-medium-font-size wp-block-paragraph\">Para quienes buscan un contraste m\u00e1s contempor\u00e1neo, <strong>combinar arte artesanal con cuadros minimalistas es una opci\u00f3n sofisticada<\/strong>. La clave est\u00e1 en jugar con materiales y texturas: un <strong>lienzo monocrom\u00e1tico<\/strong> junto a una pieza de cer\u00e1mica esmaltada o un <strong>marco de madera r\u00fastica<\/strong> con una impresi\u00f3n abstracta. Esta fusi\u00f3n permite resaltar la esencia del estilo artesanal sin perder la elegancia y la pureza de los espacios modernos.<\/p>\n\n\n\n<div style=\"height:53px\" aria-hidden=\"true\" class=\"wp-block-spacer\"><\/div>\n\n\n\n<figure class=\"wp-block-image alignfull size-full\"><img loading=\"lazy\" decoding=\"async\" width=\"2368\" height=\"1318\" src=\"https:\/\/mueblesdetena.es\/wp-content\/uploads\/2025\/02\/estilo-artesano-5.jpg\" alt=\"\" class=\"wp-image-35138\" srcset=\"https:\/\/mueblesdetena.es\/wp-content\/uploads\/2025\/02\/estilo-artesano-5.jpg 2368w, https:\/\/mueblesdetena.es\/wp-content\/uploads\/2025\/02\/estilo-artesano-5-300x167.jpg 300w, https:\/\/mueblesdetena.es\/wp-content\/uploads\/2025\/02\/estilo-artesano-5-1024x570.jpg 1024w, https:\/\/mueblesdetena.es\/wp-content\/uploads\/2025\/02\/estilo-artesano-5-768x427.jpg 768w, https:\/\/mueblesdetena.es\/wp-content\/uploads\/2025\/02\/estilo-artesano-5-1536x855.jpg 1536w, https:\/\/mueblesdetena.es\/wp-content\/uploads\/2025\/02\/estilo-artesano-5-2048x1140.jpg 2048w, https:\/\/mueblesdetena.es\/wp-content\/uploads\/2025\/02\/estilo-artesano-5-600x334.jpg 600w\" sizes=\"(max-width: 2368px) 100vw, 2368px\" \/><\/figure>\n\n\n\n<div style=\"height:50px\" aria-hidden=\"true\" class=\"wp-block-spacer\"><\/div>\n\n\n\n<h3 class=\"wp-block-heading\"><span class=\"ez-toc-section\" id=\"9_Cocinas_modernas_con_vajilla_y_utensilios_artesanales\"><\/span>9. Cocinas modernas con vajilla y utensilios artesanales<span class=\"ez-toc-section-end\"><\/span><\/h3>\n\n\n\n<p class=\"has-medium-font-size wp-block-paragraph\">Las cocinas modernas encuentran en la vajilla y los utensilios artesanales el complemento perfecto para suavizar su est\u00e9tica depurada. <strong>Platos de cer\u00e1mica esmaltada con acabados irregulares, jarras de barro con textura natural y tablas de madera tallada a mano<\/strong> aportan autenticidad y calidez. Estos elementos no solo enriquecen visualmente el espacio, sino que tambi\u00e9n conectan con la tradici\u00f3n, generando un <strong>contraste armonioso con los muebles contempor\u00e1neos de l\u00edneas rectas<\/strong>.<\/p>\n\n\n\n<p class=\"has-medium-font-size wp-block-paragraph\">El equilibrio entre lo artesanal y lo moderno se logra <strong>combinando encimeras de piedra, m\u00e1rmol o cuarzo con piezas hechas a mano<\/strong> que a\u00f1aden un sutil toque r\u00fastico. <strong>Electrodom\u00e9sticos de acero inoxidable pueden complementarse con utensilios de madera o cer\u00e1mica en tonos neutros<\/strong>, creando una fusi\u00f3n entre tecnolog\u00eda y tradici\u00f3n. La clave est\u00e1 en seleccionar piezas con acabados refinados para que la combinaci\u00f3n se sienta intencional y sofisticada, sin romper la est\u00e9tica minimalista del espacio.<\/p>\n\n\n\n<p class=\"has-medium-font-size wp-block-paragraph\">Las tendencias en vajilla artesanal apuestan por materiales sostenibles y t\u00e9cnicas tradicionales reinterpretadas en clave contempor\u00e1nea. La <strong>cer\u00e1mica con esmaltes naturales, los cuencos torneados a mano y las piezas en gres con relieves sutiles<\/strong> dominan la escena, ofreciendo opciones que encajan perfectamente en cocinas de cualquier estilo. Incorporar estos detalles en la decoraci\u00f3n eleva el car\u00e1cter del ambiente y resalta la belleza del estilo artesanal en armon\u00eda con los muebles modernos.<\/p>\n\n\n\n<div style=\"height:25px\" aria-hidden=\"true\" class=\"wp-block-spacer\"><\/div>\n\n\n\n<h3 class=\"wp-block-heading\"><span class=\"ez-toc-section\" id=\"10_Espacios_exteriores_con_muebles_contemporaneos_y_decoracion_artesanal\"><\/span>10. Espacios exteriores con muebles contempor\u00e1neos y decoraci\u00f3n artesanal<span class=\"ez-toc-section-end\"><\/span><\/h3>\n\n\n\n<p class=\"has-medium-font-size wp-block-paragraph\">Para lograr un equilibrio perfecto, <strong>apuesta por sillas de dise\u00f1o moderno en materiales como aluminio o madera, y acomp\u00e1\u00f1alas con alfombras de yute o sisal<\/strong>. Estas fibras naturales, adem\u00e1s de ser sostenibles, a\u00f1aden una textura acogedora que contrasta elegantemente con las l\u00edneas rectas y depuradas del mobiliario actual, creando un ambiente arm\u00f3nico y sofisticado.<\/p>\n\n\n\n<p class=\"has-medium-font-size wp-block-paragraph\">Las <strong>macetas artesanales<\/strong> son otro recurso clave para imprimir car\u00e1cter en patios y terrazas. Los <strong>modelos en barro o cer\u00e1mica<\/strong> hechos a mano destacan por sus formas irregulares y acabados \u00fanicos, aportando autenticidad a cualquier espacio exterior. Para una composici\u00f3n equilibrada, <strong>col\u00f3calas junto a muebles de aluminio o madera de tonos neutros y combina diferentes tama\u00f1os y alturas<\/strong>. As\u00ed, el estilo artesanal se integra de manera fluida con una est\u00e9tica contempor\u00e1nea, sin perder su esencia natural.<\/p>\n\n\n\n<p class=\"has-medium-font-size wp-block-paragraph\">La iluminaci\u00f3n juega un papel fundamental en la ambientaci\u00f3n de exteriores y permite acentuar la fusi\u00f3n entre lo moderno y lo artesanal. <strong><a href=\"https:\/\/www.lamparayluz.es\/iluminacion-exterior\/lamparas-de-pie-exterior\" target=\"_blank\" rel=\"noopener\">L\u00e1mparas<\/a> de techo de fibras trenzadas, apliques de cer\u00e1mica y faroles de hierro forjado<\/strong> generan un juego de luces c\u00e1lido y envolvente. Complementa con velas o guirnaldas de luz tenue para potenciar una atm\u00f3sfera \u00edntima y acogedora, donde la artesan\u00eda y el dise\u00f1o actual conviven en perfecta armon\u00eda.<\/p>\n\n\n\n<div style=\"height:48px\" aria-hidden=\"true\" class=\"wp-block-spacer\"><\/div>\n\n\n\n<figure class=\"wp-block-image alignfull size-full\"><img loading=\"lazy\" decoding=\"async\" width=\"2368\" height=\"1318\" src=\"https:\/\/mueblesdetena.es\/wp-content\/uploads\/2025\/02\/estilo-artesano-6.jpg\" alt=\"\" class=\"wp-image-35141\" srcset=\"https:\/\/mueblesdetena.es\/wp-content\/uploads\/2025\/02\/estilo-artesano-6.jpg 2368w, https:\/\/mueblesdetena.es\/wp-content\/uploads\/2025\/02\/estilo-artesano-6-300x167.jpg 300w, https:\/\/mueblesdetena.es\/wp-content\/uploads\/2025\/02\/estilo-artesano-6-1024x570.jpg 1024w, https:\/\/mueblesdetena.es\/wp-content\/uploads\/2025\/02\/estilo-artesano-6-768x427.jpg 768w, https:\/\/mueblesdetena.es\/wp-content\/uploads\/2025\/02\/estilo-artesano-6-1536x855.jpg 1536w, https:\/\/mueblesdetena.es\/wp-content\/uploads\/2025\/02\/estilo-artesano-6-2048x1140.jpg 2048w, https:\/\/mueblesdetena.es\/wp-content\/uploads\/2025\/02\/estilo-artesano-6-600x334.jpg 600w\" sizes=\"(max-width: 2368px) 100vw, 2368px\" \/><\/figure>\n\n\n\n<div style=\"height:50px\" aria-hidden=\"true\" class=\"wp-block-spacer\"><\/div>\n\n\n\n<p class=\"has-medium-font-size wp-block-paragraph\">La armoniosa combinaci\u00f3n de muebles contempor\u00e1neos con detalles artesanales no solo aporta equilibrio visual, sino que tambi\u00e9n enriquece los espacios con una est\u00e9tica \u00fanica y c\u00e1lida. El <strong>estilo artesanal<\/strong> introduce texturas naturales y materiales nobles que suavizan la rigidez de las l\u00edneas modernas, creando ambientes acogedores y sofisticados sin perder funcionalidad ni elegancia. Esta fusi\u00f3n entre lo ordenado y lo hecho a mano es clave para lograr interiores con car\u00e1cter y personalidad.<\/p>\n\n\n\n<p class=\"has-medium-font-size wp-block-paragraph\">Incorporar este estilo en el hogar es un ejercicio de creatividad que permite jugar con contrastes y experimentar con piezas \u00fanicas. Desde una mesa minimalista realzada con cer\u00e1mica artesanal hasta sof\u00e1s de dise\u00f1o complementados con tejidos naturales, cada elecci\u00f3n a\u00f1ade un sello distintivo al espacio. Apostar por muebles de calidad con detalles artesanales no solo embellece el hogar, sino que tambi\u00e9n fomenta la artesan\u00eda local y el valor de lo aut\u00e9ntico.<\/p>\n\n\n\n<p class=\"has-medium-font-size wp-block-paragraph\">M\u00e1s all\u00e1 de la est\u00e9tica, este enfoque decorativo invita a reconectar con la esencia de los materiales y el arte de lo hecho a mano. Cada objeto artesanal cuenta una historia y aporta un aire genuino que trasciende las tendencias pasajeras. Integrar el <strong>estilo artesanal<\/strong> en la decoraci\u00f3n es, en definitiva, una forma de dar alma a los interiores, creando espacios llenos de belleza y significado.<\/p>","protected":false},"excerpt":{"rendered":"<p>El estilo artesanal moderno es una fusi\u00f3n equilibrada entre la est\u00e9tica minimalista y la calidez de lo hecho a mano. Se trata de unir muebles de l\u00edneas depuradas con piezas \u00fanicas que resaltan la belleza de lo natural. Esta tendencia busca transmitir personalidad a los espacios sin renunciar a la sofisticaci\u00f3n. En los \u00faltimos a\u00f1os, [&hellip;]<\/p>\n","protected":false},"author":618,"featured_media":35124,"comment_status":"open","ping_status":"open","sticky":false,"template":"","format":"standard","meta":{"site-sidebar-layout":"default","site-content-layout":"","ast-site-content-layout":"default","site-content-style":"default","site-sidebar-style":"default","ast-global-header-display":"","ast-banner-title-visibility":"","ast-main-header-display":"","ast-hfb-above-header-display":"","ast-hfb-below-header-display":"","ast-hfb-mobile-header-display":"","site-post-title":"","ast-breadcrumbs-content":"","ast-featured-img":"","footer-sml-layout":"","ast-disable-related-posts":"","theme-transparent-header-meta":"","adv-header-id-meta":"","stick-header-meta":"","header-above-stick-meta":"","header-main-stick-meta":"","header-below-stick-meta":"","astra-migrate-meta-layouts":"set","ast-page-background-enabled":"default","ast-page-background-meta":{"desktop":{"background-color":"var(--ast-global-color-4)","background-image":"","background-repeat":"repeat","background-position":"center center","background-size":"auto","background-attachment":"scroll","background-type":"","background-media":"","overlay-type":"","overlay-color":"","overlay-opacity":"","overlay-gradient":""},"tablet":{"background-color":"","background-image":"","background-repeat":"repeat","background-position":"center center","background-size":"auto","background-attachment":"scroll","background-type":"","background-media":"","overlay-type":"","overlay-color":"","overlay-opacity":"","overlay-gradient":""},"mobile":{"background-color":"","background-image":"","background-repeat":"repeat","background-position":"center center","background-size":"auto","background-attachment":"scroll","background-type":"","background-media":"","overlay-type":"","overlay-color":"","overlay-opacity":"","overlay-gradient":""}},"ast-content-background-meta":{"desktop":{"background-color":"var(--ast-global-color-5)","background-image":"","background-repeat":"repeat","background-position":"center center","background-size":"auto","background-attachment":"scroll","background-type":"","background-media":"","overlay-type":"","overlay-color":"","overlay-opacity":"","overlay-gradient":""},"tablet":{"background-color":"var(--ast-global-color-5)","background-image":"","background-repeat":"repeat","background-position":"center center","background-size":"auto","background-attachment":"scroll","background-type":"","background-media":"","overlay-type":"","overlay-color":"","overlay-opacity":"","overlay-gradient":""},"mobile":{"background-color":"var(--ast-global-color-5)","background-image":"","background-repeat":"repeat","background-position":"center center","background-size":"auto","background-attachment":"scroll","background-type":"","background-media":"","overlay-type":"","overlay-color":"","overlay-opacity":"","overlay-gradient":""}},"_joinchat":[],"footnotes":""},"categories":[1],"tags":[],"class_list":["post-35112","post","type-post","status-publish","format-standard","has-post-thumbnail","hentry","category-sin-categoria"],"_links":{"self":[{"href":"https:\/\/mueblesdetena.es\/ru_ru\/wp-json\/wp\/v2\/posts\/35112","targetHints":{"allow":["GET"]}}],"collection":[{"href":"https:\/\/mueblesdetena.es\/ru_ru\/wp-json\/wp\/v2\/posts"}],"about":[{"href":"https:\/\/mueblesdetena.es\/ru_ru\/wp-json\/wp\/v2\/types\/post"}],"author":[{"embeddable":true,"href":"https:\/\/mueblesdetena.es\/ru_ru\/wp-json\/wp\/v2\/users\/618"}],"replies":[{"embeddable":true,"href":"https:\/\/mueblesdetena.es\/ru_ru\/wp-json\/wp\/v2\/comments?post=35112"}],"version-history":[{"count":7,"href":"https:\/\/mueblesdetena.es\/ru_ru\/wp-json\/wp\/v2\/posts\/35112\/revisions"}],"predecessor-version":[{"id":35407,"href":"https:\/\/mueblesdetena.es\/ru_ru\/wp-json\/wp\/v2\/posts\/35112\/revisions\/35407"}],"wp:featuredmedia":[{"embeddable":true,"href":"https:\/\/mueblesdetena.es\/ru_ru\/wp-json\/wp\/v2\/media\/35124"}],"wp:attachment":[{"href":"https:\/\/mueblesdetena.es\/ru_ru\/wp-json\/wp\/v2\/media?parent=35112"}],"wp:term":[{"taxonomy":"category","embeddable":true,"href":"https:\/\/mueblesdetena.es\/ru_ru\/wp-json\/wp\/v2\/categories?post=35112"},{"taxonomy":"post_tag","embeddable":true,"href":"https:\/\/mueblesdetena.es\/ru_ru\/wp-json\/wp\/v2\/tags?post=35112"}],"curies":[{"name":"wp","href":"https:\/\/api.w.org\/{rel}","templated":true}]}}