{"id":35402,"date":"2025-02-11T09:00:00","date_gmt":"2025-02-11T08:00:00","guid":{"rendered":"https:\/\/mueblesdetena.es\/?p=35402"},"modified":"2025-02-10T08:43:12","modified_gmt":"2025-02-10T07:43:12","slug":"decoracion-bold","status":"publish","type":"post","link":"https:\/\/mueblesdetena.es\/ru_ru\/decoracion-bold\/","title":{"rendered":"Decoraci\u00f3n bold: Qu\u00e9 es y 10 formas de aplicarla en tu hogar"},"content":{"rendered":"<p class=\"has-medium-font-size wp-block-paragraph\">La decoraci\u00f3n bold ha llegado para transformar los interiores con su car\u00e1cter sofisticado y envolvente. <strong>Inspirada en las formas org\u00e1nicas y los vol\u00famenes curvil\u00edneos, esta tendencia apuesta por muebles de gran presencia, texturas aterciopeladas y una paleta de colores vibrantes<\/strong>. Espacios din\u00e1micos y elegantes donde el dise\u00f1o se convierte en una declaraci\u00f3n de estilo.<\/p>\n\n\n\n<p class=\"has-medium-font-size wp-block-paragraph\">Las redes sociales han impulsado su popularidad, convirti\u00e9ndola en un referente del interiorismo contempor\u00e1neo. En <a href=\"https:\/\/es.pinterest.com\/\" target=\"_blank\" rel=\"noopener\">Pinterest<\/a> e <a href=\"https:\/\/www.instagram.com\/\" target=\"_blank\" rel=\"noopener\">Instagram<\/a>, los salones con sof\u00e1s curvos, espejos de l\u00edneas fluidas y mesas escult\u00f3ricas dominan las b\u00fasquedas. <strong>Un estilo que seduce por su fusi\u00f3n entre comodidad y est\u00e9tica<\/strong>, ideal para quienes buscan un hogar con personalidad y calidez.<\/p>\n\n\n\n<p class=\"has-medium-font-size wp-block-paragraph\">Incorporar esta tendencia es m\u00e1s sencillo de lo que parece. Desde la elecci\u00f3n de muebles voluminosos hasta el uso estrat\u00e9gico del color, existen m\u00faltiples maneras de integrar la decoraci\u00f3n bold en cada rinc\u00f3n del hogar. <strong>Descubre 10 formas de aplicarla<\/strong> y dale a tu casa un aire moderno y sofisticado.<\/p>\n\n\n\n<div style=\"height:50px\" aria-hidden=\"true\" class=\"wp-block-spacer\"><\/div>\n\n\n\n<div id=\"ez-toc-container\" class=\"ez-toc-v2_0_85 ez-toc-wrap-center counter-hierarchy ez-toc-counter ez-toc-grey ez-toc-container-direction\">\n<div class=\"ez-toc-title-container\">\n<p class=\"ez-toc-title\" style=\"cursor:inherit\">Tabla de contenidos<\/p>\n<span class=\"ez-toc-title-toggle\"><a href=\"#\" class=\"ez-toc-pull-right ez-toc-btn ez-toc-btn-xs ez-toc-btn-default ez-toc-toggle\" aria-label=\"Toggle Table of Content\"><span class=\"ez-toc-js-icon-con\"><span class=\"\"><span class=\"eztoc-hide\" style=\"display:none;\">Toggle<\/span><span class=\"ez-toc-icon-toggle-span\"><svg style=\"fill: #999;color:#999\" xmlns=\"http:\/\/www.w3.org\/2000\/svg\" class=\"list-377408\" width=\"20px\" height=\"20px\" viewbox=\"0 0 24 24\" fill=\"none\"><path d=\"M6 6H4v2h2V6zm14 0H8v2h12V6zM4 11h2v2H4v-2zm16 0H8v2h12v-2zM4 16h2v2H4v-2zm16 0H8v2h12v-2z\" fill=\"currentColor\"><\/path><\/svg><svg style=\"fill: #999;color:#999\" class=\"arrow-unsorted-368013\" xmlns=\"http:\/\/www.w3.org\/2000\/svg\" width=\"10px\" height=\"10px\" viewbox=\"0 0 24 24\" version=\"1.2\" baseprofile=\"tiny\"><path d=\"M18.2 9.3l-6.2-6.3-6.2 6.3c-.2.2-.3.4-.3.7s.1.5.3.7c.2.2.4.3.7.3h11c.3 0 .5-.1.7-.3.2-.2.3-.5.3-.7s-.1-.5-.3-.7zM5.8 14.7l6.2 6.3 6.2-6.3c.2-.2.3-.5.3-.7s-.1-.5-.3-.7c-.2-.2-.4-.3-.7-.3h-11c-.3 0-.5.1-.7.3-.2.2-.3.5-.3.7s.1.5.3.7z\"\/><\/svg><\/span><\/span><\/span><\/a><\/span><\/div>\n<nav><ul class='ez-toc-list ez-toc-list-level-1' ><li class='ez-toc-page-1 ez-toc-heading-level-2'><a class=\"ez-toc-link ez-toc-heading-1\" href=\"https:\/\/mueblesdetena.es\/ru_ru\/decoracion-bold\/#%C2%BFQue_es_la_decoracion_bold\" >\u00bfQu\u00e9 es la decoraci\u00f3n bold?<\/a><ul class='ez-toc-list-level-3' ><li class='ez-toc-heading-level-3'><a class=\"ez-toc-link ez-toc-heading-2\" href=\"https:\/\/mueblesdetena.es\/ru_ru\/decoracion-bold\/#Caracteristicas_principales\" >Caracter\u00edsticas principales<\/a><\/li><\/ul><\/li><li class='ez-toc-page-1 ez-toc-heading-level-2'><a class=\"ez-toc-link ez-toc-heading-3\" href=\"https:\/\/mueblesdetena.es\/ru_ru\/decoracion-bold\/#10_formas_de_aplicar_la_decoracion_bold_en_casa\" >10 formas de aplicar la decoraci\u00f3n bold en casa<\/a><ul class='ez-toc-list-level-3' ><li class='ez-toc-heading-level-3'><a class=\"ez-toc-link ez-toc-heading-4\" href=\"https:\/\/mueblesdetena.es\/ru_ru\/decoracion-bold\/#1_Apuesta_por_muebles_curvos_y_voluminosos\" >1. Apuesta por muebles curvos y voluminosos<\/a><\/li><li class='ez-toc-page-1 ez-toc-heading-level-3'><a class=\"ez-toc-link ez-toc-heading-5\" href=\"https:\/\/mueblesdetena.es\/ru_ru\/decoracion-bold\/#2_Elige_una_paleta_de_colores_atrevida\" >2. Elige una paleta de colores atrevida<\/a><\/li><li class='ez-toc-page-1 ez-toc-heading-level-3'><a class=\"ez-toc-link ez-toc-heading-6\" href=\"https:\/\/mueblesdetena.es\/ru_ru\/decoracion-bold\/#3_Incorpora_materiales_sofisticados\" >3. Incorpora materiales sofisticados<\/a><\/li><li class='ez-toc-page-1 ez-toc-heading-level-3'><a class=\"ez-toc-link ez-toc-heading-7\" href=\"https:\/\/mueblesdetena.es\/ru_ru\/decoracion-bold\/#4_Sofas_y_sillas_de_diseno_escultorico\" >4. Sof\u00e1s y sillas de dise\u00f1o escult\u00f3rico<\/a><\/li><li class='ez-toc-page-1 ez-toc-heading-level-3'><a class=\"ez-toc-link ez-toc-heading-8\" href=\"https:\/\/mueblesdetena.es\/ru_ru\/decoracion-bold\/#5_Espejos_y_decoracion_con_formas_organicas\" >5. Espejos y decoraci\u00f3n con formas org\u00e1nicas<\/a><\/li><li class='ez-toc-page-1 ez-toc-heading-level-3'><a class=\"ez-toc-link ez-toc-heading-9\" href=\"https:\/\/mueblesdetena.es\/ru_ru\/decoracion-bold\/#6_Iluminacion_bold_lamparas_como_piezas_de_arte\" >6. Iluminaci\u00f3n bold: l\u00e1mparas como piezas de arte<\/a><\/li><li class='ez-toc-page-1 ez-toc-heading-level-3'><a class=\"ez-toc-link ez-toc-heading-10\" href=\"https:\/\/mueblesdetena.es\/ru_ru\/decoracion-bold\/#7_Alfombras_y_textiles_con_formas_curvas\" >7. Alfombras y textiles con formas curvas<\/a><\/li><li class='ez-toc-page-1 ez-toc-heading-level-3'><a class=\"ez-toc-link ez-toc-heading-11\" href=\"https:\/\/mueblesdetena.es\/ru_ru\/decoracion-bold\/#8_Muebles_modulares_y_multifuncionales\" >8. Muebles modulares y multifuncionales<\/a><\/li><li class='ez-toc-page-1 ez-toc-heading-level-3'><a class=\"ez-toc-link ez-toc-heading-12\" href=\"https:\/\/mueblesdetena.es\/ru_ru\/decoracion-bold\/#9_Jarrones_arte_y_detalles_decorativos_voluminosos\" >9. Jarrones, arte y detalles decorativos voluminosos<\/a><\/li><li class='ez-toc-page-1 ez-toc-heading-level-3'><a class=\"ez-toc-link ez-toc-heading-13\" href=\"https:\/\/mueblesdetena.es\/ru_ru\/decoracion-bold\/#10_Aplicar_la_tendencia_bold_en_el_bano_y_la_cocina\" >10. Aplicar la tendencia bold en el ba\u00f1o y la cocina<\/a><\/li><\/ul><\/li><li class='ez-toc-page-1 ez-toc-heading-level-2'><a class=\"ez-toc-link ez-toc-heading-14\" href=\"https:\/\/mueblesdetena.es\/ru_ru\/decoracion-bold\/#Errores_comunes_al_aplicar_la_decoracion_bold\" >Errores comunes al aplicar la decoraci\u00f3n bold<\/a><\/li><\/ul><\/nav><\/div>\n<h2 class=\"wp-block-heading\"><span class=\"ez-toc-section\" id=\"%C2%BFQue_es_la_decoracion_bold\"><\/span>\u00bfQu\u00e9 es la decoraci\u00f3n bold?<span class=\"ez-toc-section-end\"><\/span><\/h2>\n\n\n\n<p class=\"has-medium-font-size wp-block-paragraph\">La decoraci\u00f3n bold es una de las tendencias m\u00e1s influyentes del interiorismo contempor\u00e1neo. Su esencia se basa en la b\u00fasqueda de la armon\u00eda a trav\u00e9s de vol\u00famenes generosos, l\u00edneas curvas y una est\u00e9tica envolvente que transmite confort y sofisticaci\u00f3n. Inspirada en el dise\u00f1o sensorial, esta corriente apuesta por espacios que seducen con su forma y textura, ofreciendo una experiencia visual y t\u00e1ctil \u00fanica.<\/p>\n\n\n\n<p class=\"has-medium-font-size wp-block-paragraph\">Este estilo tiene sus ra\u00edces en el dise\u00f1o org\u00e1nico, una corriente que prioriza la fluidez y las formas inspiradas en la naturaleza. Su evoluci\u00f3n ha estado marcada por iconos del dise\u00f1o como Gaud\u00ed o Saarinen, quienes rompieron con la rigidez geom\u00e9trica para dar paso a estructuras m\u00e1s naturales. En la actualidad, los muebles bold recuperan esta filosof\u00eda con piezas envolventes que invitan a la interacci\u00f3n y el descanso.<\/p>\n\n\n\n<div style=\"height:25px\" aria-hidden=\"true\" class=\"wp-block-spacer\"><\/div>\n\n\n\n<h3 class=\"wp-block-heading\"><span class=\"ez-toc-section\" id=\"Caracteristicas_principales\"><\/span>Caracter\u00edsticas principales<span class=\"ez-toc-section-end\"><\/span><\/h3>\n\n\n\n<ul class=\"wp-block-list\">\n<li class=\"has-medium-font-size\">Una de sus se\u00f1as de identidad es <strong>el uso de<\/strong> <strong>muebles voluminosos y curvos<\/strong>, que aportan dinamismo y suavidad a los espacios. Sof\u00e1s con respaldos redondeados, mesas con formas sinuosas y butacas de l\u00edneas envolventes sustituyen las estructuras r\u00edgidas y angulosas, creando interiores m\u00e1s acogedores y sensoriales. Este enfoque transforma el hogar en un refugio de confort, donde cada pieza parece esculpida para el bienestar.<\/li>\n\n\n\n<li class=\"has-medium-font-size\"><strong>El color es otro elemento fundamental<\/strong> en la decoraci\u00f3n bold. Aunque predominan los tonos c\u00e1lidos como el terracota, el mostaza o el beige, tambi\u00e9n se incorporan matices vibrantes como verdes profundos y azules el\u00e9ctricos. Esta combinaci\u00f3n de colores busca generar una sensaci\u00f3n de calidez y personalidad, realzando la presencia de los muebles y potenciando la est\u00e9tica envolvente del conjunto.<\/li>\n\n\n\n<li class=\"has-medium-font-size\"><strong>En cuanto a materiales, la sofisticaci\u00f3n es clave<\/strong>. El terciopelo se convierte en el tejido estrella, aportando un tacto suave y elegante. El m\u00e1rmol, con sus vetas naturales, refuerza la sensaci\u00f3n de lujo, mientras que el metal dorado a\u00f1ade un punto de sofisticaci\u00f3n contempor\u00e1nea. Estos materiales, combinados con maderas c\u00e1lidas y acabados satinados, elevan el impacto visual del estilo.<\/li>\n\n\n\n<li class=\"has-medium-font-size\"><strong>Las formas escult\u00f3ricas y org\u00e1nicas son la esencia de esta tendencia<\/strong>. Desde jarrones y espejos hasta l\u00e1mparas y cabeceros de cama, cada pieza de decoraci\u00f3n busca ser una obra de arte en s\u00ed misma. Las siluetas sinuosas aportan movimiento y rompen con la monoton\u00eda de las l\u00edneas rectas, generando una sensaci\u00f3n de fluidez que enriquece el ambiente y lo hace m\u00e1s envolvente.<\/li>\n<\/ul>\n\n\n\n<div style=\"height:50px\" aria-hidden=\"true\" class=\"wp-block-spacer\"><\/div>\n\n\n\n<figure class=\"wp-block-image alignfull size-full\"><img fetchpriority=\"high\" decoding=\"async\" width=\"2368\" height=\"1318\" src=\"https:\/\/mueblesdetena.es\/wp-content\/uploads\/2025\/02\/decoracion-bold-2.jpg\" alt=\"decoraci\u00f3n bold\" class=\"wp-image-35418\" srcset=\"https:\/\/mueblesdetena.es\/wp-content\/uploads\/2025\/02\/decoracion-bold-2.jpg 2368w, https:\/\/mueblesdetena.es\/wp-content\/uploads\/2025\/02\/decoracion-bold-2-300x167.jpg 300w, https:\/\/mueblesdetena.es\/wp-content\/uploads\/2025\/02\/decoracion-bold-2-1024x570.jpg 1024w, https:\/\/mueblesdetena.es\/wp-content\/uploads\/2025\/02\/decoracion-bold-2-768x427.jpg 768w, https:\/\/mueblesdetena.es\/wp-content\/uploads\/2025\/02\/decoracion-bold-2-1536x855.jpg 1536w, https:\/\/mueblesdetena.es\/wp-content\/uploads\/2025\/02\/decoracion-bold-2-2048x1140.jpg 2048w, https:\/\/mueblesdetena.es\/wp-content\/uploads\/2025\/02\/decoracion-bold-2-600x334.jpg 600w\" sizes=\"(max-width: 2368px) 100vw, 2368px\" \/><\/figure>\n\n\n\n<div style=\"height:50px\" aria-hidden=\"true\" class=\"wp-block-spacer\"><\/div>\n\n\n\n<h2 class=\"wp-block-heading\"><span class=\"ez-toc-section\" id=\"10_formas_de_aplicar_la_decoracion_bold_en_casa\"><\/span>10 formas de aplicar la decoraci\u00f3n bold en casa<span class=\"ez-toc-section-end\"><\/span><\/h2>\n\n\n\n<div style=\"height:25px\" aria-hidden=\"true\" class=\"wp-block-spacer\"><\/div>\n\n\n\n<h3 class=\"wp-block-heading\"><span class=\"ez-toc-section\" id=\"1_Apuesta_por_muebles_curvos_y_voluminosos\"><\/span>1. Apuesta por muebles curvos y voluminosos<span class=\"ez-toc-section-end\"><\/span><\/h3>\n\n\n\n<p class=\"has-medium-font-size wp-block-paragraph\">La decoraci\u00f3n bold se define por la presencia de <strong>muebles con curvas envolventes y vol\u00famenes generosos<\/strong>, capaces de transformar cualquier estancia en un espacio sofisticado y acogedor. <strong>Sof\u00e1s curvos de l\u00edneas sinuosas, <a href=\"https:\/\/mueblesdetena.es\/ru_ru\/butaca-de-dormitorio-salon-manis\/\">butacas<\/a> con formas redondeadas y mesas org\u00e1nicas<\/strong> se convierten en protagonistas, aportando dinamismo y un aire contempor\u00e1neo que rompe con las estructuras tradicionales.<\/p>\n\n\n\n<p class=\"has-medium-font-size wp-block-paragraph\">Para integrar estos muebles de inspiraci\u00f3n bold sin sobrecargar el ambiente, <strong>lo ideal es combinarlos con piezas de dise\u00f1o m\u00e1s ligero<\/strong>. Un <a href=\"https:\/\/mueblesdetena.es\/ru_ru\/sofa-rinconero-kiko\/\">sof\u00e1<\/a> curvo en tonos neutros, por ejemplo, se equilibra a la perfecci\u00f3n con una mesa de centro de m\u00e1rmol de bordes suaves y una alfombra de fibras naturales. <strong>La clave est\u00e1 en mantener la armon\u00eda visual con materiales que refuercen la sensaci\u00f3n de fluidez y movimiento<\/strong>.<\/p>\n\n\n\n<p class=\"has-medium-font-size wp-block-paragraph\">Si bien el estilo bold tiene una identidad propia, su versatilidad permite fusionarlo con otras tendencias decorativas. <strong>En un espacio de aire escandinavo<\/strong>, un sill\u00f3n curvo tapizado en boucl\u00e9 a\u00f1ade calidez sin perder la esencia minimalista, mientras que <strong>en una decoraci\u00f3n m\u00e1s cl\u00e1sica<\/strong>, una mesa de comedor ovalada con patas esculpidas aporta un toque vanguardista sin renunciar a la elegancia atemporal.<\/p>\n\n\n\n<div style=\"height:25px\" aria-hidden=\"true\" class=\"wp-block-spacer\"><\/div>\n\n\n\n<h3 class=\"wp-block-heading\"><span class=\"ez-toc-section\" id=\"2_Elige_una_paleta_de_colores_atrevida\"><\/span>2. Elige una paleta de colores atrevida<span class=\"ez-toc-section-end\"><\/span><\/h3>\n\n\n\n<p class=\"has-medium-font-size wp-block-paragraph\">En la decoraci\u00f3n bold, el color es un pilar esencial. Los <strong>tonos vibrantes como mostaza, terracota o verdes oscuros<\/strong> inyectan car\u00e1cter y sofisticaci\u00f3n a cualquier estancia. <strong>Combinados con neutros como beige o gris piedra<\/strong>, logran un equilibrio arm\u00f3nico que potencia la volumetr\u00eda de los muebles sin sobrecargar el ambiente.<\/p>\n\n\n\n<p class=\"has-medium-font-size wp-block-paragraph\">Para un look refinado, los <strong>tonos c\u00e1lidos<\/strong> se pueden aplicar en sof\u00e1s curvos o butacas tapizadas en terciopelo, mientras que <strong>los neutros<\/strong> funcionan como base en paredes y suelos. <strong>Este contraste enfatiza la riqueza visual sin restar luminosidad, aportando profundidad y dinamismo<\/strong> a la decoraci\u00f3n bold. Un sal\u00f3n con paredes en beige y un sof\u00e1 mostaza consigue un efecto envolvente y elegante.<\/p>\n\n\n\n<p class=\"has-medium-font-size wp-block-paragraph\"><strong>Otra estrategia infalible es jugar con los detalles<\/strong>. Cojines en terracota, alfombras en verde oliva o l\u00e1mparas en dorado realzan el car\u00e1cter escult\u00f3rico de los muebles. Esta paleta permite crear espacios audaces, pero siempre en perfecta armon\u00eda con el conjunto.<\/p>\n\n\n\n<div style=\"height:50px\" aria-hidden=\"true\" class=\"wp-block-spacer\"><\/div>\n\n\n\n<figure class=\"wp-block-image alignfull size-full\"><img decoding=\"async\" width=\"2368\" height=\"1318\" src=\"https:\/\/mueblesdetena.es\/wp-content\/uploads\/2025\/02\/decoracion-bold-3.jpg\" alt=\"decoraci\u00f3n bold\" class=\"wp-image-35419\" srcset=\"https:\/\/mueblesdetena.es\/wp-content\/uploads\/2025\/02\/decoracion-bold-3.jpg 2368w, https:\/\/mueblesdetena.es\/wp-content\/uploads\/2025\/02\/decoracion-bold-3-300x167.jpg 300w, https:\/\/mueblesdetena.es\/wp-content\/uploads\/2025\/02\/decoracion-bold-3-1024x570.jpg 1024w, https:\/\/mueblesdetena.es\/wp-content\/uploads\/2025\/02\/decoracion-bold-3-768x427.jpg 768w, https:\/\/mueblesdetena.es\/wp-content\/uploads\/2025\/02\/decoracion-bold-3-1536x855.jpg 1536w, https:\/\/mueblesdetena.es\/wp-content\/uploads\/2025\/02\/decoracion-bold-3-2048x1140.jpg 2048w, https:\/\/mueblesdetena.es\/wp-content\/uploads\/2025\/02\/decoracion-bold-3-600x334.jpg 600w\" sizes=\"(max-width: 2368px) 100vw, 2368px\" \/><\/figure>\n\n\n\n<div style=\"height:50px\" aria-hidden=\"true\" class=\"wp-block-spacer\"><\/div>\n\n\n\n<h3 class=\"wp-block-heading\"><span class=\"ez-toc-section\" id=\"3_Incorpora_materiales_sofisticados\"><\/span>3. Incorpora materiales sofisticados<span class=\"ez-toc-section-end\"><\/span><\/h3>\n\n\n\n<p class=\"has-medium-font-size wp-block-paragraph\">El estilo bold no solo se define por sus formas curvas y vol\u00famenes escult\u00f3ricos, sino tambi\u00e9n por la elecci\u00f3n de materiales sofisticados que elevan cada espacio con una dosis de lujo y exclusividad. El <strong>m\u00e1rmol<\/strong>, con su acabado imponente y vetas naturales, es una apuesta segura para encimeras, mesas auxiliares o incluso revestimientos que aportan car\u00e1cter y refinamiento a la decoraci\u00f3n bold.<\/p>\n\n\n\n<p class=\"has-medium-font-size wp-block-paragraph\">El <strong>terciopelo<\/strong>, sin\u00f3nimo de elegancia atemporal, cobra protagonismo en muebles como sof\u00e1s curvos, butacas envolventes o cabeceros de cama de gran impacto visual. Su textura suave y sus reflejos sutiles realzan la profundidad de los colores, convirti\u00e9ndose en el aliado perfecto para crear ambientes sofisticados y sensoriales. En tonos neutros, aporta sobriedad; en colores vibrantes, suma un punto de audacia.<\/p>\n\n\n\n<p class=\"has-medium-font-size wp-block-paragraph\">Las <strong>maderas org\u00e1nicas<\/strong>, con vetas marcadas y acabados naturales, refuerzan el equilibrio entre dise\u00f1o y calidez. Desde mesas con bordes irregulares hasta aparadores de l\u00edneas sinuosas, estos elementos aportan estructura sin restar fluidez al conjunto. Para una est\u00e9tica bold impecable, se combinan con detalles met\u00e1licos en dorado o negro mate, logrando una armon\u00eda visual que combina modernidad y sofisticaci\u00f3n.<\/p>\n\n\n\n<div style=\"height:25px\" aria-hidden=\"true\" class=\"wp-block-spacer\"><\/div>\n\n\n\n<h3 class=\"wp-block-heading\"><span class=\"ez-toc-section\" id=\"4_Sofas_y_sillas_de_diseno_escultorico\"><\/span>4. Sof\u00e1s y sillas de dise\u00f1o escult\u00f3rico<span class=\"ez-toc-section-end\"><\/span><\/h3>\n\n\n\n<p class=\"has-medium-font-size wp-block-paragraph\">En la decoraci\u00f3n bold, los muebles no solo cumplen una funci\u00f3n pr\u00e1ctica, sino que se convierten en aut\u00e9nticas piezas de arte. Los sof\u00e1s y sillas con formas escult\u00f3ricas <strong>aportan un aire sofisticado y vanguardista al espacio, jugando con vol\u00famenes curvos y estructuras envolventes que invitan al confort<\/strong>. Optar por modelos con l\u00edneas fluidas y proporciones generosas es clave para conseguir un ambiente armonioso y din\u00e1mico.<\/p>\n\n\n\n<p class=\"has-medium-font-size wp-block-paragraph\">A la hora de elegir un sof\u00e1 o una <a href=\"https:\/\/mueblesdetena.es\/ru_ru\/silla-de-comedor-ankara\/\">silla<\/a> con impacto visual, <strong>es importante priorizar dise\u00f1os ic\u00f3nicos que definan el car\u00e1cter del espacio<\/strong>. Modelos como el Bubble Sofa, con su estructura modular y aspecto acolchado, o el legendario Camaleonda de Mario Bellini, son perfectos para integrar la esencia de la decoraci\u00f3n bold en cualquier estancia. Su silueta envolvente y su presencia escultural transforman por completo el sal\u00f3n.<\/p>\n\n\n\n<p class=\"has-medium-font-size wp-block-paragraph\"><strong>Los materiales tambi\u00e9n juegan un papel fundamental en este tipo de muebles<\/strong>. Tapizados en terciopelo o boucl\u00e9 en tonos neutros potencian la elegancia, mientras que opciones en cuero o tejidos texturizados a\u00f1aden profundidad visual. Adem\u00e1s, las bases en madera curvada o metal dorado refuerzan la est\u00e9tica org\u00e1nica y sofisticada propia de la tendencia bold, elevando la decoraci\u00f3n con una sensaci\u00f3n de lujo contempor\u00e1neo.<\/p>\n\n\n\n<div style=\"height:50px\" aria-hidden=\"true\" class=\"wp-block-spacer\"><\/div>\n\n\n\n<figure class=\"wp-block-image alignfull size-full\"><img decoding=\"async\" width=\"2368\" height=\"1318\" src=\"https:\/\/mueblesdetena.es\/wp-content\/uploads\/2025\/02\/decoracion-bold-4.jpg\" alt=\"decoraci\u00f3n bold\" class=\"wp-image-35420\" srcset=\"https:\/\/mueblesdetena.es\/wp-content\/uploads\/2025\/02\/decoracion-bold-4.jpg 2368w, https:\/\/mueblesdetena.es\/wp-content\/uploads\/2025\/02\/decoracion-bold-4-300x167.jpg 300w, https:\/\/mueblesdetena.es\/wp-content\/uploads\/2025\/02\/decoracion-bold-4-1024x570.jpg 1024w, https:\/\/mueblesdetena.es\/wp-content\/uploads\/2025\/02\/decoracion-bold-4-768x427.jpg 768w, https:\/\/mueblesdetena.es\/wp-content\/uploads\/2025\/02\/decoracion-bold-4-1536x855.jpg 1536w, https:\/\/mueblesdetena.es\/wp-content\/uploads\/2025\/02\/decoracion-bold-4-2048x1140.jpg 2048w, https:\/\/mueblesdetena.es\/wp-content\/uploads\/2025\/02\/decoracion-bold-4-600x334.jpg 600w\" sizes=\"(max-width: 2368px) 100vw, 2368px\" \/><\/figure>\n\n\n\n<div style=\"height:50px\" aria-hidden=\"true\" class=\"wp-block-spacer\"><\/div>\n\n\n\n<h3 class=\"wp-block-heading\"><span class=\"ez-toc-section\" id=\"5_Espejos_y_decoracion_con_formas_organicas\"><\/span>5. Espejos y decoraci\u00f3n con formas org\u00e1nicas<span class=\"ez-toc-section-end\"><\/span><\/h3>\n\n\n\n<p class=\"has-medium-font-size wp-block-paragraph\">Los espejos curvos se han convertido en piezas clave dentro de la decoraci\u00f3n bold, capaces de aportar fluidez visual y dinamismo a cualquier estancia. <strong>Sus contornos sinuosos suavizan la rigidez de las l\u00edneas rectas y potencian la sensaci\u00f3n de amplitud<\/strong>, especialmente en salones y dormitorios. Colocados estrat\u00e9gicamente, <strong>reflejan la luz natural y multiplican la profundidad del espacio<\/strong> sin necesidad de grandes reformas.<\/p>\n\n\n\n<p class=\"has-medium-font-size wp-block-paragraph\">M\u00e1s all\u00e1 de su funcionalidad, los espejos con formas org\u00e1nicas destacan como aut\u00e9nticas esculturas decorativas. <strong>En combinaci\u00f3n con muebles de vol\u00famenes generosos, refuerzan la armon\u00eda del conjunto y a\u00f1aden un toque de sofisticaci\u00f3n contempor\u00e1nea<\/strong>. Dise\u00f1os con marcos met\u00e1licos dorados o acabados en madera natural se integran a la perfecci\u00f3n en ambientes modernos, aportando calidez y elegancia sin renunciar al car\u00e1cter audaz del estilo bold.<\/p>\n\n\n\n<p class=\"has-medium-font-size wp-block-paragraph\">Para lograr una est\u00e9tica equilibrada, <strong>es clave combinarlos con otros elementos de decoraci\u00f3n curvil\u00ednea<\/strong>. Alfombras con bordes irregulares, jarrones voluminosos y mesas de formas fluidas refuerzan el concepto org\u00e1nico sin sobrecargar el ambiente. <strong>Este juego de siluetas aporta una sensaci\u00f3n envolvente y acogedora<\/strong>, convirtiendo cada rinc\u00f3n en un espacio expresivo donde los muebles y los accesorios dialogan en perfecta sinton\u00eda.<\/p>\n\n\n\n<div style=\"height:25px\" aria-hidden=\"true\" class=\"wp-block-spacer\"><\/div>\n\n\n\n<h3 class=\"wp-block-heading\"><span class=\"ez-toc-section\" id=\"6_Iluminacion_bold_lamparas_como_piezas_de_arte\"><\/span>6. Iluminaci\u00f3n bold: l\u00e1mparas como piezas de arte<span class=\"ez-toc-section-end\"><\/span><\/h3>\n\n\n\n<p class=\"has-medium-font-size wp-block-paragraph\">En la decoraci\u00f3n bold, la iluminaci\u00f3n va m\u00e1s all\u00e1 de su funci\u00f3n pr\u00e1ctica y se convierte en un elemento escultural que redefine el espacio. <strong>L\u00e1mparas de pie con curvas envolventes, apliques asim\u00e9tricos y dise\u00f1os flotantes en materiales sofisticados aportan car\u00e1cter y dinamismo<\/strong>. Estas piezas, m\u00e1s cercanas al arte que al mobiliario convencional, crean un juego de luces y sombras que transforma por completo la atm\u00f3sfera del hogar.<\/p>\n\n\n\n<p class=\"has-medium-font-size wp-block-paragraph\"><strong>Las formas abstractas dominan la escena<\/strong>, desde esferas suspendidas hasta estructuras sinuosas que desaf\u00edan la geometr\u00eda tradicional. Dise\u00f1os como las l\u00e1mparas de inspiraci\u00f3n biom\u00f3rfica o los modelos de l\u00edneas fluidas en metal dorado son claves para potenciar el estilo. <strong>Su presencia en el sal\u00f3n o el comedor complementa la est\u00e9tica envolvente de los muebles curvos<\/strong>, logrando una armon\u00eda visual impactante y sofisticada.<\/p>\n\n\n\n<p class=\"has-medium-font-size wp-block-paragraph\">Entre los dise\u00f1os m\u00e1s innovadores destacan las <strong>l\u00e1mparas con vol\u00famenes exagerados y bases esculturales<\/strong> que dialogan con el resto de la decoraci\u00f3n bold. Optar por materiales como <strong>cristal opalino, m\u00e1rmol o lat\u00f3n<\/strong> realza la sensaci\u00f3n de exclusividad. Adem\u00e1s, la calidez de una iluminaci\u00f3n indirecta y difusa refuerza la sensaci\u00f3n de confort, envolviendo cada rinc\u00f3n en un ambiente acogedor y lleno de personalidad.<\/p>\n\n\n\n<div style=\"height:50px\" aria-hidden=\"true\" class=\"wp-block-spacer\"><\/div>\n\n\n\n<figure class=\"wp-block-image alignfull size-full\"><img loading=\"lazy\" decoding=\"async\" width=\"2368\" height=\"1318\" src=\"https:\/\/mueblesdetena.es\/wp-content\/uploads\/2025\/02\/decoracion-bold-5.jpg\" alt=\"decoraci\u00f3n bold\" class=\"wp-image-35421\" srcset=\"https:\/\/mueblesdetena.es\/wp-content\/uploads\/2025\/02\/decoracion-bold-5.jpg 2368w, https:\/\/mueblesdetena.es\/wp-content\/uploads\/2025\/02\/decoracion-bold-5-300x167.jpg 300w, https:\/\/mueblesdetena.es\/wp-content\/uploads\/2025\/02\/decoracion-bold-5-1024x570.jpg 1024w, https:\/\/mueblesdetena.es\/wp-content\/uploads\/2025\/02\/decoracion-bold-5-768x427.jpg 768w, https:\/\/mueblesdetena.es\/wp-content\/uploads\/2025\/02\/decoracion-bold-5-1536x855.jpg 1536w, https:\/\/mueblesdetena.es\/wp-content\/uploads\/2025\/02\/decoracion-bold-5-2048x1140.jpg 2048w, https:\/\/mueblesdetena.es\/wp-content\/uploads\/2025\/02\/decoracion-bold-5-600x334.jpg 600w\" sizes=\"(max-width: 2368px) 100vw, 2368px\" \/><\/figure>\n\n\n\n<div style=\"height:50px\" aria-hidden=\"true\" class=\"wp-block-spacer\"><\/div>\n\n\n\n<h3 class=\"wp-block-heading\"><span class=\"ez-toc-section\" id=\"7_Alfombras_y_textiles_con_formas_curvas\"><\/span>7. Alfombras y textiles con formas curvas<span class=\"ez-toc-section-end\"><\/span><\/h3>\n\n\n\n<p class=\"has-medium-font-size wp-block-paragraph\">Las alfombras con dise\u00f1os org\u00e1nicos y sinuosos son un must en la decoraci\u00f3n bold, ya que <strong>ayudan a definir zonas dentro de un mismo espacio sin recurrir a separaciones f\u00edsicas<\/strong>. Modelos con contornos irregulares o inspiraci\u00f3n geom\u00e9trica <strong>aportan dinamismo y suavidad visual, equilibrando la presencia de muebles voluminosos y estructurados<\/strong>. En salones abiertos, una alfombra curva bajo el sof\u00e1 o la mesa de centro crea una distribuci\u00f3n m\u00e1s fluida y envolvente.<\/p>\n\n\n\n<p class=\"has-medium-font-size wp-block-paragraph\">M\u00e1s all\u00e1 de la est\u00e9tica, la elecci\u00f3n del tejido es clave para potenciar la calidez y el confort. <strong>Materiales como lana, algod\u00f3n grueso o terciopelo aportan textura y refuerzan la sensaci\u00f3n de hogar, mientras que acabados en yute o fibras naturales se integran perfectamente con la esencia org\u00e1nica del estilo<\/strong>. En la decoraci\u00f3n bold, una alfombra mullida en tonos neutros o terrosos suaviza el impacto de colores vibrantes y muebles escult\u00f3ricos.<\/p>\n\n\n\n<p class=\"has-medium-font-size wp-block-paragraph\">El uso estrat\u00e9gico de textiles va m\u00e1s all\u00e1 del suelo: <strong>cortinas fluidas, cojines en terciopelo o mantas de punto grueso<\/strong> complementan la est\u00e9tica envolvente. <strong>Apostar por combinaciones de tejidos con distintos vol\u00famenes<\/strong> potencia la sensaci\u00f3n de movimiento en el ambiente, acentuando el car\u00e1cter acogedor del espacio. En un dormitorio, una alfombra curva junto a la cama armoniza con muebles curvados, creando una atm\u00f3sfera sofisticada y contempor\u00e1nea.<\/p>\n\n\n\n<div style=\"height:25px\" aria-hidden=\"true\" class=\"wp-block-spacer\"><\/div>\n\n\n\n<h3 class=\"wp-block-heading\"><span class=\"ez-toc-section\" id=\"8_Muebles_modulares_y_multifuncionales\"><\/span>8. Muebles modulares y multifuncionales<span class=\"ez-toc-section-end\"><\/span><\/h3>\n\n\n\n<p class=\"has-medium-font-size wp-block-paragraph\">En la decoraci\u00f3n bold, los muebles modulares juegan un papel esencial, <strong>permitiendo crear composiciones din\u00e1micas y adaptadas a cada espacio<\/strong>. Los sof\u00e1s modulares, con sus l\u00edneas envolventes y vol\u00famenes generosos, ofrecen una est\u00e9tica vanguardista sin renunciar a la comodidad. Piezas vers\u00e1tiles como pufs o m\u00f3dulos independientes permiten reorganizar el ambiente seg\u00fan las necesidades, manteniendo la fluidez visual caracter\u00edstica del estilo.<\/p>\n\n\n\n<p class=\"has-medium-font-size wp-block-paragraph\">En espacios peque\u00f1os, <strong>la clave est\u00e1 en elegir muebles multifuncionales que optimicen el \u00e1rea sin perder impacto visual<\/strong>. Un sof\u00e1 modular curvo en tonos neutros puede delimitar el sal\u00f3n sin necesidad de paredes, mientras que mesas auxiliares con formas org\u00e1nicas aportan funcionalidad sin saturar el entorno. La decoraci\u00f3n bold apuesta por <strong>piezas que no solo decoran, sino que transforman y enriquecen<\/strong> la experiencia de cada estancia.<\/p>\n\n\n\n<p class=\"has-medium-font-size wp-block-paragraph\">Para integrar estos muebles con armon\u00eda, es <strong>fundamental jugar con materiales sofisticados<\/strong> como terciopelo, madera curvada o metal dorado. Un sof\u00e1 en tonos c\u00e1lidos puede complementarse con estanter\u00edas modulares en acabados naturales, creando un equilibrio entre dise\u00f1o y practicidad. La clave est\u00e1 en <strong>elegir piezas que aporten car\u00e1cter y permitan una configuraci\u00f3n flexible<\/strong>, convirtiendo el hogar en un espacio vivo y en constante evoluci\u00f3n.<\/p>\n\n\n\n<div style=\"height:50px\" aria-hidden=\"true\" class=\"wp-block-spacer\"><\/div>\n\n\n\n<figure class=\"wp-block-image alignfull size-full\"><img loading=\"lazy\" decoding=\"async\" width=\"2368\" height=\"1318\" src=\"https:\/\/mueblesdetena.es\/wp-content\/uploads\/2025\/02\/decoracion-bold-6.jpg\" alt=\"decoraci\u00f3n bold\" class=\"wp-image-35422\" srcset=\"https:\/\/mueblesdetena.es\/wp-content\/uploads\/2025\/02\/decoracion-bold-6.jpg 2368w, https:\/\/mueblesdetena.es\/wp-content\/uploads\/2025\/02\/decoracion-bold-6-300x167.jpg 300w, https:\/\/mueblesdetena.es\/wp-content\/uploads\/2025\/02\/decoracion-bold-6-1024x570.jpg 1024w, https:\/\/mueblesdetena.es\/wp-content\/uploads\/2025\/02\/decoracion-bold-6-768x427.jpg 768w, https:\/\/mueblesdetena.es\/wp-content\/uploads\/2025\/02\/decoracion-bold-6-1536x855.jpg 1536w, https:\/\/mueblesdetena.es\/wp-content\/uploads\/2025\/02\/decoracion-bold-6-2048x1140.jpg 2048w, https:\/\/mueblesdetena.es\/wp-content\/uploads\/2025\/02\/decoracion-bold-6-600x334.jpg 600w\" sizes=\"(max-width: 2368px) 100vw, 2368px\" \/><\/figure>\n\n\n\n<div style=\"height:53px\" aria-hidden=\"true\" class=\"wp-block-spacer\"><\/div>\n\n\n\n<h3 class=\"wp-block-heading\"><span class=\"ez-toc-section\" id=\"9_Jarrones_arte_y_detalles_decorativos_voluminosos\"><\/span>9. Jarrones, arte y detalles decorativos voluminosos<span class=\"ez-toc-section-end\"><\/span><\/h3>\n\n\n\n<p class=\"has-medium-font-size wp-block-paragraph\">En la decoraci\u00f3n bold, los peque\u00f1os detalles adquieren un protagonismo inusitado, convirti\u00e9ndose en <strong>piezas clave para reforzar el impacto visual del espacio<\/strong>. Jarrones de formas escult\u00f3ricas, con curvas sinuosas y acabados sofisticados, <strong>aportan dinamismo y personalidad a cualquier estancia<\/strong>. Apostar por materiales como la cer\u00e1mica esmaltada, el vidrio soplado o los metales pulidos potencia el car\u00e1cter elegante de este estilo.<\/p>\n\n\n\n<p class=\"has-medium-font-size wp-block-paragraph\">El <strong>arte<\/strong> tambi\u00e9n juega un papel fundamental en la est\u00e9tica bold, donde las composiciones voluminosas y los colores vibrantes marcan la diferencia. Cuadros abstractos de gran formato, murales con relieves y esculturas org\u00e1nicas generan un efecto envolvente que transforma por completo la percepci\u00f3n del espacio. <strong>Colocarlos estrat\u00e9gicamente sobre un aparador o combinarlos con muebles de l\u00edneas curvas acent\u00faa a\u00fan m\u00e1s la armon\u00eda del conjunto<\/strong>.<\/p>\n\n\n\n<p class=\"has-medium-font-size wp-block-paragraph\">Adem\u00e1s de su funci\u00f3n decorativa, <strong>estos objetos aportan profundidad y movimiento a la estancia, evitando la monoton\u00eda de las superficies lisas<\/strong>. Un conjunto de jarrones en diferentes alturas o una escultura imponente sobre una mesa auxiliar crean puntos focales irresistibles. Integrar estos elementos en la decoraci\u00f3n bold no solo realza la est\u00e9tica del hogar, sino que a\u00f1ade un toque de sofisticaci\u00f3n y exclusividad a cualquier ambiente.<\/p>\n\n\n\n<div style=\"height:25px\" aria-hidden=\"true\" class=\"wp-block-spacer\"><\/div>\n\n\n\n<h3 class=\"wp-block-heading\"><span class=\"ez-toc-section\" id=\"10_Aplicar_la_tendencia_bold_en_el_bano_y_la_cocina\"><\/span>10. Aplicar la tendencia bold en el ba\u00f1o y la cocina<span class=\"ez-toc-section-end\"><\/span><\/h3>\n\n\n\n<p class=\"has-medium-font-size wp-block-paragraph\">Los <strong>ba\u00f1os<\/strong> se suman a la decoraci\u00f3n bold con <strong>lavabos curvos <\/strong>que evocan formas org\u00e1nicas y a\u00f1aden sofisticaci\u00f3n. Los <strong>dise\u00f1os suspendidos o de m\u00e1rmol con bordes redondeados<\/strong> crean una est\u00e9tica fluida y envolvente. Para potenciar el efecto, se combinan con <strong>espejos de siluetas irregulares y muebles en tonos neutros<\/strong>, realzando la sensaci\u00f3n de armon\u00eda.<\/p>\n\n\n\n<p class=\"has-medium-font-size wp-block-paragraph\">En la <strong>cocina<\/strong>, las encimeras y pen\u00ednsulas adquieren protagonismo con l\u00edneas sinuosas y materiales nobles como la piedra natural o el microcemento. La <strong>grifer\u00eda dorada y los fregaderos en formas el\u00edpticas<\/strong> aportan un aire contempor\u00e1neo, mientras que los armarios sin tiradores y con frentes curvos refuerzan la fluidez del dise\u00f1o. Los muebles, en <strong>acabados mate y colores c\u00e1lidos<\/strong>, crean espacios acogedores y sofisticados.<\/p>\n\n\n\n<p class=\"has-medium-font-size wp-block-paragraph\">Los <strong>detalles decorativos<\/strong> juegan un papel esencial en la est\u00e9tica bold. <strong>L\u00e1mparas colgantes con formas escult\u00f3ricas, taburetes con bases redondeadas y estanter\u00edas flotantes<\/strong> suavizan los vol\u00famenes arquitect\u00f3nicos. El <strong>uso de tonos tierra y texturas aterciopeladas<\/strong> en los textiles equilibra la rotundidad de los muebles, aportando un ambiente envolvente que combina modernidad y atemporalidad.<\/p>\n\n\n\n<div style=\"height:50px\" aria-hidden=\"true\" class=\"wp-block-spacer\"><\/div>\n\n\n\n<figure class=\"wp-block-image size-full\"><img loading=\"lazy\" decoding=\"async\" width=\"2368\" height=\"1318\" src=\"https:\/\/mueblesdetena.es\/wp-content\/uploads\/2025\/02\/decoracion-bold-7.jpg\" alt=\"decoraci\u00f3n bold\" class=\"wp-image-35423\" srcset=\"https:\/\/mueblesdetena.es\/wp-content\/uploads\/2025\/02\/decoracion-bold-7.jpg 2368w, https:\/\/mueblesdetena.es\/wp-content\/uploads\/2025\/02\/decoracion-bold-7-300x167.jpg 300w, https:\/\/mueblesdetena.es\/wp-content\/uploads\/2025\/02\/decoracion-bold-7-1024x570.jpg 1024w, https:\/\/mueblesdetena.es\/wp-content\/uploads\/2025\/02\/decoracion-bold-7-768x427.jpg 768w, https:\/\/mueblesdetena.es\/wp-content\/uploads\/2025\/02\/decoracion-bold-7-1536x855.jpg 1536w, https:\/\/mueblesdetena.es\/wp-content\/uploads\/2025\/02\/decoracion-bold-7-2048x1140.jpg 2048w, https:\/\/mueblesdetena.es\/wp-content\/uploads\/2025\/02\/decoracion-bold-7-600x334.jpg 600w\" sizes=\"(max-width: 2368px) 100vw, 2368px\" \/><\/figure>\n\n\n\n<div style=\"height:50px\" aria-hidden=\"true\" class=\"wp-block-spacer\"><\/div>\n\n\n\n<h2 class=\"wp-block-heading\"><span class=\"ez-toc-section\" id=\"Errores_comunes_al_aplicar_la_decoracion_bold\"><\/span>Errores comunes al aplicar la decoraci\u00f3n bold<span class=\"ez-toc-section-end\"><\/span><\/h2>\n\n\n\n<ul class=\"wp-block-list\">\n<li class=\"has-medium-font-size\">Uno de los fallos m\u00e1s habituales al apostar por la decoraci\u00f3n bold es <strong>recargar demasiado los espacios<\/strong>. Si bien este estilo se caracteriza por la presencia de muebles voluminosos y formas curvil\u00edneas, el exceso de piezas puede saturar el ambiente y restar funcionalidad. La clave est\u00e1 en elegir muebles con car\u00e1cter, pero dejando suficiente espacio para que cada pieza respire y destaque por s\u00ed misma.<\/li>\n\n\n\n<li class=\"has-medium-font-size\">Otro error frecuente es <strong>elegir colores inadecuados<\/strong>, ya sea por abusar de tonalidades demasiado intensas o por optar por combinaciones que generan un efecto discordante. La decoraci\u00f3n bold juega con paletas vibrantes, pero siempre equilibradas con neutros c\u00e1lidos que aporten armon\u00eda. Apostar por colores como el beige, terracota o verde oliva en contraste con tonos m\u00e1s audaces es una apuesta segura.<\/li>\n\n\n\n<li class=\"has-medium-font-size\"><strong>No respetar la proporci\u00f3n de los muebles<\/strong> tambi\u00e9n puede arruinar la est\u00e9tica bold. Sof\u00e1s curvos, butacas esculturales y mesas org\u00e1nicas requieren una distribuci\u00f3n pensada para que la composici\u00f3n mantenga su equilibrio visual. Es fundamental considerar las dimensiones del espacio y la relaci\u00f3n entre los muebles para evitar que una pieza acapare demasiado protagonismo o, por el contrario, quede desdibujada.<\/li>\n\n\n\n<li class=\"has-medium-font-size\">Por \u00faltimo, <strong>no combinarlo con otros estilos correctamente<\/strong> puede hacer que el ambiente resulte excesivo o poco acogedor. Aunque el dise\u00f1o bold tiene una personalidad fuerte, encaja a la perfecci\u00f3n con tendencias como el minimalismo o el estilo escandinavo si se eligen los elementos adecuados. Introducir piezas de l\u00edneas sencillas y materiales naturales ayudar\u00e1 a suavizar el conjunto sin perder su esencia sofisticada.<\/li>\n<\/ul>\n\n\n\n<div style=\"height:25px\" aria-hidden=\"true\" class=\"wp-block-spacer\"><\/div>\n\n\n\n<p class=\"has-medium-font-size wp-block-paragraph\">La <strong>decoraci\u00f3n bold<\/strong> es una invitaci\u00f3n a romper con la rigidez de los espacios convencionales y abrazar la sensualidad de las formas curvas, los vol\u00famenes envolventes y una paleta crom\u00e1tica vibrante. Apostar por <strong>muebles<\/strong> de l\u00edneas org\u00e1nicas, tejidos lujosos y materiales sofisticados es la clave para crear un ambiente moderno, acogedor y con una personalidad \u00fanica.<\/p>\n\n\n\n<p class=\"has-medium-font-size wp-block-paragraph\">M\u00e1s que una tendencia pasajera, este estilo redefine el concepto de confort y elegancia en el hogar. La combinaci\u00f3n de sof\u00e1s curvos, espejos ondulados y mesas esculpidas permite jugar con las proporciones y dotar a cada estancia de un car\u00e1cter escenogr\u00e1fico. La clave est\u00e1 en equilibrar estos elementos con una distribuci\u00f3n arm\u00f3nica que favorezca la fluidez visual sin sobrecargar el espacio.<\/p>\n\n\n\n<p class=\"has-medium-font-size wp-block-paragraph\">Si buscas transformar tu hogar con piezas ic\u00f3nicas y un dise\u00f1o envolvente, explora la colecci\u00f3n de <strong>muebles<\/strong> bold en <a href=\"https:\/\/mueblesdetena.es\/ru_ru\/\" target=\"_blank\" rel=\"noreferrer noopener\">Muebles Detena<\/a>. Descubre c\u00f3mo integrar esta est\u00e9tica innovadora y eleva el estilo de tu casa con un mobiliario pensado para cautivar.<\/p>","protected":false},"excerpt":{"rendered":"<p>La decoraci\u00f3n bold ha llegado para transformar los interiores con su car\u00e1cter sofisticado y envolvente. Inspirada en las formas org\u00e1nicas y los vol\u00famenes curvil\u00edneos, esta tendencia apuesta por muebles de gran presencia, texturas aterciopeladas y una paleta de colores vibrantes. Espacios din\u00e1micos y elegantes donde el dise\u00f1o se convierte en una declaraci\u00f3n de estilo. Las [&hellip;]<\/p>\n","protected":false},"author":618,"featured_media":35417,"comment_status":"open","ping_status":"open","sticky":false,"template":"","format":"standard","meta":{"site-sidebar-layout":"default","site-content-layout":"","ast-site-content-layout":"default","site-content-style":"default","site-sidebar-style":"default","ast-global-header-display":"","ast-banner-title-visibility":"","ast-main-header-display":"","ast-hfb-above-header-display":"","ast-hfb-below-header-display":"","ast-hfb-mobile-header-display":"","site-post-title":"","ast-breadcrumbs-content":"","ast-featured-img":"","footer-sml-layout":"","ast-disable-related-posts":"","theme-transparent-header-meta":"","adv-header-id-meta":"","stick-header-meta":"","header-above-stick-meta":"","header-main-stick-meta":"","header-below-stick-meta":"","astra-migrate-meta-layouts":"set","ast-page-background-enabled":"default","ast-page-background-meta":{"desktop":{"background-color":"var(--ast-global-color-4)","background-image":"","background-repeat":"repeat","background-position":"center center","background-size":"auto","background-attachment":"scroll","background-type":"","background-media":"","overlay-type":"","overlay-color":"","overlay-opacity":"","overlay-gradient":""},"tablet":{"background-color":"","background-image":"","background-repeat":"repeat","background-position":"center center","background-size":"auto","background-attachment":"scroll","background-type":"","background-media":"","overlay-type":"","overlay-color":"","overlay-opacity":"","overlay-gradient":""},"mobile":{"background-color":"","background-image":"","background-repeat":"repeat","background-position":"center center","background-size":"auto","background-attachment":"scroll","background-type":"","background-media":"","overlay-type":"","overlay-color":"","overlay-opacity":"","overlay-gradient":""}},"ast-content-background-meta":{"desktop":{"background-color":"var(--ast-global-color-5)","background-image":"","background-repeat":"repeat","background-position":"center center","background-size":"auto","background-attachment":"scroll","background-type":"","background-media":"","overlay-type":"","overlay-color":"","overlay-opacity":"","overlay-gradient":""},"tablet":{"background-color":"var(--ast-global-color-5)","background-image":"","background-repeat":"repeat","background-position":"center center","background-size":"auto","background-attachment":"scroll","background-type":"","background-media":"","overlay-type":"","overlay-color":"","overlay-opacity":"","overlay-gradient":""},"mobile":{"background-color":"var(--ast-global-color-5)","background-image":"","background-repeat":"repeat","background-position":"center center","background-size":"auto","background-attachment":"scroll","background-type":"","background-media":"","overlay-type":"","overlay-color":"","overlay-opacity":"","overlay-gradient":""}},"_joinchat":[],"footnotes":""},"categories":[1],"tags":[],"class_list":["post-35402","post","type-post","status-publish","format-standard","has-post-thumbnail","hentry","category-sin-categoria"],"_links":{"self":[{"href":"https:\/\/mueblesdetena.es\/ru_ru\/wp-json\/wp\/v2\/posts\/35402","targetHints":{"allow":["GET"]}}],"collection":[{"href":"https:\/\/mueblesdetena.es\/ru_ru\/wp-json\/wp\/v2\/posts"}],"about":[{"href":"https:\/\/mueblesdetena.es\/ru_ru\/wp-json\/wp\/v2\/types\/post"}],"author":[{"embeddable":true,"href":"https:\/\/mueblesdetena.es\/ru_ru\/wp-json\/wp\/v2\/users\/618"}],"replies":[{"embeddable":true,"href":"https:\/\/mueblesdetena.es\/ru_ru\/wp-json\/wp\/v2\/comments?post=35402"}],"version-history":[{"count":8,"href":"https:\/\/mueblesdetena.es\/ru_ru\/wp-json\/wp\/v2\/posts\/35402\/revisions"}],"predecessor-version":[{"id":35446,"href":"https:\/\/mueblesdetena.es\/ru_ru\/wp-json\/wp\/v2\/posts\/35402\/revisions\/35446"}],"wp:featuredmedia":[{"embeddable":true,"href":"https:\/\/mueblesdetena.es\/ru_ru\/wp-json\/wp\/v2\/media\/35417"}],"wp:attachment":[{"href":"https:\/\/mueblesdetena.es\/ru_ru\/wp-json\/wp\/v2\/media?parent=35402"}],"wp:term":[{"taxonomy":"category","embeddable":true,"href":"https:\/\/mueblesdetena.es\/ru_ru\/wp-json\/wp\/v2\/categories?post=35402"},{"taxonomy":"post_tag","embeddable":true,"href":"https:\/\/mueblesdetena.es\/ru_ru\/wp-json\/wp\/v2\/tags?post=35402"}],"curies":[{"name":"wp","href":"https:\/\/api.w.org\/{rel}","templated":true}]}}