{"id":35887,"date":"2025-02-18T09:00:00","date_gmt":"2025-02-18T08:00:00","guid":{"rendered":"https:\/\/mueblesdetena.es\/?p=35887"},"modified":"2025-02-14T09:38:10","modified_gmt":"2025-02-14T08:38:10","slug":"muebles-clave-transformar-hoger-2025","status":"publish","type":"post","link":"https:\/\/mueblesdetena.es\/ru_ru\/muebles-clave-transformar-hoger-2025\/","title":{"rendered":"10 nuevos muebles clave para transformar tu hogar en 2025"},"content":{"rendered":"<p class=\"has-medium-font-size wp-block-paragraph\">Renovar el mobiliario es una de las formas m\u00e1s efectivas de transformar un hogar, aportando frescura, elegancia y confort. <strong>En 2025, los muebles no solo deben ser est\u00e9ticamente atractivos, sino tambi\u00e9n funcionales y adaptados a las nuevas necesidades del d\u00eda a d\u00eda<\/strong>. Elegir piezas clave permite redefinir los espacios con estilo y personalidad.<\/p>\n\n\n\n<p class=\"has-medium-font-size wp-block-paragraph\">M\u00e1s all\u00e1 de la est\u00e9tica, cambiar los muebles es una inversi\u00f3n en bienestar y organizaci\u00f3n. <strong>Un buen dise\u00f1o puede optimizar la distribuci\u00f3n, mejorar la comodidad y aportar soluciones de almacenamiento inteligentes<\/strong>. La clave est\u00e1 en encontrar piezas vers\u00e1tiles que se integren con la decoraci\u00f3n existente, creando ambientes armoniosos y adaptados a cada estilo de vida.<\/p>\n\n\n\n<p class=\"has-medium-font-size wp-block-paragraph\"><strong>Las tendencias en mobiliario para 2025 apuestan por el minimalismo c\u00e1lido<\/strong>, donde los materiales naturales, como la madera en tonos suaves, cobran protagonismo. Los muebles multifuncionales ganan relevancia, permitiendo aprovechar cada rinc\u00f3n sin renunciar al dise\u00f1o. <strong>Colores neutros, l\u00edneas depuradas y detalles artesanales<\/strong> marcar\u00e1n el car\u00e1cter de los espacios m\u00e1s sofisticados.<\/p>\n\n\n\n<p class=\"has-medium-font-size wp-block-paragraph\">En este art\u00edculo, exploraremos <strong>diez muebles clave de <a href=\"https:\/\/mueblesdetena.es\/ru_ru\/\">nuestra web<\/a> para renovar la sala de estar, el comedor y el dormitorio<\/strong> con un enfoque actual y elegante. Cada pieza ha sido cuidadosamente seleccionada para aportar funcionalidad y estilo, creando interiores llenos de personalidad y acorde a las tendencias de 2025.<\/p>\n\n\n\n<div style=\"height:50px\" aria-hidden=\"true\" class=\"wp-block-spacer\"><\/div>\n\n\n\n<div id=\"ez-toc-container\" class=\"ez-toc-v2_0_85 ez-toc-wrap-center counter-hierarchy ez-toc-counter ez-toc-grey ez-toc-container-direction\">\n<div class=\"ez-toc-title-container\">\n<p class=\"ez-toc-title\" style=\"cursor:inherit\">Tabla de contenidos<\/p>\n<span class=\"ez-toc-title-toggle\"><a href=\"#\" class=\"ez-toc-pull-right ez-toc-btn ez-toc-btn-xs ez-toc-btn-default ez-toc-toggle\" aria-label=\"Toggle Table of Content\"><span class=\"ez-toc-js-icon-con\"><span class=\"\"><span class=\"eztoc-hide\" style=\"display:none;\">Toggle<\/span><span class=\"ez-toc-icon-toggle-span\"><svg style=\"fill: #999;color:#999\" xmlns=\"http:\/\/www.w3.org\/2000\/svg\" class=\"list-377408\" width=\"20px\" height=\"20px\" viewbox=\"0 0 24 24\" fill=\"none\"><path d=\"M6 6H4v2h2V6zm14 0H8v2h12V6zM4 11h2v2H4v-2zm16 0H8v2h12v-2zM4 16h2v2H4v-2zm16 0H8v2h12v-2z\" fill=\"currentColor\"><\/path><\/svg><svg style=\"fill: #999;color:#999\" class=\"arrow-unsorted-368013\" xmlns=\"http:\/\/www.w3.org\/2000\/svg\" width=\"10px\" height=\"10px\" viewbox=\"0 0 24 24\" version=\"1.2\" baseprofile=\"tiny\"><path d=\"M18.2 9.3l-6.2-6.3-6.2 6.3c-.2.2-.3.4-.3.7s.1.5.3.7c.2.2.4.3.7.3h11c.3 0 .5-.1.7-.3.2-.2.3-.5.3-.7s-.1-.5-.3-.7zM5.8 14.7l6.2 6.3 6.2-6.3c.2-.2.3-.5.3-.7s-.1-.5-.3-.7c-.2-.2-.4-.3-.7-.3h-11c-.3 0-.5.1-.7.3-.2.2-.3.5-.3.7s.1.5.3.7z\"\/><\/svg><\/span><\/span><\/span><\/a><\/span><\/div>\n<nav><ul class='ez-toc-list ez-toc-list-level-1' ><li class='ez-toc-page-1 ez-toc-heading-level-2'><a class=\"ez-toc-link ez-toc-heading-1\" href=\"https:\/\/mueblesdetena.es\/ru_ru\/muebles-clave-transformar-hoger-2025\/#Muebles_para_la_sala_de_estar_Elegancia_y_confort\" >Muebles para la sala de estar: Elegancia y confort<\/a><ul class='ez-toc-list-level-3' ><li class='ez-toc-heading-level-3'><a class=\"ez-toc-link ez-toc-heading-2\" href=\"https:\/\/mueblesdetena.es\/ru_ru\/muebles-clave-transformar-hoger-2025\/#1_Salon-comedor_duo_de_Rimobel\" >1. Sal\u00f3n-comedor d\u00fao de Rimobel<\/a><\/li><li class='ez-toc-page-1 ez-toc-heading-level-3'><a class=\"ez-toc-link ez-toc-heading-3\" href=\"https:\/\/mueblesdetena.es\/ru_ru\/muebles-clave-transformar-hoger-2025\/#2_Aparador_Duo_112_de_Rimobel\" >2. Aparador D\u00fao 112 de Rimobel<\/a><\/li><li class='ez-toc-page-1 ez-toc-heading-level-3'><a class=\"ez-toc-link ez-toc-heading-4\" href=\"https:\/\/mueblesdetena.es\/ru_ru\/muebles-clave-transformar-hoger-2025\/#3_Sillon_relax_electrico_Celia\" >3. Sill\u00f3n relax el\u00e9ctrico Celia<\/a><\/li><li class='ez-toc-page-1 ez-toc-heading-level-3'><a class=\"ez-toc-link ez-toc-heading-5\" href=\"https:\/\/mueblesdetena.es\/ru_ru\/muebles-clave-transformar-hoger-2025\/#4_Sillon_Midas_de_Pemi\" >4. Sill\u00f3n Midas de Pemi<\/a><\/li><li class='ez-toc-page-1 ez-toc-heading-level-3'><a class=\"ez-toc-link ez-toc-heading-6\" href=\"https:\/\/mueblesdetena.es\/ru_ru\/muebles-clave-transformar-hoger-2025\/#5_Sofa_chaise_longue_de_3_metros\" >5. Sof\u00e1 chaise longue de 3 metros<\/a><\/li><\/ul><\/li><li class='ez-toc-page-1 ez-toc-heading-level-2'><a class=\"ez-toc-link ez-toc-heading-7\" href=\"https:\/\/mueblesdetena.es\/ru_ru\/muebles-clave-transformar-hoger-2025\/#Muebles_para_el_comedor_Diseno_y_funcionalidad\" >Muebles para el comedor: Dise\u00f1o y funcionalidad<\/a><ul class='ez-toc-list-level-3' ><li class='ez-toc-heading-level-3'><a class=\"ez-toc-link ez-toc-heading-8\" href=\"https:\/\/mueblesdetena.es\/ru_ru\/muebles-clave-transformar-hoger-2025\/#6_Mesa_de_comedor_Kzan140\" >6. Mesa de comedor Kzan140<\/a><\/li><\/ul><\/li><li class='ez-toc-page-1 ez-toc-heading-level-2'><a class=\"ez-toc-link ez-toc-heading-9\" href=\"https:\/\/mueblesdetena.es\/ru_ru\/muebles-clave-transformar-hoger-2025\/#Muebles_para_el_dormitorio_Descanso_con_estilo\" >Muebles para el dormitorio: Descanso con estilo<\/a><ul class='ez-toc-list-level-3' ><li class='ez-toc-heading-level-3'><a class=\"ez-toc-link ez-toc-heading-10\" href=\"https:\/\/mueblesdetena.es\/ru_ru\/muebles-clave-transformar-hoger-2025\/#7_Armario_de_4_puertas_SLC\" >7. Armario de 4 puertas SLC<\/a><\/li><li class='ez-toc-page-1 ez-toc-heading-level-3'><a class=\"ez-toc-link ez-toc-heading-11\" href=\"https:\/\/mueblesdetena.es\/ru_ru\/muebles-clave-transformar-hoger-2025\/#8_Canape_Ares\" >8. Canap\u00e9 Ares<\/a><\/li><li class='ez-toc-page-1 ez-toc-heading-level-3'><a class=\"ez-toc-link ez-toc-heading-12\" href=\"https:\/\/mueblesdetena.es\/ru_ru\/muebles-clave-transformar-hoger-2025\/#9_Composicion_de_litera_abatible_RIMOBEL\" >9. Composici\u00f3n de litera abatible RIMOBEL<\/a><\/li><li class='ez-toc-page-1 ez-toc-heading-level-3'><a class=\"ez-toc-link ez-toc-heading-13\" href=\"https:\/\/mueblesdetena.es\/ru_ru\/muebles-clave-transformar-hoger-2025\/#10_Dormitorio_de_matrimonio_Emotion_17\" >10. Dormitorio de matrimonio Emotion 17<\/a><\/li><\/ul><\/li><\/ul><\/nav><\/div>\n<h2 class=\"wp-block-heading\"><span class=\"ez-toc-section\" id=\"Muebles_para_la_sala_de_estar_Elegancia_y_confort\"><\/span>Muebles para la sala de estar: Elegancia y confort<span class=\"ez-toc-section-end\"><\/span><\/h2>\n\n\n\n<div style=\"height:25px\" aria-hidden=\"true\" class=\"wp-block-spacer\"><\/div>\n\n\n\n<h3 class=\"wp-block-heading\"><span class=\"ez-toc-section\" id=\"1_Salon-comedor_duo_de_Rimobel\"><\/span>1. Sal\u00f3n-comedor d\u00fao de Rimobel<span class=\"ez-toc-section-end\"><\/span><\/h3>\n\n\n\n<ol class=\"wp-block-list\">\n<li><\/li>\n<\/ol>\n\n\n\n<p class=\"has-medium-font-size wp-block-paragraph\">El <a href=\"https:\/\/mueblesdetena.es\/ru_ru\/salon-comedor-duo-rimobel\/\"><strong>sal\u00f3n-comedor d\u00fao de Rimobel<\/strong><\/a> destaca por su dise\u00f1o moderno, donde las l\u00edneas rectas y los acabados en tonos neutros se combinan para crear un ambiente sofisticado. La <strong>madera en acabado natural<\/strong> aporta calidez, mientras que <strong>los detalles en blanco refuerzan su est\u00e9tica contempor\u00e1nea<\/strong>. Este conjunto de muebles es perfecto para quienes buscan una decoraci\u00f3n equilibrada y atemporal, adaptada a las tendencias de 2025.<\/p>\n\n\n\n<p class=\"has-medium-font-size wp-block-paragraph\"><strong>Pensado para espacios abiertos, este conjunto encaja a la perfecci\u00f3n en hogares de concepto di\u00e1fano<\/strong>, donde el sal\u00f3n y el comedor se fusionan en un mismo ambiente. Su dise\u00f1o permite delimitar las distintas \u00e1reas sin necesidad de paredes, favoreciendo la fluidez visual. La versatilidad de estos muebles los convierte en una elecci\u00f3n ideal para decoraciones contempor\u00e1neas, donde la funcionalidad y la est\u00e9tica se equilibran con naturalidad.<\/p>\n\n\n\n<p class=\"has-medium-font-size wp-block-paragraph\">Para realzar su estilo, <strong>se recomienda combinarlo con sof\u00e1s en tonos claros, como beige o gris perla<\/strong>, que refuercen la sensaci\u00f3n de amplitud. Una alfombra minimalista en colores neutros aportar\u00e1 textura sin recargar el espacio, mientras que unas l\u00e1mparas colgantes met\u00e1licas a\u00f1adir\u00e1n un toque moderno y elegante. Esta combinaci\u00f3n no solo resalta el dise\u00f1o del sal\u00f3n-comedor d\u00fao, sino que tambi\u00e9n lo integra armoniosamente en las tendencias de 2025.<\/p>\n\n\n\n<div style=\"height:25px\" aria-hidden=\"true\" class=\"wp-block-spacer\"><\/div>\n\n\n\n<h3 class=\"wp-block-heading\"><span class=\"ez-toc-section\" id=\"2_Aparador_Duo_112_de_Rimobel\"><\/span>2. Aparador D\u00fao 112 de Rimobel<span class=\"ez-toc-section-end\"><\/span><\/h3>\n\n\n\n<p class=\"has-medium-font-size wp-block-paragraph\">El <a href=\"https:\/\/mueblesdetena.es\/ru_ru\/aparador-duo-112-rimobel\/\"><strong>aparador D\u00fao 112 de Rimobel<\/strong><\/a> es la elecci\u00f3n perfecta para quienes buscan muebles funcionales sin renunciar a la est\u00e9tica. <strong>Su dise\u00f1o depurado y sus amplios compartimentos permiten mantener el orden en el hogar con un toque sofisticado<\/strong>. Ideal para salones y comedores contempor\u00e1neos, este aparador es una apuesta segura para renovar el espacio en 2025.<\/p>\n\n\n\n<p class=\"has-medium-font-size wp-block-paragraph\">Su acabado en tonos neutros y l\u00edneas minimalistas <strong>encaja a la perfecci\u00f3n en interiores de inspiraci\u00f3n <a href=\"https:\/\/es.wikipedia.org\/wiki\/Dise%C3%B1o_n%C3%B3rdico\" target=\"_blank\" rel=\"noopener\">n\u00f3rdica<\/a> y moderna<\/strong>. Su estructura elegante y su dise\u00f1o de baja altura permiten integrarlo sin esfuerzo en espacios abiertos, aportando ligereza visual. Combinado con texturas naturales y una paleta de colores suaves, se convierte en el eje de una decoraci\u00f3n equilibrada y armoniosa.<\/p>\n\n\n\n<p class=\"has-medium-font-size wp-block-paragraph\">Para realzar su presencia, nada mejor que <strong>apostar por jarrones cer\u00e1micos, espejos redondos y plantas de interior<\/strong>. Estos elementos aportan dinamismo y frescura, potenciando la sensaci\u00f3n de amplitud. A\u00f1adir iluminaci\u00f3n c\u00e1lida y accesorios en materiales nobles como la madera o el m\u00e1rmol elevar\u00e1 a\u00fan m\u00e1s su impacto decorativo.<\/p>\n\n\n\n<div style=\"height:50px\" aria-hidden=\"true\" class=\"wp-block-spacer\"><\/div>\n\n\n\n<figure class=\"wp-block-image alignfull size-full\"><img fetchpriority=\"high\" decoding=\"async\" width=\"2368\" height=\"1318\" src=\"https:\/\/mueblesdetena.es\/wp-content\/uploads\/2025\/02\/muebles-nuevos-2.jpg\" alt=\"muebles, 2025\" class=\"wp-image-35889\" srcset=\"https:\/\/mueblesdetena.es\/wp-content\/uploads\/2025\/02\/muebles-nuevos-2.jpg 2368w, https:\/\/mueblesdetena.es\/wp-content\/uploads\/2025\/02\/muebles-nuevos-2-300x167.jpg 300w, https:\/\/mueblesdetena.es\/wp-content\/uploads\/2025\/02\/muebles-nuevos-2-1024x570.jpg 1024w, https:\/\/mueblesdetena.es\/wp-content\/uploads\/2025\/02\/muebles-nuevos-2-768x427.jpg 768w, https:\/\/mueblesdetena.es\/wp-content\/uploads\/2025\/02\/muebles-nuevos-2-1536x855.jpg 1536w, https:\/\/mueblesdetena.es\/wp-content\/uploads\/2025\/02\/muebles-nuevos-2-2048x1140.jpg 2048w, https:\/\/mueblesdetena.es\/wp-content\/uploads\/2025\/02\/muebles-nuevos-2-600x334.jpg 600w\" sizes=\"(max-width: 2368px) 100vw, 2368px\" \/><\/figure>\n\n\n\n<div style=\"height:50px\" aria-hidden=\"true\" class=\"wp-block-spacer\"><\/div>\n\n\n\n<h3 class=\"wp-block-heading\"><span class=\"ez-toc-section\" id=\"3_Sillon_relax_electrico_Celia\"><\/span>3. Sill\u00f3n relax el\u00e9ctrico Celia<span class=\"ez-toc-section-end\"><\/span><\/h3>\n\n\n\n<p class=\"has-medium-font-size wp-block-paragraph\">El <strong><a href=\"https:\/\/mueblesdetena.es\/ru_ru\/sillon-relax-electrico-celia\/\">sill\u00f3n relax el\u00e9ctrico Celia<\/a><\/strong> es la fusi\u00f3n perfecta entre sofisticaci\u00f3n y comodidad, convirti\u00e9ndose en una pieza imprescindible para quienes buscan estilo sin renunciar al confort. <strong>Su dise\u00f1o ergon\u00f3mico y su sistema de reclinado el\u00e9ctrico<\/strong> permiten encontrar la posici\u00f3n ideal con solo pulsar un bot\u00f3n, elevando la experiencia de descanso a un nuevo nivel. En 2025, los <strong>muebles con tecnolog\u00eda integrada<\/strong> marcar\u00e1n tendencia, y este sill\u00f3n es un claro ejemplo de c\u00f3mo la funcionalidad se une al dise\u00f1o elegante.<\/p>\n\n\n\n<p class=\"has-medium-font-size wp-block-paragraph\">Ubicar el <strong>sill\u00f3n relax Celia<\/strong> en un rinc\u00f3n de lectura es una apuesta segura para crear un espacio acogedor y personal. <strong>Su tapizado en tonos neutros facilita su integraci\u00f3n en cualquier estilo decorativo<\/strong>, desde el minimalismo m\u00e1s puro hasta ambientes de inspiraci\u00f3n cl\u00e1sica. <strong>Combinado con textiles suaves y una estanter\u00eda de madera natural<\/strong>, este mueble se convierte en el protagonista de un refugio perfecto para desconectar.<\/p>\n\n\n\n<p class=\"has-medium-font-size wp-block-paragraph\">Para potenciar su elegancia, <strong>lo ideal es acompa\u00f1arlo con una mesa auxiliar de madera y una l\u00e1mpara de pie en tonos dorados o negros<\/strong>, aportando un toque sofisticado al ambiente. Este tipo de combinaciones equilibran la est\u00e9tica y la funcionalidad, siguiendo la tendencia de muebles 2025 que priorizan el <strong>dise\u00f1o atemporal con acabados de alta calidad<\/strong>. Apostar por materiales nobles y tonos c\u00e1lidos har\u00e1 que el espacio respire armon\u00eda y exclusividad.<\/p>\n\n\n\n<div style=\"height:25px\" aria-hidden=\"true\" class=\"wp-block-spacer\"><\/div>\n\n\n\n<h3 class=\"wp-block-heading\"><span class=\"ez-toc-section\" id=\"4_Sillon_Midas_de_Pemi\"><\/span>4. Sill\u00f3n Midas de Pemi<span class=\"ez-toc-section-end\"><\/span><\/h3>\n\n\n\n<p class=\"has-medium-font-size wp-block-paragraph\">El <a href=\"https:\/\/mueblesdetena.es\/ru_ru\/sillon-midas-pemi\/\"><strong>sill\u00f3n Midas de Pemi<\/strong><\/a> destaca por su dise\u00f1o ergon\u00f3mico, pensado para ofrecer el m\u00e1ximo confort sin renunciar a la est\u00e9tica. <strong>Su estructura envolvente y sus l\u00edneas suaves aportan un toque moderno y elegante<\/strong>, ideal para quienes buscan muebles sofisticados y funcionales. En 2025, la tendencia apuesta por piezas que combinan dise\u00f1o y bienestar, y este sill\u00f3n es un claro ejemplo.<\/p>\n\n\n\n<p class=\"has-medium-font-size wp-block-paragraph\">Perfecto para crear un rinc\u00f3n de descanso o una zona de conversaci\u00f3n, <strong>su dise\u00f1o vers\u00e1til permite integrarlo f\u00e1cilmente en diferentes estilos decorativos<\/strong>. Desde un sal\u00f3n contempor\u00e1neo hasta un despacho con aire relajado, el sill\u00f3n Midas se convierte en el protagonista del espacio. Su <strong>equilibrio entre comodidad y estilo minimalista\/vanguardista<\/strong> lo hace imprescindible en hogares que buscan muebles con car\u00e1cter y funcionalidad.<\/p>\n\n\n\n<p class=\"has-medium-font-size wp-block-paragraph\">Para potenciar su elegancia, <strong>se puede complementar con una manta de lino en tonos neutros y cojines en colores tierra o azul petr\u00f3leo<\/strong>. Estas combinaciones aportan calidez y sofisticaci\u00f3n, realzando el dise\u00f1o sin recargar el ambiente. La mezcla de texturas naturales refuerza la sensaci\u00f3n de confort, aline\u00e1ndose con las tendencias de 2025, que apuestan por espacios acogedores y bien dise\u00f1ados.<\/p>\n\n\n\n<div style=\"height:50px\" aria-hidden=\"true\" class=\"wp-block-spacer\"><\/div>\n\n\n\n<figure class=\"wp-block-image alignfull size-full\"><img decoding=\"async\" width=\"2368\" height=\"1318\" src=\"https:\/\/mueblesdetena.es\/wp-content\/uploads\/2025\/02\/muebles-nuevos-3.jpg\" alt=\"muebles, 2025\" class=\"wp-image-35890\" srcset=\"https:\/\/mueblesdetena.es\/wp-content\/uploads\/2025\/02\/muebles-nuevos-3.jpg 2368w, https:\/\/mueblesdetena.es\/wp-content\/uploads\/2025\/02\/muebles-nuevos-3-300x167.jpg 300w, https:\/\/mueblesdetena.es\/wp-content\/uploads\/2025\/02\/muebles-nuevos-3-1024x570.jpg 1024w, https:\/\/mueblesdetena.es\/wp-content\/uploads\/2025\/02\/muebles-nuevos-3-768x427.jpg 768w, https:\/\/mueblesdetena.es\/wp-content\/uploads\/2025\/02\/muebles-nuevos-3-1536x855.jpg 1536w, https:\/\/mueblesdetena.es\/wp-content\/uploads\/2025\/02\/muebles-nuevos-3-2048x1140.jpg 2048w, https:\/\/mueblesdetena.es\/wp-content\/uploads\/2025\/02\/muebles-nuevos-3-600x334.jpg 600w\" sizes=\"(max-width: 2368px) 100vw, 2368px\" \/><\/figure>\n\n\n\n<div style=\"height:50px\" aria-hidden=\"true\" class=\"wp-block-spacer\"><\/div>\n\n\n\n<h3 class=\"wp-block-heading\"><span class=\"ez-toc-section\" id=\"5_Sofa_chaise_longue_de_3_metros\"><\/span>5. Sof\u00e1 chaise longue de 3 metros<span class=\"ez-toc-section-end\"><\/span><\/h3>\n\n\n\n<p class=\"has-medium-font-size wp-block-paragraph\"><strong>Con una silueta imponente y una tapicer\u00eda de alta calidad<\/strong>, el <a href=\"https:\/\/mueblesdetena.es\/ru_ru\/33782\/\">sof\u00e1 chaise longue de 3 metros<\/a> es una pieza clave para transformar la sala de estar en un espacio sofisticado y funcional. <strong>Su dise\u00f1o contempor\u00e1neo encaja a la perfecci\u00f3n con la est\u00e9tica minimalista<\/strong> que marcar\u00e1 tendencia en 2025, ofreciendo un equilibrio entre comodidad y elegancia.<\/p>\n\n\n\n<p class=\"has-medium-font-size wp-block-paragraph\">Este sof\u00e1 no solo deslumbra por su est\u00e9tica refinada, sino que tambi\u00e9n <strong>brinda un confort inigualable gracias a su amplitud y su asiento profundo<\/strong>. Ideal para largas tardes de descanso o reuniones con invitados, se convierte en el epicentro de la vida social del hogar. Su <strong>estructura robusta y acabados premium<\/strong> garantizan durabilidad, convirti\u00e9ndolo en una inversi\u00f3n imprescindible en muebles de alta gama.<\/p>\n\n\n\n<p class=\"has-medium-font-size wp-block-paragraph\">Para potenciar su estilo, <strong>este chaise longue armoniza con cojines en tonos neutros y texturas naturales como el lino o la lana<\/strong>. Su presencia se realza con <strong>mesas auxiliares de l\u00edneas puras y alfombras de fibras naturales<\/strong>, logrando un ambiente c\u00e1lido y sofisticado. En 2025, la combinaci\u00f3n de materiales nobles y dise\u00f1o vers\u00e1til seguir\u00e1 siendo clave en los interiores m\u00e1s vanguardistas.<\/p>\n\n\n\n<div style=\"height:25px\" aria-hidden=\"true\" class=\"wp-block-spacer\"><\/div>\n\n\n\n<h2 class=\"wp-block-heading\"><span class=\"ez-toc-section\" id=\"Muebles_para_el_comedor_Diseno_y_funcionalidad\"><\/span>Muebles para el comedor: Dise\u00f1o y funcionalidad<span class=\"ez-toc-section-end\"><\/span><\/h2>\n\n\n\n<div style=\"height:25px\" aria-hidden=\"true\" class=\"wp-block-spacer\"><\/div>\n\n\n\n<h3 class=\"wp-block-heading\"><span class=\"ez-toc-section\" id=\"6_Mesa_de_comedor_Kzan140\"><\/span>6. Mesa de comedor Kzan140<span class=\"ez-toc-section-end\"><\/span><\/h3>\n\n\n\n<p class=\"has-medium-font-size wp-block-paragraph\">La <strong><a href=\"https:\/\/mueblesdetena.es\/ru_ru\/mesa-de-comedor-kzan140\/\">mesa de comedor Kzan140<\/a><\/strong> es una pieza de dise\u00f1o robusto y atemporal, perfecta para quienes buscan un equilibrio entre estilo y funcionalidad. Su estructura s\u00f3lida y acabados de alta calidad la convierten en el centro ideal de reuniones familiares, <strong>fusionando la calidez de la madera con una est\u00e9tica moderna<\/strong> que se adapta a cualquier espacio. Este mueble no solo aporta presencia, sino que tambi\u00e9n es una inversi\u00f3n en elegancia y durabilidad, dos elementos clave en las tendencias de 2025.<\/p>\n\n\n\n<p class=\"has-medium-font-size wp-block-paragraph\">El encanto de esta mesa reside en su versatilidad, combinando a la perfecci\u00f3n con <strong>sillas en tonos conjuntados neutros<\/strong> para un look armonioso y que sirven para a\u00f1adir un toque contempor\u00e1neo. <strong>Materiales como el terciopelo o la piel sint\u00e9tica en los asientos potencian su sofisticaci\u00f3n<\/strong>, mientras que bases met\u00e1licas en negro o dorado refuerzan su car\u00e1cter vanguardista. Un imprescindible para los amantes del dise\u00f1o refinado.<\/p>\n\n\n\n<p class=\"has-medium-font-size wp-block-paragraph\">Para una mesa con una presencia tan marcada, la decoraci\u00f3n debe mantener un equilibrio entre sobriedad y personalidad. Un <strong>centro de mesa con velas y flores secas<\/strong> aportar\u00e1 un aire acogedor sin restarle protagonismo al mueble. <strong>Jarrones de cer\u00e1mica en tonos tierra, combinados con elementos naturales como ramas de eucalipto o lavanda<\/strong>, crean una composici\u00f3n elegante que refleja las tendencias de 2025, donde la belleza y la funcionalidad caminan de la mano.<\/p>\n\n\n\n<div style=\"height:50px\" aria-hidden=\"true\" class=\"wp-block-spacer\"><\/div>\n\n\n\n<figure class=\"wp-block-image alignfull size-full\"><img decoding=\"async\" width=\"2368\" height=\"1318\" src=\"https:\/\/mueblesdetena.es\/wp-content\/uploads\/2025\/02\/muebles-nuevos-4.jpg\" alt=\"muebles, 2025\" class=\"wp-image-35891\" srcset=\"https:\/\/mueblesdetena.es\/wp-content\/uploads\/2025\/02\/muebles-nuevos-4.jpg 2368w, https:\/\/mueblesdetena.es\/wp-content\/uploads\/2025\/02\/muebles-nuevos-4-300x167.jpg 300w, https:\/\/mueblesdetena.es\/wp-content\/uploads\/2025\/02\/muebles-nuevos-4-1024x570.jpg 1024w, https:\/\/mueblesdetena.es\/wp-content\/uploads\/2025\/02\/muebles-nuevos-4-768x427.jpg 768w, https:\/\/mueblesdetena.es\/wp-content\/uploads\/2025\/02\/muebles-nuevos-4-1536x855.jpg 1536w, https:\/\/mueblesdetena.es\/wp-content\/uploads\/2025\/02\/muebles-nuevos-4-2048x1140.jpg 2048w, https:\/\/mueblesdetena.es\/wp-content\/uploads\/2025\/02\/muebles-nuevos-4-600x334.jpg 600w\" sizes=\"(max-width: 2368px) 100vw, 2368px\" \/><\/figure>\n\n\n\n<div style=\"height:50px\" aria-hidden=\"true\" class=\"wp-block-spacer\"><\/div>\n\n\n\n<h2 class=\"wp-block-heading\"><span class=\"ez-toc-section\" id=\"Muebles_para_el_dormitorio_Descanso_con_estilo\"><\/span>Muebles para el dormitorio: Descanso con estilo<span class=\"ez-toc-section-end\"><\/span><\/h2>\n\n\n\n<div style=\"height:25px\" aria-hidden=\"true\" class=\"wp-block-spacer\"><\/div>\n\n\n\n<h3 class=\"wp-block-heading\"><span class=\"ez-toc-section\" id=\"7_Armario_de_4_puertas_SLC\"><\/span>7. Armario de 4 puertas SLC<span class=\"ez-toc-section-end\"><\/span><\/h3>\n\n\n\n<p class=\"has-medium-font-size wp-block-paragraph\">El <strong><a href=\"https:\/\/mueblesdetena.es\/ru_ru\/armario-de-4-puertas-slc\/\">armario de 4 puertas SLC<\/a><\/strong> redefine la funcionalidad con un dise\u00f1o espacioso que se adapta a las necesidades del hogar moderno. <strong>Sus l\u00edneas depuradas y su estructura robusta<\/strong> ofrecen una soluci\u00f3n de almacenamiento vers\u00e1til, ideal para mantener el orden sin renunciar a la est\u00e9tica. En 2025, los muebles amplios con acabados neutros siguen marcando tendencia, apostando por ambientes serenos y organizados.<\/p>\n\n\n\n<p class=\"has-medium-font-size wp-block-paragraph\">Su dise\u00f1o <strong>encaja a la perfecci\u00f3n en dormitorios de estilo<\/strong> <strong>minimalista o contempor\u00e1neo<\/strong>, donde la sencillez y la armon\u00eda visual son clave. <strong>La ausencia de ornamentaci\u00f3n excesiva y su acabado en tonos neutros potencian la sensaci\u00f3n de amplitud<\/strong>, convirti\u00e9ndolo en una pieza imprescindible para quienes buscan sofisticaci\u00f3n sin estridencias. Este tipo de muebles destaca en espacios donde prima la luz natural y la sensaci\u00f3n de calma.<\/p>\n\n\n\n<p class=\"has-medium-font-size wp-block-paragraph\">Para integrarlo con elegancia, lo ideal es combinarlo con un <strong>cabecero de madera<\/strong> que aporte calidez y ropa de cama en tonos neutros como beige, gris o blanco roto. Esta combinaci\u00f3n no solo refuerza la est\u00e9tica equilibrada del dormitorio, sino que <strong>tambi\u00e9n permite jugar con textiles y peque\u00f1os detalles decorativos para a\u00f1adir personalidad<\/strong>. <\/p>\n\n\n\n<div style=\"height:25px\" aria-hidden=\"true\" class=\"wp-block-spacer\"><\/div>\n\n\n\n<h3 class=\"wp-block-heading\"><span class=\"ez-toc-section\" id=\"8_Canape_Ares\"><\/span>8. Canap\u00e9 Ares<span class=\"ez-toc-section-end\"><\/span><\/h3>\n\n\n\n<p class=\"has-medium-font-size wp-block-paragraph\">El <strong><a href=\"https:\/\/mueblesdetena.es\/ru_ru\/canape-ares\/\">canap\u00e9 Ares<\/a><\/strong> es la fusi\u00f3n perfecta entre elegancia y practicidad, <strong>ofreciendo un espacio de almacenamiento extra sin comprometer la est\u00e9tica del dormitorio<\/strong>. Su dise\u00f1o de l\u00edneas depuradas y acabados sofisticados lo convierten en una pieza clave para quienes buscan optimizar el espacio sin renunciar al estilo. Este tipo de muebles es una tendencia en auge para 2025, donde la funcionalidad se une a la belleza en cada detalle.<\/p>\n\n\n\n<p class=\"has-medium-font-size wp-block-paragraph\">Gracias a su dise\u00f1o vers\u00e1til, el canap\u00e9 Ares encaja con facilidad tanto en dormitorios modernos como en ambientes m\u00e1s cl\u00e1sicos. <strong>Su estructura robusta y la calidez de sus materiales permiten integrarlo en cualquier decoraci\u00f3n<\/strong>, desde espacios minimalistas hasta estancias m\u00e1s tradicionales con un aire sofisticado. Su capacidad para crear orden y armon\u00eda lo convierte en un imprescindible dentro de las tendencias de muebles para 2025.<\/p>\n\n\n\n<p class=\"has-medium-font-size wp-block-paragraph\">Para potenciar su est\u00e9tica, <strong>se recomienda combinarlo con cabeceros tapizados en tonos neutros o texturas acogedoras<\/strong>, aportando un plus de confort y elegancia. La iluminaci\u00f3n es clave: <strong>l\u00e1mparas de pared en acabados dorados o met\u00e1licos<\/strong> realzan su presencia y crean un ambiente envolvente. Con la elecci\u00f3n adecuada de textiles y accesorios, este canap\u00e9 se convierte en el centro de un dormitorio refinado y funcional, alineado con las tendencias m\u00e1s exclusivas del dise\u00f1o de interiores en 2025.<\/p>\n\n\n\n<div style=\"height:50px\" aria-hidden=\"true\" class=\"wp-block-spacer\"><\/div>\n\n\n\n<figure class=\"wp-block-image alignfull size-full\"><img loading=\"lazy\" decoding=\"async\" width=\"2368\" height=\"1318\" src=\"https:\/\/mueblesdetena.es\/wp-content\/uploads\/2025\/02\/muebles-nuevos-5.jpg\" alt=\"muebles, 2025\" class=\"wp-image-35892\" srcset=\"https:\/\/mueblesdetena.es\/wp-content\/uploads\/2025\/02\/muebles-nuevos-5.jpg 2368w, https:\/\/mueblesdetena.es\/wp-content\/uploads\/2025\/02\/muebles-nuevos-5-300x167.jpg 300w, https:\/\/mueblesdetena.es\/wp-content\/uploads\/2025\/02\/muebles-nuevos-5-1024x570.jpg 1024w, https:\/\/mueblesdetena.es\/wp-content\/uploads\/2025\/02\/muebles-nuevos-5-768x427.jpg 768w, https:\/\/mueblesdetena.es\/wp-content\/uploads\/2025\/02\/muebles-nuevos-5-1536x855.jpg 1536w, https:\/\/mueblesdetena.es\/wp-content\/uploads\/2025\/02\/muebles-nuevos-5-2048x1140.jpg 2048w, https:\/\/mueblesdetena.es\/wp-content\/uploads\/2025\/02\/muebles-nuevos-5-600x334.jpg 600w\" sizes=\"(max-width: 2368px) 100vw, 2368px\" \/><\/figure>\n\n\n\n<div style=\"height:50px\" aria-hidden=\"true\" class=\"wp-block-spacer\"><\/div>\n\n\n\n<h3 class=\"wp-block-heading\"><span class=\"ez-toc-section\" id=\"9_Composicion_de_litera_abatible_RIMOBEL\"><\/span>9. Composici\u00f3n de litera abatible RIMOBEL<span class=\"ez-toc-section-end\"><\/span><\/h3>\n\n\n\n<p class=\"has-medium-font-size wp-block-paragraph\">Pensada para optimizar el espacio sin renunciar al dise\u00f1o, <a href=\"https:\/\/mueblesdetena.es\/ru_ru\/composicion-de-litera-abatible-rmbo%c2%a8\/\">esta composici\u00f3n de litera abatible<\/a> <strong>es la soluci\u00f3n perfecta para dormitorios infantiles y juveniles<\/strong>. Su estructura compacta permite mantener el orden y la funcionalidad en habitaciones reducidas, aportando un aire moderno y pr\u00e1ctico. En 2025, los muebles con sistemas vers\u00e1tiles ganan protagonismo, y esta pieza se adapta a cualquier estilo decorativo.<\/p>\n\n\n\n<p class=\"has-medium-font-size wp-block-paragraph\">Gracias a su sistema abatible, la litera <strong>se integra discretamente en el entorno cuando no se usa, liberando superficie \u00fatil para juegos, estudio o descanso<\/strong>. Este tipo de muebles responde a las necesidades actuales de hogares cada vez m\u00e1s din\u00e1micos, donde cada cent\u00edmetro cuenta. Adem\u00e1s, su <strong>dise\u00f1o ergon\u00f3mico y seguro la convierte en una opci\u00f3n ideal para los m\u00e1s peque\u00f1os<\/strong>.<\/p>\n\n\n\n<p class=\"has-medium-font-size wp-block-paragraph\">Para potenciar su est\u00e9tica y funcionalidad, <strong>es recomendable combinarla con estanter\u00edas flotantes en tonos neutros o madera natural<\/strong>, creando un ambiente armonioso y bien organizado. Las alfombras coloridas aportan calidez y un toque personal al espacio, equilibrando la sobriedad del mobiliario con un aire m\u00e1s acogedor. Esta composici\u00f3n encarna la perfecta uni\u00f3n entre dise\u00f1o y utilidad, aline\u00e1ndose con las tendencias de decoraci\u00f3n m\u00e1s innovadoras de 2025.<\/p>\n\n\n\n<div style=\"height:25px\" aria-hidden=\"true\" class=\"wp-block-spacer\"><\/div>\n\n\n\n<h3 class=\"wp-block-heading\"><span class=\"ez-toc-section\" id=\"10_Dormitorio_de_matrimonio_Emotion_17\"><\/span>10. Dormitorio de matrimonio Emotion 17<span class=\"ez-toc-section-end\"><\/span><\/h3>\n\n\n\n<p class=\"has-medium-font-size wp-block-paragraph\">Con l\u00edneas depuradas y una est\u00e9tica contempor\u00e1nea, el <strong><a href=\"https:\/\/mueblesdetena.es\/ru_ru\/34944\/\">dormitorio Emotion 17<\/a><\/strong> redefine el concepto de descanso con un mobiliario sofisticado y funcional. <strong>Su cabecero en acabado madera crea un ambiente c\u00e1lido y acogedor<\/strong>, mientras que los detalles en tonos neutros aportan un equilibrio perfecto entre modernidad y elegancia. Una apuesta segura para quienes buscan muebles con car\u00e1cter y atemporalidad en 2025.<\/p>\n\n\n\n<p class=\"has-medium-font-size wp-block-paragraph\">La composici\u00f3n incluye un <strong>2 mesitas de con cajones<\/strong>, dise\u00f1ado para maximizar el almacenamiento sin renunciar al estilo. Su estructura compacta permite mantener el orden en el dormitorio sin recargar el espacio, convirti\u00e9ndolo en una soluci\u00f3n ideal para interiores de inspiraci\u00f3n minimalista. <strong>Combinado con textiles en lino y l\u00e1mparas de dise\u00f1o org\u00e1nico, potencia la armon\u00eda visual y la sensaci\u00f3n de amplitud<\/strong>.<\/p>\n\n\n\n<p class=\"has-medium-font-size wp-block-paragraph\">Este conjunto de muebles encaja a la perfecci\u00f3n con una decoraci\u00f3n natural y sofisticada. <strong>Elementos como alfombras de fibra vegetal, espejos de gran formato y tonos tierra complementan su est\u00e9tica moderna<\/strong>, creando un refugio personal donde la serenidad y el dise\u00f1o van de la mano. Una elecci\u00f3n imprescindible para quienes desean renovar su dormitorio en 2025 con un estilo impecable.<\/p>\n\n\n\n<div style=\"height:50px\" aria-hidden=\"true\" class=\"wp-block-spacer\"><\/div>\n\n\n\n<figure class=\"wp-block-image alignfull size-full\"><img loading=\"lazy\" decoding=\"async\" width=\"2368\" height=\"1318\" src=\"https:\/\/mueblesdetena.es\/wp-content\/uploads\/2025\/02\/muebles-nuevos-6.jpg\" alt=\"muebles, 2025\" class=\"wp-image-35893\" srcset=\"https:\/\/mueblesdetena.es\/wp-content\/uploads\/2025\/02\/muebles-nuevos-6.jpg 2368w, https:\/\/mueblesdetena.es\/wp-content\/uploads\/2025\/02\/muebles-nuevos-6-300x167.jpg 300w, https:\/\/mueblesdetena.es\/wp-content\/uploads\/2025\/02\/muebles-nuevos-6-1024x570.jpg 1024w, https:\/\/mueblesdetena.es\/wp-content\/uploads\/2025\/02\/muebles-nuevos-6-768x427.jpg 768w, https:\/\/mueblesdetena.es\/wp-content\/uploads\/2025\/02\/muebles-nuevos-6-1536x855.jpg 1536w, https:\/\/mueblesdetena.es\/wp-content\/uploads\/2025\/02\/muebles-nuevos-6-2048x1140.jpg 2048w, https:\/\/mueblesdetena.es\/wp-content\/uploads\/2025\/02\/muebles-nuevos-6-600x334.jpg 600w\" sizes=\"(max-width: 2368px) 100vw, 2368px\" \/><\/figure>\n\n\n\n<div style=\"height:50px\" aria-hidden=\"true\" class=\"wp-block-spacer\"><\/div>\n\n\n\n<p class=\"has-medium-font-size wp-block-paragraph\"><strong>Los nuevos muebles para 2025 apuestan por el equilibrio entre dise\u00f1o y funcionalidad<\/strong>. Desde la sofisticaci\u00f3n del sal\u00f3n-comedor D\u00fao hasta la comodidad del sill\u00f3n relax Celia, cada pieza est\u00e1 pensada para crear espacios acogedores y con personalidad. En el comedor, la robustez de la mesa Kzan140 y el car\u00e1cter del sof\u00e1 chaise longue de 3 metros aportan estilo sin renunciar a la practicidad.<\/p>\n\n\n\n<p class=\"has-medium-font-size wp-block-paragraph\">Para combinarlos con acierto, la clave est\u00e1 en fusionar materiales y texturas. Los muebles en tonos neutros ganan calidez con fibras naturales, mientras que los dise\u00f1os contempor\u00e1neos resaltan con detalles met\u00e1licos. En el dormitorio, el canap\u00e9 Ares y el armario SLC crean una base perfecta para ambientes relajados, donde la iluminaci\u00f3n y los textiles juegan un papel fundamental en la armon\u00eda del conjunto.<\/p>\n\n\n\n<p class=\"has-medium-font-size wp-block-paragraph\">Descubre en <strong><a href=\"https:\/\/mueblesdetena.es\/ru_ru\/\">Muebles Detena<\/a><\/strong> todas las tendencias en mobiliario para este 2025 y encuentra la pieza perfecta para renovar tu hogar con elegancia. Con una cuidada selecci\u00f3n de muebles vers\u00e1tiles y exclusivos, transformar cualquier estancia es ahora m\u00e1s f\u00e1cil que nunca.<\/p>","protected":false},"excerpt":{"rendered":"<p>Renovar el mobiliario es una de las formas m\u00e1s efectivas de transformar un hogar, aportando frescura, elegancia y confort. En 2025, los muebles no solo deben ser est\u00e9ticamente atractivos, sino tambi\u00e9n funcionales y adaptados a las nuevas necesidades del d\u00eda a d\u00eda. Elegir piezas clave permite redefinir los espacios con estilo y personalidad. M\u00e1s all\u00e1 [&hellip;]<\/p>\n","protected":false},"author":618,"featured_media":35888,"comment_status":"open","ping_status":"open","sticky":false,"template":"","format":"standard","meta":{"site-sidebar-layout":"default","site-content-layout":"","ast-site-content-layout":"default","site-content-style":"default","site-sidebar-style":"default","ast-global-header-display":"","ast-banner-title-visibility":"","ast-main-header-display":"","ast-hfb-above-header-display":"","ast-hfb-below-header-display":"","ast-hfb-mobile-header-display":"","site-post-title":"","ast-breadcrumbs-content":"","ast-featured-img":"","footer-sml-layout":"","ast-disable-related-posts":"","theme-transparent-header-meta":"","adv-header-id-meta":"","stick-header-meta":"","header-above-stick-meta":"","header-main-stick-meta":"","header-below-stick-meta":"","astra-migrate-meta-layouts":"set","ast-page-background-enabled":"default","ast-page-background-meta":{"desktop":{"background-color":"var(--ast-global-color-4)","background-image":"","background-repeat":"repeat","background-position":"center center","background-size":"auto","background-attachment":"scroll","background-type":"","background-media":"","overlay-type":"","overlay-color":"","overlay-opacity":"","overlay-gradient":""},"tablet":{"background-color":"","background-image":"","background-repeat":"repeat","background-position":"center center","background-size":"auto","background-attachment":"scroll","background-type":"","background-media":"","overlay-type":"","overlay-color":"","overlay-opacity":"","overlay-gradient":""},"mobile":{"background-color":"","background-image":"","background-repeat":"repeat","background-position":"center center","background-size":"auto","background-attachment":"scroll","background-type":"","background-media":"","overlay-type":"","overlay-color":"","overlay-opacity":"","overlay-gradient":""}},"ast-content-background-meta":{"desktop":{"background-color":"var(--ast-global-color-5)","background-image":"","background-repeat":"repeat","background-position":"center center","background-size":"auto","background-attachment":"scroll","background-type":"","background-media":"","overlay-type":"","overlay-color":"","overlay-opacity":"","overlay-gradient":""},"tablet":{"background-color":"var(--ast-global-color-5)","background-image":"","background-repeat":"repeat","background-position":"center center","background-size":"auto","background-attachment":"scroll","background-type":"","background-media":"","overlay-type":"","overlay-color":"","overlay-opacity":"","overlay-gradient":""},"mobile":{"background-color":"var(--ast-global-color-5)","background-image":"","background-repeat":"repeat","background-position":"center center","background-size":"auto","background-attachment":"scroll","background-type":"","background-media":"","overlay-type":"","overlay-color":"","overlay-opacity":"","overlay-gradient":""}},"_joinchat":[],"footnotes":""},"categories":[1],"tags":[],"class_list":["post-35887","post","type-post","status-publish","format-standard","has-post-thumbnail","hentry","category-sin-categoria"],"_links":{"self":[{"href":"https:\/\/mueblesdetena.es\/ru_ru\/wp-json\/wp\/v2\/posts\/35887","targetHints":{"allow":["GET"]}}],"collection":[{"href":"https:\/\/mueblesdetena.es\/ru_ru\/wp-json\/wp\/v2\/posts"}],"about":[{"href":"https:\/\/mueblesdetena.es\/ru_ru\/wp-json\/wp\/v2\/types\/post"}],"author":[{"embeddable":true,"href":"https:\/\/mueblesdetena.es\/ru_ru\/wp-json\/wp\/v2\/users\/618"}],"replies":[{"embeddable":true,"href":"https:\/\/mueblesdetena.es\/ru_ru\/wp-json\/wp\/v2\/comments?post=35887"}],"version-history":[{"count":3,"href":"https:\/\/mueblesdetena.es\/ru_ru\/wp-json\/wp\/v2\/posts\/35887\/revisions"}],"predecessor-version":[{"id":35912,"href":"https:\/\/mueblesdetena.es\/ru_ru\/wp-json\/wp\/v2\/posts\/35887\/revisions\/35912"}],"wp:featuredmedia":[{"embeddable":true,"href":"https:\/\/mueblesdetena.es\/ru_ru\/wp-json\/wp\/v2\/media\/35888"}],"wp:attachment":[{"href":"https:\/\/mueblesdetena.es\/ru_ru\/wp-json\/wp\/v2\/media?parent=35887"}],"wp:term":[{"taxonomy":"category","embeddable":true,"href":"https:\/\/mueblesdetena.es\/ru_ru\/wp-json\/wp\/v2\/categories?post=35887"},{"taxonomy":"post_tag","embeddable":true,"href":"https:\/\/mueblesdetena.es\/ru_ru\/wp-json\/wp\/v2\/tags?post=35887"}],"curies":[{"name":"wp","href":"https:\/\/api.w.org\/{rel}","templated":true}]}}