{"id":36419,"date":"2025-03-04T09:00:00","date_gmt":"2025-03-04T08:00:00","guid":{"rendered":"https:\/\/mueblesdetena.es\/?p=36419"},"modified":"2025-02-28T09:52:59","modified_gmt":"2025-02-28T08:52:59","slug":"habitacion-con-cuna","status":"publish","type":"post","link":"https:\/\/mueblesdetena.es\/ru_ru\/habitacion-con-cuna\/","title":{"rendered":"7 ideas geniales para composiciones de habitaci\u00f3n con cuna para tu beb\u00e9"},"content":{"rendered":"<p class=\"has-medium-font-size wp-block-paragraph\">Dise\u00f1ar una <strong>habitaci\u00f3n con cuna<\/strong> es mucho m\u00e1s que elegir muebles bonitos. Se trata de <strong>crear un espacio armonioso, seguro y funcional<\/strong> que favorezca el bienestar del beb\u00e9 y facilite la rutina diaria de los padres. La correcta disposici\u00f3n de cada elemento influye en la sensaci\u00f3n de amplitud, en la comodidad de los movimientos y en la eficiencia del almacenaje, aspectos esenciales en los primeros meses de vida del peque\u00f1o.<\/p>\n\n\n\n<p class=\"has-medium-font-size wp-block-paragraph\"><strong>Las \u00faltimas tendencias en decoraci\u00f3n infantil apuestan por la versatilidad<\/strong>: composiciones con cuna que crecen con el beb\u00e9, soluciones de almacenamiento oculto y una paleta de colores serena que potencia la calma. Adem\u00e1s, el mobiliario sostenible y los materiales naturales se han convertido en imprescindibles, aportando calidez y un aire atemporal a la estancia sin renunciar a la funcionalidad.<\/p>\n\n\n\n<p class=\"has-medium-font-size wp-block-paragraph\">Si buscas inspiraci\u00f3n para crear un ambiente acogedor y bien aprovechado, estas <strong>7 ideas geniales para composiciones con cuna<\/strong> te ayudar\u00e1n a dise\u00f1ar una habitaci\u00f3n perfecta para tu beb\u00e9. Desde soluciones minimalistas hasta espacios con un toque <a href=\"https:\/\/es.wikipedia.org\/wiki\/M%C3%A9todo_Montessori\" target=\"_blank\" rel=\"noopener\">Montessori<\/a>, descubre c\u00f3mo elegir los muebles adecuados y optimizar cada rinc\u00f3n con propuestas pr\u00e1cticas, est\u00e9ticas y adaptadas a tu estilo de vida.<\/p>\n\n\n\n<div style=\"height:50px\" aria-hidden=\"true\" class=\"wp-block-spacer\"><\/div>\n\n\n\n<div id=\"ez-toc-container\" class=\"ez-toc-v2_0_85 ez-toc-wrap-center counter-hierarchy ez-toc-counter ez-toc-grey ez-toc-container-direction\">\n<div class=\"ez-toc-title-container\">\n<p class=\"ez-toc-title\" style=\"cursor:inherit\">Tabla de contenidos<\/p>\n<span class=\"ez-toc-title-toggle\"><a href=\"#\" class=\"ez-toc-pull-right ez-toc-btn ez-toc-btn-xs ez-toc-btn-default ez-toc-toggle\" aria-label=\"Toggle Table of Content\"><span class=\"ez-toc-js-icon-con\"><span class=\"\"><span class=\"eztoc-hide\" style=\"display:none;\">Toggle<\/span><span class=\"ez-toc-icon-toggle-span\"><svg style=\"fill: #999;color:#999\" xmlns=\"http:\/\/www.w3.org\/2000\/svg\" class=\"list-377408\" width=\"20px\" height=\"20px\" viewbox=\"0 0 24 24\" fill=\"none\"><path d=\"M6 6H4v2h2V6zm14 0H8v2h12V6zM4 11h2v2H4v-2zm16 0H8v2h12v-2zM4 16h2v2H4v-2zm16 0H8v2h12v-2z\" fill=\"currentColor\"><\/path><\/svg><svg style=\"fill: #999;color:#999\" class=\"arrow-unsorted-368013\" xmlns=\"http:\/\/www.w3.org\/2000\/svg\" width=\"10px\" height=\"10px\" viewbox=\"0 0 24 24\" version=\"1.2\" baseprofile=\"tiny\"><path d=\"M18.2 9.3l-6.2-6.3-6.2 6.3c-.2.2-.3.4-.3.7s.1.5.3.7c.2.2.4.3.7.3h11c.3 0 .5-.1.7-.3.2-.2.3-.5.3-.7s-.1-.5-.3-.7zM5.8 14.7l6.2 6.3 6.2-6.3c.2-.2.3-.5.3-.7s-.1-.5-.3-.7c-.2-.2-.4-.3-.7-.3h-11c-.3 0-.5.1-.7.3-.2.2-.3.5-.3.7s.1.5.3.7z\"\/><\/svg><\/span><\/span><\/span><\/a><\/span><\/div>\n<nav><ul class='ez-toc-list ez-toc-list-level-1' ><li class='ez-toc-page-1 ez-toc-heading-level-2'><a class=\"ez-toc-link ez-toc-heading-1\" href=\"https:\/\/mueblesdetena.es\/ru_ru\/habitacion-con-cuna\/#Beneficios_de_una_composicion_de_habitacion_bien_disenada\" >Beneficios de una composici\u00f3n de habitaci\u00f3n bien dise\u00f1ada<\/a><ul class='ez-toc-list-level-3' ><li class='ez-toc-heading-level-3'><a class=\"ez-toc-link ez-toc-heading-2\" href=\"https:\/\/mueblesdetena.es\/ru_ru\/habitacion-con-cuna\/#Mejora_del_descanso_y_bienestar_del_bebe\" >Mejora del descanso y bienestar del beb\u00e9<\/a><\/li><li class='ez-toc-page-1 ez-toc-heading-level-3'><a class=\"ez-toc-link ez-toc-heading-3\" href=\"https:\/\/mueblesdetena.es\/ru_ru\/habitacion-con-cuna\/#Optimizacion_del_espacio_especialmente_en_habitaciones_pequenas\" >Optimizaci\u00f3n del espacio, especialmente en habitaciones peque\u00f1as<\/a><\/li><li class='ez-toc-page-1 ez-toc-heading-level-3'><a class=\"ez-toc-link ez-toc-heading-4\" href=\"https:\/\/mueblesdetena.es\/ru_ru\/habitacion-con-cuna\/#Mayor_comodidad_para_los_padres_en_el_dia_a_dia\" >Mayor comodidad para los padres en el d\u00eda a d\u00eda<\/a><\/li><li class='ez-toc-page-1 ez-toc-heading-level-3'><a class=\"ez-toc-link ez-toc-heading-5\" href=\"https:\/\/mueblesdetena.es\/ru_ru\/habitacion-con-cuna\/#Mayor_seguridad_con_una_distribucion_adecuada_de_los_muebles\" >Mayor seguridad con una distribuci\u00f3n adecuada de los muebles<\/a><\/li><\/ul><\/li><li class='ez-toc-page-1 ez-toc-heading-level-2'><a class=\"ez-toc-link ez-toc-heading-6\" href=\"https:\/\/mueblesdetena.es\/ru_ru\/habitacion-con-cuna\/#7_ideas_geniales_para_composiciones_de_habitacion_con_cuna\" >7 ideas geniales para composiciones de habitaci\u00f3n con cuna<\/a><ul class='ez-toc-list-level-3' ><li class='ez-toc-heading-level-3'><a class=\"ez-toc-link ez-toc-heading-7\" href=\"https:\/\/mueblesdetena.es\/ru_ru\/habitacion-con-cuna\/#Idea_1_Composicion_minimalista_y_funcional\" >Idea 1: Composici\u00f3n minimalista y funcional<\/a><\/li><li class='ez-toc-page-1 ez-toc-heading-level-3'><a class=\"ez-toc-link ez-toc-heading-8\" href=\"https:\/\/mueblesdetena.es\/ru_ru\/habitacion-con-cuna\/#Idea_2_Composicion_con_cuna_y_almacenaje_integrado\" >Idea 2: Composici\u00f3n con cuna y almacenaje integrado<\/a><\/li><li class='ez-toc-page-1 ez-toc-heading-level-3'><a class=\"ez-toc-link ez-toc-heading-9\" href=\"https:\/\/mueblesdetena.es\/ru_ru\/habitacion-con-cuna\/#Idea_3_Habitacion_con_cuna_y_zona_Montessori\" >Idea 3: Habitaci\u00f3n con cuna y zona Montessori<\/a><\/li><li class='ez-toc-page-1 ez-toc-heading-level-3'><a class=\"ez-toc-link ez-toc-heading-10\" href=\"https:\/\/mueblesdetena.es\/ru_ru\/habitacion-con-cuna\/#Idea_4_Composicion_en_estilo_nordico\" >Idea 4: Composici\u00f3n en estilo n\u00f3rdico<\/a><\/li><li class='ez-toc-page-1 ez-toc-heading-level-3'><a class=\"ez-toc-link ez-toc-heading-11\" href=\"https:\/\/mueblesdetena.es\/ru_ru\/habitacion-con-cuna\/#Idea_5_Espacios_pequenos_con_Composicion_compacta_y_plegable\" >Idea 5: Espacios peque\u00f1os con Composici\u00f3n compacta y plegable<\/a><\/li><li class='ez-toc-page-1 ez-toc-heading-level-3'><a class=\"ez-toc-link ez-toc-heading-12\" href=\"https:\/\/mueblesdetena.es\/ru_ru\/habitacion-con-cuna\/#Idea_6_Composicion_con_cuna_y_zona_de_lactancia\" >Idea 6: Composici\u00f3n con cuna y zona de lactancia<\/a><\/li><li class='ez-toc-page-1 ez-toc-heading-level-3'><a class=\"ez-toc-link ez-toc-heading-13\" href=\"https:\/\/mueblesdetena.es\/ru_ru\/habitacion-con-cuna\/#Idea_7_Habitacion_con_cuna_y_toques_tematicos\" >Idea 7: Habitaci\u00f3n con cuna y toques tem\u00e1ticos<\/a><\/li><\/ul><\/li><li class='ez-toc-page-1 ez-toc-heading-level-2'><a class=\"ez-toc-link ez-toc-heading-14\" href=\"https:\/\/mueblesdetena.es\/ru_ru\/habitacion-con-cuna\/#Consejos_finales_para_elegir_la_composicion_ideal\" >Consejos finales para elegir la composici\u00f3n ideal<\/a><\/li><\/ul><\/nav><\/div>\n<h2 class=\"wp-block-heading\"><span class=\"ez-toc-section\" id=\"Beneficios_de_una_composicion_de_habitacion_bien_disenada\"><\/span>Beneficios de una composici\u00f3n de habitaci\u00f3n bien dise\u00f1ada<span class=\"ez-toc-section-end\"><\/span><\/h2>\n\n\n\n<h3 class=\"wp-block-heading\"><span class=\"ez-toc-section\" id=\"Mejora_del_descanso_y_bienestar_del_bebe\"><\/span>Mejora del descanso y bienestar del beb\u00e9<span class=\"ez-toc-section-end\"><\/span><\/h3>\n\n\n\n<p class=\"has-medium-font-size wp-block-paragraph\">Un entorno cuidadosamente planificado promueve un sue\u00f1o reparador para el beb\u00e9. La elecci\u00f3n de muebles adecuados y una distribuci\u00f3n armoniosa crean un espacio tranquilo y acogedor, facilitando el descanso \u00f3ptimo del peque\u00f1o. Adem\u00e1s, una habitaci\u00f3n con cuna bien ventilada y con iluminaci\u00f3n adecuada contribuye al bienestar general del beb\u00e9.<\/p>\n\n\n\n<h3 class=\"wp-block-heading\"><span class=\"ez-toc-section\" id=\"Optimizacion_del_espacio_especialmente_en_habitaciones_pequenas\"><\/span>Optimizaci\u00f3n del espacio, especialmente en habitaciones peque\u00f1as<span class=\"ez-toc-section-end\"><\/span><\/h3>\n\n\n\n<p class=\"has-medium-font-size wp-block-paragraph\">En espacios reducidos, una composici\u00f3n con cuna inteligente maximiza cada metro cuadrado disponible. Incorporar muebles multifuncionales y soluciones de almacenamiento integradas permite mantener la habitaci\u00f3n ordenada y funcional, sin sacrificar estilo ni comodidad. Esta optimizaci\u00f3n es esencial para crear un ambiente espacioso y libre de obst\u00e1culos.<\/p>\n\n\n\n<h3 class=\"wp-block-heading\"><span class=\"ez-toc-section\" id=\"Mayor_comodidad_para_los_padres_en_el_dia_a_dia\"><\/span>Mayor comodidad para los padres en el d\u00eda a d\u00eda<span class=\"ez-toc-section-end\"><\/span><\/h3>\n\n\n\n<p class=\"has-medium-font-size wp-block-paragraph\">Una distribuci\u00f3n estrat\u00e9gica de los muebles facilita las tareas diarias de los padres. Tener todo al alcance de la mano, desde la cuna hasta los cambiadores y \u00e1reas de almacenamiento, reduce desplazamientos innecesarios y hace m\u00e1s eficiente el cuidado del beb\u00e9. Esta organizaci\u00f3n mejora la experiencia diaria y permite a los padres dedicar m\u00e1s tiempo de calidad a su hijo.<\/p>\n\n\n\n<h3 class=\"wp-block-heading\"><span class=\"ez-toc-section\" id=\"Mayor_seguridad_con_una_distribucion_adecuada_de_los_muebles\"><\/span>Mayor seguridad con una distribuci\u00f3n adecuada de los muebles<span class=\"ez-toc-section-end\"><\/span><\/h3>\n\n\n\n<p class=\"has-medium-font-size wp-block-paragraph\">La seguridad es primordial en la habitaci\u00f3n del beb\u00e9. Una disposici\u00f3n cuidadosa de los muebles minimiza riesgos, evitando esquinas peligrosas y asegurando que la cuna est\u00e9 ubicada lejos de ventanas o elementos que representen peligro. Adem\u00e1s, seleccionar muebles con acabados no t\u00f3xicos y estructuras estables garantiza un entorno seguro para el desarrollo del ni\u00f1o.<\/p>\n\n\n\n<div style=\"height:50px\" aria-hidden=\"true\" class=\"wp-block-spacer\"><\/div>\n\n\n\n<figure class=\"wp-block-image alignfull size-full\"><img fetchpriority=\"high\" decoding=\"async\" width=\"2368\" height=\"1318\" src=\"https:\/\/mueblesdetena.es\/wp-content\/uploads\/2025\/02\/habitacion-con-cuna-2.jpg\" alt=\"habitaci\u00f3n con cuna, composiciones con cuna, muebles\" class=\"wp-image-36423\" srcset=\"https:\/\/mueblesdetena.es\/wp-content\/uploads\/2025\/02\/habitacion-con-cuna-2.jpg 2368w, https:\/\/mueblesdetena.es\/wp-content\/uploads\/2025\/02\/habitacion-con-cuna-2-300x167.jpg 300w, https:\/\/mueblesdetena.es\/wp-content\/uploads\/2025\/02\/habitacion-con-cuna-2-1024x570.jpg 1024w, https:\/\/mueblesdetena.es\/wp-content\/uploads\/2025\/02\/habitacion-con-cuna-2-768x427.jpg 768w, https:\/\/mueblesdetena.es\/wp-content\/uploads\/2025\/02\/habitacion-con-cuna-2-1536x855.jpg 1536w, https:\/\/mueblesdetena.es\/wp-content\/uploads\/2025\/02\/habitacion-con-cuna-2-2048x1140.jpg 2048w, https:\/\/mueblesdetena.es\/wp-content\/uploads\/2025\/02\/habitacion-con-cuna-2-600x334.jpg 600w\" sizes=\"(max-width: 2368px) 100vw, 2368px\" \/><\/figure>\n\n\n\n<div style=\"height:50px\" aria-hidden=\"true\" class=\"wp-block-spacer\"><\/div>\n\n\n\n<h2 class=\"wp-block-heading\"><span class=\"ez-toc-section\" id=\"7_ideas_geniales_para_composiciones_de_habitacion_con_cuna\"><\/span>7 ideas geniales para composiciones de habitaci\u00f3n con cuna<span class=\"ez-toc-section-end\"><\/span><\/h2>\n\n\n\n<h3 class=\"wp-block-heading\"><span class=\"ez-toc-section\" id=\"Idea_1_Composicion_minimalista_y_funcional\"><\/span>Idea 1: Composici\u00f3n minimalista y funcional<span class=\"ez-toc-section-end\"><\/span><\/h3>\n\n\n\n<p class=\"has-medium-font-size wp-block-paragraph\">La clave de una habitaci\u00f3n con cuna minimalista reside en la <strong>elecci\u00f3n de una paleta crom\u00e1tica neutra y serena<\/strong>. Tonos como el blanco roto, el gris perla o los beige c\u00e1lidos amplifican visualmente el espacio y aportan una sensaci\u00f3n de calma. Los muebles de l\u00edneas depuradas, sin excesos ornamentales, permiten que la habitaci\u00f3n respire, logrando un ambiente armonioso y atemporal.<\/p>\n\n\n\n<p class=\"has-medium-font-size wp-block-paragraph\">Optar por una <strong>composici\u00f3n con cuna convertible<\/strong> es una decisi\u00f3n inteligente que garantiza funcionalidad a largo plazo. Modelos que evolucionan de cuna a cama infantil permiten que la habitaci\u00f3n crezca con el beb\u00e9, evitando renovaciones constantes. Adem\u00e1s, muchas incluyen pr\u00e1cticos m\u00f3dulos de almacenamiento integrados, perfectos para guardar ropa de cama, juguetes o pa\u00f1ales sin recargar el espacio visual.<\/p>\n\n\n\n<p class=\"has-medium-font-size wp-block-paragraph\">El mobiliario debe seleccionarse con criterio, priorizando <strong>piezas compactas y vers\u00e1tiles que optimicen cada cent\u00edmetro sin saturar la estancia<\/strong>. Un armario con puertas correderas, una c\u00f3moda con cambiador extra\u00edble o estanter\u00edas flotantes maximizan el orden sin sacrificar estilo. La sensaci\u00f3n de ligereza es clave en este tipo de composici\u00f3n con cuna, permitiendo que la estancia se perciba espaciosa y fluida.<\/p>\n\n\n\n<p class=\"has-medium-font-size wp-block-paragraph\">Por \u00faltimo, <strong>la distribuci\u00f3n debe favorecer la movilidad y la comodidad<\/strong>. Situar la cuna en un punto estrat\u00e9gico, lejos de corrientes de aire y cerca de la zona de descanso de los padres, facilita las rutinas nocturnas. Espacios despejados y bien organizados contribuyen a un ambiente relajado, en el que tanto el beb\u00e9 como los adultos disfruten de un entorno acogedor y funcional.<\/p>\n\n\n\n<div style=\"height:25px\" aria-hidden=\"true\" class=\"wp-block-spacer\"><\/div>\n\n\n\n<h3 class=\"wp-block-heading\"><span class=\"ez-toc-section\" id=\"Idea_2_Composicion_con_cuna_y_almacenaje_integrado\"><\/span>Idea 2: Composici\u00f3n con cuna y almacenaje integrado<span class=\"ez-toc-section-end\"><\/span><\/h3>\n\n\n\n<p class=\"has-medium-font-size wp-block-paragraph\">Incorporar una <strong>cuna con cajones inferiores y estanter\u00edas superiores<\/strong> en la habitaci\u00f3n de tu beb\u00e9 es una soluci\u00f3n que a\u00fana funcionalidad y estilo. Este tipo de composici\u00f3n con cuna maximiza el espacio disponible, permitiendo mantener el orden sin sacrificar la est\u00e9tica. Los <a href=\"https:\/\/mueblesdetena.es\/ru_ru\/composicion-infantil-con-cuna-lider33\/\">cajones integrados<\/a> bajo la cuna ofrecen un almacenamiento pr\u00e1ctico para la ropa de cama y otros accesorios esenciales, facilitando el acceso y optimizando el espacio.<\/p>\n\n\n\n<p class=\"has-medium-font-size wp-block-paragraph\">Las <strong>estanter\u00edas superiores<\/strong> complementan esta composici\u00f3n, proporcionando un lugar ideal para organizar pa\u00f1ales, productos de higiene y peque\u00f1os juguetes. Al tener todo al alcance de la mano, se agilizan las rutinas diarias, creando un entorno m\u00e1s c\u00f3modo y eficiente tanto para el beb\u00e9 como para los padres. Adem\u00e1s, estas estanter\u00edas permiten exhibir elementos decorativos que aportan personalidad y calidez al espacio.<\/p>\n\n\n\n<p class=\"has-medium-font-size wp-block-paragraph\"><strong>Aprovechar las esquinas y espacios verticales<\/strong> es clave en el dise\u00f1o de una habitaci\u00f3n con cuna funcional. Instalar estanter\u00edas en las esquinas o m\u00f3dulos de almacenamiento verticales ayuda a utilizar \u00e1reas que, de otro modo, quedar\u00edan desaprovechadas. Esta estrategia no solo incrementa la capacidad de almacenaje, sino que tambi\u00e9n contribuye a una distribuci\u00f3n m\u00e1s equilibrada y armoniosa del mobiliario.<\/p>\n\n\n\n<p class=\"has-medium-font-size wp-block-paragraph\">Al seleccionar muebles para la habitaci\u00f3n del beb\u00e9, es <strong>fundamental optar por piezas que combinen dise\u00f1o y practicidad<\/strong>. Las cunas con almacenaje integrado no solo cumplen con esta premisa, sino que tambi\u00e9n se adaptan al crecimiento del ni\u00f1o, ofreciendo soluciones vers\u00e1tiles a largo plazo. De este modo, se crea un espacio acogedor y ordenado que evoluciona junto con las necesidades de la familia.<\/p>\n\n\n\n<div style=\"height:50px\" aria-hidden=\"true\" class=\"wp-block-spacer\"><\/div>\n\n\n\n<figure class=\"wp-block-image alignfull size-full\"><img decoding=\"async\" width=\"2368\" height=\"1318\" src=\"https:\/\/mueblesdetena.es\/wp-content\/uploads\/2025\/02\/habitacion-con-cuna-3.jpg\" alt=\"habitaci\u00f3n con cuna, composici\u00f3n con cuna, muebles\" class=\"wp-image-36425\" srcset=\"https:\/\/mueblesdetena.es\/wp-content\/uploads\/2025\/02\/habitacion-con-cuna-3.jpg 2368w, https:\/\/mueblesdetena.es\/wp-content\/uploads\/2025\/02\/habitacion-con-cuna-3-300x167.jpg 300w, https:\/\/mueblesdetena.es\/wp-content\/uploads\/2025\/02\/habitacion-con-cuna-3-1024x570.jpg 1024w, https:\/\/mueblesdetena.es\/wp-content\/uploads\/2025\/02\/habitacion-con-cuna-3-768x427.jpg 768w, https:\/\/mueblesdetena.es\/wp-content\/uploads\/2025\/02\/habitacion-con-cuna-3-1536x855.jpg 1536w, https:\/\/mueblesdetena.es\/wp-content\/uploads\/2025\/02\/habitacion-con-cuna-3-2048x1140.jpg 2048w, https:\/\/mueblesdetena.es\/wp-content\/uploads\/2025\/02\/habitacion-con-cuna-3-600x334.jpg 600w\" sizes=\"(max-width: 2368px) 100vw, 2368px\" \/><\/figure>\n\n\n\n<div style=\"height:50px\" aria-hidden=\"true\" class=\"wp-block-spacer\"><\/div>\n\n\n\n<h3 class=\"wp-block-heading\"><span class=\"ez-toc-section\" id=\"Idea_3_Habitacion_con_cuna_y_zona_Montessori\"><\/span>Idea 3: Habitaci\u00f3n con cuna y zona Montessori<span class=\"ez-toc-section-end\"><\/span><\/h3>\n\n\n\n<p class=\"has-medium-font-size wp-block-paragraph\">Crear una habitaci\u00f3n con cuna inspirada en el m\u00e9todo Montessori es <strong>apostar por un espacio donde el beb\u00e9 pueda moverse con libertad y explorar su entorno de forma segura<\/strong>. La clave est\u00e1 en integrar muebles bajos y accesibles, evitando estructuras voluminosas que limiten su autonom\u00eda. Opta por una composici\u00f3n con cuna sencilla, con l\u00edneas depuradas y materiales naturales como la madera, que aportan calidez y armon\u00eda al ambiente.<\/p>\n\n\n\n<p class=\"has-medium-font-size wp-block-paragraph\">Desde los primeros meses, es recomendable <strong>incorporar elementos que favorezcan la independencia del beb\u00e9<\/strong>, como una alfombra mullida para que pueda jugar en el suelo o un espejo a su altura que estimule su autoconocimiento. La habitaci\u00f3n con cuna debe estar dise\u00f1ada para que el peque\u00f1o pueda acceder sin dificultad a sus juguetes y libros, colocando estanter\u00edas bajas y cestas de almacenaje abiertas. De esta forma, aprender\u00e1 a ordenar y descubrir el mundo a su ritmo.<\/p>\n\n\n\n<p class=\"has-medium-font-size wp-block-paragraph\">En cuanto a la composici\u00f3n con cuna, es preferible elegir <strong>modelos evolutivos que se adapten al crecimiento del beb\u00e9<\/strong>. Las cunas montessori, con barreras desmontables y altura ajustable, permiten una transici\u00f3n m\u00e1s natural hacia la cama infantil. Acompa\u00f1arlas de un peque\u00f1o colch\u00f3n en el suelo puede ser una opci\u00f3n ideal para fomentar la autonom\u00eda en el descanso, respetando siempre su seguridad.<\/p>\n\n\n\n<p class=\"has-medium-font-size wp-block-paragraph\">Para garantizar un entorno seguro, es fundamental optar por <strong>muebles sin esquinas pronunciadas y fabricados con materiales ecol\u00f3gicos y libres de t\u00f3xicos<\/strong>. La iluminaci\u00f3n tambi\u00e9n juega un papel esencial: una luz tenue y regulable ayudar\u00e1 a crear un ambiente relajante, mientras que una l\u00e1mpara de pared a su altura permitir\u00e1 que el ni\u00f1o pueda encenderla y apagarla por s\u00ed mismo, promoviendo su independencia desde edades tempranas.<\/p>\n\n\n\n<div style=\"height:25px\" aria-hidden=\"true\" class=\"wp-block-spacer\"><\/div>\n\n\n\n<h3 class=\"wp-block-heading\"><span class=\"ez-toc-section\" id=\"Idea_4_Composicion_en_estilo_nordico\"><\/span>Idea 4: Composici\u00f3n en estilo n\u00f3rdico<span class=\"ez-toc-section-end\"><\/span><\/h3>\n\n\n\n<p class=\"has-medium-font-size wp-block-paragraph\">El estilo n\u00f3rdico se caracteriza por la <strong>utilizaci\u00f3n de colores claros que aportan luminosidad y amplitud<\/strong> a la habitaci\u00f3n con cuna. Tonalidades como el blanco, beige y gris suave en paredes y mobiliario crean una atm\u00f3sfera serena y acogedora. La incorporaci\u00f3n de muebles de madera natural a\u00f1ade calidez y conecta el espacio con la naturaleza, elemento esencial en este estilo.<\/p>\n\n\n\n<p class=\"has-medium-font-size wp-block-paragraph\">Para complementar la paleta crom\u00e1tica, es <strong>recomendable utilizar textiles suaves<\/strong> en materiales como el algod\u00f3n o lino. Alfombras mullidas, cortinas ligeras y cojines en tonos neutros o pastel aportan textura y confort, invitando al descanso tanto del beb\u00e9 como de los padres. Estos elementos textiles no solo embellecen la composici\u00f3n con cuna, sino que tambi\u00e9n contribuyen al bienestar del peque\u00f1o.<\/p>\n\n\n\n<p class=\"has-medium-font-size wp-block-paragraph\">La iluminaci\u00f3n juega un papel fundamental en una habitaci\u00f3n con cuna de estilo n\u00f3rdico. <strong>Optar por l\u00e1mparas de luz c\u00e1lida<\/strong>, ya sean de pie, techo o apliques de pared, crea un ambiente acogedor y relajante. El dise\u00f1o sencillo y funcional de las luminarias, preferiblemente en materiales como madera o metal en tonos neutros, refuerza la est\u00e9tica minimalista caracter\u00edstica del estilo escandinavo.<\/p>\n\n\n\n<p class=\"has-medium-font-size wp-block-paragraph\"><strong>La elecci\u00f3n de elementos decorativos debe seguir la premisa \u00abmenos es m\u00e1s\u00bb<\/strong>. Accesorios simples como m\u00f3viles de cuna de formas geom\u00e9tricas, estanter\u00edas flotantes para libros infantiles y cuadros con ilustraciones delicadas a\u00f1aden personalidad sin recargar el espacio. Esta simplicidad en la decoraci\u00f3n favorece un entorno tranquilo, propicio para el descanso y desarrollo del beb\u00e9.<\/p>\n\n\n\n<div style=\"height:50px\" aria-hidden=\"true\" class=\"wp-block-spacer\"><\/div>\n\n\n\n<figure class=\"wp-block-image alignfull size-full\"><img decoding=\"async\" width=\"2560\" height=\"1425\" src=\"https:\/\/mueblesdetena.es\/wp-content\/uploads\/2025\/02\/habitacion-con-cuna-4-scaled.jpg\" alt=\"habitaci\u00f3n con cuna, composici\u00f3n con cuna, muebles\" class=\"wp-image-36426\" srcset=\"https:\/\/mueblesdetena.es\/wp-content\/uploads\/2025\/02\/habitacion-con-cuna-4-scaled.jpg 2560w, https:\/\/mueblesdetena.es\/wp-content\/uploads\/2025\/02\/habitacion-con-cuna-4-300x167.jpg 300w, https:\/\/mueblesdetena.es\/wp-content\/uploads\/2025\/02\/habitacion-con-cuna-4-1024x570.jpg 1024w, https:\/\/mueblesdetena.es\/wp-content\/uploads\/2025\/02\/habitacion-con-cuna-4-768x428.jpg 768w, https:\/\/mueblesdetena.es\/wp-content\/uploads\/2025\/02\/habitacion-con-cuna-4-1536x855.jpg 1536w, https:\/\/mueblesdetena.es\/wp-content\/uploads\/2025\/02\/habitacion-con-cuna-4-2048x1140.jpg 2048w, https:\/\/mueblesdetena.es\/wp-content\/uploads\/2025\/02\/habitacion-con-cuna-4-600x334.jpg 600w\" sizes=\"(max-width: 2560px) 100vw, 2560px\" \/><\/figure>\n\n\n\n<div style=\"height:50px\" aria-hidden=\"true\" class=\"wp-block-spacer\"><\/div>\n\n\n\n<h3 class=\"wp-block-heading\"><span class=\"ez-toc-section\" id=\"Idea_5_Espacios_pequenos_con_Composicion_compacta_y_plegable\"><\/span>Idea 5: Espacios peque\u00f1os con Composici\u00f3n compacta y plegable<span class=\"ez-toc-section-end\"><\/span><\/h3>\n\n\n\n<p class=\"has-medium-font-size wp-block-paragraph\">En espacios reducidos, la elecci\u00f3n de una <a href=\"https:\/\/mueblesdetena.es\/ru_ru\/composicion-infantil-con-cuna-lider33\/\">composici\u00f3n con cuna<\/a> adecuada es esencial para maximizar cada cent\u00edmetro disponible. Las <strong>cunas abatibles y las camas evolutivas<\/strong> se presentan como soluciones ideales, ya que permiten transformar la habitaci\u00f3n seg\u00fan las necesidades del beb\u00e9 a medida que crece. Estos muebles multifuncionales ofrecen practicidad sin sacrificar el estilo, adapt\u00e1ndose perfectamente a habitaciones con espacio limitado.<\/p>\n\n\n\n<p class=\"has-medium-font-size wp-block-paragraph\">Para crear la ilusi\u00f3n de amplitud en una habitaci\u00f3n con cuna peque\u00f1a, es fundamental aplicar ciertos trucos de dise\u00f1o. El uso de <strong>espejos estrat\u00e9gicamente colocados<\/strong> puede reflejar la luz natural, ampliando visualmente el espacio. Adem\u00e1s, optar por <strong>muebles de l\u00edneas horizontales y proporciones adecuadas<\/strong> evita la sensaci\u00f3n de saturaci\u00f3n, contribuyendo a un ambiente m\u00e1s despejado y acogedor.<\/p>\n\n\n\n<p class=\"has-medium-font-size wp-block-paragraph\">La elecci\u00f3n de colores juega un papel crucial en la percepci\u00f3n del tama\u00f1o de la habitaci\u00f3n. <strong>Tonalidades claras<\/strong> como blancos, beiges o grises suaves en paredes y textiles aportan luminosidad y frescura, haciendo que el espacio parezca m\u00e1s amplio. Incorporar toques de color en detalles decorativos a\u00f1ade personalidad sin sobrecargar el ambiente, manteniendo una est\u00e9tica equilibrada y armoniosa.<\/p>\n\n\n\n<p class=\"has-medium-font-size wp-block-paragraph\">Los <strong>muebles multifuncionales<\/strong> son aliados indispensables en composiciones con cuna para espacios peque\u00f1os. Cunas que se transforman en camas infantiles, combinadas con cajoneras o escritorios integrados, optimizan el uso del espacio disponible. Estas soluciones vers\u00e1tiles permiten adaptarse a las diferentes etapas de crecimiento del ni\u00f1o, garantizando funcionalidad y estilo en todo momento.<\/p>\n\n\n\n<div style=\"height:25px\" aria-hidden=\"true\" class=\"wp-block-spacer\"><\/div>\n\n\n\n<h3 class=\"wp-block-heading\"><span class=\"ez-toc-section\" id=\"Idea_6_Composicion_con_cuna_y_zona_de_lactancia\"><\/span>Idea 6: Composici\u00f3n con cuna y zona de lactancia<span class=\"ez-toc-section-end\"><\/span><\/h3>\n\n\n\n<p class=\"has-medium-font-size wp-block-paragraph\">Crear una composici\u00f3n que integre una cuna y una zona de lactancia en la habitaci\u00f3n del beb\u00e9 es esencial para proporcionar un espacio funcional y acogedor. La inclusi\u00f3n de un rinc\u00f3n dedicado a la lactancia no solo <strong>facilita este momento \u00edntimo entre madre e hijo<\/strong>, sino que tambi\u00e9n aporta comodidad y practicidad al d\u00eda a d\u00eda.<\/p>\n\n\n\n<p class=\"has-medium-font-size wp-block-paragraph\">Para dise\u00f1ar este espacio, es fundamental seleccionar una <strong>silla ergon\u00f3mica<\/strong> que ofrezca un soporte adecuado durante las sesiones de lactancia. Optar por un <strong>sill\u00f3n mecedor o una butaca con buen respaldo<\/strong> puede ser ideal. Adem\u00e1s, una iluminaci\u00f3n suave y regulable, como una l\u00e1mpara de pie con luz c\u00e1lida, crear\u00e1 un ambiente relajante, propicio para estos momentos especiales.<\/p>\n\n\n\n<p class=\"has-medium-font-size wp-block-paragraph\">La funcionalidad es clave en la organizaci\u00f3n de la zona de lactancia. Incorporar una <strong>mesa auxiliar<\/strong> cercana permitir\u00e1 tener al alcance elementos esenciales como pa\u00f1ales, toallitas o incluso un vaso de agua para la madre. Este mobiliario adicional contribuye a mantener todo en orden y accesible, mejorando la experiencia de lactancia.<\/p>\n\n\n\n<p class=\"has-medium-font-size wp-block-paragraph\">Integrar armoniosamente la cuna y la zona de lactancia en la habitaci\u00f3n requiere una planificaci\u00f3n cuidadosa. Es recomendable <strong>situar la silla de lactancia cerca de la cuna<\/strong>, facilitando los traslados del beb\u00e9 y optimizando el espacio disponible. Adem\u00e1s, elegir muebles que combinen en estilo y color contribuir\u00e1 a crear una atm\u00f3sfera coherente y serena en la estancia.<\/p>\n\n\n\n<div style=\"height:50px\" aria-hidden=\"true\" class=\"wp-block-spacer\"><\/div>\n\n\n\n<figure class=\"wp-block-image alignfull size-full\"><img loading=\"lazy\" decoding=\"async\" width=\"2368\" height=\"1318\" src=\"https:\/\/mueblesdetena.es\/wp-content\/uploads\/2025\/02\/habitacion-con-cuna-5.jpg\" alt=\"habitaci\u00f3n con cuna, composici\u00f3n con cuna, muebles\" class=\"wp-image-36428\" srcset=\"https:\/\/mueblesdetena.es\/wp-content\/uploads\/2025\/02\/habitacion-con-cuna-5.jpg 2368w, https:\/\/mueblesdetena.es\/wp-content\/uploads\/2025\/02\/habitacion-con-cuna-5-300x167.jpg 300w, https:\/\/mueblesdetena.es\/wp-content\/uploads\/2025\/02\/habitacion-con-cuna-5-1024x570.jpg 1024w, https:\/\/mueblesdetena.es\/wp-content\/uploads\/2025\/02\/habitacion-con-cuna-5-768x427.jpg 768w, https:\/\/mueblesdetena.es\/wp-content\/uploads\/2025\/02\/habitacion-con-cuna-5-1536x855.jpg 1536w, https:\/\/mueblesdetena.es\/wp-content\/uploads\/2025\/02\/habitacion-con-cuna-5-2048x1140.jpg 2048w, https:\/\/mueblesdetena.es\/wp-content\/uploads\/2025\/02\/habitacion-con-cuna-5-600x334.jpg 600w\" sizes=\"(max-width: 2368px) 100vw, 2368px\" \/><\/figure>\n\n\n\n<div style=\"height:50px\" aria-hidden=\"true\" class=\"wp-block-spacer\"><\/div>\n\n\n\n<h3 class=\"wp-block-heading\"><span class=\"ez-toc-section\" id=\"Idea_7_Habitacion_con_cuna_y_toques_tematicos\"><\/span>Idea 7: Habitaci\u00f3n con cuna y toques tem\u00e1ticos<span class=\"ez-toc-section-end\"><\/span><\/h3>\n\n\n\n<p class=\"has-medium-font-size wp-block-paragraph\">Incorporar toques tem\u00e1ticos en la habitaci\u00f3n con cuna de tu beb\u00e9 es una <strong>manera encantadora de estimular su imaginaci\u00f3n desde temprana edad<\/strong>. Optar por temas como la naturaleza, los animales o los cuentos cl\u00e1sicos puede transformar el espacio en un refugio m\u00e1gico y acogedor. Por ejemplo, un motivo de selva con vinilos de animales ex\u00f3ticos o un dise\u00f1o inspirado en cuentos de hadas con personajes entra\u00f1ables puede crear un ambiente lleno de fantas\u00eda.<\/p>\n\n\n\n<p class=\"has-medium-font-size wp-block-paragraph\">La elecci\u00f3n de elementos decorativos es crucial para materializar la tem\u00e1tica seleccionada. <strong>Vinilos adhesivos de alta calidad<\/strong> pueden aportar dinamismo a las paredes, mientras que textiles como <strong>cortinas, alfombras y ropa<\/strong> de cama con estampados acordes refuerzan la cohesi\u00f3n del dise\u00f1o. Adem\u00e1s, peque\u00f1os detalles como l<strong>\u00e1mparas con formas divertidas o m\u00f3viles colgantes tem\u00e1ticos<\/strong> a\u00f1aden personalidad y encanto al conjunto.<\/p>\n\n\n\n<p class=\"has-medium-font-size wp-block-paragraph\">Es fundamental mantener un equilibrio est\u00e9tico para evitar la sobrecarga visual. <strong>Combinar piezas tem\u00e1ticas con muebles de l\u00edneas sencillas y colores neutros ayuda a crear un espacio armonioso<\/strong>. Por ejemplo, una cuna blanca o de madera natural puede servir como base neutra, permitiendo que los elementos decorativos destaquen sin abrumar. Este enfoque asegura que la habitaci\u00f3n sea tanto funcional como visualmente atractiva.<\/p>\n\n\n\n<p class=\"has-medium-font-size wp-block-paragraph\">Al planificar la composici\u00f3n con cuna, considera la adaptabilidad de los elementos decorativos a medida que tu hijo crece. <strong>Optar por decoraciones f\u00e1cilmente removibles o actualizables, como vinilos o accesorios, permite renovar el ambiente sin necesidad de una remodelaci\u00f3n completa<\/strong>. De esta manera, la habitaci\u00f3n puede evolucionar con los intereses y necesidades cambiantes de tu peque\u00f1o, garantizando un espacio siempre acogedor y estimulante.<\/p>\n\n\n\n<div style=\"height:25px\" aria-hidden=\"true\" class=\"wp-block-spacer\"><\/div>\n\n\n\n<h2 class=\"wp-block-heading\"><span class=\"ez-toc-section\" id=\"Consejos_finales_para_elegir_la_composicion_ideal\"><\/span>Consejos finales para elegir la composici\u00f3n ideal<span class=\"ez-toc-section-end\"><\/span><\/h2>\n\n\n\n<p class=\"has-medium-font-size wp-block-paragraph\"><strong>Aseg\u00farate de que la habitaci\u00f3n est\u00e9 bien ventilada y mantenga una temperatura \u00f3ptima de 21\u202f\u00b0C<\/strong>, creando un ambiente confortable y seguro. Para maximizar la durabilidad del mobiliario, <strong>elige piezas de dise\u00f1o atemporal y funcional, evitando temas excesivamente infantiles<\/strong> que puedan quedar obsoletos r\u00e1pidamente.<\/p>\n\n\n\n<p class=\"has-medium-font-size wp-block-paragraph\"><strong>Considera la transici\u00f3n de la cuna a una cama adecuada<\/strong> cuando sea el momento, y reorganiza la disposici\u00f3n de los muebles para facilitar el movimiento y el acceso a sus pertenencias. Incorporar <strong>soluciones de almacenamiento a su altura<\/strong> promover\u00e1 el orden y la independencia desde temprana edad. Asimismo, <strong>mantener una decoraci\u00f3n neutra y flexible<\/strong> permitir\u00e1 realizar cambios sutiles sin necesidad de renovar completamente la habitaci\u00f3n.<\/p>","protected":false},"excerpt":{"rendered":"<p>Dise\u00f1ar una habitaci\u00f3n con cuna es mucho m\u00e1s que elegir muebles bonitos. Se trata de crear un espacio armonioso, seguro y funcional que favorezca el bienestar del beb\u00e9 y facilite la rutina diaria de los padres. La correcta disposici\u00f3n de cada elemento influye en la sensaci\u00f3n de amplitud, en la comodidad de los movimientos y [&hellip;]<\/p>\n","protected":false},"author":618,"featured_media":36421,"comment_status":"open","ping_status":"open","sticky":false,"template":"","format":"standard","meta":{"site-sidebar-layout":"default","site-content-layout":"","ast-site-content-layout":"default","site-content-style":"default","site-sidebar-style":"default","ast-global-header-display":"","ast-banner-title-visibility":"","ast-main-header-display":"","ast-hfb-above-header-display":"","ast-hfb-below-header-display":"","ast-hfb-mobile-header-display":"","site-post-title":"","ast-breadcrumbs-content":"","ast-featured-img":"","footer-sml-layout":"","ast-disable-related-posts":"","theme-transparent-header-meta":"","adv-header-id-meta":"","stick-header-meta":"","header-above-stick-meta":"","header-main-stick-meta":"","header-below-stick-meta":"","astra-migrate-meta-layouts":"set","ast-page-background-enabled":"default","ast-page-background-meta":{"desktop":{"background-color":"var(--ast-global-color-4)","background-image":"","background-repeat":"repeat","background-position":"center center","background-size":"auto","background-attachment":"scroll","background-type":"","background-media":"","overlay-type":"","overlay-color":"","overlay-opacity":"","overlay-gradient":""},"tablet":{"background-color":"","background-image":"","background-repeat":"repeat","background-position":"center center","background-size":"auto","background-attachment":"scroll","background-type":"","background-media":"","overlay-type":"","overlay-color":"","overlay-opacity":"","overlay-gradient":""},"mobile":{"background-color":"","background-image":"","background-repeat":"repeat","background-position":"center center","background-size":"auto","background-attachment":"scroll","background-type":"","background-media":"","overlay-type":"","overlay-color":"","overlay-opacity":"","overlay-gradient":""}},"ast-content-background-meta":{"desktop":{"background-color":"var(--ast-global-color-5)","background-image":"","background-repeat":"repeat","background-position":"center center","background-size":"auto","background-attachment":"scroll","background-type":"","background-media":"","overlay-type":"","overlay-color":"","overlay-opacity":"","overlay-gradient":""},"tablet":{"background-color":"var(--ast-global-color-5)","background-image":"","background-repeat":"repeat","background-position":"center center","background-size":"auto","background-attachment":"scroll","background-type":"","background-media":"","overlay-type":"","overlay-color":"","overlay-opacity":"","overlay-gradient":""},"mobile":{"background-color":"var(--ast-global-color-5)","background-image":"","background-repeat":"repeat","background-position":"center center","background-size":"auto","background-attachment":"scroll","background-type":"","background-media":"","overlay-type":"","overlay-color":"","overlay-opacity":"","overlay-gradient":""}},"_joinchat":[],"footnotes":""},"categories":[1],"tags":[],"class_list":["post-36419","post","type-post","status-publish","format-standard","has-post-thumbnail","hentry","category-sin-categoria"],"_links":{"self":[{"href":"https:\/\/mueblesdetena.es\/ru_ru\/wp-json\/wp\/v2\/posts\/36419","targetHints":{"allow":["GET"]}}],"collection":[{"href":"https:\/\/mueblesdetena.es\/ru_ru\/wp-json\/wp\/v2\/posts"}],"about":[{"href":"https:\/\/mueblesdetena.es\/ru_ru\/wp-json\/wp\/v2\/types\/post"}],"author":[{"embeddable":true,"href":"https:\/\/mueblesdetena.es\/ru_ru\/wp-json\/wp\/v2\/users\/618"}],"replies":[{"embeddable":true,"href":"https:\/\/mueblesdetena.es\/ru_ru\/wp-json\/wp\/v2\/comments?post=36419"}],"version-history":[{"count":4,"href":"https:\/\/mueblesdetena.es\/ru_ru\/wp-json\/wp\/v2\/posts\/36419\/revisions"}],"predecessor-version":[{"id":36429,"href":"https:\/\/mueblesdetena.es\/ru_ru\/wp-json\/wp\/v2\/posts\/36419\/revisions\/36429"}],"wp:featuredmedia":[{"embeddable":true,"href":"https:\/\/mueblesdetena.es\/ru_ru\/wp-json\/wp\/v2\/media\/36421"}],"wp:attachment":[{"href":"https:\/\/mueblesdetena.es\/ru_ru\/wp-json\/wp\/v2\/media?parent=36419"}],"wp:term":[{"taxonomy":"category","embeddable":true,"href":"https:\/\/mueblesdetena.es\/ru_ru\/wp-json\/wp\/v2\/categories?post=36419"},{"taxonomy":"post_tag","embeddable":true,"href":"https:\/\/mueblesdetena.es\/ru_ru\/wp-json\/wp\/v2\/tags?post=36419"}],"curies":[{"name":"wp","href":"https:\/\/api.w.org\/{rel}","templated":true}]}}