{"id":36643,"date":"2025-03-11T09:00:00","date_gmt":"2025-03-11T08:00:00","guid":{"rendered":"https:\/\/mueblesdetena.es\/?p=36643"},"modified":"2025-03-10T07:48:29","modified_gmt":"2025-03-10T06:48:29","slug":"muebles-para-estilo-costero","status":"publish","type":"post","link":"https:\/\/mueblesdetena.es\/ru_ru\/muebles-para-estilo-costero\/","title":{"rendered":"10 muebles y complementos para traer el estilo costero a nuestro hogar"},"content":{"rendered":"<p class=\"has-medium-font-size wp-block-paragraph\">El estilo costero ha conquistado la decoraci\u00f3n contempor\u00e1nea con su capacidad para <strong>transformar cualquier hogar en un refugio de calma y frescura<\/strong>. Inspirado en la luz del Mediterr\u00e1neo, el encanto del Atl\u00e1ntico o la serenidad del mar del Norte, este estilo combina muebles de l\u00edneas sencillas con materiales naturales para crear espacios acogedores y llenos de armon\u00eda.<\/p>\n\n\n\n<p class=\"has-medium-font-size wp-block-paragraph\">M\u00e1s all\u00e1 de su atractivo visual, esta tendencia <strong>es una invitaci\u00f3n a vivir en un ambiente m\u00e1s relajado y ligero<\/strong>. Los tonos blancos, arena y azul evocan la amplitud del horizonte marino, mientras que la madera lavada, el rat\u00e1n y los tejidos de algod\u00f3n aportan una calidez sutil y elegante. La clave est\u00e1 en lograr <strong>una est\u00e9tica equilibrada, fresca y sin artificios<\/strong>.<\/p>\n\n\n\n<p class=\"has-medium-font-size wp-block-paragraph\">Si quieres transformar tu hogar con una est\u00e9tica luminosa y relajada, aqu\u00ed tienes <strong>10 muebles y complementos imprescindibles<\/strong> para conseguirlo. Descubre c\u00f3mo cada pieza puede acercarte a esa sensaci\u00f3n de verano eterno sin salir de casa.<\/p>\n\n\n\n<div style=\"height:55px\" aria-hidden=\"true\" class=\"wp-block-spacer\"><\/div>\n\n\n\n<div id=\"ez-toc-container\" class=\"ez-toc-v2_0_85 ez-toc-wrap-center counter-hierarchy ez-toc-counter ez-toc-grey ez-toc-container-direction\">\n<div class=\"ez-toc-title-container\">\n<p class=\"ez-toc-title\" style=\"cursor:inherit\">Tabla de contenidos<\/p>\n<span class=\"ez-toc-title-toggle\"><a href=\"#\" class=\"ez-toc-pull-right ez-toc-btn ez-toc-btn-xs ez-toc-btn-default ez-toc-toggle\" aria-label=\"Toggle Table of Content\"><span class=\"ez-toc-js-icon-con\"><span class=\"\"><span class=\"eztoc-hide\" style=\"display:none;\">Toggle<\/span><span class=\"ez-toc-icon-toggle-span\"><svg style=\"fill: #999;color:#999\" xmlns=\"http:\/\/www.w3.org\/2000\/svg\" class=\"list-377408\" width=\"20px\" height=\"20px\" viewbox=\"0 0 24 24\" fill=\"none\"><path d=\"M6 6H4v2h2V6zm14 0H8v2h12V6zM4 11h2v2H4v-2zm16 0H8v2h12v-2zM4 16h2v2H4v-2zm16 0H8v2h12v-2z\" fill=\"currentColor\"><\/path><\/svg><svg style=\"fill: #999;color:#999\" class=\"arrow-unsorted-368013\" xmlns=\"http:\/\/www.w3.org\/2000\/svg\" width=\"10px\" height=\"10px\" viewbox=\"0 0 24 24\" version=\"1.2\" baseprofile=\"tiny\"><path d=\"M18.2 9.3l-6.2-6.3-6.2 6.3c-.2.2-.3.4-.3.7s.1.5.3.7c.2.2.4.3.7.3h11c.3 0 .5-.1.7-.3.2-.2.3-.5.3-.7s-.1-.5-.3-.7zM5.8 14.7l6.2 6.3 6.2-6.3c.2-.2.3-.5.3-.7s-.1-.5-.3-.7c-.2-.2-.4-.3-.7-.3h-11c-.3 0-.5.1-.7.3-.2.2-.3.5-.3.7s.1.5.3.7z\"\/><\/svg><\/span><\/span><\/span><\/a><\/span><\/div>\n<nav><ul class='ez-toc-list ez-toc-list-level-1' ><li class='ez-toc-page-1 ez-toc-heading-level-2'><a class=\"ez-toc-link ez-toc-heading-1\" href=\"https:\/\/mueblesdetena.es\/ru_ru\/muebles-para-estilo-costero\/#Los_10_muebles_y_complementos_esenciales_para_un_hogar_de_estilo_costero\" >Los 10 muebles y complementos esenciales para un hogar de estilo costero<\/a><ul class='ez-toc-list-level-3' ><li class='ez-toc-heading-level-3'><a class=\"ez-toc-link ez-toc-heading-2\" href=\"https:\/\/mueblesdetena.es\/ru_ru\/muebles-para-estilo-costero\/#1_Sofa_en_tonos_claros_y_tejidos_naturales\" >1. Sof\u00e1 en tonos claros y tejidos naturales<\/a><\/li><li class='ez-toc-page-1 ez-toc-heading-level-3'><a class=\"ez-toc-link ez-toc-heading-3\" href=\"https:\/\/mueblesdetena.es\/ru_ru\/muebles-para-estilo-costero\/#2_Mesa_de_centro_de_madera_lavada_o_reciclada_el_alma_del_salon\" >2. Mesa de centro de madera lavada o reciclada: el alma del sal\u00f3n<\/a><\/li><li class='ez-toc-page-1 ez-toc-heading-level-3'><a class=\"ez-toc-link ez-toc-heading-4\" href=\"https:\/\/mueblesdetena.es\/ru_ru\/muebles-para-estilo-costero\/#3_Aparador_de_fibras_naturales\" >3. Aparador de fibras naturales<\/a><\/li><li class='ez-toc-page-1 ez-toc-heading-level-3'><a class=\"ez-toc-link ez-toc-heading-5\" href=\"https:\/\/mueblesdetena.es\/ru_ru\/muebles-para-estilo-costero\/#4_Sillas_de_ratan_o_mimbre\" >4. Sillas de rat\u00e1n o mimbre<\/a><\/li><li class='ez-toc-page-1 ez-toc-heading-level-3'><a class=\"ez-toc-link ez-toc-heading-6\" href=\"https:\/\/mueblesdetena.es\/ru_ru\/muebles-para-estilo-costero\/#5_Lamparas_de_fibras_naturales\" >5. L\u00e1mparas de fibras naturales<\/a><\/li><li class='ez-toc-page-1 ez-toc-heading-level-3'><a class=\"ez-toc-link ez-toc-heading-7\" href=\"https:\/\/mueblesdetena.es\/ru_ru\/muebles-para-estilo-costero\/#6_Alfombra_de_yute_o_algodon\" >6. Alfombra de yute o algod\u00f3n<\/a><\/li><li class='ez-toc-page-1 ez-toc-heading-level-3'><a class=\"ez-toc-link ez-toc-heading-8\" href=\"https:\/\/mueblesdetena.es\/ru_ru\/muebles-para-estilo-costero\/#7_Espejos_de_ratan_o_con_marco_blanco_envejecido\" >7. Espejos de rat\u00e1n o con marco blanco envejecido<\/a><\/li><li class='ez-toc-page-1 ez-toc-heading-level-3'><a class=\"ez-toc-link ez-toc-heading-9\" href=\"https:\/\/mueblesdetena.es\/ru_ru\/muebles-para-estilo-costero\/#8_Estanterias_abiertas_de_madera_clara\" >8. Estanter\u00edas abiertas de madera clara<\/a><\/li><li class='ez-toc-page-1 ez-toc-heading-level-3'><a class=\"ez-toc-link ez-toc-heading-10\" href=\"https:\/\/mueblesdetena.es\/ru_ru\/muebles-para-estilo-costero\/#9_Cabecero_de_madera_o_ratan_para_el_dormitorio\" >9. Cabecero de madera o rat\u00e1n para el dormitorio<\/a><\/li><li class='ez-toc-page-1 ez-toc-heading-level-3'><a class=\"ez-toc-link ez-toc-heading-11\" href=\"https:\/\/mueblesdetena.es\/ru_ru\/muebles-para-estilo-costero\/#10_Cojines_y_textiles_en_tonos_arena_y_azul\" >10. Cojines y textiles en tonos arena y azul<\/a><\/li><\/ul><\/li><li class='ez-toc-page-1 ez-toc-heading-level-2'><a class=\"ez-toc-link ez-toc-heading-12\" href=\"https:\/\/mueblesdetena.es\/ru_ru\/muebles-para-estilo-costero\/#Como_combinar_estos_muebles_y_complementos_para_un_estilo_costero_equilibrado\" >C\u00f3mo combinar estos muebles y complementos para un estilo costero equilibrado<\/a><\/li><\/ul><\/nav><\/div>\n<h2 class=\"wp-block-heading\"><span class=\"ez-toc-section\" id=\"Los_10_muebles_y_complementos_esenciales_para_un_hogar_de_estilo_costero\"><\/span>Los 10 muebles y complementos esenciales para un hogar de estilo costero<span class=\"ez-toc-section-end\"><\/span><\/h2>\n\n\n\n<h3 class=\"wp-block-heading\"><span class=\"ez-toc-section\" id=\"1_Sofa_en_tonos_claros_y_tejidos_naturales\"><\/span>1. Sof\u00e1 en tonos claros y tejidos naturales<span class=\"ez-toc-section-end\"><\/span><\/h3>\n\n\n\n<p class=\"has-medium-font-size wp-block-paragraph\">Un <a href=\"https:\/\/mueblesdetena.es\/ru_ru\/sofa-cama-trc\/\">sof\u00e1 en tonos claros<\/a> es la pieza clave para lograr un aut\u00e9ntico estilo costero en casa. Los <strong>modelos en lino, algod\u00f3n o rafia<\/strong> aportan una sensaci\u00f3n de frescura inigualable, dejando que la luz natural se refleje y ampl\u00ede los espacios. Los <strong>tonos arena, blanco roto o azul celeste<\/strong> son ideales para evocar la calma del mar y la suavidad de la brisa marina.<\/p>\n\n\n\n<p class=\"has-medium-font-size wp-block-paragraph\">La elecci\u00f3n del tejido es fundamental para mantener un equilibrio entre est\u00e9tica y funcionalidad. El <strong>lino<\/strong>, con su ca\u00edda relajada y su textura ligera, es perfecto para potenciar la sensaci\u00f3n de frescor, mientras que el <strong>algod\u00f3n<\/strong> es m\u00e1s resistente y f\u00e1cil de limpiar. Para un toque artesanal, los sof\u00e1s de <strong>rafia<\/strong> o con detalles trenzados a\u00f1aden profundidad y personalidad a la decoraci\u00f3n.<\/p>\n\n\n\n<p class=\"has-medium-font-size wp-block-paragraph\">Adem\u00e1s de su belleza, estos sof\u00e1s destacan por su versatilidad. <strong>Se integran f\u00e1cilmente con otros muebles de estilo costero<\/strong> como mesas de madera lavada o alfombras de yute, creando ambientes relajados y acogedores. Para un extra de estilo, se pueden <strong>complementar con cojines en tonos aguamarina o estampados de rayas<\/strong>, consiguiendo ese equilibrio entre lo sofisticado y lo desenfadado que define este tipo de interiores.<\/p>\n\n\n\n<p class=\"has-medium-font-size wp-block-paragraph\">Si buscas una pieza que transforme tu sal\u00f3n en un refugio costero, opta por un sof\u00e1 en colores suaves y <strong>tejidos naturales<\/strong>. Su capacidad para aportar calidez y luminosidad lo convierte en un imprescindible en la decoraci\u00f3n de cualquier hogar inspirado en el mar. Adem\u00e1s, su combinaci\u00f3n con fibras vegetales y accesorios marineros lograr\u00e1 una armon\u00eda visual perfecta, ideal para disfrutar de momentos de descanso con un aire de vacaciones eternas.<\/p>\n\n\n\n<div style=\"height:25px\" aria-hidden=\"true\" class=\"wp-block-spacer\"><\/div>\n\n\n\n<h3 class=\"wp-block-heading\"><span class=\"ez-toc-section\" id=\"2_Mesa_de_centro_de_madera_lavada_o_reciclada_el_alma_del_salon\"><\/span>2. Mesa de centro de madera lavada o reciclada: el alma del sal\u00f3n<span class=\"ez-toc-section-end\"><\/span><\/h3>\n\n\n\n<p class=\"has-medium-font-size wp-block-paragraph\">Una <a href=\"https:\/\/mueblesdetena.es\/ru_ru\/composicion-comedor-kira-46\/\">mesa de centro<\/a> de madera lavada o reciclada es la pieza clave para anclar la decoraci\u00f3n en un sal\u00f3n de estilo costero. Sus <strong>tonos claros y su acabado envejecido aportan una sensaci\u00f3n de ligereza y frescura, evocando la madera desgastada por el sol y la brisa marina<\/strong>. Adem\u00e1s de su est\u00e9tica natural, su versatilidad permite combinarla con distintos tipos de muebles sin perder coherencia.<\/p>\n\n\n\n<p class=\"has-medium-font-size wp-block-paragraph\">Para potenciar el aire costero, lo ideal es optar por mesas en <strong>madera decapada<\/strong>, con vetas visibles y un acabado ligeramente blanqueado. Este tipo de tratamiento aporta textura y profundidad, adem\u00e1s de reflejar mejor la luz natural. Tambi\u00e9n funcionan muy bien las versiones en madera reciclada, que, adem\u00e1s de ser una opci\u00f3n sostenible, aportan un car\u00e1cter \u00fanico con sus peque\u00f1as imperfecciones y tonalidades desgastadas.<\/p>\n\n\n\n<p class=\"has-medium-font-size wp-block-paragraph\">Si buscas un punto de contraste sin perder la esencia del <strong>estilo costero<\/strong>, las mesas con patas de metal o detalles en cristal pueden ser una excelente alternativa. El cristal aporta ligereza visual y ayuda a que los espacios peque\u00f1os se sientan m\u00e1s amplios. En cambio, los detalles met\u00e1licos en blanco o negro equilibran la calidez de la madera y aportan un toque contempor\u00e1neo a la <strong>decoraci\u00f3n<\/strong>.<\/p>\n\n\n\n<p class=\"has-medium-font-size wp-block-paragraph\">Para un resultado impecable, combina la mesa de centro con cestas de fibras naturales, jarrones cer\u00e1micos en tonos arena y libros de tem\u00e1tica marinera. Si el sal\u00f3n cuenta con un sof\u00e1 en tonos claros, la madera lavada reforzar\u00e1 la armon\u00eda del conjunto sin sobrecargar el ambiente. En definitiva, una pieza funcional y con estilo que no puede faltar en una casa con alma mediterr\u00e1nea.<\/p>\n\n\n\n<div style=\"height:50px\" aria-hidden=\"true\" class=\"wp-block-spacer\"><\/div>\n\n\n\n<figure class=\"wp-block-image alignfull size-full\"><img fetchpriority=\"high\" decoding=\"async\" width=\"2385\" height=\"1344\" src=\"https:\/\/mueblesdetena.es\/wp-content\/uploads\/2025\/03\/estilo-costero-2.jpg\" alt=\"estilo costero, decoraci\u00f3n, muebles\" class=\"wp-image-36669\" srcset=\"https:\/\/mueblesdetena.es\/wp-content\/uploads\/2025\/03\/estilo-costero-2.jpg 2385w, https:\/\/mueblesdetena.es\/wp-content\/uploads\/2025\/03\/estilo-costero-2-300x169.jpg 300w, https:\/\/mueblesdetena.es\/wp-content\/uploads\/2025\/03\/estilo-costero-2-1024x577.jpg 1024w, https:\/\/mueblesdetena.es\/wp-content\/uploads\/2025\/03\/estilo-costero-2-768x433.jpg 768w, https:\/\/mueblesdetena.es\/wp-content\/uploads\/2025\/03\/estilo-costero-2-1536x866.jpg 1536w, https:\/\/mueblesdetena.es\/wp-content\/uploads\/2025\/03\/estilo-costero-2-2048x1154.jpg 2048w, https:\/\/mueblesdetena.es\/wp-content\/uploads\/2025\/03\/estilo-costero-2-600x338.jpg 600w\" sizes=\"(max-width: 2385px) 100vw, 2385px\" \/><\/figure>\n\n\n\n<div style=\"height:50px\" aria-hidden=\"true\" class=\"wp-block-spacer\"><\/div>\n\n\n\n<h3 class=\"wp-block-heading\"><span class=\"ez-toc-section\" id=\"3_Aparador_de_fibras_naturales\"><\/span>3. Aparador de fibras naturales<span class=\"ez-toc-section-end\"><\/span><\/h3>\n\n\n\n<p class=\"has-medium-font-size wp-block-paragraph\">En el coraz\u00f3n del estilo costero, los <a href=\"https:\/\/mueblesdetena.es\/ru_ru\/aparador-750-express%c2%a8\/\">aparadores<\/a> de fibras naturales se convierten en piezas clave para aportar ligereza y calidez. Modelos en <strong>madera clara y rat\u00e1n<\/strong> evocan la frescura de una casa junto al mar, mientras que los <strong>acabados envejecidos<\/strong> refuerzan ese aire relajado y atemporal. Su versatilidad permite integrarlos tanto en salones como en comedores, funcionando como un elemento pr\u00e1ctico y decorativo a partes iguales.<\/p>\n\n\n\n<p class=\"has-medium-font-size wp-block-paragraph\">M\u00e1s all\u00e1 de su funci\u00f3n de <strong>almacenamiento<\/strong>, estos muebles pueden convertirse en aut\u00e9nticos puntos focales dentro de la decoraci\u00f3n. En su superficie, <strong>una combinaci\u00f3n de jarrones de cer\u00e1mica azul, cestas de mimbre y peque\u00f1as esculturas de coral aporta dinamismo sin saturar el espacio<\/strong>. Los tonos neutros de las fibras naturales act\u00faan como un lienzo perfecto para incorporar detalles en blanco, arena o azul celeste, reforzando la est\u00e9tica costera.<\/p>\n\n\n\n<p class=\"has-medium-font-size wp-block-paragraph\">Para potenciar su encanto, es clave jugar con la iluminaci\u00f3n. Una <strong>l\u00e1mpara de<\/strong> <strong>mimbre colgante o de sobremesa<\/strong> en lino aportar\u00e1 un brillo c\u00e1lido y envolvente, realzando la textura natural del mueble. Complementarlo con <strong>espejos de rat\u00e1n o marcos en madera lavada<\/strong> ayudar\u00e1 a reflejar la luz natural, logrando una atm\u00f3sfera m\u00e1s amplia y luminosa sin renunciar a la sofisticaci\u00f3n.<\/p>\n\n\n\n<p class=\"has-medium-font-size wp-block-paragraph\">El estilo costero se construye a trav\u00e9s de los detalles, y un aparador bien decorado puede transformar por completo la sensaci\u00f3n de un ambiente. Introducir peque\u00f1as <strong>conchas o caracolas<\/strong> <strong>en bandejas de madera aporta un gui\u00f1o sutil al mar sin caer en lo tem\u00e1tico<\/strong>. La clave est\u00e1 en el equilibrio: un mobiliario ligero, materiales nobles y una paleta crom\u00e1tica que invite a la calma, recreando la serenidad de una casa frente a la costa.<\/p>\n\n\n\n<div style=\"height:25px\" aria-hidden=\"true\" class=\"wp-block-spacer\"><\/div>\n\n\n\n<h3 class=\"wp-block-heading\"><span class=\"ez-toc-section\" id=\"4_Sillas_de_ratan_o_mimbre\"><\/span>4. Sillas de rat\u00e1n o mimbre<span class=\"ez-toc-section-end\"><\/span><\/h3>\n\n\n\n<p class=\"has-medium-font-size wp-block-paragraph\">Las <a href=\"https:\/\/mueblesdetena.es\/ru_ru\/sillas-comedor\/\">sillas<\/a> de rat\u00e1n o mimbre son un b\u00e1sico infalible en cualquier comedor o terraza de estilo costero. Su <strong>ligereza visual y acabado natural<\/strong> aportan frescura sin restar calidez, convirti\u00e9ndolas en piezas clave dentro de la decoraci\u00f3n. Adem\u00e1s, combinan a la perfecci\u00f3n con mesas de madera lavada o cristal, creando espacios relajados y llenos de encanto.<\/p>\n\n\n\n<p class=\"has-medium-font-size wp-block-paragraph\">Para potenciar su esencia marinera, lo ideal es acompa\u00f1arlas con <strong>cojines en tonos arena o azul navy<\/strong>, dos colores fundamentales en los interiores de inspiraci\u00f3n playera. Los <strong>tejidos en lino o algod\u00f3n con estampados de rayas o motivos n\u00e1uticos<\/strong> refuerzan a\u00fan m\u00e1s la atm\u00f3sfera mediterr\u00e1nea, a la vez que suman un extra de confort a estos muebles tan vers\u00e1tiles.<\/p>\n\n\n\n<p class=\"has-medium-font-size wp-block-paragraph\">Si el espacio es reducido, las <strong>sillas plegables de rat\u00e1n<\/strong> son una opci\u00f3n pr\u00e1ctica y elegante. No solo permiten optimizar el \u00e1rea disponible, sino que tambi\u00e9n ofrecen la posibilidad de guardarlas f\u00e1cilmente cuando no se utilizan. En terrazas peque\u00f1as o comedores con pocas dimensiones, esta soluci\u00f3n mantiene la est\u00e9tica costera sin renunciar a la funcionalidad.<\/p>\n\n\n\n<p class=\"has-medium-font-size wp-block-paragraph\">Gracias a su dise\u00f1o atemporal, las sillas de rat\u00e1n o mimbre se integran en distintos estilos decorativos. Desde ambientes cl\u00e1sicos hasta propuestas m\u00e1s modernas, estos <strong>muebles<\/strong> aportan textura y un aire desenfadado. Ya sea en interiores o exteriores, son una apuesta segura para lograr una <strong>decoraci\u00f3n<\/strong> fresca y acogedora.<\/p>\n\n\n\n<div style=\"height:50px\" aria-hidden=\"true\" class=\"wp-block-spacer\"><\/div>\n\n\n\n<figure class=\"wp-block-image alignfull size-full\"><img decoding=\"async\" width=\"2385\" height=\"1344\" src=\"https:\/\/mueblesdetena.es\/wp-content\/uploads\/2025\/03\/estilo-costero-3.jpg\" alt=\"estilo costero, decoraci\u00f3n, muebles\" class=\"wp-image-36670\" srcset=\"https:\/\/mueblesdetena.es\/wp-content\/uploads\/2025\/03\/estilo-costero-3.jpg 2385w, https:\/\/mueblesdetena.es\/wp-content\/uploads\/2025\/03\/estilo-costero-3-300x169.jpg 300w, https:\/\/mueblesdetena.es\/wp-content\/uploads\/2025\/03\/estilo-costero-3-1024x577.jpg 1024w, https:\/\/mueblesdetena.es\/wp-content\/uploads\/2025\/03\/estilo-costero-3-768x433.jpg 768w, https:\/\/mueblesdetena.es\/wp-content\/uploads\/2025\/03\/estilo-costero-3-1536x866.jpg 1536w, https:\/\/mueblesdetena.es\/wp-content\/uploads\/2025\/03\/estilo-costero-3-2048x1154.jpg 2048w, https:\/\/mueblesdetena.es\/wp-content\/uploads\/2025\/03\/estilo-costero-3-600x338.jpg 600w\" sizes=\"(max-width: 2385px) 100vw, 2385px\" \/><\/figure>\n\n\n\n<div style=\"height:50px\" aria-hidden=\"true\" class=\"wp-block-spacer\"><\/div>\n\n\n\n<h3 class=\"wp-block-heading\"><span class=\"ez-toc-section\" id=\"5_Lamparas_de_fibras_naturales\"><\/span>5. L\u00e1mparas de fibras naturales<span class=\"ez-toc-section-end\"><\/span><\/h3>\n\n\n\n<p class=\"has-medium-font-size wp-block-paragraph\">La <a href=\"https:\/\/www.lamparayluz.es\/\" target=\"_blank\" rel=\"noopener\">iluminaci\u00f3n<\/a> es un pilar fundamental en la decoraci\u00f3n de estilo costero, y las l\u00e1mparas de fibras naturales <strong>aportan esa luz c\u00e1lida y envolvente<\/strong> que transforma cualquier espacio. Materiales como el <strong>rat\u00e1n, el mimbre o el yute filtran la luz de forma sutil<\/strong>, creando un ambiente acogedor y relajado, ideal para potenciar la sensaci\u00f3n de frescura en el hogar.<\/p>\n\n\n\n<p class=\"has-medium-font-size wp-block-paragraph\">Las <strong>l\u00e1mparas colgantes de rat\u00e1n<\/strong> son un must en los interiores costeros. <strong>Su dise\u00f1o ligero y trenzado proyecta sombras org\u00e1nicas que recuerdan los reflejos del sol sobre la arena<\/strong>. En comedores y salones, una l\u00e1mpara de gran tama\u00f1o sobre la mesa se convierte en un punto focal elegante, combinando a la perfecci\u00f3n con muebles de madera lavada y tonos neutros.<\/p>\n\n\n\n<p class=\"has-medium-font-size wp-block-paragraph\">Para una iluminaci\u00f3n m\u00e1s puntual, las <strong>l\u00e1mparas de sobremesa con base de cer\u00e1mica y pantallas de lino<\/strong> son la elecci\u00f3n ideal. Su textura natural y acabado mate encajan a la perfecci\u00f3n en mesitas de noche o rincones de lectura. Los <strong>modelos en tonos arena, azul suave o blanco envejecido<\/strong> refuerzan la est\u00e9tica relajada del estilo costero, aportando luz sin deslumbrar.<\/p>\n\n\n\n<p class=\"has-medium-font-size wp-block-paragraph\"><strong>Ubicar correctamente la iluminaci\u00f3n<\/strong> es clave para equilibrar la atm\u00f3sfera del espacio. En el <strong>sal\u00f3n<\/strong>, las l\u00e1mparas de pie de fibras vegetales a\u00f1aden un toque desenfadado junto a un sof\u00e1 en lino claro. En el <strong>dormitorio<\/strong>, una pareja de l\u00e1mparas de mimbre en las mesillas crea un efecto arm\u00f3nico. Con la luz adecuada, cada rinc\u00f3n respira esa calma sofisticada que define la decoraci\u00f3n costera.<\/p>\n\n\n\n<div style=\"height:25px\" aria-hidden=\"true\" class=\"wp-block-spacer\"><\/div>\n\n\n\n<h3 class=\"wp-block-heading\"><span class=\"ez-toc-section\" id=\"6_Alfombra_de_yute_o_algodon\"><\/span>6. Alfombra de yute o algod\u00f3n<span class=\"ez-toc-section-end\"><\/span><\/h3>\n\n\n\n<p class=\"has-medium-font-size wp-block-paragraph\">Si hay un elemento capaz de transformar un espacio con un solo gesto, esa es la alfombra. En un sal\u00f3n de estilo costero, las fibras naturales como el yute o el algod\u00f3n aportan calidez sin perder frescura. <strong>Su textura org\u00e1nica y su resistencia las convierten en la opci\u00f3n ideal para zonas de paso<\/strong>, sumando confort sin restar ligereza visual.<\/p>\n\n\n\n<p class=\"has-medium-font-size wp-block-paragraph\">El <strong>yute<\/strong>, con su tono arena y su acabado trenzado, encaja a la perfecci\u00f3n con muebles de madera lavada y detalles en blanco roto. Su car\u00e1cter r\u00fastico evoca la naturaleza, creando una base neutra que deja brillar el resto de la decoraci\u00f3n. Por otro lado, las <strong>alfombras de algod\u00f3n<\/strong> son m\u00e1s suaves y ligeras, perfectas para quienes buscan un tacto agradable bajo los pies.<\/p>\n\n\n\n<p class=\"has-medium-font-size wp-block-paragraph\">Si quieres a\u00f1adir un gui\u00f1o marinero sin caer en t\u00f3picos, una <strong>alfombra de rayas azul y blanco<\/strong> es un acierto seguro. Inspirada en las casas de la costa atl\u00e1ntica, combina de maravilla con sof\u00e1s en tonos claros y accesorios en fibras naturales. Adem\u00e1s, <strong>al ser de algod\u00f3n, su mantenimiento es sencillo, ideal para hogares con ni\u00f1os o mascotas<\/strong>.<\/p>\n\n\n\n<p class=\"has-medium-font-size wp-block-paragraph\"><strong>El truco para acertar con la alfombra es elegir el tama\u00f1o adecuado<\/strong>. En un <strong>sal\u00f3n amplio<\/strong>, una alfombra grande unificar\u00e1 los distintos elementos de la estancia, mientras que en <strong>espacios peque\u00f1os<\/strong>, un modelo m\u00e1s compacto ayudar\u00e1 a delimitar zonas sin saturar el ambiente. Sea cual sea tu elecci\u00f3n, esta pieza ser\u00e1 el toque final perfecto para un hogar con aut\u00e9ntico aire costero.<\/p>\n\n\n\n<div style=\"height:50px\" aria-hidden=\"true\" class=\"wp-block-spacer\"><\/div>\n\n\n\n<figure class=\"wp-block-image alignfull size-full\"><img decoding=\"async\" width=\"2385\" height=\"1344\" src=\"https:\/\/mueblesdetena.es\/wp-content\/uploads\/2025\/03\/estilo-costero-6.jpg\" alt=\"estilo costero, decoraci\u00f3n, muebles\" class=\"wp-image-36673\" srcset=\"https:\/\/mueblesdetena.es\/wp-content\/uploads\/2025\/03\/estilo-costero-6.jpg 2385w, https:\/\/mueblesdetena.es\/wp-content\/uploads\/2025\/03\/estilo-costero-6-300x169.jpg 300w, https:\/\/mueblesdetena.es\/wp-content\/uploads\/2025\/03\/estilo-costero-6-1024x577.jpg 1024w, https:\/\/mueblesdetena.es\/wp-content\/uploads\/2025\/03\/estilo-costero-6-768x433.jpg 768w, https:\/\/mueblesdetena.es\/wp-content\/uploads\/2025\/03\/estilo-costero-6-1536x866.jpg 1536w, https:\/\/mueblesdetena.es\/wp-content\/uploads\/2025\/03\/estilo-costero-6-2048x1154.jpg 2048w, https:\/\/mueblesdetena.es\/wp-content\/uploads\/2025\/03\/estilo-costero-6-600x338.jpg 600w\" sizes=\"(max-width: 2385px) 100vw, 2385px\" \/><\/figure>\n\n\n\n<div style=\"height:50px\" aria-hidden=\"true\" class=\"wp-block-spacer\"><\/div>\n\n\n\n<h3 class=\"wp-block-heading\"><span class=\"ez-toc-section\" id=\"7_Espejos_de_ratan_o_con_marco_blanco_envejecido\"><\/span>7. Espejos de rat\u00e1n o con marco blanco envejecido<span class=\"ez-toc-section-end\"><\/span><\/h3>\n\n\n\n<p class=\"has-medium-font-size wp-block-paragraph\">Los espejos son aliados imprescindibles en la decoraci\u00f3n de un hogar con estilo costero. Su <strong>capacidad para reflejar la luz natural y ampliar visualmente los espacios<\/strong> los convierte en un recurso infalible para conseguir interiores m\u00e1s luminosos y acogedores. Para potenciar este efecto, <strong>col\u00f3calos estrat\u00e9gicamente frente a ventanas o fuentes de luz<\/strong>, creando as\u00ed un juego de reflejos que multiplicar\u00e1 la sensaci\u00f3n de amplitud.<\/p>\n\n\n\n<p class=\"has-medium-font-size wp-block-paragraph\">En la elecci\u00f3n del dise\u00f1o, las formas redondas u ovaladas son clave para suavizar el ambiente y reforzar la est\u00e9tica relajada de la costa. <strong>Un espejo de rat\u00e1n aporta un toque org\u00e1nico y artesanal<\/strong> que encaja a la perfecci\u00f3n con materiales naturales como la madera lavada o el lino. Si buscas un efecto m\u00e1s sofisticado, los marcos blancos envejecidos evocan la p\u00e1tina del salitre y realzan el car\u00e1cter atemporal de los <strong>muebles<\/strong> costeros.<\/p>\n\n\n\n<p class=\"has-medium-font-size wp-block-paragraph\">Adem\u00e1s de su funci\u00f3n pr\u00e1ctica, un espejo bien elegido puede convertirse en el punto focal de la estancia. En <strong>salones o recibidores<\/strong>, un modelo XL enmarcado en fibras naturales a\u00f1ade personalidad sin recargar el espacio. Para un toque m\u00e1s sutil, agrupa varios espejos de distintos tama\u00f1os creando una composici\u00f3n din\u00e1mica que refleje la esencia del estilo costero.<\/p>\n\n\n\n<p class=\"has-medium-font-size wp-block-paragraph\">Si quieres llevar este recurso a <strong>dormitorios o ba\u00f1os<\/strong>, opta por espejos de rat\u00e1n combinados con apliques de luz c\u00e1lida. Este contraste de materiales aportar\u00e1 profundidad y calidez a la estancia sin perder frescura. Y <strong>si buscas un extra de encanto, los acabados envejecidos<\/strong> funcionan como un gui\u00f1o al aire mediterr\u00e1neo de las casas junto al mar, logrando una decoraci\u00f3n elegante y natural.<\/p>\n\n\n\n<div style=\"height:25px\" aria-hidden=\"true\" class=\"wp-block-spacer\"><\/div>\n\n\n\n<h3 class=\"wp-block-heading\"><span class=\"ez-toc-section\" id=\"8_Estanterias_abiertas_de_madera_clara\"><\/span>8. Estanter\u00edas abiertas de madera clara<span class=\"ez-toc-section-end\"><\/span><\/h3>\n\n\n\n<p class=\"has-medium-font-size wp-block-paragraph\">Las estanter\u00edas abiertas de madera clara son un b\u00e1sico imprescindible en la decoraci\u00f3n de estilo costero. <strong>Su dise\u00f1o liviano y natural permite crear espacios m\u00e1s amplios y luminosos, sin sobrecargar el ambiente<\/strong>. Adem\u00e1s, al prescindir de puertas, aportan una sensaci\u00f3n de frescura y ligereza que encaja perfectamente con la est\u00e9tica relajada de los hogares junto al mar.<\/p>\n\n\n\n<p class=\"has-medium-font-size wp-block-paragraph\">Para un efecto armonioso, <strong>lo ideal es combinarlas con piezas en tonos neutros y detalles en azul, turquesa o arena<\/strong>. Los muebles de madera clara permiten jugar con la disposici\u00f3n de los objetos para conseguir una composici\u00f3n equilibrada y visualmente atractiva. <strong>Un truco infalible es alternar libros con peque\u00f1os elementos decorativos, dejando espacios libres para evitar una sensaci\u00f3n de saturaci\u00f3n<\/strong>.<\/p>\n\n\n\n<p class=\"has-medium-font-size wp-block-paragraph\">Los <strong>accesorios inspirados en el oc\u00e9ano<\/strong> son clave para reforzar el estilo costero. Una <strong>selecci\u00f3n de libros de tem\u00e1tica marina<\/strong> puede convertirse en el punto focal de la estanter\u00eda, combinados con <strong>velas arom\u00e1ticas en frascos de cristal esmerilado<\/strong> que evoquen la brisa del mar. Para un toque a\u00fan m\u00e1s sofisticado, las <strong>esculturas en forma de coral blanco o conchas decorativas<\/strong> aportan textura y un aire exclusivo a la composici\u00f3n.<\/p>\n\n\n\n<p class=\"has-medium-font-size wp-block-paragraph\">Este tipo de muebles tambi\u00e9n son ideales para integrar materiales naturales y elementos reciclados, reforzando la conexi\u00f3n con la naturaleza que define la decoraci\u00f3n costera. <strong>Cestas de mimbre o rat\u00e1n<\/strong> pueden servir para organizar peque\u00f1os objetos, mientras que <strong>jarrones de cer\u00e1mica con ramas secas o lavanda<\/strong> aportan un aire fresco y mediterr\u00e1neo. La clave est\u00e1 en equilibrar la est\u00e9tica sin renunciar a la funcionalidad.<\/p>\n\n\n\n<div style=\"height:50px\" aria-hidden=\"true\" class=\"wp-block-spacer\"><\/div>\n\n\n\n<figure class=\"wp-block-image alignfull size-full\"><img loading=\"lazy\" decoding=\"async\" width=\"2385\" height=\"1344\" src=\"https:\/\/mueblesdetena.es\/wp-content\/uploads\/2025\/03\/estilo-costero-4.jpg\" alt=\"estilo costero, decoraci\u00f3n, muebles\" class=\"wp-image-36671\" srcset=\"https:\/\/mueblesdetena.es\/wp-content\/uploads\/2025\/03\/estilo-costero-4.jpg 2385w, https:\/\/mueblesdetena.es\/wp-content\/uploads\/2025\/03\/estilo-costero-4-300x169.jpg 300w, https:\/\/mueblesdetena.es\/wp-content\/uploads\/2025\/03\/estilo-costero-4-1024x577.jpg 1024w, https:\/\/mueblesdetena.es\/wp-content\/uploads\/2025\/03\/estilo-costero-4-768x433.jpg 768w, https:\/\/mueblesdetena.es\/wp-content\/uploads\/2025\/03\/estilo-costero-4-1536x866.jpg 1536w, https:\/\/mueblesdetena.es\/wp-content\/uploads\/2025\/03\/estilo-costero-4-2048x1154.jpg 2048w, https:\/\/mueblesdetena.es\/wp-content\/uploads\/2025\/03\/estilo-costero-4-600x338.jpg 600w\" sizes=\"(max-width: 2385px) 100vw, 2385px\" \/><\/figure>\n\n\n\n<div style=\"height:50px\" aria-hidden=\"true\" class=\"wp-block-spacer\"><\/div>\n\n\n\n<h3 class=\"wp-block-heading\"><span class=\"ez-toc-section\" id=\"9_Cabecero_de_madera_o_ratan_para_el_dormitorio\"><\/span>9. Cabecero de madera o rat\u00e1n para el dormitorio<span class=\"ez-toc-section-end\"><\/span><\/h3>\n\n\n\n<p class=\"has-medium-font-size wp-block-paragraph\">Un cabecero de madera o rat\u00e1n es una pieza clave en la decoraci\u00f3n de un <a href=\"https:\/\/mueblesdetena.es\/ru_ru\/dormitorios-matrimonio\/\">dormitorio<\/a> con estilo costero. <strong>Su dise\u00f1o ligero y natural aporta esa sensaci\u00f3n de calma y frescura propia de las casas junto al mar<\/strong>. Para lograr un ambiente arm\u00f3nico, lo ideal es optar por acabados en tonos arena, blanco roto o madera lavada, que combinan a la perfecci\u00f3n con textiles en lino y algod\u00f3n.<\/p>\n\n\n\n<p class=\"has-medium-font-size wp-block-paragraph\">Si buscas un toque m\u00e1s aut\u00e9ntico, los cabeceros de rat\u00e1n trenzado son una apuesta segura. Este material artesanal <strong>encaja a la perfecci\u00f3n con otros muebles de fibras naturales y, adem\u00e1s, es incre\u00edblemente vers\u00e1til<\/strong>. Se pueden encontrar en versiones de l\u00edneas rectas para un look minimalista o con formas curvas que evocan el aire relajado de las casas mediterr\u00e1neas.<\/p>\n\n\n\n<p class=\"has-medium-font-size wp-block-paragraph\">Para los amantes del DIY, una opci\u00f3n interesante es <strong>personalizar un cabecero de madera con pintura efecto desgastado<\/strong>. Basta con aplicar una capa de blanco o azul pastel y lijar suavemente algunas zonas para conseguir ese aspecto envejecido tan caracter\u00edstico del estilo costero. \u00bfOtra idea? <strong>Incorporar listones de madera reciclada para un dise\u00f1o \u00fanico con un aire r\u00fastico y marinero<\/strong>.<\/p>\n\n\n\n<p class=\"has-medium-font-size wp-block-paragraph\">Independientemente del material elegido, el cabecero debe integrarse con el resto de los muebles del dormitorio. <strong>Complementarlo con mesitas de madera clara, l\u00e1mparas de cer\u00e1mica y cojines con estampados marinos<\/strong> reforzar\u00e1 la est\u00e9tica sin sobrecargar el espacio. El resultado: un refugio acogedor y con personalidad, donde cada detalle evoca la serenidad y la elegancia de la vida junto al mar.<\/p>\n\n\n\n<div style=\"height:25px\" aria-hidden=\"true\" class=\"wp-block-spacer\"><\/div>\n\n\n\n<h3 class=\"wp-block-heading\"><span class=\"ez-toc-section\" id=\"10_Cojines_y_textiles_en_tonos_arena_y_azul\"><\/span>10. Cojines y textiles en tonos arena y azul<span class=\"ez-toc-section-end\"><\/span><\/h3>\n\n\n\n<p class=\"has-medium-font-size wp-block-paragraph\">Los cojines y textiles son el toque final que define cualquier espacio con estilo costero. Para lograr un ambiente fresco y evocador, <strong>los estampados juegan un papel clave<\/strong>: <strong>rayas marineras<\/strong>, inspiradas en las cl\u00e1sicas casetas de playa, <strong>motivos de corales<\/strong> que recuerdan el fondo marino o <strong>delicadas ilustraciones de caracolas y estrellas de mar<\/strong> que aportan sutileza y sofisticaci\u00f3n.<\/p>\n\n\n\n<p class=\"has-medium-font-size wp-block-paragraph\"><strong>La clave est\u00e1 en mezclar texturas y tejidos naturales<\/strong>. Linos y algodones en tonos <strong>arena y azul<\/strong> aportan frescura, mientras que acabados en <strong>gasa o muselina<\/strong> suman ligereza y movimiento. Para un efecto m\u00e1s acogedor, se pueden combinar con cojines en tonos neutros, como <strong>blanco roto o gris piedra<\/strong>, que aportan equilibrio y realzan la paleta crom\u00e1tica del conjunto.<\/p>\n\n\n\n<p class=\"has-medium-font-size wp-block-paragraph\">M\u00e1s all\u00e1 del sof\u00e1, los cojines encuentran su sitio en otros rincones estrat\u00e9gicos del hogar. <strong>Sobre un banco de madera envejecida en la entrada, en un rinc\u00f3n de lectura junto a una l\u00e1mpara de fibras o en un dormitorio con ropa de cama de lino en tonos marfil y celeste<\/strong>, estos accesorios transforman la decoraci\u00f3n sin esfuerzo y sin necesidad de cambiar los muebles.<\/p>\n\n\n\n<p class=\"has-medium-font-size wp-block-paragraph\">Para potenciar el efecto acogedor del estilo costero, <strong>las mantas de algod\u00f3n son el complemento perfecto<\/strong>. En versi\u00f3n ligera para las noches de verano o con tejido m\u00e1s grueso en invierno, funcionan tanto en sof\u00e1s como a los pies de la cama. Optar por tonos arena con detalles en azul a\u00f1ade un sutil contraste, mientras que los dise\u00f1os de punto grueso o con flecos aportan un aire relajado y desenfadado, perfecto para un hogar inspirado en el mar.<\/p>\n\n\n\n<div style=\"height:50px\" aria-hidden=\"true\" class=\"wp-block-spacer\"><\/div>\n\n\n\n<figure class=\"wp-block-image alignfull size-full\"><img loading=\"lazy\" decoding=\"async\" width=\"2385\" height=\"1344\" src=\"https:\/\/mueblesdetena.es\/wp-content\/uploads\/2025\/03\/estilo-costero-7.jpg\" alt=\"estilo costero, decoraci\u00f3n, muebles\" class=\"wp-image-36674\" srcset=\"https:\/\/mueblesdetena.es\/wp-content\/uploads\/2025\/03\/estilo-costero-7.jpg 2385w, https:\/\/mueblesdetena.es\/wp-content\/uploads\/2025\/03\/estilo-costero-7-300x169.jpg 300w, https:\/\/mueblesdetena.es\/wp-content\/uploads\/2025\/03\/estilo-costero-7-1024x577.jpg 1024w, https:\/\/mueblesdetena.es\/wp-content\/uploads\/2025\/03\/estilo-costero-7-768x433.jpg 768w, https:\/\/mueblesdetena.es\/wp-content\/uploads\/2025\/03\/estilo-costero-7-1536x866.jpg 1536w, https:\/\/mueblesdetena.es\/wp-content\/uploads\/2025\/03\/estilo-costero-7-2048x1154.jpg 2048w, https:\/\/mueblesdetena.es\/wp-content\/uploads\/2025\/03\/estilo-costero-7-600x338.jpg 600w\" sizes=\"(max-width: 2385px) 100vw, 2385px\" \/><\/figure>\n\n\n\n<div style=\"height:50px\" aria-hidden=\"true\" class=\"wp-block-spacer\"><\/div>\n\n\n\n<h2 class=\"wp-block-heading\"><span class=\"ez-toc-section\" id=\"Como_combinar_estos_muebles_y_complementos_para_un_estilo_costero_equilibrado\"><\/span>C\u00f3mo combinar estos muebles y complementos para un estilo costero equilibrado<span class=\"ez-toc-section-end\"><\/span><\/h2>\n\n\n\n<ul class=\"wp-block-list\">\n<li class=\"has-medium-font-size\">El secreto de una decoraci\u00f3n costera bien lograda est\u00e1 en <strong>encontrar el equilibrio perfecto entre materiales y texturas<\/strong>. La madera lavada y las fibras naturales, como el rat\u00e1n o el yute, aportan calidez, pero conviene combinarlas con elementos m\u00e1s ligeros, como cristal o cer\u00e1mica blanca, para evitar una est\u00e9tica recargada. En los textiles, apuesta por una base neutra con toques de azul y arena, logrando un efecto relajante sin caer en excesos tem\u00e1ticos.<\/li>\n\n\n\n<li class=\"has-medium-font-size\"><strong>La luz natural es la gran protagonista del estilo costero, por lo que potenciarla debe ser una prioridad<\/strong>. Opta por cortinas de lino o visillos ligeros que dejen pasar la claridad sin restar privacidad. Los espejos de gran formato son aliados clave: reflejan la luz y multiplican la sensaci\u00f3n de amplitud. Para un extra de luminosidad, elige muebles en tonos blancos o madera clara, creando un espacio fresco y arm\u00f3nico.<\/li>\n\n\n\n<li class=\"has-medium-font-size\"><strong>Las plantas aportan vida y acent\u00faan la conexi\u00f3n con la naturaleza<\/strong> propia de la decoraci\u00f3n costera. La costilla de Ad\u00e1n y las palmeras de interior evocan paisajes tropicales, mientras que la lavanda seca introduce un aroma sutil y sofisticado. Distribuirlas estrat\u00e9gicamente en cestas de mimbre o jarrones de cer\u00e1mica refuerza la est\u00e9tica sin romper la armon\u00eda visual del conjunto.<\/li>\n\n\n\n<li class=\"has-medium-font-size\"><strong>Los detalles decorativos deben ser sutiles y bien escogidos<\/strong>. En lugar de llenar cada superficie con conchas y redes marineras, apuesta por cer\u00e1mica artesanal, l\u00e1mparas de fibras o cuadros con motivos marinos en tonos suaves. La clave est\u00e1 en crear una atm\u00f3sfera relajada, donde cada elemento sume sin saturar, logrando un hogar que respire el encanto sereno del estilo costero.<\/li>\n<\/ul>\n\n\n\n<div style=\"height:25px\" aria-hidden=\"true\" class=\"wp-block-spacer\"><\/div>\n\n\n\n<p class=\"has-medium-font-size wp-block-paragraph\">El <strong>estilo costero<\/strong> no es solo una tendencia, es una forma de transformar tu hogar en un refugio luminoso, sereno y lleno de calidez. La clave est\u00e1 en combinar <strong>muebles<\/strong> de materiales naturales con una paleta de colores suaves que evoquen la frescura del mar. Texturas como el lino, la madera lavada o el rat\u00e1n aportan ese aire desenfadado pero elegante que hace que cada estancia respire armon\u00eda.<\/p>\n\n\n\n<p class=\"has-medium-font-size wp-block-paragraph\">M\u00e1s all\u00e1 de los grandes protagonistas, los detalles juegan un papel esencial en esta <strong>decoraci\u00f3n<\/strong>. Unas l\u00e1mparas de fibras naturales, una alfombra de yute o unos cojines en tonos arena pueden marcar la diferencia sin necesidad de hacer grandes cambios. La luz natural, los textiles ligeros y una selecci\u00f3n cuidada de accesorios logran ese efecto de amplitud y confort que define los interiores m\u00e1s inspiradores.<\/p>\n\n\n\n<p class=\"has-medium-font-size wp-block-paragraph\">Ahora que ya conoces los <strong>10 muebles y complementos imprescindibles<\/strong>, solo queda elegir los tuyos y darle a tu hogar ese aire fresco y elegante del <strong>estilo costero<\/strong>. Descubre nuestra selecci\u00f3n en <a href=\"https:\/\/mueblesdetena.es\/ru_ru\/\">Muebles Detena<\/a> y transforma tu hogar hoy mismo.<\/p>","protected":false},"excerpt":{"rendered":"<p>El estilo costero ha conquistado la decoraci\u00f3n contempor\u00e1nea con su capacidad para transformar cualquier hogar en un refugio de calma y frescura. Inspirado en la luz del Mediterr\u00e1neo, el encanto del Atl\u00e1ntico o la serenidad del mar del Norte, este estilo combina muebles de l\u00edneas sencillas con materiales naturales para crear espacios acogedores y llenos [&hellip;]<\/p>\n","protected":false},"author":618,"featured_media":36667,"comment_status":"open","ping_status":"open","sticky":false,"template":"","format":"standard","meta":{"site-sidebar-layout":"default","site-content-layout":"","ast-site-content-layout":"default","site-content-style":"default","site-sidebar-style":"default","ast-global-header-display":"","ast-banner-title-visibility":"","ast-main-header-display":"","ast-hfb-above-header-display":"","ast-hfb-below-header-display":"","ast-hfb-mobile-header-display":"","site-post-title":"","ast-breadcrumbs-content":"","ast-featured-img":"","footer-sml-layout":"","ast-disable-related-posts":"","theme-transparent-header-meta":"","adv-header-id-meta":"","stick-header-meta":"","header-above-stick-meta":"","header-main-stick-meta":"","header-below-stick-meta":"","astra-migrate-meta-layouts":"set","ast-page-background-enabled":"default","ast-page-background-meta":{"desktop":{"background-color":"var(--ast-global-color-4)","background-image":"","background-repeat":"repeat","background-position":"center center","background-size":"auto","background-attachment":"scroll","background-type":"","background-media":"","overlay-type":"","overlay-color":"","overlay-opacity":"","overlay-gradient":""},"tablet":{"background-color":"","background-image":"","background-repeat":"repeat","background-position":"center center","background-size":"auto","background-attachment":"scroll","background-type":"","background-media":"","overlay-type":"","overlay-color":"","overlay-opacity":"","overlay-gradient":""},"mobile":{"background-color":"","background-image":"","background-repeat":"repeat","background-position":"center center","background-size":"auto","background-attachment":"scroll","background-type":"","background-media":"","overlay-type":"","overlay-color":"","overlay-opacity":"","overlay-gradient":""}},"ast-content-background-meta":{"desktop":{"background-color":"var(--ast-global-color-5)","background-image":"","background-repeat":"repeat","background-position":"center center","background-size":"auto","background-attachment":"scroll","background-type":"","background-media":"","overlay-type":"","overlay-color":"","overlay-opacity":"","overlay-gradient":""},"tablet":{"background-color":"var(--ast-global-color-5)","background-image":"","background-repeat":"repeat","background-position":"center center","background-size":"auto","background-attachment":"scroll","background-type":"","background-media":"","overlay-type":"","overlay-color":"","overlay-opacity":"","overlay-gradient":""},"mobile":{"background-color":"var(--ast-global-color-5)","background-image":"","background-repeat":"repeat","background-position":"center center","background-size":"auto","background-attachment":"scroll","background-type":"","background-media":"","overlay-type":"","overlay-color":"","overlay-opacity":"","overlay-gradient":""}},"_joinchat":[],"footnotes":""},"categories":[1],"tags":[],"class_list":["post-36643","post","type-post","status-publish","format-standard","has-post-thumbnail","hentry","category-sin-categoria"],"_links":{"self":[{"href":"https:\/\/mueblesdetena.es\/ru_ru\/wp-json\/wp\/v2\/posts\/36643","targetHints":{"allow":["GET"]}}],"collection":[{"href":"https:\/\/mueblesdetena.es\/ru_ru\/wp-json\/wp\/v2\/posts"}],"about":[{"href":"https:\/\/mueblesdetena.es\/ru_ru\/wp-json\/wp\/v2\/types\/post"}],"author":[{"embeddable":true,"href":"https:\/\/mueblesdetena.es\/ru_ru\/wp-json\/wp\/v2\/users\/618"}],"replies":[{"embeddable":true,"href":"https:\/\/mueblesdetena.es\/ru_ru\/wp-json\/wp\/v2\/comments?post=36643"}],"version-history":[{"count":4,"href":"https:\/\/mueblesdetena.es\/ru_ru\/wp-json\/wp\/v2\/posts\/36643\/revisions"}],"predecessor-version":[{"id":36675,"href":"https:\/\/mueblesdetena.es\/ru_ru\/wp-json\/wp\/v2\/posts\/36643\/revisions\/36675"}],"wp:featuredmedia":[{"embeddable":true,"href":"https:\/\/mueblesdetena.es\/ru_ru\/wp-json\/wp\/v2\/media\/36667"}],"wp:attachment":[{"href":"https:\/\/mueblesdetena.es\/ru_ru\/wp-json\/wp\/v2\/media?parent=36643"}],"wp:term":[{"taxonomy":"category","embeddable":true,"href":"https:\/\/mueblesdetena.es\/ru_ru\/wp-json\/wp\/v2\/categories?post=36643"},{"taxonomy":"post_tag","embeddable":true,"href":"https:\/\/mueblesdetena.es\/ru_ru\/wp-json\/wp\/v2\/tags?post=36643"}],"curies":[{"name":"wp","href":"https:\/\/api.w.org\/{rel}","templated":true}]}}