{"id":36712,"date":"2025-03-13T09:00:00","date_gmt":"2025-03-13T08:00:00","guid":{"rendered":"https:\/\/mueblesdetena.es\/?p=36712"},"modified":"2025-03-10T07:48:48","modified_gmt":"2025-03-10T06:48:48","slug":"decorar-una-terraza-pequena","status":"publish","type":"post","link":"https:\/\/mueblesdetena.es\/ru_ru\/decorar-una-terraza-pequena\/","title":{"rendered":"9 elementos clave para decorar una terraza peque\u00f1a de forma sencilla"},"content":{"rendered":"<p class=\"has-medium-font-size wp-block-paragraph\">Decorar una terraza peque\u00f1a puede parecer un desaf\u00edo, pero con las decisiones adecuadas, es posible convertirla en un refugio acogedor y funcional. <strong>La clave est\u00e1 en elegir los muebles y accesorios adecuados, optimizando cada rinc\u00f3n con soluciones vers\u00e1tiles y bien pensadas<\/strong>. Un espacio reducido no tiene por qu\u00e9 limitar la creatividad ni el confort.<\/p>\n\n\n\n<p class=\"has-medium-font-size wp-block-paragraph\"><strong>Uno de los mayores retos es lograr una decoraci\u00f3n armoniosa sin saturar el ambiente<\/strong>. La falta de almacenamiento, la distribuci\u00f3n del mobiliario y la sensaci\u00f3n de estrechez son obst\u00e1culos comunes, pero existen trucos para superarlos sin renunciar al estilo. La combinaci\u00f3n de elementos ligeros, texturas naturales y una paleta bien equilibrada pueden marcar la diferencia.<\/p>\n\n\n\n<p class=\"has-medium-font-size wp-block-paragraph\">Si crees que es demasiado limitada para ser funcional, aqu\u00ed tienes <strong>9 claves para transformar tu terraza peque\u00f1a en un rinc\u00f3n perfecto<\/strong>. Desde el mobiliario hasta la iluminaci\u00f3n, descubre c\u00f3mo sacarle el m\u00e1ximo partido con ideas sencillas y llenas de encanto.<\/p>\n\n\n\n<div style=\"height:50px\" aria-hidden=\"true\" class=\"wp-block-spacer\"><\/div>\n\n\n\n<div id=\"ez-toc-container\" class=\"ez-toc-v2_0_85 counter-hierarchy ez-toc-counter ez-toc-grey ez-toc-container-direction\">\n<div class=\"ez-toc-title-container\">\n<p class=\"ez-toc-title\" style=\"cursor:inherit\">Tabla de contenidos<\/p>\n<span class=\"ez-toc-title-toggle\"><a href=\"#\" class=\"ez-toc-pull-right ez-toc-btn ez-toc-btn-xs ez-toc-btn-default ez-toc-toggle\" aria-label=\"Toggle Table of Content\"><span class=\"ez-toc-js-icon-con\"><span class=\"\"><span class=\"eztoc-hide\" style=\"display:none;\">Toggle<\/span><span class=\"ez-toc-icon-toggle-span\"><svg style=\"fill: #999;color:#999\" xmlns=\"http:\/\/www.w3.org\/2000\/svg\" class=\"list-377408\" width=\"20px\" height=\"20px\" viewbox=\"0 0 24 24\" fill=\"none\"><path d=\"M6 6H4v2h2V6zm14 0H8v2h12V6zM4 11h2v2H4v-2zm16 0H8v2h12v-2zM4 16h2v2H4v-2zm16 0H8v2h12v-2z\" fill=\"currentColor\"><\/path><\/svg><svg style=\"fill: #999;color:#999\" class=\"arrow-unsorted-368013\" xmlns=\"http:\/\/www.w3.org\/2000\/svg\" width=\"10px\" height=\"10px\" viewbox=\"0 0 24 24\" version=\"1.2\" baseprofile=\"tiny\"><path d=\"M18.2 9.3l-6.2-6.3-6.2 6.3c-.2.2-.3.4-.3.7s.1.5.3.7c.2.2.4.3.7.3h11c.3 0 .5-.1.7-.3.2-.2.3-.5.3-.7s-.1-.5-.3-.7zM5.8 14.7l6.2 6.3 6.2-6.3c.2-.2.3-.5.3-.7s-.1-.5-.3-.7c-.2-.2-.4-.3-.7-.3h-11c-.3 0-.5.1-.7.3-.2.2-.3.5-.3.7s.1.5.3.7z\"\/><\/svg><\/span><\/span><\/span><\/a><\/span><\/div>\n<nav><ul class='ez-toc-list ez-toc-list-level-1' ><li class='ez-toc-page-1 ez-toc-heading-level-2'><a class=\"ez-toc-link ez-toc-heading-1\" href=\"https:\/\/mueblesdetena.es\/ru_ru\/decorar-una-terraza-pequena\/#Los_10_elementos_clave_para_decorar_una_terraza_pequena\" >Los 10 elementos clave para decorar una terraza peque\u00f1a<\/a><ul class='ez-toc-list-level-3' ><li class='ez-toc-heading-level-3'><a class=\"ez-toc-link ez-toc-heading-2\" href=\"https:\/\/mueblesdetena.es\/ru_ru\/decorar-una-terraza-pequena\/#1_Muebles_multifuncionales_La_clave_del_espacio\" >1. Muebles multifuncionales: La clave del espacio<\/a><\/li><li class='ez-toc-page-1 ez-toc-heading-level-3'><a class=\"ez-toc-link ez-toc-heading-3\" href=\"https:\/\/mueblesdetena.es\/ru_ru\/decorar-una-terraza-pequena\/#2_Aprovechar_las_paredes_con_estanterias_y_jardines_verticales\" >2. Aprovechar las paredes con estanter\u00edas y jardines verticales<\/a><\/li><li class='ez-toc-page-1 ez-toc-heading-level-3'><a class=\"ez-toc-link ez-toc-heading-4\" href=\"https:\/\/mueblesdetena.es\/ru_ru\/decorar-una-terraza-pequena\/#3_Iluminacion_acogedora_luces_LED_y_solares\" >3. Iluminaci\u00f3n acogedora: luces LED y solares<\/a><\/li><li class='ez-toc-page-1 ez-toc-heading-level-3'><a class=\"ez-toc-link ez-toc-heading-5\" href=\"https:\/\/mueblesdetena.es\/ru_ru\/decorar-una-terraza-pequena\/#4_Uso_estrategico_de_colores_y_materiales\" >4. Uso estrat\u00e9gico de colores y materiales<\/a><\/li><li class='ez-toc-page-1 ez-toc-heading-level-3'><a class=\"ez-toc-link ez-toc-heading-6\" href=\"https:\/\/mueblesdetena.es\/ru_ru\/decorar-una-terraza-pequena\/#5_Textiles_para_dar_calidez\" >5. Textiles para dar calidez<\/a><\/li><li class='ez-toc-page-1 ez-toc-heading-level-3'><a class=\"ez-toc-link ez-toc-heading-7\" href=\"https:\/\/mueblesdetena.es\/ru_ru\/decorar-una-terraza-pequena\/#6_Sombrillas_y_toldos_Sombra_sin_ocupar_espacio\" >6. Sombrillas y toldos: Sombra sin ocupar espacio<\/a><\/li><li class='ez-toc-page-1 ez-toc-heading-level-3'><a class=\"ez-toc-link ez-toc-heading-8\" href=\"https:\/\/mueblesdetena.es\/ru_ru\/decorar-una-terraza-pequena\/#7_Accesorios_decorativos_minimalistas\" >7. Accesorios decorativos minimalistas<\/a><\/li><li class='ez-toc-page-1 ez-toc-heading-level-3'><a class=\"ez-toc-link ez-toc-heading-9\" href=\"https:\/\/mueblesdetena.es\/ru_ru\/decorar-una-terraza-pequena\/#8_Pequena_zona_de_comedor_o_relax\" >8. Peque\u00f1a zona de comedor o relax<\/a><\/li><li class='ez-toc-page-1 ez-toc-heading-level-3'><a class=\"ez-toc-link ez-toc-heading-10\" href=\"https:\/\/mueblesdetena.es\/ru_ru\/decorar-una-terraza-pequena\/#9_Soluciones_de_almacenamiento_oculto\" >9. Soluciones de almacenamiento oculto<\/a><\/li><\/ul><\/li><\/ul><\/nav><\/div>\n<h2 class=\"wp-block-heading\"><span class=\"ez-toc-section\" id=\"Los_10_elementos_clave_para_decorar_una_terraza_pequena\"><\/span>Los 10 elementos clave para decorar una terraza peque\u00f1a<span class=\"ez-toc-section-end\"><\/span><\/h2>\n\n\n\n<h3 class=\"wp-block-heading\"><span class=\"ez-toc-section\" id=\"1_Muebles_multifuncionales_La_clave_del_espacio\"><\/span>1. Muebles multifuncionales: La clave del espacio<span class=\"ez-toc-section-end\"><\/span><\/h3>\n\n\n\n<p class=\"has-medium-font-size wp-block-paragraph\">Cuando el espacio escasea, cada elecci\u00f3n cuenta. En una terraza peque\u00f1a, apostar por muebles multifuncionales no solo <strong>optimiza el \u00e1rea disponible<\/strong>, sino que tambi\u00e9n <strong>a\u00f1ade estilo y comodidad<\/strong>. Bancos con almacenaje, mesas plegables y sillas apilables permiten una distribuci\u00f3n vers\u00e1til, adapt\u00e1ndose a las necesidades sin sobrecargar el ambiente.<\/p>\n\n\n\n<p class=\"has-medium-font-size wp-block-paragraph\">Las <strong>mesas plegables<\/strong> son una opci\u00f3n imprescindible en la decoraci\u00f3n de terrazas reducidas. Un <a href=\"https:\/\/mueblesdetena.es\/ru_ru\/mesa-abatible%c2%a8\/\">modelo abatible fijado a la pared<\/a> puede desplegarse cuando se necesita y desaparecer cuando no se usa. Tambi\u00e9n existen <a href=\"https:\/\/mueblesdetena.es\/ru_ru\/mesa-extensible-nube%c2%a8\/\">mesas extensibles<\/a> que se ajustan al n\u00famero de comensales, aportando funcionalidad sin sacrificar la est\u00e9tica del conjunto.<\/p>\n\n\n\n<p class=\"has-medium-font-size wp-block-paragraph\">En cuanto a los asientos, las <strong>sillas apilables<\/strong> son la soluci\u00f3n perfecta para ganar espacio sin renunciar al confort. Se pueden almacenar f\u00e1cilmente cuando no est\u00e1n en uso y elegir materiales como aluminio o rat\u00e1n sint\u00e9tico garantiza durabilidad sin perder ligereza. Para un extra de calidez, los cojines en tonos neutros completan la propuesta.<\/p>\n\n\n\n<p class=\"has-medium-font-size wp-block-paragraph\">Los <strong>bancos con almacenaje<\/strong> son un imprescindible en la decoraci\u00f3n de una terraza peque\u00f1a. No solo proporcionan un asiento c\u00f3modo, sino que ofrecen un espacio oculto para guardar cojines, mantas o herramientas de jardiner\u00eda. Modelos con estructura de madera o fibra natural se integran con facilidad en cualquier estilo decorativo.<\/p>\n\n\n\n<div style=\"height:25px\" aria-hidden=\"true\" class=\"wp-block-spacer\"><\/div>\n\n\n\n<h3 class=\"wp-block-heading\"><span class=\"ez-toc-section\" id=\"2_Aprovechar_las_paredes_con_estanterias_y_jardines_verticales\"><\/span>2. Aprovechar las paredes con estanter\u00edas y jardines verticales<span class=\"ez-toc-section-end\"><\/span><\/h3>\n\n\n\n<p class=\"has-medium-font-size wp-block-paragraph\">Cuando el espacio es un bien preciado, cada cent\u00edmetro cuenta. Una terraza peque\u00f1a puede transformarse en un oasis funcional si se aprovechan las paredes con soluciones inteligentes. Las <strong>estanter\u00edas flotantes<\/strong> son una opci\u00f3n vers\u00e1til que permite organizar objetos decorativos sin sacrificar metros \u00fatiles. Adem\u00e1s, combinarlas con macetas colgantes aporta un toque natural sin invadir la superficie del suelo.<\/p>\n\n\n\n<p class=\"has-medium-font-size wp-block-paragraph\">Las <strong>macetas suspendidas en soportes de cuerda o metal<\/strong> crean una sensaci\u00f3n de ligereza y aportan frescura a la decoraci\u00f3n del espacio exterior. Para un resultado arm\u00f3nico, es <strong>recomendable optar por materiales como el rat\u00e1n, la cer\u00e1mica o el hierro forjado<\/strong>, que combinan a la perfecci\u00f3n con los muebles de exterior m\u00e1s elegantes. Distribuir las plantas en diferentes alturas aporta dinamismo y refuerza la sensaci\u00f3n de amplitud.<\/p>\n\n\n\n<p class=\"has-medium-font-size wp-block-paragraph\">Para quienes buscan un impacto visual a\u00fan mayor, un <strong>jard\u00edn vertical<\/strong> casero es la soluci\u00f3n perfecta. Una estructura de madera con jardineras integradas o un panel met\u00e1lico con soportes modulares permite jugar con distintas especies vegetales. <strong><a href=\"https:\/\/www.aprilplants.com\/search?q=helecho\" target=\"_blank\" rel=\"noopener\">Helechos<\/a>, <a href=\"https:\/\/www.aprilplants.com\/search?q=potho\" target=\"_blank\" rel=\"noopener\">potos<\/a> o <a href=\"https:\/\/www.aprilplants.com\/search?q=hiedra\" target=\"_blank\" rel=\"noopener\">hiedras<\/a><\/strong> son opciones ideales, ya que requieren poco mantenimiento y se adaptan bien a los cambios de temperatura en exteriores.<\/p>\n\n\n\n<p class=\"has-medium-font-size wp-block-paragraph\">Eligiendo la vegetaci\u00f3n adecuada y una distribuci\u00f3n equilibrada, <strong>se consigue un efecto envolvente que transforma una simple pared en el alma de la terraza<\/strong>. La combinaci\u00f3n de materiales nobles, plantas exuberantes y un dise\u00f1o bien planificado crea un rinc\u00f3n acogedor y lleno de vida, ideal para disfrutar de un caf\u00e9 matutino o una velada al aire libre en un entorno encantador.<\/p>\n\n\n\n<div style=\"height:50px\" aria-hidden=\"true\" class=\"wp-block-spacer\"><\/div>\n\n\n\n<figure class=\"wp-block-image alignfull size-full\"><img fetchpriority=\"high\" decoding=\"async\" width=\"2385\" height=\"1344\" src=\"https:\/\/mueblesdetena.es\/wp-content\/uploads\/2025\/03\/terraza-pequena-2.jpg\" alt=\"terraza peque\u00f1a, decoraci\u00f3n\" class=\"wp-image-36744\" srcset=\"https:\/\/mueblesdetena.es\/wp-content\/uploads\/2025\/03\/terraza-pequena-2.jpg 2385w, https:\/\/mueblesdetena.es\/wp-content\/uploads\/2025\/03\/terraza-pequena-2-300x169.jpg 300w, https:\/\/mueblesdetena.es\/wp-content\/uploads\/2025\/03\/terraza-pequena-2-1024x577.jpg 1024w, https:\/\/mueblesdetena.es\/wp-content\/uploads\/2025\/03\/terraza-pequena-2-768x433.jpg 768w, https:\/\/mueblesdetena.es\/wp-content\/uploads\/2025\/03\/terraza-pequena-2-1536x866.jpg 1536w, https:\/\/mueblesdetena.es\/wp-content\/uploads\/2025\/03\/terraza-pequena-2-2048x1154.jpg 2048w, https:\/\/mueblesdetena.es\/wp-content\/uploads\/2025\/03\/terraza-pequena-2-600x338.jpg 600w\" sizes=\"(max-width: 2385px) 100vw, 2385px\" \/><\/figure>\n\n\n\n<div style=\"height:50px\" aria-hidden=\"true\" class=\"wp-block-spacer\"><\/div>\n\n\n\n<h3 class=\"wp-block-heading\"><span class=\"ez-toc-section\" id=\"3_Iluminacion_acogedora_luces_LED_y_solares\"><\/span>3. Iluminaci\u00f3n acogedora: luces LED y solares<span class=\"ez-toc-section-end\"><\/span><\/h3>\n\n\n\n<p class=\"has-medium-font-size wp-block-paragraph\">Una terraza peque\u00f1a bien iluminada puede convertirse en un refugio perfecto para relajarse al atardecer. Las <strong><a href=\"https:\/\/www.lamparayluz.es\/guirnalda-de-luces-exterior-moderna-blanca-7m-con-led-ip65-neo\" target=\"_blank\" rel=\"noopener\">guirnaldas de luces LED<\/a><\/strong> a\u00f1aden un encanto especial, creando un <strong>efecto envolvente sin sobrecargar el espacio<\/strong>. Optar por modelos solares permite disfrutar de una iluminaci\u00f3n sostenible sin preocuparse por cables o enchufes.<\/p>\n\n\n\n<p class=\"has-medium-font-size wp-block-paragraph\">Los <strong>faroles solares<\/strong> son una opci\u00f3n ideal para aportar calidez sin ocupar demasiado. Colocados estrat\u00e9gicamente <strong>en rincones o colgados de ganchos en la pared, proyectan una luz tenue y acogedora<\/strong>. Para un efecto m\u00e1s sofisticado, se pueden combinar con velas LED de llama realista, perfectas para conseguir un ambiente sereno y elegante.<\/p>\n\n\n\n<p class=\"has-medium-font-size wp-block-paragraph\">Integrar diferentes puntos de luz es clave en la decoraci\u00f3n de exteriores. Unas <strong><a href=\"https:\/\/www.lamparayluz.es\/set-de-9-lamparas-de-mesa-recargables-en-forma-de-hongo-dorado-con-estacion-de-carga-raika\" target=\"_blank\" rel=\"noopener\">l\u00e1mparas de mesa recargables<\/a><\/strong> pueden complementar la iluminaci\u00f3n general, creando zonas diferenciadas dentro de la terraza. <strong>Si hay muebles de madera o fibras naturales, las luces de tonos c\u00e1lidos resaltar\u00e1n su textura y aportar\u00e1n una sensaci\u00f3n de confort<\/strong>.<\/p>\n\n\n\n<p class=\"has-medium-font-size wp-block-paragraph\"><strong>La elecci\u00f3n del tono de luz es esencial para potenciar el ambiente<\/strong>. Mientras que las luces fr\u00edas pueden resultar demasiado intensas, una iluminaci\u00f3n c\u00e1lida en tonos \u00e1mbar transforma cualquier terraza peque\u00f1a en un rinc\u00f3n acogedor. Apostar por reguladores de intensidad o bombillas de filamento LED a\u00f1ade un extra de versatilidad y estilo.<\/p>\n\n\n\n<div style=\"height:25px\" aria-hidden=\"true\" class=\"wp-block-spacer\"><\/div>\n\n\n\n<h3 class=\"wp-block-heading\"><span class=\"ez-toc-section\" id=\"4_Uso_estrategico_de_colores_y_materiales\"><\/span>4. Uso estrat\u00e9gico de colores y materiales<span class=\"ez-toc-section-end\"><\/span><\/h3>\n\n\n\n<p class=\"has-medium-font-size wp-block-paragraph\">Elegir una paleta de colores adecuada es clave para que una terraza peque\u00f1a se perciba m\u00e1s amplia y luminosa. Los <strong>tonos neutros, como el blanco, el beige y los grises suaves, reflejan mejor la luz natural y aportan frescura<\/strong>. Para a\u00f1adir profundidad sin saturar el espacio, se pueden incorporar detalles en tonos tierra, verdes suaves o azules empolvados.<\/p>\n\n\n\n<p class=\"has-medium-font-size wp-block-paragraph\">Los materiales tambi\u00e9n juegan un papel esencial en la decoraci\u00f3n de exteriores. La <strong>madera en tonos claros<\/strong> ofrece calidez y se integra perfectamente con estilos mediterr\u00e1neos o n\u00f3rdicos. Para un enfoque m\u00e1s contempor\u00e1neo, el <strong>aluminio<\/strong> es una opci\u00f3n ligera y resistente, ideal para zonas expuestas al sol o la humedad, ya que no se deteriora con facilidad.<\/p>\n\n\n\n<p class=\"has-medium-font-size wp-block-paragraph\">Si se busca un equilibrio entre funcionalidad y est\u00e9tica, el<strong> rat\u00e1n sint\u00e9tico<\/strong> es una de las mejores elecciones para los muebles de exterior. Su textura natural aporta un toque acogedor sin requerir grandes cuidados, convirti\u00e9ndolo en una alternativa perfecta para quienes desean un espacio elegante pero de bajo mantenimiento. Adem\u00e1s, su versatilidad permite combinarlo con cojines de colores neutros o estampados sutiles.<\/p>\n\n\n\n<p class=\"has-medium-font-size wp-block-paragraph\"><strong>El vidrio y el metal<\/strong> tambi\u00e9n pueden ser aliados estrat\u00e9gicos en la decoraci\u00f3n de una terraza peque\u00f1a. Mesas con tableros de cristal crean un efecto visual ligero, evitando que el espacio se vea sobrecargado. Los <strong>detalles en hierro forjado<\/strong>, por su parte, a\u00f1aden un encanto atemporal, especialmente en balcones urbanos o terrazas de inspiraci\u00f3n bohemia.<\/p>\n\n\n\n<div style=\"height:50px\" aria-hidden=\"true\" class=\"wp-block-spacer\"><\/div>\n\n\n\n<figure class=\"wp-block-image alignfull size-full\"><img decoding=\"async\" width=\"2368\" height=\"1318\" src=\"https:\/\/mueblesdetena.es\/wp-content\/uploads\/2025\/03\/terraza-pequena-3.jpg\" alt=\"terraza peque\u00f1a, decoraci\u00f3n\" class=\"wp-image-36745\" srcset=\"https:\/\/mueblesdetena.es\/wp-content\/uploads\/2025\/03\/terraza-pequena-3.jpg 2368w, https:\/\/mueblesdetena.es\/wp-content\/uploads\/2025\/03\/terraza-pequena-3-300x167.jpg 300w, https:\/\/mueblesdetena.es\/wp-content\/uploads\/2025\/03\/terraza-pequena-3-1024x570.jpg 1024w, https:\/\/mueblesdetena.es\/wp-content\/uploads\/2025\/03\/terraza-pequena-3-768x427.jpg 768w, https:\/\/mueblesdetena.es\/wp-content\/uploads\/2025\/03\/terraza-pequena-3-1536x855.jpg 1536w, https:\/\/mueblesdetena.es\/wp-content\/uploads\/2025\/03\/terraza-pequena-3-2048x1140.jpg 2048w, https:\/\/mueblesdetena.es\/wp-content\/uploads\/2025\/03\/terraza-pequena-3-600x334.jpg 600w\" sizes=\"(max-width: 2368px) 100vw, 2368px\" \/><\/figure>\n\n\n\n<div style=\"height:50px\" aria-hidden=\"true\" class=\"wp-block-spacer\"><\/div>\n\n\n\n<h3 class=\"wp-block-heading\"><span class=\"ez-toc-section\" id=\"5_Textiles_para_dar_calidez\"><\/span>5. Textiles para dar calidez<span class=\"ez-toc-section-end\"><\/span><\/h3>\n\n\n\n<p class=\"has-medium-font-size wp-block-paragraph\">Nada transforma tanto la decoraci\u00f3n de una terraza peque\u00f1a como los textiles adecuados. Una alfombra de exterior, <strong>adem\u00e1s de delimitar espacios, aporta una sensaci\u00f3n acogedora bajo los pies<\/strong>, haciendo que incluso los suelos m\u00e1s fr\u00edos se sientan c\u00e1lidos y confortables. Optar por <strong>fibras naturales como el yute o materiales resistentes como el polipropileno garantiza durabilidad sin renunciar a la elegancia<\/strong>.<\/p>\n\n\n\n<p class=\"has-medium-font-size wp-block-paragraph\">Los cojines son esenciales para convertir cualquier asiento en un rinc\u00f3n acogedor. En una terraza peque\u00f1a, <strong>los colores neutros amplifican la luz, mientras que los estampados geom\u00e9tricos o florales a\u00f1aden dinamismo sin sobrecargar el espacio<\/strong>. Para un resultado m\u00e1s armonioso, conviene elegir telas impermeables y de f\u00e1cil mantenimiento, que soporten cambios de temperatura y exposici\u00f3n al sol sin perder su frescura.<\/p>\n\n\n\n<p class=\"has-medium-font-size wp-block-paragraph\"><strong>Las mantas ligeras de algod\u00f3n o lino aportan una dosis extra de calidez,<\/strong> perfectas para noches frescas al aire libre. Dispuestas <strong>sobre un sof\u00e1 de exterior o dobladas en una cesta de mimbre<\/strong>, no solo cumplen una funci\u00f3n pr\u00e1ctica, sino que tambi\u00e9n suman textura y sofisticaci\u00f3n. <strong>Coordinarlas con los cojines en tonos complementarios<\/strong> refuerza la sensaci\u00f3n de armon\u00eda en la decoraci\u00f3n.<\/p>\n\n\n\n<p class=\"has-medium-font-size wp-block-paragraph\">El equilibrio entre est\u00e9tica y funcionalidad es clave al seleccionar textiles para una terraza peque\u00f1a. <strong>Incorporar cortinas vaporosas en laterales o p\u00e9rgolas<\/strong>, por ejemplo, suaviza la luz y protege del viento sin cerrar el espacio. Apostar por tejidos transpirables y colores claros potencia la sensaci\u00f3n de amplitud, creando un ambiente relajado y envolvente en cualquier estaci\u00f3n del a\u00f1o.<\/p>\n\n\n\n<div style=\"height:25px\" aria-hidden=\"true\" class=\"wp-block-spacer\"><\/div>\n\n\n\n<h3 class=\"wp-block-heading\"><span class=\"ez-toc-section\" id=\"6_Sombrillas_y_toldos_Sombra_sin_ocupar_espacio\"><\/span>6. Sombrillas y toldos: Sombra sin ocupar espacio<span class=\"ez-toc-section-end\"><\/span><\/h3>\n\n\n\n<p class=\"has-medium-font-size wp-block-paragraph\">Crear un rinc\u00f3n fresco y protegido del sol en una terraza peque\u00f1a es posible sin renunciar al estilo ni sobrecargar el ambiente. Las sombrillas de pared <strong>son una opci\u00f3n vers\u00e1til, ya que se fijan en un lateral sin necesidad de una base voluminosa<\/strong>. Su dise\u00f1o abatible permite ajustar la sombra seg\u00fan la hora del d\u00eda, optimizando cada metro cuadrado con elegancia.<\/p>\n\n\n\n<p class=\"has-medium-font-size wp-block-paragraph\">Los <strong>toldos retr\u00e1ctiles<\/strong> son otra soluci\u00f3n perfecta para quienes buscan flexibilidad en la decoraci\u00f3n exterior. <strong>Su mecanismo extensible permite cubrir la zona cuando es necesario y replegarlo cuando se desea m\u00e1s luz<\/strong>. Adem\u00e1s, existen modelos motorizados con sensores solares, ideales para regular autom\u00e1ticamente la sombra sin esfuerzo y mantener una temperatura agradable en el espacio.<\/p>\n\n\n\n<p class=\"has-medium-font-size wp-block-paragraph\">Para las terrazas con estructuras preexistentes, las <strong>velas de sombra<\/strong> son una alternativa moderna y ligera. Su dise\u00f1o minimalista y la posibilidad de anclarlas a muros o barandillas las convierten en una elecci\u00f3n pr\u00e1ctica para integrar en cualquier estilo de muebles de exterior. Adem\u00e1s, <strong>su material resistente a los rayos UV garantiza una mayor durabilidad sin perder sofisticaci\u00f3n<\/strong>.<\/p>\n\n\n\n<p class=\"has-medium-font-size wp-block-paragraph\">Si se busca un toque m\u00e1s natural, las <strong>p\u00e9rgolas con ca\u00f1izo o bamb\u00fa<\/strong> aportan frescura y un aire mediterr\u00e1neo sin saturar el ambiente. Combinadas con cortinas de lino ligero, permiten filtrar la luz de manera sutil y crear una atm\u00f3sfera acogedora. Estas estructuras ligeras encajan a la perfecci\u00f3n en una terraza peque\u00f1a, proporcionando sombra sin restar amplitud visual.<\/p>\n\n\n\n<div style=\"height:50px\" aria-hidden=\"true\" class=\"wp-block-spacer\"><\/div>\n\n\n\n<figure class=\"wp-block-image alignfull size-full\"><img decoding=\"async\" width=\"2368\" height=\"1318\" src=\"https:\/\/mueblesdetena.es\/wp-content\/uploads\/2025\/03\/terraza-pequena-4.jpg\" alt=\"terraza peque\u00f1a, decoraci\u00f3n\" class=\"wp-image-36746\" srcset=\"https:\/\/mueblesdetena.es\/wp-content\/uploads\/2025\/03\/terraza-pequena-4.jpg 2368w, https:\/\/mueblesdetena.es\/wp-content\/uploads\/2025\/03\/terraza-pequena-4-300x167.jpg 300w, https:\/\/mueblesdetena.es\/wp-content\/uploads\/2025\/03\/terraza-pequena-4-1024x570.jpg 1024w, https:\/\/mueblesdetena.es\/wp-content\/uploads\/2025\/03\/terraza-pequena-4-768x427.jpg 768w, https:\/\/mueblesdetena.es\/wp-content\/uploads\/2025\/03\/terraza-pequena-4-1536x855.jpg 1536w, https:\/\/mueblesdetena.es\/wp-content\/uploads\/2025\/03\/terraza-pequena-4-2048x1140.jpg 2048w, https:\/\/mueblesdetena.es\/wp-content\/uploads\/2025\/03\/terraza-pequena-4-600x334.jpg 600w\" sizes=\"(max-width: 2368px) 100vw, 2368px\" \/><\/figure>\n\n\n\n<div style=\"height:50px\" aria-hidden=\"true\" class=\"wp-block-spacer\"><\/div>\n\n\n\n<h3 class=\"wp-block-heading\"><span class=\"ez-toc-section\" id=\"7_Accesorios_decorativos_minimalistas\"><\/span>7. Accesorios decorativos minimalistas<span class=\"ez-toc-section-end\"><\/span><\/h3>\n\n\n\n<p class=\"has-medium-font-size wp-block-paragraph\">En la decoraci\u00f3n de una terraza peque\u00f1a, menos es m\u00e1s. Un exceso de elementos puede saturar el espacio y restarle armon\u00eda. <strong>La clave est\u00e1 en elegir accesorios con personalidad<\/strong>, como jarrones de cer\u00e1mica, esculturas en materiales naturales o velas arom\u00e1ticas en recipientes elegantes. <strong>Cada pieza debe aportar estilo sin sobrecargar visualmente el ambiente<\/strong>.<\/p>\n\n\n\n<p class=\"has-medium-font-size wp-block-paragraph\"><strong>Los textiles tambi\u00e9n juegan un papel esencial<\/strong>. Cojines en tonos neutros, alfombras de fibra natural o mantas ligeras a\u00f1aden calidez sin restar amplitud. <strong>Es fundamental que los tejidos sean resistentes a la intemperie y que combinen con los muebles de la terraza<\/strong>. Evitar estampados excesivos ayuda a mantener un espacio equilibrado y visualmente despejado.<\/p>\n\n\n\n<p class=\"has-medium-font-size wp-block-paragraph\">Los <strong>espejos<\/strong> son aliados estrat\u00e9gicos en espacios reducidos. Reflejan la luz natural y crean sensaci\u00f3n de profundidad. Un espejo de gran formato apoyado en la pared o una composici\u00f3n de espejos peque\u00f1os con marcos ligeros transforman la percepci\u00f3n del espacio. <strong>Ubicados correctamente, potencian la luminosidad y ampl\u00edan visualmente la terraza peque\u00f1a<\/strong>.<\/p>\n\n\n\n<p class=\"has-medium-font-size wp-block-paragraph\">Elige accesorios funcionales que sumen sin restar utilidad. <strong>Faroles minimalistas, maceteros en cer\u00e1mica mate o esculturas geom\u00e9tricas<\/strong> aportan sofisticaci\u00f3n sin recargar. <strong>Apostar por materiales naturales y l\u00edneas depuradas<\/strong> garantiza una decoraci\u00f3n equilibrada, donde cada elemento cumple una funci\u00f3n y realza la est\u00e9tica del conjunto.<\/p>\n\n\n\n<div style=\"height:25px\" aria-hidden=\"true\" class=\"wp-block-spacer\"><\/div>\n\n\n\n<h3 class=\"wp-block-heading\"><span class=\"ez-toc-section\" id=\"8_Pequena_zona_de_comedor_o_relax\"><\/span>8. Peque\u00f1a zona de comedor o relax<span class=\"ez-toc-section-end\"><\/span><\/h3>\n\n\n\n<p class=\"has-medium-font-size wp-block-paragraph\">Convertir una terraza peque\u00f1a en <strong>un comedor funcional es posible con una mesa plegable y sillas ligeras que se puedan apilar o colgar en la pared<\/strong> cuando no se usen. Optar por muebles de l\u00edneas sencillas y colores neutros ayuda a ampliar visualmente el espacio, mientras que una alfombra de exterior delimita la zona de forma elegante.<\/p>\n\n\n\n<p class=\"has-medium-font-size wp-block-paragraph\">Para quienes prefieren un rinc\u00f3n de relax, una opci\u00f3n ideal es un <strong>banco con almacenaje integrado, acompa\u00f1ado de cojines mullidos y una manta ligera<\/strong>. La decoraci\u00f3n con materiales naturales como la madera o el rat\u00e1n refuerza la sensaci\u00f3n de calidez, creando un espacio acogedor donde disfrutar de un caf\u00e9 o un buen libro al aire libre.<\/p>\n\n\n\n<p class=\"has-medium-font-size wp-block-paragraph\">Si el espacio lo permite, <strong>un par de butacas bajas con una mesita auxiliar resultan perfectas para una zona de descanso<\/strong> sin renunciar a la comodidad. Apostar por muebles con patas estilizadas y tonos claros permite que la terraza peque\u00f1a luzca m\u00e1s despejada. Adem\u00e1s, el <strong>uso de espejos decorativos o paneles de celos\u00eda<\/strong> aporta profundidad y estilo.<\/p>\n\n\n\n<p class=\"has-medium-font-size wp-block-paragraph\">La iluminaci\u00f3n juega un papel esencial en la creaci\u00f3n de ambiente. <strong>Guirnaldas LED o faroles solares brindan una luz tenue que realza la decoraci\u00f3n<\/strong>, haciendo que la terraza peque\u00f1a se transforme en un refugio sereno y acogedor, ideal para cenas \u00edntimas o momentos de desconexi\u00f3n al final del d\u00eda.<\/p>\n\n\n\n<div style=\"height:50px\" aria-hidden=\"true\" class=\"wp-block-spacer\"><\/div>\n\n\n\n<figure class=\"wp-block-image alignfull size-full\"><img loading=\"lazy\" decoding=\"async\" width=\"2368\" height=\"1318\" src=\"https:\/\/mueblesdetena.es\/wp-content\/uploads\/2025\/03\/terraza-pequena-5.jpg\" alt=\"terraza peque\u00f1a, decoraci\u00f3n\" class=\"wp-image-36747\" srcset=\"https:\/\/mueblesdetena.es\/wp-content\/uploads\/2025\/03\/terraza-pequena-5.jpg 2368w, https:\/\/mueblesdetena.es\/wp-content\/uploads\/2025\/03\/terraza-pequena-5-300x167.jpg 300w, https:\/\/mueblesdetena.es\/wp-content\/uploads\/2025\/03\/terraza-pequena-5-1024x570.jpg 1024w, https:\/\/mueblesdetena.es\/wp-content\/uploads\/2025\/03\/terraza-pequena-5-768x427.jpg 768w, https:\/\/mueblesdetena.es\/wp-content\/uploads\/2025\/03\/terraza-pequena-5-1536x855.jpg 1536w, https:\/\/mueblesdetena.es\/wp-content\/uploads\/2025\/03\/terraza-pequena-5-2048x1140.jpg 2048w, https:\/\/mueblesdetena.es\/wp-content\/uploads\/2025\/03\/terraza-pequena-5-600x334.jpg 600w\" sizes=\"(max-width: 2368px) 100vw, 2368px\" \/><\/figure>\n\n\n\n<div style=\"height:50px\" aria-hidden=\"true\" class=\"wp-block-spacer\"><\/div>\n\n\n\n<h3 class=\"wp-block-heading\"><span class=\"ez-toc-section\" id=\"9_Soluciones_de_almacenamiento_oculto\"><\/span>9. Soluciones de almacenamiento oculto<span class=\"ez-toc-section-end\"><\/span><\/h3>\n\n\n\n<p class=\"has-medium-font-size wp-block-paragraph\">En una terraza peque\u00f1a, cada cent\u00edmetro cuenta, por lo que elegir muebles con almacenamiento integrado es clave para mantener el orden sin renunciar al estilo. Los<strong> bancos con ba\u00fal <\/strong>son una opci\u00f3n vers\u00e1til que permite guardar cojines, mantas o herramientas de jardiner\u00eda mientras sirven como asiento adicional en el espacio exterior.<\/p>\n\n\n\n<p class=\"has-medium-font-size wp-block-paragraph\">Las <strong>mesas con espacio interior<\/strong> son otro gran aliado de la decoraci\u00f3n funcional. Modelos con sobre elevable o cajones ocultos permiten almacenar revistas, velas o utensilios de comedor sin saturar la superficie. Si buscas un toque m\u00e1s r\u00fastico, las <strong>mesas de madera con compartimentos ocultos<\/strong> aportan calidez y un aire artesanal a la terraza sin perder funcionalidad.<\/p>\n\n\n\n<p class=\"has-medium-font-size wp-block-paragraph\">Para aprovechar los rincones sin restar amplitud visual, las <strong>cajas decorativas<\/strong> pueden ser la soluci\u00f3n perfecta. Opta por dise\u00f1os en fibras naturales, como rat\u00e1n o mimbre, que armonicen con el entorno y sirvan tanto para organizar peque\u00f1os objetos como para complementar la est\u00e9tica de la terraza peque\u00f1a. <strong>Apilarlas en un rinc\u00f3n aporta dinamismo sin sobrecargar el espacio<\/strong>.<\/p>\n\n\n\n<p class=\"has-medium-font-size wp-block-paragraph\">El orden tambi\u00e9n puede ser un recurso decorativo si se integra con buen gusto. Utilizar <strong>cestas bajo mesas auxiliares o colgar peque\u00f1os organizadores en la pared<\/strong> ayuda a mantener despejado el suelo. La clave est\u00e1 en seleccionar piezas que combinen almacenaje y dise\u00f1o, logrando un equilibrio entre practicidad y estilo en tu terraza.<\/p>\n\n\n\n<div style=\"height:50px\" aria-hidden=\"true\" class=\"wp-block-spacer\"><\/div>\n\n\n\n<p class=\"has-medium-font-size wp-block-paragraph\">Crear una <strong>terraza peque\u00f1a<\/strong> acogedora y funcional es cuesti\u00f3n de elegir bien cada elemento. La clave est\u00e1 en combinar <strong>muebles<\/strong> vers\u00e1tiles con piezas que optimicen el espacio, como estanter\u00edas flotantes o bancos con almacenaje. Los textiles, en colores neutros y materiales resistentes, aportan calidez, mientras que la <strong>iluminaci\u00f3n<\/strong> sutil transforma el ambiente.<\/p>\n\n\n\n<p class=\"has-medium-font-size wp-block-paragraph\">Cada detalle marca la diferencia en la <strong>decoraci\u00f3n<\/strong> exterior. Un jard\u00edn vertical a\u00f1ade frescura sin ocupar suelo, y los espejos ampl\u00edan visualmente el espacio. Para zonas de sombra sin renunciar a la est\u00e9tica, los toldos retr\u00e1ctiles o sombrillas de pared son aliados perfectos. Mantener un equilibrio entre funcionalidad y estilo garantiza un resultado armonioso.<\/p>\n\n\n\n<p class=\"has-medium-font-size wp-block-paragraph\">Un rinc\u00f3n al aire libre puede convertirse en el refugio perfecto con soluciones inteligentes. Apostar por piezas ligeras y una distribuci\u00f3n fluida permite disfrutar al m\u00e1ximo de cada cent\u00edmetro. Con creatividad y buenos materiales, cualquier <strong>terraza peque\u00f1a<\/strong> puede ser un aut\u00e9ntico oasis.<\/p>","protected":false},"excerpt":{"rendered":"<p>Decorar una terraza peque\u00f1a puede parecer un desaf\u00edo, pero con las decisiones adecuadas, es posible convertirla en un refugio acogedor y funcional. La clave est\u00e1 en elegir los muebles y accesorios adecuados, optimizando cada rinc\u00f3n con soluciones vers\u00e1tiles y bien pensadas. Un espacio reducido no tiene por qu\u00e9 limitar la creatividad ni el confort. Uno [&hellip;]<\/p>\n","protected":false},"author":618,"featured_media":36743,"comment_status":"open","ping_status":"open","sticky":false,"template":"","format":"standard","meta":{"site-sidebar-layout":"default","site-content-layout":"","ast-site-content-layout":"default","site-content-style":"default","site-sidebar-style":"default","ast-global-header-display":"","ast-banner-title-visibility":"","ast-main-header-display":"","ast-hfb-above-header-display":"","ast-hfb-below-header-display":"","ast-hfb-mobile-header-display":"","site-post-title":"","ast-breadcrumbs-content":"","ast-featured-img":"","footer-sml-layout":"","ast-disable-related-posts":"","theme-transparent-header-meta":"","adv-header-id-meta":"","stick-header-meta":"","header-above-stick-meta":"","header-main-stick-meta":"","header-below-stick-meta":"","astra-migrate-meta-layouts":"set","ast-page-background-enabled":"default","ast-page-background-meta":{"desktop":{"background-color":"var(--ast-global-color-4)","background-image":"","background-repeat":"repeat","background-position":"center center","background-size":"auto","background-attachment":"scroll","background-type":"","background-media":"","overlay-type":"","overlay-color":"","overlay-opacity":"","overlay-gradient":""},"tablet":{"background-color":"","background-image":"","background-repeat":"repeat","background-position":"center center","background-size":"auto","background-attachment":"scroll","background-type":"","background-media":"","overlay-type":"","overlay-color":"","overlay-opacity":"","overlay-gradient":""},"mobile":{"background-color":"","background-image":"","background-repeat":"repeat","background-position":"center center","background-size":"auto","background-attachment":"scroll","background-type":"","background-media":"","overlay-type":"","overlay-color":"","overlay-opacity":"","overlay-gradient":""}},"ast-content-background-meta":{"desktop":{"background-color":"var(--ast-global-color-5)","background-image":"","background-repeat":"repeat","background-position":"center center","background-size":"auto","background-attachment":"scroll","background-type":"","background-media":"","overlay-type":"","overlay-color":"","overlay-opacity":"","overlay-gradient":""},"tablet":{"background-color":"var(--ast-global-color-5)","background-image":"","background-repeat":"repeat","background-position":"center center","background-size":"auto","background-attachment":"scroll","background-type":"","background-media":"","overlay-type":"","overlay-color":"","overlay-opacity":"","overlay-gradient":""},"mobile":{"background-color":"var(--ast-global-color-5)","background-image":"","background-repeat":"repeat","background-position":"center center","background-size":"auto","background-attachment":"scroll","background-type":"","background-media":"","overlay-type":"","overlay-color":"","overlay-opacity":"","overlay-gradient":""}},"_joinchat":[],"footnotes":""},"categories":[1],"tags":[],"class_list":["post-36712","post","type-post","status-publish","format-standard","has-post-thumbnail","hentry","category-sin-categoria"],"_links":{"self":[{"href":"https:\/\/mueblesdetena.es\/ru_ru\/wp-json\/wp\/v2\/posts\/36712","targetHints":{"allow":["GET"]}}],"collection":[{"href":"https:\/\/mueblesdetena.es\/ru_ru\/wp-json\/wp\/v2\/posts"}],"about":[{"href":"https:\/\/mueblesdetena.es\/ru_ru\/wp-json\/wp\/v2\/types\/post"}],"author":[{"embeddable":true,"href":"https:\/\/mueblesdetena.es\/ru_ru\/wp-json\/wp\/v2\/users\/618"}],"replies":[{"embeddable":true,"href":"https:\/\/mueblesdetena.es\/ru_ru\/wp-json\/wp\/v2\/comments?post=36712"}],"version-history":[{"count":2,"href":"https:\/\/mueblesdetena.es\/ru_ru\/wp-json\/wp\/v2\/posts\/36712\/revisions"}],"predecessor-version":[{"id":36748,"href":"https:\/\/mueblesdetena.es\/ru_ru\/wp-json\/wp\/v2\/posts\/36712\/revisions\/36748"}],"wp:featuredmedia":[{"embeddable":true,"href":"https:\/\/mueblesdetena.es\/ru_ru\/wp-json\/wp\/v2\/media\/36743"}],"wp:attachment":[{"href":"https:\/\/mueblesdetena.es\/ru_ru\/wp-json\/wp\/v2\/media?parent=36712"}],"wp:term":[{"taxonomy":"category","embeddable":true,"href":"https:\/\/mueblesdetena.es\/ru_ru\/wp-json\/wp\/v2\/categories?post=36712"},{"taxonomy":"post_tag","embeddable":true,"href":"https:\/\/mueblesdetena.es\/ru_ru\/wp-json\/wp\/v2\/tags?post=36712"}],"curies":[{"name":"wp","href":"https:\/\/api.w.org\/{rel}","templated":true}]}}