{"id":36948,"date":"2025-03-25T09:00:00","date_gmt":"2025-03-25T08:00:00","guid":{"rendered":"https:\/\/mueblesdetena.es\/?p=36948"},"modified":"2025-03-24T15:37:01","modified_gmt":"2025-03-24T14:37:01","slug":"comedor-7-errores-decorarlo-y-como-solucionarlos","status":"publish","type":"post","link":"https:\/\/mueblesdetena.es\/ru_ru\/comedor-7-errores-decorarlo-y-como-solucionarlos\/","title":{"rendered":"7 errores comunes al decorar el comedor y c\u00f3mo solucionarlos"},"content":{"rendered":"<p class=\"has-medium-font-size wp-block-paragraph\">El <a href=\"https:\/\/mueblesdetena.es\/ru_ru\/comedores\/\">comedor<\/a> es el centro de reuniones y momentos especiales, por lo que su decoraci\u00f3n debe equilibrar estilo y funcionalidad. <strong>Una mala elecci\u00f3n de muebles, colores poco acertados o una distribuci\u00f3n inadecuada pueden afectar su armon\u00eda<\/strong>. Cada detalle influye en la comodidad y est\u00e9tica, creando un ambiente acogedor o desordenado.<\/p>\n\n\n\n<p class=\"has-medium-font-size wp-block-paragraph\"><strong>Los errores m\u00e1s comunes en la decoraci\u00f3n del comedor pueden hacer que el espacio resulte fr\u00edo o poco pr\u00e1ctico<\/strong>. Una iluminaci\u00f3n incorrecta, una mala selecci\u00f3n de materiales o una <a href=\"https:\/\/mueblesdetena.es\/ru_ru\/mesas\/\">mesa<\/a> desproporcionada pueden comprometer tanto la est\u00e9tica como el confort. Sin una planificaci\u00f3n adecuada, el comedor pierde su equilibrio y funcionalidad.<\/p>\n\n\n\n<p class=\"has-medium-font-size wp-block-paragraph\">Para lograr un comedor armonioso, es esencial identificar estos errores y corregirlos. Desde la distribuci\u00f3n de los muebles hasta la elecci\u00f3n de los textiles, cada elemento juega un papel clave. En este art\u00edculo, exploramos <strong>los 7 errores m\u00e1s habituales y las mejores soluciones<\/strong> para crear un espacio acogedor y bien decorado.<\/p>\n\n\n\n<div style=\"height:50px\" aria-hidden=\"true\" class=\"wp-block-spacer\"><\/div>\n\n\n\n<div id=\"ez-toc-container\" class=\"ez-toc-v2_0_85 ez-toc-wrap-center counter-hierarchy ez-toc-counter ez-toc-grey ez-toc-container-direction\">\n<div class=\"ez-toc-title-container\">\n<p class=\"ez-toc-title\" style=\"cursor:inherit\">Tabla de contenidos<\/p>\n<span class=\"ez-toc-title-toggle\"><a href=\"#\" class=\"ez-toc-pull-right ez-toc-btn ez-toc-btn-xs ez-toc-btn-default ez-toc-toggle\" aria-label=\"Toggle Table of Content\"><span class=\"ez-toc-js-icon-con\"><span class=\"\"><span class=\"eztoc-hide\" style=\"display:none;\">Toggle<\/span><span class=\"ez-toc-icon-toggle-span\"><svg style=\"fill: #999;color:#999\" xmlns=\"http:\/\/www.w3.org\/2000\/svg\" class=\"list-377408\" width=\"20px\" height=\"20px\" viewbox=\"0 0 24 24\" fill=\"none\"><path d=\"M6 6H4v2h2V6zm14 0H8v2h12V6zM4 11h2v2H4v-2zm16 0H8v2h12v-2zM4 16h2v2H4v-2zm16 0H8v2h12v-2z\" fill=\"currentColor\"><\/path><\/svg><svg style=\"fill: #999;color:#999\" class=\"arrow-unsorted-368013\" xmlns=\"http:\/\/www.w3.org\/2000\/svg\" width=\"10px\" height=\"10px\" viewbox=\"0 0 24 24\" version=\"1.2\" baseprofile=\"tiny\"><path d=\"M18.2 9.3l-6.2-6.3-6.2 6.3c-.2.2-.3.4-.3.7s.1.5.3.7c.2.2.4.3.7.3h11c.3 0 .5-.1.7-.3.2-.2.3-.5.3-.7s-.1-.5-.3-.7zM5.8 14.7l6.2 6.3 6.2-6.3c.2-.2.3-.5.3-.7s-.1-.5-.3-.7c-.2-.2-.4-.3-.7-.3h-11c-.3 0-.5.1-.7.3-.2.2-.3.5-.3.7s.1.5.3.7z\"\/><\/svg><\/span><\/span><\/span><\/a><\/span><\/div>\n<nav><ul class='ez-toc-list ez-toc-list-level-1' ><li class='ez-toc-page-1 ez-toc-heading-level-2'><a class=\"ez-toc-link ez-toc-heading-1\" href=\"https:\/\/mueblesdetena.es\/ru_ru\/comedor-7-errores-decorarlo-y-como-solucionarlos\/#Error_1_Elegir_una_mesa_de_comedor_inadecuada\" >Error #1: Elegir una mesa de comedor inadecuada<\/a><\/li><li class='ez-toc-page-1 ez-toc-heading-level-2'><a class=\"ez-toc-link ez-toc-heading-2\" href=\"https:\/\/mueblesdetena.es\/ru_ru\/comedor-7-errores-decorarlo-y-como-solucionarlos\/#Error_2_Mala_iluminacion\" >Error #2: Mala iluminaci\u00f3n<\/a><\/li><li class='ez-toc-page-1 ez-toc-heading-level-2'><a class=\"ez-toc-link ez-toc-heading-3\" href=\"https:\/\/mueblesdetena.es\/ru_ru\/comedor-7-errores-decorarlo-y-como-solucionarlos\/#Error_3_No_respetar_la_proporcion_y_la_distribucion_del_mobiliario\" >Error #3: No respetar la proporci\u00f3n y la distribuci\u00f3n del mobiliario<\/a><\/li><li class='ez-toc-page-1 ez-toc-heading-level-2'><a class=\"ez-toc-link ez-toc-heading-4\" href=\"https:\/\/mueblesdetena.es\/ru_ru\/comedor-7-errores-decorarlo-y-como-solucionarlos\/#Error_4_Uso_incorrecto_del_color_y_los_materiales\" >Error #4: Uso incorrecto del color y los materiales<\/a><\/li><li class='ez-toc-page-1 ez-toc-heading-level-2'><a class=\"ez-toc-link ez-toc-heading-5\" href=\"https:\/\/mueblesdetena.es\/ru_ru\/comedor-7-errores-decorarlo-y-como-solucionarlos\/#Error_5_Falta_de_coherencia_en_la_decoracion\" >Error #5: Falta de coherencia en la decoraci\u00f3n<\/a><\/li><li class='ez-toc-page-1 ez-toc-heading-level-2'><a class=\"ez-toc-link ez-toc-heading-6\" href=\"https:\/\/mueblesdetena.es\/ru_ru\/comedor-7-errores-decorarlo-y-como-solucionarlos\/#Error_6_Descuidar_los_textiles_y_los_detalles_decorativos\" >Error #6: Descuidar los textiles y los detalles decorativos<\/a><\/li><li class='ez-toc-page-1 ez-toc-heading-level-2'><a class=\"ez-toc-link ez-toc-heading-7\" href=\"https:\/\/mueblesdetena.es\/ru_ru\/comedor-7-errores-decorarlo-y-como-solucionarlos\/#Error_7_No_aprovechar_bien_el_espacio_de_almacenamiento\" >Error #7: No aprovechar bien el espacio de almacenamiento<\/a><\/li><\/ul><\/nav><\/div>\n<h2 class=\"wp-block-heading\"><span class=\"ez-toc-section\" id=\"Error_1_Elegir_una_mesa_de_comedor_inadecuada\"><\/span>Error #1: Elegir una mesa de comedor inadecuada<span class=\"ez-toc-section-end\"><\/span><\/h2>\n\n\n\n<p class=\"has-medium-font-size wp-block-paragraph\">Uno de los errores m\u00e1s comunes al decorar el comedor es escoger una mesa desproporcionada respecto al espacio disponible. <strong>Una mesa demasiado grande<\/strong> impide la circulaci\u00f3n fluida y hace que la estancia se sienta agobiante, mientras que <strong>una demasiado peque\u00f1a<\/strong> descompensa la est\u00e9tica y no resulta funcional para reuniones familiares o cenas con amigos.<\/p>\n\n\n\n<p class=\"has-medium-font-size wp-block-paragraph\">7La forma y el material de la mesa tambi\u00e9n juegan un papel clave en la armon\u00eda del comedor. Las <strong><a href=\"https:\/\/mueblesdetena.es\/ru_ru\/mesa-de-comedor-extensible-pyh-c\/\">mesas rectangulares<\/a><\/strong> son ideales para estancias alargadas, mientras que <strong>las <a href=\"https:\/\/mueblesdetena.es\/ru_ru\/mesa-de-comedor-extensible-kzan%c2%a8-3\/\">redondas<\/a><\/strong> favorecen la conversaci\u00f3n y aportan fluidez visual. En cuanto a materiales, la <strong>madera maciza<\/strong> ofrece calidez y atemporalidad, mientras que el <strong><a href=\"https:\/\/mueblesdetena.es\/ru_ru\/mesa-de-comedor-kzan119\/\">cristal<\/a><\/strong> es perfecto para potenciar la luminosidad en espacios reducidos.<\/p>\n\n\n\n<p class=\"has-medium-font-size wp-block-paragraph\">Para evitar errores en la elecci\u00f3n, es fundamental medir bien el comedor antes de comprar la mesa. <strong>Debe haber al menos 90 cm de distancia entre la mesa y las paredes o muebles cercanos<\/strong> para garantizar un paso c\u00f3modo. Adem\u00e1s, es recomendable optar por modelos extensibles si se necesita mayor capacidad sin sacrificar amplitud en el d\u00eda a d\u00eda.<\/p>\n\n\n\n<p class=\"has-medium-font-size wp-block-paragraph\">El n\u00famero de comensales tambi\u00e9n determina la elecci\u00f3n. <strong>Para cuatro personas, una mesa de 120 cm es suficiente, mientras que para seis o m\u00e1s, lo ideal es partir de 160 cm<\/strong>. Si el comedor es peque\u00f1o, los bancos sin respaldo o las sillas plegables pueden ser aliados clave para optimizar el espacio sin renunciar al estilo.<\/p>\n\n\n\n<div style=\"height:25px\" aria-hidden=\"true\" class=\"wp-block-spacer\"><\/div>\n\n\n\n<h2 class=\"wp-block-heading\"><span class=\"ez-toc-section\" id=\"Error_2_Mala_iluminacion\"><\/span>Error #2: Mala iluminaci\u00f3n<span class=\"ez-toc-section-end\"><\/span><\/h2>\n\n\n\n<p class=\"has-medium-font-size wp-block-paragraph\">Un comedor con una iluminaci\u00f3n deficiente puede resultar fr\u00edo e inc\u00f3modo, mientras que una luz excesivamente intensa genera un ambiente poco acogedor. <strong>Uno de los errores m\u00e1s habituales es depender de una \u00fanica fuente de luz<\/strong>, lo que crea sombras indeseadas y una sensaci\u00f3n plana. La clave est\u00e1 en encontrar el equilibrio para que el espacio sea funcional y est\u00e9ticamente agradable.<\/p>\n\n\n\n<p class=\"has-medium-font-size wp-block-paragraph\">Para lograrlo, <strong>es fundamental combinar tres tipos de iluminaci\u00f3n<\/strong>: general, ambiental y puntual. La <strong>luz general<\/strong>, como una l\u00e1mpara de techo bien ubicada, proporciona una base uniforme; <strong>la ambiental<\/strong>, mediante apliques o luces indirectas, aporta calidez; y <strong>la puntual<\/strong>, con l\u00e1mparas dirigidas a la mesa, realza los detalles sin deslumbrar a los comensales.<\/p>\n\n\n\n<p class=\"has-medium-font-size wp-block-paragraph\">La soluci\u00f3n m\u00e1s efectiva para iluminar el comedor con estilo y funcionalidad es <strong>apostar por l\u00e1mparas colgantes con reguladores de intensidad, combin\u00e1ndolas con apliques de pared<\/strong> para suavizar las sombras. Adem\u00e1s, aprovechar al m\u00e1ximo la luz natural con <strong>cortinas transl\u00facidas<\/strong> permite que el espacio luzca m\u00e1s amplio y luminoso durante el d\u00eda, sin perder intimidad.<\/p>\n\n\n\n<p class=\"has-medium-font-size wp-block-paragraph\"><strong>Otro de los errores frecuentes es descuidar la temperatura de la luz<\/strong>. Las bombillas demasiado blancas pueden hacer que el comedor resulte impersonal, mientras que <strong>una <a href=\"https:\/\/www.lamparayluz.es\/\" target=\"_blank\" rel=\"noopener\">luz<\/a> c\u00e1lida, en torno a los 2700K, crea un ambiente envolvente y sofisticado<\/strong>, perfecto para reuniones familiares o cenas especiales.<\/p>\n\n\n\n<div style=\"height:50px\" aria-hidden=\"true\" class=\"wp-block-spacer\"><\/div>\n\n\n\n<figure class=\"wp-block-image alignfull size-full\"><img fetchpriority=\"high\" decoding=\"async\" width=\"2385\" height=\"1344\" src=\"https:\/\/mueblesdetena.es\/wp-content\/uploads\/2025\/03\/comedor-errores-2.jpg\" alt=\"comerdor, errores\" class=\"wp-image-36960\" srcset=\"https:\/\/mueblesdetena.es\/wp-content\/uploads\/2025\/03\/comedor-errores-2.jpg 2385w, https:\/\/mueblesdetena.es\/wp-content\/uploads\/2025\/03\/comedor-errores-2-300x169.jpg 300w, https:\/\/mueblesdetena.es\/wp-content\/uploads\/2025\/03\/comedor-errores-2-1024x577.jpg 1024w, https:\/\/mueblesdetena.es\/wp-content\/uploads\/2025\/03\/comedor-errores-2-768x433.jpg 768w, https:\/\/mueblesdetena.es\/wp-content\/uploads\/2025\/03\/comedor-errores-2-1536x866.jpg 1536w, https:\/\/mueblesdetena.es\/wp-content\/uploads\/2025\/03\/comedor-errores-2-2048x1154.jpg 2048w, https:\/\/mueblesdetena.es\/wp-content\/uploads\/2025\/03\/comedor-errores-2-600x338.jpg 600w\" sizes=\"(max-width: 2385px) 100vw, 2385px\" \/><\/figure>\n\n\n\n<div style=\"height:50px\" aria-hidden=\"true\" class=\"wp-block-spacer\"><\/div>\n\n\n\n<h2 class=\"wp-block-heading\"><span class=\"ez-toc-section\" id=\"Error_3_No_respetar_la_proporcion_y_la_distribucion_del_mobiliario\"><\/span>Error #3: No respetar la proporci\u00f3n y la distribuci\u00f3n del mobiliario<span class=\"ez-toc-section-end\"><\/span><\/h2>\n\n\n\n<p class=\"has-medium-font-size wp-block-paragraph\"><strong>Uno de los errores m\u00e1s habituales en el comedor es colocar los muebles sin pensar en la circulaci\u00f3n<\/strong>. Un mal dise\u00f1o puede generar sensaci\u00f3n de agobio e incomodidad. Es esencial dejar <strong>al menos 90 cm entre la mesa y otros elementos<\/strong> para moverse con facilidad y garantizar un ambiente equilibrado.<\/p>\n\n\n\n<p class=\"has-medium-font-size wp-block-paragraph\">La sobrecarga visual es otro problema frecuente. <strong>Un comedor con demasiados muebles luce desordenado y poco armonioso<\/strong>. Para evitarlo, es recomendable <strong>priorizar piezas clave como la mesa y las <a href=\"https:\/\/mueblesdetena.es\/ru_ru\/sillas\/\">sillas<\/a><\/strong>, eligiendo dise\u00f1os funcionales. Evitar elementos innecesarios permitir\u00e1 que el espacio se perciba m\u00e1s ligero y visualmente atractivo.<\/p>\n\n\n\n<p class=\"has-medium-font-size wp-block-paragraph\">La distribuci\u00f3n debe potenciar la sensaci\u00f3n de amplitud. <strong>En comedores peque\u00f1os, las <a href=\"https:\/\/mueblesdetena.es\/ru_ru\/?s=mesa+redonda\">mesas redondas<\/a> favorecen la circulaci\u00f3n, mientras que en espacios grandes se pueden incluir aparadores sin sobrecargar el ambiente<\/strong>. Mantener un equilibrio entre los muebles y su disposici\u00f3n es clave para lograr un espacio bien estructurado y acogedor.<\/p>\n\n\n\n<p class=\"has-medium-font-size wp-block-paragraph\">La proporci\u00f3n es fundamental para una decoraci\u00f3n armoniosa. <strong>Los muebles deben mantener una relaci\u00f3n equilibrada en tama\u00f1o y altura, evitando contrastes bruscos<\/strong>. La iluminaci\u00f3n juega un papel clave: una l\u00e1mpara centrada sobre la mesa y puntos de luz indirectos ayudar\u00e1n a definir mejor el ambiente y mejorar la percepci\u00f3n del espacio.<\/p>\n\n\n\n<div style=\"height:25px\" aria-hidden=\"true\" class=\"wp-block-spacer\"><\/div>\n\n\n\n<h2 class=\"wp-block-heading\"><span class=\"ez-toc-section\" id=\"Error_4_Uso_incorrecto_del_color_y_los_materiales\"><\/span>Error #4: Uso incorrecto del color y los materiales<span class=\"ez-toc-section-end\"><\/span><\/h2>\n\n\n\n<p class=\"has-medium-font-size wp-block-paragraph\"><strong>Uno de los errores m\u00e1s comunes en la decoraci\u00f3n del comedor es elegir una paleta de colores inadecuada<\/strong>. Los tonos oscuros pueden hacer que el espacio se vea peque\u00f1o y cerrado, mientras que un exceso de colores fr\u00edos le resta calidez. Lo ideal es<strong> combinar tonos neutros y c\u00e1lidos para lograr un ambiente equilibrado<\/strong>.<\/p>\n\n\n\n<p class=\"has-medium-font-size wp-block-paragraph\"><strong>El material de los muebles tambi\u00e9n influye en la percepci\u00f3n del comedor<\/strong>. Superficies brillantes o fr\u00edas, como el vidrio o el metal, pueden resultar impersonales, mientras que demasiada madera oscura puede hacer que el espacio se sienta pesado. La clave est\u00e1 en <strong>mezclar texturas naturales con acabados suaves para aportar calidez sin perder sofisticaci\u00f3n<\/strong>.<\/p>\n\n\n\n<p class=\"has-medium-font-size wp-block-paragraph\"><strong>Otro error es no considerar c\u00f3mo influye el color en la iluminaci\u00f3n<\/strong>. Los tonos claros reflejan mejor la luz, ampliando visualmente el espacio, mientras que los oscuros la absorben. Si el comedor tiene poca luz natural, <strong>es recomendable apostar por colores c\u00e1lidos y pastel que refuercen la sensaci\u00f3n de luminosidad y amplitud<\/strong>.<\/p>\n\n\n\n<p class=\"has-medium-font-size wp-block-paragraph\">Por \u00faltimo, <strong>la falta de coherencia entre materiales y colores puede generar un comedor ca\u00f3tico<\/strong>. Es importante definir una base neutra y a\u00f1adir contrastes mediante textiles y detalles decorativos. As\u00ed se consigue un equilibrio visual sin que el espacio pierda armon\u00eda ni sofisticaci\u00f3n.<\/p>\n\n\n\n<div style=\"height:50px\" aria-hidden=\"true\" class=\"wp-block-spacer\"><\/div>\n\n\n\n<figure class=\"wp-block-image alignfull size-full\"><img decoding=\"async\" width=\"2385\" height=\"1344\" src=\"https:\/\/mueblesdetena.es\/wp-content\/uploads\/2025\/03\/comedor-errores-3.jpg\" alt=\"comedor, errores\" class=\"wp-image-36961\" srcset=\"https:\/\/mueblesdetena.es\/wp-content\/uploads\/2025\/03\/comedor-errores-3.jpg 2385w, https:\/\/mueblesdetena.es\/wp-content\/uploads\/2025\/03\/comedor-errores-3-300x169.jpg 300w, https:\/\/mueblesdetena.es\/wp-content\/uploads\/2025\/03\/comedor-errores-3-1024x577.jpg 1024w, https:\/\/mueblesdetena.es\/wp-content\/uploads\/2025\/03\/comedor-errores-3-768x433.jpg 768w, https:\/\/mueblesdetena.es\/wp-content\/uploads\/2025\/03\/comedor-errores-3-1536x866.jpg 1536w, https:\/\/mueblesdetena.es\/wp-content\/uploads\/2025\/03\/comedor-errores-3-2048x1154.jpg 2048w, https:\/\/mueblesdetena.es\/wp-content\/uploads\/2025\/03\/comedor-errores-3-600x338.jpg 600w\" sizes=\"(max-width: 2385px) 100vw, 2385px\" \/><\/figure>\n\n\n\n<div style=\"height:50px\" aria-hidden=\"true\" class=\"wp-block-spacer\"><\/div>\n\n\n\n<h2 class=\"wp-block-heading\"><span class=\"ez-toc-section\" id=\"Error_5_Falta_de_coherencia_en_la_decoracion\"><\/span>Error #5: Falta de coherencia en la decoraci\u00f3n<span class=\"ez-toc-section-end\"><\/span><\/h2>\n\n\n\n<p class=\"has-medium-font-size wp-block-paragraph\"><strong>Uno de los errores m\u00e1s frecuentes al decorar el comedor es mezclar demasiados estilos sin una direcci\u00f3n clara<\/strong>. La combinaci\u00f3n de muebles de distintas \u00e9pocas, colores sin conexi\u00f3n y materiales que no dialogan entre s\u00ed puede generar un ambiente ca\u00f3tico y poco armonioso. Para que el espacio resulte equilibrado, <strong>es clave definir una l\u00ednea est\u00e9tica y respetarla en cada elecci\u00f3n<\/strong>.<\/p>\n\n\n\n<p class=\"has-medium-font-size wp-block-paragraph\">La decoraci\u00f3n influye directamente en la percepci\u00f3n del comedor, afectando tanto su funcionalidad como su atractivo visual. <strong>Un espacio sin coherencia estil\u00edstica puede parecer improvisado y falto de personalidad, mientras que una propuesta bien estructurada transmite orden y elegancia<\/strong>. Los colores, las formas y los acabados deben relacionarse entre s\u00ed para generar una sensaci\u00f3n de continuidad.<\/p>\n\n\n\n<p class=\"has-medium-font-size wp-block-paragraph\">Para evitar este tipo de errores, <strong>es fundamental elegir un estilo decorativo que refleje la personalidad del hogar<\/strong>. Desde un comedor n\u00f3rdico con tonos neutros y l\u00edneas sencillas hasta uno cl\u00e1sico con maderas nobles y detalles ornamentales, cualquier tendencia es v\u00e1lida si se mantiene una unidad visual. <strong>Apostar por una paleta crom\u00e1tica bien definida y seleccionar muebles que compartan una misma esencia estil\u00edstica garantiza un resultado armonioso<\/strong>.<\/p>\n\n\n\n<p class=\"has-medium-font-size wp-block-paragraph\">Adem\u00e1s de los muebles, los textiles y los accesorios desempe\u00f1an un papel clave en la coherencia del comedor. <strong>Cortinas, alfombras y cojines deben reforzar la est\u00e9tica del conjunto sin introducir elementos discordantes<\/strong>. La clave est\u00e1 en equilibrar texturas, materiales y colores de forma estrat\u00e9gica para que cada pieza encaje en el conjunto sin restar protagonismo al resto del espacio.<\/p>\n\n\n\n<div style=\"height:25px\" aria-hidden=\"true\" class=\"wp-block-spacer\"><\/div>\n\n\n\n<h2 class=\"wp-block-heading\"><span class=\"ez-toc-section\" id=\"Error_6_Descuidar_los_textiles_y_los_detalles_decorativos\"><\/span>Error #6: Descuidar los textiles y los detalles decorativos<span class=\"ez-toc-section-end\"><\/span><\/h2>\n\n\n\n<p class=\"has-medium-font-size wp-block-paragraph\">Otro de los errores m\u00e1s comunes al decorar un comedor es olvidar la importancia de los textiles. <strong>Cortinas, alfombras y manteles<\/strong> no solo aportan calidez al ambiente, sino que tambi\u00e9n ayudan a delimitar espacios y mejorar la ac\u00fastica. <strong>Un comedor sin estos elementos puede parecer fr\u00edo e impersonal, perdiendo la sensaci\u00f3n de confort necesaria para disfrutar de las comidas en un entorno acogedor<\/strong>.<\/p>\n\n\n\n<p class=\"has-medium-font-size wp-block-paragraph\">Elegir telas inadecuadas es otro fallo habitual que puede afectar tanto la est\u00e9tica como la funcionalidad del espacio. <strong>Materiales demasiado pesados pueden restar luminosidad, mientras que los sint\u00e9ticos de baja calidad tienden a deteriorarse con rapidez<\/strong>. Adem\u00e1s, las fibras demasiado r\u00edgidas pueden generar un ambiente poco acogedor, impidiendo que el comedor luzca armonioso y equilibrado.<\/p>\n\n\n\n<p class=\"has-medium-font-size wp-block-paragraph\">Para acertar en la elecci\u00f3n de textiles, <strong>es clave optar por materiales naturales como el lino o el algod\u00f3n para cortinas, que permiten una entrada suave de luz<\/strong>. En cuanto a alfombras, las de fibras vegetales aportan textura sin recargar el espacio. Un mantel de lino en tonos neutros, combinado con servilletas de tela, a\u00f1ade un toque sofisticado que convierte cualquier comida en una experiencia m\u00e1s placentera.<\/p>\n\n\n\n<p class=\"has-medium-font-size wp-block-paragraph\">Los detalles decorativos tambi\u00e9n juegan un papel crucial en la est\u00e9tica del comedor. <strong>Incorporar cojines en <a href=\"https:\/\/mueblesdetena.es\/ru_ru\/sillas-tapizadas-decoracion\/\">sillas tapizadas<\/a>, centros de mesa con flores frescas o velas arom\u00e1ticas aporta dinamismo y calidez<\/strong>. La clave est\u00e1 en mantener una paleta crom\u00e1tica coherente con el resto de la decoraci\u00f3n, asegurando que cada elemento refuerce la sensaci\u00f3n de armon\u00eda y elegancia.<\/p>\n\n\n\n<div style=\"height:50px\" aria-hidden=\"true\" class=\"wp-block-spacer\"><\/div>\n\n\n\n<figure class=\"wp-block-image alignfull size-full\"><img decoding=\"async\" width=\"2385\" height=\"1344\" src=\"https:\/\/mueblesdetena.es\/wp-content\/uploads\/2025\/03\/comedor-errores-4.jpg\" alt=\"comedor, errores\" class=\"wp-image-36965\" srcset=\"https:\/\/mueblesdetena.es\/wp-content\/uploads\/2025\/03\/comedor-errores-4.jpg 2385w, https:\/\/mueblesdetena.es\/wp-content\/uploads\/2025\/03\/comedor-errores-4-300x169.jpg 300w, https:\/\/mueblesdetena.es\/wp-content\/uploads\/2025\/03\/comedor-errores-4-1024x577.jpg 1024w, https:\/\/mueblesdetena.es\/wp-content\/uploads\/2025\/03\/comedor-errores-4-768x433.jpg 768w, https:\/\/mueblesdetena.es\/wp-content\/uploads\/2025\/03\/comedor-errores-4-1536x866.jpg 1536w, https:\/\/mueblesdetena.es\/wp-content\/uploads\/2025\/03\/comedor-errores-4-2048x1154.jpg 2048w, https:\/\/mueblesdetena.es\/wp-content\/uploads\/2025\/03\/comedor-errores-4-600x338.jpg 600w\" sizes=\"(max-width: 2385px) 100vw, 2385px\" \/><\/figure>\n\n\n\n<p class=\"wp-block-paragraph\"><\/p>\n\n\n\n<h2 class=\"wp-block-heading\"><span class=\"ez-toc-section\" id=\"Error_7_No_aprovechar_bien_el_espacio_de_almacenamiento\"><\/span>Error #7: No aprovechar bien el espacio de almacenamiento<span class=\"ez-toc-section-end\"><\/span><\/h2>\n\n\n\n<p class=\"has-medium-font-size wp-block-paragraph\">Uno de los errores m\u00e1s comunes en el comedor es no contar con suficiente espacio de almacenamiento. <strong>La falta de mobiliario adecuado provoca superficies sobrecargadas y una sensaci\u00f3n de desorden<\/strong>. Vajilla, manteles o accesorios sin ubicaci\u00f3n clara afectan tanto la funcionalidad como la est\u00e9tica, creando un ambiente ca\u00f3tico y poco armonioso.<\/p>\n\n\n\n<p class=\"has-medium-font-size wp-block-paragraph\"><strong>Un comedor mal organizado pierde su atractivo visual y se vuelve menos pr\u00e1ctico en el d\u00eda a d\u00eda<\/strong>. La acumulaci\u00f3n de objetos sin un sistema de almacenaje eficiente puede hacer que la mesa y otras superficies se vean abarrotadas. Adem\u00e1s, <strong>muebles sin capacidad suficiente o mal distribuidos dificultan la circulaci\u00f3n y el equilibrio est\u00e9tico del espacio<\/strong>.<\/p>\n\n\n\n<p class=\"has-medium-font-size wp-block-paragraph\">Para solucionar este problema, <strong>los <a href=\"https:\/\/mueblesdetena.es\/ru_ru\/?s=aparador\">aparadores y vitrinas<\/a> son esenciales<\/strong>. Ofrecen almacenamiento sin saturar el ambiente y permiten exponer piezas decorativas de forma ordenada. Optar por modelos con puertas de vidrio o combinaciones de espacios abiertos y cerrados aporta dinamismo, evitando el efecto de sobrecarga visual y manteniendo la armon\u00eda del comedor.<\/p>\n\n\n\n<p class=\"has-medium-font-size wp-block-paragraph\">Otra opci\u00f3n es integrar estanter\u00edas a medida o muebles multifuncionales. <strong>En comedores peque\u00f1os, bancos con almacenamiento interior o mesas con compartimentos ocultos optimizan el espacio sin perder estilo<\/strong>. Elegir soluciones pr\u00e1cticas garantiza un comedor funcional, equilibrado y libre de errores decorativos.<\/p>\n\n\n\n<div style=\"height:25px\" aria-hidden=\"true\" class=\"wp-block-spacer\"><\/div>\n\n\n\n<p class=\"has-medium-font-size wp-block-paragraph\">Cada detalle en la decoraci\u00f3n del comedor influye en su armon\u00eda y funcionalidad. Errores en la distribuci\u00f3n, iluminaci\u00f3n o elecci\u00f3n de materiales pueden restar calidez y convertirlo en un espacio poco acogedor. La clave est\u00e1 en equilibrar est\u00e9tica y confort, asegurando que cada elemento contribuya a un ambiente agradable y bien estructurado.<\/p>\n\n\n\n<p class=\"has-medium-font-size wp-block-paragraph\">Evitar estos errores permite transformar el comedor en un lugar pr\u00e1ctico y elegante. Una mesa adecuada, una iluminaci\u00f3n bien planificada y textiles que aporten calidez marcan la diferencia. Tambi\u00e9n es esencial integrar soluciones de almacenamiento y mantener una l\u00ednea decorativa coherente para que el conjunto resulte equilibrado y visualmente atractivo.<\/p>\n\n\n\n<p class=\"has-medium-font-size wp-block-paragraph\">Ahora cu\u00e9ntanos, \u00bfhas cometido alguno de estos errores al decorar tu comedor? \u00bfCu\u00e1l ha sido el mayor reto a la hora de dise\u00f1ar este espacio? Comparte tu experiencia en los comentarios y descubre nuevas ideas para optimizar tu comedor con estilo y funcionalidad.<\/p>","protected":false},"excerpt":{"rendered":"<p>El comedor es el centro de reuniones y momentos especiales, por lo que su decoraci\u00f3n debe equilibrar estilo y funcionalidad. Una mala elecci\u00f3n de muebles, colores poco acertados o una distribuci\u00f3n inadecuada pueden afectar su armon\u00eda. Cada detalle influye en la comodidad y est\u00e9tica, creando un ambiente acogedor o desordenado. Los errores m\u00e1s comunes en [&hellip;]<\/p>\n","protected":false},"author":618,"featured_media":36959,"comment_status":"open","ping_status":"open","sticky":false,"template":"","format":"standard","meta":{"site-sidebar-layout":"default","site-content-layout":"","ast-site-content-layout":"default","site-content-style":"default","site-sidebar-style":"default","ast-global-header-display":"","ast-banner-title-visibility":"","ast-main-header-display":"","ast-hfb-above-header-display":"","ast-hfb-below-header-display":"","ast-hfb-mobile-header-display":"","site-post-title":"","ast-breadcrumbs-content":"","ast-featured-img":"","footer-sml-layout":"","ast-disable-related-posts":"","theme-transparent-header-meta":"","adv-header-id-meta":"","stick-header-meta":"","header-above-stick-meta":"","header-main-stick-meta":"","header-below-stick-meta":"","astra-migrate-meta-layouts":"set","ast-page-background-enabled":"default","ast-page-background-meta":{"desktop":{"background-color":"var(--ast-global-color-4)","background-image":"","background-repeat":"repeat","background-position":"center center","background-size":"auto","background-attachment":"scroll","background-type":"","background-media":"","overlay-type":"","overlay-color":"","overlay-opacity":"","overlay-gradient":""},"tablet":{"background-color":"","background-image":"","background-repeat":"repeat","background-position":"center center","background-size":"auto","background-attachment":"scroll","background-type":"","background-media":"","overlay-type":"","overlay-color":"","overlay-opacity":"","overlay-gradient":""},"mobile":{"background-color":"","background-image":"","background-repeat":"repeat","background-position":"center center","background-size":"auto","background-attachment":"scroll","background-type":"","background-media":"","overlay-type":"","overlay-color":"","overlay-opacity":"","overlay-gradient":""}},"ast-content-background-meta":{"desktop":{"background-color":"var(--ast-global-color-5)","background-image":"","background-repeat":"repeat","background-position":"center center","background-size":"auto","background-attachment":"scroll","background-type":"","background-media":"","overlay-type":"","overlay-color":"","overlay-opacity":"","overlay-gradient":""},"tablet":{"background-color":"var(--ast-global-color-5)","background-image":"","background-repeat":"repeat","background-position":"center center","background-size":"auto","background-attachment":"scroll","background-type":"","background-media":"","overlay-type":"","overlay-color":"","overlay-opacity":"","overlay-gradient":""},"mobile":{"background-color":"var(--ast-global-color-5)","background-image":"","background-repeat":"repeat","background-position":"center center","background-size":"auto","background-attachment":"scroll","background-type":"","background-media":"","overlay-type":"","overlay-color":"","overlay-opacity":"","overlay-gradient":""}},"_joinchat":[],"footnotes":""},"categories":[1],"tags":[],"class_list":["post-36948","post","type-post","status-publish","format-standard","has-post-thumbnail","hentry","category-sin-categoria"],"_links":{"self":[{"href":"https:\/\/mueblesdetena.es\/ru_ru\/wp-json\/wp\/v2\/posts\/36948","targetHints":{"allow":["GET"]}}],"collection":[{"href":"https:\/\/mueblesdetena.es\/ru_ru\/wp-json\/wp\/v2\/posts"}],"about":[{"href":"https:\/\/mueblesdetena.es\/ru_ru\/wp-json\/wp\/v2\/types\/post"}],"author":[{"embeddable":true,"href":"https:\/\/mueblesdetena.es\/ru_ru\/wp-json\/wp\/v2\/users\/618"}],"replies":[{"embeddable":true,"href":"https:\/\/mueblesdetena.es\/ru_ru\/wp-json\/wp\/v2\/comments?post=36948"}],"version-history":[{"count":7,"href":"https:\/\/mueblesdetena.es\/ru_ru\/wp-json\/wp\/v2\/posts\/36948\/revisions"}],"predecessor-version":[{"id":36969,"href":"https:\/\/mueblesdetena.es\/ru_ru\/wp-json\/wp\/v2\/posts\/36948\/revisions\/36969"}],"wp:featuredmedia":[{"embeddable":true,"href":"https:\/\/mueblesdetena.es\/ru_ru\/wp-json\/wp\/v2\/media\/36959"}],"wp:attachment":[{"href":"https:\/\/mueblesdetena.es\/ru_ru\/wp-json\/wp\/v2\/media?parent=36948"}],"wp:term":[{"taxonomy":"category","embeddable":true,"href":"https:\/\/mueblesdetena.es\/ru_ru\/wp-json\/wp\/v2\/categories?post=36948"},{"taxonomy":"post_tag","embeddable":true,"href":"https:\/\/mueblesdetena.es\/ru_ru\/wp-json\/wp\/v2\/tags?post=36948"}],"curies":[{"name":"wp","href":"https:\/\/api.w.org\/{rel}","templated":true}]}}