{"id":37385,"date":"2025-04-10T09:00:00","date_gmt":"2025-04-10T07:00:00","guid":{"rendered":"https:\/\/mueblesdetena.es\/?p=37385"},"modified":"2025-04-17T18:45:58","modified_gmt":"2025-04-17T16:45:58","slug":"estilo-comfy-crear-ambientes-acogedores","status":"publish","type":"post","link":"https:\/\/mueblesdetena.es\/ru_ru\/estilo-comfy-crear-ambientes-acogedores\/","title":{"rendered":"5 claves para adoptar el estilo comfy y crear ambientes acogedores"},"content":{"rendered":"<p class=\"has-medium-font-size wp-block-paragraph\">En un momento en que el hogar ha cobrado un protagonismo especial en nuestras vidas, el estilo comfy se alza como una de las tendencias m\u00e1s deseadas en decoraci\u00f3n. Este enfoque, que <strong>prioriza la comodidad sin renunciar a la est\u00e9tica<\/strong>, ha conquistado salones, dormitorios y rincones de lectura con una naturalidad absoluta.<\/p>\n\n\n\n<p class=\"has-medium-font-size wp-block-paragraph\">Cada vez m\u00e1s personas buscan <strong>transformar sus casas en refugios c\u00e1lidos, personales y acogedores<\/strong>. Texturas suaves, l\u00edneas envolventes y una paleta de colores relajante se convierten en las claves para crear ambientes donde el bienestar emocional y sensorial es protagonista. La decoraci\u00f3n deja de ser solo visual para conectar tambi\u00e9n con el cuerpo y las emociones.<\/p>\n\n\n\n<p class=\"has-medium-font-size wp-block-paragraph\">En este art\u00edculo <strong>te explicamos con detalle qu\u00e9 es el estilo comfy<\/strong>, c\u00f3mo incorporarlo a tu hogar sin esfuerzo y cu\u00e1les son los errores m\u00e1s comunes a evitar para lograr ese efecto envolvente y sereno que tanto nos inspira.<\/p>\n\n\n\n<div style=\"height:25px\" aria-hidden=\"true\" class=\"wp-block-spacer\"><\/div>\n\n\n\n<div id=\"ez-toc-container\" class=\"ez-toc-v2_0_85 counter-hierarchy ez-toc-counter ez-toc-grey ez-toc-container-direction\">\n<div class=\"ez-toc-title-container\">\n<p class=\"ez-toc-title\" style=\"cursor:inherit\">Table of Contents<\/p>\n<span class=\"ez-toc-title-toggle\"><a href=\"#\" class=\"ez-toc-pull-right ez-toc-btn ez-toc-btn-xs ez-toc-btn-default ez-toc-toggle\" aria-label=\"Toggle Table of Content\"><span class=\"ez-toc-js-icon-con\"><span class=\"\"><span class=\"eztoc-hide\" style=\"display:none;\">Toggle<\/span><span class=\"ez-toc-icon-toggle-span\"><svg style=\"fill: #999;color:#999\" xmlns=\"http:\/\/www.w3.org\/2000\/svg\" class=\"list-377408\" width=\"20px\" height=\"20px\" viewbox=\"0 0 24 24\" fill=\"none\"><path d=\"M6 6H4v2h2V6zm14 0H8v2h12V6zM4 11h2v2H4v-2zm16 0H8v2h12v-2zM4 16h2v2H4v-2zm16 0H8v2h12v-2z\" fill=\"currentColor\"><\/path><\/svg><svg style=\"fill: #999;color:#999\" class=\"arrow-unsorted-368013\" xmlns=\"http:\/\/www.w3.org\/2000\/svg\" width=\"10px\" height=\"10px\" viewbox=\"0 0 24 24\" version=\"1.2\" baseprofile=\"tiny\"><path d=\"M18.2 9.3l-6.2-6.3-6.2 6.3c-.2.2-.3.4-.3.7s.1.5.3.7c.2.2.4.3.7.3h11c.3 0 .5-.1.7-.3.2-.2.3-.5.3-.7s-.1-.5-.3-.7zM5.8 14.7l6.2 6.3 6.2-6.3c.2-.2.3-.5.3-.7s-.1-.5-.3-.7c-.2-.2-.4-.3-.7-.3h-11c-.3 0-.5.1-.7.3-.2.2-.3.5-.3.7s.1.5.3.7z\"\/><\/svg><\/span><\/span><\/span><\/a><\/span><\/div>\n<nav><ul class='ez-toc-list ez-toc-list-level-1' ><li class='ez-toc-page-1 ez-toc-heading-level-2'><a class=\"ez-toc-link ez-toc-heading-1\" href=\"https:\/\/mueblesdetena.es\/ru_ru\/estilo-comfy-crear-ambientes-acogedores\/#%C2%BFQue_es_el_estilo_comfy\" >\u00bfQu\u00e9 es el estilo comfy?<\/a><\/li><li class='ez-toc-page-1 ez-toc-heading-level-2'><a class=\"ez-toc-link ez-toc-heading-2\" href=\"https:\/\/mueblesdetena.es\/ru_ru\/estilo-comfy-crear-ambientes-acogedores\/#Las_claves_del_estilo_comfy_para_conseguir_un_hogar_acogedor\" >Las claves del estilo comfy para conseguir un hogar acogedor<\/a><ul class='ez-toc-list-level-3' ><li class='ez-toc-heading-level-3'><a class=\"ez-toc-link ez-toc-heading-3\" href=\"https:\/\/mueblesdetena.es\/ru_ru\/estilo-comfy-crear-ambientes-acogedores\/#1_Materiales_suaves_y_naturales\" >1. Materiales suaves y naturales<\/a><\/li><li class='ez-toc-page-1 ez-toc-heading-level-3'><a class=\"ez-toc-link ez-toc-heading-4\" href=\"https:\/\/mueblesdetena.es\/ru_ru\/estilo-comfy-crear-ambientes-acogedores\/#2_Colores_neutros_y_envolventes\" >2. Colores neutros y envolventes<\/a><\/li><li class='ez-toc-page-1 ez-toc-heading-level-3'><a class=\"ez-toc-link ez-toc-heading-5\" href=\"https:\/\/mueblesdetena.es\/ru_ru\/estilo-comfy-crear-ambientes-acogedores\/#3_Mobiliario_mullido_y_de_lineas_redondeadas\" >3. Mobiliario mullido y de l\u00edneas redondeadas<\/a><\/li><li class='ez-toc-page-1 ez-toc-heading-level-3'><a class=\"ez-toc-link ez-toc-heading-6\" href=\"https:\/\/mueblesdetena.es\/ru_ru\/estilo-comfy-crear-ambientes-acogedores\/#4_Iluminacion_calida_y_ambiental\" >4. Iluminaci\u00f3n c\u00e1lida y ambiental<\/a><\/li><li class='ez-toc-page-1 ez-toc-heading-level-3'><a class=\"ez-toc-link ez-toc-heading-7\" href=\"https:\/\/mueblesdetena.es\/ru_ru\/estilo-comfy-crear-ambientes-acogedores\/#5_Detalles_que_abrazan_mantas_alfombras_cojines_y_aromas\" >5. Detalles que abrazan: mantas, alfombras, cojines y aromas<\/a><\/li><\/ul><\/li><li class='ez-toc-page-1 ez-toc-heading-level-2'><a class=\"ez-toc-link ez-toc-heading-8\" href=\"https:\/\/mueblesdetena.es\/ru_ru\/estilo-comfy-crear-ambientes-acogedores\/#Errores_comunes_al_decorar_con_estilo_comfy\" >Errores comunes al decorar con estilo comfy<\/a><\/li><\/ul><\/nav><\/div>\n<h2 class=\"wp-block-heading\"><span class=\"ez-toc-section\" id=\"%C2%BFQue_es_el_estilo_comfy\"><\/span>\u00bfQu\u00e9 es el estilo comfy?<span class=\"ez-toc-section-end\"><\/span><\/h2>\n\n\n\n<p class=\"has-medium-font-size wp-block-paragraph\">El estilo comfy <strong>nace de una necesidad vital: sentirnos a gusto en casa<\/strong>. Su nombre proviene del ingl\u00e9s <em>comfortable<\/em>, y encuentra en el movimiento <em>slow living<\/em> su mayor inspiraci\u00f3n. En tiempos de prisas y estr\u00e9s, la decoraci\u00f3n se convierte en refugio, y el comfy <strong>responde con ambientes suaves, c\u00e1lidos y pensados para el bienestar<\/strong>.<\/p>\n\n\n\n<p class=\"has-medium-font-size wp-block-paragraph\">A diferencia del minimalismo, m\u00e1s austero y a veces fr\u00edo, o del estilo n\u00f3rdico, centrado en la funcionalidad, el estilo comfy apuesta por la emoci\u00f3n. <strong>Se acerca al esp\u00edritu <a href=\"https:\/\/es.wikipedia.org\/wiki\/Hygge\" target=\"_blank\" rel=\"noopener\">hygge<\/a> dan\u00e9s, pero con un enfoque m\u00e1s visual y acogedor<\/strong>, donde los espacios invitan a quedarse, relajarse y reconectar con lo esencial sin renunciar al dise\u00f1o.<\/p>\n\n\n\n<p class=\"has-medium-font-size wp-block-paragraph\">El confort no es solo una cuesti\u00f3n pr\u00e1ctica, tambi\u00e9n sensorial. El estilo comfy <strong>cuida la luz, las texturas, los colores y la disposici\u00f3n del mobiliario para provocar una sensaci\u00f3n envolvente<\/strong>. Todo en su justa medida, con equilibrio y armon\u00eda, para que el cuerpo y la mente se sientan en calma apenas se cruza el umbral.<\/p>\n\n\n\n<p class=\"has-medium-font-size wp-block-paragraph\">Aunque puede aplicarse en toda la casa, la decoraci\u00f3n comfy <strong>brilla especialmente en salones y dormitorios<\/strong>. Son zonas de descanso por excelencia, donde los textiles mullidos, la luz c\u00e1lida y los materiales naturales transforman lo cotidiano en pura experiencia de bienestar.<\/p>\n\n\n\n<div style=\"height:25px\" aria-hidden=\"true\" class=\"wp-block-spacer\"><\/div>\n\n\n\n<figure class=\"wp-block-image alignfull size-full\"><img fetchpriority=\"high\" decoding=\"async\" width=\"2385\" height=\"1344\" src=\"https:\/\/mueblesdetena.es\/wp-content\/uploads\/2025\/04\/estilo-comfy-2.jpg\" alt=\"estilo comfy\" class=\"wp-image-37394\" srcset=\"https:\/\/mueblesdetena.es\/wp-content\/uploads\/2025\/04\/estilo-comfy-2.jpg 2385w, https:\/\/mueblesdetena.es\/wp-content\/uploads\/2025\/04\/estilo-comfy-2-300x169.jpg 300w, https:\/\/mueblesdetena.es\/wp-content\/uploads\/2025\/04\/estilo-comfy-2-1024x577.jpg 1024w, https:\/\/mueblesdetena.es\/wp-content\/uploads\/2025\/04\/estilo-comfy-2-768x433.jpg 768w, https:\/\/mueblesdetena.es\/wp-content\/uploads\/2025\/04\/estilo-comfy-2-1536x866.jpg 1536w, https:\/\/mueblesdetena.es\/wp-content\/uploads\/2025\/04\/estilo-comfy-2-2048x1154.jpg 2048w, https:\/\/mueblesdetena.es\/wp-content\/uploads\/2025\/04\/estilo-comfy-2-600x338.jpg 600w\" sizes=\"(max-width: 2385px) 100vw, 2385px\" \/><\/figure>\n\n\n\n<div style=\"height:25px\" aria-hidden=\"true\" class=\"wp-block-spacer\"><\/div>\n\n\n\n<h2 class=\"wp-block-heading\"><span class=\"ez-toc-section\" id=\"Las_claves_del_estilo_comfy_para_conseguir_un_hogar_acogedor\"><\/span>Las claves del estilo comfy para conseguir un hogar acogedor<span class=\"ez-toc-section-end\"><\/span><\/h2>\n\n\n\n<div style=\"height:25px\" aria-hidden=\"true\" class=\"wp-block-spacer\"><\/div>\n\n\n\n<h3 class=\"wp-block-heading\"><span class=\"ez-toc-section\" id=\"1_Materiales_suaves_y_naturales\"><\/span>1. Materiales suaves y naturales<span class=\"ez-toc-section-end\"><\/span><\/h3>\n\n\n\n<p class=\"has-medium-font-size wp-block-paragraph\">En el universo del estilo comfy, <strong>los tejidos no solo visten, acarician<\/strong>. Las fibras naturales como el <strong>lino o el algod\u00f3n lavado<\/strong> son imprescindibles para lograr esa sensaci\u00f3n envolvente que invita al descanso. <strong>Su ligereza y tacto fresco los convierte en aliados ideales para vestir sof\u00e1s, cortinas o fundas n\u00f3rdicas<\/strong> con naturalidad y elegancia.<\/p>\n\n\n\n<p class=\"has-medium-font-size wp-block-paragraph\">El <strong>borreguito y el punto grueso<\/strong> suman textura y calidez a cualquier rinc\u00f3n, desde mantas sobre la cama hasta butacas con tapizado acogedor. Estas materias primas, adem\u00e1s de agradables al tacto, <strong>aportan volumen visual sin recargar<\/strong>. La clave est\u00e1 en combinarlas con armon\u00eda, logrando una decoraci\u00f3n que respire serenidad y confort.<\/p>\n\n\n\n<p class=\"has-medium-font-size wp-block-paragraph\">El tacto se convierte as\u00ed en protagonista silencioso. <strong>Un coj\u00edn que se adapta al cuerpo, una alfombra que acoge los pies descalzos, una colcha que abraza\u2026<\/strong> Cada detalle sensorial refuerza el alma del estilo <em>comfy<\/em>, que apuesta por una est\u00e9tica donde la suavidad manda y la prisa desaparece.<\/p>\n\n\n\n<p class=\"has-medium-font-size wp-block-paragraph\">Adem\u00e1s de su valor est\u00e9tico, estos materiales aportan autenticidad. <strong>En un entorno donde la decoraci\u00f3n busca conectar con lo esencial, lo natural toma ventaja<\/strong>. Apostar por texturas honestas es una forma de reconectar con el hogar y convertirlo en un refugio donde vivir despacio se convierte en placer diario.<\/p>\n\n\n\n<div style=\"height:25px\" aria-hidden=\"true\" class=\"wp-block-spacer\"><\/div>\n\n\n\n<h3 class=\"wp-block-heading\"><span class=\"ez-toc-section\" id=\"2_Colores_neutros_y_envolventes\"><\/span>2. Colores neutros y envolventes<span class=\"ez-toc-section-end\"><\/span><\/h3>\n\n\n\n<p class=\"has-medium-font-size wp-block-paragraph\">Los colores neutros son la base del estilo comfy. Suaves, envolventes y atemporales, crean atm\u00f3sferas serenas que invitan al descanso. <strong>Tonos como el blanco roto, el beige c\u00e1lido o el topo<\/strong> se funden con luz natural y multiplican la sensaci\u00f3n de calma. La decoraci\u00f3n se vuelve as\u00ed un refugio sensorial.<\/p>\n\n\n\n<p class=\"has-medium-font-size wp-block-paragraph\">Los <strong>grises c\u00e1lidos<\/strong> aportan profundidad sin frialdad y <strong>armonizan con materiales como la madera clara o las fibras naturales<\/strong>. No se trata de un gris industrial, sino de matices empolvados que abrazan. En un sal\u00f3n comfy, estos tonos <strong>visten sof\u00e1s, paredes o alfombras<\/strong> sin imponerse, dejando que el ambiente respire equilibrio.<\/p>\n\n\n\n<p class=\"has-medium-font-size wp-block-paragraph\">Una de las claves del estilo comfy es combinar estos colores neutros sin caer en la monoton\u00eda. La soluci\u00f3n est\u00e1 en <strong>superponer texturas: lino, lana, algod\u00f3n, cer\u00e1mica mate\u2026<\/strong> Cada elemento suma sin estridencias. As\u00ed, se logra una decoraci\u00f3n rica, serena y con car\u00e1cter, que fluye sin saturar el espacio.<\/p>\n\n\n\n<p class=\"has-medium-font-size wp-block-paragraph\">Para a\u00f1adir personalidad, basta con <strong>introducir acentos sutiles: una l\u00e1mpara en terracota, un jarr\u00f3n en verde salvia, o una obra con tonos arena<\/strong>. Estos toques se integran sin romper la armon\u00eda. La paleta comfy no es plana, es una sinfon\u00eda de matices que arropan y transforman cada rinc\u00f3n del hogar.<\/p>\n\n\n\n<div style=\"height:25px\" aria-hidden=\"true\" class=\"wp-block-spacer\"><\/div>\n\n\n\n<figure class=\"wp-block-image alignfull size-full\"><img decoding=\"async\" width=\"2385\" height=\"1344\" src=\"https:\/\/mueblesdetena.es\/wp-content\/uploads\/2025\/04\/estilo-comfy-3.jpg\" alt=\"estilo comfy\" class=\"wp-image-37393\" srcset=\"https:\/\/mueblesdetena.es\/wp-content\/uploads\/2025\/04\/estilo-comfy-3.jpg 2385w, https:\/\/mueblesdetena.es\/wp-content\/uploads\/2025\/04\/estilo-comfy-3-300x169.jpg 300w, https:\/\/mueblesdetena.es\/wp-content\/uploads\/2025\/04\/estilo-comfy-3-1024x577.jpg 1024w, https:\/\/mueblesdetena.es\/wp-content\/uploads\/2025\/04\/estilo-comfy-3-768x433.jpg 768w, https:\/\/mueblesdetena.es\/wp-content\/uploads\/2025\/04\/estilo-comfy-3-1536x866.jpg 1536w, https:\/\/mueblesdetena.es\/wp-content\/uploads\/2025\/04\/estilo-comfy-3-2048x1154.jpg 2048w, https:\/\/mueblesdetena.es\/wp-content\/uploads\/2025\/04\/estilo-comfy-3-600x338.jpg 600w\" sizes=\"(max-width: 2385px) 100vw, 2385px\" \/><\/figure>\n\n\n\n<div style=\"height:25px\" aria-hidden=\"true\" class=\"wp-block-spacer\"><\/div>\n\n\n\n<h3 class=\"wp-block-heading\"><span class=\"ez-toc-section\" id=\"3_Mobiliario_mullido_y_de_lineas_redondeadas\"><\/span>3. Mobiliario mullido y de l\u00edneas redondeadas<span class=\"ez-toc-section-end\"><\/span><\/h3>\n\n\n\n<p class=\"has-medium-font-size wp-block-paragraph\">En el coraz\u00f3n del estilo comfy, los muebles adoptan una forma amable: <strong>curvas generosas, estructuras bajas y vol\u00famenes mullidos<\/strong> que invitan al recogimiento. <strong>Sof\u00e1s envolventes, sillones tipo puff y butacas con formas org\u00e1nicas<\/strong> se convierten en el eje de una decoraci\u00f3n que antepone el bienestar f\u00edsico y visual.<\/p>\n\n\n\n<p class=\"has-medium-font-size wp-block-paragraph\">Los <strong>sof\u00e1s de respaldo alto, los <a href=\"https:\/\/mueblesdetena.es\/ru_ru\/sofa-cama-con-chaise-longue\/\">chaise longue<\/a> tapizados en tejidos naturales y los <a href=\"https:\/\/mueblesdetena.es\/ru_ru\/sillon-relax-electrico-jerrypower-lift\/\">sillones relax<\/a><\/strong> ganan protagonismo en ambientes donde el confort es la norma. La clave est\u00e1 en elegir piezas que, adem\u00e1s de est\u00e9ticas, acompa\u00f1en el cuerpo y recojan cada postura sin rigidez. Aqu\u00ed, la funcionalidad es puro dise\u00f1o emocional.<\/p>\n\n\n\n<p class=\"has-medium-font-size wp-block-paragraph\">Las camas tambi\u00e9n abrazan esta filosof\u00eda: <strong>cabeceros acolchados, tapizados en lino lavado o terciopelo mate<\/strong>, aportan una nota de calidez irresistible en el dormitorio. Acompa\u00f1adas de <strong>mesitas redondeadas o bancos tapizados a los pies de la cama<\/strong>, construyen rincones \u00edntimos que reflejan el alma del estilo comfy.<\/p>\n\n\n\n<p class=\"has-medium-font-size wp-block-paragraph\">Un truco infalible para acertar es <strong>optar por <a href=\"https:\/\/mueblesdetena.es\/ru_ru\/butaca-de-dormitorio-salon-manis\/\">asientos bajos y de respaldo envolvente<\/a><\/strong>. Este tipo de mobiliario no solo aporta equilibrio visual, sino que potencia esa atm\u00f3sfera acogedora tan deseada en la decoraci\u00f3n actual. El resultado: un hogar donde cada pieza invita a quedarse, relajarse y desconectar del mundo exterior.<\/p>\n\n\n\n<div style=\"height:25px\" aria-hidden=\"true\" class=\"wp-block-spacer\"><\/div>\n\n\n\n<h3 class=\"wp-block-heading\"><span class=\"ez-toc-section\" id=\"4_Iluminacion_calida_y_ambiental\"><\/span>4. Iluminaci\u00f3n c\u00e1lida y ambiental<span class=\"ez-toc-section-end\"><\/span><\/h3>\n\n\n\n<p class=\"has-medium-font-size wp-block-paragraph\">En el estilo comfy, la iluminaci\u00f3n juega un papel protagonista a la hora de crear atm\u00f3sferas envolventes. M\u00e1s all\u00e1 de la luz funcional, lo que se busca es generar una sensaci\u00f3n de recogimiento y calma. Las <strong>l\u00e1mparas de pie con pantallas de lino, los apliques de pared y las luces tenues<\/strong> son aliadas perfectas para conseguir ese <strong>efecto sosegado<\/strong> que tanto identifica esta corriente de decoraci\u00f3n.<\/p>\n\n\n\n<p class=\"has-medium-font-size wp-block-paragraph\">La clave est\u00e1 en evitar la luz directa y apostar por fuentes que difuminen la iluminaci\u00f3n. Las <strong>tiras led ocultas, las guirnaldas de luz c\u00e1lida y las l\u00e1mparas de sobremesa con bombillas de filamento<\/strong> contribuyen a un ambiente acogedor y sereno. En el estilo comfy, menos es m\u00e1s tambi\u00e9n en la luz: <strong>no se trata de iluminar por completo, sino de sugerir<\/strong>.<\/p>\n\n\n\n<p class=\"has-medium-font-size wp-block-paragraph\">Las <strong>velas<\/strong> no solo aportan una luz suave, sino tambi\u00e9n un <strong>punto emocional y arom\u00e1tico<\/strong> que conecta con los sentidos. Colocadas sobre mesas auxiliares, estanter\u00edas o incluso en bandejas decorativas, <strong>crean peque\u00f1os rincones que invitan a la pausa<\/strong>. Este recurso, t\u00edpico de la <a href=\"https:\/\/mueblesdetena.es\/ru_ru\/estilo-escandinavo\/\">decoraci\u00f3n n\u00f3rdica<\/a>, se ha integrado con naturalidad en los hogares que buscan bienestar a trav\u00e9s del dise\u00f1o.<\/p>\n\n\n\n<p class=\"has-medium-font-size wp-block-paragraph\">Los <strong>reguladores de intensidad<\/strong> son otro recurso imprescindible en un hogar de estilo comfy. <strong>Permiten ajustar la luz seg\u00fan el momento del d\u00eda y la actividad, desde una lectura tranquila hasta una cena relajada<\/strong>. Esta versatilidad convierte cualquier estancia en un refugio adaptable, capaz de responder a las emociones y necesidades de quienes lo habitan.<\/p>\n\n\n\n<div style=\"height:25px\" aria-hidden=\"true\" class=\"wp-block-spacer\"><\/div>\n\n\n\n<figure class=\"wp-block-image alignfull size-full\"><img decoding=\"async\" width=\"2385\" height=\"1344\" src=\"https:\/\/mueblesdetena.es\/wp-content\/uploads\/2025\/04\/estilo-comfy-4.jpg\" alt=\"estilo comfy\" class=\"wp-image-37395\" srcset=\"https:\/\/mueblesdetena.es\/wp-content\/uploads\/2025\/04\/estilo-comfy-4.jpg 2385w, https:\/\/mueblesdetena.es\/wp-content\/uploads\/2025\/04\/estilo-comfy-4-300x169.jpg 300w, https:\/\/mueblesdetena.es\/wp-content\/uploads\/2025\/04\/estilo-comfy-4-1024x577.jpg 1024w, https:\/\/mueblesdetena.es\/wp-content\/uploads\/2025\/04\/estilo-comfy-4-768x433.jpg 768w, https:\/\/mueblesdetena.es\/wp-content\/uploads\/2025\/04\/estilo-comfy-4-1536x866.jpg 1536w, https:\/\/mueblesdetena.es\/wp-content\/uploads\/2025\/04\/estilo-comfy-4-2048x1154.jpg 2048w, https:\/\/mueblesdetena.es\/wp-content\/uploads\/2025\/04\/estilo-comfy-4-600x338.jpg 600w\" sizes=\"(max-width: 2385px) 100vw, 2385px\" \/><\/figure>\n\n\n\n<div style=\"height:25px\" aria-hidden=\"true\" class=\"wp-block-spacer\"><\/div>\n\n\n\n<h3 class=\"wp-block-heading\"><span class=\"ez-toc-section\" id=\"5_Detalles_que_abrazan_mantas_alfombras_cojines_y_aromas\"><\/span>5. Detalles que abrazan: mantas, alfombras, cojines y aromas<span class=\"ez-toc-section-end\"><\/span><\/h3>\n\n\n\n<p class=\"has-medium-font-size wp-block-paragraph\">Nada envuelve tanto como una buena superposici\u00f3n de capas textiles. Las <strong>mantas dobladas sobre el brazo del sof\u00e1, una alfombra de lana bajo los pies o un coj\u00edn mullido en el rinc\u00f3n de lectura<\/strong> son gestos sencillos que elevan la decoraci\u00f3n y refuerzan el alma del estilo comfy: c\u00e1lido, envolvente y lleno de matices.<\/p>\n\n\n\n<p class=\"has-medium-font-size wp-block-paragraph\">Para acertar, lo esencial es combinar tejidos y grosores sin perder coherencia visual. <strong>Mezcla lino lavado con borreguito, a\u00f1ade texturas trenzadas y no temas a los tama\u00f1os grandes<\/strong>. Una alfombra de fibra natural y cojines generosos aportan sensaci\u00f3n de refugio sin renunciar a la est\u00e9tica. El truco est\u00e1 en la disposici\u00f3n casual, como si el espacio se hubiese creado sin esfuerzo.<\/p>\n\n\n\n<p class=\"has-medium-font-size wp-block-paragraph\">M\u00e1s all\u00e1 de lo visual, el estilo comfy se siente. Aqu\u00ed es donde entran los aromas y los peque\u00f1os complementos sensoriales. Los <strong>difusores con esencias de s\u00e1ndalo, lavanda o vainilla<\/strong> dan personalidad olfativa a cada estancia. <strong>Una vela encendida al atardecer, una tetera humeante sobre una bandeja de madera, libros apilados sin rigidez<\/strong>&#8230; todo suma en esta <em>decoraci\u00f3n<\/em> que se disfruta con los cinco sentidos.<\/p>\n\n\n\n<p class=\"has-medium-font-size wp-block-paragraph\">Y no olvides las <strong>piezas de cer\u00e1mica artesana, los jarrones con flores secas o una l\u00e1mpara de pantalla textil<\/strong>. Cada detalle cuenta para lograr una atm\u00f3sfera serena y acogedora. El estilo comfy se construye con objetos que acarician, que hablan de calma, de hogar vivido. Esa belleza imperfecta que no necesita m\u00e1s que ser aut\u00e9ntica.<\/p>\n\n\n\n<div style=\"height:25px\" aria-hidden=\"true\" class=\"wp-block-spacer\"><\/div>\n\n\n\n<h2 class=\"wp-block-heading\"><span class=\"ez-toc-section\" id=\"Errores_comunes_al_decorar_con_estilo_comfy\"><\/span>Errores comunes al decorar con estilo comfy<span class=\"ez-toc-section-end\"><\/span><\/h2>\n\n\n\n<ul class=\"wp-block-list\">\n<li class=\"has-medium-font-size\">Uno de los errores m\u00e1s frecuentes al aplicar el estilo comfy es <strong>confundir la comodidad con el desorden<\/strong>. Ambientes con mantas mal dobladas, cojines sin armon\u00eda o muebles mal distribuidos rompen la est\u00e9tica buscada. El confort no est\u00e1 re\u00f1ido con el orden: cada elemento debe tener su lugar y aportar calidez visual.<\/li>\n\n\n\n<li class=\"has-medium-font-size\">Otro fallo habitual es <strong>utilizar una paleta exclusivamente neutra sin introducir contrastes<\/strong>. Aunque los tonos suaves son clave en la decoraci\u00f3n comfy, el exceso puede derivar en espacios planos y carentes de vida. La soluci\u00f3n est\u00e1 en incorporar texturas ricas y materiales org\u00e1nicos como la madera, el lino o la cer\u00e1mica artesanal para crear inter\u00e9s visual.<\/li>\n\n\n\n<li class=\"has-medium-font-size\">La <strong>saturaci\u00f3n de textiles<\/strong> es tambi\u00e9n un tropiezo com\u00fan. No se trata de acumular cojines, alfombras y plaids sin ton ni son, sino de componer una escena equilibrada. Para ello, es esencial ce\u00f1irse a una misma gama crom\u00e1tica y variar en formas, tejidos y tama\u00f1os, generando profundidad sin sobrecargar.<\/li>\n\n\n\n<li class=\"has-medium-font-size\">Por \u00faltimo, <strong>dejarse llevar \u00fanicamente por la est\u00e9tica de los muebles<\/strong> puede ser contraproducente. En el estilo comfy, la funcionalidad es tan importante como el dise\u00f1o. Elige piezas que inviten a sentarse, descansar o leer, que se adapten a la vida real y potencien la experiencia sensorial del hogar.<\/li>\n<\/ul>\n\n\n\n<div style=\"height:25px\" aria-hidden=\"true\" class=\"wp-block-spacer\"><\/div>\n\n\n\n<figure class=\"wp-block-image alignfull size-full\"><img loading=\"lazy\" decoding=\"async\" width=\"2385\" height=\"1344\" src=\"https:\/\/mueblesdetena.es\/wp-content\/uploads\/2025\/04\/estilo-comfy-5.jpg\" alt=\"estilo comfy\" class=\"wp-image-37396\" srcset=\"https:\/\/mueblesdetena.es\/wp-content\/uploads\/2025\/04\/estilo-comfy-5.jpg 2385w, https:\/\/mueblesdetena.es\/wp-content\/uploads\/2025\/04\/estilo-comfy-5-300x169.jpg 300w, https:\/\/mueblesdetena.es\/wp-content\/uploads\/2025\/04\/estilo-comfy-5-1024x577.jpg 1024w, https:\/\/mueblesdetena.es\/wp-content\/uploads\/2025\/04\/estilo-comfy-5-768x433.jpg 768w, https:\/\/mueblesdetena.es\/wp-content\/uploads\/2025\/04\/estilo-comfy-5-1536x866.jpg 1536w, https:\/\/mueblesdetena.es\/wp-content\/uploads\/2025\/04\/estilo-comfy-5-2048x1154.jpg 2048w, https:\/\/mueblesdetena.es\/wp-content\/uploads\/2025\/04\/estilo-comfy-5-600x338.jpg 600w\" sizes=\"(max-width: 2385px) 100vw, 2385px\" \/><\/figure>\n\n\n\n<div style=\"height:25px\" aria-hidden=\"true\" class=\"wp-block-spacer\"><\/div>\n\n\n\n<p class=\"has-medium-font-size wp-block-paragraph\">Un hogar decorado con estilo comfy es mucho m\u00e1s que una suma de muebles y textiles: es una declaraci\u00f3n de intenciones. Apostar por materiales naturales, tonos c\u00e1lidos, formas amables y luz envolvente es abrazar una manera de vivir donde la comodidad es el aut\u00e9ntico lujo. La decoraci\u00f3n cobra un nuevo sentido: el del bienestar.<\/p>\n\n\n\n<p class=\"has-medium-font-size wp-block-paragraph\">Los detalles marcan la diferencia. Un sof\u00e1 mullido, una l\u00e1mpara con luz dorada o una manta que invita al descanso no solo visten el espacio, sino que lo transforman en un lugar de calma. El estilo comfy es sensorial y emocional, una fusi\u00f3n perfecta entre est\u00e9tica y funcionalidad que da calidez a cada rinc\u00f3n.<\/p>\n\n\n\n<p class=\"has-medium-font-size wp-block-paragraph\">Tu hogar debe ser tu refugio. El estilo comfy no solo decora, te abraza. Entra ahora en Muebles Detena y descubre piezas pensadas para sentirte bien, rodearte de belleza y crear ambientes tan acogedores como aut\u00e9nticos.<\/p>\n\n\n\n<p class=\"wp-block-paragraph\"><\/p>","protected":false},"excerpt":{"rendered":"<p>En un momento en que el hogar ha cobrado un protagonismo especial en nuestras vidas, el estilo comfy se alza como una de las tendencias m\u00e1s deseadas en decoraci\u00f3n. Este enfoque, que prioriza la comodidad sin renunciar a la est\u00e9tica, ha conquistado salones, dormitorios y rincones de lectura con una naturalidad absoluta. Cada vez m\u00e1s [&hellip;]<\/p>\n","protected":false},"author":618,"featured_media":37685,"comment_status":"open","ping_status":"open","sticky":false,"template":"","format":"standard","meta":{"site-sidebar-layout":"default","site-content-layout":"","ast-site-content-layout":"default","site-content-style":"default","site-sidebar-style":"default","ast-global-header-display":"","ast-banner-title-visibility":"","ast-main-header-display":"","ast-hfb-above-header-display":"","ast-hfb-below-header-display":"","ast-hfb-mobile-header-display":"","site-post-title":"","ast-breadcrumbs-content":"","ast-featured-img":"","footer-sml-layout":"","ast-disable-related-posts":"","theme-transparent-header-meta":"","adv-header-id-meta":"","stick-header-meta":"","header-above-stick-meta":"","header-main-stick-meta":"","header-below-stick-meta":"","astra-migrate-meta-layouts":"set","ast-page-background-enabled":"default","ast-page-background-meta":{"desktop":{"background-color":"var(--ast-global-color-4)","background-image":"","background-repeat":"repeat","background-position":"center center","background-size":"auto","background-attachment":"scroll","background-type":"","background-media":"","overlay-type":"","overlay-color":"","overlay-opacity":"","overlay-gradient":""},"tablet":{"background-color":"","background-image":"","background-repeat":"repeat","background-position":"center center","background-size":"auto","background-attachment":"scroll","background-type":"","background-media":"","overlay-type":"","overlay-color":"","overlay-opacity":"","overlay-gradient":""},"mobile":{"background-color":"","background-image":"","background-repeat":"repeat","background-position":"center center","background-size":"auto","background-attachment":"scroll","background-type":"","background-media":"","overlay-type":"","overlay-color":"","overlay-opacity":"","overlay-gradient":""}},"ast-content-background-meta":{"desktop":{"background-color":"var(--ast-global-color-5)","background-image":"","background-repeat":"repeat","background-position":"center center","background-size":"auto","background-attachment":"scroll","background-type":"","background-media":"","overlay-type":"","overlay-color":"","overlay-opacity":"","overlay-gradient":""},"tablet":{"background-color":"var(--ast-global-color-5)","background-image":"","background-repeat":"repeat","background-position":"center center","background-size":"auto","background-attachment":"scroll","background-type":"","background-media":"","overlay-type":"","overlay-color":"","overlay-opacity":"","overlay-gradient":""},"mobile":{"background-color":"var(--ast-global-color-5)","background-image":"","background-repeat":"repeat","background-position":"center center","background-size":"auto","background-attachment":"scroll","background-type":"","background-media":"","overlay-type":"","overlay-color":"","overlay-opacity":"","overlay-gradient":""}},"_joinchat":[],"footnotes":""},"categories":[1],"tags":[],"class_list":["post-37385","post","type-post","status-publish","format-standard","has-post-thumbnail","hentry","category-sin-categoria"],"_links":{"self":[{"href":"https:\/\/mueblesdetena.es\/ru_ru\/wp-json\/wp\/v2\/posts\/37385","targetHints":{"allow":["GET"]}}],"collection":[{"href":"https:\/\/mueblesdetena.es\/ru_ru\/wp-json\/wp\/v2\/posts"}],"about":[{"href":"https:\/\/mueblesdetena.es\/ru_ru\/wp-json\/wp\/v2\/types\/post"}],"author":[{"embeddable":true,"href":"https:\/\/mueblesdetena.es\/ru_ru\/wp-json\/wp\/v2\/users\/618"}],"replies":[{"embeddable":true,"href":"https:\/\/mueblesdetena.es\/ru_ru\/wp-json\/wp\/v2\/comments?post=37385"}],"version-history":[{"count":8,"href":"https:\/\/mueblesdetena.es\/ru_ru\/wp-json\/wp\/v2\/posts\/37385\/revisions"}],"predecessor-version":[{"id":37686,"href":"https:\/\/mueblesdetena.es\/ru_ru\/wp-json\/wp\/v2\/posts\/37385\/revisions\/37686"}],"wp:featuredmedia":[{"embeddable":true,"href":"https:\/\/mueblesdetena.es\/ru_ru\/wp-json\/wp\/v2\/media\/37685"}],"wp:attachment":[{"href":"https:\/\/mueblesdetena.es\/ru_ru\/wp-json\/wp\/v2\/media?parent=37385"}],"wp:term":[{"taxonomy":"category","embeddable":true,"href":"https:\/\/mueblesdetena.es\/ru_ru\/wp-json\/wp\/v2\/categories?post=37385"},{"taxonomy":"post_tag","embeddable":true,"href":"https:\/\/mueblesdetena.es\/ru_ru\/wp-json\/wp\/v2\/tags?post=37385"}],"curies":[{"name":"wp","href":"https:\/\/api.w.org\/{rel}","templated":true}]}}