{"id":37517,"date":"2025-04-15T09:00:00","date_gmt":"2025-04-15T07:00:00","guid":{"rendered":"https:\/\/mueblesdetena.es\/?p=37517"},"modified":"2026-05-14T18:57:06","modified_gmt":"2026-05-14T16:57:06","slug":"estilo-organico","status":"publish","type":"post","link":"https:\/\/mueblesdetena.es\/ru_ru\/estilo-organico\/","title":{"rendered":"Estilo org\u00e1nico: 10 ideas de muebles y complementos para tu piso minimalista"},"content":{"rendered":"<p class=\"has-medium-font-size wp-block-paragraph\">Vivir en un piso peque\u00f1o no implica renunciar a la belleza ni al confort. El estilo org\u00e1nico <strong>propone una forma de habitar m\u00e1s serena<\/strong>, donde cada pieza respira naturalidad y armon\u00eda. Inspirado en la arquitectura que dialoga con el entorno, este enfoque transforma los interiores en refugios c\u00e1lidos, funcionales y profundamente personales.<\/p>\n\n\n\n<p class=\"has-medium-font-size wp-block-paragraph\">La clave est\u00e1 en elegir <strong>muebles que huyan de lo r\u00edgido y celebren las formas suaves, los materiales nobles y los acabados artesanales<\/strong>. Desde una mesa con vetas visibles hasta un sof\u00e1 de l\u00edneas envolventes, el mobiliario se convierte en una extensi\u00f3n de la naturaleza dentro del hogar, sin estridencias ni excesos.<\/p>\n\n\n\n<p class=\"has-medium-font-size wp-block-paragraph\">Acompa\u00f1ados de <strong>complementos sencillos pero llenos de intenci\u00f3n<\/strong>, como una l\u00e1mpara de mimbre o una alfombra de yute, estos espacios respiran equilibrio. En las siguientes l\u00edneas te proponemos diez ideas para integrar el estilo org\u00e1nico en tu hogar minimalista con piezas que inspiran calma y conexi\u00f3n.<\/p>\n\n\n\n<div style=\"height:25px\" aria-hidden=\"true\" class=\"wp-block-spacer\"><\/div>\n\n\n\n<div id=\"ez-toc-container\" class=\"ez-toc-v2_0_85 ez-toc-wrap-center counter-hierarchy ez-toc-counter ez-toc-grey ez-toc-container-direction\">\n<div class=\"ez-toc-title-container\">\n<p class=\"ez-toc-title\" style=\"cursor:inherit\">Tabla de contenidos<\/p>\n<span class=\"ez-toc-title-toggle\"><a href=\"#\" class=\"ez-toc-pull-right ez-toc-btn ez-toc-btn-xs ez-toc-btn-default ez-toc-toggle\" aria-label=\"Toggle Table of Content\"><span class=\"ez-toc-js-icon-con\"><span class=\"\"><span class=\"eztoc-hide\" style=\"display:none;\">Toggle<\/span><span class=\"ez-toc-icon-toggle-span\"><svg style=\"fill: #999;color:#999\" xmlns=\"http:\/\/www.w3.org\/2000\/svg\" class=\"list-377408\" width=\"20px\" height=\"20px\" viewbox=\"0 0 24 24\" fill=\"none\"><path d=\"M6 6H4v2h2V6zm14 0H8v2h12V6zM4 11h2v2H4v-2zm16 0H8v2h12v-2zM4 16h2v2H4v-2zm16 0H8v2h12v-2z\" fill=\"currentColor\"><\/path><\/svg><svg style=\"fill: #999;color:#999\" class=\"arrow-unsorted-368013\" xmlns=\"http:\/\/www.w3.org\/2000\/svg\" width=\"10px\" height=\"10px\" viewbox=\"0 0 24 24\" version=\"1.2\" baseprofile=\"tiny\"><path d=\"M18.2 9.3l-6.2-6.3-6.2 6.3c-.2.2-.3.4-.3.7s.1.5.3.7c.2.2.4.3.7.3h11c.3 0 .5-.1.7-.3.2-.2.3-.5.3-.7s-.1-.5-.3-.7zM5.8 14.7l6.2 6.3 6.2-6.3c.2-.2.3-.5.3-.7s-.1-.5-.3-.7c-.2-.2-.4-.3-.7-.3h-11c-.3 0-.5.1-.7.3-.2.2-.3.5-.3.7s.1.5.3.7z\"\/><\/svg><\/span><\/span><\/span><\/a><\/span><\/div>\n<nav><ul class='ez-toc-list ez-toc-list-level-1' ><li class='ez-toc-page-1 ez-toc-heading-level-2'><a class=\"ez-toc-link ez-toc-heading-1\" href=\"https:\/\/mueblesdetena.es\/ru_ru\/estilo-organico\/#%C2%BFQue_es_el_estilo_organico_en_decoracion\" >\u00bfQu\u00e9 es el estilo org\u00e1nico en decoraci\u00f3n?<\/a><\/li><li class='ez-toc-page-1 ez-toc-heading-level-2'><a class=\"ez-toc-link ez-toc-heading-2\" href=\"https:\/\/mueblesdetena.es\/ru_ru\/estilo-organico\/#Ventajas_del_estilo_organico_en_hogares_minimalistas\" >Ventajas del estilo org\u00e1nico en hogares minimalistas<\/a><\/li><li class='ez-toc-page-1 ez-toc-heading-level-2'><a class=\"ez-toc-link ez-toc-heading-3\" href=\"https:\/\/mueblesdetena.es\/ru_ru\/estilo-organico\/#10_ideas_de_muebles_y_complementos_para_aplicar_el_estilo_organico\" >10 ideas de muebles y complementos para aplicar el estilo org\u00e1nico<\/a><ul class='ez-toc-list-level-3' ><li class='ez-toc-heading-level-3'><a class=\"ez-toc-link ez-toc-heading-4\" href=\"https:\/\/mueblesdetena.es\/ru_ru\/estilo-organico\/#1_Mesas_de_madera_maciza_con_bordes_irregulares\" >1. Mesas de madera maciza con bordes irregulares<\/a><\/li><li class='ez-toc-page-1 ez-toc-heading-level-3'><a class=\"ez-toc-link ez-toc-heading-5\" href=\"https:\/\/mueblesdetena.es\/ru_ru\/estilo-organico\/#2_Sofas_de_lineas_curvas_con_tejidos_naturales\" >2. Sof\u00e1s de l\u00edneas curvas con tejidos naturales<\/a><\/li><li class='ez-toc-page-1 ez-toc-heading-level-3'><a class=\"ez-toc-link ez-toc-heading-6\" href=\"https:\/\/mueblesdetena.es\/ru_ru\/estilo-organico\/#3_Estanterias_abiertas_de_bambu_o_ratan\" >3. Estanter\u00edas abiertas de bamb\u00fa o rat\u00e1n<\/a><\/li><li class='ez-toc-page-1 ez-toc-heading-level-3'><a class=\"ez-toc-link ez-toc-heading-7\" href=\"https:\/\/mueblesdetena.es\/ru_ru\/estilo-organico\/#4_Alfombras_de_yute_o_lana_sin_tenir\" >4. Alfombras de yute o lana sin te\u00f1ir<\/a><\/li><li class='ez-toc-page-1 ez-toc-heading-level-3'><a class=\"ez-toc-link ez-toc-heading-8\" href=\"https:\/\/mueblesdetena.es\/ru_ru\/estilo-organico\/#5_Lamparas_de_fibras_naturales\" >5. L\u00e1mparas de fibras naturales<\/a><\/li><li class='ez-toc-page-1 ez-toc-heading-level-3'><a class=\"ez-toc-link ez-toc-heading-9\" href=\"https:\/\/mueblesdetena.es\/ru_ru\/estilo-organico\/#6_Sillas_ergonomicas_con_estructura_de_madera\" >6. Sillas ergon\u00f3micas con estructura de madera<\/a><\/li><li class='ez-toc-page-1 ez-toc-heading-level-3'><a class=\"ez-toc-link ez-toc-heading-10\" href=\"https:\/\/mueblesdetena.es\/ru_ru\/estilo-organico\/#7_Espejos_organicos_con_marcos_de_madera_reciclada\" >7. Espejos org\u00e1nicos con marcos de madera reciclada<\/a><\/li><li class='ez-toc-page-1 ez-toc-heading-level-3'><a class=\"ez-toc-link ez-toc-heading-11\" href=\"https:\/\/mueblesdetena.es\/ru_ru\/estilo-organico\/#8_Camas_bajas_con_cabeceros_tapizados_en_lino\" >8. Camas bajas con cabeceros tapizados en lino<\/a><\/li><li class='ez-toc-page-1 ez-toc-heading-level-3'><a class=\"ez-toc-link ez-toc-heading-12\" href=\"https:\/\/mueblesdetena.es\/ru_ru\/estilo-organico\/#9_Plantas_grandes_en_maceteros_artesanales\" >9. Plantas grandes en maceteros artesanales<\/a><\/li><li class='ez-toc-page-1 ez-toc-heading-level-3'><a class=\"ez-toc-link ez-toc-heading-13\" href=\"https:\/\/mueblesdetena.es\/ru_ru\/estilo-organico\/#10_Textiles_neutros_en_lino_algodon_o_lana_merina\" >10. Textiles neutros en lino, algod\u00f3n o lana merina<\/a><\/li><\/ul><\/li><li class='ez-toc-page-1 ez-toc-heading-level-2'><a class=\"ez-toc-link ez-toc-heading-14\" href=\"https:\/\/mueblesdetena.es\/ru_ru\/estilo-organico\/#Consejos_para_mantener_la_armonia_organica_en_un_piso_pequeno\" >Consejos para mantener la armon\u00eda org\u00e1nica en un piso peque\u00f1o<\/a><\/li><\/ul><\/nav><\/div>\n<h2 class=\"wp-block-heading\"><span class=\"ez-toc-section\" id=\"%C2%BFQue_es_el_estilo_organico_en_decoracion\"><\/span>\u00bfQu\u00e9 es el estilo org\u00e1nico en decoraci\u00f3n?<span class=\"ez-toc-section-end\"><\/span><\/h2>\n\n\n\n<p class=\"has-medium-font-size wp-block-paragraph\">El estilo org\u00e1nico en decoraci\u00f3n <strong>busca recrear la armon\u00eda de la naturaleza dentro del hogar<\/strong>. Se basa en <strong>formas suaves, materiales nobles y una paleta crom\u00e1tica que respira calma<\/strong>. M\u00e1s que una tendencia, es una filosof\u00eda est\u00e9tica que transforma los espacios en refugios serenos, c\u00e1lidos y profundamente conectados con lo esencial.<\/p>\n\n\n\n<p class=\"has-medium-font-size wp-block-paragraph\"><strong>Su origen se encuentra en la arquitectura org\u00e1nica, una corriente impulsada por Frank Lloyd Wright a principios del siglo XX<\/strong>. Este enfoque prioriza la integraci\u00f3n de la vivienda con su entorno, evitando l\u00edneas r\u00edgidas y favoreciendo elementos que fluyen de forma natural. En decoraci\u00f3n, se traduce en muebles y complementos que dialogan con el espacio sin imponerse.<\/p>\n\n\n\n<p class=\"has-medium-font-size wp-block-paragraph\"><strong>Cuando se une al minimalismo<\/strong>, el estilo org\u00e1nico se adapta a los pisos peque\u00f1os con una elegancia sorprendente. <strong>Elimina lo superfluo y apuesta por piezas con alma, capaces de generar impacto sin saturar<\/strong>. Cada mueble cumple una funci\u00f3n clara, y cada complemento aporta textura, equilibrio y calidez visual.<\/p>\n\n\n\n<p class=\"has-medium-font-size wp-block-paragraph\">Los principios del estilo org\u00e1nico giran en torno a materiales como la madera, el lino, la cer\u00e1mica o el mimbre. <strong>Predominan las curvas, los acabados imperfectos y la luz natural como protagonista<\/strong>. La decoraci\u00f3n busca el bienestar a trav\u00e9s de la simplicidad, despertando una conexi\u00f3n emocional con cada elemento del hogar.<\/p>\n\n\n\n<div style=\"height:25px\" aria-hidden=\"true\" class=\"wp-block-spacer\"><\/div>\n\n\n\n<figure class=\"wp-block-image alignfull size-full\"><img fetchpriority=\"high\" decoding=\"async\" width=\"2368\" height=\"1318\" src=\"https:\/\/mueblesdetena.es\/wp-content\/uploads\/2025\/04\/estilo-organico-2.jpg\" alt=\"estilo org\u00e1nico, muebles, complementos\" class=\"wp-image-37535\" srcset=\"https:\/\/mueblesdetena.es\/wp-content\/uploads\/2025\/04\/estilo-organico-2.jpg 2368w, https:\/\/mueblesdetena.es\/wp-content\/uploads\/2025\/04\/estilo-organico-2-300x167.jpg 300w, https:\/\/mueblesdetena.es\/wp-content\/uploads\/2025\/04\/estilo-organico-2-1024x570.jpg 1024w, https:\/\/mueblesdetena.es\/wp-content\/uploads\/2025\/04\/estilo-organico-2-768x427.jpg 768w, https:\/\/mueblesdetena.es\/wp-content\/uploads\/2025\/04\/estilo-organico-2-1536x855.jpg 1536w, https:\/\/mueblesdetena.es\/wp-content\/uploads\/2025\/04\/estilo-organico-2-2048x1140.jpg 2048w, https:\/\/mueblesdetena.es\/wp-content\/uploads\/2025\/04\/estilo-organico-2-600x334.jpg 600w\" sizes=\"(max-width: 2368px) 100vw, 2368px\" \/><\/figure>\n\n\n\n<div style=\"height:25px\" aria-hidden=\"true\" class=\"wp-block-spacer\"><\/div>\n\n\n\n<h2 class=\"wp-block-heading\"><span class=\"ez-toc-section\" id=\"Ventajas_del_estilo_organico_en_hogares_minimalistas\"><\/span>Ventajas del estilo org\u00e1nico en hogares minimalistas<span class=\"ez-toc-section-end\"><\/span><\/h2>\n\n\n\n<ul class=\"wp-block-list\">\n<li class=\"has-medium-font-size\">El estilo org\u00e1nico <strong>aporta una armon\u00eda visual que transforma el ambiente de cualquier vivienda<\/strong>. Las formas suaves, los materiales nobles y la ausencia de estridencias generan una sensaci\u00f3n de equilibrio muy valorada en la decoraci\u00f3n contempor\u00e1nea. Al integrarse con muebles de l\u00edneas naturales y complementos sencillos, cada espacio respira serenidad y coherencia est\u00e9tica.<\/li>\n\n\n\n<li class=\"has-medium-font-size\">Una de las grandes virtudes de este estilo es la <strong>sensaci\u00f3n de amplitud que transmite<\/strong>. La paleta de colores neutros, la presencia de texturas naturales y el uso contenido de los elementos decorativos contribuyen a crear una atm\u00f3sfera ligera, casi et\u00e9rea. Esta calma visual no solo relaja, sino que potencia la luminosidad y la profundidad en espacios reducidos.<\/li>\n\n\n\n<li class=\"has-medium-font-size\">El estilo org\u00e1nico, adem\u00e1s, <strong>favorece el orden y la funcionalidad<\/strong>. Cada mueble tiene su raz\u00f3n de ser, cada complemento cumple una funci\u00f3n. Este enfoque consciente invita a prescindir de lo innecesario y a valorar lo esencial, lo que se traduce en interiores pr\u00e1cticos, acogedores y libres de artificios.<\/li>\n\n\n\n<li class=\"has-medium-font-size\">Por \u00faltimo, se adapta a la perfecci\u00f3n a pisos peque\u00f1os y viviendas urbanas. Su <strong>capacidad para conectar con la naturaleza sin necesidad de grandes recursos<\/strong> convierte al estilo org\u00e1nico en una opci\u00f3n ideal para quienes buscan calidez, naturalidad y dise\u00f1o sin renunciar al confort cotidiano.<\/li>\n<\/ul>\n\n\n\n<div style=\"height:25px\" aria-hidden=\"true\" class=\"wp-block-spacer\"><\/div>\n\n\n\n<h2 class=\"wp-block-heading\"><span class=\"ez-toc-section\" id=\"10_ideas_de_muebles_y_complementos_para_aplicar_el_estilo_organico\"><\/span>10 ideas de muebles y complementos para aplicar el estilo org\u00e1nico<span class=\"ez-toc-section-end\"><\/span><\/h2>\n\n\n\n<div style=\"height:25px\" aria-hidden=\"true\" class=\"wp-block-spacer\"><\/div>\n\n\n\n<h3 class=\"wp-block-heading\"><span class=\"ez-toc-section\" id=\"1_Mesas_de_madera_maciza_con_bordes_irregulares\"><\/span>1. Mesas de madera maciza con bordes irregulares<span class=\"ez-toc-section-end\"><\/span><\/h3>\n\n\n\n<p class=\"has-medium-font-size wp-block-paragraph\">Las mesas de madera maciza con bordes irregulares son una de las piezas m\u00e1s representativas del estilo org\u00e1nico. <strong>Su belleza reside en respetar la forma natural de la madera<\/strong>, lo que convierte cada mesa en una pieza \u00fanica, con presencia propia y un <strong>car\u00e1cter casi escult\u00f3rico<\/strong> que conecta de inmediato con la naturaleza.<\/p>\n\n\n\n<p class=\"has-medium-font-size wp-block-paragraph\">M\u00e1s all\u00e1 de su valor est\u00e9tico, estas mesas aportan calidez y personalidad al hogar. La robustez de la madera maciza <strong>garantiza durabilidad, mientras que las formas org\u00e1nicas suavizan el conjunto<\/strong>, evitando rigideces visuales. Son muebles que <strong>invitan al tacto y al disfrute cotidiano<\/strong>, ideales para crear ambientes relajados y acogedores con una fuerte identidad.<\/p>\n\n\n\n<p class=\"has-medium-font-size wp-block-paragraph\"><strong>En pisos peque\u00f1os<\/strong>, pueden integrarse con gran acierto <strong>como <a href=\"https:\/\/mueblesdetena.es\/ru_ru\/mesa-de-comedor-ovalada-kzan117\/\">mesa de comedor<\/a> compacta o como mesa de centro<\/strong>. El truco est\u00e1 en elegir un dise\u00f1o ligero visualmente y acompa\u00f1arlo de complementos neutros, como sillas de l\u00edneas sencillas o alfombras naturales, que dejen respirar el espacio.<\/p>\n\n\n\n<div style=\"height:25px\" aria-hidden=\"true\" class=\"wp-block-spacer\"><\/div>\n\n\n\n<h3 class=\"wp-block-heading\"><span class=\"ez-toc-section\" id=\"2_Sofas_de_lineas_curvas_con_tejidos_naturales\"><\/span>2. Sof\u00e1s de l\u00edneas curvas con tejidos naturales<span class=\"ez-toc-section-end\"><\/span><\/h3>\n\n\n\n<p class=\"has-medium-font-size wp-block-paragraph\">Los <a href=\"https:\/\/mueblesdetena.es\/ru_ru\/sofa-rincon-austral-elite\/\">sof\u00e1s de l\u00edneas curvas<\/a> evocan la suavidad de la naturaleza y son una pieza esencial dentro del estilo org\u00e1nico. Sus formas envolventes <strong>rompen con la rigidez geom\u00e9trica del mobiliario convencional<\/strong>, creando un ambiente acogedor y fluido. Elegir un sof\u00e1 con <strong>tejidos naturales, como lino lavado o algod\u00f3n r\u00fastico, potencia a\u00fan m\u00e1s esta est\u00e9tica serena y armoniosa<\/strong>.<\/p>\n\n\n\n<p class=\"has-medium-font-size wp-block-paragraph\">Desde el punto de vista pr\u00e1ctico, estos sof\u00e1s <strong>no solo resultan c\u00f3modos al tacto, sino que aportan calidez visual al espacio<\/strong>. Son el punto de encuentro perfecto entre dise\u00f1o y funcionalidad, y act\u00faan como eje central de una sala que busca conectar con la esencia de lo natural. <strong>Combinados con complementos en tonos tierra o crudos<\/strong>, refuerzan el car\u00e1cter sosegado y equilibrado del hogar.<\/p>\n\n\n\n<p class=\"has-medium-font-size wp-block-paragraph\"><strong>En pisos peque\u00f1os<\/strong>, un <a href=\"https:\/\/mueblesdetena.es\/ru_ru\/butaca-de-dormitorio-salon-manis\/\">sof\u00e1 de l\u00edneas curvas<\/a> permite suavizar la percepci\u00f3n del espacio sin saturarlo. <strong>Al eliminar \u00e1ngulos agresivos, la circulaci\u00f3n visual es m\u00e1s fluida y ligera<\/strong>. Optar por modelos compactos con patas vistas o estructura elevada ayuda a aligerar el conjunto, integr\u00e1ndolo con el resto de muebles y complementos del estilo org\u00e1nico sin perder funcionalidad ni confort.<\/p>\n\n\n\n<div style=\"height:25px\" aria-hidden=\"true\" class=\"wp-block-spacer\"><\/div>\n\n\n\n<figure class=\"wp-block-image alignfull size-full\"><img decoding=\"async\" width=\"2368\" height=\"1318\" src=\"https:\/\/mueblesdetena.es\/wp-content\/uploads\/2025\/04\/estilo-organico-3.jpg\" alt=\"estilo org\u00e1nico, muebles, complementos\" class=\"wp-image-37534\" srcset=\"https:\/\/mueblesdetena.es\/wp-content\/uploads\/2025\/04\/estilo-organico-3.jpg 2368w, https:\/\/mueblesdetena.es\/wp-content\/uploads\/2025\/04\/estilo-organico-3-300x167.jpg 300w, https:\/\/mueblesdetena.es\/wp-content\/uploads\/2025\/04\/estilo-organico-3-1024x570.jpg 1024w, https:\/\/mueblesdetena.es\/wp-content\/uploads\/2025\/04\/estilo-organico-3-768x427.jpg 768w, https:\/\/mueblesdetena.es\/wp-content\/uploads\/2025\/04\/estilo-organico-3-1536x855.jpg 1536w, https:\/\/mueblesdetena.es\/wp-content\/uploads\/2025\/04\/estilo-organico-3-2048x1140.jpg 2048w, https:\/\/mueblesdetena.es\/wp-content\/uploads\/2025\/04\/estilo-organico-3-600x334.jpg 600w\" sizes=\"(max-width: 2368px) 100vw, 2368px\" \/><\/figure>\n\n\n\n<div style=\"height:25px\" aria-hidden=\"true\" class=\"wp-block-spacer\"><\/div>\n\n\n\n<h3 class=\"wp-block-heading\"><span class=\"ez-toc-section\" id=\"3_Estanterias_abiertas_de_bambu_o_ratan\"><\/span>3. Estanter\u00edas abiertas de bamb\u00fa o rat\u00e1n<span class=\"ez-toc-section-end\"><\/span><\/h3>\n\n\n\n<p class=\"has-medium-font-size wp-block-paragraph\">Las estanter\u00edas abiertas de bamb\u00fa o rat\u00e1n son un acierto seguro si buscas dar personalidad a tu hogar sin perder la esencia del minimalismo. Estas piezas, livianas y c\u00e1lidas, <strong>conectan con la naturaleza a trav\u00e9s de texturas org\u00e1nicas que evocan calma<\/strong>. Son muebles que respiran autenticidad y se integran con elegancia en el estilo org\u00e1nico.<\/p>\n\n\n\n<p class=\"has-medium-font-size wp-block-paragraph\">Adem\u00e1s de su belleza, ofrecen una soluci\u00f3n funcional para mantener el orden sin renunciar a la est\u00e9tica. <strong>Al no tener trasera ni puertas, aportan ligereza visual, ideal para realzar objetos especiales como libros, cer\u00e1micas artesanales o peque\u00f1os complementos decorativos<\/strong>. En pisos peque\u00f1os, esta cualidad resulta clave para no saturar el ambiente.<\/p>\n\n\n\n<p class=\"has-medium-font-size wp-block-paragraph\">Su versatilidad permite usarlas en casi cualquier rinc\u00f3n: <strong>como separador de ambientes, en el sal\u00f3n como librer\u00eda ligera o incluso en el ba\u00f1o para dar un toque natural<\/strong>. Los acabados en fibras naturales refuerzan la conexi\u00f3n con el estilo org\u00e1nico sin sobrecargar el espacio.<\/p>\n\n\n\n<div style=\"height:25px\" aria-hidden=\"true\" class=\"wp-block-spacer\"><\/div>\n\n\n\n<h3 class=\"wp-block-heading\"><span class=\"ez-toc-section\" id=\"4_Alfombras_de_yute_o_lana_sin_tenir\"><\/span>4. Alfombras de yute o lana sin te\u00f1ir<span class=\"ez-toc-section-end\"><\/span><\/h3>\n\n\n\n<p class=\"has-medium-font-size wp-block-paragraph\">Las alfombras de yute o lana sin te\u00f1ir son una pieza imprescindible dentro del estilo org\u00e1nico. <strong>Su textura natural, su gama crom\u00e1tica suave y su fabricaci\u00f3n artesanal las convierten en un complemento ideal<\/strong> para quienes buscan calidez sin renunciar a la sencillez. Estas alfombras <strong>evocan la conexi\u00f3n con la tierra y los materiales nobles<\/strong>.<\/p>\n\n\n\n<p class=\"has-medium-font-size wp-block-paragraph\">M\u00e1s all\u00e1 de su est\u00e9tica serena, ofrecen ventajas funcionales: <strong>a\u00edslan del fr\u00edo, mejoran la ac\u00fastica y delimitan visualmente los espacios<\/strong> sin necesidad de muebles adicionales. En salones, <strong>bajo mesas de centro o en dormitorios a los pies de la cama<\/strong>, aportan una base envolvente que equilibra el conjunto y potencia la armon\u00eda del ambiente.<\/p>\n\n\n\n<p class=\"has-medium-font-size wp-block-paragraph\">En pisos peque\u00f1os, las alfombras de fibras naturales funcionan como un recurso inteligente para zonificar sin recargar. <strong>Elige modelos de formas suaves y tama\u00f1os proporcionados para que act\u00faen como marco de lectura o descanso<\/strong>. Son el complemento perfecto para un hogar minimalista con alma org\u00e1nica.<\/p>\n\n\n\n<div style=\"height:25px\" aria-hidden=\"true\" class=\"wp-block-spacer\"><\/div>\n\n\n\n<figure class=\"wp-block-image alignfull size-full\"><img decoding=\"async\" width=\"2368\" height=\"1318\" src=\"https:\/\/mueblesdetena.es\/wp-content\/uploads\/2025\/04\/estilo-organico-4.jpg\" alt=\"estilo org\u00e1nico, muebles, complementos\" class=\"wp-image-37579\" srcset=\"https:\/\/mueblesdetena.es\/wp-content\/uploads\/2025\/04\/estilo-organico-4.jpg 2368w, https:\/\/mueblesdetena.es\/wp-content\/uploads\/2025\/04\/estilo-organico-4-300x167.jpg 300w, https:\/\/mueblesdetena.es\/wp-content\/uploads\/2025\/04\/estilo-organico-4-1024x570.jpg 1024w, https:\/\/mueblesdetena.es\/wp-content\/uploads\/2025\/04\/estilo-organico-4-768x427.jpg 768w, https:\/\/mueblesdetena.es\/wp-content\/uploads\/2025\/04\/estilo-organico-4-1536x855.jpg 1536w, https:\/\/mueblesdetena.es\/wp-content\/uploads\/2025\/04\/estilo-organico-4-2048x1140.jpg 2048w, https:\/\/mueblesdetena.es\/wp-content\/uploads\/2025\/04\/estilo-organico-4-600x334.jpg 600w\" sizes=\"(max-width: 2368px) 100vw, 2368px\" \/><\/figure>\n\n\n\n<div style=\"height:25px\" aria-hidden=\"true\" class=\"wp-block-spacer\"><\/div>\n\n\n\n<h3 class=\"wp-block-heading\"><span class=\"ez-toc-section\" id=\"5_Lamparas_de_fibras_naturales\"><\/span>5. L\u00e1mparas de fibras naturales<span class=\"ez-toc-section-end\"><\/span><\/h3>\n\n\n\n<p class=\"has-medium-font-size wp-block-paragraph\">Las l\u00e1mparas de fibras naturales, como el mimbre o la rafia, son uno de los complementos m\u00e1s caracter\u00edsticos del estilo org\u00e1nico, ya que evocan la esencia de lo artesanal y lo hecho a mano. <strong>Su textura irregular, su calidez visual y su ligereza convierten cualquier rinc\u00f3n en un espacio m\u00e1s acogedor y sereno<\/strong>, sin perder modernidad ni elegancia.<\/p>\n\n\n\n<p class=\"has-medium-font-size wp-block-paragraph\">A nivel est\u00e9tico, estas l\u00e1mparas <strong>aportan movimiento y profundidad gracias a los juegos de luz y sombra<\/strong> que crean sobre techos y paredes. En el plano funcional, <strong>ofrecen una iluminaci\u00f3n suave y envolvente<\/strong>, perfecta para zonas de descanso o lectura. Combinadas con otros muebles naturales como mesas de madera o textiles neutros, logran una armon\u00eda dif\u00edcil de igualar en otros estilos decorativos.<\/p>\n\n\n\n<p class=\"has-medium-font-size wp-block-paragraph\">En espacios peque\u00f1os, su ligereza visual las hace ideales: <strong>cuelgan sin recargar, delimitan ambientes y aportan personalidad<\/strong> sin ocupar espacio f\u00edsico. Puedes <strong>apostar por una l\u00e1mpara colgante sobre la mesa del comedor o por un modelo de sobremesa<\/strong> en la zona de estar para completar tu decoraci\u00f3n con complementos de inspiraci\u00f3n natural y coherencia visual.<\/p>\n\n\n\n<div style=\"height:25px\" aria-hidden=\"true\" class=\"wp-block-spacer\"><\/div>\n\n\n\n<h3 class=\"wp-block-heading\"><span class=\"ez-toc-section\" id=\"6_Sillas_ergonomicas_con_estructura_de_madera\"><\/span>6. Sillas ergon\u00f3micas con estructura de madera<span class=\"ez-toc-section-end\"><\/span><\/h3>\n\n\n\n<p class=\"has-medium-font-size wp-block-paragraph\">Las <a href=\"https:\/\/mueblesdetena.es\/ru_ru\/sillas-comedor\/\">sillas<\/a> ergon\u00f3micas con estructura de madera son una de esas piezas que resumen a la perfecci\u00f3n la esencia del estilo org\u00e1nico: funcionalidad, belleza natural y dise\u00f1o consciente. <strong>Con l\u00edneas suaves que imitan las formas de la naturaleza y acabados en madera clara o sin tratar<\/strong>, aportan calidez sin perder ligereza visual. Son muebles que equilibran presencia y sutileza con gran acierto.<\/p>\n\n\n\n<p class=\"has-medium-font-size wp-block-paragraph\">A nivel pr\u00e1ctico, su dise\u00f1o ergon\u00f3mico <strong>favorece una postura saludable<\/strong>, algo esencial si se trabaja desde casa o se pasa tiempo en la mesa del comedor. Pero m\u00e1s all\u00e1 del confort, estas sillas funcionan como complementos est\u00e9ticos que refuerzan la armon\u00eda visual de cualquier estancia. <strong>Su estructura de madera natural se convierte en un elemento decorativo por s\u00ed mismo<\/strong>, aportando textura y car\u00e1cter al ambiente.<\/p>\n\n\n\n<p class=\"has-medium-font-size wp-block-paragraph\">En pisos peque\u00f1os, son una elecci\u00f3n especialmente acertada. Su dise\u00f1o abierto y materiales nobles no saturan el espacio y <strong>permiten mantener una atm\u00f3sfera ligera y coherente<\/strong>. Puedes combinarlas con una mesa de comedor redonda o utilizarlas como silla auxiliar en un rinc\u00f3n de lectura, logrando que estos muebles se integren con fluidez en una decoraci\u00f3n minimalista de inspiraci\u00f3n org\u00e1nica.<\/p>\n\n\n\n<div style=\"height:25px\" aria-hidden=\"true\" class=\"wp-block-spacer\"><\/div>\n\n\n\n<figure class=\"wp-block-image size-full\"><img loading=\"lazy\" decoding=\"async\" width=\"2368\" height=\"1318\" src=\"https:\/\/mueblesdetena.es\/wp-content\/uploads\/2025\/04\/estilo-organico-5.jpg\" alt=\"estilo org\u00e1nico, muebles, complementos\" class=\"wp-image-37580\" srcset=\"https:\/\/mueblesdetena.es\/wp-content\/uploads\/2025\/04\/estilo-organico-5.jpg 2368w, https:\/\/mueblesdetena.es\/wp-content\/uploads\/2025\/04\/estilo-organico-5-300x167.jpg 300w, https:\/\/mueblesdetena.es\/wp-content\/uploads\/2025\/04\/estilo-organico-5-1024x570.jpg 1024w, https:\/\/mueblesdetena.es\/wp-content\/uploads\/2025\/04\/estilo-organico-5-768x427.jpg 768w, https:\/\/mueblesdetena.es\/wp-content\/uploads\/2025\/04\/estilo-organico-5-1536x855.jpg 1536w, https:\/\/mueblesdetena.es\/wp-content\/uploads\/2025\/04\/estilo-organico-5-2048x1140.jpg 2048w, https:\/\/mueblesdetena.es\/wp-content\/uploads\/2025\/04\/estilo-organico-5-600x334.jpg 600w\" sizes=\"(max-width: 2368px) 100vw, 2368px\" \/><\/figure>\n\n\n\n<div style=\"height:25px\" aria-hidden=\"true\" class=\"wp-block-spacer\"><\/div>\n\n\n\n<h3 class=\"wp-block-heading\"><span class=\"ez-toc-section\" id=\"7_Espejos_organicos_con_marcos_de_madera_reciclada\"><\/span>7. Espejos org\u00e1nicos con marcos de madera reciclada<span class=\"ez-toc-section-end\"><\/span><\/h3>\n\n\n\n<p class=\"has-medium-font-size wp-block-paragraph\">Los espejos org\u00e1nicos con marcos de madera reciclada son piezas que capturan la esencia del estilo org\u00e1nico: <strong>l\u00edneas suaves, materiales nobles y una conexi\u00f3n directa con la naturaleza<\/strong>. Sus formas irregulares evocan elementos del entorno natural, y cada pieza es \u00fanica, <strong>con vetas, nudos y texturas que narran una historia propia<\/strong>.<\/p>\n\n\n\n<p class=\"has-medium-font-size wp-block-paragraph\">M\u00e1s all\u00e1 de su valor decorativo, estos complementos aportan profundidad visual y luminosidad, dos elementos esenciales en espacios reducidos. <strong>Colocados estrat\u00e9gicamente, reflejan la luz natural y generan una sensaci\u00f3n de amplitud sin romper con la calidez del conjunto<\/strong>. El uso de madera reciclada refuerza su car\u00e1cter sostenible, aportando autenticidad y armon\u00eda.<\/p>\n\n\n\n<p class=\"has-medium-font-size wp-block-paragraph\"><strong>En pisos peque\u00f1os<\/strong>, se integran a la perfecci\u00f3n <strong>sobre consolas de madera clara o suspendidos sobre sof\u00e1s de l\u00edneas limpias<\/strong>. Combinados con otros muebles org\u00e1nicos, como estanter\u00edas abiertas o textiles naturales, ayudan a crear una atm\u00f3sfera envolvente, equilibrada y llena de personalidad, sin renunciar a la funcionalidad.<\/p>\n\n\n\n<div style=\"height:25px\" aria-hidden=\"true\" class=\"wp-block-spacer\"><\/div>\n\n\n\n<h3 class=\"wp-block-heading\"><span class=\"ez-toc-section\" id=\"8_Camas_bajas_con_cabeceros_tapizados_en_lino\"><\/span>8. Camas bajas con cabeceros tapizados en lino<span class=\"ez-toc-section-end\"><\/span><\/h3>\n\n\n\n<p class=\"has-medium-font-size wp-block-paragraph\">Las camas bajas con cabeceros tapizados en lino representan una de las piezas m\u00e1s ic\u00f3nicas del estilo org\u00e1nico. Su silueta sencilla, cercana al suelo, <strong>evoca una conexi\u00f3n directa con la tierra y aporta una sensaci\u00f3n de recogimiento<\/strong> muy especial. El lino, con su <strong>textura natural y su aspecto ligeramente arrugad<\/strong>o, refuerza la idea de calma y autenticidad en el dormitorio.<\/p>\n\n\n\n<p class=\"has-medium-font-size wp-block-paragraph\">M\u00e1s all\u00e1 del valor est\u00e9tico, este tipo de camas son un acierto en t\u00e9rminos de funcionalidad. Al no elevarse demasiado, <strong>no saturan visualmente el espacio y ayudan a generar una atm\u00f3sfera relajada, limpia y sin artificios<\/strong>. Los cabeceros tapizados, adem\u00e1s de aportar calidez, suavizan el ambiente y se convierten en ese complemento clave que completa una decoraci\u00f3n serena y envolvente.<\/p>\n\n\n\n<p class=\"has-medium-font-size wp-block-paragraph\">En pisos peque\u00f1os, <strong>optar por camas de l\u00edneas puras y materiales nobles es una elecci\u00f3n inteligente<\/strong>. Este tipo de muebles, por su perfil bajo y aspecto liviano, permiten que el dormitorio respire. Combinadas con textiles claros y una paleta neutra, crean una base perfecta para incorporar el estilo org\u00e1nico sin renunciar a la funcionalidad.<\/p>\n\n\n\n<div style=\"height:25px\" aria-hidden=\"true\" class=\"wp-block-spacer\"><\/div>\n\n\n\n<figure class=\"wp-block-image alignfull size-full\"><img loading=\"lazy\" decoding=\"async\" width=\"2368\" height=\"1318\" src=\"https:\/\/mueblesdetena.es\/wp-content\/uploads\/2025\/04\/estilo-organico-6.jpg\" alt=\"estilo org\u00e1nico, muebles, complementos\" class=\"wp-image-37581\" srcset=\"https:\/\/mueblesdetena.es\/wp-content\/uploads\/2025\/04\/estilo-organico-6.jpg 2368w, https:\/\/mueblesdetena.es\/wp-content\/uploads\/2025\/04\/estilo-organico-6-300x167.jpg 300w, https:\/\/mueblesdetena.es\/wp-content\/uploads\/2025\/04\/estilo-organico-6-1024x570.jpg 1024w, https:\/\/mueblesdetena.es\/wp-content\/uploads\/2025\/04\/estilo-organico-6-768x427.jpg 768w, https:\/\/mueblesdetena.es\/wp-content\/uploads\/2025\/04\/estilo-organico-6-1536x855.jpg 1536w, https:\/\/mueblesdetena.es\/wp-content\/uploads\/2025\/04\/estilo-organico-6-2048x1140.jpg 2048w, https:\/\/mueblesdetena.es\/wp-content\/uploads\/2025\/04\/estilo-organico-6-600x334.jpg 600w\" sizes=\"(max-width: 2368px) 100vw, 2368px\" \/><\/figure>\n\n\n\n<div style=\"height:25px\" aria-hidden=\"true\" class=\"wp-block-spacer\"><\/div>\n\n\n\n<h3 class=\"wp-block-heading\"><span class=\"ez-toc-section\" id=\"9_Plantas_grandes_en_maceteros_artesanales\"><\/span>9. Plantas grandes en maceteros artesanales<span class=\"ez-toc-section-end\"><\/span><\/h3>\n\n\n\n<p class=\"has-medium-font-size wp-block-paragraph\">Las plantas de gran tama\u00f1o, colocadas en <strong>maceteros artesanales de barro, cer\u00e1mica o fibras naturales<\/strong>, se han convertido en una pieza clave dentro del estilo org\u00e1nico. Su presencia no solo aporta frescura y movimiento, sino que <strong>refuerza la conexi\u00f3n con la naturaleza<\/strong>, uno de los pilares de esta tendencia decorativa tan en auge.<\/p>\n\n\n\n<p class=\"has-medium-font-size wp-block-paragraph\">Adem\u00e1s del valor est\u00e9tico que aportan, estas plantas <strong>act\u00faan como elementos arquitect\u00f3nicos<\/strong> que delimitan zonas sin necesidad de tabiques. Colocadas junto a muebles de l\u00edneas sencillas o complementos en tonos neutros, crean composiciones visuales envolventes y equilibradas, capaces de transmitir calma y elegancia sin esfuerzo.<\/p>\n\n\n\n<p class=\"has-medium-font-size wp-block-paragraph\">En pisos peque\u00f1os, conviene <strong>optar por especies de hoja vertical como la <a href=\"https:\/\/www.aprilplants.com\/products\/kentia-palmera\" target=\"_blank\" rel=\"noopener\">kentia<\/a> o el <a href=\"https:\/\/www.aprilplants.com\/search?q=ficus\" target=\"_blank\" rel=\"noopener\">ficus<\/a> lyrata<\/strong>, que no ocupan demasiado espacio en horizontal. Ubicarlas junto a una ventana o en una esquina poco aprovechada permite ganar vida y estilo sin renunciar a la funcionalidad, integr\u00e1ndolas con naturalidad en cualquier rinc\u00f3n.<\/p>\n\n\n\n<div style=\"height:25px\" aria-hidden=\"true\" class=\"wp-block-spacer\"><\/div>\n\n\n\n<h3 class=\"wp-block-heading\"><span class=\"ez-toc-section\" id=\"10_Textiles_neutros_en_lino_algodon_o_lana_merina\"><\/span>10. Textiles neutros en lino, algod\u00f3n o lana merina<span class=\"ez-toc-section-end\"><\/span><\/h3>\n\n\n\n<p class=\"has-medium-font-size wp-block-paragraph\">Los textiles neutros en lino, algod\u00f3n o lana merina son el aliado perfecto para quienes buscan una atm\u00f3sfera serena y natural. Su presencia <strong>aporta suavidad visual y una textura envolvente<\/strong> que define con sutileza el car\u00e1cter del espacio. <strong>Son tejidos honestos, sin artificios<\/strong>, que refuerzan la conexi\u00f3n con la naturaleza propia del estilo org\u00e1nico.<\/p>\n\n\n\n<p class=\"has-medium-font-size wp-block-paragraph\">M\u00e1s all\u00e1 de su belleza, estos materiales <strong>ofrecen propiedades t\u00e9rmicas, transpirabilidad y un confort inigualable<\/strong>. Un <a href=\"https:\/\/www.linguee.es\/ingles-espanol\/traduccion\/plaid.html\" target=\"_blank\" rel=\"noopener\">plaid<\/a> de lana merina sobre el sof\u00e1, unas cortinas de lino vaporoso o cojines de algod\u00f3n natural son complementos que visten el hogar con elegancia sin perder funcionalidad. Su resistencia y durabilidad los convierten en una opci\u00f3n pr\u00e1ctica y sostenible.<\/p>\n\n\n\n<p class=\"has-medium-font-size wp-block-paragraph\">En pisos peque\u00f1os, <strong>su gama crom\u00e1tica suave potencia la luz y evita recargar el ambiente<\/strong>. Coordinados con muebles de madera clara o fibras naturales, estos textiles contribuyen a crear una continuidad visual que ampl\u00eda el espacio y envuelve cada rinc\u00f3n con calidez.<\/p>\n\n\n\n<div style=\"height:25px\" aria-hidden=\"true\" class=\"wp-block-spacer\"><\/div>\n\n\n\n<div style=\"height:25px\" aria-hidden=\"true\" class=\"wp-block-spacer\"><\/div>\n\n\n\n<figure class=\"wp-block-image alignfull size-full\"><img loading=\"lazy\" decoding=\"async\" width=\"2368\" height=\"1318\" src=\"https:\/\/mueblesdetena.es\/wp-content\/uploads\/2025\/04\/estilo-organico-7.jpg\" alt=\"estilo org\u00e1nico\" class=\"wp-image-37647\" srcset=\"https:\/\/mueblesdetena.es\/wp-content\/uploads\/2025\/04\/estilo-organico-7.jpg 2368w, https:\/\/mueblesdetena.es\/wp-content\/uploads\/2025\/04\/estilo-organico-7-300x167.jpg 300w, https:\/\/mueblesdetena.es\/wp-content\/uploads\/2025\/04\/estilo-organico-7-1024x570.jpg 1024w, https:\/\/mueblesdetena.es\/wp-content\/uploads\/2025\/04\/estilo-organico-7-768x427.jpg 768w, https:\/\/mueblesdetena.es\/wp-content\/uploads\/2025\/04\/estilo-organico-7-1536x855.jpg 1536w, https:\/\/mueblesdetena.es\/wp-content\/uploads\/2025\/04\/estilo-organico-7-2048x1140.jpg 2048w, https:\/\/mueblesdetena.es\/wp-content\/uploads\/2025\/04\/estilo-organico-7-600x334.jpg 600w\" sizes=\"(max-width: 2368px) 100vw, 2368px\" \/><\/figure>\n\n\n\n<div style=\"height:25px\" aria-hidden=\"true\" class=\"wp-block-spacer\"><\/div>\n\n\n\n<h2 class=\"wp-block-heading\"><span class=\"ez-toc-section\" id=\"Consejos_para_mantener_la_armonia_organica_en_un_piso_pequeno\"><\/span>Consejos para mantener la armon\u00eda org\u00e1nica en un piso peque\u00f1o<span class=\"ez-toc-section-end\"><\/span><\/h2>\n\n\n\n<ul class=\"wp-block-list\">\n<li class=\"has-medium-font-size\">Aprovechar al m\u00e1ximo la luz natural es esencial para realzar la belleza del estilo org\u00e1nico. <strong>Las cortinas de lino transl\u00facido o los estores de algod\u00f3n permiten que la luz fluya sin obst\u00e1culos, suavizando el ambiente<\/strong>. Este tipo de iluminaci\u00f3n potencia la textura de los materiales y crea un efecto envolvente que favorece la serenidad en espacios reducidos.<\/li>\n\n\n\n<li class=\"has-medium-font-size\">La paleta crom\u00e1tica es clave para dar coherencia visual sin saturar. <strong>Tonos como el blanco roto, el beige o el verde salvia ayudan a unificar muebles y complementos, aportando equilibrio<\/strong>. Estos colores, inspirados en la naturaleza, ampl\u00edan visualmente el espacio y refuerzan la sensaci\u00f3n de frescura y calma que define este tipo de decoraci\u00f3n.<\/li>\n\n\n\n<li class=\"has-medium-font-size\">En un piso peque\u00f1o, menos siempre es m\u00e1s. <strong>Evitar sobrecargar con objetos innecesarios es fundamental<\/strong> para que cada mueble respire y cobre protagonismo. Optar por piezas con doble funci\u00f3n, como bancos con almacenaje o mesas auxiliares ligeras, permite mantener el orden sin renunciar al confort. La ligereza visual es el alma del estilo org\u00e1nico.<\/li>\n\n\n\n<li class=\"has-medium-font-size\">Por \u00faltimo, no hay armon\u00eda sin sensaciones. <strong>Introducir aromas naturales como el cedro o el eucalipto y sonidos ambientales suaves<\/strong> contribuye a una experiencia sensorial completa. Estos complementos intangibles fortalecen el v\u00ednculo con la naturaleza y convierten el hogar en un refugio emocional.<\/li>\n<\/ul>\n\n\n\n<div style=\"height:25px\" aria-hidden=\"true\" class=\"wp-block-spacer\"><\/div>\n\n\n\n<p class=\"has-medium-font-size wp-block-paragraph\">En los hogares donde prima la calma, el estilo org\u00e1nico se abre paso con sutileza, aportando armon\u00eda a trav\u00e9s de formas suaves, colores neutros y materiales naturales. Apostar por este tipo de muebles no solo embellece el espacio: tambi\u00e9n crea una atm\u00f3sfera serena y funcional, perfecta para quienes buscan belleza y equilibrio en su d\u00eda a d\u00eda.<\/p>\n\n\n\n<p class=\"has-medium-font-size wp-block-paragraph\">Cada complemento seleccionado con mimo \u2014desde una l\u00e1mpara de mimbre hasta una alfombra de yute\u2014 contribuye a ese di\u00e1logo silencioso entre naturaleza y dise\u00f1o. Incluso en pisos peque\u00f1os, el estilo org\u00e1nico permite respirar el espacio, aportando car\u00e1cter sin sobrecargar, y dando protagonismo a lo esencial sin renunciar a la personalidad de cada rinc\u00f3n.<\/p>\n\n\n\n<p class=\"has-medium-font-size wp-block-paragraph\">Si te inspira esta forma de entender la decoraci\u00f3n, en Muebles Detena encontrar\u00e1s una cuidada selecci\u00f3n de muebles y complementos pensados para transformar tu casa en un refugio natural. Suscr\u00edbete al blog y descubre ideas, tendencias y consejos para vivir con m\u00e1s alma y menos artificio.<\/p>","protected":false},"excerpt":{"rendered":"<p>Vivir en un piso peque\u00f1o no implica renunciar a la belleza ni al confort. El estilo org\u00e1nico propone una forma de habitar m\u00e1s serena, donde cada pieza respira naturalidad y armon\u00eda. Inspirado en la arquitectura que dialoga con el entorno, este enfoque transforma los interiores en refugios c\u00e1lidos, funcionales y profundamente personales. La clave est\u00e1 [&hellip;]<\/p>\n","protected":false},"author":618,"featured_media":37683,"comment_status":"closed","ping_status":"open","sticky":false,"template":"","format":"standard","meta":{"site-sidebar-layout":"default","site-content-layout":"","ast-site-content-layout":"default","site-content-style":"default","site-sidebar-style":"default","ast-global-header-display":"","ast-banner-title-visibility":"","ast-main-header-display":"","ast-hfb-above-header-display":"","ast-hfb-below-header-display":"","ast-hfb-mobile-header-display":"","site-post-title":"","ast-breadcrumbs-content":"","ast-featured-img":"","footer-sml-layout":"","ast-disable-related-posts":"","theme-transparent-header-meta":"","adv-header-id-meta":"","stick-header-meta":"","header-above-stick-meta":"","header-main-stick-meta":"","header-below-stick-meta":"","astra-migrate-meta-layouts":"set","ast-page-background-enabled":"default","ast-page-background-meta":{"desktop":{"background-color":"var(--ast-global-color-4)","background-image":"","background-repeat":"repeat","background-position":"center center","background-size":"auto","background-attachment":"scroll","background-type":"","background-media":"","overlay-type":"","overlay-color":"","overlay-opacity":"","overlay-gradient":""},"tablet":{"background-color":"","background-image":"","background-repeat":"repeat","background-position":"center center","background-size":"auto","background-attachment":"scroll","background-type":"","background-media":"","overlay-type":"","overlay-color":"","overlay-opacity":"","overlay-gradient":""},"mobile":{"background-color":"","background-image":"","background-repeat":"repeat","background-position":"center center","background-size":"auto","background-attachment":"scroll","background-type":"","background-media":"","overlay-type":"","overlay-color":"","overlay-opacity":"","overlay-gradient":""}},"ast-content-background-meta":{"desktop":{"background-color":"var(--ast-global-color-5)","background-image":"","background-repeat":"repeat","background-position":"center center","background-size":"auto","background-attachment":"scroll","background-type":"","background-media":"","overlay-type":"","overlay-color":"","overlay-opacity":"","overlay-gradient":""},"tablet":{"background-color":"var(--ast-global-color-5)","background-image":"","background-repeat":"repeat","background-position":"center center","background-size":"auto","background-attachment":"scroll","background-type":"","background-media":"","overlay-type":"","overlay-color":"","overlay-opacity":"","overlay-gradient":""},"mobile":{"background-color":"var(--ast-global-color-5)","background-image":"","background-repeat":"repeat","background-position":"center center","background-size":"auto","background-attachment":"scroll","background-type":"","background-media":"","overlay-type":"","overlay-color":"","overlay-opacity":"","overlay-gradient":""}},"_joinchat":[],"footnotes":""},"categories":[1],"tags":[],"class_list":["post-37517","post","type-post","status-publish","format-standard","has-post-thumbnail","hentry","category-sin-categoria"],"_links":{"self":[{"href":"https:\/\/mueblesdetena.es\/ru_ru\/wp-json\/wp\/v2\/posts\/37517","targetHints":{"allow":["GET"]}}],"collection":[{"href":"https:\/\/mueblesdetena.es\/ru_ru\/wp-json\/wp\/v2\/posts"}],"about":[{"href":"https:\/\/mueblesdetena.es\/ru_ru\/wp-json\/wp\/v2\/types\/post"}],"author":[{"embeddable":true,"href":"https:\/\/mueblesdetena.es\/ru_ru\/wp-json\/wp\/v2\/users\/618"}],"replies":[{"embeddable":true,"href":"https:\/\/mueblesdetena.es\/ru_ru\/wp-json\/wp\/v2\/comments?post=37517"}],"version-history":[{"count":6,"href":"https:\/\/mueblesdetena.es\/ru_ru\/wp-json\/wp\/v2\/posts\/37517\/revisions"}],"predecessor-version":[{"id":37648,"href":"https:\/\/mueblesdetena.es\/ru_ru\/wp-json\/wp\/v2\/posts\/37517\/revisions\/37648"}],"wp:featuredmedia":[{"embeddable":true,"href":"https:\/\/mueblesdetena.es\/ru_ru\/wp-json\/wp\/v2\/media\/37683"}],"wp:attachment":[{"href":"https:\/\/mueblesdetena.es\/ru_ru\/wp-json\/wp\/v2\/media?parent=37517"}],"wp:term":[{"taxonomy":"category","embeddable":true,"href":"https:\/\/mueblesdetena.es\/ru_ru\/wp-json\/wp\/v2\/categories?post=37517"},{"taxonomy":"post_tag","embeddable":true,"href":"https:\/\/mueblesdetena.es\/ru_ru\/wp-json\/wp\/v2\/tags?post=37517"}],"curies":[{"name":"wp","href":"https:\/\/api.w.org\/{rel}","templated":true}]}}