{"id":37943,"date":"2025-05-08T09:00:00","date_gmt":"2025-05-08T07:00:00","guid":{"rendered":"https:\/\/mueblesdetena.es\/?p=37943"},"modified":"2025-05-05T09:50:53","modified_gmt":"2025-05-05T07:50:53","slug":"propuestas-distribucion-abierta-hogar-versatil","status":"publish","type":"post","link":"https:\/\/mueblesdetena.es\/ru_ru\/propuestas-distribucion-abierta-hogar-versatil\/","title":{"rendered":"4 propuestas de distribuci\u00f3n abierta para crear un hogar vers\u00e1til sin tocar una pared"},"content":{"rendered":"<p class=\"has-medium-font-size wp-block-paragraph\">En los \u00faltimos a\u00f1os han aparecido empresas que buscan cambiar las reglas del juego con su visi\u00f3n de los interiores con buenas ideas pero de car\u00e1cter muy exclusivo. Su enfoque fue el punto de partida para hacernos una pregunta esencial: <strong>\u00bfes posible conseguir una distribuci\u00f3n abierta en casa sin obras y con muebles accesibles, sin renunciar al dise\u00f1o ni a la calidad?<\/strong><\/p>\n\n\n\n<p class=\"has-medium-font-size wp-block-paragraph\">La mayor\u00eda de viviendas siguen atrapadas en una distribuci\u00f3n compartimentada que no responde a c\u00f3mo vivimos hoy. <strong>Necesitamos hogares vers\u00e1tiles, donde cada espacio dialogue con el siguiente, donde las funciones se mezclen sin interferencias<\/strong>. La soluci\u00f3n no siempre pasa por derribar paredes, sino por repensar c\u00f3mo usamos el mobiliario.<\/p>\n\n\n\n<p class=\"has-medium-font-size wp-block-paragraph\">En este art\u00edculo te presentamos <strong>cuatro ideas de distribuci\u00f3n abierta con propuestas rompedoras, funcionales y asequibles<\/strong>. Ver\u00e1s c\u00f3mo, a trav\u00e9s de muebles bien seleccionados en Muebles Detena y ubicados con inteligencia, es posible transformar tu hogar sin hacer obra. Cada propuesta incluye una gu\u00eda detallada para que puedas aplicarla f\u00e1cilmente.<\/p>\n\n\n\n<div style=\"height:25px\" aria-hidden=\"true\" class=\"wp-block-spacer\"><\/div>\n\n\n\n<div id=\"ez-toc-container\" class=\"ez-toc-v2_0_85 counter-hierarchy ez-toc-counter ez-toc-grey ez-toc-container-direction\">\n<div class=\"ez-toc-title-container\">\n<p class=\"ez-toc-title\" style=\"cursor:inherit\">Table of Contents<\/p>\n<span class=\"ez-toc-title-toggle\"><a href=\"#\" class=\"ez-toc-pull-right ez-toc-btn ez-toc-btn-xs ez-toc-btn-default ez-toc-toggle\" aria-label=\"Toggle Table of Content\"><span class=\"ez-toc-js-icon-con\"><span class=\"\"><span class=\"eztoc-hide\" style=\"display:none;\">Toggle<\/span><span class=\"ez-toc-icon-toggle-span\"><svg style=\"fill: #999;color:#999\" xmlns=\"http:\/\/www.w3.org\/2000\/svg\" class=\"list-377408\" width=\"20px\" height=\"20px\" viewbox=\"0 0 24 24\" fill=\"none\"><path d=\"M6 6H4v2h2V6zm14 0H8v2h12V6zM4 11h2v2H4v-2zm16 0H8v2h12v-2zM4 16h2v2H4v-2zm16 0H8v2h12v-2z\" fill=\"currentColor\"><\/path><\/svg><svg style=\"fill: #999;color:#999\" class=\"arrow-unsorted-368013\" xmlns=\"http:\/\/www.w3.org\/2000\/svg\" width=\"10px\" height=\"10px\" viewbox=\"0 0 24 24\" version=\"1.2\" baseprofile=\"tiny\"><path d=\"M18.2 9.3l-6.2-6.3-6.2 6.3c-.2.2-.3.4-.3.7s.1.5.3.7c.2.2.4.3.7.3h11c.3 0 .5-.1.7-.3.2-.2.3-.5.3-.7s-.1-.5-.3-.7zM5.8 14.7l6.2 6.3 6.2-6.3c.2-.2.3-.5.3-.7s-.1-.5-.3-.7c-.2-.2-.4-.3-.7-.3h-11c-.3 0-.5.1-.7.3-.2.2-.3.5-.3.7s.1.5.3.7z\"\/><\/svg><\/span><\/span><\/span><\/a><\/span><\/div>\n<nav><ul class='ez-toc-list ez-toc-list-level-1' ><li class='ez-toc-page-1 ez-toc-heading-level-2'><a class=\"ez-toc-link ez-toc-heading-1\" href=\"https:\/\/mueblesdetena.es\/ru_ru\/propuestas-distribucion-abierta-hogar-versatil\/#%C2%BFQue_es_realmente_un_hogar_con_concepto_abierto\" >\u00bfQu\u00e9 es realmente un hogar con concepto abierto?<\/a><\/li><li class='ez-toc-page-1 ez-toc-heading-level-2'><a class=\"ez-toc-link ez-toc-heading-2\" href=\"https:\/\/mueblesdetena.es\/ru_ru\/propuestas-distribucion-abierta-hogar-versatil\/#Distribucion_1_%E2%80%9CEl_salon_isla%E2%80%9D\" >Distribuci\u00f3n 1: \u201cEl sal\u00f3n isla\u201d<\/a><\/li><li class='ez-toc-page-1 ez-toc-heading-level-2'><a class=\"ez-toc-link ez-toc-heading-3\" href=\"https:\/\/mueblesdetena.es\/ru_ru\/propuestas-distribucion-abierta-hogar-versatil\/#Distribucion_2_%E2%80%9CLa_cocina_telescopica%E2%80%9D\" >Distribuci\u00f3n 2: \u201cLa cocina telesc\u00f3pica\u201d<\/a><\/li><li class='ez-toc-page-1 ez-toc-heading-level-2'><a class=\"ez-toc-link ez-toc-heading-4\" href=\"https:\/\/mueblesdetena.es\/ru_ru\/propuestas-distribucion-abierta-hogar-versatil\/#Distribucion_3_%E2%80%9CDormitorio_camaleonico%E2%80%9D\" >Distribuci\u00f3n 3: \u201cDormitorio camale\u00f3nico\u201d<\/a><\/li><li class='ez-toc-page-1 ez-toc-heading-level-2'><a class=\"ez-toc-link ez-toc-heading-5\" href=\"https:\/\/mueblesdetena.es\/ru_ru\/propuestas-distribucion-abierta-hogar-versatil\/#Distribucion_4_%E2%80%9CPasillo_vivo%E2%80%9D\" >Distribuci\u00f3n 4: \u201cPasillo vivo\u201d<\/a><\/li><\/ul><\/nav><\/div>\n<h2 class=\"wp-block-heading\"><span class=\"ez-toc-section\" id=\"%C2%BFQue_es_realmente_un_hogar_con_concepto_abierto\"><\/span>\u00bfQu\u00e9 es realmente un hogar con concepto abierto?<span class=\"ez-toc-section-end\"><\/span><\/h2>\n\n\n\n<p class=\"has-medium-font-size wp-block-paragraph\">Durante a\u00f1os, hablar de concepto abierto era sin\u00f3nimo de derribar muros. Hoy, la distribuci\u00f3n abierta va mucho m\u00e1s all\u00e1: <strong>se trata de dise\u00f1ar viviendas donde las estancias dialogan entre s\u00ed, sin perder su identidad<\/strong>. Una propuesta que prioriza la funcionalidad cotidiana sin renunciar a la est\u00e9tica ni al confort.<\/p>\n\n\n\n<p class=\"has-medium-font-size wp-block-paragraph\">Este nuevo enfoque da paso a <strong>espacios fluidos y polivalentes, capaces de transformarse seg\u00fan el momento del d\u00eda o las necesidades de quienes los habitan<\/strong>. Un comedor puede convertirse en oficina, el sal\u00f3n en zona de juego, y todo sin mover una pared. La clave est\u00e1 en c\u00f3mo se piensan los usos y se ordenan los muebles.<\/p>\n\n\n\n<p class=\"has-medium-font-size wp-block-paragraph\">La circulaci\u00f3n natural es uno de los pilares de la distribuci\u00f3n abierta. Ya no se trata solo de abrir visualmente, sino de <strong>permitir que el movimiento entre estancias fluya con armon\u00eda<\/strong>. Para lograrlo, es fundamental evitar barreras innecesarias y elegir elementos que gu\u00eden sin interrumpir, como alfombras, iluminaci\u00f3n o estanter\u00edas sin trasera.<\/p>\n\n\n\n<p class=\"has-medium-font-size wp-block-paragraph\">Aqu\u00ed es donde <strong>los muebles cobran un nuevo protagonismo: dejan de ser simples piezas para convertirse en conectores de espacios<\/strong>. Su colocaci\u00f3n estrat\u00e9gica y su dise\u00f1o vers\u00e1til permiten crear zonas definidas dentro de un entorno compartido, marcando usos sin necesidad de paredes ni reformas.<\/p>\n\n\n\n<div style=\"height:25px\" aria-hidden=\"true\" class=\"wp-block-spacer\"><\/div>\n\n\n\n<h2 class=\"wp-block-heading\"><span class=\"ez-toc-section\" id=\"Distribucion_1_%E2%80%9CEl_salon_isla%E2%80%9D\"><\/span>Distribuci\u00f3n 1: \u201cEl sal\u00f3n isla\u201d<span class=\"ez-toc-section-end\"><\/span><\/h2>\n\n\n\n<div style=\"height:25px\" aria-hidden=\"true\" class=\"wp-block-spacer\"><\/div>\n\n\n\n<figure class=\"wp-block-image alignfull size-full\"><img fetchpriority=\"high\" decoding=\"async\" width=\"2385\" height=\"1344\" src=\"https:\/\/mueblesdetena.es\/wp-content\/uploads\/2025\/05\/distribucion-abierta-2.jpg\" alt=\"distribuci\u00f3n abierta\" class=\"wp-image-37945\" srcset=\"https:\/\/mueblesdetena.es\/wp-content\/uploads\/2025\/05\/distribucion-abierta-2.jpg 2385w, https:\/\/mueblesdetena.es\/wp-content\/uploads\/2025\/05\/distribucion-abierta-2-300x169.jpg 300w, https:\/\/mueblesdetena.es\/wp-content\/uploads\/2025\/05\/distribucion-abierta-2-1024x577.jpg 1024w, https:\/\/mueblesdetena.es\/wp-content\/uploads\/2025\/05\/distribucion-abierta-2-768x433.jpg 768w, https:\/\/mueblesdetena.es\/wp-content\/uploads\/2025\/05\/distribucion-abierta-2-1536x866.jpg 1536w, https:\/\/mueblesdetena.es\/wp-content\/uploads\/2025\/05\/distribucion-abierta-2-2048x1154.jpg 2048w, https:\/\/mueblesdetena.es\/wp-content\/uploads\/2025\/05\/distribucion-abierta-2-600x338.jpg 600w\" sizes=\"(max-width: 2385px) 100vw, 2385px\" \/><\/figure>\n\n\n\n<div style=\"height:25px\" aria-hidden=\"true\" class=\"wp-block-spacer\"><\/div>\n\n\n\n<p class=\"has-medium-font-size wp-block-paragraph\">Imagina un espacio donde sal\u00f3n, comedor y rinc\u00f3n de lectura conviven en armon\u00eda sin necesidad de levantar un muro ni perder privacidad visual. La clave est\u00e1 en una <em>distribuci\u00f3n abierta<\/em> que respeta los ritmos del d\u00eda a d\u00eda y permite que cada zona mantenga su identidad, pero sin desconectarse del resto.<\/p>\n\n\n\n<ul class=\"wp-block-list\">\n<li class=\"has-medium-font-size\">El punto de partida es un <strong><a href=\"https:\/\/mueblesdetena.es\/ru_ru\/sofa-rincon-isense\/\">sof\u00e1 de respaldo bajo<\/a><\/strong>, colocado en el centro de la estancia como si fuese una isla flotante. Esta pieza define los l\u00edmites sin interrumpir las visuales, facilitando una circulaci\u00f3n fluida y natural. Su dise\u00f1o permite mirar hacia varios puntos: la mesa de comedor, la zona de lectura o el televisor.<\/li>\n\n\n\n<li class=\"has-medium-font-size\">A su espalda, una <strong><a href=\"https:\/\/mueblesdetena.es\/ru_ru\/mesa-de-comedor-extensible-tray8\/\">mesa de comedor extensible<\/a><\/strong> marca el siguiente uso del espacio. Abierta o cerrada seg\u00fan la ocasi\u00f3n, esta mesa se convierte en el coraz\u00f3n de reuniones improvisadas o cenas \u00edntimas. El uso de sillas plegables o apilables de dise\u00f1o permite adaptarse a cualquier necesidad sin sacrificar estilo ni comodidad.<\/li>\n\n\n\n<li class=\"has-medium-font-size\">En lugar de tabiques, una <strong>librer\u00eda abierta sin trasera<\/strong> act\u00faa como separador entre el sal\u00f3n y el rinc\u00f3n de lectura. Este tipo de <em>muebles<\/em> aportan estructura, almacenaje y ligereza visual. Su presencia define, pero no encierra, manteniendo viva la sensaci\u00f3n de amplitud que caracteriza toda <em>distribuci\u00f3n abierta<\/em>.<\/li>\n\n\n\n<li class=\"has-medium-font-size\">La versatilidad llega de la mano de <strong>m\u00f3dulos bajos con ruedas<\/strong>, que pueden desplazarse y agruparse para crear una mesa de centro, un apoyo auxiliar o incluso un espacio para juegos infantiles. Este sistema permite una transformaci\u00f3n constante, adapt\u00e1ndose al momento sin esfuerzo.<\/li>\n\n\n\n<li class=\"has-medium-font-size\">Para reforzar la sensaci\u00f3n de divisi\u00f3n suave entre zonas, se puede incorporar un <strong>panel decorativo: un biombo de listones de madera o un divisor textil<\/strong>. Este elemento aporta textura y ritmo al conjunto, sin romper la unidad del espacio ni entorpecer el paso de la luz natural.<\/li>\n<\/ul>\n\n\n\n<p class=\"has-medium-font-size wp-block-paragraph\">El elemento verdaderamente innovador en esta propuesta es lo que podr\u00edamos llamar <strong>rotaci\u00f3n funcional: con pocos gestos, el espacio cambia de configuraci\u00f3n<\/strong>. Un sal\u00f3n que por la ma\u00f1ana es \u00e1rea de trabajo se convierte por la noche en cine, o en punto de encuentro con amigos durante el fin de semana.<\/p>\n\n\n\n<div style=\"height:25px\" aria-hidden=\"true\" class=\"wp-block-spacer\"><\/div>\n\n\n\n<h2 class=\"wp-block-heading\"><span class=\"ez-toc-section\" id=\"Distribucion_2_%E2%80%9CLa_cocina_telescopica%E2%80%9D\"><\/span>Distribuci\u00f3n 2: \u201cLa cocina telesc\u00f3pica\u201d<span class=\"ez-toc-section-end\"><\/span><\/h2>\n\n\n\n<div style=\"height:25px\" aria-hidden=\"true\" class=\"wp-block-spacer\"><\/div>\n\n\n\n<figure class=\"wp-block-image alignfull size-full\"><img decoding=\"async\" width=\"2385\" height=\"1344\" src=\"https:\/\/mueblesdetena.es\/wp-content\/uploads\/2025\/05\/distribucion-abierta-3.jpg\" alt=\"distribuci\u00f3n abierta\" class=\"wp-image-37947\" srcset=\"https:\/\/mueblesdetena.es\/wp-content\/uploads\/2025\/05\/distribucion-abierta-3.jpg 2385w, https:\/\/mueblesdetena.es\/wp-content\/uploads\/2025\/05\/distribucion-abierta-3-300x169.jpg 300w, https:\/\/mueblesdetena.es\/wp-content\/uploads\/2025\/05\/distribucion-abierta-3-1024x577.jpg 1024w, https:\/\/mueblesdetena.es\/wp-content\/uploads\/2025\/05\/distribucion-abierta-3-768x433.jpg 768w, https:\/\/mueblesdetena.es\/wp-content\/uploads\/2025\/05\/distribucion-abierta-3-1536x866.jpg 1536w, https:\/\/mueblesdetena.es\/wp-content\/uploads\/2025\/05\/distribucion-abierta-3-2048x1154.jpg 2048w, https:\/\/mueblesdetena.es\/wp-content\/uploads\/2025\/05\/distribucion-abierta-3-600x338.jpg 600w\" sizes=\"(max-width: 2385px) 100vw, 2385px\" \/><\/figure>\n\n\n\n<div style=\"height:25px\" aria-hidden=\"true\" class=\"wp-block-spacer\"><\/div>\n\n\n\n<p class=\"has-medium-font-size wp-block-paragraph\">Crear una distribuci\u00f3n abierta entre cocina y comedor sin caer en el caos visual es posible si se apuesta por una planificaci\u00f3n inteligente del mobiliario. La cocina telesc\u00f3pica nace con esa premisa: unir sin mezclar, conectar sin invadir. El espacio se adapta a ti, no al rev\u00e9s.<\/p>\n\n\n\n<ul class=\"wp-block-list\">\n<li class=\"has-medium-font-size\">El primer paso es incorporar una <strong>barra de cocina extra\u00edble o plegable<\/strong>. Esta pieza funciona como frontera fluida entre zonas, permite comer, cocinar o incluso trabajar, y desaparece cuando no se necesita. Es un mueble clave que sustituye paredes con elegancia y a\u00f1ade una superficie extra siempre que haga falta.<\/li>\n\n\n\n<li class=\"has-medium-font-size\">Para mantener el orden sin comprometer la apertura visual, las <strong><a href=\"https:\/\/mueblesdetena.es\/ru_ru\/?s=estanter%C3%ADa\">estanter\u00edas<\/a> met\u00e1licas m\u00f3viles<\/strong> son aliadas perfectas. Pueden delimitar la cocina y al mismo tiempo moverse seg\u00fan las necesidades del momento. Su ligereza aporta flexibilidad y su dise\u00f1o abierto favorece la sensaci\u00f3n de continuidad entre estancias.<\/li>\n\n\n\n<li class=\"has-medium-font-size\">El <strong>banco con almacenaje<\/strong> a\u00f1ade una doble funcionalidad al conjunto. Sirve como asiento para el comedor o zona de desayuno y, al mismo tiempo, permite guardar peque\u00f1os electrodom\u00e9sticos o textiles de mesa. Es una de esas piezas que consolidan la distribuci\u00f3n abierta sin ocupar espacio de m\u00e1s.<\/li>\n\n\n\n<li class=\"has-medium-font-size\">Los <strong>taburetes altos<\/strong>, cuando encajan bajo la barra, permiten liberar el paso y mantener limpio el recorrido visual. Apostar por modelos ligeros, con estructura met\u00e1lica o madera clara, ayuda a mantener la armon\u00eda entre cocina y comedor sin interrumpir el di\u00e1logo entre ambas zonas.<\/li>\n\n\n\n<li class=\"has-medium-font-size\">Otro elemento indispensable es el <strong>panel decorativo o biombo<\/strong> que permita cerrar visualmente la cocina sin bloquear la luz. Puede colocarse solo en momentos clave (como cuando se cocina) y retirarse con facilidad. Los modelos de lamas de madera o tejidos trasl\u00facidos aportan calidez sin perder modernidad.<\/li>\n\n\n\n<li class=\"has-medium-font-size\">La iluminaci\u00f3n es esencial para reforzar la separaci\u00f3n funcional. Unas <strong><a href=\"https:\/\/www.lamparayluz.es\/catalogsearch\/result\/?q=l%C3%A1mpara+colgante\" target=\"_blank\" rel=\"noopener\">l\u00e1mparas colgantes<\/a><\/strong> bien elegidas, colocadas sobre la barra, act\u00faan como punto focal y ayudan a delimitar la zona de cocina sin a\u00f1adir elementos f\u00edsicos. Son m\u00e1s que luz: estructuran el espacio y lo dotan de personalidad.<\/li>\n<\/ul>\n\n\n\n<p class=\"has-medium-font-size wp-block-paragraph\">Esta propuesta no se basa en tener m\u00e1s metros, sino en aprovechar los existentes con muebles que cambian su uso en segundos. La cocina <strong>se expande y se recoge seg\u00fan el ritmo diario<\/strong>, combinando dise\u00f1o, practicidad y belleza en una soluci\u00f3n accesible y sorprendentemente transformadora.<\/p>\n\n\n\n<div style=\"height:25px\" aria-hidden=\"true\" class=\"wp-block-spacer\"><\/div>\n\n\n\n<h2 class=\"wp-block-heading\"><span class=\"ez-toc-section\" id=\"Distribucion_3_%E2%80%9CDormitorio_camaleonico%E2%80%9D\"><\/span>Distribuci\u00f3n 3: \u201cDormitorio camale\u00f3nico\u201d<span class=\"ez-toc-section-end\"><\/span><\/h2>\n\n\n\n<div style=\"height:25px\" aria-hidden=\"true\" class=\"wp-block-spacer\"><\/div>\n\n\n\n<figure class=\"wp-block-image alignfull size-full\"><img decoding=\"async\" width=\"2385\" height=\"1344\" src=\"https:\/\/mueblesdetena.es\/wp-content\/uploads\/2025\/05\/distribucion-abierta-4.jpg\" alt=\"distribuci\u00f3n abierta\" class=\"wp-image-37948\" srcset=\"https:\/\/mueblesdetena.es\/wp-content\/uploads\/2025\/05\/distribucion-abierta-4.jpg 2385w, https:\/\/mueblesdetena.es\/wp-content\/uploads\/2025\/05\/distribucion-abierta-4-300x169.jpg 300w, https:\/\/mueblesdetena.es\/wp-content\/uploads\/2025\/05\/distribucion-abierta-4-1024x577.jpg 1024w, https:\/\/mueblesdetena.es\/wp-content\/uploads\/2025\/05\/distribucion-abierta-4-768x433.jpg 768w, https:\/\/mueblesdetena.es\/wp-content\/uploads\/2025\/05\/distribucion-abierta-4-1536x866.jpg 1536w, https:\/\/mueblesdetena.es\/wp-content\/uploads\/2025\/05\/distribucion-abierta-4-2048x1154.jpg 2048w, https:\/\/mueblesdetena.es\/wp-content\/uploads\/2025\/05\/distribucion-abierta-4-600x338.jpg 600w\" sizes=\"(max-width: 2385px) 100vw, 2385px\" \/><\/figure>\n\n\n\n<div style=\"height:25px\" aria-hidden=\"true\" class=\"wp-block-spacer\"><\/div>\n\n\n\n<p class=\"has-medium-font-size wp-block-paragraph\">Un dormitorio camale\u00f3nico es aquel que, sin moverse de lugar, se adapta a tus diferentes rutinas diarias. Una distribuci\u00f3n abierta bien pensada permite que una misma estancia funcione como zona de descanso, vestidor e incluso espacio de trabajo, sin que nada quede fuera de lugar ni resulte forzado.<\/p>\n\n\n\n<ul class=\"wp-block-list\">\n<li class=\"has-medium-font-size\">Para empezar elegimos una <strong>cama con almacenaje integrado<\/strong>, preferiblemente un modelo canap\u00e9 o elevable. Este tipo de muebles permiten liberar espacio en armarios y c\u00f3modas, convirti\u00e9ndose en un verdadero comod\u00edn para guardar desde la ropa de cama hasta el material de oficina que no deseas tener a la vista cuando acaba la jornada.<\/li>\n\n\n\n<li class=\"has-medium-font-size\">El <strong>escritorio<\/strong> es uno de los elementos clave en esta transformaci\u00f3n. Los <strong>modelos plegables o retr\u00e1ctiles<\/strong>, integrados dentro de un armario o incluso en una estanter\u00eda, se esconden con elegancia cuando no se usan. As\u00ed, se mantiene el orden visual del dormitorio, algo esencial en cualquier distribuci\u00f3n abierta que se precie.<\/li>\n\n\n\n<li class=\"has-medium-font-size\">Para delimitar ambientes sin romper la fluidez, apuesta por <strong>separadores textiles o corredizos<\/strong>. Una cortina de lino claro o un panel de madera ligera puede dividir la zona de descanso del rinc\u00f3n de trabajo o vestidor. Estos elementos aportan calidez y funcionalidad sin necesidad de levantar muros ni comprometer la luz natural.<\/li>\n\n\n\n<li class=\"has-medium-font-size\">Las <strong>estanter\u00edas abiertas a doble cara<\/strong> juegan aqu\u00ed un papel fundamental. No solo permiten organizar libros, accesorios o cajas decorativas, sino que act\u00faan como un mueble divisor sutil que conecta sin cerrar. Este tipo de soluci\u00f3n encaja a la perfecci\u00f3n en una distribuci\u00f3n abierta que busca equilibrio entre utilidad y est\u00e9tica.<\/li>\n\n\n\n<li class=\"has-medium-font-size\">El <strong>taburete multifunci\u00f3n<\/strong> es otro aliado indispensable. Puede servir como mesita auxiliar, asiento puntual o incluso soporte para colocar una bandeja con objetos decorativos. Su movilidad lo convierte en un recurso vers\u00e1til que encaja con la esencia din\u00e1mica del dormitorio camale\u00f3nico.<\/li>\n\n\n\n<li class=\"has-medium-font-size\">Los <strong><a href=\"https:\/\/mueblesdetena.es\/ru_ru\/armario-de-4-puertas-y-espejos-jordan-evo%c2%a8\/\">armarios con puertas correderas de espejo<\/a><\/strong> completan esta propuesta. No solo maximizan el espacio disponible al evitar el abatimiento de las puertas, sino que ampl\u00edan visualmente la habitaci\u00f3n y potencian la entrada de luz. Elegir un dise\u00f1o sobrio y elegante refuerza la sensaci\u00f3n de orden y amplitud.<\/li>\n<\/ul>\n\n\n\n<p class=\"has-medium-font-size wp-block-paragraph\">En conjunto, esta soluci\u00f3n rompe con la idea tradicional de estancias fijas. A trav\u00e9s de muebles funcionales, elegantes y bien seleccionados, es posible redibujar el dormitorio seg\u00fan cada momento del d\u00eda, logrando una distribuci\u00f3n abierta que se adapta a ti, y no al rev\u00e9s.<\/p>\n\n\n\n<div style=\"height:25px\" aria-hidden=\"true\" class=\"wp-block-spacer\"><\/div>\n\n\n\n<h2 class=\"wp-block-heading\"><span class=\"ez-toc-section\" id=\"Distribucion_4_%E2%80%9CPasillo_vivo%E2%80%9D\"><\/span>Distribuci\u00f3n 4: \u201cPasillo vivo\u201d<span class=\"ez-toc-section-end\"><\/span><\/h2>\n\n\n\n<div style=\"height:25px\" aria-hidden=\"true\" class=\"wp-block-spacer\"><\/div>\n\n\n\n<figure class=\"wp-block-image alignfull size-full\"><img loading=\"lazy\" decoding=\"async\" width=\"2385\" height=\"1344\" src=\"https:\/\/mueblesdetena.es\/wp-content\/uploads\/2025\/05\/distribucion-abierta-5.jpg\" alt=\"distribuci\u00f3n abierta\" class=\"wp-image-37954\" srcset=\"https:\/\/mueblesdetena.es\/wp-content\/uploads\/2025\/05\/distribucion-abierta-5.jpg 2385w, https:\/\/mueblesdetena.es\/wp-content\/uploads\/2025\/05\/distribucion-abierta-5-300x169.jpg 300w, https:\/\/mueblesdetena.es\/wp-content\/uploads\/2025\/05\/distribucion-abierta-5-1024x577.jpg 1024w, https:\/\/mueblesdetena.es\/wp-content\/uploads\/2025\/05\/distribucion-abierta-5-768x433.jpg 768w, https:\/\/mueblesdetena.es\/wp-content\/uploads\/2025\/05\/distribucion-abierta-5-1536x866.jpg 1536w, https:\/\/mueblesdetena.es\/wp-content\/uploads\/2025\/05\/distribucion-abierta-5-2048x1154.jpg 2048w, https:\/\/mueblesdetena.es\/wp-content\/uploads\/2025\/05\/distribucion-abierta-5-600x338.jpg 600w\" sizes=\"(max-width: 2385px) 100vw, 2385px\" \/><\/figure>\n\n\n\n<div style=\"height:25px\" aria-hidden=\"true\" class=\"wp-block-spacer\"><\/div>\n\n\n\n<p class=\"has-medium-font-size wp-block-paragraph\">Durante a\u00f1os, el pasillo ha sido el gran olvidado del hogar. Reducido a un simple canal de paso, rara vez se le ha otorgado protagonismo en la distribuci\u00f3n abierta de una vivienda. Sin embargo, con una selecci\u00f3n adecuada de muebles y un enfoque m\u00e1s creativo, este espacio puede transformarse en una zona funcional y bella.<\/p>\n\n\n\n<ul class=\"wp-block-list\">\n<li class=\"has-medium-font-size\">La clave est\u00e1 en <strong>concebir el pasillo como un conector activo entre estancias, no como un t\u00fanel vac\u00edo<\/strong>. Para lograrlo, los <strong>m\u00f3dulos de almacenaje bajos<\/strong> resultan fundamentales. Colocados a lo largo de la pared, permiten guardar calzado, textiles o accesorios sin entorpecer el paso. Adem\u00e1s, sirven como base para crear una composici\u00f3n decorativa en altura.<\/li>\n\n\n\n<li class=\"has-medium-font-size\">Un <strong>banco <a href=\"https:\/\/mueblesdetena.es\/ru_ru\/mueble-zapatero-hgd3052%c2%a8\/\">zapatero<\/a><\/strong> a\u00f1ade comodidad sin renunciar al estilo. Ideal para colocarse junto a la entrada o entre habitaciones, ofrece un punto donde calzarse o descansar brevemente. Si se elige un modelo con coj\u00edn tapizado y compartimentos interiores, se potencia su funcionalidad dentro de la distribuci\u00f3n abierta del hogar.<\/li>\n\n\n\n<li class=\"has-medium-font-size\">Los <strong>paneles decorativos con colgadores<\/strong> son un recurso vers\u00e1til para aprovechar al m\u00e1ximo las paredes del pasillo. Desde perchas hasta bolsilleros textiles, permiten tener a mano bolsos, bufandas o incluso libros. Combinados con l\u00e1mparas de pared orientables, se crea un rinc\u00f3n c\u00e1lido y personalizado que enriquece el ambiente.<\/li>\n\n\n\n<li class=\"has-medium-font-size\">Las <strong>consolas extensibles<\/strong> son aut\u00e9nticas aliadas en espacios estrechos. Plegadas apenas ocupan unos cent\u00edmetros, pero se despliegan cuando se necesita una superficie adicional. En un pasillo vivo, pueden funcionar como escritorio improvisado, tocador o mesa auxiliar, adapt\u00e1ndose a las necesidades de cada momento.<\/li>\n\n\n\n<li class=\"has-medium-font-size\">Un <strong>espejo de cuerpo entero<\/strong> no solo ampl\u00eda visualmente el pasillo, sino que lo convierte en una zona \u00fatil para revisar el conjunto antes de salir de casa. En una distribuci\u00f3n abierta, los juegos de reflejos contribuyen a dar continuidad visual entre ambientes, reforzando la sensaci\u00f3n de espacio conectado.<\/li>\n\n\n\n<li class=\"has-medium-font-size\">Las <strong>estanter\u00edas delgadas<\/strong> tipo galer\u00eda permiten exponer libros, marcos o peque\u00f1as esculturas sin saturar. Al organizar los objetos con criterio est\u00e9tico, el pasillo se transforma en una galer\u00eda dom\u00e9stica. Adem\u00e1s, su dise\u00f1o lineal favorece la circulaci\u00f3n sin renunciar al impacto visual de una composici\u00f3n cuidada.<\/li>\n\n\n\n<li class=\"has-medium-font-size\">La iluminaci\u00f3n juega un papel fundamental en esta propuesta. Las <strong>l\u00e1mparas de pared orientables<\/strong> permiten crear escenas luminosas seg\u00fan el uso que se d\u00e9 al pasillo: m\u00e1s c\u00e1lidas para una zona de lectura, m\u00e1s directas si funciona como vestidor. As\u00ed, cada mueble cobra un nuevo sentido y el pasillo deja de ser un simple tr\u00e1nsito.<\/li>\n<\/ul>\n\n\n\n<div style=\"height:25px\" aria-hidden=\"true\" class=\"wp-block-spacer\"><\/div>\n\n\n\n<p class=\"has-medium-font-size wp-block-paragraph\">Cada una de estas cuatro propuestas redefine la distribuci\u00f3n abierta con soluciones que conectan estancias sin tocar una pared. Desde el sal\u00f3n que se convierte en el coraz\u00f3n multifuncional del hogar, hasta el pasillo que se transforma en galer\u00eda, estos ejemplos muestran c\u00f3mo los muebles bien escogidos pueden abrir espacios y multiplicar posibilidades.<\/p>\n\n\n\n<p class=\"has-medium-font-size wp-block-paragraph\">Explorar nuevas formas de habitar tu casa no exige reformas, solo visi\u00f3n y piezas vers\u00e1tiles que se adapten a tu estilo de vida. Una barra extensible, una estanter\u00eda sin trasera o un escritorio oculto pueden ser los aliados perfectos para cambiar la din\u00e1mica de tu hogar de forma natural y sofisticada, sin grandes inversiones.<\/p>\n\n\n\n<p class=\"has-medium-font-size wp-block-paragraph\">\u0412 <a href=\"https:\/\/mueblesdetena.es\/ru_ru\/\">Muebles Detena<\/a> encontrar\u00e1s una cuidada selecci\u00f3n para dar forma a cada idea. Porque vivir en una casa con distribuci\u00f3n abierta no es una cuesti\u00f3n de metros, sino de saber elegir los muebles adecuados para que tu espacio funcione como realmente necesitas.<\/p>\n\n\n\n<p class=\"wp-block-paragraph\"><\/p>","protected":false},"excerpt":{"rendered":"<p>En los \u00faltimos a\u00f1os han aparecido empresas que buscan cambiar las reglas del juego con su visi\u00f3n de los interiores con buenas ideas pero de car\u00e1cter muy exclusivo. Su enfoque fue el punto de partida para hacernos una pregunta esencial: \u00bfes posible conseguir una distribuci\u00f3n abierta en casa sin obras y con muebles accesibles, sin [&hellip;]<\/p>\n","protected":false},"author":618,"featured_media":37944,"comment_status":"open","ping_status":"open","sticky":false,"template":"","format":"standard","meta":{"site-sidebar-layout":"default","site-content-layout":"","ast-site-content-layout":"default","site-content-style":"default","site-sidebar-style":"default","ast-global-header-display":"","ast-banner-title-visibility":"","ast-main-header-display":"","ast-hfb-above-header-display":"","ast-hfb-below-header-display":"","ast-hfb-mobile-header-display":"","site-post-title":"","ast-breadcrumbs-content":"","ast-featured-img":"","footer-sml-layout":"","ast-disable-related-posts":"","theme-transparent-header-meta":"","adv-header-id-meta":"","stick-header-meta":"","header-above-stick-meta":"","header-main-stick-meta":"","header-below-stick-meta":"","astra-migrate-meta-layouts":"set","ast-page-background-enabled":"default","ast-page-background-meta":{"desktop":{"background-color":"var(--ast-global-color-4)","background-image":"","background-repeat":"repeat","background-position":"center center","background-size":"auto","background-attachment":"scroll","background-type":"","background-media":"","overlay-type":"","overlay-color":"","overlay-opacity":"","overlay-gradient":""},"tablet":{"background-color":"","background-image":"","background-repeat":"repeat","background-position":"center center","background-size":"auto","background-attachment":"scroll","background-type":"","background-media":"","overlay-type":"","overlay-color":"","overlay-opacity":"","overlay-gradient":""},"mobile":{"background-color":"","background-image":"","background-repeat":"repeat","background-position":"center center","background-size":"auto","background-attachment":"scroll","background-type":"","background-media":"","overlay-type":"","overlay-color":"","overlay-opacity":"","overlay-gradient":""}},"ast-content-background-meta":{"desktop":{"background-color":"var(--ast-global-color-5)","background-image":"","background-repeat":"repeat","background-position":"center center","background-size":"auto","background-attachment":"scroll","background-type":"","background-media":"","overlay-type":"","overlay-color":"","overlay-opacity":"","overlay-gradient":""},"tablet":{"background-color":"var(--ast-global-color-5)","background-image":"","background-repeat":"repeat","background-position":"center center","background-size":"auto","background-attachment":"scroll","background-type":"","background-media":"","overlay-type":"","overlay-color":"","overlay-opacity":"","overlay-gradient":""},"mobile":{"background-color":"var(--ast-global-color-5)","background-image":"","background-repeat":"repeat","background-position":"center center","background-size":"auto","background-attachment":"scroll","background-type":"","background-media":"","overlay-type":"","overlay-color":"","overlay-opacity":"","overlay-gradient":""}},"_joinchat":[],"footnotes":""},"categories":[1],"tags":[],"class_list":["post-37943","post","type-post","status-publish","format-standard","has-post-thumbnail","hentry","category-sin-categoria"],"_links":{"self":[{"href":"https:\/\/mueblesdetena.es\/ru_ru\/wp-json\/wp\/v2\/posts\/37943","targetHints":{"allow":["GET"]}}],"collection":[{"href":"https:\/\/mueblesdetena.es\/ru_ru\/wp-json\/wp\/v2\/posts"}],"about":[{"href":"https:\/\/mueblesdetena.es\/ru_ru\/wp-json\/wp\/v2\/types\/post"}],"author":[{"embeddable":true,"href":"https:\/\/mueblesdetena.es\/ru_ru\/wp-json\/wp\/v2\/users\/618"}],"replies":[{"embeddable":true,"href":"https:\/\/mueblesdetena.es\/ru_ru\/wp-json\/wp\/v2\/comments?post=37943"}],"version-history":[{"count":1,"href":"https:\/\/mueblesdetena.es\/ru_ru\/wp-json\/wp\/v2\/posts\/37943\/revisions"}],"predecessor-version":[{"id":37955,"href":"https:\/\/mueblesdetena.es\/ru_ru\/wp-json\/wp\/v2\/posts\/37943\/revisions\/37955"}],"wp:featuredmedia":[{"embeddable":true,"href":"https:\/\/mueblesdetena.es\/ru_ru\/wp-json\/wp\/v2\/media\/37944"}],"wp:attachment":[{"href":"https:\/\/mueblesdetena.es\/ru_ru\/wp-json\/wp\/v2\/media?parent=37943"}],"wp:term":[{"taxonomy":"category","embeddable":true,"href":"https:\/\/mueblesdetena.es\/ru_ru\/wp-json\/wp\/v2\/categories?post=37943"},{"taxonomy":"post_tag","embeddable":true,"href":"https:\/\/mueblesdetena.es\/ru_ru\/wp-json\/wp\/v2\/tags?post=37943"}],"curies":[{"name":"wp","href":"https:\/\/api.w.org\/{rel}","templated":true}]}}