{"id":38080,"date":"2025-05-13T09:00:00","date_gmt":"2025-05-13T07:00:00","guid":{"rendered":"https:\/\/mueblesdetena.es\/?p=38080"},"modified":"2025-10-29T14:36:01","modified_gmt":"2025-10-29T13:36:01","slug":"7-claves-decoracion-racionalista-para-tu-hogar","status":"publish","type":"post","link":"https:\/\/mueblesdetena.es\/ru_ru\/7-claves-decoracion-racionalista-para-tu-hogar\/","title":{"rendered":"7 claves de la decoraci\u00f3n racionalista para aplicarla en tu hogar"},"content":{"rendered":"<p class=\"has-medium-font-size wp-block-paragraph\">La decoraci\u00f3n racionalista nace como una expresi\u00f3n est\u00e9tica profundamente ligada a la raz\u00f3n, la funci\u00f3n y la simplicidad. Esta corriente, <strong>heredera del racionalismo arquitect\u00f3nico del siglo XX, rechaza el ornamento gratuito<\/strong> y se centra en crear espacios donde cada elemento tiene un prop\u00f3sito claro, desde la forma hasta los materiales utilizados.<\/p>\n\n\n\n<p class=\"has-medium-font-size wp-block-paragraph\">En el mundo del interiorismo, la decoraci\u00f3n racionalista representa una <strong>apuesta por la coherencia visual, la limpieza formal y la eficiencia espacial<\/strong>. Su influencia se percibe en ambientes equilibrados, donde predominan las l\u00edneas rectas, la luz natural y los vol\u00famenes bien definidos, logrando interiores que respiran orden y armon\u00eda sin perder calidez.<\/p>\n\n\n\n<p class=\"has-medium-font-size wp-block-paragraph\">Hoy m\u00e1s que nunca, los estilos funcionales viven un aut\u00e9ntico renacer. La b\u00fasqueda de hogares serenos, pr\u00e1cticos y vers\u00e1tiles ha puesto en valor propuestas como la decoraci\u00f3n racionalista, que se adapta con elegancia a las necesidades actuales sin renunciar a la belleza de lo esencial.<\/p>\n\n\n\n<div style=\"height:25px\" aria-hidden=\"true\" class=\"wp-block-spacer\"><\/div>\n\n\n\n<div id=\"ez-toc-container\" class=\"ez-toc-v2_0_85 counter-hierarchy ez-toc-counter ez-toc-grey ez-toc-container-direction\">\n<div class=\"ez-toc-title-container\">\n<p class=\"ez-toc-title\" style=\"cursor:inherit\">Table of Contents<\/p>\n<span class=\"ez-toc-title-toggle\"><a href=\"#\" class=\"ez-toc-pull-right ez-toc-btn ez-toc-btn-xs ez-toc-btn-default ez-toc-toggle\" aria-label=\"Toggle Table of Content\"><span class=\"ez-toc-js-icon-con\"><span class=\"\"><span class=\"eztoc-hide\" style=\"display:none;\">Toggle<\/span><span class=\"ez-toc-icon-toggle-span\"><svg style=\"fill: #999;color:#999\" xmlns=\"http:\/\/www.w3.org\/2000\/svg\" class=\"list-377408\" width=\"20px\" height=\"20px\" viewbox=\"0 0 24 24\" fill=\"none\"><path d=\"M6 6H4v2h2V6zm14 0H8v2h12V6zM4 11h2v2H4v-2zm16 0H8v2h12v-2zM4 16h2v2H4v-2zm16 0H8v2h12v-2z\" fill=\"currentColor\"><\/path><\/svg><svg style=\"fill: #999;color:#999\" class=\"arrow-unsorted-368013\" xmlns=\"http:\/\/www.w3.org\/2000\/svg\" width=\"10px\" height=\"10px\" viewbox=\"0 0 24 24\" version=\"1.2\" baseprofile=\"tiny\"><path d=\"M18.2 9.3l-6.2-6.3-6.2 6.3c-.2.2-.3.4-.3.7s.1.5.3.7c.2.2.4.3.7.3h11c.3 0 .5-.1.7-.3.2-.2.3-.5.3-.7s-.1-.5-.3-.7zM5.8 14.7l6.2 6.3 6.2-6.3c.2-.2.3-.5.3-.7s-.1-.5-.3-.7c-.2-.2-.4-.3-.7-.3h-11c-.3 0-.5.1-.7.3-.2.2-.3.5-.3.7s.1.5.3.7z\"\/><\/svg><\/span><\/span><\/span><\/a><\/span><\/div>\n<nav><ul class='ez-toc-list ez-toc-list-level-1' ><li class='ez-toc-page-1 ez-toc-heading-level-2'><a class=\"ez-toc-link ez-toc-heading-1\" href=\"https:\/\/mueblesdetena.es\/ru_ru\/7-claves-decoracion-racionalista-para-tu-hogar\/#%C2%BFQue_es_la_decoracion_racionalista\" >\u00bfQu\u00e9 es la decoraci\u00f3n racionalista?<\/a><\/li><li class='ez-toc-page-1 ez-toc-heading-level-2'><a class=\"ez-toc-link ez-toc-heading-2\" href=\"https:\/\/mueblesdetena.es\/ru_ru\/7-claves-decoracion-racionalista-para-tu-hogar\/#Los_7_principios_clave_de_la_decoracion_racionalista\" >Los 7 principios clave de la decoraci\u00f3n racionalista<\/a><ul class='ez-toc-list-level-3' ><li class='ez-toc-heading-level-3'><a class=\"ez-toc-link ez-toc-heading-3\" href=\"https:\/\/mueblesdetena.es\/ru_ru\/7-claves-decoracion-racionalista-para-tu-hogar\/#1_Funcionalidad_ante_todo\" >1. Funcionalidad ante todo<\/a><\/li><li class='ez-toc-page-1 ez-toc-heading-level-3'><a class=\"ez-toc-link ez-toc-heading-4\" href=\"https:\/\/mueblesdetena.es\/ru_ru\/7-claves-decoracion-racionalista-para-tu-hogar\/#2_Uso_racional_del_espacio\" >2. Uso racional del espacio<\/a><\/li><li class='ez-toc-page-1 ez-toc-heading-level-3'><a class=\"ez-toc-link ez-toc-heading-5\" href=\"https:\/\/mueblesdetena.es\/ru_ru\/7-claves-decoracion-racionalista-para-tu-hogar\/#3_Geometria_y_lineas_rectas\" >3. Geometr\u00eda y l\u00edneas rectas<\/a><\/li><li class='ez-toc-page-1 ez-toc-heading-level-3'><a class=\"ez-toc-link ez-toc-heading-6\" href=\"https:\/\/mueblesdetena.es\/ru_ru\/7-claves-decoracion-racionalista-para-tu-hogar\/#4_Materiales_industriales_y_nobles\" >4. Materiales industriales y nobles<\/a><\/li><li class='ez-toc-page-1 ez-toc-heading-level-3'><a class=\"ez-toc-link ez-toc-heading-7\" href=\"https:\/\/mueblesdetena.es\/ru_ru\/7-claves-decoracion-racionalista-para-tu-hogar\/#5_Paleta_de_colores_neutros\" >5. Paleta de colores neutros<\/a><\/li><li class='ez-toc-page-1 ez-toc-heading-level-3'><a class=\"ez-toc-link ez-toc-heading-8\" href=\"https:\/\/mueblesdetena.es\/ru_ru\/7-claves-decoracion-racionalista-para-tu-hogar\/#6_Luz_natural_como_protagonista\" >6. Luz natural como protagonista<\/a><\/li><li class='ez-toc-page-1 ez-toc-heading-level-3'><a class=\"ez-toc-link ez-toc-heading-9\" href=\"https:\/\/mueblesdetena.es\/ru_ru\/7-claves-decoracion-racionalista-para-tu-hogar\/#7_Ausencia_de_decoracion_superflua\" >7. Ausencia de decoraci\u00f3n superflua<\/a><\/li><\/ul><\/li><li class='ez-toc-page-1 ez-toc-heading-level-2'><a class=\"ez-toc-link ez-toc-heading-10\" href=\"https:\/\/mueblesdetena.es\/ru_ru\/7-claves-decoracion-racionalista-para-tu-hogar\/#Ejemplos_actuales_de_decoracion_racionalista_en_el_hogar\" >Ejemplos actuales de decoraci\u00f3n racionalista en el hogar<\/a><\/li><li class='ez-toc-page-1 ez-toc-heading-level-2'><a class=\"ez-toc-link ez-toc-heading-11\" href=\"https:\/\/mueblesdetena.es\/ru_ru\/7-claves-decoracion-racionalista-para-tu-hogar\/#Diferencias_entre_el_racionalismo_y_el_minimalismo\" >Diferencias entre el racionalismo y el minimalismo<\/a><\/li><li class='ez-toc-page-1 ez-toc-heading-level-2'><a class=\"ez-toc-link ez-toc-heading-12\" href=\"https:\/\/mueblesdetena.es\/ru_ru\/7-claves-decoracion-racionalista-para-tu-hogar\/#%C2%BFPor_que_apostar_por_la_decoracion_racionalista_en_la_actualidad\" >\u00bfPor qu\u00e9 apostar por la decoraci\u00f3n racionalista en la actualidad?<\/a><\/li><\/ul><\/nav><\/div>\n<h2 class=\"wp-block-heading\"><span class=\"ez-toc-section\" id=\"%C2%BFQue_es_la_decoracion_racionalista\"><\/span>\u00bfQu\u00e9 es la decoraci\u00f3n racionalista?<span class=\"ez-toc-section-end\"><\/span><\/h2>\n\n\n\n<p class=\"has-medium-font-size wp-block-paragraph\">La decoraci\u00f3n racionalista es una <strong>corriente est\u00e9tica que apuesta por la l\u00f3gica, el orden y la funcionalidad como pilares del espacio habitable<\/strong>. Lejos de lo ornamental o accesorio, este estilo propone ambientes depurados, donde cada elemento cumple una funci\u00f3n clara y se integra arm\u00f3nicamente en el conjunto del dise\u00f1o.<\/p>\n\n\n\n<p class=\"has-medium-font-size wp-block-paragraph\"><strong>Sus ra\u00edces se encuentran en la arquitectura racionalista del siglo XX<\/strong>, fuertemente influenciada por el pensamiento de la Bauhaus y el Movimiento Moderno. Figuras como Le Corbusier o Mies van der Rohe defend\u00edan una <strong>vivienda entendida como \u201cm\u00e1quina de habitar\u201d, donde la eficiencia y la simplicidad deb\u00edan prevalecer<\/strong> por encima del adorno.<\/p>\n\n\n\n<p class=\"has-medium-font-size wp-block-paragraph\">En la decoraci\u00f3n racionalista, los espacios se estructuran con <strong>l\u00edneas puras, materiales honestos y colores neutros<\/strong>. La ausencia de decoraci\u00f3n superflua no implica frialdad, sino una b\u00fasqueda de equilibrio entre forma y uso, en la que belleza y utilidad conviven sin estridencias ni excesos.<\/p>\n\n\n\n<div style=\"height:25px\" aria-hidden=\"true\" class=\"wp-block-spacer\"><\/div>\n\n\n\n<figure class=\"wp-block-image alignfull size-full\"><img fetchpriority=\"high\" decoding=\"async\" width=\"2368\" height=\"1318\" src=\"https:\/\/mueblesdetena.es\/wp-content\/uploads\/2025\/05\/decoracion-racionalista-2.jpg\" alt=\"decoraci\u00f3n racionalista\" class=\"wp-image-38085\" srcset=\"https:\/\/mueblesdetena.es\/wp-content\/uploads\/2025\/05\/decoracion-racionalista-2.jpg 2368w, https:\/\/mueblesdetena.es\/wp-content\/uploads\/2025\/05\/decoracion-racionalista-2-300x167.jpg 300w, https:\/\/mueblesdetena.es\/wp-content\/uploads\/2025\/05\/decoracion-racionalista-2-1024x570.jpg 1024w, https:\/\/mueblesdetena.es\/wp-content\/uploads\/2025\/05\/decoracion-racionalista-2-768x427.jpg 768w, https:\/\/mueblesdetena.es\/wp-content\/uploads\/2025\/05\/decoracion-racionalista-2-1536x855.jpg 1536w, https:\/\/mueblesdetena.es\/wp-content\/uploads\/2025\/05\/decoracion-racionalista-2-2048x1140.jpg 2048w, https:\/\/mueblesdetena.es\/wp-content\/uploads\/2025\/05\/decoracion-racionalista-2-600x334.jpg 600w\" sizes=\"(max-width: 2368px) 100vw, 2368px\" \/><\/figure>\n\n\n\n<div style=\"height:25px\" aria-hidden=\"true\" class=\"wp-block-spacer\"><\/div>\n\n\n\n<h2 class=\"wp-block-heading\"><span class=\"ez-toc-section\" id=\"Los_7_principios_clave_de_la_decoracion_racionalista\"><\/span>Los 7 principios clave de la decoraci\u00f3n racionalista<span class=\"ez-toc-section-end\"><\/span><\/h2>\n\n\n\n<div style=\"height:25px\" aria-hidden=\"true\" class=\"wp-block-spacer\"><\/div>\n\n\n\n<h3 class=\"wp-block-heading\"><span class=\"ez-toc-section\" id=\"1_Funcionalidad_ante_todo\"><\/span>1. Funcionalidad ante todo<span class=\"ez-toc-section-end\"><\/span><\/h3>\n\n\n\n<p class=\"has-medium-font-size wp-block-paragraph\">En la decoraci\u00f3n racionalista, cada objeto tiene una funci\u00f3n clara y necesaria. <strong>No hay lugar para lo superfluo ni para lo puramente est\u00e9tico<\/strong>. Se busca que el mobiliario y los elementos decorativos respondan a una necesidad concreta, favoreciendo la practicidad y el confort sin renunciar a la elegancia.<\/p>\n\n\n\n<p class=\"has-medium-font-size wp-block-paragraph\"><strong>El mobiliario se dise\u00f1a pensando en su utilidad<\/strong>: una mesa debe ser estable, una estanter\u00eda debe permitir ordenar con facilidad. Esta visi\u00f3n funcionalista, herencia directa de la arquitectura moderna, da lugar a espacios equilibrados, donde la forma sigue a la funci\u00f3n y cada elecci\u00f3n responde a una l\u00f3gica coherente.<\/p>\n\n\n\n<div style=\"height:25px\" aria-hidden=\"true\" class=\"wp-block-spacer\"><\/div>\n\n\n\n<h3 class=\"wp-block-heading\"><span class=\"ez-toc-section\" id=\"2_Uso_racional_del_espacio\"><\/span>2. Uso racional del espacio<span class=\"ez-toc-section-end\"><\/span><\/h3>\n\n\n\n<p class=\"has-medium-font-size wp-block-paragraph\">La decoraci\u00f3n racionalista optimiza cada metro cuadrado con precisi\u00f3n casi quir\u00fargica. No hay rincones desaprovechados ni distribuciones caprichosas: <strong>todo se dispone para facilitar la circulaci\u00f3n, mejorar la iluminaci\u00f3n y potenciar el uso real de cada zona del hogar<\/strong>. Es una forma de habitar pensada al detalle.<\/p>\n\n\n\n<p class=\"has-medium-font-size wp-block-paragraph\"><strong>Los espacios se definen con claridad, eliminando obst\u00e1culos visuales y f\u00edsicos<\/strong>. Esto no significa vivir en casas vac\u00edas, sino en ambientes donde cada elemento contribuye al equilibrio general. Se privilegian los muebles vers\u00e1tiles y las soluciones modulares que permiten adaptarse a diferentes necesidades sin sobrecargar el entorno.<\/p>\n\n\n\n<div style=\"height:25px\" aria-hidden=\"true\" class=\"wp-block-spacer\"><\/div>\n\n\n\n<h3 class=\"wp-block-heading\"><span class=\"ez-toc-section\" id=\"3_Geometria_y_lineas_rectas\"><\/span>3. Geometr\u00eda y l\u00edneas rectas<span class=\"ez-toc-section-end\"><\/span><\/h3>\n\n\n\n<p class=\"has-medium-font-size wp-block-paragraph\">Las formas rectas, simples y depuradas son esenciales en la decoraci\u00f3n racionalista. Se evita la curva decorativa, los adornos innecesarios o las estructuras ornamentales. En su lugar, <strong>se apuesta por la pureza geom\u00e9trica, donde la l\u00ednea recta ordena y equilibra la composici\u00f3n del espacio<\/strong>.<\/p>\n\n\n\n<p class=\"has-medium-font-size wp-block-paragraph\">Esta preferencia por lo lineal <strong>no solo aporta claridad visual, sino que tambi\u00e9n ayuda a crear una sensaci\u00f3n de estabilidad y serenidad<\/strong>. Desde los marcos de las ventanas hasta los tiradores de los muebles, todo respira una est\u00e9tica controlada que armoniza con la arquitectura del conjunto.<\/p>\n\n\n\n<div style=\"height:25px\" aria-hidden=\"true\" class=\"wp-block-spacer\"><\/div>\n\n\n\n<figure class=\"wp-block-image alignfull size-full\"><img decoding=\"async\" width=\"2368\" height=\"1318\" src=\"https:\/\/mueblesdetena.es\/wp-content\/uploads\/2025\/05\/decoracion-racionalista-3-1.jpg\" alt=\"decoraci\u00f3n racionalista\" class=\"wp-image-38087\" srcset=\"https:\/\/mueblesdetena.es\/wp-content\/uploads\/2025\/05\/decoracion-racionalista-3-1.jpg 2368w, https:\/\/mueblesdetena.es\/wp-content\/uploads\/2025\/05\/decoracion-racionalista-3-1-300x167.jpg 300w, https:\/\/mueblesdetena.es\/wp-content\/uploads\/2025\/05\/decoracion-racionalista-3-1-1024x570.jpg 1024w, https:\/\/mueblesdetena.es\/wp-content\/uploads\/2025\/05\/decoracion-racionalista-3-1-768x427.jpg 768w, https:\/\/mueblesdetena.es\/wp-content\/uploads\/2025\/05\/decoracion-racionalista-3-1-1536x855.jpg 1536w, https:\/\/mueblesdetena.es\/wp-content\/uploads\/2025\/05\/decoracion-racionalista-3-1-2048x1140.jpg 2048w, https:\/\/mueblesdetena.es\/wp-content\/uploads\/2025\/05\/decoracion-racionalista-3-1-600x334.jpg 600w\" sizes=\"(max-width: 2368px) 100vw, 2368px\" \/><\/figure>\n\n\n\n<div style=\"height:25px\" aria-hidden=\"true\" class=\"wp-block-spacer\"><\/div>\n\n\n\n<h3 class=\"wp-block-heading\"><span class=\"ez-toc-section\" id=\"4_Materiales_industriales_y_nobles\"><\/span>4. Materiales industriales y nobles<span class=\"ez-toc-section-end\"><\/span><\/h3>\n\n\n\n<p class=\"has-medium-font-size wp-block-paragraph\">El racionalismo no rechaza la belleza de los materiales, pero la busca desde una perspectiva sincera. En la decoraci\u00f3n racionalista, <strong>se valoran los materiales por lo que son<\/strong>: el acero, el vidrio, el hormig\u00f3n o la madera natural <strong>se muestran sin artificios, con su textura y color originales<\/strong>.<\/p>\n\n\n\n<p class=\"has-medium-font-size wp-block-paragraph\"><strong>Estos materiales se combinan con inteligencia, generando contrastes sutiles que enriquecen el ambiente sin distraer la atenci\u00f3n<\/strong>. As\u00ed, una <a href=\"https:\/\/mueblesdetena.es\/ru_ru\/mesas\/\">mesa<\/a> de roble puede convivir con patas de metal lacado, o una l\u00e1mpara de vidrio esmerilado dialogar con un suelo de cemento pulido. Lo importante es la honestidad del dise\u00f1o.<\/p>\n\n\n\n<div style=\"height:25px\" aria-hidden=\"true\" class=\"wp-block-spacer\"><\/div>\n\n\n\n<h3 class=\"wp-block-heading\"><span class=\"ez-toc-section\" id=\"5_Paleta_de_colores_neutros\"><\/span>5. Paleta de colores neutros<span class=\"ez-toc-section-end\"><\/span><\/h3>\n\n\n\n<p class=\"has-medium-font-size wp-block-paragraph\">La elecci\u00f3n crom\u00e1tica en la decoraci\u00f3n racionalista no es arbitraria. Predominan los tonos neutros (blancos, grises, beige, tierra) porque <strong>ayudan a potenciar la luz natural, aportar sensaci\u00f3n de amplitud y crear un fondo sereno<\/strong> sobre el que destaque la geometr\u00eda de los vol\u00famenes y la textura de los materiales.<\/p>\n\n\n\n<p class=\"has-medium-font-size wp-block-paragraph\"><strong>El color, cuando aparece, suele hacerlo en dosis muy controladas<\/strong>. Un <a href=\"https:\/\/mueblesdetena.es\/ru_ru\/sofa-cama-con-chaise-longue-evig\/\">sof\u00e1 en gris antracita<\/a>, una alfombra de lana en tonos piedra o una l\u00e1mpara negra mate son suficientes para generar inter\u00e9s visual sin alterar la armon\u00eda. <strong>La sobriedad crom\u00e1tica es clave<\/strong> para lograr un conjunto coherente.<\/p>\n\n\n\n<div style=\"height:25px\" aria-hidden=\"true\" class=\"wp-block-spacer\"><\/div>\n\n\n\n<h3 class=\"wp-block-heading\"><span class=\"ez-toc-section\" id=\"6_Luz_natural_como_protagonista\"><\/span>6. Luz natural como protagonista<span class=\"ez-toc-section-end\"><\/span><\/h3>\n\n\n\n<p class=\"has-medium-font-size wp-block-paragraph\">La decoraci\u00f3n racionalista prioriza la luz natural como elemento fundamental del dise\u00f1o. <strong>Las estancias se orientan para recibir la mayor cantidad de luz posible, y los muebles o textiles no interfieren con su paso<\/strong>. Ventanales amplios, cortinas ligeras y reflejos en superficies claras amplifican su efecto.<\/p>\n\n\n\n<p class=\"has-medium-font-size wp-block-paragraph\">La luz no solo ilumina, tambi\u00e9n modela los espacios, define vol\u00famenes y resalta materiales. Por eso, <strong>se estudia con atenci\u00f3n c\u00f3mo incide durante el d\u00eda y qu\u00e9 soluciones permiten regular su intensidad<\/strong>. La <a href=\"https:\/\/www.lamparayluz.es\/lamparas-led\" target=\"_blank\" rel=\"noopener\">iluminaci\u00f3n artificial<\/a>, cuando se necesita, es discreta, t\u00e9cnica y perfectamente integrada en la arquitectura.<\/p>\n\n\n\n<div style=\"height:25px\" aria-hidden=\"true\" class=\"wp-block-spacer\"><\/div>\n\n\n\n<figure class=\"wp-block-image alignfull size-full\"><img decoding=\"async\" width=\"2368\" height=\"1318\" src=\"https:\/\/mueblesdetena.es\/wp-content\/uploads\/2025\/05\/decoracion-racionalista-4.jpg\" alt=\"decoraci\u00f3n racionalista\" class=\"wp-image-38088\" srcset=\"https:\/\/mueblesdetena.es\/wp-content\/uploads\/2025\/05\/decoracion-racionalista-4.jpg 2368w, https:\/\/mueblesdetena.es\/wp-content\/uploads\/2025\/05\/decoracion-racionalista-4-300x167.jpg 300w, https:\/\/mueblesdetena.es\/wp-content\/uploads\/2025\/05\/decoracion-racionalista-4-1024x570.jpg 1024w, https:\/\/mueblesdetena.es\/wp-content\/uploads\/2025\/05\/decoracion-racionalista-4-768x427.jpg 768w, https:\/\/mueblesdetena.es\/wp-content\/uploads\/2025\/05\/decoracion-racionalista-4-1536x855.jpg 1536w, https:\/\/mueblesdetena.es\/wp-content\/uploads\/2025\/05\/decoracion-racionalista-4-2048x1140.jpg 2048w, https:\/\/mueblesdetena.es\/wp-content\/uploads\/2025\/05\/decoracion-racionalista-4-600x334.jpg 600w\" sizes=\"(max-width: 2368px) 100vw, 2368px\" \/><\/figure>\n\n\n\n<div style=\"height:25px\" aria-hidden=\"true\" class=\"wp-block-spacer\"><\/div>\n\n\n\n<h3 class=\"wp-block-heading\"><span class=\"ez-toc-section\" id=\"7_Ausencia_de_decoracion_superflua\"><\/span>7. Ausencia de decoraci\u00f3n superflua<span class=\"ez-toc-section-end\"><\/span><\/h3>\n\n\n\n<p class=\"has-medium-font-size wp-block-paragraph\">En la decoraci\u00f3n racionalista, menos es m\u00e1s. <strong>Se elimina todo aquello que no tenga una funci\u00f3n o una raz\u00f3n de ser en el espacio<\/strong>. Esta renuncia al adorno gratuito no implica frialdad, sino una b\u00fasqueda consciente del equilibrio, la serenidad y la autenticidad en cada detalle.<\/p>\n\n\n\n<p class=\"has-medium-font-size wp-block-paragraph\"><strong>Los objetos decorativos, si los hay, son pocos, seleccionados con rigor y colocados con intenci\u00f3n<\/strong>. Puede ser una escultura de l\u00edneas puras, una obra gr\u00e1fica abstracta o una pieza de dise\u00f1o con historia. Todo tiene sentido. Todo est\u00e1 al servicio de un ambiente sereno, funcional y bellamente contenido.<\/p>\n\n\n\n<div style=\"height:25px\" aria-hidden=\"true\" class=\"wp-block-spacer\"><\/div>\n\n\n\n<h2 class=\"wp-block-heading\"><span class=\"ez-toc-section\" id=\"Ejemplos_actuales_de_decoracion_racionalista_en_el_hogar\"><\/span>Ejemplos actuales de decoraci\u00f3n racionalista en el hogar<span class=\"ez-toc-section-end\"><\/span><\/h2>\n\n\n\n<ul class=\"wp-block-list\">\n<li class=\"has-medium-font-size\">En los <strong>salones <\/strong>modernos, la decoraci\u00f3n racionalista se traduce en ambientes serenos donde cada pieza cumple una funci\u00f3n concreta. Sof\u00e1s de l\u00edneas puras, estanter\u00edas modulares y mesas de centro en madera natural o metal conforman un espacio limpio, pr\u00e1ctico y sin artificios, donde la armon\u00eda surge del equilibrio entre forma y utilidad.<\/li>\n\n\n\n<li class=\"has-medium-font-size\">Las <strong>cocinas<\/strong> funcionales encuentran en la decoraci\u00f3n racionalista su m\u00e1xima expresi\u00f3n. El mobiliario se organiza en l\u00edneas rectas, con superficies continuas y materiales resistentes como el acero inoxidable, la piedra o la melamina. Aqu\u00ed todo est\u00e1 pensado para optimizar el trabajo diario sin renunciar a una est\u00e9tica sobria y elegante que nunca pasa de moda.<\/li>\n\n\n\n<li class=\"has-medium-font-size\">En los <strong>dormitorios<\/strong>, este estilo apuesta por la calidez de lo esencial. Colores neutros, iluminaci\u00f3n indirecta y muebles con volumen contenido generan una atm\u00f3sfera de descanso visual. La decoraci\u00f3n racionalista rehuye lo recargado y apuesta por armarios empotrados, cabeceros integrados o c\u00f3modas modulares que combinan funcionalidad con un dise\u00f1o impecable.<\/li>\n\n\n\n<li class=\"has-medium-font-size\">Los <strong>espacios multifuncionales<\/strong>, tan comunes en viviendas actuales, se benefician especialmente de esta visi\u00f3n racional del hogar. Salones que integran zona de estudio, comedores con \u00e1rea de almacenaje o dormitorios que incorporan un peque\u00f1o despacho son ejemplos donde la decoraci\u00f3n racionalista favorece el orden, la adaptabilidad y una sensaci\u00f3n de ligereza espacial constante.<\/li>\n<\/ul>\n\n\n\n<p class=\"has-medium-font-size wp-block-paragraph\">Por \u00faltimo, <strong>los muebles modulares o a medida son grandes aliados de este enfoque<\/strong>. Su capacidad para adaptarse a la arquitectura del espacio permite mantener la continuidad visual, un principio b\u00e1sico de la decoraci\u00f3n racionalista.<\/p>\n\n\n\n<div style=\"height:25px\" aria-hidden=\"true\" class=\"wp-block-spacer\"><\/div>\n\n\n\n<figure class=\"wp-block-image alignfull size-full\"><img loading=\"lazy\" decoding=\"async\" width=\"2368\" height=\"1318\" src=\"https:\/\/mueblesdetena.es\/wp-content\/uploads\/2025\/05\/decoracion-racionalista-5.jpg\" alt=\"decoraci\u00f3n racionalista\" class=\"wp-image-38089\" srcset=\"https:\/\/mueblesdetena.es\/wp-content\/uploads\/2025\/05\/decoracion-racionalista-5.jpg 2368w, https:\/\/mueblesdetena.es\/wp-content\/uploads\/2025\/05\/decoracion-racionalista-5-300x167.jpg 300w, https:\/\/mueblesdetena.es\/wp-content\/uploads\/2025\/05\/decoracion-racionalista-5-1024x570.jpg 1024w, https:\/\/mueblesdetena.es\/wp-content\/uploads\/2025\/05\/decoracion-racionalista-5-768x427.jpg 768w, https:\/\/mueblesdetena.es\/wp-content\/uploads\/2025\/05\/decoracion-racionalista-5-1536x855.jpg 1536w, https:\/\/mueblesdetena.es\/wp-content\/uploads\/2025\/05\/decoracion-racionalista-5-2048x1140.jpg 2048w, https:\/\/mueblesdetena.es\/wp-content\/uploads\/2025\/05\/decoracion-racionalista-5-600x334.jpg 600w\" sizes=\"(max-width: 2368px) 100vw, 2368px\" \/><\/figure>\n\n\n\n<div style=\"height:25px\" aria-hidden=\"true\" class=\"wp-block-spacer\"><\/div>\n\n\n\n<h2 class=\"wp-block-heading\"><span class=\"ez-toc-section\" id=\"Diferencias_entre_el_racionalismo_y_el_minimalismo\"><\/span>Diferencias entre el racionalismo y el minimalismo<span class=\"ez-toc-section-end\"><\/span><\/h2>\n\n\n\n<div style=\"height:25px\" aria-hidden=\"true\" class=\"wp-block-spacer\"><\/div>\n\n\n\n<figure class=\"wp-block-table\"><table class=\"has-fixed-layout\"><tbody><tr><td class=\"has-text-align-center\" data-align=\"center\"><strong>Aspecto<\/strong><\/td><td class=\"has-text-align-center\" data-align=\"center\"><strong>Decoraci\u00f3n racionalista<\/strong><\/td><td class=\"has-text-align-center\" data-align=\"center\"><strong>Minimalismo contempor\u00e1neo<\/strong><\/td><\/tr><tr><td class=\"has-text-align-center\" data-align=\"center\"><strong>Origen<\/strong><\/td><td class=\"has-text-align-center\" data-align=\"center\">Movimiento arquitect\u00f3nico del siglo XX<\/td><td class=\"has-text-align-center\" data-align=\"center\">Corriente est\u00e9tica moderna de los a\u00f1os 60-70<\/td><\/tr><tr><td class=\"has-text-align-center\" data-align=\"center\"><strong>Prop\u00f3sito<\/strong><\/td><td class=\"has-text-align-center\" data-align=\"center\">Priorizar la funci\u00f3n sobre la forma<\/td><td class=\"has-text-align-center\" data-align=\"center\">Buscar la reducci\u00f3n visual y la serenidad<\/td><\/tr><tr><td class=\"has-text-align-center\" data-align=\"center\"><strong>Est\u00e9tica<\/strong><\/td><td class=\"has-text-align-center\" data-align=\"center\">Geometr\u00eda estricta y orden funcional<\/td><td class=\"has-text-align-center\" data-align=\"center\">Espacios vac\u00edos, simetr\u00eda y equilibrio<\/td><\/tr><tr><td class=\"has-text-align-center\" data-align=\"center\"><strong>Materiales<\/strong><\/td><td class=\"has-text-align-center\" data-align=\"center\">Hierro, hormig\u00f3n, madera noble, vidrio<\/td><td class=\"has-text-align-center\" data-align=\"center\">Superficies lisas, lacas, blancos y mates<\/td><\/tr><tr><td class=\"has-text-align-center\" data-align=\"center\"><strong>Color<\/strong><\/td><td class=\"has-text-align-center\" data-align=\"center\">Neutros c\u00e1lidos y tonos tierra<\/td><td class=\"has-text-align-center\" data-align=\"center\">Blancos, grises y negros<\/td><\/tr><tr><td class=\"has-text-align-center\" data-align=\"center\"><strong>Sensaci\u00f3n<\/strong><\/td><td class=\"has-text-align-center\" data-align=\"center\">Rigurosidad con calidez<\/td><td class=\"has-text-align-center\" data-align=\"center\">Frialdad controlada y est\u00e9tica silenciosa<\/td><\/tr><tr><td class=\"has-text-align-center\" data-align=\"center\"><strong>Mobiliario<\/strong><\/td><td class=\"has-text-align-center\" data-align=\"center\">Piezas s\u00f3lidas y \u00fatiles, sin ornamento<\/td><td class=\"has-text-align-center\" data-align=\"center\">L\u00edneas ultra puras, piezas ic\u00f3nicas puntuales<\/td><\/tr><\/tbody><\/table><\/figure>\n\n\n\n<p class=\"has-medium-font-size wp-block-paragraph\">A diferencia del minimalismo, que elimina todo lo accesorio en pos de una calma visual extrema, la decoraci\u00f3n racionalista impone un orden estructural que nace de la funcionalidad. Aqu\u00ed no se busca el vac\u00edo, sino la l\u00f3gica: cada mueble responde a una necesidad, cada espacio a un uso medido y coherente.<\/p>\n\n\n\n<p class=\"has-medium-font-size wp-block-paragraph\">Mientras el minimalismo juega con la po\u00e9tica del vac\u00edo, el racionalismo construye desde la utilidad con una elegancia serena. Es ideal para quienes buscan una est\u00e9tica sobria, pero con alma arquitect\u00f3nica. Si lo que deseas es un hogar pensado desde la raz\u00f3n, la decoraci\u00f3n racionalista puede ser tu mejor aliada.<\/p>\n\n\n\n<div style=\"height:25px\" aria-hidden=\"true\" class=\"wp-block-spacer\"><\/div>\n\n\n\n<h2 class=\"wp-block-heading\"><span class=\"ez-toc-section\" id=\"%C2%BFPor_que_apostar_por_la_decoracion_racionalista_en_la_actualidad\"><\/span>\u00bfPor qu\u00e9 apostar por la decoraci\u00f3n racionalista en la actualidad?<span class=\"ez-toc-section-end\"><\/span><\/h2>\n\n\n\n<p class=\"has-medium-font-size wp-block-paragraph\">\u0412 <strong>viviendas peque\u00f1as y urbanas<\/strong>, donde cada metro cuadrado cuenta, la decoraci\u00f3n racionalista se convierte en una aliada natural. Su apuesta por la funcionalidad y el aprovechamiento inteligente del espacio <strong>permite crear ambientes ordenados, amplios y despejados<\/strong>, sin renunciar al confort ni al car\u00e1cter est\u00e9tico que exige la vida contempor\u00e1nea.<\/p>\n\n\n\n<p class=\"has-medium-font-size wp-block-paragraph\">Este enfoque dialoga con los valores que m\u00e1s inspiran hoy: sostenibilidad, calma visual y equilibrio. La decoraci\u00f3n racionalista <strong>evita los excesos decorativos y prioriza materiales duraderos, paletas neutras y l\u00edneas limpias<\/strong>, generando interiores que respiran armon\u00eda y favorecen el bienestar emocional en el d\u00eda a d\u00eda.<\/p>\n\n\n\n<p class=\"has-medium-font-size wp-block-paragraph\">Adaptarse al ritmo actual sin renunciar al estilo es otro de sus puntos fuertes. La decoraci\u00f3n racionalista <strong>encaja con quienes valoran la practicidad sin artificios, pero tambi\u00e9n desean espacios cuidados, elegantes y coherentes<\/strong> con una forma de habitar m\u00e1s consciente, serena y conectada con las necesidades reales de cada persona.<\/p>","protected":false},"excerpt":{"rendered":"<p>La decoraci\u00f3n racionalista nace como una expresi\u00f3n est\u00e9tica profundamente ligada a la raz\u00f3n, la funci\u00f3n y la simplicidad. Esta corriente, heredera del racionalismo arquitect\u00f3nico del siglo XX, rechaza el ornamento gratuito y se centra en crear espacios donde cada elemento tiene un prop\u00f3sito claro, desde la forma hasta los materiales utilizados. En el mundo del [&hellip;]<\/p>\n","protected":false},"author":618,"featured_media":38083,"comment_status":"closed","ping_status":"open","sticky":false,"template":"","format":"standard","meta":{"site-sidebar-layout":"default","site-content-layout":"","ast-site-content-layout":"default","site-content-style":"default","site-sidebar-style":"default","ast-global-header-display":"","ast-banner-title-visibility":"","ast-main-header-display":"","ast-hfb-above-header-display":"","ast-hfb-below-header-display":"","ast-hfb-mobile-header-display":"","site-post-title":"","ast-breadcrumbs-content":"","ast-featured-img":"","footer-sml-layout":"","ast-disable-related-posts":"","theme-transparent-header-meta":"","adv-header-id-meta":"","stick-header-meta":"","header-above-stick-meta":"","header-main-stick-meta":"","header-below-stick-meta":"","astra-migrate-meta-layouts":"set","ast-page-background-enabled":"default","ast-page-background-meta":{"desktop":{"background-color":"var(--ast-global-color-4)","background-image":"","background-repeat":"repeat","background-position":"center center","background-size":"auto","background-attachment":"scroll","background-type":"","background-media":"","overlay-type":"","overlay-color":"","overlay-opacity":"","overlay-gradient":""},"tablet":{"background-color":"","background-image":"","background-repeat":"repeat","background-position":"center center","background-size":"auto","background-attachment":"scroll","background-type":"","background-media":"","overlay-type":"","overlay-color":"","overlay-opacity":"","overlay-gradient":""},"mobile":{"background-color":"","background-image":"","background-repeat":"repeat","background-position":"center center","background-size":"auto","background-attachment":"scroll","background-type":"","background-media":"","overlay-type":"","overlay-color":"","overlay-opacity":"","overlay-gradient":""}},"ast-content-background-meta":{"desktop":{"background-color":"var(--ast-global-color-5)","background-image":"","background-repeat":"repeat","background-position":"center center","background-size":"auto","background-attachment":"scroll","background-type":"","background-media":"","overlay-type":"","overlay-color":"","overlay-opacity":"","overlay-gradient":""},"tablet":{"background-color":"var(--ast-global-color-5)","background-image":"","background-repeat":"repeat","background-position":"center center","background-size":"auto","background-attachment":"scroll","background-type":"","background-media":"","overlay-type":"","overlay-color":"","overlay-opacity":"","overlay-gradient":""},"mobile":{"background-color":"var(--ast-global-color-5)","background-image":"","background-repeat":"repeat","background-position":"center center","background-size":"auto","background-attachment":"scroll","background-type":"","background-media":"","overlay-type":"","overlay-color":"","overlay-opacity":"","overlay-gradient":""}},"_joinchat":[],"footnotes":""},"categories":[1],"tags":[],"class_list":["post-38080","post","type-post","status-publish","format-standard","has-post-thumbnail","hentry","category-sin-categoria"],"_links":{"self":[{"href":"https:\/\/mueblesdetena.es\/ru_ru\/wp-json\/wp\/v2\/posts\/38080","targetHints":{"allow":["GET"]}}],"collection":[{"href":"https:\/\/mueblesdetena.es\/ru_ru\/wp-json\/wp\/v2\/posts"}],"about":[{"href":"https:\/\/mueblesdetena.es\/ru_ru\/wp-json\/wp\/v2\/types\/post"}],"author":[{"embeddable":true,"href":"https:\/\/mueblesdetena.es\/ru_ru\/wp-json\/wp\/v2\/users\/618"}],"replies":[{"embeddable":true,"href":"https:\/\/mueblesdetena.es\/ru_ru\/wp-json\/wp\/v2\/comments?post=38080"}],"version-history":[{"count":3,"href":"https:\/\/mueblesdetena.es\/ru_ru\/wp-json\/wp\/v2\/posts\/38080\/revisions"}],"predecessor-version":[{"id":38090,"href":"https:\/\/mueblesdetena.es\/ru_ru\/wp-json\/wp\/v2\/posts\/38080\/revisions\/38090"}],"wp:featuredmedia":[{"embeddable":true,"href":"https:\/\/mueblesdetena.es\/ru_ru\/wp-json\/wp\/v2\/media\/38083"}],"wp:attachment":[{"href":"https:\/\/mueblesdetena.es\/ru_ru\/wp-json\/wp\/v2\/media?parent=38080"}],"wp:term":[{"taxonomy":"category","embeddable":true,"href":"https:\/\/mueblesdetena.es\/ru_ru\/wp-json\/wp\/v2\/categories?post=38080"},{"taxonomy":"post_tag","embeddable":true,"href":"https:\/\/mueblesdetena.es\/ru_ru\/wp-json\/wp\/v2\/tags?post=38080"}],"curies":[{"name":"wp","href":"https:\/\/api.w.org\/{rel}","templated":true}]}}