{"id":38427,"date":"2025-06-03T09:00:00","date_gmt":"2025-06-03T07:00:00","guid":{"rendered":"https:\/\/mueblesdetena.es\/?p=38427"},"modified":"2025-12-17T08:51:02","modified_gmt":"2025-12-17T07:51:02","slug":"art-deco-aplica-esta-decoracion-en-hogar-7-ideas","status":"publish","type":"post","link":"https:\/\/mueblesdetena.es\/ru_ru\/art-deco-aplica-esta-decoracion-en-hogar-7-ideas\/","title":{"rendered":"Art d\u00e9co: Aplica esta decoraci\u00f3n en tu hogar en 7 ideas"},"content":{"rendered":"<p class=\"has-medium-font-size wp-block-paragraph\">Hablar de <a href=\"https:\/\/es.wikipedia.org\/wiki\/Art_d%C3%A9co\" target=\"_blank\" rel=\"noopener\">art d\u00e9co<\/a> es viajar a una \u00e9poca de esplendor est\u00e9tico. Nacido en los a\u00f1os 20, este estilo marc\u00f3 una revoluci\u00f3n en el mundo de la decoraci\u00f3n con su <strong>culto a la geometr\u00eda, los materiales nobles y la elegancia sofisticada<\/strong>. Su influencia se extendi\u00f3 del dise\u00f1o interior a la arquitectura y las artes decorativas.<\/p>\n\n\n\n<p class=\"has-medium-font-size wp-block-paragraph\">Hoy, el art d\u00e9co resurge con una mirada m\u00e1s depurada, adapt\u00e1ndose a hogares contempor\u00e1neos que buscan car\u00e1cter sin perder ligereza visual. La esencia permanece: l\u00edneas sim\u00e9tricas, brillo met\u00e1lico y una sensaci\u00f3n de lujo atemporal. Pero ahora se combina con la calidez de lo org\u00e1nico y la sutileza del minimalismo moderno.<\/p>\n\n\n\n<p class=\"has-medium-font-size wp-block-paragraph\">En este art\u00edculo te mostramos c\u00f3mo <strong>aplicar este estilo con acento actual a trav\u00e9s de siete claves imprescindibles<\/strong>. Desde la elecci\u00f3n de materiales hasta la iluminaci\u00f3n, pasando por muebles con personalidad, descubrir\u00e1s c\u00f3mo lograr una decoraci\u00f3n art d\u00e9co adaptada al ritmo de vida de hoy.<\/p>\n\n\n\n<div style=\"height:25px\" aria-hidden=\"true\" class=\"wp-block-spacer\"><\/div>\n\n\n\n<div id=\"ez-toc-container\" class=\"ez-toc-v2_0_85 counter-hierarchy ez-toc-counter ez-toc-grey ez-toc-container-direction\">\n<div class=\"ez-toc-title-container\">\n<p class=\"ez-toc-title\" style=\"cursor:inherit\">Table of Contents<\/p>\n<span class=\"ez-toc-title-toggle\"><a href=\"#\" class=\"ez-toc-pull-right ez-toc-btn ez-toc-btn-xs ez-toc-btn-default ez-toc-toggle\" aria-label=\"Toggle Table of Content\"><span class=\"ez-toc-js-icon-con\"><span class=\"\"><span class=\"eztoc-hide\" style=\"display:none;\">Toggle<\/span><span class=\"ez-toc-icon-toggle-span\"><svg style=\"fill: #999;color:#999\" xmlns=\"http:\/\/www.w3.org\/2000\/svg\" class=\"list-377408\" width=\"20px\" height=\"20px\" viewbox=\"0 0 24 24\" fill=\"none\"><path d=\"M6 6H4v2h2V6zm14 0H8v2h12V6zM4 11h2v2H4v-2zm16 0H8v2h12v-2zM4 16h2v2H4v-2zm16 0H8v2h12v-2z\" fill=\"currentColor\"><\/path><\/svg><svg style=\"fill: #999;color:#999\" class=\"arrow-unsorted-368013\" xmlns=\"http:\/\/www.w3.org\/2000\/svg\" width=\"10px\" height=\"10px\" viewbox=\"0 0 24 24\" version=\"1.2\" baseprofile=\"tiny\"><path d=\"M18.2 9.3l-6.2-6.3-6.2 6.3c-.2.2-.3.4-.3.7s.1.5.3.7c.2.2.4.3.7.3h11c.3 0 .5-.1.7-.3.2-.2.3-.5.3-.7s-.1-.5-.3-.7zM5.8 14.7l6.2 6.3 6.2-6.3c.2-.2.3-.5.3-.7s-.1-.5-.3-.7c-.2-.2-.4-.3-.7-.3h-11c-.3 0-.5.1-.7.3-.2.2-.3.5-.3.7s.1.5.3.7z\"\/><\/svg><\/span><\/span><\/span><\/a><\/span><\/div>\n<nav><ul class='ez-toc-list ez-toc-list-level-1' ><li class='ez-toc-page-1 ez-toc-heading-level-2'><a class=\"ez-toc-link ez-toc-heading-1\" href=\"https:\/\/mueblesdetena.es\/ru_ru\/art-deco-aplica-esta-decoracion-en-hogar-7-ideas\/#Clave_1_Apuesta_por_materiales_nobles_con_acabados_actuales\" >Clave 1: Apuesta por materiales nobles con acabados actuales<\/a><\/li><li class='ez-toc-page-1 ez-toc-heading-level-2'><a class=\"ez-toc-link ez-toc-heading-2\" href=\"https:\/\/mueblesdetena.es\/ru_ru\/art-deco-aplica-esta-decoracion-en-hogar-7-ideas\/#Clave_2_Juega_con_la_geometria_en_texturas_y_objetos\" >Clave 2: Juega con la geometr\u00eda en texturas y objetos<\/a><\/li><li class='ez-toc-page-1 ez-toc-heading-level-2'><a class=\"ez-toc-link ez-toc-heading-3\" href=\"https:\/\/mueblesdetena.es\/ru_ru\/art-deco-aplica-esta-decoracion-en-hogar-7-ideas\/#Clave_3_Paleta_de_colores_sofisticada_y_contemporanea\" >Clave 3: Paleta de colores sofisticada y contempor\u00e1nea<\/a><\/li><li class='ez-toc-page-1 ez-toc-heading-level-2'><a class=\"ez-toc-link ez-toc-heading-4\" href=\"https:\/\/mueblesdetena.es\/ru_ru\/art-deco-aplica-esta-decoracion-en-hogar-7-ideas\/#Clave_4_Iluminacion_como_protagonista\" >Clave 4: Iluminaci\u00f3n como protagonista<\/a><\/li><li class='ez-toc-page-1 ez-toc-heading-level-2'><a class=\"ez-toc-link ez-toc-heading-5\" href=\"https:\/\/mueblesdetena.es\/ru_ru\/art-deco-aplica-esta-decoracion-en-hogar-7-ideas\/#Clave_5_Obras_de_arte_y_objetos_deco_bien_elegidos\" >Clave 5: Obras de arte y objetos deco bien elegidos<\/a><\/li><li class='ez-toc-page-1 ez-toc-heading-level-2'><a class=\"ez-toc-link ez-toc-heading-6\" href=\"https:\/\/mueblesdetena.es\/ru_ru\/art-deco-aplica-esta-decoracion-en-hogar-7-ideas\/#Clave_6_Muebles_con_personalidad_y_caracter\" >Clave 6: Muebles con personalidad y car\u00e1cter<\/a><\/li><li class='ez-toc-page-1 ez-toc-heading-level-2'><a class=\"ez-toc-link ez-toc-heading-7\" href=\"https:\/\/mueblesdetena.es\/ru_ru\/art-deco-aplica-esta-decoracion-en-hogar-7-ideas\/#Clave_7_Combina_estilos_para_un_resultado_actual_y_vivido\" >Clave 7: Combina estilos para un resultado actual y vivido<\/a><\/li><\/ul><\/nav><\/div>\n<h2 class=\"wp-block-heading\"><span class=\"ez-toc-section\" id=\"Clave_1_Apuesta_por_materiales_nobles_con_acabados_actuales\"><\/span>Clave 1: Apuesta por materiales nobles con acabados actuales<span class=\"ez-toc-section-end\"><\/span><\/h2>\n\n\n\n<p class=\"has-medium-font-size wp-block-paragraph\">El art d\u00e9co naci\u00f3 en los a\u00f1os 20 como una celebraci\u00f3n del lujo, la geometr\u00eda y la sofisticaci\u00f3n. Inspirado por la arquitectura cl\u00e1sica y el progreso industrial, <strong>se caracterizaba por el uso de materiales nobles como el m\u00e1rmol, el lat\u00f3n o las maderas oscuras<\/strong>, siempre con acabados brillantes y l\u00edneas muy marcadas.<\/p>\n\n\n\n<p class=\"has-medium-font-size wp-block-paragraph\">Hoy, esta est\u00e9tica se reinventa con un enfoque m\u00e1s depurado. <strong>La decoraci\u00f3n contempor\u00e1nea mantiene la esencia del art d\u00e9co, pero aligera sus formas y equilibra los brillos con texturas mates<\/strong>. El resultado es un ambiente elegante y actual, que conecta con la tradici\u00f3n sin renunciar a la comodidad y la funcionalidad de hoy en d\u00eda.<\/p>\n\n\n\n<p class=\"has-medium-font-size wp-block-paragraph\">Un ejemplo de vivienda del estilo incluir\u00eda mobiliario con <strong>detalles en metal dorado convive con superficies lacadas y madera de roble oscuro<\/strong>, generando un efecto envolvente y atemporal. Este tipo de contrastes reinterpreta la decoraci\u00f3n art d\u00e9co desde una mirada m\u00e1s suave y habitable.<\/p>\n\n\n\n<p class=\"has-medium-font-size wp-block-paragraph\">Incorporar estos materiales en casa es m\u00e1s f\u00e1cil de lo que parece. <strong>Basta con un aparador de l\u00edneas curvas en nogal, una <a href=\"https:\/\/mueblesdetena.es\/ru_ru\/?s=consola\">consola<\/a> con sobre de m\u00e1rmol o un espejo con moldura dorada<\/strong>. Detalles que evocan la est\u00e9tica art d\u00e9co sin recargar el espacio, aportando car\u00e1cter y sofisticaci\u00f3n al conjunto.<\/p>\n\n\n\n<div style=\"height:25px\" aria-hidden=\"true\" class=\"wp-block-spacer\"><\/div>\n\n\n\n<figure class=\"wp-block-image alignfull size-full\"><img fetchpriority=\"high\" decoding=\"async\" width=\"2385\" height=\"1344\" src=\"https:\/\/mueblesdetena.es\/wp-content\/uploads\/2025\/05\/art-deco-2.jpg\" alt=\"art d\u00e9co, decoraci\u00f3n\" class=\"wp-image-38437\" srcset=\"https:\/\/mueblesdetena.es\/wp-content\/uploads\/2025\/05\/art-deco-2.jpg 2385w, https:\/\/mueblesdetena.es\/wp-content\/uploads\/2025\/05\/art-deco-2-300x169.jpg 300w, https:\/\/mueblesdetena.es\/wp-content\/uploads\/2025\/05\/art-deco-2-1024x577.jpg 1024w, https:\/\/mueblesdetena.es\/wp-content\/uploads\/2025\/05\/art-deco-2-768x433.jpg 768w, https:\/\/mueblesdetena.es\/wp-content\/uploads\/2025\/05\/art-deco-2-1536x866.jpg 1536w, https:\/\/mueblesdetena.es\/wp-content\/uploads\/2025\/05\/art-deco-2-2048x1154.jpg 2048w, https:\/\/mueblesdetena.es\/wp-content\/uploads\/2025\/05\/art-deco-2-600x338.jpg 600w\" sizes=\"(max-width: 2385px) 100vw, 2385px\" \/><\/figure>\n\n\n\n<div style=\"height:25px\" aria-hidden=\"true\" class=\"wp-block-spacer\"><\/div>\n\n\n\n<h2 class=\"wp-block-heading\"><span class=\"ez-toc-section\" id=\"Clave_2_Juega_con_la_geometria_en_texturas_y_objetos\"><\/span>Clave 2: Juega con la geometr\u00eda en texturas y objetos<span class=\"ez-toc-section-end\"><\/span><\/h2>\n\n\n\n<p class=\"has-medium-font-size wp-block-paragraph\">Las formas geom\u00e9tricas son la esencia del estilo art d\u00e9co. Este patr\u00f3n visual se manifiesta en <strong>l\u00edneas rectas, \u00e1ngulos marcados y curvas que evocan el movimiento de un abanico abierto<\/strong>. Son trazos que aportan dinamismo y sofisticaci\u00f3n a la decoraci\u00f3n, marcando el ritmo del espacio sin necesidad de estridencias.<\/p>\n\n\n\n<p class=\"has-medium-font-size wp-block-paragraph\">La <strong>simetr\u00eda<\/strong> es otra de sus se\u00f1as de identidad. Funciona como un lenguaje silencioso que <strong>ordena los elementos y genera armon\u00eda<\/strong>. En ambientes contempor\u00e1neos, puede utilizarse para <strong>estructurar zonas como el sal\u00f3n o el recibidor<\/strong>, con objetos decorativos en espejo o muebles que repiten formas similares en distintos puntos del espacio.<\/p>\n\n\n\n<p class=\"has-medium-font-size wp-block-paragraph\">El <strong>papel pintado<\/strong> es uno de los grandes aliados para incorporar geometr\u00eda de forma impactante. Existen modelos que reinterpretan el art d\u00e9co con <strong>dise\u00f1os en tonos suaves y acabados metalizados<\/strong> que captan la luz de forma delicada. En paredes principales o cabeceros, act\u00faan como punto focal con mucho car\u00e1cter.<\/p>\n\n\n\n<p class=\"has-medium-font-size wp-block-paragraph\">Los <strong>textiles<\/strong> permiten aplicar este patr\u00f3n de manera m\u00e1s sutil y flexible. <strong>Cojines con bordados en zigzag, alfombras con motivos romboidales o cortinas con l\u00edneas doradas<\/strong> son recursos perfectos para integrar la geometr\u00eda en la decoraci\u00f3n diaria sin sobrecargar. Se pueden renovar f\u00e1cilmente, lo que facilita jugar con las estaciones o las tendencias.<\/p>\n\n\n\n<p class=\"has-medium-font-size wp-block-paragraph\">Para que el conjunto no resulte excesivo, <strong>conviene combinar estas formas con superficies lisas y materiales neutros<\/strong>. La clave est\u00e1 en el equilibrio: un sof\u00e1 en terciopelo liso contrarresta una pared con papel geom\u00e9trico, o una mesa redonda suaviza la fuerza de una alfombra angular. <strong>La armon\u00eda visual es imprescindible<\/strong>.<\/p>\n\n\n\n<div style=\"height:25px\" aria-hidden=\"true\" class=\"wp-block-spacer\"><\/div>\n\n\n\n<h2 class=\"wp-block-heading\"><span class=\"ez-toc-section\" id=\"Clave_3_Paleta_de_colores_sofisticada_y_contemporanea\"><\/span>Clave 3: Paleta de colores sofisticada y contempor\u00e1nea<span class=\"ez-toc-section-end\"><\/span><\/h2>\n\n\n\n<p class=\"has-medium-font-size wp-block-paragraph\">El art d\u00e9co siempre ha apostado por una paleta crom\u00e1tica audaz, cargada de fuerza visual y elegancia. <strong>Colores como el dorado, el negro intenso, el verde esmeralda o el azul petr\u00f3leo evocan glamour y teatralidad<\/strong>. Estos tonos, aplicados con acierto, aportan una atm\u00f3sfera sofisticada sin necesidad de elementos recargados.<\/p>\n\n\n\n<p class=\"has-medium-font-size wp-block-paragraph\">Incorporarlos en la decoraci\u00f3n actual es posible si se utilizan como acentos: una pared en azul petr\u00f3leo, cojines en terciopelo esmeralda o una l\u00e1mpara con detalles dorados pueden transformar un espacio sin desbordarlo. <strong>La clave est\u00e1 en la dosis: menos es m\u00e1s cuando se trata de mantener el equilibrio entre lo cl\u00e1sico y lo contempor\u00e1neo<\/strong>.<\/p>\n\n\n\n<p class=\"has-medium-font-size wp-block-paragraph\">Para quienes buscan una reinterpretaci\u00f3n m\u00e1s actual del estilo art d\u00e9co, <strong>los tonos neutros son grandes aliados<\/strong>. Blancos c\u00e1lidos, nude empolvado, grises suaves o matices piedra permiten atenuar la intensidad de los colores tradicionales sin renunciar a la elegancia que define este estilo decorativo.<\/p>\n\n\n\n<p class=\"has-medium-font-size wp-block-paragraph\">Esta versi\u00f3n modernizada del art d\u00e9co se aleja del dramatismo excesivo de los a\u00f1os veinte para abrazar una est\u00e9tica m\u00e1s serena. La <strong>combinaci\u00f3n de tonos neutros con peque\u00f1os toques met\u00e1licos o colores joya<\/strong> logra ambientes equilibrados, acogedores y con un gui\u00f1o claro al pasado sin caer en la nostalgia.<\/p>\n\n\n\n<p class=\"has-medium-font-size wp-block-paragraph\">A la hora de aplicar esta paleta en el hogar, conviene tener en cuenta la iluminaci\u00f3n y la proporci\u00f3n. <strong>Espacios bien iluminados admiten tonos m\u00e1s profundos <\/strong>sin saturarse, mientras que en <strong>estancias m\u00e1s peque\u00f1as o con luz tenue, lo ideal es reservar los colores intensos para detalles decorativos puntuales<\/strong>.<\/p>\n\n\n\n<p class=\"has-medium-font-size wp-block-paragraph\">Adem\u00e1s, <strong>es fundamental respetar el di\u00e1logo entre texturas y color<\/strong>. Una alfombra topo, un mueble lacado en negro o una l\u00e1mpara dorada pueden convivir perfectamente si se combinan con superficies suaves, como paredes en tonos crudos o textiles de lino, aportando armon\u00eda a toda la decoraci\u00f3n.<\/p>\n\n\n\n<div style=\"height:25px\" aria-hidden=\"true\" class=\"wp-block-spacer\"><\/div>\n\n\n\n<figure class=\"wp-block-image alignfull size-full\"><img decoding=\"async\" width=\"2385\" height=\"1344\" src=\"https:\/\/mueblesdetena.es\/wp-content\/uploads\/2025\/05\/art-deco-3.jpg\" alt=\"art d\u00e9co, decoraci\u00f3n\" class=\"wp-image-38438\" srcset=\"https:\/\/mueblesdetena.es\/wp-content\/uploads\/2025\/05\/art-deco-3.jpg 2385w, https:\/\/mueblesdetena.es\/wp-content\/uploads\/2025\/05\/art-deco-3-300x169.jpg 300w, https:\/\/mueblesdetena.es\/wp-content\/uploads\/2025\/05\/art-deco-3-1024x577.jpg 1024w, https:\/\/mueblesdetena.es\/wp-content\/uploads\/2025\/05\/art-deco-3-768x433.jpg 768w, https:\/\/mueblesdetena.es\/wp-content\/uploads\/2025\/05\/art-deco-3-1536x866.jpg 1536w, https:\/\/mueblesdetena.es\/wp-content\/uploads\/2025\/05\/art-deco-3-2048x1154.jpg 2048w, https:\/\/mueblesdetena.es\/wp-content\/uploads\/2025\/05\/art-deco-3-600x338.jpg 600w\" sizes=\"(max-width: 2385px) 100vw, 2385px\" \/><\/figure>\n\n\n\n<div style=\"height:25px\" aria-hidden=\"true\" class=\"wp-block-spacer\"><\/div>\n\n\n\n<h2 class=\"wp-block-heading\"><span class=\"ez-toc-section\" id=\"Clave_4_Iluminacion_como_protagonista\"><\/span>Clave 4: Iluminaci\u00f3n como protagonista<span class=\"ez-toc-section-end\"><\/span><\/h2>\n\n\n\n<p class=\"has-medium-font-size wp-block-paragraph\">En la decoraci\u00f3n art d\u00e9co modernizada, la iluminaci\u00f3n no es solo funcional: es una declaraci\u00f3n de estilo. <strong>Las <a href=\"https:\/\/www.lamparayluz.es\/catalogsearch\/result\/?q=l%C3%A1mpara\" target=\"_blank\" rel=\"noopener\">l\u00e1mparas<\/a> escult\u00f3ricas aportan car\u00e1cter a cualquier estancia, con dise\u00f1os que juegan con vol\u00famenes, esferas y l\u00edneas puras<\/strong>. Un solo punto de luz puede transformar por completo el ambiente si se elige con intenci\u00f3n est\u00e9tica.<\/p>\n\n\n\n<p class=\"has-medium-font-size wp-block-paragraph\">Las piezas met\u00e1licas con <strong>acabados dorados o negro mate evocan el glamour de los a\u00f1os 20<\/strong>, pero con una lectura contempor\u00e1nea. Sus formas geom\u00e9tricas, inspiradas en el art d\u00e9co cl\u00e1sico, encajan a la perfecci\u00f3n en interiores actuales donde el dise\u00f1o cobra protagonismo. <strong>El contraste con materiales como m\u00e1rmol o terciopelo potencia su efecto decorativo<\/strong>.<\/p>\n\n\n\n<p class=\"has-medium-font-size wp-block-paragraph\">El uso del <strong>dorado<\/strong> sigue siendo una constante en este estilo, pero <strong>se presenta de forma m\u00e1s sutil y sofisticada<\/strong>. Lejos de excesos, se combina con cristal o vidrio ahumado para dar ligereza visual. Las <strong>bombillas vistas, de filamento o tipo globo<\/strong>, a\u00f1aden calidez sin romper la armon\u00eda.<\/p>\n\n\n\n<p class=\"has-medium-font-size wp-block-paragraph\">Los <strong>acabados en lat\u00f3n cepillado o cobre envejecido<\/strong> tambi\u00e9n son bienvenidos en este tipo de decoraci\u00f3n, aportando una p\u00e1tina de elegancia atemporal. Combinados con l\u00edneas depuradas, permiten reinterpretar el art d\u00e9co sin caer en lo teatral. El secreto est\u00e1 en saber equilibrar la presencia de cada elemento para lograr una atm\u00f3sfera envolvente.<\/p>\n\n\n\n<p class=\"has-medium-font-size wp-block-paragraph\">A nivel pr\u00e1ctico, colocar una <strong>l\u00e1mpara colgante sobre la mesa del comedor<\/strong> aporta dramatismo y estructura al espacio. En el sal\u00f3n, una <strong>l\u00e1mpara de pie junto a un sill\u00f3n<\/strong> puede crear un rinc\u00f3n de lectura con un aire sofisticado. En ambos casos, la iluminaci\u00f3n se convierte en eje vertebrador del dise\u00f1o.<\/p>\n\n\n\n<p class=\"has-medium-font-size wp-block-paragraph\">Las entradas y pasillos tambi\u00e9n son escenarios ideales para piezas ic\u00f3nicas. <strong>Una l\u00e1mpara con pantalla plisada, base geom\u00e9trica o combinaci\u00f3n de materiales nobles<\/strong> puede elevar visualmente estos espacios de paso, introduciendo el lenguaje art d\u00e9co desde el primer vistazo.<\/p>\n\n\n\n<div style=\"height:25px\" aria-hidden=\"true\" class=\"wp-block-spacer\"><\/div>\n\n\n\n<h2 class=\"wp-block-heading\"><span class=\"ez-toc-section\" id=\"Clave_5_Obras_de_arte_y_objetos_deco_bien_elegidos\"><\/span>Clave 5: Obras de arte y objetos deco bien elegidos<span class=\"ez-toc-section-end\"><\/span><\/h2>\n\n\n\n<p class=\"has-medium-font-size wp-block-paragraph\">Integrar obras de arte en una decoraci\u00f3n inspirada en el art d\u00e9co es un ejercicio de estilo y sensibilidad. Los <strong>cuadros abstractos, especialmente los que incorporan geometr\u00eda o trazos dorados sobre fondos oscuros<\/strong>, evocan el glamour de los a\u00f1os veinte y se adaptan con soltura a interiores contempor\u00e1neos.<\/p>\n\n\n\n<p class=\"has-medium-font-size wp-block-paragraph\">Las esculturas tambi\u00e9n juegan un papel clave. <strong>Piezas alargadas, estilizadas, de cer\u00e1mica o metal, aportan altura y dramatismo<\/strong>. En una consola o una estanter\u00eda abierta, <strong>una sola figura con car\u00e1cter puede transformar todo el espacio sin necesidad de saturarlo<\/strong>, reforzando esa atm\u00f3sfera sofisticada propia del art d\u00e9co m\u00e1s moderno.<\/p>\n\n\n\n<p class=\"has-medium-font-size wp-block-paragraph\">La cer\u00e1mica, por su parte, ofrece m\u00faltiples posibilidades decorativas. Las <strong>formas curvas, los esmaltes brillantes y los detalles en tonos esmeralda o dorado<\/strong> conectan con el esp\u00edritu cl\u00e1sico del estilo, pero con un enfoque renovado. <strong>Jarrones, cuencos o piezas murales<\/strong> pueden actuar como acentos visuales llenos de intenci\u00f3n.<\/p>\n\n\n\n<p class=\"has-medium-font-size wp-block-paragraph\">Una clave fundamental para lograr equilibrio en la decoraci\u00f3n es <strong>evitar la acumulaci\u00f3n de objetos<\/strong>. Menos es m\u00e1s, especialmente cuando cada pieza tiene una fuerte carga est\u00e9tica. <strong>Escoger bien y dar espacio a cada elemento permite que respire<\/strong>, que se exprese, y que dialogue con el resto del mobiliario sin caer en la estridencia.<\/p>\n\n\n\n<p class=\"has-medium-font-size wp-block-paragraph\">En este contexto, la selecci\u00f3n debe ser muy cuidadosa. <strong>No se trata de llenar, sino de contar una historia visual con pocos elementos y mucha personalidad<\/strong>. La composici\u00f3n debe parecer natural pero estar muy pensada, con puntos de inter\u00e9s que capten la atenci\u00f3n y aporten ritmo al ambiente.<\/p>\n\n\n\n<div style=\"height:25px\" aria-hidden=\"true\" class=\"wp-block-spacer\"><\/div>\n\n\n\n<figure class=\"wp-block-image alignfull size-full\"><img decoding=\"async\" width=\"2385\" height=\"1344\" src=\"https:\/\/mueblesdetena.es\/wp-content\/uploads\/2025\/05\/art-deco-4.jpg\" alt=\"art d\u00e9co, decoraci\u00f3n\" class=\"wp-image-38439\" srcset=\"https:\/\/mueblesdetena.es\/wp-content\/uploads\/2025\/05\/art-deco-4.jpg 2385w, https:\/\/mueblesdetena.es\/wp-content\/uploads\/2025\/05\/art-deco-4-300x169.jpg 300w, https:\/\/mueblesdetena.es\/wp-content\/uploads\/2025\/05\/art-deco-4-1024x577.jpg 1024w, https:\/\/mueblesdetena.es\/wp-content\/uploads\/2025\/05\/art-deco-4-768x433.jpg 768w, https:\/\/mueblesdetena.es\/wp-content\/uploads\/2025\/05\/art-deco-4-1536x866.jpg 1536w, https:\/\/mueblesdetena.es\/wp-content\/uploads\/2025\/05\/art-deco-4-2048x1154.jpg 2048w, https:\/\/mueblesdetena.es\/wp-content\/uploads\/2025\/05\/art-deco-4-600x338.jpg 600w\" sizes=\"(max-width: 2385px) 100vw, 2385px\" \/><\/figure>\n\n\n\n<div style=\"height:25px\" aria-hidden=\"true\" class=\"wp-block-spacer\"><\/div>\n\n\n\n<h2 class=\"wp-block-heading\"><span class=\"ez-toc-section\" id=\"Clave_6_Muebles_con_personalidad_y_caracter\"><\/span>Clave 6: Muebles con personalidad y car\u00e1cter<span class=\"ez-toc-section-end\"><\/span><\/h2>\n\n\n\n<p class=\"has-medium-font-size wp-block-paragraph\">En la decoraci\u00f3n art d\u00e9co modernizada, los muebles deben ser aut\u00e9nticos protagonistas. <strong>Las formas curvil\u00edneas evocan elegancia y movimiento<\/strong>, rompiendo con la rigidez de las l\u00edneas rectas. Un <strong><a href=\"https:\/\/mueblesdetena.es\/ru_ru\/sofas\/\">sof\u00e1<\/a> de brazos redondeados o una butaca envolvente<\/strong> pueden convertirse en piezas centrales que capturan la esencia de este estilo sin caer en lo recargado.<\/p>\n\n\n\n<p class=\"has-medium-font-size wp-block-paragraph\">Las <strong>patas met\u00e1licas, especialmente en acabados dorados o bronce<\/strong>, aportan un toque de sofisticaci\u00f3n que se asocia directamente con el art d\u00e9co. Tambi\u00e9n los <strong>frentes acanalados o con relieves geom\u00e9tricos<\/strong> marcan la diferencia: aportan textura visual y car\u00e1cter a muebles de almacenaje como aparadores o c\u00f3modas, y convierten lo funcional en arte.<\/p>\n\n\n\n<p class=\"has-medium-font-size wp-block-paragraph\">El contraste es clave para equilibrar el conjunto. Los <strong>muebles con presencia, materiales nobles y acabados trabajados<\/strong> ganan a\u00fan m\u00e1s fuerza cuando se colocan frente a paredes lisas o sobre suelos neutros. Este juego de contrastes permite que cada elemento respire y aporte sin saturar.<\/p>\n\n\n\n<p class=\"has-medium-font-size wp-block-paragraph\">Una base clara, como un <strong>pavimento de microcemento o una pintura en tonos piedra, act\u00faa como lienzo perfecto<\/strong> para piezas de mobiliario con personalidad. As\u00ed, <strong>cada mueble se percibe como una escultura<\/strong>, logrando ese efecto galer\u00eda tan deseado en la decoraci\u00f3n contempor\u00e1nea con aires art d\u00e9co.<\/p>\n\n\n\n<p class=\"has-medium-font-size wp-block-paragraph\">Combinar un sof\u00e1 inspirado en el art d\u00e9co con muebles de l\u00edneas m\u00e1s limpias es una f\u00f3rmula ganadora. Imagina un <strong>sof\u00e1 en terciopelo gris perla, con patas de lat\u00f3n, flanqueado por mesas auxiliares de madera clara o lacadas en blanco<\/strong>: el contraste no solo funciona, sino que refuerza el car\u00e1cter de cada pieza.<\/p>\n\n\n\n<div style=\"height:25px\" aria-hidden=\"true\" class=\"wp-block-spacer\"><\/div>\n\n\n\n<h2 class=\"wp-block-heading\"><span class=\"ez-toc-section\" id=\"Clave_7_Combina_estilos_para_un_resultado_actual_y_vivido\"><\/span>Clave 7: Combina estilos para un resultado actual y vivido<span class=\"ez-toc-section-end\"><\/span><\/h2>\n\n\n\n<p class=\"has-medium-font-size wp-block-paragraph\">La fuerza del art d\u00e9co reside en su capacidad para dialogar con otros lenguajes. Cuando se mezcla con el estilo contempor\u00e1neo o con piezas de inspiraci\u00f3n n\u00f3rdica, el resultado cobra una naturalidad sorprendente. <strong>Maderas claras, l\u00edneas limpias y tejidos suaves aportan calidez al dramatismo sofisticado del art d\u00e9co<\/strong>.<\/p>\n\n\n\n<p class=\"has-medium-font-size wp-block-paragraph\">Este equilibrio elegante permite crear ambientes vividos, que no parecen sacados de un cat\u00e1logo. Un aparador con frentes acanalados puede compartir espacio con una butaca de l\u00edneas org\u00e1nicas y una l\u00e1mpara de pie minimalista. <strong>La clave est\u00e1 en respetar las proporciones, dejando que cada pieza respire y tenga su lugar<\/strong>.<\/p>\n\n\n\n<p class=\"has-medium-font-size wp-block-paragraph\"><strong>Romper con la rigidez del estilo original<\/strong> implica suavizar su car\u00e1cter geom\u00e9trico y ornamental. En lugar de reproducirlo al pie de la letra, se trata de reinterpretarlo en clave actual. Por ejemplo, <strong>sustituyendo los dorados brillantes por acabados mate o los m\u00e1rmoles densos por porcel\u00e1nicos m\u00e1s ligeros<\/strong>.<\/p>\n\n\n\n<p class=\"has-medium-font-size wp-block-paragraph\">As\u00ed, la decoraci\u00f3n gana en frescura sin perder identidad. <strong>Una pared en tono topo, un sof\u00e1 de terciopelo sin capiton\u00e9 o una alfombra de dibujo abstracto ayudan a modular la intensidad visual del conjunto<\/strong>. La mezcla, lejos de diluir el estilo, lo hace m\u00e1s accesible y adaptable a la vida real.<\/p>\n\n\n\n<p class=\"has-medium-font-size wp-block-paragraph\">En viviendas reales, esta fusi\u00f3n de estilos resulta especialmente interesante en espacios sociales. Un comedor donde conviven <strong>una mesa ovalada de nogal con sillas tapizadas en lino y una l\u00e1mpara dorada suspendida logra transmitir sofisticaci\u00f3n sin excesos<\/strong>. Todo encaja cuando se combinan materiales, formas y acabados con intenci\u00f3n.<\/p>\n\n\n\n<div style=\"height:25px\" aria-hidden=\"true\" class=\"wp-block-spacer\"><\/div>\n\n\n\n<figure class=\"wp-block-image alignfull size-full\"><img loading=\"lazy\" decoding=\"async\" width=\"2385\" height=\"1344\" src=\"https:\/\/mueblesdetena.es\/wp-content\/uploads\/2025\/05\/art-deco-5.jpg\" alt=\"art d\u00e9co, decoraci\u00f3n\" class=\"wp-image-38440\" srcset=\"https:\/\/mueblesdetena.es\/wp-content\/uploads\/2025\/05\/art-deco-5.jpg 2385w, https:\/\/mueblesdetena.es\/wp-content\/uploads\/2025\/05\/art-deco-5-300x169.jpg 300w, https:\/\/mueblesdetena.es\/wp-content\/uploads\/2025\/05\/art-deco-5-1024x577.jpg 1024w, https:\/\/mueblesdetena.es\/wp-content\/uploads\/2025\/05\/art-deco-5-768x433.jpg 768w, https:\/\/mueblesdetena.es\/wp-content\/uploads\/2025\/05\/art-deco-5-1536x866.jpg 1536w, https:\/\/mueblesdetena.es\/wp-content\/uploads\/2025\/05\/art-deco-5-2048x1154.jpg 2048w, https:\/\/mueblesdetena.es\/wp-content\/uploads\/2025\/05\/art-deco-5-600x338.jpg 600w\" sizes=\"(max-width: 2385px) 100vw, 2385px\" \/><\/figure>\n\n\n\n<div style=\"height:25px\" aria-hidden=\"true\" class=\"wp-block-spacer\"><\/div>\n\n\n\n<p class=\"has-medium-font-size wp-block-paragraph\">El esp\u00edritu del art d\u00e9co sigue vivo, no como una copia nost\u00e1lgica, sino como una reinterpretaci\u00f3n sofisticada que encuentra su lugar en la decoraci\u00f3n actual. A trav\u00e9s de sus formas geom\u00e9tricas, texturas nobles y acentos dorados, este estilo renace con una mirada contempor\u00e1nea, m\u00e1s liviana, c\u00e1lida y adaptada a la vida cotidiana.<\/p>\n\n\n\n<p class=\"has-medium-font-size wp-block-paragraph\">Atr\u00e9vete a experimentar combinando piezas ic\u00f3nicas con muebles de l\u00edneas modernas. Un aparador con relieve, una butaca curva o una l\u00e1mpara escult\u00f3rica pueden transformar una estancia sin necesidad de saturarla. La clave est\u00e1 en elegir con intenci\u00f3n, dando protagonismo a materiales de calidad y acabados cuidados que marquen la diferencia sin imponerse.<\/p>\n\n\n\n<p class=\"has-medium-font-size wp-block-paragraph\">\u0412 <a class=\"\" href=\"https:\/\/mueblesdetena.es\/ru_ru\/\">Muebles Detena<\/a> encontrar\u00e1s propuestas pensadas para dar forma a esta visi\u00f3n renovada del art d\u00e9co, donde cada elemento suma car\u00e1cter y armon\u00eda. Porque decorar no es llenar, sino componer. Y tu casa, con las piezas adecuadas, puede convertirse en un escenario de estilo propio y atemporal.<\/p>","protected":false},"excerpt":{"rendered":"<p>Hablar de art d\u00e9co es viajar a una \u00e9poca de esplendor est\u00e9tico. Nacido en los a\u00f1os 20, este estilo marc\u00f3 una revoluci\u00f3n en el mundo de la decoraci\u00f3n con su culto a la geometr\u00eda, los materiales nobles y la elegancia sofisticada. Su influencia se extendi\u00f3 del dise\u00f1o interior a la arquitectura y las artes decorativas. [&hellip;]<\/p>\n","protected":false},"author":618,"featured_media":38436,"comment_status":"closed","ping_status":"open","sticky":false,"template":"","format":"standard","meta":{"site-sidebar-layout":"default","site-content-layout":"","ast-site-content-layout":"default","site-content-style":"default","site-sidebar-style":"default","ast-global-header-display":"","ast-banner-title-visibility":"","ast-main-header-display":"","ast-hfb-above-header-display":"","ast-hfb-below-header-display":"","ast-hfb-mobile-header-display":"","site-post-title":"","ast-breadcrumbs-content":"","ast-featured-img":"","footer-sml-layout":"","ast-disable-related-posts":"","theme-transparent-header-meta":"","adv-header-id-meta":"","stick-header-meta":"","header-above-stick-meta":"","header-main-stick-meta":"","header-below-stick-meta":"","astra-migrate-meta-layouts":"set","ast-page-background-enabled":"default","ast-page-background-meta":{"desktop":{"background-color":"var(--ast-global-color-4)","background-image":"","background-repeat":"repeat","background-position":"center center","background-size":"auto","background-attachment":"scroll","background-type":"","background-media":"","overlay-type":"","overlay-color":"","overlay-opacity":"","overlay-gradient":""},"tablet":{"background-color":"","background-image":"","background-repeat":"repeat","background-position":"center center","background-size":"auto","background-attachment":"scroll","background-type":"","background-media":"","overlay-type":"","overlay-color":"","overlay-opacity":"","overlay-gradient":""},"mobile":{"background-color":"","background-image":"","background-repeat":"repeat","background-position":"center center","background-size":"auto","background-attachment":"scroll","background-type":"","background-media":"","overlay-type":"","overlay-color":"","overlay-opacity":"","overlay-gradient":""}},"ast-content-background-meta":{"desktop":{"background-color":"var(--ast-global-color-5)","background-image":"","background-repeat":"repeat","background-position":"center center","background-size":"auto","background-attachment":"scroll","background-type":"","background-media":"","overlay-type":"","overlay-color":"","overlay-opacity":"","overlay-gradient":""},"tablet":{"background-color":"var(--ast-global-color-5)","background-image":"","background-repeat":"repeat","background-position":"center center","background-size":"auto","background-attachment":"scroll","background-type":"","background-media":"","overlay-type":"","overlay-color":"","overlay-opacity":"","overlay-gradient":""},"mobile":{"background-color":"var(--ast-global-color-5)","background-image":"","background-repeat":"repeat","background-position":"center center","background-size":"auto","background-attachment":"scroll","background-type":"","background-media":"","overlay-type":"","overlay-color":"","overlay-opacity":"","overlay-gradient":""}},"_joinchat":[],"footnotes":""},"categories":[1],"tags":[],"class_list":["post-38427","post","type-post","status-publish","format-standard","has-post-thumbnail","hentry","category-sin-categoria"],"_links":{"self":[{"href":"https:\/\/mueblesdetena.es\/ru_ru\/wp-json\/wp\/v2\/posts\/38427","targetHints":{"allow":["GET"]}}],"collection":[{"href":"https:\/\/mueblesdetena.es\/ru_ru\/wp-json\/wp\/v2\/posts"}],"about":[{"href":"https:\/\/mueblesdetena.es\/ru_ru\/wp-json\/wp\/v2\/types\/post"}],"author":[{"embeddable":true,"href":"https:\/\/mueblesdetena.es\/ru_ru\/wp-json\/wp\/v2\/users\/618"}],"replies":[{"embeddable":true,"href":"https:\/\/mueblesdetena.es\/ru_ru\/wp-json\/wp\/v2\/comments?post=38427"}],"version-history":[{"count":1,"href":"https:\/\/mueblesdetena.es\/ru_ru\/wp-json\/wp\/v2\/posts\/38427\/revisions"}],"predecessor-version":[{"id":38441,"href":"https:\/\/mueblesdetena.es\/ru_ru\/wp-json\/wp\/v2\/posts\/38427\/revisions\/38441"}],"wp:featuredmedia":[{"embeddable":true,"href":"https:\/\/mueblesdetena.es\/ru_ru\/wp-json\/wp\/v2\/media\/38436"}],"wp:attachment":[{"href":"https:\/\/mueblesdetena.es\/ru_ru\/wp-json\/wp\/v2\/media?parent=38427"}],"wp:term":[{"taxonomy":"category","embeddable":true,"href":"https:\/\/mueblesdetena.es\/ru_ru\/wp-json\/wp\/v2\/categories?post=38427"},{"taxonomy":"post_tag","embeddable":true,"href":"https:\/\/mueblesdetena.es\/ru_ru\/wp-json\/wp\/v2\/tags?post=38427"}],"curies":[{"name":"wp","href":"https:\/\/api.w.org\/{rel}","templated":true}]}}