{"id":38622,"date":"2025-06-10T09:00:00","date_gmt":"2025-06-10T07:00:00","guid":{"rendered":"https:\/\/mueblesdetena.es\/?p=38622"},"modified":"2025-10-28T12:48:18","modified_gmt":"2025-10-28T11:48:18","slug":"decoracion-de-verano-12-ideas-muebles-para-2025","status":"publish","type":"post","link":"https:\/\/mueblesdetena.es\/ru_ru\/decoracion-de-verano-12-ideas-muebles-para-2025\/","title":{"rendered":"Decoraci\u00f3n de verano: 12 ideas de muebles y complementos para 2025"},"content":{"rendered":"<p class=\"has-medium-font-size wp-block-paragraph\">Con la llegada del buen tiempo, la casa se convierte en ese refugio luminoso que invita a vivir m\u00e1s despacio, con las ventanas abiertas y el aroma a verano col\u00e1ndose por cada rinc\u00f3n. Es el momento perfecto para transformar nuestro hogar con piezas ligeras y sugerentes que refresquen los ambientes sin perder calidez ni estilo.<\/p>\n\n\n\n<p class=\"has-medium-font-size wp-block-paragraph\">La clave est\u00e1 en elegir con acierto esos peque\u00f1os muebles y complementos capaces de multiplicar el confort, sin necesidad de hacer reformas ni grandes inversiones. Un banco con almacenaje, una l\u00e1mpara de fibras naturales o una alfombra de yute pueden marcar la diferencia cuando hablamos de bienestar estival y de una decoraci\u00f3n de verano que respira calma.<\/p>\n\n\n\n<p class=\"has-medium-font-size wp-block-paragraph\">En este art\u00edculo te proponemos <strong>12 ideas funcionales y decorativas que llenar\u00e1n tu casa de frescura<\/strong>. Soluciones vers\u00e1tiles, est\u00e9ticas y muy \u00fatiles que se adaptan a cada estancia para que disfrutes del verano con una decoraci\u00f3n pensada para seducir todos los sentidos.<\/p>\n\n\n\n<div style=\"height:25px\" aria-hidden=\"true\" class=\"wp-block-spacer\"><\/div>\n\n\n\n<div id=\"ez-toc-container\" class=\"ez-toc-v2_0_85 counter-hierarchy ez-toc-counter ez-toc-grey ez-toc-container-direction\">\n<div class=\"ez-toc-title-container\">\n<p class=\"ez-toc-title\" style=\"cursor:inherit\">Table of Contents<\/p>\n<span class=\"ez-toc-title-toggle\"><a href=\"#\" class=\"ez-toc-pull-right ez-toc-btn ez-toc-btn-xs ez-toc-btn-default ez-toc-toggle\" aria-label=\"Toggle Table of Content\"><span class=\"ez-toc-js-icon-con\"><span class=\"\"><span class=\"eztoc-hide\" style=\"display:none;\">Toggle<\/span><span class=\"ez-toc-icon-toggle-span\"><svg style=\"fill: #999;color:#999\" xmlns=\"http:\/\/www.w3.org\/2000\/svg\" class=\"list-377408\" width=\"20px\" height=\"20px\" viewbox=\"0 0 24 24\" fill=\"none\"><path d=\"M6 6H4v2h2V6zm14 0H8v2h12V6zM4 11h2v2H4v-2zm16 0H8v2h12v-2zM4 16h2v2H4v-2zm16 0H8v2h12v-2z\" fill=\"currentColor\"><\/path><\/svg><svg style=\"fill: #999;color:#999\" class=\"arrow-unsorted-368013\" xmlns=\"http:\/\/www.w3.org\/2000\/svg\" width=\"10px\" height=\"10px\" viewbox=\"0 0 24 24\" version=\"1.2\" baseprofile=\"tiny\"><path d=\"M18.2 9.3l-6.2-6.3-6.2 6.3c-.2.2-.3.4-.3.7s.1.5.3.7c.2.2.4.3.7.3h11c.3 0 .5-.1.7-.3.2-.2.3-.5.3-.7s-.1-.5-.3-.7zM5.8 14.7l6.2 6.3 6.2-6.3c.2-.2.3-.5.3-.7s-.1-.5-.3-.7c-.2-.2-.4-.3-.7-.3h-11c-.3 0-.5.1-.7.3-.2.2-.3.5-.3.7s.1.5.3.7z\"\/><\/svg><\/span><\/span><\/span><\/a><\/span><\/div>\n<nav><ul class='ez-toc-list ez-toc-list-level-1' ><li class='ez-toc-page-1 ez-toc-heading-level-2'><a class=\"ez-toc-link ez-toc-heading-1\" href=\"https:\/\/mueblesdetena.es\/ru_ru\/decoracion-de-verano-12-ideas-muebles-para-2025\/#1_Mesitas_auxiliares_de_materiales_naturales\" >1. Mesitas auxiliares de materiales naturales<\/a><\/li><li class='ez-toc-page-1 ez-toc-heading-level-2'><a class=\"ez-toc-link ez-toc-heading-2\" href=\"https:\/\/mueblesdetena.es\/ru_ru\/decoracion-de-verano-12-ideas-muebles-para-2025\/#2_Carros_camarera_con_ruedas_Versatilidad_en_movimiento\" >2. Carros camarera con ruedas: Versatilidad en movimiento<\/a><\/li><li class='ez-toc-page-1 ez-toc-heading-level-2'><a class=\"ez-toc-link ez-toc-heading-3\" href=\"https:\/\/mueblesdetena.es\/ru_ru\/decoracion-de-verano-12-ideas-muebles-para-2025\/#3_Cojines_XXL_o_puff_blandos_para_crear_zonas_chill_out\" >3. Cojines XXL o puff blandos para crear zonas chill out<\/a><\/li><li class='ez-toc-page-1 ez-toc-heading-level-2'><a class=\"ez-toc-link ez-toc-heading-4\" href=\"https:\/\/mueblesdetena.es\/ru_ru\/decoracion-de-verano-12-ideas-muebles-para-2025\/#4_Bancos_con_almacenaje_para_recibidores_mas_frescos\" >4. Bancos con almacenaje para recibidores m\u00e1s frescos<\/a><\/li><li class='ez-toc-page-1 ez-toc-heading-level-2'><a class=\"ez-toc-link ez-toc-heading-5\" href=\"https:\/\/mueblesdetena.es\/ru_ru\/decoracion-de-verano-12-ideas-muebles-para-2025\/#5_Biombos_o_separadores_ligeros_para_crear_sombra_y_privacidad\" >5. Biombos o separadores ligeros para crear sombra y privacidad<\/a><\/li><li class='ez-toc-page-1 ez-toc-heading-level-2'><a class=\"ez-toc-link ez-toc-heading-6\" href=\"https:\/\/mueblesdetena.es\/ru_ru\/decoracion-de-verano-12-ideas-muebles-para-2025\/#6_Muebles_bajos_para_liberar_visualmente_el_espacio\" >6. Muebles bajos para liberar visualmente el espacio<\/a><\/li><li class='ez-toc-page-1 ez-toc-heading-level-2'><a class=\"ez-toc-link ez-toc-heading-7\" href=\"https:\/\/mueblesdetena.es\/ru_ru\/decoracion-de-verano-12-ideas-muebles-para-2025\/#7_Alfombras_de_fibras_vegetales_para_marcar_zonas_sin_sobrecargar\" >7. Alfombras de fibras vegetales para marcar zonas sin sobrecargar<\/a><\/li><li class='ez-toc-page-1 ez-toc-heading-level-2'><a class=\"ez-toc-link ez-toc-heading-8\" href=\"https:\/\/mueblesdetena.es\/ru_ru\/decoracion-de-verano-12-ideas-muebles-para-2025\/#8_Estanterias_abiertas_y_ligeras_para_renovar_sin_recargar\" >8. Estanter\u00edas abiertas y ligeras para renovar sin recargar<\/a><\/li><li class='ez-toc-page-1 ez-toc-heading-level-2'><a class=\"ez-toc-link ez-toc-heading-9\" href=\"https:\/\/mueblesdetena.es\/ru_ru\/decoracion-de-verano-12-ideas-muebles-para-2025\/#9_Lamparas_de_fibras_naturales_para_una_luz_calida_y_relajada\" >9. L\u00e1mparas de fibras naturales para una luz c\u00e1lida y relajada<\/a><\/li><li class='ez-toc-page-1 ez-toc-heading-level-2'><a class=\"ez-toc-link ez-toc-heading-10\" href=\"https:\/\/mueblesdetena.es\/ru_ru\/decoracion-de-verano-12-ideas-muebles-para-2025\/#10_Taburetes_ligeros_para_reuniones_improvisadas\" >10. Taburetes ligeros para reuniones improvisadas<\/a><\/li><li class='ez-toc-page-1 ez-toc-heading-level-2'><a class=\"ez-toc-link ez-toc-heading-11\" href=\"https:\/\/mueblesdetena.es\/ru_ru\/decoracion-de-verano-12-ideas-muebles-para-2025\/#11_Espejos_grandes_para_ampliar_la_luz_natural\" >11. Espejos grandes para ampliar la luz natural<\/a><\/li><li class='ez-toc-page-1 ez-toc-heading-level-2'><a class=\"ez-toc-link ez-toc-heading-12\" href=\"https:\/\/mueblesdetena.es\/ru_ru\/decoracion-de-verano-12-ideas-muebles-para-2025\/#12_Percheros_de_pie_para_sombreros_bolsos_de_playa_y_toallas\" >12. Percheros de pie para sombreros, bolsos de playa y toallas<\/a><\/li><\/ul><\/nav><\/div>\n<h2 class=\"wp-block-heading\"><span class=\"ez-toc-section\" id=\"1_Mesitas_auxiliares_de_materiales_naturales\"><\/span>1. Mesitas auxiliares de materiales naturales<span class=\"ez-toc-section-end\"><\/span><\/h2>\n\n\n\n<p class=\"has-medium-font-size wp-block-paragraph\">Las mesitas auxiliares elaboradas con materiales naturales como <strong>el rat\u00e1n, el bamb\u00fa o el mimbre<\/strong> evocan, de forma inmediata, esa ligereza que buscamos en la decoraci\u00f3n de verano. Son fibras que <strong>remiten a la naturaleza, al mar, a los porches abiertos y al descanso despreocupado<\/strong>. Adem\u00e1s, aportan textura, calidez y un encanto artesanal que transforma cualquier rinc\u00f3n.<\/p>\n\n\n\n<p class=\"has-medium-font-size wp-block-paragraph\">En interiores, pueden funcionar como <strong>pieza de apoyo junto al sof\u00e1 o al lado de una butaca de lectura<\/strong>. En terrazas cubiertas, su resistencia y est\u00e9tica relajada las convierten en las aliadas perfectas para crear una atm\u00f3sfera envolvente y coherente con los meses c\u00e1lidos. <strong>Combinadas con cojines de lino o con l\u00e1mparas de fibras<\/strong>, refuerzan el car\u00e1cter estival del espacio.<\/p>\n\n\n\n<p class=\"has-medium-font-size wp-block-paragraph\">Y si algo las hace imprescindibles en la decoraci\u00f3n de verano es su <strong>capacidad de adaptarse a distintos usos<\/strong>: una mesita de bamb\u00fa puede ser soporte para una jarra de limonada, un libro abierto o una vela arom\u00e1tica al caer la tarde.<\/p>\n\n\n\n<div style=\"height:25px\" aria-hidden=\"true\" class=\"wp-block-spacer\"><\/div>\n\n\n\n<h2 class=\"wp-block-heading\"><span class=\"ez-toc-section\" id=\"2_Carros_camarera_con_ruedas_Versatilidad_en_movimiento\"><\/span>2. Carros camarera con ruedas: Versatilidad en movimiento<span class=\"ez-toc-section-end\"><\/span><\/h2>\n\n\n\n<p class=\"has-medium-font-size wp-block-paragraph\">Los carros camarera con ruedas se han convertido en un aut\u00e9ntico must de la decoraci\u00f3n de verano por su capacidad para adaptarse a cualquier ocasi\u00f3n. <strong>Funcionan como un minibar improvisado, una estaci\u00f3n de limonada en la terraza o un rinc\u00f3n decorativo con jarrones de flores silvestres y portavelas<\/strong>. Su ligereza visual y su aire retro los convierten en una pieza tan pr\u00e1ctica como estilosa.<\/p>\n\n\n\n<p class=\"has-medium-font-size wp-block-paragraph\">La gran ventaja de este tipo de mueble es su movilidad. <strong>Puedes trasladarlo sin esfuerzo del sal\u00f3n a la terraza o del comedor a una zona chill out<\/strong> seg\u00fan lo requiera el momento. En cenas con amigos o celebraciones informales, <strong>aporta dinamismo y permite mantener todo lo necesario a mano<\/strong> sin renunciar al estilo. Ideal para quienes viven la casa como un espacio vers\u00e1til y cambiante.<\/p>\n\n\n\n<p class=\"has-medium-font-size wp-block-paragraph\">Adem\u00e1s, su dise\u00f1o compacto y funcional lo hace <strong>perfecto tambi\u00e9n para exteriores protegidos como porches o balcones cubiertos<\/strong>. En estos espacios, el carro camarera se transforma en un <strong>elemento multifuncional que organiza y decora al mismo tiempo<\/strong>, aline\u00e1ndose con esa decoraci\u00f3n de verano relajada y acogedora donde cada objeto tiene su lugar y su prop\u00f3sito.<\/p>\n\n\n\n<div style=\"height:25px\" aria-hidden=\"true\" class=\"wp-block-spacer\"><\/div>\n\n\n\n<figure class=\"wp-block-image alignfull size-full\"><img fetchpriority=\"high\" decoding=\"async\" width=\"2385\" height=\"1344\" src=\"https:\/\/mueblesdetena.es\/wp-content\/uploads\/2025\/06\/decoracion-de-verano-2.jpg\" alt=\"decoraci\u00f3n de verano\" class=\"wp-image-38648\" srcset=\"https:\/\/mueblesdetena.es\/wp-content\/uploads\/2025\/06\/decoracion-de-verano-2.jpg 2385w, https:\/\/mueblesdetena.es\/wp-content\/uploads\/2025\/06\/decoracion-de-verano-2-300x169.jpg 300w, https:\/\/mueblesdetena.es\/wp-content\/uploads\/2025\/06\/decoracion-de-verano-2-1024x577.jpg 1024w, https:\/\/mueblesdetena.es\/wp-content\/uploads\/2025\/06\/decoracion-de-verano-2-768x433.jpg 768w, https:\/\/mueblesdetena.es\/wp-content\/uploads\/2025\/06\/decoracion-de-verano-2-1536x866.jpg 1536w, https:\/\/mueblesdetena.es\/wp-content\/uploads\/2025\/06\/decoracion-de-verano-2-2048x1154.jpg 2048w, https:\/\/mueblesdetena.es\/wp-content\/uploads\/2025\/06\/decoracion-de-verano-2-600x338.jpg 600w\" sizes=\"(max-width: 2385px) 100vw, 2385px\" \/><\/figure>\n\n\n\n<div style=\"height:25px\" aria-hidden=\"true\" class=\"wp-block-spacer\"><\/div>\n\n\n\n<h2 class=\"wp-block-heading\"><span class=\"ez-toc-section\" id=\"3_Cojines_XXL_o_puff_blandos_para_crear_zonas_chill_out\"><\/span>3. Cojines XXL o puff blandos para crear zonas chill out<span class=\"ez-toc-section-end\"><\/span><\/h2>\n\n\n\n<p class=\"has-medium-font-size wp-block-paragraph\">Los cojines XXL y los puff blandos se han convertido en piezas clave dentro de la decoraci\u00f3n de verano. S<strong>us formas generosas invitan al descanso, a la charla sin prisas y a disfrutar de los d\u00edas largos<\/strong>. Apuesta por tonos como el <strong>blanco roto, el azul claro o los matices arena<\/strong> para lograr una atm\u00f3sfera ligera y mediterr\u00e1nea que refresque visualmente cualquier rinc\u00f3n.<\/p>\n\n\n\n<p class=\"has-medium-font-size wp-block-paragraph\">En interiores, su <strong>colocaci\u00f3n junto a grandes ventanales o en el centro del sal\u00f3n<\/strong> puede redefinir la zona de estar sin necesidad de mover el mobiliario principal. En terrazas o porches, funcionan como el <strong>eje central de un espacio chill out improvisado<\/strong>, perfecto para leer, tomar algo fresco o simplemente desconectar. La clave est\u00e1 en agruparlos con sentido y jugar con distintas alturas y texturas.<\/p>\n\n\n\n<p class=\"has-medium-font-size wp-block-paragraph\">Para que estos complementos resulten realmente pr\u00e1cticos, opta por <strong>fundas de lino o algod\u00f3n lavables y resistentes al sol<\/strong>. Adem\u00e1s de aportar un tacto fresco y natural, estos tejidos <strong>prolongan la vida \u00fatil de los cojines durante toda la temporada estival<\/strong>. Una elecci\u00f3n que conjuga estilo y funcionalidad, elevando la decoraci\u00f3n de verano a su m\u00e1xima expresi\u00f3n de confort.<\/p>\n\n\n\n<div style=\"height:25px\" aria-hidden=\"true\" class=\"wp-block-spacer\"><\/div>\n\n\n\n<h2 class=\"wp-block-heading\"><span class=\"ez-toc-section\" id=\"4_Bancos_con_almacenaje_para_recibidores_mas_frescos\"><\/span>4. Bancos con almacenaje para recibidores m\u00e1s frescos<span class=\"ez-toc-section-end\"><\/span><\/h2>\n\n\n\n<p class=\"has-medium-font-size wp-block-paragraph\">Nada como un banco con almacenaje para dar la bienvenida al verano desde el <a href=\"https:\/\/mueblesdetena.es\/ru_ru\/?s=recibidor\">recibidor<\/a>. Estas piezas, tan pr\u00e1cticas como est\u00e9ticas, <strong>permiten tener a mano sandalias, toallas o accesorios de piscina<\/strong> sin que el desorden se apodere del espacio. En plena temporada estival, la decoraci\u00f3n de verano se construye tambi\u00e9n a partir del orden.<\/p>\n\n\n\n<p class=\"has-medium-font-size wp-block-paragraph\">Adem\u00e1s de funcionales, estos <a href=\"https:\/\/mueblesdetena.es\/ru_ru\/banco-zapatero-dsm-5184\/\">bancos<\/a> se convierten en un recurso decorativo de primer nivel. Con <strong>acabados en madera clara, textiles en lino o fibras naturales<\/strong>, aportan ligereza visual y un aire fresco que encaja perfectamente con una decoraci\u00f3n de verano cuidada pero sin artificios. Un banco bien elegido puede transformar por completo la entrada de casa.<\/p>\n\n\n\n<p class=\"has-medium-font-size wp-block-paragraph\">M\u00e1s all\u00e1 del recibidor, su versatilidad los convierte en piezas clave <strong>tambi\u00e9n para el dormitorio, colocados a los pies de la cama<\/strong>. Sirven como superficie de apoyo, espacio de almacenaje o incluso como detalle decorativo para rematar una composici\u00f3n veraniega pensada con mimo.<\/p>\n\n\n\n<div style=\"height:25px\" aria-hidden=\"true\" class=\"wp-block-spacer\"><\/div>\n\n\n\n<h2 class=\"wp-block-heading\"><span class=\"ez-toc-section\" id=\"5_Biombos_o_separadores_ligeros_para_crear_sombra_y_privacidad\"><\/span>5. Biombos o separadores ligeros para crear sombra y privacidad<span class=\"ez-toc-section-end\"><\/span><\/h2>\n\n\n\n<p class=\"has-medium-font-size wp-block-paragraph\">En la decoraci\u00f3n de verano, los biombos se convierten en grandes aliados para <strong>transformar espacios amplios en rincones \u00edntimos llenos de encanto<\/strong>. Ya sea en un sal\u00f3n de planta abierta o en una terraza generosa, <strong>un separador ligero permite dividir sin cerrar<\/strong>, creando zonas de lectura, descanso o conversaci\u00f3n con un simple gesto decorativo.<\/p>\n\n\n\n<p class=\"has-medium-font-size wp-block-paragraph\">Los materiales juegan un papel esencial en este tipo de piezas. Optar por <strong>biombos de madera natural, lino o rat\u00e1n<\/strong> refuerza la conexi\u00f3n con la naturaleza, aportando frescura visual y una textura ligera que deja respirar el ambiente. Estas fibras, adem\u00e1s, <strong>encajan a la perfecci\u00f3n con el estilo relajado y acogedor<\/strong> que caracteriza la decoraci\u00f3n de verano m\u00e1s actual.<\/p>\n\n\n\n<p class=\"has-medium-font-size wp-block-paragraph\">Como valor a\u00f1adido, estos biombos pueden cumplir una doble funci\u00f3n est\u00e9tica. <strong>Util\u00edzalos como soporte para colgar peque\u00f1as luces solares, guirnaldas o textiles ligeros<\/strong> que aporten movimiento y color. As\u00ed, no solo delimitas espacios, sino que tambi\u00e9n los vistes con un aire veraniego y sofisticado.<\/p>\n\n\n\n<div style=\"height:25px\" aria-hidden=\"true\" class=\"wp-block-spacer\"><\/div>\n\n\n\n<figure class=\"wp-block-image alignfull size-full\"><img decoding=\"async\" width=\"2385\" height=\"1344\" src=\"https:\/\/mueblesdetena.es\/wp-content\/uploads\/2025\/06\/decoracion-de-verano-3.jpg\" alt=\"decoraci\u00f3n de verano\" class=\"wp-image-38649\" srcset=\"https:\/\/mueblesdetena.es\/wp-content\/uploads\/2025\/06\/decoracion-de-verano-3.jpg 2385w, https:\/\/mueblesdetena.es\/wp-content\/uploads\/2025\/06\/decoracion-de-verano-3-300x169.jpg 300w, https:\/\/mueblesdetena.es\/wp-content\/uploads\/2025\/06\/decoracion-de-verano-3-1024x577.jpg 1024w, https:\/\/mueblesdetena.es\/wp-content\/uploads\/2025\/06\/decoracion-de-verano-3-768x433.jpg 768w, https:\/\/mueblesdetena.es\/wp-content\/uploads\/2025\/06\/decoracion-de-verano-3-1536x866.jpg 1536w, https:\/\/mueblesdetena.es\/wp-content\/uploads\/2025\/06\/decoracion-de-verano-3-2048x1154.jpg 2048w, https:\/\/mueblesdetena.es\/wp-content\/uploads\/2025\/06\/decoracion-de-verano-3-600x338.jpg 600w\" sizes=\"(max-width: 2385px) 100vw, 2385px\" \/><\/figure>\n\n\n\n<div style=\"height:25px\" aria-hidden=\"true\" class=\"wp-block-spacer\"><\/div>\n\n\n\n<h2 class=\"wp-block-heading\"><span class=\"ez-toc-section\" id=\"6_Muebles_bajos_para_liberar_visualmente_el_espacio\"><\/span>6. Muebles bajos para liberar visualmente el espacio<span class=\"ez-toc-section-end\"><\/span><\/h2>\n\n\n\n<p class=\"has-medium-font-size wp-block-paragraph\">En plena temporada estival, la decoraci\u00f3n de verano <strong>invita a despejar, a dejar que la luz fluya sin obst\u00e1culos<\/strong> y que cada rinc\u00f3n respire. Los muebles bajos son aliados perfectos para conseguir esa horizontalidad visual tan propia del estilo veraniego: <strong>ayudan a que las estancias parezcan m\u00e1s amplias, abiertas y conectadas con el exterior<\/strong>.<\/p>\n\n\n\n<p class=\"has-medium-font-size wp-block-paragraph\">Las <strong>c\u00f3modas ligeras, los <a href=\"https:\/\/mueblesdetena.es\/ru_ru\/aparador-duo-112-rimobel\/\">aparadores<\/a> bajos o los <a href=\"https:\/\/mueblesdetena.es\/ru_ru\/composicion-comedor\/\">muebles de televisi\u00f3n<\/a> planos<\/strong> permiten redistribuir el peso visual de una habitaci\u00f3n sin renunciar al almacenamiento. <strong>En tonos neutros o con acabados en madera clara<\/strong>, estas piezas se integran con naturalidad en salones, comedores o dormitorios, aportando orden sin saturar. Son funcionales, est\u00e9ticos y perfectamente alineados con la esencia fresca del verano.<\/p>\n\n\n\n<div style=\"height:25px\" aria-hidden=\"true\" class=\"wp-block-spacer\"><\/div>\n\n\n\n<h2 class=\"wp-block-heading\"><span class=\"ez-toc-section\" id=\"7_Alfombras_de_fibras_vegetales_para_marcar_zonas_sin_sobrecargar\"><\/span>7. Alfombras de fibras vegetales para marcar zonas sin sobrecargar<span class=\"ez-toc-section-end\"><\/span><\/h2>\n\n\n\n<p class=\"has-medium-font-size wp-block-paragraph\">Las alfombras de fibras vegetales son un must en cualquier propuesta de decoraci\u00f3n de verano. Su textura natural y su ligereza visual las convierten en aliadas perfectas para refrescar ambientes sin restar calidez. En salones con suelos fr\u00edos o terrazas con pavimentos duros, <strong>aportan confort bajo los pies y un toque org\u00e1nico muy actual<\/strong>.<\/p>\n\n\n\n<p class=\"has-medium-font-size wp-block-paragraph\">Entre las opciones m\u00e1s recomendables, <strong>destacan las alfombras de yute por su trenzado irregular, las de sisal por su resistencia y las de coco por su rusticidad elegante<\/strong>. Cada fibra imprime una personalidad distinta al espacio, pero todas <strong>comparten la cualidad de integrarse de forma sutil en cualquier estilo<\/strong> decorativo sin sobrecargarlo, algo esencial en los meses m\u00e1s c\u00e1lidos.<\/p>\n\n\n\n<p class=\"has-medium-font-size wp-block-paragraph\">M\u00e1s all\u00e1 de su funci\u00f3n pr\u00e1ctica, estas alfombras son <strong>excelentes para delimitar visualmente peque\u00f1os ambientes<\/strong>. Un rinc\u00f3n de lectura junto a la ventana o una zona de desayuno en la terraza ganan protagonismo con solo incorporar una alfombra vegetal bien elegida.<\/p>\n\n\n\n<div style=\"height:25px\" aria-hidden=\"true\" class=\"wp-block-spacer\"><\/div>\n\n\n\n<h2 class=\"wp-block-heading\"><span class=\"ez-toc-section\" id=\"8_Estanterias_abiertas_y_ligeras_para_renovar_sin_recargar\"><\/span>8. Estanter\u00edas abiertas y ligeras para renovar sin recargar<span class=\"ez-toc-section-end\"><\/span><\/h2>\n\n\n\n<p class=\"has-medium-font-size wp-block-paragraph\">Las estanter\u00edas abiertas son grandes aliadas cuando buscamos una decoraci\u00f3n de verano ligera, din\u00e1mica y con personalidad. Cambiar su contenido con la llegada del buen tiempo es un gesto sencillo pero muy efectivo: <strong>basta con retirar libros pesados y tonos oscuros, y apostar por composiciones m\u00e1s frescas con conchas marinas, jarrones de cristal y peque\u00f1os ramos de flores silvestres<\/strong>.<\/p>\n\n\n\n<p class=\"has-medium-font-size wp-block-paragraph\">Los materiales tambi\u00e9n marcan la diferencia. Para lograr un look veraniego aut\u00e9ntico, conviene decantarse por <strong>estanter\u00edas en madera clara, metal blanco o incluso estructuras de bamb\u00fa<\/strong>. Estos acabados aportan frescura visual y se integran f\u00e1cilmente en estilos tanto r\u00fasticos como contempor\u00e1neos, ayudando a crear una atm\u00f3sfera luminosa y acogedora sin recargar el espacio.<\/p>\n\n\n\n<p class=\"has-medium-font-size wp-block-paragraph\">Una idea que suma estilo y funcionalidad es <strong>adoptar una \u201cdecoraci\u00f3n rotativa de temporada\u201d<\/strong>. Aprovecha estas baldas para reflejar el paso de las estaciones y dar vida al ambiente: en verano, los tonos arena, las fibras naturales y los motivos marinos protagonizan la escena con absoluta naturalidad.<\/p>\n\n\n\n<div style=\"height:25px\" aria-hidden=\"true\" class=\"wp-block-spacer\"><\/div>\n\n\n\n<figure class=\"wp-block-image alignfull size-full\"><img decoding=\"async\" width=\"2385\" height=\"1344\" src=\"https:\/\/mueblesdetena.es\/wp-content\/uploads\/2025\/06\/decoracion-de-verano-4.jpg\" alt=\"decoraci\u00f3n de verano\" class=\"wp-image-38651\" srcset=\"https:\/\/mueblesdetena.es\/wp-content\/uploads\/2025\/06\/decoracion-de-verano-4.jpg 2385w, https:\/\/mueblesdetena.es\/wp-content\/uploads\/2025\/06\/decoracion-de-verano-4-300x169.jpg 300w, https:\/\/mueblesdetena.es\/wp-content\/uploads\/2025\/06\/decoracion-de-verano-4-1024x577.jpg 1024w, https:\/\/mueblesdetena.es\/wp-content\/uploads\/2025\/06\/decoracion-de-verano-4-768x433.jpg 768w, https:\/\/mueblesdetena.es\/wp-content\/uploads\/2025\/06\/decoracion-de-verano-4-1536x866.jpg 1536w, https:\/\/mueblesdetena.es\/wp-content\/uploads\/2025\/06\/decoracion-de-verano-4-2048x1154.jpg 2048w, https:\/\/mueblesdetena.es\/wp-content\/uploads\/2025\/06\/decoracion-de-verano-4-600x338.jpg 600w\" sizes=\"(max-width: 2385px) 100vw, 2385px\" \/><\/figure>\n\n\n\n<div style=\"height:25px\" aria-hidden=\"true\" class=\"wp-block-spacer\"><\/div>\n\n\n\n<h2 class=\"wp-block-heading\"><span class=\"ez-toc-section\" id=\"9_Lamparas_de_fibras_naturales_para_una_luz_calida_y_relajada\"><\/span>9. L\u00e1mparas de fibras naturales para una luz c\u00e1lida y relajada<span class=\"ez-toc-section-end\"><\/span><\/h2>\n\n\n\n<p class=\"has-medium-font-size wp-block-paragraph\">Las l\u00e1mparas de fibras naturales como el <strong>rat\u00e1n, el esparto o el bamb\u00fa<\/strong> aportan una textura org\u00e1nica y una calidez visual dif\u00edcil de igualar, convirti\u00e9ndose en piezas clave en cualquier propuesta de decoraci\u00f3n de verano. <strong>Su entramado irregular filtra la luz suavemente, proyectando destellos y sombras<\/strong> que evocan atardeceres en la costa o siestas bajo un porche de campo.<\/p>\n\n\n\n<p class=\"has-medium-font-size wp-block-paragraph\">Ubicarlas en puntos estrat\u00e9gicos, como <strong>sobre la mesa del comedor, en las mesillas de noche o suspendidas en el techo de un porche cubierto<\/strong>, es un acierto seguro. En salones amplios, se convierten en el foco visual que equilibra y suaviza otros elementos. En dormitorios, invitan al descanso con una luz que acaricia m\u00e1s que ilumina, perfecta para acompa\u00f1ar las noches estivales.<\/p>\n\n\n\n<p class=\"has-medium-font-size wp-block-paragraph\">Para lograr ese efecto envolvente tan buscado en la decoraci\u00f3n de verano, <strong>lo ideal es optar por <a href=\"https:\/\/www.lamparayluz.es\/catalogsearch\/result\/?q=bombilla+led\" target=\"_blank\" rel=\"noopener\">bombillas LED<\/a> c\u00e1lidas y luz indirecta<\/strong>. Una l\u00e1mpara colgante con pantalla calada, combinada con puntos de luz bajos, genera un ambiente sereno, \u00edntimo y refrescante.<\/p>\n\n\n\n<div style=\"height:25px\" aria-hidden=\"true\" class=\"wp-block-spacer\"><\/div>\n\n\n\n<h2 class=\"wp-block-heading\"><span class=\"ez-toc-section\" id=\"10_Taburetes_ligeros_para_reuniones_improvisadas\"><\/span>10. Taburetes ligeros para reuniones improvisadas<span class=\"ez-toc-section-end\"><\/span><\/h2>\n\n\n\n<p class=\"has-medium-font-size wp-block-paragraph\">En la decoraci\u00f3n de verano, los taburetes ligeros se convierten en piezas clave por su versatilidad y encanto informal. <strong>F\u00e1ciles de mover de un lado a otro, permiten reorganizar el espacio seg\u00fan las necesidades del momento<\/strong>: una comida improvisada en la terraza, una charla al atardecer o una partida de cartas junto a la ventana.<\/p>\n\n\n\n<p class=\"has-medium-font-size wp-block-paragraph\">Adem\u00e1s, su <strong>capacidad para apilarse o guardarse sin esfuerzo<\/strong> los hace ideales para quienes buscan funcionalidad sin renunciar al estilo. En ambientes de inspiraci\u00f3n mediterr\u00e1nea o n\u00f3rdica, estos taburetes <strong>encajan con naturalidad gracias a sus l\u00edneas limpias, materiales claros y acabados que evocan frescura, ligereza y sencillez<\/strong>.<\/p>\n\n\n\n<p class=\"has-medium-font-size wp-block-paragraph\">M\u00e1s all\u00e1 de su funci\u00f3n como asiento, son <strong>perfectos como mesas auxiliares junto al sof\u00e1, peanas improvisadas para lucir plantas veraniegas o incluso como soporte para bandejas decorativas<\/strong>. Son ese peque\u00f1o gran recurso que transforma cualquier rinc\u00f3n en un espacio vivo y adaptable, acorde con la esencia relajada del verano.<\/p>\n\n\n\n<div style=\"height:25px\" aria-hidden=\"true\" class=\"wp-block-spacer\"><\/div>\n\n\n\n<h2 class=\"wp-block-heading\"><span class=\"ez-toc-section\" id=\"11_Espejos_grandes_para_ampliar_la_luz_natural\"><\/span>11. Espejos grandes para ampliar la luz natural<span class=\"ez-toc-section-end\"><\/span><\/h2>\n\n\n\n<p class=\"has-medium-font-size wp-block-paragraph\">Colocar un espejo de gran formato frente a una ventana o fuente de luz es uno de los trucos m\u00e1s eficaces en decoraci\u00f3n de verano. No solo <strong>multiplica la claridad natural, tambi\u00e9n aligera visualmente la estancia y la conecta con el exterior<\/strong>. En espacios reducidos, este recurso puede marcar la diferencia sin obras ni reformas.<\/p>\n\n\n\n<p class=\"has-medium-font-size wp-block-paragraph\">Los <strong>marcos<\/strong> juegan un papel clave: las <strong>molduras en blanco decapado o maderas claras aportan una nota luminosa y relajada<\/strong>, perfecta para acentuar el estilo veraniego. Este tipo de acabados <strong>evocan la est\u00e9tica mediterr\u00e1nea<\/strong>, donde la sencillez y la calidez se funden en piezas atemporales. Un espejo bien elegido puede convertirse en el centro de todas las miradas.<\/p>\n\n\n\n<p class=\"has-medium-font-size wp-block-paragraph\">Para potenciar a\u00fan m\u00e1s ese efecto de frescura, <strong>acompa\u00f1a el espejo con cortinas vaporosas, como visillos de lino en tonos crudos o arena<\/strong>. As\u00ed se completa una atm\u00f3sfera de decoraci\u00f3n de verano ligera y envolvente, sin necesidad de cambiar ni un solo mueble.<\/p>\n\n\n\n<div style=\"height:25px\" aria-hidden=\"true\" class=\"wp-block-spacer\"><\/div>\n\n\n\n<figure class=\"wp-block-image alignfull size-full\"><img loading=\"lazy\" decoding=\"async\" width=\"2385\" height=\"1344\" src=\"https:\/\/mueblesdetena.es\/wp-content\/uploads\/2025\/06\/decoracion-de-verano-5.jpg\" alt=\"decoraci\u00f3n de verano\" class=\"wp-image-38650\" srcset=\"https:\/\/mueblesdetena.es\/wp-content\/uploads\/2025\/06\/decoracion-de-verano-5.jpg 2385w, https:\/\/mueblesdetena.es\/wp-content\/uploads\/2025\/06\/decoracion-de-verano-5-300x169.jpg 300w, https:\/\/mueblesdetena.es\/wp-content\/uploads\/2025\/06\/decoracion-de-verano-5-1024x577.jpg 1024w, https:\/\/mueblesdetena.es\/wp-content\/uploads\/2025\/06\/decoracion-de-verano-5-768x433.jpg 768w, https:\/\/mueblesdetena.es\/wp-content\/uploads\/2025\/06\/decoracion-de-verano-5-1536x866.jpg 1536w, https:\/\/mueblesdetena.es\/wp-content\/uploads\/2025\/06\/decoracion-de-verano-5-2048x1154.jpg 2048w, https:\/\/mueblesdetena.es\/wp-content\/uploads\/2025\/06\/decoracion-de-verano-5-600x338.jpg 600w\" sizes=\"(max-width: 2385px) 100vw, 2385px\" \/><\/figure>\n\n\n\n<div style=\"height:25px\" aria-hidden=\"true\" class=\"wp-block-spacer\"><\/div>\n\n\n\n<h2 class=\"wp-block-heading\"><span class=\"ez-toc-section\" id=\"12_Percheros_de_pie_para_sombreros_bolsos_de_playa_y_toallas\"><\/span>12. Percheros de pie para sombreros, bolsos de playa y toallas<span class=\"ez-toc-section-end\"><\/span><\/h2>\n\n\n\n<p class=\"has-medium-font-size wp-block-paragraph\">En la decoraci\u00f3n de verano, cada detalle cuenta a la hora de aportar frescura y ligereza a los espacios. Los percheros de pie se convierten en piezas clave, tanto por su valor est\u00e9tico como por su funcionalidad. En recibidores o salones, funcionan como un punto de apoyo para sombreros, capazos o toallas con encanto mediterr\u00e1neo.<\/p>\n\n\n\n<p class=\"has-medium-font-size wp-block-paragraph\"><strong>Apostar por modelos de madera clara o hierro blanco<\/strong> ayuda a mantener la armon\u00eda con un estilo veraniego, liviano y natural. Estas <strong>estructuras abiertas, sin necesidad de ocupar una pared, aportan verticalidad sin saturar<\/strong> y se integran f\u00e1cilmente en cualquier rinc\u00f3n del hogar, realzando la luz y el orden visual.<\/p>\n\n\n\n<p class=\"has-medium-font-size wp-block-paragraph\">Adem\u00e1s, pueden transformarse en una aut\u00e9ntica estaci\u00f3n de verano: un <strong>lugar pr\u00e1ctico donde tener a mano todo lo necesario para salir a la terraza, bajar a la piscina o hacer una escapada expr\u00e9s<\/strong>. Una soluci\u00f3n tan decorativa como funcional para exprimir los d\u00edas de sol desde casa.<\/p>\n\n\n\n<hr class=\"wp-block-separator has-text-color has-ast-global-color-1-color has-alpha-channel-opacity has-ast-global-color-1-background-color has-background is-style-default\" style=\"margin-top:var(--wp--preset--spacing--40);margin-bottom:var(--wp--preset--spacing--40)\"\/>\n\n\n\n<p class=\"has-medium-font-size wp-block-paragraph\">Transformar tu casa con una cuidada selecci\u00f3n de muebles peque\u00f1os y complementos puede lograr mucho m\u00e1s de lo que imaginas. Un simple biombo, una l\u00e1mpara de fibras naturales o un banco con almacenaje bien colocado aportan ese toque ligero y fresco que tanto apetece durante los meses c\u00e1lidos. La decoraci\u00f3n de verano no exige grandes reformas, solo decisiones bien pensadas.<\/p>\n\n\n\n<p class=\"has-medium-font-size wp-block-paragraph\">El secreto est\u00e1 en encontrar piezas vers\u00e1tiles, de l\u00edneas limpias y materiales org\u00e1nicos que inviten al relax y a disfrutar del interior como si fuera una prolongaci\u00f3n del exterior. Desde una mesita de rat\u00e1n en el sal\u00f3n hasta un perchero con aires mediterr\u00e1neos, cada detalle suma. La decoraci\u00f3n de verano es, sobre todo, una forma de vivir el hogar con otra luz y otro ritmo.<\/p>\n\n\n\n<p class=\"has-medium-font-size wp-block-paragraph\">\u0412 <a href=\"https:\/\/mueblesdetena.es\/ru_ru\/\"><strong>Muebles Detena<\/strong><\/a> tenemos opciones pensadas en ayudarte a renovar tu casa con estilo, funcionalidad y frescura. Accesorios que inspiran, muebles que se adaptan y soluciones que hacen de cada rinc\u00f3n un peque\u00f1o oasis de bienestar veraniego. La decoraci\u00f3n de verano empieza por elegir bien.<\/p>\n\n\n\n<p class=\"wp-block-paragraph\"><\/p>","protected":false},"excerpt":{"rendered":"<p>Con la llegada del buen tiempo, la casa se convierte en ese refugio luminoso que invita a vivir m\u00e1s despacio, con las ventanas abiertas y el aroma a verano col\u00e1ndose por cada rinc\u00f3n. Es el momento perfecto para transformar nuestro hogar con piezas ligeras y sugerentes que refresquen los ambientes sin perder calidez ni estilo. [&hellip;]<\/p>\n","protected":false},"author":618,"featured_media":38641,"comment_status":"closed","ping_status":"open","sticky":false,"template":"","format":"standard","meta":{"site-sidebar-layout":"default","site-content-layout":"","ast-site-content-layout":"default","site-content-style":"default","site-sidebar-style":"default","ast-global-header-display":"","ast-banner-title-visibility":"","ast-main-header-display":"","ast-hfb-above-header-display":"","ast-hfb-below-header-display":"","ast-hfb-mobile-header-display":"","site-post-title":"","ast-breadcrumbs-content":"","ast-featured-img":"","footer-sml-layout":"","ast-disable-related-posts":"","theme-transparent-header-meta":"","adv-header-id-meta":"","stick-header-meta":"","header-above-stick-meta":"","header-main-stick-meta":"","header-below-stick-meta":"","astra-migrate-meta-layouts":"set","ast-page-background-enabled":"default","ast-page-background-meta":{"desktop":{"background-color":"var(--ast-global-color-4)","background-image":"","background-repeat":"repeat","background-position":"center center","background-size":"auto","background-attachment":"scroll","background-type":"","background-media":"","overlay-type":"","overlay-color":"","overlay-opacity":"","overlay-gradient":""},"tablet":{"background-color":"","background-image":"","background-repeat":"repeat","background-position":"center center","background-size":"auto","background-attachment":"scroll","background-type":"","background-media":"","overlay-type":"","overlay-color":"","overlay-opacity":"","overlay-gradient":""},"mobile":{"background-color":"","background-image":"","background-repeat":"repeat","background-position":"center center","background-size":"auto","background-attachment":"scroll","background-type":"","background-media":"","overlay-type":"","overlay-color":"","overlay-opacity":"","overlay-gradient":""}},"ast-content-background-meta":{"desktop":{"background-color":"var(--ast-global-color-5)","background-image":"","background-repeat":"repeat","background-position":"center center","background-size":"auto","background-attachment":"scroll","background-type":"","background-media":"","overlay-type":"","overlay-color":"","overlay-opacity":"","overlay-gradient":""},"tablet":{"background-color":"var(--ast-global-color-5)","background-image":"","background-repeat":"repeat","background-position":"center center","background-size":"auto","background-attachment":"scroll","background-type":"","background-media":"","overlay-type":"","overlay-color":"","overlay-opacity":"","overlay-gradient":""},"mobile":{"background-color":"var(--ast-global-color-5)","background-image":"","background-repeat":"repeat","background-position":"center center","background-size":"auto","background-attachment":"scroll","background-type":"","background-media":"","overlay-type":"","overlay-color":"","overlay-opacity":"","overlay-gradient":""}},"_joinchat":[],"footnotes":""},"categories":[1],"tags":[],"class_list":["post-38622","post","type-post","status-publish","format-standard","has-post-thumbnail","hentry","category-sin-categoria"],"_links":{"self":[{"href":"https:\/\/mueblesdetena.es\/ru_ru\/wp-json\/wp\/v2\/posts\/38622","targetHints":{"allow":["GET"]}}],"collection":[{"href":"https:\/\/mueblesdetena.es\/ru_ru\/wp-json\/wp\/v2\/posts"}],"about":[{"href":"https:\/\/mueblesdetena.es\/ru_ru\/wp-json\/wp\/v2\/types\/post"}],"author":[{"embeddable":true,"href":"https:\/\/mueblesdetena.es\/ru_ru\/wp-json\/wp\/v2\/users\/618"}],"replies":[{"embeddable":true,"href":"https:\/\/mueblesdetena.es\/ru_ru\/wp-json\/wp\/v2\/comments?post=38622"}],"version-history":[{"count":3,"href":"https:\/\/mueblesdetena.es\/ru_ru\/wp-json\/wp\/v2\/posts\/38622\/revisions"}],"predecessor-version":[{"id":38836,"href":"https:\/\/mueblesdetena.es\/ru_ru\/wp-json\/wp\/v2\/posts\/38622\/revisions\/38836"}],"wp:featuredmedia":[{"embeddable":true,"href":"https:\/\/mueblesdetena.es\/ru_ru\/wp-json\/wp\/v2\/media\/38641"}],"wp:attachment":[{"href":"https:\/\/mueblesdetena.es\/ru_ru\/wp-json\/wp\/v2\/media?parent=38622"}],"wp:term":[{"taxonomy":"category","embeddable":true,"href":"https:\/\/mueblesdetena.es\/ru_ru\/wp-json\/wp\/v2\/categories?post=38622"},{"taxonomy":"post_tag","embeddable":true,"href":"https:\/\/mueblesdetena.es\/ru_ru\/wp-json\/wp\/v2\/tags?post=38622"}],"curies":[{"name":"wp","href":"https:\/\/api.w.org\/{rel}","templated":true}]}}