{"id":38989,"date":"2025-06-24T09:00:00","date_gmt":"2025-06-24T07:00:00","guid":{"rendered":"https:\/\/mueblesdetena.es\/?p=38989"},"modified":"2025-10-02T09:56:34","modified_gmt":"2025-10-02T07:56:34","slug":"buhardilla-habitable-9-claves-convertirla-hogar","status":"publish","type":"post","link":"https:\/\/mueblesdetena.es\/ru_ru\/buhardilla-habitable-9-claves-convertirla-hogar\/","title":{"rendered":"Una buhardilla habitable: 9 claves para convertir este espacio en tu hogar"},"content":{"rendered":"<p class=\"has-medium-font-size wp-block-paragraph\">Convertir una buhardilla en un hogar independiente es una de esas decisiones que transforman por completo la funcionalidad de una casa. Donde antes hab\u00eda un espacio desaprovechado o meramente auxiliar, puede surgir un hogar completo, \u00edntimo y acogedor. Una soluci\u00f3n perfecta para j\u00f3venes, invitados o incluso como apartamento en alquiler.<\/p>\n\n\n\n<p class=\"has-medium-font-size wp-block-paragraph\">La magia est\u00e1 en mirar m\u00e1s all\u00e1 de las vigas inclinadas y los techos bajos para descubrir todo el potencial de una buhardilla bien dise\u00f1ada. Si se cuida la distribuci\u00f3n, el confort y la est\u00e9tica, este espacio puede convertirse en un hogar luminoso y c\u00e1lido, con car\u00e1cter propio y encanto natural.<\/p>\n\n\n\n<p class=\"has-medium-font-size wp-block-paragraph\">En este art\u00edculo te guiamos paso a paso para lograrlo. Desde evaluar el espacio hasta dise\u00f1ar el sal\u00f3n, optimizar el almacenamiento o crear una cocina funcional. Nueve claves esenciales que convertir\u00e1n tu buhardilla en un hogar completamente equipado, lista para ser vivida con estilo y sin renuncias.<\/p>\n\n\n\n<div style=\"height:25px\" aria-hidden=\"true\" class=\"wp-block-spacer\"><\/div>\n\n\n\n<div id=\"ez-toc-container\" class=\"ez-toc-v2_0_85 counter-hierarchy ez-toc-counter ez-toc-grey ez-toc-container-direction\">\n<div class=\"ez-toc-title-container\">\n<p class=\"ez-toc-title\" style=\"cursor:inherit\">Table of Contents<\/p>\n<span class=\"ez-toc-title-toggle\"><a href=\"#\" class=\"ez-toc-pull-right ez-toc-btn ez-toc-btn-xs ez-toc-btn-default ez-toc-toggle\" aria-label=\"Toggle Table of Content\"><span class=\"ez-toc-js-icon-con\"><span class=\"\"><span class=\"eztoc-hide\" style=\"display:none;\">Toggle<\/span><span class=\"ez-toc-icon-toggle-span\"><svg style=\"fill: #999;color:#999\" xmlns=\"http:\/\/www.w3.org\/2000\/svg\" class=\"list-377408\" width=\"20px\" height=\"20px\" viewbox=\"0 0 24 24\" fill=\"none\"><path d=\"M6 6H4v2h2V6zm14 0H8v2h12V6zM4 11h2v2H4v-2zm16 0H8v2h12v-2zM4 16h2v2H4v-2zm16 0H8v2h12v-2z\" fill=\"currentColor\"><\/path><\/svg><svg style=\"fill: #999;color:#999\" class=\"arrow-unsorted-368013\" xmlns=\"http:\/\/www.w3.org\/2000\/svg\" width=\"10px\" height=\"10px\" viewbox=\"0 0 24 24\" version=\"1.2\" baseprofile=\"tiny\"><path d=\"M18.2 9.3l-6.2-6.3-6.2 6.3c-.2.2-.3.4-.3.7s.1.5.3.7c.2.2.4.3.7.3h11c.3 0 .5-.1.7-.3.2-.2.3-.5.3-.7s-.1-.5-.3-.7zM5.8 14.7l6.2 6.3 6.2-6.3c.2-.2.3-.5.3-.7s-.1-.5-.3-.7c-.2-.2-.4-.3-.7-.3h-11c-.3 0-.5.1-.7.3-.2.2-.3.5-.3.7s.1.5.3.7z\"\/><\/svg><\/span><\/span><\/span><\/a><\/span><\/div>\n<nav><ul class='ez-toc-list ez-toc-list-level-1' ><li class='ez-toc-page-1 ez-toc-heading-level-2'><a class=\"ez-toc-link ez-toc-heading-1\" href=\"https:\/\/mueblesdetena.es\/ru_ru\/buhardilla-habitable-9-claves-convertirla-hogar\/#1_Evalua_la_viabilidad_del_espacio\" >1. Eval\u00faa la viabilidad del espacio<\/a><\/li><li class='ez-toc-page-1 ez-toc-heading-level-2'><a class=\"ez-toc-link ez-toc-heading-2\" href=\"https:\/\/mueblesdetena.es\/ru_ru\/buhardilla-habitable-9-claves-convertirla-hogar\/#2_Mejora_el_aislamiento_termico_y_acustico\" >2. Mejora el aislamiento t\u00e9rmico y ac\u00fastico<\/a><\/li><li class='ez-toc-page-1 ez-toc-heading-level-2'><a class=\"ez-toc-link ez-toc-heading-3\" href=\"https:\/\/mueblesdetena.es\/ru_ru\/buhardilla-habitable-9-claves-convertirla-hogar\/#3_Potencia_la_luz_natural_y_la_ventilacion\" >3. Potencia la luz natural y la ventilaci\u00f3n<\/a><\/li><li class='ez-toc-page-1 ez-toc-heading-level-2'><a class=\"ez-toc-link ez-toc-heading-4\" href=\"https:\/\/mueblesdetena.es\/ru_ru\/buhardilla-habitable-9-claves-convertirla-hogar\/#4_Distribuye_los_espacios_de_forma_funcional\" >4. Distribuye los espacios de forma funcional<\/a><\/li><li class='ez-toc-page-1 ez-toc-heading-level-2'><a class=\"ez-toc-link ez-toc-heading-5\" href=\"https:\/\/mueblesdetena.es\/ru_ru\/buhardilla-habitable-9-claves-convertirla-hogar\/#5_Disena_un_salon_acogedor_con_personalidad\" >5. Dise\u00f1a un sal\u00f3n acogedor con personalidad<\/a><\/li><li class='ez-toc-page-1 ez-toc-heading-level-2'><a class=\"ez-toc-link ez-toc-heading-6\" href=\"https:\/\/mueblesdetena.es\/ru_ru\/buhardilla-habitable-9-claves-convertirla-hogar\/#6_Instala_una_cocina_practica_y_compacta\" >6. Instala una cocina pr\u00e1ctica y compacta<\/a><\/li><li class='ez-toc-page-1 ez-toc-heading-level-2'><a class=\"ez-toc-link ez-toc-heading-7\" href=\"https:\/\/mueblesdetena.es\/ru_ru\/buhardilla-habitable-9-claves-convertirla-hogar\/#7_Crea_un_dormitorio_calido_y_sereno\" >7. Crea un dormitorio c\u00e1lido y sereno<\/a><\/li><li class='ez-toc-page-1 ez-toc-heading-level-2'><a class=\"ez-toc-link ez-toc-heading-8\" href=\"https:\/\/mueblesdetena.es\/ru_ru\/buhardilla-habitable-9-claves-convertirla-hogar\/#8_Anade_un_bano_completo_aunque_sea_pequeno\" >8. A\u00f1ade un ba\u00f1o completo, aunque sea peque\u00f1o<\/a><\/li><li class='ez-toc-page-1 ez-toc-heading-level-2'><a class=\"ez-toc-link ez-toc-heading-9\" href=\"https:\/\/mueblesdetena.es\/ru_ru\/buhardilla-habitable-9-claves-convertirla-hogar\/#9_No_olvides_el_almacenamiento_inteligente\" >9. No olvides el almacenamiento inteligente<\/a><\/li><\/ul><\/nav><\/div>\n<h2 class=\"wp-block-heading\"><span class=\"ez-toc-section\" id=\"1_Evalua_la_viabilidad_del_espacio\"><\/span>1. Eval\u00faa la viabilidad del espacio<span class=\"ez-toc-section-end\"><\/span><\/h2>\n\n\n\n<p class=\"has-medium-font-size wp-block-paragraph\">Antes de imaginar c\u00f3mo ser\u00e1 tu nuevo hogar, es imprescindible comprobar que la buhardilla cumple con los requisitos m\u00ednimos de habitabilidad. <strong>La altura libre debe ser, al menos, de 2,20 metros en el 60 % de la superficie<\/strong>. Si el techo es inclinado, conviene jugar con los espacios m\u00e1s altos para las zonas de uso principal.<\/p>\n\n\n\n<p class=\"has-medium-font-size wp-block-paragraph\">El acceso tambi\u00e9n es determinante. <strong>Una escalera segura y bien iluminada<\/strong> marca la diferencia entre una buhardilla decorativa y una vivienda funcional. Si el proyecto contempla un uso independiente, <strong>contar con una entrada propia, aunque sea compartida<\/strong>, facilitar\u00e1 su uso como vivienda separada o incluso como peque\u00f1o apartamento de alquiler.<\/p>\n\n\n\n<p class=\"has-medium-font-size wp-block-paragraph\">El estado estructural es otro punto que no puede pasarse por alto. Antes de iniciar cualquier obra, <strong>un t\u00e9cnico debe verificar que el forjado soporte las nuevas cargas<\/strong> que implicar\u00e1 convertir la buhardilla en hogar. Adem\u00e1s, es necesario tener en cuenta la normativa urban\u00edstica del municipio, que var\u00eda seg\u00fan la localidad y la antig\u00fcedad del edificio.<\/p>\n\n\n\n<p class=\"has-medium-font-size wp-block-paragraph\">Por \u00faltimo, si se desea legalizar el espacio como vivienda, ser\u00e1 necesario solicitar las <strong>licencias correspondientes<\/strong>. Esto incluye <strong>desde el cambio de uso hasta posibles permisos de obra mayor<\/strong>. Un proceso que, bien gestionado, abre las puertas a un hogar \u00fanico y con mucho encanto en las alturas.<\/p>\n\n\n\n<div style=\"height:25px\" aria-hidden=\"true\" class=\"wp-block-spacer\"><\/div>\n\n\n\n<h2 class=\"wp-block-heading\"><span class=\"ez-toc-section\" id=\"2_Mejora_el_aislamiento_termico_y_acustico\"><\/span>2. Mejora el aislamiento t\u00e9rmico y ac\u00fastico<span class=\"ez-toc-section-end\"><\/span><\/h2>\n\n\n\n<p class=\"has-medium-font-size wp-block-paragraph\">En una buhardilla, el aislamiento es la clave para conseguir un hogar confortable todo el a\u00f1o. Al tratarse de un espacio directamente bajo cubierta, es <strong>imprescindible reforzar el techo con materiales que conserven la temperatura en invierno y eviten el sobrecalentamiento en verano<\/strong>. Adem\u00e1s, aislar paredes y suelos contribuye a una mayor eficiencia energ\u00e9tica.<\/p>\n\n\n\n<p class=\"has-medium-font-size wp-block-paragraph\">Materiales como <strong>la lana de roca o la celulosa son opciones sostenibles y muy eficaces para crear un ambiente t\u00e9rmicamente estable<\/strong>. Tambi\u00e9n los paneles s\u00e1ndwich ofrecen una soluci\u00f3n compacta y f\u00e1cil de instalar, especialmente \u00fatil si buscamos una intervenci\u00f3n ligera. Estos elementos no solo aportan confort, sino que mejoran la habitabilidad general de la buhardilla.<\/p>\n\n\n\n<p class=\"has-medium-font-size wp-block-paragraph\">Si la buhardilla se convertir\u00e1 en una vivienda independiente, el aislamiento ac\u00fastico cobra a\u00fan m\u00e1s importancia. <strong>Incluir <a href=\"https:\/\/alapizarra.com\/buscar?controller=search&amp;s=panel+fonoabsorbente\" target=\"_blank\" rel=\"noopener\">l\u00e1minas fonoabsorbentes<\/a> entre tabiques o suelos ayuda a crear un hogar silencioso y privado<\/strong>, ideal para desconectar del resto de la vivienda sin renunciar a la calidez del dise\u00f1o.<\/p>\n\n\n\n<div style=\"height:25px\" aria-hidden=\"true\" class=\"wp-block-spacer\"><\/div>\n\n\n\n<figure class=\"wp-block-image alignfull size-full\"><img fetchpriority=\"high\" decoding=\"async\" width=\"2368\" height=\"1318\" src=\"https:\/\/mueblesdetena.es\/wp-content\/uploads\/2025\/06\/buhardilla-hogar-2.jpg\" alt=\"buhardilla, hogar\" class=\"wp-image-38994\" srcset=\"https:\/\/mueblesdetena.es\/wp-content\/uploads\/2025\/06\/buhardilla-hogar-2.jpg 2368w, https:\/\/mueblesdetena.es\/wp-content\/uploads\/2025\/06\/buhardilla-hogar-2-300x167.jpg 300w, https:\/\/mueblesdetena.es\/wp-content\/uploads\/2025\/06\/buhardilla-hogar-2-1024x570.jpg 1024w, https:\/\/mueblesdetena.es\/wp-content\/uploads\/2025\/06\/buhardilla-hogar-2-768x427.jpg 768w, https:\/\/mueblesdetena.es\/wp-content\/uploads\/2025\/06\/buhardilla-hogar-2-1536x855.jpg 1536w, https:\/\/mueblesdetena.es\/wp-content\/uploads\/2025\/06\/buhardilla-hogar-2-2048x1140.jpg 2048w, https:\/\/mueblesdetena.es\/wp-content\/uploads\/2025\/06\/buhardilla-hogar-2-600x334.jpg 600w\" sizes=\"(max-width: 2368px) 100vw, 2368px\" \/><\/figure>\n\n\n\n<div style=\"height:25px\" aria-hidden=\"true\" class=\"wp-block-spacer\"><\/div>\n\n\n\n<h2 class=\"wp-block-heading\"><span class=\"ez-toc-section\" id=\"3_Potencia_la_luz_natural_y_la_ventilacion\"><\/span>3. Potencia la luz natural y la ventilaci\u00f3n<span class=\"ez-toc-section-end\"><\/span><\/h2>\n\n\n\n<p class=\"has-medium-font-size wp-block-paragraph\">Las buhardillas tienen un encanto singular, pero a menudo parten de un reto: la escasez de luz natural. <strong>Una soluci\u00f3n eficaz es abrir el techo al cielo mediante ventanas tipo Velux o lucernarios<\/strong>. Esta intervenci\u00f3n no solo aporta claridad, tambi\u00e9n transforma la atm\u00f3sfera del espacio y lo convierte en un verdadero hogar.<\/p>\n\n\n\n<p class=\"has-medium-font-size wp-block-paragraph\">Una vez entra la luz, es clave saber reflejarla. Las <strong>paredes en tonos neutros como el blanco roto, la caliza o el arena<\/strong> multiplican la luminosidad y aportan calidez. Los <strong>revestimientos con acabado satinado o mate suave<\/strong> ayudan a evitar sombras duras y dan continuidad visual a la buhardilla sin recargarla.<\/p>\n\n\n\n<p class=\"has-medium-font-size wp-block-paragraph\">La distribuci\u00f3n tambi\u00e9n tiene su papel. <strong>Si se opta por una planta abierta, el aire circular\u00e1 con mayor libertad, y la luz alcanzar\u00e1 hasta el \u00faltimo rinc\u00f3n<\/strong>. Evita tabiques innecesarios y elige mobiliario ligero, que no obstaculice las corrientes ni reste amplitud a este nuevo hogar bajo el tejado.<\/p>\n\n\n\n<div style=\"height:25px\" aria-hidden=\"true\" class=\"wp-block-spacer\"><\/div>\n\n\n\n<h2 class=\"wp-block-heading\"><span class=\"ez-toc-section\" id=\"4_Distribuye_los_espacios_de_forma_funcional\"><\/span>4. Distribuye los espacios de forma funcional<span class=\"ez-toc-section-end\"><\/span><\/h2>\n\n\n\n<p class=\"has-medium-font-size wp-block-paragraph\">La clave para sacar partido a una buhardilla est\u00e1 en una distribuci\u00f3n que priorice el confort sin perder funcionalidad. <strong>Organiza la cocina, el ba\u00f1o, el dormitorio y la zona de estar en funci\u00f3n de la entrada de luz natural, respetando los techos inclinados y abriendo el espacio<\/strong> para dar una sensaci\u00f3n de amplitud continua. Cada rinc\u00f3n cuenta en este tipo de hogar.<\/p>\n\n\n\n<p class=\"has-medium-font-size wp-block-paragraph\"><strong>Las distribuciones tipo loft son perfectas para buhardillas peque\u00f1as<\/strong>: todo se integra visualmente sin barreras, pero se puede zonificar con alfombras, estanter\u00edas abiertas o cortinas ligeras. Esta sensaci\u00f3n de hogar fluido, sin interrupciones visuales, resulta especialmente acogedora y funcional cuando se trata de crear un espacio independiente dentro de una vivienda principal.<\/p>\n\n\n\n<p class=\"has-medium-font-size wp-block-paragraph\">El mobiliario modular es un gran aliado: <strong>un <a href=\"https:\/\/mueblesdetena.es\/ru_ru\/sofas-cama\/\">sof\u00e1 cama<\/a> c\u00f3modo, una <a href=\"https:\/\/mueblesdetena.es\/ru_ru\/mesas\/\">mesa<\/a> abatible en la pared o un <a href=\"https:\/\/mueblesdetena.es\/ru_ru\/armarios\/\">armario<\/a> empotrado bajo el alero<\/strong> pueden transformar la buhardilla en un hogar vers\u00e1til. Todo debe estar pensado para adaptarse, ocultarse o desplegarse seg\u00fan el momento del d\u00eda.<\/p>\n\n\n\n<div style=\"height:25px\" aria-hidden=\"true\" class=\"wp-block-spacer\"><\/div>\n\n\n\n<h2 class=\"wp-block-heading\"><span class=\"ez-toc-section\" id=\"5_Disena_un_salon_acogedor_con_personalidad\"><\/span>5. Dise\u00f1a un sal\u00f3n acogedor con personalidad<span class=\"ez-toc-section-end\"><\/span><\/h2>\n\n\n\n<p class=\"has-medium-font-size wp-block-paragraph\">Transformar la buhardilla en un verdadero hogar empieza por vestir el sal\u00f3n con calidez y armon\u00eda. Los <strong>colores tierra, como el beige o el topo, generan una atm\u00f3sfera serena y acogedora<\/strong>, perfecta para un espacio con techos inclinados. Acomp\u00e1\u00f1alos de <strong>textiles naturales, como el lino o el algod\u00f3n<\/strong>, que suavizan el ambiente y aportan frescura.<\/p>\n\n\n\n<p class=\"has-medium-font-size wp-block-paragraph\">Elige <strong>sof\u00e1s bajos de l\u00edneas redondeadas<\/strong> que respeten la proporci\u00f3n del espacio y favorezcan la amplitud visual. <strong>A\u00f1ade pufs mullidos y ligeros, f\u00e1ciles de mover<\/strong>, para crear un rinc\u00f3n vers\u00e1til. La iluminaci\u00f3n c\u00e1lida es clave: apuesta por <strong>l\u00e1mparas colgantes con pantallas de fibras o vidrio opalino<\/strong>, que difuminen la luz y conviertan la buhardilla en un refugio c\u00e1lido y sosegado.<\/p>\n\n\n\n<p class=\"has-medium-font-size wp-block-paragraph\">Para lograr un estilo moderno sin sobrecargar, <strong>combina materiales nobles como la madera vista con piezas de dise\u00f1o discreto<\/strong>. Una alfombra de yute, una estanter\u00eda abierta o un banco bajo la ventana pueden ser los toques finales que den personalidad al hogar sin restarle ligereza.<\/p>\n\n\n\n<div style=\"height:25px\" aria-hidden=\"true\" class=\"wp-block-spacer\"><\/div>\n\n\n\n<figure class=\"wp-block-image alignfull size-full\"><img decoding=\"async\" width=\"2368\" height=\"1318\" src=\"https:\/\/mueblesdetena.es\/wp-content\/uploads\/2025\/06\/buhardilla-hogar-3.jpg\" alt=\"buhardilla, hogar\" class=\"wp-image-38995\" srcset=\"https:\/\/mueblesdetena.es\/wp-content\/uploads\/2025\/06\/buhardilla-hogar-3.jpg 2368w, https:\/\/mueblesdetena.es\/wp-content\/uploads\/2025\/06\/buhardilla-hogar-3-300x167.jpg 300w, https:\/\/mueblesdetena.es\/wp-content\/uploads\/2025\/06\/buhardilla-hogar-3-1024x570.jpg 1024w, https:\/\/mueblesdetena.es\/wp-content\/uploads\/2025\/06\/buhardilla-hogar-3-768x427.jpg 768w, https:\/\/mueblesdetena.es\/wp-content\/uploads\/2025\/06\/buhardilla-hogar-3-1536x855.jpg 1536w, https:\/\/mueblesdetena.es\/wp-content\/uploads\/2025\/06\/buhardilla-hogar-3-2048x1140.jpg 2048w, https:\/\/mueblesdetena.es\/wp-content\/uploads\/2025\/06\/buhardilla-hogar-3-600x334.jpg 600w\" sizes=\"(max-width: 2368px) 100vw, 2368px\" \/><\/figure>\n\n\n\n<div style=\"height:25px\" aria-hidden=\"true\" class=\"wp-block-spacer\"><\/div>\n\n\n\n<h2 class=\"wp-block-heading\"><span class=\"ez-toc-section\" id=\"6_Instala_una_cocina_practica_y_compacta\"><\/span>6. Instala una cocina pr\u00e1ctica y compacta<span class=\"ez-toc-section-end\"><\/span><\/h2>\n\n\n\n<p class=\"has-medium-font-size wp-block-paragraph\">En una buhardilla, cada cent\u00edmetro cuenta, por eso las <strong>cocinas lineales o en forma de L<\/strong> son aliadas perfectas. Esta disposici\u00f3n <strong>permite una circulaci\u00f3n fluida, favorece la entrada de luz y ofrece una sensaci\u00f3n de orden<\/strong>. Con los muebles bien dispuestos, el espacio se convierte en un rinc\u00f3n funcional sin renunciar al estilo.<\/p>\n\n\n\n<p class=\"has-medium-font-size wp-block-paragraph\">Los <strong>electrodom\u00e9sticos peque\u00f1os y empotrados son clave<\/strong> para mantener una est\u00e9tica ligera y cuidada. <strong>Frigor\u00edficos bajo encimera, placas de inducci\u00f3n de dos fuegos y hornos multifunci\u00f3n integrados<\/strong> permiten disfrutar de todas las comodidades de un hogar completo, sin sobrecargar visualmente el ambiente ni sacrificar prestaciones.<\/p>\n\n\n\n<p class=\"has-medium-font-size wp-block-paragraph\">Para aligerar el conjunto, <strong>elige frentes lisos sin tiradores, acabados en tonos neutros y m\u00f3dulos<\/strong> que aprovechen al m\u00e1ximo la altura. El almacenaje vertical, combinado con estantes abiertos, permite mantener la cocina organizada y luminosa. As\u00ed, incluso la buhardilla m\u00e1s peque\u00f1a puede convertirse en un hogar con encanto y eficiencia.<\/p>\n\n\n\n<div style=\"height:25px\" aria-hidden=\"true\" class=\"wp-block-spacer\"><\/div>\n\n\n\n<h2 class=\"wp-block-heading\"><span class=\"ez-toc-section\" id=\"7_Crea_un_dormitorio_calido_y_sereno\"><\/span>7. Crea un dormitorio c\u00e1lido y sereno<span class=\"ez-toc-section-end\"><\/span><\/h2>\n\n\n\n<p class=\"has-medium-font-size wp-block-paragraph\">En una buhardilla, el dormitorio debe convertirse en ese rinc\u00f3n donde el cuerpo descansa y el alma se aquieta. La clave est\u00e1 en elegir una paleta de colores neutros: <strong>blancos rotos, beiges, grises suaves<\/strong> que se funden con la luz natural. <strong>Acomp\u00e1\u00f1alos de textiles en lino y algod\u00f3n<\/strong>, materiales que respiran y aportan esa textura envolvente tan propia de un verdadero hogar.<\/p>\n\n\n\n<p class=\"has-medium-font-size wp-block-paragraph\">La <strong>cama<\/strong>, protagonista absoluta, se convierte en un refugio visual y pr\u00e1ctico. <strong>Opta por un modelo bajo o un <a href=\"https:\/\/mueblesdetena.es\/ru_ru\/canapes-abatibles\/\">canap\u00e9 con almacenaje integrado<\/a><\/strong>, ideal para guardar mantas, ropa de temporada o libros. Esta soluci\u00f3n maximiza el espacio sin romper la armon\u00eda est\u00e9tica del conjunto, algo esencial cuando se trabaja con las proporciones \u00edntimas de una buhardilla.<\/p>\n\n\n\n<p class=\"has-medium-font-size wp-block-paragraph\">Aprovecha los techos inclinados para <strong>integrar armarios a medida<\/strong> que respeten la arquitectura original. Los <strong>frentes lisos, sin tiradores visibles, ayudan a aligerar visualmente el espacio<\/strong> y refuerzan esa sensaci\u00f3n de calma que buscamos. Convertir una buhardilla en dormitorio no solo es posible, es una forma preciosa de a\u00f1adir valor emocional y funcional a tu hogar.<\/p>\n\n\n\n<div style=\"height:25px\" aria-hidden=\"true\" class=\"wp-block-spacer\"><\/div>\n\n\n\n<h2 class=\"wp-block-heading\"><span class=\"ez-toc-section\" id=\"8_Anade_un_bano_completo_aunque_sea_pequeno\"><\/span>8. A\u00f1ade un ba\u00f1o completo, aunque sea peque\u00f1o<span class=\"ez-toc-section-end\"><\/span><\/h2>\n\n\n\n<p class=\"has-medium-font-size wp-block-paragraph\">Aunque el espacio en una buhardilla sea limitado, eso no significa renunciar al confort de un ba\u00f1o completo. Hoy en d\u00eda existen <strong>sanitarios compactos<\/strong> que permiten optimizar cada cent\u00edmetro sin sacrificar funcionalidad. <strong>Una ducha de obra, elegante y minimalista<\/strong>, se adapta con facilidad a las inclinaciones del techo y aporta una est\u00e9tica contempor\u00e1nea muy acorde con el resto del hogar.<\/p>\n\n\n\n<p class=\"has-medium-font-size wp-block-paragraph\"><strong>Las puertas correderas son una soluci\u00f3n magn\u00edfica para ganar fluidez en la circulaci\u00f3n y evitar obst\u00e1culos innecesarios<\/strong>. Si la distribuci\u00f3n lo permite, tambi\u00e9n <strong>se puede optar por dejar el ba\u00f1o abierto al dormitorio<\/strong>, delimit\u00e1ndolo \u00fanicamente con materiales o texturas distintas. Esta integraci\u00f3n visual ampl\u00eda la percepci\u00f3n del espacio y refuerza esa sensaci\u00f3n de hogar abierto que tanto favorece a las buhardillas.<\/p>\n\n\n\n<p class=\"has-medium-font-size wp-block-paragraph\">Los <strong>revestimientos en tonos claros, el uso de espejos amplios y una iluminaci\u00f3n bien dirigida<\/strong> son aliados esenciales. Potencian la luz natural, aportan frescura y multiplican visualmente los metros disponibles. En una buhardilla, donde cada rinc\u00f3n cuenta, es clave escoger acabados que sumen ligereza y elegancia, y que conecten con el estilo c\u00e1lido y natural que define al resto del hogar.<\/p>\n\n\n\n<div style=\"height:25px\" aria-hidden=\"true\" class=\"wp-block-spacer\"><\/div>\n\n\n\n<figure class=\"wp-block-image alignfull size-full\"><img decoding=\"async\" width=\"2368\" height=\"1318\" src=\"https:\/\/mueblesdetena.es\/wp-content\/uploads\/2025\/06\/buhardilla-hogar-4.jpg\" alt=\"buhardilla, hogar\" class=\"wp-image-38998\" srcset=\"https:\/\/mueblesdetena.es\/wp-content\/uploads\/2025\/06\/buhardilla-hogar-4.jpg 2368w, https:\/\/mueblesdetena.es\/wp-content\/uploads\/2025\/06\/buhardilla-hogar-4-300x167.jpg 300w, https:\/\/mueblesdetena.es\/wp-content\/uploads\/2025\/06\/buhardilla-hogar-4-1024x570.jpg 1024w, https:\/\/mueblesdetena.es\/wp-content\/uploads\/2025\/06\/buhardilla-hogar-4-768x427.jpg 768w, https:\/\/mueblesdetena.es\/wp-content\/uploads\/2025\/06\/buhardilla-hogar-4-1536x855.jpg 1536w, https:\/\/mueblesdetena.es\/wp-content\/uploads\/2025\/06\/buhardilla-hogar-4-2048x1140.jpg 2048w, https:\/\/mueblesdetena.es\/wp-content\/uploads\/2025\/06\/buhardilla-hogar-4-600x334.jpg 600w\" sizes=\"(max-width: 2368px) 100vw, 2368px\" \/><\/figure>\n\n\n\n<div style=\"height:25px\" aria-hidden=\"true\" class=\"wp-block-spacer\"><\/div>\n\n\n\n<h2 class=\"wp-block-heading\"><span class=\"ez-toc-section\" id=\"9_No_olvides_el_almacenamiento_inteligente\"><\/span>9. No olvides el almacenamiento inteligente<span class=\"ez-toc-section-end\"><\/span><\/h2>\n\n\n\n<p class=\"has-medium-font-size wp-block-paragraph\">Cuando se trata de sacar el m\u00e1ximo partido a una buhardilla, cada rinc\u00f3n cuenta. Los techos inclinados ofrecen oportunidades \u00fanicas para dise\u00f1ar muebles a medida que se adapten al espacio sin saturarlo. <strong>Cajoneras encajadas, armarios bajos o m\u00f3dulos personalizados<\/strong> permiten mantener el orden sin renunciar al estilo de un hogar acogedor.<\/p>\n\n\n\n<p class=\"has-medium-font-size wp-block-paragraph\">Los <strong>bancos con arc\u00f3n integrados bajo la ventana<\/strong> no solo suman espacio de almacenaje, tambi\u00e9n aportan calidez visual y un rinc\u00f3n perfecto para relajarse. <strong>Los altillos, bien aprovechados, pueden convertirse en aliados indispensables para guardar lo que menos usamos en el d\u00eda a d\u00eda<\/strong>, sin entorpecer la fluidez de la buhardilla como vivienda.<\/p>\n\n\n\n<p class=\"has-medium-font-size wp-block-paragraph\">Las <strong>estanter\u00edas abiertas<\/strong> ayudan a aligerar el ambiente y aportan dinamismo al conjunto. <strong>Libros, cestos de fibras naturales o cer\u00e1mica artesanal<\/strong> decoran a la vez que organizan. La clave est\u00e1 en mantener un equilibrio visual que combine funcionalidad con la armon\u00eda est\u00e9tica que debe reinar en todo hogar.<\/p>\n\n\n\n<hr class=\"wp-block-separator has-alpha-channel-opacity\"\/>\n\n\n\n<p class=\"has-medium-font-size wp-block-paragraph\">Convertir una buhardilla en un verdadero hogar implica algo m\u00e1s que levantar tabiques o elegir muebles: es dar forma a un espacio \u00edntimo, funcional y con car\u00e1cter. Cada decisi\u00f3n (desde la luz que se cuela por el techo hasta los textiles que visten los rincones) contribuye a crear un refugio con alma propia.<\/p>\n\n\n\n<p class=\"has-medium-font-size wp-block-paragraph\">La distribuci\u00f3n bien pensada, el cuidado por los materiales y la atenci\u00f3n a los detalles decorativos transforman la buhardilla en una vivienda independiente que no renuncia a la est\u00e9tica ni al confort. Es ese equilibrio entre calidez, sencillez y personalidad lo que convierte el d\u00eda a d\u00eda en una experiencia acogedora y pr\u00e1ctica.<\/p>\n\n\n\n<p class=\"has-medium-font-size wp-block-paragraph\">Si sue\u00f1as con un hogar diferente, lleno de encanto y posibilidades, esta es tu oportunidad. Con planificaci\u00f3n, asesoramiento adecuado y buen gusto, tu buhardilla puede pasar de ser un espacio olvidado a una vivienda \u00fanica que suma valor, comodidad y, por qu\u00e9 no, un nuevo cap\u00edtulo en tu historia.<\/p>","protected":false},"excerpt":{"rendered":"<p>Convertir una buhardilla en un hogar independiente es una de esas decisiones que transforman por completo la funcionalidad de una casa. Donde antes hab\u00eda un espacio desaprovechado o meramente auxiliar, puede surgir un hogar completo, \u00edntimo y acogedor. Una soluci\u00f3n perfecta para j\u00f3venes, invitados o incluso como apartamento en alquiler. La magia est\u00e1 en mirar [&hellip;]<\/p>\n","protected":false},"author":618,"featured_media":39133,"comment_status":"closed","ping_status":"open","sticky":false,"template":"","format":"standard","meta":{"site-sidebar-layout":"default","site-content-layout":"","ast-site-content-layout":"default","site-content-style":"default","site-sidebar-style":"default","ast-global-header-display":"","ast-banner-title-visibility":"","ast-main-header-display":"","ast-hfb-above-header-display":"","ast-hfb-below-header-display":"","ast-hfb-mobile-header-display":"","site-post-title":"","ast-breadcrumbs-content":"","ast-featured-img":"","footer-sml-layout":"","ast-disable-related-posts":"","theme-transparent-header-meta":"","adv-header-id-meta":"","stick-header-meta":"","header-above-stick-meta":"","header-main-stick-meta":"","header-below-stick-meta":"","astra-migrate-meta-layouts":"set","ast-page-background-enabled":"default","ast-page-background-meta":{"desktop":{"background-color":"var(--ast-global-color-4)","background-image":"","background-repeat":"repeat","background-position":"center center","background-size":"auto","background-attachment":"scroll","background-type":"","background-media":"","overlay-type":"","overlay-color":"","overlay-opacity":"","overlay-gradient":""},"tablet":{"background-color":"","background-image":"","background-repeat":"repeat","background-position":"center center","background-size":"auto","background-attachment":"scroll","background-type":"","background-media":"","overlay-type":"","overlay-color":"","overlay-opacity":"","overlay-gradient":""},"mobile":{"background-color":"","background-image":"","background-repeat":"repeat","background-position":"center center","background-size":"auto","background-attachment":"scroll","background-type":"","background-media":"","overlay-type":"","overlay-color":"","overlay-opacity":"","overlay-gradient":""}},"ast-content-background-meta":{"desktop":{"background-color":"var(--ast-global-color-5)","background-image":"","background-repeat":"repeat","background-position":"center center","background-size":"auto","background-attachment":"scroll","background-type":"","background-media":"","overlay-type":"","overlay-color":"","overlay-opacity":"","overlay-gradient":""},"tablet":{"background-color":"var(--ast-global-color-5)","background-image":"","background-repeat":"repeat","background-position":"center center","background-size":"auto","background-attachment":"scroll","background-type":"","background-media":"","overlay-type":"","overlay-color":"","overlay-opacity":"","overlay-gradient":""},"mobile":{"background-color":"var(--ast-global-color-5)","background-image":"","background-repeat":"repeat","background-position":"center center","background-size":"auto","background-attachment":"scroll","background-type":"","background-media":"","overlay-type":"","overlay-color":"","overlay-opacity":"","overlay-gradient":""}},"_joinchat":[],"footnotes":""},"categories":[1],"tags":[],"class_list":["post-38989","post","type-post","status-publish","format-standard","has-post-thumbnail","hentry","category-sin-categoria"],"_links":{"self":[{"href":"https:\/\/mueblesdetena.es\/ru_ru\/wp-json\/wp\/v2\/posts\/38989","targetHints":{"allow":["GET"]}}],"collection":[{"href":"https:\/\/mueblesdetena.es\/ru_ru\/wp-json\/wp\/v2\/posts"}],"about":[{"href":"https:\/\/mueblesdetena.es\/ru_ru\/wp-json\/wp\/v2\/types\/post"}],"author":[{"embeddable":true,"href":"https:\/\/mueblesdetena.es\/ru_ru\/wp-json\/wp\/v2\/users\/618"}],"replies":[{"embeddable":true,"href":"https:\/\/mueblesdetena.es\/ru_ru\/wp-json\/wp\/v2\/comments?post=38989"}],"version-history":[{"count":3,"href":"https:\/\/mueblesdetena.es\/ru_ru\/wp-json\/wp\/v2\/posts\/38989\/revisions"}],"predecessor-version":[{"id":39003,"href":"https:\/\/mueblesdetena.es\/ru_ru\/wp-json\/wp\/v2\/posts\/38989\/revisions\/39003"}],"wp:featuredmedia":[{"embeddable":true,"href":"https:\/\/mueblesdetena.es\/ru_ru\/wp-json\/wp\/v2\/media\/39133"}],"wp:attachment":[{"href":"https:\/\/mueblesdetena.es\/ru_ru\/wp-json\/wp\/v2\/media?parent=38989"}],"wp:term":[{"taxonomy":"category","embeddable":true,"href":"https:\/\/mueblesdetena.es\/ru_ru\/wp-json\/wp\/v2\/categories?post=38989"},{"taxonomy":"post_tag","embeddable":true,"href":"https:\/\/mueblesdetena.es\/ru_ru\/wp-json\/wp\/v2\/tags?post=38989"}],"curies":[{"name":"wp","href":"https:\/\/api.w.org\/{rel}","templated":true}]}}