{"id":39036,"date":"2025-06-26T07:47:17","date_gmt":"2025-06-26T05:47:17","guid":{"rendered":"https:\/\/mueblesdetena.es\/?p=39036"},"modified":"2025-10-01T06:33:47","modified_gmt":"2025-10-01T04:33:47","slug":"construir-decorar-casa-modular-2025-12-claves","status":"publish","type":"post","link":"https:\/\/mueblesdetena.es\/ru_ru\/construir-decorar-casa-modular-2025-12-claves\/","title":{"rendered":"Construir y decorar una casa modular en 2025: 12 claves en permisos, distribuci\u00f3n y muebles"},"content":{"rendered":"<p class=\"has-medium-font-size wp-block-paragraph\">Cada vez son m\u00e1s quienes se atreven a dar el paso hacia una nueva forma de vivir: la casa modular. Este tipo de vivienda, fabricada por m\u00f3dulos en taller y ensamblada directamente sobre el terreno, combina dise\u00f1o y funcionalidad con una precisi\u00f3n dif\u00edcil de encontrar en la construcci\u00f3n tradicional. Su \u00e9xito no es casualidad.<\/p>\n\n\n\n<p class=\"has-medium-font-size wp-block-paragraph\">Construir una casa modular permite disfrutar de plazos de entrega mucho m\u00e1s \u00e1giles, reducir el impacto medioambiental y adaptar el proyecto a las necesidades exactas de quien la habita. Adem\u00e1s, su coste suele ser m\u00e1s contenido, lo que abre la puerta a amueblar con m\u00e1s libertad y sin renunciar a piezas de calidad que eleven el estilo de cada estancia.<\/p>\n\n\n\n<p class=\"has-medium-font-size wp-block-paragraph\">En el contexto espa\u00f1ol de 2025, la vivienda modular gana terreno frente a las soluciones convencionales. Cada comunidad aut\u00f3noma afina su normativa y las nuevas generaciones valoran m\u00e1s que nunca la eficiencia, la est\u00e9tica y la posibilidad de personalizar su hogar desde cero.<\/p>\n\n\n\n<div style=\"height:25px\" aria-hidden=\"true\" class=\"wp-block-spacer\"><\/div>\n\n\n\n<div id=\"ez-toc-container\" class=\"ez-toc-v2_0_85 counter-hierarchy ez-toc-counter ez-toc-grey ez-toc-container-direction\">\n<div class=\"ez-toc-title-container\">\n<p class=\"ez-toc-title\" style=\"cursor:inherit\">Table of Contents<\/p>\n<span class=\"ez-toc-title-toggle\"><a href=\"#\" class=\"ez-toc-pull-right ez-toc-btn ez-toc-btn-xs ez-toc-btn-default ez-toc-toggle\" aria-label=\"Toggle Table of Content\"><span class=\"ez-toc-js-icon-con\"><span class=\"\"><span class=\"eztoc-hide\" style=\"display:none;\">Toggle<\/span><span class=\"ez-toc-icon-toggle-span\"><svg style=\"fill: #999;color:#999\" xmlns=\"http:\/\/www.w3.org\/2000\/svg\" class=\"list-377408\" width=\"20px\" height=\"20px\" viewbox=\"0 0 24 24\" fill=\"none\"><path d=\"M6 6H4v2h2V6zm14 0H8v2h12V6zM4 11h2v2H4v-2zm16 0H8v2h12v-2zM4 16h2v2H4v-2zm16 0H8v2h12v-2z\" fill=\"currentColor\"><\/path><\/svg><svg style=\"fill: #999;color:#999\" class=\"arrow-unsorted-368013\" xmlns=\"http:\/\/www.w3.org\/2000\/svg\" width=\"10px\" height=\"10px\" viewbox=\"0 0 24 24\" version=\"1.2\" baseprofile=\"tiny\"><path d=\"M18.2 9.3l-6.2-6.3-6.2 6.3c-.2.2-.3.4-.3.7s.1.5.3.7c.2.2.4.3.7.3h11c.3 0 .5-.1.7-.3.2-.2.3-.5.3-.7s-.1-.5-.3-.7zM5.8 14.7l6.2 6.3 6.2-6.3c.2-.2.3-.5.3-.7s-.1-.5-.3-.7c-.2-.2-.4-.3-.7-.3h-11c-.3 0-.5.1-.7.3-.2.2-.3.5-.3.7s.1.5.3.7z\"\/><\/svg><\/span><\/span><\/span><\/a><\/span><\/div>\n<nav><ul class='ez-toc-list ez-toc-list-level-1' ><li class='ez-toc-page-1 ez-toc-heading-level-2'><a class=\"ez-toc-link ez-toc-heading-1\" href=\"https:\/\/mueblesdetena.es\/ru_ru\/construir-decorar-casa-modular-2025-12-claves\/#Situacion_legal_actual_en_Espana_%C2%BFque_permisos_y_licencias_necesitas\" >Situaci\u00f3n legal actual en Espa\u00f1a: \u00bfqu\u00e9 permisos y licencias necesitas?<\/a><\/li><li class='ez-toc-page-1 ez-toc-heading-level-2'><a class=\"ez-toc-link ez-toc-heading-2\" href=\"https:\/\/mueblesdetena.es\/ru_ru\/construir-decorar-casa-modular-2025-12-claves\/#%C2%BFPara_quien_es_ideal_una_casa_modular_Perfiles_y_necesidades\" >\u00bfPara qui\u00e9n es ideal una casa modular? Perfiles y necesidades<\/a><ul class='ez-toc-list-level-3' ><li class='ez-toc-heading-level-3'><a class=\"ez-toc-link ez-toc-heading-3\" href=\"https:\/\/mueblesdetena.es\/ru_ru\/construir-decorar-casa-modular-2025-12-claves\/#Clave_1_Parejas_jovenes_que_buscan_su_primera_vivienda\" >Clave 1: Parejas j\u00f3venes que buscan su primera vivienda<\/a><\/li><li class='ez-toc-page-1 ez-toc-heading-level-3'><a class=\"ez-toc-link ez-toc-heading-4\" href=\"https:\/\/mueblesdetena.es\/ru_ru\/construir-decorar-casa-modular-2025-12-claves\/#Clave_2_Familias_con_hijos_que_valoran_la_personalizacion\" >Clave 2: Familias con hijos que valoran la personalizaci\u00f3n<\/a><\/li><li class='ez-toc-page-1 ez-toc-heading-level-3'><a class=\"ez-toc-link ez-toc-heading-5\" href=\"https:\/\/mueblesdetena.es\/ru_ru\/construir-decorar-casa-modular-2025-12-claves\/#Clave_3_Personas_mayores_o_con_movilidad_reducida_que_necesitan_accesibilidad\" >Clave 3: Personas mayores o con movilidad reducida que necesitan accesibilidad<\/a><\/li><\/ul><\/li><li class='ez-toc-page-1 ez-toc-heading-level-2'><a class=\"ez-toc-link ez-toc-heading-6\" href=\"https:\/\/mueblesdetena.es\/ru_ru\/construir-decorar-casa-modular-2025-12-claves\/#Consejos_para_distribuir_tu_casa_modular_segun_numero_de_habitantes\" >Consejos para distribuir tu casa modular seg\u00fan n\u00famero de habitantes<\/a><ul class='ez-toc-list-level-3' ><li class='ez-toc-heading-level-3'><a class=\"ez-toc-link ez-toc-heading-7\" href=\"https:\/\/mueblesdetena.es\/ru_ru\/construir-decorar-casa-modular-2025-12-claves\/#Clave_4_Viviendas_para_1_o_2_personas\" >Clave 4: Viviendas para 1 o 2 personas<\/a><\/li><li class='ez-toc-page-1 ez-toc-heading-level-3'><a class=\"ez-toc-link ez-toc-heading-8\" href=\"https:\/\/mueblesdetena.es\/ru_ru\/construir-decorar-casa-modular-2025-12-claves\/#Clave_5_Viviendas_para_3-4_personas\" >Clave 5: Viviendas para 3-4 personas<\/a><\/li><li class='ez-toc-page-1 ez-toc-heading-level-3'><a class=\"ez-toc-link ez-toc-heading-9\" href=\"https:\/\/mueblesdetena.es\/ru_ru\/construir-decorar-casa-modular-2025-12-claves\/#Clave_6_Viviendas_para_5_o_mas_personas\" >Clave 6: Viviendas para 5 o m\u00e1s personas<\/a><\/li><\/ul><\/li><li class='ez-toc-page-1 ez-toc-heading-level-2'><a class=\"ez-toc-link ez-toc-heading-10\" href=\"https:\/\/mueblesdetena.es\/ru_ru\/construir-decorar-casa-modular-2025-12-claves\/#Ideas_de_decoracion_que_se_adaptan_al_estilo_modular\" >Ideas de decoraci\u00f3n que se adaptan al estilo modular<\/a><ul class='ez-toc-list-level-3' ><li class='ez-toc-heading-level-3'><a class=\"ez-toc-link ez-toc-heading-11\" href=\"https:\/\/mueblesdetena.es\/ru_ru\/construir-decorar-casa-modular-2025-12-claves\/#Clave_7_Estilo_escandinavo_ligereza_y_funcionalidad\" >Clave 7: Estilo escandinavo: ligereza y funcionalidad<\/a><\/li><li class='ez-toc-page-1 ez-toc-heading-level-3'><a class=\"ez-toc-link ez-toc-heading-12\" href=\"https:\/\/mueblesdetena.es\/ru_ru\/construir-decorar-casa-modular-2025-12-claves\/#Clave_8_Minimalismo_calido_maderas_nobles_y_tonos_tierra\" >Clave 8: Minimalismo c\u00e1lido: maderas nobles y tonos tierra<\/a><\/li><li class='ez-toc-page-1 ez-toc-heading-level-3'><a class=\"ez-toc-link ez-toc-heading-13\" href=\"https:\/\/mueblesdetena.es\/ru_ru\/construir-decorar-casa-modular-2025-12-claves\/#Clave_9_Estilo_industrial_moderno_estructura_vista_y_personalidad\" >Clave 9: Estilo industrial moderno: estructura vista y personalidad<\/a><\/li><\/ul><\/li><li class='ez-toc-page-1 ez-toc-heading-level-2'><a class=\"ez-toc-link ez-toc-heading-14\" href=\"https:\/\/mueblesdetena.es\/ru_ru\/construir-decorar-casa-modular-2025-12-claves\/#Distribucion_interior_eficiente\" >Distribuci\u00f3n interior eficiente<\/a><ul class='ez-toc-list-level-3' ><li class='ez-toc-heading-level-3'><a class=\"ez-toc-link ez-toc-heading-15\" href=\"https:\/\/mueblesdetena.es\/ru_ru\/construir-decorar-casa-modular-2025-12-claves\/#Clave_10_Como_aprovechar_al_maximo_el_espacio_con_mobiliario_inteligente\" >Clave 10: C\u00f3mo aprovechar al m\u00e1ximo el espacio con mobiliario inteligente<\/a><\/li><li class='ez-toc-page-1 ez-toc-heading-level-3'><a class=\"ez-toc-link ez-toc-heading-16\" href=\"https:\/\/mueblesdetena.es\/ru_ru\/construir-decorar-casa-modular-2025-12-claves\/#Clave_11_Tips_para_una_cocina_funcional_en_pocos_metros\" >Clave 11: Tips para una cocina funcional en pocos metros<\/a><\/li><li class='ez-toc-page-1 ez-toc-heading-level-3'><a class=\"ez-toc-link ez-toc-heading-17\" href=\"https:\/\/mueblesdetena.es\/ru_ru\/construir-decorar-casa-modular-2025-12-claves\/#Clave_12_Como_elegir_el_mobiliario_perfecto_para_tu_casa_modular\" >Clave 12: C\u00f3mo elegir el mobiliario perfecto para tu casa modular<\/a><\/li><\/ul><\/li><\/ul><\/nav><\/div>\n<h2 class=\"wp-block-heading\"><span class=\"ez-toc-section\" id=\"Situacion_legal_actual_en_Espana_%C2%BFque_permisos_y_licencias_necesitas\"><\/span>Situaci\u00f3n legal actual en Espa\u00f1a: \u00bfqu\u00e9 permisos y licencias necesitas?<span class=\"ez-toc-section-end\"><\/span><\/h2>\n\n\n\n<p class=\"has-medium-font-size wp-block-paragraph\">Obtener los permisos adecuados es el primer paso para construir una casa modular con todas las garant\u00edas. En 2025, la <strong>licencia de obra mayor<\/strong> sigue siendo imprescindible y debe tramitarse en el ayuntamiento correspondiente. Este tr\u00e1mite <strong>exige planos visados, documentaci\u00f3n t\u00e9cnica y detalles sobre sostenibilidad<\/strong>. Sin ella, no es posible iniciar a construir legalmente.<\/p>\n\n\n\n<p class=\"has-medium-font-size wp-block-paragraph\"><strong>El terreno, por supuesto, debe ser edificable<\/strong>. Para ello, conviene verificar que cumple los requisitos del plan urban\u00edstico local. Adem\u00e1s de la licencia, <strong>se requiere una declaraci\u00f3n de gesti\u00f3n de residuos<\/strong>, y en algunos casos, una <strong>licencia de obra menor si se prev\u00e9n ampliaciones<\/strong>. Todo se valida bajo criterios m\u00e1s estrictos de eficiencia energ\u00e9tica.<\/p>\n\n\n\n<p class=\"has-medium-font-size wp-block-paragraph\">Es clave <strong>distinguir entre construcciones m\u00f3viles y casas modulares fijas<\/strong>. Las primeras tienen menos exigencias legales, pero si deseas construir una casa modular como vivienda principal, se requiere cimentaci\u00f3n y proyecto t\u00e9cnico aprobado. Esto implica tratarla como una edificaci\u00f3n tradicional, tanto en permisos como en inspecciones.<\/p>\n\n\n\n<p class=\"has-medium-font-size wp-block-paragraph\">Los costes de licencias <strong>oscilan entre el 0,5\u202f% y el 6\u202f% del presupuesto total<\/strong>, dependiendo del tipo de vivienda y ubicaci\u00f3n. Un proyecto de 50.000\u202f\u20ac puede implicar unos 2.000\u202f\u20ac en licencias. Un buen asesoramiento t\u00e9cnico reduce errores, agiliza tr\u00e1mites y deja m\u00e1s margen para dise\u00f1ar y amueblar tu hogar ideal.<\/p>\n\n\n\n<div style=\"height:25px\" aria-hidden=\"true\" class=\"wp-block-spacer\"><\/div>\n\n\n\n<h2 class=\"wp-block-heading\"><span class=\"ez-toc-section\" id=\"%C2%BFPara_quien_es_ideal_una_casa_modular_Perfiles_y_necesidades\"><\/span>\u00bfPara qui\u00e9n es ideal una casa modular? Perfiles y necesidades<span class=\"ez-toc-section-end\"><\/span><\/h2>\n\n\n\n<div style=\"height:25px\" aria-hidden=\"true\" class=\"wp-block-spacer\"><\/div>\n\n\n\n<figure class=\"wp-block-image alignfull size-full\"><img fetchpriority=\"high\" decoding=\"async\" width=\"2368\" height=\"1318\" src=\"https:\/\/mueblesdetena.es\/wp-content\/uploads\/2025\/06\/casa-modular-2.jpg\" alt=\"casa modular, construir, decorar\" class=\"wp-image-39049\" srcset=\"https:\/\/mueblesdetena.es\/wp-content\/uploads\/2025\/06\/casa-modular-2.jpg 2368w, https:\/\/mueblesdetena.es\/wp-content\/uploads\/2025\/06\/casa-modular-2-300x167.jpg 300w, https:\/\/mueblesdetena.es\/wp-content\/uploads\/2025\/06\/casa-modular-2-1024x570.jpg 1024w, https:\/\/mueblesdetena.es\/wp-content\/uploads\/2025\/06\/casa-modular-2-768x427.jpg 768w, https:\/\/mueblesdetena.es\/wp-content\/uploads\/2025\/06\/casa-modular-2-1536x855.jpg 1536w, https:\/\/mueblesdetena.es\/wp-content\/uploads\/2025\/06\/casa-modular-2-2048x1140.jpg 2048w, https:\/\/mueblesdetena.es\/wp-content\/uploads\/2025\/06\/casa-modular-2-600x334.jpg 600w\" sizes=\"(max-width: 2368px) 100vw, 2368px\" \/><\/figure>\n\n\n\n<div style=\"height:25px\" aria-hidden=\"true\" class=\"wp-block-spacer\"><\/div>\n\n\n\n<h3 class=\"wp-block-heading\"><span class=\"ez-toc-section\" id=\"Clave_1_Parejas_jovenes_que_buscan_su_primera_vivienda\"><\/span>Clave 1: Parejas j\u00f3venes que buscan su primera vivienda<span class=\"ez-toc-section-end\"><\/span><\/h3>\n\n\n\n<p class=\"has-medium-font-size wp-block-paragraph\">Las parejas que sue\u00f1an con independizarse encuentran en la casa modular una aliada perfecta. Su <strong>precio m\u00e1s accesible frente a una vivienda tradicional<\/strong> permite dar el paso de construir sin hipotecar el futuro. Adem\u00e1s, los <strong>plazos de entrega reducidos<\/strong> hacen posible disfrutar del hogar en solo unos meses.<\/p>\n\n\n\n<p class=\"has-medium-font-size wp-block-paragraph\">Pero no solo se trata de precio y rapidez. Una casa modular tambi\u00e9n <strong>ofrece la posibilidad de crecer con la pareja<\/strong>. Empezar con un dise\u00f1o compacto y ampliarlo en el futuro es una ventaja clave. <strong>Los m\u00f3dulos adicionales pueden albergar una futura habitaci\u00f3n infantil, un despacho o incluso un vestidor<\/strong>, seg\u00fan evolucione la vida.<\/p>\n\n\n\n<div style=\"height:25px\" aria-hidden=\"true\" class=\"wp-block-spacer\"><\/div>\n\n\n\n<h3 class=\"wp-block-heading\"><span class=\"ez-toc-section\" id=\"Clave_2_Familias_con_hijos_que_valoran_la_personalizacion\"><\/span>Clave 2: Familias con hijos que valoran la personalizaci\u00f3n<span class=\"ez-toc-section-end\"><\/span><\/h3>\n\n\n\n<p class=\"has-medium-font-size wp-block-paragraph\">Para quienes tienen hijos, construir una casa modular significa dise\u00f1ar un hogar a medida. <strong>Desde la distribuci\u00f3n de los dormitorios hasta la inclusi\u00f3n de zonas de juego o estudio, todo se adapta al ritmo familiar<\/strong>. La flexibilidad del sistema modular permite responder a necesidades reales y cotidianas.<\/p>\n\n\n\n<p class=\"has-medium-font-size wp-block-paragraph\">Adem\u00e1s, el mobiliario pensado para estos hogares juega un papel fundamental. <strong>Amueblar con piezas vers\u00e1tiles<\/strong> (como <a href=\"https:\/\/mueblesdetena.es\/ru_ru\/?s=cama+nido\">camas nido<\/a>, muebles con almacenaje integrado o <a href=\"https:\/\/mueblesdetena.es\/ru_ru\/sofas\/\">sof\u00e1s<\/a> modulares) convierte cada estancia en un espacio vivo y funcional. As\u00ed, el hogar crece con la familia, sin renunciar al estilo ni a la comodidad.<\/p>\n\n\n\n<div style=\"height:25px\" aria-hidden=\"true\" class=\"wp-block-spacer\"><\/div>\n\n\n\n<h3 class=\"wp-block-heading\"><span class=\"ez-toc-section\" id=\"Clave_3_Personas_mayores_o_con_movilidad_reducida_que_necesitan_accesibilidad\"><\/span>Clave 3: Personas mayores o con movilidad reducida que necesitan accesibilidad<span class=\"ez-toc-section-end\"><\/span><\/h3>\n\n\n\n<p class=\"has-medium-font-size wp-block-paragraph\">La casa modular es tambi\u00e9n una soluci\u00f3n excelente para quienes priorizan la accesibilidad. Construir <strong>una planta \u00fanica, sin escaleras ni barreras arquitect\u00f3nicas<\/strong>, resulta sencillo con este tipo de viviendas. <strong>Incorporar puertas m\u00e1s anchas, rampas o ba\u00f1os adaptados<\/strong> es parte del dise\u00f1o desde el inicio, no un a\u00f1adido posterior.<\/p>\n\n\n\n<p class=\"has-medium-font-size wp-block-paragraph\">Y si se trata de amueblar, menos es m\u00e1s: <strong>muebles bajos, espacios amplios y zonas despejadas favorecen la movilidad y el confort<\/strong>. La distribuci\u00f3n fluida de las estancias, junto con una iluminaci\u00f3n bien pensada, ayuda a crear entornos seguros, acogedores y llenos de vida, incluso en los momentos m\u00e1s serenos.<\/p>\n\n\n\n<div style=\"height:25px\" aria-hidden=\"true\" class=\"wp-block-spacer\"><\/div>\n\n\n\n<h2 class=\"wp-block-heading\"><span class=\"ez-toc-section\" id=\"Consejos_para_distribuir_tu_casa_modular_segun_numero_de_habitantes\"><\/span>Consejos para distribuir tu casa modular seg\u00fan n\u00famero de habitantes<span class=\"ez-toc-section-end\"><\/span><\/h2>\n\n\n\n<div style=\"height:25px\" aria-hidden=\"true\" class=\"wp-block-spacer\"><\/div>\n\n\n\n<figure class=\"wp-block-image alignfull size-full\"><img decoding=\"async\" width=\"2368\" height=\"1318\" src=\"https:\/\/mueblesdetena.es\/wp-content\/uploads\/2025\/06\/casa-modular-3.jpg\" alt=\"casa modular, construir, decorar\" class=\"wp-image-39051\" srcset=\"https:\/\/mueblesdetena.es\/wp-content\/uploads\/2025\/06\/casa-modular-3.jpg 2368w, https:\/\/mueblesdetena.es\/wp-content\/uploads\/2025\/06\/casa-modular-3-300x167.jpg 300w, https:\/\/mueblesdetena.es\/wp-content\/uploads\/2025\/06\/casa-modular-3-1024x570.jpg 1024w, https:\/\/mueblesdetena.es\/wp-content\/uploads\/2025\/06\/casa-modular-3-768x427.jpg 768w, https:\/\/mueblesdetena.es\/wp-content\/uploads\/2025\/06\/casa-modular-3-1536x855.jpg 1536w, https:\/\/mueblesdetena.es\/wp-content\/uploads\/2025\/06\/casa-modular-3-2048x1140.jpg 2048w, https:\/\/mueblesdetena.es\/wp-content\/uploads\/2025\/06\/casa-modular-3-600x334.jpg 600w\" sizes=\"(max-width: 2368px) 100vw, 2368px\" \/><\/figure>\n\n\n\n<div style=\"height:25px\" aria-hidden=\"true\" class=\"wp-block-spacer\"><\/div>\n\n\n\n<h3 class=\"wp-block-heading\"><span class=\"ez-toc-section\" id=\"Clave_4_Viviendas_para_1_o_2_personas\"><\/span>Clave 4: Viviendas para 1 o 2 personas<span class=\"ez-toc-section-end\"><\/span><\/h3>\n\n\n\n<p class=\"has-medium-font-size wp-block-paragraph\">Cuando se trata de construir una casa modular para una o dos personas, la clave est\u00e1 en potenciar la amplitud. <strong>Un \u00fanico espacio abierto que integre cocina, comedor y sal\u00f3n<\/strong> invita a disfrutar del d\u00eda a d\u00eda con comodidad y armon\u00eda, eliminando muros innecesarios y fomentando la luz natural.<\/p>\n\n\n\n<p class=\"has-medium-font-size wp-block-paragraph\">Para amueblar este tipo de vivienda, <strong>los muebles multifuncionales son los grandes aliados<\/strong>: camas con almacenaje, mesas extensibles y sof\u00e1s convertibles que se adaptan a distintas rutinas. <strong>Un peque\u00f1o estudio o rinc\u00f3n de trabajo bien delimitado<\/strong> puede integrarse sin perder coherencia est\u00e9tica, manteniendo un ambiente ordenado y equilibrado.<\/p>\n\n\n\n<div style=\"height:25px\" aria-hidden=\"true\" class=\"wp-block-spacer\"><\/div>\n\n\n\n<h3 class=\"wp-block-heading\"><span class=\"ez-toc-section\" id=\"Clave_5_Viviendas_para_3-4_personas\"><\/span>Clave 5: Viviendas para 3-4 personas<span class=\"ez-toc-section-end\"><\/span><\/h3>\n\n\n\n<p class=\"has-medium-font-size wp-block-paragraph\">En una casa modular pensada para tres o cuatro personas, la distribuci\u00f3n debe equilibrar vida en com\u00fan e intimidad.<strong> Lo ideal es proyectar una zona de d\u00eda fluida, donde la cocina tenga visibilidad hacia el sal\u00f3n, pero sin renunciar a cierta delimitaci\u00f3n<\/strong> para diferenciar usos y mantener el orden visual.<\/p>\n\n\n\n<p class=\"has-medium-font-size wp-block-paragraph\">En cuanto a los dormitorios, conviene priorizar espacios personalizados seg\u00fan la edad de cada habitante. <strong>Un segundo ba\u00f1o o aseo es altamente recomendable, as\u00ed como un \u00e1rea flexible para juegos o estudio<\/strong>. Amueblar con piezas que crecen con la familia es fundamental para que la casa evolucione sin perder funcionalidad.<\/p>\n\n\n\n<div style=\"height:25px\" aria-hidden=\"true\" class=\"wp-block-spacer\"><\/div>\n\n\n\n<h3 class=\"wp-block-heading\"><span class=\"ez-toc-section\" id=\"Clave_6_Viviendas_para_5_o_mas_personas\"><\/span>Clave 6: Viviendas para 5 o m\u00e1s personas<span class=\"ez-toc-section-end\"><\/span><\/h3>\n\n\n\n<p class=\"has-medium-font-size wp-block-paragraph\">Al construir una casa modular para cinco personas o m\u00e1s, el reto est\u00e1 en conseguir privacidad y funcionalidad sin sacrificar el confort. <strong>M\u00faltiples dormitorios bien orientados, al menos dos ba\u00f1os completos y una cocina amplia<\/strong> resultan imprescindibles para facilitar la convivencia diaria y evitar solapamientos en rutinas.<\/p>\n\n\n\n<p class=\"has-medium-font-size wp-block-paragraph\">El sal\u00f3n debe tener capacidad para reunir a todos sin sensaci\u00f3n de agobio, y <strong>el mobiliario debe contemplar soluciones de almacenaje generosas, como <a href=\"https:\/\/mueblesdetena.es\/ru_ru\/?s=armario\">armarios<\/a> empotrados, bancos con hueco interior o <a href=\"https:\/\/mueblesdetena.es\/ru_ru\/?s=estanter%C3%ADa\">estanter\u00edas<\/a> modulares<\/strong>. Si se dispone de espacio exterior, conviene integrarlo como una extensi\u00f3n natural de la zona com\u00fan, perfecta para el relax familiar.<\/p>\n\n\n\n<div style=\"height:25px\" aria-hidden=\"true\" class=\"wp-block-spacer\"><\/div>\n\n\n\n<h2 class=\"wp-block-heading\"><span class=\"ez-toc-section\" id=\"Ideas_de_decoracion_que_se_adaptan_al_estilo_modular\"><\/span>Ideas de decoraci\u00f3n que se adaptan al estilo modular<span class=\"ez-toc-section-end\"><\/span><\/h2>\n\n\n\n<div style=\"height:25px\" aria-hidden=\"true\" class=\"wp-block-spacer\"><\/div>\n\n\n\n<figure class=\"wp-block-image alignfull size-full\"><img decoding=\"async\" width=\"2368\" height=\"1318\" src=\"https:\/\/mueblesdetena.es\/wp-content\/uploads\/2025\/06\/casa-modular-4.jpg\" alt=\"casa modular, construir, decorar\" class=\"wp-image-39050\" srcset=\"https:\/\/mueblesdetena.es\/wp-content\/uploads\/2025\/06\/casa-modular-4.jpg 2368w, https:\/\/mueblesdetena.es\/wp-content\/uploads\/2025\/06\/casa-modular-4-300x167.jpg 300w, https:\/\/mueblesdetena.es\/wp-content\/uploads\/2025\/06\/casa-modular-4-1024x570.jpg 1024w, https:\/\/mueblesdetena.es\/wp-content\/uploads\/2025\/06\/casa-modular-4-768x427.jpg 768w, https:\/\/mueblesdetena.es\/wp-content\/uploads\/2025\/06\/casa-modular-4-1536x855.jpg 1536w, https:\/\/mueblesdetena.es\/wp-content\/uploads\/2025\/06\/casa-modular-4-2048x1140.jpg 2048w, https:\/\/mueblesdetena.es\/wp-content\/uploads\/2025\/06\/casa-modular-4-600x334.jpg 600w\" sizes=\"(max-width: 2368px) 100vw, 2368px\" \/><\/figure>\n\n\n\n<div style=\"height:25px\" aria-hidden=\"true\" class=\"wp-block-spacer\"><\/div>\n\n\n\n<h3 class=\"wp-block-heading\"><span class=\"ez-toc-section\" id=\"Clave_7_Estilo_escandinavo_ligereza_y_funcionalidad\"><\/span>Clave 7: Estilo escandinavo: ligereza y funcionalidad<span class=\"ez-toc-section-end\"><\/span><\/h3>\n\n\n\n<p class=\"has-medium-font-size wp-block-paragraph\">Una casa modular que respire calma y amplitud encuentra en el estilo escandinavo su mejor aliado. Predominan los <strong>blancos rotos, la madera clara y las l\u00edneas limpias<\/strong>, creando interiores donde la luz natural es protagonista. Ideal para quienes quieren construir ambientes serenos y llenos de equilibrio visual, sin renunciar a la calidez.<\/p>\n\n\n\n<p class=\"has-medium-font-size wp-block-paragraph\">Los <strong>muebles funcionales (mesas extensibles, estanter\u00edas abiertas, asientos con almacenaje) se integran con naturalidad en la arquitectura modular<\/strong>, que favorece la continuidad espacial. Amueblar bajo esta est\u00e9tica permite aprovechar cada metro sin saturar, logrando <strong>interiores aireados, acogedores y perfectos para el ritmo de vida actual<\/strong>.<\/p>\n\n\n\n<div style=\"height:25px\" aria-hidden=\"true\" class=\"wp-block-spacer\"><\/div>\n\n\n\n<h3 class=\"wp-block-heading\"><span class=\"ez-toc-section\" id=\"Clave_8_Minimalismo_calido_maderas_nobles_y_tonos_tierra\"><\/span>Clave 8: Minimalismo c\u00e1lido: maderas nobles y tonos tierra<span class=\"ez-toc-section-end\"><\/span><\/h3>\n\n\n\n<p class=\"has-medium-font-size wp-block-paragraph\">Si buscas construir una casa modular que inspire bienestar, el minimalismo c\u00e1lido es una apuesta segura. A diferencia del minimalismo m\u00e1s fr\u00edo, aqu\u00ed las <strong>maderas oscuras y los textiles naturales como el lino o la lana aportan textura y profundidad<\/strong>, sin perder la limpieza visual que caracteriza a este estilo.<\/p>\n\n\n\n<p class=\"has-medium-font-size wp-block-paragraph\">Los <strong>tonos tierra (beige, terracota, arena) armonizan con la estructura modular<\/strong> creando espacios envolventes. Para amueblar, opta por piezas bien pensadas: <strong>c\u00f3modas de l\u00edneas rectas, aparadores empotrados o cabeceros tapizados<\/strong>. Cada elemento debe sumar sin recargar, siguiendo una est\u00e9tica atemporal que dialoga con la arquitectura sin competir con ella.<\/p>\n\n\n\n<div style=\"height:25px\" aria-hidden=\"true\" class=\"wp-block-spacer\"><\/div>\n\n\n\n<h3 class=\"wp-block-heading\"><span class=\"ez-toc-section\" id=\"Clave_9_Estilo_industrial_moderno_estructura_vista_y_personalidad\"><\/span>Clave 9: Estilo industrial moderno: estructura vista y personalidad<span class=\"ez-toc-section-end\"><\/span><\/h3>\n\n\n\n<p class=\"has-medium-font-size wp-block-paragraph\">Las casas modulares tambi\u00e9n pueden transmitir car\u00e1cter. El estilo industrial moderno <strong>abraza la estructura a la vista (vigas met\u00e1licas, hormig\u00f3n, acero) y la convierte en parte de la decoraci\u00f3n<\/strong>. Construir bajo esta l\u00ednea est\u00e9tica realza la autenticidad de los materiales y crea espacios con un punto urbano y sofisticado.<\/p>\n\n\n\n<p class=\"has-medium-font-size wp-block-paragraph\">Para amueblar, apuesta por <strong>combinaciones audaces: sof\u00e1s de piel envejecida, mesas con sobre de madera reciclada, l\u00e1mparas tipo f\u00e1brica<\/strong>. El contraste entre lo crudo y lo pulido funciona especialmente bien en casas modulares, donde cada elecci\u00f3n cuenta. Un estilo perfecto para quienes buscan una vivienda con alma y presencia.<\/p>\n\n\n\n<div style=\"height:25px\" aria-hidden=\"true\" class=\"wp-block-spacer\"><\/div>\n\n\n\n<h2 class=\"wp-block-heading\"><span class=\"ez-toc-section\" id=\"Distribucion_interior_eficiente\"><\/span>Distribuci\u00f3n interior eficiente<span class=\"ez-toc-section-end\"><\/span><\/h2>\n\n\n\n<div style=\"height:25px\" aria-hidden=\"true\" class=\"wp-block-spacer\"><\/div>\n\n\n\n<figure class=\"wp-block-image alignfull size-full\"><img loading=\"lazy\" decoding=\"async\" width=\"2368\" height=\"1318\" src=\"https:\/\/mueblesdetena.es\/wp-content\/uploads\/2025\/06\/casa-modular-5.jpg\" alt=\"casa modular, construir, decorar\" class=\"wp-image-39052\" srcset=\"https:\/\/mueblesdetena.es\/wp-content\/uploads\/2025\/06\/casa-modular-5.jpg 2368w, https:\/\/mueblesdetena.es\/wp-content\/uploads\/2025\/06\/casa-modular-5-300x167.jpg 300w, https:\/\/mueblesdetena.es\/wp-content\/uploads\/2025\/06\/casa-modular-5-1024x570.jpg 1024w, https:\/\/mueblesdetena.es\/wp-content\/uploads\/2025\/06\/casa-modular-5-768x427.jpg 768w, https:\/\/mueblesdetena.es\/wp-content\/uploads\/2025\/06\/casa-modular-5-1536x855.jpg 1536w, https:\/\/mueblesdetena.es\/wp-content\/uploads\/2025\/06\/casa-modular-5-2048x1140.jpg 2048w, https:\/\/mueblesdetena.es\/wp-content\/uploads\/2025\/06\/casa-modular-5-600x334.jpg 600w\" sizes=\"(max-width: 2368px) 100vw, 2368px\" \/><\/figure>\n\n\n\n<div style=\"height:25px\" aria-hidden=\"true\" class=\"wp-block-spacer\"><\/div>\n\n\n\n<h3 class=\"wp-block-heading\"><span class=\"ez-toc-section\" id=\"Clave_10_Como_aprovechar_al_maximo_el_espacio_con_mobiliario_inteligente\"><\/span>Clave 10: C\u00f3mo aprovechar al m\u00e1ximo el espacio con mobiliario inteligente<span class=\"ez-toc-section-end\"><\/span><\/h3>\n\n\n\n<p class=\"has-medium-font-size wp-block-paragraph\">En una casa modular, cada cent\u00edmetro cuenta. Por eso, el mobiliario debe cumplir m\u00e1s de una funci\u00f3n. <strong>Apostar por camas abatibles, sof\u00e1s cama o mesas extensibles<\/strong> permite transformar una misma estancia seg\u00fan el momento del d\u00eda, manteniendo siempre el orden y la ligereza visual que caracteriza a este tipo de viviendas.<\/p>\n\n\n\n<p class=\"has-medium-font-size wp-block-paragraph\">A la hora de construir una casa modular es esencial prever soluciones a medida, como <strong>armarios empotrados, estanter\u00edas integradas o bancos con almacenaje oculto<\/strong>. Este tipo de muebles inteligentes no solo aportan funcionalidad, sino que realzan la est\u00e9tica de la vivienda, ofreciendo una sensaci\u00f3n de amplitud incluso en superficies reducidas. El truco est\u00e1 en elegir piezas vers\u00e1tiles y bien dise\u00f1adas.<\/p>\n\n\n\n<div style=\"height:25px\" aria-hidden=\"true\" class=\"wp-block-spacer\"><\/div>\n\n\n\n<h3 class=\"wp-block-heading\"><span class=\"ez-toc-section\" id=\"Clave_11_Tips_para_una_cocina_funcional_en_pocos_metros\"><\/span>Clave 11: Tips para una cocina funcional en pocos metros<span class=\"ez-toc-section-end\"><\/span><\/h3>\n\n\n\n<p class=\"has-medium-font-size wp-block-paragraph\">Amueblar una cocina peque\u00f1a dentro de una casa modular requiere planificaci\u00f3n y sensibilidad est\u00e9tica. Las <strong>cocinas en l\u00ednea o en forma de L<\/strong> permiten liberar espacio de circulaci\u00f3n sin renunciar al confort. <strong>Muebles altos hasta el techo, puertas escamoteables o electrodom\u00e9sticos integrados<\/strong> ayudan a crear un ambiente ordenado y sofisticado, ideal para la vida cotidiana.<\/p>\n\n\n\n<p class=\"has-medium-font-size wp-block-paragraph\">Una <strong>buena iluminaci\u00f3n, materiales resistentes y tonos claros<\/strong> son aliados clave para ampliar visualmente la cocina. Tambi\u00e9n lo es el <strong>mobiliario personalizado<\/strong>, que se adapta al mil\u00edmetro a la estructura modular. Apostar por una distribuci\u00f3n eficiente no solo mejora el uso diario, sino que convierte la cocina en un aut\u00e9ntico espacio de encuentro y bienestar.<\/p>\n\n\n\n<div style=\"height:25px\" aria-hidden=\"true\" class=\"wp-block-spacer\"><\/div>\n\n\n\n<h3 class=\"wp-block-heading\"><span class=\"ez-toc-section\" id=\"Clave_12_Como_elegir_el_mobiliario_perfecto_para_tu_casa_modular\"><\/span>Clave 12: C\u00f3mo elegir el mobiliario perfecto para tu casa modular<span class=\"ez-toc-section-end\"><\/span><\/h3>\n\n\n\n<p class=\"has-medium-font-size wp-block-paragraph\">Cuando decides construir una casa modular, cada cent\u00edmetro cuenta. Por eso, el mobiliario debe adaptarse con precisi\u00f3n a las dimensiones reales del espacio. <strong>Mide con rigor y apuesta por soluciones que aporten almacenaje extra sin recargar<\/strong>. Piezas multifuncionales como camas con arc\u00f3n o bancos con compartimentos son grandes aliadas para amueblar sin renunciar al orden.<\/p>\n\n\n\n<p class=\"has-medium-font-size wp-block-paragraph\">En una casa modular, los materiales no solo deben ser est\u00e9ticos, sino tambi\u00e9n duraderos y f\u00e1ciles de mantener. La madera maciza tratada, el <a href=\"https:\/\/aramol.com\/productos\/tableros\/mdf\/tablero-mdf-lacado\/\" target=\"_blank\" rel=\"noopener\">DM lacado<\/a> y los acabados antimanchas son opciones que a\u00fanan belleza y resistencia. Elegir bien significa <strong>invertir en muebles que envejezcan con estilo, soporten el uso diario y realcen la calidez del hogar<\/strong> sin perder funcionalidad.<\/p>\n\n\n\n<p class=\"has-medium-font-size wp-block-paragraph\">Para amueblar con gusto y sentido pr\u00e1ctico, conf\u00eda en tiendas especializadas que entiendan el equilibrio entre dise\u00f1o y aprovechamiento. En <a href=\"https:\/\/mueblesdetena.es\/ru_ru\/\">Muebles Detena<\/a> encontrar\u00e1s propuestas pensadas para sacar lo mejor de tu casa modular, desde muebles a medida hasta composiciones modulares de sal\u00f3n o dormitorio.<\/p>\n\n\n\n<div style=\"height:25px\" aria-hidden=\"true\" class=\"wp-block-spacer\"><\/div>\n\n\n\n<figure class=\"wp-block-image alignfull size-full\"><img loading=\"lazy\" decoding=\"async\" width=\"2368\" height=\"1318\" src=\"https:\/\/mueblesdetena.es\/wp-content\/uploads\/2025\/06\/casa-modular-6.jpg\" alt=\"casa modular, construir, decorar\" class=\"wp-image-39053\" srcset=\"https:\/\/mueblesdetena.es\/wp-content\/uploads\/2025\/06\/casa-modular-6.jpg 2368w, https:\/\/mueblesdetena.es\/wp-content\/uploads\/2025\/06\/casa-modular-6-300x167.jpg 300w, https:\/\/mueblesdetena.es\/wp-content\/uploads\/2025\/06\/casa-modular-6-1024x570.jpg 1024w, https:\/\/mueblesdetena.es\/wp-content\/uploads\/2025\/06\/casa-modular-6-768x427.jpg 768w, https:\/\/mueblesdetena.es\/wp-content\/uploads\/2025\/06\/casa-modular-6-1536x855.jpg 1536w, https:\/\/mueblesdetena.es\/wp-content\/uploads\/2025\/06\/casa-modular-6-2048x1140.jpg 2048w, https:\/\/mueblesdetena.es\/wp-content\/uploads\/2025\/06\/casa-modular-6-600x334.jpg 600w\" sizes=\"(max-width: 2368px) 100vw, 2368px\" \/><\/figure>\n\n\n\n<div style=\"height:25px\" aria-hidden=\"true\" class=\"wp-block-spacer\"><\/div>\n\n\n\n<p class=\"has-medium-font-size wp-block-paragraph\">Vivir en una casa modular no solo es una opci\u00f3n pr\u00e1ctica, tambi\u00e9n es una declaraci\u00f3n de estilo. Las nuevas tendencias apuestan por hogares sostenibles, r\u00e1pidos de construir y completamente personalizables, lo que permite adaptarse a cualquier etapa vital. Desde una pareja joven hasta una familia numerosa, todo se dise\u00f1a a tu medida y sin renunciar al dise\u00f1o.<\/p>\n\n\n\n<p class=\"has-medium-font-size wp-block-paragraph\">Adem\u00e1s, el proceso de construir tu propia casa modular se ha simplificado enormemente. Hoy, con una buena orientaci\u00f3n profesional, puedes gestionar permisos, adaptar el proyecto al terreno y planificar una distribuci\u00f3n eficiente que se ajuste a tu estilo de vida. El resultado es un hogar funcional, est\u00e9tico y preparado para evolucionar contigo.<\/p>\n\n\n\n<p class=\"has-medium-font-size wp-block-paragraph\">Y una vez construida, llega la parte m\u00e1s inspiradora: amueblar cada estancia. Elegir piezas vers\u00e1tiles, a medida y con personalidad convierte cada m\u00f3dulo en un espacio lleno de vida. Porque s\u00ed, vivir en una casa modular es m\u00e1s f\u00e1cil y mucho m\u00e1s bonito de lo que imaginas.<\/p>\n\n\n\n<p class=\"wp-block-paragraph\"><\/p>","protected":false},"excerpt":{"rendered":"<p>Cada vez son m\u00e1s quienes se atreven a dar el paso hacia una nueva forma de vivir: la casa modular. Este tipo de vivienda, fabricada por m\u00f3dulos en taller y ensamblada directamente sobre el terreno, combina dise\u00f1o y funcionalidad con una precisi\u00f3n dif\u00edcil de encontrar en la construcci\u00f3n tradicional. Su \u00e9xito no es casualidad. Construir [&hellip;]<\/p>\n","protected":false},"author":618,"featured_media":39048,"comment_status":"closed","ping_status":"open","sticky":false,"template":"","format":"standard","meta":{"site-sidebar-layout":"default","site-content-layout":"","ast-site-content-layout":"default","site-content-style":"default","site-sidebar-style":"default","ast-global-header-display":"","ast-banner-title-visibility":"","ast-main-header-display":"","ast-hfb-above-header-display":"","ast-hfb-below-header-display":"","ast-hfb-mobile-header-display":"","site-post-title":"","ast-breadcrumbs-content":"","ast-featured-img":"","footer-sml-layout":"","ast-disable-related-posts":"","theme-transparent-header-meta":"","adv-header-id-meta":"","stick-header-meta":"","header-above-stick-meta":"","header-main-stick-meta":"","header-below-stick-meta":"","astra-migrate-meta-layouts":"set","ast-page-background-enabled":"default","ast-page-background-meta":{"desktop":{"background-color":"var(--ast-global-color-4)","background-image":"","background-repeat":"repeat","background-position":"center center","background-size":"auto","background-attachment":"scroll","background-type":"","background-media":"","overlay-type":"","overlay-color":"","overlay-opacity":"","overlay-gradient":""},"tablet":{"background-color":"","background-image":"","background-repeat":"repeat","background-position":"center center","background-size":"auto","background-attachment":"scroll","background-type":"","background-media":"","overlay-type":"","overlay-color":"","overlay-opacity":"","overlay-gradient":""},"mobile":{"background-color":"","background-image":"","background-repeat":"repeat","background-position":"center center","background-size":"auto","background-attachment":"scroll","background-type":"","background-media":"","overlay-type":"","overlay-color":"","overlay-opacity":"","overlay-gradient":""}},"ast-content-background-meta":{"desktop":{"background-color":"var(--ast-global-color-5)","background-image":"","background-repeat":"repeat","background-position":"center center","background-size":"auto","background-attachment":"scroll","background-type":"","background-media":"","overlay-type":"","overlay-color":"","overlay-opacity":"","overlay-gradient":""},"tablet":{"background-color":"var(--ast-global-color-5)","background-image":"","background-repeat":"repeat","background-position":"center center","background-size":"auto","background-attachment":"scroll","background-type":"","background-media":"","overlay-type":"","overlay-color":"","overlay-opacity":"","overlay-gradient":""},"mobile":{"background-color":"var(--ast-global-color-5)","background-image":"","background-repeat":"repeat","background-position":"center center","background-size":"auto","background-attachment":"scroll","background-type":"","background-media":"","overlay-type":"","overlay-color":"","overlay-opacity":"","overlay-gradient":""}},"_joinchat":[],"footnotes":""},"categories":[1],"tags":[],"class_list":["post-39036","post","type-post","status-publish","format-standard","has-post-thumbnail","hentry","category-sin-categoria"],"_links":{"self":[{"href":"https:\/\/mueblesdetena.es\/ru_ru\/wp-json\/wp\/v2\/posts\/39036","targetHints":{"allow":["GET"]}}],"collection":[{"href":"https:\/\/mueblesdetena.es\/ru_ru\/wp-json\/wp\/v2\/posts"}],"about":[{"href":"https:\/\/mueblesdetena.es\/ru_ru\/wp-json\/wp\/v2\/types\/post"}],"author":[{"embeddable":true,"href":"https:\/\/mueblesdetena.es\/ru_ru\/wp-json\/wp\/v2\/users\/618"}],"replies":[{"embeddable":true,"href":"https:\/\/mueblesdetena.es\/ru_ru\/wp-json\/wp\/v2\/comments?post=39036"}],"version-history":[{"count":6,"href":"https:\/\/mueblesdetena.es\/ru_ru\/wp-json\/wp\/v2\/posts\/39036\/revisions"}],"predecessor-version":[{"id":40658,"href":"https:\/\/mueblesdetena.es\/ru_ru\/wp-json\/wp\/v2\/posts\/39036\/revisions\/40658"}],"wp:featuredmedia":[{"embeddable":true,"href":"https:\/\/mueblesdetena.es\/ru_ru\/wp-json\/wp\/v2\/media\/39048"}],"wp:attachment":[{"href":"https:\/\/mueblesdetena.es\/ru_ru\/wp-json\/wp\/v2\/media?parent=39036"}],"wp:term":[{"taxonomy":"category","embeddable":true,"href":"https:\/\/mueblesdetena.es\/ru_ru\/wp-json\/wp\/v2\/categories?post=39036"},{"taxonomy":"post_tag","embeddable":true,"href":"https:\/\/mueblesdetena.es\/ru_ru\/wp-json\/wp\/v2\/tags?post=39036"}],"curies":[{"name":"wp","href":"https:\/\/api.w.org\/{rel}","templated":true}]}}