{"id":39084,"date":"2025-07-01T09:00:00","date_gmt":"2025-07-01T07:00:00","guid":{"rendered":"https:\/\/mueblesdetena.es\/?p=39084"},"modified":"2025-09-30T09:19:44","modified_gmt":"2025-09-30T07:19:44","slug":"9-ideas-decorar-aprovechar-al-maximo-tu-altillo","status":"publish","type":"post","link":"https:\/\/mueblesdetena.es\/ru_ru\/9-ideas-decorar-aprovechar-al-maximo-tu-altillo\/","title":{"rendered":"9 ideas para decorar y aprovechar al m\u00e1ximo tu altillo"},"content":{"rendered":"<p class=\"has-medium-font-size wp-block-paragraph\">Los altillos han dejado de ser simples soluciones de almacenaje para convertirse en espacios con alma. Esa superficie extra que muchas veces pasa desapercibida es, en realidad, una oportunidad para a\u00f1adir funcionalidad y belleza al hogar. Bien pensados, pueden transformarse en rincones llenos de vida y personalidad.<\/p>\n\n\n\n<p class=\"has-medium-font-size wp-block-paragraph\">Contar con un altillo bien distribuido y decorado puede marcar la diferencia en pisos peque\u00f1os o viviendas con techos altos. Desde dormitorios auxiliares hasta zonas de relax, todo es posible con una planificaci\u00f3n adecuada y el mobiliario correcto. La clave est\u00e1 en optimizar cada cent\u00edmetro sin renunciar al estilo ni al confort.<\/p>\n\n\n\n<p class=\"has-medium-font-size wp-block-paragraph\">En este art\u00edculo te proponemos <strong>9 ideas creativas<\/strong> <strong>para decorar y sacar todo el partido a tu altillo<\/strong>. Te mostraremos ejemplos reales, soluciones inteligentes y combinaciones de mobiliario que funcionan. Sea cual sea tu necesidad (trabajo, almacenaje o descanso), encontrar\u00e1s inspiraci\u00f3n para dise\u00f1ar un espacio a medida.<\/p>\n\n\n\n<div style=\"height:25px\" aria-hidden=\"true\" class=\"wp-block-spacer\"><\/div>\n\n\n\n<div id=\"ez-toc-container\" class=\"ez-toc-v2_0_85 counter-hierarchy ez-toc-counter ez-toc-grey ez-toc-container-direction\">\n<div class=\"ez-toc-title-container\">\n<p class=\"ez-toc-title\" style=\"cursor:inherit\">Table of Contents<\/p>\n<span class=\"ez-toc-title-toggle\"><a href=\"#\" class=\"ez-toc-pull-right ez-toc-btn ez-toc-btn-xs ez-toc-btn-default ez-toc-toggle\" aria-label=\"Toggle Table of Content\"><span class=\"ez-toc-js-icon-con\"><span class=\"\"><span class=\"eztoc-hide\" style=\"display:none;\">Toggle<\/span><span class=\"ez-toc-icon-toggle-span\"><svg style=\"fill: #999;color:#999\" xmlns=\"http:\/\/www.w3.org\/2000\/svg\" class=\"list-377408\" width=\"20px\" height=\"20px\" viewbox=\"0 0 24 24\" fill=\"none\"><path d=\"M6 6H4v2h2V6zm14 0H8v2h12V6zM4 11h2v2H4v-2zm16 0H8v2h12v-2zM4 16h2v2H4v-2zm16 0H8v2h12v-2z\" fill=\"currentColor\"><\/path><\/svg><svg style=\"fill: #999;color:#999\" class=\"arrow-unsorted-368013\" xmlns=\"http:\/\/www.w3.org\/2000\/svg\" width=\"10px\" height=\"10px\" viewbox=\"0 0 24 24\" version=\"1.2\" baseprofile=\"tiny\"><path d=\"M18.2 9.3l-6.2-6.3-6.2 6.3c-.2.2-.3.4-.3.7s.1.5.3.7c.2.2.4.3.7.3h11c.3 0 .5-.1.7-.3.2-.2.3-.5.3-.7s-.1-.5-.3-.7zM5.8 14.7l6.2 6.3 6.2-6.3c.2-.2.3-.5.3-.7s-.1-.5-.3-.7c-.2-.2-.4-.3-.7-.3h-11c-.3 0-.5.1-.7.3-.2.2-.3.5-.3.7s.1.5.3.7z\"\/><\/svg><\/span><\/span><\/span><\/a><\/span><\/div>\n<nav><ul class='ez-toc-list ez-toc-list-level-1' ><li class='ez-toc-page-1 ez-toc-heading-level-2'><a class=\"ez-toc-link ez-toc-heading-1\" href=\"https:\/\/mueblesdetena.es\/ru_ru\/9-ideas-decorar-aprovechar-al-maximo-tu-altillo\/#1_Crea_un_dormitorio_extra_con_encanto\" >1. Crea un dormitorio extra con encanto<\/a><\/li><li class='ez-toc-page-1 ez-toc-heading-level-2'><a class=\"ez-toc-link ez-toc-heading-2\" href=\"https:\/\/mueblesdetena.es\/ru_ru\/9-ideas-decorar-aprovechar-al-maximo-tu-altillo\/#2_Tu_despacho_en_casa_sin_perder_metros_utiles\" >2. Tu despacho en casa sin perder metros \u00fatiles<\/a><\/li><li class='ez-toc-page-1 ez-toc-heading-level-2'><a class=\"ez-toc-link ez-toc-heading-3\" href=\"https:\/\/mueblesdetena.es\/ru_ru\/9-ideas-decorar-aprovechar-al-maximo-tu-altillo\/#3_Altillo_vestidor_Orden_y_estilo_en_vertical\" >3. Altillo vestidor: Orden y estilo en vertical<\/a><\/li><li class='ez-toc-page-1 ez-toc-heading-level-2'><a class=\"ez-toc-link ez-toc-heading-4\" href=\"https:\/\/mueblesdetena.es\/ru_ru\/9-ideas-decorar-aprovechar-al-maximo-tu-altillo\/#4_Zona_chill_out_o_de_lectura\" >4. Zona chill out o de lectura<\/a><\/li><li class='ez-toc-page-1 ez-toc-heading-level-2'><a class=\"ez-toc-link ez-toc-heading-5\" href=\"https:\/\/mueblesdetena.es\/ru_ru\/9-ideas-decorar-aprovechar-al-maximo-tu-altillo\/#5_Espacio_de_almacenaje_inteligente\" >5. Espacio de almacenaje inteligente<\/a><\/li><li class='ez-toc-page-1 ez-toc-heading-level-2'><a class=\"ez-toc-link ez-toc-heading-6\" href=\"https:\/\/mueblesdetena.es\/ru_ru\/9-ideas-decorar-aprovechar-al-maximo-tu-altillo\/#6_Rincon_de_juegos_para_peques_o_no_tan_peques\" >6. Rinc\u00f3n de juegos para peques (o no tan peques)<\/a><\/li><li class='ez-toc-page-1 ez-toc-heading-level-2'><a class=\"ez-toc-link ez-toc-heading-7\" href=\"https:\/\/mueblesdetena.es\/ru_ru\/9-ideas-decorar-aprovechar-al-maximo-tu-altillo\/#7_Mini_estudio_musical_artistico_o_creativo\" >7. Mini estudio musical, art\u00edstico o creativo<\/a><\/li><li class='ez-toc-page-1 ez-toc-heading-level-2'><a class=\"ez-toc-link ez-toc-heading-8\" href=\"https:\/\/mueblesdetena.es\/ru_ru\/9-ideas-decorar-aprovechar-al-maximo-tu-altillo\/#8_Cine_en_casa_o_zona_gamer\" >8. Cine en casa o zona gamer<\/a><\/li><li class='ez-toc-page-1 ez-toc-heading-level-2'><a class=\"ez-toc-link ez-toc-heading-9\" href=\"https:\/\/mueblesdetena.es\/ru_ru\/9-ideas-decorar-aprovechar-al-maximo-tu-altillo\/#9_Dormitorio_juvenil_independiente\" >9. Dormitorio juvenil independiente<\/a><\/li><li class='ez-toc-page-1 ez-toc-heading-level-2'><a class=\"ez-toc-link ez-toc-heading-10\" href=\"https:\/\/mueblesdetena.es\/ru_ru\/9-ideas-decorar-aprovechar-al-maximo-tu-altillo\/#Errores_comunes_al_distribuir_un_altillo\" >Errores comunes al distribuir un altillo<\/a><\/li><\/ul><\/nav><\/div>\n<h2 class=\"wp-block-heading\"><span class=\"ez-toc-section\" id=\"1_Crea_un_dormitorio_extra_con_encanto\"><\/span>1. Crea un dormitorio extra con encanto<span class=\"ez-toc-section-end\"><\/span><\/h2>\n\n\n\n<p class=\"has-medium-font-size wp-block-paragraph\">Convertir el altillo en un dormitorio extra es una de las opciones m\u00e1s pr\u00e1cticas y acogedoras. Ya sea para invitados, hijos adolescentes o incluso para alquilar, este espacio <strong>ofrece una intimidad \u00fanica que puede potenciarse con los muebles adecuados y una buena planificaci\u00f3n<\/strong>. Todo empieza por saber decorar sin recargar.<\/p>\n\n\n\n<p class=\"has-medium-font-size wp-block-paragraph\">La <a href=\"https:\/\/mueblesdetena.es\/ru_ru\/?s=cama+abatible\">cama abatible<\/a> es una aliada clave: <strong>se pliega cuando no se usa y deja libre el paso<\/strong>. Si buscas una soluci\u00f3n fija, opta por un <a href=\"https:\/\/mueblesdetena.es\/ru_ru\/?s=canap%C3%A9\">canap\u00e9 con almacenaje integrado<\/a>. A su lado, <strong>los armarios bajos o rinconeros permiten guardar sin obstaculizar la circulaci\u00f3n<\/strong>. En un altillo, la funcionalidad se vuelve est\u00e9tica.<\/p>\n\n\n\n<p class=\"has-medium-font-size wp-block-paragraph\"><strong>Para ganar sensaci\u00f3n de amplitud, juega con tonos suaves, textiles ligeros y l\u00e1mparas de luz c\u00e1lida<\/strong>. Un biombo de fibras naturales o una cortina puede ofrecer privacidad sin perder ligereza visual. Decorar un altillo como dormitorio es crear un refugio sereno y vers\u00e1til en lo alto del hogar.<\/p>\n\n\n\n<div style=\"height:25px\" aria-hidden=\"true\" class=\"wp-block-spacer\"><\/div>\n\n\n\n<h2 class=\"wp-block-heading\"><span class=\"ez-toc-section\" id=\"2_Tu_despacho_en_casa_sin_perder_metros_utiles\"><\/span>2. Tu despacho en casa sin perder metros \u00fatiles<span class=\"ez-toc-section-end\"><\/span><\/h2>\n\n\n\n<p class=\"has-medium-font-size wp-block-paragraph\">Si buscas una zona de teletrabajo que no reste metros al resto de tu hogar, el altillo es el lugar perfecto. <strong>Su independencia lo convierte en un rinc\u00f3n silencioso y apartado, ideal para concentrarte<\/strong>. La clave est\u00e1 en escoger piezas ligeras que no recarguen el espacio y mantengan la armon\u00eda visual.<\/p>\n\n\n\n<p class=\"has-medium-font-size wp-block-paragraph\">Un <strong>escritorio modular<\/strong> que se adapte a las dimensiones disponibles marcar\u00e1 la diferencia. Si se acompa\u00f1a de <strong>estanter\u00edas integradas a pared<\/strong>, se consigue una sensaci\u00f3n de continuidad que aligera el ambiente. Apostar por tonos <strong>neutros y materiales naturales<\/strong> ayuda a decorar el altillo con calidez y funcionalidad sin renunciar al estilo.<\/p>\n\n\n\n<p class=\"has-medium-font-size wp-block-paragraph\">La iluminaci\u00f3n es esencial en espacios reducidos. Apuesta por <strong><a href=\"https:\/\/www.lamparayluz.es\/catalogsearch\/result\/?q=aplique+de+pared\" target=\"_blank\" rel=\"noopener\">apliques de pared<\/a> o <a href=\"https:\/\/www.lamparayluz.es\/catalogsearch\/result\/?q=l%C3%A1mpara+orientable\" target=\"_blank\" rel=\"noopener\">l\u00e1mparas orientables<\/a><\/strong> que no resten superficie \u00fatil. No olvides cuidar la ergonom\u00eda: una <strong>silla c\u00f3moda y bien proporcionada<\/strong> puede transformar por completo tu jornada. Decorar este altillo con criterio ser\u00e1 la clave del confort diario.<\/p>\n\n\n\n<div style=\"height:25px\" aria-hidden=\"true\" class=\"wp-block-spacer\"><\/div>\n\n\n\n<figure class=\"wp-block-image alignfull size-full\"><img fetchpriority=\"high\" decoding=\"async\" width=\"2368\" height=\"1318\" src=\"https:\/\/mueblesdetena.es\/wp-content\/uploads\/2025\/06\/altillo-2.jpg\" alt=\"altillo\" class=\"wp-image-39087\" srcset=\"https:\/\/mueblesdetena.es\/wp-content\/uploads\/2025\/06\/altillo-2.jpg 2368w, https:\/\/mueblesdetena.es\/wp-content\/uploads\/2025\/06\/altillo-2-300x167.jpg 300w, https:\/\/mueblesdetena.es\/wp-content\/uploads\/2025\/06\/altillo-2-1024x570.jpg 1024w, https:\/\/mueblesdetena.es\/wp-content\/uploads\/2025\/06\/altillo-2-768x427.jpg 768w, https:\/\/mueblesdetena.es\/wp-content\/uploads\/2025\/06\/altillo-2-1536x855.jpg 1536w, https:\/\/mueblesdetena.es\/wp-content\/uploads\/2025\/06\/altillo-2-2048x1140.jpg 2048w, https:\/\/mueblesdetena.es\/wp-content\/uploads\/2025\/06\/altillo-2-600x334.jpg 600w\" sizes=\"(max-width: 2368px) 100vw, 2368px\" \/><\/figure>\n\n\n\n<div style=\"height:25px\" aria-hidden=\"true\" class=\"wp-block-spacer\"><\/div>\n\n\n\n<h2 class=\"wp-block-heading\"><span class=\"ez-toc-section\" id=\"3_Altillo_vestidor_Orden_y_estilo_en_vertical\"><\/span>3. Altillo vestidor: Orden y estilo en vertical<span class=\"ez-toc-section-end\"><\/span><\/h2>\n\n\n\n<p class=\"has-medium-font-size wp-block-paragraph\">Un altillo puede convertirse en un elegante vestidor si se sabe distribuir con inteligencia. La clave est\u00e1 en <strong>aprovechar cada cent\u00edmetro de altura y apostar por una organizaci\u00f3n abierta y visualmente ligera<\/strong>. M\u00f3dulos bajos, estanter\u00edas sin puertas y cajoneras encajadas al mil\u00edmetro son un acierto para mantener el orden sin recargar el ambiente.<\/p>\n\n\n\n<p class=\"has-medium-font-size wp-block-paragraph\">Para quienes desean decorar con estilo sin renunciar a la funcionalidad, <strong>las barras percheras en pared o suspendidas del techo<\/strong> son una soluci\u00f3n tan pr\u00e1ctica como est\u00e9tica. Permiten colgar prendas largas y mantener la ropa siempre a la vista, como en los vestidores de revista. <strong>A\u00f1adir zapateros extra\u00edbles o de obra<\/strong> garantiza a\u00fan m\u00e1s capacidad sin perder armon\u00eda visual.<\/p>\n\n\n\n<p class=\"has-medium-font-size wp-block-paragraph\">La elecci\u00f3n de materiales y colores es esencial para que el altillo respire ligereza. <strong>Tonos neutros, madera clara o lacados en blanco<\/strong> aportan continuidad con el resto de la casa. <strong>Un espejo grande y una buena iluminaci\u00f3n<\/strong> terminar\u00e1n de vestir este rinc\u00f3n con personalidad.<\/p>\n\n\n\n<div style=\"height:25px\" aria-hidden=\"true\" class=\"wp-block-spacer\"><\/div>\n\n\n\n<h2 class=\"wp-block-heading\"><span class=\"ez-toc-section\" id=\"4_Zona_chill_out_o_de_lectura\"><\/span>4. Zona chill out o de lectura<span class=\"ez-toc-section-end\"><\/span><\/h2>\n\n\n\n<p class=\"has-medium-font-size wp-block-paragraph\">Si buscas un rinc\u00f3n para desconectar del mundo, el altillo puede transformarse en el lugar m\u00e1s especial de tu hogar. Decorar este espacio con intenci\u00f3n convierte cada metro en una experiencia sensorial. Opta por una <strong>base de tonos neutros y a\u00f1ade texturas suaves<\/strong> que inviten a quedarse horas leyendo o simplemente descansando.<\/p>\n\n\n\n<p class=\"has-medium-font-size wp-block-paragraph\">Los muebles bajos son clave para mantener una est\u00e9tica ligera y acogedora. <strong>Un fut\u00f3n, una butaca tapizada o incluso un banco con cojines mullidos<\/strong> ayudan a aprovechar el espacio sin saturarlo. Acomp\u00e1\u00f1alos con una <strong>peque\u00f1a librer\u00eda o baldas flotantes<\/strong> que den protagonismo a tus libros y objetos favoritos, reforzando as\u00ed el car\u00e1cter \u00edntimo del altillo.<\/p>\n\n\n\n<p class=\"has-medium-font-size wp-block-paragraph\">La iluminaci\u00f3n es esencial para decorar con armon\u00eda: <strong>apuesta por luces c\u00e1lidas, <a href=\"https:\/\/www.lamparayluz.es\/catalogsearch\/result\/?q=guirnalda\" target=\"_blank\" rel=\"noopener\">guirnaldas<\/a> de bombillas o l\u00e1mparas de pie<\/strong> con pantalla de lino. A\u00f1ade plaids, alfombras de fibras naturales y alg\u00fan toque de color suave para crear un ambiente de calma irresistible.<\/p>\n\n\n\n<div style=\"height:25px\" aria-hidden=\"true\" class=\"wp-block-spacer\"><\/div>\n\n\n\n<h2 class=\"wp-block-heading\"><span class=\"ez-toc-section\" id=\"5_Espacio_de_almacenaje_inteligente\"><\/span>5. Espacio de almacenaje inteligente<span class=\"ez-toc-section-end\"><\/span><\/h2>\n\n\n\n<p class=\"has-medium-font-size wp-block-paragraph\">Cuando el altillo no se usa a diario, aprovecharlo como zona de almacenaje es una elecci\u00f3n pr\u00e1ctica y elegante. La clave est\u00e1 en planificar con precisi\u00f3n: <strong>medir cada \u00e1ngulo, valorar la accesibilidad y elegir soluciones<\/strong> que se integren sin alterar la est\u00e9tica del conjunto. Aqu\u00ed, menos es m\u00e1s.<\/p>\n\n\n\n<p class=\"has-medium-font-size wp-block-paragraph\">Las <strong>cajoneras a medida<\/strong> son grandes aliadas. Permiten mantener el orden y aprovechar la profundidad sin perder armon\u00eda. Complementarlas con <strong>ba\u00fales decorativos<\/strong> a\u00f1ade calidez y funcionalidad a partes iguales. Tambi\u00e9n puedes decorar con <strong>cajas textiles o cestos<\/strong>, siempre en una paleta neutra que unifique visualmente.<\/p>\n\n\n\n<p class=\"has-medium-font-size wp-block-paragraph\">Si el espacio lo permite, <strong>las estanter\u00edas cerradas se convierten en un recurso excepcional.<\/strong> Ayudan a mantener el altillo limpio y despejado, ocultando lo que no necesitas tener a la vista. <strong>Lo importante es no sobrecargar<\/strong>: cada rinc\u00f3n debe respirarse con calma, buscando siempre el equilibrio entre funcionalidad y belleza.<\/p>\n\n\n\n<div style=\"height:25px\" aria-hidden=\"true\" class=\"wp-block-spacer\"><\/div>\n\n\n\n<figure class=\"wp-block-image alignfull size-full\"><img decoding=\"async\" width=\"2368\" height=\"1318\" src=\"https:\/\/mueblesdetena.es\/wp-content\/uploads\/2025\/06\/altillo-3.jpg\" alt=\"altillo\" class=\"wp-image-39094\" srcset=\"https:\/\/mueblesdetena.es\/wp-content\/uploads\/2025\/06\/altillo-3.jpg 2368w, https:\/\/mueblesdetena.es\/wp-content\/uploads\/2025\/06\/altillo-3-300x167.jpg 300w, https:\/\/mueblesdetena.es\/wp-content\/uploads\/2025\/06\/altillo-3-1024x570.jpg 1024w, https:\/\/mueblesdetena.es\/wp-content\/uploads\/2025\/06\/altillo-3-768x427.jpg 768w, https:\/\/mueblesdetena.es\/wp-content\/uploads\/2025\/06\/altillo-3-1536x855.jpg 1536w, https:\/\/mueblesdetena.es\/wp-content\/uploads\/2025\/06\/altillo-3-2048x1140.jpg 2048w, https:\/\/mueblesdetena.es\/wp-content\/uploads\/2025\/06\/altillo-3-600x334.jpg 600w\" sizes=\"(max-width: 2368px) 100vw, 2368px\" \/><\/figure>\n\n\n\n<div style=\"height:25px\" aria-hidden=\"true\" class=\"wp-block-spacer\"><\/div>\n\n\n\n<h2 class=\"wp-block-heading\"><span class=\"ez-toc-section\" id=\"6_Rincon_de_juegos_para_peques_o_no_tan_peques\"><\/span>6. Rinc\u00f3n de juegos para peques (o no tan peques)<span class=\"ez-toc-section-end\"><\/span><\/h2>\n\n\n\n<p class=\"has-medium-font-size wp-block-paragraph\">Convertir el altillo en un rinc\u00f3n de juegos es una de las formas m\u00e1s ingeniosas de aprovechar este espacio. Para que sea seguro y acogedor para los ni\u00f1os, es fundamental instalar una <strong>barandilla firme<\/strong>, elegir <strong>suelos c\u00e1lidos como el vinilo<\/strong> y asegurar una <strong>buena ventilaci\u00f3n<\/strong>. Si adem\u00e1s el acceso es mediante <strong>escalera, mejor que sea fija y con pelda\u00f1os anchos<\/strong>.<\/p>\n\n\n\n<p class=\"has-medium-font-size wp-block-paragraph\">Para mantener el orden sin perder estilo, opta por soluciones de almacenaje bajas y accesibles: <strong>cajas con ruedas, muebles modulares o estanter\u00edas abiertas<\/strong> permiten organizar los juguetes con facilidad. Aprovechar los <strong>laterales del altillo con cajones a medida<\/strong> es otra gran idea para decorar sin perder funcionalidad. Lo importante es que todo est\u00e9 al alcance de los peques sin que se vea desordenado.<\/p>\n\n\n\n<p class=\"has-medium-font-size wp-block-paragraph\">En cuanto a la decoraci\u00f3n, <strong>los textiles suaves, los tonos empolvados y los vinilos de pared<\/strong> convierten este rinc\u00f3n en un lugar m\u00e1gico. A\u00f1adir <strong>una alfombra mullida, luces c\u00e1lidas y alg\u00fan tipi o tienda de tela<\/strong> aportar\u00e1 ese toque especial que convierte el altillo en el refugio favorito de la casa.<\/p>\n\n\n\n<div style=\"height:25px\" aria-hidden=\"true\" class=\"wp-block-spacer\"><\/div>\n\n\n\n<h2 class=\"wp-block-heading\"><span class=\"ez-toc-section\" id=\"7_Mini_estudio_musical_artistico_o_creativo\"><\/span>7. Mini estudio musical, art\u00edstico o creativo<span class=\"ez-toc-section-end\"><\/span><\/h2>\n\n\n\n<p class=\"has-medium-font-size wp-block-paragraph\">Convertir un altillo en un mini estudio creativo es una de las formas m\u00e1s inspiradoras de decorar este espacio. Para proyectos musicales o art\u00edsticos, <strong>el aislamiento ac\u00fastico juega un papel esencial: alfombras gruesas, cortinas tupidas o paneles fonoabsorbentes<\/strong> ayudan a mejorar la ac\u00fastica sin renunciar a una est\u00e9tica cuidada y contempor\u00e1nea.<\/p>\n\n\n\n<p class=\"has-medium-font-size wp-block-paragraph\">Las paredes inclinadas o los techos bajos, lejos de ser un obst\u00e1culo, pueden potenciar la atm\u00f3sfera \u00edntima y acogedora que un altillo necesita. Aprovechar estos \u00e1ngulos para colocar <strong>estanter\u00edas abiertas, colgadores de instrumentos o expositores de obra pl\u00e1stica<\/strong> es una soluci\u00f3n funcional y decorativa. El secreto est\u00e1 en adaptar el mobiliario a las proporciones del entorno sin perder personalidad.<\/p>\n\n\n\n<p class=\"has-medium-font-size wp-block-paragraph\">La iluminaci\u00f3n, por su parte, debe planificarse con mimo: <strong>apliques dirigibles, guirnaldas LED o l\u00e1mparas de brazo articulado<\/strong> permiten trabajar con comodidad y estilo. Mantener el orden es clave: cajas de almacenaje, carros con ruedas o estanter\u00edas modulares ayudar\u00e1n a organizar materiales sin saturar el altillo.<\/p>\n\n\n\n<div style=\"height:25px\" aria-hidden=\"true\" class=\"wp-block-spacer\"><\/div>\n\n\n\n<h2 class=\"wp-block-heading\"><span class=\"ez-toc-section\" id=\"8_Cine_en_casa_o_zona_gamer\"><\/span>8. Cine en casa o zona gamer<span class=\"ez-toc-section-end\"><\/span><\/h2>\n\n\n\n<p class=\"has-medium-font-size wp-block-paragraph\">Convertir un altillo en un cine en casa o en una zona gamer es una opci\u00f3n cada vez m\u00e1s deseada por quienes buscan un rinc\u00f3n con personalidad y disfrute. La clave est\u00e1 en la disposici\u00f3n: <strong>un <a href=\"https:\/\/mueblesdetena.es\/ru_ru\/?s=sof%C3%A1+cama\">sof\u00e1 cama<\/a> bien orientado y un <a href=\"https:\/\/mueblesdetena.es\/ru_ru\/composicion-comedor\/\">mueble bajo para la TV<\/a><\/strong> permiten aprovechar cada cent\u00edmetro sin recargar visualmente el espacio.<\/p>\n\n\n\n<p class=\"has-medium-font-size wp-block-paragraph\">Para mantener el orden y realzar el estilo, resulta esencial gestionar bien los cables y dispositivos. Puedes <strong>integrar regletas ocultas, canaletas pintadas en el mismo tono de la pared y bases para altavoces flotantes<\/strong>. Las luces LED regulables, colocadas estrat\u00e9gicamente, aportan ambiente y profundidad sin perder funcionalidad en este tipo de altillo.<\/p>\n\n\n\n<p class=\"has-medium-font-size wp-block-paragraph\">En cuanto a c\u00f3mo decorar, apuesta por una paleta crom\u00e1tica envolvente y materiales que generen sensaci\u00f3n de confort: <strong>alfombras gruesas, cortinas pesadas, textiles oscuros<\/strong>. Todo con medida. Un entorno inmersivo no necesita excesos, sino equilibrio entre tecnolog\u00eda, texturas y una atm\u00f3sfera bien cuidada.<\/p>\n\n\n\n<div style=\"height:25px\" aria-hidden=\"true\" class=\"wp-block-spacer\"><\/div>\n\n\n\n<figure class=\"wp-block-image alignfull size-full\"><img decoding=\"async\" width=\"2368\" height=\"1318\" src=\"https:\/\/mueblesdetena.es\/wp-content\/uploads\/2025\/06\/altillo-4.jpg\" alt=\"\" class=\"wp-image-39088\" srcset=\"https:\/\/mueblesdetena.es\/wp-content\/uploads\/2025\/06\/altillo-4.jpg 2368w, https:\/\/mueblesdetena.es\/wp-content\/uploads\/2025\/06\/altillo-4-300x167.jpg 300w, https:\/\/mueblesdetena.es\/wp-content\/uploads\/2025\/06\/altillo-4-1024x570.jpg 1024w, https:\/\/mueblesdetena.es\/wp-content\/uploads\/2025\/06\/altillo-4-768x427.jpg 768w, https:\/\/mueblesdetena.es\/wp-content\/uploads\/2025\/06\/altillo-4-1536x855.jpg 1536w, https:\/\/mueblesdetena.es\/wp-content\/uploads\/2025\/06\/altillo-4-2048x1140.jpg 2048w, https:\/\/mueblesdetena.es\/wp-content\/uploads\/2025\/06\/altillo-4-600x334.jpg 600w\" sizes=\"(max-width: 2368px) 100vw, 2368px\" \/><\/figure>\n\n\n\n<div style=\"height:25px\" aria-hidden=\"true\" class=\"wp-block-spacer\"><\/div>\n\n\n\n<h2 class=\"wp-block-heading\"><span class=\"ez-toc-section\" id=\"9_Dormitorio_juvenil_independiente\"><\/span>9. Dormitorio juvenil independiente<span class=\"ez-toc-section-end\"><\/span><\/h2>\n\n\n\n<p class=\"has-medium-font-size wp-block-paragraph\">Convertir el altillo en un dormitorio juvenil es <strong>una de las mejores formas de ofrecer privacidad e independencia a los <a href=\"https:\/\/mueblesdetena.es\/ru_ru\/composiciones-juveniles\/\">adolescentes<\/a><\/strong>. Esta zona elevada permite crear un refugio propio dentro del hogar, perfecto para descansar, estudiar o desconectar. Decorar con <strong>textiles suaves, materiales c\u00e1lidos y una iluminaci\u00f3n bien pensada<\/strong> es clave para lograrlo.<\/p>\n\n\n\n<p class=\"has-medium-font-size wp-block-paragraph\">Las <strong>camas compactas o tipo tatami<\/strong> son ideales para aprovechar cada cent\u00edmetro. Puedes completar la distribuci\u00f3n con <strong>escritorios abatibles<\/strong> que se integran en la pared y armarios bajos hechos a medida. As\u00ed, el altillo gana funcionalidad sin renunciar al orden ni al estilo. Todo queda a mano, pero sin recargar.<\/p>\n\n\n\n<p class=\"has-medium-font-size wp-block-paragraph\">Para acertar al decorar un dormitorio juvenil, <strong>el secreto est\u00e1 en escuchar sus gustos e incorporar elementos que reflejen su identidad<\/strong>. Los colores neutros combinados con detalles en tonos vivos aportan energ\u00eda sin saturar. <strong>A\u00f1adir estanter\u00edas, paneles magn\u00e9ticos o guirnaldas luminosas<\/strong> convertir\u00e1 el altillo en su rinc\u00f3n favorito.<\/p>\n\n\n\n<div style=\"height:25px\" aria-hidden=\"true\" class=\"wp-block-spacer\"><\/div>\n\n\n\n<h2 class=\"wp-block-heading\"><span class=\"ez-toc-section\" id=\"Errores_comunes_al_distribuir_un_altillo\"><\/span>Errores comunes al distribuir un altillo<span class=\"ez-toc-section-end\"><\/span><\/h2>\n\n\n\n<ul class=\"wp-block-list\">\n<li class=\"has-medium-font-size\">Uno de los errores m\u00e1s habituales al decorar un altillo es <strong>saturarlo con muebles de gran tama\u00f1o<\/strong> que desbordan el espacio disponible. Un altillo, por definici\u00f3n, es un \u00e1rea limitada en altura y anchura, por lo que es fundamental optar por piezas ligeras, modulares y con m\u00faltiples funciones, pensadas para espacios reducidos.<\/li>\n\n\n\n<li class=\"has-medium-font-size\">Otro fallo frecuente es <strong>no tener en cuenta el acceso<\/strong>. Escaleras mal ubicadas o inc\u00f3modas rompen la armon\u00eda del ambiente y restan funcionalidad. Antes de decorar cualquier altillo, conviene estudiar c\u00f3mo se va a entrar y salir de \u00e9l, valorando opciones como escaleras escamoteables, de caracol o incluso soluciones integradas en el mobiliario.<\/li>\n\n\n\n<li class=\"has-medium-font-size\">La <strong>altura m\u00ednima \u00fatil tambi\u00e9n se suele ignorar<\/strong>, lo que puede convertir el altillo en un rinc\u00f3n claustrof\u00f3bico. Para que decorar este tipo de espacios sea un \u00e9xito, es clave respetar una altura que permita moverse con soltura, especialmente si el altillo va a tener un uso diario como dormitorio o despacho.<\/li>\n\n\n\n<li class=\"has-medium-font-size\">Finalmente, una <strong>iluminaci\u00f3n deficiente<\/strong> puede arruinar por completo la atm\u00f3sfera. Al decorar un altillo, es imprescindible jugar con puntos de luz c\u00e1lida y focal, apliques en pared o tiras LED que acompa\u00f1en la arquitectura sin invadirla, creando as\u00ed un ambiente acogedor, luminoso y funcional incluso en los rincones m\u00e1s apartados.<\/li>\n<\/ul>","protected":false},"excerpt":{"rendered":"<p>Los altillos han dejado de ser simples soluciones de almacenaje para convertirse en espacios con alma. Esa superficie extra que muchas veces pasa desapercibida es, en realidad, una oportunidad para a\u00f1adir funcionalidad y belleza al hogar. Bien pensados, pueden transformarse en rincones llenos de vida y personalidad. Contar con un altillo bien distribuido y decorado [&hellip;]<\/p>\n","protected":false},"author":618,"featured_media":39086,"comment_status":"closed","ping_status":"open","sticky":false,"template":"","format":"standard","meta":{"site-sidebar-layout":"default","site-content-layout":"","ast-site-content-layout":"default","site-content-style":"default","site-sidebar-style":"default","ast-global-header-display":"","ast-banner-title-visibility":"","ast-main-header-display":"","ast-hfb-above-header-display":"","ast-hfb-below-header-display":"","ast-hfb-mobile-header-display":"","site-post-title":"","ast-breadcrumbs-content":"","ast-featured-img":"","footer-sml-layout":"","ast-disable-related-posts":"","theme-transparent-header-meta":"","adv-header-id-meta":"","stick-header-meta":"","header-above-stick-meta":"","header-main-stick-meta":"","header-below-stick-meta":"","astra-migrate-meta-layouts":"set","ast-page-background-enabled":"default","ast-page-background-meta":{"desktop":{"background-color":"var(--ast-global-color-4)","background-image":"","background-repeat":"repeat","background-position":"center center","background-size":"auto","background-attachment":"scroll","background-type":"","background-media":"","overlay-type":"","overlay-color":"","overlay-opacity":"","overlay-gradient":""},"tablet":{"background-color":"","background-image":"","background-repeat":"repeat","background-position":"center center","background-size":"auto","background-attachment":"scroll","background-type":"","background-media":"","overlay-type":"","overlay-color":"","overlay-opacity":"","overlay-gradient":""},"mobile":{"background-color":"","background-image":"","background-repeat":"repeat","background-position":"center center","background-size":"auto","background-attachment":"scroll","background-type":"","background-media":"","overlay-type":"","overlay-color":"","overlay-opacity":"","overlay-gradient":""}},"ast-content-background-meta":{"desktop":{"background-color":"var(--ast-global-color-5)","background-image":"","background-repeat":"repeat","background-position":"center center","background-size":"auto","background-attachment":"scroll","background-type":"","background-media":"","overlay-type":"","overlay-color":"","overlay-opacity":"","overlay-gradient":""},"tablet":{"background-color":"var(--ast-global-color-5)","background-image":"","background-repeat":"repeat","background-position":"center center","background-size":"auto","background-attachment":"scroll","background-type":"","background-media":"","overlay-type":"","overlay-color":"","overlay-opacity":"","overlay-gradient":""},"mobile":{"background-color":"var(--ast-global-color-5)","background-image":"","background-repeat":"repeat","background-position":"center center","background-size":"auto","background-attachment":"scroll","background-type":"","background-media":"","overlay-type":"","overlay-color":"","overlay-opacity":"","overlay-gradient":""}},"_joinchat":[],"footnotes":""},"categories":[1],"tags":[],"class_list":["post-39084","post","type-post","status-publish","format-standard","has-post-thumbnail","hentry","category-sin-categoria"],"_links":{"self":[{"href":"https:\/\/mueblesdetena.es\/ru_ru\/wp-json\/wp\/v2\/posts\/39084","targetHints":{"allow":["GET"]}}],"collection":[{"href":"https:\/\/mueblesdetena.es\/ru_ru\/wp-json\/wp\/v2\/posts"}],"about":[{"href":"https:\/\/mueblesdetena.es\/ru_ru\/wp-json\/wp\/v2\/types\/post"}],"author":[{"embeddable":true,"href":"https:\/\/mueblesdetena.es\/ru_ru\/wp-json\/wp\/v2\/users\/618"}],"replies":[{"embeddable":true,"href":"https:\/\/mueblesdetena.es\/ru_ru\/wp-json\/wp\/v2\/comments?post=39084"}],"version-history":[{"count":1,"href":"https:\/\/mueblesdetena.es\/ru_ru\/wp-json\/wp\/v2\/posts\/39084\/revisions"}],"predecessor-version":[{"id":39096,"href":"https:\/\/mueblesdetena.es\/ru_ru\/wp-json\/wp\/v2\/posts\/39084\/revisions\/39096"}],"wp:featuredmedia":[{"embeddable":true,"href":"https:\/\/mueblesdetena.es\/ru_ru\/wp-json\/wp\/v2\/media\/39086"}],"wp:attachment":[{"href":"https:\/\/mueblesdetena.es\/ru_ru\/wp-json\/wp\/v2\/media?parent=39084"}],"wp:term":[{"taxonomy":"category","embeddable":true,"href":"https:\/\/mueblesdetena.es\/ru_ru\/wp-json\/wp\/v2\/categories?post=39084"},{"taxonomy":"post_tag","embeddable":true,"href":"https:\/\/mueblesdetena.es\/ru_ru\/wp-json\/wp\/v2\/tags?post=39084"}],"curies":[{"name":"wp","href":"https:\/\/api.w.org\/{rel}","templated":true}]}}